{"id":998,"date":"2024-11-13T06:57:00","date_gmt":"2024-11-13T05:57:00","guid":{"rendered":"https:\/\/www.accidentdutravail-idf.net\/blog\/lalpe-dhuez-il-chute-dune-dizaine-de-metres-lors-dune-intervention-sur-une-telecabine\/"},"modified":"2024-11-13T06:57:00","modified_gmt":"2024-11-13T05:57:00","slug":"lalpe-dhuez-il-chute-dune-dizaine-de-metres-lors-dune-intervention-sur-une-telecabine","status":"publish","type":"post","link":"https:\/\/www.accidentdutravail-idf.net\/blog\/lalpe-dhuez-il-chute-dune-dizaine-de-metres-lors-dune-intervention-sur-une-telecabine\/","title":{"rendered":"L\u2019Alpe d\u2019Huez Il chute d\u2019une dizaine de m\u00e8tres lors d\u2019une intervention sur une t\u00e9l\u00e9cabine"},"content":{"rendered":"<div><img decoding=\"async\" src=\"https:\/\/www.accidentdutravail-idf.net\/blog\/wp-content\/uploads\/2024\/11\/lalpe-dhuez-il-chute-dune-dizaine-de-metres-lors-dune-intervention-sur-une-telecabine.jpg\" class=\"ff-og-image-inserted\"><\/div>\n<div>\n<p>Un jeune homme, employ\u00e9e d\u2019une entreprise sp\u00e9cialis\u00e9e dans l\u2019installation, l\u2019inspection et la maintenance de transports par c\u00e2bles, a \u00e9t\u00e9 victime d\u2019un grave accident du travail, mardi 12&nbsp;novembre, peu apr\u00e8s 8 heures, sur la station de l\u2019Alpe d\u2019Huez.<\/p>\n<\/div>\n<div id>\n<div class=\"consentModule_text\">\n<p>Ce contenu est bloqu\u00e9 car vous n&rsquo;avez pas accept\u00e9 les cookies et autres traceurs.<\/p>\n<p>En cliquant sur <span class=\"bold\">\u00ab J\u2019accepte \u00bb<\/span>, les cookies et autres traceurs seront d\u00e9pos\u00e9s et vous pourrez visualiser les contenus <span class=\"consentModule_purpose\"><\/span> (<a href=\"https:\/\/www.ledauphine.com\/faits-divers-justice\/2024\/11\/13\/isere-l-alpe-d-huez-il-chute-d-une-dizaine-de-metres-lors-d-une-intervention-sur-une-telecabine\" class=\"consentModule_policy\" target=\"_blank\" title=\"Consulter la politique de protection des donn\u00e9es du fournisseur\" rel=\"nofollow\">plus d&rsquo;informations<\/a>).<\/p>\n<p>En cliquant sur <span class=\"bold\">\u00ab J\u2019accepte tous les cookies \u00bb<\/span>, vous autorisez des d\u00e9p\u00f4ts de cookies et autres traceurs pour le stockage de vos donn\u00e9es sur nos sites et applications \u00e0 des fins de personnalisation et de ciblage publicitaire.<\/p>\n<p class=\"consentModule_secondaryText\">Vous gardez la possibilit\u00e9 de retirer votre consentement \u00e0 tout moment en consultant notre <a href=\"https:\/\/www.ledauphine.com\/protection-des-donnees\" target=\"_blank\" title=\"Consulter notre politique de protection des donn\u00e9es\" rel=\"nofollow\">politique de protection des donn\u00e9es<\/a>. <br \/><a href=\"Didomi.notice.show()\" class=\"consentModule_cmp\" target=\"_blank\" rel=\"nofollow\">G\u00e9rer mes choix<\/a> <\/p>\n<p> <button class=\"acceptConsent\" id title=\"J'accepte\">J&rsquo;accepte<\/button> <button class=\"acceptAllConsent\" id title=\"J'accepte tous les cookies\">J&rsquo;accepte tous les cookies<\/button> <\/p>\n<\/p><\/div>\n<\/div>\n<div>\n<p>Alors qu\u2019il intervenait sur une cabine du double monoc\u00e2ble (DMC), cet homme de 25 ans a fait une chute d\u2019une dizaine de m\u00e8tres, dans des circonstances que les gendarmes de la compagnie de La Mure s\u2019attachent \u00e0 d\u00e9terminer.<\/p>\n<p>Gravement bless\u00e9, il a \u00e9t\u00e9 secouru par les sapeurs-pompiers et une \u00e9quipe du Samu 38&nbsp;avant d\u2019\u00eatre transport\u00e9 au CHU Grenoble Alpes o\u00f9 il a \u00e9t\u00e9 admis au service de d\u00e9chocage.<\/p>\n<p>Une enqu\u00eate de l\u2019Inspection du travail a \u00e9t\u00e9 ouverte en parall\u00e8le de celle des gendarmes.<\/p>\n<\/div>\n<p>accidentdutravail-idf.net vous a pr\u00e9par\u00e9 ce post qui informe du sujet \u00ab\u00a0Association Sportive Huisson-Longueville Essonne\u00a0\u00bb. La chronique se veut g\u00e9n\u00e9r\u00e9e du mieux possible. Vous pouvez utiliser les coordonn\u00e9es indiqu\u00e9es sur le site dans le but d\u2019apporter des explications sur ce post qui parle du th\u00e8me \u00ab\u00a0Association Sportive Huisson-Longueville Essonne\u00a0\u00bb. Le site accidentdutravail-idf.net a pour but de fournir diverses publications sur la th\u00e9matique Association Sportive Huisson-Longueville Essonne diffus\u00e9es sur le net. Il y aura plusieurs articles autour du sujet \u00ab\u00a0Association Sportive Huisson-Longueville Essonne\u00a0\u00bb dans quelques jours, nous vous invitons \u00e0 naviguer sur notre site web \u00e0 plusieurs reprises.<\/p>\n","protected":false},"excerpt":{"rendered":"<p>Un jeune homme, employ\u00e9e d\u2019une entreprise sp\u00e9cialis\u00e9e dans l\u2019installation, l\u2019inspection et la maintenance de transports par c\u00e2bles, a \u00e9t\u00e9 victime d\u2019un grave accident du travail, mardi 12&nbsp;novembre, peu apr\u00e8s 8 heures, sur la station de l\u2019Alpe d\u2019Huez. Ce contenu est bloqu\u00e9 car vous n&rsquo;avez pas accept\u00e9 les cookies et autres traceurs. En cliquant sur \u00ab &hellip; <\/p>\n<p class=\"link-more\"><a href=\"https:\/\/www.accidentdutravail-idf.net\/blog\/lalpe-dhuez-il-chute-dune-dizaine-de-metres-lors-dune-intervention-sur-une-telecabine\/\" class=\"more-link\">Continuer la lecture <span class=\"screen-reader-text\"> \u00ab\u00a0L\u2019Alpe d\u2019Huez Il chute d\u2019une dizaine de m\u00e8tres lors d\u2019une intervention sur une t\u00e9l\u00e9cabine\u00a0\u00bb<\/span><\/a><\/p>\n","protected":false},"author":2,"featured_media":0,"comment_status":"closed","ping_status":"closed","sticky":false,"template":"","format":"standard","meta":{"footnotes":""},"categories":[5],"tags":[],"class_list":["post-998","post","type-post","status-publish","format-standard","hentry","category-securite-du-travail-en-ile-de-france-et-divers","entry"],"yoast_head":"<!-- This site is optimized with the Yoast SEO plugin v27.5 - https:\/\/yoast.com\/product\/yoast-seo-wordpress\/ -->\n<title>L\u2019Alpe d\u2019Huez Il chute d\u2019une dizaine de m\u00e8tres lors d\u2019une intervention sur une t\u00e9l\u00e9cabine - ACCIDENTDUTRAVAIL-IDF<\/title>\n<meta name=\"description\" content=\"L\u2019Alpe d\u2019Huez Il chute d\u2019une dizaine de m\u00e8tres lors d\u2019une intervention sur une t\u00e9l\u00e9cabine article de ACCIDENTDUTRAVAIL-IDF\" \/>\n<meta name=\"robots\" content=\"index, follow, max-snippet:-1, max-image-preview:large, max-video-preview:-1\" \/>\n<link rel=\"canonical\" href=\"https:\/\/www.accidentdutravail-idf.net\/blog\/lalpe-dhuez-il-chute-dune-dizaine-de-metres-lors-dune-intervention-sur-une-telecabine\/\" \/>\n<meta property=\"og:locale\" content=\"fr_FR\" \/>\n<meta property=\"og:type\" content=\"article\" \/>\n<meta property=\"og:title\" content=\"L\u2019Alpe d\u2019Huez Il chute d\u2019une dizaine de m\u00e8tres lors d\u2019une intervention sur une t\u00e9l\u00e9cabine - ACCIDENTDUTRAVAIL-IDF\" \/>\n<meta property=\"og:description\" content=\"L\u2019Alpe d\u2019Huez Il chute d\u2019une dizaine de m\u00e8tres lors d\u2019une intervention sur une t\u00e9l\u00e9cabine article de ACCIDENTDUTRAVAIL-IDF\" \/>\n<meta property=\"og:url\" content=\"https:\/\/www.accidentdutravail-idf.net\/blog\/lalpe-dhuez-il-chute-dune-dizaine-de-metres-lors-dune-intervention-sur-une-telecabine\/\" \/>\n<meta property=\"og:site_name\" content=\"ACCIDENTDUTRAVAIL-IDF\" \/>\n<meta property=\"article:published_time\" content=\"2024-11-13T05:57:00+00:00\" \/>\n<meta property=\"og:image\" content=\"https:\/\/www.accidentdutravail-idf.net\/blog\/wp-content\/uploads\/2024\/11\/lalpe-dhuez-il-chute-dune-dizaine-de-metres-lors-dune-intervention-sur-une-telecabine.jpg\" \/>\n<meta name=\"author\" content=\"Carlos Poulain\" \/>\n<meta name=\"twitter:card\" content=\"summary_large_image\" \/>\n<meta name=\"twitter:label1\" content=\"\u00c9crit par\" \/>\n\t<meta name=\"twitter:data1\" content=\"Carlos Poulain\" \/>\n\t<meta name=\"twitter:label2\" content=\"Dur\u00e9e de lecture estim\u00e9e\" \/>\n\t<meta name=\"twitter:data2\" content=\"2 minutes\" \/>\n<script type=\"application\/ld+json\" class=\"yoast-schema-graph\">{\"@context\":\"https:\\\/\\\/schema.org\",\"@graph\":[{\"@type\":\"Article\",\"@id\":\"https:\\\/\\\/www.accidentdutravail-idf.net\\\/blog\\\/lalpe-dhuez-il-chute-dune-dizaine-de-metres-lors-dune-intervention-sur-une-telecabine\\\/#article\",\"isPartOf\":{\"@id\":\"https:\\\/\\\/www.accidentdutravail-idf.net\\\/blog\\\/lalpe-dhuez-il-chute-dune-dizaine-de-metres-lors-dune-intervention-sur-une-telecabine\\\/\"},\"author\":{\"name\":\"Carlos Poulain\",\"@id\":\"https:\\\/\\\/www.accidentdutravail-idf.net\\\/blog\\\/#\\\/schema\\\/person\\\/3255d2f970de45e64bd9201f38e7b947\"},\"headline\":\"L\u2019Alpe d\u2019Huez Il chute d\u2019une dizaine de m\u00e8tres lors d\u2019une intervention sur une t\u00e9l\u00e9cabine\",\"datePublished\":\"2024-11-13T05:57:00+00:00\",\"mainEntityOfPage\":{\"@id\":\"https:\\\/\\\/www.accidentdutravail-idf.net\\\/blog\\\/lalpe-dhuez-il-chute-dune-dizaine-de-metres-lors-dune-intervention-sur-une-telecabine\\\/\"},\"wordCount\":371,\"publisher\":{\"@id\":\"https:\\\/\\\/www.accidentdutravail-idf.net\\\/blog\\\/#organization\"},\"image\":{\"@id\":\"https:\\\/\\\/www.accidentdutravail-idf.net\\\/blog\\\/lalpe-dhuez-il-chute-dune-dizaine-de-metres-lors-dune-intervention-sur-une-telecabine\\\/#primaryimage\"},\"thumbnailUrl\":\"https:\\\/\\\/www.accidentdutravail-idf.net\\\/blog\\\/wp-content\\\/uploads\\\/2024\\\/11\\\/lalpe-dhuez-il-chute-dune-dizaine-de-metres-lors-dune-intervention-sur-une-telecabine.jpg\",\"articleSection\":[\"S\u00e9curit\u00e9 Du Travail En Ile-De-France Et Divers:\"],\"inLanguage\":\"fr-FR\"},{\"@type\":\"WebPage\",\"@id\":\"https:\\\/\\\/www.accidentdutravail-idf.net\\\/blog\\\/lalpe-dhuez-il-chute-dune-dizaine-de-metres-lors-dune-intervention-sur-une-telecabine\\\/\",\"url\":\"https:\\\/\\\/www.accidentdutravail-idf.net\\\/blog\\\/lalpe-dhuez-il-chute-dune-dizaine-de-metres-lors-dune-intervention-sur-une-telecabine\\\/\",\"name\":\"L\u2019Alpe d\u2019Huez Il chute d\u2019une dizaine de m\u00e8tres lors d\u2019une intervention sur une t\u00e9l\u00e9cabine - ACCIDENTDUTRAVAIL-IDF\",\"isPartOf\":{\"@id\":\"https:\\\/\\\/www.accidentdutravail-idf.net\\\/blog\\\/#website\"},\"primaryImageOfPage\":{\"@id\":\"https:\\\/\\\/www.accidentdutravail-idf.net\\\/blog\\\/lalpe-dhuez-il-chute-dune-dizaine-de-metres-lors-dune-intervention-sur-une-telecabine\\\/#primaryimage\"},\"image\":{\"@id\":\"https:\\\/\\\/www.accidentdutravail-idf.net\\\/blog\\\/lalpe-dhuez-il-chute-dune-dizaine-de-metres-lors-dune-intervention-sur-une-telecabine\\\/#primaryimage\"},\"thumbnailUrl\":\"https:\\\/\\\/www.accidentdutravail-idf.net\\\/blog\\\/wp-content\\\/uploads\\\/2024\\\/11\\\/lalpe-dhuez-il-chute-dune-dizaine-de-metres-lors-dune-intervention-sur-une-telecabine.jpg\",\"datePublished\":\"2024-11-13T05:57:00+00:00\",\"description\":\"L\u2019Alpe d\u2019Huez Il chute d\u2019une dizaine de m\u00e8tres lors d\u2019une intervention sur une t\u00e9l\u00e9cabine article de ACCIDENTDUTRAVAIL-IDF\",\"breadcrumb\":{\"@id\":\"https:\\\/\\\/www.accidentdutravail-idf.net\\\/blog\\\/lalpe-dhuez-il-chute-dune-dizaine-de-metres-lors-dune-intervention-sur-une-telecabine\\\/#breadcrumb\"},\"inLanguage\":\"fr-FR\",\"potentialAction\":[{\"@type\":\"ReadAction\",\"target\":[\"https:\\\/\\\/www.accidentdutravail-idf.net\\\/blog\\\/lalpe-dhuez-il-chute-dune-dizaine-de-metres-lors-dune-intervention-sur-une-telecabine\\\/\"]}]},{\"@type\":\"ImageObject\",\"inLanguage\":\"fr-FR\",\"@id\":\"https:\\\/\\\/www.accidentdutravail-idf.net\\\/blog\\\/lalpe-dhuez-il-chute-dune-dizaine-de-metres-lors-dune-intervention-sur-une-telecabine\\\/#primaryimage\",\"url\":\"https:\\\/\\\/www.accidentdutravail-idf.net\\\/blog\\\/wp-content\\\/uploads\\\/2024\\\/11\\\/lalpe-dhuez-il-chute-dune-dizaine-de-metres-lors-dune-intervention-sur-une-telecabine.jpg\",\"contentUrl\":\"https:\\\/\\\/www.accidentdutravail-idf.net\\\/blog\\\/wp-content\\\/uploads\\\/2024\\\/11\\\/lalpe-dhuez-il-chute-dune-dizaine-de-metres-lors-dune-intervention-sur-une-telecabine.jpg\"},{\"@type\":\"BreadcrumbList\",\"@id\":\"https:\\\/\\\/www.accidentdutravail-idf.net\\\/blog\\\/lalpe-dhuez-il-chute-dune-dizaine-de-metres-lors-dune-intervention-sur-une-telecabine\\\/#breadcrumb\",\"itemListElement\":[{\"@type\":\"ListItem\",\"position\":1,\"name\":\"Accueil\",\"item\":\"https:\\\/\\\/www.accidentdutravail-idf.net\\\/blog\\\/\"},{\"@type\":\"ListItem\",\"position\":2,\"name\":\"L\u2019Alpe d\u2019Huez Il chute d\u2019une dizaine de m\u00e8tres lors d\u2019une intervention sur une t\u00e9l\u00e9cabine\"}]},{\"@type\":\"WebSite\",\"@id\":\"https:\\\/\\\/www.accidentdutravail-idf.net\\\/blog\\\/#website\",\"url\":\"https:\\\/\\\/www.accidentdutravail-idf.net\\\/blog\\\/\",\"name\":\"ACCIDENTDUTRAVAIL-IDF\",\"description\":\"Portail accidents du travail-maladies professionnelles des entreprises d&#039;Ile-de-France\",\"publisher\":{\"@id\":\"https:\\\/\\\/www.accidentdutravail-idf.net\\\/blog\\\/#organization\"},\"potentialAction\":[{\"@type\":\"SearchAction\",\"target\":{\"@type\":\"EntryPoint\",\"urlTemplate\":\"https:\\\/\\\/www.accidentdutravail-idf.net\\\/blog\\\/?s={search_term_string}\"},\"query-input\":{\"@type\":\"PropertyValueSpecification\",\"valueRequired\":true,\"valueName\":\"search_term_string\"}}],\"inLanguage\":\"fr-FR\"},{\"@type\":\"Organization\",\"@id\":\"https:\\\/\\\/www.accidentdutravail-idf.net\\\/blog\\\/#organization\",\"name\":\"accidentdutravail-idf\",\"url\":\"https:\\\/\\\/www.accidentdutravail-idf.net\\\/blog\\\/\",\"logo\":{\"@type\":\"ImageObject\",\"inLanguage\":\"fr-FR\",\"@id\":\"https:\\\/\\\/www.accidentdutravail-idf.net\\\/blog\\\/#\\\/schema\\\/logo\\\/image\\\/\",\"url\":\"https:\\\/\\\/www.accidentdutravail-idf.net\\\/blog\\\/wp-content\\\/uploads\\\/2022\\\/09\\\/logo-2.png\",\"contentUrl\":\"https:\\\/\\\/www.accidentdutravail-idf.net\\\/blog\\\/wp-content\\\/uploads\\\/2022\\\/09\\\/logo-2.png\",\"width\":380,\"height\":291,\"caption\":\"accidentdutravail-idf\"},\"image\":{\"@id\":\"https:\\\/\\\/www.accidentdutravail-idf.net\\\/blog\\\/#\\\/schema\\\/logo\\\/image\\\/\"}},{\"@type\":\"Person\",\"@id\":\"https:\\\/\\\/www.accidentdutravail-idf.net\\\/blog\\\/#\\\/schema\\\/person\\\/3255d2f970de45e64bd9201f38e7b947\",\"name\":\"Carlos Poulain\",\"image\":{\"@type\":\"ImageObject\",\"inLanguage\":\"fr-FR\",\"@id\":\"https:\\\/\\\/secure.gravatar.com\\\/avatar\\\/b1c2f9d3588e34e91adb093635df64ef4b2381991216be7576466cfcdca4baf3?s=96&d=mm&r=g\",\"url\":\"https:\\\/\\\/secure.gravatar.com\\\/avatar\\\/b1c2f9d3588e34e91adb093635df64ef4b2381991216be7576466cfcdca4baf3?s=96&d=mm&r=g\",\"contentUrl\":\"https:\\\/\\\/secure.gravatar.com\\\/avatar\\\/b1c2f9d3588e34e91adb093635df64ef4b2381991216be7576466cfcdca4baf3?s=96&d=mm&r=g\",\"caption\":\"Carlos Poulain\"},\"url\":\"https:\\\/\\\/www.accidentdutravail-idf.net\\\/blog\\\/author\\\/idfcarlos\\\/\"}]}<\/script>\n<!-- \/ Yoast SEO plugin. -->","yoast_head_json":{"title":"L\u2019Alpe d\u2019Huez Il chute d\u2019une dizaine de m\u00e8tres lors d\u2019une intervention sur une t\u00e9l\u00e9cabine - ACCIDENTDUTRAVAIL-IDF","description":"L\u2019Alpe d\u2019Huez Il chute d\u2019une dizaine de m\u00e8tres lors d\u2019une intervention sur une t\u00e9l\u00e9cabine article de ACCIDENTDUTRAVAIL-IDF","robots":{"index":"index","follow":"follow","max-snippet":"max-snippet:-1","max-image-preview":"max-image-preview:large","max-video-preview":"max-video-preview:-1"},"canonical":"https:\/\/www.accidentdutravail-idf.net\/blog\/lalpe-dhuez-il-chute-dune-dizaine-de-metres-lors-dune-intervention-sur-une-telecabine\/","og_locale":"fr_FR","og_type":"article","og_title":"L\u2019Alpe d\u2019Huez Il chute d\u2019une dizaine de m\u00e8tres lors d\u2019une intervention sur une t\u00e9l\u00e9cabine - ACCIDENTDUTRAVAIL-IDF","og_description":"L\u2019Alpe d\u2019Huez Il chute d\u2019une dizaine de m\u00e8tres lors d\u2019une intervention sur une t\u00e9l\u00e9cabine article de ACCIDENTDUTRAVAIL-IDF","og_url":"https:\/\/www.accidentdutravail-idf.net\/blog\/lalpe-dhuez-il-chute-dune-dizaine-de-metres-lors-dune-intervention-sur-une-telecabine\/","og_site_name":"ACCIDENTDUTRAVAIL-IDF","article_published_time":"2024-11-13T05:57:00+00:00","og_image":[{"url":"https:\/\/www.accidentdutravail-idf.net\/blog\/wp-content\/uploads\/2024\/11\/lalpe-dhuez-il-chute-dune-dizaine-de-metres-lors-dune-intervention-sur-une-telecabine.jpg","type":"","width":"","height":""}],"author":"Carlos Poulain","twitter_card":"summary_large_image","twitter_misc":{"\u00c9crit par":"Carlos Poulain","Dur\u00e9e de lecture estim\u00e9e":"2 minutes"},"schema":{"@context":"https:\/\/schema.org","@graph":[{"@type":"Article","@id":"https:\/\/www.accidentdutravail-idf.net\/blog\/lalpe-dhuez-il-chute-dune-dizaine-de-metres-lors-dune-intervention-sur-une-telecabine\/#article","isPartOf":{"@id":"https:\/\/www.accidentdutravail-idf.net\/blog\/lalpe-dhuez-il-chute-dune-dizaine-de-metres-lors-dune-intervention-sur-une-telecabine\/"},"author":{"name":"Carlos Poulain","@id":"https:\/\/www.accidentdutravail-idf.net\/blog\/#\/schema\/person\/3255d2f970de45e64bd9201f38e7b947"},"headline":"L\u2019Alpe d\u2019Huez Il chute d\u2019une dizaine de m\u00e8tres lors d\u2019une intervention sur une t\u00e9l\u00e9cabine","datePublished":"2024-11-13T05:57:00+00:00","mainEntityOfPage":{"@id":"https:\/\/www.accidentdutravail-idf.net\/blog\/lalpe-dhuez-il-chute-dune-dizaine-de-metres-lors-dune-intervention-sur-une-telecabine\/"},"wordCount":371,"publisher":{"@id":"https:\/\/www.accidentdutravail-idf.net\/blog\/#organization"},"image":{"@id":"https:\/\/www.accidentdutravail-idf.net\/blog\/lalpe-dhuez-il-chute-dune-dizaine-de-metres-lors-dune-intervention-sur-une-telecabine\/#primaryimage"},"thumbnailUrl":"https:\/\/www.accidentdutravail-idf.net\/blog\/wp-content\/uploads\/2024\/11\/lalpe-dhuez-il-chute-dune-dizaine-de-metres-lors-dune-intervention-sur-une-telecabine.jpg","articleSection":["S\u00e9curit\u00e9 Du Travail En Ile-De-France Et Divers:"],"inLanguage":"fr-FR"},{"@type":"WebPage","@id":"https:\/\/www.accidentdutravail-idf.net\/blog\/lalpe-dhuez-il-chute-dune-dizaine-de-metres-lors-dune-intervention-sur-une-telecabine\/","url":"https:\/\/www.accidentdutravail-idf.net\/blog\/lalpe-dhuez-il-chute-dune-dizaine-de-metres-lors-dune-intervention-sur-une-telecabine\/","name":"L\u2019Alpe d\u2019Huez Il chute d\u2019une dizaine de m\u00e8tres lors d\u2019une intervention sur une t\u00e9l\u00e9cabine - ACCIDENTDUTRAVAIL-IDF","isPartOf":{"@id":"https:\/\/www.accidentdutravail-idf.net\/blog\/#website"},"primaryImageOfPage":{"@id":"https:\/\/www.accidentdutravail-idf.net\/blog\/lalpe-dhuez-il-chute-dune-dizaine-de-metres-lors-dune-intervention-sur-une-telecabine\/#primaryimage"},"image":{"@id":"https:\/\/www.accidentdutravail-idf.net\/blog\/lalpe-dhuez-il-chute-dune-dizaine-de-metres-lors-dune-intervention-sur-une-telecabine\/#primaryimage"},"thumbnailUrl":"https:\/\/www.accidentdutravail-idf.net\/blog\/wp-content\/uploads\/2024\/11\/lalpe-dhuez-il-chute-dune-dizaine-de-metres-lors-dune-intervention-sur-une-telecabine.jpg","datePublished":"2024-11-13T05:57:00+00:00","description":"L\u2019Alpe d\u2019Huez Il chute d\u2019une dizaine de m\u00e8tres lors d\u2019une intervention sur une t\u00e9l\u00e9cabine article de ACCIDENTDUTRAVAIL-IDF","breadcrumb":{"@id":"https:\/\/www.accidentdutravail-idf.net\/blog\/lalpe-dhuez-il-chute-dune-dizaine-de-metres-lors-dune-intervention-sur-une-telecabine\/#breadcrumb"},"inLanguage":"fr-FR","potentialAction":[{"@type":"ReadAction","target":["https:\/\/www.accidentdutravail-idf.net\/blog\/lalpe-dhuez-il-chute-dune-dizaine-de-metres-lors-dune-intervention-sur-une-telecabine\/"]}]},{"@type":"ImageObject","inLanguage":"fr-FR","@id":"https:\/\/www.accidentdutravail-idf.net\/blog\/lalpe-dhuez-il-chute-dune-dizaine-de-metres-lors-dune-intervention-sur-une-telecabine\/#primaryimage","url":"https:\/\/www.accidentdutravail-idf.net\/blog\/wp-content\/uploads\/2024\/11\/lalpe-dhuez-il-chute-dune-dizaine-de-metres-lors-dune-intervention-sur-une-telecabine.jpg","contentUrl":"https:\/\/www.accidentdutravail-idf.net\/blog\/wp-content\/uploads\/2024\/11\/lalpe-dhuez-il-chute-dune-dizaine-de-metres-lors-dune-intervention-sur-une-telecabine.jpg"},{"@type":"BreadcrumbList","@id":"https:\/\/www.accidentdutravail-idf.net\/blog\/lalpe-dhuez-il-chute-dune-dizaine-de-metres-lors-dune-intervention-sur-une-telecabine\/#breadcrumb","itemListElement":[{"@type":"ListItem","position":1,"name":"Accueil","item":"https:\/\/www.accidentdutravail-idf.net\/blog\/"},{"@type":"ListItem","position":2,"name":"L\u2019Alpe d\u2019Huez Il chute d\u2019une dizaine de m\u00e8tres lors d\u2019une intervention sur une t\u00e9l\u00e9cabine"}]},{"@type":"WebSite","@id":"https:\/\/www.accidentdutravail-idf.net\/blog\/#website","url":"https:\/\/www.accidentdutravail-idf.net\/blog\/","name":"ACCIDENTDUTRAVAIL-IDF","description":"Portail accidents du travail-maladies professionnelles des entreprises d&#039;Ile-de-France","publisher":{"@id":"https:\/\/www.accidentdutravail-idf.net\/blog\/#organization"},"potentialAction":[{"@type":"SearchAction","target":{"@type":"EntryPoint","urlTemplate":"https:\/\/www.accidentdutravail-idf.net\/blog\/?s={search_term_string}"},"query-input":{"@type":"PropertyValueSpecification","valueRequired":true,"valueName":"search_term_string"}}],"inLanguage":"fr-FR"},{"@type":"Organization","@id":"https:\/\/www.accidentdutravail-idf.net\/blog\/#organization","name":"accidentdutravail-idf","url":"https:\/\/www.accidentdutravail-idf.net\/blog\/","logo":{"@type":"ImageObject","inLanguage":"fr-FR","@id":"https:\/\/www.accidentdutravail-idf.net\/blog\/#\/schema\/logo\/image\/","url":"https:\/\/www.accidentdutravail-idf.net\/blog\/wp-content\/uploads\/2022\/09\/logo-2.png","contentUrl":"https:\/\/www.accidentdutravail-idf.net\/blog\/wp-content\/uploads\/2022\/09\/logo-2.png","width":380,"height":291,"caption":"accidentdutravail-idf"},"image":{"@id":"https:\/\/www.accidentdutravail-idf.net\/blog\/#\/schema\/logo\/image\/"}},{"@type":"Person","@id":"https:\/\/www.accidentdutravail-idf.net\/blog\/#\/schema\/person\/3255d2f970de45e64bd9201f38e7b947","name":"Carlos Poulain","image":{"@type":"ImageObject","inLanguage":"fr-FR","@id":"https:\/\/secure.gravatar.com\/avatar\/b1c2f9d3588e34e91adb093635df64ef4b2381991216be7576466cfcdca4baf3?s=96&d=mm&r=g","url":"https:\/\/secure.gravatar.com\/avatar\/b1c2f9d3588e34e91adb093635df64ef4b2381991216be7576466cfcdca4baf3?s=96&d=mm&r=g","contentUrl":"https:\/\/secure.gravatar.com\/avatar\/b1c2f9d3588e34e91adb093635df64ef4b2381991216be7576466cfcdca4baf3?s=96&d=mm&r=g","caption":"Carlos Poulain"},"url":"https:\/\/www.accidentdutravail-idf.net\/blog\/author\/idfcarlos\/"}]}},"_links":{"self":[{"href":"https:\/\/www.accidentdutravail-idf.net\/blog\/wp-json\/wp\/v2\/posts\/998","targetHints":{"allow":["GET"]}}],"collection":[{"href":"https:\/\/www.accidentdutravail-idf.net\/blog\/wp-json\/wp\/v2\/posts"}],"about":[{"href":"https:\/\/www.accidentdutravail-idf.net\/blog\/wp-json\/wp\/v2\/types\/post"}],"author":[{"embeddable":true,"href":"https:\/\/www.accidentdutravail-idf.net\/blog\/wp-json\/wp\/v2\/users\/2"}],"replies":[{"embeddable":true,"href":"https:\/\/www.accidentdutravail-idf.net\/blog\/wp-json\/wp\/v2\/comments?post=998"}],"version-history":[{"count":0,"href":"https:\/\/www.accidentdutravail-idf.net\/blog\/wp-json\/wp\/v2\/posts\/998\/revisions"}],"wp:attachment":[{"href":"https:\/\/www.accidentdutravail-idf.net\/blog\/wp-json\/wp\/v2\/media?parent=998"}],"wp:term":[{"taxonomy":"category","embeddable":true,"href":"https:\/\/www.accidentdutravail-idf.net\/blog\/wp-json\/wp\/v2\/categories?post=998"},{"taxonomy":"post_tag","embeddable":true,"href":"https:\/\/www.accidentdutravail-idf.net\/blog\/wp-json\/wp\/v2\/tags?post=998"}],"curies":[{"name":"wp","href":"https:\/\/api.w.org\/{rel}","templated":true}]}}