{"id":997,"date":"2024-11-12T17:00:00","date_gmt":"2024-11-12T16:00:00","guid":{"rendered":"https:\/\/www.accidentdutravail-idf.net\/blog\/front-commun-contre-les-accidents-graves-ou-mortels\/"},"modified":"2024-11-12T17:00:00","modified_gmt":"2024-11-12T16:00:00","slug":"front-commun-contre-les-accidents-graves-ou-mortels","status":"publish","type":"post","link":"https:\/\/www.accidentdutravail-idf.net\/blog\/front-commun-contre-les-accidents-graves-ou-mortels\/","title":{"rendered":"Front commun contre les accidents graves ou mortels"},"content":{"rendered":"<div><img decoding=\"async\" src=\"https:\/\/www.accidentdutravail-idf.net\/blog\/wp-content\/uploads\/2024\/11\/front-commun-contre-les-accidents-graves-ou-mortels.jpg\" class=\"ff-og-image-inserted\"><\/div>\n<aside class=\"pageArticle__aside pageArticle__aside--float\">\n<h2>Chiffres-cl\u00e9s<\/h2>\n<ul>\n<li>Selon l\u2019assurance-maladie, les sinistres ayant entra\u00een\u00e9 de graves s\u00e9quelles ou la mort repr\u00e9sentent 1,9 % des sinistres imput\u00e9s au travail et 44,8 % de leur co\u00fbt (source : \u00ab Rapport annuel 2022 de l\u2019assurance-maladie \u00bb).<\/li>\n<li>Un accident du travail doit \u00eatre analys\u00e9 pour en comprendre les&nbsp;causes et am\u00e9liorer la&nbsp;pr\u00e9vention des&nbsp;risques professionnels, selon l\u2019Institut national recherche et s\u00e9curit\u00e9 (INRS), qui pr\u00e9sente <a href=\"http:\/\/tinyurl.com\/mseky6hx\" target=\"_blank\" rel=\"nofollow\">la&nbsp;d\u00e9marche et les outils<\/a>.<\/li>\n<\/ul>\n<\/aside>\n<p>C\u2019\u00e9tait une nuit d\u2019hiver, dans le \u00adMorbihan. Il gelait \u00e0 pierre fendre. A&nbsp;23\u202fheures, trois pompiers sont partis secourir des accident\u00e9s de la route. Quelques minutes apr\u00e8s, ils ont chang\u00e9 de direction. Erreur d\u2019adresse. Ils ont acc\u00e9l\u00e9r\u00e9 pour rattraper leur retard. Soudain, leur \u00adv\u00e9hicule a fait une embard\u00e9e sur la chauss\u00e9e verglac\u00e9e. \u00ab Deux coll\u00e8gues ont \u00e9t\u00e9 \u00e9ject\u00e9s, le troisi\u00e8me a \u00e9t\u00e9 \u00e9cras\u00e9 par la cabine \u00bb, raconte \u00adPierrick \u00adJanvier, secr\u00e9taire f\u00e9d\u00e9ral du syndicat FO territoriaux. C\u2019\u00e9tait en 2009, mais il s\u2019en souvient comme si c\u2019\u00e9tait hier. Elu au comit\u00e9 \u00add\u2019hygi\u00e8ne, de s\u00e9curit\u00e9 et des \u00adconditions de travail (CHSCT) du service d\u00e9partemental d\u2019incendie et de secours (Sdis), il a perdu un coll\u00e8gue tr\u00e8s proche, secr\u00e9taire de son syndicat.<\/p>\n<h2>Des enqu\u00eates et des pr\u00e9conisations<\/h2>\n<p>Dans la territoriale, on ignore combien d\u2019accidents du travail dits \u00ab graves \u00bb, c\u2019est-\u00e0-dire entra\u00eenant une incapacit\u00e9 permanente de l\u2019agent ou son d\u00e9c\u00e8s, surviennent, qui en est victime et comment ils se sont produits. Ils ne sont pas comptabilis\u00e9s dans le cadre de la collecte de donn\u00e9es, de toute fa\u00e7on partielle, effectu\u00e9e par la Caisse nationale de retraites des agents des \u00adcollectivit\u00e9s locales.<\/p>\n<p>On ne peut que se r\u00e9f\u00e9rer aux statistiques de l\u2019assurance-maladie, qui recense 693&nbsp;accidents du travail mortels en&nbsp;2022. Ils sont li\u00e9s aux risques routiers, aux chutes de hauteur, \u00e0 l\u2019utilisation de certaines machines et, dans une moindre mesure, aux manutentions manuelles, aux risques \u00e9lectriques et aux fortes chaleurs. Les victimes sont en majorit\u00e9 des jeunes, de nouvelles recrues, des int\u00e9rimaires ou des &#8230;<\/p>\n<div class=\"blocCut pageGU\">\n<p class=\"blocCut__title\"> [80% reste \u00e0 lire] <\/p>\n<div class=\"articleResa\">\n<p class=\"blocCut__title--type2\">Article r\u00e9serv\u00e9 aux abonn\u00e9s<\/p>\n<p class=\"blocCut__title--type3\">Gazette des Communes<\/p>\n<\/p><\/div>\n<div class=\"notYet\">\n<p class=\"blocCut__title--type2\">VOUS N&rsquo;\u00eaTES PAS ABONN\u00e9 ?<\/p>\n<p class=\"blocCut__title--type4\">D\u00e9couvrez nos formules et acc\u00e9dez aux articles en illimit\u00e9<\/p>\n<p> <a href=\"https:\/\/www.abonnement.infopro-digital.com\/la-gazette-des-communes\/formule\/1111\/CTA-P\" target=\"_blank\" class=\"btn__full buttonTypeA buttonTypeA--1\" rel=\"nofollow\">Je m\u2019abonne<\/a> <\/div>\n<\/p><\/div>\n<div class=\"blocTag blocTag--margin40-0\">\n<p class=\"blocTag__title\">Th\u00e8mes abord\u00e9s<\/p>\n<\/p><\/div>\n<p> accidentdutravail-idf.net vous a pr\u00e9par\u00e9 ce post qui informe du sujet \u00ab\u00a0Association Sportive Huisson-Longueville Essonne\u00a0\u00bb. La chronique se veut g\u00e9n\u00e9r\u00e9e du mieux possible. Vous pouvez utiliser les coordonn\u00e9es indiqu\u00e9es sur le site dans le but d\u2019apporter des explications sur ce post qui parle du th\u00e8me \u00ab\u00a0Association Sportive Huisson-Longueville Essonne\u00a0\u00bb. Le site accidentdutravail-idf.net a pour but de fournir diverses publications sur la th\u00e9matique Association Sportive Huisson-Longueville Essonne diffus\u00e9es sur le net. Il y aura plusieurs articles autour du sujet \u00ab\u00a0Association Sportive Huisson-Longueville Essonne\u00a0\u00bb dans quelques jours, nous vous invitons \u00e0 naviguer sur notre site web \u00e0 plusieurs reprises.<\/p>\n","protected":false},"excerpt":{"rendered":"<p>Chiffres-cl\u00e9s Selon l\u2019assurance-maladie, les sinistres ayant entra\u00een\u00e9 de graves s\u00e9quelles ou la mort repr\u00e9sentent 1,9 % des sinistres imput\u00e9s au travail et 44,8 % de leur co\u00fbt (source : \u00ab Rapport annuel 2022 de l\u2019assurance-maladie \u00bb). Un accident du travail doit \u00eatre analys\u00e9 pour en comprendre les&nbsp;causes et am\u00e9liorer la&nbsp;pr\u00e9vention des&nbsp;risques professionnels, selon l\u2019Institut national &hellip; <\/p>\n<p class=\"link-more\"><a href=\"https:\/\/www.accidentdutravail-idf.net\/blog\/front-commun-contre-les-accidents-graves-ou-mortels\/\" class=\"more-link\">Continuer la lecture <span class=\"screen-reader-text\"> \u00ab\u00a0Front commun contre les accidents graves ou mortels\u00a0\u00bb<\/span><\/a><\/p>\n","protected":false},"author":2,"featured_media":0,"comment_status":"closed","ping_status":"closed","sticky":false,"template":"","format":"standard","meta":{"footnotes":""},"categories":[5],"tags":[],"class_list":["post-997","post","type-post","status-publish","format-standard","hentry","category-securite-du-travail-en-ile-de-france-et-divers","entry"],"yoast_head":"<!-- This site is optimized with the Yoast SEO plugin v27.5 - https:\/\/yoast.com\/product\/yoast-seo-wordpress\/ -->\n<title>Front commun contre les accidents graves ou mortels - ACCIDENTDUTRAVAIL-IDF<\/title>\n<meta name=\"description\" content=\"Front commun contre les accidents graves ou mortels article de ACCIDENTDUTRAVAIL-IDF\" \/>\n<meta name=\"robots\" content=\"index, follow, max-snippet:-1, max-image-preview:large, max-video-preview:-1\" \/>\n<link rel=\"canonical\" href=\"https:\/\/www.accidentdutravail-idf.net\/blog\/front-commun-contre-les-accidents-graves-ou-mortels\/\" \/>\n<meta property=\"og:locale\" content=\"fr_FR\" \/>\n<meta property=\"og:type\" content=\"article\" \/>\n<meta property=\"og:title\" content=\"Front commun contre les accidents graves ou mortels - ACCIDENTDUTRAVAIL-IDF\" \/>\n<meta property=\"og:description\" content=\"Front commun contre les accidents graves ou mortels article de ACCIDENTDUTRAVAIL-IDF\" \/>\n<meta property=\"og:url\" content=\"https:\/\/www.accidentdutravail-idf.net\/blog\/front-commun-contre-les-accidents-graves-ou-mortels\/\" \/>\n<meta property=\"og:site_name\" content=\"ACCIDENTDUTRAVAIL-IDF\" \/>\n<meta property=\"article:published_time\" content=\"2024-11-12T16:00:00+00:00\" \/>\n<meta property=\"og:image\" content=\"https:\/\/www.accidentdutravail-idf.net\/blog\/wp-content\/uploads\/2024\/11\/front-commun-contre-les-accidents-graves-ou-mortels.jpg\" \/>\n<meta name=\"author\" content=\"Carlos Poulain\" \/>\n<meta name=\"twitter:card\" content=\"summary_large_image\" \/>\n<meta name=\"twitter:label1\" content=\"\u00c9crit par\" \/>\n\t<meta name=\"twitter:data1\" content=\"Carlos Poulain\" \/>\n\t<meta name=\"twitter:label2\" content=\"Dur\u00e9e de lecture estim\u00e9e\" \/>\n\t<meta name=\"twitter:data2\" content=\"3 minutes\" \/>\n<script type=\"application\/ld+json\" class=\"yoast-schema-graph\">{\"@context\":\"https:\\\/\\\/schema.org\",\"@graph\":[{\"@type\":\"Article\",\"@id\":\"https:\\\/\\\/www.accidentdutravail-idf.net\\\/blog\\\/front-commun-contre-les-accidents-graves-ou-mortels\\\/#article\",\"isPartOf\":{\"@id\":\"https:\\\/\\\/www.accidentdutravail-idf.net\\\/blog\\\/front-commun-contre-les-accidents-graves-ou-mortels\\\/\"},\"author\":{\"name\":\"Carlos Poulain\",\"@id\":\"https:\\\/\\\/www.accidentdutravail-idf.net\\\/blog\\\/#\\\/schema\\\/person\\\/3255d2f970de45e64bd9201f38e7b947\"},\"headline\":\"Front commun contre les accidents graves ou mortels\",\"datePublished\":\"2024-11-12T16:00:00+00:00\",\"mainEntityOfPage\":{\"@id\":\"https:\\\/\\\/www.accidentdutravail-idf.net\\\/blog\\\/front-commun-contre-les-accidents-graves-ou-mortels\\\/\"},\"wordCount\":518,\"publisher\":{\"@id\":\"https:\\\/\\\/www.accidentdutravail-idf.net\\\/blog\\\/#organization\"},\"image\":{\"@id\":\"https:\\\/\\\/www.accidentdutravail-idf.net\\\/blog\\\/front-commun-contre-les-accidents-graves-ou-mortels\\\/#primaryimage\"},\"thumbnailUrl\":\"https:\\\/\\\/www.accidentdutravail-idf.net\\\/blog\\\/wp-content\\\/uploads\\\/2024\\\/11\\\/front-commun-contre-les-accidents-graves-ou-mortels.jpg\",\"articleSection\":[\"S\u00e9curit\u00e9 Du Travail En Ile-De-France Et Divers:\"],\"inLanguage\":\"fr-FR\"},{\"@type\":\"WebPage\",\"@id\":\"https:\\\/\\\/www.accidentdutravail-idf.net\\\/blog\\\/front-commun-contre-les-accidents-graves-ou-mortels\\\/\",\"url\":\"https:\\\/\\\/www.accidentdutravail-idf.net\\\/blog\\\/front-commun-contre-les-accidents-graves-ou-mortels\\\/\",\"name\":\"Front commun contre les accidents graves ou mortels - ACCIDENTDUTRAVAIL-IDF\",\"isPartOf\":{\"@id\":\"https:\\\/\\\/www.accidentdutravail-idf.net\\\/blog\\\/#website\"},\"primaryImageOfPage\":{\"@id\":\"https:\\\/\\\/www.accidentdutravail-idf.net\\\/blog\\\/front-commun-contre-les-accidents-graves-ou-mortels\\\/#primaryimage\"},\"image\":{\"@id\":\"https:\\\/\\\/www.accidentdutravail-idf.net\\\/blog\\\/front-commun-contre-les-accidents-graves-ou-mortels\\\/#primaryimage\"},\"thumbnailUrl\":\"https:\\\/\\\/www.accidentdutravail-idf.net\\\/blog\\\/wp-content\\\/uploads\\\/2024\\\/11\\\/front-commun-contre-les-accidents-graves-ou-mortels.jpg\",\"datePublished\":\"2024-11-12T16:00:00+00:00\",\"description\":\"Front commun contre les accidents graves ou mortels article de ACCIDENTDUTRAVAIL-IDF\",\"breadcrumb\":{\"@id\":\"https:\\\/\\\/www.accidentdutravail-idf.net\\\/blog\\\/front-commun-contre-les-accidents-graves-ou-mortels\\\/#breadcrumb\"},\"inLanguage\":\"fr-FR\",\"potentialAction\":[{\"@type\":\"ReadAction\",\"target\":[\"https:\\\/\\\/www.accidentdutravail-idf.net\\\/blog\\\/front-commun-contre-les-accidents-graves-ou-mortels\\\/\"]}]},{\"@type\":\"ImageObject\",\"inLanguage\":\"fr-FR\",\"@id\":\"https:\\\/\\\/www.accidentdutravail-idf.net\\\/blog\\\/front-commun-contre-les-accidents-graves-ou-mortels\\\/#primaryimage\",\"url\":\"https:\\\/\\\/www.accidentdutravail-idf.net\\\/blog\\\/wp-content\\\/uploads\\\/2024\\\/11\\\/front-commun-contre-les-accidents-graves-ou-mortels.jpg\",\"contentUrl\":\"https:\\\/\\\/www.accidentdutravail-idf.net\\\/blog\\\/wp-content\\\/uploads\\\/2024\\\/11\\\/front-commun-contre-les-accidents-graves-ou-mortels.jpg\"},{\"@type\":\"BreadcrumbList\",\"@id\":\"https:\\\/\\\/www.accidentdutravail-idf.net\\\/blog\\\/front-commun-contre-les-accidents-graves-ou-mortels\\\/#breadcrumb\",\"itemListElement\":[{\"@type\":\"ListItem\",\"position\":1,\"name\":\"Accueil\",\"item\":\"https:\\\/\\\/www.accidentdutravail-idf.net\\\/blog\\\/\"},{\"@type\":\"ListItem\",\"position\":2,\"name\":\"Front commun contre les accidents graves ou mortels\"}]},{\"@type\":\"WebSite\",\"@id\":\"https:\\\/\\\/www.accidentdutravail-idf.net\\\/blog\\\/#website\",\"url\":\"https:\\\/\\\/www.accidentdutravail-idf.net\\\/blog\\\/\",\"name\":\"ACCIDENTDUTRAVAIL-IDF\",\"description\":\"Portail accidents du travail-maladies professionnelles des entreprises d&#039;Ile-de-France\",\"publisher\":{\"@id\":\"https:\\\/\\\/www.accidentdutravail-idf.net\\\/blog\\\/#organization\"},\"potentialAction\":[{\"@type\":\"SearchAction\",\"target\":{\"@type\":\"EntryPoint\",\"urlTemplate\":\"https:\\\/\\\/www.accidentdutravail-idf.net\\\/blog\\\/?s={search_term_string}\"},\"query-input\":{\"@type\":\"PropertyValueSpecification\",\"valueRequired\":true,\"valueName\":\"search_term_string\"}}],\"inLanguage\":\"fr-FR\"},{\"@type\":\"Organization\",\"@id\":\"https:\\\/\\\/www.accidentdutravail-idf.net\\\/blog\\\/#organization\",\"name\":\"accidentdutravail-idf\",\"url\":\"https:\\\/\\\/www.accidentdutravail-idf.net\\\/blog\\\/\",\"logo\":{\"@type\":\"ImageObject\",\"inLanguage\":\"fr-FR\",\"@id\":\"https:\\\/\\\/www.accidentdutravail-idf.net\\\/blog\\\/#\\\/schema\\\/logo\\\/image\\\/\",\"url\":\"https:\\\/\\\/www.accidentdutravail-idf.net\\\/blog\\\/wp-content\\\/uploads\\\/2022\\\/09\\\/logo-2.png\",\"contentUrl\":\"https:\\\/\\\/www.accidentdutravail-idf.net\\\/blog\\\/wp-content\\\/uploads\\\/2022\\\/09\\\/logo-2.png\",\"width\":380,\"height\":291,\"caption\":\"accidentdutravail-idf\"},\"image\":{\"@id\":\"https:\\\/\\\/www.accidentdutravail-idf.net\\\/blog\\\/#\\\/schema\\\/logo\\\/image\\\/\"}},{\"@type\":\"Person\",\"@id\":\"https:\\\/\\\/www.accidentdutravail-idf.net\\\/blog\\\/#\\\/schema\\\/person\\\/3255d2f970de45e64bd9201f38e7b947\",\"name\":\"Carlos Poulain\",\"image\":{\"@type\":\"ImageObject\",\"inLanguage\":\"fr-FR\",\"@id\":\"https:\\\/\\\/secure.gravatar.com\\\/avatar\\\/b1c2f9d3588e34e91adb093635df64ef4b2381991216be7576466cfcdca4baf3?s=96&d=mm&r=g\",\"url\":\"https:\\\/\\\/secure.gravatar.com\\\/avatar\\\/b1c2f9d3588e34e91adb093635df64ef4b2381991216be7576466cfcdca4baf3?s=96&d=mm&r=g\",\"contentUrl\":\"https:\\\/\\\/secure.gravatar.com\\\/avatar\\\/b1c2f9d3588e34e91adb093635df64ef4b2381991216be7576466cfcdca4baf3?s=96&d=mm&r=g\",\"caption\":\"Carlos Poulain\"},\"url\":\"https:\\\/\\\/www.accidentdutravail-idf.net\\\/blog\\\/author\\\/idfcarlos\\\/\"}]}<\/script>\n<!-- \/ Yoast SEO plugin. -->","yoast_head_json":{"title":"Front commun contre les accidents graves ou mortels - ACCIDENTDUTRAVAIL-IDF","description":"Front commun contre les accidents graves ou mortels article de ACCIDENTDUTRAVAIL-IDF","robots":{"index":"index","follow":"follow","max-snippet":"max-snippet:-1","max-image-preview":"max-image-preview:large","max-video-preview":"max-video-preview:-1"},"canonical":"https:\/\/www.accidentdutravail-idf.net\/blog\/front-commun-contre-les-accidents-graves-ou-mortels\/","og_locale":"fr_FR","og_type":"article","og_title":"Front commun contre les accidents graves ou mortels - ACCIDENTDUTRAVAIL-IDF","og_description":"Front commun contre les accidents graves ou mortels article de ACCIDENTDUTRAVAIL-IDF","og_url":"https:\/\/www.accidentdutravail-idf.net\/blog\/front-commun-contre-les-accidents-graves-ou-mortels\/","og_site_name":"ACCIDENTDUTRAVAIL-IDF","article_published_time":"2024-11-12T16:00:00+00:00","og_image":[{"url":"https:\/\/www.accidentdutravail-idf.net\/blog\/wp-content\/uploads\/2024\/11\/front-commun-contre-les-accidents-graves-ou-mortels.jpg","type":"","width":"","height":""}],"author":"Carlos Poulain","twitter_card":"summary_large_image","twitter_misc":{"\u00c9crit par":"Carlos Poulain","Dur\u00e9e de lecture estim\u00e9e":"3 minutes"},"schema":{"@context":"https:\/\/schema.org","@graph":[{"@type":"Article","@id":"https:\/\/www.accidentdutravail-idf.net\/blog\/front-commun-contre-les-accidents-graves-ou-mortels\/#article","isPartOf":{"@id":"https:\/\/www.accidentdutravail-idf.net\/blog\/front-commun-contre-les-accidents-graves-ou-mortels\/"},"author":{"name":"Carlos Poulain","@id":"https:\/\/www.accidentdutravail-idf.net\/blog\/#\/schema\/person\/3255d2f970de45e64bd9201f38e7b947"},"headline":"Front commun contre les accidents graves ou mortels","datePublished":"2024-11-12T16:00:00+00:00","mainEntityOfPage":{"@id":"https:\/\/www.accidentdutravail-idf.net\/blog\/front-commun-contre-les-accidents-graves-ou-mortels\/"},"wordCount":518,"publisher":{"@id":"https:\/\/www.accidentdutravail-idf.net\/blog\/#organization"},"image":{"@id":"https:\/\/www.accidentdutravail-idf.net\/blog\/front-commun-contre-les-accidents-graves-ou-mortels\/#primaryimage"},"thumbnailUrl":"https:\/\/www.accidentdutravail-idf.net\/blog\/wp-content\/uploads\/2024\/11\/front-commun-contre-les-accidents-graves-ou-mortels.jpg","articleSection":["S\u00e9curit\u00e9 Du Travail En Ile-De-France Et Divers:"],"inLanguage":"fr-FR"},{"@type":"WebPage","@id":"https:\/\/www.accidentdutravail-idf.net\/blog\/front-commun-contre-les-accidents-graves-ou-mortels\/","url":"https:\/\/www.accidentdutravail-idf.net\/blog\/front-commun-contre-les-accidents-graves-ou-mortels\/","name":"Front commun contre les accidents graves ou mortels - ACCIDENTDUTRAVAIL-IDF","isPartOf":{"@id":"https:\/\/www.accidentdutravail-idf.net\/blog\/#website"},"primaryImageOfPage":{"@id":"https:\/\/www.accidentdutravail-idf.net\/blog\/front-commun-contre-les-accidents-graves-ou-mortels\/#primaryimage"},"image":{"@id":"https:\/\/www.accidentdutravail-idf.net\/blog\/front-commun-contre-les-accidents-graves-ou-mortels\/#primaryimage"},"thumbnailUrl":"https:\/\/www.accidentdutravail-idf.net\/blog\/wp-content\/uploads\/2024\/11\/front-commun-contre-les-accidents-graves-ou-mortels.jpg","datePublished":"2024-11-12T16:00:00+00:00","description":"Front commun contre les accidents graves ou mortels article de ACCIDENTDUTRAVAIL-IDF","breadcrumb":{"@id":"https:\/\/www.accidentdutravail-idf.net\/blog\/front-commun-contre-les-accidents-graves-ou-mortels\/#breadcrumb"},"inLanguage":"fr-FR","potentialAction":[{"@type":"ReadAction","target":["https:\/\/www.accidentdutravail-idf.net\/blog\/front-commun-contre-les-accidents-graves-ou-mortels\/"]}]},{"@type":"ImageObject","inLanguage":"fr-FR","@id":"https:\/\/www.accidentdutravail-idf.net\/blog\/front-commun-contre-les-accidents-graves-ou-mortels\/#primaryimage","url":"https:\/\/www.accidentdutravail-idf.net\/blog\/wp-content\/uploads\/2024\/11\/front-commun-contre-les-accidents-graves-ou-mortels.jpg","contentUrl":"https:\/\/www.accidentdutravail-idf.net\/blog\/wp-content\/uploads\/2024\/11\/front-commun-contre-les-accidents-graves-ou-mortels.jpg"},{"@type":"BreadcrumbList","@id":"https:\/\/www.accidentdutravail-idf.net\/blog\/front-commun-contre-les-accidents-graves-ou-mortels\/#breadcrumb","itemListElement":[{"@type":"ListItem","position":1,"name":"Accueil","item":"https:\/\/www.accidentdutravail-idf.net\/blog\/"},{"@type":"ListItem","position":2,"name":"Front commun contre les accidents graves ou mortels"}]},{"@type":"WebSite","@id":"https:\/\/www.accidentdutravail-idf.net\/blog\/#website","url":"https:\/\/www.accidentdutravail-idf.net\/blog\/","name":"ACCIDENTDUTRAVAIL-IDF","description":"Portail accidents du travail-maladies professionnelles des entreprises d&#039;Ile-de-France","publisher":{"@id":"https:\/\/www.accidentdutravail-idf.net\/blog\/#organization"},"potentialAction":[{"@type":"SearchAction","target":{"@type":"EntryPoint","urlTemplate":"https:\/\/www.accidentdutravail-idf.net\/blog\/?s={search_term_string}"},"query-input":{"@type":"PropertyValueSpecification","valueRequired":true,"valueName":"search_term_string"}}],"inLanguage":"fr-FR"},{"@type":"Organization","@id":"https:\/\/www.accidentdutravail-idf.net\/blog\/#organization","name":"accidentdutravail-idf","url":"https:\/\/www.accidentdutravail-idf.net\/blog\/","logo":{"@type":"ImageObject","inLanguage":"fr-FR","@id":"https:\/\/www.accidentdutravail-idf.net\/blog\/#\/schema\/logo\/image\/","url":"https:\/\/www.accidentdutravail-idf.net\/blog\/wp-content\/uploads\/2022\/09\/logo-2.png","contentUrl":"https:\/\/www.accidentdutravail-idf.net\/blog\/wp-content\/uploads\/2022\/09\/logo-2.png","width":380,"height":291,"caption":"accidentdutravail-idf"},"image":{"@id":"https:\/\/www.accidentdutravail-idf.net\/blog\/#\/schema\/logo\/image\/"}},{"@type":"Person","@id":"https:\/\/www.accidentdutravail-idf.net\/blog\/#\/schema\/person\/3255d2f970de45e64bd9201f38e7b947","name":"Carlos Poulain","image":{"@type":"ImageObject","inLanguage":"fr-FR","@id":"https:\/\/secure.gravatar.com\/avatar\/b1c2f9d3588e34e91adb093635df64ef4b2381991216be7576466cfcdca4baf3?s=96&d=mm&r=g","url":"https:\/\/secure.gravatar.com\/avatar\/b1c2f9d3588e34e91adb093635df64ef4b2381991216be7576466cfcdca4baf3?s=96&d=mm&r=g","contentUrl":"https:\/\/secure.gravatar.com\/avatar\/b1c2f9d3588e34e91adb093635df64ef4b2381991216be7576466cfcdca4baf3?s=96&d=mm&r=g","caption":"Carlos Poulain"},"url":"https:\/\/www.accidentdutravail-idf.net\/blog\/author\/idfcarlos\/"}]}},"_links":{"self":[{"href":"https:\/\/www.accidentdutravail-idf.net\/blog\/wp-json\/wp\/v2\/posts\/997","targetHints":{"allow":["GET"]}}],"collection":[{"href":"https:\/\/www.accidentdutravail-idf.net\/blog\/wp-json\/wp\/v2\/posts"}],"about":[{"href":"https:\/\/www.accidentdutravail-idf.net\/blog\/wp-json\/wp\/v2\/types\/post"}],"author":[{"embeddable":true,"href":"https:\/\/www.accidentdutravail-idf.net\/blog\/wp-json\/wp\/v2\/users\/2"}],"replies":[{"embeddable":true,"href":"https:\/\/www.accidentdutravail-idf.net\/blog\/wp-json\/wp\/v2\/comments?post=997"}],"version-history":[{"count":0,"href":"https:\/\/www.accidentdutravail-idf.net\/blog\/wp-json\/wp\/v2\/posts\/997\/revisions"}],"wp:attachment":[{"href":"https:\/\/www.accidentdutravail-idf.net\/blog\/wp-json\/wp\/v2\/media?parent=997"}],"wp:term":[{"taxonomy":"category","embeddable":true,"href":"https:\/\/www.accidentdutravail-idf.net\/blog\/wp-json\/wp\/v2\/categories?post=997"},{"taxonomy":"post_tag","embeddable":true,"href":"https:\/\/www.accidentdutravail-idf.net\/blog\/wp-json\/wp\/v2\/tags?post=997"}],"curies":[{"name":"wp","href":"https:\/\/api.w.org\/{rel}","templated":true}]}}