{"id":992,"date":"2024-11-10T00:55:00","date_gmt":"2024-11-09T23:55:00","guid":{"rendered":"https:\/\/www.accidentdutravail-idf.net\/blog\/malestroit-apres-un-accident-du-travail-bastien-le-flem-performe-en-para-tir-a-larc\/"},"modified":"2024-11-10T00:55:00","modified_gmt":"2024-11-09T23:55:00","slug":"malestroit-apres-un-accident-du-travail-bastien-le-flem-performe-en-para-tir-a-larc","status":"publish","type":"post","link":"https:\/\/www.accidentdutravail-idf.net\/blog\/malestroit-apres-un-accident-du-travail-bastien-le-flem-performe-en-para-tir-a-larc\/","title":{"rendered":"Malestroit : apr\u00e8s un accident du travail, Bastien Le Flem performe en para tir \u00e0 l\u2019arc"},"content":{"rendered":"<div><img decoding=\"async\" src=\"https:\/\/www.accidentdutravail-idf.net\/blog\/wp-content\/uploads\/2024\/11\/malestroit-apres-un-accident-du-travail-bastien-le-flem-performe-en-para-tir-a-larc.jpg\" class=\"ff-og-image-inserted\"><\/div>\n<div class=\"ac-article-date\"> Par <strong> <a href=\"https:\/\/actu.fr\/auteur\/journaliste-pl\" title=\"Consulter tous les articles de R\u00e9daction Plo\u00ebrmel\" target=\"_blank\" rel=\"nofollow\">R\u00e9daction Plo\u00ebrmel<\/a> <\/strong> <span> Publi\u00e9 le  10 nov. 2024 \u00e0 8h46  <\/span>\n<\/div>\n<p> <span class=\"ac-article-follow__link\" data-trk=\"{&quot;cta&quot;:{&quot;action&quot;:&quot;https:\\\/\\\/actu.fr\\\/mon-actu&quot;,&quot;category&quot;:&quot;mon compte&quot;,&quot;from&quot;:&quot;article header&quot;,&quot;name&quot;:&quot;Voir mon actu&quot;,&quot;type&quot;:&quot;cta&quot;}}\">Voir mon actu<\/span> <button type=\"button\" class=\"ac-btn ac-btn--mini ac-btn--blue ac-icon--star-empty\" data-follow=\"Suivre Le Plo\u00ebrmelais\" data-unfollow=\"Retirer\">Suivre Le Plo\u00ebrmelais<\/button>\n<\/p>\n<p>Passionn\u00e9 de <b>tir \u00e0 l\u2019arc<\/b> depuis l\u2019adolescence, Bastien Le Flem a continu\u00e9 de pratiquer son sport de pr\u00e9dilection apr\u00e8s un <b>accident du travail<\/b> qui l\u2019a priv\u00e9 de mobilit\u00e9 dans son bras droit.<\/p>\n<p>\u00c0 33&nbsp;ans, il performe <b>en para au niveau national<\/b>, et continuer de s\u2019entra\u00eener occasionnellement dans le club qui l\u2019a form\u00e9 \u00e0 <b>Malestroit (Morbihan).<\/b><\/p>\n<p class=\"ac-article-content__question\">Quelle est votre histoire avec le tir \u00e0 l\u2019arc\u2009?<\/p>\n<p>J\u2019ai commenc\u00e9 le tir \u00e0 l\u2019arc ici, \u00e0 Malestroit, \u00e0 l\u2019\u00e2ge de 14&nbsp;ans. J\u2019ai pratiqu\u00e9 pendant deux avant d\u2019\u00e9voluer vers d\u2019autres horizons. Mon club aujourd\u2019hui est \u00e0 la Turballe.<\/p>\n<p>Je fais la route une \u00e0 deux fois par semaine, depuis 10&nbsp;ans. J\u2019y ai mes meilleurs amis, et on a tous des <b>objectifs assez ambitieux<\/b>, comme les championnats de France, on se motive pour aller le plus loin possible.<\/p>\n<p class=\"ac-article-content__question\">Un accident du travail a modifi\u00e9 votre fa\u00e7on d\u2019aborder ce sport\u2009?<\/p>\n<p>En effet, j\u2019ai \u00e9t\u00e9 priv\u00e9 de la mobilit\u00e9 de mon bras droit. Et comme je suis <b>sourd de naissance<\/b>, je suis aussi appareill\u00e9. C\u2019est pour cela que cela a \u00e9t\u00e9 un renouveau pour moi, r\u00e9apprendre le tir \u00e0 l\u2019arc et d\u00e9programmer ce que j\u2019avais appris avant.<\/p>\n<p>J\u2019ai aussi r\u00e9appris \u00e0 me conna\u00eetre. Le <b>tir \u00e0 l\u2019arc<\/b> est la discipline parfaite pour cela, on apprend \u00e0 se cr\u00e9er une bulle de protection et de concentration. On apprend \u00e0 relativiser les choses. Lorsqu\u2019on tire une mauvaise fl\u00e8che, on l\u2019oublie instantan\u00e9ment pour pouvoir performer gr\u00e2ce aux suivantes.<\/p>\n<figure id=\"dailymotion-embed-x7dyep\" class=\"ac-embed ac-embed--dailymotion ac-embed--inread3\" data-provider=\"dailymotion\"><figcaption>Vid\u00e9os : en ce moment sur Actu<\/figcaption><\/figure>\n<p class=\"ac-article-content__question\">Vous portez une coque appel\u00e9e \u00ab\u2009coque d\u00e9cocheur\u2009\u00bb pour vous permettre de pratiquer votre passion\u2009?<\/p>\n<p>Oui, j\u2019ai mis un an \u00e0 obtenir la coque id\u00e9ale, je suis all\u00e9 \u00e0 la rencontre de personnes qui tiraient en para pour ma\u00eetriser le sujet.<\/p>\n<p>Il y a eu un gros travail de recherche et d\u2019essais de prototypes. Il y a eu beaucoup de d\u00e9placements aupr\u00e8s d\u2019archers de haut niveau et de fabricants de tirs \u00e0 l\u2019arc.<\/p>\n<p class=\"ac-article-content__question\">Depuis quand ma\u00eetrisez-vous votre tir avec cette nouvelle coque\u2009?<\/p>\n<p>Depuis mars&nbsp;2024, je ma\u00eetrise la fa\u00e7on de tirer et le mat\u00e9riel. Et \u00e7a se ressent\u2009: lors de la derni\u00e8re comp\u00e9tition, j\u2019ai beaucoup mieux scor\u00e9 que l\u2019ann\u00e9e derni\u00e8re, j\u2019ai gagn\u00e9 110 points de plus.<\/p>\n<p class=\"ac-article-content__question\">Vous \u00eates arriv\u00e9 quatri\u00e8me aux derniers championnats de France\u2009?<\/p>\n<p>Effectivement, dans la cat\u00e9gorie Division 2, r\u00e8glement national, cible de 122&nbsp;cm avec des points de 1 \u00e0 10, et une cible \u00e0 50&nbsp;m\u00e8tres.<\/p>\n<p>Pour la saison tir en salle, D1 et D2 m\u00e9lang\u00e9es, je me classe provisoirement \u00e0 la huiti\u00e8me place aujourd\u2019hui.<\/p>\n<p>C\u2019est beaucoup d\u2019excitation, de satisfaction, mais aussi d\u2019anxi\u00e9t\u00e9, la peur que le mat\u00e9riel l\u00e2che\u2026 R\u00e9cemment, j\u2019\u00e9tais class\u00e9 deuxi\u00e8me, mais j\u2019ai eu un souci de d\u00e9cocheur, en plein milieu de la comp\u00e9tition. J\u2019ai fait deux mauvaises fl\u00e8ches, mais je ne suis pas quelqu\u2019un qui l\u00e2che, je me bats jusqu\u2019au bout. J\u2019ai h\u00e2te de m\u00eame prendre ma revanche.<\/p>\n<p class=\"ac-article-content__question\">Apr\u00e8s votre accident de travail, avez-vous tout de suite voulu reprendre le tir \u00e0 l\u2019arc\u2009?<\/p>\n<p>Oui, je l\u2019ai imm\u00e9diatement r\u00e9clam\u00e9, avant m\u00eame de sortir de la r\u00e9\u00e9ducation. J\u2019ai eu la chance dans mon parcours de croiser des personnes qui faisaient du para tir. Et dans notre discipline, les para peuvent \u00eatre m\u00e9lang\u00e9s aux valides.<\/p>\n<p class=\"ac-article-content__question\">Quelqu\u2019un vous a-t-il inspir\u00e9 dans le para tir \u00e0 l\u2019arc\u2009?<\/p>\n<p>Brian Le loup, sans aucun doute. Il tirait avec une coque semblable, et a particip\u00e9 aux championnats d\u2019Europe. J\u2019ai eu la chance de l\u2019affronter lorsque j\u2019\u00e9tais valide et il m\u2019avait mis une racl\u00e9e\u2009!<\/p>\n<p class=\"ac-article-content__question\">Quels sont vos prochains objectifs\u2009?<\/p>\n<p>Ce sont les championnats de France\u2026 Et j\u2019esp\u00e8re pouvoir participer aux championnats d\u2019Europe, c\u2019est au programme dans les quatre ans \u00e0 venir, en allant bien s\u00fbr, le plus loin possible.&nbsp;\u00bb<\/p>\n<p><i>Suivez toute l\u2019actualit\u00e9 de vos villes et m\u00e9dias favoris en vous inscrivant \u00e0 <a href=\"https:\/\/moncompte.actu.fr\" title=\"D\u00e9couvez Mon Actu\" rel=\"nofollow\" data-trk=\"{&quot;cta&quot;:{&quot;action&quot;:&quot;https:\\\/\\\/moncompte.actu.fr&quot;,&quot;category&quot;:&quot;mon compte&quot;,&quot;from&quot;:&quot;article footer&quot;,&quot;name&quot;:&quot;Mon actu&quot;,&quot;type&quot;:&quot;cta&quot;}}\" target=\"_blank\">Mon Actu<\/a>.<\/i><\/p>\n<p> accidentdutravail-idf.net vous a pr\u00e9par\u00e9 ce post qui informe du sujet \u00ab\u00a0Association Sportive Huisson-Longueville Essonne\u00a0\u00bb. La chronique se veut g\u00e9n\u00e9r\u00e9e du mieux possible. Vous pouvez utiliser les coordonn\u00e9es indiqu\u00e9es sur le site dans le but d\u2019apporter des explications sur ce post qui parle du th\u00e8me \u00ab\u00a0Association Sportive Huisson-Longueville Essonne\u00a0\u00bb. Le site accidentdutravail-idf.net a pour but de fournir diverses publications sur la th\u00e9matique Association Sportive Huisson-Longueville Essonne diffus\u00e9es sur le net. Il y aura plusieurs articles autour du sujet \u00ab\u00a0Association Sportive Huisson-Longueville Essonne\u00a0\u00bb dans quelques jours, nous vous invitons \u00e0 naviguer sur notre site web \u00e0 plusieurs reprises.<\/p>\n","protected":false},"excerpt":{"rendered":"<p>Par R\u00e9daction Plo\u00ebrmel Publi\u00e9 le 10 nov. 2024 \u00e0 8h46 Voir mon actu Suivre Le Plo\u00ebrmelais Passionn\u00e9 de tir \u00e0 l\u2019arc depuis l\u2019adolescence, Bastien Le Flem a continu\u00e9 de pratiquer son sport de pr\u00e9dilection apr\u00e8s un accident du travail qui l\u2019a priv\u00e9 de mobilit\u00e9 dans son bras droit. \u00c0 33&nbsp;ans, il performe en para au &hellip; <\/p>\n<p class=\"link-more\"><a href=\"https:\/\/www.accidentdutravail-idf.net\/blog\/malestroit-apres-un-accident-du-travail-bastien-le-flem-performe-en-para-tir-a-larc\/\" class=\"more-link\">Continuer la lecture <span class=\"screen-reader-text\"> \u00ab\u00a0Malestroit : apr\u00e8s un accident du travail, Bastien Le Flem performe en para tir \u00e0 l\u2019arc\u00a0\u00bb<\/span><\/a><\/p>\n","protected":false},"author":2,"featured_media":0,"comment_status":"closed","ping_status":"closed","sticky":false,"template":"","format":"standard","meta":{"footnotes":""},"categories":[5],"tags":[],"class_list":["post-992","post","type-post","status-publish","format-standard","hentry","category-securite-du-travail-en-ile-de-france-et-divers","entry"],"yoast_head":"<!-- This site is optimized with the Yoast SEO plugin v27.5 - https:\/\/yoast.com\/product\/yoast-seo-wordpress\/ -->\n<title>Malestroit : apr\u00e8s un accident du travail, Bastien Le Flem performe en para tir \u00e0 l\u2019arc - ACCIDENTDUTRAVAIL-IDF<\/title>\n<meta name=\"description\" content=\"Malestroit : apr\u00e8s un accident du travail, Bastien Le Flem performe en para tir \u00e0 l\u2019arc article de ACCIDENTDUTRAVAIL-IDF\" \/>\n<meta name=\"robots\" content=\"index, follow, max-snippet:-1, max-image-preview:large, max-video-preview:-1\" \/>\n<link rel=\"canonical\" href=\"https:\/\/www.accidentdutravail-idf.net\/blog\/malestroit-apres-un-accident-du-travail-bastien-le-flem-performe-en-para-tir-a-larc\/\" \/>\n<meta property=\"og:locale\" content=\"fr_FR\" \/>\n<meta property=\"og:type\" content=\"article\" \/>\n<meta property=\"og:title\" content=\"Malestroit : apr\u00e8s un accident du travail, Bastien Le Flem performe en para tir \u00e0 l\u2019arc - ACCIDENTDUTRAVAIL-IDF\" \/>\n<meta property=\"og:description\" content=\"Malestroit : apr\u00e8s un accident du travail, Bastien Le Flem performe en para tir \u00e0 l\u2019arc article de ACCIDENTDUTRAVAIL-IDF\" \/>\n<meta property=\"og:url\" content=\"https:\/\/www.accidentdutravail-idf.net\/blog\/malestroit-apres-un-accident-du-travail-bastien-le-flem-performe-en-para-tir-a-larc\/\" \/>\n<meta property=\"og:site_name\" content=\"ACCIDENTDUTRAVAIL-IDF\" \/>\n<meta property=\"article:published_time\" content=\"2024-11-09T23:55:00+00:00\" \/>\n<meta property=\"og:image\" content=\"https:\/\/www.accidentdutravail-idf.net\/blog\/wp-content\/uploads\/2024\/11\/malestroit-apres-un-accident-du-travail-bastien-le-flem-performe-en-para-tir-a-larc.jpg\" \/>\n<meta name=\"author\" content=\"Carlos Poulain\" \/>\n<meta name=\"twitter:card\" content=\"summary_large_image\" \/>\n<meta name=\"twitter:label1\" content=\"\u00c9crit par\" \/>\n\t<meta name=\"twitter:data1\" content=\"Carlos Poulain\" \/>\n\t<meta name=\"twitter:label2\" content=\"Dur\u00e9e de lecture estim\u00e9e\" \/>\n\t<meta name=\"twitter:data2\" content=\"4 minutes\" \/>\n<script type=\"application\/ld+json\" class=\"yoast-schema-graph\">{\"@context\":\"https:\\\/\\\/schema.org\",\"@graph\":[{\"@type\":\"Article\",\"@id\":\"https:\\\/\\\/www.accidentdutravail-idf.net\\\/blog\\\/malestroit-apres-un-accident-du-travail-bastien-le-flem-performe-en-para-tir-a-larc\\\/#article\",\"isPartOf\":{\"@id\":\"https:\\\/\\\/www.accidentdutravail-idf.net\\\/blog\\\/malestroit-apres-un-accident-du-travail-bastien-le-flem-performe-en-para-tir-a-larc\\\/\"},\"author\":{\"name\":\"Carlos Poulain\",\"@id\":\"https:\\\/\\\/www.accidentdutravail-idf.net\\\/blog\\\/#\\\/schema\\\/person\\\/3255d2f970de45e64bd9201f38e7b947\"},\"headline\":\"Malestroit : apr\u00e8s un accident du travail, Bastien Le Flem performe en para tir \u00e0 l\u2019arc\",\"datePublished\":\"2024-11-09T23:55:00+00:00\",\"mainEntityOfPage\":{\"@id\":\"https:\\\/\\\/www.accidentdutravail-idf.net\\\/blog\\\/malestroit-apres-un-accident-du-travail-bastien-le-flem-performe-en-para-tir-a-larc\\\/\"},\"wordCount\":838,\"publisher\":{\"@id\":\"https:\\\/\\\/www.accidentdutravail-idf.net\\\/blog\\\/#organization\"},\"image\":{\"@id\":\"https:\\\/\\\/www.accidentdutravail-idf.net\\\/blog\\\/malestroit-apres-un-accident-du-travail-bastien-le-flem-performe-en-para-tir-a-larc\\\/#primaryimage\"},\"thumbnailUrl\":\"https:\\\/\\\/www.accidentdutravail-idf.net\\\/blog\\\/wp-content\\\/uploads\\\/2024\\\/11\\\/malestroit-apres-un-accident-du-travail-bastien-le-flem-performe-en-para-tir-a-larc.jpg\",\"articleSection\":[\"S\u00e9curit\u00e9 Du Travail En Ile-De-France Et Divers:\"],\"inLanguage\":\"fr-FR\"},{\"@type\":\"WebPage\",\"@id\":\"https:\\\/\\\/www.accidentdutravail-idf.net\\\/blog\\\/malestroit-apres-un-accident-du-travail-bastien-le-flem-performe-en-para-tir-a-larc\\\/\",\"url\":\"https:\\\/\\\/www.accidentdutravail-idf.net\\\/blog\\\/malestroit-apres-un-accident-du-travail-bastien-le-flem-performe-en-para-tir-a-larc\\\/\",\"name\":\"Malestroit : apr\u00e8s un accident du travail, Bastien Le Flem performe en para tir \u00e0 l\u2019arc - ACCIDENTDUTRAVAIL-IDF\",\"isPartOf\":{\"@id\":\"https:\\\/\\\/www.accidentdutravail-idf.net\\\/blog\\\/#website\"},\"primaryImageOfPage\":{\"@id\":\"https:\\\/\\\/www.accidentdutravail-idf.net\\\/blog\\\/malestroit-apres-un-accident-du-travail-bastien-le-flem-performe-en-para-tir-a-larc\\\/#primaryimage\"},\"image\":{\"@id\":\"https:\\\/\\\/www.accidentdutravail-idf.net\\\/blog\\\/malestroit-apres-un-accident-du-travail-bastien-le-flem-performe-en-para-tir-a-larc\\\/#primaryimage\"},\"thumbnailUrl\":\"https:\\\/\\\/www.accidentdutravail-idf.net\\\/blog\\\/wp-content\\\/uploads\\\/2024\\\/11\\\/malestroit-apres-un-accident-du-travail-bastien-le-flem-performe-en-para-tir-a-larc.jpg\",\"datePublished\":\"2024-11-09T23:55:00+00:00\",\"description\":\"Malestroit : apr\u00e8s un accident du travail, Bastien Le Flem performe en para tir \u00e0 l\u2019arc article de ACCIDENTDUTRAVAIL-IDF\",\"breadcrumb\":{\"@id\":\"https:\\\/\\\/www.accidentdutravail-idf.net\\\/blog\\\/malestroit-apres-un-accident-du-travail-bastien-le-flem-performe-en-para-tir-a-larc\\\/#breadcrumb\"},\"inLanguage\":\"fr-FR\",\"potentialAction\":[{\"@type\":\"ReadAction\",\"target\":[\"https:\\\/\\\/www.accidentdutravail-idf.net\\\/blog\\\/malestroit-apres-un-accident-du-travail-bastien-le-flem-performe-en-para-tir-a-larc\\\/\"]}]},{\"@type\":\"ImageObject\",\"inLanguage\":\"fr-FR\",\"@id\":\"https:\\\/\\\/www.accidentdutravail-idf.net\\\/blog\\\/malestroit-apres-un-accident-du-travail-bastien-le-flem-performe-en-para-tir-a-larc\\\/#primaryimage\",\"url\":\"https:\\\/\\\/www.accidentdutravail-idf.net\\\/blog\\\/wp-content\\\/uploads\\\/2024\\\/11\\\/malestroit-apres-un-accident-du-travail-bastien-le-flem-performe-en-para-tir-a-larc.jpg\",\"contentUrl\":\"https:\\\/\\\/www.accidentdutravail-idf.net\\\/blog\\\/wp-content\\\/uploads\\\/2024\\\/11\\\/malestroit-apres-un-accident-du-travail-bastien-le-flem-performe-en-para-tir-a-larc.jpg\"},{\"@type\":\"BreadcrumbList\",\"@id\":\"https:\\\/\\\/www.accidentdutravail-idf.net\\\/blog\\\/malestroit-apres-un-accident-du-travail-bastien-le-flem-performe-en-para-tir-a-larc\\\/#breadcrumb\",\"itemListElement\":[{\"@type\":\"ListItem\",\"position\":1,\"name\":\"Accueil\",\"item\":\"https:\\\/\\\/www.accidentdutravail-idf.net\\\/blog\\\/\"},{\"@type\":\"ListItem\",\"position\":2,\"name\":\"Malestroit : apr\u00e8s un accident du travail, Bastien Le Flem performe en para tir \u00e0 l\u2019arc\"}]},{\"@type\":\"WebSite\",\"@id\":\"https:\\\/\\\/www.accidentdutravail-idf.net\\\/blog\\\/#website\",\"url\":\"https:\\\/\\\/www.accidentdutravail-idf.net\\\/blog\\\/\",\"name\":\"ACCIDENTDUTRAVAIL-IDF\",\"description\":\"Portail accidents du travail-maladies professionnelles des entreprises d&#039;Ile-de-France\",\"publisher\":{\"@id\":\"https:\\\/\\\/www.accidentdutravail-idf.net\\\/blog\\\/#organization\"},\"potentialAction\":[{\"@type\":\"SearchAction\",\"target\":{\"@type\":\"EntryPoint\",\"urlTemplate\":\"https:\\\/\\\/www.accidentdutravail-idf.net\\\/blog\\\/?s={search_term_string}\"},\"query-input\":{\"@type\":\"PropertyValueSpecification\",\"valueRequired\":true,\"valueName\":\"search_term_string\"}}],\"inLanguage\":\"fr-FR\"},{\"@type\":\"Organization\",\"@id\":\"https:\\\/\\\/www.accidentdutravail-idf.net\\\/blog\\\/#organization\",\"name\":\"accidentdutravail-idf\",\"url\":\"https:\\\/\\\/www.accidentdutravail-idf.net\\\/blog\\\/\",\"logo\":{\"@type\":\"ImageObject\",\"inLanguage\":\"fr-FR\",\"@id\":\"https:\\\/\\\/www.accidentdutravail-idf.net\\\/blog\\\/#\\\/schema\\\/logo\\\/image\\\/\",\"url\":\"https:\\\/\\\/www.accidentdutravail-idf.net\\\/blog\\\/wp-content\\\/uploads\\\/2022\\\/09\\\/logo-2.png\",\"contentUrl\":\"https:\\\/\\\/www.accidentdutravail-idf.net\\\/blog\\\/wp-content\\\/uploads\\\/2022\\\/09\\\/logo-2.png\",\"width\":380,\"height\":291,\"caption\":\"accidentdutravail-idf\"},\"image\":{\"@id\":\"https:\\\/\\\/www.accidentdutravail-idf.net\\\/blog\\\/#\\\/schema\\\/logo\\\/image\\\/\"}},{\"@type\":\"Person\",\"@id\":\"https:\\\/\\\/www.accidentdutravail-idf.net\\\/blog\\\/#\\\/schema\\\/person\\\/3255d2f970de45e64bd9201f38e7b947\",\"name\":\"Carlos Poulain\",\"image\":{\"@type\":\"ImageObject\",\"inLanguage\":\"fr-FR\",\"@id\":\"https:\\\/\\\/secure.gravatar.com\\\/avatar\\\/b1c2f9d3588e34e91adb093635df64ef4b2381991216be7576466cfcdca4baf3?s=96&d=mm&r=g\",\"url\":\"https:\\\/\\\/secure.gravatar.com\\\/avatar\\\/b1c2f9d3588e34e91adb093635df64ef4b2381991216be7576466cfcdca4baf3?s=96&d=mm&r=g\",\"contentUrl\":\"https:\\\/\\\/secure.gravatar.com\\\/avatar\\\/b1c2f9d3588e34e91adb093635df64ef4b2381991216be7576466cfcdca4baf3?s=96&d=mm&r=g\",\"caption\":\"Carlos Poulain\"},\"url\":\"https:\\\/\\\/www.accidentdutravail-idf.net\\\/blog\\\/author\\\/idfcarlos\\\/\"}]}<\/script>\n<!-- \/ Yoast SEO plugin. -->","yoast_head_json":{"title":"Malestroit : apr\u00e8s un accident du travail, Bastien Le Flem performe en para tir \u00e0 l\u2019arc - ACCIDENTDUTRAVAIL-IDF","description":"Malestroit : apr\u00e8s un accident du travail, Bastien Le Flem performe en para tir \u00e0 l\u2019arc article de ACCIDENTDUTRAVAIL-IDF","robots":{"index":"index","follow":"follow","max-snippet":"max-snippet:-1","max-image-preview":"max-image-preview:large","max-video-preview":"max-video-preview:-1"},"canonical":"https:\/\/www.accidentdutravail-idf.net\/blog\/malestroit-apres-un-accident-du-travail-bastien-le-flem-performe-en-para-tir-a-larc\/","og_locale":"fr_FR","og_type":"article","og_title":"Malestroit : apr\u00e8s un accident du travail, Bastien Le Flem performe en para tir \u00e0 l\u2019arc - ACCIDENTDUTRAVAIL-IDF","og_description":"Malestroit : apr\u00e8s un accident du travail, Bastien Le Flem performe en para tir \u00e0 l\u2019arc article de ACCIDENTDUTRAVAIL-IDF","og_url":"https:\/\/www.accidentdutravail-idf.net\/blog\/malestroit-apres-un-accident-du-travail-bastien-le-flem-performe-en-para-tir-a-larc\/","og_site_name":"ACCIDENTDUTRAVAIL-IDF","article_published_time":"2024-11-09T23:55:00+00:00","og_image":[{"url":"https:\/\/www.accidentdutravail-idf.net\/blog\/wp-content\/uploads\/2024\/11\/malestroit-apres-un-accident-du-travail-bastien-le-flem-performe-en-para-tir-a-larc.jpg","type":"","width":"","height":""}],"author":"Carlos Poulain","twitter_card":"summary_large_image","twitter_misc":{"\u00c9crit par":"Carlos Poulain","Dur\u00e9e de lecture estim\u00e9e":"4 minutes"},"schema":{"@context":"https:\/\/schema.org","@graph":[{"@type":"Article","@id":"https:\/\/www.accidentdutravail-idf.net\/blog\/malestroit-apres-un-accident-du-travail-bastien-le-flem-performe-en-para-tir-a-larc\/#article","isPartOf":{"@id":"https:\/\/www.accidentdutravail-idf.net\/blog\/malestroit-apres-un-accident-du-travail-bastien-le-flem-performe-en-para-tir-a-larc\/"},"author":{"name":"Carlos Poulain","@id":"https:\/\/www.accidentdutravail-idf.net\/blog\/#\/schema\/person\/3255d2f970de45e64bd9201f38e7b947"},"headline":"Malestroit : apr\u00e8s un accident du travail, Bastien Le Flem performe en para tir \u00e0 l\u2019arc","datePublished":"2024-11-09T23:55:00+00:00","mainEntityOfPage":{"@id":"https:\/\/www.accidentdutravail-idf.net\/blog\/malestroit-apres-un-accident-du-travail-bastien-le-flem-performe-en-para-tir-a-larc\/"},"wordCount":838,"publisher":{"@id":"https:\/\/www.accidentdutravail-idf.net\/blog\/#organization"},"image":{"@id":"https:\/\/www.accidentdutravail-idf.net\/blog\/malestroit-apres-un-accident-du-travail-bastien-le-flem-performe-en-para-tir-a-larc\/#primaryimage"},"thumbnailUrl":"https:\/\/www.accidentdutravail-idf.net\/blog\/wp-content\/uploads\/2024\/11\/malestroit-apres-un-accident-du-travail-bastien-le-flem-performe-en-para-tir-a-larc.jpg","articleSection":["S\u00e9curit\u00e9 Du Travail En Ile-De-France Et Divers:"],"inLanguage":"fr-FR"},{"@type":"WebPage","@id":"https:\/\/www.accidentdutravail-idf.net\/blog\/malestroit-apres-un-accident-du-travail-bastien-le-flem-performe-en-para-tir-a-larc\/","url":"https:\/\/www.accidentdutravail-idf.net\/blog\/malestroit-apres-un-accident-du-travail-bastien-le-flem-performe-en-para-tir-a-larc\/","name":"Malestroit : apr\u00e8s un accident du travail, Bastien Le Flem performe en para tir \u00e0 l\u2019arc - ACCIDENTDUTRAVAIL-IDF","isPartOf":{"@id":"https:\/\/www.accidentdutravail-idf.net\/blog\/#website"},"primaryImageOfPage":{"@id":"https:\/\/www.accidentdutravail-idf.net\/blog\/malestroit-apres-un-accident-du-travail-bastien-le-flem-performe-en-para-tir-a-larc\/#primaryimage"},"image":{"@id":"https:\/\/www.accidentdutravail-idf.net\/blog\/malestroit-apres-un-accident-du-travail-bastien-le-flem-performe-en-para-tir-a-larc\/#primaryimage"},"thumbnailUrl":"https:\/\/www.accidentdutravail-idf.net\/blog\/wp-content\/uploads\/2024\/11\/malestroit-apres-un-accident-du-travail-bastien-le-flem-performe-en-para-tir-a-larc.jpg","datePublished":"2024-11-09T23:55:00+00:00","description":"Malestroit : apr\u00e8s un accident du travail, Bastien Le Flem performe en para tir \u00e0 l\u2019arc article de ACCIDENTDUTRAVAIL-IDF","breadcrumb":{"@id":"https:\/\/www.accidentdutravail-idf.net\/blog\/malestroit-apres-un-accident-du-travail-bastien-le-flem-performe-en-para-tir-a-larc\/#breadcrumb"},"inLanguage":"fr-FR","potentialAction":[{"@type":"ReadAction","target":["https:\/\/www.accidentdutravail-idf.net\/blog\/malestroit-apres-un-accident-du-travail-bastien-le-flem-performe-en-para-tir-a-larc\/"]}]},{"@type":"ImageObject","inLanguage":"fr-FR","@id":"https:\/\/www.accidentdutravail-idf.net\/blog\/malestroit-apres-un-accident-du-travail-bastien-le-flem-performe-en-para-tir-a-larc\/#primaryimage","url":"https:\/\/www.accidentdutravail-idf.net\/blog\/wp-content\/uploads\/2024\/11\/malestroit-apres-un-accident-du-travail-bastien-le-flem-performe-en-para-tir-a-larc.jpg","contentUrl":"https:\/\/www.accidentdutravail-idf.net\/blog\/wp-content\/uploads\/2024\/11\/malestroit-apres-un-accident-du-travail-bastien-le-flem-performe-en-para-tir-a-larc.jpg"},{"@type":"BreadcrumbList","@id":"https:\/\/www.accidentdutravail-idf.net\/blog\/malestroit-apres-un-accident-du-travail-bastien-le-flem-performe-en-para-tir-a-larc\/#breadcrumb","itemListElement":[{"@type":"ListItem","position":1,"name":"Accueil","item":"https:\/\/www.accidentdutravail-idf.net\/blog\/"},{"@type":"ListItem","position":2,"name":"Malestroit : apr\u00e8s un accident du travail, Bastien Le Flem performe en para tir \u00e0 l\u2019arc"}]},{"@type":"WebSite","@id":"https:\/\/www.accidentdutravail-idf.net\/blog\/#website","url":"https:\/\/www.accidentdutravail-idf.net\/blog\/","name":"ACCIDENTDUTRAVAIL-IDF","description":"Portail accidents du travail-maladies professionnelles des entreprises d&#039;Ile-de-France","publisher":{"@id":"https:\/\/www.accidentdutravail-idf.net\/blog\/#organization"},"potentialAction":[{"@type":"SearchAction","target":{"@type":"EntryPoint","urlTemplate":"https:\/\/www.accidentdutravail-idf.net\/blog\/?s={search_term_string}"},"query-input":{"@type":"PropertyValueSpecification","valueRequired":true,"valueName":"search_term_string"}}],"inLanguage":"fr-FR"},{"@type":"Organization","@id":"https:\/\/www.accidentdutravail-idf.net\/blog\/#organization","name":"accidentdutravail-idf","url":"https:\/\/www.accidentdutravail-idf.net\/blog\/","logo":{"@type":"ImageObject","inLanguage":"fr-FR","@id":"https:\/\/www.accidentdutravail-idf.net\/blog\/#\/schema\/logo\/image\/","url":"https:\/\/www.accidentdutravail-idf.net\/blog\/wp-content\/uploads\/2022\/09\/logo-2.png","contentUrl":"https:\/\/www.accidentdutravail-idf.net\/blog\/wp-content\/uploads\/2022\/09\/logo-2.png","width":380,"height":291,"caption":"accidentdutravail-idf"},"image":{"@id":"https:\/\/www.accidentdutravail-idf.net\/blog\/#\/schema\/logo\/image\/"}},{"@type":"Person","@id":"https:\/\/www.accidentdutravail-idf.net\/blog\/#\/schema\/person\/3255d2f970de45e64bd9201f38e7b947","name":"Carlos Poulain","image":{"@type":"ImageObject","inLanguage":"fr-FR","@id":"https:\/\/secure.gravatar.com\/avatar\/b1c2f9d3588e34e91adb093635df64ef4b2381991216be7576466cfcdca4baf3?s=96&d=mm&r=g","url":"https:\/\/secure.gravatar.com\/avatar\/b1c2f9d3588e34e91adb093635df64ef4b2381991216be7576466cfcdca4baf3?s=96&d=mm&r=g","contentUrl":"https:\/\/secure.gravatar.com\/avatar\/b1c2f9d3588e34e91adb093635df64ef4b2381991216be7576466cfcdca4baf3?s=96&d=mm&r=g","caption":"Carlos Poulain"},"url":"https:\/\/www.accidentdutravail-idf.net\/blog\/author\/idfcarlos\/"}]}},"_links":{"self":[{"href":"https:\/\/www.accidentdutravail-idf.net\/blog\/wp-json\/wp\/v2\/posts\/992","targetHints":{"allow":["GET"]}}],"collection":[{"href":"https:\/\/www.accidentdutravail-idf.net\/blog\/wp-json\/wp\/v2\/posts"}],"about":[{"href":"https:\/\/www.accidentdutravail-idf.net\/blog\/wp-json\/wp\/v2\/types\/post"}],"author":[{"embeddable":true,"href":"https:\/\/www.accidentdutravail-idf.net\/blog\/wp-json\/wp\/v2\/users\/2"}],"replies":[{"embeddable":true,"href":"https:\/\/www.accidentdutravail-idf.net\/blog\/wp-json\/wp\/v2\/comments?post=992"}],"version-history":[{"count":0,"href":"https:\/\/www.accidentdutravail-idf.net\/blog\/wp-json\/wp\/v2\/posts\/992\/revisions"}],"wp:attachment":[{"href":"https:\/\/www.accidentdutravail-idf.net\/blog\/wp-json\/wp\/v2\/media?parent=992"}],"wp:term":[{"taxonomy":"category","embeddable":true,"href":"https:\/\/www.accidentdutravail-idf.net\/blog\/wp-json\/wp\/v2\/categories?post=992"},{"taxonomy":"post_tag","embeddable":true,"href":"https:\/\/www.accidentdutravail-idf.net\/blog\/wp-json\/wp\/v2\/tags?post=992"}],"curies":[{"name":"wp","href":"https:\/\/api.w.org\/{rel}","templated":true}]}}