{"id":991,"date":"2024-11-09T15:00:00","date_gmt":"2024-11-09T14:00:00","guid":{"rendered":"https:\/\/www.accidentdutravail-idf.net\/blog\/exclusif-la-ministre-du-travail-astrid-panosyan-bouvet-alerte-sur-les-difficultes-des-entreprises-francaises\/"},"modified":"2024-11-09T15:00:00","modified_gmt":"2024-11-09T14:00:00","slug":"exclusif-la-ministre-du-travail-astrid-panosyan-bouvet-alerte-sur-les-difficultes-des-entreprises-francaises","status":"publish","type":"post","link":"https:\/\/www.accidentdutravail-idf.net\/blog\/exclusif-la-ministre-du-travail-astrid-panosyan-bouvet-alerte-sur-les-difficultes-des-entreprises-francaises\/","title":{"rendered":"EXCLUSIF &#8211; La ministre du Travail Astrid Panosyan-Bouvet alerte sur les difficult\u00e9s des entreprises fran\u00e7aises"},"content":{"rendered":"<div><img decoding=\"async\" src=\"https:\/\/www.accidentdutravail-idf.net\/blog\/wp-content\/uploads\/2024\/11\/exclusif-la-ministre-du-travail-astrid-panosyan-bouvet-alerte-sur-les-difficultes-des-entreprises-francaises.jpg\" class=\"ff-og-image-inserted\"><\/div>\n<p><strong>Le JDD. Auchan et Michelin ont annonc\u00e9 cette semaine la suppression de 3&nbsp;600&nbsp;emplois, faut-il s\u2019inqui\u00e9ter d\u2019une d\u00e9gradation du climat \u00e9conomique&nbsp;?<\/strong><\/p>\n<p><strong>Astrid Panosyan-Bouvet.<\/strong> Je veux d\u2019abord avoir une pens\u00e9e pour les salari\u00e9s affect\u00e9s et leurs familles. Leur continuit\u00e9 professionnelle et salariale est une priorit\u00e9 des minist\u00e8res du Travail et de l\u2019\u00c9conomie, et les op\u00e9rateurs publics comme France Travail sont mobilis\u00e9s. Les conditions \u00e9conomiques se durcissent sensiblement, avec une acc\u00e9l\u00e9ration du nombre de proc\u00e9dures collectives ouvertes par les entreprises en difficult\u00e9. Avec, de surcro\u00eet, des transformations structurelles dans l\u2019automobile ou la grande distribution comme l\u2019illustrent les entreprises que vous citez. Le co\u00fbt de l\u2019\u00e9nergie n\u2019a pas non plus retrouv\u00e9 son niveau d\u2019avant la guerre en Ukraine. Ces fragilit\u00e9s exigent de poursuivre une politique de l\u2019offre qui a donn\u00e9 de bons r\u00e9sultats&nbsp;: stabilit\u00e9 fiscale globale, accompagnement face aux mutations \u00e9conomiques, r\u00e9ponse de fermet\u00e9 europ\u00e9enne face \u00e0 une concurrence accrue et parfois d\u00e9loyale de concurrents chinois ou indiens, all\u00e8gement des contraintes li\u00e9es \u00e0 la surtransposition des textes europ\u00e9ens. C\u2019est \u00e0 ces conditions que nous d\u00e9fendrons l\u2019activit\u00e9 et l\u2019emploi dans les prochaines ann\u00e9es.<\/p>\n<div>\n<p><strong>Maintenir la stabilit\u00e9 de la politique de l\u2019offre&nbsp;? Pourtant, votre gouvernement veut restreindre les all\u00e8gements de charges sur les bas salaires. Le groupe Ensemble pour la R\u00e9publique a d\u2019ailleurs supprim\u00e9 cette disposition\u2026<\/strong><\/p>\n<p>La question du co\u00fbt du travail est fondamentale. Contrairement \u00e0 d\u2019autres pays europ\u00e9ens, la France finance une grande partie de la protection sociale sur les salaires. Il y a donc une grosse diff\u00e9rence entre ce que l\u2019entreprise paie pour la valeur du travail et ce qui arrive dans la poche du salari\u00e9. Pour compenser cet \u00e9cart, nous d\u00e9ployons depuis trente&nbsp;ans des politiques d\u2019all\u00e8gements g\u00e9n\u00e9ralis\u00e9s de cotisations patronales. En m\u00eame temps, pour am\u00e9liorer le revenu net et inciter au travail des salari\u00e9s, nous versons la prime d\u2019activit\u00e9 et d\u2019autres aides. Ce syst\u00e8me atteint ses limites. Les all\u00e8gements de cotisations patronales co\u00fbtent cher&nbsp;: 80&nbsp;milliards d\u2019euros, une fois et demie le budget de l\u2019\u00c9ducation nationale. Avec en plus un effet pervers de \u00ab&nbsp;trappes \u00e0 bas salaires&nbsp;\u00bb&nbsp;: une augmentation de salaire co\u00fbte tr\u00e8s cher \u00e0 l\u2019entreprise et ne rapporte pas assez \u00e0 l\u2019employ\u00e9.<\/p>\n<p>S\u2019y ajoute, dans certaines situations, le d\u00e9couragement \u00e0 augmenter une activit\u00e9, quand un meilleur salaire vous fait perdre des aides. D\u2019o\u00f9 d\u2019ailleurs la pertinence de la mise en \u0153uvre d\u2019une allocation sociale unique ou unifi\u00e9e (ASU) comme le souhaite le Premier ministre. Sur le projet du gouvernement de revoir les all\u00e8gements de cotisations, je le redis, je suis pr\u00eate \u00e0 une \u00e9volution du texte qui est en discussion, en particulier pour att\u00e9nuer ses effets au niveau du Smic. Je propose aussi une clause de revoyure l\u2019ann\u00e9e prochaine pour mesurer les impacts de cette mesure. En supprimant cet article, les d\u00e9put\u00e9s ont emp\u00each\u00e9 la tenue de ce d\u00e9bat. Je le regrette, mais le gouvernement a donn\u00e9 tous les \u00e9l\u00e9ments aux parlementaires pour am\u00e9liorer cette mesure.<\/p>\n<div class=\"lmn-inread lmn-desk\"> <span>La suite apr\u00e8s cette publicit\u00e9<\/span> <\/div>\n<blockquote class=\"exergue\">\n<p>Le co\u00fbt de l\u2019\u00e9nergie n\u2019a pas non plus retrouv\u00e9 son niveau d\u2019avant la guerre en Ukraine<\/p>\n<\/blockquote>\n<p><strong>Dans cette r\u00e9flexion, doit-on explorer l\u2019id\u00e9e d\u2019un transfert d\u2019une partie du financement de notre syst\u00e8me social, sur la consommation, par exemple en augmentant la TVA&nbsp;?<\/strong><\/p>\n<p>Il est l\u00e9gitime de s\u2019interroger sur le financement de notre s\u00e9curit\u00e9 sociale, vu certains de ses d\u00e9fauts que j\u2019ai \u00e9voqu\u00e9s. Mais ce sujet n\u2019est pas \u00e0 l\u2019ordre du jour, et la mesure que vous \u00e9voquez ne l\u2019est absolument pas. L\u2019urgence, c\u2019est le budget 2025.<\/p>\n<p><strong>Vous avez donn\u00e9 aux partenaires sociaux jusqu\u2019au 15&nbsp;novembre pour d\u00e9gager 400&nbsp;millions d\u2019\u00e9conomies sur l\u2019assurance ch\u00f4mage. Souhaitez-vous, dans ce cadre, reposer la question des conditions d\u2019acc\u00e8s aux indemnit\u00e9s&nbsp;?<\/strong><\/p>\n<p>Non, nous leur avons tendu la main pour reprendre la n\u00e9gociation l\u00e0 o\u00f9 ils l\u2019avaient laiss\u00e9e et la compl\u00e9ter. Je ne veux pas pr\u00e9empter la discussion. Le Premier ministre et moi voulons avancer en confiance avec les partenaires sociaux parce que nous sommes convaincus que l\u2019apaisement du dialogue social a de la valeur, notamment dans un contexte \u00e9conomique aussi incertain.<\/p>\n<blockquote class=\"exergue\">\n<p>\u00ab&nbsp;La question du co\u00fbt du travail est fondamentale&nbsp;\u00bb<\/p>\n<\/blockquote>\n<p><strong>Vous les avez \u00e9galement mandat\u00e9s sur le maintien des seniors dans l\u2019emploi. Quel niveau d\u2019ambition leur fixez-vous&nbsp;?<\/strong><\/p>\n<p>Je veux le plein-emploi des seniors et je prends tout ce qui marche. Le taux d\u2019emploi des seniors de plus de 60&nbsp;ans ne d\u00e9passe pas 35&nbsp;% depuis les ann\u00e9es 1980 alors qu\u2019il est de 70&nbsp;% en Su\u00e8de ou en Allemagne. C\u2019est un immense g\u00e2chis social et \u00e9conomique. Les partenaires sociaux sont conscients de l\u2019enjeu. Il y a plusieurs pistes explor\u00e9es, comme l\u2019id\u00e9e d\u2019un entretien \u00e0 mi-carri\u00e8re pour faire un bilan \u00e0 360&nbsp;degr\u00e9s sur la sant\u00e9, les comp\u00e9tences, les am\u00e9nagements de postes ou les perspectives de reconversion. Nous devons \u00e9galement nous attaquer \u00e0 la discrimination des ch\u00f4meurs seniors&nbsp;: \u00e0 55&nbsp;ans, on a tr\u00e8s peu de chance d\u2019\u00eatre convoqu\u00e9 \u00e0 un entretien d\u2019embauche. Faut-il \u00e9tablir un contrat \u00ab&nbsp;senior&nbsp;\u00bb de valorisation de l\u2019exp\u00e9rience pour inciter les entreprises \u00e0 recruter&nbsp;? Explorons toute la bo\u00eete \u00e0 outils pour qu\u2019elle soit la plus simple \u00e0 utiliser.<\/p>\n<p><strong>Vous avez \u00e9cart\u00e9 l\u2019abrogation de la r\u00e9forme des retraites, pour autant il faudra rouvrir le dossier&nbsp;: malgr\u00e9 les 64&nbsp;ans, le syst\u00e8me est \u00e0 nouveau d\u00e9ficitaire et les perspectives sont mauvaises\u2026<\/strong><\/p>\n<p>Cette r\u00e9forme \u00e9tait donc cruciale pour prendre en compte l\u2019\u00e9volution de la d\u00e9mographie. Mais je sais qu\u2019elle a \u00e9t\u00e9 source d\u2019anxi\u00e9t\u00e9. Avec le Premier ministre, nous avons choisi de rouvrir des discussions sur les possibles am\u00e9nagements tout en respectant les imp\u00e9ratifs financiers. Tout est li\u00e9&nbsp;: l\u2019emploi des seniors est imp\u00e9ratif pour limiter le d\u00e9ficit des retraites. Il est abord\u00e9 en ce moment par les partenaires sociaux, en ce qui concerne la retraite progressive notamment.<\/p>\n<p><strong>Partagez-vous la vision du ministre de l\u2019\u00e9conomie <a href=\"https:\/\/www.lejdd.fr\/politique\/exclusif-la-premiere-interview-du-nouveau-ministre-de-leconomie-antoine-armand-149726\" target=\"_blank\" rel=\"noopener nofollow\">Antoine Armand<\/a> selon laquelle il n\u2019y a pas d\u2019autre chemin que d\u2019augmenter la quantit\u00e9 de travail pour nourrir la croissance&nbsp;?<\/strong><\/p>\n<p>Je l\u2019ai dit \u00e0 la tribune de l\u2019Assembl\u00e9e nationale il y a dix&nbsp;jours d\u00e9j\u00e0&nbsp;: oui, il faut travailler plus, mieux, et en meilleure sant\u00e9. Quand vous regardez le nombre d\u2019heures travaill\u00e9es en France par rapport \u00e0 l\u2019Allemagne ou l\u2019Angleterre, il y a un diff\u00e9rentiel important. Mais \u00e7a n\u2019est pas une question de nombre d\u2019heures par semaine ou de jours f\u00e9ri\u00e9s. Le probl\u00e8me doit se regarder sur la vie enti\u00e8re. En France, les jeunes entrent tard dans le monde du travail et les seniors en sortent plus t\u00f4t. C\u2019est le sujet auquel nous devons nous attaquer pour collectivement produire plus de richesse.<\/p>\n<p><strong>Votre coll\u00e8gue Guillaume Kasbarian, \u00e0 la Fonction publique, pose le sujet des arr\u00eats maladie. Comment r\u00e9soudre cette \u00ab&nbsp;crise existentielle&nbsp;\u00bb du rapport au travail&nbsp;?<\/strong><\/p>\n<p>Dans le secteur priv\u00e9, les arr\u00eats de travail co\u00fbtent 17&nbsp;milliards d\u2019euros \u00e0 la S\u00e9curit\u00e9 sociale en 2024, contre 8&nbsp;milliards il y a dix&nbsp;ans. C\u2019est la raison pour laquelle, apr\u00e8s avoir pris des premi\u00e8res mesures dans le projet de loi de financement de la S\u00e9curit\u00e9 sociale, nous ouvrirons ce chapitre au premier trimestre de l\u2019ann\u00e9e prochaine avec les syndicats, le patronat et les f\u00e9d\u00e9rations professionnelles sans rien \u00e9luder&nbsp;: pr\u00e9vention et sant\u00e9 au travail, dialogue de proximit\u00e9 mais aussi suivi de l\u2019absent\u00e9isme, abus\u2026 Il faut un meilleur \u00e9quilibre entre responsabilit\u00e9 individuelle, responsabilit\u00e9 de l\u2019entreprise et solidarit\u00e9 nationale.<\/p>\n<\/div>\n<p>accidentdutravail-idf.net vous a pr\u00e9par\u00e9 ce post qui informe du sujet \u00ab\u00a0Association Sportive Huisson-Longueville Essonne\u00a0\u00bb. La chronique se veut g\u00e9n\u00e9r\u00e9e du mieux possible. Vous pouvez utiliser les coordonn\u00e9es indiqu\u00e9es sur le site dans le but d\u2019apporter des explications sur ce post qui parle du th\u00e8me \u00ab\u00a0Association Sportive Huisson-Longueville Essonne\u00a0\u00bb. Le site accidentdutravail-idf.net a pour but de fournir diverses publications sur la th\u00e9matique Association Sportive Huisson-Longueville Essonne diffus\u00e9es sur le net. Il y aura plusieurs articles autour du sujet \u00ab\u00a0Association Sportive Huisson-Longueville Essonne\u00a0\u00bb dans quelques jours, nous vous invitons \u00e0 naviguer sur notre site web \u00e0 plusieurs reprises.<\/p>\n","protected":false},"excerpt":{"rendered":"<p>Le JDD. Auchan et Michelin ont annonc\u00e9 cette semaine la suppression de 3&nbsp;600&nbsp;emplois, faut-il s\u2019inqui\u00e9ter d\u2019une d\u00e9gradation du climat \u00e9conomique&nbsp;? Astrid Panosyan-Bouvet. Je veux d\u2019abord avoir une pens\u00e9e pour les salari\u00e9s affect\u00e9s et leurs familles. Leur continuit\u00e9 professionnelle et salariale est une priorit\u00e9 des minist\u00e8res du Travail et de l\u2019\u00c9conomie, et les op\u00e9rateurs publics comme &hellip; <\/p>\n<p class=\"link-more\"><a href=\"https:\/\/www.accidentdutravail-idf.net\/blog\/exclusif-la-ministre-du-travail-astrid-panosyan-bouvet-alerte-sur-les-difficultes-des-entreprises-francaises\/\" class=\"more-link\">Continuer la lecture <span class=\"screen-reader-text\"> \u00ab\u00a0EXCLUSIF &#8211; La ministre du Travail Astrid Panosyan-Bouvet alerte sur les difficult\u00e9s des entreprises fran\u00e7aises\u00a0\u00bb<\/span><\/a><\/p>\n","protected":false},"author":2,"featured_media":0,"comment_status":"closed","ping_status":"closed","sticky":false,"template":"","format":"standard","meta":{"footnotes":""},"categories":[5],"tags":[],"class_list":["post-991","post","type-post","status-publish","format-standard","hentry","category-securite-du-travail-en-ile-de-france-et-divers","entry"],"yoast_head":"<!-- This site is optimized with the Yoast SEO plugin v27.5 - https:\/\/yoast.com\/product\/yoast-seo-wordpress\/ -->\n<title>EXCLUSIF - La ministre du Travail Astrid Panosyan-Bouvet alerte sur les difficult\u00e9s des entreprises fran\u00e7aises - ACCIDENTDUTRAVAIL-IDF<\/title>\n<meta name=\"description\" content=\"EXCLUSIF - La ministre du Travail Astrid Panosyan-Bouvet alerte sur les difficult\u00e9s des entreprises fran\u00e7aises article de ACCIDENTDUTRAVAIL-IDF\" \/>\n<meta name=\"robots\" content=\"index, follow, max-snippet:-1, max-image-preview:large, max-video-preview:-1\" \/>\n<link rel=\"canonical\" href=\"https:\/\/www.accidentdutravail-idf.net\/blog\/exclusif-la-ministre-du-travail-astrid-panosyan-bouvet-alerte-sur-les-difficultes-des-entreprises-francaises\/\" \/>\n<meta property=\"og:locale\" content=\"fr_FR\" \/>\n<meta property=\"og:type\" content=\"article\" \/>\n<meta property=\"og:title\" content=\"EXCLUSIF - La ministre du Travail Astrid Panosyan-Bouvet alerte sur les difficult\u00e9s des entreprises fran\u00e7aises - ACCIDENTDUTRAVAIL-IDF\" \/>\n<meta property=\"og:description\" content=\"EXCLUSIF - La ministre du Travail Astrid Panosyan-Bouvet alerte sur les difficult\u00e9s des entreprises fran\u00e7aises article de ACCIDENTDUTRAVAIL-IDF\" \/>\n<meta property=\"og:url\" content=\"https:\/\/www.accidentdutravail-idf.net\/blog\/exclusif-la-ministre-du-travail-astrid-panosyan-bouvet-alerte-sur-les-difficultes-des-entreprises-francaises\/\" \/>\n<meta property=\"og:site_name\" content=\"ACCIDENTDUTRAVAIL-IDF\" \/>\n<meta property=\"article:published_time\" content=\"2024-11-09T14:00:00+00:00\" \/>\n<meta property=\"og:image\" content=\"https:\/\/www.accidentdutravail-idf.net\/blog\/wp-content\/uploads\/2024\/11\/exclusif-la-ministre-du-travail-astrid-panosyan-bouvet-alerte-sur-les-difficultes-des-entreprises-francaises.jpg\" \/>\n<meta name=\"author\" content=\"Carlos Poulain\" \/>\n<meta name=\"twitter:card\" content=\"summary_large_image\" \/>\n<meta name=\"twitter:label1\" content=\"\u00c9crit par\" \/>\n\t<meta name=\"twitter:data1\" content=\"Carlos Poulain\" \/>\n\t<meta name=\"twitter:label2\" content=\"Dur\u00e9e de lecture estim\u00e9e\" \/>\n\t<meta name=\"twitter:data2\" content=\"7 minutes\" \/>\n<script type=\"application\/ld+json\" class=\"yoast-schema-graph\">{\"@context\":\"https:\\\/\\\/schema.org\",\"@graph\":[{\"@type\":\"Article\",\"@id\":\"https:\\\/\\\/www.accidentdutravail-idf.net\\\/blog\\\/exclusif-la-ministre-du-travail-astrid-panosyan-bouvet-alerte-sur-les-difficultes-des-entreprises-francaises\\\/#article\",\"isPartOf\":{\"@id\":\"https:\\\/\\\/www.accidentdutravail-idf.net\\\/blog\\\/exclusif-la-ministre-du-travail-astrid-panosyan-bouvet-alerte-sur-les-difficultes-des-entreprises-francaises\\\/\"},\"author\":{\"name\":\"Carlos Poulain\",\"@id\":\"https:\\\/\\\/www.accidentdutravail-idf.net\\\/blog\\\/#\\\/schema\\\/person\\\/3255d2f970de45e64bd9201f38e7b947\"},\"headline\":\"EXCLUSIF &#8211; La ministre du Travail Astrid Panosyan-Bouvet alerte sur les difficult\u00e9s des entreprises fran\u00e7aises\",\"datePublished\":\"2024-11-09T14:00:00+00:00\",\"mainEntityOfPage\":{\"@id\":\"https:\\\/\\\/www.accidentdutravail-idf.net\\\/blog\\\/exclusif-la-ministre-du-travail-astrid-panosyan-bouvet-alerte-sur-les-difficultes-des-entreprises-francaises\\\/\"},\"wordCount\":1504,\"publisher\":{\"@id\":\"https:\\\/\\\/www.accidentdutravail-idf.net\\\/blog\\\/#organization\"},\"image\":{\"@id\":\"https:\\\/\\\/www.accidentdutravail-idf.net\\\/blog\\\/exclusif-la-ministre-du-travail-astrid-panosyan-bouvet-alerte-sur-les-difficultes-des-entreprises-francaises\\\/#primaryimage\"},\"thumbnailUrl\":\"https:\\\/\\\/www.accidentdutravail-idf.net\\\/blog\\\/wp-content\\\/uploads\\\/2024\\\/11\\\/exclusif-la-ministre-du-travail-astrid-panosyan-bouvet-alerte-sur-les-difficultes-des-entreprises-francaises.jpg\",\"articleSection\":[\"S\u00e9curit\u00e9 Du Travail En Ile-De-France Et Divers:\"],\"inLanguage\":\"fr-FR\"},{\"@type\":\"WebPage\",\"@id\":\"https:\\\/\\\/www.accidentdutravail-idf.net\\\/blog\\\/exclusif-la-ministre-du-travail-astrid-panosyan-bouvet-alerte-sur-les-difficultes-des-entreprises-francaises\\\/\",\"url\":\"https:\\\/\\\/www.accidentdutravail-idf.net\\\/blog\\\/exclusif-la-ministre-du-travail-astrid-panosyan-bouvet-alerte-sur-les-difficultes-des-entreprises-francaises\\\/\",\"name\":\"EXCLUSIF - La ministre du Travail Astrid Panosyan-Bouvet alerte sur les difficult\u00e9s des entreprises fran\u00e7aises - ACCIDENTDUTRAVAIL-IDF\",\"isPartOf\":{\"@id\":\"https:\\\/\\\/www.accidentdutravail-idf.net\\\/blog\\\/#website\"},\"primaryImageOfPage\":{\"@id\":\"https:\\\/\\\/www.accidentdutravail-idf.net\\\/blog\\\/exclusif-la-ministre-du-travail-astrid-panosyan-bouvet-alerte-sur-les-difficultes-des-entreprises-francaises\\\/#primaryimage\"},\"image\":{\"@id\":\"https:\\\/\\\/www.accidentdutravail-idf.net\\\/blog\\\/exclusif-la-ministre-du-travail-astrid-panosyan-bouvet-alerte-sur-les-difficultes-des-entreprises-francaises\\\/#primaryimage\"},\"thumbnailUrl\":\"https:\\\/\\\/www.accidentdutravail-idf.net\\\/blog\\\/wp-content\\\/uploads\\\/2024\\\/11\\\/exclusif-la-ministre-du-travail-astrid-panosyan-bouvet-alerte-sur-les-difficultes-des-entreprises-francaises.jpg\",\"datePublished\":\"2024-11-09T14:00:00+00:00\",\"description\":\"EXCLUSIF - La ministre du Travail Astrid Panosyan-Bouvet alerte sur les difficult\u00e9s des entreprises fran\u00e7aises article de ACCIDENTDUTRAVAIL-IDF\",\"breadcrumb\":{\"@id\":\"https:\\\/\\\/www.accidentdutravail-idf.net\\\/blog\\\/exclusif-la-ministre-du-travail-astrid-panosyan-bouvet-alerte-sur-les-difficultes-des-entreprises-francaises\\\/#breadcrumb\"},\"inLanguage\":\"fr-FR\",\"potentialAction\":[{\"@type\":\"ReadAction\",\"target\":[\"https:\\\/\\\/www.accidentdutravail-idf.net\\\/blog\\\/exclusif-la-ministre-du-travail-astrid-panosyan-bouvet-alerte-sur-les-difficultes-des-entreprises-francaises\\\/\"]}]},{\"@type\":\"ImageObject\",\"inLanguage\":\"fr-FR\",\"@id\":\"https:\\\/\\\/www.accidentdutravail-idf.net\\\/blog\\\/exclusif-la-ministre-du-travail-astrid-panosyan-bouvet-alerte-sur-les-difficultes-des-entreprises-francaises\\\/#primaryimage\",\"url\":\"https:\\\/\\\/www.accidentdutravail-idf.net\\\/blog\\\/wp-content\\\/uploads\\\/2024\\\/11\\\/exclusif-la-ministre-du-travail-astrid-panosyan-bouvet-alerte-sur-les-difficultes-des-entreprises-francaises.jpg\",\"contentUrl\":\"https:\\\/\\\/www.accidentdutravail-idf.net\\\/blog\\\/wp-content\\\/uploads\\\/2024\\\/11\\\/exclusif-la-ministre-du-travail-astrid-panosyan-bouvet-alerte-sur-les-difficultes-des-entreprises-francaises.jpg\"},{\"@type\":\"BreadcrumbList\",\"@id\":\"https:\\\/\\\/www.accidentdutravail-idf.net\\\/blog\\\/exclusif-la-ministre-du-travail-astrid-panosyan-bouvet-alerte-sur-les-difficultes-des-entreprises-francaises\\\/#breadcrumb\",\"itemListElement\":[{\"@type\":\"ListItem\",\"position\":1,\"name\":\"Accueil\",\"item\":\"https:\\\/\\\/www.accidentdutravail-idf.net\\\/blog\\\/\"},{\"@type\":\"ListItem\",\"position\":2,\"name\":\"EXCLUSIF &#8211; La ministre du Travail Astrid Panosyan-Bouvet alerte sur les difficult\u00e9s des entreprises fran\u00e7aises\"}]},{\"@type\":\"WebSite\",\"@id\":\"https:\\\/\\\/www.accidentdutravail-idf.net\\\/blog\\\/#website\",\"url\":\"https:\\\/\\\/www.accidentdutravail-idf.net\\\/blog\\\/\",\"name\":\"ACCIDENTDUTRAVAIL-IDF\",\"description\":\"Portail accidents du travail-maladies professionnelles des entreprises d&#039;Ile-de-France\",\"publisher\":{\"@id\":\"https:\\\/\\\/www.accidentdutravail-idf.net\\\/blog\\\/#organization\"},\"potentialAction\":[{\"@type\":\"SearchAction\",\"target\":{\"@type\":\"EntryPoint\",\"urlTemplate\":\"https:\\\/\\\/www.accidentdutravail-idf.net\\\/blog\\\/?s={search_term_string}\"},\"query-input\":{\"@type\":\"PropertyValueSpecification\",\"valueRequired\":true,\"valueName\":\"search_term_string\"}}],\"inLanguage\":\"fr-FR\"},{\"@type\":\"Organization\",\"@id\":\"https:\\\/\\\/www.accidentdutravail-idf.net\\\/blog\\\/#organization\",\"name\":\"accidentdutravail-idf\",\"url\":\"https:\\\/\\\/www.accidentdutravail-idf.net\\\/blog\\\/\",\"logo\":{\"@type\":\"ImageObject\",\"inLanguage\":\"fr-FR\",\"@id\":\"https:\\\/\\\/www.accidentdutravail-idf.net\\\/blog\\\/#\\\/schema\\\/logo\\\/image\\\/\",\"url\":\"https:\\\/\\\/www.accidentdutravail-idf.net\\\/blog\\\/wp-content\\\/uploads\\\/2022\\\/09\\\/logo-2.png\",\"contentUrl\":\"https:\\\/\\\/www.accidentdutravail-idf.net\\\/blog\\\/wp-content\\\/uploads\\\/2022\\\/09\\\/logo-2.png\",\"width\":380,\"height\":291,\"caption\":\"accidentdutravail-idf\"},\"image\":{\"@id\":\"https:\\\/\\\/www.accidentdutravail-idf.net\\\/blog\\\/#\\\/schema\\\/logo\\\/image\\\/\"}},{\"@type\":\"Person\",\"@id\":\"https:\\\/\\\/www.accidentdutravail-idf.net\\\/blog\\\/#\\\/schema\\\/person\\\/3255d2f970de45e64bd9201f38e7b947\",\"name\":\"Carlos Poulain\",\"image\":{\"@type\":\"ImageObject\",\"inLanguage\":\"fr-FR\",\"@id\":\"https:\\\/\\\/secure.gravatar.com\\\/avatar\\\/b1c2f9d3588e34e91adb093635df64ef4b2381991216be7576466cfcdca4baf3?s=96&d=mm&r=g\",\"url\":\"https:\\\/\\\/secure.gravatar.com\\\/avatar\\\/b1c2f9d3588e34e91adb093635df64ef4b2381991216be7576466cfcdca4baf3?s=96&d=mm&r=g\",\"contentUrl\":\"https:\\\/\\\/secure.gravatar.com\\\/avatar\\\/b1c2f9d3588e34e91adb093635df64ef4b2381991216be7576466cfcdca4baf3?s=96&d=mm&r=g\",\"caption\":\"Carlos Poulain\"},\"url\":\"https:\\\/\\\/www.accidentdutravail-idf.net\\\/blog\\\/author\\\/idfcarlos\\\/\"}]}<\/script>\n<!-- \/ Yoast SEO plugin. -->","yoast_head_json":{"title":"EXCLUSIF - La ministre du Travail Astrid Panosyan-Bouvet alerte sur les difficult\u00e9s des entreprises fran\u00e7aises - ACCIDENTDUTRAVAIL-IDF","description":"EXCLUSIF - La ministre du Travail Astrid Panosyan-Bouvet alerte sur les difficult\u00e9s des entreprises fran\u00e7aises article de ACCIDENTDUTRAVAIL-IDF","robots":{"index":"index","follow":"follow","max-snippet":"max-snippet:-1","max-image-preview":"max-image-preview:large","max-video-preview":"max-video-preview:-1"},"canonical":"https:\/\/www.accidentdutravail-idf.net\/blog\/exclusif-la-ministre-du-travail-astrid-panosyan-bouvet-alerte-sur-les-difficultes-des-entreprises-francaises\/","og_locale":"fr_FR","og_type":"article","og_title":"EXCLUSIF - La ministre du Travail Astrid Panosyan-Bouvet alerte sur les difficult\u00e9s des entreprises fran\u00e7aises - ACCIDENTDUTRAVAIL-IDF","og_description":"EXCLUSIF - La ministre du Travail Astrid Panosyan-Bouvet alerte sur les difficult\u00e9s des entreprises fran\u00e7aises article de ACCIDENTDUTRAVAIL-IDF","og_url":"https:\/\/www.accidentdutravail-idf.net\/blog\/exclusif-la-ministre-du-travail-astrid-panosyan-bouvet-alerte-sur-les-difficultes-des-entreprises-francaises\/","og_site_name":"ACCIDENTDUTRAVAIL-IDF","article_published_time":"2024-11-09T14:00:00+00:00","og_image":[{"url":"https:\/\/www.accidentdutravail-idf.net\/blog\/wp-content\/uploads\/2024\/11\/exclusif-la-ministre-du-travail-astrid-panosyan-bouvet-alerte-sur-les-difficultes-des-entreprises-francaises.jpg","type":"","width":"","height":""}],"author":"Carlos Poulain","twitter_card":"summary_large_image","twitter_misc":{"\u00c9crit par":"Carlos Poulain","Dur\u00e9e de lecture estim\u00e9e":"7 minutes"},"schema":{"@context":"https:\/\/schema.org","@graph":[{"@type":"Article","@id":"https:\/\/www.accidentdutravail-idf.net\/blog\/exclusif-la-ministre-du-travail-astrid-panosyan-bouvet-alerte-sur-les-difficultes-des-entreprises-francaises\/#article","isPartOf":{"@id":"https:\/\/www.accidentdutravail-idf.net\/blog\/exclusif-la-ministre-du-travail-astrid-panosyan-bouvet-alerte-sur-les-difficultes-des-entreprises-francaises\/"},"author":{"name":"Carlos Poulain","@id":"https:\/\/www.accidentdutravail-idf.net\/blog\/#\/schema\/person\/3255d2f970de45e64bd9201f38e7b947"},"headline":"EXCLUSIF &#8211; La ministre du Travail Astrid Panosyan-Bouvet alerte sur les difficult\u00e9s des entreprises fran\u00e7aises","datePublished":"2024-11-09T14:00:00+00:00","mainEntityOfPage":{"@id":"https:\/\/www.accidentdutravail-idf.net\/blog\/exclusif-la-ministre-du-travail-astrid-panosyan-bouvet-alerte-sur-les-difficultes-des-entreprises-francaises\/"},"wordCount":1504,"publisher":{"@id":"https:\/\/www.accidentdutravail-idf.net\/blog\/#organization"},"image":{"@id":"https:\/\/www.accidentdutravail-idf.net\/blog\/exclusif-la-ministre-du-travail-astrid-panosyan-bouvet-alerte-sur-les-difficultes-des-entreprises-francaises\/#primaryimage"},"thumbnailUrl":"https:\/\/www.accidentdutravail-idf.net\/blog\/wp-content\/uploads\/2024\/11\/exclusif-la-ministre-du-travail-astrid-panosyan-bouvet-alerte-sur-les-difficultes-des-entreprises-francaises.jpg","articleSection":["S\u00e9curit\u00e9 Du Travail En Ile-De-France Et Divers:"],"inLanguage":"fr-FR"},{"@type":"WebPage","@id":"https:\/\/www.accidentdutravail-idf.net\/blog\/exclusif-la-ministre-du-travail-astrid-panosyan-bouvet-alerte-sur-les-difficultes-des-entreprises-francaises\/","url":"https:\/\/www.accidentdutravail-idf.net\/blog\/exclusif-la-ministre-du-travail-astrid-panosyan-bouvet-alerte-sur-les-difficultes-des-entreprises-francaises\/","name":"EXCLUSIF - La ministre du Travail Astrid Panosyan-Bouvet alerte sur les difficult\u00e9s des entreprises fran\u00e7aises - ACCIDENTDUTRAVAIL-IDF","isPartOf":{"@id":"https:\/\/www.accidentdutravail-idf.net\/blog\/#website"},"primaryImageOfPage":{"@id":"https:\/\/www.accidentdutravail-idf.net\/blog\/exclusif-la-ministre-du-travail-astrid-panosyan-bouvet-alerte-sur-les-difficultes-des-entreprises-francaises\/#primaryimage"},"image":{"@id":"https:\/\/www.accidentdutravail-idf.net\/blog\/exclusif-la-ministre-du-travail-astrid-panosyan-bouvet-alerte-sur-les-difficultes-des-entreprises-francaises\/#primaryimage"},"thumbnailUrl":"https:\/\/www.accidentdutravail-idf.net\/blog\/wp-content\/uploads\/2024\/11\/exclusif-la-ministre-du-travail-astrid-panosyan-bouvet-alerte-sur-les-difficultes-des-entreprises-francaises.jpg","datePublished":"2024-11-09T14:00:00+00:00","description":"EXCLUSIF - La ministre du Travail Astrid Panosyan-Bouvet alerte sur les difficult\u00e9s des entreprises fran\u00e7aises article de ACCIDENTDUTRAVAIL-IDF","breadcrumb":{"@id":"https:\/\/www.accidentdutravail-idf.net\/blog\/exclusif-la-ministre-du-travail-astrid-panosyan-bouvet-alerte-sur-les-difficultes-des-entreprises-francaises\/#breadcrumb"},"inLanguage":"fr-FR","potentialAction":[{"@type":"ReadAction","target":["https:\/\/www.accidentdutravail-idf.net\/blog\/exclusif-la-ministre-du-travail-astrid-panosyan-bouvet-alerte-sur-les-difficultes-des-entreprises-francaises\/"]}]},{"@type":"ImageObject","inLanguage":"fr-FR","@id":"https:\/\/www.accidentdutravail-idf.net\/blog\/exclusif-la-ministre-du-travail-astrid-panosyan-bouvet-alerte-sur-les-difficultes-des-entreprises-francaises\/#primaryimage","url":"https:\/\/www.accidentdutravail-idf.net\/blog\/wp-content\/uploads\/2024\/11\/exclusif-la-ministre-du-travail-astrid-panosyan-bouvet-alerte-sur-les-difficultes-des-entreprises-francaises.jpg","contentUrl":"https:\/\/www.accidentdutravail-idf.net\/blog\/wp-content\/uploads\/2024\/11\/exclusif-la-ministre-du-travail-astrid-panosyan-bouvet-alerte-sur-les-difficultes-des-entreprises-francaises.jpg"},{"@type":"BreadcrumbList","@id":"https:\/\/www.accidentdutravail-idf.net\/blog\/exclusif-la-ministre-du-travail-astrid-panosyan-bouvet-alerte-sur-les-difficultes-des-entreprises-francaises\/#breadcrumb","itemListElement":[{"@type":"ListItem","position":1,"name":"Accueil","item":"https:\/\/www.accidentdutravail-idf.net\/blog\/"},{"@type":"ListItem","position":2,"name":"EXCLUSIF &#8211; La ministre du Travail Astrid Panosyan-Bouvet alerte sur les difficult\u00e9s des entreprises fran\u00e7aises"}]},{"@type":"WebSite","@id":"https:\/\/www.accidentdutravail-idf.net\/blog\/#website","url":"https:\/\/www.accidentdutravail-idf.net\/blog\/","name":"ACCIDENTDUTRAVAIL-IDF","description":"Portail accidents du travail-maladies professionnelles des entreprises d&#039;Ile-de-France","publisher":{"@id":"https:\/\/www.accidentdutravail-idf.net\/blog\/#organization"},"potentialAction":[{"@type":"SearchAction","target":{"@type":"EntryPoint","urlTemplate":"https:\/\/www.accidentdutravail-idf.net\/blog\/?s={search_term_string}"},"query-input":{"@type":"PropertyValueSpecification","valueRequired":true,"valueName":"search_term_string"}}],"inLanguage":"fr-FR"},{"@type":"Organization","@id":"https:\/\/www.accidentdutravail-idf.net\/blog\/#organization","name":"accidentdutravail-idf","url":"https:\/\/www.accidentdutravail-idf.net\/blog\/","logo":{"@type":"ImageObject","inLanguage":"fr-FR","@id":"https:\/\/www.accidentdutravail-idf.net\/blog\/#\/schema\/logo\/image\/","url":"https:\/\/www.accidentdutravail-idf.net\/blog\/wp-content\/uploads\/2022\/09\/logo-2.png","contentUrl":"https:\/\/www.accidentdutravail-idf.net\/blog\/wp-content\/uploads\/2022\/09\/logo-2.png","width":380,"height":291,"caption":"accidentdutravail-idf"},"image":{"@id":"https:\/\/www.accidentdutravail-idf.net\/blog\/#\/schema\/logo\/image\/"}},{"@type":"Person","@id":"https:\/\/www.accidentdutravail-idf.net\/blog\/#\/schema\/person\/3255d2f970de45e64bd9201f38e7b947","name":"Carlos Poulain","image":{"@type":"ImageObject","inLanguage":"fr-FR","@id":"https:\/\/secure.gravatar.com\/avatar\/b1c2f9d3588e34e91adb093635df64ef4b2381991216be7576466cfcdca4baf3?s=96&d=mm&r=g","url":"https:\/\/secure.gravatar.com\/avatar\/b1c2f9d3588e34e91adb093635df64ef4b2381991216be7576466cfcdca4baf3?s=96&d=mm&r=g","contentUrl":"https:\/\/secure.gravatar.com\/avatar\/b1c2f9d3588e34e91adb093635df64ef4b2381991216be7576466cfcdca4baf3?s=96&d=mm&r=g","caption":"Carlos Poulain"},"url":"https:\/\/www.accidentdutravail-idf.net\/blog\/author\/idfcarlos\/"}]}},"_links":{"self":[{"href":"https:\/\/www.accidentdutravail-idf.net\/blog\/wp-json\/wp\/v2\/posts\/991","targetHints":{"allow":["GET"]}}],"collection":[{"href":"https:\/\/www.accidentdutravail-idf.net\/blog\/wp-json\/wp\/v2\/posts"}],"about":[{"href":"https:\/\/www.accidentdutravail-idf.net\/blog\/wp-json\/wp\/v2\/types\/post"}],"author":[{"embeddable":true,"href":"https:\/\/www.accidentdutravail-idf.net\/blog\/wp-json\/wp\/v2\/users\/2"}],"replies":[{"embeddable":true,"href":"https:\/\/www.accidentdutravail-idf.net\/blog\/wp-json\/wp\/v2\/comments?post=991"}],"version-history":[{"count":0,"href":"https:\/\/www.accidentdutravail-idf.net\/blog\/wp-json\/wp\/v2\/posts\/991\/revisions"}],"wp:attachment":[{"href":"https:\/\/www.accidentdutravail-idf.net\/blog\/wp-json\/wp\/v2\/media?parent=991"}],"wp:term":[{"taxonomy":"category","embeddable":true,"href":"https:\/\/www.accidentdutravail-idf.net\/blog\/wp-json\/wp\/v2\/categories?post=991"},{"taxonomy":"post_tag","embeddable":true,"href":"https:\/\/www.accidentdutravail-idf.net\/blog\/wp-json\/wp\/v2\/tags?post=991"}],"curies":[{"name":"wp","href":"https:\/\/api.w.org\/{rel}","templated":true}]}}