{"id":983,"date":"2024-11-05T17:00:00","date_gmt":"2024-11-05T16:00:00","guid":{"rendered":"https:\/\/www.accidentdutravail-idf.net\/blog\/toute-la-prevention-doit-se-concentrer-sur-les-accidents-du-travail-graves-et-mortels\/"},"modified":"2024-11-05T17:00:00","modified_gmt":"2024-11-05T16:00:00","slug":"toute-la-prevention-doit-se-concentrer-sur-les-accidents-du-travail-graves-et-mortels","status":"publish","type":"post","link":"https:\/\/www.accidentdutravail-idf.net\/blog\/toute-la-prevention-doit-se-concentrer-sur-les-accidents-du-travail-graves-et-mortels\/","title":{"rendered":"Toute la pr\u00e9vention doit se concentrer sur les accidents du travail graves et mortels"},"content":{"rendered":"<div class=\"prose max-w-max text-color-3 mb-8 prose-lg\">\n<p><strong>Faux.<\/strong><\/p>\n<p>Un r\u00e9flexe pour d\u00e9cider des actions de pr\u00e9vention \u00e0 mener pourrait \u00eatre de se concentrer sur les risques d\u2019accidents du travail graves et mortels.<\/p>\n<p>Cette strat\u00e9gie comporte plusieurs \u00e9cueils.<\/p>\n<p>Vaut-il mieux \u00e9viter \u00e0 un salari\u00e9 de mourir ou d\u2019\u00eatre souffrants pendant deux mois&nbsp;et de ne plus pouvoir accomplir tout \u00e0 fait les m\u00eames t\u00e2ches \u00e0 leur reprise&nbsp;?<\/p>\n<p>Comment guider la pr\u00e9vention des risques psychosociaux quand la plupart des troubles en r\u00e9sultant sont masqu\u00e9s par des absences pour maladie ordinaire, sachant la difficile reconnaissance du burnout comme maladie professionnelle&nbsp;?<\/p>\n<p>En r\u00e9alit\u00e9, il y a plusieurs crit\u00e8res \u00e0 prendre en compte, parmi lesquels&nbsp;:<\/p>\n<ul>\n<li>le taux de fr\u00e9quence et le taux de gravit\u00e9 des accidents du travail&nbsp;;<\/li>\n<li>la gravit\u00e9 potentielle des atteintes et la dur\u00e9e d\u2019exposition aux sources de risque&nbsp;;<\/li>\n<li>les donn\u00e9es existantes sur les outils, processus et produits&nbsp;;<\/li>\n<li>les mesures d\u2019exposition aux facteurs tels que le bruit ou les vibrations&nbsp;;<\/li>\n<li>les actions de pr\u00e9vention d\u00e9j\u00e0 mises en \u0153uvre&nbsp;;&nbsp;<\/li>\n<li>le nombre de personnes concern\u00e9es par les diff\u00e9rents risques&nbsp;;<\/li>\n<li>les activit\u00e9s exerc\u00e9es, l\u2019observation du travail r\u00e9el et l\u2019\u00e9coute des salari\u00e9s&nbsp;;<\/li>\n<li>les caract\u00e9ristiques des salari\u00e9s (\u00e2ge, sexe, etc.).<\/li>\n<\/ul>\n<p>\u00c0 partir de ces \u00e9l\u00e9ments, la d\u00e9marche de pr\u00e9vention s\u2019appuie sur une \u00e9valuation des risques professionnels<\/p>\n<p>Ensuite, l\u2019employeur d\u00e9cide de ses crit\u00e8res d\u2019\u00e9valuation des risques professionnels lors de l\u2019\u00e9laboration du document unique, estime le niveau de ces risques et les priorise.<\/p>\n<p>Enfin, vient le choix des actions de pr\u00e9vention les plus adapt\u00e9es en fonction des r\u00e9sultats de l\u2019\u00e9valuation.<\/p>\n<\/div>\n<div class=\"relative z-[3] flex flex-col items-start px-2 pb-9 lg:px-9\">\n<div class=\"relative flex flex-row items-start overflow-hidden rounded-2xl shadow-custom-lg before:absolute before:left-0 before:top-0 before:h-full before:w-[3px] before:bg-mea-note bg-white\">\n<div class=\"flex w-full flex-col items-start p-6 lg:px-10 lg:py-6\">\n<h2 class=\"mb-2.5 flex flex-row items-center text-lg font-bold text-mea-note\">Notez le<\/h2>\n<div class=\"mea-content prose max-w-max text-lg text-color-3\">\n<p>L\u2019employeur peut associer le CSE, les services de pr\u00e9vention et de sant\u00e9 au travail ou la CARSAT dans vos r\u00e9flexions.<\/p>\n<\/div>\n<\/div>\n<\/div>\n<\/div>\n<div class=\"prose max-w-max text-color-3 mb-8 prose-lg\">\n<p>Les derni\u00e8res \u00e9tapes sont&nbsp;:&nbsp;<\/p>\n<ul>\n<li>le suivi de l\u2019avancement du plan d\u2019action&nbsp;;<\/li>\n<li>et l\u2019\u00e9valuation des r\u00e9sultats de cette d\u00e9marche.<\/li>\n<\/ul>\n<p>L\u2019analyse des \u00e9v\u00e9nements, presque accidents, accidents et autres alertes permet de mettre \u00e0 jour l\u2019\u00e9valuation des risques professionnels et d\u2019\u00e9tablir le nouveau plan d\u2019action qui en d\u00e9coule.<\/p>\n<\/div>\n<div class=\"align-middle flex flex-col gap-4 items-center mt-6 p-6 md:flex-row md:gap-12 lg:flex-col lg:gap-4 xl:flex-row xl:gap-12\">\n<div class=\"min-w-30 max-w-30 align-middle\" id=\"author-image\"><a class=\"align-middle\" href=\"https:\/\/www.editions-tissot.fr\/actualite\/auteur\/michael-bouvard\" target=\"_blank\" rel=\"nofollow\"><img decoding=\"async\" alt=\"2992\" loading=\"lazy\" width=\"240\" height=\"240\" data-nimg=\"1\" class=\"w-full max-w-full rounded-full\" src=\"https:\/\/www.editions-tissot.fr\/_next\/image?url=https%3A%2F%2Fwww.editions-tissot.fr%2Fotis%2Fmedia%2FAuteurs%2F2992.jpg&amp;w=750&amp;q=90\"><\/a><\/div>\n<div class=\"grow text-left align-middle text-color-default\">\n<p class=\"my-2 text-2xl font-bold\"><a href=\"https:\/\/www.editions-tissot.fr\/actualite\/auteur\/michael-bouvard\" target=\"_blank\" rel=\"nofollow\">Micha\u00ebl Bouvard<\/a><\/p>\n<p class=\"my-2 text-xl font-semibold\">Charg\u00e9 de mission qualit\u00e9 de vie au travail<\/p>\n<div class=\"prose text-lg\">\n<p>Charg\u00e9 de mission qualit\u00e9 de vie au travail, j&rsquo;oeuvre sur diff\u00e9rents sujets relevant de ce domaine : pr\u00e9vention et \u00e9valuation des risques psychosociaux, prise en compte de la qualit\u00e9 de vie au \u2026<\/p>\n<\/div>\n<\/div>\n<\/div>\n<p>accidentdutravail-idf.net vous a pr\u00e9par\u00e9 ce post qui informe du sujet \u00ab\u00a0Association Sportive Huisson-Longueville Essonne\u00a0\u00bb. La chronique se veut g\u00e9n\u00e9r\u00e9e du mieux possible. Vous pouvez utiliser les coordonn\u00e9es indiqu\u00e9es sur le site dans le but d\u2019apporter des explications sur ce post qui parle du th\u00e8me \u00ab\u00a0Association Sportive Huisson-Longueville Essonne\u00a0\u00bb. Le site accidentdutravail-idf.net a pour but de fournir diverses publications sur la th\u00e9matique Association Sportive Huisson-Longueville Essonne diffus\u00e9es sur le net. Il y aura plusieurs articles autour du sujet \u00ab\u00a0Association Sportive Huisson-Longueville Essonne\u00a0\u00bb dans quelques jours, nous vous invitons \u00e0 naviguer sur notre site web \u00e0 plusieurs reprises.<\/p>\n","protected":false},"excerpt":{"rendered":"<p>Faux. Un r\u00e9flexe pour d\u00e9cider des actions de pr\u00e9vention \u00e0 mener pourrait \u00eatre de se concentrer sur les risques d\u2019accidents du travail graves et mortels. Cette strat\u00e9gie comporte plusieurs \u00e9cueils. Vaut-il mieux \u00e9viter \u00e0 un salari\u00e9 de mourir ou d\u2019\u00eatre souffrants pendant deux mois&nbsp;et de ne plus pouvoir accomplir tout \u00e0 fait les m\u00eames t\u00e2ches &hellip; <\/p>\n<p class=\"link-more\"><a href=\"https:\/\/www.accidentdutravail-idf.net\/blog\/toute-la-prevention-doit-se-concentrer-sur-les-accidents-du-travail-graves-et-mortels\/\" class=\"more-link\">Continuer la lecture <span class=\"screen-reader-text\"> \u00ab\u00a0Toute la pr\u00e9vention doit se concentrer sur les accidents du travail graves et mortels\u00a0\u00bb<\/span><\/a><\/p>\n","protected":false},"author":2,"featured_media":0,"comment_status":"closed","ping_status":"closed","sticky":false,"template":"","format":"standard","meta":{"footnotes":""},"categories":[5],"tags":[],"class_list":["post-983","post","type-post","status-publish","format-standard","hentry","category-securite-du-travail-en-ile-de-france-et-divers","entry"],"yoast_head":"<!-- This site is optimized with the Yoast SEO plugin v27.5 - https:\/\/yoast.com\/product\/yoast-seo-wordpress\/ -->\n<title>Toute la pr\u00e9vention doit se concentrer sur les accidents du travail graves et mortels - ACCIDENTDUTRAVAIL-IDF<\/title>\n<meta name=\"description\" content=\"Toute la pr\u00e9vention doit se concentrer sur les accidents du travail graves et mortels article de ACCIDENTDUTRAVAIL-IDF\" \/>\n<meta name=\"robots\" content=\"index, follow, max-snippet:-1, max-image-preview:large, max-video-preview:-1\" \/>\n<link rel=\"canonical\" href=\"https:\/\/www.accidentdutravail-idf.net\/blog\/toute-la-prevention-doit-se-concentrer-sur-les-accidents-du-travail-graves-et-mortels\/\" \/>\n<meta property=\"og:locale\" content=\"fr_FR\" \/>\n<meta property=\"og:type\" content=\"article\" \/>\n<meta property=\"og:title\" content=\"Toute la pr\u00e9vention doit se concentrer sur les accidents du travail graves et mortels - ACCIDENTDUTRAVAIL-IDF\" \/>\n<meta property=\"og:description\" content=\"Toute la pr\u00e9vention doit se concentrer sur les accidents du travail graves et mortels article de ACCIDENTDUTRAVAIL-IDF\" \/>\n<meta property=\"og:url\" content=\"https:\/\/www.accidentdutravail-idf.net\/blog\/toute-la-prevention-doit-se-concentrer-sur-les-accidents-du-travail-graves-et-mortels\/\" \/>\n<meta property=\"og:site_name\" content=\"ACCIDENTDUTRAVAIL-IDF\" \/>\n<meta property=\"article:published_time\" content=\"2024-11-05T16:00:00+00:00\" \/>\n<meta property=\"og:image\" content=\"https:\/\/www.editions-tissot.fr\/_next\/image?url=https%3A%2F%2Fwww.editions-tissot.fr%2Fotis%2Fmedia%2FAuteurs%2F2992.jpg&amp;w=750&amp;q=90\" \/>\n<meta name=\"author\" content=\"Carlos Poulain\" \/>\n<meta name=\"twitter:card\" content=\"summary_large_image\" \/>\n<meta name=\"twitter:label1\" content=\"\u00c9crit par\" \/>\n\t<meta name=\"twitter:data1\" content=\"Carlos Poulain\" \/>\n\t<meta name=\"twitter:label2\" content=\"Dur\u00e9e de lecture estim\u00e9e\" \/>\n\t<meta name=\"twitter:data2\" content=\"3 minutes\" \/>\n<script type=\"application\/ld+json\" class=\"yoast-schema-graph\">{\"@context\":\"https:\\\/\\\/schema.org\",\"@graph\":[{\"@type\":\"Article\",\"@id\":\"https:\\\/\\\/www.accidentdutravail-idf.net\\\/blog\\\/toute-la-prevention-doit-se-concentrer-sur-les-accidents-du-travail-graves-et-mortels\\\/#article\",\"isPartOf\":{\"@id\":\"https:\\\/\\\/www.accidentdutravail-idf.net\\\/blog\\\/toute-la-prevention-doit-se-concentrer-sur-les-accidents-du-travail-graves-et-mortels\\\/\"},\"author\":{\"name\":\"Carlos Poulain\",\"@id\":\"https:\\\/\\\/www.accidentdutravail-idf.net\\\/blog\\\/#\\\/schema\\\/person\\\/3255d2f970de45e64bd9201f38e7b947\"},\"headline\":\"Toute la pr\u00e9vention doit se concentrer sur les accidents du travail graves et mortels\",\"datePublished\":\"2024-11-05T16:00:00+00:00\",\"mainEntityOfPage\":{\"@id\":\"https:\\\/\\\/www.accidentdutravail-idf.net\\\/blog\\\/toute-la-prevention-doit-se-concentrer-sur-les-accidents-du-travail-graves-et-mortels\\\/\"},\"wordCount\":541,\"publisher\":{\"@id\":\"https:\\\/\\\/www.accidentdutravail-idf.net\\\/blog\\\/#organization\"},\"image\":{\"@id\":\"https:\\\/\\\/www.accidentdutravail-idf.net\\\/blog\\\/toute-la-prevention-doit-se-concentrer-sur-les-accidents-du-travail-graves-et-mortels\\\/#primaryimage\"},\"thumbnailUrl\":\"https:\\\/\\\/www.editions-tissot.fr\\\/_next\\\/image?url=https%3A%2F%2Fwww.editions-tissot.fr%2Fotis%2Fmedia%2FAuteurs%2F2992.jpg&amp;w=750&amp;q=90\",\"articleSection\":[\"S\u00e9curit\u00e9 Du Travail En Ile-De-France Et Divers:\"],\"inLanguage\":\"fr-FR\"},{\"@type\":\"WebPage\",\"@id\":\"https:\\\/\\\/www.accidentdutravail-idf.net\\\/blog\\\/toute-la-prevention-doit-se-concentrer-sur-les-accidents-du-travail-graves-et-mortels\\\/\",\"url\":\"https:\\\/\\\/www.accidentdutravail-idf.net\\\/blog\\\/toute-la-prevention-doit-se-concentrer-sur-les-accidents-du-travail-graves-et-mortels\\\/\",\"name\":\"Toute la pr\u00e9vention doit se concentrer sur les accidents du travail graves et mortels - ACCIDENTDUTRAVAIL-IDF\",\"isPartOf\":{\"@id\":\"https:\\\/\\\/www.accidentdutravail-idf.net\\\/blog\\\/#website\"},\"primaryImageOfPage\":{\"@id\":\"https:\\\/\\\/www.accidentdutravail-idf.net\\\/blog\\\/toute-la-prevention-doit-se-concentrer-sur-les-accidents-du-travail-graves-et-mortels\\\/#primaryimage\"},\"image\":{\"@id\":\"https:\\\/\\\/www.accidentdutravail-idf.net\\\/blog\\\/toute-la-prevention-doit-se-concentrer-sur-les-accidents-du-travail-graves-et-mortels\\\/#primaryimage\"},\"thumbnailUrl\":\"https:\\\/\\\/www.editions-tissot.fr\\\/_next\\\/image?url=https%3A%2F%2Fwww.editions-tissot.fr%2Fotis%2Fmedia%2FAuteurs%2F2992.jpg&amp;w=750&amp;q=90\",\"datePublished\":\"2024-11-05T16:00:00+00:00\",\"description\":\"Toute la pr\u00e9vention doit se concentrer sur les accidents du travail graves et mortels article de ACCIDENTDUTRAVAIL-IDF\",\"breadcrumb\":{\"@id\":\"https:\\\/\\\/www.accidentdutravail-idf.net\\\/blog\\\/toute-la-prevention-doit-se-concentrer-sur-les-accidents-du-travail-graves-et-mortels\\\/#breadcrumb\"},\"inLanguage\":\"fr-FR\",\"potentialAction\":[{\"@type\":\"ReadAction\",\"target\":[\"https:\\\/\\\/www.accidentdutravail-idf.net\\\/blog\\\/toute-la-prevention-doit-se-concentrer-sur-les-accidents-du-travail-graves-et-mortels\\\/\"]}]},{\"@type\":\"ImageObject\",\"inLanguage\":\"fr-FR\",\"@id\":\"https:\\\/\\\/www.accidentdutravail-idf.net\\\/blog\\\/toute-la-prevention-doit-se-concentrer-sur-les-accidents-du-travail-graves-et-mortels\\\/#primaryimage\",\"url\":\"https:\\\/\\\/www.editions-tissot.fr\\\/_next\\\/image?url=https%3A%2F%2Fwww.editions-tissot.fr%2Fotis%2Fmedia%2FAuteurs%2F2992.jpg&amp;w=750&amp;q=90\",\"contentUrl\":\"https:\\\/\\\/www.editions-tissot.fr\\\/_next\\\/image?url=https%3A%2F%2Fwww.editions-tissot.fr%2Fotis%2Fmedia%2FAuteurs%2F2992.jpg&amp;w=750&amp;q=90\"},{\"@type\":\"BreadcrumbList\",\"@id\":\"https:\\\/\\\/www.accidentdutravail-idf.net\\\/blog\\\/toute-la-prevention-doit-se-concentrer-sur-les-accidents-du-travail-graves-et-mortels\\\/#breadcrumb\",\"itemListElement\":[{\"@type\":\"ListItem\",\"position\":1,\"name\":\"Accueil\",\"item\":\"https:\\\/\\\/www.accidentdutravail-idf.net\\\/blog\\\/\"},{\"@type\":\"ListItem\",\"position\":2,\"name\":\"Toute la pr\u00e9vention doit se concentrer sur les accidents du travail graves et mortels\"}]},{\"@type\":\"WebSite\",\"@id\":\"https:\\\/\\\/www.accidentdutravail-idf.net\\\/blog\\\/#website\",\"url\":\"https:\\\/\\\/www.accidentdutravail-idf.net\\\/blog\\\/\",\"name\":\"ACCIDENTDUTRAVAIL-IDF\",\"description\":\"Portail accidents du travail-maladies professionnelles des entreprises d&#039;Ile-de-France\",\"publisher\":{\"@id\":\"https:\\\/\\\/www.accidentdutravail-idf.net\\\/blog\\\/#organization\"},\"potentialAction\":[{\"@type\":\"SearchAction\",\"target\":{\"@type\":\"EntryPoint\",\"urlTemplate\":\"https:\\\/\\\/www.accidentdutravail-idf.net\\\/blog\\\/?s={search_term_string}\"},\"query-input\":{\"@type\":\"PropertyValueSpecification\",\"valueRequired\":true,\"valueName\":\"search_term_string\"}}],\"inLanguage\":\"fr-FR\"},{\"@type\":\"Organization\",\"@id\":\"https:\\\/\\\/www.accidentdutravail-idf.net\\\/blog\\\/#organization\",\"name\":\"accidentdutravail-idf\",\"url\":\"https:\\\/\\\/www.accidentdutravail-idf.net\\\/blog\\\/\",\"logo\":{\"@type\":\"ImageObject\",\"inLanguage\":\"fr-FR\",\"@id\":\"https:\\\/\\\/www.accidentdutravail-idf.net\\\/blog\\\/#\\\/schema\\\/logo\\\/image\\\/\",\"url\":\"https:\\\/\\\/www.accidentdutravail-idf.net\\\/blog\\\/wp-content\\\/uploads\\\/2022\\\/09\\\/logo-2.png\",\"contentUrl\":\"https:\\\/\\\/www.accidentdutravail-idf.net\\\/blog\\\/wp-content\\\/uploads\\\/2022\\\/09\\\/logo-2.png\",\"width\":380,\"height\":291,\"caption\":\"accidentdutravail-idf\"},\"image\":{\"@id\":\"https:\\\/\\\/www.accidentdutravail-idf.net\\\/blog\\\/#\\\/schema\\\/logo\\\/image\\\/\"}},{\"@type\":\"Person\",\"@id\":\"https:\\\/\\\/www.accidentdutravail-idf.net\\\/blog\\\/#\\\/schema\\\/person\\\/3255d2f970de45e64bd9201f38e7b947\",\"name\":\"Carlos Poulain\",\"image\":{\"@type\":\"ImageObject\",\"inLanguage\":\"fr-FR\",\"@id\":\"https:\\\/\\\/secure.gravatar.com\\\/avatar\\\/b1c2f9d3588e34e91adb093635df64ef4b2381991216be7576466cfcdca4baf3?s=96&d=mm&r=g\",\"url\":\"https:\\\/\\\/secure.gravatar.com\\\/avatar\\\/b1c2f9d3588e34e91adb093635df64ef4b2381991216be7576466cfcdca4baf3?s=96&d=mm&r=g\",\"contentUrl\":\"https:\\\/\\\/secure.gravatar.com\\\/avatar\\\/b1c2f9d3588e34e91adb093635df64ef4b2381991216be7576466cfcdca4baf3?s=96&d=mm&r=g\",\"caption\":\"Carlos Poulain\"},\"url\":\"https:\\\/\\\/www.accidentdutravail-idf.net\\\/blog\\\/author\\\/idfcarlos\\\/\"}]}<\/script>\n<!-- \/ Yoast SEO plugin. -->","yoast_head_json":{"title":"Toute la pr\u00e9vention doit se concentrer sur les accidents du travail graves et mortels - ACCIDENTDUTRAVAIL-IDF","description":"Toute la pr\u00e9vention doit se concentrer sur les accidents du travail graves et mortels article de ACCIDENTDUTRAVAIL-IDF","robots":{"index":"index","follow":"follow","max-snippet":"max-snippet:-1","max-image-preview":"max-image-preview:large","max-video-preview":"max-video-preview:-1"},"canonical":"https:\/\/www.accidentdutravail-idf.net\/blog\/toute-la-prevention-doit-se-concentrer-sur-les-accidents-du-travail-graves-et-mortels\/","og_locale":"fr_FR","og_type":"article","og_title":"Toute la pr\u00e9vention doit se concentrer sur les accidents du travail graves et mortels - ACCIDENTDUTRAVAIL-IDF","og_description":"Toute la pr\u00e9vention doit se concentrer sur les accidents du travail graves et mortels article de ACCIDENTDUTRAVAIL-IDF","og_url":"https:\/\/www.accidentdutravail-idf.net\/blog\/toute-la-prevention-doit-se-concentrer-sur-les-accidents-du-travail-graves-et-mortels\/","og_site_name":"ACCIDENTDUTRAVAIL-IDF","article_published_time":"2024-11-05T16:00:00+00:00","og_image":[{"url":"https:\/\/www.editions-tissot.fr\/_next\/image?url=https%3A%2F%2Fwww.editions-tissot.fr%2Fotis%2Fmedia%2FAuteurs%2F2992.jpg&amp;w=750&amp;q=90","type":"","width":"","height":""}],"author":"Carlos Poulain","twitter_card":"summary_large_image","twitter_misc":{"\u00c9crit par":"Carlos Poulain","Dur\u00e9e de lecture estim\u00e9e":"3 minutes"},"schema":{"@context":"https:\/\/schema.org","@graph":[{"@type":"Article","@id":"https:\/\/www.accidentdutravail-idf.net\/blog\/toute-la-prevention-doit-se-concentrer-sur-les-accidents-du-travail-graves-et-mortels\/#article","isPartOf":{"@id":"https:\/\/www.accidentdutravail-idf.net\/blog\/toute-la-prevention-doit-se-concentrer-sur-les-accidents-du-travail-graves-et-mortels\/"},"author":{"name":"Carlos Poulain","@id":"https:\/\/www.accidentdutravail-idf.net\/blog\/#\/schema\/person\/3255d2f970de45e64bd9201f38e7b947"},"headline":"Toute la pr\u00e9vention doit se concentrer sur les accidents du travail graves et mortels","datePublished":"2024-11-05T16:00:00+00:00","mainEntityOfPage":{"@id":"https:\/\/www.accidentdutravail-idf.net\/blog\/toute-la-prevention-doit-se-concentrer-sur-les-accidents-du-travail-graves-et-mortels\/"},"wordCount":541,"publisher":{"@id":"https:\/\/www.accidentdutravail-idf.net\/blog\/#organization"},"image":{"@id":"https:\/\/www.accidentdutravail-idf.net\/blog\/toute-la-prevention-doit-se-concentrer-sur-les-accidents-du-travail-graves-et-mortels\/#primaryimage"},"thumbnailUrl":"https:\/\/www.editions-tissot.fr\/_next\/image?url=https%3A%2F%2Fwww.editions-tissot.fr%2Fotis%2Fmedia%2FAuteurs%2F2992.jpg&amp;w=750&amp;q=90","articleSection":["S\u00e9curit\u00e9 Du Travail En Ile-De-France Et Divers:"],"inLanguage":"fr-FR"},{"@type":"WebPage","@id":"https:\/\/www.accidentdutravail-idf.net\/blog\/toute-la-prevention-doit-se-concentrer-sur-les-accidents-du-travail-graves-et-mortels\/","url":"https:\/\/www.accidentdutravail-idf.net\/blog\/toute-la-prevention-doit-se-concentrer-sur-les-accidents-du-travail-graves-et-mortels\/","name":"Toute la pr\u00e9vention doit se concentrer sur les accidents du travail graves et mortels - ACCIDENTDUTRAVAIL-IDF","isPartOf":{"@id":"https:\/\/www.accidentdutravail-idf.net\/blog\/#website"},"primaryImageOfPage":{"@id":"https:\/\/www.accidentdutravail-idf.net\/blog\/toute-la-prevention-doit-se-concentrer-sur-les-accidents-du-travail-graves-et-mortels\/#primaryimage"},"image":{"@id":"https:\/\/www.accidentdutravail-idf.net\/blog\/toute-la-prevention-doit-se-concentrer-sur-les-accidents-du-travail-graves-et-mortels\/#primaryimage"},"thumbnailUrl":"https:\/\/www.editions-tissot.fr\/_next\/image?url=https%3A%2F%2Fwww.editions-tissot.fr%2Fotis%2Fmedia%2FAuteurs%2F2992.jpg&amp;w=750&amp;q=90","datePublished":"2024-11-05T16:00:00+00:00","description":"Toute la pr\u00e9vention doit se concentrer sur les accidents du travail graves et mortels article de ACCIDENTDUTRAVAIL-IDF","breadcrumb":{"@id":"https:\/\/www.accidentdutravail-idf.net\/blog\/toute-la-prevention-doit-se-concentrer-sur-les-accidents-du-travail-graves-et-mortels\/#breadcrumb"},"inLanguage":"fr-FR","potentialAction":[{"@type":"ReadAction","target":["https:\/\/www.accidentdutravail-idf.net\/blog\/toute-la-prevention-doit-se-concentrer-sur-les-accidents-du-travail-graves-et-mortels\/"]}]},{"@type":"ImageObject","inLanguage":"fr-FR","@id":"https:\/\/www.accidentdutravail-idf.net\/blog\/toute-la-prevention-doit-se-concentrer-sur-les-accidents-du-travail-graves-et-mortels\/#primaryimage","url":"https:\/\/www.editions-tissot.fr\/_next\/image?url=https%3A%2F%2Fwww.editions-tissot.fr%2Fotis%2Fmedia%2FAuteurs%2F2992.jpg&amp;w=750&amp;q=90","contentUrl":"https:\/\/www.editions-tissot.fr\/_next\/image?url=https%3A%2F%2Fwww.editions-tissot.fr%2Fotis%2Fmedia%2FAuteurs%2F2992.jpg&amp;w=750&amp;q=90"},{"@type":"BreadcrumbList","@id":"https:\/\/www.accidentdutravail-idf.net\/blog\/toute-la-prevention-doit-se-concentrer-sur-les-accidents-du-travail-graves-et-mortels\/#breadcrumb","itemListElement":[{"@type":"ListItem","position":1,"name":"Accueil","item":"https:\/\/www.accidentdutravail-idf.net\/blog\/"},{"@type":"ListItem","position":2,"name":"Toute la pr\u00e9vention doit se concentrer sur les accidents du travail graves et mortels"}]},{"@type":"WebSite","@id":"https:\/\/www.accidentdutravail-idf.net\/blog\/#website","url":"https:\/\/www.accidentdutravail-idf.net\/blog\/","name":"ACCIDENTDUTRAVAIL-IDF","description":"Portail accidents du travail-maladies professionnelles des entreprises d&#039;Ile-de-France","publisher":{"@id":"https:\/\/www.accidentdutravail-idf.net\/blog\/#organization"},"potentialAction":[{"@type":"SearchAction","target":{"@type":"EntryPoint","urlTemplate":"https:\/\/www.accidentdutravail-idf.net\/blog\/?s={search_term_string}"},"query-input":{"@type":"PropertyValueSpecification","valueRequired":true,"valueName":"search_term_string"}}],"inLanguage":"fr-FR"},{"@type":"Organization","@id":"https:\/\/www.accidentdutravail-idf.net\/blog\/#organization","name":"accidentdutravail-idf","url":"https:\/\/www.accidentdutravail-idf.net\/blog\/","logo":{"@type":"ImageObject","inLanguage":"fr-FR","@id":"https:\/\/www.accidentdutravail-idf.net\/blog\/#\/schema\/logo\/image\/","url":"https:\/\/www.accidentdutravail-idf.net\/blog\/wp-content\/uploads\/2022\/09\/logo-2.png","contentUrl":"https:\/\/www.accidentdutravail-idf.net\/blog\/wp-content\/uploads\/2022\/09\/logo-2.png","width":380,"height":291,"caption":"accidentdutravail-idf"},"image":{"@id":"https:\/\/www.accidentdutravail-idf.net\/blog\/#\/schema\/logo\/image\/"}},{"@type":"Person","@id":"https:\/\/www.accidentdutravail-idf.net\/blog\/#\/schema\/person\/3255d2f970de45e64bd9201f38e7b947","name":"Carlos Poulain","image":{"@type":"ImageObject","inLanguage":"fr-FR","@id":"https:\/\/secure.gravatar.com\/avatar\/b1c2f9d3588e34e91adb093635df64ef4b2381991216be7576466cfcdca4baf3?s=96&d=mm&r=g","url":"https:\/\/secure.gravatar.com\/avatar\/b1c2f9d3588e34e91adb093635df64ef4b2381991216be7576466cfcdca4baf3?s=96&d=mm&r=g","contentUrl":"https:\/\/secure.gravatar.com\/avatar\/b1c2f9d3588e34e91adb093635df64ef4b2381991216be7576466cfcdca4baf3?s=96&d=mm&r=g","caption":"Carlos Poulain"},"url":"https:\/\/www.accidentdutravail-idf.net\/blog\/author\/idfcarlos\/"}]}},"_links":{"self":[{"href":"https:\/\/www.accidentdutravail-idf.net\/blog\/wp-json\/wp\/v2\/posts\/983","targetHints":{"allow":["GET"]}}],"collection":[{"href":"https:\/\/www.accidentdutravail-idf.net\/blog\/wp-json\/wp\/v2\/posts"}],"about":[{"href":"https:\/\/www.accidentdutravail-idf.net\/blog\/wp-json\/wp\/v2\/types\/post"}],"author":[{"embeddable":true,"href":"https:\/\/www.accidentdutravail-idf.net\/blog\/wp-json\/wp\/v2\/users\/2"}],"replies":[{"embeddable":true,"href":"https:\/\/www.accidentdutravail-idf.net\/blog\/wp-json\/wp\/v2\/comments?post=983"}],"version-history":[{"count":0,"href":"https:\/\/www.accidentdutravail-idf.net\/blog\/wp-json\/wp\/v2\/posts\/983\/revisions"}],"wp:attachment":[{"href":"https:\/\/www.accidentdutravail-idf.net\/blog\/wp-json\/wp\/v2\/media?parent=983"}],"wp:term":[{"taxonomy":"category","embeddable":true,"href":"https:\/\/www.accidentdutravail-idf.net\/blog\/wp-json\/wp\/v2\/categories?post=983"},{"taxonomy":"post_tag","embeddable":true,"href":"https:\/\/www.accidentdutravail-idf.net\/blog\/wp-json\/wp\/v2\/tags?post=983"}],"curies":[{"name":"wp","href":"https:\/\/api.w.org\/{rel}","templated":true}]}}