{"id":962,"date":"2024-10-30T11:29:00","date_gmt":"2024-10-30T10:29:00","guid":{"rendered":"https:\/\/www.accidentdutravail-idf.net\/blog\/un-employe-municipal-de-collobrieres-victime-dun-accident-du-travail-mortel\/"},"modified":"2024-10-30T11:29:00","modified_gmt":"2024-10-30T10:29:00","slug":"un-employe-municipal-de-collobrieres-victime-dun-accident-du-travail-mortel","status":"publish","type":"post","link":"https:\/\/www.accidentdutravail-idf.net\/blog\/un-employe-municipal-de-collobrieres-victime-dun-accident-du-travail-mortel\/","title":{"rendered":"Un employ\u00e9 municipal de Collobri\u00e8res victime d\u2019un accident du travail mortel"},"content":{"rendered":"<div><img decoding=\"async\" src=\"https:\/\/www.accidentdutravail-idf.net\/blog\/wp-content\/uploads\/2024\/10\/un-employe-municipal-de-collobrieres-victime-dun-accident-du-travail-mortel.jpg\" class=\"ff-og-image-inserted\"><\/div>\n<p>Le parc Terre Rousse \u00e0 Collobri\u00e8res a \u00e9t\u00e9 ce mercredi soir le th\u00e9\u00e2tre d\u2019un drame qui plonge tout le village des Maures dans l\u2019\u00e9moi.<\/p>\n<p>Selon les \u00e9l\u00e9ments recueillis aupr\u00e8s des secours et des autorit\u00e9s, deux employ\u00e9s municipaux, qui avaient termin\u00e9 leur journ\u00e9e de travail, \u00e9taient en train de remonter sur une remorque une tondeuse autotract\u00e9e lorsque le v\u00e9hicule auquel elle \u00e9tait arrim\u00e9e \u00e0 commencer \u00e0 glisser dans la pente.<\/p>\n<p>Un des deux agents, un jeune homme, \u00e2g\u00e9 de 35 ans aurait alors tent\u00e9 de stopper le v\u00e9hicule et, dans la man\u0153uvre s\u2019est retrouv\u00e9 coinc\u00e9 entre la voiture et un arbre en contrebas.<\/p>\n<p>S\u00e9rieusement touch\u00e9 au thorax, il a \u00e9t\u00e9 pris en charge par les sapeurs-pompiers et le SAMU, mais les secours n\u2019ont pas r\u00e9ussi \u00e0 lui sauver la vie.<\/p>\n<p>Son coll\u00e8gue est lui simplement bless\u00e9 \u00e0 la main.<\/p>\n<p>Le drame est d\u2019autant plus cruel pour la petite commune, qu\u2019elle touche une famille d\u00e9j\u00e0 mise \u00e0 l\u2019\u00e9preuve il y a quelques ann\u00e9es par la disparition du fr\u00e8re de la victime, foudroy\u00e9 par un cancer en pleine jeunesse.<\/p>\n<p>\u00ab\u00a0<em>Je suis sonn\u00e9e<\/em>, confie la gorge nou\u00e9e Christine Amranne, maire de la commune. <em>Je pense \u00e0 sa famille et \u00e0 son coll\u00e8gue<\/em>.\u00a0\u00bb<\/p>\n<p>Une cellule psychologique devrait \u00eatre mise en place.<\/p>\n<p>Dans la commune, on \u00e9voque le jeune homme, comme un enfant du village, tr\u00e8s appr\u00e9ci\u00e9.<\/p>\n<p> accidentdutravail-idf.net vous a pr\u00e9par\u00e9 ce post qui informe du sujet \u00ab\u00a0Association Sportive Huisson-Longueville Essonne\u00a0\u00bb. La chronique se veut g\u00e9n\u00e9r\u00e9e du mieux possible. Vous pouvez utiliser les coordonn\u00e9es indiqu\u00e9es sur le site dans le but d\u2019apporter des explications sur ce post qui parle du th\u00e8me \u00ab\u00a0Association Sportive Huisson-Longueville Essonne\u00a0\u00bb. Le site accidentdutravail-idf.net a pour but de fournir diverses publications sur la th\u00e9matique Association Sportive Huisson-Longueville Essonne diffus\u00e9es sur le net. Il y aura plusieurs articles autour du sujet \u00ab\u00a0Association Sportive Huisson-Longueville Essonne\u00a0\u00bb dans quelques jours, nous vous invitons \u00e0 naviguer sur notre site web \u00e0 plusieurs reprises.<\/p>\n","protected":false},"excerpt":{"rendered":"<p>Le parc Terre Rousse \u00e0 Collobri\u00e8res a \u00e9t\u00e9 ce mercredi soir le th\u00e9\u00e2tre d\u2019un drame qui plonge tout le village des Maures dans l\u2019\u00e9moi. Selon les \u00e9l\u00e9ments recueillis aupr\u00e8s des secours et des autorit\u00e9s, deux employ\u00e9s municipaux, qui avaient termin\u00e9 leur journ\u00e9e de travail, \u00e9taient en train de remonter sur une remorque une tondeuse autotract\u00e9e &hellip; <\/p>\n<p class=\"link-more\"><a href=\"https:\/\/www.accidentdutravail-idf.net\/blog\/un-employe-municipal-de-collobrieres-victime-dun-accident-du-travail-mortel\/\" class=\"more-link\">Continuer la lecture <span class=\"screen-reader-text\"> \u00ab\u00a0Un employ\u00e9 municipal de Collobri\u00e8res victime d\u2019un accident du travail mortel\u00a0\u00bb<\/span><\/a><\/p>\n","protected":false},"author":2,"featured_media":0,"comment_status":"closed","ping_status":"closed","sticky":false,"template":"","format":"standard","meta":{"footnotes":""},"categories":[5],"tags":[],"class_list":["post-962","post","type-post","status-publish","format-standard","hentry","category-securite-du-travail-en-ile-de-france-et-divers","entry"],"yoast_head":"<!-- This site is optimized with the Yoast SEO plugin v27.5 - https:\/\/yoast.com\/product\/yoast-seo-wordpress\/ -->\n<title>Un employ\u00e9 municipal de Collobri\u00e8res victime d\u2019un accident du travail mortel - ACCIDENTDUTRAVAIL-IDF<\/title>\n<meta name=\"description\" content=\"Un employ\u00e9 municipal de Collobri\u00e8res victime d\u2019un accident du travail mortel article de ACCIDENTDUTRAVAIL-IDF\" \/>\n<meta name=\"robots\" content=\"index, follow, max-snippet:-1, max-image-preview:large, max-video-preview:-1\" \/>\n<link rel=\"canonical\" href=\"https:\/\/www.accidentdutravail-idf.net\/blog\/un-employe-municipal-de-collobrieres-victime-dun-accident-du-travail-mortel\/\" \/>\n<meta property=\"og:locale\" content=\"fr_FR\" \/>\n<meta property=\"og:type\" content=\"article\" \/>\n<meta property=\"og:title\" content=\"Un employ\u00e9 municipal de Collobri\u00e8res victime d\u2019un accident du travail mortel - ACCIDENTDUTRAVAIL-IDF\" \/>\n<meta property=\"og:description\" content=\"Un employ\u00e9 municipal de Collobri\u00e8res victime d\u2019un accident du travail mortel article de ACCIDENTDUTRAVAIL-IDF\" \/>\n<meta property=\"og:url\" content=\"https:\/\/www.accidentdutravail-idf.net\/blog\/un-employe-municipal-de-collobrieres-victime-dun-accident-du-travail-mortel\/\" \/>\n<meta property=\"og:site_name\" content=\"ACCIDENTDUTRAVAIL-IDF\" \/>\n<meta property=\"article:published_time\" content=\"2024-10-30T10:29:00+00:00\" \/>\n<meta property=\"og:image\" content=\"https:\/\/www.accidentdutravail-idf.net\/blog\/wp-content\/uploads\/2024\/10\/un-employe-municipal-de-collobrieres-victime-dun-accident-du-travail-mortel.jpg\" \/>\n<meta name=\"author\" content=\"Carlos Poulain\" \/>\n<meta name=\"twitter:card\" content=\"summary_large_image\" \/>\n<meta name=\"twitter:label1\" content=\"\u00c9crit par\" \/>\n\t<meta name=\"twitter:data1\" content=\"Carlos Poulain\" \/>\n\t<meta name=\"twitter:label2\" content=\"Dur\u00e9e de lecture estim\u00e9e\" \/>\n\t<meta name=\"twitter:data2\" content=\"2 minutes\" \/>\n<script type=\"application\/ld+json\" class=\"yoast-schema-graph\">{\"@context\":\"https:\\\/\\\/schema.org\",\"@graph\":[{\"@type\":\"Article\",\"@id\":\"https:\\\/\\\/www.accidentdutravail-idf.net\\\/blog\\\/un-employe-municipal-de-collobrieres-victime-dun-accident-du-travail-mortel\\\/#article\",\"isPartOf\":{\"@id\":\"https:\\\/\\\/www.accidentdutravail-idf.net\\\/blog\\\/un-employe-municipal-de-collobrieres-victime-dun-accident-du-travail-mortel\\\/\"},\"author\":{\"name\":\"Carlos Poulain\",\"@id\":\"https:\\\/\\\/www.accidentdutravail-idf.net\\\/blog\\\/#\\\/schema\\\/person\\\/3255d2f970de45e64bd9201f38e7b947\"},\"headline\":\"Un employ\u00e9 municipal de Collobri\u00e8res victime d\u2019un accident du travail mortel\",\"datePublished\":\"2024-10-30T10:29:00+00:00\",\"mainEntityOfPage\":{\"@id\":\"https:\\\/\\\/www.accidentdutravail-idf.net\\\/blog\\\/un-employe-municipal-de-collobrieres-victime-dun-accident-du-travail-mortel\\\/\"},\"wordCount\":361,\"publisher\":{\"@id\":\"https:\\\/\\\/www.accidentdutravail-idf.net\\\/blog\\\/#organization\"},\"image\":{\"@id\":\"https:\\\/\\\/www.accidentdutravail-idf.net\\\/blog\\\/un-employe-municipal-de-collobrieres-victime-dun-accident-du-travail-mortel\\\/#primaryimage\"},\"thumbnailUrl\":\"https:\\\/\\\/www.accidentdutravail-idf.net\\\/blog\\\/wp-content\\\/uploads\\\/2024\\\/10\\\/un-employe-municipal-de-collobrieres-victime-dun-accident-du-travail-mortel.jpg\",\"articleSection\":[\"S\u00e9curit\u00e9 Du Travail En Ile-De-France Et Divers:\"],\"inLanguage\":\"fr-FR\"},{\"@type\":\"WebPage\",\"@id\":\"https:\\\/\\\/www.accidentdutravail-idf.net\\\/blog\\\/un-employe-municipal-de-collobrieres-victime-dun-accident-du-travail-mortel\\\/\",\"url\":\"https:\\\/\\\/www.accidentdutravail-idf.net\\\/blog\\\/un-employe-municipal-de-collobrieres-victime-dun-accident-du-travail-mortel\\\/\",\"name\":\"Un employ\u00e9 municipal de Collobri\u00e8res victime d\u2019un accident du travail mortel - ACCIDENTDUTRAVAIL-IDF\",\"isPartOf\":{\"@id\":\"https:\\\/\\\/www.accidentdutravail-idf.net\\\/blog\\\/#website\"},\"primaryImageOfPage\":{\"@id\":\"https:\\\/\\\/www.accidentdutravail-idf.net\\\/blog\\\/un-employe-municipal-de-collobrieres-victime-dun-accident-du-travail-mortel\\\/#primaryimage\"},\"image\":{\"@id\":\"https:\\\/\\\/www.accidentdutravail-idf.net\\\/blog\\\/un-employe-municipal-de-collobrieres-victime-dun-accident-du-travail-mortel\\\/#primaryimage\"},\"thumbnailUrl\":\"https:\\\/\\\/www.accidentdutravail-idf.net\\\/blog\\\/wp-content\\\/uploads\\\/2024\\\/10\\\/un-employe-municipal-de-collobrieres-victime-dun-accident-du-travail-mortel.jpg\",\"datePublished\":\"2024-10-30T10:29:00+00:00\",\"description\":\"Un employ\u00e9 municipal de Collobri\u00e8res victime d\u2019un accident du travail mortel article de ACCIDENTDUTRAVAIL-IDF\",\"breadcrumb\":{\"@id\":\"https:\\\/\\\/www.accidentdutravail-idf.net\\\/blog\\\/un-employe-municipal-de-collobrieres-victime-dun-accident-du-travail-mortel\\\/#breadcrumb\"},\"inLanguage\":\"fr-FR\",\"potentialAction\":[{\"@type\":\"ReadAction\",\"target\":[\"https:\\\/\\\/www.accidentdutravail-idf.net\\\/blog\\\/un-employe-municipal-de-collobrieres-victime-dun-accident-du-travail-mortel\\\/\"]}]},{\"@type\":\"ImageObject\",\"inLanguage\":\"fr-FR\",\"@id\":\"https:\\\/\\\/www.accidentdutravail-idf.net\\\/blog\\\/un-employe-municipal-de-collobrieres-victime-dun-accident-du-travail-mortel\\\/#primaryimage\",\"url\":\"https:\\\/\\\/www.accidentdutravail-idf.net\\\/blog\\\/wp-content\\\/uploads\\\/2024\\\/10\\\/un-employe-municipal-de-collobrieres-victime-dun-accident-du-travail-mortel.jpg\",\"contentUrl\":\"https:\\\/\\\/www.accidentdutravail-idf.net\\\/blog\\\/wp-content\\\/uploads\\\/2024\\\/10\\\/un-employe-municipal-de-collobrieres-victime-dun-accident-du-travail-mortel.jpg\"},{\"@type\":\"BreadcrumbList\",\"@id\":\"https:\\\/\\\/www.accidentdutravail-idf.net\\\/blog\\\/un-employe-municipal-de-collobrieres-victime-dun-accident-du-travail-mortel\\\/#breadcrumb\",\"itemListElement\":[{\"@type\":\"ListItem\",\"position\":1,\"name\":\"Accueil\",\"item\":\"https:\\\/\\\/www.accidentdutravail-idf.net\\\/blog\\\/\"},{\"@type\":\"ListItem\",\"position\":2,\"name\":\"Un employ\u00e9 municipal de Collobri\u00e8res victime d\u2019un accident du travail mortel\"}]},{\"@type\":\"WebSite\",\"@id\":\"https:\\\/\\\/www.accidentdutravail-idf.net\\\/blog\\\/#website\",\"url\":\"https:\\\/\\\/www.accidentdutravail-idf.net\\\/blog\\\/\",\"name\":\"ACCIDENTDUTRAVAIL-IDF\",\"description\":\"Portail accidents du travail-maladies professionnelles des entreprises d&#039;Ile-de-France\",\"publisher\":{\"@id\":\"https:\\\/\\\/www.accidentdutravail-idf.net\\\/blog\\\/#organization\"},\"potentialAction\":[{\"@type\":\"SearchAction\",\"target\":{\"@type\":\"EntryPoint\",\"urlTemplate\":\"https:\\\/\\\/www.accidentdutravail-idf.net\\\/blog\\\/?s={search_term_string}\"},\"query-input\":{\"@type\":\"PropertyValueSpecification\",\"valueRequired\":true,\"valueName\":\"search_term_string\"}}],\"inLanguage\":\"fr-FR\"},{\"@type\":\"Organization\",\"@id\":\"https:\\\/\\\/www.accidentdutravail-idf.net\\\/blog\\\/#organization\",\"name\":\"accidentdutravail-idf\",\"url\":\"https:\\\/\\\/www.accidentdutravail-idf.net\\\/blog\\\/\",\"logo\":{\"@type\":\"ImageObject\",\"inLanguage\":\"fr-FR\",\"@id\":\"https:\\\/\\\/www.accidentdutravail-idf.net\\\/blog\\\/#\\\/schema\\\/logo\\\/image\\\/\",\"url\":\"https:\\\/\\\/www.accidentdutravail-idf.net\\\/blog\\\/wp-content\\\/uploads\\\/2022\\\/09\\\/logo-2.png\",\"contentUrl\":\"https:\\\/\\\/www.accidentdutravail-idf.net\\\/blog\\\/wp-content\\\/uploads\\\/2022\\\/09\\\/logo-2.png\",\"width\":380,\"height\":291,\"caption\":\"accidentdutravail-idf\"},\"image\":{\"@id\":\"https:\\\/\\\/www.accidentdutravail-idf.net\\\/blog\\\/#\\\/schema\\\/logo\\\/image\\\/\"}},{\"@type\":\"Person\",\"@id\":\"https:\\\/\\\/www.accidentdutravail-idf.net\\\/blog\\\/#\\\/schema\\\/person\\\/3255d2f970de45e64bd9201f38e7b947\",\"name\":\"Carlos Poulain\",\"image\":{\"@type\":\"ImageObject\",\"inLanguage\":\"fr-FR\",\"@id\":\"https:\\\/\\\/secure.gravatar.com\\\/avatar\\\/b1c2f9d3588e34e91adb093635df64ef4b2381991216be7576466cfcdca4baf3?s=96&d=mm&r=g\",\"url\":\"https:\\\/\\\/secure.gravatar.com\\\/avatar\\\/b1c2f9d3588e34e91adb093635df64ef4b2381991216be7576466cfcdca4baf3?s=96&d=mm&r=g\",\"contentUrl\":\"https:\\\/\\\/secure.gravatar.com\\\/avatar\\\/b1c2f9d3588e34e91adb093635df64ef4b2381991216be7576466cfcdca4baf3?s=96&d=mm&r=g\",\"caption\":\"Carlos Poulain\"},\"url\":\"https:\\\/\\\/www.accidentdutravail-idf.net\\\/blog\\\/author\\\/idfcarlos\\\/\"}]}<\/script>\n<!-- \/ Yoast SEO plugin. -->","yoast_head_json":{"title":"Un employ\u00e9 municipal de Collobri\u00e8res victime d\u2019un accident du travail mortel - ACCIDENTDUTRAVAIL-IDF","description":"Un employ\u00e9 municipal de Collobri\u00e8res victime d\u2019un accident du travail mortel article de ACCIDENTDUTRAVAIL-IDF","robots":{"index":"index","follow":"follow","max-snippet":"max-snippet:-1","max-image-preview":"max-image-preview:large","max-video-preview":"max-video-preview:-1"},"canonical":"https:\/\/www.accidentdutravail-idf.net\/blog\/un-employe-municipal-de-collobrieres-victime-dun-accident-du-travail-mortel\/","og_locale":"fr_FR","og_type":"article","og_title":"Un employ\u00e9 municipal de Collobri\u00e8res victime d\u2019un accident du travail mortel - ACCIDENTDUTRAVAIL-IDF","og_description":"Un employ\u00e9 municipal de Collobri\u00e8res victime d\u2019un accident du travail mortel article de ACCIDENTDUTRAVAIL-IDF","og_url":"https:\/\/www.accidentdutravail-idf.net\/blog\/un-employe-municipal-de-collobrieres-victime-dun-accident-du-travail-mortel\/","og_site_name":"ACCIDENTDUTRAVAIL-IDF","article_published_time":"2024-10-30T10:29:00+00:00","og_image":[{"url":"https:\/\/www.accidentdutravail-idf.net\/blog\/wp-content\/uploads\/2024\/10\/un-employe-municipal-de-collobrieres-victime-dun-accident-du-travail-mortel.jpg","type":"","width":"","height":""}],"author":"Carlos Poulain","twitter_card":"summary_large_image","twitter_misc":{"\u00c9crit par":"Carlos Poulain","Dur\u00e9e de lecture estim\u00e9e":"2 minutes"},"schema":{"@context":"https:\/\/schema.org","@graph":[{"@type":"Article","@id":"https:\/\/www.accidentdutravail-idf.net\/blog\/un-employe-municipal-de-collobrieres-victime-dun-accident-du-travail-mortel\/#article","isPartOf":{"@id":"https:\/\/www.accidentdutravail-idf.net\/blog\/un-employe-municipal-de-collobrieres-victime-dun-accident-du-travail-mortel\/"},"author":{"name":"Carlos Poulain","@id":"https:\/\/www.accidentdutravail-idf.net\/blog\/#\/schema\/person\/3255d2f970de45e64bd9201f38e7b947"},"headline":"Un employ\u00e9 municipal de Collobri\u00e8res victime d\u2019un accident du travail mortel","datePublished":"2024-10-30T10:29:00+00:00","mainEntityOfPage":{"@id":"https:\/\/www.accidentdutravail-idf.net\/blog\/un-employe-municipal-de-collobrieres-victime-dun-accident-du-travail-mortel\/"},"wordCount":361,"publisher":{"@id":"https:\/\/www.accidentdutravail-idf.net\/blog\/#organization"},"image":{"@id":"https:\/\/www.accidentdutravail-idf.net\/blog\/un-employe-municipal-de-collobrieres-victime-dun-accident-du-travail-mortel\/#primaryimage"},"thumbnailUrl":"https:\/\/www.accidentdutravail-idf.net\/blog\/wp-content\/uploads\/2024\/10\/un-employe-municipal-de-collobrieres-victime-dun-accident-du-travail-mortel.jpg","articleSection":["S\u00e9curit\u00e9 Du Travail En Ile-De-France Et Divers:"],"inLanguage":"fr-FR"},{"@type":"WebPage","@id":"https:\/\/www.accidentdutravail-idf.net\/blog\/un-employe-municipal-de-collobrieres-victime-dun-accident-du-travail-mortel\/","url":"https:\/\/www.accidentdutravail-idf.net\/blog\/un-employe-municipal-de-collobrieres-victime-dun-accident-du-travail-mortel\/","name":"Un employ\u00e9 municipal de Collobri\u00e8res victime d\u2019un accident du travail mortel - ACCIDENTDUTRAVAIL-IDF","isPartOf":{"@id":"https:\/\/www.accidentdutravail-idf.net\/blog\/#website"},"primaryImageOfPage":{"@id":"https:\/\/www.accidentdutravail-idf.net\/blog\/un-employe-municipal-de-collobrieres-victime-dun-accident-du-travail-mortel\/#primaryimage"},"image":{"@id":"https:\/\/www.accidentdutravail-idf.net\/blog\/un-employe-municipal-de-collobrieres-victime-dun-accident-du-travail-mortel\/#primaryimage"},"thumbnailUrl":"https:\/\/www.accidentdutravail-idf.net\/blog\/wp-content\/uploads\/2024\/10\/un-employe-municipal-de-collobrieres-victime-dun-accident-du-travail-mortel.jpg","datePublished":"2024-10-30T10:29:00+00:00","description":"Un employ\u00e9 municipal de Collobri\u00e8res victime d\u2019un accident du travail mortel article de ACCIDENTDUTRAVAIL-IDF","breadcrumb":{"@id":"https:\/\/www.accidentdutravail-idf.net\/blog\/un-employe-municipal-de-collobrieres-victime-dun-accident-du-travail-mortel\/#breadcrumb"},"inLanguage":"fr-FR","potentialAction":[{"@type":"ReadAction","target":["https:\/\/www.accidentdutravail-idf.net\/blog\/un-employe-municipal-de-collobrieres-victime-dun-accident-du-travail-mortel\/"]}]},{"@type":"ImageObject","inLanguage":"fr-FR","@id":"https:\/\/www.accidentdutravail-idf.net\/blog\/un-employe-municipal-de-collobrieres-victime-dun-accident-du-travail-mortel\/#primaryimage","url":"https:\/\/www.accidentdutravail-idf.net\/blog\/wp-content\/uploads\/2024\/10\/un-employe-municipal-de-collobrieres-victime-dun-accident-du-travail-mortel.jpg","contentUrl":"https:\/\/www.accidentdutravail-idf.net\/blog\/wp-content\/uploads\/2024\/10\/un-employe-municipal-de-collobrieres-victime-dun-accident-du-travail-mortel.jpg"},{"@type":"BreadcrumbList","@id":"https:\/\/www.accidentdutravail-idf.net\/blog\/un-employe-municipal-de-collobrieres-victime-dun-accident-du-travail-mortel\/#breadcrumb","itemListElement":[{"@type":"ListItem","position":1,"name":"Accueil","item":"https:\/\/www.accidentdutravail-idf.net\/blog\/"},{"@type":"ListItem","position":2,"name":"Un employ\u00e9 municipal de Collobri\u00e8res victime d\u2019un accident du travail mortel"}]},{"@type":"WebSite","@id":"https:\/\/www.accidentdutravail-idf.net\/blog\/#website","url":"https:\/\/www.accidentdutravail-idf.net\/blog\/","name":"ACCIDENTDUTRAVAIL-IDF","description":"Portail accidents du travail-maladies professionnelles des entreprises d&#039;Ile-de-France","publisher":{"@id":"https:\/\/www.accidentdutravail-idf.net\/blog\/#organization"},"potentialAction":[{"@type":"SearchAction","target":{"@type":"EntryPoint","urlTemplate":"https:\/\/www.accidentdutravail-idf.net\/blog\/?s={search_term_string}"},"query-input":{"@type":"PropertyValueSpecification","valueRequired":true,"valueName":"search_term_string"}}],"inLanguage":"fr-FR"},{"@type":"Organization","@id":"https:\/\/www.accidentdutravail-idf.net\/blog\/#organization","name":"accidentdutravail-idf","url":"https:\/\/www.accidentdutravail-idf.net\/blog\/","logo":{"@type":"ImageObject","inLanguage":"fr-FR","@id":"https:\/\/www.accidentdutravail-idf.net\/blog\/#\/schema\/logo\/image\/","url":"https:\/\/www.accidentdutravail-idf.net\/blog\/wp-content\/uploads\/2022\/09\/logo-2.png","contentUrl":"https:\/\/www.accidentdutravail-idf.net\/blog\/wp-content\/uploads\/2022\/09\/logo-2.png","width":380,"height":291,"caption":"accidentdutravail-idf"},"image":{"@id":"https:\/\/www.accidentdutravail-idf.net\/blog\/#\/schema\/logo\/image\/"}},{"@type":"Person","@id":"https:\/\/www.accidentdutravail-idf.net\/blog\/#\/schema\/person\/3255d2f970de45e64bd9201f38e7b947","name":"Carlos Poulain","image":{"@type":"ImageObject","inLanguage":"fr-FR","@id":"https:\/\/secure.gravatar.com\/avatar\/b1c2f9d3588e34e91adb093635df64ef4b2381991216be7576466cfcdca4baf3?s=96&d=mm&r=g","url":"https:\/\/secure.gravatar.com\/avatar\/b1c2f9d3588e34e91adb093635df64ef4b2381991216be7576466cfcdca4baf3?s=96&d=mm&r=g","contentUrl":"https:\/\/secure.gravatar.com\/avatar\/b1c2f9d3588e34e91adb093635df64ef4b2381991216be7576466cfcdca4baf3?s=96&d=mm&r=g","caption":"Carlos Poulain"},"url":"https:\/\/www.accidentdutravail-idf.net\/blog\/author\/idfcarlos\/"}]}},"_links":{"self":[{"href":"https:\/\/www.accidentdutravail-idf.net\/blog\/wp-json\/wp\/v2\/posts\/962","targetHints":{"allow":["GET"]}}],"collection":[{"href":"https:\/\/www.accidentdutravail-idf.net\/blog\/wp-json\/wp\/v2\/posts"}],"about":[{"href":"https:\/\/www.accidentdutravail-idf.net\/blog\/wp-json\/wp\/v2\/types\/post"}],"author":[{"embeddable":true,"href":"https:\/\/www.accidentdutravail-idf.net\/blog\/wp-json\/wp\/v2\/users\/2"}],"replies":[{"embeddable":true,"href":"https:\/\/www.accidentdutravail-idf.net\/blog\/wp-json\/wp\/v2\/comments?post=962"}],"version-history":[{"count":0,"href":"https:\/\/www.accidentdutravail-idf.net\/blog\/wp-json\/wp\/v2\/posts\/962\/revisions"}],"wp:attachment":[{"href":"https:\/\/www.accidentdutravail-idf.net\/blog\/wp-json\/wp\/v2\/media?parent=962"}],"wp:term":[{"taxonomy":"category","embeddable":true,"href":"https:\/\/www.accidentdutravail-idf.net\/blog\/wp-json\/wp\/v2\/categories?post=962"},{"taxonomy":"post_tag","embeddable":true,"href":"https:\/\/www.accidentdutravail-idf.net\/blog\/wp-json\/wp\/v2\/tags?post=962"}],"curies":[{"name":"wp","href":"https:\/\/api.w.org\/{rel}","templated":true}]}}