{"id":958,"date":"2024-10-29T15:11:00","date_gmt":"2024-10-29T14:11:00","guid":{"rendered":"https:\/\/www.accidentdutravail-idf.net\/blog\/reapprendre-pour-la-deuxieme-fois-a-marcher-comment-sarah-bardin-a-reconstruit-sa-vie-apres-un-avc\/"},"modified":"2024-10-29T15:11:00","modified_gmt":"2024-10-29T14:11:00","slug":"reapprendre-pour-la-deuxieme-fois-a-marcher-comment-sarah-bardin-a-reconstruit-sa-vie-apres-un-avc","status":"publish","type":"post","link":"https:\/\/www.accidentdutravail-idf.net\/blog\/reapprendre-pour-la-deuxieme-fois-a-marcher-comment-sarah-bardin-a-reconstruit-sa-vie-apres-un-avc\/","title":{"rendered":"\u00ab\u00a0R\u00e9apprendre pour la deuxi\u00e8me fois \u00e0 marcher\u00a0\u00bb : comment Sarah Bardin a reconstruit sa vie apr\u00e8s un AVC"},"content":{"rendered":"<div class=\"content-cover-wrapper content-cover-wrapper--video\">\n<div class=\"c-time\">\n<p> <span class=\"publication-date__published\"> Publi\u00e9 le 29\/10\/2024 21:16 <\/span> <span class=\"publication-date__metadatas-separator\"><\/span> <span class=\"publication-date__modified\"> Mis \u00e0 jour le 29\/10\/2024 23:11 <\/span> <\/p>\n<p> <span class=\"reading-time \">  Temps de lecture : 1min &#8211; vid\u00e9o : 3min <\/span> <\/div>\n<div class=\"c-cover\">\n<figure data-cy=\"francetv-player-wrapper\" id=\"efa07b34-962e-11ef-9cea-57a09c50f7ce\" class=\"francetv-player-wrapper \" data-parameters=\"[]\">    <img decoding=\"async\" class=\"francetv-player-wrapper__image\" alt=\"AVC : le long et difficile travail de r\u00e9\u00e9ducation des victimes\" width=\"432\" height=\"243\" src=\"https:\/\/www.accidentdutravail-idf.net\/blog\/wp-content\/uploads\/2024\/10\/reapprendre-pour-la-deuxieme-fois-a-marcher-comment-sarah-bardin-a-reconstruit-sa-vie-apres-un-avc.png\"><figcaption> AVC : le long et difficile travail de r\u00e9\u00e9ducation des victimes <span class=\"text-only-for-screen-reader\">AVC : le long et difficile travail de r\u00e9\u00e9ducation des victimes<\/span> <span>(France 2)<\/span> <\/figcaption><\/figure>\n<\/p><\/div>\n<\/p><\/div>\n<p> Chaque ann\u00e9e en France, pr\u00e8s de 150 000 personnes sont victimes d&rsquo;un accident vasculaire c\u00e9r\u00e9bral (AVC). C&rsquo;est la deuxi\u00e8me cause de d\u00e9c\u00e8s chez les adultes. Le 20 Heures a rencontr\u00e9 une femme qui a eu un AVC \u00e0 29 ans. Marcher, parler, se nourrir : pendant deux ans, elle a d\u00fb tout r\u00e9apprendre.\n<\/p>\n<div class=\"c-body\">\n<p>Sarah Bardin a \u00e9t\u00e9 victime d&rsquo;un accident vasculaire c\u00e9r\u00e9bral (<a href=\"https:\/\/france3-regions.francetvinfo.fr\/hauts-de-france\/nord-0\/lille\/80-des-avc-pourraient-etre-evites-5-choses-a-savoir-pour-reagir-face-a-cette-maladie-chronique-3052369.html\" target=\"_blank\" rel=\"nofollow\">AVC<\/a>) \u00e0 29 ans. Cette maman de jumeaux a mis des mois avant de pouvoir se maquiller sans trembler. Son AVC a eu lieu il y a trois ans. Elle a \u00e9t\u00e9 r\u00e9veill\u00e9e en pleine nuit par des douleurs terribles. Malgr\u00e9 l&rsquo;urgence, elle a mis quatre heures \u00e0 \u00eatre prise en charge. Un m\u00e9decin a \u00e9voqu\u00e9 une crise d&rsquo;angoisse. \u00c0 29 ans, qui pouvait imaginer qu&rsquo;elle faisait un AVC ?<\/p>\n<p>Sarah Bardin n&rsquo;est pourtant pas isol\u00e9e. Une femme sur quatre est victime d&rsquo;un AVC en France. 18 200 en meurent chaque ann\u00e9e. La trentenaire Sarah Bardin a \u00e9t\u00e9 plusieurs jours dans le coma. \u00c0 son r\u00e9veil, elle ne pouvait plus marcher, ni parler, ni se nourrir seule. Pendant deux ans, elle a d\u00fb tout r\u00e9apprendre. Se relever est le d\u00e9fi de toutes les victimes d&rsquo;un AVC. Depuis son attaque il y a cinq jours, une dame de 65 ans se sent prisonni\u00e8re de son corps. Les victimes requi\u00e8rent une r\u00e9\u00e9ducation intense. Mieux conna\u00eetre l&rsquo;AVC est d\u00e9j\u00e0 une fa\u00e7on de le combattre. Sarah Bardin a ainsi publi\u00e9 un livre intitul\u00e9 <em>R\u00e9par\u00e9e<\/em>, afin d&rsquo;en parler pour \u00e9viter de nouvelles victimes.<\/p>\n<p><em>Regardez l&rsquo;int\u00e9gralit\u00e9 du reportage dans la vid\u00e9o ci-dessus.<\/em><\/p>\n<p><em>Liste non exhaustive.<\/em><\/p>\n<\/div>\n<section class=\"social-zone\">\n<div class=\"social-zone__wrapper\">\n<p class=\"social-zone__sentence\">Partager&nbsp;: <span class=\"sr-only\">l\u2019article sur les r\u00e9seaux sociaux<\/span><\/p>\n<\/p><\/div>\n<\/section>\n<p> &lt;!&#8211; \/esi-block\/contents::sameTopicESI\/index\/{&quot;contentId&quot;:6867140}.html &#8211;&gt; <\/p>\n<section class=\"related-tags \">\n<p class=\"related-tags__title\" role=\"heading\"><!--no space -->les mots-cl\u00e9s associ\u00e9s \u00e0 cet article <\/p>\n<\/section>\n<p> accidentdutravail-idf.net vous a pr\u00e9par\u00e9 ce post qui informe du sujet \u00ab\u00a0Association Sportive Huisson-Longueville Essonne\u00a0\u00bb. La chronique se veut g\u00e9n\u00e9r\u00e9e du mieux possible. Vous pouvez utiliser les coordonn\u00e9es indiqu\u00e9es sur le site dans le but d\u2019apporter des explications sur ce post qui parle du th\u00e8me \u00ab\u00a0Association Sportive Huisson-Longueville Essonne\u00a0\u00bb. Le site accidentdutravail-idf.net a pour but de fournir diverses publications sur la th\u00e9matique Association Sportive Huisson-Longueville Essonne diffus\u00e9es sur le net. Il y aura plusieurs articles autour du sujet \u00ab\u00a0Association Sportive Huisson-Longueville Essonne\u00a0\u00bb dans quelques jours, nous vous invitons \u00e0 naviguer sur notre site web \u00e0 plusieurs reprises.<\/p>\n","protected":false},"excerpt":{"rendered":"<p>Publi\u00e9 le 29\/10\/2024 21:16 Mis \u00e0 jour le 29\/10\/2024 23:11 Temps de lecture : 1min &#8211; vid\u00e9o : 3min AVC : le long et difficile travail de r\u00e9\u00e9ducation des victimes AVC : le long et difficile travail de r\u00e9\u00e9ducation des victimes (France 2) Chaque ann\u00e9e en France, pr\u00e8s de 150 000 personnes sont victimes d&rsquo;un &hellip; <\/p>\n<p class=\"link-more\"><a href=\"https:\/\/www.accidentdutravail-idf.net\/blog\/reapprendre-pour-la-deuxieme-fois-a-marcher-comment-sarah-bardin-a-reconstruit-sa-vie-apres-un-avc\/\" class=\"more-link\">Continuer la lecture <span class=\"screen-reader-text\"> \u00ab\u00a0\u00ab\u00a0R\u00e9apprendre pour la deuxi\u00e8me fois \u00e0 marcher\u00a0\u00bb : comment Sarah Bardin a reconstruit sa vie apr\u00e8s un AVC\u00a0\u00bb<\/span><\/a><\/p>\n","protected":false},"author":2,"featured_media":0,"comment_status":"closed","ping_status":"closed","sticky":false,"template":"","format":"standard","meta":{"footnotes":""},"categories":[5],"tags":[],"class_list":["post-958","post","type-post","status-publish","format-standard","hentry","category-securite-du-travail-en-ile-de-france-et-divers","entry"],"yoast_head":"<!-- This site is optimized with the Yoast SEO plugin v27.5 - https:\/\/yoast.com\/product\/yoast-seo-wordpress\/ -->\n<title>&quot;R\u00e9apprendre pour la deuxi\u00e8me fois \u00e0 marcher&quot; : comment Sarah Bardin a reconstruit sa vie apr\u00e8s un AVC - ACCIDENTDUTRAVAIL-IDF<\/title>\n<meta name=\"description\" content=\"&quot;R\u00e9apprendre pour la deuxi\u00e8me fois \u00e0 marcher&quot; : comment Sarah Bardin a reconstruit sa vie apr\u00e8s un AVC article de ACCIDENTDUTRAVAIL-IDF\" \/>\n<meta name=\"robots\" content=\"index, follow, max-snippet:-1, max-image-preview:large, max-video-preview:-1\" \/>\n<link rel=\"canonical\" href=\"https:\/\/www.accidentdutravail-idf.net\/blog\/reapprendre-pour-la-deuxieme-fois-a-marcher-comment-sarah-bardin-a-reconstruit-sa-vie-apres-un-avc\/\" \/>\n<meta property=\"og:locale\" content=\"fr_FR\" \/>\n<meta property=\"og:type\" content=\"article\" \/>\n<meta property=\"og:title\" content=\"&quot;R\u00e9apprendre pour la deuxi\u00e8me fois \u00e0 marcher&quot; : comment Sarah Bardin a reconstruit sa vie apr\u00e8s un AVC - ACCIDENTDUTRAVAIL-IDF\" \/>\n<meta property=\"og:description\" content=\"&quot;R\u00e9apprendre pour la deuxi\u00e8me fois \u00e0 marcher&quot; : comment Sarah Bardin a reconstruit sa vie apr\u00e8s un AVC article de ACCIDENTDUTRAVAIL-IDF\" \/>\n<meta property=\"og:url\" content=\"https:\/\/www.accidentdutravail-idf.net\/blog\/reapprendre-pour-la-deuxieme-fois-a-marcher-comment-sarah-bardin-a-reconstruit-sa-vie-apres-un-avc\/\" \/>\n<meta property=\"og:site_name\" content=\"ACCIDENTDUTRAVAIL-IDF\" \/>\n<meta property=\"article:published_time\" content=\"2024-10-29T14:11:00+00:00\" \/>\n<meta property=\"og:image\" content=\"https:\/\/www.accidentdutravail-idf.net\/blog\/wp-content\/uploads\/2024\/10\/reapprendre-pour-la-deuxieme-fois-a-marcher-comment-sarah-bardin-a-reconstruit-sa-vie-apres-un-avc.png\" \/>\n<meta name=\"author\" content=\"Carlos Poulain\" \/>\n<meta name=\"twitter:card\" content=\"summary_large_image\" \/>\n<meta name=\"twitter:label1\" content=\"\u00c9crit par\" \/>\n\t<meta name=\"twitter:data1\" content=\"Carlos Poulain\" \/>\n\t<meta name=\"twitter:label2\" content=\"Dur\u00e9e de lecture estim\u00e9e\" \/>\n\t<meta name=\"twitter:data2\" content=\"2 minutes\" \/>\n<script type=\"application\/ld+json\" class=\"yoast-schema-graph\">{\"@context\":\"https:\\\/\\\/schema.org\",\"@graph\":[{\"@type\":\"Article\",\"@id\":\"https:\\\/\\\/www.accidentdutravail-idf.net\\\/blog\\\/reapprendre-pour-la-deuxieme-fois-a-marcher-comment-sarah-bardin-a-reconstruit-sa-vie-apres-un-avc\\\/#article\",\"isPartOf\":{\"@id\":\"https:\\\/\\\/www.accidentdutravail-idf.net\\\/blog\\\/reapprendre-pour-la-deuxieme-fois-a-marcher-comment-sarah-bardin-a-reconstruit-sa-vie-apres-un-avc\\\/\"},\"author\":{\"name\":\"Carlos Poulain\",\"@id\":\"https:\\\/\\\/www.accidentdutravail-idf.net\\\/blog\\\/#\\\/schema\\\/person\\\/3255d2f970de45e64bd9201f38e7b947\"},\"headline\":\"\u00ab\u00a0R\u00e9apprendre pour la deuxi\u00e8me fois \u00e0 marcher\u00a0\u00bb : comment Sarah Bardin a reconstruit sa vie apr\u00e8s un AVC\",\"datePublished\":\"2024-10-29T14:11:00+00:00\",\"mainEntityOfPage\":{\"@id\":\"https:\\\/\\\/www.accidentdutravail-idf.net\\\/blog\\\/reapprendre-pour-la-deuxieme-fois-a-marcher-comment-sarah-bardin-a-reconstruit-sa-vie-apres-un-avc\\\/\"},\"wordCount\":462,\"publisher\":{\"@id\":\"https:\\\/\\\/www.accidentdutravail-idf.net\\\/blog\\\/#organization\"},\"image\":{\"@id\":\"https:\\\/\\\/www.accidentdutravail-idf.net\\\/blog\\\/reapprendre-pour-la-deuxieme-fois-a-marcher-comment-sarah-bardin-a-reconstruit-sa-vie-apres-un-avc\\\/#primaryimage\"},\"thumbnailUrl\":\"https:\\\/\\\/www.accidentdutravail-idf.net\\\/blog\\\/wp-content\\\/uploads\\\/2024\\\/10\\\/reapprendre-pour-la-deuxieme-fois-a-marcher-comment-sarah-bardin-a-reconstruit-sa-vie-apres-un-avc.png\",\"articleSection\":[\"S\u00e9curit\u00e9 Du Travail En Ile-De-France Et Divers:\"],\"inLanguage\":\"fr-FR\"},{\"@type\":\"WebPage\",\"@id\":\"https:\\\/\\\/www.accidentdutravail-idf.net\\\/blog\\\/reapprendre-pour-la-deuxieme-fois-a-marcher-comment-sarah-bardin-a-reconstruit-sa-vie-apres-un-avc\\\/\",\"url\":\"https:\\\/\\\/www.accidentdutravail-idf.net\\\/blog\\\/reapprendre-pour-la-deuxieme-fois-a-marcher-comment-sarah-bardin-a-reconstruit-sa-vie-apres-un-avc\\\/\",\"name\":\"\\\"R\u00e9apprendre pour la deuxi\u00e8me fois \u00e0 marcher\\\" : comment Sarah Bardin a reconstruit sa vie apr\u00e8s un AVC - ACCIDENTDUTRAVAIL-IDF\",\"isPartOf\":{\"@id\":\"https:\\\/\\\/www.accidentdutravail-idf.net\\\/blog\\\/#website\"},\"primaryImageOfPage\":{\"@id\":\"https:\\\/\\\/www.accidentdutravail-idf.net\\\/blog\\\/reapprendre-pour-la-deuxieme-fois-a-marcher-comment-sarah-bardin-a-reconstruit-sa-vie-apres-un-avc\\\/#primaryimage\"},\"image\":{\"@id\":\"https:\\\/\\\/www.accidentdutravail-idf.net\\\/blog\\\/reapprendre-pour-la-deuxieme-fois-a-marcher-comment-sarah-bardin-a-reconstruit-sa-vie-apres-un-avc\\\/#primaryimage\"},\"thumbnailUrl\":\"https:\\\/\\\/www.accidentdutravail-idf.net\\\/blog\\\/wp-content\\\/uploads\\\/2024\\\/10\\\/reapprendre-pour-la-deuxieme-fois-a-marcher-comment-sarah-bardin-a-reconstruit-sa-vie-apres-un-avc.png\",\"datePublished\":\"2024-10-29T14:11:00+00:00\",\"description\":\"\\\"R\u00e9apprendre pour la deuxi\u00e8me fois \u00e0 marcher\\\" : comment Sarah Bardin a reconstruit sa vie apr\u00e8s un AVC article de ACCIDENTDUTRAVAIL-IDF\",\"breadcrumb\":{\"@id\":\"https:\\\/\\\/www.accidentdutravail-idf.net\\\/blog\\\/reapprendre-pour-la-deuxieme-fois-a-marcher-comment-sarah-bardin-a-reconstruit-sa-vie-apres-un-avc\\\/#breadcrumb\"},\"inLanguage\":\"fr-FR\",\"potentialAction\":[{\"@type\":\"ReadAction\",\"target\":[\"https:\\\/\\\/www.accidentdutravail-idf.net\\\/blog\\\/reapprendre-pour-la-deuxieme-fois-a-marcher-comment-sarah-bardin-a-reconstruit-sa-vie-apres-un-avc\\\/\"]}]},{\"@type\":\"ImageObject\",\"inLanguage\":\"fr-FR\",\"@id\":\"https:\\\/\\\/www.accidentdutravail-idf.net\\\/blog\\\/reapprendre-pour-la-deuxieme-fois-a-marcher-comment-sarah-bardin-a-reconstruit-sa-vie-apres-un-avc\\\/#primaryimage\",\"url\":\"https:\\\/\\\/www.accidentdutravail-idf.net\\\/blog\\\/wp-content\\\/uploads\\\/2024\\\/10\\\/reapprendre-pour-la-deuxieme-fois-a-marcher-comment-sarah-bardin-a-reconstruit-sa-vie-apres-un-avc.png\",\"contentUrl\":\"https:\\\/\\\/www.accidentdutravail-idf.net\\\/blog\\\/wp-content\\\/uploads\\\/2024\\\/10\\\/reapprendre-pour-la-deuxieme-fois-a-marcher-comment-sarah-bardin-a-reconstruit-sa-vie-apres-un-avc.png\"},{\"@type\":\"BreadcrumbList\",\"@id\":\"https:\\\/\\\/www.accidentdutravail-idf.net\\\/blog\\\/reapprendre-pour-la-deuxieme-fois-a-marcher-comment-sarah-bardin-a-reconstruit-sa-vie-apres-un-avc\\\/#breadcrumb\",\"itemListElement\":[{\"@type\":\"ListItem\",\"position\":1,\"name\":\"Accueil\",\"item\":\"https:\\\/\\\/www.accidentdutravail-idf.net\\\/blog\\\/\"},{\"@type\":\"ListItem\",\"position\":2,\"name\":\"\u00ab\u00a0R\u00e9apprendre pour la deuxi\u00e8me fois \u00e0 marcher\u00a0\u00bb : comment Sarah Bardin a reconstruit sa vie apr\u00e8s un AVC\"}]},{\"@type\":\"WebSite\",\"@id\":\"https:\\\/\\\/www.accidentdutravail-idf.net\\\/blog\\\/#website\",\"url\":\"https:\\\/\\\/www.accidentdutravail-idf.net\\\/blog\\\/\",\"name\":\"ACCIDENTDUTRAVAIL-IDF\",\"description\":\"Portail accidents du travail-maladies professionnelles des entreprises d&#039;Ile-de-France\",\"publisher\":{\"@id\":\"https:\\\/\\\/www.accidentdutravail-idf.net\\\/blog\\\/#organization\"},\"potentialAction\":[{\"@type\":\"SearchAction\",\"target\":{\"@type\":\"EntryPoint\",\"urlTemplate\":\"https:\\\/\\\/www.accidentdutravail-idf.net\\\/blog\\\/?s={search_term_string}\"},\"query-input\":{\"@type\":\"PropertyValueSpecification\",\"valueRequired\":true,\"valueName\":\"search_term_string\"}}],\"inLanguage\":\"fr-FR\"},{\"@type\":\"Organization\",\"@id\":\"https:\\\/\\\/www.accidentdutravail-idf.net\\\/blog\\\/#organization\",\"name\":\"accidentdutravail-idf\",\"url\":\"https:\\\/\\\/www.accidentdutravail-idf.net\\\/blog\\\/\",\"logo\":{\"@type\":\"ImageObject\",\"inLanguage\":\"fr-FR\",\"@id\":\"https:\\\/\\\/www.accidentdutravail-idf.net\\\/blog\\\/#\\\/schema\\\/logo\\\/image\\\/\",\"url\":\"https:\\\/\\\/www.accidentdutravail-idf.net\\\/blog\\\/wp-content\\\/uploads\\\/2022\\\/09\\\/logo-2.png\",\"contentUrl\":\"https:\\\/\\\/www.accidentdutravail-idf.net\\\/blog\\\/wp-content\\\/uploads\\\/2022\\\/09\\\/logo-2.png\",\"width\":380,\"height\":291,\"caption\":\"accidentdutravail-idf\"},\"image\":{\"@id\":\"https:\\\/\\\/www.accidentdutravail-idf.net\\\/blog\\\/#\\\/schema\\\/logo\\\/image\\\/\"}},{\"@type\":\"Person\",\"@id\":\"https:\\\/\\\/www.accidentdutravail-idf.net\\\/blog\\\/#\\\/schema\\\/person\\\/3255d2f970de45e64bd9201f38e7b947\",\"name\":\"Carlos Poulain\",\"image\":{\"@type\":\"ImageObject\",\"inLanguage\":\"fr-FR\",\"@id\":\"https:\\\/\\\/secure.gravatar.com\\\/avatar\\\/b1c2f9d3588e34e91adb093635df64ef4b2381991216be7576466cfcdca4baf3?s=96&d=mm&r=g\",\"url\":\"https:\\\/\\\/secure.gravatar.com\\\/avatar\\\/b1c2f9d3588e34e91adb093635df64ef4b2381991216be7576466cfcdca4baf3?s=96&d=mm&r=g\",\"contentUrl\":\"https:\\\/\\\/secure.gravatar.com\\\/avatar\\\/b1c2f9d3588e34e91adb093635df64ef4b2381991216be7576466cfcdca4baf3?s=96&d=mm&r=g\",\"caption\":\"Carlos Poulain\"},\"url\":\"https:\\\/\\\/www.accidentdutravail-idf.net\\\/blog\\\/author\\\/idfcarlos\\\/\"}]}<\/script>\n<!-- \/ Yoast SEO plugin. -->","yoast_head_json":{"title":"\"R\u00e9apprendre pour la deuxi\u00e8me fois \u00e0 marcher\" : comment Sarah Bardin a reconstruit sa vie apr\u00e8s un AVC - ACCIDENTDUTRAVAIL-IDF","description":"\"R\u00e9apprendre pour la deuxi\u00e8me fois \u00e0 marcher\" : comment Sarah Bardin a reconstruit sa vie apr\u00e8s un AVC article de ACCIDENTDUTRAVAIL-IDF","robots":{"index":"index","follow":"follow","max-snippet":"max-snippet:-1","max-image-preview":"max-image-preview:large","max-video-preview":"max-video-preview:-1"},"canonical":"https:\/\/www.accidentdutravail-idf.net\/blog\/reapprendre-pour-la-deuxieme-fois-a-marcher-comment-sarah-bardin-a-reconstruit-sa-vie-apres-un-avc\/","og_locale":"fr_FR","og_type":"article","og_title":"\"R\u00e9apprendre pour la deuxi\u00e8me fois \u00e0 marcher\" : comment Sarah Bardin a reconstruit sa vie apr\u00e8s un AVC - ACCIDENTDUTRAVAIL-IDF","og_description":"\"R\u00e9apprendre pour la deuxi\u00e8me fois \u00e0 marcher\" : comment Sarah Bardin a reconstruit sa vie apr\u00e8s un AVC article de ACCIDENTDUTRAVAIL-IDF","og_url":"https:\/\/www.accidentdutravail-idf.net\/blog\/reapprendre-pour-la-deuxieme-fois-a-marcher-comment-sarah-bardin-a-reconstruit-sa-vie-apres-un-avc\/","og_site_name":"ACCIDENTDUTRAVAIL-IDF","article_published_time":"2024-10-29T14:11:00+00:00","og_image":[{"url":"https:\/\/www.accidentdutravail-idf.net\/blog\/wp-content\/uploads\/2024\/10\/reapprendre-pour-la-deuxieme-fois-a-marcher-comment-sarah-bardin-a-reconstruit-sa-vie-apres-un-avc.png","type":"","width":"","height":""}],"author":"Carlos Poulain","twitter_card":"summary_large_image","twitter_misc":{"\u00c9crit par":"Carlos Poulain","Dur\u00e9e de lecture estim\u00e9e":"2 minutes"},"schema":{"@context":"https:\/\/schema.org","@graph":[{"@type":"Article","@id":"https:\/\/www.accidentdutravail-idf.net\/blog\/reapprendre-pour-la-deuxieme-fois-a-marcher-comment-sarah-bardin-a-reconstruit-sa-vie-apres-un-avc\/#article","isPartOf":{"@id":"https:\/\/www.accidentdutravail-idf.net\/blog\/reapprendre-pour-la-deuxieme-fois-a-marcher-comment-sarah-bardin-a-reconstruit-sa-vie-apres-un-avc\/"},"author":{"name":"Carlos Poulain","@id":"https:\/\/www.accidentdutravail-idf.net\/blog\/#\/schema\/person\/3255d2f970de45e64bd9201f38e7b947"},"headline":"\u00ab\u00a0R\u00e9apprendre pour la deuxi\u00e8me fois \u00e0 marcher\u00a0\u00bb : comment Sarah Bardin a reconstruit sa vie apr\u00e8s un AVC","datePublished":"2024-10-29T14:11:00+00:00","mainEntityOfPage":{"@id":"https:\/\/www.accidentdutravail-idf.net\/blog\/reapprendre-pour-la-deuxieme-fois-a-marcher-comment-sarah-bardin-a-reconstruit-sa-vie-apres-un-avc\/"},"wordCount":462,"publisher":{"@id":"https:\/\/www.accidentdutravail-idf.net\/blog\/#organization"},"image":{"@id":"https:\/\/www.accidentdutravail-idf.net\/blog\/reapprendre-pour-la-deuxieme-fois-a-marcher-comment-sarah-bardin-a-reconstruit-sa-vie-apres-un-avc\/#primaryimage"},"thumbnailUrl":"https:\/\/www.accidentdutravail-idf.net\/blog\/wp-content\/uploads\/2024\/10\/reapprendre-pour-la-deuxieme-fois-a-marcher-comment-sarah-bardin-a-reconstruit-sa-vie-apres-un-avc.png","articleSection":["S\u00e9curit\u00e9 Du Travail En Ile-De-France Et Divers:"],"inLanguage":"fr-FR"},{"@type":"WebPage","@id":"https:\/\/www.accidentdutravail-idf.net\/blog\/reapprendre-pour-la-deuxieme-fois-a-marcher-comment-sarah-bardin-a-reconstruit-sa-vie-apres-un-avc\/","url":"https:\/\/www.accidentdutravail-idf.net\/blog\/reapprendre-pour-la-deuxieme-fois-a-marcher-comment-sarah-bardin-a-reconstruit-sa-vie-apres-un-avc\/","name":"\"R\u00e9apprendre pour la deuxi\u00e8me fois \u00e0 marcher\" : comment Sarah Bardin a reconstruit sa vie apr\u00e8s un AVC - ACCIDENTDUTRAVAIL-IDF","isPartOf":{"@id":"https:\/\/www.accidentdutravail-idf.net\/blog\/#website"},"primaryImageOfPage":{"@id":"https:\/\/www.accidentdutravail-idf.net\/blog\/reapprendre-pour-la-deuxieme-fois-a-marcher-comment-sarah-bardin-a-reconstruit-sa-vie-apres-un-avc\/#primaryimage"},"image":{"@id":"https:\/\/www.accidentdutravail-idf.net\/blog\/reapprendre-pour-la-deuxieme-fois-a-marcher-comment-sarah-bardin-a-reconstruit-sa-vie-apres-un-avc\/#primaryimage"},"thumbnailUrl":"https:\/\/www.accidentdutravail-idf.net\/blog\/wp-content\/uploads\/2024\/10\/reapprendre-pour-la-deuxieme-fois-a-marcher-comment-sarah-bardin-a-reconstruit-sa-vie-apres-un-avc.png","datePublished":"2024-10-29T14:11:00+00:00","description":"\"R\u00e9apprendre pour la deuxi\u00e8me fois \u00e0 marcher\" : comment Sarah Bardin a reconstruit sa vie apr\u00e8s un AVC article de ACCIDENTDUTRAVAIL-IDF","breadcrumb":{"@id":"https:\/\/www.accidentdutravail-idf.net\/blog\/reapprendre-pour-la-deuxieme-fois-a-marcher-comment-sarah-bardin-a-reconstruit-sa-vie-apres-un-avc\/#breadcrumb"},"inLanguage":"fr-FR","potentialAction":[{"@type":"ReadAction","target":["https:\/\/www.accidentdutravail-idf.net\/blog\/reapprendre-pour-la-deuxieme-fois-a-marcher-comment-sarah-bardin-a-reconstruit-sa-vie-apres-un-avc\/"]}]},{"@type":"ImageObject","inLanguage":"fr-FR","@id":"https:\/\/www.accidentdutravail-idf.net\/blog\/reapprendre-pour-la-deuxieme-fois-a-marcher-comment-sarah-bardin-a-reconstruit-sa-vie-apres-un-avc\/#primaryimage","url":"https:\/\/www.accidentdutravail-idf.net\/blog\/wp-content\/uploads\/2024\/10\/reapprendre-pour-la-deuxieme-fois-a-marcher-comment-sarah-bardin-a-reconstruit-sa-vie-apres-un-avc.png","contentUrl":"https:\/\/www.accidentdutravail-idf.net\/blog\/wp-content\/uploads\/2024\/10\/reapprendre-pour-la-deuxieme-fois-a-marcher-comment-sarah-bardin-a-reconstruit-sa-vie-apres-un-avc.png"},{"@type":"BreadcrumbList","@id":"https:\/\/www.accidentdutravail-idf.net\/blog\/reapprendre-pour-la-deuxieme-fois-a-marcher-comment-sarah-bardin-a-reconstruit-sa-vie-apres-un-avc\/#breadcrumb","itemListElement":[{"@type":"ListItem","position":1,"name":"Accueil","item":"https:\/\/www.accidentdutravail-idf.net\/blog\/"},{"@type":"ListItem","position":2,"name":"\u00ab\u00a0R\u00e9apprendre pour la deuxi\u00e8me fois \u00e0 marcher\u00a0\u00bb : comment Sarah Bardin a reconstruit sa vie apr\u00e8s un AVC"}]},{"@type":"WebSite","@id":"https:\/\/www.accidentdutravail-idf.net\/blog\/#website","url":"https:\/\/www.accidentdutravail-idf.net\/blog\/","name":"ACCIDENTDUTRAVAIL-IDF","description":"Portail accidents du travail-maladies professionnelles des entreprises d&#039;Ile-de-France","publisher":{"@id":"https:\/\/www.accidentdutravail-idf.net\/blog\/#organization"},"potentialAction":[{"@type":"SearchAction","target":{"@type":"EntryPoint","urlTemplate":"https:\/\/www.accidentdutravail-idf.net\/blog\/?s={search_term_string}"},"query-input":{"@type":"PropertyValueSpecification","valueRequired":true,"valueName":"search_term_string"}}],"inLanguage":"fr-FR"},{"@type":"Organization","@id":"https:\/\/www.accidentdutravail-idf.net\/blog\/#organization","name":"accidentdutravail-idf","url":"https:\/\/www.accidentdutravail-idf.net\/blog\/","logo":{"@type":"ImageObject","inLanguage":"fr-FR","@id":"https:\/\/www.accidentdutravail-idf.net\/blog\/#\/schema\/logo\/image\/","url":"https:\/\/www.accidentdutravail-idf.net\/blog\/wp-content\/uploads\/2022\/09\/logo-2.png","contentUrl":"https:\/\/www.accidentdutravail-idf.net\/blog\/wp-content\/uploads\/2022\/09\/logo-2.png","width":380,"height":291,"caption":"accidentdutravail-idf"},"image":{"@id":"https:\/\/www.accidentdutravail-idf.net\/blog\/#\/schema\/logo\/image\/"}},{"@type":"Person","@id":"https:\/\/www.accidentdutravail-idf.net\/blog\/#\/schema\/person\/3255d2f970de45e64bd9201f38e7b947","name":"Carlos Poulain","image":{"@type":"ImageObject","inLanguage":"fr-FR","@id":"https:\/\/secure.gravatar.com\/avatar\/b1c2f9d3588e34e91adb093635df64ef4b2381991216be7576466cfcdca4baf3?s=96&d=mm&r=g","url":"https:\/\/secure.gravatar.com\/avatar\/b1c2f9d3588e34e91adb093635df64ef4b2381991216be7576466cfcdca4baf3?s=96&d=mm&r=g","contentUrl":"https:\/\/secure.gravatar.com\/avatar\/b1c2f9d3588e34e91adb093635df64ef4b2381991216be7576466cfcdca4baf3?s=96&d=mm&r=g","caption":"Carlos Poulain"},"url":"https:\/\/www.accidentdutravail-idf.net\/blog\/author\/idfcarlos\/"}]}},"_links":{"self":[{"href":"https:\/\/www.accidentdutravail-idf.net\/blog\/wp-json\/wp\/v2\/posts\/958","targetHints":{"allow":["GET"]}}],"collection":[{"href":"https:\/\/www.accidentdutravail-idf.net\/blog\/wp-json\/wp\/v2\/posts"}],"about":[{"href":"https:\/\/www.accidentdutravail-idf.net\/blog\/wp-json\/wp\/v2\/types\/post"}],"author":[{"embeddable":true,"href":"https:\/\/www.accidentdutravail-idf.net\/blog\/wp-json\/wp\/v2\/users\/2"}],"replies":[{"embeddable":true,"href":"https:\/\/www.accidentdutravail-idf.net\/blog\/wp-json\/wp\/v2\/comments?post=958"}],"version-history":[{"count":0,"href":"https:\/\/www.accidentdutravail-idf.net\/blog\/wp-json\/wp\/v2\/posts\/958\/revisions"}],"wp:attachment":[{"href":"https:\/\/www.accidentdutravail-idf.net\/blog\/wp-json\/wp\/v2\/media?parent=958"}],"wp:term":[{"taxonomy":"category","embeddable":true,"href":"https:\/\/www.accidentdutravail-idf.net\/blog\/wp-json\/wp\/v2\/categories?post=958"},{"taxonomy":"post_tag","embeddable":true,"href":"https:\/\/www.accidentdutravail-idf.net\/blog\/wp-json\/wp\/v2\/tags?post=958"}],"curies":[{"name":"wp","href":"https:\/\/api.w.org\/{rel}","templated":true}]}}