{"id":957,"date":"2024-10-29T08:17:00","date_gmt":"2024-10-29T07:17:00","guid":{"rendered":"https:\/\/www.accidentdutravail-idf.net\/blog\/des-maillons-voues-a-rester-dans-lombre-pourquoi-nous-ne-detaillons-pas-toute-la-chaine-des-secours\/"},"modified":"2024-10-29T08:17:00","modified_gmt":"2024-10-29T07:17:00","slug":"des-maillons-voues-a-rester-dans-lombre-pourquoi-nous-ne-detaillons-pas-toute-la-chaine-des-secours","status":"publish","type":"post","link":"https:\/\/www.accidentdutravail-idf.net\/blog\/des-maillons-voues-a-rester-dans-lombre-pourquoi-nous-ne-detaillons-pas-toute-la-chaine-des-secours\/","title":{"rendered":"Des maillons vou\u00e9s \u00e0 rester dans l\u2019ombre : Pourquoi nous ne d\u00e9taillons pas toute la cha\u00eene des secours"},"content":{"rendered":"<p> Nicolas nous a \u00e9crit le jeudi 24 octobre apr\u00e8s que nous avons rendu compte sur lyonne.fr de l\u2019accident du travail qui a co\u00fbt\u00e9 la vie \u00e0 un homme de 65 ans, le jour m\u00eame, \u00e0 Paron. <\/p>\n<div>\n<p>\u00ab Une fois de plus, vos articles concernant des accidents et bless\u00e9s graves [\u2026] mettent en avant toujours les pompiers \u00bb, commence-t-il. Avant de pr\u00e9ciser que si ces derniers m\u00e9ritent cette reconnaissance, nous ne parlons que tr\u00e8s rarement des intervenants \u00ab de l\u2019ombre \u00bb : les t\u00e9moins qui effectuent les gestes de premiers secours, l\u2019\u00e9quipe du Smur qui s\u2019occupe de la prise en charge m\u00e9dicale de la ou des victimes, etc. Nicolas conclut en nous demandant poliment d\u2019essayer d\u2019\u00eatre le plus pr\u00e9cis possible et de mentionner \u00ab tous les acteurs et intervenants \u00bb.<\/p>\n<h3>Une marge de man\u0153uvre limit\u00e9e<\/h3>\n<p>Commen\u00e7ons par remercier notre lecteur pour l\u2019hommage qu\u2019il rend aux anonymes qui, parce que le hasard fait qu\u2019ils sont confront\u00e9s \u00e0 un accident, s\u2019inscrivent dans une cha\u00eene de secours aux maillons effectivement plus nombreux que nos articles ne peuvent le laisser para\u00eetre. C\u2019est que notre marge de man\u0153uvre est limit\u00e9e.<\/p>\n<p class=\"c-lireaussi\"><a href=\"https:\/\/www.lyonne.fr\/auxerre-89000\/actualites\/ce-qui-a-change-dans-nos-pages-sportives_14587127\/\" target=\"_blank\" rel=\"nofollow\">Ce qui a chang\u00e9 dans nos pages sportives<\/a><\/p>\n<p>Rappelons que notre devoir est double&nbsp;: rendre compte d\u2019un \u00e9v\u00e9nement au plus t\u00f4t et ne donner \u00e0 lire que des informations que nous avons recoup\u00e9es. Nicolas aura constat\u00e9 que peu de temps s\u2019est \u00e9coul\u00e9 entre la survenue de l\u2019accident du travail auquel il fait r\u00e9f\u00e9rence, dans l\u2019apr\u00e8s-midi du 24&nbsp;octobre, et notre article le relatant, vers 17&nbsp;heures. Nous nous sommes donc appuy\u00e9s sur les \u00e9l\u00e9ments que nous avons pu obtenir aupr\u00e8s de plusieurs sources. En mati\u00e8re de faits divers, les sources les plus \u00e9videntes sont les sapeurs-pompiers, la police ou la gendarmerie, le parquet.<\/p>\n<h3>Le temps de l\u2019enqu\u00eate<\/h3>\n<p>Notons que les premi\u00e8res informations que nous pouvons recueillir sont n\u00e9cessairement parcellaires&nbsp;: le travail d\u2019enqu\u00eate n\u2019en est qu\u2019\u00e0 ses d\u00e9buts. Le temps passant, l\u2019enqu\u00eate avan\u00e7ant, notre connaissance des faits s\u2019enrichit. C\u2019est ainsi que le 25&nbsp;octobre, sur lyonne.fr, dans notre article annon\u00e7ant le d\u00e9c\u00e8s de l\u2019homme bless\u00e9 \u00e0 Paron, nous avons pu livrer des d\u00e9tails sur les circonstances de l\u2019accident, le profil de la victime et le d\u00e9roul\u00e9 de sa prise en charge.<\/p>\n<p class=\"c-lireaussi\"><a href=\"https:\/\/www.lyonne.fr\/auxerre-89000\/actualites\/les-pages-hebdomadaires-vie-des-entreprises-et-vignes-et-vins-disparaissent-de-nos-colonnes-on-vous-explique_14564560\/\" target=\"_blank\" rel=\"nofollow\">Les pages \u00ab Vie des entreprises \u00bb et \u00ab Vignes et vins \u00bb disparaissent du journal : on vous explique<\/a><\/p>\n<div class=\"bloc file\">\n<div id=\"nl_yr-faits-divers\" class=\"row nl\">\n<div class=\"nl-logo\"> <img decoding=\"async\" src=\"https:\/\/www.lyonne.fr\/static\/bloc\/ripolinage\/newsletter\/logos\/IconeGratuite.svg\"> <\/div>\n<div class=\"nl-titre\">\n<p>Recevez par mail notre newsletter faits divers et retrouver les moments forts de l\u2019actualit\u00e9 polici\u00e8re et judiciaire de votre r\u00e9gion<\/p>\n<\/p><\/div>\n<\/p><\/div>\n<\/div>\n<p>Mais pour revenir \u00e0 la question de Nicolas, nous n\u2019y avons pas davantage que la veille fait mention des personnes intervenues d\u00e8s les premiers instants. Pour cause, il est rare que nous disposions d\u2019informations suffisamment document\u00e9es, donc fiables, sur les actes des anonymes qui portent secours aux victimes. Nous ne pouvons qu\u2019exceptionnellement interagir avec ces personnes. Et les sources qui pourraient nous le permettre se refusent souvent \u00e0 nous. Ce fut le cas le 24 octobre : l\u2019entreprise o\u00f9 s\u2019est d\u00e9roul\u00e9 le drame n\u2019a pas souhait\u00e9 nous r\u00e9pondre.<\/p>\n<p><em><strong>Vincent Robinet<\/strong><\/em><\/p>\n<\/p><\/div>\n<p>accidentdutravail-idf.net vous a pr\u00e9par\u00e9 ce post qui informe du sujet \u00ab\u00a0Association Sportive Huisson-Longueville Essonne\u00a0\u00bb. La chronique se veut g\u00e9n\u00e9r\u00e9e du mieux possible. Vous pouvez utiliser les coordonn\u00e9es indiqu\u00e9es sur le site dans le but d\u2019apporter des explications sur ce post qui parle du th\u00e8me \u00ab\u00a0Association Sportive Huisson-Longueville Essonne\u00a0\u00bb. Le site accidentdutravail-idf.net a pour but de fournir diverses publications sur la th\u00e9matique Association Sportive Huisson-Longueville Essonne diffus\u00e9es sur le net. Il y aura plusieurs articles autour du sujet \u00ab\u00a0Association Sportive Huisson-Longueville Essonne\u00a0\u00bb dans quelques jours, nous vous invitons \u00e0 naviguer sur notre site web \u00e0 plusieurs reprises.<\/p>\n","protected":false},"excerpt":{"rendered":"<p>Nicolas nous a \u00e9crit le jeudi 24 octobre apr\u00e8s que nous avons rendu compte sur lyonne.fr de l\u2019accident du travail qui a co\u00fbt\u00e9 la vie \u00e0 un homme de 65 ans, le jour m\u00eame, \u00e0 Paron. \u00ab Une fois de plus, vos articles concernant des accidents et bless\u00e9s graves [\u2026] mettent en avant toujours les &hellip; <\/p>\n<p class=\"link-more\"><a href=\"https:\/\/www.accidentdutravail-idf.net\/blog\/des-maillons-voues-a-rester-dans-lombre-pourquoi-nous-ne-detaillons-pas-toute-la-chaine-des-secours\/\" class=\"more-link\">Continuer la lecture <span class=\"screen-reader-text\"> \u00ab\u00a0Des maillons vou\u00e9s \u00e0 rester dans l\u2019ombre : Pourquoi nous ne d\u00e9taillons pas toute la cha\u00eene des secours\u00a0\u00bb<\/span><\/a><\/p>\n","protected":false},"author":2,"featured_media":0,"comment_status":"closed","ping_status":"closed","sticky":false,"template":"","format":"standard","meta":{"footnotes":""},"categories":[5],"tags":[],"class_list":["post-957","post","type-post","status-publish","format-standard","hentry","category-securite-du-travail-en-ile-de-france-et-divers","entry"],"yoast_head":"<!-- This site is optimized with the Yoast SEO plugin v27.5 - https:\/\/yoast.com\/product\/yoast-seo-wordpress\/ -->\n<title>Des maillons vou\u00e9s \u00e0 rester dans l\u2019ombre : Pourquoi nous ne d\u00e9taillons pas toute la cha\u00eene des secours - ACCIDENTDUTRAVAIL-IDF<\/title>\n<meta name=\"description\" content=\"Des maillons vou\u00e9s \u00e0 rester dans l\u2019ombre : Pourquoi nous ne d\u00e9taillons pas toute la cha\u00eene des secours article de ACCIDENTDUTRAVAIL-IDF\" \/>\n<meta name=\"robots\" content=\"index, follow, max-snippet:-1, max-image-preview:large, max-video-preview:-1\" \/>\n<link rel=\"canonical\" href=\"https:\/\/www.accidentdutravail-idf.net\/blog\/des-maillons-voues-a-rester-dans-lombre-pourquoi-nous-ne-detaillons-pas-toute-la-chaine-des-secours\/\" \/>\n<meta property=\"og:locale\" content=\"fr_FR\" \/>\n<meta property=\"og:type\" content=\"article\" \/>\n<meta property=\"og:title\" content=\"Des maillons vou\u00e9s \u00e0 rester dans l\u2019ombre : Pourquoi nous ne d\u00e9taillons pas toute la cha\u00eene des secours - ACCIDENTDUTRAVAIL-IDF\" \/>\n<meta property=\"og:description\" content=\"Des maillons vou\u00e9s \u00e0 rester dans l\u2019ombre : Pourquoi nous ne d\u00e9taillons pas toute la cha\u00eene des secours article de ACCIDENTDUTRAVAIL-IDF\" \/>\n<meta property=\"og:url\" content=\"https:\/\/www.accidentdutravail-idf.net\/blog\/des-maillons-voues-a-rester-dans-lombre-pourquoi-nous-ne-detaillons-pas-toute-la-chaine-des-secours\/\" \/>\n<meta property=\"og:site_name\" content=\"ACCIDENTDUTRAVAIL-IDF\" \/>\n<meta property=\"article:published_time\" content=\"2024-10-29T07:17:00+00:00\" \/>\n<meta property=\"og:image\" content=\"https:\/\/www.lyonne.fr\/static\/bloc\/ripolinage\/newsletter\/logos\/IconeGratuite.svg\" \/>\n<meta name=\"author\" content=\"Carlos Poulain\" \/>\n<meta name=\"twitter:card\" content=\"summary_large_image\" \/>\n<meta name=\"twitter:label1\" content=\"\u00c9crit par\" \/>\n\t<meta name=\"twitter:data1\" content=\"Carlos Poulain\" \/>\n\t<meta name=\"twitter:label2\" content=\"Dur\u00e9e de lecture estim\u00e9e\" \/>\n\t<meta name=\"twitter:data2\" content=\"3 minutes\" \/>\n<script type=\"application\/ld+json\" class=\"yoast-schema-graph\">{\"@context\":\"https:\\\/\\\/schema.org\",\"@graph\":[{\"@type\":\"Article\",\"@id\":\"https:\\\/\\\/www.accidentdutravail-idf.net\\\/blog\\\/des-maillons-voues-a-rester-dans-lombre-pourquoi-nous-ne-detaillons-pas-toute-la-chaine-des-secours\\\/#article\",\"isPartOf\":{\"@id\":\"https:\\\/\\\/www.accidentdutravail-idf.net\\\/blog\\\/des-maillons-voues-a-rester-dans-lombre-pourquoi-nous-ne-detaillons-pas-toute-la-chaine-des-secours\\\/\"},\"author\":{\"name\":\"Carlos Poulain\",\"@id\":\"https:\\\/\\\/www.accidentdutravail-idf.net\\\/blog\\\/#\\\/schema\\\/person\\\/3255d2f970de45e64bd9201f38e7b947\"},\"headline\":\"Des maillons vou\u00e9s \u00e0 rester dans l\u2019ombre : Pourquoi nous ne d\u00e9taillons pas toute la cha\u00eene des secours\",\"datePublished\":\"2024-10-29T07:17:00+00:00\",\"mainEntityOfPage\":{\"@id\":\"https:\\\/\\\/www.accidentdutravail-idf.net\\\/blog\\\/des-maillons-voues-a-rester-dans-lombre-pourquoi-nous-ne-detaillons-pas-toute-la-chaine-des-secours\\\/\"},\"wordCount\":676,\"publisher\":{\"@id\":\"https:\\\/\\\/www.accidentdutravail-idf.net\\\/blog\\\/#organization\"},\"image\":{\"@id\":\"https:\\\/\\\/www.accidentdutravail-idf.net\\\/blog\\\/des-maillons-voues-a-rester-dans-lombre-pourquoi-nous-ne-detaillons-pas-toute-la-chaine-des-secours\\\/#primaryimage\"},\"thumbnailUrl\":\"https:\\\/\\\/www.lyonne.fr\\\/static\\\/bloc\\\/ripolinage\\\/newsletter\\\/logos\\\/IconeGratuite.svg\",\"articleSection\":[\"S\u00e9curit\u00e9 Du Travail En Ile-De-France Et Divers:\"],\"inLanguage\":\"fr-FR\"},{\"@type\":\"WebPage\",\"@id\":\"https:\\\/\\\/www.accidentdutravail-idf.net\\\/blog\\\/des-maillons-voues-a-rester-dans-lombre-pourquoi-nous-ne-detaillons-pas-toute-la-chaine-des-secours\\\/\",\"url\":\"https:\\\/\\\/www.accidentdutravail-idf.net\\\/blog\\\/des-maillons-voues-a-rester-dans-lombre-pourquoi-nous-ne-detaillons-pas-toute-la-chaine-des-secours\\\/\",\"name\":\"Des maillons vou\u00e9s \u00e0 rester dans l\u2019ombre : Pourquoi nous ne d\u00e9taillons pas toute la cha\u00eene des secours - ACCIDENTDUTRAVAIL-IDF\",\"isPartOf\":{\"@id\":\"https:\\\/\\\/www.accidentdutravail-idf.net\\\/blog\\\/#website\"},\"primaryImageOfPage\":{\"@id\":\"https:\\\/\\\/www.accidentdutravail-idf.net\\\/blog\\\/des-maillons-voues-a-rester-dans-lombre-pourquoi-nous-ne-detaillons-pas-toute-la-chaine-des-secours\\\/#primaryimage\"},\"image\":{\"@id\":\"https:\\\/\\\/www.accidentdutravail-idf.net\\\/blog\\\/des-maillons-voues-a-rester-dans-lombre-pourquoi-nous-ne-detaillons-pas-toute-la-chaine-des-secours\\\/#primaryimage\"},\"thumbnailUrl\":\"https:\\\/\\\/www.lyonne.fr\\\/static\\\/bloc\\\/ripolinage\\\/newsletter\\\/logos\\\/IconeGratuite.svg\",\"datePublished\":\"2024-10-29T07:17:00+00:00\",\"description\":\"Des maillons vou\u00e9s \u00e0 rester dans l\u2019ombre : Pourquoi nous ne d\u00e9taillons pas toute la cha\u00eene des secours article de ACCIDENTDUTRAVAIL-IDF\",\"breadcrumb\":{\"@id\":\"https:\\\/\\\/www.accidentdutravail-idf.net\\\/blog\\\/des-maillons-voues-a-rester-dans-lombre-pourquoi-nous-ne-detaillons-pas-toute-la-chaine-des-secours\\\/#breadcrumb\"},\"inLanguage\":\"fr-FR\",\"potentialAction\":[{\"@type\":\"ReadAction\",\"target\":[\"https:\\\/\\\/www.accidentdutravail-idf.net\\\/blog\\\/des-maillons-voues-a-rester-dans-lombre-pourquoi-nous-ne-detaillons-pas-toute-la-chaine-des-secours\\\/\"]}]},{\"@type\":\"ImageObject\",\"inLanguage\":\"fr-FR\",\"@id\":\"https:\\\/\\\/www.accidentdutravail-idf.net\\\/blog\\\/des-maillons-voues-a-rester-dans-lombre-pourquoi-nous-ne-detaillons-pas-toute-la-chaine-des-secours\\\/#primaryimage\",\"url\":\"https:\\\/\\\/www.lyonne.fr\\\/static\\\/bloc\\\/ripolinage\\\/newsletter\\\/logos\\\/IconeGratuite.svg\",\"contentUrl\":\"https:\\\/\\\/www.lyonne.fr\\\/static\\\/bloc\\\/ripolinage\\\/newsletter\\\/logos\\\/IconeGratuite.svg\"},{\"@type\":\"BreadcrumbList\",\"@id\":\"https:\\\/\\\/www.accidentdutravail-idf.net\\\/blog\\\/des-maillons-voues-a-rester-dans-lombre-pourquoi-nous-ne-detaillons-pas-toute-la-chaine-des-secours\\\/#breadcrumb\",\"itemListElement\":[{\"@type\":\"ListItem\",\"position\":1,\"name\":\"Accueil\",\"item\":\"https:\\\/\\\/www.accidentdutravail-idf.net\\\/blog\\\/\"},{\"@type\":\"ListItem\",\"position\":2,\"name\":\"Des maillons vou\u00e9s \u00e0 rester dans l\u2019ombre : Pourquoi nous ne d\u00e9taillons pas toute la cha\u00eene des secours\"}]},{\"@type\":\"WebSite\",\"@id\":\"https:\\\/\\\/www.accidentdutravail-idf.net\\\/blog\\\/#website\",\"url\":\"https:\\\/\\\/www.accidentdutravail-idf.net\\\/blog\\\/\",\"name\":\"ACCIDENTDUTRAVAIL-IDF\",\"description\":\"Portail accidents du travail-maladies professionnelles des entreprises d&#039;Ile-de-France\",\"publisher\":{\"@id\":\"https:\\\/\\\/www.accidentdutravail-idf.net\\\/blog\\\/#organization\"},\"potentialAction\":[{\"@type\":\"SearchAction\",\"target\":{\"@type\":\"EntryPoint\",\"urlTemplate\":\"https:\\\/\\\/www.accidentdutravail-idf.net\\\/blog\\\/?s={search_term_string}\"},\"query-input\":{\"@type\":\"PropertyValueSpecification\",\"valueRequired\":true,\"valueName\":\"search_term_string\"}}],\"inLanguage\":\"fr-FR\"},{\"@type\":\"Organization\",\"@id\":\"https:\\\/\\\/www.accidentdutravail-idf.net\\\/blog\\\/#organization\",\"name\":\"accidentdutravail-idf\",\"url\":\"https:\\\/\\\/www.accidentdutravail-idf.net\\\/blog\\\/\",\"logo\":{\"@type\":\"ImageObject\",\"inLanguage\":\"fr-FR\",\"@id\":\"https:\\\/\\\/www.accidentdutravail-idf.net\\\/blog\\\/#\\\/schema\\\/logo\\\/image\\\/\",\"url\":\"https:\\\/\\\/www.accidentdutravail-idf.net\\\/blog\\\/wp-content\\\/uploads\\\/2022\\\/09\\\/logo-2.png\",\"contentUrl\":\"https:\\\/\\\/www.accidentdutravail-idf.net\\\/blog\\\/wp-content\\\/uploads\\\/2022\\\/09\\\/logo-2.png\",\"width\":380,\"height\":291,\"caption\":\"accidentdutravail-idf\"},\"image\":{\"@id\":\"https:\\\/\\\/www.accidentdutravail-idf.net\\\/blog\\\/#\\\/schema\\\/logo\\\/image\\\/\"}},{\"@type\":\"Person\",\"@id\":\"https:\\\/\\\/www.accidentdutravail-idf.net\\\/blog\\\/#\\\/schema\\\/person\\\/3255d2f970de45e64bd9201f38e7b947\",\"name\":\"Carlos Poulain\",\"image\":{\"@type\":\"ImageObject\",\"inLanguage\":\"fr-FR\",\"@id\":\"https:\\\/\\\/secure.gravatar.com\\\/avatar\\\/b1c2f9d3588e34e91adb093635df64ef4b2381991216be7576466cfcdca4baf3?s=96&d=mm&r=g\",\"url\":\"https:\\\/\\\/secure.gravatar.com\\\/avatar\\\/b1c2f9d3588e34e91adb093635df64ef4b2381991216be7576466cfcdca4baf3?s=96&d=mm&r=g\",\"contentUrl\":\"https:\\\/\\\/secure.gravatar.com\\\/avatar\\\/b1c2f9d3588e34e91adb093635df64ef4b2381991216be7576466cfcdca4baf3?s=96&d=mm&r=g\",\"caption\":\"Carlos Poulain\"},\"url\":\"https:\\\/\\\/www.accidentdutravail-idf.net\\\/blog\\\/author\\\/idfcarlos\\\/\"}]}<\/script>\n<!-- \/ Yoast SEO plugin. -->","yoast_head_json":{"title":"Des maillons vou\u00e9s \u00e0 rester dans l\u2019ombre : Pourquoi nous ne d\u00e9taillons pas toute la cha\u00eene des secours - ACCIDENTDUTRAVAIL-IDF","description":"Des maillons vou\u00e9s \u00e0 rester dans l\u2019ombre : Pourquoi nous ne d\u00e9taillons pas toute la cha\u00eene des secours article de ACCIDENTDUTRAVAIL-IDF","robots":{"index":"index","follow":"follow","max-snippet":"max-snippet:-1","max-image-preview":"max-image-preview:large","max-video-preview":"max-video-preview:-1"},"canonical":"https:\/\/www.accidentdutravail-idf.net\/blog\/des-maillons-voues-a-rester-dans-lombre-pourquoi-nous-ne-detaillons-pas-toute-la-chaine-des-secours\/","og_locale":"fr_FR","og_type":"article","og_title":"Des maillons vou\u00e9s \u00e0 rester dans l\u2019ombre : Pourquoi nous ne d\u00e9taillons pas toute la cha\u00eene des secours - ACCIDENTDUTRAVAIL-IDF","og_description":"Des maillons vou\u00e9s \u00e0 rester dans l\u2019ombre : Pourquoi nous ne d\u00e9taillons pas toute la cha\u00eene des secours article de ACCIDENTDUTRAVAIL-IDF","og_url":"https:\/\/www.accidentdutravail-idf.net\/blog\/des-maillons-voues-a-rester-dans-lombre-pourquoi-nous-ne-detaillons-pas-toute-la-chaine-des-secours\/","og_site_name":"ACCIDENTDUTRAVAIL-IDF","article_published_time":"2024-10-29T07:17:00+00:00","og_image":[{"url":"https:\/\/www.lyonne.fr\/static\/bloc\/ripolinage\/newsletter\/logos\/IconeGratuite.svg","type":"","width":"","height":""}],"author":"Carlos Poulain","twitter_card":"summary_large_image","twitter_misc":{"\u00c9crit par":"Carlos Poulain","Dur\u00e9e de lecture estim\u00e9e":"3 minutes"},"schema":{"@context":"https:\/\/schema.org","@graph":[{"@type":"Article","@id":"https:\/\/www.accidentdutravail-idf.net\/blog\/des-maillons-voues-a-rester-dans-lombre-pourquoi-nous-ne-detaillons-pas-toute-la-chaine-des-secours\/#article","isPartOf":{"@id":"https:\/\/www.accidentdutravail-idf.net\/blog\/des-maillons-voues-a-rester-dans-lombre-pourquoi-nous-ne-detaillons-pas-toute-la-chaine-des-secours\/"},"author":{"name":"Carlos Poulain","@id":"https:\/\/www.accidentdutravail-idf.net\/blog\/#\/schema\/person\/3255d2f970de45e64bd9201f38e7b947"},"headline":"Des maillons vou\u00e9s \u00e0 rester dans l\u2019ombre : Pourquoi nous ne d\u00e9taillons pas toute la cha\u00eene des secours","datePublished":"2024-10-29T07:17:00+00:00","mainEntityOfPage":{"@id":"https:\/\/www.accidentdutravail-idf.net\/blog\/des-maillons-voues-a-rester-dans-lombre-pourquoi-nous-ne-detaillons-pas-toute-la-chaine-des-secours\/"},"wordCount":676,"publisher":{"@id":"https:\/\/www.accidentdutravail-idf.net\/blog\/#organization"},"image":{"@id":"https:\/\/www.accidentdutravail-idf.net\/blog\/des-maillons-voues-a-rester-dans-lombre-pourquoi-nous-ne-detaillons-pas-toute-la-chaine-des-secours\/#primaryimage"},"thumbnailUrl":"https:\/\/www.lyonne.fr\/static\/bloc\/ripolinage\/newsletter\/logos\/IconeGratuite.svg","articleSection":["S\u00e9curit\u00e9 Du Travail En Ile-De-France Et Divers:"],"inLanguage":"fr-FR"},{"@type":"WebPage","@id":"https:\/\/www.accidentdutravail-idf.net\/blog\/des-maillons-voues-a-rester-dans-lombre-pourquoi-nous-ne-detaillons-pas-toute-la-chaine-des-secours\/","url":"https:\/\/www.accidentdutravail-idf.net\/blog\/des-maillons-voues-a-rester-dans-lombre-pourquoi-nous-ne-detaillons-pas-toute-la-chaine-des-secours\/","name":"Des maillons vou\u00e9s \u00e0 rester dans l\u2019ombre : Pourquoi nous ne d\u00e9taillons pas toute la cha\u00eene des secours - ACCIDENTDUTRAVAIL-IDF","isPartOf":{"@id":"https:\/\/www.accidentdutravail-idf.net\/blog\/#website"},"primaryImageOfPage":{"@id":"https:\/\/www.accidentdutravail-idf.net\/blog\/des-maillons-voues-a-rester-dans-lombre-pourquoi-nous-ne-detaillons-pas-toute-la-chaine-des-secours\/#primaryimage"},"image":{"@id":"https:\/\/www.accidentdutravail-idf.net\/blog\/des-maillons-voues-a-rester-dans-lombre-pourquoi-nous-ne-detaillons-pas-toute-la-chaine-des-secours\/#primaryimage"},"thumbnailUrl":"https:\/\/www.lyonne.fr\/static\/bloc\/ripolinage\/newsletter\/logos\/IconeGratuite.svg","datePublished":"2024-10-29T07:17:00+00:00","description":"Des maillons vou\u00e9s \u00e0 rester dans l\u2019ombre : Pourquoi nous ne d\u00e9taillons pas toute la cha\u00eene des secours article de ACCIDENTDUTRAVAIL-IDF","breadcrumb":{"@id":"https:\/\/www.accidentdutravail-idf.net\/blog\/des-maillons-voues-a-rester-dans-lombre-pourquoi-nous-ne-detaillons-pas-toute-la-chaine-des-secours\/#breadcrumb"},"inLanguage":"fr-FR","potentialAction":[{"@type":"ReadAction","target":["https:\/\/www.accidentdutravail-idf.net\/blog\/des-maillons-voues-a-rester-dans-lombre-pourquoi-nous-ne-detaillons-pas-toute-la-chaine-des-secours\/"]}]},{"@type":"ImageObject","inLanguage":"fr-FR","@id":"https:\/\/www.accidentdutravail-idf.net\/blog\/des-maillons-voues-a-rester-dans-lombre-pourquoi-nous-ne-detaillons-pas-toute-la-chaine-des-secours\/#primaryimage","url":"https:\/\/www.lyonne.fr\/static\/bloc\/ripolinage\/newsletter\/logos\/IconeGratuite.svg","contentUrl":"https:\/\/www.lyonne.fr\/static\/bloc\/ripolinage\/newsletter\/logos\/IconeGratuite.svg"},{"@type":"BreadcrumbList","@id":"https:\/\/www.accidentdutravail-idf.net\/blog\/des-maillons-voues-a-rester-dans-lombre-pourquoi-nous-ne-detaillons-pas-toute-la-chaine-des-secours\/#breadcrumb","itemListElement":[{"@type":"ListItem","position":1,"name":"Accueil","item":"https:\/\/www.accidentdutravail-idf.net\/blog\/"},{"@type":"ListItem","position":2,"name":"Des maillons vou\u00e9s \u00e0 rester dans l\u2019ombre : Pourquoi nous ne d\u00e9taillons pas toute la cha\u00eene des secours"}]},{"@type":"WebSite","@id":"https:\/\/www.accidentdutravail-idf.net\/blog\/#website","url":"https:\/\/www.accidentdutravail-idf.net\/blog\/","name":"ACCIDENTDUTRAVAIL-IDF","description":"Portail accidents du travail-maladies professionnelles des entreprises d&#039;Ile-de-France","publisher":{"@id":"https:\/\/www.accidentdutravail-idf.net\/blog\/#organization"},"potentialAction":[{"@type":"SearchAction","target":{"@type":"EntryPoint","urlTemplate":"https:\/\/www.accidentdutravail-idf.net\/blog\/?s={search_term_string}"},"query-input":{"@type":"PropertyValueSpecification","valueRequired":true,"valueName":"search_term_string"}}],"inLanguage":"fr-FR"},{"@type":"Organization","@id":"https:\/\/www.accidentdutravail-idf.net\/blog\/#organization","name":"accidentdutravail-idf","url":"https:\/\/www.accidentdutravail-idf.net\/blog\/","logo":{"@type":"ImageObject","inLanguage":"fr-FR","@id":"https:\/\/www.accidentdutravail-idf.net\/blog\/#\/schema\/logo\/image\/","url":"https:\/\/www.accidentdutravail-idf.net\/blog\/wp-content\/uploads\/2022\/09\/logo-2.png","contentUrl":"https:\/\/www.accidentdutravail-idf.net\/blog\/wp-content\/uploads\/2022\/09\/logo-2.png","width":380,"height":291,"caption":"accidentdutravail-idf"},"image":{"@id":"https:\/\/www.accidentdutravail-idf.net\/blog\/#\/schema\/logo\/image\/"}},{"@type":"Person","@id":"https:\/\/www.accidentdutravail-idf.net\/blog\/#\/schema\/person\/3255d2f970de45e64bd9201f38e7b947","name":"Carlos Poulain","image":{"@type":"ImageObject","inLanguage":"fr-FR","@id":"https:\/\/secure.gravatar.com\/avatar\/b1c2f9d3588e34e91adb093635df64ef4b2381991216be7576466cfcdca4baf3?s=96&d=mm&r=g","url":"https:\/\/secure.gravatar.com\/avatar\/b1c2f9d3588e34e91adb093635df64ef4b2381991216be7576466cfcdca4baf3?s=96&d=mm&r=g","contentUrl":"https:\/\/secure.gravatar.com\/avatar\/b1c2f9d3588e34e91adb093635df64ef4b2381991216be7576466cfcdca4baf3?s=96&d=mm&r=g","caption":"Carlos Poulain"},"url":"https:\/\/www.accidentdutravail-idf.net\/blog\/author\/idfcarlos\/"}]}},"_links":{"self":[{"href":"https:\/\/www.accidentdutravail-idf.net\/blog\/wp-json\/wp\/v2\/posts\/957","targetHints":{"allow":["GET"]}}],"collection":[{"href":"https:\/\/www.accidentdutravail-idf.net\/blog\/wp-json\/wp\/v2\/posts"}],"about":[{"href":"https:\/\/www.accidentdutravail-idf.net\/blog\/wp-json\/wp\/v2\/types\/post"}],"author":[{"embeddable":true,"href":"https:\/\/www.accidentdutravail-idf.net\/blog\/wp-json\/wp\/v2\/users\/2"}],"replies":[{"embeddable":true,"href":"https:\/\/www.accidentdutravail-idf.net\/blog\/wp-json\/wp\/v2\/comments?post=957"}],"version-history":[{"count":0,"href":"https:\/\/www.accidentdutravail-idf.net\/blog\/wp-json\/wp\/v2\/posts\/957\/revisions"}],"wp:attachment":[{"href":"https:\/\/www.accidentdutravail-idf.net\/blog\/wp-json\/wp\/v2\/media?parent=957"}],"wp:term":[{"taxonomy":"category","embeddable":true,"href":"https:\/\/www.accidentdutravail-idf.net\/blog\/wp-json\/wp\/v2\/categories?post=957"},{"taxonomy":"post_tag","embeddable":true,"href":"https:\/\/www.accidentdutravail-idf.net\/blog\/wp-json\/wp\/v2\/tags?post=957"}],"curies":[{"name":"wp","href":"https:\/\/api.w.org\/{rel}","templated":true}]}}