{"id":955,"date":"2024-10-24T13:43:00","date_gmt":"2024-10-24T12:43:00","guid":{"rendered":"https:\/\/www.accidentdutravail-idf.net\/blog\/accident-de-travail-mortel-pres-de-lecole-chavigny\/"},"modified":"2024-10-24T13:43:00","modified_gmt":"2024-10-24T12:43:00","slug":"accident-de-travail-mortel-pres-de-lecole-chavigny","status":"publish","type":"post","link":"https:\/\/www.accidentdutravail-idf.net\/blog\/accident-de-travail-mortel-pres-de-lecole-chavigny\/","title":{"rendered":"Accident de travail mortel pr\u00e8s de l\u2019\u00c9cole Chavigny"},"content":{"rendered":"<p class=\"hidden-tag\">Vous naviguez sur le site de Radio-Canada<\/p>\n<p><button class=\"sc-1x9rhov-0 cHtoEk e-button-skip-link\" type=\"button\">Aller au contenu principal<\/button><button class=\"sc-1x9rhov-0 cHtoEk e-button-skip-link\" type=\"button\">Aller au pied de page<\/button><a class=\"sc-1x9rhov-0 cHtoEk e-button-skip-link\" href=\"https:\/\/ici.radio-canada.ca\/accessibilite-web\" target=\"_blank\" rel=\"nofollow\">Aide \u00e0 la navigation<\/a><\/p>\n<div class=\"sc-i1jpqd-2 bfGcKR g-main-header-wrapper\">\n<div class=\"sc-i1jpqd-0 sc-i1jpqd-1 cJverA icCKOf g-main-header grid-container-b2 nagivation-top-is-collapsed\" id=\"js-main-header\">\n<div aria-hidden=\"true\" class=\"h-[114px] xsToSm:h-[70px] bg-gray200 light:bg-gray200 dark:bg-gray800 relative z-pageTopAd w-full overflow-hidden transition-all duration-100 ease-linear print:hidden\">\n<div class=\"h-[114px] xsToSm:h-[70px] flex relative items-center justify-center\">\n<p class=\"text-gray700 light:text-gray700 dark:text-gray200 absolute left-1\/2 top-0 -z-1 -translate-x-1\/2 text-small uppercase\">Publicit\u00e9<\/p>\n<\/div>\n<\/div>\n<\/div>\n<\/div>\n<p><main class=\"main-content-wrapper grid-container-no-nav\"><span class=\"hidden-tag\">D\u00e9but du contenu principal<\/span><\/p>\n<div class=\"main-content grid-container-b2\">\n<div class=\"grid-view\">\n<ul class=\"row\">\n<li class=\"grid-view-col col-xs-1 col-sm-1 col-md-1 col-lg-1 col-xl-1\">&nbsp;<\/li>\n<li class=\"grid-view-col col-xs-1 col-sm-1 col-md-1 col-lg-1 col-xl-1\">&nbsp;<\/li>\n<li class=\"grid-view-col col-xs-1 col-sm-1 col-md-1 col-lg-1 col-xl-1\">&nbsp;<\/li>\n<li class=\"grid-view-col col-xs-1 col-sm-1 col-md-1 col-lg-1 col-xl-1\">&nbsp;<\/li>\n<li class=\"grid-view-col col-xs-1 col-sm-1 col-md-1 col-lg-1 col-xl-1\">&nbsp;<\/li>\n<li class=\"grid-view-col col-xs-1 col-sm-1 col-md-1 col-lg-1 col-xl-1\">&nbsp;<\/li>\n<li class=\"grid-view-col col-xs-1 col-sm-1 col-md-1 col-lg-1 col-xl-1\">&nbsp;<\/li>\n<li class=\"grid-view-col col-xs-1 col-sm-1 col-md-1 col-lg-1 col-xl-1\">&nbsp;<\/li>\n<li class=\"grid-view-col col-xs-1 col-sm-1 col-md-1 col-lg-1 col-xl-1\">&nbsp;<\/li>\n<li class=\"grid-view-col col-xs-1 col-sm-1 col-md-1 col-lg-1 col-xl-1\">&nbsp;<\/li>\n<li class=\"grid-view-col col-xs-1 col-sm-1 col-md-1 col-lg-1 col-xl-1\">&nbsp;<\/li>\n<li class=\"grid-view-col col-xs-1 col-sm-1 col-md-1 col-lg-1 col-xl-1\">&nbsp;<\/li>\n<li class=\"grid-view-col col-xs-1 col-sm-1 col-md-1 col-lg-1 col-xl-1\">&nbsp;<\/li>\n<li class=\"grid-view-col col-xs-1 col-sm-1 col-md-1 col-lg-1 col-xl-1\">&nbsp;<\/li>\n<li class=\"grid-view-col col-xs-1 col-sm-1 col-md-1 col-lg-1 col-xl-1\">&nbsp;<\/li>\n<li class=\"grid-view-col col-xs-1 col-sm-1 col-md-1 col-lg-1 col-xl-1\">&nbsp;<\/li>\n<li class=\"grid-view-col col-xs-1 col-sm-1 col-md-1 col-lg-1 col-xl-1\">&nbsp;<\/li>\n<li class=\"grid-view-col col-xs-1 col-sm-1 col-md-1 col-lg-1 col-xl-1\">&nbsp;<\/li>\n<li class=\"grid-view-col col-xs-1 col-sm-1 col-md-1 col-lg-1 col-xl-1\">&nbsp;<\/li>\n<li class=\"grid-view-col col-xs-1 col-sm-1 col-md-1 col-lg-1 col-xl-1\">&nbsp;<\/li>\n<li class=\"grid-view-col col-xs-1 col-sm-1 col-md-1 col-lg-1 col-xl-1\">&nbsp;<\/li>\n<li class=\"grid-view-col col-xs-1 col-sm-1 col-md-1 col-lg-1 col-xl-1\">&nbsp;<\/li>\n<li class=\"grid-view-col col-xs-1 col-sm-1 col-md-1 col-lg-1 col-xl-1\">&nbsp;<\/li>\n<li class=\"grid-view-col col-xs-1 col-sm-1 col-md-1 col-lg-1 col-xl-1\">&nbsp;<\/li>\n<\/ul>\n<\/div>\n<div class=\"sc-pahfbg-0 beUHeC\">\n<div class=\"xsToMd:mx-auto xsToMd:max-w-article\">\n<div class=\"mt-10 grid grid-cols-1 gap-x-13 xsToSm:mt-8 lg:grid-cols-main-aside-desktop xl:gap-x-25 print:grid-cols-1\">\n<article data-chrome-extension-exception=\"chromeExtensionDocumentSimpleContent\" data-read-js-container=\"true\">\n<header>\n<div>\n<div class=\"children:mb-8 xsToSm:children:mb-6\">\n<div class=\"children-not-last:mb-4\">\n<div class=\"mb-2 inline-flex flex-wrap items-center gap-3 pt-2 xsToSm:pt-2 print:hidden\">\n<p><span aria-hidden=\"false\" class=\"sc-ajkoh9-3 gEJYmn\"><span><button class=\"sc-191r78r-0 sc-191r78r-1 bwLcci ekyLoE sc-1ae8l8g-0 sc-7qmvq8-1 fGicnn goclrb\" type=\"button\"><span class=\"flex items-center text-medium\"><span><span class=\"conversations-count-a11y-text sr-only\"> commentaires<\/span><\/span><span class=\"sr-only\">Acc\u00e9der \u00e0 la section Commentaires<\/span><\/span><\/button><\/span><\/span><\/p>\n<\/div>\n<\/div>\n<div>\n<div class=\"relative w-full\"><img decoding=\"async\" alt=\"Un camion-benne et un v\u00e9hicule de police sur un chantier o\u00f9 il y a eu accident de travail.\" class=\"sc-1tkrlyq-1 DUIWm transition-opacity ease-out\" src=\"https:\/\/www.accidentdutravail-idf.net\/blog\/wp-content\/uploads\/2024\/10\/accident-de-travail-mortel-pres-de-lecole-chavigny.jpg\"><\/p>\n<p><button class=\"sc-1tkrlyq-2 eYsoPS focus-visible:border-blue600 light:focus-visible:border-blue600 dark:focus-visible:border-blue400 rounded focus:outline-none focus-visible:border-4 focus-visible:border-solid\" title=\"Ouvrir en mode plein \u00e9cran\"><span class=\"sc-1f1cagl-0 hvyKh\">Ouvrir en mode plein \u00e9cran<\/span><span class=\"sc-191r78r-0 sc-191r78r-1 sc-1tkrlyq-3 bwLcci ekyLoE gifWYW !bg-gray900\/60\"><\/span><\/button><\/p>\n<\/div>\n<div><figcaption class=\"sc-ic6be9-0 eZGuin\">\n<p class=\"sc-ic6be9-2 ASXTr\">L&rsquo;accident a eu lieu sur le chantier pour la pr\u00e9paration des Jeux du Qu\u00e9bec en 2025.<\/p>\n<p class=\"sc-ic6be9-1 kRAbBs text-gray600 light:text-gray600 dark:text-gray400\">Photo : Radio-Canada \/ Fanchon Aubry<\/p>\n<\/figcaption><\/div>\n<\/div>\n<\/div>\n<\/div>\n<div>\n<div>\n<div class=\"border-gray300 light:border-gray300 dark:border-gray700 border-b border-solid pb-10 xsToSm:pb-8\">\n<div class=\"mt-3\">\n<p>Publi\u00e9 le 24 octobre \u00e0&nbsp;11&nbsp;h&nbsp;19&nbsp;HAE<\/p>\n<\/div>\n<\/div>\n<\/div>\n<\/div>\n<\/header>\n<div class=\"border-gray300 light:border-gray300 dark:border-gray700 mb-10 flex min-h-10 w-full items-center justify-between border-b border-solid\"><label for=\":R15basl:\" class=\"group flex-1 cursor-pointer\"><\/p>\n<p><button class=\"sc-191r78r-0 sc-191r78r-1 bwLcci bVzpTZ sc-1ae8l8g-0 fGicnn z-1 mr-2\" type=\"button\" id=\":R15basl:\"><\/button><\/p>\n<h2 class=\"!font-display text-4 leading-5 font-medium group-hover-focus:text-gray700 light:group-hover-focus:text-gray700 dark:group-hover-focus:text-gray200 h-full border-b border-solid border-gray700\/0 align-middle group-hover-focus:border-gray700 group-hover-focus:dark:border-gray200\">\u00c9couter l\u2019article | 2 minutes<\/h2>\n<\/p>\n<p><\/label><\/p>\n<div class=\"flex align-middle\"><span class=\"sr-only\" role=\"tooltip\" id=\"text-to-speech-tooltip\"><\/p>\n<p>La version audio de cet article est g\u00e9n\u00e9r\u00e9e par la synth\u00e8se vocale, une technologie bas\u00e9e sur l\u2019intelligence artificielle.<\/p>\n<p><\/span><span aria-hidden=\"true\" class=\"sc-ajkoh9-3 gEJYmn\"><span class=\"sc-ajkoh9-4 eZAaHU\"><\/span><\/span><\/div>\n<\/div>\n<div class=\"mt-10 xsToSm:mt-8\"><main class=\"children:mb-10\"><\/p>\n<div class=\"sc-jbo7hw-9 gegSZf sc-1ejcmnj-0 kfvlUi\">\n<p class=\"sc-jbo7hw-7 bmRUOl\">Un accident de travail mortel a eu lieu sur un chantier \u00e0 l\u2019\u00c9cole Chavigny jeudi, o\u00f9 un travailleur de 51&nbsp;ans a \u00e9t\u00e9 percut\u00e9 par un camion-benne.<\/p>\n<p class=\"sc-jbo7hw-7 bmRUOl\">L\u2019accident est survenu un peu apr\u00e8s 8&nbsp;h.<\/p>\n<p class=\"sc-jbo7hw-7 bmRUOl\">Les ambulanciers ont fait des manoeuvres de r\u00e9animation d\u00e8s leur arriv\u00e9e et jusqu&rsquo;au centre hospitalier, mais l&rsquo;homme a succomb\u00e9 \u00e0 ses blessures.<\/p>\n<p class=\"sc-jbo7hw-7 bmRUOl\">C&rsquo;est la compagnie Roxboro qui est responsable du chantier. Selon le vice-pr\u00e9sident de l&rsquo;entreprise, Jean-Fran\u00e7ois Reid, la victime est un employ\u00e9 d&rsquo;une autre compagnie qui agit comme sous-traitant.<\/p>\n<div class=\"framed\">\n<h2 class=\"sc-jbo7hw-5 ixA-DQR !font-display text-5 leading-5 font-bold\">\u00c0 lire aussi&nbsp;:<\/h2>\n<\/div>\n<p class=\"sc-jbo7hw-7 bmRUOl\">Selon le responsable, le chantier est ferm\u00e9 jusqu&rsquo;\u00e0 nouvel ordre.<\/p>\n<div class=\"sc-jbo7hw-4 gPWroG\">\n<div class=\"sc-7qo9rl-0 sc-7qo9rl-2 sc-7qo9rl-3 gsQFL NLtiH kIlXvT bg-gray100\/50 light:bg-gray100\/50 dark:bg-gray999\/50\">\n<div class=\"sc-7qo9rl-4 ifXqpR\"><span aria-hidden=\"true\" class=\"sc-7qo9rl-1 kmDgOH text-gray700 light:text-gray700 dark:text-gray200\">Publicit\u00e9<\/span><\/div>\n<\/div>\n<\/div>\n<p class=\"sc-jbo7hw-7 bmRUOl\">La <span aria-hidden=\"false\" class=\"sc-ajkoh9-3 gEJYmn\"><span class=\"sc-ajkoh9-4 eZAaHU\"><abbr class=\"border-gray300 light:border-gray300 dark:border-gray700 border-b-2 border-dotted no-underline\" title=\"Commission des normes, de l'\u00e9quit\u00e9, de la sant\u00e9 et de la s\u00e9curit\u00e9 du travail\">CNESST<\/abbr><\/span><\/span> m\u00e8nera une enqu\u00eate pour bien cerner les causes de l&rsquo;accident, le tout dans un objectif de p\u00e9vention, pour \u00e9viter qu&rsquo;un tel accident ne se reproduise. <\/p>\n<p class=\"sc-jbo7hw-7 bmRUOl\">Par ailleurs, la direction de l&rsquo;\u00e9cole secondaire a envoy\u00e9 un message aux parents pr\u00e9cisant que la zone des travaux est cl\u00f4tur\u00e9e et qu&rsquo;en aucun temps la s\u00e9curit\u00e9 des \u00e9l\u00e8ves a \u00e9t\u00e9 compromise.<\/p>\n<p class=\"sc-jbo7hw-7 bmRUOl\">Le chantier est en place en vue de la pr\u00e9paration de l&rsquo;\u00c9cole Chavigny pour les Jeux du Qu\u00e9bec de&nbsp;2025.<\/p>\n<\/div>\n<p><\/main><\/div>\n<\/article>\n<div class=\"mx-auto mb-10 w-full max-w-[930px] lg:col-span-2 lg:row-start-2 lg:mb-0 print:hidden\">\n<section class=\"border-gray300 light:border-gray300 dark:border-gray700 mx-auto mb-10 rounded border border-solid xsToSm:mb-8\"><button class=\"px-20 py-10 xsOnly:px-3 xsToSm:py-6 smOnly:px-5 !font-display text-5 leading-5 xsToSm:text-4 font-medium group w-full rounded text-left xsOnly:rounded-none\" id=\"newsstory-after-content-conversations-button\" type=\"button\" title=\"Afficher les commentaires\" aria-expanded=\"false\"><span class=\"mx-auto flex w-full max-w-article items-center justify-between\"><span class=\"flex items-center\"><span>Commentaires<span class=\"sc-7qmvq8-0 fKuOtg\"><span class=\"conversations-count-a11y-text sr-only\"> commentaires<\/span><\/span><\/span><\/span><span class=\"group-hover:bg-gray700 light:group-hover:bg-gray700 dark:group-hover:bg-gray200 group-hover:text-gray100 light:group-hover:text-gray100 dark:group-hover:text-gray900 ml-2 flex size-10 shrink-0 items-center justify-center rounded-full transition-colors duration-300\"><\/span><\/span><\/button><\/section>\n<\/div>\n<div class=\"mb-10 lg:col-start-2 lg:row-start-1 print:hidden\">\n<aside class=\"grid auto-rows-max grid-cols-1 gap-10 lg:flex lg:h-full lg:flex-col lg:children:!w-full lg:children:!max-w-none\">\n<div class=\"flex-1\">\n<div class=\"sc-1mf284g-0 gdnoUd\">\n<div class=\"sc-7qo9rl-0 sc-7qo9rl-2 sc-7qo9rl-3 gsQFL NLtiH bHNaKz bg-gray100\/50 light:bg-gray100\/50 dark:bg-gray999\/50\">\n<div class=\"sc-7qo9rl-4 ifXqpR\"><span aria-hidden=\"true\" class=\"sc-7qo9rl-1 kmDgOH text-gray700 light:text-gray700 dark:text-gray200\">Publicit\u00e9<\/span><\/div>\n<\/div>\n<\/div>\n<\/div>\n<div class=\"flex-1\">\n<div class=\"sc-1mf284g-0 gdnoUd\">\n<section class=\"bg-bronze50 light:bg-bronze50 dark:bg-gray800 rounded p-5 print:hidden\">\n<header class=\"sc-1t5thdm-0 bxJkHb sc-uxje06-1 cocae border-gray900 light:border-gray900 dark:border-gray700 w-full\">\n<h2 class=\"inline-flex items-center text-4 uppercase leading-5\">\n<p><span>Les plus<\/span> <span class=\"sc-1349ina-0 bqMKma\"><span>populaires<\/span><\/span><\/p>\n<\/h2>\n<\/header>\n<\/section>\n<\/div>\n<\/div>\n<div class=\"flex-1\">\n<div class=\"sc-1mf284g-0 gdnoUd\">\n<div class=\"sc-7qo9rl-0 sc-7qo9rl-2 sc-7qo9rl-3 gsQFL NLtiH edtRyQ bg-gray100\/50 light:bg-gray100\/50 dark:bg-gray999\/50\">\n<div class=\"sc-7qo9rl-4 ifXqpR\"><span aria-hidden=\"true\" class=\"sc-7qo9rl-1 kmDgOH text-gray700 light:text-gray700 dark:text-gray200\">Publicit\u00e9<\/span><\/div>\n<\/div>\n<\/div>\n<\/div>\n<\/aside>\n<\/div>\n<\/div>\n<\/div>\n<div class=\"xsToMd:mb-10 lg:mt-10\">\n<div class=\"sc-7qo9rl-0 sc-7qo9rl-2 sc-7qo9rl-3 gsQFL NLtiH dEmEPA bg-gray100\/50 light:bg-gray100\/50 dark:bg-gray999\/50\">\n<div class=\"sc-7qo9rl-4 ifXqpR\"><span aria-hidden=\"true\" class=\"sc-7qo9rl-1 kmDgOH text-gray700 light:text-gray700 dark:text-gray200\">Publicit\u00e9<\/span><\/div>\n<\/div>\n<\/div>\n<\/div>\n<div class=\"bg-bronze50 light:bg-bronze50 dark:bg-gray800 lg:mt-10 print:hidden\">\n<div class=\"sc-x4gjk0-1 loXqIr\">\n<section class=\"sc-1edhrfa-0 jlYtuo relative min-h-100 bg-gray0 light:bg-gray0 dark:bg-gray900 py-15 xsToSm:py-10\"><span class=\"absolute left-1\/2 top-1\/2 -translate-x-1\/2 -translate-y-1\/2\"><span class=\"sr-only\">Chargement en cours<\/span><\/span><\/section>\n<div class=\"sc-pahfbg-0 beUHeC print:hidden\">\n<div class=\"bg-gray0 light:bg-gray0 dark:bg-gray900 border-gray300 light:border-gray300 dark:border-gray700 flex overflow-hidden rounded border border-solid xsToSm:flex-col xsToSm:text-center\">\n<div class=\"flex-1\"><img decoding=\"async\" alt class=\"sc-1tkrlyq-1 DUIWm transition-opacity ease-out\" loading=\"lazy\" src=\"https:\/\/www.accidentdutravail-idf.net\/blog\/wp-content\/uploads\/2024\/10\/accident-de-travail-mortel-pres-de-lecole-chavigny-1.jpg\"><\/div>\n<div class=\"my-auto flex-1 p-10 xsOnly:px-6\">\n<div class=\"relative\">\n<div aria-hidden=\"false\" class=\"transition\">\n<div class=\"mb-5\">\n<h2 class=\"!font-display text-8 leading-5 xsToSm:text-6 font-bold\">Infolettre ICI Mauricie<\/h2>\n<p class=\"mt-2\">Une fois par jour, recevez l\u2019essentiel de l\u2019actualit\u00e9 r\u00e9gionale.<\/p>\n<\/div>\n<\/div>\n<\/div>\n<\/div>\n<\/div>\n<\/div>\n<\/div>\n<\/div>\n<\/div>\n<p><\/main><\/p>\n<footer class=\"sc-17a44i8-1 flvPkh m-main-footer grid-container-b2 is-nightmode\" role=\"contentinfo\">\n<div class=\"row\">\n<div class=\"sc-17a44i8-0 eNfQwi\">\n<p><button class=\"sc-xeh9fb-0 hgdHLQ button-scroll-to-top\" type=\"button\"><span>Haut de page<\/span><\/button><\/p>\n<\/div>\n<\/div>\n<\/footer>\n<p>accidentdutravail-idf.net vous a pr\u00e9par\u00e9 ce post qui informe du sujet \u00ab\u00a0Association Sportive Huisson-Longueville Essonne\u00a0\u00bb. La chronique se veut g\u00e9n\u00e9r\u00e9e du mieux possible. Vous pouvez utiliser les coordonn\u00e9es indiqu\u00e9es sur le site dans le but d\u2019apporter des explications sur ce post qui parle du th\u00e8me \u00ab\u00a0Association Sportive Huisson-Longueville Essonne\u00a0\u00bb. Le site accidentdutravail-idf.net a pour but de fournir diverses publications sur la th\u00e9matique Association Sportive Huisson-Longueville Essonne diffus\u00e9es sur le net. Il y aura plusieurs articles autour du sujet \u00ab\u00a0Association Sportive Huisson-Longueville Essonne\u00a0\u00bb dans quelques jours, nous vous invitons \u00e0 naviguer sur notre site web \u00e0 plusieurs reprises.<\/p>\n","protected":false},"excerpt":{"rendered":"<p>Vous naviguez sur le site de Radio-Canada Aller au contenu principalAller au pied de pageAide \u00e0 la navigation Publicit\u00e9 D\u00e9but du contenu principal &nbsp; &nbsp; &nbsp; &nbsp; &nbsp; &nbsp; &nbsp; &nbsp; &nbsp; &nbsp; &nbsp; &nbsp; &nbsp; &nbsp; &nbsp; &nbsp; &nbsp; &nbsp; &nbsp; &nbsp; &nbsp; &nbsp; &nbsp; &nbsp; commentairesAcc\u00e9der \u00e0 la section Commentaires Ouvrir en mode &hellip; <\/p>\n<p class=\"link-more\"><a href=\"https:\/\/www.accidentdutravail-idf.net\/blog\/accident-de-travail-mortel-pres-de-lecole-chavigny\/\" class=\"more-link\">Continuer la lecture <span class=\"screen-reader-text\"> \u00ab\u00a0Accident de travail mortel pr\u00e8s de l\u2019\u00c9cole Chavigny\u00a0\u00bb<\/span><\/a><\/p>\n","protected":false},"author":2,"featured_media":0,"comment_status":"closed","ping_status":"closed","sticky":false,"template":"","format":"standard","meta":{"footnotes":""},"categories":[5],"tags":[],"class_list":["post-955","post","type-post","status-publish","format-standard","hentry","category-securite-du-travail-en-ile-de-france-et-divers","entry"],"yoast_head":"<!-- This site is optimized with the Yoast SEO plugin v27.5 - https:\/\/yoast.com\/product\/yoast-seo-wordpress\/ -->\n<title>Accident de travail mortel pr\u00e8s de l\u2019\u00c9cole Chavigny - ACCIDENTDUTRAVAIL-IDF<\/title>\n<meta name=\"description\" content=\"Accident de travail mortel pr\u00e8s de l\u2019\u00c9cole Chavigny article de ACCIDENTDUTRAVAIL-IDF\" \/>\n<meta name=\"robots\" content=\"index, follow, max-snippet:-1, max-image-preview:large, max-video-preview:-1\" \/>\n<link rel=\"canonical\" href=\"https:\/\/www.accidentdutravail-idf.net\/blog\/accident-de-travail-mortel-pres-de-lecole-chavigny\/\" \/>\n<meta property=\"og:locale\" content=\"fr_FR\" \/>\n<meta property=\"og:type\" content=\"article\" \/>\n<meta property=\"og:title\" content=\"Accident de travail mortel pr\u00e8s de l\u2019\u00c9cole Chavigny - ACCIDENTDUTRAVAIL-IDF\" \/>\n<meta property=\"og:description\" content=\"Accident de travail mortel pr\u00e8s de l\u2019\u00c9cole Chavigny article de ACCIDENTDUTRAVAIL-IDF\" \/>\n<meta property=\"og:url\" content=\"https:\/\/www.accidentdutravail-idf.net\/blog\/accident-de-travail-mortel-pres-de-lecole-chavigny\/\" \/>\n<meta property=\"og:site_name\" content=\"ACCIDENTDUTRAVAIL-IDF\" \/>\n<meta property=\"article:published_time\" content=\"2024-10-24T12:43:00+00:00\" \/>\n<meta property=\"og:image\" content=\"https:\/\/www.accidentdutravail-idf.net\/blog\/wp-content\/uploads\/2024\/10\/accident-de-travail-mortel-pres-de-lecole-chavigny.jpg\" \/>\n<meta name=\"author\" content=\"Carlos Poulain\" \/>\n<meta name=\"twitter:card\" content=\"summary_large_image\" \/>\n<meta name=\"twitter:label1\" content=\"\u00c9crit par\" \/>\n\t<meta name=\"twitter:data1\" content=\"Carlos Poulain\" \/>\n\t<meta name=\"twitter:label2\" content=\"Dur\u00e9e de lecture estim\u00e9e\" \/>\n\t<meta name=\"twitter:data2\" content=\"2 minutes\" \/>\n<script type=\"application\/ld+json\" class=\"yoast-schema-graph\">{\"@context\":\"https:\\\/\\\/schema.org\",\"@graph\":[{\"@type\":\"Article\",\"@id\":\"https:\\\/\\\/www.accidentdutravail-idf.net\\\/blog\\\/accident-de-travail-mortel-pres-de-lecole-chavigny\\\/#article\",\"isPartOf\":{\"@id\":\"https:\\\/\\\/www.accidentdutravail-idf.net\\\/blog\\\/accident-de-travail-mortel-pres-de-lecole-chavigny\\\/\"},\"author\":{\"name\":\"Carlos Poulain\",\"@id\":\"https:\\\/\\\/www.accidentdutravail-idf.net\\\/blog\\\/#\\\/schema\\\/person\\\/3255d2f970de45e64bd9201f38e7b947\"},\"headline\":\"Accident de travail mortel pr\u00e8s de l\u2019\u00c9cole Chavigny\",\"datePublished\":\"2024-10-24T12:43:00+00:00\",\"mainEntityOfPage\":{\"@id\":\"https:\\\/\\\/www.accidentdutravail-idf.net\\\/blog\\\/accident-de-travail-mortel-pres-de-lecole-chavigny\\\/\"},\"wordCount\":459,\"publisher\":{\"@id\":\"https:\\\/\\\/www.accidentdutravail-idf.net\\\/blog\\\/#organization\"},\"image\":{\"@id\":\"https:\\\/\\\/www.accidentdutravail-idf.net\\\/blog\\\/accident-de-travail-mortel-pres-de-lecole-chavigny\\\/#primaryimage\"},\"thumbnailUrl\":\"https:\\\/\\\/www.accidentdutravail-idf.net\\\/blog\\\/wp-content\\\/uploads\\\/2024\\\/10\\\/accident-de-travail-mortel-pres-de-lecole-chavigny.jpg\",\"articleSection\":[\"S\u00e9curit\u00e9 Du Travail En Ile-De-France Et Divers:\"],\"inLanguage\":\"fr-FR\"},{\"@type\":\"WebPage\",\"@id\":\"https:\\\/\\\/www.accidentdutravail-idf.net\\\/blog\\\/accident-de-travail-mortel-pres-de-lecole-chavigny\\\/\",\"url\":\"https:\\\/\\\/www.accidentdutravail-idf.net\\\/blog\\\/accident-de-travail-mortel-pres-de-lecole-chavigny\\\/\",\"name\":\"Accident de travail mortel pr\u00e8s de l\u2019\u00c9cole Chavigny - ACCIDENTDUTRAVAIL-IDF\",\"isPartOf\":{\"@id\":\"https:\\\/\\\/www.accidentdutravail-idf.net\\\/blog\\\/#website\"},\"primaryImageOfPage\":{\"@id\":\"https:\\\/\\\/www.accidentdutravail-idf.net\\\/blog\\\/accident-de-travail-mortel-pres-de-lecole-chavigny\\\/#primaryimage\"},\"image\":{\"@id\":\"https:\\\/\\\/www.accidentdutravail-idf.net\\\/blog\\\/accident-de-travail-mortel-pres-de-lecole-chavigny\\\/#primaryimage\"},\"thumbnailUrl\":\"https:\\\/\\\/www.accidentdutravail-idf.net\\\/blog\\\/wp-content\\\/uploads\\\/2024\\\/10\\\/accident-de-travail-mortel-pres-de-lecole-chavigny.jpg\",\"datePublished\":\"2024-10-24T12:43:00+00:00\",\"description\":\"Accident de travail mortel pr\u00e8s de l\u2019\u00c9cole Chavigny article de ACCIDENTDUTRAVAIL-IDF\",\"breadcrumb\":{\"@id\":\"https:\\\/\\\/www.accidentdutravail-idf.net\\\/blog\\\/accident-de-travail-mortel-pres-de-lecole-chavigny\\\/#breadcrumb\"},\"inLanguage\":\"fr-FR\",\"potentialAction\":[{\"@type\":\"ReadAction\",\"target\":[\"https:\\\/\\\/www.accidentdutravail-idf.net\\\/blog\\\/accident-de-travail-mortel-pres-de-lecole-chavigny\\\/\"]}]},{\"@type\":\"ImageObject\",\"inLanguage\":\"fr-FR\",\"@id\":\"https:\\\/\\\/www.accidentdutravail-idf.net\\\/blog\\\/accident-de-travail-mortel-pres-de-lecole-chavigny\\\/#primaryimage\",\"url\":\"https:\\\/\\\/www.accidentdutravail-idf.net\\\/blog\\\/wp-content\\\/uploads\\\/2024\\\/10\\\/accident-de-travail-mortel-pres-de-lecole-chavigny.jpg\",\"contentUrl\":\"https:\\\/\\\/www.accidentdutravail-idf.net\\\/blog\\\/wp-content\\\/uploads\\\/2024\\\/10\\\/accident-de-travail-mortel-pres-de-lecole-chavigny.jpg\"},{\"@type\":\"BreadcrumbList\",\"@id\":\"https:\\\/\\\/www.accidentdutravail-idf.net\\\/blog\\\/accident-de-travail-mortel-pres-de-lecole-chavigny\\\/#breadcrumb\",\"itemListElement\":[{\"@type\":\"ListItem\",\"position\":1,\"name\":\"Accueil\",\"item\":\"https:\\\/\\\/www.accidentdutravail-idf.net\\\/blog\\\/\"},{\"@type\":\"ListItem\",\"position\":2,\"name\":\"Accident de travail mortel pr\u00e8s de l\u2019\u00c9cole Chavigny\"}]},{\"@type\":\"WebSite\",\"@id\":\"https:\\\/\\\/www.accidentdutravail-idf.net\\\/blog\\\/#website\",\"url\":\"https:\\\/\\\/www.accidentdutravail-idf.net\\\/blog\\\/\",\"name\":\"ACCIDENTDUTRAVAIL-IDF\",\"description\":\"Portail accidents du travail-maladies professionnelles des entreprises d&#039;Ile-de-France\",\"publisher\":{\"@id\":\"https:\\\/\\\/www.accidentdutravail-idf.net\\\/blog\\\/#organization\"},\"potentialAction\":[{\"@type\":\"SearchAction\",\"target\":{\"@type\":\"EntryPoint\",\"urlTemplate\":\"https:\\\/\\\/www.accidentdutravail-idf.net\\\/blog\\\/?s={search_term_string}\"},\"query-input\":{\"@type\":\"PropertyValueSpecification\",\"valueRequired\":true,\"valueName\":\"search_term_string\"}}],\"inLanguage\":\"fr-FR\"},{\"@type\":\"Organization\",\"@id\":\"https:\\\/\\\/www.accidentdutravail-idf.net\\\/blog\\\/#organization\",\"name\":\"accidentdutravail-idf\",\"url\":\"https:\\\/\\\/www.accidentdutravail-idf.net\\\/blog\\\/\",\"logo\":{\"@type\":\"ImageObject\",\"inLanguage\":\"fr-FR\",\"@id\":\"https:\\\/\\\/www.accidentdutravail-idf.net\\\/blog\\\/#\\\/schema\\\/logo\\\/image\\\/\",\"url\":\"https:\\\/\\\/www.accidentdutravail-idf.net\\\/blog\\\/wp-content\\\/uploads\\\/2022\\\/09\\\/logo-2.png\",\"contentUrl\":\"https:\\\/\\\/www.accidentdutravail-idf.net\\\/blog\\\/wp-content\\\/uploads\\\/2022\\\/09\\\/logo-2.png\",\"width\":380,\"height\":291,\"caption\":\"accidentdutravail-idf\"},\"image\":{\"@id\":\"https:\\\/\\\/www.accidentdutravail-idf.net\\\/blog\\\/#\\\/schema\\\/logo\\\/image\\\/\"}},{\"@type\":\"Person\",\"@id\":\"https:\\\/\\\/www.accidentdutravail-idf.net\\\/blog\\\/#\\\/schema\\\/person\\\/3255d2f970de45e64bd9201f38e7b947\",\"name\":\"Carlos Poulain\",\"image\":{\"@type\":\"ImageObject\",\"inLanguage\":\"fr-FR\",\"@id\":\"https:\\\/\\\/secure.gravatar.com\\\/avatar\\\/b1c2f9d3588e34e91adb093635df64ef4b2381991216be7576466cfcdca4baf3?s=96&d=mm&r=g\",\"url\":\"https:\\\/\\\/secure.gravatar.com\\\/avatar\\\/b1c2f9d3588e34e91adb093635df64ef4b2381991216be7576466cfcdca4baf3?s=96&d=mm&r=g\",\"contentUrl\":\"https:\\\/\\\/secure.gravatar.com\\\/avatar\\\/b1c2f9d3588e34e91adb093635df64ef4b2381991216be7576466cfcdca4baf3?s=96&d=mm&r=g\",\"caption\":\"Carlos Poulain\"},\"url\":\"https:\\\/\\\/www.accidentdutravail-idf.net\\\/blog\\\/author\\\/idfcarlos\\\/\"}]}<\/script>\n<!-- \/ Yoast SEO plugin. -->","yoast_head_json":{"title":"Accident de travail mortel pr\u00e8s de l\u2019\u00c9cole Chavigny - ACCIDENTDUTRAVAIL-IDF","description":"Accident de travail mortel pr\u00e8s de l\u2019\u00c9cole Chavigny article de ACCIDENTDUTRAVAIL-IDF","robots":{"index":"index","follow":"follow","max-snippet":"max-snippet:-1","max-image-preview":"max-image-preview:large","max-video-preview":"max-video-preview:-1"},"canonical":"https:\/\/www.accidentdutravail-idf.net\/blog\/accident-de-travail-mortel-pres-de-lecole-chavigny\/","og_locale":"fr_FR","og_type":"article","og_title":"Accident de travail mortel pr\u00e8s de l\u2019\u00c9cole Chavigny - ACCIDENTDUTRAVAIL-IDF","og_description":"Accident de travail mortel pr\u00e8s de l\u2019\u00c9cole Chavigny article de ACCIDENTDUTRAVAIL-IDF","og_url":"https:\/\/www.accidentdutravail-idf.net\/blog\/accident-de-travail-mortel-pres-de-lecole-chavigny\/","og_site_name":"ACCIDENTDUTRAVAIL-IDF","article_published_time":"2024-10-24T12:43:00+00:00","og_image":[{"url":"https:\/\/www.accidentdutravail-idf.net\/blog\/wp-content\/uploads\/2024\/10\/accident-de-travail-mortel-pres-de-lecole-chavigny.jpg","type":"","width":"","height":""}],"author":"Carlos Poulain","twitter_card":"summary_large_image","twitter_misc":{"\u00c9crit par":"Carlos Poulain","Dur\u00e9e de lecture estim\u00e9e":"2 minutes"},"schema":{"@context":"https:\/\/schema.org","@graph":[{"@type":"Article","@id":"https:\/\/www.accidentdutravail-idf.net\/blog\/accident-de-travail-mortel-pres-de-lecole-chavigny\/#article","isPartOf":{"@id":"https:\/\/www.accidentdutravail-idf.net\/blog\/accident-de-travail-mortel-pres-de-lecole-chavigny\/"},"author":{"name":"Carlos Poulain","@id":"https:\/\/www.accidentdutravail-idf.net\/blog\/#\/schema\/person\/3255d2f970de45e64bd9201f38e7b947"},"headline":"Accident de travail mortel pr\u00e8s de l\u2019\u00c9cole Chavigny","datePublished":"2024-10-24T12:43:00+00:00","mainEntityOfPage":{"@id":"https:\/\/www.accidentdutravail-idf.net\/blog\/accident-de-travail-mortel-pres-de-lecole-chavigny\/"},"wordCount":459,"publisher":{"@id":"https:\/\/www.accidentdutravail-idf.net\/blog\/#organization"},"image":{"@id":"https:\/\/www.accidentdutravail-idf.net\/blog\/accident-de-travail-mortel-pres-de-lecole-chavigny\/#primaryimage"},"thumbnailUrl":"https:\/\/www.accidentdutravail-idf.net\/blog\/wp-content\/uploads\/2024\/10\/accident-de-travail-mortel-pres-de-lecole-chavigny.jpg","articleSection":["S\u00e9curit\u00e9 Du Travail En Ile-De-France Et Divers:"],"inLanguage":"fr-FR"},{"@type":"WebPage","@id":"https:\/\/www.accidentdutravail-idf.net\/blog\/accident-de-travail-mortel-pres-de-lecole-chavigny\/","url":"https:\/\/www.accidentdutravail-idf.net\/blog\/accident-de-travail-mortel-pres-de-lecole-chavigny\/","name":"Accident de travail mortel pr\u00e8s de l\u2019\u00c9cole Chavigny - ACCIDENTDUTRAVAIL-IDF","isPartOf":{"@id":"https:\/\/www.accidentdutravail-idf.net\/blog\/#website"},"primaryImageOfPage":{"@id":"https:\/\/www.accidentdutravail-idf.net\/blog\/accident-de-travail-mortel-pres-de-lecole-chavigny\/#primaryimage"},"image":{"@id":"https:\/\/www.accidentdutravail-idf.net\/blog\/accident-de-travail-mortel-pres-de-lecole-chavigny\/#primaryimage"},"thumbnailUrl":"https:\/\/www.accidentdutravail-idf.net\/blog\/wp-content\/uploads\/2024\/10\/accident-de-travail-mortel-pres-de-lecole-chavigny.jpg","datePublished":"2024-10-24T12:43:00+00:00","description":"Accident de travail mortel pr\u00e8s de l\u2019\u00c9cole Chavigny article de ACCIDENTDUTRAVAIL-IDF","breadcrumb":{"@id":"https:\/\/www.accidentdutravail-idf.net\/blog\/accident-de-travail-mortel-pres-de-lecole-chavigny\/#breadcrumb"},"inLanguage":"fr-FR","potentialAction":[{"@type":"ReadAction","target":["https:\/\/www.accidentdutravail-idf.net\/blog\/accident-de-travail-mortel-pres-de-lecole-chavigny\/"]}]},{"@type":"ImageObject","inLanguage":"fr-FR","@id":"https:\/\/www.accidentdutravail-idf.net\/blog\/accident-de-travail-mortel-pres-de-lecole-chavigny\/#primaryimage","url":"https:\/\/www.accidentdutravail-idf.net\/blog\/wp-content\/uploads\/2024\/10\/accident-de-travail-mortel-pres-de-lecole-chavigny.jpg","contentUrl":"https:\/\/www.accidentdutravail-idf.net\/blog\/wp-content\/uploads\/2024\/10\/accident-de-travail-mortel-pres-de-lecole-chavigny.jpg"},{"@type":"BreadcrumbList","@id":"https:\/\/www.accidentdutravail-idf.net\/blog\/accident-de-travail-mortel-pres-de-lecole-chavigny\/#breadcrumb","itemListElement":[{"@type":"ListItem","position":1,"name":"Accueil","item":"https:\/\/www.accidentdutravail-idf.net\/blog\/"},{"@type":"ListItem","position":2,"name":"Accident de travail mortel pr\u00e8s de l\u2019\u00c9cole Chavigny"}]},{"@type":"WebSite","@id":"https:\/\/www.accidentdutravail-idf.net\/blog\/#website","url":"https:\/\/www.accidentdutravail-idf.net\/blog\/","name":"ACCIDENTDUTRAVAIL-IDF","description":"Portail accidents du travail-maladies professionnelles des entreprises d&#039;Ile-de-France","publisher":{"@id":"https:\/\/www.accidentdutravail-idf.net\/blog\/#organization"},"potentialAction":[{"@type":"SearchAction","target":{"@type":"EntryPoint","urlTemplate":"https:\/\/www.accidentdutravail-idf.net\/blog\/?s={search_term_string}"},"query-input":{"@type":"PropertyValueSpecification","valueRequired":true,"valueName":"search_term_string"}}],"inLanguage":"fr-FR"},{"@type":"Organization","@id":"https:\/\/www.accidentdutravail-idf.net\/blog\/#organization","name":"accidentdutravail-idf","url":"https:\/\/www.accidentdutravail-idf.net\/blog\/","logo":{"@type":"ImageObject","inLanguage":"fr-FR","@id":"https:\/\/www.accidentdutravail-idf.net\/blog\/#\/schema\/logo\/image\/","url":"https:\/\/www.accidentdutravail-idf.net\/blog\/wp-content\/uploads\/2022\/09\/logo-2.png","contentUrl":"https:\/\/www.accidentdutravail-idf.net\/blog\/wp-content\/uploads\/2022\/09\/logo-2.png","width":380,"height":291,"caption":"accidentdutravail-idf"},"image":{"@id":"https:\/\/www.accidentdutravail-idf.net\/blog\/#\/schema\/logo\/image\/"}},{"@type":"Person","@id":"https:\/\/www.accidentdutravail-idf.net\/blog\/#\/schema\/person\/3255d2f970de45e64bd9201f38e7b947","name":"Carlos Poulain","image":{"@type":"ImageObject","inLanguage":"fr-FR","@id":"https:\/\/secure.gravatar.com\/avatar\/b1c2f9d3588e34e91adb093635df64ef4b2381991216be7576466cfcdca4baf3?s=96&d=mm&r=g","url":"https:\/\/secure.gravatar.com\/avatar\/b1c2f9d3588e34e91adb093635df64ef4b2381991216be7576466cfcdca4baf3?s=96&d=mm&r=g","contentUrl":"https:\/\/secure.gravatar.com\/avatar\/b1c2f9d3588e34e91adb093635df64ef4b2381991216be7576466cfcdca4baf3?s=96&d=mm&r=g","caption":"Carlos Poulain"},"url":"https:\/\/www.accidentdutravail-idf.net\/blog\/author\/idfcarlos\/"}]}},"_links":{"self":[{"href":"https:\/\/www.accidentdutravail-idf.net\/blog\/wp-json\/wp\/v2\/posts\/955","targetHints":{"allow":["GET"]}}],"collection":[{"href":"https:\/\/www.accidentdutravail-idf.net\/blog\/wp-json\/wp\/v2\/posts"}],"about":[{"href":"https:\/\/www.accidentdutravail-idf.net\/blog\/wp-json\/wp\/v2\/types\/post"}],"author":[{"embeddable":true,"href":"https:\/\/www.accidentdutravail-idf.net\/blog\/wp-json\/wp\/v2\/users\/2"}],"replies":[{"embeddable":true,"href":"https:\/\/www.accidentdutravail-idf.net\/blog\/wp-json\/wp\/v2\/comments?post=955"}],"version-history":[{"count":0,"href":"https:\/\/www.accidentdutravail-idf.net\/blog\/wp-json\/wp\/v2\/posts\/955\/revisions"}],"wp:attachment":[{"href":"https:\/\/www.accidentdutravail-idf.net\/blog\/wp-json\/wp\/v2\/media?parent=955"}],"wp:term":[{"taxonomy":"category","embeddable":true,"href":"https:\/\/www.accidentdutravail-idf.net\/blog\/wp-json\/wp\/v2\/categories?post=955"},{"taxonomy":"post_tag","embeddable":true,"href":"https:\/\/www.accidentdutravail-idf.net\/blog\/wp-json\/wp\/v2\/tags?post=955"}],"curies":[{"name":"wp","href":"https:\/\/api.w.org\/{rel}","templated":true}]}}