{"id":953,"date":"2024-10-28T22:02:00","date_gmt":"2024-10-28T21:02:00","guid":{"rendered":"https:\/\/www.accidentdutravail-idf.net\/blog\/au-bureau-ou-a-lusine-la-securite-au-travail-cest-toujours-pas-ca\/"},"modified":"2024-10-28T22:02:00","modified_gmt":"2024-10-28T21:02:00","slug":"au-bureau-ou-a-lusine-la-securite-au-travail-cest-toujours-pas-ca","status":"publish","type":"post","link":"https:\/\/www.accidentdutravail-idf.net\/blog\/au-bureau-ou-a-lusine-la-securite-au-travail-cest-toujours-pas-ca\/","title":{"rendered":"Au bureau ou \u00e0 l&rsquo;usine, la s\u00e9curit\u00e9 au travail c&rsquo;est toujours pas \u00e7a"},"content":{"rendered":"<div><img decoding=\"async\" src=\"https:\/\/www.accidentdutravail-idf.net\/blog\/wp-content\/uploads\/2024\/10\/au-bureau-ou-a-lusine-la-securite-au-travail-cest-toujours-pas-ca.jpg\" class=\"ff-og-image-inserted\"><\/div>\n<p>Parce que \u00e7a n\u2019arrive pas qu\u2019aux autres. Loin des id\u00e9es pr\u00e9con\u00e7ues, les accidents professionnels n\u2019\u00e9pargnent pas les m\u00e9tiers les moins physiques. Le 12 octobre, <a href=\"https:\/\/www.20minutes.fr\/dossier\/ministere\" class=\"color-ultramarine c-link\" target=\"_blank\" rel=\"nofollow\">le Minist\u00e8re du travail<\/a> et de l\u2019emploi a lanc\u00e9 une grande campagne de sensibilisation sur les dangers professionnels pour notamment le rappeler. Au coeur du dispositif, la pr\u00e9vention des <a href=\"https:\/\/www.20minutes.fr\/dossier\/accident_du_travail\" class=\"color-ultramarine c-link\" target=\"_blank\" rel=\"nofollow\">accidents du travail<\/a> graves et mortels (ATGM)&nbsp;: pubs \u00e0 la t\u00e9l\u00e9vision, vid\u00e9os Web, messages diffus\u00e9s \u00e0 la radio, par la presse, kits de communication transmis aux employeurs, comportant des posters et des d\u00e9pliants\u2026 L&rsquo;institution cherche \u00e0 occuper l\u2019espace m\u00e9diatique sur la question.<\/p>\n<p>Les retours d\u2019acteurs du milieu sont enthousiastes&nbsp;: \u00ab&nbsp;Cette campagne est tout \u00e0 fait bienvenue. Elle interpelle et sensibilise les travailleurs sur les dangers potentiels. On va au travail pour gagner sa vie et faire du <span class=\"color-grey-500\">lien social, pas pour se blesser&nbsp;\u00bb<\/span>, salue S\u00e9verine Brunet, directrice des Applications \u00e0 l\u2019Institut national de recherche et de s\u00e9curit\u00e9 (INRS). Le communiqu\u00e9 interpelle sur le fait que chaque jour en France, deux travailleurs d\u00e9c\u00e8dent et 100 se blessent gravement.<\/p>\n<figure class=\"c-media\" role=\"group\"><\/figure>\n<h2><\/h2>\n<p><a href=\"https:\/\/20minutes.jobpass.com\/\" class=\"c-link c-btn c-btn--secondary\" target=\"_blank\" rel=\"nofollow\">Acc\u00e9l\u00e9rez votre recherche d&#8217;emploi avec 20 Minutes &amp; Jobpass<\/a><\/p>\n<h2>Une r\u00e9alit\u00e9 commune<\/h2>\n<p>Malgr\u00e9 un nombre d\u2019accidents globalement \u00e0 la baisse au fil des ann\u00e9es, un ralentissement se fait observer. Mais ce freinage est en partie li\u00e9 aux \u00e9volutions du march\u00e9&nbsp;: \u00ab&nbsp;Depuis une dizaine d\u2019ann\u00e9es, les accidents du travail d\u00e9croissent moins qu\u2019auparavant. La conjoncture n\u2019est plus la m\u00eame&nbsp;: nous avons connu un ph\u00e9nom\u00e8ne de tertiarisation qui rend l\u2019industrie beaucoup moins pr\u00e9sente. Aujourd\u2019hui, le secteur de l\u2019aide et soin est plus accidentog\u00e8ne que celui de l\u2019industrie&nbsp;\u00bb, constate S\u00e9verine Brunet.<\/p>\n<p>D\u2019apr\u00e8s un rapport de&nbsp;2024 sur l\u2019ann\u00e9e&nbsp;2022, publi\u00e9 par l\u2019<a href=\"https:\/\/www.20minutes.fr\/dossier\/assurance_maladie\" class=\"color-ultramarine c-link\" target=\"_blank\" rel=\"nofollow\">Assurance Maladie<\/a>, Les accidents du travail (AT) surviennent majoritairement au sein des activit\u00e9s de la sant\u00e9, du nettoyage et du travail temporaire (29&nbsp;% ). Vient ensuite l\u2019alimentation \u00e0 17&nbsp;%, suivi de pr\u00e8s par le transport et du BTP, respectivement \u00e0 15&nbsp;% et 14&nbsp;%.<\/p>\n<p>Pour autant, aucun secteur n\u2019est vraiment \u00e0 l\u2019abri du danger&nbsp;: \u00ab&nbsp;Les m\u00e9tiers physiques sont ceux o\u00f9 il y a le plus de risques. Cela dit, le secteur tertiaire n\u2019est pas \u00e9pargn\u00e9. Un salari\u00e9 de banque peut faire une chute de plain-pied et se faire une entorse \u00e0 la cheville. Tout l\u2019int\u00e9r\u00eat de la campagne est de montrer que les accidents peuvent arriver \u00e0 tous. Quelle que soit l&rsquo;entreprise, tous secteurs confondus&nbsp;\u00bb, explique S\u00e9verine Brunet. <\/p>\n<h2>Un travail de terrain<\/h2>\n<p>Cette n\u00e9cessit\u00e9 d&rsquo;informer s&rsquo;applique \u00e0 la start-up comme au grand groupe. A l\u2019image du slogan \u00ab&nbsp;Mieux pr\u00e9par\u00e9s, mieux \u00e9quip\u00e9s, mieux form\u00e9s&nbsp;\u00bb de la campagne, la cadre de l\u2019INRS pense que chaque employeur doit s\u2019emparer r\u00e9guli\u00e8rement du sujet, selon ses moyens&nbsp;: \u00ab&nbsp;La pr\u00e9vention des risques professionnels ne doit pas se faire depuis un bureau, mais sur le terrain. Il faut voir les \u00e9ventuels dangers de ses propres yeux pour mettre en place des solutions au cas par cas.&nbsp;\u00bb Sur le chantier&#8230; Comme dans l&rsquo;open space !<\/p>\n<p>accidentdutravail-idf.net vous a pr\u00e9par\u00e9 ce post qui informe du sujet \u00ab\u00a0Association Sportive Huisson-Longueville Essonne\u00a0\u00bb. La chronique se veut g\u00e9n\u00e9r\u00e9e du mieux possible. Vous pouvez utiliser les coordonn\u00e9es indiqu\u00e9es sur le site dans le but d\u2019apporter des explications sur ce post qui parle du th\u00e8me \u00ab\u00a0Association Sportive Huisson-Longueville Essonne\u00a0\u00bb. Le site accidentdutravail-idf.net a pour but de fournir diverses publications sur la th\u00e9matique Association Sportive Huisson-Longueville Essonne diffus\u00e9es sur le net. Il y aura plusieurs articles autour du sujet \u00ab\u00a0Association Sportive Huisson-Longueville Essonne\u00a0\u00bb dans quelques jours, nous vous invitons \u00e0 naviguer sur notre site web \u00e0 plusieurs reprises.<\/p>\n","protected":false},"excerpt":{"rendered":"<p>Parce que \u00e7a n\u2019arrive pas qu\u2019aux autres. Loin des id\u00e9es pr\u00e9con\u00e7ues, les accidents professionnels n\u2019\u00e9pargnent pas les m\u00e9tiers les moins physiques. Le 12 octobre, le Minist\u00e8re du travail et de l\u2019emploi a lanc\u00e9 une grande campagne de sensibilisation sur les dangers professionnels pour notamment le rappeler. Au coeur du dispositif, la pr\u00e9vention des accidents du &hellip; <\/p>\n<p class=\"link-more\"><a href=\"https:\/\/www.accidentdutravail-idf.net\/blog\/au-bureau-ou-a-lusine-la-securite-au-travail-cest-toujours-pas-ca\/\" class=\"more-link\">Continuer la lecture <span class=\"screen-reader-text\"> \u00ab\u00a0Au bureau ou \u00e0 l&rsquo;usine, la s\u00e9curit\u00e9 au travail c&rsquo;est toujours pas \u00e7a\u00a0\u00bb<\/span><\/a><\/p>\n","protected":false},"author":2,"featured_media":0,"comment_status":"closed","ping_status":"closed","sticky":false,"template":"","format":"standard","meta":{"footnotes":""},"categories":[5],"tags":[],"class_list":["post-953","post","type-post","status-publish","format-standard","hentry","category-securite-du-travail-en-ile-de-france-et-divers","entry"],"yoast_head":"<!-- This site is optimized with the Yoast SEO plugin v27.5 - https:\/\/yoast.com\/product\/yoast-seo-wordpress\/ -->\n<title>Au bureau ou \u00e0 l&#039;usine, la s\u00e9curit\u00e9 au travail c&#039;est toujours pas \u00e7a - ACCIDENTDUTRAVAIL-IDF<\/title>\n<meta name=\"description\" content=\"Au bureau ou \u00e0 l&#039;usine, la s\u00e9curit\u00e9 au travail c&#039;est toujours pas \u00e7a article de ACCIDENTDUTRAVAIL-IDF\" \/>\n<meta name=\"robots\" content=\"index, follow, max-snippet:-1, max-image-preview:large, max-video-preview:-1\" \/>\n<link rel=\"canonical\" href=\"https:\/\/www.accidentdutravail-idf.net\/blog\/au-bureau-ou-a-lusine-la-securite-au-travail-cest-toujours-pas-ca\/\" \/>\n<meta property=\"og:locale\" content=\"fr_FR\" \/>\n<meta property=\"og:type\" content=\"article\" \/>\n<meta property=\"og:title\" content=\"Au bureau ou \u00e0 l&#039;usine, la s\u00e9curit\u00e9 au travail c&#039;est toujours pas \u00e7a - ACCIDENTDUTRAVAIL-IDF\" \/>\n<meta property=\"og:description\" content=\"Au bureau ou \u00e0 l&#039;usine, la s\u00e9curit\u00e9 au travail c&#039;est toujours pas \u00e7a article de ACCIDENTDUTRAVAIL-IDF\" \/>\n<meta property=\"og:url\" content=\"https:\/\/www.accidentdutravail-idf.net\/blog\/au-bureau-ou-a-lusine-la-securite-au-travail-cest-toujours-pas-ca\/\" \/>\n<meta property=\"og:site_name\" content=\"ACCIDENTDUTRAVAIL-IDF\" \/>\n<meta property=\"article:published_time\" content=\"2024-10-28T21:02:00+00:00\" \/>\n<meta property=\"og:image\" content=\"https:\/\/www.accidentdutravail-idf.net\/blog\/wp-content\/uploads\/2024\/10\/au-bureau-ou-a-lusine-la-securite-au-travail-cest-toujours-pas-ca.jpg\" \/>\n<meta name=\"author\" content=\"Carlos Poulain\" \/>\n<meta name=\"twitter:card\" content=\"summary_large_image\" \/>\n<meta name=\"twitter:label1\" content=\"\u00c9crit par\" \/>\n\t<meta name=\"twitter:data1\" content=\"Carlos Poulain\" \/>\n\t<meta name=\"twitter:label2\" content=\"Dur\u00e9e de lecture estim\u00e9e\" \/>\n\t<meta name=\"twitter:data2\" content=\"3 minutes\" \/>\n<script type=\"application\/ld+json\" class=\"yoast-schema-graph\">{\"@context\":\"https:\\\/\\\/schema.org\",\"@graph\":[{\"@type\":\"Article\",\"@id\":\"https:\\\/\\\/www.accidentdutravail-idf.net\\\/blog\\\/au-bureau-ou-a-lusine-la-securite-au-travail-cest-toujours-pas-ca\\\/#article\",\"isPartOf\":{\"@id\":\"https:\\\/\\\/www.accidentdutravail-idf.net\\\/blog\\\/au-bureau-ou-a-lusine-la-securite-au-travail-cest-toujours-pas-ca\\\/\"},\"author\":{\"name\":\"Carlos Poulain\",\"@id\":\"https:\\\/\\\/www.accidentdutravail-idf.net\\\/blog\\\/#\\\/schema\\\/person\\\/3255d2f970de45e64bd9201f38e7b947\"},\"headline\":\"Au bureau ou \u00e0 l&rsquo;usine, la s\u00e9curit\u00e9 au travail c&rsquo;est toujours pas \u00e7a\",\"datePublished\":\"2024-10-28T21:02:00+00:00\",\"mainEntityOfPage\":{\"@id\":\"https:\\\/\\\/www.accidentdutravail-idf.net\\\/blog\\\/au-bureau-ou-a-lusine-la-securite-au-travail-cest-toujours-pas-ca\\\/\"},\"wordCount\":661,\"publisher\":{\"@id\":\"https:\\\/\\\/www.accidentdutravail-idf.net\\\/blog\\\/#organization\"},\"image\":{\"@id\":\"https:\\\/\\\/www.accidentdutravail-idf.net\\\/blog\\\/au-bureau-ou-a-lusine-la-securite-au-travail-cest-toujours-pas-ca\\\/#primaryimage\"},\"thumbnailUrl\":\"https:\\\/\\\/www.accidentdutravail-idf.net\\\/blog\\\/wp-content\\\/uploads\\\/2024\\\/10\\\/au-bureau-ou-a-lusine-la-securite-au-travail-cest-toujours-pas-ca.jpg\",\"articleSection\":[\"S\u00e9curit\u00e9 Du Travail En Ile-De-France Et Divers:\"],\"inLanguage\":\"fr-FR\"},{\"@type\":\"WebPage\",\"@id\":\"https:\\\/\\\/www.accidentdutravail-idf.net\\\/blog\\\/au-bureau-ou-a-lusine-la-securite-au-travail-cest-toujours-pas-ca\\\/\",\"url\":\"https:\\\/\\\/www.accidentdutravail-idf.net\\\/blog\\\/au-bureau-ou-a-lusine-la-securite-au-travail-cest-toujours-pas-ca\\\/\",\"name\":\"Au bureau ou \u00e0 l'usine, la s\u00e9curit\u00e9 au travail c'est toujours pas \u00e7a - ACCIDENTDUTRAVAIL-IDF\",\"isPartOf\":{\"@id\":\"https:\\\/\\\/www.accidentdutravail-idf.net\\\/blog\\\/#website\"},\"primaryImageOfPage\":{\"@id\":\"https:\\\/\\\/www.accidentdutravail-idf.net\\\/blog\\\/au-bureau-ou-a-lusine-la-securite-au-travail-cest-toujours-pas-ca\\\/#primaryimage\"},\"image\":{\"@id\":\"https:\\\/\\\/www.accidentdutravail-idf.net\\\/blog\\\/au-bureau-ou-a-lusine-la-securite-au-travail-cest-toujours-pas-ca\\\/#primaryimage\"},\"thumbnailUrl\":\"https:\\\/\\\/www.accidentdutravail-idf.net\\\/blog\\\/wp-content\\\/uploads\\\/2024\\\/10\\\/au-bureau-ou-a-lusine-la-securite-au-travail-cest-toujours-pas-ca.jpg\",\"datePublished\":\"2024-10-28T21:02:00+00:00\",\"description\":\"Au bureau ou \u00e0 l'usine, la s\u00e9curit\u00e9 au travail c'est toujours pas \u00e7a article de ACCIDENTDUTRAVAIL-IDF\",\"breadcrumb\":{\"@id\":\"https:\\\/\\\/www.accidentdutravail-idf.net\\\/blog\\\/au-bureau-ou-a-lusine-la-securite-au-travail-cest-toujours-pas-ca\\\/#breadcrumb\"},\"inLanguage\":\"fr-FR\",\"potentialAction\":[{\"@type\":\"ReadAction\",\"target\":[\"https:\\\/\\\/www.accidentdutravail-idf.net\\\/blog\\\/au-bureau-ou-a-lusine-la-securite-au-travail-cest-toujours-pas-ca\\\/\"]}]},{\"@type\":\"ImageObject\",\"inLanguage\":\"fr-FR\",\"@id\":\"https:\\\/\\\/www.accidentdutravail-idf.net\\\/blog\\\/au-bureau-ou-a-lusine-la-securite-au-travail-cest-toujours-pas-ca\\\/#primaryimage\",\"url\":\"https:\\\/\\\/www.accidentdutravail-idf.net\\\/blog\\\/wp-content\\\/uploads\\\/2024\\\/10\\\/au-bureau-ou-a-lusine-la-securite-au-travail-cest-toujours-pas-ca.jpg\",\"contentUrl\":\"https:\\\/\\\/www.accidentdutravail-idf.net\\\/blog\\\/wp-content\\\/uploads\\\/2024\\\/10\\\/au-bureau-ou-a-lusine-la-securite-au-travail-cest-toujours-pas-ca.jpg\"},{\"@type\":\"BreadcrumbList\",\"@id\":\"https:\\\/\\\/www.accidentdutravail-idf.net\\\/blog\\\/au-bureau-ou-a-lusine-la-securite-au-travail-cest-toujours-pas-ca\\\/#breadcrumb\",\"itemListElement\":[{\"@type\":\"ListItem\",\"position\":1,\"name\":\"Accueil\",\"item\":\"https:\\\/\\\/www.accidentdutravail-idf.net\\\/blog\\\/\"},{\"@type\":\"ListItem\",\"position\":2,\"name\":\"Au bureau ou \u00e0 l&rsquo;usine, la s\u00e9curit\u00e9 au travail c&rsquo;est toujours pas \u00e7a\"}]},{\"@type\":\"WebSite\",\"@id\":\"https:\\\/\\\/www.accidentdutravail-idf.net\\\/blog\\\/#website\",\"url\":\"https:\\\/\\\/www.accidentdutravail-idf.net\\\/blog\\\/\",\"name\":\"ACCIDENTDUTRAVAIL-IDF\",\"description\":\"Portail accidents du travail-maladies professionnelles des entreprises d&#039;Ile-de-France\",\"publisher\":{\"@id\":\"https:\\\/\\\/www.accidentdutravail-idf.net\\\/blog\\\/#organization\"},\"potentialAction\":[{\"@type\":\"SearchAction\",\"target\":{\"@type\":\"EntryPoint\",\"urlTemplate\":\"https:\\\/\\\/www.accidentdutravail-idf.net\\\/blog\\\/?s={search_term_string}\"},\"query-input\":{\"@type\":\"PropertyValueSpecification\",\"valueRequired\":true,\"valueName\":\"search_term_string\"}}],\"inLanguage\":\"fr-FR\"},{\"@type\":\"Organization\",\"@id\":\"https:\\\/\\\/www.accidentdutravail-idf.net\\\/blog\\\/#organization\",\"name\":\"accidentdutravail-idf\",\"url\":\"https:\\\/\\\/www.accidentdutravail-idf.net\\\/blog\\\/\",\"logo\":{\"@type\":\"ImageObject\",\"inLanguage\":\"fr-FR\",\"@id\":\"https:\\\/\\\/www.accidentdutravail-idf.net\\\/blog\\\/#\\\/schema\\\/logo\\\/image\\\/\",\"url\":\"https:\\\/\\\/www.accidentdutravail-idf.net\\\/blog\\\/wp-content\\\/uploads\\\/2022\\\/09\\\/logo-2.png\",\"contentUrl\":\"https:\\\/\\\/www.accidentdutravail-idf.net\\\/blog\\\/wp-content\\\/uploads\\\/2022\\\/09\\\/logo-2.png\",\"width\":380,\"height\":291,\"caption\":\"accidentdutravail-idf\"},\"image\":{\"@id\":\"https:\\\/\\\/www.accidentdutravail-idf.net\\\/blog\\\/#\\\/schema\\\/logo\\\/image\\\/\"}},{\"@type\":\"Person\",\"@id\":\"https:\\\/\\\/www.accidentdutravail-idf.net\\\/blog\\\/#\\\/schema\\\/person\\\/3255d2f970de45e64bd9201f38e7b947\",\"name\":\"Carlos Poulain\",\"image\":{\"@type\":\"ImageObject\",\"inLanguage\":\"fr-FR\",\"@id\":\"https:\\\/\\\/secure.gravatar.com\\\/avatar\\\/b1c2f9d3588e34e91adb093635df64ef4b2381991216be7576466cfcdca4baf3?s=96&d=mm&r=g\",\"url\":\"https:\\\/\\\/secure.gravatar.com\\\/avatar\\\/b1c2f9d3588e34e91adb093635df64ef4b2381991216be7576466cfcdca4baf3?s=96&d=mm&r=g\",\"contentUrl\":\"https:\\\/\\\/secure.gravatar.com\\\/avatar\\\/b1c2f9d3588e34e91adb093635df64ef4b2381991216be7576466cfcdca4baf3?s=96&d=mm&r=g\",\"caption\":\"Carlos Poulain\"},\"url\":\"https:\\\/\\\/www.accidentdutravail-idf.net\\\/blog\\\/author\\\/idfcarlos\\\/\"}]}<\/script>\n<!-- \/ Yoast SEO plugin. -->","yoast_head_json":{"title":"Au bureau ou \u00e0 l'usine, la s\u00e9curit\u00e9 au travail c'est toujours pas \u00e7a - ACCIDENTDUTRAVAIL-IDF","description":"Au bureau ou \u00e0 l'usine, la s\u00e9curit\u00e9 au travail c'est toujours pas \u00e7a article de ACCIDENTDUTRAVAIL-IDF","robots":{"index":"index","follow":"follow","max-snippet":"max-snippet:-1","max-image-preview":"max-image-preview:large","max-video-preview":"max-video-preview:-1"},"canonical":"https:\/\/www.accidentdutravail-idf.net\/blog\/au-bureau-ou-a-lusine-la-securite-au-travail-cest-toujours-pas-ca\/","og_locale":"fr_FR","og_type":"article","og_title":"Au bureau ou \u00e0 l'usine, la s\u00e9curit\u00e9 au travail c'est toujours pas \u00e7a - ACCIDENTDUTRAVAIL-IDF","og_description":"Au bureau ou \u00e0 l'usine, la s\u00e9curit\u00e9 au travail c'est toujours pas \u00e7a article de ACCIDENTDUTRAVAIL-IDF","og_url":"https:\/\/www.accidentdutravail-idf.net\/blog\/au-bureau-ou-a-lusine-la-securite-au-travail-cest-toujours-pas-ca\/","og_site_name":"ACCIDENTDUTRAVAIL-IDF","article_published_time":"2024-10-28T21:02:00+00:00","og_image":[{"url":"https:\/\/www.accidentdutravail-idf.net\/blog\/wp-content\/uploads\/2024\/10\/au-bureau-ou-a-lusine-la-securite-au-travail-cest-toujours-pas-ca.jpg","type":"","width":"","height":""}],"author":"Carlos Poulain","twitter_card":"summary_large_image","twitter_misc":{"\u00c9crit par":"Carlos Poulain","Dur\u00e9e de lecture estim\u00e9e":"3 minutes"},"schema":{"@context":"https:\/\/schema.org","@graph":[{"@type":"Article","@id":"https:\/\/www.accidentdutravail-idf.net\/blog\/au-bureau-ou-a-lusine-la-securite-au-travail-cest-toujours-pas-ca\/#article","isPartOf":{"@id":"https:\/\/www.accidentdutravail-idf.net\/blog\/au-bureau-ou-a-lusine-la-securite-au-travail-cest-toujours-pas-ca\/"},"author":{"name":"Carlos Poulain","@id":"https:\/\/www.accidentdutravail-idf.net\/blog\/#\/schema\/person\/3255d2f970de45e64bd9201f38e7b947"},"headline":"Au bureau ou \u00e0 l&rsquo;usine, la s\u00e9curit\u00e9 au travail c&rsquo;est toujours pas \u00e7a","datePublished":"2024-10-28T21:02:00+00:00","mainEntityOfPage":{"@id":"https:\/\/www.accidentdutravail-idf.net\/blog\/au-bureau-ou-a-lusine-la-securite-au-travail-cest-toujours-pas-ca\/"},"wordCount":661,"publisher":{"@id":"https:\/\/www.accidentdutravail-idf.net\/blog\/#organization"},"image":{"@id":"https:\/\/www.accidentdutravail-idf.net\/blog\/au-bureau-ou-a-lusine-la-securite-au-travail-cest-toujours-pas-ca\/#primaryimage"},"thumbnailUrl":"https:\/\/www.accidentdutravail-idf.net\/blog\/wp-content\/uploads\/2024\/10\/au-bureau-ou-a-lusine-la-securite-au-travail-cest-toujours-pas-ca.jpg","articleSection":["S\u00e9curit\u00e9 Du Travail En Ile-De-France Et Divers:"],"inLanguage":"fr-FR"},{"@type":"WebPage","@id":"https:\/\/www.accidentdutravail-idf.net\/blog\/au-bureau-ou-a-lusine-la-securite-au-travail-cest-toujours-pas-ca\/","url":"https:\/\/www.accidentdutravail-idf.net\/blog\/au-bureau-ou-a-lusine-la-securite-au-travail-cest-toujours-pas-ca\/","name":"Au bureau ou \u00e0 l'usine, la s\u00e9curit\u00e9 au travail c'est toujours pas \u00e7a - ACCIDENTDUTRAVAIL-IDF","isPartOf":{"@id":"https:\/\/www.accidentdutravail-idf.net\/blog\/#website"},"primaryImageOfPage":{"@id":"https:\/\/www.accidentdutravail-idf.net\/blog\/au-bureau-ou-a-lusine-la-securite-au-travail-cest-toujours-pas-ca\/#primaryimage"},"image":{"@id":"https:\/\/www.accidentdutravail-idf.net\/blog\/au-bureau-ou-a-lusine-la-securite-au-travail-cest-toujours-pas-ca\/#primaryimage"},"thumbnailUrl":"https:\/\/www.accidentdutravail-idf.net\/blog\/wp-content\/uploads\/2024\/10\/au-bureau-ou-a-lusine-la-securite-au-travail-cest-toujours-pas-ca.jpg","datePublished":"2024-10-28T21:02:00+00:00","description":"Au bureau ou \u00e0 l'usine, la s\u00e9curit\u00e9 au travail c'est toujours pas \u00e7a article de ACCIDENTDUTRAVAIL-IDF","breadcrumb":{"@id":"https:\/\/www.accidentdutravail-idf.net\/blog\/au-bureau-ou-a-lusine-la-securite-au-travail-cest-toujours-pas-ca\/#breadcrumb"},"inLanguage":"fr-FR","potentialAction":[{"@type":"ReadAction","target":["https:\/\/www.accidentdutravail-idf.net\/blog\/au-bureau-ou-a-lusine-la-securite-au-travail-cest-toujours-pas-ca\/"]}]},{"@type":"ImageObject","inLanguage":"fr-FR","@id":"https:\/\/www.accidentdutravail-idf.net\/blog\/au-bureau-ou-a-lusine-la-securite-au-travail-cest-toujours-pas-ca\/#primaryimage","url":"https:\/\/www.accidentdutravail-idf.net\/blog\/wp-content\/uploads\/2024\/10\/au-bureau-ou-a-lusine-la-securite-au-travail-cest-toujours-pas-ca.jpg","contentUrl":"https:\/\/www.accidentdutravail-idf.net\/blog\/wp-content\/uploads\/2024\/10\/au-bureau-ou-a-lusine-la-securite-au-travail-cest-toujours-pas-ca.jpg"},{"@type":"BreadcrumbList","@id":"https:\/\/www.accidentdutravail-idf.net\/blog\/au-bureau-ou-a-lusine-la-securite-au-travail-cest-toujours-pas-ca\/#breadcrumb","itemListElement":[{"@type":"ListItem","position":1,"name":"Accueil","item":"https:\/\/www.accidentdutravail-idf.net\/blog\/"},{"@type":"ListItem","position":2,"name":"Au bureau ou \u00e0 l&rsquo;usine, la s\u00e9curit\u00e9 au travail c&rsquo;est toujours pas \u00e7a"}]},{"@type":"WebSite","@id":"https:\/\/www.accidentdutravail-idf.net\/blog\/#website","url":"https:\/\/www.accidentdutravail-idf.net\/blog\/","name":"ACCIDENTDUTRAVAIL-IDF","description":"Portail accidents du travail-maladies professionnelles des entreprises d&#039;Ile-de-France","publisher":{"@id":"https:\/\/www.accidentdutravail-idf.net\/blog\/#organization"},"potentialAction":[{"@type":"SearchAction","target":{"@type":"EntryPoint","urlTemplate":"https:\/\/www.accidentdutravail-idf.net\/blog\/?s={search_term_string}"},"query-input":{"@type":"PropertyValueSpecification","valueRequired":true,"valueName":"search_term_string"}}],"inLanguage":"fr-FR"},{"@type":"Organization","@id":"https:\/\/www.accidentdutravail-idf.net\/blog\/#organization","name":"accidentdutravail-idf","url":"https:\/\/www.accidentdutravail-idf.net\/blog\/","logo":{"@type":"ImageObject","inLanguage":"fr-FR","@id":"https:\/\/www.accidentdutravail-idf.net\/blog\/#\/schema\/logo\/image\/","url":"https:\/\/www.accidentdutravail-idf.net\/blog\/wp-content\/uploads\/2022\/09\/logo-2.png","contentUrl":"https:\/\/www.accidentdutravail-idf.net\/blog\/wp-content\/uploads\/2022\/09\/logo-2.png","width":380,"height":291,"caption":"accidentdutravail-idf"},"image":{"@id":"https:\/\/www.accidentdutravail-idf.net\/blog\/#\/schema\/logo\/image\/"}},{"@type":"Person","@id":"https:\/\/www.accidentdutravail-idf.net\/blog\/#\/schema\/person\/3255d2f970de45e64bd9201f38e7b947","name":"Carlos Poulain","image":{"@type":"ImageObject","inLanguage":"fr-FR","@id":"https:\/\/secure.gravatar.com\/avatar\/b1c2f9d3588e34e91adb093635df64ef4b2381991216be7576466cfcdca4baf3?s=96&d=mm&r=g","url":"https:\/\/secure.gravatar.com\/avatar\/b1c2f9d3588e34e91adb093635df64ef4b2381991216be7576466cfcdca4baf3?s=96&d=mm&r=g","contentUrl":"https:\/\/secure.gravatar.com\/avatar\/b1c2f9d3588e34e91adb093635df64ef4b2381991216be7576466cfcdca4baf3?s=96&d=mm&r=g","caption":"Carlos Poulain"},"url":"https:\/\/www.accidentdutravail-idf.net\/blog\/author\/idfcarlos\/"}]}},"_links":{"self":[{"href":"https:\/\/www.accidentdutravail-idf.net\/blog\/wp-json\/wp\/v2\/posts\/953","targetHints":{"allow":["GET"]}}],"collection":[{"href":"https:\/\/www.accidentdutravail-idf.net\/blog\/wp-json\/wp\/v2\/posts"}],"about":[{"href":"https:\/\/www.accidentdutravail-idf.net\/blog\/wp-json\/wp\/v2\/types\/post"}],"author":[{"embeddable":true,"href":"https:\/\/www.accidentdutravail-idf.net\/blog\/wp-json\/wp\/v2\/users\/2"}],"replies":[{"embeddable":true,"href":"https:\/\/www.accidentdutravail-idf.net\/blog\/wp-json\/wp\/v2\/comments?post=953"}],"version-history":[{"count":0,"href":"https:\/\/www.accidentdutravail-idf.net\/blog\/wp-json\/wp\/v2\/posts\/953\/revisions"}],"wp:attachment":[{"href":"https:\/\/www.accidentdutravail-idf.net\/blog\/wp-json\/wp\/v2\/media?parent=953"}],"wp:term":[{"taxonomy":"category","embeddable":true,"href":"https:\/\/www.accidentdutravail-idf.net\/blog\/wp-json\/wp\/v2\/categories?post=953"},{"taxonomy":"post_tag","embeddable":true,"href":"https:\/\/www.accidentdutravail-idf.net\/blog\/wp-json\/wp\/v2\/tags?post=953"}],"curies":[{"name":"wp","href":"https:\/\/api.w.org\/{rel}","templated":true}]}}