{"id":950,"date":"2024-10-26T18:00:00","date_gmt":"2024-10-26T17:00:00","guid":{"rendered":"https:\/\/www.accidentdutravail-idf.net\/blog\/accident-de-travail-a-grandes-piles\/"},"modified":"2024-10-26T18:00:00","modified_gmt":"2024-10-26T17:00:00","slug":"accident-de-travail-a-grandes-piles","status":"publish","type":"post","link":"https:\/\/www.accidentdutravail-idf.net\/blog\/accident-de-travail-a-grandes-piles\/","title":{"rendered":"Accident de travail \u00e0 Grandes-Piles"},"content":{"rendered":"<div><img decoding=\"async\" src=\"https:\/\/lescoopsdelinformation-le-nouvelliste-prod.web.arc-cdn.net\/resizer\/v2\/U6EMHVYUGZGQ3FDFW2Q3S6G3IQ.jpg?smart=true&amp;auth=c9ab686bc021980d379dfe3ad250ad220f56096940445658b0250d790e331dcc&amp;width=657&amp;height=494\" class=\"ff-og-image-inserted\"><\/div>\n<p class=\"article-bodystyled__StyledText-sc-19uhgql-0 kBIukV body-paragraph\">Un mur du b\u00e2timent s\u2018est \u00e9croul\u00e9 sur le site des travaux situ\u00e9 dans le chemin du Ruisseau. Un travailleur, un homme dans la quarantaine, a d\u00fb \u00eatre transport\u00e9 au centre hospitalier pour des blessures ne mettant pas sa vie en danger, selon le rapport de la S\u00fbret\u00e9 du Qu\u00e9bec.<\/p>\n<p class=\"article-bodystyled__StyledText-sc-19uhgql-0 kBIukV body-paragraph\">Une enqu\u00eate est en cours avec la collaboration de la Commission des normes, de l\u2019\u00e9quit\u00e9, de la sant\u00e9 et de la s\u00e9curit\u00e9 du travail (CNESST) pour d\u00e9terminer les circonstances de cet incident.<\/p>\n<p>accidentdutravail-idf.net vous a pr\u00e9par\u00e9 ce post qui informe du sujet \u00ab\u00a0Association Sportive Huisson-Longueville Essonne\u00a0\u00bb. La chronique se veut g\u00e9n\u00e9r\u00e9e du mieux possible. Vous pouvez utiliser les coordonn\u00e9es indiqu\u00e9es sur le site dans le but d\u2019apporter des explications sur ce post qui parle du th\u00e8me \u00ab\u00a0Association Sportive Huisson-Longueville Essonne\u00a0\u00bb. Le site accidentdutravail-idf.net a pour but de fournir diverses publications sur la th\u00e9matique Association Sportive Huisson-Longueville Essonne diffus\u00e9es sur le net. Il y aura plusieurs articles autour du sujet \u00ab\u00a0Association Sportive Huisson-Longueville Essonne\u00a0\u00bb dans quelques jours, nous vous invitons \u00e0 naviguer sur notre site web \u00e0 plusieurs reprises.<\/p>\n","protected":false},"excerpt":{"rendered":"<p>Un mur du b\u00e2timent s\u2018est \u00e9croul\u00e9 sur le site des travaux situ\u00e9 dans le chemin du Ruisseau. Un travailleur, un homme dans la quarantaine, a d\u00fb \u00eatre transport\u00e9 au centre hospitalier pour des blessures ne mettant pas sa vie en danger, selon le rapport de la S\u00fbret\u00e9 du Qu\u00e9bec. Une enqu\u00eate est en cours avec &hellip; <\/p>\n<p class=\"link-more\"><a href=\"https:\/\/www.accidentdutravail-idf.net\/blog\/accident-de-travail-a-grandes-piles\/\" class=\"more-link\">Continuer la lecture <span class=\"screen-reader-text\"> \u00ab\u00a0Accident de travail \u00e0 Grandes-Piles\u00a0\u00bb<\/span><\/a><\/p>\n","protected":false},"author":2,"featured_media":0,"comment_status":"closed","ping_status":"closed","sticky":false,"template":"","format":"standard","meta":{"footnotes":""},"categories":[5],"tags":[],"class_list":["post-950","post","type-post","status-publish","format-standard","hentry","category-securite-du-travail-en-ile-de-france-et-divers","entry"],"yoast_head":"<!-- This site is optimized with the Yoast SEO plugin v27.5 - https:\/\/yoast.com\/product\/yoast-seo-wordpress\/ -->\n<title>Accident de travail \u00e0 Grandes-Piles - ACCIDENTDUTRAVAIL-IDF<\/title>\n<meta name=\"description\" content=\"Accident de travail \u00e0 Grandes-Piles article de ACCIDENTDUTRAVAIL-IDF\" \/>\n<meta name=\"robots\" content=\"index, follow, max-snippet:-1, max-image-preview:large, max-video-preview:-1\" \/>\n<link rel=\"canonical\" href=\"https:\/\/www.accidentdutravail-idf.net\/blog\/accident-de-travail-a-grandes-piles\/\" \/>\n<meta property=\"og:locale\" content=\"fr_FR\" \/>\n<meta property=\"og:type\" content=\"article\" \/>\n<meta property=\"og:title\" content=\"Accident de travail \u00e0 Grandes-Piles - ACCIDENTDUTRAVAIL-IDF\" \/>\n<meta property=\"og:description\" content=\"Accident de travail \u00e0 Grandes-Piles article de ACCIDENTDUTRAVAIL-IDF\" \/>\n<meta property=\"og:url\" content=\"https:\/\/www.accidentdutravail-idf.net\/blog\/accident-de-travail-a-grandes-piles\/\" \/>\n<meta property=\"og:site_name\" content=\"ACCIDENTDUTRAVAIL-IDF\" \/>\n<meta property=\"article:published_time\" content=\"2024-10-26T17:00:00+00:00\" \/>\n<meta property=\"og:image\" content=\"https:\/\/lescoopsdelinformation-le-nouvelliste-prod.web.arc-cdn.net\/resizer\/v2\/U6EMHVYUGZGQ3FDFW2Q3S6G3IQ.jpg?smart=true&amp;auth=c9ab686bc021980d379dfe3ad250ad220f56096940445658b0250d790e331dcc&amp;width=657&amp;height=494\" \/>\n<meta name=\"author\" content=\"Carlos Poulain\" \/>\n<meta name=\"twitter:card\" content=\"summary_large_image\" \/>\n<meta name=\"twitter:label1\" content=\"\u00c9crit par\" \/>\n\t<meta name=\"twitter:data1\" content=\"Carlos Poulain\" \/>\n\t<meta name=\"twitter:label2\" content=\"Dur\u00e9e de lecture estim\u00e9e\" \/>\n\t<meta name=\"twitter:data2\" content=\"1 minute\" \/>\n<script type=\"application\/ld+json\" class=\"yoast-schema-graph\">{\"@context\":\"https:\\\/\\\/schema.org\",\"@graph\":[{\"@type\":\"Article\",\"@id\":\"https:\\\/\\\/www.accidentdutravail-idf.net\\\/blog\\\/accident-de-travail-a-grandes-piles\\\/#article\",\"isPartOf\":{\"@id\":\"https:\\\/\\\/www.accidentdutravail-idf.net\\\/blog\\\/accident-de-travail-a-grandes-piles\\\/\"},\"author\":{\"name\":\"Carlos Poulain\",\"@id\":\"https:\\\/\\\/www.accidentdutravail-idf.net\\\/blog\\\/#\\\/schema\\\/person\\\/3255d2f970de45e64bd9201f38e7b947\"},\"headline\":\"Accident de travail \u00e0 Grandes-Piles\",\"datePublished\":\"2024-10-26T17:00:00+00:00\",\"mainEntityOfPage\":{\"@id\":\"https:\\\/\\\/www.accidentdutravail-idf.net\\\/blog\\\/accident-de-travail-a-grandes-piles\\\/\"},\"wordCount\":199,\"publisher\":{\"@id\":\"https:\\\/\\\/www.accidentdutravail-idf.net\\\/blog\\\/#organization\"},\"image\":{\"@id\":\"https:\\\/\\\/www.accidentdutravail-idf.net\\\/blog\\\/accident-de-travail-a-grandes-piles\\\/#primaryimage\"},\"thumbnailUrl\":\"https:\\\/\\\/lescoopsdelinformation-le-nouvelliste-prod.web.arc-cdn.net\\\/resizer\\\/v2\\\/U6EMHVYUGZGQ3FDFW2Q3S6G3IQ.jpg?smart=true&amp;auth=c9ab686bc021980d379dfe3ad250ad220f56096940445658b0250d790e331dcc&amp;width=657&amp;height=494\",\"articleSection\":[\"S\u00e9curit\u00e9 Du Travail En Ile-De-France Et Divers:\"],\"inLanguage\":\"fr-FR\"},{\"@type\":\"WebPage\",\"@id\":\"https:\\\/\\\/www.accidentdutravail-idf.net\\\/blog\\\/accident-de-travail-a-grandes-piles\\\/\",\"url\":\"https:\\\/\\\/www.accidentdutravail-idf.net\\\/blog\\\/accident-de-travail-a-grandes-piles\\\/\",\"name\":\"Accident de travail \u00e0 Grandes-Piles - ACCIDENTDUTRAVAIL-IDF\",\"isPartOf\":{\"@id\":\"https:\\\/\\\/www.accidentdutravail-idf.net\\\/blog\\\/#website\"},\"primaryImageOfPage\":{\"@id\":\"https:\\\/\\\/www.accidentdutravail-idf.net\\\/blog\\\/accident-de-travail-a-grandes-piles\\\/#primaryimage\"},\"image\":{\"@id\":\"https:\\\/\\\/www.accidentdutravail-idf.net\\\/blog\\\/accident-de-travail-a-grandes-piles\\\/#primaryimage\"},\"thumbnailUrl\":\"https:\\\/\\\/lescoopsdelinformation-le-nouvelliste-prod.web.arc-cdn.net\\\/resizer\\\/v2\\\/U6EMHVYUGZGQ3FDFW2Q3S6G3IQ.jpg?smart=true&amp;auth=c9ab686bc021980d379dfe3ad250ad220f56096940445658b0250d790e331dcc&amp;width=657&amp;height=494\",\"datePublished\":\"2024-10-26T17:00:00+00:00\",\"description\":\"Accident de travail \u00e0 Grandes-Piles article de ACCIDENTDUTRAVAIL-IDF\",\"breadcrumb\":{\"@id\":\"https:\\\/\\\/www.accidentdutravail-idf.net\\\/blog\\\/accident-de-travail-a-grandes-piles\\\/#breadcrumb\"},\"inLanguage\":\"fr-FR\",\"potentialAction\":[{\"@type\":\"ReadAction\",\"target\":[\"https:\\\/\\\/www.accidentdutravail-idf.net\\\/blog\\\/accident-de-travail-a-grandes-piles\\\/\"]}]},{\"@type\":\"ImageObject\",\"inLanguage\":\"fr-FR\",\"@id\":\"https:\\\/\\\/www.accidentdutravail-idf.net\\\/blog\\\/accident-de-travail-a-grandes-piles\\\/#primaryimage\",\"url\":\"https:\\\/\\\/lescoopsdelinformation-le-nouvelliste-prod.web.arc-cdn.net\\\/resizer\\\/v2\\\/U6EMHVYUGZGQ3FDFW2Q3S6G3IQ.jpg?smart=true&amp;auth=c9ab686bc021980d379dfe3ad250ad220f56096940445658b0250d790e331dcc&amp;width=657&amp;height=494\",\"contentUrl\":\"https:\\\/\\\/lescoopsdelinformation-le-nouvelliste-prod.web.arc-cdn.net\\\/resizer\\\/v2\\\/U6EMHVYUGZGQ3FDFW2Q3S6G3IQ.jpg?smart=true&amp;auth=c9ab686bc021980d379dfe3ad250ad220f56096940445658b0250d790e331dcc&amp;width=657&amp;height=494\"},{\"@type\":\"BreadcrumbList\",\"@id\":\"https:\\\/\\\/www.accidentdutravail-idf.net\\\/blog\\\/accident-de-travail-a-grandes-piles\\\/#breadcrumb\",\"itemListElement\":[{\"@type\":\"ListItem\",\"position\":1,\"name\":\"Accueil\",\"item\":\"https:\\\/\\\/www.accidentdutravail-idf.net\\\/blog\\\/\"},{\"@type\":\"ListItem\",\"position\":2,\"name\":\"Accident de travail \u00e0 Grandes-Piles\"}]},{\"@type\":\"WebSite\",\"@id\":\"https:\\\/\\\/www.accidentdutravail-idf.net\\\/blog\\\/#website\",\"url\":\"https:\\\/\\\/www.accidentdutravail-idf.net\\\/blog\\\/\",\"name\":\"ACCIDENTDUTRAVAIL-IDF\",\"description\":\"Portail accidents du travail-maladies professionnelles des entreprises d&#039;Ile-de-France\",\"publisher\":{\"@id\":\"https:\\\/\\\/www.accidentdutravail-idf.net\\\/blog\\\/#organization\"},\"potentialAction\":[{\"@type\":\"SearchAction\",\"target\":{\"@type\":\"EntryPoint\",\"urlTemplate\":\"https:\\\/\\\/www.accidentdutravail-idf.net\\\/blog\\\/?s={search_term_string}\"},\"query-input\":{\"@type\":\"PropertyValueSpecification\",\"valueRequired\":true,\"valueName\":\"search_term_string\"}}],\"inLanguage\":\"fr-FR\"},{\"@type\":\"Organization\",\"@id\":\"https:\\\/\\\/www.accidentdutravail-idf.net\\\/blog\\\/#organization\",\"name\":\"accidentdutravail-idf\",\"url\":\"https:\\\/\\\/www.accidentdutravail-idf.net\\\/blog\\\/\",\"logo\":{\"@type\":\"ImageObject\",\"inLanguage\":\"fr-FR\",\"@id\":\"https:\\\/\\\/www.accidentdutravail-idf.net\\\/blog\\\/#\\\/schema\\\/logo\\\/image\\\/\",\"url\":\"https:\\\/\\\/www.accidentdutravail-idf.net\\\/blog\\\/wp-content\\\/uploads\\\/2022\\\/09\\\/logo-2.png\",\"contentUrl\":\"https:\\\/\\\/www.accidentdutravail-idf.net\\\/blog\\\/wp-content\\\/uploads\\\/2022\\\/09\\\/logo-2.png\",\"width\":380,\"height\":291,\"caption\":\"accidentdutravail-idf\"},\"image\":{\"@id\":\"https:\\\/\\\/www.accidentdutravail-idf.net\\\/blog\\\/#\\\/schema\\\/logo\\\/image\\\/\"}},{\"@type\":\"Person\",\"@id\":\"https:\\\/\\\/www.accidentdutravail-idf.net\\\/blog\\\/#\\\/schema\\\/person\\\/3255d2f970de45e64bd9201f38e7b947\",\"name\":\"Carlos Poulain\",\"image\":{\"@type\":\"ImageObject\",\"inLanguage\":\"fr-FR\",\"@id\":\"https:\\\/\\\/secure.gravatar.com\\\/avatar\\\/b1c2f9d3588e34e91adb093635df64ef4b2381991216be7576466cfcdca4baf3?s=96&d=mm&r=g\",\"url\":\"https:\\\/\\\/secure.gravatar.com\\\/avatar\\\/b1c2f9d3588e34e91adb093635df64ef4b2381991216be7576466cfcdca4baf3?s=96&d=mm&r=g\",\"contentUrl\":\"https:\\\/\\\/secure.gravatar.com\\\/avatar\\\/b1c2f9d3588e34e91adb093635df64ef4b2381991216be7576466cfcdca4baf3?s=96&d=mm&r=g\",\"caption\":\"Carlos Poulain\"},\"url\":\"https:\\\/\\\/www.accidentdutravail-idf.net\\\/blog\\\/author\\\/idfcarlos\\\/\"}]}<\/script>\n<!-- \/ Yoast SEO plugin. -->","yoast_head_json":{"title":"Accident de travail \u00e0 Grandes-Piles - ACCIDENTDUTRAVAIL-IDF","description":"Accident de travail \u00e0 Grandes-Piles article de ACCIDENTDUTRAVAIL-IDF","robots":{"index":"index","follow":"follow","max-snippet":"max-snippet:-1","max-image-preview":"max-image-preview:large","max-video-preview":"max-video-preview:-1"},"canonical":"https:\/\/www.accidentdutravail-idf.net\/blog\/accident-de-travail-a-grandes-piles\/","og_locale":"fr_FR","og_type":"article","og_title":"Accident de travail \u00e0 Grandes-Piles - ACCIDENTDUTRAVAIL-IDF","og_description":"Accident de travail \u00e0 Grandes-Piles article de ACCIDENTDUTRAVAIL-IDF","og_url":"https:\/\/www.accidentdutravail-idf.net\/blog\/accident-de-travail-a-grandes-piles\/","og_site_name":"ACCIDENTDUTRAVAIL-IDF","article_published_time":"2024-10-26T17:00:00+00:00","og_image":[{"url":"https:\/\/lescoopsdelinformation-le-nouvelliste-prod.web.arc-cdn.net\/resizer\/v2\/U6EMHVYUGZGQ3FDFW2Q3S6G3IQ.jpg?smart=true&amp;auth=c9ab686bc021980d379dfe3ad250ad220f56096940445658b0250d790e331dcc&amp;width=657&amp;height=494","type":"","width":"","height":""}],"author":"Carlos Poulain","twitter_card":"summary_large_image","twitter_misc":{"\u00c9crit par":"Carlos Poulain","Dur\u00e9e de lecture estim\u00e9e":"1 minute"},"schema":{"@context":"https:\/\/schema.org","@graph":[{"@type":"Article","@id":"https:\/\/www.accidentdutravail-idf.net\/blog\/accident-de-travail-a-grandes-piles\/#article","isPartOf":{"@id":"https:\/\/www.accidentdutravail-idf.net\/blog\/accident-de-travail-a-grandes-piles\/"},"author":{"name":"Carlos Poulain","@id":"https:\/\/www.accidentdutravail-idf.net\/blog\/#\/schema\/person\/3255d2f970de45e64bd9201f38e7b947"},"headline":"Accident de travail \u00e0 Grandes-Piles","datePublished":"2024-10-26T17:00:00+00:00","mainEntityOfPage":{"@id":"https:\/\/www.accidentdutravail-idf.net\/blog\/accident-de-travail-a-grandes-piles\/"},"wordCount":199,"publisher":{"@id":"https:\/\/www.accidentdutravail-idf.net\/blog\/#organization"},"image":{"@id":"https:\/\/www.accidentdutravail-idf.net\/blog\/accident-de-travail-a-grandes-piles\/#primaryimage"},"thumbnailUrl":"https:\/\/lescoopsdelinformation-le-nouvelliste-prod.web.arc-cdn.net\/resizer\/v2\/U6EMHVYUGZGQ3FDFW2Q3S6G3IQ.jpg?smart=true&amp;auth=c9ab686bc021980d379dfe3ad250ad220f56096940445658b0250d790e331dcc&amp;width=657&amp;height=494","articleSection":["S\u00e9curit\u00e9 Du Travail En Ile-De-France Et Divers:"],"inLanguage":"fr-FR"},{"@type":"WebPage","@id":"https:\/\/www.accidentdutravail-idf.net\/blog\/accident-de-travail-a-grandes-piles\/","url":"https:\/\/www.accidentdutravail-idf.net\/blog\/accident-de-travail-a-grandes-piles\/","name":"Accident de travail \u00e0 Grandes-Piles - ACCIDENTDUTRAVAIL-IDF","isPartOf":{"@id":"https:\/\/www.accidentdutravail-idf.net\/blog\/#website"},"primaryImageOfPage":{"@id":"https:\/\/www.accidentdutravail-idf.net\/blog\/accident-de-travail-a-grandes-piles\/#primaryimage"},"image":{"@id":"https:\/\/www.accidentdutravail-idf.net\/blog\/accident-de-travail-a-grandes-piles\/#primaryimage"},"thumbnailUrl":"https:\/\/lescoopsdelinformation-le-nouvelliste-prod.web.arc-cdn.net\/resizer\/v2\/U6EMHVYUGZGQ3FDFW2Q3S6G3IQ.jpg?smart=true&amp;auth=c9ab686bc021980d379dfe3ad250ad220f56096940445658b0250d790e331dcc&amp;width=657&amp;height=494","datePublished":"2024-10-26T17:00:00+00:00","description":"Accident de travail \u00e0 Grandes-Piles article de ACCIDENTDUTRAVAIL-IDF","breadcrumb":{"@id":"https:\/\/www.accidentdutravail-idf.net\/blog\/accident-de-travail-a-grandes-piles\/#breadcrumb"},"inLanguage":"fr-FR","potentialAction":[{"@type":"ReadAction","target":["https:\/\/www.accidentdutravail-idf.net\/blog\/accident-de-travail-a-grandes-piles\/"]}]},{"@type":"ImageObject","inLanguage":"fr-FR","@id":"https:\/\/www.accidentdutravail-idf.net\/blog\/accident-de-travail-a-grandes-piles\/#primaryimage","url":"https:\/\/lescoopsdelinformation-le-nouvelliste-prod.web.arc-cdn.net\/resizer\/v2\/U6EMHVYUGZGQ3FDFW2Q3S6G3IQ.jpg?smart=true&amp;auth=c9ab686bc021980d379dfe3ad250ad220f56096940445658b0250d790e331dcc&amp;width=657&amp;height=494","contentUrl":"https:\/\/lescoopsdelinformation-le-nouvelliste-prod.web.arc-cdn.net\/resizer\/v2\/U6EMHVYUGZGQ3FDFW2Q3S6G3IQ.jpg?smart=true&amp;auth=c9ab686bc021980d379dfe3ad250ad220f56096940445658b0250d790e331dcc&amp;width=657&amp;height=494"},{"@type":"BreadcrumbList","@id":"https:\/\/www.accidentdutravail-idf.net\/blog\/accident-de-travail-a-grandes-piles\/#breadcrumb","itemListElement":[{"@type":"ListItem","position":1,"name":"Accueil","item":"https:\/\/www.accidentdutravail-idf.net\/blog\/"},{"@type":"ListItem","position":2,"name":"Accident de travail \u00e0 Grandes-Piles"}]},{"@type":"WebSite","@id":"https:\/\/www.accidentdutravail-idf.net\/blog\/#website","url":"https:\/\/www.accidentdutravail-idf.net\/blog\/","name":"ACCIDENTDUTRAVAIL-IDF","description":"Portail accidents du travail-maladies professionnelles des entreprises d&#039;Ile-de-France","publisher":{"@id":"https:\/\/www.accidentdutravail-idf.net\/blog\/#organization"},"potentialAction":[{"@type":"SearchAction","target":{"@type":"EntryPoint","urlTemplate":"https:\/\/www.accidentdutravail-idf.net\/blog\/?s={search_term_string}"},"query-input":{"@type":"PropertyValueSpecification","valueRequired":true,"valueName":"search_term_string"}}],"inLanguage":"fr-FR"},{"@type":"Organization","@id":"https:\/\/www.accidentdutravail-idf.net\/blog\/#organization","name":"accidentdutravail-idf","url":"https:\/\/www.accidentdutravail-idf.net\/blog\/","logo":{"@type":"ImageObject","inLanguage":"fr-FR","@id":"https:\/\/www.accidentdutravail-idf.net\/blog\/#\/schema\/logo\/image\/","url":"https:\/\/www.accidentdutravail-idf.net\/blog\/wp-content\/uploads\/2022\/09\/logo-2.png","contentUrl":"https:\/\/www.accidentdutravail-idf.net\/blog\/wp-content\/uploads\/2022\/09\/logo-2.png","width":380,"height":291,"caption":"accidentdutravail-idf"},"image":{"@id":"https:\/\/www.accidentdutravail-idf.net\/blog\/#\/schema\/logo\/image\/"}},{"@type":"Person","@id":"https:\/\/www.accidentdutravail-idf.net\/blog\/#\/schema\/person\/3255d2f970de45e64bd9201f38e7b947","name":"Carlos Poulain","image":{"@type":"ImageObject","inLanguage":"fr-FR","@id":"https:\/\/secure.gravatar.com\/avatar\/b1c2f9d3588e34e91adb093635df64ef4b2381991216be7576466cfcdca4baf3?s=96&d=mm&r=g","url":"https:\/\/secure.gravatar.com\/avatar\/b1c2f9d3588e34e91adb093635df64ef4b2381991216be7576466cfcdca4baf3?s=96&d=mm&r=g","contentUrl":"https:\/\/secure.gravatar.com\/avatar\/b1c2f9d3588e34e91adb093635df64ef4b2381991216be7576466cfcdca4baf3?s=96&d=mm&r=g","caption":"Carlos Poulain"},"url":"https:\/\/www.accidentdutravail-idf.net\/blog\/author\/idfcarlos\/"}]}},"_links":{"self":[{"href":"https:\/\/www.accidentdutravail-idf.net\/blog\/wp-json\/wp\/v2\/posts\/950","targetHints":{"allow":["GET"]}}],"collection":[{"href":"https:\/\/www.accidentdutravail-idf.net\/blog\/wp-json\/wp\/v2\/posts"}],"about":[{"href":"https:\/\/www.accidentdutravail-idf.net\/blog\/wp-json\/wp\/v2\/types\/post"}],"author":[{"embeddable":true,"href":"https:\/\/www.accidentdutravail-idf.net\/blog\/wp-json\/wp\/v2\/users\/2"}],"replies":[{"embeddable":true,"href":"https:\/\/www.accidentdutravail-idf.net\/blog\/wp-json\/wp\/v2\/comments?post=950"}],"version-history":[{"count":0,"href":"https:\/\/www.accidentdutravail-idf.net\/blog\/wp-json\/wp\/v2\/posts\/950\/revisions"}],"wp:attachment":[{"href":"https:\/\/www.accidentdutravail-idf.net\/blog\/wp-json\/wp\/v2\/media?parent=950"}],"wp:term":[{"taxonomy":"category","embeddable":true,"href":"https:\/\/www.accidentdutravail-idf.net\/blog\/wp-json\/wp\/v2\/categories?post=950"},{"taxonomy":"post_tag","embeddable":true,"href":"https:\/\/www.accidentdutravail-idf.net\/blog\/wp-json\/wp\/v2\/tags?post=950"}],"curies":[{"name":"wp","href":"https:\/\/api.w.org\/{rel}","templated":true}]}}