{"id":942,"date":"2024-10-24T20:30:00","date_gmt":"2024-10-24T18:30:00","guid":{"rendered":"https:\/\/www.accidentdutravail-idf.net\/blog\/accident-sur-le-chantier-de-lecole-chavigny-le-travailleur-est-decede\/"},"modified":"2024-10-24T20:30:00","modified_gmt":"2024-10-24T18:30:00","slug":"accident-sur-le-chantier-de-lecole-chavigny-le-travailleur-est-decede","status":"publish","type":"post","link":"https:\/\/www.accidentdutravail-idf.net\/blog\/accident-sur-le-chantier-de-lecole-chavigny-le-travailleur-est-decede\/","title":{"rendered":"Accident sur le chantier de l\u2019\u00e9cole Chavigny: le travailleur est d\u00e9c\u00e9d\u00e9"},"content":{"rendered":"<p class=\"article-bodystyled__StyledText-sc-19uhgql-0 kBIukV body-paragraph\">L\u2019accident s\u2019est produit peu apr\u00e8s 8 heures, en arri\u00e8re de l\u2019\u00e9cole. \u00abCe sont des terrains qui sont en pr\u00e9paration pour accueillir les Jeux du Qu\u00e9bec 2025. Diff\u00e9rentes compagnies de terrassement sont l\u00e0. En faisant une man\u0153uvre de recul, un camion-benne aurait heurt\u00e9 accidentellement un travailleur qui se trouvait derri\u00e8re\u00bb, expliquait, en matin\u00e9e, le sergent Luc Mongrain, porte-parole de la Direction de la police de Trois-Rivi\u00e8res.<\/p>\n<figure class=\"article-body-image-container\"><img decoding=\"async\" data-chromatic=\"ignore\" alt=\"Le coroner m\u00e8ne une enqu\u00eate sur cet accident mortel.\" class=\"c-image\" loading=\"lazy\" src=\"https:\/\/lescoopsdelinformation-le-nouvelliste-prod.web.arc-cdn.net\/resizer\/v2\/EAGS7M3JIBHQDFZM2LM46NMUPM.jpg?auth=7864324a2b1d49a665f99c3da956776a15755864779667d67f95f680351832c8&amp;smart=true&amp;width=1200&amp;height=799\" width=\"1200\" height=\"799\"><figcaption>\n<p class=\"image-metadata__MetadataParagraph-sc-1gfk7p2-0 hhusGZ image-metadata\"><span>Le coroner m\u00e8ne une enqu\u00eate sur cet accident mortel. <\/span>(St\u00e9phane Lessard\/Le Nouvelliste)<\/p>\n<\/figcaption><\/figure>\n<p class=\"article-bodystyled__StyledText-sc-19uhgql-0 kBIukV body-paragraph\">Des policiers se sont donc rendus sur les lieux ainsi que le service d\u2019identit\u00e9 judiciaire. De plus, des contr\u00f4leurs routiers ont fait des v\u00e9rifications sur le v\u00e9hicule. Le coroner va mener une enqu\u00eate.<\/p>\n<p class=\"article-bodystyled__StyledText-sc-19uhgql-0 kBIukV body-paragraph\">La Commission des normes, de l\u2019\u00e9quit\u00e9, de la sant\u00e9 et de la s\u00e9curit\u00e9 du travail (CNESST) a aussi d\u00e9p\u00each\u00e9 deux inspecteurs sur le chantier. Ces derniers \u00absont sur place afin de s\u00e9curiser les lieux et d\u2019examiner la sc\u00e8ne. Ils s\u2019affairent actuellement \u00e0 recueillir de l\u2019information en vue de conna\u00eetre les circonstances entourant l\u2019accident\u00bb, pr\u00e9cise par courriel Allison Ouellet, responsable des communications \u00e0 la Direction de la pr\u00e9vention-inspection \u2013 Nord et Ouest de la CNESST.<\/p>\n<p class=\"article-bodystyled__StyledText-sc-19uhgql-0 kBIukV body-paragraph\">\u00ab\u00c0 la lumi\u00e8re des informations que colligent nos inspecteurs, ces derniers tentent de comprendre ce qui s\u2019est pass\u00e9 afin d\u2019\u00e9viter qu\u2019un tel accident se produise\u00bb, ajoute-t-elle.<\/p>\n<p class=\"article-bodystyled__StyledText-sc-19uhgql-0 kBIukV body-paragraph\">Le Centre de services scolaire du Chemin-du-Roy a rapidement fait parvenir une communication aux parents \u00e0 la suite de l\u2019accident pour les aviser que cet \u00e9v\u00e9nement n\u2019impliquait pas des \u00e9l\u00e8ves ou des membres du personnel.<\/p>\n<p class=\"article-bodystyled__StyledText-sc-19uhgql-0 kBIukV body-paragraph\">\u00abC\u2019est une zone qui est cl\u00f4tur\u00e9e. Seuls les travailleurs peuvent s\u2019y rendre. Ce n\u2019est pas une zone \u00e0 laquelle les \u00e9l\u00e8ves ont acc\u00e8s\u00bb, assure Anne-Marie Bellerose, porte-parole du Centre de services scolaire du Chemin-du-Roy.<\/p>\n<p class=\"article-bodystyled__StyledText-sc-19uhgql-0 kBIukV body-paragraph\">Cette derni\u00e8re n\u2019\u00e9tait pas en mesure de dire, jeudi, si des \u00e9l\u00e8ves ont \u00e9t\u00e9 t\u00e9moins du drame. \u00abOn a une \u00e9quipe d\u2019intervenants qui est l\u00e0 si les \u00e9l\u00e8ves ont besoin de discuter par rapport \u00e0 ce qui est arriv\u00e9 ce matin\u00bb, pr\u00e9cise-t-elle.<\/p>\n<p class=\"article-bodystyled__StyledText-sc-19uhgql-0 kBIukV body-paragraph\">Rappelons que l\u2019\u00e9cole Chavigny fait partie des p\u00f4les sportifs des Jeux du Qu\u00e9bec 2025. Une piste d\u2019athl\u00e9tisme et des terrains de volleyball sont en train d\u2019y \u00eatre construits.<\/p>\n<p>accidentdutravail-idf.net vous a pr\u00e9par\u00e9 ce post qui informe du sujet \u00ab\u00a0Association Sportive Huisson-Longueville Essonne\u00a0\u00bb. La chronique se veut g\u00e9n\u00e9r\u00e9e du mieux possible. Vous pouvez utiliser les coordonn\u00e9es indiqu\u00e9es sur le site dans le but d\u2019apporter des explications sur ce post qui parle du th\u00e8me \u00ab\u00a0Association Sportive Huisson-Longueville Essonne\u00a0\u00bb. Le site accidentdutravail-idf.net a pour but de fournir diverses publications sur la th\u00e9matique Association Sportive Huisson-Longueville Essonne diffus\u00e9es sur le net. Il y aura plusieurs articles autour du sujet \u00ab\u00a0Association Sportive Huisson-Longueville Essonne\u00a0\u00bb dans quelques jours, nous vous invitons \u00e0 naviguer sur notre site web \u00e0 plusieurs reprises.<\/p>\n","protected":false},"excerpt":{"rendered":"<p>L\u2019accident s\u2019est produit peu apr\u00e8s 8 heures, en arri\u00e8re de l\u2019\u00e9cole. \u00abCe sont des terrains qui sont en pr\u00e9paration pour accueillir les Jeux du Qu\u00e9bec 2025. Diff\u00e9rentes compagnies de terrassement sont l\u00e0. En faisant une man\u0153uvre de recul, un camion-benne aurait heurt\u00e9 accidentellement un travailleur qui se trouvait derri\u00e8re\u00bb, expliquait, en matin\u00e9e, le sergent Luc &hellip; <\/p>\n<p class=\"link-more\"><a href=\"https:\/\/www.accidentdutravail-idf.net\/blog\/accident-sur-le-chantier-de-lecole-chavigny-le-travailleur-est-decede\/\" class=\"more-link\">Continuer la lecture <span class=\"screen-reader-text\"> \u00ab\u00a0Accident sur le chantier de l\u2019\u00e9cole Chavigny: le travailleur est d\u00e9c\u00e9d\u00e9\u00a0\u00bb<\/span><\/a><\/p>\n","protected":false},"author":2,"featured_media":0,"comment_status":"closed","ping_status":"closed","sticky":false,"template":"","format":"standard","meta":{"footnotes":""},"categories":[5],"tags":[],"class_list":["post-942","post","type-post","status-publish","format-standard","hentry","category-securite-du-travail-en-ile-de-france-et-divers","entry"],"yoast_head":"<!-- This site is optimized with the Yoast SEO plugin v27.5 - https:\/\/yoast.com\/product\/yoast-seo-wordpress\/ -->\n<title>Accident sur le chantier de l\u2019\u00e9cole Chavigny: le travailleur est d\u00e9c\u00e9d\u00e9 - ACCIDENTDUTRAVAIL-IDF<\/title>\n<meta name=\"description\" content=\"Accident sur le chantier de l\u2019\u00e9cole Chavigny: le travailleur est d\u00e9c\u00e9d\u00e9 article de ACCIDENTDUTRAVAIL-IDF\" \/>\n<meta name=\"robots\" content=\"index, follow, max-snippet:-1, max-image-preview:large, max-video-preview:-1\" \/>\n<link rel=\"canonical\" href=\"https:\/\/www.accidentdutravail-idf.net\/blog\/accident-sur-le-chantier-de-lecole-chavigny-le-travailleur-est-decede\/\" \/>\n<meta property=\"og:locale\" content=\"fr_FR\" \/>\n<meta property=\"og:type\" content=\"article\" \/>\n<meta property=\"og:title\" content=\"Accident sur le chantier de l\u2019\u00e9cole Chavigny: le travailleur est d\u00e9c\u00e9d\u00e9 - ACCIDENTDUTRAVAIL-IDF\" \/>\n<meta property=\"og:description\" content=\"Accident sur le chantier de l\u2019\u00e9cole Chavigny: le travailleur est d\u00e9c\u00e9d\u00e9 article de ACCIDENTDUTRAVAIL-IDF\" \/>\n<meta property=\"og:url\" content=\"https:\/\/www.accidentdutravail-idf.net\/blog\/accident-sur-le-chantier-de-lecole-chavigny-le-travailleur-est-decede\/\" \/>\n<meta property=\"og:site_name\" content=\"ACCIDENTDUTRAVAIL-IDF\" \/>\n<meta property=\"article:published_time\" content=\"2024-10-24T18:30:00+00:00\" \/>\n<meta property=\"og:image\" content=\"https:\/\/lescoopsdelinformation-le-nouvelliste-prod.web.arc-cdn.net\/resizer\/v2\/EAGS7M3JIBHQDFZM2LM46NMUPM.jpg?auth=7864324a2b1d49a665f99c3da956776a15755864779667d67f95f680351832c8&amp;smart=true&amp;width=1200&amp;height=799\" \/>\n<meta name=\"author\" content=\"Carlos Poulain\" \/>\n<meta name=\"twitter:card\" content=\"summary_large_image\" \/>\n<meta name=\"twitter:label1\" content=\"\u00c9crit par\" \/>\n\t<meta name=\"twitter:data1\" content=\"Carlos Poulain\" \/>\n\t<meta name=\"twitter:label2\" content=\"Dur\u00e9e de lecture estim\u00e9e\" \/>\n\t<meta name=\"twitter:data2\" content=\"3 minutes\" \/>\n<script type=\"application\/ld+json\" class=\"yoast-schema-graph\">{\"@context\":\"https:\\\/\\\/schema.org\",\"@graph\":[{\"@type\":\"Article\",\"@id\":\"https:\\\/\\\/www.accidentdutravail-idf.net\\\/blog\\\/accident-sur-le-chantier-de-lecole-chavigny-le-travailleur-est-decede\\\/#article\",\"isPartOf\":{\"@id\":\"https:\\\/\\\/www.accidentdutravail-idf.net\\\/blog\\\/accident-sur-le-chantier-de-lecole-chavigny-le-travailleur-est-decede\\\/\"},\"author\":{\"name\":\"Carlos Poulain\",\"@id\":\"https:\\\/\\\/www.accidentdutravail-idf.net\\\/blog\\\/#\\\/schema\\\/person\\\/3255d2f970de45e64bd9201f38e7b947\"},\"headline\":\"Accident sur le chantier de l\u2019\u00e9cole Chavigny: le travailleur est d\u00e9c\u00e9d\u00e9\",\"datePublished\":\"2024-10-24T18:30:00+00:00\",\"mainEntityOfPage\":{\"@id\":\"https:\\\/\\\/www.accidentdutravail-idf.net\\\/blog\\\/accident-sur-le-chantier-de-lecole-chavigny-le-travailleur-est-decede\\\/\"},\"wordCount\":521,\"publisher\":{\"@id\":\"https:\\\/\\\/www.accidentdutravail-idf.net\\\/blog\\\/#organization\"},\"image\":{\"@id\":\"https:\\\/\\\/www.accidentdutravail-idf.net\\\/blog\\\/accident-sur-le-chantier-de-lecole-chavigny-le-travailleur-est-decede\\\/#primaryimage\"},\"thumbnailUrl\":\"https:\\\/\\\/lescoopsdelinformation-le-nouvelliste-prod.web.arc-cdn.net\\\/resizer\\\/v2\\\/EAGS7M3JIBHQDFZM2LM46NMUPM.jpg?auth=7864324a2b1d49a665f99c3da956776a15755864779667d67f95f680351832c8&amp;smart=true&amp;width=1200&amp;height=799\",\"articleSection\":[\"S\u00e9curit\u00e9 Du Travail En Ile-De-France Et Divers:\"],\"inLanguage\":\"fr-FR\"},{\"@type\":\"WebPage\",\"@id\":\"https:\\\/\\\/www.accidentdutravail-idf.net\\\/blog\\\/accident-sur-le-chantier-de-lecole-chavigny-le-travailleur-est-decede\\\/\",\"url\":\"https:\\\/\\\/www.accidentdutravail-idf.net\\\/blog\\\/accident-sur-le-chantier-de-lecole-chavigny-le-travailleur-est-decede\\\/\",\"name\":\"Accident sur le chantier de l\u2019\u00e9cole Chavigny: le travailleur est d\u00e9c\u00e9d\u00e9 - ACCIDENTDUTRAVAIL-IDF\",\"isPartOf\":{\"@id\":\"https:\\\/\\\/www.accidentdutravail-idf.net\\\/blog\\\/#website\"},\"primaryImageOfPage\":{\"@id\":\"https:\\\/\\\/www.accidentdutravail-idf.net\\\/blog\\\/accident-sur-le-chantier-de-lecole-chavigny-le-travailleur-est-decede\\\/#primaryimage\"},\"image\":{\"@id\":\"https:\\\/\\\/www.accidentdutravail-idf.net\\\/blog\\\/accident-sur-le-chantier-de-lecole-chavigny-le-travailleur-est-decede\\\/#primaryimage\"},\"thumbnailUrl\":\"https:\\\/\\\/lescoopsdelinformation-le-nouvelliste-prod.web.arc-cdn.net\\\/resizer\\\/v2\\\/EAGS7M3JIBHQDFZM2LM46NMUPM.jpg?auth=7864324a2b1d49a665f99c3da956776a15755864779667d67f95f680351832c8&amp;smart=true&amp;width=1200&amp;height=799\",\"datePublished\":\"2024-10-24T18:30:00+00:00\",\"description\":\"Accident sur le chantier de l\u2019\u00e9cole Chavigny: le travailleur est d\u00e9c\u00e9d\u00e9 article de ACCIDENTDUTRAVAIL-IDF\",\"breadcrumb\":{\"@id\":\"https:\\\/\\\/www.accidentdutravail-idf.net\\\/blog\\\/accident-sur-le-chantier-de-lecole-chavigny-le-travailleur-est-decede\\\/#breadcrumb\"},\"inLanguage\":\"fr-FR\",\"potentialAction\":[{\"@type\":\"ReadAction\",\"target\":[\"https:\\\/\\\/www.accidentdutravail-idf.net\\\/blog\\\/accident-sur-le-chantier-de-lecole-chavigny-le-travailleur-est-decede\\\/\"]}]},{\"@type\":\"ImageObject\",\"inLanguage\":\"fr-FR\",\"@id\":\"https:\\\/\\\/www.accidentdutravail-idf.net\\\/blog\\\/accident-sur-le-chantier-de-lecole-chavigny-le-travailleur-est-decede\\\/#primaryimage\",\"url\":\"https:\\\/\\\/lescoopsdelinformation-le-nouvelliste-prod.web.arc-cdn.net\\\/resizer\\\/v2\\\/EAGS7M3JIBHQDFZM2LM46NMUPM.jpg?auth=7864324a2b1d49a665f99c3da956776a15755864779667d67f95f680351832c8&amp;smart=true&amp;width=1200&amp;height=799\",\"contentUrl\":\"https:\\\/\\\/lescoopsdelinformation-le-nouvelliste-prod.web.arc-cdn.net\\\/resizer\\\/v2\\\/EAGS7M3JIBHQDFZM2LM46NMUPM.jpg?auth=7864324a2b1d49a665f99c3da956776a15755864779667d67f95f680351832c8&amp;smart=true&amp;width=1200&amp;height=799\"},{\"@type\":\"BreadcrumbList\",\"@id\":\"https:\\\/\\\/www.accidentdutravail-idf.net\\\/blog\\\/accident-sur-le-chantier-de-lecole-chavigny-le-travailleur-est-decede\\\/#breadcrumb\",\"itemListElement\":[{\"@type\":\"ListItem\",\"position\":1,\"name\":\"Accueil\",\"item\":\"https:\\\/\\\/www.accidentdutravail-idf.net\\\/blog\\\/\"},{\"@type\":\"ListItem\",\"position\":2,\"name\":\"Accident sur le chantier de l\u2019\u00e9cole Chavigny: le travailleur est d\u00e9c\u00e9d\u00e9\"}]},{\"@type\":\"WebSite\",\"@id\":\"https:\\\/\\\/www.accidentdutravail-idf.net\\\/blog\\\/#website\",\"url\":\"https:\\\/\\\/www.accidentdutravail-idf.net\\\/blog\\\/\",\"name\":\"ACCIDENTDUTRAVAIL-IDF\",\"description\":\"Portail accidents du travail-maladies professionnelles des entreprises d&#039;Ile-de-France\",\"publisher\":{\"@id\":\"https:\\\/\\\/www.accidentdutravail-idf.net\\\/blog\\\/#organization\"},\"potentialAction\":[{\"@type\":\"SearchAction\",\"target\":{\"@type\":\"EntryPoint\",\"urlTemplate\":\"https:\\\/\\\/www.accidentdutravail-idf.net\\\/blog\\\/?s={search_term_string}\"},\"query-input\":{\"@type\":\"PropertyValueSpecification\",\"valueRequired\":true,\"valueName\":\"search_term_string\"}}],\"inLanguage\":\"fr-FR\"},{\"@type\":\"Organization\",\"@id\":\"https:\\\/\\\/www.accidentdutravail-idf.net\\\/blog\\\/#organization\",\"name\":\"accidentdutravail-idf\",\"url\":\"https:\\\/\\\/www.accidentdutravail-idf.net\\\/blog\\\/\",\"logo\":{\"@type\":\"ImageObject\",\"inLanguage\":\"fr-FR\",\"@id\":\"https:\\\/\\\/www.accidentdutravail-idf.net\\\/blog\\\/#\\\/schema\\\/logo\\\/image\\\/\",\"url\":\"https:\\\/\\\/www.accidentdutravail-idf.net\\\/blog\\\/wp-content\\\/uploads\\\/2022\\\/09\\\/logo-2.png\",\"contentUrl\":\"https:\\\/\\\/www.accidentdutravail-idf.net\\\/blog\\\/wp-content\\\/uploads\\\/2022\\\/09\\\/logo-2.png\",\"width\":380,\"height\":291,\"caption\":\"accidentdutravail-idf\"},\"image\":{\"@id\":\"https:\\\/\\\/www.accidentdutravail-idf.net\\\/blog\\\/#\\\/schema\\\/logo\\\/image\\\/\"}},{\"@type\":\"Person\",\"@id\":\"https:\\\/\\\/www.accidentdutravail-idf.net\\\/blog\\\/#\\\/schema\\\/person\\\/3255d2f970de45e64bd9201f38e7b947\",\"name\":\"Carlos Poulain\",\"image\":{\"@type\":\"ImageObject\",\"inLanguage\":\"fr-FR\",\"@id\":\"https:\\\/\\\/secure.gravatar.com\\\/avatar\\\/b1c2f9d3588e34e91adb093635df64ef4b2381991216be7576466cfcdca4baf3?s=96&d=mm&r=g\",\"url\":\"https:\\\/\\\/secure.gravatar.com\\\/avatar\\\/b1c2f9d3588e34e91adb093635df64ef4b2381991216be7576466cfcdca4baf3?s=96&d=mm&r=g\",\"contentUrl\":\"https:\\\/\\\/secure.gravatar.com\\\/avatar\\\/b1c2f9d3588e34e91adb093635df64ef4b2381991216be7576466cfcdca4baf3?s=96&d=mm&r=g\",\"caption\":\"Carlos Poulain\"},\"url\":\"https:\\\/\\\/www.accidentdutravail-idf.net\\\/blog\\\/author\\\/idfcarlos\\\/\"}]}<\/script>\n<!-- \/ Yoast SEO plugin. -->","yoast_head_json":{"title":"Accident sur le chantier de l\u2019\u00e9cole Chavigny: le travailleur est d\u00e9c\u00e9d\u00e9 - ACCIDENTDUTRAVAIL-IDF","description":"Accident sur le chantier de l\u2019\u00e9cole Chavigny: le travailleur est d\u00e9c\u00e9d\u00e9 article de ACCIDENTDUTRAVAIL-IDF","robots":{"index":"index","follow":"follow","max-snippet":"max-snippet:-1","max-image-preview":"max-image-preview:large","max-video-preview":"max-video-preview:-1"},"canonical":"https:\/\/www.accidentdutravail-idf.net\/blog\/accident-sur-le-chantier-de-lecole-chavigny-le-travailleur-est-decede\/","og_locale":"fr_FR","og_type":"article","og_title":"Accident sur le chantier de l\u2019\u00e9cole Chavigny: le travailleur est d\u00e9c\u00e9d\u00e9 - ACCIDENTDUTRAVAIL-IDF","og_description":"Accident sur le chantier de l\u2019\u00e9cole Chavigny: le travailleur est d\u00e9c\u00e9d\u00e9 article de ACCIDENTDUTRAVAIL-IDF","og_url":"https:\/\/www.accidentdutravail-idf.net\/blog\/accident-sur-le-chantier-de-lecole-chavigny-le-travailleur-est-decede\/","og_site_name":"ACCIDENTDUTRAVAIL-IDF","article_published_time":"2024-10-24T18:30:00+00:00","og_image":[{"url":"https:\/\/lescoopsdelinformation-le-nouvelliste-prod.web.arc-cdn.net\/resizer\/v2\/EAGS7M3JIBHQDFZM2LM46NMUPM.jpg?auth=7864324a2b1d49a665f99c3da956776a15755864779667d67f95f680351832c8&amp;smart=true&amp;width=1200&amp;height=799","type":"","width":"","height":""}],"author":"Carlos Poulain","twitter_card":"summary_large_image","twitter_misc":{"\u00c9crit par":"Carlos Poulain","Dur\u00e9e de lecture estim\u00e9e":"3 minutes"},"schema":{"@context":"https:\/\/schema.org","@graph":[{"@type":"Article","@id":"https:\/\/www.accidentdutravail-idf.net\/blog\/accident-sur-le-chantier-de-lecole-chavigny-le-travailleur-est-decede\/#article","isPartOf":{"@id":"https:\/\/www.accidentdutravail-idf.net\/blog\/accident-sur-le-chantier-de-lecole-chavigny-le-travailleur-est-decede\/"},"author":{"name":"Carlos Poulain","@id":"https:\/\/www.accidentdutravail-idf.net\/blog\/#\/schema\/person\/3255d2f970de45e64bd9201f38e7b947"},"headline":"Accident sur le chantier de l\u2019\u00e9cole Chavigny: le travailleur est d\u00e9c\u00e9d\u00e9","datePublished":"2024-10-24T18:30:00+00:00","mainEntityOfPage":{"@id":"https:\/\/www.accidentdutravail-idf.net\/blog\/accident-sur-le-chantier-de-lecole-chavigny-le-travailleur-est-decede\/"},"wordCount":521,"publisher":{"@id":"https:\/\/www.accidentdutravail-idf.net\/blog\/#organization"},"image":{"@id":"https:\/\/www.accidentdutravail-idf.net\/blog\/accident-sur-le-chantier-de-lecole-chavigny-le-travailleur-est-decede\/#primaryimage"},"thumbnailUrl":"https:\/\/lescoopsdelinformation-le-nouvelliste-prod.web.arc-cdn.net\/resizer\/v2\/EAGS7M3JIBHQDFZM2LM46NMUPM.jpg?auth=7864324a2b1d49a665f99c3da956776a15755864779667d67f95f680351832c8&amp;smart=true&amp;width=1200&amp;height=799","articleSection":["S\u00e9curit\u00e9 Du Travail En Ile-De-France Et Divers:"],"inLanguage":"fr-FR"},{"@type":"WebPage","@id":"https:\/\/www.accidentdutravail-idf.net\/blog\/accident-sur-le-chantier-de-lecole-chavigny-le-travailleur-est-decede\/","url":"https:\/\/www.accidentdutravail-idf.net\/blog\/accident-sur-le-chantier-de-lecole-chavigny-le-travailleur-est-decede\/","name":"Accident sur le chantier de l\u2019\u00e9cole Chavigny: le travailleur est d\u00e9c\u00e9d\u00e9 - ACCIDENTDUTRAVAIL-IDF","isPartOf":{"@id":"https:\/\/www.accidentdutravail-idf.net\/blog\/#website"},"primaryImageOfPage":{"@id":"https:\/\/www.accidentdutravail-idf.net\/blog\/accident-sur-le-chantier-de-lecole-chavigny-le-travailleur-est-decede\/#primaryimage"},"image":{"@id":"https:\/\/www.accidentdutravail-idf.net\/blog\/accident-sur-le-chantier-de-lecole-chavigny-le-travailleur-est-decede\/#primaryimage"},"thumbnailUrl":"https:\/\/lescoopsdelinformation-le-nouvelliste-prod.web.arc-cdn.net\/resizer\/v2\/EAGS7M3JIBHQDFZM2LM46NMUPM.jpg?auth=7864324a2b1d49a665f99c3da956776a15755864779667d67f95f680351832c8&amp;smart=true&amp;width=1200&amp;height=799","datePublished":"2024-10-24T18:30:00+00:00","description":"Accident sur le chantier de l\u2019\u00e9cole Chavigny: le travailleur est d\u00e9c\u00e9d\u00e9 article de ACCIDENTDUTRAVAIL-IDF","breadcrumb":{"@id":"https:\/\/www.accidentdutravail-idf.net\/blog\/accident-sur-le-chantier-de-lecole-chavigny-le-travailleur-est-decede\/#breadcrumb"},"inLanguage":"fr-FR","potentialAction":[{"@type":"ReadAction","target":["https:\/\/www.accidentdutravail-idf.net\/blog\/accident-sur-le-chantier-de-lecole-chavigny-le-travailleur-est-decede\/"]}]},{"@type":"ImageObject","inLanguage":"fr-FR","@id":"https:\/\/www.accidentdutravail-idf.net\/blog\/accident-sur-le-chantier-de-lecole-chavigny-le-travailleur-est-decede\/#primaryimage","url":"https:\/\/lescoopsdelinformation-le-nouvelliste-prod.web.arc-cdn.net\/resizer\/v2\/EAGS7M3JIBHQDFZM2LM46NMUPM.jpg?auth=7864324a2b1d49a665f99c3da956776a15755864779667d67f95f680351832c8&amp;smart=true&amp;width=1200&amp;height=799","contentUrl":"https:\/\/lescoopsdelinformation-le-nouvelliste-prod.web.arc-cdn.net\/resizer\/v2\/EAGS7M3JIBHQDFZM2LM46NMUPM.jpg?auth=7864324a2b1d49a665f99c3da956776a15755864779667d67f95f680351832c8&amp;smart=true&amp;width=1200&amp;height=799"},{"@type":"BreadcrumbList","@id":"https:\/\/www.accidentdutravail-idf.net\/blog\/accident-sur-le-chantier-de-lecole-chavigny-le-travailleur-est-decede\/#breadcrumb","itemListElement":[{"@type":"ListItem","position":1,"name":"Accueil","item":"https:\/\/www.accidentdutravail-idf.net\/blog\/"},{"@type":"ListItem","position":2,"name":"Accident sur le chantier de l\u2019\u00e9cole Chavigny: le travailleur est d\u00e9c\u00e9d\u00e9"}]},{"@type":"WebSite","@id":"https:\/\/www.accidentdutravail-idf.net\/blog\/#website","url":"https:\/\/www.accidentdutravail-idf.net\/blog\/","name":"ACCIDENTDUTRAVAIL-IDF","description":"Portail accidents du travail-maladies professionnelles des entreprises d&#039;Ile-de-France","publisher":{"@id":"https:\/\/www.accidentdutravail-idf.net\/blog\/#organization"},"potentialAction":[{"@type":"SearchAction","target":{"@type":"EntryPoint","urlTemplate":"https:\/\/www.accidentdutravail-idf.net\/blog\/?s={search_term_string}"},"query-input":{"@type":"PropertyValueSpecification","valueRequired":true,"valueName":"search_term_string"}}],"inLanguage":"fr-FR"},{"@type":"Organization","@id":"https:\/\/www.accidentdutravail-idf.net\/blog\/#organization","name":"accidentdutravail-idf","url":"https:\/\/www.accidentdutravail-idf.net\/blog\/","logo":{"@type":"ImageObject","inLanguage":"fr-FR","@id":"https:\/\/www.accidentdutravail-idf.net\/blog\/#\/schema\/logo\/image\/","url":"https:\/\/www.accidentdutravail-idf.net\/blog\/wp-content\/uploads\/2022\/09\/logo-2.png","contentUrl":"https:\/\/www.accidentdutravail-idf.net\/blog\/wp-content\/uploads\/2022\/09\/logo-2.png","width":380,"height":291,"caption":"accidentdutravail-idf"},"image":{"@id":"https:\/\/www.accidentdutravail-idf.net\/blog\/#\/schema\/logo\/image\/"}},{"@type":"Person","@id":"https:\/\/www.accidentdutravail-idf.net\/blog\/#\/schema\/person\/3255d2f970de45e64bd9201f38e7b947","name":"Carlos Poulain","image":{"@type":"ImageObject","inLanguage":"fr-FR","@id":"https:\/\/secure.gravatar.com\/avatar\/b1c2f9d3588e34e91adb093635df64ef4b2381991216be7576466cfcdca4baf3?s=96&d=mm&r=g","url":"https:\/\/secure.gravatar.com\/avatar\/b1c2f9d3588e34e91adb093635df64ef4b2381991216be7576466cfcdca4baf3?s=96&d=mm&r=g","contentUrl":"https:\/\/secure.gravatar.com\/avatar\/b1c2f9d3588e34e91adb093635df64ef4b2381991216be7576466cfcdca4baf3?s=96&d=mm&r=g","caption":"Carlos Poulain"},"url":"https:\/\/www.accidentdutravail-idf.net\/blog\/author\/idfcarlos\/"}]}},"_links":{"self":[{"href":"https:\/\/www.accidentdutravail-idf.net\/blog\/wp-json\/wp\/v2\/posts\/942","targetHints":{"allow":["GET"]}}],"collection":[{"href":"https:\/\/www.accidentdutravail-idf.net\/blog\/wp-json\/wp\/v2\/posts"}],"about":[{"href":"https:\/\/www.accidentdutravail-idf.net\/blog\/wp-json\/wp\/v2\/types\/post"}],"author":[{"embeddable":true,"href":"https:\/\/www.accidentdutravail-idf.net\/blog\/wp-json\/wp\/v2\/users\/2"}],"replies":[{"embeddable":true,"href":"https:\/\/www.accidentdutravail-idf.net\/blog\/wp-json\/wp\/v2\/comments?post=942"}],"version-history":[{"count":0,"href":"https:\/\/www.accidentdutravail-idf.net\/blog\/wp-json\/wp\/v2\/posts\/942\/revisions"}],"wp:attachment":[{"href":"https:\/\/www.accidentdutravail-idf.net\/blog\/wp-json\/wp\/v2\/media?parent=942"}],"wp:term":[{"taxonomy":"category","embeddable":true,"href":"https:\/\/www.accidentdutravail-idf.net\/blog\/wp-json\/wp\/v2\/categories?post=942"},{"taxonomy":"post_tag","embeddable":true,"href":"https:\/\/www.accidentdutravail-idf.net\/blog\/wp-json\/wp\/v2\/tags?post=942"}],"curies":[{"name":"wp","href":"https:\/\/api.w.org\/{rel}","templated":true}]}}