{"id":930,"date":"2024-10-17T12:53:00","date_gmt":"2024-10-17T10:53:00","guid":{"rendered":"https:\/\/www.accidentdutravail-idf.net\/blog\/les-pouvoirs-publics-alertent-de-nouveau-sur-les-accidents-du-travail-graves-et-mortels\/"},"modified":"2024-10-17T12:53:00","modified_gmt":"2024-10-17T10:53:00","slug":"les-pouvoirs-publics-alertent-de-nouveau-sur-les-accidents-du-travail-graves-et-mortels","status":"publish","type":"post","link":"https:\/\/www.accidentdutravail-idf.net\/blog\/les-pouvoirs-publics-alertent-de-nouveau-sur-les-accidents-du-travail-graves-et-mortels\/","title":{"rendered":"Les pouvoirs publics alertent de nouveau sur les accidents du travail graves et mortels"},"content":{"rendered":"<div><img decoding=\"async\" src=\"https:\/\/www.accidentdutravail-idf.net\/blog\/wp-content\/uploads\/2024\/10\/les-pouvoirs-publics-alertent-de-nouveau-sur-les-accidents-du-travail-graves-et-mortels.jpg\" class=\"ff-og-image-inserted\"><\/div>\n<p>Les accidents du travail repr\u00e9sentent un risque toujours aussi pr\u00e9gnant pour les salari\u00e9s, les entreprises et les pouvoirs publics. Les plus graves d&rsquo;entre eux font l&rsquo;objet d&rsquo;une nouvelle campagne de communication du minist\u00e8re du Travail, diffus\u00e9e depuis la mi-octobre et jusqu&rsquo;\u00e0 la fin novembre.\n<\/p>\n<p class=\"para r3 for-lire-aussi\">&nbsp;<\/p>\n<div class=\"lire-aussi\">\n<p>\u00e0 lire aussi<\/p>\n<\/div>\n<p class=\"para r3 for-lire-aussi\">&nbsp;<\/p>\n<p>L&rsquo;objectif&nbsp;: faire prendre conscience \u00e0 toutes les parties prenantes que la pr\u00e9vention joue un r\u00f4le central. <i>\u00ab\u00a0Les accidents graves et mortels laissent derri\u00e8re eux des familles endeuill\u00e9es et des collectifs de travail boulevers\u00e9s. Ils ne sont pourtant pas une fatalit\u00e9 et questionnent notre capacit\u00e9 collective \u00e0 faire du travail un lieu s\u00fbr pour tous\u00a0\u00bb<\/i>, commente la ministre du Travail, Astrid Panosyan-Bouvet.<\/p>\n<p class=\"para r3\">&nbsp;<\/p>\n<p>Pour la ministre, il s&rsquo;agit de mettre les entreprises face \u00e0 leurs responsabilit\u00e9s, tout en les accompagnant. <i>\u00ab\u00a0La m\u00e9connaissance de certains risques professionnels, l&rsquo;absence d&rsquo;\u00e9valuation des risques et des mesures de pr\u00e9vention adapt\u00e9es et le manque de formation des travailleurs\u00a0\u00bb<\/i> seraient, selon Astrid Panosyan-Bouvet, <i>\u00ab\u00a0trop souvent constat\u00e9es\u00a0\u00bb<\/i> et <i>\u00ab\u00a0peuvent \u00eatre \u00e0 l&rsquo;origine de ces drames\u00a0\u00bb<\/i>.<\/p>\n<p class=\"para r3\">&nbsp;<\/p>\n<h2 class=\"h3\">100 accidents graves par jour en France, dont 2 d\u00e9c\u00e8s<\/h2>\n<p class=\"para r3\">&nbsp;<\/p>\n<p>D&rsquo;apr\u00e8s l&rsquo;administration, une centaine de salari\u00e9s se blesseraient gravement chaque jour en France, et deux en d\u00e9c\u00e8deraient. En 2022, 559.812 accidents du travail ont \u00e9t\u00e9 d\u00e9clar\u00e9s pour les salari\u00e9s du r\u00e9gime g\u00e9n\u00e9ral et du r\u00e9gime agricole, dont 38.022 <i>\u00ab\u00a0laissant des s\u00e9quelles durables\u00a0\u00bb<\/i> pour les victimes, et 789 d\u00e9c\u00e8s.<\/p>\n<p class=\"para r3\">&nbsp;<\/p>\n<p>Au-del\u00e0 du drame humain que cela repr\u00e9sente \u00e9videmment pour ces personnes et leurs entourages, l&rsquo;impact \u00e9conomique de ces accidents est \u00e9galement important, <i>\u00ab\u00a0en termes de co\u00fbts directs et indirects pour les entreprises, la solidarit\u00e9 nationale et la soci\u00e9t\u00e9 dans son ensemble\u00a0\u00bb<\/i>, souligne le minist\u00e8re.<\/p>\n<p class=\"para r3\">&nbsp;<\/p>\n<p>Pour y rem\u00e9dier, les pouvoirs publics veulent mettre en place <i>\u00ab\u00a0une v\u00e9ritable culture de la s\u00e9curit\u00e9\u00a0\u00bb<\/i> et de faire de la pr\u00e9vention <i>\u00ab\u00a0un r\u00e9flexe quotidien\u00a0\u00bb<\/i>. D&rsquo;o\u00f9 cette campagne d&rsquo;information qui s&rsquo;adresse \u00e0 l&rsquo;ensemble des acteurs, tous m\u00e9tiers et secteurs d&rsquo;activit\u00e9 confondus. Si elle cherche \u00e9videmment \u00e0 sensibiliser sur le sujet, elle propose aussi des solutions aux employeurs et aux salari\u00e9s.<\/p>\n<p class=\"para r3\">&nbsp;<\/p>\n<h2 class=\"h3\">Des kits de com&rsquo; pour les employeurs et salari\u00e9s<\/h2>\n<p class=\"para r3 for-lire-aussi\">&nbsp;<\/p>\n<div class=\"lire-aussi\">\n<p>\u00e0 lire aussi<\/p>\n<\/div>\n<p class=\"para r3 for-lire-aussi\">&nbsp;<\/p>\n<p>Comment&nbsp;? Via la diffusion de spots publicitaires TV et radio, d&rsquo;une vid\u00e9o en ligne ainsi que d&rsquo;insertions dans la presse professionnelle et sur le Web. Des kits de communication contenant des affiches, des guides ou encore des fiches pratiques seront par ailleurs mis \u00e0 disposition des employeurs et des salari\u00e9s.<\/p>\n<p class=\"para r3\">&nbsp;<\/p>\n<p>Les professionnels seront par ailleurs orient\u00e9s vers un site d\u00e9di\u00e9 aux accidents du travail graves et mortels&nbsp;: <a href=\"https:\/\/travail-emploi.gouv.fr\/la-securite-des-salaries-cest-chaque-jour-que-lon-doit-y-penser\" target=\"_blank\" rel=\"noopener nofollow\">www.securiteautravail.gouv.fr<\/a>. Ils y trouveront des guides de pr\u00e9vention par secteur et des fiches m\u00e9tiers, ainsi que des conseils pour la mise en place de mesures de s\u00e9curit\u00e9 et pour r\u00e9agir en cas d&rsquo;accident.accidentdutravail-idf.net vous a pr\u00e9par\u00e9 ce post qui informe du sujet \u00ab\u00a0Association Sportive Huisson-Longueville Essonne\u00a0\u00bb. La chronique se veut g\u00e9n\u00e9r\u00e9e du mieux possible. Vous pouvez utiliser les coordonn\u00e9es indiqu\u00e9es sur le site dans le but d\u2019apporter des explications sur ce post qui parle du th\u00e8me \u00ab\u00a0Association Sportive Huisson-Longueville Essonne\u00a0\u00bb. Le site accidentdutravail-idf.net a pour but de fournir diverses publications sur la th\u00e9matique Association Sportive Huisson-Longueville Essonne diffus\u00e9es sur le net. Il y aura plusieurs articles autour du sujet \u00ab\u00a0Association Sportive Huisson-Longueville Essonne\u00a0\u00bb dans quelques jours, nous vous invitons \u00e0 naviguer sur notre site web \u00e0 plusieurs reprises.<\/p>\n","protected":false},"excerpt":{"rendered":"<p>Les accidents du travail repr\u00e9sentent un risque toujours aussi pr\u00e9gnant pour les salari\u00e9s, les entreprises et les pouvoirs publics. Les plus graves d&rsquo;entre eux font l&rsquo;objet d&rsquo;une nouvelle campagne de communication du minist\u00e8re du Travail, diffus\u00e9e depuis la mi-octobre et jusqu&rsquo;\u00e0 la fin novembre. &nbsp; \u00e0 lire aussi &nbsp; L&rsquo;objectif&nbsp;: faire prendre conscience \u00e0 toutes &hellip; <\/p>\n<p class=\"link-more\"><a href=\"https:\/\/www.accidentdutravail-idf.net\/blog\/les-pouvoirs-publics-alertent-de-nouveau-sur-les-accidents-du-travail-graves-et-mortels\/\" class=\"more-link\">Continuer la lecture <span class=\"screen-reader-text\"> \u00ab\u00a0Les pouvoirs publics alertent de nouveau sur les accidents du travail graves et mortels\u00a0\u00bb<\/span><\/a><\/p>\n","protected":false},"author":2,"featured_media":0,"comment_status":"closed","ping_status":"closed","sticky":false,"template":"","format":"standard","meta":{"footnotes":""},"categories":[5],"tags":[],"class_list":["post-930","post","type-post","status-publish","format-standard","hentry","category-securite-du-travail-en-ile-de-france-et-divers","entry"],"yoast_head":"<!-- This site is optimized with the Yoast SEO plugin v27.5 - https:\/\/yoast.com\/product\/yoast-seo-wordpress\/ -->\n<title>Les pouvoirs publics alertent de nouveau sur les accidents du travail graves et mortels - ACCIDENTDUTRAVAIL-IDF<\/title>\n<meta name=\"description\" content=\"Les pouvoirs publics alertent de nouveau sur les accidents du travail graves et mortels article de ACCIDENTDUTRAVAIL-IDF\" \/>\n<meta name=\"robots\" content=\"index, follow, max-snippet:-1, max-image-preview:large, max-video-preview:-1\" \/>\n<link rel=\"canonical\" href=\"https:\/\/www.accidentdutravail-idf.net\/blog\/les-pouvoirs-publics-alertent-de-nouveau-sur-les-accidents-du-travail-graves-et-mortels\/\" \/>\n<meta property=\"og:locale\" content=\"fr_FR\" \/>\n<meta property=\"og:type\" content=\"article\" \/>\n<meta property=\"og:title\" content=\"Les pouvoirs publics alertent de nouveau sur les accidents du travail graves et mortels - ACCIDENTDUTRAVAIL-IDF\" \/>\n<meta property=\"og:description\" content=\"Les pouvoirs publics alertent de nouveau sur les accidents du travail graves et mortels article de ACCIDENTDUTRAVAIL-IDF\" \/>\n<meta property=\"og:url\" content=\"https:\/\/www.accidentdutravail-idf.net\/blog\/les-pouvoirs-publics-alertent-de-nouveau-sur-les-accidents-du-travail-graves-et-mortels\/\" \/>\n<meta property=\"og:site_name\" content=\"ACCIDENTDUTRAVAIL-IDF\" \/>\n<meta property=\"article:published_time\" content=\"2024-10-17T10:53:00+00:00\" \/>\n<meta property=\"og:image\" content=\"https:\/\/www.accidentdutravail-idf.net\/blog\/wp-content\/uploads\/2024\/10\/les-pouvoirs-publics-alertent-de-nouveau-sur-les-accidents-du-travail-graves-et-mortels.jpg\" \/>\n<meta name=\"author\" content=\"Carlos Poulain\" \/>\n<meta name=\"twitter:card\" content=\"summary_large_image\" \/>\n<meta name=\"twitter:label1\" content=\"\u00c9crit par\" \/>\n\t<meta name=\"twitter:data1\" content=\"Carlos Poulain\" \/>\n\t<meta name=\"twitter:label2\" content=\"Dur\u00e9e de lecture estim\u00e9e\" \/>\n\t<meta name=\"twitter:data2\" content=\"3 minutes\" \/>\n<script type=\"application\/ld+json\" class=\"yoast-schema-graph\">{\"@context\":\"https:\\\/\\\/schema.org\",\"@graph\":[{\"@type\":\"Article\",\"@id\":\"https:\\\/\\\/www.accidentdutravail-idf.net\\\/blog\\\/les-pouvoirs-publics-alertent-de-nouveau-sur-les-accidents-du-travail-graves-et-mortels\\\/#article\",\"isPartOf\":{\"@id\":\"https:\\\/\\\/www.accidentdutravail-idf.net\\\/blog\\\/les-pouvoirs-publics-alertent-de-nouveau-sur-les-accidents-du-travail-graves-et-mortels\\\/\"},\"author\":{\"name\":\"Carlos Poulain\",\"@id\":\"https:\\\/\\\/www.accidentdutravail-idf.net\\\/blog\\\/#\\\/schema\\\/person\\\/3255d2f970de45e64bd9201f38e7b947\"},\"headline\":\"Les pouvoirs publics alertent de nouveau sur les accidents du travail graves et mortels\",\"datePublished\":\"2024-10-17T10:53:00+00:00\",\"mainEntityOfPage\":{\"@id\":\"https:\\\/\\\/www.accidentdutravail-idf.net\\\/blog\\\/les-pouvoirs-publics-alertent-de-nouveau-sur-les-accidents-du-travail-graves-et-mortels\\\/\"},\"wordCount\":612,\"publisher\":{\"@id\":\"https:\\\/\\\/www.accidentdutravail-idf.net\\\/blog\\\/#organization\"},\"image\":{\"@id\":\"https:\\\/\\\/www.accidentdutravail-idf.net\\\/blog\\\/les-pouvoirs-publics-alertent-de-nouveau-sur-les-accidents-du-travail-graves-et-mortels\\\/#primaryimage\"},\"thumbnailUrl\":\"https:\\\/\\\/www.accidentdutravail-idf.net\\\/blog\\\/wp-content\\\/uploads\\\/2024\\\/10\\\/les-pouvoirs-publics-alertent-de-nouveau-sur-les-accidents-du-travail-graves-et-mortels.jpg\",\"articleSection\":[\"S\u00e9curit\u00e9 Du Travail En Ile-De-France Et Divers:\"],\"inLanguage\":\"fr-FR\"},{\"@type\":\"WebPage\",\"@id\":\"https:\\\/\\\/www.accidentdutravail-idf.net\\\/blog\\\/les-pouvoirs-publics-alertent-de-nouveau-sur-les-accidents-du-travail-graves-et-mortels\\\/\",\"url\":\"https:\\\/\\\/www.accidentdutravail-idf.net\\\/blog\\\/les-pouvoirs-publics-alertent-de-nouveau-sur-les-accidents-du-travail-graves-et-mortels\\\/\",\"name\":\"Les pouvoirs publics alertent de nouveau sur les accidents du travail graves et mortels - ACCIDENTDUTRAVAIL-IDF\",\"isPartOf\":{\"@id\":\"https:\\\/\\\/www.accidentdutravail-idf.net\\\/blog\\\/#website\"},\"primaryImageOfPage\":{\"@id\":\"https:\\\/\\\/www.accidentdutravail-idf.net\\\/blog\\\/les-pouvoirs-publics-alertent-de-nouveau-sur-les-accidents-du-travail-graves-et-mortels\\\/#primaryimage\"},\"image\":{\"@id\":\"https:\\\/\\\/www.accidentdutravail-idf.net\\\/blog\\\/les-pouvoirs-publics-alertent-de-nouveau-sur-les-accidents-du-travail-graves-et-mortels\\\/#primaryimage\"},\"thumbnailUrl\":\"https:\\\/\\\/www.accidentdutravail-idf.net\\\/blog\\\/wp-content\\\/uploads\\\/2024\\\/10\\\/les-pouvoirs-publics-alertent-de-nouveau-sur-les-accidents-du-travail-graves-et-mortels.jpg\",\"datePublished\":\"2024-10-17T10:53:00+00:00\",\"description\":\"Les pouvoirs publics alertent de nouveau sur les accidents du travail graves et mortels article de ACCIDENTDUTRAVAIL-IDF\",\"breadcrumb\":{\"@id\":\"https:\\\/\\\/www.accidentdutravail-idf.net\\\/blog\\\/les-pouvoirs-publics-alertent-de-nouveau-sur-les-accidents-du-travail-graves-et-mortels\\\/#breadcrumb\"},\"inLanguage\":\"fr-FR\",\"potentialAction\":[{\"@type\":\"ReadAction\",\"target\":[\"https:\\\/\\\/www.accidentdutravail-idf.net\\\/blog\\\/les-pouvoirs-publics-alertent-de-nouveau-sur-les-accidents-du-travail-graves-et-mortels\\\/\"]}]},{\"@type\":\"ImageObject\",\"inLanguage\":\"fr-FR\",\"@id\":\"https:\\\/\\\/www.accidentdutravail-idf.net\\\/blog\\\/les-pouvoirs-publics-alertent-de-nouveau-sur-les-accidents-du-travail-graves-et-mortels\\\/#primaryimage\",\"url\":\"https:\\\/\\\/www.accidentdutravail-idf.net\\\/blog\\\/wp-content\\\/uploads\\\/2024\\\/10\\\/les-pouvoirs-publics-alertent-de-nouveau-sur-les-accidents-du-travail-graves-et-mortels.jpg\",\"contentUrl\":\"https:\\\/\\\/www.accidentdutravail-idf.net\\\/blog\\\/wp-content\\\/uploads\\\/2024\\\/10\\\/les-pouvoirs-publics-alertent-de-nouveau-sur-les-accidents-du-travail-graves-et-mortels.jpg\"},{\"@type\":\"BreadcrumbList\",\"@id\":\"https:\\\/\\\/www.accidentdutravail-idf.net\\\/blog\\\/les-pouvoirs-publics-alertent-de-nouveau-sur-les-accidents-du-travail-graves-et-mortels\\\/#breadcrumb\",\"itemListElement\":[{\"@type\":\"ListItem\",\"position\":1,\"name\":\"Accueil\",\"item\":\"https:\\\/\\\/www.accidentdutravail-idf.net\\\/blog\\\/\"},{\"@type\":\"ListItem\",\"position\":2,\"name\":\"Les pouvoirs publics alertent de nouveau sur les accidents du travail graves et mortels\"}]},{\"@type\":\"WebSite\",\"@id\":\"https:\\\/\\\/www.accidentdutravail-idf.net\\\/blog\\\/#website\",\"url\":\"https:\\\/\\\/www.accidentdutravail-idf.net\\\/blog\\\/\",\"name\":\"ACCIDENTDUTRAVAIL-IDF\",\"description\":\"Portail accidents du travail-maladies professionnelles des entreprises d&#039;Ile-de-France\",\"publisher\":{\"@id\":\"https:\\\/\\\/www.accidentdutravail-idf.net\\\/blog\\\/#organization\"},\"potentialAction\":[{\"@type\":\"SearchAction\",\"target\":{\"@type\":\"EntryPoint\",\"urlTemplate\":\"https:\\\/\\\/www.accidentdutravail-idf.net\\\/blog\\\/?s={search_term_string}\"},\"query-input\":{\"@type\":\"PropertyValueSpecification\",\"valueRequired\":true,\"valueName\":\"search_term_string\"}}],\"inLanguage\":\"fr-FR\"},{\"@type\":\"Organization\",\"@id\":\"https:\\\/\\\/www.accidentdutravail-idf.net\\\/blog\\\/#organization\",\"name\":\"accidentdutravail-idf\",\"url\":\"https:\\\/\\\/www.accidentdutravail-idf.net\\\/blog\\\/\",\"logo\":{\"@type\":\"ImageObject\",\"inLanguage\":\"fr-FR\",\"@id\":\"https:\\\/\\\/www.accidentdutravail-idf.net\\\/blog\\\/#\\\/schema\\\/logo\\\/image\\\/\",\"url\":\"https:\\\/\\\/www.accidentdutravail-idf.net\\\/blog\\\/wp-content\\\/uploads\\\/2022\\\/09\\\/logo-2.png\",\"contentUrl\":\"https:\\\/\\\/www.accidentdutravail-idf.net\\\/blog\\\/wp-content\\\/uploads\\\/2022\\\/09\\\/logo-2.png\",\"width\":380,\"height\":291,\"caption\":\"accidentdutravail-idf\"},\"image\":{\"@id\":\"https:\\\/\\\/www.accidentdutravail-idf.net\\\/blog\\\/#\\\/schema\\\/logo\\\/image\\\/\"}},{\"@type\":\"Person\",\"@id\":\"https:\\\/\\\/www.accidentdutravail-idf.net\\\/blog\\\/#\\\/schema\\\/person\\\/3255d2f970de45e64bd9201f38e7b947\",\"name\":\"Carlos Poulain\",\"image\":{\"@type\":\"ImageObject\",\"inLanguage\":\"fr-FR\",\"@id\":\"https:\\\/\\\/secure.gravatar.com\\\/avatar\\\/b1c2f9d3588e34e91adb093635df64ef4b2381991216be7576466cfcdca4baf3?s=96&d=mm&r=g\",\"url\":\"https:\\\/\\\/secure.gravatar.com\\\/avatar\\\/b1c2f9d3588e34e91adb093635df64ef4b2381991216be7576466cfcdca4baf3?s=96&d=mm&r=g\",\"contentUrl\":\"https:\\\/\\\/secure.gravatar.com\\\/avatar\\\/b1c2f9d3588e34e91adb093635df64ef4b2381991216be7576466cfcdca4baf3?s=96&d=mm&r=g\",\"caption\":\"Carlos Poulain\"},\"url\":\"https:\\\/\\\/www.accidentdutravail-idf.net\\\/blog\\\/author\\\/idfcarlos\\\/\"}]}<\/script>\n<!-- \/ Yoast SEO plugin. -->","yoast_head_json":{"title":"Les pouvoirs publics alertent de nouveau sur les accidents du travail graves et mortels - ACCIDENTDUTRAVAIL-IDF","description":"Les pouvoirs publics alertent de nouveau sur les accidents du travail graves et mortels article de ACCIDENTDUTRAVAIL-IDF","robots":{"index":"index","follow":"follow","max-snippet":"max-snippet:-1","max-image-preview":"max-image-preview:large","max-video-preview":"max-video-preview:-1"},"canonical":"https:\/\/www.accidentdutravail-idf.net\/blog\/les-pouvoirs-publics-alertent-de-nouveau-sur-les-accidents-du-travail-graves-et-mortels\/","og_locale":"fr_FR","og_type":"article","og_title":"Les pouvoirs publics alertent de nouveau sur les accidents du travail graves et mortels - ACCIDENTDUTRAVAIL-IDF","og_description":"Les pouvoirs publics alertent de nouveau sur les accidents du travail graves et mortels article de ACCIDENTDUTRAVAIL-IDF","og_url":"https:\/\/www.accidentdutravail-idf.net\/blog\/les-pouvoirs-publics-alertent-de-nouveau-sur-les-accidents-du-travail-graves-et-mortels\/","og_site_name":"ACCIDENTDUTRAVAIL-IDF","article_published_time":"2024-10-17T10:53:00+00:00","og_image":[{"url":"https:\/\/www.accidentdutravail-idf.net\/blog\/wp-content\/uploads\/2024\/10\/les-pouvoirs-publics-alertent-de-nouveau-sur-les-accidents-du-travail-graves-et-mortels.jpg","type":"","width":"","height":""}],"author":"Carlos Poulain","twitter_card":"summary_large_image","twitter_misc":{"\u00c9crit par":"Carlos Poulain","Dur\u00e9e de lecture estim\u00e9e":"3 minutes"},"schema":{"@context":"https:\/\/schema.org","@graph":[{"@type":"Article","@id":"https:\/\/www.accidentdutravail-idf.net\/blog\/les-pouvoirs-publics-alertent-de-nouveau-sur-les-accidents-du-travail-graves-et-mortels\/#article","isPartOf":{"@id":"https:\/\/www.accidentdutravail-idf.net\/blog\/les-pouvoirs-publics-alertent-de-nouveau-sur-les-accidents-du-travail-graves-et-mortels\/"},"author":{"name":"Carlos Poulain","@id":"https:\/\/www.accidentdutravail-idf.net\/blog\/#\/schema\/person\/3255d2f970de45e64bd9201f38e7b947"},"headline":"Les pouvoirs publics alertent de nouveau sur les accidents du travail graves et mortels","datePublished":"2024-10-17T10:53:00+00:00","mainEntityOfPage":{"@id":"https:\/\/www.accidentdutravail-idf.net\/blog\/les-pouvoirs-publics-alertent-de-nouveau-sur-les-accidents-du-travail-graves-et-mortels\/"},"wordCount":612,"publisher":{"@id":"https:\/\/www.accidentdutravail-idf.net\/blog\/#organization"},"image":{"@id":"https:\/\/www.accidentdutravail-idf.net\/blog\/les-pouvoirs-publics-alertent-de-nouveau-sur-les-accidents-du-travail-graves-et-mortels\/#primaryimage"},"thumbnailUrl":"https:\/\/www.accidentdutravail-idf.net\/blog\/wp-content\/uploads\/2024\/10\/les-pouvoirs-publics-alertent-de-nouveau-sur-les-accidents-du-travail-graves-et-mortels.jpg","articleSection":["S\u00e9curit\u00e9 Du Travail En Ile-De-France Et Divers:"],"inLanguage":"fr-FR"},{"@type":"WebPage","@id":"https:\/\/www.accidentdutravail-idf.net\/blog\/les-pouvoirs-publics-alertent-de-nouveau-sur-les-accidents-du-travail-graves-et-mortels\/","url":"https:\/\/www.accidentdutravail-idf.net\/blog\/les-pouvoirs-publics-alertent-de-nouveau-sur-les-accidents-du-travail-graves-et-mortels\/","name":"Les pouvoirs publics alertent de nouveau sur les accidents du travail graves et mortels - ACCIDENTDUTRAVAIL-IDF","isPartOf":{"@id":"https:\/\/www.accidentdutravail-idf.net\/blog\/#website"},"primaryImageOfPage":{"@id":"https:\/\/www.accidentdutravail-idf.net\/blog\/les-pouvoirs-publics-alertent-de-nouveau-sur-les-accidents-du-travail-graves-et-mortels\/#primaryimage"},"image":{"@id":"https:\/\/www.accidentdutravail-idf.net\/blog\/les-pouvoirs-publics-alertent-de-nouveau-sur-les-accidents-du-travail-graves-et-mortels\/#primaryimage"},"thumbnailUrl":"https:\/\/www.accidentdutravail-idf.net\/blog\/wp-content\/uploads\/2024\/10\/les-pouvoirs-publics-alertent-de-nouveau-sur-les-accidents-du-travail-graves-et-mortels.jpg","datePublished":"2024-10-17T10:53:00+00:00","description":"Les pouvoirs publics alertent de nouveau sur les accidents du travail graves et mortels article de ACCIDENTDUTRAVAIL-IDF","breadcrumb":{"@id":"https:\/\/www.accidentdutravail-idf.net\/blog\/les-pouvoirs-publics-alertent-de-nouveau-sur-les-accidents-du-travail-graves-et-mortels\/#breadcrumb"},"inLanguage":"fr-FR","potentialAction":[{"@type":"ReadAction","target":["https:\/\/www.accidentdutravail-idf.net\/blog\/les-pouvoirs-publics-alertent-de-nouveau-sur-les-accidents-du-travail-graves-et-mortels\/"]}]},{"@type":"ImageObject","inLanguage":"fr-FR","@id":"https:\/\/www.accidentdutravail-idf.net\/blog\/les-pouvoirs-publics-alertent-de-nouveau-sur-les-accidents-du-travail-graves-et-mortels\/#primaryimage","url":"https:\/\/www.accidentdutravail-idf.net\/blog\/wp-content\/uploads\/2024\/10\/les-pouvoirs-publics-alertent-de-nouveau-sur-les-accidents-du-travail-graves-et-mortels.jpg","contentUrl":"https:\/\/www.accidentdutravail-idf.net\/blog\/wp-content\/uploads\/2024\/10\/les-pouvoirs-publics-alertent-de-nouveau-sur-les-accidents-du-travail-graves-et-mortels.jpg"},{"@type":"BreadcrumbList","@id":"https:\/\/www.accidentdutravail-idf.net\/blog\/les-pouvoirs-publics-alertent-de-nouveau-sur-les-accidents-du-travail-graves-et-mortels\/#breadcrumb","itemListElement":[{"@type":"ListItem","position":1,"name":"Accueil","item":"https:\/\/www.accidentdutravail-idf.net\/blog\/"},{"@type":"ListItem","position":2,"name":"Les pouvoirs publics alertent de nouveau sur les accidents du travail graves et mortels"}]},{"@type":"WebSite","@id":"https:\/\/www.accidentdutravail-idf.net\/blog\/#website","url":"https:\/\/www.accidentdutravail-idf.net\/blog\/","name":"ACCIDENTDUTRAVAIL-IDF","description":"Portail accidents du travail-maladies professionnelles des entreprises d&#039;Ile-de-France","publisher":{"@id":"https:\/\/www.accidentdutravail-idf.net\/blog\/#organization"},"potentialAction":[{"@type":"SearchAction","target":{"@type":"EntryPoint","urlTemplate":"https:\/\/www.accidentdutravail-idf.net\/blog\/?s={search_term_string}"},"query-input":{"@type":"PropertyValueSpecification","valueRequired":true,"valueName":"search_term_string"}}],"inLanguage":"fr-FR"},{"@type":"Organization","@id":"https:\/\/www.accidentdutravail-idf.net\/blog\/#organization","name":"accidentdutravail-idf","url":"https:\/\/www.accidentdutravail-idf.net\/blog\/","logo":{"@type":"ImageObject","inLanguage":"fr-FR","@id":"https:\/\/www.accidentdutravail-idf.net\/blog\/#\/schema\/logo\/image\/","url":"https:\/\/www.accidentdutravail-idf.net\/blog\/wp-content\/uploads\/2022\/09\/logo-2.png","contentUrl":"https:\/\/www.accidentdutravail-idf.net\/blog\/wp-content\/uploads\/2022\/09\/logo-2.png","width":380,"height":291,"caption":"accidentdutravail-idf"},"image":{"@id":"https:\/\/www.accidentdutravail-idf.net\/blog\/#\/schema\/logo\/image\/"}},{"@type":"Person","@id":"https:\/\/www.accidentdutravail-idf.net\/blog\/#\/schema\/person\/3255d2f970de45e64bd9201f38e7b947","name":"Carlos Poulain","image":{"@type":"ImageObject","inLanguage":"fr-FR","@id":"https:\/\/secure.gravatar.com\/avatar\/b1c2f9d3588e34e91adb093635df64ef4b2381991216be7576466cfcdca4baf3?s=96&d=mm&r=g","url":"https:\/\/secure.gravatar.com\/avatar\/b1c2f9d3588e34e91adb093635df64ef4b2381991216be7576466cfcdca4baf3?s=96&d=mm&r=g","contentUrl":"https:\/\/secure.gravatar.com\/avatar\/b1c2f9d3588e34e91adb093635df64ef4b2381991216be7576466cfcdca4baf3?s=96&d=mm&r=g","caption":"Carlos Poulain"},"url":"https:\/\/www.accidentdutravail-idf.net\/blog\/author\/idfcarlos\/"}]}},"_links":{"self":[{"href":"https:\/\/www.accidentdutravail-idf.net\/blog\/wp-json\/wp\/v2\/posts\/930","targetHints":{"allow":["GET"]}}],"collection":[{"href":"https:\/\/www.accidentdutravail-idf.net\/blog\/wp-json\/wp\/v2\/posts"}],"about":[{"href":"https:\/\/www.accidentdutravail-idf.net\/blog\/wp-json\/wp\/v2\/types\/post"}],"author":[{"embeddable":true,"href":"https:\/\/www.accidentdutravail-idf.net\/blog\/wp-json\/wp\/v2\/users\/2"}],"replies":[{"embeddable":true,"href":"https:\/\/www.accidentdutravail-idf.net\/blog\/wp-json\/wp\/v2\/comments?post=930"}],"version-history":[{"count":0,"href":"https:\/\/www.accidentdutravail-idf.net\/blog\/wp-json\/wp\/v2\/posts\/930\/revisions"}],"wp:attachment":[{"href":"https:\/\/www.accidentdutravail-idf.net\/blog\/wp-json\/wp\/v2\/media?parent=930"}],"wp:term":[{"taxonomy":"category","embeddable":true,"href":"https:\/\/www.accidentdutravail-idf.net\/blog\/wp-json\/wp\/v2\/categories?post=930"},{"taxonomy":"post_tag","embeddable":true,"href":"https:\/\/www.accidentdutravail-idf.net\/blog\/wp-json\/wp\/v2\/tags?post=930"}],"curies":[{"name":"wp","href":"https:\/\/api.w.org\/{rel}","templated":true}]}}