{"id":928,"date":"2024-10-21T07:53:00","date_gmt":"2024-10-21T05:53:00","guid":{"rendered":"https:\/\/www.accidentdutravail-idf.net\/blog\/sensibilisation-aux-accidents-du-travail-le-gouvernement-fait-des-heures-supp\/"},"modified":"2024-10-21T07:53:00","modified_gmt":"2024-10-21T05:53:00","slug":"sensibilisation-aux-accidents-du-travail-le-gouvernement-fait-des-heures-supp","status":"publish","type":"post","link":"https:\/\/www.accidentdutravail-idf.net\/blog\/sensibilisation-aux-accidents-du-travail-le-gouvernement-fait-des-heures-supp\/","title":{"rendered":"Sensibilisation aux accidents du travail : le gouvernement fait des heures supp\u2019"},"content":{"rendered":"<div><img decoding=\"async\" src=\"https:\/\/www.accidentdutravail-idf.net\/blog\/wp-content\/uploads\/2024\/10\/sensibilisation-aux-accidents-du-travail-le-gouvernement-fait-des-heures-supp.jpg\" class=\"ff-og-image-inserted\"><\/div>\n<p>Paris \u2014 Les accidents du travail ne sont pas une fatalit\u00e9, rappelle le minist\u00e8re du Travail, qui lance sa deuxi\u00e8me campagne de communication de grande ampleur sur le sujet. Il faut dire que le chantier est immense en France, avec 100 travailleurs bless\u00e9s gravement et deux d\u00e9c\u00e8s chaque jour.<\/p>\n<p>Diffus\u00e9e entre le 12 octobre et le 27 novembre, la nouvelle campagne de communication et de sensibilisation gouvernementale entend mettre en avant des solutions pour aider les employeurs et les salari\u00e9s \u00e0 adopter de bonnes pratiques en mati\u00e8re de s\u00e9curit\u00e9.&nbsp;<\/p>\n<p><strong>Ne plus voir ces accidents comme de simples statistiques&nbsp;<\/strong><\/p>\n<p>Si les comparaisons europ\u00e9ennes sont difficiles, la France fait malheureusement sans aucun doute partie des champions europ\u00e9ens en termes d\u2019accidents du travail. En 2022, la Cnam a ainsi recens\u00e9 564\u2009189 accidents, dont 738 mortels, ainsi que 44\u2009217 maladies professionnelles. \u00ab\u2009<em>C\u2019est une trag\u00e9die pour les familles, \u00e9videmment, mais \u00e7a l\u2019est souvent pour tout le monde, pour les coll\u00e8gues, mais aussi parfois aussi pour les chefs d\u2019entreprise qui peuvent \u00eatre d\u00e9vast\u00e9s\u2009\u00bb, souligne la ministre du Travail&nbsp;<\/em>Astrid Panosyan-Bouvet, interrog\u00e9e par nos confr\u00e8res du <em>Monde<\/em>.<\/p>\n<p>Elle aimerait justement que la France se r\u00e9veille enfin et cesse de s&rsquo;habituer \u00e0 ces terribles statistiques. \u00ab\u2009<em>Il y a une sorte d\u2019accommodement de la soci\u00e9t\u00e9. On voit \u00e7a comme une statistique, comme ce fut le cas pour les accidents de la route. Il faut en sortir\u2009\u00bb, ajoute la ministre.&nbsp;<\/em>La campagne de communication vise justement \u00e0 diffuser les bonnes pratiques en mati\u00e8re de s\u00e9curit\u00e9 au travail et de \u00ab\u2009<em>responsabiliser l\u2019ensemble des parties prenantes<\/em>\u2009\u00bb.<\/p>\n<p>Elle se d\u00e9clinera \u00e0 la t\u00e9l\u00e9vision, \u00e0 la radio, dans la presse et en ligne, notamment avec des clips vid\u00e9o, des t\u00e9moignages d\u2019employeurs et de salari\u00e9s mettant en avant des mesures de pr\u00e9vention.<\/p>\n<p><strong>Aller plus loin<\/strong><\/p>\n<p>Si les axes propos\u00e9s par le minist\u00e8re sont assez limit\u00e9s, des actions plus importantes seraient sans doute n\u00e9cessaires. \u00ab\u2009<em>Il y a toute une s\u00e9rie d\u2019actions \u00e0 entreprendre en travaillant avec les f\u00e9d\u00e9rations professionnelles, l\u2019inspection du travail, etc.\u2009\u00bb, soutient la ministre elle-m\u00eame.&nbsp;&nbsp;<\/em><\/p>\n<p><em>Du c\u00f4t\u00e9 de l\u2019inspection du travail, justement, le compte n\u2019y est pas. Selon la Cour des comptes, le service de contr\u00f4le du minist\u00e8re du Travail a perdu pas moins de 16 % de ses effectifs entre 2017 et 2022, soit 740 postes\u2026&nbsp;<\/em><\/p>\n<p><em>Les organisations syndicales pr\u00e9conisent, elles, de revenir sur l\u2019une des toutes premi\u00e8res mesures du premier quinquennat Macron : la suppression des CHSCT (<\/em>comit\u00e9s d\u2019hygi\u00e8ne, de s\u00e9curit\u00e9 et des conditions de travail), supprim\u00e9s par ordonnance en 2017.&nbsp;<\/p>\n<p>Dans une tribune publi\u00e9e dans <em>Le Monde<\/em> en 2023, un collectif de militants et de membres associatifs appelait \u00e9galement \u00e0 \u00ab\u2009<em>renforcer les pr\u00e9rogatives des inspectrices et des inspecteurs du travail en \u00e9tendant (aux situations de dangers graves et imminents, aux expositions \u00e0 de fortes chaleurs\u2026) le champ des dispositifs d\u2019arr\u00eat d\u2019activit\u00e9 permettant de retirer un salari\u00e9 d\u2019une situation dangereuse, comme cela existe en cas de risque de chute de hauteur dans le BTP<\/em>\u2009\u00bb.<\/p>\n<p>Les auteurs de la tribune et la ministre sont d\u2019ailleurs d\u2019accord sur un point : les accidents du travail ne sont pas une fatalit\u00e9. Autrement dit, il faut \u00ab <em>sortir des st\u00e9r\u00e9otypes selon lesquels l\u2019accident du travail serait \u201cla faute \u00e0 pas de chance\u201d ou, pire, la faute de la victime<\/em>\u2009\u00bb, soutenaient les auteurs de la tribune l&rsquo;ann\u00e9e derni\u00e8re, qui pr\u00e9conisaient d\u2019ailleurs de mettre en place des mesures de long terme, avec de la pr\u00e9vention des risques et de l\u2019\u00e9ducation \u00e0 la sant\u00e9 et \u00e0 la s\u00e9curit\u00e9 d\u00e8s l\u2019apprentissage voire \u00e0 l\u2019\u00e9cole.<\/p>\n<p>Du c\u00f4t\u00e9 du minist\u00e8re de la rue de Grenelle, Astrid Panosyan-Bouvet aimerait, pour le moment, et plus modestement, engager une r\u00e9flexion interminist\u00e9rielle, notamment avec le Garde des Sceaux, dans le but de mieux former les juges \u00e0 la question.<\/p>\n<p>accidentdutravail-idf.net vous a pr\u00e9par\u00e9 ce post qui informe du sujet \u00ab\u00a0Association Sportive Huisson-Longueville Essonne\u00a0\u00bb. La chronique se veut g\u00e9n\u00e9r\u00e9e du mieux possible. Vous pouvez utiliser les coordonn\u00e9es indiqu\u00e9es sur le site dans le but d\u2019apporter des explications sur ce post qui parle du th\u00e8me \u00ab\u00a0Association Sportive Huisson-Longueville Essonne\u00a0\u00bb. Le site accidentdutravail-idf.net a pour but de fournir diverses publications sur la th\u00e9matique Association Sportive Huisson-Longueville Essonne diffus\u00e9es sur le net. Il y aura plusieurs articles autour du sujet \u00ab\u00a0Association Sportive Huisson-Longueville Essonne\u00a0\u00bb dans quelques jours, nous vous invitons \u00e0 naviguer sur notre site web \u00e0 plusieurs reprises.<\/p>\n","protected":false},"excerpt":{"rendered":"<p>Paris \u2014 Les accidents du travail ne sont pas une fatalit\u00e9, rappelle le minist\u00e8re du Travail, qui lance sa deuxi\u00e8me campagne de communication de grande ampleur sur le sujet. Il faut dire que le chantier est immense en France, avec 100 travailleurs bless\u00e9s gravement et deux d\u00e9c\u00e8s chaque jour. Diffus\u00e9e entre le 12 octobre et &hellip; <\/p>\n<p class=\"link-more\"><a href=\"https:\/\/www.accidentdutravail-idf.net\/blog\/sensibilisation-aux-accidents-du-travail-le-gouvernement-fait-des-heures-supp\/\" class=\"more-link\">Continuer la lecture <span class=\"screen-reader-text\"> \u00ab\u00a0Sensibilisation aux accidents du travail : le gouvernement fait des heures supp\u2019\u00a0\u00bb<\/span><\/a><\/p>\n","protected":false},"author":2,"featured_media":0,"comment_status":"closed","ping_status":"closed","sticky":false,"template":"","format":"standard","meta":{"footnotes":""},"categories":[5],"tags":[],"class_list":["post-928","post","type-post","status-publish","format-standard","hentry","category-securite-du-travail-en-ile-de-france-et-divers","entry"],"yoast_head":"<!-- This site is optimized with the Yoast SEO plugin v27.5 - https:\/\/yoast.com\/product\/yoast-seo-wordpress\/ -->\n<title>Sensibilisation aux accidents du travail : le gouvernement fait des heures supp\u2019 - ACCIDENTDUTRAVAIL-IDF<\/title>\n<meta name=\"description\" content=\"Sensibilisation aux accidents du travail : le gouvernement fait des heures supp\u2019 article de ACCIDENTDUTRAVAIL-IDF\" \/>\n<meta name=\"robots\" content=\"index, follow, max-snippet:-1, max-image-preview:large, max-video-preview:-1\" \/>\n<link rel=\"canonical\" href=\"https:\/\/www.accidentdutravail-idf.net\/blog\/sensibilisation-aux-accidents-du-travail-le-gouvernement-fait-des-heures-supp\/\" \/>\n<meta property=\"og:locale\" content=\"fr_FR\" \/>\n<meta property=\"og:type\" content=\"article\" \/>\n<meta property=\"og:title\" content=\"Sensibilisation aux accidents du travail : le gouvernement fait des heures supp\u2019 - ACCIDENTDUTRAVAIL-IDF\" \/>\n<meta property=\"og:description\" content=\"Sensibilisation aux accidents du travail : le gouvernement fait des heures supp\u2019 article de ACCIDENTDUTRAVAIL-IDF\" \/>\n<meta property=\"og:url\" content=\"https:\/\/www.accidentdutravail-idf.net\/blog\/sensibilisation-aux-accidents-du-travail-le-gouvernement-fait-des-heures-supp\/\" \/>\n<meta property=\"og:site_name\" content=\"ACCIDENTDUTRAVAIL-IDF\" \/>\n<meta property=\"article:published_time\" content=\"2024-10-21T05:53:00+00:00\" \/>\n<meta property=\"og:image\" content=\"https:\/\/www.accidentdutravail-idf.net\/blog\/wp-content\/uploads\/2024\/10\/sensibilisation-aux-accidents-du-travail-le-gouvernement-fait-des-heures-supp.jpg\" \/>\n<meta name=\"author\" content=\"Carlos Poulain\" \/>\n<meta name=\"twitter:card\" content=\"summary_large_image\" \/>\n<meta name=\"twitter:label1\" content=\"\u00c9crit par\" \/>\n\t<meta name=\"twitter:data1\" content=\"Carlos Poulain\" \/>\n\t<meta name=\"twitter:label2\" content=\"Dur\u00e9e de lecture estim\u00e9e\" \/>\n\t<meta name=\"twitter:data2\" content=\"4 minutes\" \/>\n<script type=\"application\/ld+json\" class=\"yoast-schema-graph\">{\"@context\":\"https:\\\/\\\/schema.org\",\"@graph\":[{\"@type\":\"Article\",\"@id\":\"https:\\\/\\\/www.accidentdutravail-idf.net\\\/blog\\\/sensibilisation-aux-accidents-du-travail-le-gouvernement-fait-des-heures-supp\\\/#article\",\"isPartOf\":{\"@id\":\"https:\\\/\\\/www.accidentdutravail-idf.net\\\/blog\\\/sensibilisation-aux-accidents-du-travail-le-gouvernement-fait-des-heures-supp\\\/\"},\"author\":{\"name\":\"Carlos Poulain\",\"@id\":\"https:\\\/\\\/www.accidentdutravail-idf.net\\\/blog\\\/#\\\/schema\\\/person\\\/3255d2f970de45e64bd9201f38e7b947\"},\"headline\":\"Sensibilisation aux accidents du travail : le gouvernement fait des heures supp\u2019\",\"datePublished\":\"2024-10-21T05:53:00+00:00\",\"mainEntityOfPage\":{\"@id\":\"https:\\\/\\\/www.accidentdutravail-idf.net\\\/blog\\\/sensibilisation-aux-accidents-du-travail-le-gouvernement-fait-des-heures-supp\\\/\"},\"wordCount\":790,\"publisher\":{\"@id\":\"https:\\\/\\\/www.accidentdutravail-idf.net\\\/blog\\\/#organization\"},\"image\":{\"@id\":\"https:\\\/\\\/www.accidentdutravail-idf.net\\\/blog\\\/sensibilisation-aux-accidents-du-travail-le-gouvernement-fait-des-heures-supp\\\/#primaryimage\"},\"thumbnailUrl\":\"https:\\\/\\\/www.accidentdutravail-idf.net\\\/blog\\\/wp-content\\\/uploads\\\/2024\\\/10\\\/sensibilisation-aux-accidents-du-travail-le-gouvernement-fait-des-heures-supp.jpg\",\"articleSection\":[\"S\u00e9curit\u00e9 Du Travail En Ile-De-France Et Divers:\"],\"inLanguage\":\"fr-FR\"},{\"@type\":\"WebPage\",\"@id\":\"https:\\\/\\\/www.accidentdutravail-idf.net\\\/blog\\\/sensibilisation-aux-accidents-du-travail-le-gouvernement-fait-des-heures-supp\\\/\",\"url\":\"https:\\\/\\\/www.accidentdutravail-idf.net\\\/blog\\\/sensibilisation-aux-accidents-du-travail-le-gouvernement-fait-des-heures-supp\\\/\",\"name\":\"Sensibilisation aux accidents du travail : le gouvernement fait des heures supp\u2019 - ACCIDENTDUTRAVAIL-IDF\",\"isPartOf\":{\"@id\":\"https:\\\/\\\/www.accidentdutravail-idf.net\\\/blog\\\/#website\"},\"primaryImageOfPage\":{\"@id\":\"https:\\\/\\\/www.accidentdutravail-idf.net\\\/blog\\\/sensibilisation-aux-accidents-du-travail-le-gouvernement-fait-des-heures-supp\\\/#primaryimage\"},\"image\":{\"@id\":\"https:\\\/\\\/www.accidentdutravail-idf.net\\\/blog\\\/sensibilisation-aux-accidents-du-travail-le-gouvernement-fait-des-heures-supp\\\/#primaryimage\"},\"thumbnailUrl\":\"https:\\\/\\\/www.accidentdutravail-idf.net\\\/blog\\\/wp-content\\\/uploads\\\/2024\\\/10\\\/sensibilisation-aux-accidents-du-travail-le-gouvernement-fait-des-heures-supp.jpg\",\"datePublished\":\"2024-10-21T05:53:00+00:00\",\"description\":\"Sensibilisation aux accidents du travail : le gouvernement fait des heures supp\u2019 article de ACCIDENTDUTRAVAIL-IDF\",\"breadcrumb\":{\"@id\":\"https:\\\/\\\/www.accidentdutravail-idf.net\\\/blog\\\/sensibilisation-aux-accidents-du-travail-le-gouvernement-fait-des-heures-supp\\\/#breadcrumb\"},\"inLanguage\":\"fr-FR\",\"potentialAction\":[{\"@type\":\"ReadAction\",\"target\":[\"https:\\\/\\\/www.accidentdutravail-idf.net\\\/blog\\\/sensibilisation-aux-accidents-du-travail-le-gouvernement-fait-des-heures-supp\\\/\"]}]},{\"@type\":\"ImageObject\",\"inLanguage\":\"fr-FR\",\"@id\":\"https:\\\/\\\/www.accidentdutravail-idf.net\\\/blog\\\/sensibilisation-aux-accidents-du-travail-le-gouvernement-fait-des-heures-supp\\\/#primaryimage\",\"url\":\"https:\\\/\\\/www.accidentdutravail-idf.net\\\/blog\\\/wp-content\\\/uploads\\\/2024\\\/10\\\/sensibilisation-aux-accidents-du-travail-le-gouvernement-fait-des-heures-supp.jpg\",\"contentUrl\":\"https:\\\/\\\/www.accidentdutravail-idf.net\\\/blog\\\/wp-content\\\/uploads\\\/2024\\\/10\\\/sensibilisation-aux-accidents-du-travail-le-gouvernement-fait-des-heures-supp.jpg\"},{\"@type\":\"BreadcrumbList\",\"@id\":\"https:\\\/\\\/www.accidentdutravail-idf.net\\\/blog\\\/sensibilisation-aux-accidents-du-travail-le-gouvernement-fait-des-heures-supp\\\/#breadcrumb\",\"itemListElement\":[{\"@type\":\"ListItem\",\"position\":1,\"name\":\"Accueil\",\"item\":\"https:\\\/\\\/www.accidentdutravail-idf.net\\\/blog\\\/\"},{\"@type\":\"ListItem\",\"position\":2,\"name\":\"Sensibilisation aux accidents du travail : le gouvernement fait des heures supp\u2019\"}]},{\"@type\":\"WebSite\",\"@id\":\"https:\\\/\\\/www.accidentdutravail-idf.net\\\/blog\\\/#website\",\"url\":\"https:\\\/\\\/www.accidentdutravail-idf.net\\\/blog\\\/\",\"name\":\"ACCIDENTDUTRAVAIL-IDF\",\"description\":\"Portail accidents du travail-maladies professionnelles des entreprises d&#039;Ile-de-France\",\"publisher\":{\"@id\":\"https:\\\/\\\/www.accidentdutravail-idf.net\\\/blog\\\/#organization\"},\"potentialAction\":[{\"@type\":\"SearchAction\",\"target\":{\"@type\":\"EntryPoint\",\"urlTemplate\":\"https:\\\/\\\/www.accidentdutravail-idf.net\\\/blog\\\/?s={search_term_string}\"},\"query-input\":{\"@type\":\"PropertyValueSpecification\",\"valueRequired\":true,\"valueName\":\"search_term_string\"}}],\"inLanguage\":\"fr-FR\"},{\"@type\":\"Organization\",\"@id\":\"https:\\\/\\\/www.accidentdutravail-idf.net\\\/blog\\\/#organization\",\"name\":\"accidentdutravail-idf\",\"url\":\"https:\\\/\\\/www.accidentdutravail-idf.net\\\/blog\\\/\",\"logo\":{\"@type\":\"ImageObject\",\"inLanguage\":\"fr-FR\",\"@id\":\"https:\\\/\\\/www.accidentdutravail-idf.net\\\/blog\\\/#\\\/schema\\\/logo\\\/image\\\/\",\"url\":\"https:\\\/\\\/www.accidentdutravail-idf.net\\\/blog\\\/wp-content\\\/uploads\\\/2022\\\/09\\\/logo-2.png\",\"contentUrl\":\"https:\\\/\\\/www.accidentdutravail-idf.net\\\/blog\\\/wp-content\\\/uploads\\\/2022\\\/09\\\/logo-2.png\",\"width\":380,\"height\":291,\"caption\":\"accidentdutravail-idf\"},\"image\":{\"@id\":\"https:\\\/\\\/www.accidentdutravail-idf.net\\\/blog\\\/#\\\/schema\\\/logo\\\/image\\\/\"}},{\"@type\":\"Person\",\"@id\":\"https:\\\/\\\/www.accidentdutravail-idf.net\\\/blog\\\/#\\\/schema\\\/person\\\/3255d2f970de45e64bd9201f38e7b947\",\"name\":\"Carlos Poulain\",\"image\":{\"@type\":\"ImageObject\",\"inLanguage\":\"fr-FR\",\"@id\":\"https:\\\/\\\/secure.gravatar.com\\\/avatar\\\/b1c2f9d3588e34e91adb093635df64ef4b2381991216be7576466cfcdca4baf3?s=96&d=mm&r=g\",\"url\":\"https:\\\/\\\/secure.gravatar.com\\\/avatar\\\/b1c2f9d3588e34e91adb093635df64ef4b2381991216be7576466cfcdca4baf3?s=96&d=mm&r=g\",\"contentUrl\":\"https:\\\/\\\/secure.gravatar.com\\\/avatar\\\/b1c2f9d3588e34e91adb093635df64ef4b2381991216be7576466cfcdca4baf3?s=96&d=mm&r=g\",\"caption\":\"Carlos Poulain\"},\"url\":\"https:\\\/\\\/www.accidentdutravail-idf.net\\\/blog\\\/author\\\/idfcarlos\\\/\"}]}<\/script>\n<!-- \/ Yoast SEO plugin. -->","yoast_head_json":{"title":"Sensibilisation aux accidents du travail : le gouvernement fait des heures supp\u2019 - ACCIDENTDUTRAVAIL-IDF","description":"Sensibilisation aux accidents du travail : le gouvernement fait des heures supp\u2019 article de ACCIDENTDUTRAVAIL-IDF","robots":{"index":"index","follow":"follow","max-snippet":"max-snippet:-1","max-image-preview":"max-image-preview:large","max-video-preview":"max-video-preview:-1"},"canonical":"https:\/\/www.accidentdutravail-idf.net\/blog\/sensibilisation-aux-accidents-du-travail-le-gouvernement-fait-des-heures-supp\/","og_locale":"fr_FR","og_type":"article","og_title":"Sensibilisation aux accidents du travail : le gouvernement fait des heures supp\u2019 - ACCIDENTDUTRAVAIL-IDF","og_description":"Sensibilisation aux accidents du travail : le gouvernement fait des heures supp\u2019 article de ACCIDENTDUTRAVAIL-IDF","og_url":"https:\/\/www.accidentdutravail-idf.net\/blog\/sensibilisation-aux-accidents-du-travail-le-gouvernement-fait-des-heures-supp\/","og_site_name":"ACCIDENTDUTRAVAIL-IDF","article_published_time":"2024-10-21T05:53:00+00:00","og_image":[{"url":"https:\/\/www.accidentdutravail-idf.net\/blog\/wp-content\/uploads\/2024\/10\/sensibilisation-aux-accidents-du-travail-le-gouvernement-fait-des-heures-supp.jpg","type":"","width":"","height":""}],"author":"Carlos Poulain","twitter_card":"summary_large_image","twitter_misc":{"\u00c9crit par":"Carlos Poulain","Dur\u00e9e de lecture estim\u00e9e":"4 minutes"},"schema":{"@context":"https:\/\/schema.org","@graph":[{"@type":"Article","@id":"https:\/\/www.accidentdutravail-idf.net\/blog\/sensibilisation-aux-accidents-du-travail-le-gouvernement-fait-des-heures-supp\/#article","isPartOf":{"@id":"https:\/\/www.accidentdutravail-idf.net\/blog\/sensibilisation-aux-accidents-du-travail-le-gouvernement-fait-des-heures-supp\/"},"author":{"name":"Carlos Poulain","@id":"https:\/\/www.accidentdutravail-idf.net\/blog\/#\/schema\/person\/3255d2f970de45e64bd9201f38e7b947"},"headline":"Sensibilisation aux accidents du travail : le gouvernement fait des heures supp\u2019","datePublished":"2024-10-21T05:53:00+00:00","mainEntityOfPage":{"@id":"https:\/\/www.accidentdutravail-idf.net\/blog\/sensibilisation-aux-accidents-du-travail-le-gouvernement-fait-des-heures-supp\/"},"wordCount":790,"publisher":{"@id":"https:\/\/www.accidentdutravail-idf.net\/blog\/#organization"},"image":{"@id":"https:\/\/www.accidentdutravail-idf.net\/blog\/sensibilisation-aux-accidents-du-travail-le-gouvernement-fait-des-heures-supp\/#primaryimage"},"thumbnailUrl":"https:\/\/www.accidentdutravail-idf.net\/blog\/wp-content\/uploads\/2024\/10\/sensibilisation-aux-accidents-du-travail-le-gouvernement-fait-des-heures-supp.jpg","articleSection":["S\u00e9curit\u00e9 Du Travail En Ile-De-France Et Divers:"],"inLanguage":"fr-FR"},{"@type":"WebPage","@id":"https:\/\/www.accidentdutravail-idf.net\/blog\/sensibilisation-aux-accidents-du-travail-le-gouvernement-fait-des-heures-supp\/","url":"https:\/\/www.accidentdutravail-idf.net\/blog\/sensibilisation-aux-accidents-du-travail-le-gouvernement-fait-des-heures-supp\/","name":"Sensibilisation aux accidents du travail : le gouvernement fait des heures supp\u2019 - ACCIDENTDUTRAVAIL-IDF","isPartOf":{"@id":"https:\/\/www.accidentdutravail-idf.net\/blog\/#website"},"primaryImageOfPage":{"@id":"https:\/\/www.accidentdutravail-idf.net\/blog\/sensibilisation-aux-accidents-du-travail-le-gouvernement-fait-des-heures-supp\/#primaryimage"},"image":{"@id":"https:\/\/www.accidentdutravail-idf.net\/blog\/sensibilisation-aux-accidents-du-travail-le-gouvernement-fait-des-heures-supp\/#primaryimage"},"thumbnailUrl":"https:\/\/www.accidentdutravail-idf.net\/blog\/wp-content\/uploads\/2024\/10\/sensibilisation-aux-accidents-du-travail-le-gouvernement-fait-des-heures-supp.jpg","datePublished":"2024-10-21T05:53:00+00:00","description":"Sensibilisation aux accidents du travail : le gouvernement fait des heures supp\u2019 article de ACCIDENTDUTRAVAIL-IDF","breadcrumb":{"@id":"https:\/\/www.accidentdutravail-idf.net\/blog\/sensibilisation-aux-accidents-du-travail-le-gouvernement-fait-des-heures-supp\/#breadcrumb"},"inLanguage":"fr-FR","potentialAction":[{"@type":"ReadAction","target":["https:\/\/www.accidentdutravail-idf.net\/blog\/sensibilisation-aux-accidents-du-travail-le-gouvernement-fait-des-heures-supp\/"]}]},{"@type":"ImageObject","inLanguage":"fr-FR","@id":"https:\/\/www.accidentdutravail-idf.net\/blog\/sensibilisation-aux-accidents-du-travail-le-gouvernement-fait-des-heures-supp\/#primaryimage","url":"https:\/\/www.accidentdutravail-idf.net\/blog\/wp-content\/uploads\/2024\/10\/sensibilisation-aux-accidents-du-travail-le-gouvernement-fait-des-heures-supp.jpg","contentUrl":"https:\/\/www.accidentdutravail-idf.net\/blog\/wp-content\/uploads\/2024\/10\/sensibilisation-aux-accidents-du-travail-le-gouvernement-fait-des-heures-supp.jpg"},{"@type":"BreadcrumbList","@id":"https:\/\/www.accidentdutravail-idf.net\/blog\/sensibilisation-aux-accidents-du-travail-le-gouvernement-fait-des-heures-supp\/#breadcrumb","itemListElement":[{"@type":"ListItem","position":1,"name":"Accueil","item":"https:\/\/www.accidentdutravail-idf.net\/blog\/"},{"@type":"ListItem","position":2,"name":"Sensibilisation aux accidents du travail : le gouvernement fait des heures supp\u2019"}]},{"@type":"WebSite","@id":"https:\/\/www.accidentdutravail-idf.net\/blog\/#website","url":"https:\/\/www.accidentdutravail-idf.net\/blog\/","name":"ACCIDENTDUTRAVAIL-IDF","description":"Portail accidents du travail-maladies professionnelles des entreprises d&#039;Ile-de-France","publisher":{"@id":"https:\/\/www.accidentdutravail-idf.net\/blog\/#organization"},"potentialAction":[{"@type":"SearchAction","target":{"@type":"EntryPoint","urlTemplate":"https:\/\/www.accidentdutravail-idf.net\/blog\/?s={search_term_string}"},"query-input":{"@type":"PropertyValueSpecification","valueRequired":true,"valueName":"search_term_string"}}],"inLanguage":"fr-FR"},{"@type":"Organization","@id":"https:\/\/www.accidentdutravail-idf.net\/blog\/#organization","name":"accidentdutravail-idf","url":"https:\/\/www.accidentdutravail-idf.net\/blog\/","logo":{"@type":"ImageObject","inLanguage":"fr-FR","@id":"https:\/\/www.accidentdutravail-idf.net\/blog\/#\/schema\/logo\/image\/","url":"https:\/\/www.accidentdutravail-idf.net\/blog\/wp-content\/uploads\/2022\/09\/logo-2.png","contentUrl":"https:\/\/www.accidentdutravail-idf.net\/blog\/wp-content\/uploads\/2022\/09\/logo-2.png","width":380,"height":291,"caption":"accidentdutravail-idf"},"image":{"@id":"https:\/\/www.accidentdutravail-idf.net\/blog\/#\/schema\/logo\/image\/"}},{"@type":"Person","@id":"https:\/\/www.accidentdutravail-idf.net\/blog\/#\/schema\/person\/3255d2f970de45e64bd9201f38e7b947","name":"Carlos Poulain","image":{"@type":"ImageObject","inLanguage":"fr-FR","@id":"https:\/\/secure.gravatar.com\/avatar\/b1c2f9d3588e34e91adb093635df64ef4b2381991216be7576466cfcdca4baf3?s=96&d=mm&r=g","url":"https:\/\/secure.gravatar.com\/avatar\/b1c2f9d3588e34e91adb093635df64ef4b2381991216be7576466cfcdca4baf3?s=96&d=mm&r=g","contentUrl":"https:\/\/secure.gravatar.com\/avatar\/b1c2f9d3588e34e91adb093635df64ef4b2381991216be7576466cfcdca4baf3?s=96&d=mm&r=g","caption":"Carlos Poulain"},"url":"https:\/\/www.accidentdutravail-idf.net\/blog\/author\/idfcarlos\/"}]}},"_links":{"self":[{"href":"https:\/\/www.accidentdutravail-idf.net\/blog\/wp-json\/wp\/v2\/posts\/928","targetHints":{"allow":["GET"]}}],"collection":[{"href":"https:\/\/www.accidentdutravail-idf.net\/blog\/wp-json\/wp\/v2\/posts"}],"about":[{"href":"https:\/\/www.accidentdutravail-idf.net\/blog\/wp-json\/wp\/v2\/types\/post"}],"author":[{"embeddable":true,"href":"https:\/\/www.accidentdutravail-idf.net\/blog\/wp-json\/wp\/v2\/users\/2"}],"replies":[{"embeddable":true,"href":"https:\/\/www.accidentdutravail-idf.net\/blog\/wp-json\/wp\/v2\/comments?post=928"}],"version-history":[{"count":0,"href":"https:\/\/www.accidentdutravail-idf.net\/blog\/wp-json\/wp\/v2\/posts\/928\/revisions"}],"wp:attachment":[{"href":"https:\/\/www.accidentdutravail-idf.net\/blog\/wp-json\/wp\/v2\/media?parent=928"}],"wp:term":[{"taxonomy":"category","embeddable":true,"href":"https:\/\/www.accidentdutravail-idf.net\/blog\/wp-json\/wp\/v2\/categories?post=928"},{"taxonomy":"post_tag","embeddable":true,"href":"https:\/\/www.accidentdutravail-idf.net\/blog\/wp-json\/wp\/v2\/tags?post=928"}],"curies":[{"name":"wp","href":"https:\/\/api.w.org\/{rel}","templated":true}]}}