{"id":921,"date":"2024-10-18T10:23:00","date_gmt":"2024-10-18T08:23:00","guid":{"rendered":"https:\/\/www.accidentdutravail-idf.net\/blog\/la-societe-valeo-et-deux-ouvriers-condamnes-apres-un-grave-accident-a-amiens\/"},"modified":"2024-10-18T10:23:00","modified_gmt":"2024-10-18T08:23:00","slug":"la-societe-valeo-et-deux-ouvriers-condamnes-apres-un-grave-accident-a-amiens","status":"publish","type":"post","link":"https:\/\/www.accidentdutravail-idf.net\/blog\/la-societe-valeo-et-deux-ouvriers-condamnes-apres-un-grave-accident-a-amiens\/","title":{"rendered":"La soci\u00e9t\u00e9 Val\u00e9o et deux ouvriers condamn\u00e9s apr\u00e8s un grave accident \u00e0 Amiens"},"content":{"rendered":"<div><img decoding=\"async\" src=\"https:\/\/www.accidentdutravail-idf.net\/blog\/wp-content\/uploads\/2024\/10\/la-societe-valeo-et-deux-ouvriers-condamnes-apres-un-grave-accident-a-amiens.jpg\" class=\"ff-og-image-inserted\"><\/div>\n<p>Apr\u00e8s l\u2019audience qui s\u2019est tenue <a href=\"https:\/\/www.courrier-picard.fr\/id560827\/article\/2024-09-18\/amiens-la-vie-brisee-dun-ouvrier-happe-par-une-presse\" target=\"_blank\" rel=\"noopener nofollow\">le 17 septembre dernier,<\/a> le tribunal d\u2019Amiens a rendu sa d\u00e9cision le vendredi 18 octobre,&nbsp;apr\u00e8s un grave accident du travail survenu le 21 novembre 2017 au sein de l\u2019usine Val\u00e9o \u00e0 Amiens. La soci\u00e9t\u00e9 est condamn\u00e9e \u00e0 50&nbsp;000 euros d\u2019amende, et deux ouvriers sont reconnus coupables de blessures involontaires&nbsp;: Romain, 44 ans, d\u00e9sign\u00e9 comme le chef d\u2019\u00e9quipe, \u00e9cope de 18 mois de prison avec sursis et Wilfried, 47 ans, de 6 mois de prison avec sursis. Le dernier pr\u00e9venu, Thomas, 26 ans, est relax\u00e9&nbsp;: le tribunal a tenu compte de son jeune \u00e2ge \u00e0 l\u2019\u00e9poque des faits, de sa faible exp\u00e9rience et du fait qu\u2019il n\u2019avait fait qu\u2019ob\u00e9ir \u00e0 un ordre. <\/p>\n<p><!-- \/\/ builder=DFPTagBuilder, site=ENGPRM, pageType=node, context=\/Sections\/Le Courrier Picard abonn\u00e9\/Picardie\/Amiens et M\u00e9tropole, position=article_article, edition=, domain=www.courrier-picard.fr --> <!-- \/\/ builder=DFPTagBuilder, site=ENGPRM, pageType=node, context=\/Sections\/Le Courrier Picard abonn\u00e9\/Picardie\/Amiens et M\u00e9tropole, position=article_pave_medium_es, edition=, domain=www.courrier-picard.fr --> <\/p>\n<aside class=\"r-stories\"> <span class=\"r-stories--label\">\u00c0 lire aussi<\/span> <a href=\"https:\/\/www.courrier-picard.fr\/id570024\/article\/2024-10-18\/amiens-les-incendies-domestiques-expliques-aux-lyceens\" class=\"r-stories--link\" target=\"_blank\" rel=\"nofollow\">Amiens&nbsp;: les incendies domestiques expliqu\u00e9s aux lyc\u00e9ens<\/a> <\/aside>\n<p><!-- END scald=46053057 --><\/p>\n<p>Fr\u00e9d\u00e9ric, qui avait 50 ans, faisait partie d\u2019une soci\u00e9t\u00e9 en sous-traitance charg\u00e9e de la maintenance industrielle et avait eu le bas du corps broy\u00e9 dans une presse. Lourdement handicap\u00e9, il a mis fin \u00e0 ses jours en 2022.<\/p>\n<p>accidentdutravail-idf.net vous a pr\u00e9par\u00e9 ce post qui informe du sujet \u00ab\u00a0Association Sportive Huisson-Longueville Essonne\u00a0\u00bb. La chronique se veut g\u00e9n\u00e9r\u00e9e du mieux possible. Vous pouvez utiliser les coordonn\u00e9es indiqu\u00e9es sur le site dans le but d\u2019apporter des explications sur ce post qui parle du th\u00e8me \u00ab\u00a0Association Sportive Huisson-Longueville Essonne\u00a0\u00bb. Le site accidentdutravail-idf.net a pour but de fournir diverses publications sur la th\u00e9matique Association Sportive Huisson-Longueville Essonne diffus\u00e9es sur le net. Il y aura plusieurs articles autour du sujet \u00ab\u00a0Association Sportive Huisson-Longueville Essonne\u00a0\u00bb dans quelques jours, nous vous invitons \u00e0 naviguer sur notre site web \u00e0 plusieurs reprises.<\/p>\n","protected":false},"excerpt":{"rendered":"<p>Apr\u00e8s l\u2019audience qui s\u2019est tenue le 17 septembre dernier, le tribunal d\u2019Amiens a rendu sa d\u00e9cision le vendredi 18 octobre,&nbsp;apr\u00e8s un grave accident du travail survenu le 21 novembre 2017 au sein de l\u2019usine Val\u00e9o \u00e0 Amiens. La soci\u00e9t\u00e9 est condamn\u00e9e \u00e0 50&nbsp;000 euros d\u2019amende, et deux ouvriers sont reconnus coupables de blessures involontaires&nbsp;: Romain, &hellip; <\/p>\n<p class=\"link-more\"><a href=\"https:\/\/www.accidentdutravail-idf.net\/blog\/la-societe-valeo-et-deux-ouvriers-condamnes-apres-un-grave-accident-a-amiens\/\" class=\"more-link\">Continuer la lecture <span class=\"screen-reader-text\"> \u00ab\u00a0La soci\u00e9t\u00e9 Val\u00e9o et deux ouvriers condamn\u00e9s apr\u00e8s un grave accident \u00e0 Amiens\u00a0\u00bb<\/span><\/a><\/p>\n","protected":false},"author":2,"featured_media":0,"comment_status":"closed","ping_status":"closed","sticky":false,"template":"","format":"standard","meta":{"footnotes":""},"categories":[5],"tags":[],"class_list":["post-921","post","type-post","status-publish","format-standard","hentry","category-securite-du-travail-en-ile-de-france-et-divers","entry"],"yoast_head":"<!-- This site is optimized with the Yoast SEO plugin v27.5 - https:\/\/yoast.com\/product\/yoast-seo-wordpress\/ -->\n<title>La soci\u00e9t\u00e9 Val\u00e9o et deux ouvriers condamn\u00e9s apr\u00e8s un grave accident \u00e0 Amiens - ACCIDENTDUTRAVAIL-IDF<\/title>\n<meta name=\"description\" content=\"La soci\u00e9t\u00e9 Val\u00e9o et deux ouvriers condamn\u00e9s apr\u00e8s un grave accident \u00e0 Amiens article de ACCIDENTDUTRAVAIL-IDF\" \/>\n<meta name=\"robots\" content=\"index, follow, max-snippet:-1, max-image-preview:large, max-video-preview:-1\" \/>\n<link rel=\"canonical\" href=\"https:\/\/www.accidentdutravail-idf.net\/blog\/la-societe-valeo-et-deux-ouvriers-condamnes-apres-un-grave-accident-a-amiens\/\" \/>\n<meta property=\"og:locale\" content=\"fr_FR\" \/>\n<meta property=\"og:type\" content=\"article\" \/>\n<meta property=\"og:title\" content=\"La soci\u00e9t\u00e9 Val\u00e9o et deux ouvriers condamn\u00e9s apr\u00e8s un grave accident \u00e0 Amiens - ACCIDENTDUTRAVAIL-IDF\" \/>\n<meta property=\"og:description\" content=\"La soci\u00e9t\u00e9 Val\u00e9o et deux ouvriers condamn\u00e9s apr\u00e8s un grave accident \u00e0 Amiens article de ACCIDENTDUTRAVAIL-IDF\" \/>\n<meta property=\"og:url\" content=\"https:\/\/www.accidentdutravail-idf.net\/blog\/la-societe-valeo-et-deux-ouvriers-condamnes-apres-un-grave-accident-a-amiens\/\" \/>\n<meta property=\"og:site_name\" content=\"ACCIDENTDUTRAVAIL-IDF\" \/>\n<meta property=\"article:published_time\" content=\"2024-10-18T08:23:00+00:00\" \/>\n<meta property=\"og:image\" content=\"https:\/\/www.accidentdutravail-idf.net\/blog\/wp-content\/uploads\/2024\/10\/la-societe-valeo-et-deux-ouvriers-condamnes-apres-un-grave-accident-a-amiens.jpg\" \/>\n<meta name=\"author\" content=\"Carlos Poulain\" \/>\n<meta name=\"twitter:card\" content=\"summary_large_image\" \/>\n<meta name=\"twitter:label1\" content=\"\u00c9crit par\" \/>\n\t<meta name=\"twitter:data1\" content=\"Carlos Poulain\" \/>\n\t<meta name=\"twitter:label2\" content=\"Dur\u00e9e de lecture estim\u00e9e\" \/>\n\t<meta name=\"twitter:data2\" content=\"1 minute\" \/>\n<script type=\"application\/ld+json\" class=\"yoast-schema-graph\">{\"@context\":\"https:\\\/\\\/schema.org\",\"@graph\":[{\"@type\":\"Article\",\"@id\":\"https:\\\/\\\/www.accidentdutravail-idf.net\\\/blog\\\/la-societe-valeo-et-deux-ouvriers-condamnes-apres-un-grave-accident-a-amiens\\\/#article\",\"isPartOf\":{\"@id\":\"https:\\\/\\\/www.accidentdutravail-idf.net\\\/blog\\\/la-societe-valeo-et-deux-ouvriers-condamnes-apres-un-grave-accident-a-amiens\\\/\"},\"author\":{\"name\":\"Carlos Poulain\",\"@id\":\"https:\\\/\\\/www.accidentdutravail-idf.net\\\/blog\\\/#\\\/schema\\\/person\\\/3255d2f970de45e64bd9201f38e7b947\"},\"headline\":\"La soci\u00e9t\u00e9 Val\u00e9o et deux ouvriers condamn\u00e9s apr\u00e8s un grave accident \u00e0 Amiens\",\"datePublished\":\"2024-10-18T08:23:00+00:00\",\"mainEntityOfPage\":{\"@id\":\"https:\\\/\\\/www.accidentdutravail-idf.net\\\/blog\\\/la-societe-valeo-et-deux-ouvriers-condamnes-apres-un-grave-accident-a-amiens\\\/\"},\"wordCount\":301,\"publisher\":{\"@id\":\"https:\\\/\\\/www.accidentdutravail-idf.net\\\/blog\\\/#organization\"},\"image\":{\"@id\":\"https:\\\/\\\/www.accidentdutravail-idf.net\\\/blog\\\/la-societe-valeo-et-deux-ouvriers-condamnes-apres-un-grave-accident-a-amiens\\\/#primaryimage\"},\"thumbnailUrl\":\"https:\\\/\\\/www.accidentdutravail-idf.net\\\/blog\\\/wp-content\\\/uploads\\\/2024\\\/10\\\/la-societe-valeo-et-deux-ouvriers-condamnes-apres-un-grave-accident-a-amiens.jpg\",\"articleSection\":[\"S\u00e9curit\u00e9 Du Travail En Ile-De-France Et Divers:\"],\"inLanguage\":\"fr-FR\"},{\"@type\":\"WebPage\",\"@id\":\"https:\\\/\\\/www.accidentdutravail-idf.net\\\/blog\\\/la-societe-valeo-et-deux-ouvriers-condamnes-apres-un-grave-accident-a-amiens\\\/\",\"url\":\"https:\\\/\\\/www.accidentdutravail-idf.net\\\/blog\\\/la-societe-valeo-et-deux-ouvriers-condamnes-apres-un-grave-accident-a-amiens\\\/\",\"name\":\"La soci\u00e9t\u00e9 Val\u00e9o et deux ouvriers condamn\u00e9s apr\u00e8s un grave accident \u00e0 Amiens - ACCIDENTDUTRAVAIL-IDF\",\"isPartOf\":{\"@id\":\"https:\\\/\\\/www.accidentdutravail-idf.net\\\/blog\\\/#website\"},\"primaryImageOfPage\":{\"@id\":\"https:\\\/\\\/www.accidentdutravail-idf.net\\\/blog\\\/la-societe-valeo-et-deux-ouvriers-condamnes-apres-un-grave-accident-a-amiens\\\/#primaryimage\"},\"image\":{\"@id\":\"https:\\\/\\\/www.accidentdutravail-idf.net\\\/blog\\\/la-societe-valeo-et-deux-ouvriers-condamnes-apres-un-grave-accident-a-amiens\\\/#primaryimage\"},\"thumbnailUrl\":\"https:\\\/\\\/www.accidentdutravail-idf.net\\\/blog\\\/wp-content\\\/uploads\\\/2024\\\/10\\\/la-societe-valeo-et-deux-ouvriers-condamnes-apres-un-grave-accident-a-amiens.jpg\",\"datePublished\":\"2024-10-18T08:23:00+00:00\",\"description\":\"La soci\u00e9t\u00e9 Val\u00e9o et deux ouvriers condamn\u00e9s apr\u00e8s un grave accident \u00e0 Amiens article de ACCIDENTDUTRAVAIL-IDF\",\"breadcrumb\":{\"@id\":\"https:\\\/\\\/www.accidentdutravail-idf.net\\\/blog\\\/la-societe-valeo-et-deux-ouvriers-condamnes-apres-un-grave-accident-a-amiens\\\/#breadcrumb\"},\"inLanguage\":\"fr-FR\",\"potentialAction\":[{\"@type\":\"ReadAction\",\"target\":[\"https:\\\/\\\/www.accidentdutravail-idf.net\\\/blog\\\/la-societe-valeo-et-deux-ouvriers-condamnes-apres-un-grave-accident-a-amiens\\\/\"]}]},{\"@type\":\"ImageObject\",\"inLanguage\":\"fr-FR\",\"@id\":\"https:\\\/\\\/www.accidentdutravail-idf.net\\\/blog\\\/la-societe-valeo-et-deux-ouvriers-condamnes-apres-un-grave-accident-a-amiens\\\/#primaryimage\",\"url\":\"https:\\\/\\\/www.accidentdutravail-idf.net\\\/blog\\\/wp-content\\\/uploads\\\/2024\\\/10\\\/la-societe-valeo-et-deux-ouvriers-condamnes-apres-un-grave-accident-a-amiens.jpg\",\"contentUrl\":\"https:\\\/\\\/www.accidentdutravail-idf.net\\\/blog\\\/wp-content\\\/uploads\\\/2024\\\/10\\\/la-societe-valeo-et-deux-ouvriers-condamnes-apres-un-grave-accident-a-amiens.jpg\"},{\"@type\":\"BreadcrumbList\",\"@id\":\"https:\\\/\\\/www.accidentdutravail-idf.net\\\/blog\\\/la-societe-valeo-et-deux-ouvriers-condamnes-apres-un-grave-accident-a-amiens\\\/#breadcrumb\",\"itemListElement\":[{\"@type\":\"ListItem\",\"position\":1,\"name\":\"Accueil\",\"item\":\"https:\\\/\\\/www.accidentdutravail-idf.net\\\/blog\\\/\"},{\"@type\":\"ListItem\",\"position\":2,\"name\":\"La soci\u00e9t\u00e9 Val\u00e9o et deux ouvriers condamn\u00e9s apr\u00e8s un grave accident \u00e0 Amiens\"}]},{\"@type\":\"WebSite\",\"@id\":\"https:\\\/\\\/www.accidentdutravail-idf.net\\\/blog\\\/#website\",\"url\":\"https:\\\/\\\/www.accidentdutravail-idf.net\\\/blog\\\/\",\"name\":\"ACCIDENTDUTRAVAIL-IDF\",\"description\":\"Portail accidents du travail-maladies professionnelles des entreprises d&#039;Ile-de-France\",\"publisher\":{\"@id\":\"https:\\\/\\\/www.accidentdutravail-idf.net\\\/blog\\\/#organization\"},\"potentialAction\":[{\"@type\":\"SearchAction\",\"target\":{\"@type\":\"EntryPoint\",\"urlTemplate\":\"https:\\\/\\\/www.accidentdutravail-idf.net\\\/blog\\\/?s={search_term_string}\"},\"query-input\":{\"@type\":\"PropertyValueSpecification\",\"valueRequired\":true,\"valueName\":\"search_term_string\"}}],\"inLanguage\":\"fr-FR\"},{\"@type\":\"Organization\",\"@id\":\"https:\\\/\\\/www.accidentdutravail-idf.net\\\/blog\\\/#organization\",\"name\":\"accidentdutravail-idf\",\"url\":\"https:\\\/\\\/www.accidentdutravail-idf.net\\\/blog\\\/\",\"logo\":{\"@type\":\"ImageObject\",\"inLanguage\":\"fr-FR\",\"@id\":\"https:\\\/\\\/www.accidentdutravail-idf.net\\\/blog\\\/#\\\/schema\\\/logo\\\/image\\\/\",\"url\":\"https:\\\/\\\/www.accidentdutravail-idf.net\\\/blog\\\/wp-content\\\/uploads\\\/2022\\\/09\\\/logo-2.png\",\"contentUrl\":\"https:\\\/\\\/www.accidentdutravail-idf.net\\\/blog\\\/wp-content\\\/uploads\\\/2022\\\/09\\\/logo-2.png\",\"width\":380,\"height\":291,\"caption\":\"accidentdutravail-idf\"},\"image\":{\"@id\":\"https:\\\/\\\/www.accidentdutravail-idf.net\\\/blog\\\/#\\\/schema\\\/logo\\\/image\\\/\"}},{\"@type\":\"Person\",\"@id\":\"https:\\\/\\\/www.accidentdutravail-idf.net\\\/blog\\\/#\\\/schema\\\/person\\\/3255d2f970de45e64bd9201f38e7b947\",\"name\":\"Carlos Poulain\",\"image\":{\"@type\":\"ImageObject\",\"inLanguage\":\"fr-FR\",\"@id\":\"https:\\\/\\\/secure.gravatar.com\\\/avatar\\\/b1c2f9d3588e34e91adb093635df64ef4b2381991216be7576466cfcdca4baf3?s=96&d=mm&r=g\",\"url\":\"https:\\\/\\\/secure.gravatar.com\\\/avatar\\\/b1c2f9d3588e34e91adb093635df64ef4b2381991216be7576466cfcdca4baf3?s=96&d=mm&r=g\",\"contentUrl\":\"https:\\\/\\\/secure.gravatar.com\\\/avatar\\\/b1c2f9d3588e34e91adb093635df64ef4b2381991216be7576466cfcdca4baf3?s=96&d=mm&r=g\",\"caption\":\"Carlos Poulain\"},\"url\":\"https:\\\/\\\/www.accidentdutravail-idf.net\\\/blog\\\/author\\\/idfcarlos\\\/\"}]}<\/script>\n<!-- \/ Yoast SEO plugin. -->","yoast_head_json":{"title":"La soci\u00e9t\u00e9 Val\u00e9o et deux ouvriers condamn\u00e9s apr\u00e8s un grave accident \u00e0 Amiens - ACCIDENTDUTRAVAIL-IDF","description":"La soci\u00e9t\u00e9 Val\u00e9o et deux ouvriers condamn\u00e9s apr\u00e8s un grave accident \u00e0 Amiens article de ACCIDENTDUTRAVAIL-IDF","robots":{"index":"index","follow":"follow","max-snippet":"max-snippet:-1","max-image-preview":"max-image-preview:large","max-video-preview":"max-video-preview:-1"},"canonical":"https:\/\/www.accidentdutravail-idf.net\/blog\/la-societe-valeo-et-deux-ouvriers-condamnes-apres-un-grave-accident-a-amiens\/","og_locale":"fr_FR","og_type":"article","og_title":"La soci\u00e9t\u00e9 Val\u00e9o et deux ouvriers condamn\u00e9s apr\u00e8s un grave accident \u00e0 Amiens - ACCIDENTDUTRAVAIL-IDF","og_description":"La soci\u00e9t\u00e9 Val\u00e9o et deux ouvriers condamn\u00e9s apr\u00e8s un grave accident \u00e0 Amiens article de ACCIDENTDUTRAVAIL-IDF","og_url":"https:\/\/www.accidentdutravail-idf.net\/blog\/la-societe-valeo-et-deux-ouvriers-condamnes-apres-un-grave-accident-a-amiens\/","og_site_name":"ACCIDENTDUTRAVAIL-IDF","article_published_time":"2024-10-18T08:23:00+00:00","og_image":[{"url":"https:\/\/www.accidentdutravail-idf.net\/blog\/wp-content\/uploads\/2024\/10\/la-societe-valeo-et-deux-ouvriers-condamnes-apres-un-grave-accident-a-amiens.jpg","type":"","width":"","height":""}],"author":"Carlos Poulain","twitter_card":"summary_large_image","twitter_misc":{"\u00c9crit par":"Carlos Poulain","Dur\u00e9e de lecture estim\u00e9e":"1 minute"},"schema":{"@context":"https:\/\/schema.org","@graph":[{"@type":"Article","@id":"https:\/\/www.accidentdutravail-idf.net\/blog\/la-societe-valeo-et-deux-ouvriers-condamnes-apres-un-grave-accident-a-amiens\/#article","isPartOf":{"@id":"https:\/\/www.accidentdutravail-idf.net\/blog\/la-societe-valeo-et-deux-ouvriers-condamnes-apres-un-grave-accident-a-amiens\/"},"author":{"name":"Carlos Poulain","@id":"https:\/\/www.accidentdutravail-idf.net\/blog\/#\/schema\/person\/3255d2f970de45e64bd9201f38e7b947"},"headline":"La soci\u00e9t\u00e9 Val\u00e9o et deux ouvriers condamn\u00e9s apr\u00e8s un grave accident \u00e0 Amiens","datePublished":"2024-10-18T08:23:00+00:00","mainEntityOfPage":{"@id":"https:\/\/www.accidentdutravail-idf.net\/blog\/la-societe-valeo-et-deux-ouvriers-condamnes-apres-un-grave-accident-a-amiens\/"},"wordCount":301,"publisher":{"@id":"https:\/\/www.accidentdutravail-idf.net\/blog\/#organization"},"image":{"@id":"https:\/\/www.accidentdutravail-idf.net\/blog\/la-societe-valeo-et-deux-ouvriers-condamnes-apres-un-grave-accident-a-amiens\/#primaryimage"},"thumbnailUrl":"https:\/\/www.accidentdutravail-idf.net\/blog\/wp-content\/uploads\/2024\/10\/la-societe-valeo-et-deux-ouvriers-condamnes-apres-un-grave-accident-a-amiens.jpg","articleSection":["S\u00e9curit\u00e9 Du Travail En Ile-De-France Et Divers:"],"inLanguage":"fr-FR"},{"@type":"WebPage","@id":"https:\/\/www.accidentdutravail-idf.net\/blog\/la-societe-valeo-et-deux-ouvriers-condamnes-apres-un-grave-accident-a-amiens\/","url":"https:\/\/www.accidentdutravail-idf.net\/blog\/la-societe-valeo-et-deux-ouvriers-condamnes-apres-un-grave-accident-a-amiens\/","name":"La soci\u00e9t\u00e9 Val\u00e9o et deux ouvriers condamn\u00e9s apr\u00e8s un grave accident \u00e0 Amiens - ACCIDENTDUTRAVAIL-IDF","isPartOf":{"@id":"https:\/\/www.accidentdutravail-idf.net\/blog\/#website"},"primaryImageOfPage":{"@id":"https:\/\/www.accidentdutravail-idf.net\/blog\/la-societe-valeo-et-deux-ouvriers-condamnes-apres-un-grave-accident-a-amiens\/#primaryimage"},"image":{"@id":"https:\/\/www.accidentdutravail-idf.net\/blog\/la-societe-valeo-et-deux-ouvriers-condamnes-apres-un-grave-accident-a-amiens\/#primaryimage"},"thumbnailUrl":"https:\/\/www.accidentdutravail-idf.net\/blog\/wp-content\/uploads\/2024\/10\/la-societe-valeo-et-deux-ouvriers-condamnes-apres-un-grave-accident-a-amiens.jpg","datePublished":"2024-10-18T08:23:00+00:00","description":"La soci\u00e9t\u00e9 Val\u00e9o et deux ouvriers condamn\u00e9s apr\u00e8s un grave accident \u00e0 Amiens article de ACCIDENTDUTRAVAIL-IDF","breadcrumb":{"@id":"https:\/\/www.accidentdutravail-idf.net\/blog\/la-societe-valeo-et-deux-ouvriers-condamnes-apres-un-grave-accident-a-amiens\/#breadcrumb"},"inLanguage":"fr-FR","potentialAction":[{"@type":"ReadAction","target":["https:\/\/www.accidentdutravail-idf.net\/blog\/la-societe-valeo-et-deux-ouvriers-condamnes-apres-un-grave-accident-a-amiens\/"]}]},{"@type":"ImageObject","inLanguage":"fr-FR","@id":"https:\/\/www.accidentdutravail-idf.net\/blog\/la-societe-valeo-et-deux-ouvriers-condamnes-apres-un-grave-accident-a-amiens\/#primaryimage","url":"https:\/\/www.accidentdutravail-idf.net\/blog\/wp-content\/uploads\/2024\/10\/la-societe-valeo-et-deux-ouvriers-condamnes-apres-un-grave-accident-a-amiens.jpg","contentUrl":"https:\/\/www.accidentdutravail-idf.net\/blog\/wp-content\/uploads\/2024\/10\/la-societe-valeo-et-deux-ouvriers-condamnes-apres-un-grave-accident-a-amiens.jpg"},{"@type":"BreadcrumbList","@id":"https:\/\/www.accidentdutravail-idf.net\/blog\/la-societe-valeo-et-deux-ouvriers-condamnes-apres-un-grave-accident-a-amiens\/#breadcrumb","itemListElement":[{"@type":"ListItem","position":1,"name":"Accueil","item":"https:\/\/www.accidentdutravail-idf.net\/blog\/"},{"@type":"ListItem","position":2,"name":"La soci\u00e9t\u00e9 Val\u00e9o et deux ouvriers condamn\u00e9s apr\u00e8s un grave accident \u00e0 Amiens"}]},{"@type":"WebSite","@id":"https:\/\/www.accidentdutravail-idf.net\/blog\/#website","url":"https:\/\/www.accidentdutravail-idf.net\/blog\/","name":"ACCIDENTDUTRAVAIL-IDF","description":"Portail accidents du travail-maladies professionnelles des entreprises d&#039;Ile-de-France","publisher":{"@id":"https:\/\/www.accidentdutravail-idf.net\/blog\/#organization"},"potentialAction":[{"@type":"SearchAction","target":{"@type":"EntryPoint","urlTemplate":"https:\/\/www.accidentdutravail-idf.net\/blog\/?s={search_term_string}"},"query-input":{"@type":"PropertyValueSpecification","valueRequired":true,"valueName":"search_term_string"}}],"inLanguage":"fr-FR"},{"@type":"Organization","@id":"https:\/\/www.accidentdutravail-idf.net\/blog\/#organization","name":"accidentdutravail-idf","url":"https:\/\/www.accidentdutravail-idf.net\/blog\/","logo":{"@type":"ImageObject","inLanguage":"fr-FR","@id":"https:\/\/www.accidentdutravail-idf.net\/blog\/#\/schema\/logo\/image\/","url":"https:\/\/www.accidentdutravail-idf.net\/blog\/wp-content\/uploads\/2022\/09\/logo-2.png","contentUrl":"https:\/\/www.accidentdutravail-idf.net\/blog\/wp-content\/uploads\/2022\/09\/logo-2.png","width":380,"height":291,"caption":"accidentdutravail-idf"},"image":{"@id":"https:\/\/www.accidentdutravail-idf.net\/blog\/#\/schema\/logo\/image\/"}},{"@type":"Person","@id":"https:\/\/www.accidentdutravail-idf.net\/blog\/#\/schema\/person\/3255d2f970de45e64bd9201f38e7b947","name":"Carlos Poulain","image":{"@type":"ImageObject","inLanguage":"fr-FR","@id":"https:\/\/secure.gravatar.com\/avatar\/b1c2f9d3588e34e91adb093635df64ef4b2381991216be7576466cfcdca4baf3?s=96&d=mm&r=g","url":"https:\/\/secure.gravatar.com\/avatar\/b1c2f9d3588e34e91adb093635df64ef4b2381991216be7576466cfcdca4baf3?s=96&d=mm&r=g","contentUrl":"https:\/\/secure.gravatar.com\/avatar\/b1c2f9d3588e34e91adb093635df64ef4b2381991216be7576466cfcdca4baf3?s=96&d=mm&r=g","caption":"Carlos Poulain"},"url":"https:\/\/www.accidentdutravail-idf.net\/blog\/author\/idfcarlos\/"}]}},"_links":{"self":[{"href":"https:\/\/www.accidentdutravail-idf.net\/blog\/wp-json\/wp\/v2\/posts\/921","targetHints":{"allow":["GET"]}}],"collection":[{"href":"https:\/\/www.accidentdutravail-idf.net\/blog\/wp-json\/wp\/v2\/posts"}],"about":[{"href":"https:\/\/www.accidentdutravail-idf.net\/blog\/wp-json\/wp\/v2\/types\/post"}],"author":[{"embeddable":true,"href":"https:\/\/www.accidentdutravail-idf.net\/blog\/wp-json\/wp\/v2\/users\/2"}],"replies":[{"embeddable":true,"href":"https:\/\/www.accidentdutravail-idf.net\/blog\/wp-json\/wp\/v2\/comments?post=921"}],"version-history":[{"count":0,"href":"https:\/\/www.accidentdutravail-idf.net\/blog\/wp-json\/wp\/v2\/posts\/921\/revisions"}],"wp:attachment":[{"href":"https:\/\/www.accidentdutravail-idf.net\/blog\/wp-json\/wp\/v2\/media?parent=921"}],"wp:term":[{"taxonomy":"category","embeddable":true,"href":"https:\/\/www.accidentdutravail-idf.net\/blog\/wp-json\/wp\/v2\/categories?post=921"},{"taxonomy":"post_tag","embeddable":true,"href":"https:\/\/www.accidentdutravail-idf.net\/blog\/wp-json\/wp\/v2\/tags?post=921"}],"curies":[{"name":"wp","href":"https:\/\/api.w.org\/{rel}","templated":true}]}}