{"id":920,"date":"2024-10-17T12:28:00","date_gmt":"2024-10-17T10:28:00","guid":{"rendered":"https:\/\/www.accidentdutravail-idf.net\/blog\/un-syndicat-porte-plainte-pour-du-travail-illegal-dans-quatre-musees-dont-le-louvre\/"},"modified":"2024-10-17T12:28:00","modified_gmt":"2024-10-17T10:28:00","slug":"un-syndicat-porte-plainte-pour-du-travail-illegal-dans-quatre-musees-dont-le-louvre","status":"publish","type":"post","link":"https:\/\/www.accidentdutravail-idf.net\/blog\/un-syndicat-porte-plainte-pour-du-travail-illegal-dans-quatre-musees-dont-le-louvre\/","title":{"rendered":"Un syndicat porte plainte pour du \u00ab\u00a0travail ill\u00e9gal\u00a0\u00bb dans quatre mus\u00e9es dont Le Louvre"},"content":{"rendered":"<div class=\"body-text\">\n<p>Ces plaintes, \u00e9galement \u00e9voqu\u00e9es par Lib\u00e9ration, ont \u00e9t\u00e9 transmises par courrier mercredi selon une source proche du dossier \u00e0 l&rsquo;AFP.<\/p>\n<\/div>\n<section class=\"relative z-10\"><\/section>\n<div class=\"body-text\">\n<p>Outre le mus\u00e9e le plus visit\u00e9 au monde (8,9 millions de visiteurs en 2023), deux autres plaintes d\u00e9pos\u00e9es \u00e0 Paris visent la Bourse de commerce-Pinault Collection et le Palais de la Porte Dor\u00e9e, tandis qu&rsquo;une plainte cible \u00e0 Marseille le Mus\u00e9e des civilisations de l&rsquo;Europe et de la M\u00e9diterran\u00e9e (Mucem).<\/p>\n<\/div>\n<div class=\"body-text\">\n<p>Contact\u00e9, Le Louvre a indiqu\u00e9 n&rsquo;avoir \u00ab\u00a0aucune information\u00a0\u00bb concernant une telle plainte, et \u00ab\u00a0ne jamais commenter\u00a0\u00bb une \u00e9ventuelle enqu\u00eate en cours.<\/p>\n<\/div>\n<div class=\"body-text\">\n<p>Le Mucem a fourni une longue r\u00e9ponse, indiquant notamment que \u00ab\u00a0le minist\u00e8re de la Culture a d\u00e8s le d\u00e9but du projet du Mucem d\u00e9cid\u00e9 que (des) missions seraient externalis\u00e9es dans le cadre de march\u00e9s publics, comme cela est le cas dans d&rsquo;autres mus\u00e9es nationaux\u00a0\u00bb.<\/p>\n<\/div>\n<div class=\"body-text\">\n<p>Le mus\u00e9e a indiqu\u00e9 qu&rsquo;une organisation interne permettait de \u00ab\u00a0s&rsquo;assurer que les personnels du prestataire ne soient pas subordonn\u00e9s \u00e0 un personnel du Mucem\u00a0\u00bb et que les questions de ressources humaines \u00ab\u00a0sont trait\u00e9es directement par le prestataire\u00a0\u00bb, \u00ab\u00a0sans intervention\u00a0\u00bb du Mucem.<\/p>\n<\/div>\n<div class=\"body-text\">\n<p>La Bourse de commerce &#8211; Pinault et le Palais de la Porte Dor\u00e9e n&rsquo;ont pas souhait\u00e9 commenter, et les trois soci\u00e9t\u00e9s priv\u00e9es mises en cause n&rsquo;ont pas r\u00e9pondu \u00e0 l&rsquo;AFP.<\/p>\n<\/div>\n<figure class=\"Image_image__BFfVu\">\n<div class=\" \"><img decoding=\"async\" alt=\"Une fa\u00e7ade de la Bourse de Commerce qui renferme la collection Pinault, \u00e0 Paris, le 16 octobre 2024\" loading=\"lazy\" data-nimg=\"fill\" class=\" TwicCore_img__i9TC1 undefined undefined\" src=\"https:\/\/www.accidentdutravail-idf.net\/blog\/wp-content\/uploads\/2024\/10\/un-syndicat-porte-plainte-pour-du-travail-illegal-dans-quatre-musees-dont-le-louvre.jpg\"><\/div><figcaption class=\"my-2\">Une fa\u00e7ade de la Bourse de Commerce qui renferme la collection Pinault, \u00e0 Paris, le 16 octobre 2024<!-- --> <span class=\"uppercase bold\">PHOTO AFP \/ Gr\u00e9goire CAMPIONE<\/span><\/figcaption><\/figure>\n<div class=\"body-text\">\n<p>Le proc\u00e9d\u00e9 d\u00e9nonc\u00e9 est \u00e0 chaque fois le m\u00eame : ces mus\u00e9es se voient reprocher d&rsquo;avoir pass\u00e9 des appels d&rsquo;offres relatifs \u00e0 diverses prestations (accueil, m\u00e9diation en salle, vente, vestiaire, audioguides, etc.) pour lesquelles des soci\u00e9t\u00e9s priv\u00e9es mettent \u00e0 disposition des salari\u00e9s. <\/p>\n<\/div>\n<div class=\"body-text\">\n<p>&#8211; Salari\u00e9s externalis\u00e9s &#8211;<\/p>\n<\/div>\n<div class=\"body-text\">\n<p>Sur le papier, ce pr\u00eat de main d&rsquo;oeuvre est parfaitement l\u00e9gal.<\/p>\n<\/div>\n<div class=\"body-text\">\n<p>Mais d&rsquo;apr\u00e8s les plaignants, il pose question car \u00ab\u00a0les salari\u00e9s pr\u00eat\u00e9s se trouvent en r\u00e9alit\u00e9 subordonn\u00e9s directement aux \u00e9quipes\u00a0\u00bb des mus\u00e9es, sont \u00ab\u00a0trait\u00e9s diff\u00e9remment des agents internes\u00a0\u00bb avec des conditions de travail qui seraient moins bonnes, et serait in fine \u00ab\u00a0exclusivement \u00e0 but lucratif\u00a0\u00bb.<\/p>\n<\/div>\n<div class=\"body-text\">\n<p>Pour les plaignants, \u00ab\u00a0l&rsquo;objectif affich\u00e9\u00a0\u00bb est de lib\u00e9rer les mus\u00e9es \u00ab\u00a0des contraintes de la gestion des t\u00e2ches logistiques. Ce m\u00e9canisme d\u2019externalisation a souvent \u00e9t\u00e9 mis en place par les Etablissements publics culturels pour pallier aux plafonds d\u2019emploi fix\u00e9s par les textes budg\u00e9taires et le Minist\u00e8re de la Culture.\u00a0\u00bb<\/p>\n<\/div>\n<figure class=\"Image_image__BFfVu\">\n<div class=\" \"><img decoding=\"async\" alt=\"L'entr\u00e9e du Palais de la Porte Dor\u00e9e, qui accueille la Cit\u00e9 nationale de l'Histoire de l'immigration, \u00e0 Paris, le 12 septembre 2016\" loading=\"lazy\" data-nimg=\"fill\" class=\" TwicCore_img__i9TC1 undefined undefined\" src=\"https:\/\/www.accidentdutravail-idf.net\/blog\/wp-content\/uploads\/2024\/10\/un-syndicat-porte-plainte-pour-du-travail-illegal-dans-quatre-musees-dont-le-louvre-1.jpg\"><\/div><figcaption class=\"my-2\">L&rsquo;entr\u00e9e du Palais de la Porte Dor\u00e9e, qui accueille la Cit\u00e9 nationale de l&rsquo;Histoire de l&rsquo;immigration, \u00e0 Paris, le 12 septembre 2016<!-- --> <span class=\"uppercase bold\">PHOTO AFP \/ THOMAS SAMSON<\/span><\/figcaption><\/figure>\n<div class=\"body-text\">\n<p>\u00ab\u00a0Les effets d\u00e9l\u00e9t\u00e8res engendr\u00e9s par ces pratiques d\u2019externalisation sur les conditions de travail des salari\u00e9s ont \u00e9t\u00e9 d\u00e9nonc\u00e9s \u00e0 de nombreuses reprises par la presse\u00a0\u00bb, ajoute Sud-Culture.<\/p>\n<\/div>\n<div class=\"body-text\">\n<p>Dans l&rsquo;exemple du Louvre, 25 salari\u00e9s charg\u00e9s des audioguides auraient d&rsquo;abord \u00e9t\u00e9 externalis\u00e9s en 2019.<\/p>\n<\/div>\n<div class=\"body-text\">\n<p>\u00ab\u00a0La comparaison de leur situation avec celle des agents rest\u00e9s embauch\u00e9s par le Mus\u00e9e, tout comme celle des agents des autres prestataires (boutique et surveillance) les pla\u00e7ait cependant dans des situations de traitement diff\u00e9renci\u00e9\u00a0\u00bb, dit la plainte.<\/p>\n<\/div>\n<div class=\"body-text\">\n<p>Mais en 2023, toujours d&rsquo;apr\u00e8s les plaignants, c&rsquo;est cette fois l&rsquo;ensemble des activit\u00e9s d&rsquo;accueil et de surveillance du mus\u00e9e abritant la Joconde, soit 65 postes suppl\u00e9mentaires, qui auraient \u00e9t\u00e9 confi\u00e9s au priv\u00e9.<\/p>\n<\/div>\n<div class=\"body-text\">\n<p>Dans un communiqu\u00e9 de mai 2023, l&rsquo;\u00e9quipe des agents d&rsquo;accueil du MuCEM affirmait par exemple que cette externalisation \u00ab\u00a0d\u00e9nature nos missions et vide de sens notre travail\u00a0\u00bb, avec une \u00ab\u00a0multiplication des d\u00e9missions, arr\u00eats de travail, burn outs et accidents de travail\u00a0\u00bb, et appelaient leur direction \u00e0 \u00ab\u00a0internaliser\u00a0\u00bb les postes en question.<\/p>\n<\/div>\n<figure class=\"Image_image__BFfVu\">\n<div class=\" \"><img decoding=\"async\" alt=\"Un d\u00e9tail de la fa\u00e7ade du Mucem, \u00e0 Marseille, le 27 juin 2023\" loading=\"lazy\" data-nimg=\"fill\" class=\" TwicCore_img__i9TC1 undefined undefined\" src=\"https:\/\/www.accidentdutravail-idf.net\/blog\/wp-content\/uploads\/2024\/10\/un-syndicat-porte-plainte-pour-du-travail-illegal-dans-quatre-musees-dont-le-louvre-2.jpg\"><\/div><figcaption class=\"my-2\">Un d\u00e9tail de la fa\u00e7ade du Mucem, \u00e0 Marseille, le 27 juin 2023<!-- --> <span class=\"uppercase bold\">PHOTO AFP \/ Ludovic MARIN<\/span><\/figcaption><\/figure>\n<div class=\"body-text\">\n<p>Sud-Culture souligne lui que cette \u00ab\u00a0externalisation est une pratique qui touche massivement les \u00e9tablissements culturels depuis plusieurs ann\u00e9es : le Centre Pompidou-Metz (2010), le Louvre-Lens (2012), le Palais de Tokyo (2012), le MuCEM (2013) la Fondation Louis Vuitton (2014), etc.\u00a0\u00bb<\/p>\n<\/div>\n<div class=\"body-text\">\n<p>\u00ab\u00a0L\u2019engagement de ces actions judiciaires vise \u00e0 faire en sorte que la justice se saisisse enfin de ce contournement ill\u00e9gal des textes et des plafonds d\u2019emploi par les mus\u00e9es et leurs co-contractants\u00a0\u00bb ont comment\u00e9 pour l&rsquo;AFP les avocats des plaignants, Me Thibault Laforcade, Juliette Bourgeois et Lucie Marius.<\/p>\n<\/div>\n<div class=\"body-text\">\n<p>\u00ab\u00a0C\u2019est aussi une fa\u00e7on pour les salari\u00e9s du milieu de la culture, qui subissent une pr\u00e9carisation de plus en plus dure, de dire dignement que cela doit cesser car les r\u00e9percussions sur leur quotidien sont devenues intenables\u00a0\u00bb, d&rsquo;apr\u00e8s eux.<\/p>\n<\/div>\n<div class=\"body-text\">\n<p>En parall\u00e8le, les avocats ont indiqu\u00e9 avoir \u00e9galement saisi l&rsquo;Inspection du travail.<\/p>\n<\/div>\n<p>accidentdutravail-idf.net vous a pr\u00e9par\u00e9 ce post qui informe du sujet \u00ab\u00a0Association Sportive Huisson-Longueville Essonne\u00a0\u00bb. La chronique se veut g\u00e9n\u00e9r\u00e9e du mieux possible. Vous pouvez utiliser les coordonn\u00e9es indiqu\u00e9es sur le site dans le but d\u2019apporter des explications sur ce post qui parle du th\u00e8me \u00ab\u00a0Association Sportive Huisson-Longueville Essonne\u00a0\u00bb. Le site accidentdutravail-idf.net a pour but de fournir diverses publications sur la th\u00e9matique Association Sportive Huisson-Longueville Essonne diffus\u00e9es sur le net. Il y aura plusieurs articles autour du sujet \u00ab\u00a0Association Sportive Huisson-Longueville Essonne\u00a0\u00bb dans quelques jours, nous vous invitons \u00e0 naviguer sur notre site web \u00e0 plusieurs reprises.<\/p>\n","protected":false},"excerpt":{"rendered":"<p>Ces plaintes, \u00e9galement \u00e9voqu\u00e9es par Lib\u00e9ration, ont \u00e9t\u00e9 transmises par courrier mercredi selon une source proche du dossier \u00e0 l&rsquo;AFP. Outre le mus\u00e9e le plus visit\u00e9 au monde (8,9 millions de visiteurs en 2023), deux autres plaintes d\u00e9pos\u00e9es \u00e0 Paris visent la Bourse de commerce-Pinault Collection et le Palais de la Porte Dor\u00e9e, tandis qu&rsquo;une &hellip; <\/p>\n<p class=\"link-more\"><a href=\"https:\/\/www.accidentdutravail-idf.net\/blog\/un-syndicat-porte-plainte-pour-du-travail-illegal-dans-quatre-musees-dont-le-louvre\/\" class=\"more-link\">Continuer la lecture <span class=\"screen-reader-text\"> \u00ab\u00a0Un syndicat porte plainte pour du \u00ab\u00a0travail ill\u00e9gal\u00a0\u00bb dans quatre mus\u00e9es dont Le Louvre\u00a0\u00bb<\/span><\/a><\/p>\n","protected":false},"author":2,"featured_media":0,"comment_status":"closed","ping_status":"closed","sticky":false,"template":"","format":"standard","meta":{"footnotes":""},"categories":[5],"tags":[],"class_list":["post-920","post","type-post","status-publish","format-standard","hentry","category-securite-du-travail-en-ile-de-france-et-divers","entry"],"yoast_head":"<!-- This site is optimized with the Yoast SEO plugin v27.5 - https:\/\/yoast.com\/product\/yoast-seo-wordpress\/ -->\n<title>Un syndicat porte plainte pour du &quot;travail ill\u00e9gal&quot; dans quatre mus\u00e9es dont Le Louvre - ACCIDENTDUTRAVAIL-IDF<\/title>\n<meta name=\"description\" content=\"Un syndicat porte plainte pour du &quot;travail ill\u00e9gal&quot; dans quatre mus\u00e9es dont Le Louvre article de ACCIDENTDUTRAVAIL-IDF\" \/>\n<meta name=\"robots\" content=\"index, follow, max-snippet:-1, max-image-preview:large, max-video-preview:-1\" \/>\n<link rel=\"canonical\" href=\"https:\/\/www.accidentdutravail-idf.net\/blog\/un-syndicat-porte-plainte-pour-du-travail-illegal-dans-quatre-musees-dont-le-louvre\/\" \/>\n<meta property=\"og:locale\" content=\"fr_FR\" \/>\n<meta property=\"og:type\" content=\"article\" \/>\n<meta property=\"og:title\" content=\"Un syndicat porte plainte pour du &quot;travail ill\u00e9gal&quot; dans quatre mus\u00e9es dont Le Louvre - ACCIDENTDUTRAVAIL-IDF\" \/>\n<meta property=\"og:description\" content=\"Un syndicat porte plainte pour du &quot;travail ill\u00e9gal&quot; dans quatre mus\u00e9es dont Le Louvre article de ACCIDENTDUTRAVAIL-IDF\" \/>\n<meta property=\"og:url\" content=\"https:\/\/www.accidentdutravail-idf.net\/blog\/un-syndicat-porte-plainte-pour-du-travail-illegal-dans-quatre-musees-dont-le-louvre\/\" \/>\n<meta property=\"og:site_name\" content=\"ACCIDENTDUTRAVAIL-IDF\" \/>\n<meta property=\"article:published_time\" content=\"2024-10-17T10:28:00+00:00\" \/>\n<meta property=\"og:image\" content=\"https:\/\/www.accidentdutravail-idf.net\/blog\/wp-content\/uploads\/2024\/10\/un-syndicat-porte-plainte-pour-du-travail-illegal-dans-quatre-musees-dont-le-louvre.jpg\" \/>\n<meta name=\"author\" content=\"Carlos Poulain\" \/>\n<meta name=\"twitter:card\" content=\"summary_large_image\" \/>\n<meta name=\"twitter:label1\" content=\"\u00c9crit par\" \/>\n\t<meta name=\"twitter:data1\" content=\"Carlos Poulain\" \/>\n\t<meta name=\"twitter:label2\" content=\"Dur\u00e9e de lecture estim\u00e9e\" \/>\n\t<meta name=\"twitter:data2\" content=\"4 minutes\" \/>\n<script type=\"application\/ld+json\" class=\"yoast-schema-graph\">{\"@context\":\"https:\\\/\\\/schema.org\",\"@graph\":[{\"@type\":\"Article\",\"@id\":\"https:\\\/\\\/www.accidentdutravail-idf.net\\\/blog\\\/un-syndicat-porte-plainte-pour-du-travail-illegal-dans-quatre-musees-dont-le-louvre\\\/#article\",\"isPartOf\":{\"@id\":\"https:\\\/\\\/www.accidentdutravail-idf.net\\\/blog\\\/un-syndicat-porte-plainte-pour-du-travail-illegal-dans-quatre-musees-dont-le-louvre\\\/\"},\"author\":{\"name\":\"Carlos Poulain\",\"@id\":\"https:\\\/\\\/www.accidentdutravail-idf.net\\\/blog\\\/#\\\/schema\\\/person\\\/3255d2f970de45e64bd9201f38e7b947\"},\"headline\":\"Un syndicat porte plainte pour du \u00ab\u00a0travail ill\u00e9gal\u00a0\u00bb dans quatre mus\u00e9es dont Le Louvre\",\"datePublished\":\"2024-10-17T10:28:00+00:00\",\"mainEntityOfPage\":{\"@id\":\"https:\\\/\\\/www.accidentdutravail-idf.net\\\/blog\\\/un-syndicat-porte-plainte-pour-du-travail-illegal-dans-quatre-musees-dont-le-louvre\\\/\"},\"wordCount\":908,\"publisher\":{\"@id\":\"https:\\\/\\\/www.accidentdutravail-idf.net\\\/blog\\\/#organization\"},\"image\":{\"@id\":\"https:\\\/\\\/www.accidentdutravail-idf.net\\\/blog\\\/un-syndicat-porte-plainte-pour-du-travail-illegal-dans-quatre-musees-dont-le-louvre\\\/#primaryimage\"},\"thumbnailUrl\":\"https:\\\/\\\/www.accidentdutravail-idf.net\\\/blog\\\/wp-content\\\/uploads\\\/2024\\\/10\\\/un-syndicat-porte-plainte-pour-du-travail-illegal-dans-quatre-musees-dont-le-louvre.jpg\",\"articleSection\":[\"S\u00e9curit\u00e9 Du Travail En Ile-De-France Et Divers:\"],\"inLanguage\":\"fr-FR\"},{\"@type\":\"WebPage\",\"@id\":\"https:\\\/\\\/www.accidentdutravail-idf.net\\\/blog\\\/un-syndicat-porte-plainte-pour-du-travail-illegal-dans-quatre-musees-dont-le-louvre\\\/\",\"url\":\"https:\\\/\\\/www.accidentdutravail-idf.net\\\/blog\\\/un-syndicat-porte-plainte-pour-du-travail-illegal-dans-quatre-musees-dont-le-louvre\\\/\",\"name\":\"Un syndicat porte plainte pour du \\\"travail ill\u00e9gal\\\" dans quatre mus\u00e9es dont Le Louvre - ACCIDENTDUTRAVAIL-IDF\",\"isPartOf\":{\"@id\":\"https:\\\/\\\/www.accidentdutravail-idf.net\\\/blog\\\/#website\"},\"primaryImageOfPage\":{\"@id\":\"https:\\\/\\\/www.accidentdutravail-idf.net\\\/blog\\\/un-syndicat-porte-plainte-pour-du-travail-illegal-dans-quatre-musees-dont-le-louvre\\\/#primaryimage\"},\"image\":{\"@id\":\"https:\\\/\\\/www.accidentdutravail-idf.net\\\/blog\\\/un-syndicat-porte-plainte-pour-du-travail-illegal-dans-quatre-musees-dont-le-louvre\\\/#primaryimage\"},\"thumbnailUrl\":\"https:\\\/\\\/www.accidentdutravail-idf.net\\\/blog\\\/wp-content\\\/uploads\\\/2024\\\/10\\\/un-syndicat-porte-plainte-pour-du-travail-illegal-dans-quatre-musees-dont-le-louvre.jpg\",\"datePublished\":\"2024-10-17T10:28:00+00:00\",\"description\":\"Un syndicat porte plainte pour du \\\"travail ill\u00e9gal\\\" dans quatre mus\u00e9es dont Le Louvre article de ACCIDENTDUTRAVAIL-IDF\",\"breadcrumb\":{\"@id\":\"https:\\\/\\\/www.accidentdutravail-idf.net\\\/blog\\\/un-syndicat-porte-plainte-pour-du-travail-illegal-dans-quatre-musees-dont-le-louvre\\\/#breadcrumb\"},\"inLanguage\":\"fr-FR\",\"potentialAction\":[{\"@type\":\"ReadAction\",\"target\":[\"https:\\\/\\\/www.accidentdutravail-idf.net\\\/blog\\\/un-syndicat-porte-plainte-pour-du-travail-illegal-dans-quatre-musees-dont-le-louvre\\\/\"]}]},{\"@type\":\"ImageObject\",\"inLanguage\":\"fr-FR\",\"@id\":\"https:\\\/\\\/www.accidentdutravail-idf.net\\\/blog\\\/un-syndicat-porte-plainte-pour-du-travail-illegal-dans-quatre-musees-dont-le-louvre\\\/#primaryimage\",\"url\":\"https:\\\/\\\/www.accidentdutravail-idf.net\\\/blog\\\/wp-content\\\/uploads\\\/2024\\\/10\\\/un-syndicat-porte-plainte-pour-du-travail-illegal-dans-quatre-musees-dont-le-louvre.jpg\",\"contentUrl\":\"https:\\\/\\\/www.accidentdutravail-idf.net\\\/blog\\\/wp-content\\\/uploads\\\/2024\\\/10\\\/un-syndicat-porte-plainte-pour-du-travail-illegal-dans-quatre-musees-dont-le-louvre.jpg\"},{\"@type\":\"BreadcrumbList\",\"@id\":\"https:\\\/\\\/www.accidentdutravail-idf.net\\\/blog\\\/un-syndicat-porte-plainte-pour-du-travail-illegal-dans-quatre-musees-dont-le-louvre\\\/#breadcrumb\",\"itemListElement\":[{\"@type\":\"ListItem\",\"position\":1,\"name\":\"Accueil\",\"item\":\"https:\\\/\\\/www.accidentdutravail-idf.net\\\/blog\\\/\"},{\"@type\":\"ListItem\",\"position\":2,\"name\":\"Un syndicat porte plainte pour du \u00ab\u00a0travail ill\u00e9gal\u00a0\u00bb dans quatre mus\u00e9es dont Le Louvre\"}]},{\"@type\":\"WebSite\",\"@id\":\"https:\\\/\\\/www.accidentdutravail-idf.net\\\/blog\\\/#website\",\"url\":\"https:\\\/\\\/www.accidentdutravail-idf.net\\\/blog\\\/\",\"name\":\"ACCIDENTDUTRAVAIL-IDF\",\"description\":\"Portail accidents du travail-maladies professionnelles des entreprises d&#039;Ile-de-France\",\"publisher\":{\"@id\":\"https:\\\/\\\/www.accidentdutravail-idf.net\\\/blog\\\/#organization\"},\"potentialAction\":[{\"@type\":\"SearchAction\",\"target\":{\"@type\":\"EntryPoint\",\"urlTemplate\":\"https:\\\/\\\/www.accidentdutravail-idf.net\\\/blog\\\/?s={search_term_string}\"},\"query-input\":{\"@type\":\"PropertyValueSpecification\",\"valueRequired\":true,\"valueName\":\"search_term_string\"}}],\"inLanguage\":\"fr-FR\"},{\"@type\":\"Organization\",\"@id\":\"https:\\\/\\\/www.accidentdutravail-idf.net\\\/blog\\\/#organization\",\"name\":\"accidentdutravail-idf\",\"url\":\"https:\\\/\\\/www.accidentdutravail-idf.net\\\/blog\\\/\",\"logo\":{\"@type\":\"ImageObject\",\"inLanguage\":\"fr-FR\",\"@id\":\"https:\\\/\\\/www.accidentdutravail-idf.net\\\/blog\\\/#\\\/schema\\\/logo\\\/image\\\/\",\"url\":\"https:\\\/\\\/www.accidentdutravail-idf.net\\\/blog\\\/wp-content\\\/uploads\\\/2022\\\/09\\\/logo-2.png\",\"contentUrl\":\"https:\\\/\\\/www.accidentdutravail-idf.net\\\/blog\\\/wp-content\\\/uploads\\\/2022\\\/09\\\/logo-2.png\",\"width\":380,\"height\":291,\"caption\":\"accidentdutravail-idf\"},\"image\":{\"@id\":\"https:\\\/\\\/www.accidentdutravail-idf.net\\\/blog\\\/#\\\/schema\\\/logo\\\/image\\\/\"}},{\"@type\":\"Person\",\"@id\":\"https:\\\/\\\/www.accidentdutravail-idf.net\\\/blog\\\/#\\\/schema\\\/person\\\/3255d2f970de45e64bd9201f38e7b947\",\"name\":\"Carlos Poulain\",\"image\":{\"@type\":\"ImageObject\",\"inLanguage\":\"fr-FR\",\"@id\":\"https:\\\/\\\/secure.gravatar.com\\\/avatar\\\/b1c2f9d3588e34e91adb093635df64ef4b2381991216be7576466cfcdca4baf3?s=96&d=mm&r=g\",\"url\":\"https:\\\/\\\/secure.gravatar.com\\\/avatar\\\/b1c2f9d3588e34e91adb093635df64ef4b2381991216be7576466cfcdca4baf3?s=96&d=mm&r=g\",\"contentUrl\":\"https:\\\/\\\/secure.gravatar.com\\\/avatar\\\/b1c2f9d3588e34e91adb093635df64ef4b2381991216be7576466cfcdca4baf3?s=96&d=mm&r=g\",\"caption\":\"Carlos Poulain\"},\"url\":\"https:\\\/\\\/www.accidentdutravail-idf.net\\\/blog\\\/author\\\/idfcarlos\\\/\"}]}<\/script>\n<!-- \/ Yoast SEO plugin. -->","yoast_head_json":{"title":"Un syndicat porte plainte pour du \"travail ill\u00e9gal\" dans quatre mus\u00e9es dont Le Louvre - ACCIDENTDUTRAVAIL-IDF","description":"Un syndicat porte plainte pour du \"travail ill\u00e9gal\" dans quatre mus\u00e9es dont Le Louvre article de ACCIDENTDUTRAVAIL-IDF","robots":{"index":"index","follow":"follow","max-snippet":"max-snippet:-1","max-image-preview":"max-image-preview:large","max-video-preview":"max-video-preview:-1"},"canonical":"https:\/\/www.accidentdutravail-idf.net\/blog\/un-syndicat-porte-plainte-pour-du-travail-illegal-dans-quatre-musees-dont-le-louvre\/","og_locale":"fr_FR","og_type":"article","og_title":"Un syndicat porte plainte pour du \"travail ill\u00e9gal\" dans quatre mus\u00e9es dont Le Louvre - ACCIDENTDUTRAVAIL-IDF","og_description":"Un syndicat porte plainte pour du \"travail ill\u00e9gal\" dans quatre mus\u00e9es dont Le Louvre article de ACCIDENTDUTRAVAIL-IDF","og_url":"https:\/\/www.accidentdutravail-idf.net\/blog\/un-syndicat-porte-plainte-pour-du-travail-illegal-dans-quatre-musees-dont-le-louvre\/","og_site_name":"ACCIDENTDUTRAVAIL-IDF","article_published_time":"2024-10-17T10:28:00+00:00","og_image":[{"url":"https:\/\/www.accidentdutravail-idf.net\/blog\/wp-content\/uploads\/2024\/10\/un-syndicat-porte-plainte-pour-du-travail-illegal-dans-quatre-musees-dont-le-louvre.jpg","type":"","width":"","height":""}],"author":"Carlos Poulain","twitter_card":"summary_large_image","twitter_misc":{"\u00c9crit par":"Carlos Poulain","Dur\u00e9e de lecture estim\u00e9e":"4 minutes"},"schema":{"@context":"https:\/\/schema.org","@graph":[{"@type":"Article","@id":"https:\/\/www.accidentdutravail-idf.net\/blog\/un-syndicat-porte-plainte-pour-du-travail-illegal-dans-quatre-musees-dont-le-louvre\/#article","isPartOf":{"@id":"https:\/\/www.accidentdutravail-idf.net\/blog\/un-syndicat-porte-plainte-pour-du-travail-illegal-dans-quatre-musees-dont-le-louvre\/"},"author":{"name":"Carlos Poulain","@id":"https:\/\/www.accidentdutravail-idf.net\/blog\/#\/schema\/person\/3255d2f970de45e64bd9201f38e7b947"},"headline":"Un syndicat porte plainte pour du \u00ab\u00a0travail ill\u00e9gal\u00a0\u00bb dans quatre mus\u00e9es dont Le Louvre","datePublished":"2024-10-17T10:28:00+00:00","mainEntityOfPage":{"@id":"https:\/\/www.accidentdutravail-idf.net\/blog\/un-syndicat-porte-plainte-pour-du-travail-illegal-dans-quatre-musees-dont-le-louvre\/"},"wordCount":908,"publisher":{"@id":"https:\/\/www.accidentdutravail-idf.net\/blog\/#organization"},"image":{"@id":"https:\/\/www.accidentdutravail-idf.net\/blog\/un-syndicat-porte-plainte-pour-du-travail-illegal-dans-quatre-musees-dont-le-louvre\/#primaryimage"},"thumbnailUrl":"https:\/\/www.accidentdutravail-idf.net\/blog\/wp-content\/uploads\/2024\/10\/un-syndicat-porte-plainte-pour-du-travail-illegal-dans-quatre-musees-dont-le-louvre.jpg","articleSection":["S\u00e9curit\u00e9 Du Travail En Ile-De-France Et Divers:"],"inLanguage":"fr-FR"},{"@type":"WebPage","@id":"https:\/\/www.accidentdutravail-idf.net\/blog\/un-syndicat-porte-plainte-pour-du-travail-illegal-dans-quatre-musees-dont-le-louvre\/","url":"https:\/\/www.accidentdutravail-idf.net\/blog\/un-syndicat-porte-plainte-pour-du-travail-illegal-dans-quatre-musees-dont-le-louvre\/","name":"Un syndicat porte plainte pour du \"travail ill\u00e9gal\" dans quatre mus\u00e9es dont Le Louvre - ACCIDENTDUTRAVAIL-IDF","isPartOf":{"@id":"https:\/\/www.accidentdutravail-idf.net\/blog\/#website"},"primaryImageOfPage":{"@id":"https:\/\/www.accidentdutravail-idf.net\/blog\/un-syndicat-porte-plainte-pour-du-travail-illegal-dans-quatre-musees-dont-le-louvre\/#primaryimage"},"image":{"@id":"https:\/\/www.accidentdutravail-idf.net\/blog\/un-syndicat-porte-plainte-pour-du-travail-illegal-dans-quatre-musees-dont-le-louvre\/#primaryimage"},"thumbnailUrl":"https:\/\/www.accidentdutravail-idf.net\/blog\/wp-content\/uploads\/2024\/10\/un-syndicat-porte-plainte-pour-du-travail-illegal-dans-quatre-musees-dont-le-louvre.jpg","datePublished":"2024-10-17T10:28:00+00:00","description":"Un syndicat porte plainte pour du \"travail ill\u00e9gal\" dans quatre mus\u00e9es dont Le Louvre article de ACCIDENTDUTRAVAIL-IDF","breadcrumb":{"@id":"https:\/\/www.accidentdutravail-idf.net\/blog\/un-syndicat-porte-plainte-pour-du-travail-illegal-dans-quatre-musees-dont-le-louvre\/#breadcrumb"},"inLanguage":"fr-FR","potentialAction":[{"@type":"ReadAction","target":["https:\/\/www.accidentdutravail-idf.net\/blog\/un-syndicat-porte-plainte-pour-du-travail-illegal-dans-quatre-musees-dont-le-louvre\/"]}]},{"@type":"ImageObject","inLanguage":"fr-FR","@id":"https:\/\/www.accidentdutravail-idf.net\/blog\/un-syndicat-porte-plainte-pour-du-travail-illegal-dans-quatre-musees-dont-le-louvre\/#primaryimage","url":"https:\/\/www.accidentdutravail-idf.net\/blog\/wp-content\/uploads\/2024\/10\/un-syndicat-porte-plainte-pour-du-travail-illegal-dans-quatre-musees-dont-le-louvre.jpg","contentUrl":"https:\/\/www.accidentdutravail-idf.net\/blog\/wp-content\/uploads\/2024\/10\/un-syndicat-porte-plainte-pour-du-travail-illegal-dans-quatre-musees-dont-le-louvre.jpg"},{"@type":"BreadcrumbList","@id":"https:\/\/www.accidentdutravail-idf.net\/blog\/un-syndicat-porte-plainte-pour-du-travail-illegal-dans-quatre-musees-dont-le-louvre\/#breadcrumb","itemListElement":[{"@type":"ListItem","position":1,"name":"Accueil","item":"https:\/\/www.accidentdutravail-idf.net\/blog\/"},{"@type":"ListItem","position":2,"name":"Un syndicat porte plainte pour du \u00ab\u00a0travail ill\u00e9gal\u00a0\u00bb dans quatre mus\u00e9es dont Le Louvre"}]},{"@type":"WebSite","@id":"https:\/\/www.accidentdutravail-idf.net\/blog\/#website","url":"https:\/\/www.accidentdutravail-idf.net\/blog\/","name":"ACCIDENTDUTRAVAIL-IDF","description":"Portail accidents du travail-maladies professionnelles des entreprises d&#039;Ile-de-France","publisher":{"@id":"https:\/\/www.accidentdutravail-idf.net\/blog\/#organization"},"potentialAction":[{"@type":"SearchAction","target":{"@type":"EntryPoint","urlTemplate":"https:\/\/www.accidentdutravail-idf.net\/blog\/?s={search_term_string}"},"query-input":{"@type":"PropertyValueSpecification","valueRequired":true,"valueName":"search_term_string"}}],"inLanguage":"fr-FR"},{"@type":"Organization","@id":"https:\/\/www.accidentdutravail-idf.net\/blog\/#organization","name":"accidentdutravail-idf","url":"https:\/\/www.accidentdutravail-idf.net\/blog\/","logo":{"@type":"ImageObject","inLanguage":"fr-FR","@id":"https:\/\/www.accidentdutravail-idf.net\/blog\/#\/schema\/logo\/image\/","url":"https:\/\/www.accidentdutravail-idf.net\/blog\/wp-content\/uploads\/2022\/09\/logo-2.png","contentUrl":"https:\/\/www.accidentdutravail-idf.net\/blog\/wp-content\/uploads\/2022\/09\/logo-2.png","width":380,"height":291,"caption":"accidentdutravail-idf"},"image":{"@id":"https:\/\/www.accidentdutravail-idf.net\/blog\/#\/schema\/logo\/image\/"}},{"@type":"Person","@id":"https:\/\/www.accidentdutravail-idf.net\/blog\/#\/schema\/person\/3255d2f970de45e64bd9201f38e7b947","name":"Carlos Poulain","image":{"@type":"ImageObject","inLanguage":"fr-FR","@id":"https:\/\/secure.gravatar.com\/avatar\/b1c2f9d3588e34e91adb093635df64ef4b2381991216be7576466cfcdca4baf3?s=96&d=mm&r=g","url":"https:\/\/secure.gravatar.com\/avatar\/b1c2f9d3588e34e91adb093635df64ef4b2381991216be7576466cfcdca4baf3?s=96&d=mm&r=g","contentUrl":"https:\/\/secure.gravatar.com\/avatar\/b1c2f9d3588e34e91adb093635df64ef4b2381991216be7576466cfcdca4baf3?s=96&d=mm&r=g","caption":"Carlos Poulain"},"url":"https:\/\/www.accidentdutravail-idf.net\/blog\/author\/idfcarlos\/"}]}},"_links":{"self":[{"href":"https:\/\/www.accidentdutravail-idf.net\/blog\/wp-json\/wp\/v2\/posts\/920","targetHints":{"allow":["GET"]}}],"collection":[{"href":"https:\/\/www.accidentdutravail-idf.net\/blog\/wp-json\/wp\/v2\/posts"}],"about":[{"href":"https:\/\/www.accidentdutravail-idf.net\/blog\/wp-json\/wp\/v2\/types\/post"}],"author":[{"embeddable":true,"href":"https:\/\/www.accidentdutravail-idf.net\/blog\/wp-json\/wp\/v2\/users\/2"}],"replies":[{"embeddable":true,"href":"https:\/\/www.accidentdutravail-idf.net\/blog\/wp-json\/wp\/v2\/comments?post=920"}],"version-history":[{"count":0,"href":"https:\/\/www.accidentdutravail-idf.net\/blog\/wp-json\/wp\/v2\/posts\/920\/revisions"}],"wp:attachment":[{"href":"https:\/\/www.accidentdutravail-idf.net\/blog\/wp-json\/wp\/v2\/media?parent=920"}],"wp:term":[{"taxonomy":"category","embeddable":true,"href":"https:\/\/www.accidentdutravail-idf.net\/blog\/wp-json\/wp\/v2\/categories?post=920"},{"taxonomy":"post_tag","embeddable":true,"href":"https:\/\/www.accidentdutravail-idf.net\/blog\/wp-json\/wp\/v2\/tags?post=920"}],"curies":[{"name":"wp","href":"https:\/\/api.w.org\/{rel}","templated":true}]}}