{"id":918,"date":"2024-10-17T12:50:00","date_gmt":"2024-10-17T10:50:00","guid":{"rendered":"https:\/\/www.accidentdutravail-idf.net\/blog\/accident-de-travail-un-homme-chute-au-fort-de-charlemont-blesse-au-visage-et-a-la-tete\/"},"modified":"2024-10-17T12:50:00","modified_gmt":"2024-10-17T10:50:00","slug":"accident-de-travail-un-homme-chute-au-fort-de-charlemont-blesse-au-visage-et-a-la-tete","status":"publish","type":"post","link":"https:\/\/www.accidentdutravail-idf.net\/blog\/accident-de-travail-un-homme-chute-au-fort-de-charlemont-blesse-au-visage-et-a-la-tete\/","title":{"rendered":"Accident de travail : un homme chute au fort de Charlemont, bless\u00e9 au visage et \u00e0 la t\u00eate"},"content":{"rendered":"<div><img decoding=\"async\" src=\"https:\/\/www.accidentdutravail-idf.net\/blog\/wp-content\/uploads\/2024\/10\/accident-de-travail-un-homme-chute-au-fort-de-charlemont-blesse-au-visage-et-a-la-tete.jpg\" class=\"ff-og-image-inserted\"><\/div>\n<p>Ce jeudi 17 octobre 2024, vers 13h45, les pompiers de Givet, Haybes et du CNPE de Chooz sont intervenus au<a href=\"https:\/\/www.lardennais.fr\/id643867\/article\/2024-09-25\/circulation-lentree-de-givet-en-venant-de-vireux-est-fermee\" target=\"_blank\" rel=\"noopener nofollow\"><strong> fort de Charlemont<\/strong><\/a>de Givet.<\/p>\n<p><!-- \/\/ builder=DFPTagBuilder, site=REMENG, pageType=node, context=\/Sections\/L\\'Ardennais\/Ardennes\/Givet, position=article_article, edition=, domain=www.lardennais.fr --> <!-- \/\/ builder=DFPTagBuilder, site=REMENG, pageType=node, context=\/Sections\/L\\'Ardennais\/Ardennes\/Givet, position=article_article, edition=, domain=www.lardennais.fr --> <\/p>\n<h2 class=\"sub-head\">En chantier d\u2019insertion<\/h2>\n<p>Il s\u2019agissait d\u2019un accident du travail&nbsp;: un homme \u00e2g\u00e9 de 21 ans a chut\u00e9 dans un talus, et a fait des roulades sur une distance d\u2019environ quinze m\u00e8tres, lors de travaux de <strong>d\u00e9broussaillage.<\/strong><\/p>\n<p><!-- \/\/ builder=DFPTagBuilder, site=REMENG, pageType=node, context=\/Sections\/L\\'Ardennais\/Ardennes\/Givet, position=article_article, edition=, domain=www.lardennais.fr --> <\/p>\n<p>D\u2019apr\u00e8s nos informations, la personne bless\u00e9e travaille au Lien IAE&nbsp;de Vireux, en chantier d\u2019insertion.<\/p>\n<p><!-- \/\/ builder=DFPTagBuilder, site=REMENG, pageType=node, context=\/Sections\/L\\'Ardennais\/Ardennes\/Givet, position=article_droite_haute_es, edition=, domain=www.lardennais.fr --> <!-- \/\/ builder=DFPTagBuilder, site=REMENG, pageType=node, context=\/Sections\/L\\'Ardennais\/Ardennes\/Givet, position=article_droite_haute_es, edition=, domain=www.lardennais.fr --> <!-- \/\/ builder=DFPTagBuilder, site=REMENG, pageType=node, context=\/Sections\/L\\'Ardennais\/Ardennes\/Givet, position=article_pave_medium, edition=, domain=www.lardennais.fr --> <!-- \/\/ builder=DFPTagBuilder, site=REMENG, pageType=node, context=\/Sections\/L\\'Ardennais\/Ardennes\/Givet, position=article_pave_medium, edition=, domain=www.lardennais.fr --> <\/p>\n<h2 class=\"sub-head\">Transport\u00e9 m\u00e9dicalis\u00e9 \u00e0 l\u2019h\u00f4pital de Dinant<\/h2>\n<p>Il pr\u00e9sentait de <strong>multiples plaies au visage et \u00e0 la t\u00eate<\/strong>. Il a \u00e9t\u00e9 pris en charge et transport\u00e9 \u00e0 l\u2019h\u00f4pital de Dinant, m\u00e9dicalis\u00e9.<\/p>\n<p>La gendarmerie et le Smur de Fumay \u00e9taient sur les lieux. La mairie a \u00e9t\u00e9 aussi alert\u00e9e.<\/p>\n<p>accidentdutravail-idf.net vous a pr\u00e9par\u00e9 ce post qui informe du sujet \u00ab\u00a0Association Sportive Huisson-Longueville Essonne\u00a0\u00bb. La chronique se veut g\u00e9n\u00e9r\u00e9e du mieux possible. Vous pouvez utiliser les coordonn\u00e9es indiqu\u00e9es sur le site dans le but d\u2019apporter des explications sur ce post qui parle du th\u00e8me \u00ab\u00a0Association Sportive Huisson-Longueville Essonne\u00a0\u00bb. Le site accidentdutravail-idf.net a pour but de fournir diverses publications sur la th\u00e9matique Association Sportive Huisson-Longueville Essonne diffus\u00e9es sur le net. Il y aura plusieurs articles autour du sujet \u00ab\u00a0Association Sportive Huisson-Longueville Essonne\u00a0\u00bb dans quelques jours, nous vous invitons \u00e0 naviguer sur notre site web \u00e0 plusieurs reprises.<\/p>\n","protected":false},"excerpt":{"rendered":"<p>Ce jeudi 17 octobre 2024, vers 13h45, les pompiers de Givet, Haybes et du CNPE de Chooz sont intervenus au fort de Charlemontde Givet. En chantier d\u2019insertion Il s\u2019agissait d\u2019un accident du travail&nbsp;: un homme \u00e2g\u00e9 de 21 ans a chut\u00e9 dans un talus, et a fait des roulades sur une distance d\u2019environ quinze m\u00e8tres, &hellip; <\/p>\n<p class=\"link-more\"><a href=\"https:\/\/www.accidentdutravail-idf.net\/blog\/accident-de-travail-un-homme-chute-au-fort-de-charlemont-blesse-au-visage-et-a-la-tete\/\" class=\"more-link\">Continuer la lecture <span class=\"screen-reader-text\"> \u00ab\u00a0Accident de travail : un homme chute au fort de Charlemont, bless\u00e9 au visage et \u00e0 la t\u00eate\u00a0\u00bb<\/span><\/a><\/p>\n","protected":false},"author":2,"featured_media":0,"comment_status":"closed","ping_status":"closed","sticky":false,"template":"","format":"standard","meta":{"footnotes":""},"categories":[5],"tags":[],"class_list":["post-918","post","type-post","status-publish","format-standard","hentry","category-securite-du-travail-en-ile-de-france-et-divers","entry"],"yoast_head":"<!-- This site is optimized with the Yoast SEO plugin v27.5 - https:\/\/yoast.com\/product\/yoast-seo-wordpress\/ -->\n<title>Accident de travail : un homme chute au fort de Charlemont, bless\u00e9 au visage et \u00e0 la t\u00eate - ACCIDENTDUTRAVAIL-IDF<\/title>\n<meta name=\"description\" content=\"Accident de travail : un homme chute au fort de Charlemont, bless\u00e9 au visage et \u00e0 la t\u00eate article de ACCIDENTDUTRAVAIL-IDF\" \/>\n<meta name=\"robots\" content=\"index, follow, max-snippet:-1, max-image-preview:large, max-video-preview:-1\" \/>\n<link rel=\"canonical\" href=\"https:\/\/www.accidentdutravail-idf.net\/blog\/accident-de-travail-un-homme-chute-au-fort-de-charlemont-blesse-au-visage-et-a-la-tete\/\" \/>\n<meta property=\"og:locale\" content=\"fr_FR\" \/>\n<meta property=\"og:type\" content=\"article\" \/>\n<meta property=\"og:title\" content=\"Accident de travail : un homme chute au fort de Charlemont, bless\u00e9 au visage et \u00e0 la t\u00eate - ACCIDENTDUTRAVAIL-IDF\" \/>\n<meta property=\"og:description\" content=\"Accident de travail : un homme chute au fort de Charlemont, bless\u00e9 au visage et \u00e0 la t\u00eate article de ACCIDENTDUTRAVAIL-IDF\" \/>\n<meta property=\"og:url\" content=\"https:\/\/www.accidentdutravail-idf.net\/blog\/accident-de-travail-un-homme-chute-au-fort-de-charlemont-blesse-au-visage-et-a-la-tete\/\" \/>\n<meta property=\"og:site_name\" content=\"ACCIDENTDUTRAVAIL-IDF\" \/>\n<meta property=\"article:published_time\" content=\"2024-10-17T10:50:00+00:00\" \/>\n<meta property=\"og:image\" content=\"https:\/\/www.accidentdutravail-idf.net\/blog\/wp-content\/uploads\/2024\/10\/accident-de-travail-un-homme-chute-au-fort-de-charlemont-blesse-au-visage-et-a-la-tete.jpg\" \/>\n<meta name=\"author\" content=\"Carlos Poulain\" \/>\n<meta name=\"twitter:card\" content=\"summary_large_image\" \/>\n<meta name=\"twitter:label1\" content=\"\u00c9crit par\" \/>\n\t<meta name=\"twitter:data1\" content=\"Carlos Poulain\" \/>\n\t<meta name=\"twitter:label2\" content=\"Dur\u00e9e de lecture estim\u00e9e\" \/>\n\t<meta name=\"twitter:data2\" content=\"1 minute\" \/>\n<script type=\"application\/ld+json\" class=\"yoast-schema-graph\">{\"@context\":\"https:\\\/\\\/schema.org\",\"@graph\":[{\"@type\":\"Article\",\"@id\":\"https:\\\/\\\/www.accidentdutravail-idf.net\\\/blog\\\/accident-de-travail-un-homme-chute-au-fort-de-charlemont-blesse-au-visage-et-a-la-tete\\\/#article\",\"isPartOf\":{\"@id\":\"https:\\\/\\\/www.accidentdutravail-idf.net\\\/blog\\\/accident-de-travail-un-homme-chute-au-fort-de-charlemont-blesse-au-visage-et-a-la-tete\\\/\"},\"author\":{\"name\":\"Carlos Poulain\",\"@id\":\"https:\\\/\\\/www.accidentdutravail-idf.net\\\/blog\\\/#\\\/schema\\\/person\\\/3255d2f970de45e64bd9201f38e7b947\"},\"headline\":\"Accident de travail : un homme chute au fort de Charlemont, bless\u00e9 au visage et \u00e0 la t\u00eate\",\"datePublished\":\"2024-10-17T10:50:00+00:00\",\"mainEntityOfPage\":{\"@id\":\"https:\\\/\\\/www.accidentdutravail-idf.net\\\/blog\\\/accident-de-travail-un-homme-chute-au-fort-de-charlemont-blesse-au-visage-et-a-la-tete\\\/\"},\"wordCount\":261,\"publisher\":{\"@id\":\"https:\\\/\\\/www.accidentdutravail-idf.net\\\/blog\\\/#organization\"},\"image\":{\"@id\":\"https:\\\/\\\/www.accidentdutravail-idf.net\\\/blog\\\/accident-de-travail-un-homme-chute-au-fort-de-charlemont-blesse-au-visage-et-a-la-tete\\\/#primaryimage\"},\"thumbnailUrl\":\"https:\\\/\\\/www.accidentdutravail-idf.net\\\/blog\\\/wp-content\\\/uploads\\\/2024\\\/10\\\/accident-de-travail-un-homme-chute-au-fort-de-charlemont-blesse-au-visage-et-a-la-tete.jpg\",\"articleSection\":[\"S\u00e9curit\u00e9 Du Travail En Ile-De-France Et Divers:\"],\"inLanguage\":\"fr-FR\"},{\"@type\":\"WebPage\",\"@id\":\"https:\\\/\\\/www.accidentdutravail-idf.net\\\/blog\\\/accident-de-travail-un-homme-chute-au-fort-de-charlemont-blesse-au-visage-et-a-la-tete\\\/\",\"url\":\"https:\\\/\\\/www.accidentdutravail-idf.net\\\/blog\\\/accident-de-travail-un-homme-chute-au-fort-de-charlemont-blesse-au-visage-et-a-la-tete\\\/\",\"name\":\"Accident de travail : un homme chute au fort de Charlemont, bless\u00e9 au visage et \u00e0 la t\u00eate - ACCIDENTDUTRAVAIL-IDF\",\"isPartOf\":{\"@id\":\"https:\\\/\\\/www.accidentdutravail-idf.net\\\/blog\\\/#website\"},\"primaryImageOfPage\":{\"@id\":\"https:\\\/\\\/www.accidentdutravail-idf.net\\\/blog\\\/accident-de-travail-un-homme-chute-au-fort-de-charlemont-blesse-au-visage-et-a-la-tete\\\/#primaryimage\"},\"image\":{\"@id\":\"https:\\\/\\\/www.accidentdutravail-idf.net\\\/blog\\\/accident-de-travail-un-homme-chute-au-fort-de-charlemont-blesse-au-visage-et-a-la-tete\\\/#primaryimage\"},\"thumbnailUrl\":\"https:\\\/\\\/www.accidentdutravail-idf.net\\\/blog\\\/wp-content\\\/uploads\\\/2024\\\/10\\\/accident-de-travail-un-homme-chute-au-fort-de-charlemont-blesse-au-visage-et-a-la-tete.jpg\",\"datePublished\":\"2024-10-17T10:50:00+00:00\",\"description\":\"Accident de travail : un homme chute au fort de Charlemont, bless\u00e9 au visage et \u00e0 la t\u00eate article de ACCIDENTDUTRAVAIL-IDF\",\"breadcrumb\":{\"@id\":\"https:\\\/\\\/www.accidentdutravail-idf.net\\\/blog\\\/accident-de-travail-un-homme-chute-au-fort-de-charlemont-blesse-au-visage-et-a-la-tete\\\/#breadcrumb\"},\"inLanguage\":\"fr-FR\",\"potentialAction\":[{\"@type\":\"ReadAction\",\"target\":[\"https:\\\/\\\/www.accidentdutravail-idf.net\\\/blog\\\/accident-de-travail-un-homme-chute-au-fort-de-charlemont-blesse-au-visage-et-a-la-tete\\\/\"]}]},{\"@type\":\"ImageObject\",\"inLanguage\":\"fr-FR\",\"@id\":\"https:\\\/\\\/www.accidentdutravail-idf.net\\\/blog\\\/accident-de-travail-un-homme-chute-au-fort-de-charlemont-blesse-au-visage-et-a-la-tete\\\/#primaryimage\",\"url\":\"https:\\\/\\\/www.accidentdutravail-idf.net\\\/blog\\\/wp-content\\\/uploads\\\/2024\\\/10\\\/accident-de-travail-un-homme-chute-au-fort-de-charlemont-blesse-au-visage-et-a-la-tete.jpg\",\"contentUrl\":\"https:\\\/\\\/www.accidentdutravail-idf.net\\\/blog\\\/wp-content\\\/uploads\\\/2024\\\/10\\\/accident-de-travail-un-homme-chute-au-fort-de-charlemont-blesse-au-visage-et-a-la-tete.jpg\"},{\"@type\":\"BreadcrumbList\",\"@id\":\"https:\\\/\\\/www.accidentdutravail-idf.net\\\/blog\\\/accident-de-travail-un-homme-chute-au-fort-de-charlemont-blesse-au-visage-et-a-la-tete\\\/#breadcrumb\",\"itemListElement\":[{\"@type\":\"ListItem\",\"position\":1,\"name\":\"Accueil\",\"item\":\"https:\\\/\\\/www.accidentdutravail-idf.net\\\/blog\\\/\"},{\"@type\":\"ListItem\",\"position\":2,\"name\":\"Accident de travail : un homme chute au fort de Charlemont, bless\u00e9 au visage et \u00e0 la t\u00eate\"}]},{\"@type\":\"WebSite\",\"@id\":\"https:\\\/\\\/www.accidentdutravail-idf.net\\\/blog\\\/#website\",\"url\":\"https:\\\/\\\/www.accidentdutravail-idf.net\\\/blog\\\/\",\"name\":\"ACCIDENTDUTRAVAIL-IDF\",\"description\":\"Portail accidents du travail-maladies professionnelles des entreprises d&#039;Ile-de-France\",\"publisher\":{\"@id\":\"https:\\\/\\\/www.accidentdutravail-idf.net\\\/blog\\\/#organization\"},\"potentialAction\":[{\"@type\":\"SearchAction\",\"target\":{\"@type\":\"EntryPoint\",\"urlTemplate\":\"https:\\\/\\\/www.accidentdutravail-idf.net\\\/blog\\\/?s={search_term_string}\"},\"query-input\":{\"@type\":\"PropertyValueSpecification\",\"valueRequired\":true,\"valueName\":\"search_term_string\"}}],\"inLanguage\":\"fr-FR\"},{\"@type\":\"Organization\",\"@id\":\"https:\\\/\\\/www.accidentdutravail-idf.net\\\/blog\\\/#organization\",\"name\":\"accidentdutravail-idf\",\"url\":\"https:\\\/\\\/www.accidentdutravail-idf.net\\\/blog\\\/\",\"logo\":{\"@type\":\"ImageObject\",\"inLanguage\":\"fr-FR\",\"@id\":\"https:\\\/\\\/www.accidentdutravail-idf.net\\\/blog\\\/#\\\/schema\\\/logo\\\/image\\\/\",\"url\":\"https:\\\/\\\/www.accidentdutravail-idf.net\\\/blog\\\/wp-content\\\/uploads\\\/2022\\\/09\\\/logo-2.png\",\"contentUrl\":\"https:\\\/\\\/www.accidentdutravail-idf.net\\\/blog\\\/wp-content\\\/uploads\\\/2022\\\/09\\\/logo-2.png\",\"width\":380,\"height\":291,\"caption\":\"accidentdutravail-idf\"},\"image\":{\"@id\":\"https:\\\/\\\/www.accidentdutravail-idf.net\\\/blog\\\/#\\\/schema\\\/logo\\\/image\\\/\"}},{\"@type\":\"Person\",\"@id\":\"https:\\\/\\\/www.accidentdutravail-idf.net\\\/blog\\\/#\\\/schema\\\/person\\\/3255d2f970de45e64bd9201f38e7b947\",\"name\":\"Carlos Poulain\",\"image\":{\"@type\":\"ImageObject\",\"inLanguage\":\"fr-FR\",\"@id\":\"https:\\\/\\\/secure.gravatar.com\\\/avatar\\\/b1c2f9d3588e34e91adb093635df64ef4b2381991216be7576466cfcdca4baf3?s=96&d=mm&r=g\",\"url\":\"https:\\\/\\\/secure.gravatar.com\\\/avatar\\\/b1c2f9d3588e34e91adb093635df64ef4b2381991216be7576466cfcdca4baf3?s=96&d=mm&r=g\",\"contentUrl\":\"https:\\\/\\\/secure.gravatar.com\\\/avatar\\\/b1c2f9d3588e34e91adb093635df64ef4b2381991216be7576466cfcdca4baf3?s=96&d=mm&r=g\",\"caption\":\"Carlos Poulain\"},\"url\":\"https:\\\/\\\/www.accidentdutravail-idf.net\\\/blog\\\/author\\\/idfcarlos\\\/\"}]}<\/script>\n<!-- \/ Yoast SEO plugin. -->","yoast_head_json":{"title":"Accident de travail : un homme chute au fort de Charlemont, bless\u00e9 au visage et \u00e0 la t\u00eate - ACCIDENTDUTRAVAIL-IDF","description":"Accident de travail : un homme chute au fort de Charlemont, bless\u00e9 au visage et \u00e0 la t\u00eate article de ACCIDENTDUTRAVAIL-IDF","robots":{"index":"index","follow":"follow","max-snippet":"max-snippet:-1","max-image-preview":"max-image-preview:large","max-video-preview":"max-video-preview:-1"},"canonical":"https:\/\/www.accidentdutravail-idf.net\/blog\/accident-de-travail-un-homme-chute-au-fort-de-charlemont-blesse-au-visage-et-a-la-tete\/","og_locale":"fr_FR","og_type":"article","og_title":"Accident de travail : un homme chute au fort de Charlemont, bless\u00e9 au visage et \u00e0 la t\u00eate - ACCIDENTDUTRAVAIL-IDF","og_description":"Accident de travail : un homme chute au fort de Charlemont, bless\u00e9 au visage et \u00e0 la t\u00eate article de ACCIDENTDUTRAVAIL-IDF","og_url":"https:\/\/www.accidentdutravail-idf.net\/blog\/accident-de-travail-un-homme-chute-au-fort-de-charlemont-blesse-au-visage-et-a-la-tete\/","og_site_name":"ACCIDENTDUTRAVAIL-IDF","article_published_time":"2024-10-17T10:50:00+00:00","og_image":[{"url":"https:\/\/www.accidentdutravail-idf.net\/blog\/wp-content\/uploads\/2024\/10\/accident-de-travail-un-homme-chute-au-fort-de-charlemont-blesse-au-visage-et-a-la-tete.jpg","type":"","width":"","height":""}],"author":"Carlos Poulain","twitter_card":"summary_large_image","twitter_misc":{"\u00c9crit par":"Carlos Poulain","Dur\u00e9e de lecture estim\u00e9e":"1 minute"},"schema":{"@context":"https:\/\/schema.org","@graph":[{"@type":"Article","@id":"https:\/\/www.accidentdutravail-idf.net\/blog\/accident-de-travail-un-homme-chute-au-fort-de-charlemont-blesse-au-visage-et-a-la-tete\/#article","isPartOf":{"@id":"https:\/\/www.accidentdutravail-idf.net\/blog\/accident-de-travail-un-homme-chute-au-fort-de-charlemont-blesse-au-visage-et-a-la-tete\/"},"author":{"name":"Carlos Poulain","@id":"https:\/\/www.accidentdutravail-idf.net\/blog\/#\/schema\/person\/3255d2f970de45e64bd9201f38e7b947"},"headline":"Accident de travail : un homme chute au fort de Charlemont, bless\u00e9 au visage et \u00e0 la t\u00eate","datePublished":"2024-10-17T10:50:00+00:00","mainEntityOfPage":{"@id":"https:\/\/www.accidentdutravail-idf.net\/blog\/accident-de-travail-un-homme-chute-au-fort-de-charlemont-blesse-au-visage-et-a-la-tete\/"},"wordCount":261,"publisher":{"@id":"https:\/\/www.accidentdutravail-idf.net\/blog\/#organization"},"image":{"@id":"https:\/\/www.accidentdutravail-idf.net\/blog\/accident-de-travail-un-homme-chute-au-fort-de-charlemont-blesse-au-visage-et-a-la-tete\/#primaryimage"},"thumbnailUrl":"https:\/\/www.accidentdutravail-idf.net\/blog\/wp-content\/uploads\/2024\/10\/accident-de-travail-un-homme-chute-au-fort-de-charlemont-blesse-au-visage-et-a-la-tete.jpg","articleSection":["S\u00e9curit\u00e9 Du Travail En Ile-De-France Et Divers:"],"inLanguage":"fr-FR"},{"@type":"WebPage","@id":"https:\/\/www.accidentdutravail-idf.net\/blog\/accident-de-travail-un-homme-chute-au-fort-de-charlemont-blesse-au-visage-et-a-la-tete\/","url":"https:\/\/www.accidentdutravail-idf.net\/blog\/accident-de-travail-un-homme-chute-au-fort-de-charlemont-blesse-au-visage-et-a-la-tete\/","name":"Accident de travail : un homme chute au fort de Charlemont, bless\u00e9 au visage et \u00e0 la t\u00eate - ACCIDENTDUTRAVAIL-IDF","isPartOf":{"@id":"https:\/\/www.accidentdutravail-idf.net\/blog\/#website"},"primaryImageOfPage":{"@id":"https:\/\/www.accidentdutravail-idf.net\/blog\/accident-de-travail-un-homme-chute-au-fort-de-charlemont-blesse-au-visage-et-a-la-tete\/#primaryimage"},"image":{"@id":"https:\/\/www.accidentdutravail-idf.net\/blog\/accident-de-travail-un-homme-chute-au-fort-de-charlemont-blesse-au-visage-et-a-la-tete\/#primaryimage"},"thumbnailUrl":"https:\/\/www.accidentdutravail-idf.net\/blog\/wp-content\/uploads\/2024\/10\/accident-de-travail-un-homme-chute-au-fort-de-charlemont-blesse-au-visage-et-a-la-tete.jpg","datePublished":"2024-10-17T10:50:00+00:00","description":"Accident de travail : un homme chute au fort de Charlemont, bless\u00e9 au visage et \u00e0 la t\u00eate article de ACCIDENTDUTRAVAIL-IDF","breadcrumb":{"@id":"https:\/\/www.accidentdutravail-idf.net\/blog\/accident-de-travail-un-homme-chute-au-fort-de-charlemont-blesse-au-visage-et-a-la-tete\/#breadcrumb"},"inLanguage":"fr-FR","potentialAction":[{"@type":"ReadAction","target":["https:\/\/www.accidentdutravail-idf.net\/blog\/accident-de-travail-un-homme-chute-au-fort-de-charlemont-blesse-au-visage-et-a-la-tete\/"]}]},{"@type":"ImageObject","inLanguage":"fr-FR","@id":"https:\/\/www.accidentdutravail-idf.net\/blog\/accident-de-travail-un-homme-chute-au-fort-de-charlemont-blesse-au-visage-et-a-la-tete\/#primaryimage","url":"https:\/\/www.accidentdutravail-idf.net\/blog\/wp-content\/uploads\/2024\/10\/accident-de-travail-un-homme-chute-au-fort-de-charlemont-blesse-au-visage-et-a-la-tete.jpg","contentUrl":"https:\/\/www.accidentdutravail-idf.net\/blog\/wp-content\/uploads\/2024\/10\/accident-de-travail-un-homme-chute-au-fort-de-charlemont-blesse-au-visage-et-a-la-tete.jpg"},{"@type":"BreadcrumbList","@id":"https:\/\/www.accidentdutravail-idf.net\/blog\/accident-de-travail-un-homme-chute-au-fort-de-charlemont-blesse-au-visage-et-a-la-tete\/#breadcrumb","itemListElement":[{"@type":"ListItem","position":1,"name":"Accueil","item":"https:\/\/www.accidentdutravail-idf.net\/blog\/"},{"@type":"ListItem","position":2,"name":"Accident de travail : un homme chute au fort de Charlemont, bless\u00e9 au visage et \u00e0 la t\u00eate"}]},{"@type":"WebSite","@id":"https:\/\/www.accidentdutravail-idf.net\/blog\/#website","url":"https:\/\/www.accidentdutravail-idf.net\/blog\/","name":"ACCIDENTDUTRAVAIL-IDF","description":"Portail accidents du travail-maladies professionnelles des entreprises d&#039;Ile-de-France","publisher":{"@id":"https:\/\/www.accidentdutravail-idf.net\/blog\/#organization"},"potentialAction":[{"@type":"SearchAction","target":{"@type":"EntryPoint","urlTemplate":"https:\/\/www.accidentdutravail-idf.net\/blog\/?s={search_term_string}"},"query-input":{"@type":"PropertyValueSpecification","valueRequired":true,"valueName":"search_term_string"}}],"inLanguage":"fr-FR"},{"@type":"Organization","@id":"https:\/\/www.accidentdutravail-idf.net\/blog\/#organization","name":"accidentdutravail-idf","url":"https:\/\/www.accidentdutravail-idf.net\/blog\/","logo":{"@type":"ImageObject","inLanguage":"fr-FR","@id":"https:\/\/www.accidentdutravail-idf.net\/blog\/#\/schema\/logo\/image\/","url":"https:\/\/www.accidentdutravail-idf.net\/blog\/wp-content\/uploads\/2022\/09\/logo-2.png","contentUrl":"https:\/\/www.accidentdutravail-idf.net\/blog\/wp-content\/uploads\/2022\/09\/logo-2.png","width":380,"height":291,"caption":"accidentdutravail-idf"},"image":{"@id":"https:\/\/www.accidentdutravail-idf.net\/blog\/#\/schema\/logo\/image\/"}},{"@type":"Person","@id":"https:\/\/www.accidentdutravail-idf.net\/blog\/#\/schema\/person\/3255d2f970de45e64bd9201f38e7b947","name":"Carlos Poulain","image":{"@type":"ImageObject","inLanguage":"fr-FR","@id":"https:\/\/secure.gravatar.com\/avatar\/b1c2f9d3588e34e91adb093635df64ef4b2381991216be7576466cfcdca4baf3?s=96&d=mm&r=g","url":"https:\/\/secure.gravatar.com\/avatar\/b1c2f9d3588e34e91adb093635df64ef4b2381991216be7576466cfcdca4baf3?s=96&d=mm&r=g","contentUrl":"https:\/\/secure.gravatar.com\/avatar\/b1c2f9d3588e34e91adb093635df64ef4b2381991216be7576466cfcdca4baf3?s=96&d=mm&r=g","caption":"Carlos Poulain"},"url":"https:\/\/www.accidentdutravail-idf.net\/blog\/author\/idfcarlos\/"}]}},"_links":{"self":[{"href":"https:\/\/www.accidentdutravail-idf.net\/blog\/wp-json\/wp\/v2\/posts\/918","targetHints":{"allow":["GET"]}}],"collection":[{"href":"https:\/\/www.accidentdutravail-idf.net\/blog\/wp-json\/wp\/v2\/posts"}],"about":[{"href":"https:\/\/www.accidentdutravail-idf.net\/blog\/wp-json\/wp\/v2\/types\/post"}],"author":[{"embeddable":true,"href":"https:\/\/www.accidentdutravail-idf.net\/blog\/wp-json\/wp\/v2\/users\/2"}],"replies":[{"embeddable":true,"href":"https:\/\/www.accidentdutravail-idf.net\/blog\/wp-json\/wp\/v2\/comments?post=918"}],"version-history":[{"count":0,"href":"https:\/\/www.accidentdutravail-idf.net\/blog\/wp-json\/wp\/v2\/posts\/918\/revisions"}],"wp:attachment":[{"href":"https:\/\/www.accidentdutravail-idf.net\/blog\/wp-json\/wp\/v2\/media?parent=918"}],"wp:term":[{"taxonomy":"category","embeddable":true,"href":"https:\/\/www.accidentdutravail-idf.net\/blog\/wp-json\/wp\/v2\/categories?post=918"},{"taxonomy":"post_tag","embeddable":true,"href":"https:\/\/www.accidentdutravail-idf.net\/blog\/wp-json\/wp\/v2\/tags?post=918"}],"curies":[{"name":"wp","href":"https:\/\/api.w.org\/{rel}","templated":true}]}}