{"id":916,"date":"2024-10-17T03:30:00","date_gmt":"2024-10-17T01:30:00","guid":{"rendered":"https:\/\/www.accidentdutravail-idf.net\/blog\/michel-drucker-secoue-comme-jamais-auparavant-son-studio-place-sous-scelle-apres-une-chute-de-10-metres\/"},"modified":"2024-10-17T03:30:00","modified_gmt":"2024-10-17T01:30:00","slug":"michel-drucker-secoue-comme-jamais-auparavant-son-studio-place-sous-scelle-apres-une-chute-de-10-metres","status":"publish","type":"post","link":"https:\/\/www.accidentdutravail-idf.net\/blog\/michel-drucker-secoue-comme-jamais-auparavant-son-studio-place-sous-scelle-apres-une-chute-de-10-metres\/","title":{"rendered":"Michel Drucker secou\u00e9 comme jamais auparavant : son studio plac\u00e9 sous scell\u00e9 apr\u00e8s une chute de 10 m\u00e8tres"},"content":{"rendered":"<div><img decoding=\"async\" src=\"https:\/\/www.accidentdutravail-idf.net\/blog\/wp-content\/uploads\/2024\/10\/michel-drucker-secoue-comme-jamais-auparavant-son-studio-place-sous-scelle-apres-une-chute-de-10-metres.jpg\" class=\"ff-og-image-inserted\"><\/div>\n<div> <span class=\"text-2xl font-bold\"> R\u00e9sum\u00e9 <\/span> <\/p>\n<div>p]:list-item [&amp;&gt;p]:list-[&lsquo;\u279c&rsquo;] [&amp;&gt;p]:pl-2 marker:text-primary ml-4&Prime; readability=\u00a0\u00bb35&Prime;&gt; <\/p>\n<p>Michel Drucker risque d\u2019\u00eatre tenu responsable d\u2019un accident du travail d\u2019un de ses employ\u00e9s, au Studio Gabriel, o\u00f9 se tourne \u00ab&nbsp;Vivement dimanche&nbsp;\u00bb.<\/p>\n<\/p><\/div>\n<details>\n<summary class=\"text-gray-600 cursor-pointer select-none\"> Sommaire <\/summary>\n<\/details><\/div>\n<div id=\"post-content\">\n<p>Michel Drucker connait une rentr\u00e9e assez mouvement\u00e9e, dans<em> \u00ab\u00a0Vivement dimanche\u00a0\u00bb<\/em>. C&rsquo;est ce que rapporte Mediapart, ce 17 octobre 2024. En effet, apr\u00e8s un grave accident du travail, fin ao\u00fbt 2024, <a href=\"https:\/\/www.public.fr\/les-medecins-ont-dit-non-michel-drucker-evince-du-petit-ecran-lea-salame-leve-le-voile-sur-letat-de-sante-de-lanimateur\" target=\"_blank\" rel=\"nofollow\">au Studio Gabriel, o\u00f9 il tourne l&rsquo;\u00e9mission<\/a>, un<strong> technicien est toujours \u00e0 l&rsquo;hospital, apr\u00e8s un coma de plusieurs semaines. <br \/><\/strong><br \/>Ce technicien est <strong>tomb\u00e9 de 10 m\u00e8tres de haut alors qu&rsquo;il \u00e9tait en train de peindre. <\/strong>Sur place, le trou b\u00e9ant dans lequel il a s&rsquo;est engouffr\u00e9 est une r\u00e9serve pour les d\u00e9cors. Au Studio Gabriel, en effet, il y a deux planchers amovibles et interchangeables, install\u00e9s au milieu des ann\u00e9es 1970. <\/p>\n<h2 class=\"wp-block-heading\" id=\"h-michel-drucker-vise-par-une-enquete\">Michel Drucker vis\u00e9 par une enqu\u00eate<\/h2>\n<p>Ils descendent et se d\u00e9placent lat\u00e9ralement, pour se ranger dans cette fosse profonde, expliquent nos confr\u00e8res. Et les tentatives de s\u00e9curisation de l&rsquo;appareil, pour pr\u00e9venir d&rsquo;\u00e9ventuelles chutes, emp\u00eachent \u00ab\u00a0<em>les plateaux de remonter jusqu&rsquo;au niveau du plancher<\/em>\u00ab\u00a0. <\/p>\n<p>De fait, depuis des ann\u00e9es, le syst\u00e8me fonctionne avec une <strong>\u00ab\u00a0<em>non-s\u00e9curisation de la fosse\u00a0\u00bb<\/em><\/strong>. C&rsquo;est-\u00e0-dire \u00ab\u00a0<strong><em>sans garde-corps ni barri\u00e8re\u00a0\u00bb<\/em> et en l'\u00a0\u00bba<em>bsence d&rsquo;\u00e9quipements de s\u00e9curit\u00e9 tel un baudri<\/em>er<em>\u00ab\u00a0<\/em>.<\/strong> Des manquements constat\u00e9s par le parquet qui est intervenu. <\/p>\n<p>R\u00e9sultat : la justice a plac\u00e9 <strong>le repaire de Michel Drucker, dans le VIII\u00e8me arrondissement, sous scell\u00e9.<\/strong> Le parquet souligne que le plateau de l&rsquo;\u00e9mission <em>\u00ab\u00a0ne pourra pas rouvrir avant qu&rsquo;un contr\u00f4le de conformit\u00e9 soit effectu\u00e9\u00a0\u00bb<\/em>.<\/p>\n<p>Pr\u00e9sident de SGPM, qui d\u00e9tient le studio, Michel Drucker doit maintenant enregistrer son \u00e9mission pour France 3 ailleurs. <strong>Il tourne depuis les anciens studios de Canal +, dans le XV\u00e8me arrondissement<\/strong>. Pour l&rsquo;heure, impossible pour lui de remettre les pieds avenue Gabriel, tant qu&rsquo;il ne trouve pas une solution s\u00e9curis\u00e9e pour \u00e9viter qu&rsquo;un tel drame ne se reproduise.<\/p>\n<p>Et malheureusement, dans cette affaire, <a href=\"https:\/\/vsd.fr\/56210-michel-drucker-un-depart-a-la-retraite-pas-pour-tout-de-suite-pour-animateur-de-81-ans\/\" target=\"_blank\" rel=\"nofollow\">l&rsquo;animateur de 82 ans se retrouve bien seul<\/a>. Lui qui pourrait \u00eatre tenu responsable, apr\u00e8s <strong>l&rsquo;ouverture d&rsquo;une enqu\u00eate par le Parquet de Paris, <\/strong>voit ses partenaires se d\u00e9solidariser de lui. <\/p>\n<h2 class=\"wp-block-heading\" id=\"h-lache-par-france-televisions\">L\u00e2ch\u00e9 par France t\u00e9l\u00e9visions ?<\/h2>\n<p>Mediapart pr\u00e9cise ainsi : <em>\u00ab\u00a0La situation est particuli\u00e8rement embarrassante pour les entreprises concern\u00e9es par les enregistrements et la diffusion des \u00e9missions tourn\u00e9es au Studio Gabriel\u00a0\u00bb.<\/em> <\/p>\n<p>Et d&rsquo;ajouter :<em> \u00ab\u00a0<strong>Aucune ne se pr\u00e9cipite pour se d\u00e9signer comme responsable de l&rsquo;accident aux c\u00f4t\u00e9s de Michel Drucker,<\/strong> en assumant qu&rsquo;elle assure l&rsquo;exploitation du studio\u00a0\u00bb<\/em>.<\/p>\n<p>En particulier, chez France T\u00e9l\u00e9visions, on confirme avoir \u00ab\u00a0<em>\u00e9t\u00e9 inform\u00e9 par les producteurs qui utilisaient ce studio de la fermeture suite \u00e0 un accident\u00a0\u00bb<\/em>. Mais c&rsquo;est tout.<\/p>\n<p> <!-- Tags --> <\/p>\n<nav class=\"relative text-primary !order-9 rounded-2xl border-2 border-primary not-prose\">\n<p>\u00c0 lire aussi<\/p>\n<\/nav><\/div>\n<p>accidentdutravail-idf.net vous a pr\u00e9par\u00e9 ce post qui informe du sujet \u00ab\u00a0Association Sportive Huisson-Longueville Essonne\u00a0\u00bb. La chronique se veut g\u00e9n\u00e9r\u00e9e du mieux possible. Vous pouvez utiliser les coordonn\u00e9es indiqu\u00e9es sur le site dans le but d\u2019apporter des explications sur ce post qui parle du th\u00e8me \u00ab\u00a0Association Sportive Huisson-Longueville Essonne\u00a0\u00bb. Le site accidentdutravail-idf.net a pour but de fournir diverses publications sur la th\u00e9matique Association Sportive Huisson-Longueville Essonne diffus\u00e9es sur le net. Il y aura plusieurs articles autour du sujet \u00ab\u00a0Association Sportive Huisson-Longueville Essonne\u00a0\u00bb dans quelques jours, nous vous invitons \u00e0 naviguer sur notre site web \u00e0 plusieurs reprises.<\/p>\n","protected":false},"excerpt":{"rendered":"<p>R\u00e9sum\u00e9 p]:list-item [&amp;&gt;p]:list-[&lsquo;\u279c&rsquo;] [&amp;&gt;p]:pl-2 marker:text-primary ml-4&Prime; readability=\u00a0\u00bb35&Prime;&gt; Michel Drucker risque d\u2019\u00eatre tenu responsable d\u2019un accident du travail d\u2019un de ses employ\u00e9s, au Studio Gabriel, o\u00f9 se tourne \u00ab&nbsp;Vivement dimanche&nbsp;\u00bb. Sommaire Michel Drucker connait une rentr\u00e9e assez mouvement\u00e9e, dans \u00ab\u00a0Vivement dimanche\u00a0\u00bb. C&rsquo;est ce que rapporte Mediapart, ce 17 octobre 2024. En effet, apr\u00e8s un grave accident &hellip; <\/p>\n<p class=\"link-more\"><a href=\"https:\/\/www.accidentdutravail-idf.net\/blog\/michel-drucker-secoue-comme-jamais-auparavant-son-studio-place-sous-scelle-apres-une-chute-de-10-metres\/\" class=\"more-link\">Continuer la lecture <span class=\"screen-reader-text\"> \u00ab\u00a0Michel Drucker secou\u00e9 comme jamais auparavant : son studio plac\u00e9 sous scell\u00e9 apr\u00e8s une chute de 10 m\u00e8tres\u00a0\u00bb<\/span><\/a><\/p>\n","protected":false},"author":2,"featured_media":0,"comment_status":"closed","ping_status":"closed","sticky":false,"template":"","format":"standard","meta":{"footnotes":""},"categories":[5],"tags":[],"class_list":["post-916","post","type-post","status-publish","format-standard","hentry","category-securite-du-travail-en-ile-de-france-et-divers","entry"],"yoast_head":"<!-- This site is optimized with the Yoast SEO plugin v27.5 - https:\/\/yoast.com\/product\/yoast-seo-wordpress\/ -->\n<title>Michel Drucker secou\u00e9 comme jamais auparavant : son studio plac\u00e9 sous scell\u00e9 apr\u00e8s une chute de 10 m\u00e8tres - ACCIDENTDUTRAVAIL-IDF<\/title>\n<meta name=\"description\" content=\"Michel Drucker secou\u00e9 comme jamais auparavant : son studio plac\u00e9 sous scell\u00e9 apr\u00e8s une chute de 10 m\u00e8tres article de ACCIDENTDUTRAVAIL-IDF\" \/>\n<meta name=\"robots\" content=\"index, follow, max-snippet:-1, max-image-preview:large, max-video-preview:-1\" \/>\n<link rel=\"canonical\" href=\"https:\/\/www.accidentdutravail-idf.net\/blog\/michel-drucker-secoue-comme-jamais-auparavant-son-studio-place-sous-scelle-apres-une-chute-de-10-metres\/\" \/>\n<meta property=\"og:locale\" content=\"fr_FR\" \/>\n<meta property=\"og:type\" content=\"article\" \/>\n<meta property=\"og:title\" content=\"Michel Drucker secou\u00e9 comme jamais auparavant : son studio plac\u00e9 sous scell\u00e9 apr\u00e8s une chute de 10 m\u00e8tres - ACCIDENTDUTRAVAIL-IDF\" \/>\n<meta property=\"og:description\" content=\"Michel Drucker secou\u00e9 comme jamais auparavant : son studio plac\u00e9 sous scell\u00e9 apr\u00e8s une chute de 10 m\u00e8tres article de ACCIDENTDUTRAVAIL-IDF\" \/>\n<meta property=\"og:url\" content=\"https:\/\/www.accidentdutravail-idf.net\/blog\/michel-drucker-secoue-comme-jamais-auparavant-son-studio-place-sous-scelle-apres-une-chute-de-10-metres\/\" \/>\n<meta property=\"og:site_name\" content=\"ACCIDENTDUTRAVAIL-IDF\" \/>\n<meta property=\"article:published_time\" content=\"2024-10-17T01:30:00+00:00\" \/>\n<meta property=\"og:image\" content=\"https:\/\/www.accidentdutravail-idf.net\/blog\/wp-content\/uploads\/2024\/10\/michel-drucker-secoue-comme-jamais-auparavant-son-studio-place-sous-scelle-apres-une-chute-de-10-metres.jpg\" \/>\n<meta name=\"author\" content=\"Carlos Poulain\" \/>\n<meta name=\"twitter:card\" content=\"summary_large_image\" \/>\n<meta name=\"twitter:label1\" content=\"\u00c9crit par\" \/>\n\t<meta name=\"twitter:data1\" content=\"Carlos Poulain\" \/>\n\t<meta name=\"twitter:label2\" content=\"Dur\u00e9e de lecture estim\u00e9e\" \/>\n\t<meta name=\"twitter:data2\" content=\"3 minutes\" \/>\n<script type=\"application\/ld+json\" class=\"yoast-schema-graph\">{\"@context\":\"https:\\\/\\\/schema.org\",\"@graph\":[{\"@type\":\"Article\",\"@id\":\"https:\\\/\\\/www.accidentdutravail-idf.net\\\/blog\\\/michel-drucker-secoue-comme-jamais-auparavant-son-studio-place-sous-scelle-apres-une-chute-de-10-metres\\\/#article\",\"isPartOf\":{\"@id\":\"https:\\\/\\\/www.accidentdutravail-idf.net\\\/blog\\\/michel-drucker-secoue-comme-jamais-auparavant-son-studio-place-sous-scelle-apres-une-chute-de-10-metres\\\/\"},\"author\":{\"name\":\"Carlos Poulain\",\"@id\":\"https:\\\/\\\/www.accidentdutravail-idf.net\\\/blog\\\/#\\\/schema\\\/person\\\/3255d2f970de45e64bd9201f38e7b947\"},\"headline\":\"Michel Drucker secou\u00e9 comme jamais auparavant : son studio plac\u00e9 sous scell\u00e9 apr\u00e8s une chute de 10 m\u00e8tres\",\"datePublished\":\"2024-10-17T01:30:00+00:00\",\"mainEntityOfPage\":{\"@id\":\"https:\\\/\\\/www.accidentdutravail-idf.net\\\/blog\\\/michel-drucker-secoue-comme-jamais-auparavant-son-studio-place-sous-scelle-apres-une-chute-de-10-metres\\\/\"},\"wordCount\":606,\"publisher\":{\"@id\":\"https:\\\/\\\/www.accidentdutravail-idf.net\\\/blog\\\/#organization\"},\"image\":{\"@id\":\"https:\\\/\\\/www.accidentdutravail-idf.net\\\/blog\\\/michel-drucker-secoue-comme-jamais-auparavant-son-studio-place-sous-scelle-apres-une-chute-de-10-metres\\\/#primaryimage\"},\"thumbnailUrl\":\"https:\\\/\\\/www.accidentdutravail-idf.net\\\/blog\\\/wp-content\\\/uploads\\\/2024\\\/10\\\/michel-drucker-secoue-comme-jamais-auparavant-son-studio-place-sous-scelle-apres-une-chute-de-10-metres.jpg\",\"articleSection\":[\"S\u00e9curit\u00e9 Du Travail En Ile-De-France Et Divers:\"],\"inLanguage\":\"fr-FR\"},{\"@type\":\"WebPage\",\"@id\":\"https:\\\/\\\/www.accidentdutravail-idf.net\\\/blog\\\/michel-drucker-secoue-comme-jamais-auparavant-son-studio-place-sous-scelle-apres-une-chute-de-10-metres\\\/\",\"url\":\"https:\\\/\\\/www.accidentdutravail-idf.net\\\/blog\\\/michel-drucker-secoue-comme-jamais-auparavant-son-studio-place-sous-scelle-apres-une-chute-de-10-metres\\\/\",\"name\":\"Michel Drucker secou\u00e9 comme jamais auparavant : son studio plac\u00e9 sous scell\u00e9 apr\u00e8s une chute de 10 m\u00e8tres - ACCIDENTDUTRAVAIL-IDF\",\"isPartOf\":{\"@id\":\"https:\\\/\\\/www.accidentdutravail-idf.net\\\/blog\\\/#website\"},\"primaryImageOfPage\":{\"@id\":\"https:\\\/\\\/www.accidentdutravail-idf.net\\\/blog\\\/michel-drucker-secoue-comme-jamais-auparavant-son-studio-place-sous-scelle-apres-une-chute-de-10-metres\\\/#primaryimage\"},\"image\":{\"@id\":\"https:\\\/\\\/www.accidentdutravail-idf.net\\\/blog\\\/michel-drucker-secoue-comme-jamais-auparavant-son-studio-place-sous-scelle-apres-une-chute-de-10-metres\\\/#primaryimage\"},\"thumbnailUrl\":\"https:\\\/\\\/www.accidentdutravail-idf.net\\\/blog\\\/wp-content\\\/uploads\\\/2024\\\/10\\\/michel-drucker-secoue-comme-jamais-auparavant-son-studio-place-sous-scelle-apres-une-chute-de-10-metres.jpg\",\"datePublished\":\"2024-10-17T01:30:00+00:00\",\"description\":\"Michel Drucker secou\u00e9 comme jamais auparavant : son studio plac\u00e9 sous scell\u00e9 apr\u00e8s une chute de 10 m\u00e8tres article de ACCIDENTDUTRAVAIL-IDF\",\"breadcrumb\":{\"@id\":\"https:\\\/\\\/www.accidentdutravail-idf.net\\\/blog\\\/michel-drucker-secoue-comme-jamais-auparavant-son-studio-place-sous-scelle-apres-une-chute-de-10-metres\\\/#breadcrumb\"},\"inLanguage\":\"fr-FR\",\"potentialAction\":[{\"@type\":\"ReadAction\",\"target\":[\"https:\\\/\\\/www.accidentdutravail-idf.net\\\/blog\\\/michel-drucker-secoue-comme-jamais-auparavant-son-studio-place-sous-scelle-apres-une-chute-de-10-metres\\\/\"]}]},{\"@type\":\"ImageObject\",\"inLanguage\":\"fr-FR\",\"@id\":\"https:\\\/\\\/www.accidentdutravail-idf.net\\\/blog\\\/michel-drucker-secoue-comme-jamais-auparavant-son-studio-place-sous-scelle-apres-une-chute-de-10-metres\\\/#primaryimage\",\"url\":\"https:\\\/\\\/www.accidentdutravail-idf.net\\\/blog\\\/wp-content\\\/uploads\\\/2024\\\/10\\\/michel-drucker-secoue-comme-jamais-auparavant-son-studio-place-sous-scelle-apres-une-chute-de-10-metres.jpg\",\"contentUrl\":\"https:\\\/\\\/www.accidentdutravail-idf.net\\\/blog\\\/wp-content\\\/uploads\\\/2024\\\/10\\\/michel-drucker-secoue-comme-jamais-auparavant-son-studio-place-sous-scelle-apres-une-chute-de-10-metres.jpg\"},{\"@type\":\"BreadcrumbList\",\"@id\":\"https:\\\/\\\/www.accidentdutravail-idf.net\\\/blog\\\/michel-drucker-secoue-comme-jamais-auparavant-son-studio-place-sous-scelle-apres-une-chute-de-10-metres\\\/#breadcrumb\",\"itemListElement\":[{\"@type\":\"ListItem\",\"position\":1,\"name\":\"Accueil\",\"item\":\"https:\\\/\\\/www.accidentdutravail-idf.net\\\/blog\\\/\"},{\"@type\":\"ListItem\",\"position\":2,\"name\":\"Michel Drucker secou\u00e9 comme jamais auparavant : son studio plac\u00e9 sous scell\u00e9 apr\u00e8s une chute de 10 m\u00e8tres\"}]},{\"@type\":\"WebSite\",\"@id\":\"https:\\\/\\\/www.accidentdutravail-idf.net\\\/blog\\\/#website\",\"url\":\"https:\\\/\\\/www.accidentdutravail-idf.net\\\/blog\\\/\",\"name\":\"ACCIDENTDUTRAVAIL-IDF\",\"description\":\"Portail accidents du travail-maladies professionnelles des entreprises d&#039;Ile-de-France\",\"publisher\":{\"@id\":\"https:\\\/\\\/www.accidentdutravail-idf.net\\\/blog\\\/#organization\"},\"potentialAction\":[{\"@type\":\"SearchAction\",\"target\":{\"@type\":\"EntryPoint\",\"urlTemplate\":\"https:\\\/\\\/www.accidentdutravail-idf.net\\\/blog\\\/?s={search_term_string}\"},\"query-input\":{\"@type\":\"PropertyValueSpecification\",\"valueRequired\":true,\"valueName\":\"search_term_string\"}}],\"inLanguage\":\"fr-FR\"},{\"@type\":\"Organization\",\"@id\":\"https:\\\/\\\/www.accidentdutravail-idf.net\\\/blog\\\/#organization\",\"name\":\"accidentdutravail-idf\",\"url\":\"https:\\\/\\\/www.accidentdutravail-idf.net\\\/blog\\\/\",\"logo\":{\"@type\":\"ImageObject\",\"inLanguage\":\"fr-FR\",\"@id\":\"https:\\\/\\\/www.accidentdutravail-idf.net\\\/blog\\\/#\\\/schema\\\/logo\\\/image\\\/\",\"url\":\"https:\\\/\\\/www.accidentdutravail-idf.net\\\/blog\\\/wp-content\\\/uploads\\\/2022\\\/09\\\/logo-2.png\",\"contentUrl\":\"https:\\\/\\\/www.accidentdutravail-idf.net\\\/blog\\\/wp-content\\\/uploads\\\/2022\\\/09\\\/logo-2.png\",\"width\":380,\"height\":291,\"caption\":\"accidentdutravail-idf\"},\"image\":{\"@id\":\"https:\\\/\\\/www.accidentdutravail-idf.net\\\/blog\\\/#\\\/schema\\\/logo\\\/image\\\/\"}},{\"@type\":\"Person\",\"@id\":\"https:\\\/\\\/www.accidentdutravail-idf.net\\\/blog\\\/#\\\/schema\\\/person\\\/3255d2f970de45e64bd9201f38e7b947\",\"name\":\"Carlos Poulain\",\"image\":{\"@type\":\"ImageObject\",\"inLanguage\":\"fr-FR\",\"@id\":\"https:\\\/\\\/secure.gravatar.com\\\/avatar\\\/b1c2f9d3588e34e91adb093635df64ef4b2381991216be7576466cfcdca4baf3?s=96&d=mm&r=g\",\"url\":\"https:\\\/\\\/secure.gravatar.com\\\/avatar\\\/b1c2f9d3588e34e91adb093635df64ef4b2381991216be7576466cfcdca4baf3?s=96&d=mm&r=g\",\"contentUrl\":\"https:\\\/\\\/secure.gravatar.com\\\/avatar\\\/b1c2f9d3588e34e91adb093635df64ef4b2381991216be7576466cfcdca4baf3?s=96&d=mm&r=g\",\"caption\":\"Carlos Poulain\"},\"url\":\"https:\\\/\\\/www.accidentdutravail-idf.net\\\/blog\\\/author\\\/idfcarlos\\\/\"}]}<\/script>\n<!-- \/ Yoast SEO plugin. -->","yoast_head_json":{"title":"Michel Drucker secou\u00e9 comme jamais auparavant : son studio plac\u00e9 sous scell\u00e9 apr\u00e8s une chute de 10 m\u00e8tres - ACCIDENTDUTRAVAIL-IDF","description":"Michel Drucker secou\u00e9 comme jamais auparavant : son studio plac\u00e9 sous scell\u00e9 apr\u00e8s une chute de 10 m\u00e8tres article de ACCIDENTDUTRAVAIL-IDF","robots":{"index":"index","follow":"follow","max-snippet":"max-snippet:-1","max-image-preview":"max-image-preview:large","max-video-preview":"max-video-preview:-1"},"canonical":"https:\/\/www.accidentdutravail-idf.net\/blog\/michel-drucker-secoue-comme-jamais-auparavant-son-studio-place-sous-scelle-apres-une-chute-de-10-metres\/","og_locale":"fr_FR","og_type":"article","og_title":"Michel Drucker secou\u00e9 comme jamais auparavant : son studio plac\u00e9 sous scell\u00e9 apr\u00e8s une chute de 10 m\u00e8tres - ACCIDENTDUTRAVAIL-IDF","og_description":"Michel Drucker secou\u00e9 comme jamais auparavant : son studio plac\u00e9 sous scell\u00e9 apr\u00e8s une chute de 10 m\u00e8tres article de ACCIDENTDUTRAVAIL-IDF","og_url":"https:\/\/www.accidentdutravail-idf.net\/blog\/michel-drucker-secoue-comme-jamais-auparavant-son-studio-place-sous-scelle-apres-une-chute-de-10-metres\/","og_site_name":"ACCIDENTDUTRAVAIL-IDF","article_published_time":"2024-10-17T01:30:00+00:00","og_image":[{"url":"https:\/\/www.accidentdutravail-idf.net\/blog\/wp-content\/uploads\/2024\/10\/michel-drucker-secoue-comme-jamais-auparavant-son-studio-place-sous-scelle-apres-une-chute-de-10-metres.jpg","type":"","width":"","height":""}],"author":"Carlos Poulain","twitter_card":"summary_large_image","twitter_misc":{"\u00c9crit par":"Carlos Poulain","Dur\u00e9e de lecture estim\u00e9e":"3 minutes"},"schema":{"@context":"https:\/\/schema.org","@graph":[{"@type":"Article","@id":"https:\/\/www.accidentdutravail-idf.net\/blog\/michel-drucker-secoue-comme-jamais-auparavant-son-studio-place-sous-scelle-apres-une-chute-de-10-metres\/#article","isPartOf":{"@id":"https:\/\/www.accidentdutravail-idf.net\/blog\/michel-drucker-secoue-comme-jamais-auparavant-son-studio-place-sous-scelle-apres-une-chute-de-10-metres\/"},"author":{"name":"Carlos Poulain","@id":"https:\/\/www.accidentdutravail-idf.net\/blog\/#\/schema\/person\/3255d2f970de45e64bd9201f38e7b947"},"headline":"Michel Drucker secou\u00e9 comme jamais auparavant : son studio plac\u00e9 sous scell\u00e9 apr\u00e8s une chute de 10 m\u00e8tres","datePublished":"2024-10-17T01:30:00+00:00","mainEntityOfPage":{"@id":"https:\/\/www.accidentdutravail-idf.net\/blog\/michel-drucker-secoue-comme-jamais-auparavant-son-studio-place-sous-scelle-apres-une-chute-de-10-metres\/"},"wordCount":606,"publisher":{"@id":"https:\/\/www.accidentdutravail-idf.net\/blog\/#organization"},"image":{"@id":"https:\/\/www.accidentdutravail-idf.net\/blog\/michel-drucker-secoue-comme-jamais-auparavant-son-studio-place-sous-scelle-apres-une-chute-de-10-metres\/#primaryimage"},"thumbnailUrl":"https:\/\/www.accidentdutravail-idf.net\/blog\/wp-content\/uploads\/2024\/10\/michel-drucker-secoue-comme-jamais-auparavant-son-studio-place-sous-scelle-apres-une-chute-de-10-metres.jpg","articleSection":["S\u00e9curit\u00e9 Du Travail En Ile-De-France Et Divers:"],"inLanguage":"fr-FR"},{"@type":"WebPage","@id":"https:\/\/www.accidentdutravail-idf.net\/blog\/michel-drucker-secoue-comme-jamais-auparavant-son-studio-place-sous-scelle-apres-une-chute-de-10-metres\/","url":"https:\/\/www.accidentdutravail-idf.net\/blog\/michel-drucker-secoue-comme-jamais-auparavant-son-studio-place-sous-scelle-apres-une-chute-de-10-metres\/","name":"Michel Drucker secou\u00e9 comme jamais auparavant : son studio plac\u00e9 sous scell\u00e9 apr\u00e8s une chute de 10 m\u00e8tres - ACCIDENTDUTRAVAIL-IDF","isPartOf":{"@id":"https:\/\/www.accidentdutravail-idf.net\/blog\/#website"},"primaryImageOfPage":{"@id":"https:\/\/www.accidentdutravail-idf.net\/blog\/michel-drucker-secoue-comme-jamais-auparavant-son-studio-place-sous-scelle-apres-une-chute-de-10-metres\/#primaryimage"},"image":{"@id":"https:\/\/www.accidentdutravail-idf.net\/blog\/michel-drucker-secoue-comme-jamais-auparavant-son-studio-place-sous-scelle-apres-une-chute-de-10-metres\/#primaryimage"},"thumbnailUrl":"https:\/\/www.accidentdutravail-idf.net\/blog\/wp-content\/uploads\/2024\/10\/michel-drucker-secoue-comme-jamais-auparavant-son-studio-place-sous-scelle-apres-une-chute-de-10-metres.jpg","datePublished":"2024-10-17T01:30:00+00:00","description":"Michel Drucker secou\u00e9 comme jamais auparavant : son studio plac\u00e9 sous scell\u00e9 apr\u00e8s une chute de 10 m\u00e8tres article de ACCIDENTDUTRAVAIL-IDF","breadcrumb":{"@id":"https:\/\/www.accidentdutravail-idf.net\/blog\/michel-drucker-secoue-comme-jamais-auparavant-son-studio-place-sous-scelle-apres-une-chute-de-10-metres\/#breadcrumb"},"inLanguage":"fr-FR","potentialAction":[{"@type":"ReadAction","target":["https:\/\/www.accidentdutravail-idf.net\/blog\/michel-drucker-secoue-comme-jamais-auparavant-son-studio-place-sous-scelle-apres-une-chute-de-10-metres\/"]}]},{"@type":"ImageObject","inLanguage":"fr-FR","@id":"https:\/\/www.accidentdutravail-idf.net\/blog\/michel-drucker-secoue-comme-jamais-auparavant-son-studio-place-sous-scelle-apres-une-chute-de-10-metres\/#primaryimage","url":"https:\/\/www.accidentdutravail-idf.net\/blog\/wp-content\/uploads\/2024\/10\/michel-drucker-secoue-comme-jamais-auparavant-son-studio-place-sous-scelle-apres-une-chute-de-10-metres.jpg","contentUrl":"https:\/\/www.accidentdutravail-idf.net\/blog\/wp-content\/uploads\/2024\/10\/michel-drucker-secoue-comme-jamais-auparavant-son-studio-place-sous-scelle-apres-une-chute-de-10-metres.jpg"},{"@type":"BreadcrumbList","@id":"https:\/\/www.accidentdutravail-idf.net\/blog\/michel-drucker-secoue-comme-jamais-auparavant-son-studio-place-sous-scelle-apres-une-chute-de-10-metres\/#breadcrumb","itemListElement":[{"@type":"ListItem","position":1,"name":"Accueil","item":"https:\/\/www.accidentdutravail-idf.net\/blog\/"},{"@type":"ListItem","position":2,"name":"Michel Drucker secou\u00e9 comme jamais auparavant : son studio plac\u00e9 sous scell\u00e9 apr\u00e8s une chute de 10 m\u00e8tres"}]},{"@type":"WebSite","@id":"https:\/\/www.accidentdutravail-idf.net\/blog\/#website","url":"https:\/\/www.accidentdutravail-idf.net\/blog\/","name":"ACCIDENTDUTRAVAIL-IDF","description":"Portail accidents du travail-maladies professionnelles des entreprises d&#039;Ile-de-France","publisher":{"@id":"https:\/\/www.accidentdutravail-idf.net\/blog\/#organization"},"potentialAction":[{"@type":"SearchAction","target":{"@type":"EntryPoint","urlTemplate":"https:\/\/www.accidentdutravail-idf.net\/blog\/?s={search_term_string}"},"query-input":{"@type":"PropertyValueSpecification","valueRequired":true,"valueName":"search_term_string"}}],"inLanguage":"fr-FR"},{"@type":"Organization","@id":"https:\/\/www.accidentdutravail-idf.net\/blog\/#organization","name":"accidentdutravail-idf","url":"https:\/\/www.accidentdutravail-idf.net\/blog\/","logo":{"@type":"ImageObject","inLanguage":"fr-FR","@id":"https:\/\/www.accidentdutravail-idf.net\/blog\/#\/schema\/logo\/image\/","url":"https:\/\/www.accidentdutravail-idf.net\/blog\/wp-content\/uploads\/2022\/09\/logo-2.png","contentUrl":"https:\/\/www.accidentdutravail-idf.net\/blog\/wp-content\/uploads\/2022\/09\/logo-2.png","width":380,"height":291,"caption":"accidentdutravail-idf"},"image":{"@id":"https:\/\/www.accidentdutravail-idf.net\/blog\/#\/schema\/logo\/image\/"}},{"@type":"Person","@id":"https:\/\/www.accidentdutravail-idf.net\/blog\/#\/schema\/person\/3255d2f970de45e64bd9201f38e7b947","name":"Carlos Poulain","image":{"@type":"ImageObject","inLanguage":"fr-FR","@id":"https:\/\/secure.gravatar.com\/avatar\/b1c2f9d3588e34e91adb093635df64ef4b2381991216be7576466cfcdca4baf3?s=96&d=mm&r=g","url":"https:\/\/secure.gravatar.com\/avatar\/b1c2f9d3588e34e91adb093635df64ef4b2381991216be7576466cfcdca4baf3?s=96&d=mm&r=g","contentUrl":"https:\/\/secure.gravatar.com\/avatar\/b1c2f9d3588e34e91adb093635df64ef4b2381991216be7576466cfcdca4baf3?s=96&d=mm&r=g","caption":"Carlos Poulain"},"url":"https:\/\/www.accidentdutravail-idf.net\/blog\/author\/idfcarlos\/"}]}},"_links":{"self":[{"href":"https:\/\/www.accidentdutravail-idf.net\/blog\/wp-json\/wp\/v2\/posts\/916","targetHints":{"allow":["GET"]}}],"collection":[{"href":"https:\/\/www.accidentdutravail-idf.net\/blog\/wp-json\/wp\/v2\/posts"}],"about":[{"href":"https:\/\/www.accidentdutravail-idf.net\/blog\/wp-json\/wp\/v2\/types\/post"}],"author":[{"embeddable":true,"href":"https:\/\/www.accidentdutravail-idf.net\/blog\/wp-json\/wp\/v2\/users\/2"}],"replies":[{"embeddable":true,"href":"https:\/\/www.accidentdutravail-idf.net\/blog\/wp-json\/wp\/v2\/comments?post=916"}],"version-history":[{"count":0,"href":"https:\/\/www.accidentdutravail-idf.net\/blog\/wp-json\/wp\/v2\/posts\/916\/revisions"}],"wp:attachment":[{"href":"https:\/\/www.accidentdutravail-idf.net\/blog\/wp-json\/wp\/v2\/media?parent=916"}],"wp:term":[{"taxonomy":"category","embeddable":true,"href":"https:\/\/www.accidentdutravail-idf.net\/blog\/wp-json\/wp\/v2\/categories?post=916"},{"taxonomy":"post_tag","embeddable":true,"href":"https:\/\/www.accidentdutravail-idf.net\/blog\/wp-json\/wp\/v2\/tags?post=916"}],"curies":[{"name":"wp","href":"https:\/\/api.w.org\/{rel}","templated":true}]}}