{"id":898,"date":"2024-10-08T12:07:00","date_gmt":"2024-10-08T10:07:00","guid":{"rendered":"https:\/\/www.accidentdutravail-idf.net\/blog\/landes-une-entreprise-condamnee-a-verser-plus-dune-dizaine-de-milliers-deuros-apres-une-chute-de-12-metres-de-lun-de-ses-salaries\/"},"modified":"2024-10-08T12:07:00","modified_gmt":"2024-10-08T10:07:00","slug":"landes-une-entreprise-condamnee-a-verser-plus-dune-dizaine-de-milliers-deuros-apres-une-chute-de-12-metres-de-lun-de-ses-salaries","status":"publish","type":"post","link":"https:\/\/www.accidentdutravail-idf.net\/blog\/landes-une-entreprise-condamnee-a-verser-plus-dune-dizaine-de-milliers-deuros-apres-une-chute-de-12-metres-de-lun-de-ses-salaries\/","title":{"rendered":"Landes : une entreprise condamn\u00e9e \u00e0 verser plus d\u2019une dizaine de milliers d\u2019euros apr\u00e8s une chute de 12 m\u00e8tres de l\u2019un de ses salari\u00e9s"},"content":{"rendered":"<div><img decoding=\"async\" src=\"https:\/\/www.accidentdutravail-idf.net\/blog\/wp-content\/uploads\/2024\/10\/landes-une-entreprise-condamnee-a-verser-plus-dune-dizaine-de-milliers-deuros-apres-une-chute-de-12-metres-de-lun-de-ses-salaries.jpg\" class=\"ff-og-image-inserted\"><\/div>\n<p>C\u2019\u00e9tait le 1<sup>er<\/sup>&nbsp;d\u00e9cembre 2020. Un salari\u00e9 de l\u2019entreprise Tastet Pierre avait chut\u00e9 de 12 m\u00e8tres alors qu\u2019il \u00e9tait sur un chantier \u00e0 Biscarrosse. R\u00e9sultat&nbsp;? Double fracture des cervicales plus une f\u00eal\u00e9e, plexus enfonc\u00e9, poignet gauche cass\u00e9, main droite ouverte jusqu\u2019\u00e0 l\u2019os, bassin fractur\u00e9 en trois endroits, une cheville lux\u00e9e et bris\u00e9e&nbsp;; la liste est non exhaustive. Le charpentier, h\u00e9liport\u00e9 et op\u00e9r\u00e9 \u00e0 onze reprises, s\u2019en \u00e9tait miraculeusement sorti.<\/p>\n<p>Le 12&nbsp;septembre, durant l\u2019audience au tribunal de Mont-de-Marsan, le parquet avait requis une amende de 15&nbsp;000&nbsp;euros contre la soci\u00e9t\u00e9 Tastet Pierre, qui \u00ab&nbsp;aurait envoy\u00e9 son salari\u00e9 au pied lev\u00e9 sur un chantier, alors qu\u2019il pleuvait, qu\u2019il n\u2019avait pas son mat\u00e9riel et que les conditions de s\u00e9curit\u00e9 n\u2019\u00e9taient pas respect\u00e9es&nbsp;\u00bb. Le pr\u00e9venu, soit le patron de la soci\u00e9t\u00e9, avait demand\u00e9 la relaxe.<\/p>\n<div class=\"related-article related-article-premium base-margin-bottom\"> <span class=\"badge\">Sur le m\u00eame sujet<\/span> <\/div>\n<h2 class=\"article-subtitle\">S\u00e9curit\u00e9 du salari\u00e9<\/h2>\n<p>Ce mardi 8&nbsp;octobre, le tribunal a condamn\u00e9 la soci\u00e9t\u00e9 Tastet Pierre \u00e0 15&nbsp;000&nbsp;euros d\u2019amende d\u00e9lictuelle, suite \u00e0 cet accident du travail qui a occasionn\u00e9 plus de 130 jours d\u2019ITT \u00e0 la victime. Le tribunal a \u00e9galement condamn\u00e9 l\u2019entreprise \u00e0 verser 500&nbsp;euros \u00e0 son salari\u00e9. <\/p>\n<p>Quant au patron de la soci\u00e9t\u00e9, Fabien Durand, il a \u00e9cop\u00e9 de quatre mois d\u2019emprisonnement assortis d\u2019un sursis ainsi que de 2&nbsp;000&nbsp;euros d\u2019amende.<\/p>\n<p>Dans le pass\u00e9, l\u2019Inspection du travail avait d\u00e9j\u00e0 proc\u00e9d\u00e9 \u00e0 des contr\u00f4les et l\u2019entreprise avait \u00e9t\u00e9 condamn\u00e9e pour des probl\u00e8mes de s\u00e9curit\u00e9. \u00ab&nbsp;L\u2019employeur doit s\u2019assurer que le salari\u00e9 travaille en s\u00e9curit\u00e9. C\u2019est une obligation absolue.&nbsp;\u00bb<\/p>\n<p> accidentdutravail-idf.net vous a pr\u00e9par\u00e9 ce post qui informe du sujet \u00ab\u00a0Association Sportive Huisson-Longueville Essonne\u00a0\u00bb. La chronique se veut g\u00e9n\u00e9r\u00e9e du mieux possible. Vous pouvez utiliser les coordonn\u00e9es indiqu\u00e9es sur le site dans le but d\u2019apporter des explications sur ce post qui parle du th\u00e8me \u00ab\u00a0Association Sportive Huisson-Longueville Essonne\u00a0\u00bb. Le site accidentdutravail-idf.net a pour but de fournir diverses publications sur la th\u00e9matique Association Sportive Huisson-Longueville Essonne diffus\u00e9es sur le net. Il y aura plusieurs articles autour du sujet \u00ab\u00a0Association Sportive Huisson-Longueville Essonne\u00a0\u00bb dans quelques jours, nous vous invitons \u00e0 naviguer sur notre site web \u00e0 plusieurs reprises.<\/p>\n","protected":false},"excerpt":{"rendered":"<p>C\u2019\u00e9tait le 1er&nbsp;d\u00e9cembre 2020. Un salari\u00e9 de l\u2019entreprise Tastet Pierre avait chut\u00e9 de 12 m\u00e8tres alors qu\u2019il \u00e9tait sur un chantier \u00e0 Biscarrosse. R\u00e9sultat&nbsp;? Double fracture des cervicales plus une f\u00eal\u00e9e, plexus enfonc\u00e9, poignet gauche cass\u00e9, main droite ouverte jusqu\u2019\u00e0 l\u2019os, bassin fractur\u00e9 en trois endroits, une cheville lux\u00e9e et bris\u00e9e&nbsp;; la liste est non &hellip; <\/p>\n<p class=\"link-more\"><a href=\"https:\/\/www.accidentdutravail-idf.net\/blog\/landes-une-entreprise-condamnee-a-verser-plus-dune-dizaine-de-milliers-deuros-apres-une-chute-de-12-metres-de-lun-de-ses-salaries\/\" class=\"more-link\">Continuer la lecture <span class=\"screen-reader-text\"> \u00ab\u00a0Landes : une entreprise condamn\u00e9e \u00e0 verser plus d\u2019une dizaine de milliers d\u2019euros apr\u00e8s une chute de 12 m\u00e8tres de l\u2019un de ses salari\u00e9s\u00a0\u00bb<\/span><\/a><\/p>\n","protected":false},"author":2,"featured_media":0,"comment_status":"closed","ping_status":"closed","sticky":false,"template":"","format":"standard","meta":{"footnotes":""},"categories":[5],"tags":[],"class_list":["post-898","post","type-post","status-publish","format-standard","hentry","category-securite-du-travail-en-ile-de-france-et-divers","entry"],"yoast_head":"<!-- This site is optimized with the Yoast SEO plugin v27.5 - https:\/\/yoast.com\/product\/yoast-seo-wordpress\/ -->\n<title>Landes : une entreprise condamn\u00e9e \u00e0 verser plus d\u2019une dizaine de milliers d\u2019euros apr\u00e8s une chute de 12 m\u00e8tres de l\u2019un de ses salari\u00e9s - ACCIDENTDUTRAVAIL-IDF<\/title>\n<meta name=\"description\" content=\"Landes : une entreprise condamn\u00e9e \u00e0 verser plus d\u2019une dizaine de milliers d\u2019euros apr\u00e8s une chute de 12 m\u00e8tres de l\u2019un de ses salari\u00e9s article de ACCIDENTDUTRAVAIL-IDF\" \/>\n<meta name=\"robots\" content=\"index, follow, max-snippet:-1, max-image-preview:large, max-video-preview:-1\" \/>\n<link rel=\"canonical\" href=\"https:\/\/www.accidentdutravail-idf.net\/blog\/landes-une-entreprise-condamnee-a-verser-plus-dune-dizaine-de-milliers-deuros-apres-une-chute-de-12-metres-de-lun-de-ses-salaries\/\" \/>\n<meta property=\"og:locale\" content=\"fr_FR\" \/>\n<meta property=\"og:type\" content=\"article\" \/>\n<meta property=\"og:title\" content=\"Landes : une entreprise condamn\u00e9e \u00e0 verser plus d\u2019une dizaine de milliers d\u2019euros apr\u00e8s une chute de 12 m\u00e8tres de l\u2019un de ses salari\u00e9s - ACCIDENTDUTRAVAIL-IDF\" \/>\n<meta property=\"og:description\" content=\"Landes : une entreprise condamn\u00e9e \u00e0 verser plus d\u2019une dizaine de milliers d\u2019euros apr\u00e8s une chute de 12 m\u00e8tres de l\u2019un de ses salari\u00e9s article de ACCIDENTDUTRAVAIL-IDF\" \/>\n<meta property=\"og:url\" content=\"https:\/\/www.accidentdutravail-idf.net\/blog\/landes-une-entreprise-condamnee-a-verser-plus-dune-dizaine-de-milliers-deuros-apres-une-chute-de-12-metres-de-lun-de-ses-salaries\/\" \/>\n<meta property=\"og:site_name\" content=\"ACCIDENTDUTRAVAIL-IDF\" \/>\n<meta property=\"article:published_time\" content=\"2024-10-08T10:07:00+00:00\" \/>\n<meta property=\"og:image\" content=\"https:\/\/www.accidentdutravail-idf.net\/blog\/wp-content\/uploads\/2024\/10\/landes-une-entreprise-condamnee-a-verser-plus-dune-dizaine-de-milliers-deuros-apres-une-chute-de-12-metres-de-lun-de-ses-salaries.jpg\" \/>\n<meta name=\"author\" content=\"Carlos Poulain\" \/>\n<meta name=\"twitter:card\" content=\"summary_large_image\" \/>\n<meta name=\"twitter:label1\" content=\"\u00c9crit par\" \/>\n\t<meta name=\"twitter:data1\" content=\"Carlos Poulain\" \/>\n\t<meta name=\"twitter:label2\" content=\"Dur\u00e9e de lecture estim\u00e9e\" \/>\n\t<meta name=\"twitter:data2\" content=\"2 minutes\" \/>\n<script type=\"application\/ld+json\" class=\"yoast-schema-graph\">{\"@context\":\"https:\\\/\\\/schema.org\",\"@graph\":[{\"@type\":\"Article\",\"@id\":\"https:\\\/\\\/www.accidentdutravail-idf.net\\\/blog\\\/landes-une-entreprise-condamnee-a-verser-plus-dune-dizaine-de-milliers-deuros-apres-une-chute-de-12-metres-de-lun-de-ses-salaries\\\/#article\",\"isPartOf\":{\"@id\":\"https:\\\/\\\/www.accidentdutravail-idf.net\\\/blog\\\/landes-une-entreprise-condamnee-a-verser-plus-dune-dizaine-de-milliers-deuros-apres-une-chute-de-12-metres-de-lun-de-ses-salaries\\\/\"},\"author\":{\"name\":\"Carlos Poulain\",\"@id\":\"https:\\\/\\\/www.accidentdutravail-idf.net\\\/blog\\\/#\\\/schema\\\/person\\\/3255d2f970de45e64bd9201f38e7b947\"},\"headline\":\"Landes : une entreprise condamn\u00e9e \u00e0 verser plus d\u2019une dizaine de milliers d\u2019euros apr\u00e8s une chute de 12 m\u00e8tres de l\u2019un de ses salari\u00e9s\",\"datePublished\":\"2024-10-08T10:07:00+00:00\",\"mainEntityOfPage\":{\"@id\":\"https:\\\/\\\/www.accidentdutravail-idf.net\\\/blog\\\/landes-une-entreprise-condamnee-a-verser-plus-dune-dizaine-de-milliers-deuros-apres-une-chute-de-12-metres-de-lun-de-ses-salaries\\\/\"},\"wordCount\":426,\"publisher\":{\"@id\":\"https:\\\/\\\/www.accidentdutravail-idf.net\\\/blog\\\/#organization\"},\"image\":{\"@id\":\"https:\\\/\\\/www.accidentdutravail-idf.net\\\/blog\\\/landes-une-entreprise-condamnee-a-verser-plus-dune-dizaine-de-milliers-deuros-apres-une-chute-de-12-metres-de-lun-de-ses-salaries\\\/#primaryimage\"},\"thumbnailUrl\":\"https:\\\/\\\/www.accidentdutravail-idf.net\\\/blog\\\/wp-content\\\/uploads\\\/2024\\\/10\\\/landes-une-entreprise-condamnee-a-verser-plus-dune-dizaine-de-milliers-deuros-apres-une-chute-de-12-metres-de-lun-de-ses-salaries.jpg\",\"articleSection\":[\"S\u00e9curit\u00e9 Du Travail En Ile-De-France Et Divers:\"],\"inLanguage\":\"fr-FR\"},{\"@type\":\"WebPage\",\"@id\":\"https:\\\/\\\/www.accidentdutravail-idf.net\\\/blog\\\/landes-une-entreprise-condamnee-a-verser-plus-dune-dizaine-de-milliers-deuros-apres-une-chute-de-12-metres-de-lun-de-ses-salaries\\\/\",\"url\":\"https:\\\/\\\/www.accidentdutravail-idf.net\\\/blog\\\/landes-une-entreprise-condamnee-a-verser-plus-dune-dizaine-de-milliers-deuros-apres-une-chute-de-12-metres-de-lun-de-ses-salaries\\\/\",\"name\":\"Landes : une entreprise condamn\u00e9e \u00e0 verser plus d\u2019une dizaine de milliers d\u2019euros apr\u00e8s une chute de 12 m\u00e8tres de l\u2019un de ses salari\u00e9s - ACCIDENTDUTRAVAIL-IDF\",\"isPartOf\":{\"@id\":\"https:\\\/\\\/www.accidentdutravail-idf.net\\\/blog\\\/#website\"},\"primaryImageOfPage\":{\"@id\":\"https:\\\/\\\/www.accidentdutravail-idf.net\\\/blog\\\/landes-une-entreprise-condamnee-a-verser-plus-dune-dizaine-de-milliers-deuros-apres-une-chute-de-12-metres-de-lun-de-ses-salaries\\\/#primaryimage\"},\"image\":{\"@id\":\"https:\\\/\\\/www.accidentdutravail-idf.net\\\/blog\\\/landes-une-entreprise-condamnee-a-verser-plus-dune-dizaine-de-milliers-deuros-apres-une-chute-de-12-metres-de-lun-de-ses-salaries\\\/#primaryimage\"},\"thumbnailUrl\":\"https:\\\/\\\/www.accidentdutravail-idf.net\\\/blog\\\/wp-content\\\/uploads\\\/2024\\\/10\\\/landes-une-entreprise-condamnee-a-verser-plus-dune-dizaine-de-milliers-deuros-apres-une-chute-de-12-metres-de-lun-de-ses-salaries.jpg\",\"datePublished\":\"2024-10-08T10:07:00+00:00\",\"description\":\"Landes : une entreprise condamn\u00e9e \u00e0 verser plus d\u2019une dizaine de milliers d\u2019euros apr\u00e8s une chute de 12 m\u00e8tres de l\u2019un de ses salari\u00e9s article de ACCIDENTDUTRAVAIL-IDF\",\"breadcrumb\":{\"@id\":\"https:\\\/\\\/www.accidentdutravail-idf.net\\\/blog\\\/landes-une-entreprise-condamnee-a-verser-plus-dune-dizaine-de-milliers-deuros-apres-une-chute-de-12-metres-de-lun-de-ses-salaries\\\/#breadcrumb\"},\"inLanguage\":\"fr-FR\",\"potentialAction\":[{\"@type\":\"ReadAction\",\"target\":[\"https:\\\/\\\/www.accidentdutravail-idf.net\\\/blog\\\/landes-une-entreprise-condamnee-a-verser-plus-dune-dizaine-de-milliers-deuros-apres-une-chute-de-12-metres-de-lun-de-ses-salaries\\\/\"]}]},{\"@type\":\"ImageObject\",\"inLanguage\":\"fr-FR\",\"@id\":\"https:\\\/\\\/www.accidentdutravail-idf.net\\\/blog\\\/landes-une-entreprise-condamnee-a-verser-plus-dune-dizaine-de-milliers-deuros-apres-une-chute-de-12-metres-de-lun-de-ses-salaries\\\/#primaryimage\",\"url\":\"https:\\\/\\\/www.accidentdutravail-idf.net\\\/blog\\\/wp-content\\\/uploads\\\/2024\\\/10\\\/landes-une-entreprise-condamnee-a-verser-plus-dune-dizaine-de-milliers-deuros-apres-une-chute-de-12-metres-de-lun-de-ses-salaries.jpg\",\"contentUrl\":\"https:\\\/\\\/www.accidentdutravail-idf.net\\\/blog\\\/wp-content\\\/uploads\\\/2024\\\/10\\\/landes-une-entreprise-condamnee-a-verser-plus-dune-dizaine-de-milliers-deuros-apres-une-chute-de-12-metres-de-lun-de-ses-salaries.jpg\"},{\"@type\":\"BreadcrumbList\",\"@id\":\"https:\\\/\\\/www.accidentdutravail-idf.net\\\/blog\\\/landes-une-entreprise-condamnee-a-verser-plus-dune-dizaine-de-milliers-deuros-apres-une-chute-de-12-metres-de-lun-de-ses-salaries\\\/#breadcrumb\",\"itemListElement\":[{\"@type\":\"ListItem\",\"position\":1,\"name\":\"Accueil\",\"item\":\"https:\\\/\\\/www.accidentdutravail-idf.net\\\/blog\\\/\"},{\"@type\":\"ListItem\",\"position\":2,\"name\":\"Landes : une entreprise condamn\u00e9e \u00e0 verser plus d\u2019une dizaine de milliers d\u2019euros apr\u00e8s une chute de 12 m\u00e8tres de l\u2019un de ses salari\u00e9s\"}]},{\"@type\":\"WebSite\",\"@id\":\"https:\\\/\\\/www.accidentdutravail-idf.net\\\/blog\\\/#website\",\"url\":\"https:\\\/\\\/www.accidentdutravail-idf.net\\\/blog\\\/\",\"name\":\"ACCIDENTDUTRAVAIL-IDF\",\"description\":\"Portail accidents du travail-maladies professionnelles des entreprises d&#039;Ile-de-France\",\"publisher\":{\"@id\":\"https:\\\/\\\/www.accidentdutravail-idf.net\\\/blog\\\/#organization\"},\"potentialAction\":[{\"@type\":\"SearchAction\",\"target\":{\"@type\":\"EntryPoint\",\"urlTemplate\":\"https:\\\/\\\/www.accidentdutravail-idf.net\\\/blog\\\/?s={search_term_string}\"},\"query-input\":{\"@type\":\"PropertyValueSpecification\",\"valueRequired\":true,\"valueName\":\"search_term_string\"}}],\"inLanguage\":\"fr-FR\"},{\"@type\":\"Organization\",\"@id\":\"https:\\\/\\\/www.accidentdutravail-idf.net\\\/blog\\\/#organization\",\"name\":\"accidentdutravail-idf\",\"url\":\"https:\\\/\\\/www.accidentdutravail-idf.net\\\/blog\\\/\",\"logo\":{\"@type\":\"ImageObject\",\"inLanguage\":\"fr-FR\",\"@id\":\"https:\\\/\\\/www.accidentdutravail-idf.net\\\/blog\\\/#\\\/schema\\\/logo\\\/image\\\/\",\"url\":\"https:\\\/\\\/www.accidentdutravail-idf.net\\\/blog\\\/wp-content\\\/uploads\\\/2022\\\/09\\\/logo-2.png\",\"contentUrl\":\"https:\\\/\\\/www.accidentdutravail-idf.net\\\/blog\\\/wp-content\\\/uploads\\\/2022\\\/09\\\/logo-2.png\",\"width\":380,\"height\":291,\"caption\":\"accidentdutravail-idf\"},\"image\":{\"@id\":\"https:\\\/\\\/www.accidentdutravail-idf.net\\\/blog\\\/#\\\/schema\\\/logo\\\/image\\\/\"}},{\"@type\":\"Person\",\"@id\":\"https:\\\/\\\/www.accidentdutravail-idf.net\\\/blog\\\/#\\\/schema\\\/person\\\/3255d2f970de45e64bd9201f38e7b947\",\"name\":\"Carlos Poulain\",\"image\":{\"@type\":\"ImageObject\",\"inLanguage\":\"fr-FR\",\"@id\":\"https:\\\/\\\/secure.gravatar.com\\\/avatar\\\/b1c2f9d3588e34e91adb093635df64ef4b2381991216be7576466cfcdca4baf3?s=96&d=mm&r=g\",\"url\":\"https:\\\/\\\/secure.gravatar.com\\\/avatar\\\/b1c2f9d3588e34e91adb093635df64ef4b2381991216be7576466cfcdca4baf3?s=96&d=mm&r=g\",\"contentUrl\":\"https:\\\/\\\/secure.gravatar.com\\\/avatar\\\/b1c2f9d3588e34e91adb093635df64ef4b2381991216be7576466cfcdca4baf3?s=96&d=mm&r=g\",\"caption\":\"Carlos Poulain\"},\"url\":\"https:\\\/\\\/www.accidentdutravail-idf.net\\\/blog\\\/author\\\/idfcarlos\\\/\"}]}<\/script>\n<!-- \/ Yoast SEO plugin. -->","yoast_head_json":{"title":"Landes : une entreprise condamn\u00e9e \u00e0 verser plus d\u2019une dizaine de milliers d\u2019euros apr\u00e8s une chute de 12 m\u00e8tres de l\u2019un de ses salari\u00e9s - ACCIDENTDUTRAVAIL-IDF","description":"Landes : une entreprise condamn\u00e9e \u00e0 verser plus d\u2019une dizaine de milliers d\u2019euros apr\u00e8s une chute de 12 m\u00e8tres de l\u2019un de ses salari\u00e9s article de ACCIDENTDUTRAVAIL-IDF","robots":{"index":"index","follow":"follow","max-snippet":"max-snippet:-1","max-image-preview":"max-image-preview:large","max-video-preview":"max-video-preview:-1"},"canonical":"https:\/\/www.accidentdutravail-idf.net\/blog\/landes-une-entreprise-condamnee-a-verser-plus-dune-dizaine-de-milliers-deuros-apres-une-chute-de-12-metres-de-lun-de-ses-salaries\/","og_locale":"fr_FR","og_type":"article","og_title":"Landes : une entreprise condamn\u00e9e \u00e0 verser plus d\u2019une dizaine de milliers d\u2019euros apr\u00e8s une chute de 12 m\u00e8tres de l\u2019un de ses salari\u00e9s - ACCIDENTDUTRAVAIL-IDF","og_description":"Landes : une entreprise condamn\u00e9e \u00e0 verser plus d\u2019une dizaine de milliers d\u2019euros apr\u00e8s une chute de 12 m\u00e8tres de l\u2019un de ses salari\u00e9s article de ACCIDENTDUTRAVAIL-IDF","og_url":"https:\/\/www.accidentdutravail-idf.net\/blog\/landes-une-entreprise-condamnee-a-verser-plus-dune-dizaine-de-milliers-deuros-apres-une-chute-de-12-metres-de-lun-de-ses-salaries\/","og_site_name":"ACCIDENTDUTRAVAIL-IDF","article_published_time":"2024-10-08T10:07:00+00:00","og_image":[{"url":"https:\/\/www.accidentdutravail-idf.net\/blog\/wp-content\/uploads\/2024\/10\/landes-une-entreprise-condamnee-a-verser-plus-dune-dizaine-de-milliers-deuros-apres-une-chute-de-12-metres-de-lun-de-ses-salaries.jpg","type":"","width":"","height":""}],"author":"Carlos Poulain","twitter_card":"summary_large_image","twitter_misc":{"\u00c9crit par":"Carlos Poulain","Dur\u00e9e de lecture estim\u00e9e":"2 minutes"},"schema":{"@context":"https:\/\/schema.org","@graph":[{"@type":"Article","@id":"https:\/\/www.accidentdutravail-idf.net\/blog\/landes-une-entreprise-condamnee-a-verser-plus-dune-dizaine-de-milliers-deuros-apres-une-chute-de-12-metres-de-lun-de-ses-salaries\/#article","isPartOf":{"@id":"https:\/\/www.accidentdutravail-idf.net\/blog\/landes-une-entreprise-condamnee-a-verser-plus-dune-dizaine-de-milliers-deuros-apres-une-chute-de-12-metres-de-lun-de-ses-salaries\/"},"author":{"name":"Carlos Poulain","@id":"https:\/\/www.accidentdutravail-idf.net\/blog\/#\/schema\/person\/3255d2f970de45e64bd9201f38e7b947"},"headline":"Landes : une entreprise condamn\u00e9e \u00e0 verser plus d\u2019une dizaine de milliers d\u2019euros apr\u00e8s une chute de 12 m\u00e8tres de l\u2019un de ses salari\u00e9s","datePublished":"2024-10-08T10:07:00+00:00","mainEntityOfPage":{"@id":"https:\/\/www.accidentdutravail-idf.net\/blog\/landes-une-entreprise-condamnee-a-verser-plus-dune-dizaine-de-milliers-deuros-apres-une-chute-de-12-metres-de-lun-de-ses-salaries\/"},"wordCount":426,"publisher":{"@id":"https:\/\/www.accidentdutravail-idf.net\/blog\/#organization"},"image":{"@id":"https:\/\/www.accidentdutravail-idf.net\/blog\/landes-une-entreprise-condamnee-a-verser-plus-dune-dizaine-de-milliers-deuros-apres-une-chute-de-12-metres-de-lun-de-ses-salaries\/#primaryimage"},"thumbnailUrl":"https:\/\/www.accidentdutravail-idf.net\/blog\/wp-content\/uploads\/2024\/10\/landes-une-entreprise-condamnee-a-verser-plus-dune-dizaine-de-milliers-deuros-apres-une-chute-de-12-metres-de-lun-de-ses-salaries.jpg","articleSection":["S\u00e9curit\u00e9 Du Travail En Ile-De-France Et Divers:"],"inLanguage":"fr-FR"},{"@type":"WebPage","@id":"https:\/\/www.accidentdutravail-idf.net\/blog\/landes-une-entreprise-condamnee-a-verser-plus-dune-dizaine-de-milliers-deuros-apres-une-chute-de-12-metres-de-lun-de-ses-salaries\/","url":"https:\/\/www.accidentdutravail-idf.net\/blog\/landes-une-entreprise-condamnee-a-verser-plus-dune-dizaine-de-milliers-deuros-apres-une-chute-de-12-metres-de-lun-de-ses-salaries\/","name":"Landes : une entreprise condamn\u00e9e \u00e0 verser plus d\u2019une dizaine de milliers d\u2019euros apr\u00e8s une chute de 12 m\u00e8tres de l\u2019un de ses salari\u00e9s - ACCIDENTDUTRAVAIL-IDF","isPartOf":{"@id":"https:\/\/www.accidentdutravail-idf.net\/blog\/#website"},"primaryImageOfPage":{"@id":"https:\/\/www.accidentdutravail-idf.net\/blog\/landes-une-entreprise-condamnee-a-verser-plus-dune-dizaine-de-milliers-deuros-apres-une-chute-de-12-metres-de-lun-de-ses-salaries\/#primaryimage"},"image":{"@id":"https:\/\/www.accidentdutravail-idf.net\/blog\/landes-une-entreprise-condamnee-a-verser-plus-dune-dizaine-de-milliers-deuros-apres-une-chute-de-12-metres-de-lun-de-ses-salaries\/#primaryimage"},"thumbnailUrl":"https:\/\/www.accidentdutravail-idf.net\/blog\/wp-content\/uploads\/2024\/10\/landes-une-entreprise-condamnee-a-verser-plus-dune-dizaine-de-milliers-deuros-apres-une-chute-de-12-metres-de-lun-de-ses-salaries.jpg","datePublished":"2024-10-08T10:07:00+00:00","description":"Landes : une entreprise condamn\u00e9e \u00e0 verser plus d\u2019une dizaine de milliers d\u2019euros apr\u00e8s une chute de 12 m\u00e8tres de l\u2019un de ses salari\u00e9s article de ACCIDENTDUTRAVAIL-IDF","breadcrumb":{"@id":"https:\/\/www.accidentdutravail-idf.net\/blog\/landes-une-entreprise-condamnee-a-verser-plus-dune-dizaine-de-milliers-deuros-apres-une-chute-de-12-metres-de-lun-de-ses-salaries\/#breadcrumb"},"inLanguage":"fr-FR","potentialAction":[{"@type":"ReadAction","target":["https:\/\/www.accidentdutravail-idf.net\/blog\/landes-une-entreprise-condamnee-a-verser-plus-dune-dizaine-de-milliers-deuros-apres-une-chute-de-12-metres-de-lun-de-ses-salaries\/"]}]},{"@type":"ImageObject","inLanguage":"fr-FR","@id":"https:\/\/www.accidentdutravail-idf.net\/blog\/landes-une-entreprise-condamnee-a-verser-plus-dune-dizaine-de-milliers-deuros-apres-une-chute-de-12-metres-de-lun-de-ses-salaries\/#primaryimage","url":"https:\/\/www.accidentdutravail-idf.net\/blog\/wp-content\/uploads\/2024\/10\/landes-une-entreprise-condamnee-a-verser-plus-dune-dizaine-de-milliers-deuros-apres-une-chute-de-12-metres-de-lun-de-ses-salaries.jpg","contentUrl":"https:\/\/www.accidentdutravail-idf.net\/blog\/wp-content\/uploads\/2024\/10\/landes-une-entreprise-condamnee-a-verser-plus-dune-dizaine-de-milliers-deuros-apres-une-chute-de-12-metres-de-lun-de-ses-salaries.jpg"},{"@type":"BreadcrumbList","@id":"https:\/\/www.accidentdutravail-idf.net\/blog\/landes-une-entreprise-condamnee-a-verser-plus-dune-dizaine-de-milliers-deuros-apres-une-chute-de-12-metres-de-lun-de-ses-salaries\/#breadcrumb","itemListElement":[{"@type":"ListItem","position":1,"name":"Accueil","item":"https:\/\/www.accidentdutravail-idf.net\/blog\/"},{"@type":"ListItem","position":2,"name":"Landes : une entreprise condamn\u00e9e \u00e0 verser plus d\u2019une dizaine de milliers d\u2019euros apr\u00e8s une chute de 12 m\u00e8tres de l\u2019un de ses salari\u00e9s"}]},{"@type":"WebSite","@id":"https:\/\/www.accidentdutravail-idf.net\/blog\/#website","url":"https:\/\/www.accidentdutravail-idf.net\/blog\/","name":"ACCIDENTDUTRAVAIL-IDF","description":"Portail accidents du travail-maladies professionnelles des entreprises d&#039;Ile-de-France","publisher":{"@id":"https:\/\/www.accidentdutravail-idf.net\/blog\/#organization"},"potentialAction":[{"@type":"SearchAction","target":{"@type":"EntryPoint","urlTemplate":"https:\/\/www.accidentdutravail-idf.net\/blog\/?s={search_term_string}"},"query-input":{"@type":"PropertyValueSpecification","valueRequired":true,"valueName":"search_term_string"}}],"inLanguage":"fr-FR"},{"@type":"Organization","@id":"https:\/\/www.accidentdutravail-idf.net\/blog\/#organization","name":"accidentdutravail-idf","url":"https:\/\/www.accidentdutravail-idf.net\/blog\/","logo":{"@type":"ImageObject","inLanguage":"fr-FR","@id":"https:\/\/www.accidentdutravail-idf.net\/blog\/#\/schema\/logo\/image\/","url":"https:\/\/www.accidentdutravail-idf.net\/blog\/wp-content\/uploads\/2022\/09\/logo-2.png","contentUrl":"https:\/\/www.accidentdutravail-idf.net\/blog\/wp-content\/uploads\/2022\/09\/logo-2.png","width":380,"height":291,"caption":"accidentdutravail-idf"},"image":{"@id":"https:\/\/www.accidentdutravail-idf.net\/blog\/#\/schema\/logo\/image\/"}},{"@type":"Person","@id":"https:\/\/www.accidentdutravail-idf.net\/blog\/#\/schema\/person\/3255d2f970de45e64bd9201f38e7b947","name":"Carlos Poulain","image":{"@type":"ImageObject","inLanguage":"fr-FR","@id":"https:\/\/secure.gravatar.com\/avatar\/b1c2f9d3588e34e91adb093635df64ef4b2381991216be7576466cfcdca4baf3?s=96&d=mm&r=g","url":"https:\/\/secure.gravatar.com\/avatar\/b1c2f9d3588e34e91adb093635df64ef4b2381991216be7576466cfcdca4baf3?s=96&d=mm&r=g","contentUrl":"https:\/\/secure.gravatar.com\/avatar\/b1c2f9d3588e34e91adb093635df64ef4b2381991216be7576466cfcdca4baf3?s=96&d=mm&r=g","caption":"Carlos Poulain"},"url":"https:\/\/www.accidentdutravail-idf.net\/blog\/author\/idfcarlos\/"}]}},"_links":{"self":[{"href":"https:\/\/www.accidentdutravail-idf.net\/blog\/wp-json\/wp\/v2\/posts\/898","targetHints":{"allow":["GET"]}}],"collection":[{"href":"https:\/\/www.accidentdutravail-idf.net\/blog\/wp-json\/wp\/v2\/posts"}],"about":[{"href":"https:\/\/www.accidentdutravail-idf.net\/blog\/wp-json\/wp\/v2\/types\/post"}],"author":[{"embeddable":true,"href":"https:\/\/www.accidentdutravail-idf.net\/blog\/wp-json\/wp\/v2\/users\/2"}],"replies":[{"embeddable":true,"href":"https:\/\/www.accidentdutravail-idf.net\/blog\/wp-json\/wp\/v2\/comments?post=898"}],"version-history":[{"count":0,"href":"https:\/\/www.accidentdutravail-idf.net\/blog\/wp-json\/wp\/v2\/posts\/898\/revisions"}],"wp:attachment":[{"href":"https:\/\/www.accidentdutravail-idf.net\/blog\/wp-json\/wp\/v2\/media?parent=898"}],"wp:term":[{"taxonomy":"category","embeddable":true,"href":"https:\/\/www.accidentdutravail-idf.net\/blog\/wp-json\/wp\/v2\/categories?post=898"},{"taxonomy":"post_tag","embeddable":true,"href":"https:\/\/www.accidentdutravail-idf.net\/blog\/wp-json\/wp\/v2\/tags?post=898"}],"curies":[{"name":"wp","href":"https:\/\/api.w.org\/{rel}","templated":true}]}}