{"id":895,"date":"2024-10-11T05:41:00","date_gmt":"2024-10-11T03:41:00","guid":{"rendered":"https:\/\/www.accidentdutravail-idf.net\/blog\/video-rn-141-une-jeune-femme-de-23-ans-grievement-blessee-apres-un-accident-au-niveau-de-brie-la-circulation-a-ete-retablie\/"},"modified":"2024-10-11T05:41:00","modified_gmt":"2024-10-11T03:41:00","slug":"video-rn-141-une-jeune-femme-de-23-ans-grievement-blessee-apres-un-accident-au-niveau-de-brie-la-circulation-a-ete-retablie","status":"publish","type":"post","link":"https:\/\/www.accidentdutravail-idf.net\/blog\/video-rn-141-une-jeune-femme-de-23-ans-grievement-blessee-apres-un-accident-au-niveau-de-brie-la-circulation-a-ete-retablie\/","title":{"rendered":"Vid\u00e9o. RN 141 : une jeune femme de 23 ans gri\u00e8vement bless\u00e9e apr\u00e8s un accident au niveau de Brie. La circulation a \u00e9t\u00e9 r\u00e9tablie"},"content":{"rendered":"<p>Aux alentours de midi, une voiture a percut\u00e9 un transporteur de lait, au niveau des travaux en cours sur la RN&nbsp;141, \u00e0 la sortie Les Rassats, vers Brie.<\/p>\n<figure class=\"medium\"> <img decoding=\"async\" id=\"21716458\" src=\"https:\/\/www.accidentdutravail-idf.net\/blog\/wp-content\/uploads\/2024\/10\/video-rn-141-une-jeune-femme-de-23-ans-grievement-blessee-apres-un-accident-au-niveau-de-brie-la-circulation-a-ete-retablie.jpg\" alt=\"Le choc a \u00e9t\u00e9 tr\u00e8s brutal.\"><figcaption class=\"caption\">    <span>Le choc a \u00e9t\u00e9 tr\u00e8s brutal.<\/span> <\/p>\n<p>Photo Julie Desbois<\/p>\n<\/figcaption><\/figure>\n<p>Si l\u2019accident a eu lieu dans le sens Limoges \u2013 Angoul\u00eame, la circulation a \u00e9t\u00e9 bloqu\u00e9e dans les deux sens. En effet, le choc s\u2019est produit \u00e0 l\u2019endroit o\u00f9, \u00e0 cause des travaux, les 2&#215;2 voies se rejoignent.<\/p>\n<figure class=\"medium\"> <img decoding=\"async\" id=\"21716464\" src=\"https:\/\/www.accidentdutravail-idf.net\/blog\/wp-content\/uploads\/2024\/10\/video-rn-141-une-jeune-femme-de-23-ans-grievement-blessee-apres-un-accident-au-niveau-de-brie-la-circulation-a-ete-retablie-1.jpg\" alt=\"Les secours sont actuellement sur place.\"><figcaption class=\"caption\">    <span>Les secours sont actuellement sur place.<\/span> <\/p>\n<p>Photo Julie Desbois<\/p>\n<\/figcaption><\/figure>\n<p>Les secours ont proc\u00e9d\u00e9 sur place \u00e0 la d\u00e9sincarc\u00e9ration de la conductrice du v\u00e9hicule l\u00e9ger, qui a \u00e9t\u00e9 transport\u00e9e en urgence absolue au centre hospitalier d\u2019Angoul\u00eame. Le chauffeur du camion est indemne.<\/p>\n<p> accidentdutravail-idf.net vous a pr\u00e9par\u00e9 ce post qui informe du sujet \u00ab\u00a0Association Sportive Huisson-Longueville Essonne\u00a0\u00bb. La chronique se veut g\u00e9n\u00e9r\u00e9e du mieux possible. Vous pouvez utiliser les coordonn\u00e9es indiqu\u00e9es sur le site dans le but d\u2019apporter des explications sur ce post qui parle du th\u00e8me \u00ab\u00a0Association Sportive Huisson-Longueville Essonne\u00a0\u00bb. Le site accidentdutravail-idf.net a pour but de fournir diverses publications sur la th\u00e9matique Association Sportive Huisson-Longueville Essonne diffus\u00e9es sur le net. Il y aura plusieurs articles autour du sujet \u00ab\u00a0Association Sportive Huisson-Longueville Essonne\u00a0\u00bb dans quelques jours, nous vous invitons \u00e0 naviguer sur notre site web \u00e0 plusieurs reprises.<\/p>\n","protected":false},"excerpt":{"rendered":"<p>Aux alentours de midi, une voiture a percut\u00e9 un transporteur de lait, au niveau des travaux en cours sur la RN&nbsp;141, \u00e0 la sortie Les Rassats, vers Brie. Le choc a \u00e9t\u00e9 tr\u00e8s brutal. Photo Julie Desbois Si l\u2019accident a eu lieu dans le sens Limoges \u2013 Angoul\u00eame, la circulation a \u00e9t\u00e9 bloqu\u00e9e dans les &hellip; <\/p>\n<p class=\"link-more\"><a href=\"https:\/\/www.accidentdutravail-idf.net\/blog\/video-rn-141-une-jeune-femme-de-23-ans-grievement-blessee-apres-un-accident-au-niveau-de-brie-la-circulation-a-ete-retablie\/\" class=\"more-link\">Continuer la lecture <span class=\"screen-reader-text\"> \u00ab\u00a0Vid\u00e9o. RN 141 : une jeune femme de 23 ans gri\u00e8vement bless\u00e9e apr\u00e8s un accident au niveau de Brie. La circulation a \u00e9t\u00e9 r\u00e9tablie\u00a0\u00bb<\/span><\/a><\/p>\n","protected":false},"author":2,"featured_media":0,"comment_status":"closed","ping_status":"closed","sticky":false,"template":"","format":"standard","meta":{"footnotes":""},"categories":[5],"tags":[],"class_list":["post-895","post","type-post","status-publish","format-standard","hentry","category-securite-du-travail-en-ile-de-france-et-divers","entry"],"yoast_head":"<!-- This site is optimized with the Yoast SEO plugin v27.5 - https:\/\/yoast.com\/product\/yoast-seo-wordpress\/ -->\n<title>Vid\u00e9o. RN 141 : une jeune femme de 23 ans gri\u00e8vement bless\u00e9e apr\u00e8s un accident au niveau de Brie. La circulation a \u00e9t\u00e9 r\u00e9tablie - ACCIDENTDUTRAVAIL-IDF<\/title>\n<meta name=\"description\" content=\"Vid\u00e9o. RN 141 : une jeune femme de 23 ans gri\u00e8vement bless\u00e9e apr\u00e8s un accident au niveau de Brie. La circulation a \u00e9t\u00e9 r\u00e9tablie article de ACCIDENTDUTRAVAIL-IDF\" \/>\n<meta name=\"robots\" content=\"index, follow, max-snippet:-1, max-image-preview:large, max-video-preview:-1\" \/>\n<link rel=\"canonical\" href=\"https:\/\/www.accidentdutravail-idf.net\/blog\/video-rn-141-une-jeune-femme-de-23-ans-grievement-blessee-apres-un-accident-au-niveau-de-brie-la-circulation-a-ete-retablie\/\" \/>\n<meta property=\"og:locale\" content=\"fr_FR\" \/>\n<meta property=\"og:type\" content=\"article\" \/>\n<meta property=\"og:title\" content=\"Vid\u00e9o. RN 141 : une jeune femme de 23 ans gri\u00e8vement bless\u00e9e apr\u00e8s un accident au niveau de Brie. La circulation a \u00e9t\u00e9 r\u00e9tablie - ACCIDENTDUTRAVAIL-IDF\" \/>\n<meta property=\"og:description\" content=\"Vid\u00e9o. RN 141 : une jeune femme de 23 ans gri\u00e8vement bless\u00e9e apr\u00e8s un accident au niveau de Brie. La circulation a \u00e9t\u00e9 r\u00e9tablie article de ACCIDENTDUTRAVAIL-IDF\" \/>\n<meta property=\"og:url\" content=\"https:\/\/www.accidentdutravail-idf.net\/blog\/video-rn-141-une-jeune-femme-de-23-ans-grievement-blessee-apres-un-accident-au-niveau-de-brie-la-circulation-a-ete-retablie\/\" \/>\n<meta property=\"og:site_name\" content=\"ACCIDENTDUTRAVAIL-IDF\" \/>\n<meta property=\"article:published_time\" content=\"2024-10-11T03:41:00+00:00\" \/>\n<meta property=\"og:image\" content=\"https:\/\/www.accidentdutravail-idf.net\/blog\/wp-content\/uploads\/2024\/10\/video-rn-141-une-jeune-femme-de-23-ans-grievement-blessee-apres-un-accident-au-niveau-de-brie-la-circulation-a-ete-retablie.jpg\" \/>\n<meta name=\"author\" content=\"Carlos Poulain\" \/>\n<meta name=\"twitter:card\" content=\"summary_large_image\" \/>\n<meta name=\"twitter:label1\" content=\"\u00c9crit par\" \/>\n\t<meta name=\"twitter:data1\" content=\"Carlos Poulain\" \/>\n\t<meta name=\"twitter:label2\" content=\"Dur\u00e9e de lecture estim\u00e9e\" \/>\n\t<meta name=\"twitter:data2\" content=\"1 minute\" \/>\n<script type=\"application\/ld+json\" class=\"yoast-schema-graph\">{\"@context\":\"https:\\\/\\\/schema.org\",\"@graph\":[{\"@type\":\"Article\",\"@id\":\"https:\\\/\\\/www.accidentdutravail-idf.net\\\/blog\\\/video-rn-141-une-jeune-femme-de-23-ans-grievement-blessee-apres-un-accident-au-niveau-de-brie-la-circulation-a-ete-retablie\\\/#article\",\"isPartOf\":{\"@id\":\"https:\\\/\\\/www.accidentdutravail-idf.net\\\/blog\\\/video-rn-141-une-jeune-femme-de-23-ans-grievement-blessee-apres-un-accident-au-niveau-de-brie-la-circulation-a-ete-retablie\\\/\"},\"author\":{\"name\":\"Carlos Poulain\",\"@id\":\"https:\\\/\\\/www.accidentdutravail-idf.net\\\/blog\\\/#\\\/schema\\\/person\\\/3255d2f970de45e64bd9201f38e7b947\"},\"headline\":\"Vid\u00e9o. RN 141 : une jeune femme de 23 ans gri\u00e8vement bless\u00e9e apr\u00e8s un accident au niveau de Brie. La circulation a \u00e9t\u00e9 r\u00e9tablie\",\"datePublished\":\"2024-10-11T03:41:00+00:00\",\"mainEntityOfPage\":{\"@id\":\"https:\\\/\\\/www.accidentdutravail-idf.net\\\/blog\\\/video-rn-141-une-jeune-femme-de-23-ans-grievement-blessee-apres-un-accident-au-niveau-de-brie-la-circulation-a-ete-retablie\\\/\"},\"wordCount\":258,\"publisher\":{\"@id\":\"https:\\\/\\\/www.accidentdutravail-idf.net\\\/blog\\\/#organization\"},\"image\":{\"@id\":\"https:\\\/\\\/www.accidentdutravail-idf.net\\\/blog\\\/video-rn-141-une-jeune-femme-de-23-ans-grievement-blessee-apres-un-accident-au-niveau-de-brie-la-circulation-a-ete-retablie\\\/#primaryimage\"},\"thumbnailUrl\":\"https:\\\/\\\/www.accidentdutravail-idf.net\\\/blog\\\/wp-content\\\/uploads\\\/2024\\\/10\\\/video-rn-141-une-jeune-femme-de-23-ans-grievement-blessee-apres-un-accident-au-niveau-de-brie-la-circulation-a-ete-retablie.jpg\",\"articleSection\":[\"S\u00e9curit\u00e9 Du Travail En Ile-De-France Et Divers:\"],\"inLanguage\":\"fr-FR\"},{\"@type\":\"WebPage\",\"@id\":\"https:\\\/\\\/www.accidentdutravail-idf.net\\\/blog\\\/video-rn-141-une-jeune-femme-de-23-ans-grievement-blessee-apres-un-accident-au-niveau-de-brie-la-circulation-a-ete-retablie\\\/\",\"url\":\"https:\\\/\\\/www.accidentdutravail-idf.net\\\/blog\\\/video-rn-141-une-jeune-femme-de-23-ans-grievement-blessee-apres-un-accident-au-niveau-de-brie-la-circulation-a-ete-retablie\\\/\",\"name\":\"Vid\u00e9o. RN 141 : une jeune femme de 23 ans gri\u00e8vement bless\u00e9e apr\u00e8s un accident au niveau de Brie. La circulation a \u00e9t\u00e9 r\u00e9tablie - ACCIDENTDUTRAVAIL-IDF\",\"isPartOf\":{\"@id\":\"https:\\\/\\\/www.accidentdutravail-idf.net\\\/blog\\\/#website\"},\"primaryImageOfPage\":{\"@id\":\"https:\\\/\\\/www.accidentdutravail-idf.net\\\/blog\\\/video-rn-141-une-jeune-femme-de-23-ans-grievement-blessee-apres-un-accident-au-niveau-de-brie-la-circulation-a-ete-retablie\\\/#primaryimage\"},\"image\":{\"@id\":\"https:\\\/\\\/www.accidentdutravail-idf.net\\\/blog\\\/video-rn-141-une-jeune-femme-de-23-ans-grievement-blessee-apres-un-accident-au-niveau-de-brie-la-circulation-a-ete-retablie\\\/#primaryimage\"},\"thumbnailUrl\":\"https:\\\/\\\/www.accidentdutravail-idf.net\\\/blog\\\/wp-content\\\/uploads\\\/2024\\\/10\\\/video-rn-141-une-jeune-femme-de-23-ans-grievement-blessee-apres-un-accident-au-niveau-de-brie-la-circulation-a-ete-retablie.jpg\",\"datePublished\":\"2024-10-11T03:41:00+00:00\",\"description\":\"Vid\u00e9o. RN 141 : une jeune femme de 23 ans gri\u00e8vement bless\u00e9e apr\u00e8s un accident au niveau de Brie. La circulation a \u00e9t\u00e9 r\u00e9tablie article de ACCIDENTDUTRAVAIL-IDF\",\"breadcrumb\":{\"@id\":\"https:\\\/\\\/www.accidentdutravail-idf.net\\\/blog\\\/video-rn-141-une-jeune-femme-de-23-ans-grievement-blessee-apres-un-accident-au-niveau-de-brie-la-circulation-a-ete-retablie\\\/#breadcrumb\"},\"inLanguage\":\"fr-FR\",\"potentialAction\":[{\"@type\":\"ReadAction\",\"target\":[\"https:\\\/\\\/www.accidentdutravail-idf.net\\\/blog\\\/video-rn-141-une-jeune-femme-de-23-ans-grievement-blessee-apres-un-accident-au-niveau-de-brie-la-circulation-a-ete-retablie\\\/\"]}]},{\"@type\":\"ImageObject\",\"inLanguage\":\"fr-FR\",\"@id\":\"https:\\\/\\\/www.accidentdutravail-idf.net\\\/blog\\\/video-rn-141-une-jeune-femme-de-23-ans-grievement-blessee-apres-un-accident-au-niveau-de-brie-la-circulation-a-ete-retablie\\\/#primaryimage\",\"url\":\"https:\\\/\\\/www.accidentdutravail-idf.net\\\/blog\\\/wp-content\\\/uploads\\\/2024\\\/10\\\/video-rn-141-une-jeune-femme-de-23-ans-grievement-blessee-apres-un-accident-au-niveau-de-brie-la-circulation-a-ete-retablie.jpg\",\"contentUrl\":\"https:\\\/\\\/www.accidentdutravail-idf.net\\\/blog\\\/wp-content\\\/uploads\\\/2024\\\/10\\\/video-rn-141-une-jeune-femme-de-23-ans-grievement-blessee-apres-un-accident-au-niveau-de-brie-la-circulation-a-ete-retablie.jpg\"},{\"@type\":\"BreadcrumbList\",\"@id\":\"https:\\\/\\\/www.accidentdutravail-idf.net\\\/blog\\\/video-rn-141-une-jeune-femme-de-23-ans-grievement-blessee-apres-un-accident-au-niveau-de-brie-la-circulation-a-ete-retablie\\\/#breadcrumb\",\"itemListElement\":[{\"@type\":\"ListItem\",\"position\":1,\"name\":\"Accueil\",\"item\":\"https:\\\/\\\/www.accidentdutravail-idf.net\\\/blog\\\/\"},{\"@type\":\"ListItem\",\"position\":2,\"name\":\"Vid\u00e9o. RN 141 : une jeune femme de 23 ans gri\u00e8vement bless\u00e9e apr\u00e8s un accident au niveau de Brie. La circulation a \u00e9t\u00e9 r\u00e9tablie\"}]},{\"@type\":\"WebSite\",\"@id\":\"https:\\\/\\\/www.accidentdutravail-idf.net\\\/blog\\\/#website\",\"url\":\"https:\\\/\\\/www.accidentdutravail-idf.net\\\/blog\\\/\",\"name\":\"ACCIDENTDUTRAVAIL-IDF\",\"description\":\"Portail accidents du travail-maladies professionnelles des entreprises d&#039;Ile-de-France\",\"publisher\":{\"@id\":\"https:\\\/\\\/www.accidentdutravail-idf.net\\\/blog\\\/#organization\"},\"potentialAction\":[{\"@type\":\"SearchAction\",\"target\":{\"@type\":\"EntryPoint\",\"urlTemplate\":\"https:\\\/\\\/www.accidentdutravail-idf.net\\\/blog\\\/?s={search_term_string}\"},\"query-input\":{\"@type\":\"PropertyValueSpecification\",\"valueRequired\":true,\"valueName\":\"search_term_string\"}}],\"inLanguage\":\"fr-FR\"},{\"@type\":\"Organization\",\"@id\":\"https:\\\/\\\/www.accidentdutravail-idf.net\\\/blog\\\/#organization\",\"name\":\"accidentdutravail-idf\",\"url\":\"https:\\\/\\\/www.accidentdutravail-idf.net\\\/blog\\\/\",\"logo\":{\"@type\":\"ImageObject\",\"inLanguage\":\"fr-FR\",\"@id\":\"https:\\\/\\\/www.accidentdutravail-idf.net\\\/blog\\\/#\\\/schema\\\/logo\\\/image\\\/\",\"url\":\"https:\\\/\\\/www.accidentdutravail-idf.net\\\/blog\\\/wp-content\\\/uploads\\\/2022\\\/09\\\/logo-2.png\",\"contentUrl\":\"https:\\\/\\\/www.accidentdutravail-idf.net\\\/blog\\\/wp-content\\\/uploads\\\/2022\\\/09\\\/logo-2.png\",\"width\":380,\"height\":291,\"caption\":\"accidentdutravail-idf\"},\"image\":{\"@id\":\"https:\\\/\\\/www.accidentdutravail-idf.net\\\/blog\\\/#\\\/schema\\\/logo\\\/image\\\/\"}},{\"@type\":\"Person\",\"@id\":\"https:\\\/\\\/www.accidentdutravail-idf.net\\\/blog\\\/#\\\/schema\\\/person\\\/3255d2f970de45e64bd9201f38e7b947\",\"name\":\"Carlos Poulain\",\"image\":{\"@type\":\"ImageObject\",\"inLanguage\":\"fr-FR\",\"@id\":\"https:\\\/\\\/secure.gravatar.com\\\/avatar\\\/b1c2f9d3588e34e91adb093635df64ef4b2381991216be7576466cfcdca4baf3?s=96&d=mm&r=g\",\"url\":\"https:\\\/\\\/secure.gravatar.com\\\/avatar\\\/b1c2f9d3588e34e91adb093635df64ef4b2381991216be7576466cfcdca4baf3?s=96&d=mm&r=g\",\"contentUrl\":\"https:\\\/\\\/secure.gravatar.com\\\/avatar\\\/b1c2f9d3588e34e91adb093635df64ef4b2381991216be7576466cfcdca4baf3?s=96&d=mm&r=g\",\"caption\":\"Carlos Poulain\"},\"url\":\"https:\\\/\\\/www.accidentdutravail-idf.net\\\/blog\\\/author\\\/idfcarlos\\\/\"}]}<\/script>\n<!-- \/ Yoast SEO plugin. -->","yoast_head_json":{"title":"Vid\u00e9o. RN 141 : une jeune femme de 23 ans gri\u00e8vement bless\u00e9e apr\u00e8s un accident au niveau de Brie. La circulation a \u00e9t\u00e9 r\u00e9tablie - ACCIDENTDUTRAVAIL-IDF","description":"Vid\u00e9o. RN 141 : une jeune femme de 23 ans gri\u00e8vement bless\u00e9e apr\u00e8s un accident au niveau de Brie. La circulation a \u00e9t\u00e9 r\u00e9tablie article de ACCIDENTDUTRAVAIL-IDF","robots":{"index":"index","follow":"follow","max-snippet":"max-snippet:-1","max-image-preview":"max-image-preview:large","max-video-preview":"max-video-preview:-1"},"canonical":"https:\/\/www.accidentdutravail-idf.net\/blog\/video-rn-141-une-jeune-femme-de-23-ans-grievement-blessee-apres-un-accident-au-niveau-de-brie-la-circulation-a-ete-retablie\/","og_locale":"fr_FR","og_type":"article","og_title":"Vid\u00e9o. RN 141 : une jeune femme de 23 ans gri\u00e8vement bless\u00e9e apr\u00e8s un accident au niveau de Brie. La circulation a \u00e9t\u00e9 r\u00e9tablie - ACCIDENTDUTRAVAIL-IDF","og_description":"Vid\u00e9o. RN 141 : une jeune femme de 23 ans gri\u00e8vement bless\u00e9e apr\u00e8s un accident au niveau de Brie. La circulation a \u00e9t\u00e9 r\u00e9tablie article de ACCIDENTDUTRAVAIL-IDF","og_url":"https:\/\/www.accidentdutravail-idf.net\/blog\/video-rn-141-une-jeune-femme-de-23-ans-grievement-blessee-apres-un-accident-au-niveau-de-brie-la-circulation-a-ete-retablie\/","og_site_name":"ACCIDENTDUTRAVAIL-IDF","article_published_time":"2024-10-11T03:41:00+00:00","og_image":[{"url":"https:\/\/www.accidentdutravail-idf.net\/blog\/wp-content\/uploads\/2024\/10\/video-rn-141-une-jeune-femme-de-23-ans-grievement-blessee-apres-un-accident-au-niveau-de-brie-la-circulation-a-ete-retablie.jpg","type":"","width":"","height":""}],"author":"Carlos Poulain","twitter_card":"summary_large_image","twitter_misc":{"\u00c9crit par":"Carlos Poulain","Dur\u00e9e de lecture estim\u00e9e":"1 minute"},"schema":{"@context":"https:\/\/schema.org","@graph":[{"@type":"Article","@id":"https:\/\/www.accidentdutravail-idf.net\/blog\/video-rn-141-une-jeune-femme-de-23-ans-grievement-blessee-apres-un-accident-au-niveau-de-brie-la-circulation-a-ete-retablie\/#article","isPartOf":{"@id":"https:\/\/www.accidentdutravail-idf.net\/blog\/video-rn-141-une-jeune-femme-de-23-ans-grievement-blessee-apres-un-accident-au-niveau-de-brie-la-circulation-a-ete-retablie\/"},"author":{"name":"Carlos Poulain","@id":"https:\/\/www.accidentdutravail-idf.net\/blog\/#\/schema\/person\/3255d2f970de45e64bd9201f38e7b947"},"headline":"Vid\u00e9o. RN 141 : une jeune femme de 23 ans gri\u00e8vement bless\u00e9e apr\u00e8s un accident au niveau de Brie. La circulation a \u00e9t\u00e9 r\u00e9tablie","datePublished":"2024-10-11T03:41:00+00:00","mainEntityOfPage":{"@id":"https:\/\/www.accidentdutravail-idf.net\/blog\/video-rn-141-une-jeune-femme-de-23-ans-grievement-blessee-apres-un-accident-au-niveau-de-brie-la-circulation-a-ete-retablie\/"},"wordCount":258,"publisher":{"@id":"https:\/\/www.accidentdutravail-idf.net\/blog\/#organization"},"image":{"@id":"https:\/\/www.accidentdutravail-idf.net\/blog\/video-rn-141-une-jeune-femme-de-23-ans-grievement-blessee-apres-un-accident-au-niveau-de-brie-la-circulation-a-ete-retablie\/#primaryimage"},"thumbnailUrl":"https:\/\/www.accidentdutravail-idf.net\/blog\/wp-content\/uploads\/2024\/10\/video-rn-141-une-jeune-femme-de-23-ans-grievement-blessee-apres-un-accident-au-niveau-de-brie-la-circulation-a-ete-retablie.jpg","articleSection":["S\u00e9curit\u00e9 Du Travail En Ile-De-France Et Divers:"],"inLanguage":"fr-FR"},{"@type":"WebPage","@id":"https:\/\/www.accidentdutravail-idf.net\/blog\/video-rn-141-une-jeune-femme-de-23-ans-grievement-blessee-apres-un-accident-au-niveau-de-brie-la-circulation-a-ete-retablie\/","url":"https:\/\/www.accidentdutravail-idf.net\/blog\/video-rn-141-une-jeune-femme-de-23-ans-grievement-blessee-apres-un-accident-au-niveau-de-brie-la-circulation-a-ete-retablie\/","name":"Vid\u00e9o. RN 141 : une jeune femme de 23 ans gri\u00e8vement bless\u00e9e apr\u00e8s un accident au niveau de Brie. La circulation a \u00e9t\u00e9 r\u00e9tablie - ACCIDENTDUTRAVAIL-IDF","isPartOf":{"@id":"https:\/\/www.accidentdutravail-idf.net\/blog\/#website"},"primaryImageOfPage":{"@id":"https:\/\/www.accidentdutravail-idf.net\/blog\/video-rn-141-une-jeune-femme-de-23-ans-grievement-blessee-apres-un-accident-au-niveau-de-brie-la-circulation-a-ete-retablie\/#primaryimage"},"image":{"@id":"https:\/\/www.accidentdutravail-idf.net\/blog\/video-rn-141-une-jeune-femme-de-23-ans-grievement-blessee-apres-un-accident-au-niveau-de-brie-la-circulation-a-ete-retablie\/#primaryimage"},"thumbnailUrl":"https:\/\/www.accidentdutravail-idf.net\/blog\/wp-content\/uploads\/2024\/10\/video-rn-141-une-jeune-femme-de-23-ans-grievement-blessee-apres-un-accident-au-niveau-de-brie-la-circulation-a-ete-retablie.jpg","datePublished":"2024-10-11T03:41:00+00:00","description":"Vid\u00e9o. RN 141 : une jeune femme de 23 ans gri\u00e8vement bless\u00e9e apr\u00e8s un accident au niveau de Brie. La circulation a \u00e9t\u00e9 r\u00e9tablie article de ACCIDENTDUTRAVAIL-IDF","breadcrumb":{"@id":"https:\/\/www.accidentdutravail-idf.net\/blog\/video-rn-141-une-jeune-femme-de-23-ans-grievement-blessee-apres-un-accident-au-niveau-de-brie-la-circulation-a-ete-retablie\/#breadcrumb"},"inLanguage":"fr-FR","potentialAction":[{"@type":"ReadAction","target":["https:\/\/www.accidentdutravail-idf.net\/blog\/video-rn-141-une-jeune-femme-de-23-ans-grievement-blessee-apres-un-accident-au-niveau-de-brie-la-circulation-a-ete-retablie\/"]}]},{"@type":"ImageObject","inLanguage":"fr-FR","@id":"https:\/\/www.accidentdutravail-idf.net\/blog\/video-rn-141-une-jeune-femme-de-23-ans-grievement-blessee-apres-un-accident-au-niveau-de-brie-la-circulation-a-ete-retablie\/#primaryimage","url":"https:\/\/www.accidentdutravail-idf.net\/blog\/wp-content\/uploads\/2024\/10\/video-rn-141-une-jeune-femme-de-23-ans-grievement-blessee-apres-un-accident-au-niveau-de-brie-la-circulation-a-ete-retablie.jpg","contentUrl":"https:\/\/www.accidentdutravail-idf.net\/blog\/wp-content\/uploads\/2024\/10\/video-rn-141-une-jeune-femme-de-23-ans-grievement-blessee-apres-un-accident-au-niveau-de-brie-la-circulation-a-ete-retablie.jpg"},{"@type":"BreadcrumbList","@id":"https:\/\/www.accidentdutravail-idf.net\/blog\/video-rn-141-une-jeune-femme-de-23-ans-grievement-blessee-apres-un-accident-au-niveau-de-brie-la-circulation-a-ete-retablie\/#breadcrumb","itemListElement":[{"@type":"ListItem","position":1,"name":"Accueil","item":"https:\/\/www.accidentdutravail-idf.net\/blog\/"},{"@type":"ListItem","position":2,"name":"Vid\u00e9o. RN 141 : une jeune femme de 23 ans gri\u00e8vement bless\u00e9e apr\u00e8s un accident au niveau de Brie. La circulation a \u00e9t\u00e9 r\u00e9tablie"}]},{"@type":"WebSite","@id":"https:\/\/www.accidentdutravail-idf.net\/blog\/#website","url":"https:\/\/www.accidentdutravail-idf.net\/blog\/","name":"ACCIDENTDUTRAVAIL-IDF","description":"Portail accidents du travail-maladies professionnelles des entreprises d&#039;Ile-de-France","publisher":{"@id":"https:\/\/www.accidentdutravail-idf.net\/blog\/#organization"},"potentialAction":[{"@type":"SearchAction","target":{"@type":"EntryPoint","urlTemplate":"https:\/\/www.accidentdutravail-idf.net\/blog\/?s={search_term_string}"},"query-input":{"@type":"PropertyValueSpecification","valueRequired":true,"valueName":"search_term_string"}}],"inLanguage":"fr-FR"},{"@type":"Organization","@id":"https:\/\/www.accidentdutravail-idf.net\/blog\/#organization","name":"accidentdutravail-idf","url":"https:\/\/www.accidentdutravail-idf.net\/blog\/","logo":{"@type":"ImageObject","inLanguage":"fr-FR","@id":"https:\/\/www.accidentdutravail-idf.net\/blog\/#\/schema\/logo\/image\/","url":"https:\/\/www.accidentdutravail-idf.net\/blog\/wp-content\/uploads\/2022\/09\/logo-2.png","contentUrl":"https:\/\/www.accidentdutravail-idf.net\/blog\/wp-content\/uploads\/2022\/09\/logo-2.png","width":380,"height":291,"caption":"accidentdutravail-idf"},"image":{"@id":"https:\/\/www.accidentdutravail-idf.net\/blog\/#\/schema\/logo\/image\/"}},{"@type":"Person","@id":"https:\/\/www.accidentdutravail-idf.net\/blog\/#\/schema\/person\/3255d2f970de45e64bd9201f38e7b947","name":"Carlos Poulain","image":{"@type":"ImageObject","inLanguage":"fr-FR","@id":"https:\/\/secure.gravatar.com\/avatar\/b1c2f9d3588e34e91adb093635df64ef4b2381991216be7576466cfcdca4baf3?s=96&d=mm&r=g","url":"https:\/\/secure.gravatar.com\/avatar\/b1c2f9d3588e34e91adb093635df64ef4b2381991216be7576466cfcdca4baf3?s=96&d=mm&r=g","contentUrl":"https:\/\/secure.gravatar.com\/avatar\/b1c2f9d3588e34e91adb093635df64ef4b2381991216be7576466cfcdca4baf3?s=96&d=mm&r=g","caption":"Carlos Poulain"},"url":"https:\/\/www.accidentdutravail-idf.net\/blog\/author\/idfcarlos\/"}]}},"_links":{"self":[{"href":"https:\/\/www.accidentdutravail-idf.net\/blog\/wp-json\/wp\/v2\/posts\/895","targetHints":{"allow":["GET"]}}],"collection":[{"href":"https:\/\/www.accidentdutravail-idf.net\/blog\/wp-json\/wp\/v2\/posts"}],"about":[{"href":"https:\/\/www.accidentdutravail-idf.net\/blog\/wp-json\/wp\/v2\/types\/post"}],"author":[{"embeddable":true,"href":"https:\/\/www.accidentdutravail-idf.net\/blog\/wp-json\/wp\/v2\/users\/2"}],"replies":[{"embeddable":true,"href":"https:\/\/www.accidentdutravail-idf.net\/blog\/wp-json\/wp\/v2\/comments?post=895"}],"version-history":[{"count":0,"href":"https:\/\/www.accidentdutravail-idf.net\/blog\/wp-json\/wp\/v2\/posts\/895\/revisions"}],"wp:attachment":[{"href":"https:\/\/www.accidentdutravail-idf.net\/blog\/wp-json\/wp\/v2\/media?parent=895"}],"wp:term":[{"taxonomy":"category","embeddable":true,"href":"https:\/\/www.accidentdutravail-idf.net\/blog\/wp-json\/wp\/v2\/categories?post=895"},{"taxonomy":"post_tag","embeddable":true,"href":"https:\/\/www.accidentdutravail-idf.net\/blog\/wp-json\/wp\/v2\/tags?post=895"}],"curies":[{"name":"wp","href":"https:\/\/api.w.org\/{rel}","templated":true}]}}