{"id":878,"date":"2024-10-06T23:00:00","date_gmt":"2024-10-06T21:00:00","guid":{"rendered":"https:\/\/www.accidentdutravail-idf.net\/blog\/rive-de-gier-comment-ce-routier-ampute-dun-pied-sest-trace-une-nouvelle-route\/"},"modified":"2024-10-06T23:00:00","modified_gmt":"2024-10-06T21:00:00","slug":"rive-de-gier-comment-ce-routier-ampute-dun-pied-sest-trace-une-nouvelle-route","status":"publish","type":"post","link":"https:\/\/www.accidentdutravail-idf.net\/blog\/rive-de-gier-comment-ce-routier-ampute-dun-pied-sest-trace-une-nouvelle-route\/","title":{"rendered":"Rive-de-Gier Comment ce routier amput\u00e9 d\u2019un pied s\u2019est trac\u00e9 une nouvelle route"},"content":{"rendered":"<div><img decoding=\"async\" src=\"https:\/\/www.accidentdutravail-idf.net\/blog\/wp-content\/uploads\/2024\/10\/rive-de-gier-comment-ce-routier-ampute-dun-pied-sest-trace-une-nouvelle-route.jpg\" class=\"ff-og-image-inserted\"><\/div>\n<p>Passer sa journ\u00e9e libre, sur les routes de France au volant de son camion, Laurent Pichon en r\u00eave depuis tout petit. Alors naturellement, apr\u00e8s le coll\u00e8ge, cet enfant de La Grand-Croix se dirige vers un BEP conducteur routier <a href=\"https:\/\/www.leprogres.fr\/education\/2023\/03\/25\/la-section-routiers-du-lycee-claude-lebois-fete-ses-60-ans\" target=\"_blank\" rel=\"noopener nofollow\">au lyc\u00e9e Claude-Lebois<\/a> \u00e0 Saint-Chamond. Il en ressort dipl\u00f4m\u00e9 en 2001.<\/p>\n<p>Pendant plus de dix ans, il avale les kilom\u00e8tres, perch\u00e9 dans ses poids lourds, avec bonheur et sans encombre pour le compte de diff\u00e9rentes soci\u00e9t\u00e9s de la r\u00e9gion. Mais le 4&nbsp;septembre 2013, la vie de ce Ripag\u00e9rien alors \u00e2g\u00e9 de 30 ans et p\u00e8re de deux enfants bascule en une fraction de seconde. Au sens propre comme au figur\u00e9.<\/p>\n<h2 class=\"rel\">\u00ab&nbsp;Au lieu de baisser le m\u00e2t, il l\u2019a inclin\u00e9&nbsp;\u00bb<\/h2>\n<p>Ce jour-l\u00e0, dans le d\u00e9p\u00f4t de son entreprise mornantaise, il est sur la remorque de son camion, et guide un cariste en train de man\u0153uvrer un chargement de grandes barres en fer gr\u00e2ce \u00e0 un chariot \u00e9l\u00e9vateur. \u00ab&nbsp;Il a fait une mauvaise manip\u2019\u2026 Au lieu de baisser le m\u00e2t, il l\u2019a inclin\u00e9\u2026 J\u2019ai essay\u00e9 par r\u00e9flexe de retenir le chargement&#8230;<\/p>\n<p> accidentdutravail-idf.net vous a pr\u00e9par\u00e9 ce post qui informe du sujet \u00ab\u00a0Association Sportive Huisson-Longueville Essonne\u00a0\u00bb. La chronique se veut g\u00e9n\u00e9r\u00e9e du mieux possible. Vous pouvez utiliser les coordonn\u00e9es indiqu\u00e9es sur le site dans le but d\u2019apporter des explications sur ce post qui parle du th\u00e8me \u00ab\u00a0Association Sportive Huisson-Longueville Essonne\u00a0\u00bb. Le site accidentdutravail-idf.net a pour but de fournir diverses publications sur la th\u00e9matique Association Sportive Huisson-Longueville Essonne diffus\u00e9es sur le net. Il y aura plusieurs articles autour du sujet \u00ab\u00a0Association Sportive Huisson-Longueville Essonne\u00a0\u00bb dans quelques jours, nous vous invitons \u00e0 naviguer sur notre site web \u00e0 plusieurs reprises.<\/p>\n","protected":false},"excerpt":{"rendered":"<p>Passer sa journ\u00e9e libre, sur les routes de France au volant de son camion, Laurent Pichon en r\u00eave depuis tout petit. Alors naturellement, apr\u00e8s le coll\u00e8ge, cet enfant de La Grand-Croix se dirige vers un BEP conducteur routier au lyc\u00e9e Claude-Lebois \u00e0 Saint-Chamond. Il en ressort dipl\u00f4m\u00e9 en 2001. Pendant plus de dix ans, il &hellip; <\/p>\n<p class=\"link-more\"><a href=\"https:\/\/www.accidentdutravail-idf.net\/blog\/rive-de-gier-comment-ce-routier-ampute-dun-pied-sest-trace-une-nouvelle-route\/\" class=\"more-link\">Continuer la lecture <span class=\"screen-reader-text\"> \u00ab\u00a0Rive-de-Gier Comment ce routier amput\u00e9 d\u2019un pied s\u2019est trac\u00e9 une nouvelle route\u00a0\u00bb<\/span><\/a><\/p>\n","protected":false},"author":2,"featured_media":0,"comment_status":"closed","ping_status":"closed","sticky":false,"template":"","format":"standard","meta":{"footnotes":""},"categories":[5],"tags":[],"class_list":["post-878","post","type-post","status-publish","format-standard","hentry","category-securite-du-travail-en-ile-de-france-et-divers","entry"],"yoast_head":"<!-- This site is optimized with the Yoast SEO plugin v27.5 - https:\/\/yoast.com\/product\/yoast-seo-wordpress\/ -->\n<title>Rive-de-Gier Comment ce routier amput\u00e9 d\u2019un pied s\u2019est trac\u00e9 une nouvelle route - ACCIDENTDUTRAVAIL-IDF<\/title>\n<meta name=\"description\" content=\"Rive-de-Gier Comment ce routier amput\u00e9 d\u2019un pied s\u2019est trac\u00e9 une nouvelle route article de ACCIDENTDUTRAVAIL-IDF\" \/>\n<meta name=\"robots\" content=\"index, follow, max-snippet:-1, max-image-preview:large, max-video-preview:-1\" \/>\n<link rel=\"canonical\" href=\"https:\/\/www.accidentdutravail-idf.net\/blog\/rive-de-gier-comment-ce-routier-ampute-dun-pied-sest-trace-une-nouvelle-route\/\" \/>\n<meta property=\"og:locale\" content=\"fr_FR\" \/>\n<meta property=\"og:type\" content=\"article\" \/>\n<meta property=\"og:title\" content=\"Rive-de-Gier Comment ce routier amput\u00e9 d\u2019un pied s\u2019est trac\u00e9 une nouvelle route - ACCIDENTDUTRAVAIL-IDF\" \/>\n<meta property=\"og:description\" content=\"Rive-de-Gier Comment ce routier amput\u00e9 d\u2019un pied s\u2019est trac\u00e9 une nouvelle route article de ACCIDENTDUTRAVAIL-IDF\" \/>\n<meta property=\"og:url\" content=\"https:\/\/www.accidentdutravail-idf.net\/blog\/rive-de-gier-comment-ce-routier-ampute-dun-pied-sest-trace-une-nouvelle-route\/\" \/>\n<meta property=\"og:site_name\" content=\"ACCIDENTDUTRAVAIL-IDF\" \/>\n<meta property=\"article:published_time\" content=\"2024-10-06T21:00:00+00:00\" \/>\n<meta property=\"og:image\" content=\"https:\/\/www.accidentdutravail-idf.net\/blog\/wp-content\/uploads\/2024\/10\/rive-de-gier-comment-ce-routier-ampute-dun-pied-sest-trace-une-nouvelle-route.jpg\" \/>\n<meta name=\"author\" content=\"Carlos Poulain\" \/>\n<meta name=\"twitter:card\" content=\"summary_large_image\" \/>\n<meta name=\"twitter:label1\" content=\"\u00c9crit par\" \/>\n\t<meta name=\"twitter:data1\" content=\"Carlos Poulain\" \/>\n\t<meta name=\"twitter:label2\" content=\"Dur\u00e9e de lecture estim\u00e9e\" \/>\n\t<meta name=\"twitter:data2\" content=\"2 minutes\" \/>\n<script type=\"application\/ld+json\" class=\"yoast-schema-graph\">{\"@context\":\"https:\\\/\\\/schema.org\",\"@graph\":[{\"@type\":\"Article\",\"@id\":\"https:\\\/\\\/www.accidentdutravail-idf.net\\\/blog\\\/rive-de-gier-comment-ce-routier-ampute-dun-pied-sest-trace-une-nouvelle-route\\\/#article\",\"isPartOf\":{\"@id\":\"https:\\\/\\\/www.accidentdutravail-idf.net\\\/blog\\\/rive-de-gier-comment-ce-routier-ampute-dun-pied-sest-trace-une-nouvelle-route\\\/\"},\"author\":{\"name\":\"Carlos Poulain\",\"@id\":\"https:\\\/\\\/www.accidentdutravail-idf.net\\\/blog\\\/#\\\/schema\\\/person\\\/3255d2f970de45e64bd9201f38e7b947\"},\"headline\":\"Rive-de-Gier Comment ce routier amput\u00e9 d\u2019un pied s\u2019est trac\u00e9 une nouvelle route\",\"datePublished\":\"2024-10-06T21:00:00+00:00\",\"mainEntityOfPage\":{\"@id\":\"https:\\\/\\\/www.accidentdutravail-idf.net\\\/blog\\\/rive-de-gier-comment-ce-routier-ampute-dun-pied-sest-trace-une-nouvelle-route\\\/\"},\"wordCount\":320,\"publisher\":{\"@id\":\"https:\\\/\\\/www.accidentdutravail-idf.net\\\/blog\\\/#organization\"},\"image\":{\"@id\":\"https:\\\/\\\/www.accidentdutravail-idf.net\\\/blog\\\/rive-de-gier-comment-ce-routier-ampute-dun-pied-sest-trace-une-nouvelle-route\\\/#primaryimage\"},\"thumbnailUrl\":\"https:\\\/\\\/www.accidentdutravail-idf.net\\\/blog\\\/wp-content\\\/uploads\\\/2024\\\/10\\\/rive-de-gier-comment-ce-routier-ampute-dun-pied-sest-trace-une-nouvelle-route.jpg\",\"articleSection\":[\"S\u00e9curit\u00e9 Du Travail En Ile-De-France Et Divers:\"],\"inLanguage\":\"fr-FR\"},{\"@type\":\"WebPage\",\"@id\":\"https:\\\/\\\/www.accidentdutravail-idf.net\\\/blog\\\/rive-de-gier-comment-ce-routier-ampute-dun-pied-sest-trace-une-nouvelle-route\\\/\",\"url\":\"https:\\\/\\\/www.accidentdutravail-idf.net\\\/blog\\\/rive-de-gier-comment-ce-routier-ampute-dun-pied-sest-trace-une-nouvelle-route\\\/\",\"name\":\"Rive-de-Gier Comment ce routier amput\u00e9 d\u2019un pied s\u2019est trac\u00e9 une nouvelle route - ACCIDENTDUTRAVAIL-IDF\",\"isPartOf\":{\"@id\":\"https:\\\/\\\/www.accidentdutravail-idf.net\\\/blog\\\/#website\"},\"primaryImageOfPage\":{\"@id\":\"https:\\\/\\\/www.accidentdutravail-idf.net\\\/blog\\\/rive-de-gier-comment-ce-routier-ampute-dun-pied-sest-trace-une-nouvelle-route\\\/#primaryimage\"},\"image\":{\"@id\":\"https:\\\/\\\/www.accidentdutravail-idf.net\\\/blog\\\/rive-de-gier-comment-ce-routier-ampute-dun-pied-sest-trace-une-nouvelle-route\\\/#primaryimage\"},\"thumbnailUrl\":\"https:\\\/\\\/www.accidentdutravail-idf.net\\\/blog\\\/wp-content\\\/uploads\\\/2024\\\/10\\\/rive-de-gier-comment-ce-routier-ampute-dun-pied-sest-trace-une-nouvelle-route.jpg\",\"datePublished\":\"2024-10-06T21:00:00+00:00\",\"description\":\"Rive-de-Gier Comment ce routier amput\u00e9 d\u2019un pied s\u2019est trac\u00e9 une nouvelle route article de ACCIDENTDUTRAVAIL-IDF\",\"breadcrumb\":{\"@id\":\"https:\\\/\\\/www.accidentdutravail-idf.net\\\/blog\\\/rive-de-gier-comment-ce-routier-ampute-dun-pied-sest-trace-une-nouvelle-route\\\/#breadcrumb\"},\"inLanguage\":\"fr-FR\",\"potentialAction\":[{\"@type\":\"ReadAction\",\"target\":[\"https:\\\/\\\/www.accidentdutravail-idf.net\\\/blog\\\/rive-de-gier-comment-ce-routier-ampute-dun-pied-sest-trace-une-nouvelle-route\\\/\"]}]},{\"@type\":\"ImageObject\",\"inLanguage\":\"fr-FR\",\"@id\":\"https:\\\/\\\/www.accidentdutravail-idf.net\\\/blog\\\/rive-de-gier-comment-ce-routier-ampute-dun-pied-sest-trace-une-nouvelle-route\\\/#primaryimage\",\"url\":\"https:\\\/\\\/www.accidentdutravail-idf.net\\\/blog\\\/wp-content\\\/uploads\\\/2024\\\/10\\\/rive-de-gier-comment-ce-routier-ampute-dun-pied-sest-trace-une-nouvelle-route.jpg\",\"contentUrl\":\"https:\\\/\\\/www.accidentdutravail-idf.net\\\/blog\\\/wp-content\\\/uploads\\\/2024\\\/10\\\/rive-de-gier-comment-ce-routier-ampute-dun-pied-sest-trace-une-nouvelle-route.jpg\"},{\"@type\":\"BreadcrumbList\",\"@id\":\"https:\\\/\\\/www.accidentdutravail-idf.net\\\/blog\\\/rive-de-gier-comment-ce-routier-ampute-dun-pied-sest-trace-une-nouvelle-route\\\/#breadcrumb\",\"itemListElement\":[{\"@type\":\"ListItem\",\"position\":1,\"name\":\"Accueil\",\"item\":\"https:\\\/\\\/www.accidentdutravail-idf.net\\\/blog\\\/\"},{\"@type\":\"ListItem\",\"position\":2,\"name\":\"Rive-de-Gier Comment ce routier amput\u00e9 d\u2019un pied s\u2019est trac\u00e9 une nouvelle route\"}]},{\"@type\":\"WebSite\",\"@id\":\"https:\\\/\\\/www.accidentdutravail-idf.net\\\/blog\\\/#website\",\"url\":\"https:\\\/\\\/www.accidentdutravail-idf.net\\\/blog\\\/\",\"name\":\"ACCIDENTDUTRAVAIL-IDF\",\"description\":\"Portail accidents du travail-maladies professionnelles des entreprises d&#039;Ile-de-France\",\"publisher\":{\"@id\":\"https:\\\/\\\/www.accidentdutravail-idf.net\\\/blog\\\/#organization\"},\"potentialAction\":[{\"@type\":\"SearchAction\",\"target\":{\"@type\":\"EntryPoint\",\"urlTemplate\":\"https:\\\/\\\/www.accidentdutravail-idf.net\\\/blog\\\/?s={search_term_string}\"},\"query-input\":{\"@type\":\"PropertyValueSpecification\",\"valueRequired\":true,\"valueName\":\"search_term_string\"}}],\"inLanguage\":\"fr-FR\"},{\"@type\":\"Organization\",\"@id\":\"https:\\\/\\\/www.accidentdutravail-idf.net\\\/blog\\\/#organization\",\"name\":\"accidentdutravail-idf\",\"url\":\"https:\\\/\\\/www.accidentdutravail-idf.net\\\/blog\\\/\",\"logo\":{\"@type\":\"ImageObject\",\"inLanguage\":\"fr-FR\",\"@id\":\"https:\\\/\\\/www.accidentdutravail-idf.net\\\/blog\\\/#\\\/schema\\\/logo\\\/image\\\/\",\"url\":\"https:\\\/\\\/www.accidentdutravail-idf.net\\\/blog\\\/wp-content\\\/uploads\\\/2022\\\/09\\\/logo-2.png\",\"contentUrl\":\"https:\\\/\\\/www.accidentdutravail-idf.net\\\/blog\\\/wp-content\\\/uploads\\\/2022\\\/09\\\/logo-2.png\",\"width\":380,\"height\":291,\"caption\":\"accidentdutravail-idf\"},\"image\":{\"@id\":\"https:\\\/\\\/www.accidentdutravail-idf.net\\\/blog\\\/#\\\/schema\\\/logo\\\/image\\\/\"}},{\"@type\":\"Person\",\"@id\":\"https:\\\/\\\/www.accidentdutravail-idf.net\\\/blog\\\/#\\\/schema\\\/person\\\/3255d2f970de45e64bd9201f38e7b947\",\"name\":\"Carlos Poulain\",\"image\":{\"@type\":\"ImageObject\",\"inLanguage\":\"fr-FR\",\"@id\":\"https:\\\/\\\/secure.gravatar.com\\\/avatar\\\/b1c2f9d3588e34e91adb093635df64ef4b2381991216be7576466cfcdca4baf3?s=96&d=mm&r=g\",\"url\":\"https:\\\/\\\/secure.gravatar.com\\\/avatar\\\/b1c2f9d3588e34e91adb093635df64ef4b2381991216be7576466cfcdca4baf3?s=96&d=mm&r=g\",\"contentUrl\":\"https:\\\/\\\/secure.gravatar.com\\\/avatar\\\/b1c2f9d3588e34e91adb093635df64ef4b2381991216be7576466cfcdca4baf3?s=96&d=mm&r=g\",\"caption\":\"Carlos Poulain\"},\"url\":\"https:\\\/\\\/www.accidentdutravail-idf.net\\\/blog\\\/author\\\/idfcarlos\\\/\"}]}<\/script>\n<!-- \/ Yoast SEO plugin. -->","yoast_head_json":{"title":"Rive-de-Gier Comment ce routier amput\u00e9 d\u2019un pied s\u2019est trac\u00e9 une nouvelle route - ACCIDENTDUTRAVAIL-IDF","description":"Rive-de-Gier Comment ce routier amput\u00e9 d\u2019un pied s\u2019est trac\u00e9 une nouvelle route article de ACCIDENTDUTRAVAIL-IDF","robots":{"index":"index","follow":"follow","max-snippet":"max-snippet:-1","max-image-preview":"max-image-preview:large","max-video-preview":"max-video-preview:-1"},"canonical":"https:\/\/www.accidentdutravail-idf.net\/blog\/rive-de-gier-comment-ce-routier-ampute-dun-pied-sest-trace-une-nouvelle-route\/","og_locale":"fr_FR","og_type":"article","og_title":"Rive-de-Gier Comment ce routier amput\u00e9 d\u2019un pied s\u2019est trac\u00e9 une nouvelle route - ACCIDENTDUTRAVAIL-IDF","og_description":"Rive-de-Gier Comment ce routier amput\u00e9 d\u2019un pied s\u2019est trac\u00e9 une nouvelle route article de ACCIDENTDUTRAVAIL-IDF","og_url":"https:\/\/www.accidentdutravail-idf.net\/blog\/rive-de-gier-comment-ce-routier-ampute-dun-pied-sest-trace-une-nouvelle-route\/","og_site_name":"ACCIDENTDUTRAVAIL-IDF","article_published_time":"2024-10-06T21:00:00+00:00","og_image":[{"url":"https:\/\/www.accidentdutravail-idf.net\/blog\/wp-content\/uploads\/2024\/10\/rive-de-gier-comment-ce-routier-ampute-dun-pied-sest-trace-une-nouvelle-route.jpg","type":"","width":"","height":""}],"author":"Carlos Poulain","twitter_card":"summary_large_image","twitter_misc":{"\u00c9crit par":"Carlos Poulain","Dur\u00e9e de lecture estim\u00e9e":"2 minutes"},"schema":{"@context":"https:\/\/schema.org","@graph":[{"@type":"Article","@id":"https:\/\/www.accidentdutravail-idf.net\/blog\/rive-de-gier-comment-ce-routier-ampute-dun-pied-sest-trace-une-nouvelle-route\/#article","isPartOf":{"@id":"https:\/\/www.accidentdutravail-idf.net\/blog\/rive-de-gier-comment-ce-routier-ampute-dun-pied-sest-trace-une-nouvelle-route\/"},"author":{"name":"Carlos Poulain","@id":"https:\/\/www.accidentdutravail-idf.net\/blog\/#\/schema\/person\/3255d2f970de45e64bd9201f38e7b947"},"headline":"Rive-de-Gier Comment ce routier amput\u00e9 d\u2019un pied s\u2019est trac\u00e9 une nouvelle route","datePublished":"2024-10-06T21:00:00+00:00","mainEntityOfPage":{"@id":"https:\/\/www.accidentdutravail-idf.net\/blog\/rive-de-gier-comment-ce-routier-ampute-dun-pied-sest-trace-une-nouvelle-route\/"},"wordCount":320,"publisher":{"@id":"https:\/\/www.accidentdutravail-idf.net\/blog\/#organization"},"image":{"@id":"https:\/\/www.accidentdutravail-idf.net\/blog\/rive-de-gier-comment-ce-routier-ampute-dun-pied-sest-trace-une-nouvelle-route\/#primaryimage"},"thumbnailUrl":"https:\/\/www.accidentdutravail-idf.net\/blog\/wp-content\/uploads\/2024\/10\/rive-de-gier-comment-ce-routier-ampute-dun-pied-sest-trace-une-nouvelle-route.jpg","articleSection":["S\u00e9curit\u00e9 Du Travail En Ile-De-France Et Divers:"],"inLanguage":"fr-FR"},{"@type":"WebPage","@id":"https:\/\/www.accidentdutravail-idf.net\/blog\/rive-de-gier-comment-ce-routier-ampute-dun-pied-sest-trace-une-nouvelle-route\/","url":"https:\/\/www.accidentdutravail-idf.net\/blog\/rive-de-gier-comment-ce-routier-ampute-dun-pied-sest-trace-une-nouvelle-route\/","name":"Rive-de-Gier Comment ce routier amput\u00e9 d\u2019un pied s\u2019est trac\u00e9 une nouvelle route - ACCIDENTDUTRAVAIL-IDF","isPartOf":{"@id":"https:\/\/www.accidentdutravail-idf.net\/blog\/#website"},"primaryImageOfPage":{"@id":"https:\/\/www.accidentdutravail-idf.net\/blog\/rive-de-gier-comment-ce-routier-ampute-dun-pied-sest-trace-une-nouvelle-route\/#primaryimage"},"image":{"@id":"https:\/\/www.accidentdutravail-idf.net\/blog\/rive-de-gier-comment-ce-routier-ampute-dun-pied-sest-trace-une-nouvelle-route\/#primaryimage"},"thumbnailUrl":"https:\/\/www.accidentdutravail-idf.net\/blog\/wp-content\/uploads\/2024\/10\/rive-de-gier-comment-ce-routier-ampute-dun-pied-sest-trace-une-nouvelle-route.jpg","datePublished":"2024-10-06T21:00:00+00:00","description":"Rive-de-Gier Comment ce routier amput\u00e9 d\u2019un pied s\u2019est trac\u00e9 une nouvelle route article de ACCIDENTDUTRAVAIL-IDF","breadcrumb":{"@id":"https:\/\/www.accidentdutravail-idf.net\/blog\/rive-de-gier-comment-ce-routier-ampute-dun-pied-sest-trace-une-nouvelle-route\/#breadcrumb"},"inLanguage":"fr-FR","potentialAction":[{"@type":"ReadAction","target":["https:\/\/www.accidentdutravail-idf.net\/blog\/rive-de-gier-comment-ce-routier-ampute-dun-pied-sest-trace-une-nouvelle-route\/"]}]},{"@type":"ImageObject","inLanguage":"fr-FR","@id":"https:\/\/www.accidentdutravail-idf.net\/blog\/rive-de-gier-comment-ce-routier-ampute-dun-pied-sest-trace-une-nouvelle-route\/#primaryimage","url":"https:\/\/www.accidentdutravail-idf.net\/blog\/wp-content\/uploads\/2024\/10\/rive-de-gier-comment-ce-routier-ampute-dun-pied-sest-trace-une-nouvelle-route.jpg","contentUrl":"https:\/\/www.accidentdutravail-idf.net\/blog\/wp-content\/uploads\/2024\/10\/rive-de-gier-comment-ce-routier-ampute-dun-pied-sest-trace-une-nouvelle-route.jpg"},{"@type":"BreadcrumbList","@id":"https:\/\/www.accidentdutravail-idf.net\/blog\/rive-de-gier-comment-ce-routier-ampute-dun-pied-sest-trace-une-nouvelle-route\/#breadcrumb","itemListElement":[{"@type":"ListItem","position":1,"name":"Accueil","item":"https:\/\/www.accidentdutravail-idf.net\/blog\/"},{"@type":"ListItem","position":2,"name":"Rive-de-Gier Comment ce routier amput\u00e9 d\u2019un pied s\u2019est trac\u00e9 une nouvelle route"}]},{"@type":"WebSite","@id":"https:\/\/www.accidentdutravail-idf.net\/blog\/#website","url":"https:\/\/www.accidentdutravail-idf.net\/blog\/","name":"ACCIDENTDUTRAVAIL-IDF","description":"Portail accidents du travail-maladies professionnelles des entreprises d&#039;Ile-de-France","publisher":{"@id":"https:\/\/www.accidentdutravail-idf.net\/blog\/#organization"},"potentialAction":[{"@type":"SearchAction","target":{"@type":"EntryPoint","urlTemplate":"https:\/\/www.accidentdutravail-idf.net\/blog\/?s={search_term_string}"},"query-input":{"@type":"PropertyValueSpecification","valueRequired":true,"valueName":"search_term_string"}}],"inLanguage":"fr-FR"},{"@type":"Organization","@id":"https:\/\/www.accidentdutravail-idf.net\/blog\/#organization","name":"accidentdutravail-idf","url":"https:\/\/www.accidentdutravail-idf.net\/blog\/","logo":{"@type":"ImageObject","inLanguage":"fr-FR","@id":"https:\/\/www.accidentdutravail-idf.net\/blog\/#\/schema\/logo\/image\/","url":"https:\/\/www.accidentdutravail-idf.net\/blog\/wp-content\/uploads\/2022\/09\/logo-2.png","contentUrl":"https:\/\/www.accidentdutravail-idf.net\/blog\/wp-content\/uploads\/2022\/09\/logo-2.png","width":380,"height":291,"caption":"accidentdutravail-idf"},"image":{"@id":"https:\/\/www.accidentdutravail-idf.net\/blog\/#\/schema\/logo\/image\/"}},{"@type":"Person","@id":"https:\/\/www.accidentdutravail-idf.net\/blog\/#\/schema\/person\/3255d2f970de45e64bd9201f38e7b947","name":"Carlos Poulain","image":{"@type":"ImageObject","inLanguage":"fr-FR","@id":"https:\/\/secure.gravatar.com\/avatar\/b1c2f9d3588e34e91adb093635df64ef4b2381991216be7576466cfcdca4baf3?s=96&d=mm&r=g","url":"https:\/\/secure.gravatar.com\/avatar\/b1c2f9d3588e34e91adb093635df64ef4b2381991216be7576466cfcdca4baf3?s=96&d=mm&r=g","contentUrl":"https:\/\/secure.gravatar.com\/avatar\/b1c2f9d3588e34e91adb093635df64ef4b2381991216be7576466cfcdca4baf3?s=96&d=mm&r=g","caption":"Carlos Poulain"},"url":"https:\/\/www.accidentdutravail-idf.net\/blog\/author\/idfcarlos\/"}]}},"_links":{"self":[{"href":"https:\/\/www.accidentdutravail-idf.net\/blog\/wp-json\/wp\/v2\/posts\/878","targetHints":{"allow":["GET"]}}],"collection":[{"href":"https:\/\/www.accidentdutravail-idf.net\/blog\/wp-json\/wp\/v2\/posts"}],"about":[{"href":"https:\/\/www.accidentdutravail-idf.net\/blog\/wp-json\/wp\/v2\/types\/post"}],"author":[{"embeddable":true,"href":"https:\/\/www.accidentdutravail-idf.net\/blog\/wp-json\/wp\/v2\/users\/2"}],"replies":[{"embeddable":true,"href":"https:\/\/www.accidentdutravail-idf.net\/blog\/wp-json\/wp\/v2\/comments?post=878"}],"version-history":[{"count":0,"href":"https:\/\/www.accidentdutravail-idf.net\/blog\/wp-json\/wp\/v2\/posts\/878\/revisions"}],"wp:attachment":[{"href":"https:\/\/www.accidentdutravail-idf.net\/blog\/wp-json\/wp\/v2\/media?parent=878"}],"wp:term":[{"taxonomy":"category","embeddable":true,"href":"https:\/\/www.accidentdutravail-idf.net\/blog\/wp-json\/wp\/v2\/categories?post=878"},{"taxonomy":"post_tag","embeddable":true,"href":"https:\/\/www.accidentdutravail-idf.net\/blog\/wp-json\/wp\/v2\/tags?post=878"}],"curies":[{"name":"wp","href":"https:\/\/api.w.org\/{rel}","templated":true}]}}