{"id":856,"date":"2024-10-01T05:28:00","date_gmt":"2024-10-01T03:28:00","guid":{"rendered":"https:\/\/www.accidentdutravail-idf.net\/blog\/au-luxembourg-en-2023-toujours-plus-daccidents-du-travail-19-travailleurs-sont-morts\/"},"modified":"2024-10-01T05:28:00","modified_gmt":"2024-10-01T03:28:00","slug":"au-luxembourg-en-2023-toujours-plus-daccidents-du-travail-19-travailleurs-sont-morts","status":"publish","type":"post","link":"https:\/\/www.accidentdutravail-idf.net\/blog\/au-luxembourg-en-2023-toujours-plus-daccidents-du-travail-19-travailleurs-sont-morts\/","title":{"rendered":"Au Luxembourg en 2023: Toujours plus d&rsquo;accidents du travail, 19 travailleurs sont morts"},"content":{"rendered":"<div id>\n<div class=\"Article_elementPublishdate__qcso_\">\n<p><span>Publi\u00e9<\/span>1. octobre 2024, 12:21<\/p>\n<\/div>\n<p><h2><span>Au Luxembourg en 2023<span class=\"visually-hidden\" aria-hidden=\"true\" role=\"presentation\">: <\/span><\/span>Toujours plus d&rsquo;accidents du travail, 19 travailleurs sont morts<\/h2>\n<\/p>\n<div class=\"Article_elementLead__N3pGr\">\n<p>LUXEMBOURG &#8211; L&rsquo;Association d&rsquo;assurance accident (AAA) a pr\u00e9sent\u00e9 mardi son rapport 2023.<\/p>\n<\/div>\n<\/div>\n<div id>\n<div class=\"Article_elementImage__A6J72\">\n<figure class=\"sc-bc6aa936-4 lbmaOD\">\n<div class=\"Image_imgContainer__a56Mx\"><img decoding=\"async\" src=\"https:\/\/image.lessentiel.lu\/2024\/10\/01\/be239493-2e8f-421c-b26f-6669f91b8ee9.avif?auto=format%2Ccompress%2Cenhance&amp;fit=max&amp;w=1200&amp;h=1200&amp;rect=0%2C0%2C626%2C418&amp;s=b319eafae8d123786cbeaab85e7117d3\" alt=\"Les travailleurs du b\u00e2timent sont particuli\u00e8rement expos\u00e9s. (Image d'illustration)\" title=\"Les travailleurs du b\u00e2timent sont particuli\u00e8rement expos\u00e9s. (Image d'illustration)\" width=\"626\" height=\"418\"><\/div><figcaption class=\"sc-bc6aa936-0 jvFyza\"><span class=\"sc-bc6aa936-2 jnbVTF\"><\/p>\n<p>Les travailleurs du b\u00e2timent sont particuli\u00e8rement expos\u00e9s. (Image d&rsquo;illustration)<\/p>\n<p><\/span><span class=\"sc-bc6aa936-3 gNpUnk\">Freepik<\/span><\/figcaption><\/figure>\n<\/div>\n<div class=\"Article_elementTextblockarray__WNyan\">\n<p>17 409 accidents li\u00e9s \u00e0 l&rsquo;activit\u00e9 professionnelle ont \u00e9t\u00e9 reconnus en 2023, selon le rapport de l&rsquo;Association d&rsquo;assurance accident (AAA) pr\u00e9sent\u00e9 mardi. C&rsquo;est 246 de plus qu&rsquo;en 2022 (+1,4%). Le nombre d&rsquo;accidents mortels a fortement augment\u00e9, passant de 11 en 2022 \u00e0 19 en 2023.<\/p>\n<\/div>\n<div class=\"Article_elementTextblockarray__WNyan\">\n<p>Si le nombre d&rsquo;accidents du travail a bondi de 3% (14 273 contre 13 868) et repr\u00e9sente pr\u00e8s de 82% du nombre total d&rsquo;accidents, le nombre d&rsquo;accidents de trajets a en revanche recul\u00e9 dans les m\u00eames proportions (3 003 contre 3 095). Le nombre de maladies professionnelles r\u00e9pertori\u00e9es a lui nettement diminu\u00e9 (133 contre 200, -33%).<\/p>\n<\/div>\n<div class=\"Article_elementTextblockarray__WNyan\">\n<p>Au total, quelque 3,5% des travailleurs ont ainsi \u00e9t\u00e9 touch\u00e9s par un accident. Avec des diff\u00e9rences selon les secteurs d&rsquo;activit\u00e9: plus de 8,5% des travailleurs du secteur du b\u00e2timent ont \u00e9t\u00e9 expos\u00e9s contre seulement 0,66% des travailleurs des activit\u00e9s commerciales, artisanales et lib\u00e9rales et 1,2% dans le secteur des assurances et des activit\u00e9s financi\u00e8res.<\/p>\n<\/div>\n<p><h2 class=\"crosshead_crosshead__MxhCQ crosshead_siteAreaNews__x10eM crosshead_typeStandard__szEKi\" data-testid=\"Crosshead\">Bras et jambes mis \u00e0 rude \u00e9preuve<\/h2>\n<\/p>\n<div class=\"Article_elementTextblockarray__WNyan\">\n<p>Ainsi, plus d&rsquo;un accident sur quatre s&rsquo;est d\u00e9roul\u00e9 sur un chantier et la moiti\u00e9 des incidents sont le fait d&rsquo;un \u00e9crasement ou d&rsquo;une collision avec un objet en mouvement. Il n&rsquo;est donc pas \u00e9tonnant que les plaies et blessures superficielles repr\u00e9sentent pr\u00e8s de 48% des l\u00e9sions contre pr\u00e8s de 35% de luxations, entorses et foulures. Pr\u00e8s de 9% des accidents se sont sold\u00e9s par une fracture osseuse. Les membres sup\u00e9rieurs et inf\u00e9rieurs sont les plus meurtris (respectivement 36% et 26% contre 15% pour la t\u00eate). Les 46-55 ans sont les plus touch\u00e9s.<\/p>\n<\/div>\n<div class=\"Article_elementTextblockarray__WNyan\">\n<p>C\u00f4t\u00e9 financier, l&rsquo;AAA a encaiss\u00e9 262,4 millions d&rsquo;euros (dont 93% de cotisations), soit pr\u00e8s de 21 millions de plus qu&rsquo;en 2022 et n&rsquo;a d\u00e9pens\u00e9 que 252,4 millions d&rsquo;euros (dont 75% de prestations en esp\u00e8ces), d\u00e9gageant ainsi un exc\u00e9dent de pr\u00e8s de 10 millions d&rsquo;euros.<\/p>\n<\/div>\n<div class=\"Article_element__Tq_1s\">\n<div class=\"sc-92253cc8-0 kGbdVO undefined Default\" data-testid=\"InfoBox\">\n<div class=\"sc-92253cc8-1 sc-92253cc8-2 bGBSLI duFusH\">\n<h3>Tu nous suis d\u00e9j\u00e0 sur WhatsApp?<\/h3>\n<\/div>\n<div class=\"sc-92253cc8-1 sc-92253cc8-4 bGBSLI lcCaqX elementTextblockarray\">\n<p>Abonne-toi \u00e0 notre cha\u00eene, active la petite \ud83d\udd14 et tu recevras un <strong>r\u00e9cap de l&rsquo;actu<\/strong> chaque jour en <strong>d\u00e9but de soir\u00e9e<\/strong>.<\/p>\n<\/div>\n<\/div>\n<\/div>\n<p><span class=\"sc-5f177d4e-0 kpgLAl\">(<!-- -->mc<!-- -->)<\/span><\/p>\n<\/div>\n<p>accidentdutravail-idf.net vous a pr\u00e9par\u00e9 ce post qui informe du sujet \u00ab\u00a0Association Sportive Huisson-Longueville Essonne\u00a0\u00bb. La chronique se veut g\u00e9n\u00e9r\u00e9e du mieux possible. Vous pouvez utiliser les coordonn\u00e9es indiqu\u00e9es sur le site dans le but d\u2019apporter des explications sur ce post qui parle du th\u00e8me \u00ab\u00a0Association Sportive Huisson-Longueville Essonne\u00a0\u00bb. Le site accidentdutravail-idf.net a pour but de fournir diverses publications sur la th\u00e9matique Association Sportive Huisson-Longueville Essonne diffus\u00e9es sur le net. Il y aura plusieurs articles autour du sujet \u00ab\u00a0Association Sportive Huisson-Longueville Essonne\u00a0\u00bb dans quelques jours, nous vous invitons \u00e0 naviguer sur notre site web \u00e0 plusieurs reprises.<\/p>\n","protected":false},"excerpt":{"rendered":"<p>Publi\u00e91. octobre 2024, 12:21 Au Luxembourg en 2023: Toujours plus d&rsquo;accidents du travail, 19 travailleurs sont morts LUXEMBOURG &#8211; L&rsquo;Association d&rsquo;assurance accident (AAA) a pr\u00e9sent\u00e9 mardi son rapport 2023. Les travailleurs du b\u00e2timent sont particuli\u00e8rement expos\u00e9s. (Image d&rsquo;illustration) Freepik 17 409 accidents li\u00e9s \u00e0 l&rsquo;activit\u00e9 professionnelle ont \u00e9t\u00e9 reconnus en 2023, selon le rapport de &hellip; <\/p>\n<p class=\"link-more\"><a href=\"https:\/\/www.accidentdutravail-idf.net\/blog\/au-luxembourg-en-2023-toujours-plus-daccidents-du-travail-19-travailleurs-sont-morts\/\" class=\"more-link\">Continuer la lecture <span class=\"screen-reader-text\"> \u00ab\u00a0Au Luxembourg en 2023: Toujours plus d&rsquo;accidents du travail, 19 travailleurs sont morts\u00a0\u00bb<\/span><\/a><\/p>\n","protected":false},"author":2,"featured_media":0,"comment_status":"closed","ping_status":"closed","sticky":false,"template":"","format":"standard","meta":{"footnotes":""},"categories":[5],"tags":[],"class_list":["post-856","post","type-post","status-publish","format-standard","hentry","category-securite-du-travail-en-ile-de-france-et-divers","entry"],"yoast_head":"<!-- This site is optimized with the Yoast SEO plugin v27.5 - https:\/\/yoast.com\/product\/yoast-seo-wordpress\/ -->\n<title>Au Luxembourg en 2023: Toujours plus d&#039;accidents du travail, 19 travailleurs sont morts - ACCIDENTDUTRAVAIL-IDF<\/title>\n<meta name=\"description\" content=\"Au Luxembourg en 2023: Toujours plus d&#039;accidents du travail, 19 travailleurs sont morts article de ACCIDENTDUTRAVAIL-IDF\" \/>\n<meta name=\"robots\" content=\"index, follow, max-snippet:-1, max-image-preview:large, max-video-preview:-1\" \/>\n<link rel=\"canonical\" href=\"https:\/\/www.accidentdutravail-idf.net\/blog\/au-luxembourg-en-2023-toujours-plus-daccidents-du-travail-19-travailleurs-sont-morts\/\" \/>\n<meta property=\"og:locale\" content=\"fr_FR\" \/>\n<meta property=\"og:type\" content=\"article\" \/>\n<meta property=\"og:title\" content=\"Au Luxembourg en 2023: Toujours plus d&#039;accidents du travail, 19 travailleurs sont morts - ACCIDENTDUTRAVAIL-IDF\" \/>\n<meta property=\"og:description\" content=\"Au Luxembourg en 2023: Toujours plus d&#039;accidents du travail, 19 travailleurs sont morts article de ACCIDENTDUTRAVAIL-IDF\" \/>\n<meta property=\"og:url\" content=\"https:\/\/www.accidentdutravail-idf.net\/blog\/au-luxembourg-en-2023-toujours-plus-daccidents-du-travail-19-travailleurs-sont-morts\/\" \/>\n<meta property=\"og:site_name\" content=\"ACCIDENTDUTRAVAIL-IDF\" \/>\n<meta property=\"article:published_time\" content=\"2024-10-01T03:28:00+00:00\" \/>\n<meta property=\"og:image\" content=\"https:\/\/image.lessentiel.lu\/2024\/10\/01\/be239493-2e8f-421c-b26f-6669f91b8ee9.avif?auto=format%2Ccompress%2Cenhance&amp;fit=max&amp;w=1200&amp;h=1200&amp;rect=0%2C0%2C626%2C418&amp;s=b319eafae8d123786cbeaab85e7117d3\" \/>\n<meta name=\"author\" content=\"Carlos Poulain\" \/>\n<meta name=\"twitter:card\" content=\"summary_large_image\" \/>\n<meta name=\"twitter:label1\" content=\"\u00c9crit par\" \/>\n\t<meta name=\"twitter:data1\" content=\"Carlos Poulain\" \/>\n\t<meta name=\"twitter:label2\" content=\"Dur\u00e9e de lecture estim\u00e9e\" \/>\n\t<meta name=\"twitter:data2\" content=\"2 minutes\" \/>\n<script type=\"application\/ld+json\" class=\"yoast-schema-graph\">{\"@context\":\"https:\\\/\\\/schema.org\",\"@graph\":[{\"@type\":\"Article\",\"@id\":\"https:\\\/\\\/www.accidentdutravail-idf.net\\\/blog\\\/au-luxembourg-en-2023-toujours-plus-daccidents-du-travail-19-travailleurs-sont-morts\\\/#article\",\"isPartOf\":{\"@id\":\"https:\\\/\\\/www.accidentdutravail-idf.net\\\/blog\\\/au-luxembourg-en-2023-toujours-plus-daccidents-du-travail-19-travailleurs-sont-morts\\\/\"},\"author\":{\"name\":\"Carlos Poulain\",\"@id\":\"https:\\\/\\\/www.accidentdutravail-idf.net\\\/blog\\\/#\\\/schema\\\/person\\\/3255d2f970de45e64bd9201f38e7b947\"},\"headline\":\"Au Luxembourg en 2023: Toujours plus d&rsquo;accidents du travail, 19 travailleurs sont morts\",\"datePublished\":\"2024-10-01T03:28:00+00:00\",\"mainEntityOfPage\":{\"@id\":\"https:\\\/\\\/www.accidentdutravail-idf.net\\\/blog\\\/au-luxembourg-en-2023-toujours-plus-daccidents-du-travail-19-travailleurs-sont-morts\\\/\"},\"wordCount\":475,\"publisher\":{\"@id\":\"https:\\\/\\\/www.accidentdutravail-idf.net\\\/blog\\\/#organization\"},\"image\":{\"@id\":\"https:\\\/\\\/www.accidentdutravail-idf.net\\\/blog\\\/au-luxembourg-en-2023-toujours-plus-daccidents-du-travail-19-travailleurs-sont-morts\\\/#primaryimage\"},\"thumbnailUrl\":\"https:\\\/\\\/image.lessentiel.lu\\\/2024\\\/10\\\/01\\\/be239493-2e8f-421c-b26f-6669f91b8ee9.avif?auto=format%2Ccompress%2Cenhance&amp;fit=max&amp;w=1200&amp;h=1200&amp;rect=0%2C0%2C626%2C418&amp;s=b319eafae8d123786cbeaab85e7117d3\",\"articleSection\":[\"S\u00e9curit\u00e9 Du Travail En Ile-De-France Et Divers:\"],\"inLanguage\":\"fr-FR\"},{\"@type\":\"WebPage\",\"@id\":\"https:\\\/\\\/www.accidentdutravail-idf.net\\\/blog\\\/au-luxembourg-en-2023-toujours-plus-daccidents-du-travail-19-travailleurs-sont-morts\\\/\",\"url\":\"https:\\\/\\\/www.accidentdutravail-idf.net\\\/blog\\\/au-luxembourg-en-2023-toujours-plus-daccidents-du-travail-19-travailleurs-sont-morts\\\/\",\"name\":\"Au Luxembourg en 2023: Toujours plus d'accidents du travail, 19 travailleurs sont morts - ACCIDENTDUTRAVAIL-IDF\",\"isPartOf\":{\"@id\":\"https:\\\/\\\/www.accidentdutravail-idf.net\\\/blog\\\/#website\"},\"primaryImageOfPage\":{\"@id\":\"https:\\\/\\\/www.accidentdutravail-idf.net\\\/blog\\\/au-luxembourg-en-2023-toujours-plus-daccidents-du-travail-19-travailleurs-sont-morts\\\/#primaryimage\"},\"image\":{\"@id\":\"https:\\\/\\\/www.accidentdutravail-idf.net\\\/blog\\\/au-luxembourg-en-2023-toujours-plus-daccidents-du-travail-19-travailleurs-sont-morts\\\/#primaryimage\"},\"thumbnailUrl\":\"https:\\\/\\\/image.lessentiel.lu\\\/2024\\\/10\\\/01\\\/be239493-2e8f-421c-b26f-6669f91b8ee9.avif?auto=format%2Ccompress%2Cenhance&amp;fit=max&amp;w=1200&amp;h=1200&amp;rect=0%2C0%2C626%2C418&amp;s=b319eafae8d123786cbeaab85e7117d3\",\"datePublished\":\"2024-10-01T03:28:00+00:00\",\"description\":\"Au Luxembourg en 2023: Toujours plus d'accidents du travail, 19 travailleurs sont morts article de ACCIDENTDUTRAVAIL-IDF\",\"breadcrumb\":{\"@id\":\"https:\\\/\\\/www.accidentdutravail-idf.net\\\/blog\\\/au-luxembourg-en-2023-toujours-plus-daccidents-du-travail-19-travailleurs-sont-morts\\\/#breadcrumb\"},\"inLanguage\":\"fr-FR\",\"potentialAction\":[{\"@type\":\"ReadAction\",\"target\":[\"https:\\\/\\\/www.accidentdutravail-idf.net\\\/blog\\\/au-luxembourg-en-2023-toujours-plus-daccidents-du-travail-19-travailleurs-sont-morts\\\/\"]}]},{\"@type\":\"ImageObject\",\"inLanguage\":\"fr-FR\",\"@id\":\"https:\\\/\\\/www.accidentdutravail-idf.net\\\/blog\\\/au-luxembourg-en-2023-toujours-plus-daccidents-du-travail-19-travailleurs-sont-morts\\\/#primaryimage\",\"url\":\"https:\\\/\\\/image.lessentiel.lu\\\/2024\\\/10\\\/01\\\/be239493-2e8f-421c-b26f-6669f91b8ee9.avif?auto=format%2Ccompress%2Cenhance&amp;fit=max&amp;w=1200&amp;h=1200&amp;rect=0%2C0%2C626%2C418&amp;s=b319eafae8d123786cbeaab85e7117d3\",\"contentUrl\":\"https:\\\/\\\/image.lessentiel.lu\\\/2024\\\/10\\\/01\\\/be239493-2e8f-421c-b26f-6669f91b8ee9.avif?auto=format%2Ccompress%2Cenhance&amp;fit=max&amp;w=1200&amp;h=1200&amp;rect=0%2C0%2C626%2C418&amp;s=b319eafae8d123786cbeaab85e7117d3\"},{\"@type\":\"BreadcrumbList\",\"@id\":\"https:\\\/\\\/www.accidentdutravail-idf.net\\\/blog\\\/au-luxembourg-en-2023-toujours-plus-daccidents-du-travail-19-travailleurs-sont-morts\\\/#breadcrumb\",\"itemListElement\":[{\"@type\":\"ListItem\",\"position\":1,\"name\":\"Accueil\",\"item\":\"https:\\\/\\\/www.accidentdutravail-idf.net\\\/blog\\\/\"},{\"@type\":\"ListItem\",\"position\":2,\"name\":\"Au Luxembourg en 2023: Toujours plus d&rsquo;accidents du travail, 19 travailleurs sont morts\"}]},{\"@type\":\"WebSite\",\"@id\":\"https:\\\/\\\/www.accidentdutravail-idf.net\\\/blog\\\/#website\",\"url\":\"https:\\\/\\\/www.accidentdutravail-idf.net\\\/blog\\\/\",\"name\":\"ACCIDENTDUTRAVAIL-IDF\",\"description\":\"Portail accidents du travail-maladies professionnelles des entreprises d&#039;Ile-de-France\",\"publisher\":{\"@id\":\"https:\\\/\\\/www.accidentdutravail-idf.net\\\/blog\\\/#organization\"},\"potentialAction\":[{\"@type\":\"SearchAction\",\"target\":{\"@type\":\"EntryPoint\",\"urlTemplate\":\"https:\\\/\\\/www.accidentdutravail-idf.net\\\/blog\\\/?s={search_term_string}\"},\"query-input\":{\"@type\":\"PropertyValueSpecification\",\"valueRequired\":true,\"valueName\":\"search_term_string\"}}],\"inLanguage\":\"fr-FR\"},{\"@type\":\"Organization\",\"@id\":\"https:\\\/\\\/www.accidentdutravail-idf.net\\\/blog\\\/#organization\",\"name\":\"accidentdutravail-idf\",\"url\":\"https:\\\/\\\/www.accidentdutravail-idf.net\\\/blog\\\/\",\"logo\":{\"@type\":\"ImageObject\",\"inLanguage\":\"fr-FR\",\"@id\":\"https:\\\/\\\/www.accidentdutravail-idf.net\\\/blog\\\/#\\\/schema\\\/logo\\\/image\\\/\",\"url\":\"https:\\\/\\\/www.accidentdutravail-idf.net\\\/blog\\\/wp-content\\\/uploads\\\/2022\\\/09\\\/logo-2.png\",\"contentUrl\":\"https:\\\/\\\/www.accidentdutravail-idf.net\\\/blog\\\/wp-content\\\/uploads\\\/2022\\\/09\\\/logo-2.png\",\"width\":380,\"height\":291,\"caption\":\"accidentdutravail-idf\"},\"image\":{\"@id\":\"https:\\\/\\\/www.accidentdutravail-idf.net\\\/blog\\\/#\\\/schema\\\/logo\\\/image\\\/\"}},{\"@type\":\"Person\",\"@id\":\"https:\\\/\\\/www.accidentdutravail-idf.net\\\/blog\\\/#\\\/schema\\\/person\\\/3255d2f970de45e64bd9201f38e7b947\",\"name\":\"Carlos Poulain\",\"image\":{\"@type\":\"ImageObject\",\"inLanguage\":\"fr-FR\",\"@id\":\"https:\\\/\\\/secure.gravatar.com\\\/avatar\\\/b1c2f9d3588e34e91adb093635df64ef4b2381991216be7576466cfcdca4baf3?s=96&d=mm&r=g\",\"url\":\"https:\\\/\\\/secure.gravatar.com\\\/avatar\\\/b1c2f9d3588e34e91adb093635df64ef4b2381991216be7576466cfcdca4baf3?s=96&d=mm&r=g\",\"contentUrl\":\"https:\\\/\\\/secure.gravatar.com\\\/avatar\\\/b1c2f9d3588e34e91adb093635df64ef4b2381991216be7576466cfcdca4baf3?s=96&d=mm&r=g\",\"caption\":\"Carlos Poulain\"},\"url\":\"https:\\\/\\\/www.accidentdutravail-idf.net\\\/blog\\\/author\\\/idfcarlos\\\/\"}]}<\/script>\n<!-- \/ Yoast SEO plugin. -->","yoast_head_json":{"title":"Au Luxembourg en 2023: Toujours plus d'accidents du travail, 19 travailleurs sont morts - ACCIDENTDUTRAVAIL-IDF","description":"Au Luxembourg en 2023: Toujours plus d'accidents du travail, 19 travailleurs sont morts article de ACCIDENTDUTRAVAIL-IDF","robots":{"index":"index","follow":"follow","max-snippet":"max-snippet:-1","max-image-preview":"max-image-preview:large","max-video-preview":"max-video-preview:-1"},"canonical":"https:\/\/www.accidentdutravail-idf.net\/blog\/au-luxembourg-en-2023-toujours-plus-daccidents-du-travail-19-travailleurs-sont-morts\/","og_locale":"fr_FR","og_type":"article","og_title":"Au Luxembourg en 2023: Toujours plus d'accidents du travail, 19 travailleurs sont morts - ACCIDENTDUTRAVAIL-IDF","og_description":"Au Luxembourg en 2023: Toujours plus d'accidents du travail, 19 travailleurs sont morts article de ACCIDENTDUTRAVAIL-IDF","og_url":"https:\/\/www.accidentdutravail-idf.net\/blog\/au-luxembourg-en-2023-toujours-plus-daccidents-du-travail-19-travailleurs-sont-morts\/","og_site_name":"ACCIDENTDUTRAVAIL-IDF","article_published_time":"2024-10-01T03:28:00+00:00","og_image":[{"url":"https:\/\/image.lessentiel.lu\/2024\/10\/01\/be239493-2e8f-421c-b26f-6669f91b8ee9.avif?auto=format%2Ccompress%2Cenhance&amp;fit=max&amp;w=1200&amp;h=1200&amp;rect=0%2C0%2C626%2C418&amp;s=b319eafae8d123786cbeaab85e7117d3","type":"","width":"","height":""}],"author":"Carlos Poulain","twitter_card":"summary_large_image","twitter_misc":{"\u00c9crit par":"Carlos Poulain","Dur\u00e9e de lecture estim\u00e9e":"2 minutes"},"schema":{"@context":"https:\/\/schema.org","@graph":[{"@type":"Article","@id":"https:\/\/www.accidentdutravail-idf.net\/blog\/au-luxembourg-en-2023-toujours-plus-daccidents-du-travail-19-travailleurs-sont-morts\/#article","isPartOf":{"@id":"https:\/\/www.accidentdutravail-idf.net\/blog\/au-luxembourg-en-2023-toujours-plus-daccidents-du-travail-19-travailleurs-sont-morts\/"},"author":{"name":"Carlos Poulain","@id":"https:\/\/www.accidentdutravail-idf.net\/blog\/#\/schema\/person\/3255d2f970de45e64bd9201f38e7b947"},"headline":"Au Luxembourg en 2023: Toujours plus d&rsquo;accidents du travail, 19 travailleurs sont morts","datePublished":"2024-10-01T03:28:00+00:00","mainEntityOfPage":{"@id":"https:\/\/www.accidentdutravail-idf.net\/blog\/au-luxembourg-en-2023-toujours-plus-daccidents-du-travail-19-travailleurs-sont-morts\/"},"wordCount":475,"publisher":{"@id":"https:\/\/www.accidentdutravail-idf.net\/blog\/#organization"},"image":{"@id":"https:\/\/www.accidentdutravail-idf.net\/blog\/au-luxembourg-en-2023-toujours-plus-daccidents-du-travail-19-travailleurs-sont-morts\/#primaryimage"},"thumbnailUrl":"https:\/\/image.lessentiel.lu\/2024\/10\/01\/be239493-2e8f-421c-b26f-6669f91b8ee9.avif?auto=format%2Ccompress%2Cenhance&amp;fit=max&amp;w=1200&amp;h=1200&amp;rect=0%2C0%2C626%2C418&amp;s=b319eafae8d123786cbeaab85e7117d3","articleSection":["S\u00e9curit\u00e9 Du Travail En Ile-De-France Et Divers:"],"inLanguage":"fr-FR"},{"@type":"WebPage","@id":"https:\/\/www.accidentdutravail-idf.net\/blog\/au-luxembourg-en-2023-toujours-plus-daccidents-du-travail-19-travailleurs-sont-morts\/","url":"https:\/\/www.accidentdutravail-idf.net\/blog\/au-luxembourg-en-2023-toujours-plus-daccidents-du-travail-19-travailleurs-sont-morts\/","name":"Au Luxembourg en 2023: Toujours plus d'accidents du travail, 19 travailleurs sont morts - ACCIDENTDUTRAVAIL-IDF","isPartOf":{"@id":"https:\/\/www.accidentdutravail-idf.net\/blog\/#website"},"primaryImageOfPage":{"@id":"https:\/\/www.accidentdutravail-idf.net\/blog\/au-luxembourg-en-2023-toujours-plus-daccidents-du-travail-19-travailleurs-sont-morts\/#primaryimage"},"image":{"@id":"https:\/\/www.accidentdutravail-idf.net\/blog\/au-luxembourg-en-2023-toujours-plus-daccidents-du-travail-19-travailleurs-sont-morts\/#primaryimage"},"thumbnailUrl":"https:\/\/image.lessentiel.lu\/2024\/10\/01\/be239493-2e8f-421c-b26f-6669f91b8ee9.avif?auto=format%2Ccompress%2Cenhance&amp;fit=max&amp;w=1200&amp;h=1200&amp;rect=0%2C0%2C626%2C418&amp;s=b319eafae8d123786cbeaab85e7117d3","datePublished":"2024-10-01T03:28:00+00:00","description":"Au Luxembourg en 2023: Toujours plus d'accidents du travail, 19 travailleurs sont morts article de ACCIDENTDUTRAVAIL-IDF","breadcrumb":{"@id":"https:\/\/www.accidentdutravail-idf.net\/blog\/au-luxembourg-en-2023-toujours-plus-daccidents-du-travail-19-travailleurs-sont-morts\/#breadcrumb"},"inLanguage":"fr-FR","potentialAction":[{"@type":"ReadAction","target":["https:\/\/www.accidentdutravail-idf.net\/blog\/au-luxembourg-en-2023-toujours-plus-daccidents-du-travail-19-travailleurs-sont-morts\/"]}]},{"@type":"ImageObject","inLanguage":"fr-FR","@id":"https:\/\/www.accidentdutravail-idf.net\/blog\/au-luxembourg-en-2023-toujours-plus-daccidents-du-travail-19-travailleurs-sont-morts\/#primaryimage","url":"https:\/\/image.lessentiel.lu\/2024\/10\/01\/be239493-2e8f-421c-b26f-6669f91b8ee9.avif?auto=format%2Ccompress%2Cenhance&amp;fit=max&amp;w=1200&amp;h=1200&amp;rect=0%2C0%2C626%2C418&amp;s=b319eafae8d123786cbeaab85e7117d3","contentUrl":"https:\/\/image.lessentiel.lu\/2024\/10\/01\/be239493-2e8f-421c-b26f-6669f91b8ee9.avif?auto=format%2Ccompress%2Cenhance&amp;fit=max&amp;w=1200&amp;h=1200&amp;rect=0%2C0%2C626%2C418&amp;s=b319eafae8d123786cbeaab85e7117d3"},{"@type":"BreadcrumbList","@id":"https:\/\/www.accidentdutravail-idf.net\/blog\/au-luxembourg-en-2023-toujours-plus-daccidents-du-travail-19-travailleurs-sont-morts\/#breadcrumb","itemListElement":[{"@type":"ListItem","position":1,"name":"Accueil","item":"https:\/\/www.accidentdutravail-idf.net\/blog\/"},{"@type":"ListItem","position":2,"name":"Au Luxembourg en 2023: Toujours plus d&rsquo;accidents du travail, 19 travailleurs sont morts"}]},{"@type":"WebSite","@id":"https:\/\/www.accidentdutravail-idf.net\/blog\/#website","url":"https:\/\/www.accidentdutravail-idf.net\/blog\/","name":"ACCIDENTDUTRAVAIL-IDF","description":"Portail accidents du travail-maladies professionnelles des entreprises d&#039;Ile-de-France","publisher":{"@id":"https:\/\/www.accidentdutravail-idf.net\/blog\/#organization"},"potentialAction":[{"@type":"SearchAction","target":{"@type":"EntryPoint","urlTemplate":"https:\/\/www.accidentdutravail-idf.net\/blog\/?s={search_term_string}"},"query-input":{"@type":"PropertyValueSpecification","valueRequired":true,"valueName":"search_term_string"}}],"inLanguage":"fr-FR"},{"@type":"Organization","@id":"https:\/\/www.accidentdutravail-idf.net\/blog\/#organization","name":"accidentdutravail-idf","url":"https:\/\/www.accidentdutravail-idf.net\/blog\/","logo":{"@type":"ImageObject","inLanguage":"fr-FR","@id":"https:\/\/www.accidentdutravail-idf.net\/blog\/#\/schema\/logo\/image\/","url":"https:\/\/www.accidentdutravail-idf.net\/blog\/wp-content\/uploads\/2022\/09\/logo-2.png","contentUrl":"https:\/\/www.accidentdutravail-idf.net\/blog\/wp-content\/uploads\/2022\/09\/logo-2.png","width":380,"height":291,"caption":"accidentdutravail-idf"},"image":{"@id":"https:\/\/www.accidentdutravail-idf.net\/blog\/#\/schema\/logo\/image\/"}},{"@type":"Person","@id":"https:\/\/www.accidentdutravail-idf.net\/blog\/#\/schema\/person\/3255d2f970de45e64bd9201f38e7b947","name":"Carlos Poulain","image":{"@type":"ImageObject","inLanguage":"fr-FR","@id":"https:\/\/secure.gravatar.com\/avatar\/b1c2f9d3588e34e91adb093635df64ef4b2381991216be7576466cfcdca4baf3?s=96&d=mm&r=g","url":"https:\/\/secure.gravatar.com\/avatar\/b1c2f9d3588e34e91adb093635df64ef4b2381991216be7576466cfcdca4baf3?s=96&d=mm&r=g","contentUrl":"https:\/\/secure.gravatar.com\/avatar\/b1c2f9d3588e34e91adb093635df64ef4b2381991216be7576466cfcdca4baf3?s=96&d=mm&r=g","caption":"Carlos Poulain"},"url":"https:\/\/www.accidentdutravail-idf.net\/blog\/author\/idfcarlos\/"}]}},"_links":{"self":[{"href":"https:\/\/www.accidentdutravail-idf.net\/blog\/wp-json\/wp\/v2\/posts\/856","targetHints":{"allow":["GET"]}}],"collection":[{"href":"https:\/\/www.accidentdutravail-idf.net\/blog\/wp-json\/wp\/v2\/posts"}],"about":[{"href":"https:\/\/www.accidentdutravail-idf.net\/blog\/wp-json\/wp\/v2\/types\/post"}],"author":[{"embeddable":true,"href":"https:\/\/www.accidentdutravail-idf.net\/blog\/wp-json\/wp\/v2\/users\/2"}],"replies":[{"embeddable":true,"href":"https:\/\/www.accidentdutravail-idf.net\/blog\/wp-json\/wp\/v2\/comments?post=856"}],"version-history":[{"count":0,"href":"https:\/\/www.accidentdutravail-idf.net\/blog\/wp-json\/wp\/v2\/posts\/856\/revisions"}],"wp:attachment":[{"href":"https:\/\/www.accidentdutravail-idf.net\/blog\/wp-json\/wp\/v2\/media?parent=856"}],"wp:term":[{"taxonomy":"category","embeddable":true,"href":"https:\/\/www.accidentdutravail-idf.net\/blog\/wp-json\/wp\/v2\/categories?post=856"},{"taxonomy":"post_tag","embeddable":true,"href":"https:\/\/www.accidentdutravail-idf.net\/blog\/wp-json\/wp\/v2\/tags?post=856"}],"curies":[{"name":"wp","href":"https:\/\/api.w.org\/{rel}","templated":true}]}}