{"id":853,"date":"2024-10-01T12:03:00","date_gmt":"2024-10-01T10:03:00","guid":{"rendered":"https:\/\/www.accidentdutravail-idf.net\/blog\/accident-du-travail-en-lorraine-un-homme-meurt-coince-entre-sa-nacelle-et-une-barriere\/"},"modified":"2024-10-01T12:03:00","modified_gmt":"2024-10-01T10:03:00","slug":"accident-du-travail-en-lorraine-un-homme-meurt-coince-entre-sa-nacelle-et-une-barriere","status":"publish","type":"post","link":"https:\/\/www.accidentdutravail-idf.net\/blog\/accident-du-travail-en-lorraine-un-homme-meurt-coince-entre-sa-nacelle-et-une-barriere\/","title":{"rendered":"Accident du travail en Lorraine : un homme meurt coinc\u00e9 entre sa nacelle et une barri\u00e8re"},"content":{"rendered":"<div><img decoding=\"async\" src=\"https:\/\/www.accidentdutravail-idf.net\/blog\/wp-content\/uploads\/2024\/10\/accident-du-travail-en-lorraine-un-homme-meurt-coince-entre-sa-nacelle-et-une-barriere.jpg\" class=\"ff-og-image-inserted\"><\/div>\n<div class=\"ac-article-date\"> Par <strong> <a href=\"https:\/\/actu.fr\/auteur\/florent-arnold\" title=\"Consulter tous les articles de Florent Arnold\" target=\"_blank\" rel=\"nofollow\">Florent Arnold<\/a> <\/strong> <span> Publi\u00e9 le  1 oct. 2024 \u00e0 18h57  <\/span>\n<\/div>\n<p> <span class=\"ac-article-follow__link\" data-trk=\"{&quot;cta&quot;:{&quot;action&quot;:&quot;https:\\\/\\\/actu.fr\\\/mon-actu&quot;,&quot;category&quot;:&quot;mon compte&quot;,&quot;from&quot;:&quot;article header&quot;,&quot;name&quot;:&quot;Voir mon actu&quot;,&quot;type&quot;:&quot;cta&quot;}}\">Voir mon actu<\/span> <button type=\"button\" class=\"ac-btn ac-btn--mini ac-btn--blue ac-icon--star-empty\" data-follow=\"Suivre Lorraine Actu\" data-unfollow=\"Retirer\">Suivre Lorraine Actu<\/button>\n<\/p>\n<p>Un homme de <strong>moins de 40&nbsp;ans<\/strong> est d\u00e9c\u00e9d\u00e9 ce mardi 1\u1d49\u02b3&nbsp;octobre 2024 sur le parking du Leclerc d\u2019Amn\u00e9ville (<a href=\"https:\/\/actu.fr\/grand-est\/moselle_57\/\" target=\"_blank\" rel=\"nofollow\">Moselle<\/a>), <strong>alors qu\u2019il travaillait<\/strong>.<\/p>\n<p>Le drame s\u2019est produit un peu avant 13\u2009h, alors que le travailleur \u2013 <strong>prestataire<\/strong> pour un sous-traitant de Leclerc \u2013 <strong>man\u0153uvrait sa nacelle<\/strong> pour la ranger dans un camion.<\/p>\n<div class=\"ac-article-to-read\">\n<p>\u00c0 lire aussi<\/p>\n<\/div>\n<h2>Il meurt comprim\u00e9 lors d\u2019une man\u0153uvre en nacelle<\/h2>\n<p>Le commissariat de police d\u2019Hagondange explique que pour sa man\u0153uvre, l\u2019homme conduisait l\u2019engin de levage directement <strong>depuis la nacelle de celui-ci<\/strong>. En effectuant une <strong>marche arri\u00e8re<\/strong>, il n\u2019a pas vu le portique de hauteur (barre qui emp\u00eache les v\u00e9hicules trop haut d\u2019entrer dans le parking) se <strong>rapprocher<\/strong>.<\/p>\n<p><strong>L\u2019homme est mort comprim\u00e9 entre la barri\u00e8re et la nacelle<\/strong>. Un agent de s\u00e9curit\u00e9 du Leclerc l\u2019a aper\u00e7u sur les cam\u00e9ras de vid\u00e9osurveillance et a appel\u00e9 les secours,<strong> en vain<\/strong>.<\/p>\n<div class=\"ac-article-to-read\">\n<p>\u00c0 lire aussi<\/p>\n<\/div>\n<figure id=\"dailymotion-embed-x7dyep\" class=\"ac-embed ac-embed--dailymotion ac-embed--inread3\" data-provider=\"dailymotion\"><figcaption>Vid\u00e9os : en ce moment sur Actu<\/figcaption><\/figure>\n<h2>Une enqu\u00eate a \u00e9t\u00e9 ouverte<\/h2>\n<p>L\u2019<strong>inspection du travail<\/strong> et le commissariat de police d\u2019Hagondange se sont rendus sur place.<\/p>\n<p>Une<strong> enqu\u00eate a \u00e9t\u00e9 ouverte<\/strong> par le commissariat afin de confirmer qu\u2019il n\u2019y a pas eu de cause ext\u00e9rieure au d\u00e9c\u00e8s. <strong>Le mat\u00e9riel va \u00eatre inspect\u00e9<\/strong> et une <strong>autopsie<\/strong> du corps va \u00eatre r\u00e9alis\u00e9e.<\/p>\n<p><i>Suivez toute l\u2019actualit\u00e9 de vos villes et m\u00e9dias favoris en vous inscrivant \u00e0 <a href=\"https:\/\/moncompte.actu.fr\" title=\"D\u00e9couvez Mon Actu\" rel=\"nofollow\" data-trk=\"{&quot;cta&quot;:{&quot;action&quot;:&quot;https:\\\/\\\/moncompte.actu.fr&quot;,&quot;category&quot;:&quot;mon compte&quot;,&quot;from&quot;:&quot;article footer&quot;,&quot;name&quot;:&quot;Mon actu&quot;,&quot;type&quot;:&quot;cta&quot;}}\" target=\"_blank\">Mon Actu<\/a>.<\/i><\/p>\n<p> accidentdutravail-idf.net vous a pr\u00e9par\u00e9 ce post qui informe du sujet \u00ab\u00a0Association Sportive Huisson-Longueville Essonne\u00a0\u00bb. La chronique se veut g\u00e9n\u00e9r\u00e9e du mieux possible. Vous pouvez utiliser les coordonn\u00e9es indiqu\u00e9es sur le site dans le but d\u2019apporter des explications sur ce post qui parle du th\u00e8me \u00ab\u00a0Association Sportive Huisson-Longueville Essonne\u00a0\u00bb. Le site accidentdutravail-idf.net a pour but de fournir diverses publications sur la th\u00e9matique Association Sportive Huisson-Longueville Essonne diffus\u00e9es sur le net. Il y aura plusieurs articles autour du sujet \u00ab\u00a0Association Sportive Huisson-Longueville Essonne\u00a0\u00bb dans quelques jours, nous vous invitons \u00e0 naviguer sur notre site web \u00e0 plusieurs reprises.<\/p>\n","protected":false},"excerpt":{"rendered":"<p>Par Florent Arnold Publi\u00e9 le 1 oct. 2024 \u00e0 18h57 Voir mon actu Suivre Lorraine Actu Un homme de moins de 40&nbsp;ans est d\u00e9c\u00e9d\u00e9 ce mardi 1\u1d49\u02b3&nbsp;octobre 2024 sur le parking du Leclerc d\u2019Amn\u00e9ville (Moselle), alors qu\u2019il travaillait. Le drame s\u2019est produit un peu avant 13\u2009h, alors que le travailleur \u2013 prestataire pour un sous-traitant &hellip; <\/p>\n<p class=\"link-more\"><a href=\"https:\/\/www.accidentdutravail-idf.net\/blog\/accident-du-travail-en-lorraine-un-homme-meurt-coince-entre-sa-nacelle-et-une-barriere\/\" class=\"more-link\">Continuer la lecture <span class=\"screen-reader-text\"> \u00ab\u00a0Accident du travail en Lorraine : un homme meurt coinc\u00e9 entre sa nacelle et une barri\u00e8re\u00a0\u00bb<\/span><\/a><\/p>\n","protected":false},"author":2,"featured_media":0,"comment_status":"closed","ping_status":"closed","sticky":false,"template":"","format":"standard","meta":{"footnotes":""},"categories":[5],"tags":[],"class_list":["post-853","post","type-post","status-publish","format-standard","hentry","category-securite-du-travail-en-ile-de-france-et-divers","entry"],"yoast_head":"<!-- This site is optimized with the Yoast SEO plugin v27.5 - https:\/\/yoast.com\/product\/yoast-seo-wordpress\/ -->\n<title>Accident du travail en Lorraine : un homme meurt coinc\u00e9 entre sa nacelle et une barri\u00e8re - ACCIDENTDUTRAVAIL-IDF<\/title>\n<meta name=\"description\" content=\"Accident du travail en Lorraine : un homme meurt coinc\u00e9 entre sa nacelle et une barri\u00e8re article de ACCIDENTDUTRAVAIL-IDF\" \/>\n<meta name=\"robots\" content=\"index, follow, max-snippet:-1, max-image-preview:large, max-video-preview:-1\" \/>\n<link rel=\"canonical\" href=\"https:\/\/www.accidentdutravail-idf.net\/blog\/accident-du-travail-en-lorraine-un-homme-meurt-coince-entre-sa-nacelle-et-une-barriere\/\" \/>\n<meta property=\"og:locale\" content=\"fr_FR\" \/>\n<meta property=\"og:type\" content=\"article\" \/>\n<meta property=\"og:title\" content=\"Accident du travail en Lorraine : un homme meurt coinc\u00e9 entre sa nacelle et une barri\u00e8re - ACCIDENTDUTRAVAIL-IDF\" \/>\n<meta property=\"og:description\" content=\"Accident du travail en Lorraine : un homme meurt coinc\u00e9 entre sa nacelle et une barri\u00e8re article de ACCIDENTDUTRAVAIL-IDF\" \/>\n<meta property=\"og:url\" content=\"https:\/\/www.accidentdutravail-idf.net\/blog\/accident-du-travail-en-lorraine-un-homme-meurt-coince-entre-sa-nacelle-et-une-barriere\/\" \/>\n<meta property=\"og:site_name\" content=\"ACCIDENTDUTRAVAIL-IDF\" \/>\n<meta property=\"article:published_time\" content=\"2024-10-01T10:03:00+00:00\" \/>\n<meta property=\"og:image\" content=\"https:\/\/www.accidentdutravail-idf.net\/blog\/wp-content\/uploads\/2024\/10\/accident-du-travail-en-lorraine-un-homme-meurt-coince-entre-sa-nacelle-et-une-barriere.jpg\" \/>\n<meta name=\"author\" content=\"Carlos Poulain\" \/>\n<meta name=\"twitter:card\" content=\"summary_large_image\" \/>\n<meta name=\"twitter:label1\" content=\"\u00c9crit par\" \/>\n\t<meta name=\"twitter:data1\" content=\"Carlos Poulain\" \/>\n\t<meta name=\"twitter:label2\" content=\"Dur\u00e9e de lecture estim\u00e9e\" \/>\n\t<meta name=\"twitter:data2\" content=\"2 minutes\" \/>\n<script type=\"application\/ld+json\" class=\"yoast-schema-graph\">{\"@context\":\"https:\\\/\\\/schema.org\",\"@graph\":[{\"@type\":\"Article\",\"@id\":\"https:\\\/\\\/www.accidentdutravail-idf.net\\\/blog\\\/accident-du-travail-en-lorraine-un-homme-meurt-coince-entre-sa-nacelle-et-une-barriere\\\/#article\",\"isPartOf\":{\"@id\":\"https:\\\/\\\/www.accidentdutravail-idf.net\\\/blog\\\/accident-du-travail-en-lorraine-un-homme-meurt-coince-entre-sa-nacelle-et-une-barriere\\\/\"},\"author\":{\"name\":\"Carlos Poulain\",\"@id\":\"https:\\\/\\\/www.accidentdutravail-idf.net\\\/blog\\\/#\\\/schema\\\/person\\\/3255d2f970de45e64bd9201f38e7b947\"},\"headline\":\"Accident du travail en Lorraine : un homme meurt coinc\u00e9 entre sa nacelle et une barri\u00e8re\",\"datePublished\":\"2024-10-01T10:03:00+00:00\",\"mainEntityOfPage\":{\"@id\":\"https:\\\/\\\/www.accidentdutravail-idf.net\\\/blog\\\/accident-du-travail-en-lorraine-un-homme-meurt-coince-entre-sa-nacelle-et-une-barriere\\\/\"},\"wordCount\":387,\"publisher\":{\"@id\":\"https:\\\/\\\/www.accidentdutravail-idf.net\\\/blog\\\/#organization\"},\"image\":{\"@id\":\"https:\\\/\\\/www.accidentdutravail-idf.net\\\/blog\\\/accident-du-travail-en-lorraine-un-homme-meurt-coince-entre-sa-nacelle-et-une-barriere\\\/#primaryimage\"},\"thumbnailUrl\":\"https:\\\/\\\/www.accidentdutravail-idf.net\\\/blog\\\/wp-content\\\/uploads\\\/2024\\\/10\\\/accident-du-travail-en-lorraine-un-homme-meurt-coince-entre-sa-nacelle-et-une-barriere.jpg\",\"articleSection\":[\"S\u00e9curit\u00e9 Du Travail En Ile-De-France Et Divers:\"],\"inLanguage\":\"fr-FR\"},{\"@type\":\"WebPage\",\"@id\":\"https:\\\/\\\/www.accidentdutravail-idf.net\\\/blog\\\/accident-du-travail-en-lorraine-un-homme-meurt-coince-entre-sa-nacelle-et-une-barriere\\\/\",\"url\":\"https:\\\/\\\/www.accidentdutravail-idf.net\\\/blog\\\/accident-du-travail-en-lorraine-un-homme-meurt-coince-entre-sa-nacelle-et-une-barriere\\\/\",\"name\":\"Accident du travail en Lorraine : un homme meurt coinc\u00e9 entre sa nacelle et une barri\u00e8re - ACCIDENTDUTRAVAIL-IDF\",\"isPartOf\":{\"@id\":\"https:\\\/\\\/www.accidentdutravail-idf.net\\\/blog\\\/#website\"},\"primaryImageOfPage\":{\"@id\":\"https:\\\/\\\/www.accidentdutravail-idf.net\\\/blog\\\/accident-du-travail-en-lorraine-un-homme-meurt-coince-entre-sa-nacelle-et-une-barriere\\\/#primaryimage\"},\"image\":{\"@id\":\"https:\\\/\\\/www.accidentdutravail-idf.net\\\/blog\\\/accident-du-travail-en-lorraine-un-homme-meurt-coince-entre-sa-nacelle-et-une-barriere\\\/#primaryimage\"},\"thumbnailUrl\":\"https:\\\/\\\/www.accidentdutravail-idf.net\\\/blog\\\/wp-content\\\/uploads\\\/2024\\\/10\\\/accident-du-travail-en-lorraine-un-homme-meurt-coince-entre-sa-nacelle-et-une-barriere.jpg\",\"datePublished\":\"2024-10-01T10:03:00+00:00\",\"description\":\"Accident du travail en Lorraine : un homme meurt coinc\u00e9 entre sa nacelle et une barri\u00e8re article de ACCIDENTDUTRAVAIL-IDF\",\"breadcrumb\":{\"@id\":\"https:\\\/\\\/www.accidentdutravail-idf.net\\\/blog\\\/accident-du-travail-en-lorraine-un-homme-meurt-coince-entre-sa-nacelle-et-une-barriere\\\/#breadcrumb\"},\"inLanguage\":\"fr-FR\",\"potentialAction\":[{\"@type\":\"ReadAction\",\"target\":[\"https:\\\/\\\/www.accidentdutravail-idf.net\\\/blog\\\/accident-du-travail-en-lorraine-un-homme-meurt-coince-entre-sa-nacelle-et-une-barriere\\\/\"]}]},{\"@type\":\"ImageObject\",\"inLanguage\":\"fr-FR\",\"@id\":\"https:\\\/\\\/www.accidentdutravail-idf.net\\\/blog\\\/accident-du-travail-en-lorraine-un-homme-meurt-coince-entre-sa-nacelle-et-une-barriere\\\/#primaryimage\",\"url\":\"https:\\\/\\\/www.accidentdutravail-idf.net\\\/blog\\\/wp-content\\\/uploads\\\/2024\\\/10\\\/accident-du-travail-en-lorraine-un-homme-meurt-coince-entre-sa-nacelle-et-une-barriere.jpg\",\"contentUrl\":\"https:\\\/\\\/www.accidentdutravail-idf.net\\\/blog\\\/wp-content\\\/uploads\\\/2024\\\/10\\\/accident-du-travail-en-lorraine-un-homme-meurt-coince-entre-sa-nacelle-et-une-barriere.jpg\"},{\"@type\":\"BreadcrumbList\",\"@id\":\"https:\\\/\\\/www.accidentdutravail-idf.net\\\/blog\\\/accident-du-travail-en-lorraine-un-homme-meurt-coince-entre-sa-nacelle-et-une-barriere\\\/#breadcrumb\",\"itemListElement\":[{\"@type\":\"ListItem\",\"position\":1,\"name\":\"Accueil\",\"item\":\"https:\\\/\\\/www.accidentdutravail-idf.net\\\/blog\\\/\"},{\"@type\":\"ListItem\",\"position\":2,\"name\":\"Accident du travail en Lorraine : un homme meurt coinc\u00e9 entre sa nacelle et une barri\u00e8re\"}]},{\"@type\":\"WebSite\",\"@id\":\"https:\\\/\\\/www.accidentdutravail-idf.net\\\/blog\\\/#website\",\"url\":\"https:\\\/\\\/www.accidentdutravail-idf.net\\\/blog\\\/\",\"name\":\"ACCIDENTDUTRAVAIL-IDF\",\"description\":\"Portail accidents du travail-maladies professionnelles des entreprises d&#039;Ile-de-France\",\"publisher\":{\"@id\":\"https:\\\/\\\/www.accidentdutravail-idf.net\\\/blog\\\/#organization\"},\"potentialAction\":[{\"@type\":\"SearchAction\",\"target\":{\"@type\":\"EntryPoint\",\"urlTemplate\":\"https:\\\/\\\/www.accidentdutravail-idf.net\\\/blog\\\/?s={search_term_string}\"},\"query-input\":{\"@type\":\"PropertyValueSpecification\",\"valueRequired\":true,\"valueName\":\"search_term_string\"}}],\"inLanguage\":\"fr-FR\"},{\"@type\":\"Organization\",\"@id\":\"https:\\\/\\\/www.accidentdutravail-idf.net\\\/blog\\\/#organization\",\"name\":\"accidentdutravail-idf\",\"url\":\"https:\\\/\\\/www.accidentdutravail-idf.net\\\/blog\\\/\",\"logo\":{\"@type\":\"ImageObject\",\"inLanguage\":\"fr-FR\",\"@id\":\"https:\\\/\\\/www.accidentdutravail-idf.net\\\/blog\\\/#\\\/schema\\\/logo\\\/image\\\/\",\"url\":\"https:\\\/\\\/www.accidentdutravail-idf.net\\\/blog\\\/wp-content\\\/uploads\\\/2022\\\/09\\\/logo-2.png\",\"contentUrl\":\"https:\\\/\\\/www.accidentdutravail-idf.net\\\/blog\\\/wp-content\\\/uploads\\\/2022\\\/09\\\/logo-2.png\",\"width\":380,\"height\":291,\"caption\":\"accidentdutravail-idf\"},\"image\":{\"@id\":\"https:\\\/\\\/www.accidentdutravail-idf.net\\\/blog\\\/#\\\/schema\\\/logo\\\/image\\\/\"}},{\"@type\":\"Person\",\"@id\":\"https:\\\/\\\/www.accidentdutravail-idf.net\\\/blog\\\/#\\\/schema\\\/person\\\/3255d2f970de45e64bd9201f38e7b947\",\"name\":\"Carlos Poulain\",\"image\":{\"@type\":\"ImageObject\",\"inLanguage\":\"fr-FR\",\"@id\":\"https:\\\/\\\/secure.gravatar.com\\\/avatar\\\/b1c2f9d3588e34e91adb093635df64ef4b2381991216be7576466cfcdca4baf3?s=96&d=mm&r=g\",\"url\":\"https:\\\/\\\/secure.gravatar.com\\\/avatar\\\/b1c2f9d3588e34e91adb093635df64ef4b2381991216be7576466cfcdca4baf3?s=96&d=mm&r=g\",\"contentUrl\":\"https:\\\/\\\/secure.gravatar.com\\\/avatar\\\/b1c2f9d3588e34e91adb093635df64ef4b2381991216be7576466cfcdca4baf3?s=96&d=mm&r=g\",\"caption\":\"Carlos Poulain\"},\"url\":\"https:\\\/\\\/www.accidentdutravail-idf.net\\\/blog\\\/author\\\/idfcarlos\\\/\"}]}<\/script>\n<!-- \/ Yoast SEO plugin. -->","yoast_head_json":{"title":"Accident du travail en Lorraine : un homme meurt coinc\u00e9 entre sa nacelle et une barri\u00e8re - ACCIDENTDUTRAVAIL-IDF","description":"Accident du travail en Lorraine : un homme meurt coinc\u00e9 entre sa nacelle et une barri\u00e8re article de ACCIDENTDUTRAVAIL-IDF","robots":{"index":"index","follow":"follow","max-snippet":"max-snippet:-1","max-image-preview":"max-image-preview:large","max-video-preview":"max-video-preview:-1"},"canonical":"https:\/\/www.accidentdutravail-idf.net\/blog\/accident-du-travail-en-lorraine-un-homme-meurt-coince-entre-sa-nacelle-et-une-barriere\/","og_locale":"fr_FR","og_type":"article","og_title":"Accident du travail en Lorraine : un homme meurt coinc\u00e9 entre sa nacelle et une barri\u00e8re - ACCIDENTDUTRAVAIL-IDF","og_description":"Accident du travail en Lorraine : un homme meurt coinc\u00e9 entre sa nacelle et une barri\u00e8re article de ACCIDENTDUTRAVAIL-IDF","og_url":"https:\/\/www.accidentdutravail-idf.net\/blog\/accident-du-travail-en-lorraine-un-homme-meurt-coince-entre-sa-nacelle-et-une-barriere\/","og_site_name":"ACCIDENTDUTRAVAIL-IDF","article_published_time":"2024-10-01T10:03:00+00:00","og_image":[{"url":"https:\/\/www.accidentdutravail-idf.net\/blog\/wp-content\/uploads\/2024\/10\/accident-du-travail-en-lorraine-un-homme-meurt-coince-entre-sa-nacelle-et-une-barriere.jpg","type":"","width":"","height":""}],"author":"Carlos Poulain","twitter_card":"summary_large_image","twitter_misc":{"\u00c9crit par":"Carlos Poulain","Dur\u00e9e de lecture estim\u00e9e":"2 minutes"},"schema":{"@context":"https:\/\/schema.org","@graph":[{"@type":"Article","@id":"https:\/\/www.accidentdutravail-idf.net\/blog\/accident-du-travail-en-lorraine-un-homme-meurt-coince-entre-sa-nacelle-et-une-barriere\/#article","isPartOf":{"@id":"https:\/\/www.accidentdutravail-idf.net\/blog\/accident-du-travail-en-lorraine-un-homme-meurt-coince-entre-sa-nacelle-et-une-barriere\/"},"author":{"name":"Carlos Poulain","@id":"https:\/\/www.accidentdutravail-idf.net\/blog\/#\/schema\/person\/3255d2f970de45e64bd9201f38e7b947"},"headline":"Accident du travail en Lorraine : un homme meurt coinc\u00e9 entre sa nacelle et une barri\u00e8re","datePublished":"2024-10-01T10:03:00+00:00","mainEntityOfPage":{"@id":"https:\/\/www.accidentdutravail-idf.net\/blog\/accident-du-travail-en-lorraine-un-homme-meurt-coince-entre-sa-nacelle-et-une-barriere\/"},"wordCount":387,"publisher":{"@id":"https:\/\/www.accidentdutravail-idf.net\/blog\/#organization"},"image":{"@id":"https:\/\/www.accidentdutravail-idf.net\/blog\/accident-du-travail-en-lorraine-un-homme-meurt-coince-entre-sa-nacelle-et-une-barriere\/#primaryimage"},"thumbnailUrl":"https:\/\/www.accidentdutravail-idf.net\/blog\/wp-content\/uploads\/2024\/10\/accident-du-travail-en-lorraine-un-homme-meurt-coince-entre-sa-nacelle-et-une-barriere.jpg","articleSection":["S\u00e9curit\u00e9 Du Travail En Ile-De-France Et Divers:"],"inLanguage":"fr-FR"},{"@type":"WebPage","@id":"https:\/\/www.accidentdutravail-idf.net\/blog\/accident-du-travail-en-lorraine-un-homme-meurt-coince-entre-sa-nacelle-et-une-barriere\/","url":"https:\/\/www.accidentdutravail-idf.net\/blog\/accident-du-travail-en-lorraine-un-homme-meurt-coince-entre-sa-nacelle-et-une-barriere\/","name":"Accident du travail en Lorraine : un homme meurt coinc\u00e9 entre sa nacelle et une barri\u00e8re - ACCIDENTDUTRAVAIL-IDF","isPartOf":{"@id":"https:\/\/www.accidentdutravail-idf.net\/blog\/#website"},"primaryImageOfPage":{"@id":"https:\/\/www.accidentdutravail-idf.net\/blog\/accident-du-travail-en-lorraine-un-homme-meurt-coince-entre-sa-nacelle-et-une-barriere\/#primaryimage"},"image":{"@id":"https:\/\/www.accidentdutravail-idf.net\/blog\/accident-du-travail-en-lorraine-un-homme-meurt-coince-entre-sa-nacelle-et-une-barriere\/#primaryimage"},"thumbnailUrl":"https:\/\/www.accidentdutravail-idf.net\/blog\/wp-content\/uploads\/2024\/10\/accident-du-travail-en-lorraine-un-homme-meurt-coince-entre-sa-nacelle-et-une-barriere.jpg","datePublished":"2024-10-01T10:03:00+00:00","description":"Accident du travail en Lorraine : un homme meurt coinc\u00e9 entre sa nacelle et une barri\u00e8re article de ACCIDENTDUTRAVAIL-IDF","breadcrumb":{"@id":"https:\/\/www.accidentdutravail-idf.net\/blog\/accident-du-travail-en-lorraine-un-homme-meurt-coince-entre-sa-nacelle-et-une-barriere\/#breadcrumb"},"inLanguage":"fr-FR","potentialAction":[{"@type":"ReadAction","target":["https:\/\/www.accidentdutravail-idf.net\/blog\/accident-du-travail-en-lorraine-un-homme-meurt-coince-entre-sa-nacelle-et-une-barriere\/"]}]},{"@type":"ImageObject","inLanguage":"fr-FR","@id":"https:\/\/www.accidentdutravail-idf.net\/blog\/accident-du-travail-en-lorraine-un-homme-meurt-coince-entre-sa-nacelle-et-une-barriere\/#primaryimage","url":"https:\/\/www.accidentdutravail-idf.net\/blog\/wp-content\/uploads\/2024\/10\/accident-du-travail-en-lorraine-un-homme-meurt-coince-entre-sa-nacelle-et-une-barriere.jpg","contentUrl":"https:\/\/www.accidentdutravail-idf.net\/blog\/wp-content\/uploads\/2024\/10\/accident-du-travail-en-lorraine-un-homme-meurt-coince-entre-sa-nacelle-et-une-barriere.jpg"},{"@type":"BreadcrumbList","@id":"https:\/\/www.accidentdutravail-idf.net\/blog\/accident-du-travail-en-lorraine-un-homme-meurt-coince-entre-sa-nacelle-et-une-barriere\/#breadcrumb","itemListElement":[{"@type":"ListItem","position":1,"name":"Accueil","item":"https:\/\/www.accidentdutravail-idf.net\/blog\/"},{"@type":"ListItem","position":2,"name":"Accident du travail en Lorraine : un homme meurt coinc\u00e9 entre sa nacelle et une barri\u00e8re"}]},{"@type":"WebSite","@id":"https:\/\/www.accidentdutravail-idf.net\/blog\/#website","url":"https:\/\/www.accidentdutravail-idf.net\/blog\/","name":"ACCIDENTDUTRAVAIL-IDF","description":"Portail accidents du travail-maladies professionnelles des entreprises d&#039;Ile-de-France","publisher":{"@id":"https:\/\/www.accidentdutravail-idf.net\/blog\/#organization"},"potentialAction":[{"@type":"SearchAction","target":{"@type":"EntryPoint","urlTemplate":"https:\/\/www.accidentdutravail-idf.net\/blog\/?s={search_term_string}"},"query-input":{"@type":"PropertyValueSpecification","valueRequired":true,"valueName":"search_term_string"}}],"inLanguage":"fr-FR"},{"@type":"Organization","@id":"https:\/\/www.accidentdutravail-idf.net\/blog\/#organization","name":"accidentdutravail-idf","url":"https:\/\/www.accidentdutravail-idf.net\/blog\/","logo":{"@type":"ImageObject","inLanguage":"fr-FR","@id":"https:\/\/www.accidentdutravail-idf.net\/blog\/#\/schema\/logo\/image\/","url":"https:\/\/www.accidentdutravail-idf.net\/blog\/wp-content\/uploads\/2022\/09\/logo-2.png","contentUrl":"https:\/\/www.accidentdutravail-idf.net\/blog\/wp-content\/uploads\/2022\/09\/logo-2.png","width":380,"height":291,"caption":"accidentdutravail-idf"},"image":{"@id":"https:\/\/www.accidentdutravail-idf.net\/blog\/#\/schema\/logo\/image\/"}},{"@type":"Person","@id":"https:\/\/www.accidentdutravail-idf.net\/blog\/#\/schema\/person\/3255d2f970de45e64bd9201f38e7b947","name":"Carlos Poulain","image":{"@type":"ImageObject","inLanguage":"fr-FR","@id":"https:\/\/secure.gravatar.com\/avatar\/b1c2f9d3588e34e91adb093635df64ef4b2381991216be7576466cfcdca4baf3?s=96&d=mm&r=g","url":"https:\/\/secure.gravatar.com\/avatar\/b1c2f9d3588e34e91adb093635df64ef4b2381991216be7576466cfcdca4baf3?s=96&d=mm&r=g","contentUrl":"https:\/\/secure.gravatar.com\/avatar\/b1c2f9d3588e34e91adb093635df64ef4b2381991216be7576466cfcdca4baf3?s=96&d=mm&r=g","caption":"Carlos Poulain"},"url":"https:\/\/www.accidentdutravail-idf.net\/blog\/author\/idfcarlos\/"}]}},"_links":{"self":[{"href":"https:\/\/www.accidentdutravail-idf.net\/blog\/wp-json\/wp\/v2\/posts\/853","targetHints":{"allow":["GET"]}}],"collection":[{"href":"https:\/\/www.accidentdutravail-idf.net\/blog\/wp-json\/wp\/v2\/posts"}],"about":[{"href":"https:\/\/www.accidentdutravail-idf.net\/blog\/wp-json\/wp\/v2\/types\/post"}],"author":[{"embeddable":true,"href":"https:\/\/www.accidentdutravail-idf.net\/blog\/wp-json\/wp\/v2\/users\/2"}],"replies":[{"embeddable":true,"href":"https:\/\/www.accidentdutravail-idf.net\/blog\/wp-json\/wp\/v2\/comments?post=853"}],"version-history":[{"count":0,"href":"https:\/\/www.accidentdutravail-idf.net\/blog\/wp-json\/wp\/v2\/posts\/853\/revisions"}],"wp:attachment":[{"href":"https:\/\/www.accidentdutravail-idf.net\/blog\/wp-json\/wp\/v2\/media?parent=853"}],"wp:term":[{"taxonomy":"category","embeddable":true,"href":"https:\/\/www.accidentdutravail-idf.net\/blog\/wp-json\/wp\/v2\/categories?post=853"},{"taxonomy":"post_tag","embeddable":true,"href":"https:\/\/www.accidentdutravail-idf.net\/blog\/wp-json\/wp\/v2\/tags?post=853"}],"curies":[{"name":"wp","href":"https:\/\/api.w.org\/{rel}","templated":true}]}}