{"id":847,"date":"2024-09-27T09:37:00","date_gmt":"2024-09-27T07:37:00","guid":{"rendered":"https:\/\/www.accidentdutravail-idf.net\/blog\/longvic-accident-mortel-a-la-raffinerie-du-midi-la-direction-donne-des-precisions\/"},"modified":"2024-09-27T09:37:00","modified_gmt":"2024-09-27T07:37:00","slug":"longvic-accident-mortel-a-la-raffinerie-du-midi-la-direction-donne-des-precisions","status":"publish","type":"post","link":"https:\/\/www.accidentdutravail-idf.net\/blog\/longvic-accident-mortel-a-la-raffinerie-du-midi-la-direction-donne-des-precisions\/","title":{"rendered":"Longvic Accident mortel \u00e0 la Raffinerie du midi : la direction donne des pr\u00e9cisions"},"content":{"rendered":"<div><img decoding=\"async\" src=\"https:\/\/www.accidentdutravail-idf.net\/blog\/wp-content\/uploads\/2024\/09\/longvic-accident-mortel-a-la-raffinerie-du-midi-la-direction-donne-des-precisions.jpg\" class=\"ff-og-image-inserted\"><\/div>\n<div>\n<p>Dans notre \u00e9dition de ce vendredi 27&nbsp;septembre, <a href=\"https:\/\/www.bienpublic.com\/faits-divers-justice\/2024\/09\/26\/un-homme-de-49-ans-decede-dans-un-accident-a-la-raffinerie-du-midi\" target=\"_blank\" rel=\"noopener nofollow\">nous avons relat\u00e9 un accident tragique<\/a> qui s\u2019est produit \u00e0 la Raffinerie du midi ce jeudi 26&nbsp;septembre, vers 15&nbsp;h&nbsp;20. Un homme de 49 ans, qui r\u00e9alisait des travaux de maintenance dans une cuve de stockage d\u2019hydrocarbure vide, est d\u00e9c\u00e9d\u00e9 alors qu\u2019il faisait de la soudure, suite \u00e0 une explosion. Pr\u00e8s d\u2019une vingtaine de pompiers ont \u00e9t\u00e9 d\u00e9p\u00each\u00e9s sur place mais ils n\u2019ont malheureusement pas pu sauver la vie de cet employ\u00e9.<\/p>\n<\/div>\n<div id>\n<div class=\"consentModule_text\">\n<p>Ce contenu est bloqu\u00e9 car vous n&rsquo;avez pas accept\u00e9 les cookies et autres traceurs.<\/p>\n<p>En cliquant sur <span class=\"bold\">\u00ab J\u2019accepte \u00bb<\/span>, les cookies et autres traceurs seront d\u00e9pos\u00e9s et vous pourrez visualiser les contenus <span class=\"consentModule_purpose\"><\/span> (<a href=\"https:\/\/www.bienpublic.com\/faits-divers-justice\/2024\/09\/27\/accident-mortel-a-la-raffinerie-du-midi-la-direction-donne-des-precisions\" class=\"consentModule_policy\" target=\"_blank\" title=\"Consulter la politique de protection des donn\u00e9es du fournisseur\" rel=\"noopener nofollow\">plus d&rsquo;informations<\/a>).<\/p>\n<p>En cliquant sur <span class=\"bold\">\u00ab J\u2019accepte tous les cookies \u00bb<\/span>, vous autorisez des d\u00e9p\u00f4ts de cookies et autres traceurs pour le stockage de vos donn\u00e9es sur nos sites et applications \u00e0 des fins de personnalisation et de ciblage publicitaire.<\/p>\n<p class=\"consentModule_secondaryText\">Vous gardez la possibilit\u00e9 de retirer votre consentement \u00e0 tout moment en consultant notre <a href=\"https:\/\/www.bienpublic.com\/protection-des-donnees\" target=\"_blank\" title=\"Consulter notre politique de protection des donn\u00e9es\" rel=\"noopener nofollow\">politique de protection des donn\u00e9es<\/a>. <br \/><a href=\"Didomi.notice.show()\" class=\"consentModule_cmp\" target=\"_blank\" rel=\"nofollow\">G\u00e9rer mes choix<\/a> <\/p>\n<p> <button class=\"acceptConsent\" id title=\"J'accepte\">J&rsquo;accepte<\/button> <button class=\"acceptAllConsent\" id title=\"J'accepte tous les cookies\">J&rsquo;accepte tous les cookies<\/button> <\/p>\n<\/p><\/div>\n<\/div>\n<div>\n<h2>\u00ab&nbsp;Une cellule psychologique mise en place&nbsp;\u00bb<\/h2>\n<p>Par voie de communiqu\u00e9, la direction de la Raffinerie du midi a r\u00e9agi&nbsp;ce vendredi&nbsp;: \u00ab&nbsp;[\u2026] Un employ\u00e9 d\u2019une soci\u00e9t\u00e9 ext\u00e9rieure qui travaillait \u00e0 l\u2019int\u00e9rieur d\u2019un r\u00e9servoir vide et d\u00e9gaz\u00e9, dans le cadre de sa maintenance d\u00e9cennale, a \u00e9t\u00e9 projet\u00e9 suite \u00e0 ce qui semble avoir \u00e9t\u00e9 une explosion. Les pompiers sont intervenus imm\u00e9diatement mais cette personne est malheureusement d\u00e9c\u00e9d\u00e9e. Toutes nos pens\u00e9es vont \u00e0 sa famille et ses proches dans cette terrible \u00e9preuve. Une cellule psychologique a \u00e9t\u00e9 mise en place pour assister le personnel et toutes nos \u00e9quipes sont mobilis\u00e9es pour collaborer dans le cadre de l\u2019enqu\u00eate judiciaire de fa\u00e7on \u00e0 comprendre les raisons de ce terrible accident.&nbsp;\u00bb<\/p>\n<p>Les forces de l\u2019ordre confirment que l\u2019enqu\u00eate est toujours en cours et qu\u2019il s\u2019agit bien d\u2019un accident du travail.<\/p>\n<\/div>\n<p>accidentdutravail-idf.net vous a pr\u00e9par\u00e9 ce post qui informe du sujet \u00ab\u00a0Association Sportive Huisson-Longueville Essonne\u00a0\u00bb. La chronique se veut g\u00e9n\u00e9r\u00e9e du mieux possible. Vous pouvez utiliser les coordonn\u00e9es indiqu\u00e9es sur le site dans le but d\u2019apporter des explications sur ce post qui parle du th\u00e8me \u00ab\u00a0Association Sportive Huisson-Longueville Essonne\u00a0\u00bb. Le site accidentdutravail-idf.net a pour but de fournir diverses publications sur la th\u00e9matique Association Sportive Huisson-Longueville Essonne diffus\u00e9es sur le net. Il y aura plusieurs articles autour du sujet \u00ab\u00a0Association Sportive Huisson-Longueville Essonne\u00a0\u00bb dans quelques jours, nous vous invitons \u00e0 naviguer sur notre site web \u00e0 plusieurs reprises.<\/p>\n","protected":false},"excerpt":{"rendered":"<p>Dans notre \u00e9dition de ce vendredi 27&nbsp;septembre, nous avons relat\u00e9 un accident tragique qui s\u2019est produit \u00e0 la Raffinerie du midi ce jeudi 26&nbsp;septembre, vers 15&nbsp;h&nbsp;20. Un homme de 49 ans, qui r\u00e9alisait des travaux de maintenance dans une cuve de stockage d\u2019hydrocarbure vide, est d\u00e9c\u00e9d\u00e9 alors qu\u2019il faisait de la soudure, suite \u00e0 une &hellip; <\/p>\n<p class=\"link-more\"><a href=\"https:\/\/www.accidentdutravail-idf.net\/blog\/longvic-accident-mortel-a-la-raffinerie-du-midi-la-direction-donne-des-precisions\/\" class=\"more-link\">Continuer la lecture <span class=\"screen-reader-text\"> \u00ab\u00a0Longvic Accident mortel \u00e0 la Raffinerie du midi : la direction donne des pr\u00e9cisions\u00a0\u00bb<\/span><\/a><\/p>\n","protected":false},"author":2,"featured_media":0,"comment_status":"closed","ping_status":"closed","sticky":false,"template":"","format":"standard","meta":{"footnotes":""},"categories":[5],"tags":[],"class_list":["post-847","post","type-post","status-publish","format-standard","hentry","category-securite-du-travail-en-ile-de-france-et-divers","entry"],"yoast_head":"<!-- This site is optimized with the Yoast SEO plugin v27.5 - https:\/\/yoast.com\/product\/yoast-seo-wordpress\/ -->\n<title>Longvic Accident mortel \u00e0 la Raffinerie du midi : la direction donne des pr\u00e9cisions - ACCIDENTDUTRAVAIL-IDF<\/title>\n<meta name=\"description\" content=\"Longvic Accident mortel \u00e0 la Raffinerie du midi : la direction donne des pr\u00e9cisions article de ACCIDENTDUTRAVAIL-IDF\" \/>\n<meta name=\"robots\" content=\"index, follow, max-snippet:-1, max-image-preview:large, max-video-preview:-1\" \/>\n<link rel=\"canonical\" href=\"https:\/\/www.accidentdutravail-idf.net\/blog\/longvic-accident-mortel-a-la-raffinerie-du-midi-la-direction-donne-des-precisions\/\" \/>\n<meta property=\"og:locale\" content=\"fr_FR\" \/>\n<meta property=\"og:type\" content=\"article\" \/>\n<meta property=\"og:title\" content=\"Longvic Accident mortel \u00e0 la Raffinerie du midi : la direction donne des pr\u00e9cisions - ACCIDENTDUTRAVAIL-IDF\" \/>\n<meta property=\"og:description\" content=\"Longvic Accident mortel \u00e0 la Raffinerie du midi : la direction donne des pr\u00e9cisions article de ACCIDENTDUTRAVAIL-IDF\" \/>\n<meta property=\"og:url\" content=\"https:\/\/www.accidentdutravail-idf.net\/blog\/longvic-accident-mortel-a-la-raffinerie-du-midi-la-direction-donne-des-precisions\/\" \/>\n<meta property=\"og:site_name\" content=\"ACCIDENTDUTRAVAIL-IDF\" \/>\n<meta property=\"article:published_time\" content=\"2024-09-27T07:37:00+00:00\" \/>\n<meta property=\"og:image\" content=\"https:\/\/www.accidentdutravail-idf.net\/blog\/wp-content\/uploads\/2024\/09\/longvic-accident-mortel-a-la-raffinerie-du-midi-la-direction-donne-des-precisions.jpg\" \/>\n<meta name=\"author\" content=\"Carlos Poulain\" \/>\n<meta name=\"twitter:card\" content=\"summary_large_image\" \/>\n<meta name=\"twitter:label1\" content=\"\u00c9crit par\" \/>\n\t<meta name=\"twitter:data1\" content=\"Carlos Poulain\" \/>\n\t<meta name=\"twitter:label2\" content=\"Dur\u00e9e de lecture estim\u00e9e\" \/>\n\t<meta name=\"twitter:data2\" content=\"2 minutes\" \/>\n<script type=\"application\/ld+json\" class=\"yoast-schema-graph\">{\"@context\":\"https:\\\/\\\/schema.org\",\"@graph\":[{\"@type\":\"Article\",\"@id\":\"https:\\\/\\\/www.accidentdutravail-idf.net\\\/blog\\\/longvic-accident-mortel-a-la-raffinerie-du-midi-la-direction-donne-des-precisions\\\/#article\",\"isPartOf\":{\"@id\":\"https:\\\/\\\/www.accidentdutravail-idf.net\\\/blog\\\/longvic-accident-mortel-a-la-raffinerie-du-midi-la-direction-donne-des-precisions\\\/\"},\"author\":{\"name\":\"Carlos Poulain\",\"@id\":\"https:\\\/\\\/www.accidentdutravail-idf.net\\\/blog\\\/#\\\/schema\\\/person\\\/3255d2f970de45e64bd9201f38e7b947\"},\"headline\":\"Longvic Accident mortel \u00e0 la Raffinerie du midi : la direction donne des pr\u00e9cisions\",\"datePublished\":\"2024-09-27T07:37:00+00:00\",\"mainEntityOfPage\":{\"@id\":\"https:\\\/\\\/www.accidentdutravail-idf.net\\\/blog\\\/longvic-accident-mortel-a-la-raffinerie-du-midi-la-direction-donne-des-precisions\\\/\"},\"wordCount\":474,\"publisher\":{\"@id\":\"https:\\\/\\\/www.accidentdutravail-idf.net\\\/blog\\\/#organization\"},\"image\":{\"@id\":\"https:\\\/\\\/www.accidentdutravail-idf.net\\\/blog\\\/longvic-accident-mortel-a-la-raffinerie-du-midi-la-direction-donne-des-precisions\\\/#primaryimage\"},\"thumbnailUrl\":\"https:\\\/\\\/www.accidentdutravail-idf.net\\\/blog\\\/wp-content\\\/uploads\\\/2024\\\/09\\\/longvic-accident-mortel-a-la-raffinerie-du-midi-la-direction-donne-des-precisions.jpg\",\"articleSection\":[\"S\u00e9curit\u00e9 Du Travail En Ile-De-France Et Divers:\"],\"inLanguage\":\"fr-FR\"},{\"@type\":\"WebPage\",\"@id\":\"https:\\\/\\\/www.accidentdutravail-idf.net\\\/blog\\\/longvic-accident-mortel-a-la-raffinerie-du-midi-la-direction-donne-des-precisions\\\/\",\"url\":\"https:\\\/\\\/www.accidentdutravail-idf.net\\\/blog\\\/longvic-accident-mortel-a-la-raffinerie-du-midi-la-direction-donne-des-precisions\\\/\",\"name\":\"Longvic Accident mortel \u00e0 la Raffinerie du midi : la direction donne des pr\u00e9cisions - ACCIDENTDUTRAVAIL-IDF\",\"isPartOf\":{\"@id\":\"https:\\\/\\\/www.accidentdutravail-idf.net\\\/blog\\\/#website\"},\"primaryImageOfPage\":{\"@id\":\"https:\\\/\\\/www.accidentdutravail-idf.net\\\/blog\\\/longvic-accident-mortel-a-la-raffinerie-du-midi-la-direction-donne-des-precisions\\\/#primaryimage\"},\"image\":{\"@id\":\"https:\\\/\\\/www.accidentdutravail-idf.net\\\/blog\\\/longvic-accident-mortel-a-la-raffinerie-du-midi-la-direction-donne-des-precisions\\\/#primaryimage\"},\"thumbnailUrl\":\"https:\\\/\\\/www.accidentdutravail-idf.net\\\/blog\\\/wp-content\\\/uploads\\\/2024\\\/09\\\/longvic-accident-mortel-a-la-raffinerie-du-midi-la-direction-donne-des-precisions.jpg\",\"datePublished\":\"2024-09-27T07:37:00+00:00\",\"description\":\"Longvic Accident mortel \u00e0 la Raffinerie du midi : la direction donne des pr\u00e9cisions article de ACCIDENTDUTRAVAIL-IDF\",\"breadcrumb\":{\"@id\":\"https:\\\/\\\/www.accidentdutravail-idf.net\\\/blog\\\/longvic-accident-mortel-a-la-raffinerie-du-midi-la-direction-donne-des-precisions\\\/#breadcrumb\"},\"inLanguage\":\"fr-FR\",\"potentialAction\":[{\"@type\":\"ReadAction\",\"target\":[\"https:\\\/\\\/www.accidentdutravail-idf.net\\\/blog\\\/longvic-accident-mortel-a-la-raffinerie-du-midi-la-direction-donne-des-precisions\\\/\"]}]},{\"@type\":\"ImageObject\",\"inLanguage\":\"fr-FR\",\"@id\":\"https:\\\/\\\/www.accidentdutravail-idf.net\\\/blog\\\/longvic-accident-mortel-a-la-raffinerie-du-midi-la-direction-donne-des-precisions\\\/#primaryimage\",\"url\":\"https:\\\/\\\/www.accidentdutravail-idf.net\\\/blog\\\/wp-content\\\/uploads\\\/2024\\\/09\\\/longvic-accident-mortel-a-la-raffinerie-du-midi-la-direction-donne-des-precisions.jpg\",\"contentUrl\":\"https:\\\/\\\/www.accidentdutravail-idf.net\\\/blog\\\/wp-content\\\/uploads\\\/2024\\\/09\\\/longvic-accident-mortel-a-la-raffinerie-du-midi-la-direction-donne-des-precisions.jpg\"},{\"@type\":\"BreadcrumbList\",\"@id\":\"https:\\\/\\\/www.accidentdutravail-idf.net\\\/blog\\\/longvic-accident-mortel-a-la-raffinerie-du-midi-la-direction-donne-des-precisions\\\/#breadcrumb\",\"itemListElement\":[{\"@type\":\"ListItem\",\"position\":1,\"name\":\"Accueil\",\"item\":\"https:\\\/\\\/www.accidentdutravail-idf.net\\\/blog\\\/\"},{\"@type\":\"ListItem\",\"position\":2,\"name\":\"Longvic Accident mortel \u00e0 la Raffinerie du midi : la direction donne des pr\u00e9cisions\"}]},{\"@type\":\"WebSite\",\"@id\":\"https:\\\/\\\/www.accidentdutravail-idf.net\\\/blog\\\/#website\",\"url\":\"https:\\\/\\\/www.accidentdutravail-idf.net\\\/blog\\\/\",\"name\":\"ACCIDENTDUTRAVAIL-IDF\",\"description\":\"Portail accidents du travail-maladies professionnelles des entreprises d&#039;Ile-de-France\",\"publisher\":{\"@id\":\"https:\\\/\\\/www.accidentdutravail-idf.net\\\/blog\\\/#organization\"},\"potentialAction\":[{\"@type\":\"SearchAction\",\"target\":{\"@type\":\"EntryPoint\",\"urlTemplate\":\"https:\\\/\\\/www.accidentdutravail-idf.net\\\/blog\\\/?s={search_term_string}\"},\"query-input\":{\"@type\":\"PropertyValueSpecification\",\"valueRequired\":true,\"valueName\":\"search_term_string\"}}],\"inLanguage\":\"fr-FR\"},{\"@type\":\"Organization\",\"@id\":\"https:\\\/\\\/www.accidentdutravail-idf.net\\\/blog\\\/#organization\",\"name\":\"accidentdutravail-idf\",\"url\":\"https:\\\/\\\/www.accidentdutravail-idf.net\\\/blog\\\/\",\"logo\":{\"@type\":\"ImageObject\",\"inLanguage\":\"fr-FR\",\"@id\":\"https:\\\/\\\/www.accidentdutravail-idf.net\\\/blog\\\/#\\\/schema\\\/logo\\\/image\\\/\",\"url\":\"https:\\\/\\\/www.accidentdutravail-idf.net\\\/blog\\\/wp-content\\\/uploads\\\/2022\\\/09\\\/logo-2.png\",\"contentUrl\":\"https:\\\/\\\/www.accidentdutravail-idf.net\\\/blog\\\/wp-content\\\/uploads\\\/2022\\\/09\\\/logo-2.png\",\"width\":380,\"height\":291,\"caption\":\"accidentdutravail-idf\"},\"image\":{\"@id\":\"https:\\\/\\\/www.accidentdutravail-idf.net\\\/blog\\\/#\\\/schema\\\/logo\\\/image\\\/\"}},{\"@type\":\"Person\",\"@id\":\"https:\\\/\\\/www.accidentdutravail-idf.net\\\/blog\\\/#\\\/schema\\\/person\\\/3255d2f970de45e64bd9201f38e7b947\",\"name\":\"Carlos Poulain\",\"image\":{\"@type\":\"ImageObject\",\"inLanguage\":\"fr-FR\",\"@id\":\"https:\\\/\\\/secure.gravatar.com\\\/avatar\\\/b1c2f9d3588e34e91adb093635df64ef4b2381991216be7576466cfcdca4baf3?s=96&d=mm&r=g\",\"url\":\"https:\\\/\\\/secure.gravatar.com\\\/avatar\\\/b1c2f9d3588e34e91adb093635df64ef4b2381991216be7576466cfcdca4baf3?s=96&d=mm&r=g\",\"contentUrl\":\"https:\\\/\\\/secure.gravatar.com\\\/avatar\\\/b1c2f9d3588e34e91adb093635df64ef4b2381991216be7576466cfcdca4baf3?s=96&d=mm&r=g\",\"caption\":\"Carlos Poulain\"},\"url\":\"https:\\\/\\\/www.accidentdutravail-idf.net\\\/blog\\\/author\\\/idfcarlos\\\/\"}]}<\/script>\n<!-- \/ Yoast SEO plugin. -->","yoast_head_json":{"title":"Longvic Accident mortel \u00e0 la Raffinerie du midi : la direction donne des pr\u00e9cisions - ACCIDENTDUTRAVAIL-IDF","description":"Longvic Accident mortel \u00e0 la Raffinerie du midi : la direction donne des pr\u00e9cisions article de ACCIDENTDUTRAVAIL-IDF","robots":{"index":"index","follow":"follow","max-snippet":"max-snippet:-1","max-image-preview":"max-image-preview:large","max-video-preview":"max-video-preview:-1"},"canonical":"https:\/\/www.accidentdutravail-idf.net\/blog\/longvic-accident-mortel-a-la-raffinerie-du-midi-la-direction-donne-des-precisions\/","og_locale":"fr_FR","og_type":"article","og_title":"Longvic Accident mortel \u00e0 la Raffinerie du midi : la direction donne des pr\u00e9cisions - ACCIDENTDUTRAVAIL-IDF","og_description":"Longvic Accident mortel \u00e0 la Raffinerie du midi : la direction donne des pr\u00e9cisions article de ACCIDENTDUTRAVAIL-IDF","og_url":"https:\/\/www.accidentdutravail-idf.net\/blog\/longvic-accident-mortel-a-la-raffinerie-du-midi-la-direction-donne-des-precisions\/","og_site_name":"ACCIDENTDUTRAVAIL-IDF","article_published_time":"2024-09-27T07:37:00+00:00","og_image":[{"url":"https:\/\/www.accidentdutravail-idf.net\/blog\/wp-content\/uploads\/2024\/09\/longvic-accident-mortel-a-la-raffinerie-du-midi-la-direction-donne-des-precisions.jpg","type":"","width":"","height":""}],"author":"Carlos Poulain","twitter_card":"summary_large_image","twitter_misc":{"\u00c9crit par":"Carlos Poulain","Dur\u00e9e de lecture estim\u00e9e":"2 minutes"},"schema":{"@context":"https:\/\/schema.org","@graph":[{"@type":"Article","@id":"https:\/\/www.accidentdutravail-idf.net\/blog\/longvic-accident-mortel-a-la-raffinerie-du-midi-la-direction-donne-des-precisions\/#article","isPartOf":{"@id":"https:\/\/www.accidentdutravail-idf.net\/blog\/longvic-accident-mortel-a-la-raffinerie-du-midi-la-direction-donne-des-precisions\/"},"author":{"name":"Carlos Poulain","@id":"https:\/\/www.accidentdutravail-idf.net\/blog\/#\/schema\/person\/3255d2f970de45e64bd9201f38e7b947"},"headline":"Longvic Accident mortel \u00e0 la Raffinerie du midi : la direction donne des pr\u00e9cisions","datePublished":"2024-09-27T07:37:00+00:00","mainEntityOfPage":{"@id":"https:\/\/www.accidentdutravail-idf.net\/blog\/longvic-accident-mortel-a-la-raffinerie-du-midi-la-direction-donne-des-precisions\/"},"wordCount":474,"publisher":{"@id":"https:\/\/www.accidentdutravail-idf.net\/blog\/#organization"},"image":{"@id":"https:\/\/www.accidentdutravail-idf.net\/blog\/longvic-accident-mortel-a-la-raffinerie-du-midi-la-direction-donne-des-precisions\/#primaryimage"},"thumbnailUrl":"https:\/\/www.accidentdutravail-idf.net\/blog\/wp-content\/uploads\/2024\/09\/longvic-accident-mortel-a-la-raffinerie-du-midi-la-direction-donne-des-precisions.jpg","articleSection":["S\u00e9curit\u00e9 Du Travail En Ile-De-France Et Divers:"],"inLanguage":"fr-FR"},{"@type":"WebPage","@id":"https:\/\/www.accidentdutravail-idf.net\/blog\/longvic-accident-mortel-a-la-raffinerie-du-midi-la-direction-donne-des-precisions\/","url":"https:\/\/www.accidentdutravail-idf.net\/blog\/longvic-accident-mortel-a-la-raffinerie-du-midi-la-direction-donne-des-precisions\/","name":"Longvic Accident mortel \u00e0 la Raffinerie du midi : la direction donne des pr\u00e9cisions - ACCIDENTDUTRAVAIL-IDF","isPartOf":{"@id":"https:\/\/www.accidentdutravail-idf.net\/blog\/#website"},"primaryImageOfPage":{"@id":"https:\/\/www.accidentdutravail-idf.net\/blog\/longvic-accident-mortel-a-la-raffinerie-du-midi-la-direction-donne-des-precisions\/#primaryimage"},"image":{"@id":"https:\/\/www.accidentdutravail-idf.net\/blog\/longvic-accident-mortel-a-la-raffinerie-du-midi-la-direction-donne-des-precisions\/#primaryimage"},"thumbnailUrl":"https:\/\/www.accidentdutravail-idf.net\/blog\/wp-content\/uploads\/2024\/09\/longvic-accident-mortel-a-la-raffinerie-du-midi-la-direction-donne-des-precisions.jpg","datePublished":"2024-09-27T07:37:00+00:00","description":"Longvic Accident mortel \u00e0 la Raffinerie du midi : la direction donne des pr\u00e9cisions article de ACCIDENTDUTRAVAIL-IDF","breadcrumb":{"@id":"https:\/\/www.accidentdutravail-idf.net\/blog\/longvic-accident-mortel-a-la-raffinerie-du-midi-la-direction-donne-des-precisions\/#breadcrumb"},"inLanguage":"fr-FR","potentialAction":[{"@type":"ReadAction","target":["https:\/\/www.accidentdutravail-idf.net\/blog\/longvic-accident-mortel-a-la-raffinerie-du-midi-la-direction-donne-des-precisions\/"]}]},{"@type":"ImageObject","inLanguage":"fr-FR","@id":"https:\/\/www.accidentdutravail-idf.net\/blog\/longvic-accident-mortel-a-la-raffinerie-du-midi-la-direction-donne-des-precisions\/#primaryimage","url":"https:\/\/www.accidentdutravail-idf.net\/blog\/wp-content\/uploads\/2024\/09\/longvic-accident-mortel-a-la-raffinerie-du-midi-la-direction-donne-des-precisions.jpg","contentUrl":"https:\/\/www.accidentdutravail-idf.net\/blog\/wp-content\/uploads\/2024\/09\/longvic-accident-mortel-a-la-raffinerie-du-midi-la-direction-donne-des-precisions.jpg"},{"@type":"BreadcrumbList","@id":"https:\/\/www.accidentdutravail-idf.net\/blog\/longvic-accident-mortel-a-la-raffinerie-du-midi-la-direction-donne-des-precisions\/#breadcrumb","itemListElement":[{"@type":"ListItem","position":1,"name":"Accueil","item":"https:\/\/www.accidentdutravail-idf.net\/blog\/"},{"@type":"ListItem","position":2,"name":"Longvic Accident mortel \u00e0 la Raffinerie du midi : la direction donne des pr\u00e9cisions"}]},{"@type":"WebSite","@id":"https:\/\/www.accidentdutravail-idf.net\/blog\/#website","url":"https:\/\/www.accidentdutravail-idf.net\/blog\/","name":"ACCIDENTDUTRAVAIL-IDF","description":"Portail accidents du travail-maladies professionnelles des entreprises d&#039;Ile-de-France","publisher":{"@id":"https:\/\/www.accidentdutravail-idf.net\/blog\/#organization"},"potentialAction":[{"@type":"SearchAction","target":{"@type":"EntryPoint","urlTemplate":"https:\/\/www.accidentdutravail-idf.net\/blog\/?s={search_term_string}"},"query-input":{"@type":"PropertyValueSpecification","valueRequired":true,"valueName":"search_term_string"}}],"inLanguage":"fr-FR"},{"@type":"Organization","@id":"https:\/\/www.accidentdutravail-idf.net\/blog\/#organization","name":"accidentdutravail-idf","url":"https:\/\/www.accidentdutravail-idf.net\/blog\/","logo":{"@type":"ImageObject","inLanguage":"fr-FR","@id":"https:\/\/www.accidentdutravail-idf.net\/blog\/#\/schema\/logo\/image\/","url":"https:\/\/www.accidentdutravail-idf.net\/blog\/wp-content\/uploads\/2022\/09\/logo-2.png","contentUrl":"https:\/\/www.accidentdutravail-idf.net\/blog\/wp-content\/uploads\/2022\/09\/logo-2.png","width":380,"height":291,"caption":"accidentdutravail-idf"},"image":{"@id":"https:\/\/www.accidentdutravail-idf.net\/blog\/#\/schema\/logo\/image\/"}},{"@type":"Person","@id":"https:\/\/www.accidentdutravail-idf.net\/blog\/#\/schema\/person\/3255d2f970de45e64bd9201f38e7b947","name":"Carlos Poulain","image":{"@type":"ImageObject","inLanguage":"fr-FR","@id":"https:\/\/secure.gravatar.com\/avatar\/b1c2f9d3588e34e91adb093635df64ef4b2381991216be7576466cfcdca4baf3?s=96&d=mm&r=g","url":"https:\/\/secure.gravatar.com\/avatar\/b1c2f9d3588e34e91adb093635df64ef4b2381991216be7576466cfcdca4baf3?s=96&d=mm&r=g","contentUrl":"https:\/\/secure.gravatar.com\/avatar\/b1c2f9d3588e34e91adb093635df64ef4b2381991216be7576466cfcdca4baf3?s=96&d=mm&r=g","caption":"Carlos Poulain"},"url":"https:\/\/www.accidentdutravail-idf.net\/blog\/author\/idfcarlos\/"}]}},"_links":{"self":[{"href":"https:\/\/www.accidentdutravail-idf.net\/blog\/wp-json\/wp\/v2\/posts\/847","targetHints":{"allow":["GET"]}}],"collection":[{"href":"https:\/\/www.accidentdutravail-idf.net\/blog\/wp-json\/wp\/v2\/posts"}],"about":[{"href":"https:\/\/www.accidentdutravail-idf.net\/blog\/wp-json\/wp\/v2\/types\/post"}],"author":[{"embeddable":true,"href":"https:\/\/www.accidentdutravail-idf.net\/blog\/wp-json\/wp\/v2\/users\/2"}],"replies":[{"embeddable":true,"href":"https:\/\/www.accidentdutravail-idf.net\/blog\/wp-json\/wp\/v2\/comments?post=847"}],"version-history":[{"count":0,"href":"https:\/\/www.accidentdutravail-idf.net\/blog\/wp-json\/wp\/v2\/posts\/847\/revisions"}],"wp:attachment":[{"href":"https:\/\/www.accidentdutravail-idf.net\/blog\/wp-json\/wp\/v2\/media?parent=847"}],"wp:term":[{"taxonomy":"category","embeddable":true,"href":"https:\/\/www.accidentdutravail-idf.net\/blog\/wp-json\/wp\/v2\/categories?post=847"},{"taxonomy":"post_tag","embeddable":true,"href":"https:\/\/www.accidentdutravail-idf.net\/blog\/wp-json\/wp\/v2\/tags?post=847"}],"curies":[{"name":"wp","href":"https:\/\/api.w.org\/{rel}","templated":true}]}}