{"id":844,"date":"2024-09-27T19:37:16","date_gmt":"2024-09-27T17:37:16","guid":{"rendered":"https:\/\/www.site.cdcl.xyz\/2024\/09\/27\/politique-de-gauche-defendre-le-droit-de-manifester-alors-que-les-militants-du-jso-sont-emprisonnes\/"},"modified":"2024-09-27T19:37:16","modified_gmt":"2024-09-27T17:37:16","slug":"politique-de-gauche-defendre-le-droit-de-manifester-alors-que-les-militants-du-jso-sont-emprisonnes","status":"publish","type":"post","link":"https:\/\/www.accidentdutravail-idf.net\/blog\/politique-de-gauche-defendre-le-droit-de-manifester-alors-que-les-militants-du-jso-sont-emprisonnes\/","title":{"rendered":"Politique de gauche: D\u00e9fendre le droit de manifester alors que les militants du JSO sont emprisonn\u00e9s"},"content":{"rendered":"<div>\n<p> <span class=\"postCategory\">Nouvelles<\/span><\/p>\n<p>Les militantes du JSO Phoebe Plummer et Anna Holland ont \u00e9t\u00e9 condamn\u00e9es \u00e0 la prison, violant ainsi l&rsquo;iconoclasme cr\u00e9atif de l&rsquo;histoire de l&rsquo;art.<\/p>\n<div class=\"mobPostInfo sharePost\">\n<p>Par <b>Charlie Kimber<\/b><\/p>\n<p> <span class=\"downloadingPDF\">T\u00e9l\u00e9chargement du PDF. S&rsquo;il vous pla\u00eet, attendez\u2026<\/span> <\/p>\n<\/div>\n<div class=\"mobPostInfo dateIssue\">\n<p>vendredi 27 septembre 2024<\/p>\n<p> Probl\u00e8me <\/p>\n<\/div>\n<div id=\"attachment_152214\" class=\"wp-caption aligncenter\"><img decoding=\"async\" aria-describedby=\"caption-attachment-152214\" class=\"size-full wp-image-152214\" alt=\"(Photo : Ouvrier Socialiste) \" width=\"760\" height=\"507\" data-lazy- src=\"https:\/\/www.accidentdutravail-idf.net\/blog\/wp-content\/uploads\/2024\/09\/politique-de-gauche-defendre-le-droit-de-manifester-alors-que-les-militants-du-jso-sont-emprisonnes.jpg\"><img decoding=\"async\" aria-describedby=\"caption-attachment-152214\" class=\"size-full wp-image-152214\" src=\"https:\/\/www.accidentdutravail-idf.net\/blog\/wp-content\/uploads\/2024\/09\/politique-de-gauche-defendre-le-droit-de-manifester-alors-que-les-militants-du-jso-sont-emprisonnes.jpg\" alt=\"(Photo : Ouvrier Socialiste) \" width=\"760\" height=\"507\"><\/p>\n<p id=\"caption-attachment-152214\" class=\"wp-caption-text\">Les manifestants se rassemblent devant le tribunal de la Couronne de Southwark pour soutenir les militants du JSO (Photo : Charlie Kimber)<\/p>\n<\/div>\n<p>Des centaines de manifestants ont occup\u00e9 vendredi la rue devant le tribunal de la Couronne de Southwark \u00e0 Londres alors qu&rsquo;un juge emprisonnait les militantes \u00e9cologistes Phoebe Plummer et Anna Holland.<\/p>\n<p>Le juge Christopher Hehir a condamn\u00e9 Plummer \u00e0 deux ans et Holland \u00e0 20 mois. En juillet, un tribunal a d\u00e9clar\u00e9 les deux hommes coupables de dommages criminels apr\u00e8s une action de protestation \u00e0 la National Gallery de Londres en octobre 2022. Elle faisait partie de la campagne Just Stop Oil (JSO).<\/p>\n<p>Plummer et Holland ont jet\u00e9 de la soupe aux tomates sur le tableau Tournesols de Vincent Van Gogh, le laissant intact mais affectant pr\u00e9tendument le cadre.<\/p>\n<p>Le juge Hehir qui a prononc\u00e9 les peines a r\u00e9cemment condamn\u00e9 des militants, dont le fondateur du JSO, Roger Hallam, \u00e0 quatre et cinq ans de prison pour \u00ab complot visant \u00e0 perturber largement le M25 \u00bb.<\/p>\n<p>Plummer a d\u00e9clar\u00e9 devant le tableau en 2022 : \u00ab Qu&rsquo;est-ce qui vaut le plus, l&rsquo;art ou la vie ? Est-ce que cela vaut plus que la nourriture ? Vaut-il plus que la justice ?<\/p>\n<p>\u00ab&nbsp;\u00cates-vous plus pr\u00e9occup\u00e9 par la protection d&rsquo;un tableau ou par la protection de notre plan\u00e8te et de nos hommes&nbsp;?&nbsp;\u00bb<\/p>\n<p>Plummer a prononc\u00e9 un discours de 20 minutes devant le juge en guise d&rsquo;att\u00e9nuation, dans lequel elle a cit\u00e9 Emmeline Pankhurst, Mahatma Gandhi et Nelson Mandela comme exemples de personnes qui ont \u00e9t\u00e9 criminalis\u00e9es alors qu&rsquo;elles luttaient pour la justice.<\/p>\n<p>\u00ab Le 14 octobre 2022 et en novembre 2023, j&rsquo;ai fait le choix de prendre des mesures dont je savais qu&rsquo;elles m\u00e8neraient probablement \u00e0 mon arrestation et \u00e0 des poursuites \u00bb, a-t-elle d\u00e9clar\u00e9.<\/p>\n<p>\u00ab J\u2019ai fait ces choix parce que je crois que la r\u00e9sistance civile non violente est le meilleur, sinon le seul, outil dont disposent les gens pour provoquer le changement rapide requis pour prot\u00e9ger la vie de l\u2019urgence climatique qui s\u2019acc\u00e9l\u00e8re et des d\u00e9cisions politiques prises. qui alimentent les flammes et qui nous condamnent tous \u00e0 un avenir catastrophique.<\/p>\n<p>Dans une d\u00e9monstration de d\u00e9fi, trois autres membres du JSO ont jet\u00e9 de la soupe sur deux tableaux de Van Gogh peu apr\u00e8s la condamnation. La police a arr\u00eat\u00e9 Phil Green, Ludi Simpson et Mary Patricia Somerville, soup\u00e7onn\u00e9s d&rsquo;avoir caus\u00e9 des dommages criminels.<\/p>\n<p>Les manifestants de Southwark ont \u200b\u200br\u00e9agi aux condamnations avec col\u00e8re. Maria, enseignante \u00e0 la retraite, a d\u00e9clar\u00e9 \u00e0 Socialist Worker : \u00ab Les entreprises de combustibles fossiles d\u00e9truisent notre monde et, \u00e0 Gaza, les Isra\u00e9liens tuent des gens chaque jour. Mais ce sont les manifestants qui risquent des sanctions.\u00bb<\/p>\n<p>Terry, un agent de sant\u00e9 participant \u00e0 la manifestation, a ajout\u00e9 : \u00ab Les gens qui progressent ont toujours d\u00fb se d\u00e9marquer du courant dominant. Un jour, Phoebe, Anna et tous ceux qui protestent seront consid\u00e9r\u00e9s comme des r\u00e9v\u00e9lateurs de v\u00e9rit\u00e9 clairvoyants. \u00bb<\/p>\n<p>\u00c0 l\u2019ext\u00e9rieur du tribunal, des militants d\u2019Extinction Rebellion et du JSO se sont m\u00eal\u00e9s aux partisans de Palestine Action et aux personnes impliqu\u00e9es dans la campagne en faveur de Kwabena Devonish, qui fait face \u00e0 des accusations de terrorisme pour un discours sur la Palestine. \u00c9taient \u00e9galement pr\u00e9sents des membres d\u2019Animal Rising, de Greenpeace et d\u2019autres groupes.<\/p>\n<p>Ils ont brandi des dizaines de pancartes repr\u00e9sentant des prisonniers politiques \u00e0 travers les \u00e2ges. Une centaine de policiers \u00e9taient pr\u00e9sents, mais \u00e9tant donn\u00e9 le nombre de manifestants, ils n&rsquo;ont pas tent\u00e9 de d\u00e9gager la route, une impasse.<\/p>\n<p>Avant l&rsquo;audience de d\u00e9termination de la peine de vendredi, plus de 100 artistes et historiens de l&rsquo;art, dont l&rsquo;actrice Juliet Stevenson et la directrice de th\u00e9\u00e2tre Cressida Brown, ont sign\u00e9 une lettre ouverte appelant le juge \u00e0 ne pas emprisonner les militants.<\/p>\n<p>Ils ont d\u00e9clar\u00e9 que cela faisait partie d\u2019une tradition vieille de plusieurs si\u00e8cles consistant \u00e0 \u00ab faire appel \u00e0 notre conscience sociale \u00e0 travers l\u2019art \u00bb.<\/p>\n<p>\u00ab De notre point de vue d&rsquo;expert, il serait erron\u00e9 de consid\u00e9rer cette action du JSO et son message social comme une attaque contre une \u0153uvre d&rsquo;art de l&rsquo;ext\u00e9rieur \u00bb, ont-ils \u00e9crit. \u00ab Au contraire, il s\u2019inscrit dans la tradition bien \u00e9tablie de l\u2019iconoclasme cr\u00e9atif.<\/p>\n<p>\u00ab&nbsp;Il enrichira in\u00e9vitablement l&rsquo;histoire et la signification sociale des Tournesols et restera dans les m\u00e9moires, sera discut\u00e9 et valoris\u00e9 en soi comme une \u0153uvre cr\u00e9ative et incisive.&nbsp;\u00bb<\/p>\n<p>Les manifestations de vendredi faisaient partie du lancement d&rsquo;une \u00ab nouvelle campagne pour des prisonniers politiques libres \u00bb.<\/p>\n<p>Soutenu par le groupe Defend our Juries et des organisations environnementales, il promet \u00ab une s\u00e9rie croissante d\u2019actes non violents de d\u00e9sob\u00e9issance civile \u00e0 travers le pays. \u00e0 commencer par des actions licites mais provocatrices dans le centre de Londres \u00bb.<\/p>\n<p>Depuis les \u00e9lections g\u00e9n\u00e9rales et l\u2019arriv\u00e9e d\u2019un gouvernement travailliste, le taux d\u2019emprisonnement pour actions de protestation s\u2019est acc\u00e9l\u00e9r\u00e9.<\/p>\n<p>La campagne D\u00e9fendez nos jurys a d\u00e9clar\u00e9 : \u00ab Depuis juillet, plus de 40 personnes pacifiques ont \u00e9t\u00e9 emprisonn\u00e9es pour avoir pris des mesures pour prot\u00e9ger la vie.<\/p>\n<p>\u00ab Le 6 septembre, le Dr Larch Maxey a \u00e9t\u00e9 condamn\u00e9 \u00e0 trois ans de prison pour avoir particip\u00e9 \u00e0 une manifestation pacifique dans un tunnel du terminal p\u00e9trolier Navigator, dans l&rsquo;Essex.<\/p>\n<p>\u00ab Personnalit\u00e9 cl\u00e9 du mouvement de contestation \u00e9cologiste depuis les ann\u00e9es 1990, il est \u00e9tonnant que sa longue d\u00e9tention soit pass\u00e9e pratiquement inaper\u00e7ue. \u00bb<\/p>\n<p>Les militants r\u00e9clament la lib\u00e9ration de tous les prisonniers politiques et une r\u00e9union avec le procureur g\u00e9n\u00e9ral. Ils exigent \u00e9galement le retrait du lobbyiste r\u00e9mun\u00e9r\u00e9 John Woodcock (Lord Walney) du r\u00f4le de \u00ab conseiller ind\u00e9pendant du gouvernement sur la violence et les perturbations politiques \u00bb.<\/p>\n<p>Woodcock, un ancien d\u00e9put\u00e9 travailliste qui a quitt\u00e9 le parti apr\u00e8s des all\u00e9gations de comportement inappropri\u00e9, pr\u00e9conise l&rsquo;abus des pouvoirs du terrorisme pour traiter des manifestants non violents.<\/p>\n<p>Woodcock et d\u2019autres lobbyistes de l\u2019industrie p\u00e9troli\u00e8re et de l\u2019armement encouragent les attaques soutenues contre les libert\u00e9s civiles.<\/p>\n<p>Le secr\u00e9taire \u00e0 l&rsquo;Energie, Ed Miliband, a ordonn\u00e9 \u00e0 la police nucl\u00e9aire arm\u00e9e d&#8217;embaucher davantage de personnel pour lutter contre les manifestations dans les terminaux p\u00e9troliers et gaziers.<\/p>\n<p>\u00c0 mesure que la r\u00e9pression s\u2019intensifie, ce ne sont pas seulement ceux qui sont directement et imm\u00e9diatement touch\u00e9s qui devraient s\u2019y opposer. Les syndicats doivent prendre position aux c\u00f4t\u00e9s de ceux vis\u00e9s par l\u2019\u00c9tat.<\/p>\n<p>L\u2019action de la classe ouvri\u00e8re serait le d\u00e9fi le plus efficace \u00e0 l\u2019action brutale de l\u2019\u00c9tat et le moyen d\u2019emp\u00eacher le capitalisme de d\u00e9truire l\u2019avenir.<\/p>\n<\/div>\n<p>Ce th\u00e8me r\u00e9pond \u00e0 vos investigations vous adorerez pareillement ces parutions:<\/p>\n<p>{{QNPV&nbsp; \u2013 Quartiers non prioritaires de la politique de la ville.,<a href=\"https:\/\/www.kobo.com\/fr\/fr\/ebook\/qnpv-quartiers-non-prioritaires-de-la-politique-de-la-ville\" target=\"_blank\" rel=\"noopener noreferrer nofollow\">Le livre <\/a><span><\/span>. Disponible dans toutes les bonnes librairies.}<br \/>|{,<a href=\"https:\/\/booknode.com\/grand_pere_netait_pas_un_nazi_national_socialisme_et_shoah_dans_la_memoire_familiale_01420843\" target=\"_blank\" rel=\"noopener noreferrer nofollow\">Clicker Ici <\/a><span><\/span>.}<br \/>|{,<a href=\"https:\/\/fr.wikisource.org\/wiki\/%C3%80_force_d%E2%80%99aimer\/2\/04\" target=\"_blank\" rel=\"noopener noreferrer nofollow\">A voir et \u00e0 lire. <\/a><span><\/span>.}<br \/>|{,<a href=\"https:\/\/fr.wikisource.org\/wiki\/%C3%80_l%E2%80%99heure_o%C3%B9_l%E2%80%99%C3%A9criture_se_d%C3%A9noue\" target=\"_blank\" rel=\"noopener noreferrer nofollow\">Ouvrage <\/a><span><\/span>.}<br \/>|{,<a href=\"https:\/\/fr.wikisource.org\/wiki\/%C3%80_travers_la_jungle_politique_et_litt%C3%A9raire,_2e_s%C3%A9rie\/4\" target=\"_blank\" rel=\"noopener noreferrer nofollow\">Le livre <\/a><span><\/span>.}<br \/>|{,<a href=\"https:\/\/fr.wikisource.org\/wiki\/%C3%80_travers_la_jungle_politique_et_litt%C3%A9raire,_2e_s%C3%A9rie\/7\" target=\"_blank\" rel=\"noopener noreferrer nofollow\">(la couverture) <\/a><span><\/span>.}<br \/>|{,<a href=\"https:\/\/fr.wikisource.org\/wiki\/%C3%80_travers_la_jungle_politique_et_litt%C3%A9raire\/4\" target=\"_blank\" rel=\"noopener noreferrer nofollow\">Le livre <\/a><span><\/span>. Disponible dans toutes les bonnes librairies.}<br \/>|{,<a href=\"https:\/\/fr.wikisource.org\/wiki\/Abecedaire_de_l%E2%80%99anarchiste_r%C3%A9volutionnaire\" target=\"_blank\" rel=\"noopener noreferrer nofollow\">Clicker Ici <\/a><span><\/span>.}<br \/>|{,<a href=\"https:\/\/fr.wikisource.org\/wiki\/Action_socialiste\" target=\"_blank\" rel=\"noopener noreferrer nofollow\">A voir et \u00e0 lire. <\/a><span><\/span>.}<br \/>|{,<a href=\"https:\/\/fr.wikisource.org\/wiki\/Action_socialiste\/Au_clair_de_lune\" target=\"_blank\" rel=\"noopener noreferrer nofollow\">Ouvrage <\/a><span><\/span>.}<br \/>|{,<a href=\"https:\/\/fr.wikisource.org\/wiki\/Action_socialiste\/L%E2%80%99action_internationale\" target=\"_blank\" rel=\"noopener noreferrer nofollow\">Le livre <\/a><span><\/span>.}<br \/>|{,<a href=\"https:\/\/fr.wikisource.org\/wiki\/Action_socialiste\/La_Conf%C3%A9rence_de_Berlin\" target=\"_blank\" rel=\"noopener noreferrer nofollow\">(la couverture) <\/a><span><\/span>.}<br \/>|{,<a href=\"https:\/\/fr.wikisource.org\/wiki\/Action_socialiste\/La_crise_de_l%E2%80%99Universit%C3%A9\" target=\"_blank\" rel=\"noopener noreferrer nofollow\">(Disponible) <\/a><span><\/span>.}<br \/>|{,<a href=\"https:\/\/fr.wikisource.org\/wiki\/Action_socialiste\/La_France_et_le_Socialisme\" target=\"_blank\" rel=\"noopener noreferrer nofollow\">Le livre <\/a><span><\/span>.}<br \/>|{,<a href=\"https:\/\/fr.wikisource.org\/wiki\/Action_socialiste\/La_guerre_hispano-am%C3%A9ricaine\" target=\"_blank\" rel=\"noopener noreferrer nofollow\">livre de r\u00e9f\u00e9rence <\/a><span><\/span>. Disponible \u00e0 la FNAC.}<br \/>|{,<a href=\"https:\/\/fr.wikisource.org\/wiki\/Action_socialiste\/Le_Pape_des_ouvriers\" target=\"_blank\" rel=\"noopener noreferrer nofollow\">(la couverture) <\/a><span><\/span>.}<br \/>|{,<a href=\"https:\/\/fr.wikisource.org\/wiki\/Action_socialiste\/Le_Socialisme_et_l%E2%80%99Enseignement\" target=\"_blank\" rel=\"noopener noreferrer nofollow\">(Disponible) <\/a><span><\/span>.}<br \/>|{,<a href=\"https:\/\/fr.wikisource.org\/wiki\/Action_socialiste\/Le_Socialisme_et_les_Universit%C3%A9s\" target=\"_blank\" rel=\"noopener noreferrer nofollow\">Le livre <\/a><span><\/span>. Disponible dans toutes les bonnes librairies.}<br \/>|{,<a href=\"https:\/\/fr.wikisource.org\/wiki\/Action_socialiste\/Les_comp%C3%A9titions_coloniales\" target=\"_blank\" rel=\"noopener noreferrer nofollow\">A voir et \u00e0 lire. <\/a><span><\/span>.}<br \/>|{,<a href=\"https:\/\/www.kobo.com\/fr\/fr\/ebook\/actualite-du-compromis\" target=\"_blank\" rel=\"noopener noreferrer nofollow\">Ouvrage <\/a><span><\/span>. A emprunter en biblioth\u00e8que.}<br \/>|{,<a href=\"https:\/\/booknode.com\/amours_au_temps_du_communisme_084504\" target=\"_blank\" rel=\"noopener noreferrer nofollow\">Le livre <\/a><span><\/span>. Disponible dans toutes les bonnes librairies.}<br \/>|{,<a href=\"https:\/\/www.kobo.com\/fr\/fr\/ebook\/analyse-de-la-politique-de-l-education\" target=\"_blank\" rel=\"noopener noreferrer nofollow\">Clicker Ici <\/a><span><\/span>.}<br \/>|{,<a href=\"https:\/\/www.kobo.com\/fr\/fr\/ebook\/analyse-politique-de-la-biographie-du-prophete-mohamed-paix-et-salut-sur-lui\" target=\"_blank\" rel=\"noopener noreferrer nofollow\">A voir et \u00e0 lire. <\/a><span><\/span>.}<br \/>|{,<a href=\"https:\/\/fr.wikisource.org\/wiki\/Anarchie_et_Communisme\" target=\"_blank\" rel=\"noopener noreferrer nofollow\">Ouvrage <\/a><span><\/span>.}<br \/>|{,<a href=\"https:\/\/fr.wikisource.org\/wiki\/Anarchie_et_Socialisme\" target=\"_blank\" rel=\"noopener noreferrer nofollow\">Le livre <\/a><span><\/span>.}<br \/>|{,<a href=\"https:\/\/fr.wikisource.org\/wiki\/Anarchie_et_Socialisme\" target=\"_blank\" rel=\"noopener noreferrer nofollow\">(la couverture) <\/a><span><\/span>.}<br \/>|{,<a href=\"https:\/\/www.kobo.com\/fr\/fr\/ebook\/anatomie-politique-de-la-domination\" target=\"_blank\" rel=\"noopener noreferrer nofollow\">Le livre <\/a><span><\/span>. Disponible dans toutes les bonnes librairies.}<br \/>|{,<a href=\"https:\/\/fr.wikisource.org\/wiki\/Anna_Kar%C3%A9nine_(trad._Bienstock)\/I\/26\" target=\"_blank\" rel=\"noopener noreferrer nofollow\">Clicker Ici <\/a><span><\/span>.}<br \/>|{,<a href=\"https:\/\/fr.wikisource.org\/wiki\/Anna_Kar%C3%A9nine_(trad._Bienstock)\/III\/32\" target=\"_blank\" rel=\"noopener noreferrer nofollow\">A voir et \u00e0 lire. <\/a><span><\/span>. Disponible sur internet.}<br \/>|{,<a href=\"https:\/\/fr.wikisource.org\/wiki\/Anna_Kar%C3%A9nine_(trad._Faguet)\/Partie_I\/Chapitre_26\" target=\"_blank\" rel=\"noopener noreferrer nofollow\">Ouvrage <\/a><span><\/span>. A emprunter en biblioth\u00e8que.}<br \/>|{,<a href=\"https:\/\/fr.wikisource.org\/wiki\/Anna_Kar%C3%A9nine_(trad._Faguet)\/Partie_III\/Chapitre_32\" target=\"_blank\" rel=\"noopener noreferrer nofollow\">Le livre <\/a><span><\/span>.}<br \/>|{,<a href=\"https:\/\/fr.wikisource.org\/wiki\/Anthologie_(Pierre_de_Coubertin)\" target=\"_blank\" rel=\"noopener noreferrer nofollow\">(la couverture) <\/a><span><\/span>. Disponible \u00e0 l\u2019achat sur les plateformes Amazon, Fnac, Cultura \u2026.}<br \/>|{,<a href=\"https:\/\/fr.wikisource.org\/wiki\/Anthologie_(Pierre_de_Coubertin)\/II\/XXIX\" target=\"_blank\" rel=\"noopener noreferrer nofollow\">(Disponible) <\/a><span><\/span>.}<br \/>|{,<a href=\"https:\/\/fr.wikisource.org\/wiki\/Anthologie_(Pierre_de_Coubertin)\/II\/XXVIII\" target=\"_blank\" rel=\"noopener noreferrer nofollow\">Le livre <\/a><span><\/span>.}<br \/>|{,<a href=\"https:\/\/fr.wikisource.org\/wiki\/Anthologie_(Pierre_de_Coubertin)\/II\/XXX\" target=\"_blank\" rel=\"noopener noreferrer nofollow\">livre de r\u00e9f\u00e9rence <\/a><span><\/span>.}<br \/>|{,<a href=\"https:\/\/fr.wikisource.org\/wiki\/Anthologie_des_po%C3%A8tes_fran%C3%A7ais_contemporains\/Louis_M%C3%A9nard\" target=\"_blank\" rel=\"noopener noreferrer nofollow\">(la couverture) <\/a><span><\/span>.}<br \/>|{,<a href=\"https:\/\/www.kobo.com\/fr\/fr\/ebook\/anthropologie-politique-de-la-globalisation\" target=\"_blank\" rel=\"noopener noreferrer nofollow\">(Disponible) <\/a><span><\/span>. Disponible chez votre libraire.}<br \/>|{,<a href=\"https:\/\/fr.wikisource.org\/wiki\/Antoinette\/20\" target=\"_blank\" rel=\"noopener noreferrer nofollow\">Le livre <\/a><span><\/span>. Disponible dans toutes les bonnes librairies.}<br \/>|{,<a href=\"https:\/\/fr.wikisource.org\/wiki\/Association_du_capital_et_du_travail\/Section_IX\" target=\"_blank\" rel=\"noopener noreferrer nofollow\">A voir et \u00e0 lire. <\/a><span><\/span>.}<br \/>|{,<a href=\"https:\/\/fr.wikisource.org\/wiki\/Au_caf%C3%A9\" target=\"_blank\" rel=\"noopener noreferrer nofollow\">Ouvrage <\/a><span><\/span>. A emprunter en biblioth\u00e8que.}<br \/>|{,<a href=\"https:\/\/fr.wikisource.org\/wiki\/Au_Congr%C3%A8s_d%E2%80%99Amsterdam\" target=\"_blank\" rel=\"noopener noreferrer nofollow\">Le livre <\/a><span><\/span>. Disponible dans toutes les bonnes librairies.}<br \/>|{,<a href=\"https:\/\/fr.wikisource.org\/wiki\/Au_fait,_au_fait_!!!_Interpr%C3%A9tation_de_l%E2%80%99id%C3%A9e_d%C3%A9mocratique\/14\" target=\"_blank\" rel=\"noopener noreferrer nofollow\">Clicker Ici <\/a><span><\/span>.}<br \/>|{,<a href=\"https:\/\/fr.wikisource.org\/wiki\/Au_Seuil_du_si%C3%A8cle\" target=\"_blank\" rel=\"noopener noreferrer nofollow\">A voir et \u00e0 lire. <\/a><span><\/span>. Disponible sur internet.}<br \/>|{,<a href=\"https:\/\/fr.wikisource.org\/wiki\/Au_Seuil_du_si%C3%A8cle\/1\" target=\"_blank\" rel=\"noopener noreferrer nofollow\">Ouvrage <\/a><span><\/span>. A emprunter en biblioth\u00e8que.}<br \/>|{,<a href=\"https:\/\/fr.wikisource.org\/wiki\/Au_Seuil_du_si%C3%A8cle\/Avant-propos\" target=\"_blank\" rel=\"noopener noreferrer nofollow\">Le livre <\/a><span><\/span>.}<br \/>|{,<a href=\"https:\/\/fr.wikisource.org\/wiki\/Auteur:Adolphe_Franck\" target=\"_blank\" rel=\"noopener noreferrer nofollow\">(la couverture) <\/a><span><\/span>. Disponible \u00e0 l\u2019achat sur les plateformes Amazon, Fnac, Cultura \u2026.}<br \/>|{,<a href=\"https:\/\/fr.wikisource.org\/wiki\/Auteur:Alexandre_Cohen\" target=\"_blank\" rel=\"noopener noreferrer nofollow\">Le livre <\/a><span><\/span>.}<br \/>|{,<a href=\"https:\/\/fr.wikisource.org\/wiki\/Auteur:Alfred_Fouill%C3%A9e\" target=\"_blank\" rel=\"noopener noreferrer nofollow\">Clicker Ici <\/a><span><\/span>.}<br \/>|{,<a href=\"https:\/\/fr.wikisource.org\/wiki\/Auteur:Alfred_Maury\" target=\"_blank\" rel=\"noopener noreferrer nofollow\">A voir et \u00e0 lire. <\/a><span><\/span>.}<br \/>|{,<a href=\"https:\/\/fr.wikisource.org\/wiki\/Auteur:Anatole_Baju\" target=\"_blank\" rel=\"noopener noreferrer nofollow\">Ouvrage <\/a><span><\/span>.}<br \/>|{,<a href=\"https:\/\/fr.wikisource.org\/wiki\/Auteur:Anatole_Leroy-Beaulieu\" target=\"_blank\" rel=\"noopener noreferrer nofollow\">Le livre <\/a><span><\/span>. Ouvrage de r\u00e9f\u00e9rence.}<br \/>|{,<a href=\"https:\/\/fr.wikisource.org\/wiki\/Auteur:Anatoli_Lounatcharski\" target=\"_blank\" rel=\"noopener noreferrer nofollow\">(la couverture) <\/a><span><\/span>. Disponible \u00e0 l\u2019achat sur les plateformes Amazon, Fnac, Cultura \u2026.}<br \/>|{,<a href=\"https:\/\/fr.wikisource.org\/wiki\/Auteur:Andr%C3%A9_L%C3%A9o\" target=\"_blank\" rel=\"noopener noreferrer nofollow\">(Disponible) <\/a><span><\/span>.}<br \/>|{,<a href=\"https:\/\/fr.wikisource.org\/wiki\/Auteur:Andr%C3%A9_Lichtenberger\" target=\"_blank\" rel=\"noopener noreferrer nofollow\">Le livre <\/a><span><\/span>.}<br \/>|{,<a href=\"https:\/\/fr.wikisource.org\/wiki\/Auteur:Antonio_Labriola\" target=\"_blank\" rel=\"noopener noreferrer nofollow\">livre de r\u00e9f\u00e9rence <\/a><span><\/span>. Disponible \u00e0 la FNAC.}<br \/>|{,<a href=\"https:\/\/fr.wikisource.org\/wiki\/Auteur:Arthur_Desjardins\" target=\"_blank\" rel=\"noopener noreferrer nofollow\">(la couverture) <\/a><span><\/span>.}<br \/>|{,<a href=\"https:\/\/fr.wikisource.org\/wiki\/Auteur:Augustin_Filon\" target=\"_blank\" rel=\"noopener noreferrer nofollow\">(Disponible) <\/a><span><\/span>.}<br \/>|{,<a href=\"https:\/\/fr.wikisource.org\/wiki\/Auteur:Benjamin_Tucker\" target=\"_blank\" rel=\"noopener noreferrer nofollow\">Le livre <\/a><span><\/span>.}<br \/>|{,<a href=\"https:\/\/fr.wikisource.org\/wiki\/Auteur:Beno%C3%AEt_Malon\" target=\"_blank\" rel=\"noopener noreferrer nofollow\">A voir et \u00e0 lire. <\/a><span><\/span>.}<br \/>|{,<a href=\"https:\/\/fr.wikisource.org\/wiki\/Auteur:Carlo_Cafiero\" target=\"_blank\" rel=\"noopener noreferrer nofollow\">Ouvrage <\/a><span><\/span>.}<br \/>|{,<a href=\"https:\/\/fr.wikisource.org\/wiki\/Auteur:Charles_De_Koninck\" target=\"_blank\" rel=\"noopener noreferrer nofollow\">Le livre <\/a><span><\/span>.}<br \/>|{,<a href=\"https:\/\/fr.wikisource.org\/wiki\/Auteur:Charles_de_Mazade\" target=\"_blank\" rel=\"noopener noreferrer nofollow\">Clicker Ici <\/a><span><\/span>.}<br \/>|{,<a href=\"https:\/\/fr.wikisource.org\/wiki\/Auteur:Charles_de_R%C3%A9musat\" target=\"_blank\" rel=\"noopener noreferrer nofollow\">A voir et \u00e0 lire. <\/a><span><\/span>.}<br \/>|{,<a href=\"https:\/\/fr.wikisource.org\/wiki\/Auteur:Charles_de_Varigny\" target=\"_blank\" rel=\"noopener noreferrer nofollow\">Ouvrage <\/a><span><\/span>. A emprunter en biblioth\u00e8que.}<br \/>|{,<a href=\"https:\/\/fr.wikisource.org\/wiki\/Auteur:Charles_Grad\" target=\"_blank\" rel=\"noopener noreferrer nofollow\">Le livre <\/a><span><\/span>.}<br \/>|{,<a href=\"https:\/\/fr.wikisource.org\/wiki\/Auteur:Charles_Henry\" target=\"_blank\" rel=\"noopener noreferrer nofollow\">(la couverture) <\/a><span><\/span>.}<br \/>|{,<a href=\"https:\/\/fr.wikisource.org\/wiki\/Auteur:Edmond_Villey\" target=\"_blank\" rel=\"noopener noreferrer nofollow\">Le livre <\/a><span><\/span>. Disponible dans toutes les bonnes librairies.}<br \/>|{,<a href=\"https:\/\/fr.wikisource.org\/wiki\/Auteur:%C3%89douard_Guyot\" target=\"_blank\" rel=\"noopener noreferrer nofollow\">Clicker Ici <\/a><span><\/span>.}<br \/>|{,<a href=\"https:\/\/fr.wikisource.org\/wiki\/Auteur:%C3%89lie_Hal%C3%A9vy\" target=\"_blank\" rel=\"noopener noreferrer nofollow\">A voir et \u00e0 lire. <\/a><span><\/span>.}<br \/>|{,<a href=\"https:\/\/fr.wikisource.org\/wiki\/Auteur:%C3%89liphas_L%C3%A9vi\" target=\"_blank\" rel=\"noopener noreferrer nofollow\">Ouvrage <\/a><span><\/span>. A emprunter en biblioth\u00e8que.}<br \/>|{,<a href=\"https:\/\/fr.wikisource.org\/wiki\/Auteur:%C3%89lis%C3%A9e_Reclus\" target=\"_blank\" rel=\"noopener noreferrer nofollow\">Le livre <\/a><span><\/span>.}<br \/>|{,<a href=\"https:\/\/fr.wikisource.org\/wiki\/Auteur:%C3%89mile_de_Laveleye\" target=\"_blank\" rel=\"noopener noreferrer nofollow\">(la couverture) <\/a><span><\/span>. Disponible \u00e0 l\u2019achat sur les plateformes Amazon, Fnac, Cultura \u2026.}<br \/>|{,<a href=\"https:\/\/fr.wikisource.org\/wiki\/Auteur:%C3%89mile_Mont%C3%A9gut\" target=\"_blank\" rel=\"noopener noreferrer nofollow\">(Disponible) <\/a><span><\/span>.}<br \/>|{,<a href=\"https:\/\/fr.wikisource.org\/wiki\/Auteur:%C3%89mile_Saisset\" target=\"_blank\" rel=\"noopener noreferrer nofollow\">Le livre <\/a><span><\/span>. Disponible \u00e0 CULTURA.}<br \/>|{,<a href=\"https:\/\/fr.wikisource.org\/wiki\/Auteur:%C3%89mile_Vandervelde\" target=\"_blank\" rel=\"noopener noreferrer nofollow\">livre de r\u00e9f\u00e9rence <\/a><span><\/span>.}<br \/>|{,<a href=\"https:\/\/fr.wikisource.org\/wiki\/Auteur:Emma_Goldman\" target=\"_blank\" rel=\"noopener noreferrer nofollow\">(la couverture) <\/a><span><\/span>. Disponible Sur AMAZON.}<br \/>|{,<a href=\"https:\/\/fr.wikisource.org\/wiki\/Auteur:Emmanuel_Mounier\" target=\"_blank\" rel=\"noopener noreferrer nofollow\">(Disponible) <\/a><span><\/span>.}<br \/>|{,<a href=\"https:\/\/fr.wikisource.org\/wiki\/Auteur:Eug%C3%A8ne_d%E2%80%99Eichthal\" target=\"_blank\" rel=\"noopener noreferrer nofollow\">Le livre <\/a><span><\/span>.}<br \/>|{,<a href=\"https:\/\/fr.wikisource.org\/wiki\/Auteur:Eug%C3%A8ne_Forcade\" target=\"_blank\" rel=\"noopener noreferrer nofollow\">A voir et \u00e0 lire. <\/a><span><\/span>.}<br \/>|{,<a href=\"https:\/\/fr.wikisource.org\/wiki\/Auteur:Eug%C3%A8ne_Sue\" target=\"_blank\" rel=\"noopener noreferrer nofollow\">Ouvrage <\/a><span><\/span>.}<br \/>|{,<a href=\"https:\/\/fr.wikisource.org\/wiki\/Auteur:Fr%C3%A9d%C3%A9ric_Bastiat\" target=\"_blank\" rel=\"noopener noreferrer nofollow\">Le livre <\/a><span><\/span>. Disponible dans toutes les bonnes librairies.}<br \/>|{,<a href=\"https:\/\/fr.wikisource.org\/wiki\/Auteur:Fr%C3%A9d%C3%A9ric_Bastiat\" target=\"_blank\" rel=\"noopener noreferrer nofollow\">Clicker Ici <\/a><span><\/span>.}<br \/>|{,<a href=\"https:\/\/fr.wikisource.org\/wiki\/Auteur:Fr%C3%A9d%C3%A9ric_Ozanam\" target=\"_blank\" rel=\"noopener noreferrer nofollow\">A voir et \u00e0 lire. <\/a><span><\/span>.}<br \/>|{,<a href=\"https:\/\/fr.wikisource.org\/wiki\/Auteur:Friedrich_Engels\" target=\"_blank\" rel=\"noopener noreferrer nofollow\">Ouvrage <\/a><span><\/span>.}<br \/>|{,<a href=\"https:\/\/fr.wikisource.org\/wiki\/Auteur:Friedrich_Engels\" target=\"_blank\" rel=\"noopener noreferrer nofollow\">Le livre <\/a><span><\/span>. Ouvrage de r\u00e9f\u00e9rence.}<br \/>|{,<a href=\"https:\/\/fr.wikisource.org\/wiki\/Auteur:Gaston_Richard\" target=\"_blank\" rel=\"noopener noreferrer nofollow\">(la couverture) <\/a><span><\/span>.}<br \/>|{,<a href=\"https:\/\/fr.wikisource.org\/wiki\/Auteur:George_Bernard_Shaw\" target=\"_blank\" rel=\"noopener noreferrer nofollow\">Le livre <\/a><span><\/span>.}<br \/>|{,<a href=\"https:\/\/fr.wikisource.org\/wiki\/Auteur:George_Sand\" target=\"_blank\" rel=\"noopener noreferrer nofollow\">Clicker Ici <\/a><span><\/span>.}<br \/>|{,<a href=\"https:\/\/fr.wikisource.org\/wiki\/Auteur:George_Sand\" target=\"_blank\" rel=\"noopener noreferrer nofollow\">A voir et \u00e0 lire. <\/a><span><\/span>. Disponible sur internet.}<br \/>|{,<a href=\"https:\/\/fr.wikisource.org\/wiki\/Auteur:Georges_Cogniot\" target=\"_blank\" rel=\"noopener noreferrer nofollow\">Ouvrage <\/a><span><\/span>.}<br \/>|{,<a href=\"https:\/\/fr.wikisource.org\/wiki\/Auteur:Georges_Picot\" target=\"_blank\" rel=\"noopener noreferrer nofollow\">Le livre <\/a><span><\/span>. Ouvrage de r\u00e9f\u00e9rence.}<br \/>|{,<a href=\"https:\/\/fr.wikisource.org\/wiki\/Auteur:Georges_Sorel\" target=\"_blank\" rel=\"noopener noreferrer nofollow\">(la couverture) <\/a><span><\/span>.}<br \/>|{,<a href=\"https:\/\/fr.wikisource.org\/wiki\/Auteur:Gustave_Gautherot\" target=\"_blank\" rel=\"noopener noreferrer nofollow\">(Disponible) <\/a><span><\/span>. Disponible chez votre libraire.}<br \/>|{,<a href=\"https:\/\/fr.wikisource.org\/wiki\/Auteur:Gustave_Le_Bon\" target=\"_blank\" rel=\"noopener noreferrer nofollow\">Le livre <\/a><span><\/span>.}<br \/>|{,<a href=\"https:\/\/fr.wikisource.org\/wiki\/Auteur:Henriette_Hamon\" target=\"_blank\" rel=\"noopener noreferrer nofollow\">livre de r\u00e9f\u00e9rence <\/a><span><\/span>.}<br \/>|{,<a href=\"https:\/\/fr.wikisource.org\/wiki\/Auteur:Jean_Allemane\" target=\"_blank\" rel=\"noopener noreferrer nofollow\">(la couverture) <\/a><span><\/span>. Disponible Sur AMAZON.}<br \/>|{,<a href=\"https:\/\/fr.wikisource.org\/wiki\/Auteur:Jean_Bourdeau\" target=\"_blank\" rel=\"noopener noreferrer nofollow\">(Disponible) <\/a><span><\/span>.}<br \/>|{,<a href=\"https:\/\/fr.wikisource.org\/wiki\/Auteur:Jean_Bourdeau\" target=\"_blank\" rel=\"noopener noreferrer nofollow\">Le livre <\/a><span><\/span>. Disponible dans toutes les bonnes librairies.}<br \/>|{,<a href=\"https:\/\/fr.wikisource.org\/wiki\/Auteur:Joseph_d%E2%80%99Haussonville\" target=\"_blank\" rel=\"noopener noreferrer nofollow\">A voir et \u00e0 lire. <\/a><span><\/span>.}<br \/>|{,<a href=\"https:\/\/fr.wikisource.org\/wiki\/Auteur:Joseph_Dietzgen\" target=\"_blank\" rel=\"noopener noreferrer nofollow\">Ouvrage <\/a><span><\/span>. A emprunter en biblioth\u00e8que.}<br \/>|{,<a href=\"https:\/\/fr.wikisource.org\/wiki\/Auteur:Jules_Destr%C3%A9e\" target=\"_blank\" rel=\"noopener noreferrer nofollow\">Le livre <\/a><span><\/span>.}<br \/>|{,<a href=\"https:\/\/fr.wikisource.org\/wiki\/Auteur:Jules_Guesde\" target=\"_blank\" rel=\"noopener noreferrer nofollow\">Clicker Ici <\/a><span><\/span>. Disponible dans toutes les bonnes biblioth\u00e8ques de votre d\u00e9partement.}<br \/>|{,<a href=\"https:\/\/fr.wikisource.org\/wiki\/Auteur:L%C3%A9on_Blum\" target=\"_blank\" rel=\"noopener noreferrer nofollow\">A voir et \u00e0 lire. <\/a><span><\/span>. Disponible sur internet.}<br \/>|{,<a href=\"https:\/\/fr.wikisource.org\/wiki\/Auteur:L%C3%A9on_Denis\" target=\"_blank\" rel=\"noopener noreferrer nofollow\">Ouvrage <\/a><span><\/span>. A emprunter en biblioth\u00e8que.}<br \/>|{,<a href=\"https:\/\/fr.wikisource.org\/wiki\/Auteur:L%C3%A9on_Trotsky\" target=\"_blank\" rel=\"noopener noreferrer nofollow\">Le livre <\/a><span><\/span>. Ouvrage de r\u00e9f\u00e9rence.}<br \/>|{,<a href=\"https:\/\/fr.wikisource.org\/wiki\/Auteur:Louis_Reybaud\" target=\"_blank\" rel=\"noopener noreferrer nofollow\">(la couverture) <\/a><span><\/span>. Disponible \u00e0 l\u2019achat sur les plateformes Amazon, Fnac, Cultura \u2026.}<br \/>|{,<a href=\"https:\/\/fr.wikisource.org\/wiki\/Auteur:Louis_Wuarin\" target=\"_blank\" rel=\"noopener noreferrer nofollow\">Le livre <\/a><span><\/span>.}<br \/>|{,<a href=\"https:\/\/fr.wikisource.org\/wiki\/Auteur:Lucien_de_Vissec\" target=\"_blank\" rel=\"noopener noreferrer nofollow\">Clicker Ici <\/a><span><\/span>.}<br \/>|{,<a href=\"https:\/\/fr.wikisource.org\/wiki\/Auteur:Madeleine_Pelletier\" target=\"_blank\" rel=\"noopener noreferrer nofollow\">A voir et \u00e0 lire. <\/a><span><\/span>.}<br \/>|{,<a href=\"https:\/\/fr.wikisource.org\/wiki\/Auteur:Marc_Semenoff\" target=\"_blank\" rel=\"noopener noreferrer nofollow\">Ouvrage <\/a><span><\/span>.}<br \/>|{,<a href=\"https:\/\/fr.wikisource.org\/wiki\/Auteur:Marin_Ferraz\" target=\"_blank\" rel=\"noopener noreferrer nofollow\">Le livre <\/a><span><\/span>.}<br \/>|{,<a href=\"https:\/\/fr.wikisource.org\/wiki\/Auteur:Maurice_Block\" target=\"_blank\" rel=\"noopener noreferrer nofollow\">(la couverture) <\/a><span><\/span>.}<br \/>|{,<a href=\"https:\/\/fr.wikisource.org\/wiki\/Auteur:Michel_Bakounine\" target=\"_blank\" rel=\"noopener noreferrer nofollow\">(la couverture) <\/a><span><\/span>.}<br \/>|{,<a href=\"https:\/\/fr.wikisource.org\/wiki\/Auteur:Michel_Chevalier\" target=\"_blank\" rel=\"noopener noreferrer nofollow\">(la couverture) <\/a><span><\/span>. Disponible \u00e0 l\u2019achat sur les plateformes Amazon, Fnac, Cultura \u2026.}<br \/>|{,<a href=\"https:\/\/fr.wikisource.org\/wiki\/Auteur:Nikola%C3%AF_Berdiaev\" target=\"_blank\" rel=\"noopener noreferrer nofollow\">(la couverture) <\/a><span><\/span>. Disponible \u00e0 l\u2019achat sur les plateformes Amazon, Fnac, Cultura \u2026.}<br \/>|{,<a href=\"https:\/\/fr.wikisource.org\/wiki\/Auteur:Nikola%C3%AF_Boukharine\" target=\"_blank\" rel=\"noopener noreferrer nofollow\">(la couverture) <\/a><span><\/span>.}<br \/>|{,<a href=\"https:\/\/fr.wikisource.org\/wiki\/Auteur:Nikola%C3%AF_Boukharine\" target=\"_blank\" rel=\"noopener noreferrer nofollow\">(la couverture) <\/a><span><\/span>. Disponible \u00e0 l\u2019achat sur les plateformes Amazon, Fnac, Cultura \u2026.}<br \/>|{,<a href=\"https:\/\/fr.wikisource.org\/wiki\/Auteur:Otto_Maschl\" target=\"_blank\" rel=\"noopener noreferrer nofollow\">(la couverture) <\/a><span><\/span>.}<br \/>|{,<a href=\"https:\/\/fr.wikisource.org\/wiki\/Auteur:Paul_Janet\" target=\"_blank\" rel=\"noopener noreferrer nofollow\">(la couverture) <\/a><span><\/span>.}<br \/>|{,<a href=\"https:\/\/fr.wikisource.org\/wiki\/Auteur:Paul_Lafargue\" target=\"_blank\" rel=\"noopener noreferrer nofollow\">(la couverture) <\/a><span><\/span>.}<br \/>|{,<a href=\"https:\/\/fr.wikisource.org\/wiki\/Auteur:Paul_Merruau\" target=\"_blank\" rel=\"noopener noreferrer nofollow\">(la couverture) <\/a><span><\/span>.}<br \/>|{,<a href=\"https:\/\/fr.wikisource.org\/wiki\/Auteur:Paul-Gabriel_d%E2%80%99Haussonville\" target=\"_blank\" rel=\"noopener noreferrer nofollow\">(la couverture) <\/a><span><\/span>. Disponible \u00e0 l\u2019achat sur les plateformes Amazon, Fnac, Cultura \u2026.}<br \/>|{,<a href=\"https:\/\/fr.wikisource.org\/wiki\/Auteur:Pierre_Drieu_La_Rochelle\" target=\"_blank\" rel=\"noopener noreferrer nofollow\">(la couverture) <\/a><span><\/span>. Disponible \u00e0 l\u2019achat sur les plateformes Amazon, Fnac, Cultura \u2026.}<br \/>|{,<a href=\"https:\/\/fr.wikisource.org\/wiki\/Auteur:Pierre_Kropotkine\" target=\"_blank\" rel=\"noopener noreferrer nofollow\">(la couverture) <\/a><span><\/span>. Disponible \u00e0 l\u2019achat sur les plateformes Amazon, Fnac, Cultura \u2026.}<br \/>|{,<a href=\"https:\/\/fr.wikisource.org\/wiki\/Auteur:Pierre_Kropotkine\" target=\"_blank\" rel=\"noopener noreferrer nofollow\">(la couverture) <\/a><span><\/span>. Disponible \u00e0 l\u2019achat sur les plateformes Amazon, Fnac, Cultura \u2026.}<br \/>|{,<a href=\"https:\/\/fr.wikisource.org\/wiki\/Auteur:Pierre_Leroux\" target=\"_blank\" rel=\"noopener noreferrer nofollow\">(la couverture) <\/a><span><\/span>.}<br \/>|{,<a href=\"https:\/\/fr.wikisource.org\/wiki\/Auteur:Pierre_Monatte\" target=\"_blank\" rel=\"noopener noreferrer nofollow\">(la couverture) <\/a><span><\/span>.}<br \/>|{,<a href=\"https:\/\/fr.wikisource.org\/wiki\/Auteur:Pierre_Ramus\" target=\"_blank\" rel=\"noopener noreferrer nofollow\">(la couverture) <\/a><span><\/span>.}<br \/>|{,<a href=\"https:\/\/fr.wikisource.org\/wiki\/Auteur:Ricardo_Flores_Magon\" target=\"_blank\" rel=\"noopener noreferrer nofollow\">(la couverture) <\/a><span><\/span>.}<br \/>|{,<a href=\"https:\/\/fr.wikisource.org\/wiki\/Auteur:Saint-Ren%C3%A9_Taillandier\" target=\"_blank\" rel=\"noopener noreferrer nofollow\">(la couverture) <\/a><span><\/span>.}<br \/>|{,<a href=\"https:\/\/fr.wikisource.org\/wiki\/Auteur:S%C3%A9bastien_Faure\" target=\"_blank\" rel=\"noopener noreferrer nofollow\">(la couverture) <\/a><span><\/span>.}<br \/>|{,<a href=\"https:\/\/fr.wikisource.org\/wiki\/Auteur:Th%C3%A9odore_D%C3%A9zamy\" target=\"_blank\" rel=\"noopener noreferrer nofollow\">(la couverture) <\/a><span><\/span>.}<br \/>|{,<a href=\"https:\/\/fr.wikisource.org\/wiki\/Auteur:Th%C3%A9r%C3%A8se_Bentzon\" target=\"_blank\" rel=\"noopener noreferrer nofollow\">(la couverture) <\/a><span><\/span>.}<br \/>|{,<a href=\"https:\/\/fr.wikisource.org\/wiki\/Auteur:Urbain_Gohier\" target=\"_blank\" rel=\"noopener noreferrer nofollow\">(la couverture) <\/a><span><\/span>.}<br \/>|{,<a href=\"https:\/\/fr.wikisource.org\/wiki\/Auteur:Victor_Cherbuliez\" target=\"_blank\" rel=\"noopener noreferrer nofollow\">(la couverture) <\/a><span><\/span>.}<br \/>|{,<a href=\"https:\/\/fr.wikisource.org\/wiki\/Auteur:William_Morris\" target=\"_blank\" rel=\"noopener noreferrer nofollow\">(la couverture) <\/a><span><\/span>.}<br \/>|{,<a href=\"https:\/\/fr.wikisource.org\/wiki\/Auteur:Yves_Guyot\" target=\"_blank\" rel=\"noopener noreferrer nofollow\">(la couverture) <\/a><span><\/span>.}<br \/>|{,<a href=\"https:\/\/www.kobo.com\/fr\/fr\/ebook\/autocensure-et-compromis-dans-la-pensee-politique-de-kant\" target=\"_blank\" rel=\"noopener noreferrer nofollow\">(la couverture) <\/a><span><\/span>.}<br \/>|{,<a href=\"https:\/\/fr.wikisource.org\/wiki\/Aux_jeunes_gens_(Deherme)\" target=\"_blank\" rel=\"noopener noreferrer nofollow\">(la couverture) <\/a><span><\/span>. Disponible \u00e0 l\u2019achat sur les plateformes Amazon, Fnac, Cultura \u2026.}<br \/>|{,<a href=\"https:\/\/booknode.com\/aux_origines_disrael_entre_nationalisme_et_socialisme_027107\" target=\"_blank\" rel=\"noopener noreferrer nofollow\">(la couverture) <\/a><span><\/span>.}<br \/>|{,<a href=\"https:\/\/fr.wikisource.org\/wiki\/Baccalaur%C3%A9at_et_socialisme\" target=\"_blank\" rel=\"noopener noreferrer nofollow\">(la couverture) <\/a><span><\/span>.}<br \/>|{,<a href=\"https:\/\/fr.wikisource.org\/wiki\/Baccalaur%C3%A9at_et_socialisme\" target=\"_blank\" rel=\"noopener noreferrer nofollow\">(la couverture) <\/a><span><\/span>. Disponible \u00e0 l\u2019achat sur les plateformes Amazon, Fnac, Cultura \u2026.}<br \/>|{,<a href=\"https:\/\/fr.wikisource.org\/wiki\/Bakounine\/%C5%92uvres\" target=\"_blank\" rel=\"noopener noreferrer nofollow\">(la couverture) <\/a><span><\/span>. Disponible \u00e0 l\u2019achat sur les plateformes Amazon, Fnac, Cultura \u2026.}<br \/>|{,<a href=\"https:\/\/fr.wikisource.org\/wiki\/Bakounine\/%C5%92uvres\/Tome_I\" target=\"_blank\" rel=\"noopener noreferrer nofollow\">(la couverture) <\/a><span><\/span>.}<br \/>|{,<a href=\"https:\/\/fr.wikisource.org\/wiki\/Bakounine\/%C5%92uvres\/Tome_I\/Introduction\" target=\"_blank\" rel=\"noopener noreferrer nofollow\">(la couverture) <\/a><span><\/span>.}<br \/>|{,<a href=\"https:\/\/fr.wikisource.org\/wiki\/Bakounine\/%C5%92uvres\/TomeIV2\" target=\"_blank\" rel=\"noopener noreferrer nofollow\">(la couverture) <\/a><span><\/span>.}<br \/>|{,<a href=\"https:\/\/fr.wikisource.org\/wiki\/Bakounine\/%C5%92uvres\/TomeIV3\" target=\"_blank\" rel=\"noopener noreferrer nofollow\">(la couverture) <\/a><span><\/span>.}<br \/>|{,<a href=\"https:\/\/fr.wikisource.org\/wiki\/Bakounine\/%C5%92uvres\/TomeIV3\" target=\"_blank\" rel=\"noopener noreferrer nofollow\">(la couverture) <\/a><span><\/span>.}<br \/>|{,<a href=\"https:\/\/fr.wikisource.org\/wiki\/Bakounine\/%C5%92uvres\/TomeV\/Articles_%C3%A9crits_pour_le_journal_l%E2%80%99%C3%89galit%C3%A9\" target=\"_blank\" rel=\"noopener noreferrer nofollow\">(la couverture) <\/a><span><\/span>.}<br \/>|{,<a href=\"https:\/\/fr.wikisource.org\/wiki\/Bakounine\/%C5%92uvres\/TomeV\/Aux_citoyens_r%C3%A9dacteurs_du_R%C3%A9veil_-_Avant-propos\" target=\"_blank\" rel=\"noopener noreferrer nofollow\">(la couverture) <\/a><span><\/span>. Disponible \u00e0 l\u2019achat sur les plateformes Amazon, Fnac, Cultura \u2026.}<br \/>|{,<a href=\"https:\/\/fr.wikisource.org\/wiki\/Bakounine\/%C5%92uvres\/TomeVI4\" target=\"_blank\" rel=\"noopener noreferrer nofollow\">(la couverture) <\/a><span><\/span>.}<br \/>|{,<a href=\"https:\/\/fr.wikisource.org\/wiki\/Bakounine\/%C5%92uvres\/TomeVI42\" target=\"_blank\" rel=\"noopener noreferrer nofollow\">(la couverture) <\/a><span><\/span>.}<br \/>|{,<a href=\"https:\/\/fr.wikisource.org\/wiki\/Bakounine\/%C5%92uvres\/TomeVI51\" target=\"_blank\" rel=\"noopener noreferrer nofollow\">(la couverture) <\/a><span><\/span>.}<br \/>|{,<a href=\"https:\/\/booknode.com\/bayrou_hollande_joly_le_pen_melanchon_sarkozy_leur_philosophie_0567982\" target=\"_blank\" rel=\"noopener noreferrer nofollow\">(la couverture) <\/a><span><\/span>.}<br \/>|{,<a href=\"https:\/\/www.kobo.com\/fr\/fr\/ebook\/benedictions-et-victimes-de-la-mondialisation\" target=\"_blank\" rel=\"noopener noreferrer nofollow\">(la couverture) <\/a><span><\/span>.}<br \/>|{,<a href=\"https:\/\/www.kobo.com\/fr\/fr\/ebook\/beria-7\" target=\"_blank\" rel=\"noopener noreferrer nofollow\">(la couverture) <\/a><span><\/span>.}<br \/>|{,<a href=\"https:\/\/www.kobo.com\/fr\/fr\/ebook\/bernard-lavilliers\" target=\"_blank\" rel=\"noopener noreferrer nofollow\">(la couverture) <\/a><span><\/span>.}<br \/>|{,<a href=\"https:\/\/fr.wikisource.org\/wiki\/Biblioth%C3%A8que_socialiste\" target=\"_blank\" rel=\"noopener noreferrer nofollow\">(la couverture) <\/a><span><\/span>. Disponible \u00e0 l\u2019achat sur les plateformes Amazon, Fnac, Cultura \u2026.}<br \/>|{,<a href=\"https:\/\/fr.wikisource.org\/wiki\/Bulletin_communiste\" target=\"_blank\" rel=\"noopener noreferrer nofollow\">(la couverture) <\/a><span><\/span>.}<br \/>|{,<a href=\"https:\/\/fr.wikisource.org\/wiki\/Bulletin_communiste\/1920\" target=\"_blank\" rel=\"noopener noreferrer nofollow\">(la couverture) <\/a><span><\/span>. Disponible \u00e0 l\u2019achat sur les plateformes Amazon, Fnac, Cultura \u2026.}<br \/>|{,<a href=\"https:\/\/fr.wikisource.org\/wiki\/Bulletin_communiste\/1921\" target=\"_blank\" rel=\"noopener noreferrer nofollow\">(la couverture) <\/a><span><\/span>.}<br \/>|{,<a href=\"https:\/\/fr.wikisource.org\/wiki\/Bulletin_communiste\/1922\" target=\"_blank\" rel=\"noopener noreferrer nofollow\">(la couverture) <\/a><span><\/span>.}<br \/>|{,<a href=\"https:\/\/fr.wikisource.org\/wiki\/Bulletin_communiste\/1923\" target=\"_blank\" rel=\"noopener noreferrer nofollow\">(la couverture) <\/a><span><\/span>.}<br \/>|{,<a href=\"https:\/\/fr.wikisource.org\/wiki\/Bulletin_communiste\/1925\" target=\"_blank\" rel=\"noopener noreferrer nofollow\">(la couverture) <\/a><span><\/span>. Disponible \u00e0 l\u2019achat sur les plateformes Amazon, Fnac, Cultura \u2026.}<br \/>|{,<a href=\"https:\/\/fr.wikisource.org\/wiki\/Bulletin_communiste\/1926\" target=\"_blank\" rel=\"noopener noreferrer nofollow\">(la couverture) <\/a><span><\/span>. Disponible \u00e0 l\u2019achat sur les plateformes Amazon, Fnac, Cultura \u2026.}<br \/>|{,<a href=\"https:\/\/fr.wikisource.org\/wiki\/Bulletin_communiste\/1927\" target=\"_blank\" rel=\"noopener noreferrer nofollow\">(la couverture) <\/a><span><\/span>.}<br \/>|{,<a href=\"https:\/\/fr.wikisource.org\/wiki\/Bulletin_communiste\/1928\" target=\"_blank\" rel=\"noopener noreferrer nofollow\">(la couverture) <\/a><span><\/span>. Disponible \u00e0 l\u2019achat sur les plateformes Amazon, Fnac, Cultura \u2026.}<br \/>|{,<a href=\"https:\/\/fr.wikisource.org\/wiki\/Bulletin_communiste\/1929\" target=\"_blank\" rel=\"noopener noreferrer nofollow\">(la couverture) <\/a><span><\/span>.}<br \/>|{,<a href=\"https:\/\/fr.wikisource.org\/wiki\/Cahiers_de_la_Quinzaine\" target=\"_blank\" rel=\"noopener noreferrer nofollow\">(la couverture) <\/a><span><\/span>. Disponible \u00e0 l\u2019achat sur les plateformes Amazon, Fnac, Cultura \u2026.}<br \/>|{,<a href=\"https:\/\/fr.wikisource.org\/wiki\/Cahiers_du_Cercle_Proudhon\/1\/Notes\" target=\"_blank\" rel=\"noopener noreferrer nofollow\">(la couverture) <\/a><span><\/span>. Disponible \u00e0 l\u2019achat sur les plateformes Amazon, Fnac, Cultura \u2026.}<br \/>|{,<a href=\"https:\/\/fr.wikisource.org\/wiki\/Cahiers_du_Cercle_Proudhon\/2\/La_Philosophie_de_Georges_Sorel\" target=\"_blank\" rel=\"noopener noreferrer nofollow\">(la couverture) <\/a><span><\/span>.}<br \/>|{,<a href=\"https:\/\/fr.wikisource.org\/wiki\/Cahiers_du_Cercle_Proudhon\/3-4\/Hommage_%C3%A0_Georges_Sorel\/Grandes_rectifications_sor%C3%A9liennes\" target=\"_blank\" rel=\"noopener noreferrer nofollow\">(la couverture) <\/a><span><\/span>. Disponible \u00e0 l\u2019achat sur les plateformes Amazon, Fnac, Cultura \u2026.}<br \/>|{,<a href=\"https:\/\/fr.wikisource.org\/wiki\/Capital_et_travail\" target=\"_blank\" rel=\"noopener noreferrer nofollow\">(la couverture) <\/a><span><\/span>. Disponible \u00e0 l\u2019achat sur les plateformes Amazon, Fnac, Cultura \u2026.}<br \/>|{,<a href=\"https:\/\/fr.wikisource.org\/wiki\/Capital_et_travail\/Introduction\" target=\"_blank\" rel=\"noopener noreferrer nofollow\">(la couverture) <\/a><span><\/span>.}<br \/>|{,<a href=\"https:\/\/fr.wikisource.org\/wiki\/Capital_et_travail\/Introduction\" target=\"_blank\" rel=\"noopener noreferrer nofollow\">(la couverture) <\/a><span><\/span>.}<br \/>|{,<a href=\"https:\/\/booknode.com\/ce_gros_mot_de_communisme_03436354\" target=\"_blank\" rel=\"noopener noreferrer nofollow\">(la couverture) <\/a><span><\/span>.}<br \/>|{,<a href=\"https:\/\/fr.wikisource.org\/wiki\/Ce_qu%E2%80%99on_voit_et_ce_qu%E2%80%99on_ne_voit_pas\/Chapitre_12\" target=\"_blank\" rel=\"noopener noreferrer nofollow\">(la couverture) <\/a><span><\/span>.}<br \/>|{,<a href=\"https:\/\/www.kobo.com\/fr\/fr\/ebook\/c-est-dur-d-etre-de-gauche\" target=\"_blank\" rel=\"noopener noreferrer nofollow\">(la couverture) <\/a><span><\/span>. Disponible \u00e0 l\u2019achat sur les plateformes Amazon, Fnac, Cultura \u2026.}<br \/>|{,<a href=\"https:\/\/www.kobo.com\/fr\/fr\/ebook\/charles-quint-chronique-de-sa-vie-interieure-et-de-sa-vie-politique-de-son-abdication-et-de-sa-retraite-dans-le-cloitre-de-yuste\" target=\"_blank\" rel=\"noopener noreferrer nofollow\">(la couverture) <\/a><span><\/span>. Disponible \u00e0 l\u2019achat sur les plateformes Amazon, Fnac, Cultura \u2026.}<br \/>|{,<a href=\"https:\/\/fr.wikisource.org\/wiki\/Chez_L%C3%A9nine_et_Trotski\/Pr%C3%A9face\" target=\"_blank\" rel=\"noopener noreferrer nofollow\">(la couverture) <\/a><span><\/span>. Disponible \u00e0 l\u2019achat sur les plateformes Amazon, Fnac, Cultura \u2026.}<br \/>|{,<a href=\"https:\/\/www.kobo.com\/fr\/fr\/ebook\/chomage-et-recession-et-si-c-etait-un-cadeau-du-ciel\" target=\"_blank\" rel=\"noopener noreferrer nofollow\">(la couverture) <\/a><span><\/span>.}<br \/>|{,<a href=\"https:\/\/fr.wikisource.org\/wiki\/Choses_v%C3%A9cues\" target=\"_blank\" rel=\"noopener noreferrer nofollow\">(la couverture) <\/a><span><\/span>.}<br \/>|{,<a href=\"https:\/\/booknode.com\/christianisme_et_democratie_christianisme_et_socialisme_06101\" target=\"_blank\" rel=\"noopener noreferrer nofollow\">(la couverture) <\/a><span><\/span>.}<br \/>|{,<a href=\"https:\/\/fr.wikisource.org\/wiki\/Chronique_de_la_quinzaine_-_14_d%C3%A9cembre_1899\" target=\"_blank\" rel=\"noopener noreferrer nofollow\">(la couverture) <\/a><span><\/span>.}<br \/>|{,<a href=\"https:\/\/fr.wikisource.org\/wiki\/Chronique_de_la_quinzaine_-_14_f%C3%A9vrier_1884\" target=\"_blank\" rel=\"noopener noreferrer nofollow\">(la couverture) <\/a><span><\/span>.}<br \/>|{,<a href=\"https:\/\/fr.wikisource.org\/wiki\/Chronique_de_la_quinzaine_-_14_f%C3%A9vrier_1920\" target=\"_blank\" rel=\"noopener noreferrer nofollow\">(la couverture) <\/a><span><\/span>.}<br \/>|{,<a href=\"https:\/\/fr.wikisource.org\/wiki\/Chronique_de_la_quinzaine_-_14_juin_1917\" target=\"_blank\" rel=\"noopener noreferrer nofollow\">(la couverture) <\/a><span><\/span>. Disponible \u00e0 l\u2019achat sur les plateformes Amazon, Fnac, Cultura \u2026.}<br \/>|{,<a href=\"https:\/\/fr.wikisource.org\/wiki\/Chronique_de_la_quinzaine_-_14_mars_1863\" target=\"_blank\" rel=\"noopener noreferrer nofollow\">(la couverture) <\/a><span><\/span>.}<br \/>|{,<a href=\"https:\/\/fr.wikisource.org\/wiki\/Chronique_de_la_quinzaine_-_14_octobre_1876\" target=\"_blank\" rel=\"noopener noreferrer nofollow\">(la couverture) <\/a><span><\/span>.}<br \/>|{,<a href=\"https:\/\/fr.wikisource.org\/wiki\/Chronique_de_la_quinzaine_-_30_avril_1849\" target=\"_blank\" rel=\"noopener noreferrer nofollow\">(la couverture) <\/a><span><\/span>.}<br \/>|{,<a href=\"https:\/\/fr.wikisource.org\/wiki\/Chronique_de_la_quinzaine_-_30_novembre_1894\" target=\"_blank\" rel=\"noopener noreferrer nofollow\">(la couverture) <\/a><span><\/span>.}<br \/>|{,<a href=\"https:\/\/fr.wikisource.org\/wiki\/Chronique_de_la_quinzaine_-_31_ao%C3%BBt_1907\" target=\"_blank\" rel=\"noopener noreferrer nofollow\">(la couverture) <\/a><span><\/span>. Disponible \u00e0 l\u2019achat sur les plateformes Amazon, Fnac, Cultura \u2026.}<br \/>|{,<a href=\"https:\/\/www.kobo.com\/fr\/fr\/ebook\/chronologie-politique-de-la-revolution-1789-1799\" target=\"_blank\" rel=\"noopener noreferrer nofollow\">(la couverture) <\/a><span><\/span>.}<br \/>|{,<a href=\"https:\/\/www.kobo.com\/fr\/fr\/ebook\/cia-une-histoire-politique-de-1947-a-nos-jours-1\" target=\"_blank\" rel=\"noopener noreferrer nofollow\">(la couverture) <\/a><span><\/span>.}<br \/>|{,<a href=\"https:\/\/fr.wikisource.org\/wiki\/Collectiviste_et_Anarchiste_-_Dialogue_sur_le_Socialisme_et_l%E2%80%99Individualisme\" target=\"_blank\" rel=\"noopener noreferrer nofollow\">(la couverture) <\/a><span><\/span>.}<br \/>|{,<a href=\"https:\/\/fr.wikisource.org\/wiki\/Comment_je_suis_devenu_socialiste\" target=\"_blank\" rel=\"noopener noreferrer nofollow\">(la couverture) <\/a><span><\/span>.}<br \/>|{,<a href=\"https:\/\/fr.wikisource.org\/wiki\/Comment_L%C3%A9nine_%C3%A9tudiait_Marx\" target=\"_blank\" rel=\"noopener noreferrer nofollow\">(la couverture) <\/a><span><\/span>. Disponible \u00e0 l\u2019achat sur les plateformes Amazon, Fnac, Cultura \u2026.}<br \/>|{,<a href=\"https:\/\/fr.wikisource.org\/wiki\/Comment_nous_ferons_la_R%C3%A9volution\/11\" target=\"_blank\" rel=\"noopener noreferrer nofollow\">(la couverture) <\/a><span><\/span>.}<br \/>|{,<a href=\"https:\/\/fr.wikisource.org\/wiki\/Comment_nous_ferons_la_R%C3%A9volution\/15\" target=\"_blank\" rel=\"noopener noreferrer nofollow\">(la couverture) <\/a><span><\/span>.}<br \/>|{,<a href=\"https:\/\/booknode.com\/communisme_2013_1975_2012_vietnam_de_linsurrection_a_la_dictature_02162323\" target=\"_blank\" rel=\"noopener noreferrer nofollow\">(la couverture) <\/a><span><\/span>.}<br \/>|{,<a href=\"https:\/\/booknode.com\/communisme_2013_1975_2012_vietnam_de_linsurrection_a_la_dictature_02162323\" target=\"_blank\" rel=\"noopener noreferrer nofollow\">(la couverture) <\/a><span><\/span>.}<br \/>|{,<a href=\"https:\/\/booknode.com\/communisme_en_france_03361641\" target=\"_blank\" rel=\"noopener noreferrer nofollow\">(la couverture) <\/a><span><\/span>.}<br \/>|{,<a href=\"https:\/\/booknode.com\/communisme_en_france_03361641\" target=\"_blank\" rel=\"noopener noreferrer nofollow\">(la couverture) <\/a><span><\/span>.}<br \/>|{,<a href=\"https:\/\/booknode.com\/communisme_et_anarchie_01976055\" target=\"_blank\" rel=\"noopener noreferrer nofollow\">(la couverture) <\/a><span><\/span>.}<br \/>|{,<a href=\"https:\/\/fr.wikisource.org\/wiki\/Communisme_et_anarchie\" target=\"_blank\" rel=\"noopener noreferrer nofollow\">(la couverture) <\/a><span><\/span>. Disponible \u00e0 l\u2019achat sur les plateformes Amazon, Fnac, Cultura \u2026.}<br \/>|{,<a href=\"https:\/\/booknode.com\/communisme_et_nazisme_25_reflexions_sur_le_totalitarisme_au_xxe_siecle_1917_1989_02105613\" target=\"_blank\" rel=\"noopener noreferrer nofollow\">(la couverture) <\/a><span><\/span>. Disponible \u00e0 l\u2019achat sur les plateformes Amazon, Fnac, Cultura \u2026.}<br \/>|{,<a href=\"https:\/\/booknode.com\/communisme_et_totalitarisme_073787\" target=\"_blank\" rel=\"noopener noreferrer nofollow\">(la couverture) <\/a><span><\/span>.}<br \/>|{,<a href=\"https:\/\/booknode.com\/communisme_la_guerre_des_memoires_03361766\" target=\"_blank\" rel=\"noopener noreferrer nofollow\">(la couverture) <\/a><span><\/span>. Disponible \u00e0 l\u2019achat sur les plateformes Amazon, Fnac, Cultura \u2026.}<br \/>|{,<a href=\"https:\/\/www.kobo.com\/fr\/fr\/ebook\/complicite-de-genocide\" target=\"_blank\" rel=\"noopener noreferrer nofollow\">(la couverture) <\/a><span><\/span>. Disponible \u00e0 l\u2019achat sur les plateformes Amazon, Fnac, Cultura \u2026.}<br \/>|{,<a href=\"https:\/\/www.kobo.com\/fr\/fr\/ebook\/composer-un-monde-en-commun\" target=\"_blank\" rel=\"noopener noreferrer nofollow\">(la couverture) <\/a><span><\/span>.}<br \/>|{,<a href=\"https:\/\/www.kobo.com\/fr\/fr\/ebook\/comprendre-la-politique-de-sante-aux-etats-unis\" target=\"_blank\" rel=\"noopener noreferrer nofollow\">(la couverture) <\/a><span><\/span>.}<br \/>|{,<a href=\"https:\/\/fr.wikisource.org\/wiki\/Conditions_d%27admission_des_Partis_dans_l%27Internationale_communiste\" target=\"_blank\" rel=\"noopener noreferrer nofollow\">(la couverture) <\/a><span><\/span>.}<br \/>|{,<a href=\"https:\/\/www.kobo.com\/fr\/fr\/ebook\/confucius-et-mencius-4\" target=\"_blank\" rel=\"noopener noreferrer nofollow\">(la couverture) <\/a><span><\/span>.}<br \/>|{,<a href=\"https:\/\/www.kobo.com\/fr\/fr\/ebook\/confucius-et-mencius-3\" target=\"_blank\" rel=\"noopener noreferrer nofollow\">(la couverture) <\/a><span><\/span>.}<br \/>|{,<a href=\"https:\/\/www.kobo.com\/fr\/fr\/ebook\/conseil-de-cooperation-du-golfe\" target=\"_blank\" rel=\"noopener noreferrer nofollow\">(la couverture) <\/a><span><\/span>.}<br \/>|{,<a href=\"https:\/\/fr.wikisource.org\/wiki\/Constitution_alg%C3%A9rienne_du_22_novembre_1976_(version_initiale)\" target=\"_blank\" rel=\"noopener noreferrer nofollow\">(la couverture) <\/a><span><\/span>.}<br \/>|{,<a href=\"https:\/\/www.kobo.com\/fr\/fr\/ebook\/constitutions-et-vie-politique-de-1789-a-nos-jours-1\" target=\"_blank\" rel=\"noopener noreferrer nofollow\">(la couverture) <\/a><span><\/span>.}<br \/>|{,<a href=\"https:\/\/fr.wikisource.org\/wiki\/Contre_l%E2%80%99antis%C3%A9mitisme\/07\" target=\"_blank\" rel=\"noopener noreferrer nofollow\">(la couverture) <\/a><span><\/span>.}<br \/>|{,<a href=\"https:\/\/fr.wikisource.org\/wiki\/Contribution_%C3%A0_la_critique_de_l%E2%80%99%C3%A9conomie_politique\/Pr%C3%A9face\" target=\"_blank\" rel=\"noopener noreferrer nofollow\">(la couverture) <\/a><span><\/span>.}<br \/>|{,<a href=\"https:\/\/booknode.com\/cooperation_et_socialisme_03374173\" target=\"_blank\" rel=\"noopener noreferrer nofollow\">(la couverture) <\/a><span><\/span>.}<br \/>|{,<a href=\"https:\/\/fr.wikisource.org\/wiki\/Coop%C3%A9ration_et_socialisme\" target=\"_blank\" rel=\"noopener noreferrer nofollow\">(la couverture) <\/a><span><\/span>.}<br \/>|{,<a href=\"https:\/\/fr.wikisource.org\/wiki\/Coop%C3%A9ration_et_socialisme\" target=\"_blank\" rel=\"noopener noreferrer nofollow\">(la couverture) <\/a><span><\/span>.}<br \/>|{,<a href=\"https:\/\/fr.wikisource.org\/wiki\/Correspondance_1812-1876,_2\/1841\/CCX\" target=\"_blank\" rel=\"noopener noreferrer nofollow\">(la couverture) <\/a><span><\/span>.}<br \/>|{,<a href=\"https:\/\/fr.wikisource.org\/wiki\/Correspondance_1812-1876,_2\/1844\/CCXLV\" target=\"_blank\" rel=\"noopener noreferrer nofollow\">(la couverture) <\/a><span><\/span>.}<br \/>|{,<a href=\"https:\/\/fr.wikisource.org\/wiki\/Correspondance_1812-1876,_3\/1848\/CCLXXIII\" target=\"_blank\" rel=\"noopener noreferrer nofollow\">(la couverture) <\/a><span><\/span>.}<br \/>|{,<a href=\"https:\/\/fr.wikisource.org\/wiki\/Correspondance_1812-1876,_3\/1848\/CCLXXIV\" target=\"_blank\" rel=\"noopener noreferrer nofollow\">(la couverture) <\/a><span><\/span>.}<br \/>|{,<a href=\"https:\/\/fr.wikisource.org\/wiki\/Correspondance_1812-1876,_3\/1848\/CCLXXX\" target=\"_blank\" rel=\"noopener noreferrer nofollow\">(la couverture) <\/a><span><\/span>.}<br \/>|{,<a href=\"https:\/\/fr.wikisource.org\/wiki\/Correspondance_1812-1876,_3\/1848\/CCLXXXVI\" target=\"_blank\" rel=\"noopener noreferrer nofollow\">(la couverture) <\/a><span><\/span>.}<br \/>|{,<a href=\"https:\/\/fr.wikisource.org\/wiki\/Correspondance_1812-1876,_3\/1849\/CCCVIII\" target=\"_blank\" rel=\"noopener noreferrer nofollow\">(la couverture) <\/a><span><\/span>.}<br \/>|{,<a href=\"https:\/\/fr.wikisource.org\/wiki\/Correspondance_1812-1876,_3\/1849\/CCXCII\" target=\"_blank\" rel=\"noopener noreferrer nofollow\">(la couverture) <\/a><span><\/span>.}<br \/>|{,<a href=\"https:\/\/fr.wikisource.org\/wiki\/Correspondance_1812-1876,_3\/1849\/CCXCV\" target=\"_blank\" rel=\"noopener noreferrer nofollow\">(la couverture) <\/a><span><\/span>.}<br \/>|{,<a href=\"https:\/\/fr.wikisource.org\/wiki\/Correspondance_1812-1876,_3\/1850\/CCCXVI\" target=\"_blank\" rel=\"noopener noreferrer nofollow\">(la couverture) <\/a><span><\/span>. Disponible \u00e0 l\u2019achat sur les plateformes Amazon, Fnac, Cultura \u2026.}<br \/>|{,<a href=\"https:\/\/fr.wikisource.org\/wiki\/Correspondance_1812-1876,_5\/1867\/DCXXXIII\" target=\"_blank\" rel=\"noopener noreferrer nofollow\">(la couverture) <\/a><span><\/span>. Disponible \u00e0 l\u2019achat sur les plateformes Amazon, Fnac, Cultura \u2026.}<br \/>|{,<a href=\"https:\/\/fr.wikisource.org\/wiki\/Correspondance_de_Gustave_Flaubert\/Tome_5\/0793\" target=\"_blank\" rel=\"noopener noreferrer nofollow\">(la couverture) <\/a><span><\/span>.}<br \/>|{,<a href=\"https:\/\/fr.wikisource.org\/wiki\/Correspondance_de_Gustave_Flaubert\/Tome_5\/0795\" target=\"_blank\" rel=\"noopener noreferrer nofollow\">(la couverture) <\/a><span><\/span>.}<br \/>|{,<a href=\"https:\/\/fr.wikisource.org\/wiki\/Correspondance_de_Gustave_Flaubert\/Tome_5\/0800\" target=\"_blank\" rel=\"noopener noreferrer nofollow\">(la couverture) <\/a><span><\/span>.}<br \/>|{,<a href=\"https:\/\/fr.wikisource.org\/wiki\/Correspondance_de_Gustave_Flaubert\/Tome_5\/0976\" target=\"_blank\" rel=\"noopener noreferrer nofollow\">(la couverture) <\/a><span><\/span>.}<br \/>|{,<a href=\"https:\/\/fr.wikisource.org\/wiki\/Correspondance_de_Gustave_Flaubert\/Tome_6\/1015\" target=\"_blank\" rel=\"noopener noreferrer nofollow\">(la couverture) <\/a><span><\/span>. Disponible \u00e0 l\u2019achat sur les plateformes Amazon, Fnac, Cultura \u2026.}<br \/>|{,<a href=\"https:\/\/fr.wikisource.org\/wiki\/Correspondance_de_Gustave_Flaubert\/Tome_6\/1170\" target=\"_blank\" rel=\"noopener noreferrer nofollow\">(la couverture) <\/a><span><\/span>. Disponible \u00e0 l\u2019achat sur les plateformes Amazon, Fnac, Cultura \u2026.}<br \/>|{,<a href=\"https:\/\/fr.wikisource.org\/wiki\/Correspondance_de_Gustave_Flaubert\/Tome_7\/1551\" target=\"_blank\" rel=\"noopener noreferrer nofollow\">(la couverture) <\/a><span><\/span>.}<br \/>|{,<a href=\"https:\/\/fr.wikisource.org\/wiki\/Correspondance_in%C3%A9dite\/Lettre_aux_Japonais\" target=\"_blank\" rel=\"noopener noreferrer nofollow\">(la couverture) <\/a><span><\/span>.}<br \/>|{,<a href=\"https:\/\/fr.wikisource.org\/wiki\/Crainquebille,_Putois,_Riquet_et_plusieurs_autres_r%C3%A9cits_profitables\/Edm%C3%A9e_ou_la_charit%C3%A9_bien_plac%C3%A9e\" target=\"_blank\" rel=\"noopener noreferrer nofollow\">(la couverture) <\/a><span><\/span>.}<br \/>|{,<a href=\"https:\/\/fr.wikisource.org\/wiki\/Critique_du_socialisme_et_de_l%E2%80%99anarchie\" target=\"_blank\" rel=\"noopener noreferrer nofollow\">(la couverture) <\/a><span><\/span>.}<br \/>|{,<a href=\"https:\/\/fr.wikisource.org\/wiki\/Critique_du_socialisme_et_de_l%E2%80%99anarchie\" target=\"_blank\" rel=\"noopener noreferrer nofollow\">(la couverture) <\/a><span><\/span>.}<br \/>|{,<a href=\"https:\/\/booknode.com\/cycle_de_la_mort_rouge_tome_3_les_insoumis_076189\" target=\"_blank\" rel=\"noopener noreferrer nofollow\">(la couverture) <\/a><span><\/span>.}<br \/>|{,<a href=\"https:\/\/www.kobo.com\/fr\/fr\/ebook\/de-gauche\" target=\"_blank\" rel=\"noopener noreferrer nofollow\">(la couverture) <\/a><span><\/span>. Disponible \u00e0 l\u2019achat sur les plateformes Amazon, Fnac, Cultura \u2026.}<br \/>|{,<a href=\"https:\/\/fr.wikisource.org\/wiki\/De_la_Commune_%C3%A0_l%E2%80%99anarchie\/Chap._III\" target=\"_blank\" rel=\"noopener noreferrer nofollow\">(la couverture) <\/a><span><\/span>.}<br \/>|{,<a href=\"https:\/\/fr.wikisource.org\/wiki\/De_la_division_du_travail_social\/Livre_I\/Chapitre_V\/IV\" target=\"_blank\" rel=\"noopener noreferrer nofollow\">(la couverture) <\/a><span><\/span>. Disponible \u00e0 l\u2019achat sur les plateformes Amazon, Fnac, Cultura \u2026.}<br \/>|{,<a href=\"https:\/\/fr.wikisource.org\/wiki\/De_la_division_du_travail_social\/Livre_I\/Chapitre_VI\/I\" target=\"_blank\" rel=\"noopener noreferrer nofollow\">(la couverture) <\/a><span><\/span>. Disponible \u00e0 l\u2019achat sur les plateformes Amazon, Fnac, Cultura \u2026.}<br \/>|{,<a href=\"https:\/\/fr.wikisource.org\/wiki\/De_la_division_du_travail_social\/Livre_I\/Chapitre_VI\/III\" target=\"_blank\" rel=\"noopener noreferrer nofollow\">(la couverture) <\/a><span><\/span>.}<br \/>|{,<a href=\"https:\/\/fr.wikisource.org\/wiki\/De_la_division_du_travail_social\/Livre_I\/Chapitre_VI\/IV\" target=\"_blank\" rel=\"noopener noreferrer nofollow\">(la couverture) <\/a><span><\/span>.}<br \/>|{,<a href=\"https:\/\/fr.wikisource.org\/wiki\/De_la_division_du_travail_social\/Livre_I\/Chapitre_VII\/IV\" target=\"_blank\" rel=\"noopener noreferrer nofollow\">(la couverture) <\/a><span><\/span>. Disponible \u00e0 l\u2019achat sur les plateformes Amazon, Fnac, Cultura \u2026.}<br \/>|{,<a href=\"https:\/\/fr.wikisource.org\/wiki\/De_la_litt%C3%A9rature_des_ouvriers\" target=\"_blank\" rel=\"noopener noreferrer nofollow\">(la couverture) <\/a><span><\/span>. Disponible \u00e0 l\u2019achat sur les plateformes Amazon, Fnac, Cultura \u2026.}<br \/>|{,<a href=\"https:\/\/fr.wikisource.org\/wiki\/De_la_production_de_la_s%C3%A9curit%C3%A9\" target=\"_blank\" rel=\"noopener noreferrer nofollow\">(la couverture) <\/a><span><\/span>.}<br \/>|{,<a href=\"https:\/\/fr.wikisource.org\/wiki\/De_la_Situation_financi%C3%A8re_de_la_France_en_1848\" target=\"_blank\" rel=\"noopener noreferrer nofollow\">(la couverture) <\/a><span><\/span>.}<br \/>|{,<a href=\"https:\/\/booknode.com\/de_la_vertu_02263955\" target=\"_blank\" rel=\"noopener noreferrer nofollow\">(la couverture) <\/a><span><\/span>.}<br \/>|{,<a href=\"https:\/\/booknode.com\/de_lespoir_en_lavenir_entretiens_sur_lanarchisme_et_le_socialisme_02998754\" target=\"_blank\" rel=\"noopener noreferrer nofollow\">(la couverture) <\/a><span><\/span>.}<br \/>|{,<a href=\"https:\/\/www.kobo.com\/fr\/fr\/ebook\/democratie-sanitaire\" target=\"_blank\" rel=\"noopener noreferrer nofollow\">(la couverture) <\/a><span><\/span>. Disponible \u00e0 l\u2019achat sur les plateformes Amazon, Fnac, Cultura \u2026.}<br \/>|{,<a href=\"https:\/\/fr.wikisource.org\/wiki\/D%C3%A9put%C3%A9s_contre_Parlement\/I\" target=\"_blank\" rel=\"noopener noreferrer nofollow\">(la couverture) <\/a><span><\/span>. Disponible \u00e0 l\u2019achat sur les plateformes Amazon, Fnac, Cultura \u2026.}<br \/>|{,<a href=\"https:\/\/booknode.com\/deputes_du_peuple_humain_03397096\" target=\"_blank\" rel=\"noopener noreferrer nofollow\">(la couverture) <\/a><span><\/span>.}<br \/>|{,<a href=\"https:\/\/fr.wikisource.org\/wiki\/Derniers_essais_de_litt%C3%A9rature_et_d%E2%80%99esth%C3%A9tique\/Le_Socialisme_po%C3%A9tique\" target=\"_blank\" rel=\"noopener noreferrer nofollow\">(la couverture) <\/a><span><\/span>. Disponible \u00e0 l\u2019achat sur les plateformes Amazon, Fnac, Cultura \u2026.}<br \/>|{,<a href=\"https:\/\/fr.wikisource.org\/wiki\/Des_%C3%A9lections_et_l%E2%80%99assembl%C3%A9e_l%C3%A9gislative\" target=\"_blank\" rel=\"noopener noreferrer nofollow\">(la couverture) <\/a><span><\/span>. Disponible \u00e0 l\u2019achat sur les plateformes Amazon, Fnac, Cultura \u2026.}<br \/>|{,<a href=\"https:\/\/fr.wikisource.org\/wiki\/Des_Id%C3%A9es_et_des_sectes_communistes\" target=\"_blank\" rel=\"noopener noreferrer nofollow\">(la couverture) <\/a><span><\/span>.}<br \/>|{,<a href=\"https:\/\/www.kobo.com\/fr\/fr\/ebook\/dialogue-aux-enfers-entre-machiavel-et-montesquieu-11\" target=\"_blank\" rel=\"noopener noreferrer nofollow\">(la couverture) <\/a><span><\/span>. Disponible \u00e0 l\u2019achat sur les plateformes Amazon, Fnac, Cultura \u2026.}<br \/>|{,<a href=\"https:\/\/www.kobo.com\/fr\/fr\/ebook\/dialogue-aux-enfers-entre-machiavel-et-montesquieu-10\" target=\"_blank\" rel=\"noopener noreferrer nofollow\">(la couverture) <\/a><span><\/span>.}<br \/>|{,<a href=\"https:\/\/www.kobo.com\/fr\/fr\/ebook\/dialogue-sur-la-politique-la-gauche-et-la-crise-1\" target=\"_blank\" rel=\"noopener noreferrer nofollow\">(la couverture) <\/a><span><\/span>.}<br \/>|{,<a href=\"https:\/\/fr.wikisource.org\/wiki\/Dictionnaire_de_th%C3%A9ologie_catholique\/Tome_14.2_:_SCHOLARIOS_-_SZCZANIECKI\" target=\"_blank\" rel=\"noopener noreferrer nofollow\">(la couverture) <\/a><span><\/span>. Disponible \u00e0 l\u2019achat sur les plateformes Amazon, Fnac, Cultura \u2026.}<br \/>|{,<a href=\"https:\/\/fr.wikisource.org\/wiki\/Dictionnaire_de_th%C3%A9ologie_catholique\/Tome_3.1_:_CLARKE_-_CONSTANTINOPLE\" target=\"_blank\" rel=\"noopener noreferrer nofollow\">(la couverture) <\/a><span><\/span>. Disponible \u00e0 l\u2019achat sur les plateformes Amazon, Fnac, Cultura \u2026.}<br \/>|{,<a href=\"https:\/\/booknode.com\/dictionnaire_du_communisme_03361583\" target=\"_blank\" rel=\"noopener noreferrer nofollow\">(la couverture) <\/a><span><\/span>.}<br \/>|{,<a href=\"https:\/\/fr.wikisource.org\/wiki\/Dictionnaire_infernal\/6e_%C3%A9d.,_1863\" target=\"_blank\" rel=\"noopener noreferrer nofollow\">(la couverture) <\/a><span><\/span>.}<br \/>|{,<a href=\"https:\/\/fr.wikisource.org\/wiki\/Dictionnaire_infernal\/6e_%C3%A9d.,_1863\/Comiers\" target=\"_blank\" rel=\"noopener noreferrer nofollow\">(la couverture) <\/a><span><\/span>.}<br \/>|{,<a href=\"https:\/\/fr.wikisource.org\/wiki\/Dictionnaire_infernal\/6e_%C3%A9d.,_1863\/Communisme\" target=\"_blank\" rel=\"noopener noreferrer nofollow\">(la couverture) <\/a><span><\/span>.}<br \/>|{,<a href=\"https:\/\/fr.wikisource.org\/wiki\/Dictionnaire_infernal\/6e_%C3%A9d.,_1863\/Compitales\" target=\"_blank\" rel=\"noopener noreferrer nofollow\">(la couverture) <\/a><span><\/span>.}<br \/>|{,<a href=\"https:\/\/fr.wikisource.org\/wiki\/Dictionnaire_infernal\/6e_%C3%A9d.,_1863\/Index_alphab%C3%A9tique_-_C\" target=\"_blank\" rel=\"noopener noreferrer nofollow\">(la couverture) <\/a><span><\/span>.}<br \/>|{,<a href=\"https:\/\/fr.wikisource.org\/wiki\/Diff%C3%A9rence_de_la_philosophie_de_la_nature_chez_D%C3%A9mocrite_et_%C3%89picure\" target=\"_blank\" rel=\"noopener noreferrer nofollow\">(la couverture) <\/a><span><\/span>. Disponible \u00e0 l\u2019achat sur les plateformes Amazon, Fnac, Cultura \u2026.}<br \/>|{,<a href=\"https:\/\/fr.wikisource.org\/wiki\/Diff%C3%A9rence_de_la_philosophie_de_la_nature_chez_D%C3%A9mocrite_et_%C3%89picure\/La_probl%C3%A9matique_de_la_dissertation_et_le_mat%C3%A9rialisme_de_Marx\" target=\"_blank\" rel=\"noopener noreferrer nofollow\">(la couverture) <\/a><span><\/span>. Disponible \u00e0 l\u2019achat sur les plateformes Amazon, Fnac, Cultura \u2026.}<br \/>|{,<a href=\"https:\/\/fr.wikisource.org\/wiki\/Diff%C3%A9rence_de_la_philosophie_de_la_nature_chez_D%C3%A9mocrite_et_%C3%89picure\/Les_manuscrits_de_1844\" target=\"_blank\" rel=\"noopener noreferrer nofollow\">(la couverture) <\/a><span><\/span>. Disponible \u00e0 l\u2019achat sur les plateformes Amazon, Fnac, Cultura \u2026.}<br \/>|{,<a href=\"https:\/\/fr.wikisource.org\/wiki\/Discours_%C3%A0_la_nation_fran%C3%A7aise,_24_septembre_1934\" target=\"_blank\" rel=\"noopener noreferrer nofollow\">(la couverture) <\/a><span><\/span>.}<br \/>|{,<a href=\"https:\/\/fr.wikisource.org\/wiki\/Discours_d%27ouverture_au_Ier_congr%C3%A8s_de_l%E2%80%99Internationale_Communiste\" target=\"_blank\" rel=\"noopener noreferrer nofollow\">(la couverture) <\/a><span><\/span>. Disponible \u00e0 l\u2019achat sur les plateformes Amazon, Fnac, Cultura \u2026.}<br \/>|{,<a href=\"https:\/\/fr.wikisource.org\/wiki\/Discours_pour_le_XVe_anniversaire_de_la_Commune\" target=\"_blank\" rel=\"noopener noreferrer nofollow\">(la couverture) <\/a><span><\/span>.}<br \/>|{,<a href=\"https:\/\/fr.wikisource.org\/wiki\/Discours_prononc%C3%A9_le_26_juillet_1853_sur_la_tombe_de_Louise_Julien,_proscrite\" target=\"_blank\" rel=\"noopener noreferrer nofollow\">(la couverture) <\/a><span><\/span>.}<br \/>|{,<a href=\"https:\/\/booknode.com\/doriot_du_communisme_a_la_collaboration_01831085\" target=\"_blank\" rel=\"noopener noreferrer nofollow\">(la couverture) <\/a><span><\/span>.}<br \/>|{,<a href=\"https:\/\/www.kobo.com\/fr\/fr\/ebook\/droit-romain-le-luxe-et-les-lois-somptuaires\" target=\"_blank\" rel=\"noopener noreferrer nofollow\">(la couverture) <\/a><span><\/span>.}<br \/>|{,<a href=\"https:\/\/fr.wikisource.org\/wiki\/Du_Chantage_%C3%A0_la_d%C3%A9faite_via_Ba-ta-clan\" target=\"_blank\" rel=\"noopener noreferrer nofollow\">(la couverture) <\/a><span><\/span>. Disponible \u00e0 l\u2019achat sur les plateformes Amazon, Fnac, Cultura \u2026.}<br \/>|{,<a href=\"https:\/\/booknode.com\/du_communisme_au_capitalisme_lettre_a_ma_fille_03447212\" target=\"_blank\" rel=\"noopener noreferrer nofollow\">(la couverture) <\/a><span><\/span>. Disponible \u00e0 l\u2019achat sur les plateformes Amazon, Fnac, Cultura \u2026.}<br \/>|{,<a href=\"https:\/\/fr.wikisource.org\/wiki\/Du_contrat_social_(%C3%89dition_Beaulavon_1903)\/Notice_bibliographique\" target=\"_blank\" rel=\"noopener noreferrer nofollow\">(la couverture) <\/a><span><\/span>. Disponible \u00e0 l\u2019achat sur les plateformes Amazon, Fnac, Cultura \u2026.}<br \/>|{,<a href=\"https:\/\/www.kobo.com\/fr\/fr\/ebook\/du-contrat-social-ou-principes-du-droit-politique-20\" target=\"_blank\" rel=\"noopener noreferrer nofollow\">(la couverture) <\/a><span><\/span>.}<br \/>|{,<a href=\"https:\/\/fr.wikisource.org\/wiki\/Du_pass%C3%A9_et_de_l%E2%80%99avenir_du_socialisme\" target=\"_blank\" rel=\"noopener noreferrer nofollow\">(la couverture) <\/a><span><\/span>.}<br \/>|{,<a href=\"https:\/\/booknode.com\/du_passe_faisons_table_rase_histoire_et_memoire_du_communisme_en_europe_073788\" target=\"_blank\" rel=\"noopener noreferrer nofollow\">(la couverture) <\/a><span><\/span>.}<br \/>|{,<a href=\"https:\/\/www.kobo.com\/fr\/fr\/ebook\/economie-politique-de-la-corruption-et-de-la-gouvernance\" target=\"_blank\" rel=\"noopener noreferrer nofollow\">(la couverture) <\/a><span><\/span>.}<br \/>|{,<a href=\"https:\/\/www.kobo.com\/fr\/fr\/ebook\/economie-politique-de-la-protection-sociale\" target=\"_blank\" rel=\"noopener noreferrer nofollow\">(la couverture) <\/a><span><\/span>.}<br \/>|{,<a href=\"https:\/\/www.kobo.com\/fr\/fr\/ebook\/economie-politique-de-la-russie-1918-2018-2\" target=\"_blank\" rel=\"noopener noreferrer nofollow\">(la couverture) <\/a><span><\/span>. Disponible \u00e0 l\u2019achat sur les plateformes Amazon, Fnac, Cultura \u2026.}<br \/>|{,<a href=\"https:\/\/booknode.com\/edouard_berth_ou_le_socialisme_heroique_sorel_maurras_lenine_02175384\" target=\"_blank\" rel=\"noopener noreferrer nofollow\">(la couverture) <\/a><span><\/span>. Disponible \u00e0 l\u2019achat sur les plateformes Amazon, Fnac, Cultura \u2026.}<br \/>|{,<a href=\"https:\/\/www.kobo.com\/fr\/fr\/ebook\/egalite-sociale-et-politique-de-la-femme-et-de-l-homme\" target=\"_blank\" rel=\"noopener noreferrer nofollow\">(la couverture) <\/a><span><\/span>. Disponible \u00e0 l\u2019achat sur les plateformes Amazon, Fnac, Cultura \u2026.}<br \/>|{,<a href=\"https:\/\/www.kobo.com\/fr\/fr\/ebook\/en-finir-avec-les-banlieues\" target=\"_blank\" rel=\"noopener noreferrer nofollow\">(la couverture) <\/a><span><\/span>.}<br \/>|{,<a href=\"https:\/\/fr.wikisource.org\/wiki\/En_Garde_!\" target=\"_blank\" rel=\"noopener noreferrer nofollow\">(la couverture) <\/a><span><\/span>.}<br \/>|{,<a href=\"https:\/\/booknode.com\/en_quete_de_gauche_0112417\" target=\"_blank\" rel=\"noopener noreferrer nofollow\">(la couverture) <\/a><span><\/span>.}<br \/>|{,<a href=\"https:\/\/booknode.com\/en_travail_conversations_sur_le_communisme_03429348\" target=\"_blank\" rel=\"noopener noreferrer nofollow\">(la couverture) <\/a><span><\/span>.}<br \/>|{,<a href=\"https:\/\/fr.wikisource.org\/wiki\/Encyclop%C3%A9die_anarchiste\" target=\"_blank\" rel=\"noopener noreferrer nofollow\">(la couverture) <\/a><span><\/span>.}<br \/>|{,<a href=\"https:\/\/fr.wikisource.org\/wiki\/Encyclop%C3%A9die_anarchiste\/Anarchie\" target=\"_blank\" rel=\"noopener noreferrer nofollow\">(la couverture) <\/a><span><\/span>. Disponible \u00e0 l\u2019achat sur les plateformes Amazon, Fnac, Cultura \u2026.}<br \/>|{,<a href=\"https:\/\/fr.wikisource.org\/wiki\/Encyclop%C3%A9die_anarchiste\/Association_-_Assurances\" target=\"_blank\" rel=\"noopener noreferrer nofollow\">(la couverture) <\/a><span><\/span>. Disponible \u00e0 l\u2019achat sur les plateformes Amazon, Fnac, Cultura \u2026.}<br \/>|{,<a href=\"https:\/\/fr.wikisource.org\/wiki\/Encyclop%C3%A9die_anarchiste\/Colonie_-_Communiste\" target=\"_blank\" rel=\"noopener noreferrer nofollow\">(la couverture) <\/a><span><\/span>.}<br \/>|{,<a href=\"https:\/\/fr.wikisource.org\/wiki\/Encyclop%C3%A9die_anarchiste\/D%C3%A9tonner_-_Devoir\" target=\"_blank\" rel=\"noopener noreferrer nofollow\">(la couverture) <\/a><span><\/span>.}<br \/>|{,<a href=\"https:\/\/fr.wikisource.org\/wiki\/Encyclop%C3%A9die_anarchiste\/Espionnage_-_%C3%89tiquette\" target=\"_blank\" rel=\"noopener noreferrer nofollow\">(la couverture) <\/a><span><\/span>.}<br \/>|{,<a href=\"https:\/\/fr.wikisource.org\/wiki\/Encyclop%C3%A9die_anarchiste\/Familist%C3%A8re\" target=\"_blank\" rel=\"noopener noreferrer nofollow\">(la couverture) <\/a><span><\/span>.}<br \/>|{,<a href=\"https:\/\/fr.wikisource.org\/wiki\/Encyclop%C3%A9die_anarchiste\/Individu\" target=\"_blank\" rel=\"noopener noreferrer nofollow\">(la couverture) <\/a><span><\/span>.}<br \/>|{,<a href=\"https:\/\/fr.wikisource.org\/wiki\/Encyclop%C3%A9die_anarchiste\/Jud%C3%A9o-christianisme_-_Juger\" target=\"_blank\" rel=\"noopener noreferrer nofollow\">(la couverture) <\/a><span><\/span>.}<br \/>|{,<a href=\"https:\/\/fr.wikisource.org\/wiki\/Encyclop%C3%A9die_anarchiste\/Lettre_C\" target=\"_blank\" rel=\"noopener noreferrer nofollow\">(la couverture) <\/a><span><\/span>.}<br \/>|{,<a href=\"https:\/\/fr.wikisource.org\/wiki\/Encyclop%C3%A9die_anarchiste\/Lettre_S\" target=\"_blank\" rel=\"noopener noreferrer nofollow\">(la couverture) <\/a><span><\/span>.}<br \/>|{,<a href=\"https:\/\/fr.wikisource.org\/wiki\/Encyclop%C3%A9die_anarchiste\/Marxisme\" target=\"_blank\" rel=\"noopener noreferrer nofollow\">(la couverture) <\/a><span><\/span>. Disponible \u00e0 l\u2019achat sur les plateformes Amazon, Fnac, Cultura \u2026.}<br \/>|{,<a href=\"https:\/\/fr.wikisource.org\/wiki\/Encyclop%C3%A9die_anarchiste\/Marxisme\" target=\"_blank\" rel=\"noopener noreferrer nofollow\">(la couverture) <\/a><span><\/span>. Disponible \u00e0 l\u2019achat sur les plateformes Amazon, Fnac, Cultura \u2026.}<br \/>|{,<a href=\"https:\/\/fr.wikisource.org\/wiki\/Encyclop%C3%A9die_anarchiste\/Milieu\" target=\"_blank\" rel=\"noopener noreferrer nofollow\">(la couverture) <\/a><span><\/span>.}<br \/>|{,<a href=\"https:\/\/fr.wikisource.org\/wiki\/Encyclop%C3%A9die_anarchiste\/Mutualisme_-_Mysticisme\" target=\"_blank\" rel=\"noopener noreferrer nofollow\">(la couverture) <\/a><span><\/span>.}<br \/>|{,<a href=\"https:\/\/fr.wikisource.org\/wiki\/Encyclop%C3%A9die_anarchiste\/Officiel_-_Ontologie\" target=\"_blank\" rel=\"noopener noreferrer nofollow\">(la couverture) <\/a><span><\/span>.}<br \/>|{,<a href=\"https:\/\/fr.wikisource.org\/wiki\/Encyclop%C3%A9die_anarchiste\/Politique\" target=\"_blank\" rel=\"noopener noreferrer nofollow\">(la couverture) <\/a><span><\/span>. Disponible \u00e0 l\u2019achat sur les plateformes Amazon, Fnac, Cultura \u2026.}<br \/>|{,<a href=\"https:\/\/fr.wikisource.org\/wiki\/Encyclop%C3%A9die_anarchiste\/Politique\" target=\"_blank\" rel=\"noopener noreferrer nofollow\">(la couverture) <\/a><span><\/span>. Disponible \u00e0 l\u2019achat sur les plateformes Amazon, Fnac, Cultura \u2026.}<br \/>|{,<a href=\"https:\/\/fr.wikisource.org\/wiki\/Encyclop%C3%A9die_anarchiste\/Propri%C3%A9t%C3%A9\" target=\"_blank\" rel=\"noopener noreferrer nofollow\">(la couverture) <\/a><span><\/span>. Disponible \u00e0 l\u2019achat sur les plateformes Amazon, Fnac, Cultura \u2026.}<br \/>|{,<a href=\"https:\/\/fr.wikisource.org\/wiki\/Encyclop%C3%A9die_anarchiste\/R%C3%A9volution\" target=\"_blank\" rel=\"noopener noreferrer nofollow\">(la couverture) <\/a><span><\/span>.}<br \/>|{,<a href=\"https:\/\/fr.wikisource.org\/wiki\/Encyclop%C3%A9die_anarchiste\/Snobisme_-_Socialisation\" target=\"_blank\" rel=\"noopener noreferrer nofollow\">(la couverture) <\/a><span><\/span>.}<br \/>|{,<a href=\"https:\/\/fr.wikisource.org\/wiki\/Encyclop%C3%A9die_anarchiste\/Socialisme_-_Soci%C3%A9t%C3%A9_des_nations\" target=\"_blank\" rel=\"noopener noreferrer nofollow\">(la couverture) <\/a><span><\/span>.}<br \/>|{,<a href=\"https:\/\/fr.wikisource.org\/wiki\/Encyclop%C3%A9die_anarchiste\/Socialisme_-_Soci%C3%A9t%C3%A9_des_nations\" target=\"_blank\" rel=\"noopener noreferrer nofollow\">(la couverture) <\/a><span><\/span>.}<br \/>|{,<a href=\"https:\/\/fr.wikisource.org\/wiki\/Encyclop%C3%A9die_anarchiste\/Travail\" target=\"_blank\" rel=\"noopener noreferrer nofollow\">(la couverture) <\/a><span><\/span>. Disponible \u00e0 l\u2019achat sur les plateformes Amazon, Fnac, Cultura \u2026.}<br \/>|{,<a href=\"https:\/\/fr.wikisource.org\/wiki\/Encyclop%C3%A9die_anarchiste\/Utilitarisme_-_Utopistes\" target=\"_blank\" rel=\"noopener noreferrer nofollow\">(la couverture) <\/a><span><\/span>.}<br \/>|{,<a href=\"https:\/\/fr.wikisource.org\/wiki\/Entretiens_et_Pens%C3%A9es\/Les_partis\" target=\"_blank\" rel=\"noopener noreferrer nofollow\">(la couverture) <\/a><span><\/span>.}<br \/>|{,<a href=\"https:\/\/fr.wikisource.org\/wiki\/Essai_sur_la_r%C3%A9partition_des_richesses\/0\" target=\"_blank\" rel=\"noopener noreferrer nofollow\">(la couverture) <\/a><span><\/span>.}<br \/>|{,<a href=\"https:\/\/fr.wikisource.org\/wiki\/Essai_sur_la_r%C3%A9partition_des_richesses\/3\" target=\"_blank\" rel=\"noopener noreferrer nofollow\">(la couverture) <\/a><span><\/span>.}<br \/>|{,<a href=\"https:\/\/booknode.com\/et_ainsi_de_suite_03246703\" target=\"_blank\" rel=\"noopener noreferrer nofollow\">(la couverture) <\/a><span><\/span>.}<br \/>|{,<a href=\"https:\/\/www.kobo.com\/fr\/fr\/ebook\/etes-vous-de-droite-ou-de-gauche\" target=\"_blank\" rel=\"noopener noreferrer nofollow\">(la couverture) <\/a><span><\/span>. Disponible \u00e0 l\u2019achat sur les plateformes Amazon, Fnac, Cultura \u2026.}<br \/>|{,<a href=\"https:\/\/fr.wikisource.org\/wiki\/%C3%89tudes_socialistes\" target=\"_blank\" rel=\"noopener noreferrer nofollow\">(la couverture) <\/a><span><\/span>. Disponible \u00e0 l\u2019achat sur les plateformes Amazon, Fnac, Cultura \u2026.}<br \/>|{,<a href=\"https:\/\/fr.wikisource.org\/wiki\/%C3%89tudes_socialistes\/De_la_propri%C3%A9t%C3%A9_individuelle\" target=\"_blank\" rel=\"noopener noreferrer nofollow\">(la couverture) <\/a><span><\/span>.}<br \/>|{,<a href=\"https:\/\/fr.wikisource.org\/wiki\/%C3%89tudes_socialistes\/De_la_Raison\" target=\"_blank\" rel=\"noopener noreferrer nofollow\">(la couverture) <\/a><span><\/span>.}<br \/>|{,<a href=\"https:\/\/fr.wikisource.org\/wiki\/%C3%89tudes_socialistes\/%C3%89largir_non_resserrer\" target=\"_blank\" rel=\"noopener noreferrer nofollow\">(la couverture) <\/a><span><\/span>.}<br \/>|{,<a href=\"https:\/\/fr.wikisource.org\/wiki\/%C3%89tudes_socialistes\/En_cinquante_ans\" target=\"_blank\" rel=\"noopener noreferrer nofollow\">(la couverture) <\/a><span><\/span>.}<br \/>|{,<a href=\"https:\/\/fr.wikisource.org\/wiki\/%C3%89tudes_socialistes\/En_cinquante_ans\" target=\"_blank\" rel=\"noopener noreferrer nofollow\">(la couverture) <\/a><span><\/span>. Disponible \u00e0 l\u2019achat sur les plateformes Amazon, Fnac, Cultura \u2026.}<br \/>|{,<a href=\"https:\/\/fr.wikisource.org\/wiki\/%C3%89tudes_socialistes\/Gr%C3%A8ve_g%C3%A9n%C3%A9rale_et_r%C3%A9volution\" target=\"_blank\" rel=\"noopener noreferrer nofollow\">(la couverture) <\/a><span><\/span>. Disponible \u00e0 l\u2019achat sur les plateformes Amazon, Fnac, Cultura \u2026.}<br \/>|{,<a href=\"https:\/\/fr.wikisource.org\/wiki\/%C3%89tudes_socialistes\/La_propri%C3%A9t%C3%A9_individuelle_et_l%E2%80%99imp%C3%B4t\" target=\"_blank\" rel=\"noopener noreferrer nofollow\">(la couverture) <\/a><span><\/span>.}<br \/>|{,<a href=\"https:\/\/fr.wikisource.org\/wiki\/%C3%89tudes_socialistes\/Le_but\" target=\"_blank\" rel=\"noopener noreferrer nofollow\">(la couverture) <\/a><span><\/span>.}<br \/>|{,<a href=\"https:\/\/fr.wikisource.org\/wiki\/%C3%89tudes_socialistes\/Le_Mouvement_rural\" target=\"_blank\" rel=\"noopener noreferrer nofollow\">(la couverture) <\/a><span><\/span>.}<br \/>|{,<a href=\"https:\/\/fr.wikisource.org\/wiki\/%C3%89tudes_socialistes\/Le_mouvement_rural\" target=\"_blank\" rel=\"noopener noreferrer nofollow\">(la couverture) <\/a><span><\/span>. Disponible \u00e0 l\u2019achat sur les plateformes Amazon, Fnac, Cultura \u2026.}<br \/>|{,<a href=\"https:\/\/fr.wikisource.org\/wiki\/%C3%89tudes_socialistes\/Le_Socialisme_et_la_vie\" target=\"_blank\" rel=\"noopener noreferrer nofollow\">(la couverture) <\/a><span><\/span>.}<br \/>|{,<a href=\"https:\/\/fr.wikisource.org\/wiki\/%C3%89tudes_socialistes\/Le_socialisme_et_la_vie\" target=\"_blank\" rel=\"noopener noreferrer nofollow\">(la couverture) <\/a><span><\/span>.}<br \/>|{,<a href=\"https:\/\/fr.wikisource.org\/wiki\/%C3%89tudes_socialistes\/Le_socialisme_et_la_vie\" target=\"_blank\" rel=\"noopener noreferrer nofollow\">(la couverture) <\/a><span><\/span>.}<br \/>|{,<a href=\"https:\/\/fr.wikisource.org\/wiki\/%C3%89tudes_socialistes\/Le_socialisme_et_les_privil%C3%A9gi%C3%A9s\" target=\"_blank\" rel=\"noopener noreferrer nofollow\">(la couverture) <\/a><span><\/span>.}<br \/>|{,<a href=\"https:\/\/fr.wikisource.org\/wiki\/%C3%89tudes_socialistes\/Le_socialisme_et_les_privil%C3%A9gi%C3%A9s\" target=\"_blank\" rel=\"noopener noreferrer nofollow\">(la couverture) <\/a><span><\/span>. Disponible \u00e0 l\u2019achat sur les plateformes Amazon, Fnac, Cultura \u2026.}<br \/>|{,<a href=\"https:\/\/fr.wikisource.org\/wiki\/%C3%89tudes_socialistes\/Lentes_%C3%A9bauches\" target=\"_blank\" rel=\"noopener noreferrer nofollow\">(la couverture) <\/a><span><\/span>.}<br \/>|{,<a href=\"https:\/\/fr.wikisource.org\/wiki\/%C3%89tudes_socialistes\/Lentes_%C3%A9bauches\" target=\"_blank\" rel=\"noopener noreferrer nofollow\">(la couverture) <\/a><span><\/span>. Disponible \u00e0 l\u2019achat sur les plateformes Amazon, Fnac, Cultura \u2026.}<br \/>|{,<a href=\"https:\/\/fr.wikisource.org\/wiki\/%C3%89tudes_socialistes\/Liebknecht_et_la_tactique\" target=\"_blank\" rel=\"noopener noreferrer nofollow\">(la couverture) <\/a><span><\/span>.}<br \/>|{,<a href=\"https:\/\/fr.wikisource.org\/wiki\/%C3%89tudes_socialistes\/Liebknecht_et_la_tactique\" target=\"_blank\" rel=\"noopener noreferrer nofollow\">(la couverture) <\/a><span><\/span>.}<br \/>|{,<a href=\"https:\/\/fr.wikisource.org\/wiki\/%C3%89tudes_socialistes\/Paroles_de_Liebknecht\" target=\"_blank\" rel=\"noopener noreferrer nofollow\">(la couverture) <\/a><span><\/span>. Disponible \u00e0 l\u2019achat sur les plateformes Amazon, Fnac, Cultura \u2026.}<br \/>|{,<a href=\"https:\/\/fr.wikisource.org\/wiki\/%C3%89tudes_socialistes\/Propri%C3%A9t%C3%A9s_individuelles_et_soci%C3%A9t%C3%A9s_anonymes\" target=\"_blank\" rel=\"noopener noreferrer nofollow\">(la couverture) <\/a><span><\/span>.}<br \/>|{,<a href=\"https:\/\/fr.wikisource.org\/wiki\/%C3%89tudes_socialistes\/Question_de_m%C3%A9thode\" target=\"_blank\" rel=\"noopener noreferrer nofollow\">(la couverture) <\/a><span><\/span>.}<br \/>|{,<a href=\"https:\/\/fr.wikisource.org\/wiki\/%C3%89tudes_socialistes\/R%C3%A9publique_et_Socialisme\" target=\"_blank\" rel=\"noopener noreferrer nofollow\">(la couverture) <\/a><span><\/span>.}<br \/>|{,<a href=\"https:\/\/fr.wikisource.org\/wiki\/%C3%89tudes_socialistes\/R%C3%A9publique_et_Socialisme\" target=\"_blank\" rel=\"noopener noreferrer nofollow\">(la couverture) <\/a><span><\/span>.}<br \/>|{,<a href=\"https:\/\/fr.wikisource.org\/wiki\/%C3%89tudes_socialistes\/Texte_entier\" target=\"_blank\" rel=\"noopener noreferrer nofollow\">(la couverture) <\/a><span><\/span>.}<br \/>|{,<a href=\"https:\/\/www.kobo.com\/fr\/fr\/ebook\/face-a-la-crise\" target=\"_blank\" rel=\"noopener noreferrer nofollow\">(la couverture) <\/a><span><\/span>. Disponible \u00e0 l\u2019achat sur les plateformes Amazon, Fnac, Cultura \u2026.}<br \/>|{,<a href=\"https:\/\/www.kobo.com\/fr\/fr\/ebook\/faire-parti-trajectoires-de-gauche-au-mexique\" target=\"_blank\" rel=\"noopener noreferrer nofollow\">(la couverture) <\/a><span><\/span>.}<br \/>|{,<a href=\"https:\/\/booknode.com\/fascisme_et_communisme_034227\" target=\"_blank\" rel=\"noopener noreferrer nofollow\">(la couverture) <\/a><span><\/span>.}<br \/>|{,<a href=\"https:\/\/booknode.com\/federalisme_socialisme_antitheologie_03012\" target=\"_blank\" rel=\"noopener noreferrer nofollow\">(la couverture) <\/a><span><\/span>.}<br \/>|{,<a href=\"https:\/\/fr.wikisource.org\/wiki\/F%C3%A9d%C3%A9ralisme,_socialisme_et_antith%C3%A9ologisme\" target=\"_blank\" rel=\"noopener noreferrer nofollow\">(la couverture) <\/a><span><\/span>. Disponible \u00e0 l\u2019achat sur les plateformes Amazon, Fnac, Cultura \u2026.}<br \/>|{,<a href=\"https:\/\/fr.wikisource.org\/wiki\/F%C3%A9d%C3%A9ralisme,_socialisme_et_anti-th%C3%A9ologisme\" target=\"_blank\" rel=\"noopener noreferrer nofollow\">(la couverture) <\/a><span><\/span>. Disponible \u00e0 l\u2019achat sur les plateformes Amazon, Fnac, Cultura \u2026.}<br \/>|{,<a href=\"https:\/\/booknode.com\/figures_du_communisme_03394790\" target=\"_blank\" rel=\"noopener noreferrer nofollow\">(la couverture) <\/a><span><\/span>. Disponible \u00e0 l\u2019achat sur les plateformes Amazon, Fnac, Cultura \u2026.}<br \/>|{,<a href=\"https:\/\/fr.wikisource.org\/wiki\/Fin_de_vie_(notes_et_souvenirs)\/Chapitre_VI\" target=\"_blank\" rel=\"noopener noreferrer nofollow\">(la couverture) <\/a><span><\/span>. Disponible \u00e0 l\u2019achat sur les plateformes Amazon, Fnac, Cultura \u2026.}<br \/>|{,<a href=\"https:\/\/fr.wikisource.org\/wiki\/Fran%C3%A7ais,_reprenez_le_pouvoir_!\" target=\"_blank\" rel=\"noopener noreferrer nofollow\">(la couverture) <\/a><span><\/span>. Disponible \u00e0 l\u2019achat sur les plateformes Amazon, Fnac, Cultura \u2026.}<br \/>|{,<a href=\"https:\/\/booknode.com\/french_communism_in_the_making_1914_1924_02478405\" target=\"_blank\" rel=\"noopener noreferrer nofollow\">(la couverture) <\/a><span><\/span>.}<br \/>|{,<a href=\"https:\/\/booknode.com\/generation_melenchon_03426530\" target=\"_blank\" rel=\"noopener noreferrer nofollow\">(la couverture) <\/a><span><\/span>. Disponible \u00e0 l\u2019achat sur les plateformes Amazon, Fnac, Cultura \u2026.}<br \/>|{,<a href=\"https:\/\/www.kobo.com\/fr\/fr\/ebook\/generation-thatcher\" target=\"_blank\" rel=\"noopener noreferrer nofollow\">(la couverture) <\/a><span><\/span>.}<br \/>|{,<a href=\"https:\/\/www.kobo.com\/fr\/fr\/ebook\/george-orwell-16\" target=\"_blank\" rel=\"noopener noreferrer nofollow\">(la couverture) <\/a><span><\/span>.}<br \/>|{,<a href=\"https:\/\/fr.wikisource.org\/wiki\/George_Sand_aux_riches\" target=\"_blank\" rel=\"noopener noreferrer nofollow\">(la couverture) <\/a><span><\/span>.}<br \/>|{,<a href=\"https:\/\/fr.wikisource.org\/wiki\/George_Sand,_sa_vie_et_ses_%C5%93uvres\/4\/8\" target=\"_blank\" rel=\"noopener noreferrer nofollow\">(la couverture) <\/a><span><\/span>. Disponible \u00e0 l\u2019achat sur les plateformes Amazon, Fnac, Cultura \u2026.}<br \/>|{,<a href=\"https:\/\/fr.wikisource.org\/wiki\/Giraud_Teulon._%E2%80%94_Les_Origines_de_la_famille\" target=\"_blank\" rel=\"noopener noreferrer nofollow\">(la couverture) <\/a><span><\/span>.}<br \/>|{,<a href=\"https:\/\/www.kobo.com\/fr\/fr\/ebook\/gouverner-sans-gouverner\" target=\"_blank\" rel=\"noopener noreferrer nofollow\">(la couverture) <\/a><span><\/span>.}<br \/>|{,<a href=\"https:\/\/fr.wikisource.org\/wiki\/Grand_dictionnaire_universel_du_XIXe_si%C3%A8cle\/antigouvernemental,_ale_adj.\" target=\"_blank\" rel=\"noopener noreferrer nofollow\">(la couverture) <\/a><span><\/span>. Disponible \u00e0 l\u2019achat sur les plateformes Amazon, Fnac, Cultura \u2026.}<br \/>|{,<a href=\"https:\/\/fr.wikisource.org\/wiki\/Grand_dictionnaire_universel_du_XIXe_si%C3%A8cle\/BABEUF_(Fran%C3%A7ois-No%C3%ABl),_%C3%A9crivain_politique_et_conspirateur\" target=\"_blank\" rel=\"noopener noreferrer nofollow\">(la couverture) <\/a><span><\/span>.}<br \/>|{,<a href=\"https:\/\/fr.wikisource.org\/wiki\/Grand_dictionnaire_universel_du_XIXe_si%C3%A8cle\/R%C3%A9volution_sociale_(LA),_d%C3%A9montr%C3%A9e_par_le_coup_d%E2%80%99%C3%89tat_du_2_d%C3%A9cembre,_par_P.-J._Proudhon\" target=\"_blank\" rel=\"noopener noreferrer nofollow\">(la couverture) <\/a><span><\/span>.}<br \/>|{,<a href=\"https:\/\/fr.wikisource.org\/wiki\/Grand_dictionnaire_universel_du_XIXe_si%C3%A8cle\/Socialiser_v._a._ou_tr.\" target=\"_blank\" rel=\"noopener noreferrer nofollow\">(la couverture) <\/a><span><\/span>.}<br \/>|{,<a href=\"https:\/\/fr.wikisource.org\/wiki\/Grand_dictionnaire_universel_du_XIXe_si%C3%A8cle\/Socialisme_s._m.\" target=\"_blank\" rel=\"noopener noreferrer nofollow\">(la couverture) <\/a><span><\/span>.}<br \/>|{,<a href=\"https:\/\/fr.wikisource.org\/wiki\/Grand_dictionnaire_universel_du_XIXe_si%C3%A8cle\/Socialisme_s._m.\" target=\"_blank\" rel=\"noopener noreferrer nofollow\">(la couverture) <\/a><span><\/span>.}<br \/>|{,<a href=\"https:\/\/fr.wikisource.org\/wiki\/Grand_dictionnaire_universel_du_XIXe_si%C3%A8cle\/Socialiste_adj.\" target=\"_blank\" rel=\"noopener noreferrer nofollow\">(la couverture) <\/a><span><\/span>. Disponible \u00e0 l\u2019achat sur les plateformes Amazon, Fnac, Cultura \u2026.}<br \/>|{,<a href=\"https:\/\/fr.wikisource.org\/wiki\/Gratuit%C3%A9_du_cr%C3%A9dit\/Lettre_3\" target=\"_blank\" rel=\"noopener noreferrer nofollow\">(la couverture) <\/a><span><\/span>. Disponible \u00e0 l\u2019achat sur les plateformes Amazon, Fnac, Cultura \u2026.}<br \/>|{,<a href=\"https:\/\/fr.wikisource.org\/wiki\/Gratuit%C3%A9_du_cr%C3%A9dit\/Lettre_4\" target=\"_blank\" rel=\"noopener noreferrer nofollow\">(la couverture) <\/a><span><\/span>. Disponible \u00e0 l\u2019achat sur les plateformes Amazon, Fnac, Cultura \u2026.}<br \/>|{,<a href=\"https:\/\/fr.wikisource.org\/wiki\/Gratuit%C3%A9_du_cr%C3%A9dit\/Lettre_4\" target=\"_blank\" rel=\"noopener noreferrer nofollow\">(la couverture) <\/a><span><\/span>.}<br \/>|{,<a href=\"https:\/\/fr.wikisource.org\/wiki\/Gratuit%C3%A9_du_cr%C3%A9dit\/Lettre_5\" target=\"_blank\" rel=\"noopener noreferrer nofollow\">(la couverture) <\/a><span><\/span>.}<br \/>|{,<a href=\"https:\/\/fr.wikisource.org\/wiki\/Gratuit%C3%A9_du_cr%C3%A9dit\/Texte_entier\" target=\"_blank\" rel=\"noopener noreferrer nofollow\">(la couverture) <\/a><span><\/span>.}<br \/>|{,<a href=\"https:\/\/fr.wikisource.org\/wiki\/Guide_bibliographique_de_la_litt%C3%A9rature_fran%C3%A7aise_de_1800_%C3%A0_1906\/C\" target=\"_blank\" rel=\"noopener noreferrer nofollow\">(la couverture) <\/a><span><\/span>.}<br \/>|{,<a href=\"https:\/\/fr.wikisource.org\/wiki\/Guide_bibliographique_de_la_litt%C3%A9rature_fran%C3%A7aise_de_1800_%C3%A0_1906\/F\" target=\"_blank\" rel=\"noopener noreferrer nofollow\">(la couverture) <\/a><span><\/span>.}<br \/>|{,<a href=\"https:\/\/fr.wikisource.org\/wiki\/Guide_bibliographique_de_la_litt%C3%A9rature_fran%C3%A7aise_de_1800_%C3%A0_1906\/P\" target=\"_blank\" rel=\"noopener noreferrer nofollow\">(la couverture) <\/a><span><\/span>. Disponible \u00e0 l\u2019achat sur les plateformes Amazon, Fnac, Cultura \u2026.}<br \/>|{,<a href=\"https:\/\/fr.wikisource.org\/wiki\/Guide_bibliographique_de_la_litt%C3%A9rature_fran%C3%A7aise_de_1800_%C3%A0_1906\/T\" target=\"_blank\" rel=\"noopener noreferrer nofollow\">(la couverture) <\/a><span><\/span>.}<br \/>|{,<a href=\"https:\/\/fr.wikisource.org\/wiki\/Harmonies_%C3%A9conomiques\/Chapitre_12\" target=\"_blank\" rel=\"noopener noreferrer nofollow\">(la couverture) <\/a><span><\/span>.}<br \/>|{,<a href=\"https:\/\/fr.wikisource.org\/wiki\/Harmonies_%C3%A9conomiques\/Chapitre_22\" target=\"_blank\" rel=\"noopener noreferrer nofollow\">(la couverture) <\/a><span><\/span>.}<br \/>|{,<a href=\"https:\/\/fr.wikisource.org\/wiki\/Harmonies_%C3%A9conomiques\/Chapitre_23\" target=\"_blank\" rel=\"noopener noreferrer nofollow\">(la couverture) <\/a><span><\/span>. Disponible \u00e0 l\u2019achat sur les plateformes Amazon, Fnac, Cultura \u2026.}<br \/>|{,<a href=\"https:\/\/fr.wikisource.org\/wiki\/Harmonies_%C3%A9conomiques\/Chapitre_8\" target=\"_blank\" rel=\"noopener noreferrer nofollow\">(la couverture) <\/a><span><\/span>. Disponible \u00e0 l\u2019achat sur les plateformes Amazon, Fnac, Cultura \u2026.}<br \/>|{,<a href=\"https:\/\/fr.wikisource.org\/wiki\/Histoire_de_la_R%C3%A9volution_de_1848\/Chapitre_22\" target=\"_blank\" rel=\"noopener noreferrer nofollow\">(la couverture) <\/a><span><\/span>.}<br \/>|{,<a href=\"https:\/\/fr.wikisource.org\/wiki\/Histoire_de_la_R%C3%A9volution_de_1848\/Chapitre_27\" target=\"_blank\" rel=\"noopener noreferrer nofollow\">(la couverture) <\/a><span><\/span>. Disponible \u00e0 l\u2019achat sur les plateformes Amazon, Fnac, Cultura \u2026.}<br \/>|{,<a href=\"https:\/\/fr.wikisource.org\/wiki\/Histoire_de_la_R%C3%A9volution_de_1848\/Introduction\" target=\"_blank\" rel=\"noopener noreferrer nofollow\">(la couverture) <\/a><span><\/span>.}<br \/>|{,<a href=\"https:\/\/fr.wikisource.org\/wiki\/Histoire_de_la_R%C3%A9volution_fran%C3%A7aise_(Michelet)\/Pr%C3%A9face_de_1868\" target=\"_blank\" rel=\"noopener noreferrer nofollow\">(la couverture) <\/a><span><\/span>.}<br \/>|{,<a href=\"https:\/\/fr.wikisource.org\/wiki\/Histoire_de_l%27abbaye_de_Morimond\" target=\"_blank\" rel=\"noopener noreferrer nofollow\">(la couverture) <\/a><span><\/span>.}<br \/>|{,<a href=\"https:\/\/www.kobo.com\/fr\/fr\/ebook\/histoire-de-l-ecologie-politique\" target=\"_blank\" rel=\"noopener noreferrer nofollow\">(la couverture) <\/a><span><\/span>. Disponible \u00e0 l\u2019achat sur les plateformes Amazon, Fnac, Cultura \u2026.}<br \/>|{,<a href=\"https:\/\/fr.wikisource.org\/wiki\/Histoire_de_trois_g%C3%A9n%C3%A9rations_(Jacques_Bainville)\/Chapitre_4\" target=\"_blank\" rel=\"noopener noreferrer nofollow\">(la couverture) <\/a><span><\/span>.}<br \/>|{,<a href=\"https:\/\/fr.wikisource.org\/wiki\/Histoire_des_doctrines_%C3%A9conomiques\" target=\"_blank\" rel=\"noopener noreferrer nofollow\">(la couverture) <\/a><span><\/span>. Disponible \u00e0 l\u2019achat sur les plateformes Amazon, Fnac, Cultura \u2026.}<br \/>|{,<a href=\"https:\/\/fr.wikisource.org\/wiki\/Histoire_des_doctrines_%C3%A9conomiques\/0-2\" target=\"_blank\" rel=\"noopener noreferrer nofollow\">(la couverture) <\/a><span><\/span>.}<br \/>|{,<a href=\"https:\/\/fr.wikisource.org\/wiki\/Histoire_des_doctrines_%C3%A9conomiques\/1-2-1\" target=\"_blank\" rel=\"noopener noreferrer nofollow\">(la couverture) <\/a><span><\/span>. Disponible \u00e0 l\u2019achat sur les plateformes Amazon, Fnac, Cultura \u2026.}<br \/>|{,<a href=\"https:\/\/fr.wikisource.org\/wiki\/Histoire_des_doctrines_%C3%A9conomiques\/2-10-1\" target=\"_blank\" rel=\"noopener noreferrer nofollow\">(la couverture) <\/a><span><\/span>. Disponible \u00e0 l\u2019achat sur les plateformes Amazon, Fnac, Cultura \u2026.}<br \/>|{,<a href=\"https:\/\/fr.wikisource.org\/wiki\/Histoire_des_doctrines_%C3%A9conomiques\/2-8\" target=\"_blank\" rel=\"noopener noreferrer nofollow\">(la couverture) <\/a><span><\/span>.}<br \/>|{,<a href=\"https:\/\/fr.wikisource.org\/wiki\/Histoire_des_doctrines_%C3%A9conomiques\/3-2-3\" target=\"_blank\" rel=\"noopener noreferrer nofollow\">(la couverture) <\/a><span><\/span>.}<br \/>|{,<a href=\"https:\/\/fr.wikisource.org\/wiki\/Histoire_des_doctrines_%C3%A9conomiques\/3-3\" target=\"_blank\" rel=\"noopener noreferrer nofollow\">(la couverture) <\/a><span><\/span>. Disponible \u00e0 l\u2019achat sur les plateformes Amazon, Fnac, Cultura \u2026.}<br \/>|{,<a href=\"https:\/\/fr.wikisource.org\/wiki\/Histoire_des_doctrines_%C3%A9conomiques\/3-4\" target=\"_blank\" rel=\"noopener noreferrer nofollow\">(la couverture) <\/a><span><\/span>.}<br \/>|{,<a href=\"https:\/\/fr.wikisource.org\/wiki\/Histoire_des_doctrines_%C3%A9conomiques\/4-1\" target=\"_blank\" rel=\"noopener noreferrer nofollow\">(la couverture) <\/a><span><\/span>. Disponible \u00e0 l\u2019achat sur les plateformes Amazon, Fnac, Cultura \u2026.}<br \/>|{,<a href=\"https:\/\/fr.wikisource.org\/wiki\/Histoire_des_doctrines_%C3%A9conomiques\/4-1\" target=\"_blank\" rel=\"noopener noreferrer nofollow\">(la couverture) <\/a><span><\/span>.}<br \/>|{,<a href=\"https:\/\/fr.wikisource.org\/wiki\/Histoire_des_doctrines_%C3%A9conomiques\/4-2\" target=\"_blank\" rel=\"noopener noreferrer nofollow\">(la couverture) <\/a><span><\/span>. Disponible \u00e0 l\u2019achat sur les plateformes Amazon, Fnac, Cultura \u2026.}<br \/>|{,<a href=\"https:\/\/fr.wikisource.org\/wiki\/Histoire_des_doctrines_%C3%A9conomiques\/4-2\" target=\"_blank\" rel=\"noopener noreferrer nofollow\">(la couverture) <\/a><span><\/span>. Disponible \u00e0 l\u2019achat sur les plateformes Amazon, Fnac, Cultura \u2026.}<br \/>|{,<a href=\"https:\/\/fr.wikisource.org\/wiki\/Histoire_des_doctrines_%C3%A9conomiques\/4-3\" target=\"_blank\" rel=\"noopener noreferrer nofollow\">(la couverture) <\/a><span><\/span>. Disponible \u00e0 l\u2019achat sur les plateformes Amazon, Fnac, Cultura \u2026.}<br \/>|{,<a href=\"https:\/\/fr.wikisource.org\/wiki\/Histoire_des_doctrines_%C3%A9conomiques\/4-3\" target=\"_blank\" rel=\"noopener noreferrer nofollow\">(la couverture) <\/a><span><\/span>.}<br \/>|{,<a href=\"https:\/\/fr.wikisource.org\/wiki\/Histoire_des_doctrines_%C3%A9conomiques\/4-4\" target=\"_blank\" rel=\"noopener noreferrer nofollow\">(la couverture) <\/a><span><\/span>. Disponible \u00e0 l\u2019achat sur les plateformes Amazon, Fnac, Cultura \u2026.}<br \/>|{,<a href=\"https:\/\/fr.wikisource.org\/wiki\/Histoire_des_doctrines_%C3%A9conomiques\/4-4\" target=\"_blank\" rel=\"noopener noreferrer nofollow\">(la couverture) <\/a><span><\/span>.}<br \/>|{,<a href=\"https:\/\/fr.wikisource.org\/wiki\/Histoire_des_doctrines_%C3%A9conomiques\/4-5-1\" target=\"_blank\" rel=\"noopener noreferrer nofollow\">(la couverture) <\/a><span><\/span>.}<br \/>|{,<a href=\"https:\/\/fr.wikisource.org\/wiki\/Histoire_des_doctrines_%C3%A9conomiques\/4-5-2\" target=\"_blank\" rel=\"noopener noreferrer nofollow\">(la couverture) <\/a><span><\/span>.}<br \/>|{,<a href=\"https:\/\/fr.wikisource.org\/wiki\/Histoire_des_doctrines_%C3%A9conomiques\/4-5-2\" target=\"_blank\" rel=\"noopener noreferrer nofollow\">(la couverture) <\/a><span><\/span>. Disponible \u00e0 l\u2019achat sur les plateformes Amazon, Fnac, Cultura \u2026.}<br \/>|{,<a href=\"https:\/\/fr.wikisource.org\/wiki\/Histoire_des_doctrines_%C3%A9conomiques\/4-5-3\" target=\"_blank\" rel=\"noopener noreferrer nofollow\">(la couverture) <\/a><span><\/span>.}<br \/>|{,<a href=\"https:\/\/fr.wikisource.org\/wiki\/Histoire_des_doctrines_%C3%A9conomiques\/4-5-4\" target=\"_blank\" rel=\"noopener noreferrer nofollow\">(la couverture) <\/a><span><\/span>.}<br \/>|{,<a href=\"https:\/\/fr.wikisource.org\/wiki\/Histoire_des_doctrines_%C3%A9conomiques\/4-6-1\" target=\"_blank\" rel=\"noopener noreferrer nofollow\">(la couverture) <\/a><span><\/span>.}<br \/>|{,<a href=\"https:\/\/fr.wikisource.org\/wiki\/Histoire_des_doctrines_%C3%A9conomiques\/4-6-2\" target=\"_blank\" rel=\"noopener noreferrer nofollow\">(la couverture) <\/a><span><\/span>.}<br \/>|{,<a href=\"https:\/\/fr.wikisource.org\/wiki\/Histoire_des_doctrines_%C3%A9conomiques\/TAS\" target=\"_blank\" rel=\"noopener noreferrer nofollow\">(la couverture) <\/a><span><\/span>. Disponible \u00e0 l\u2019achat sur les plateformes Amazon, Fnac, Cultura \u2026.}<br \/>|{,<a href=\"https:\/\/fr.wikisource.org\/wiki\/Histoire_des_doctrines_%C3%A9conomiques\/TAS\" target=\"_blank\" rel=\"noopener noreferrer nofollow\">(la couverture) <\/a><span><\/span>.}<br \/>|{,<a href=\"https:\/\/fr.wikisource.org\/wiki\/Histoire_des_doctrines_%C3%A9conomiques\/TDM\" target=\"_blank\" rel=\"noopener noreferrer nofollow\">(la couverture) <\/a><span><\/span>.}<br \/>|{,<a href=\"https:\/\/fr.wikisource.org\/wiki\/Histoire_des_Juifs\/Troisi%C3%A8me_p%C3%A9riode,_premi%C3%A8re_%C3%A9poque,_chapitre_IX\" target=\"_blank\" rel=\"noopener noreferrer nofollow\">(la couverture) <\/a><span><\/span>.}<br \/>|{,<a href=\"https:\/\/fr.wikisource.org\/wiki\/Histoire_des_Juifs\/Troisi%C3%A8me_p%C3%A9riode,_premi%C3%A8re_%C3%A9poque,_chapitre_XI\" target=\"_blank\" rel=\"noopener noreferrer nofollow\">(la couverture) <\/a><span><\/span>.}<br \/>|{,<a href=\"https:\/\/booknode.com\/histoire_du_communisme_02906733\" target=\"_blank\" rel=\"noopener noreferrer nofollow\">(la couverture) <\/a><span><\/span>.}<br \/>|{,<a href=\"https:\/\/booknode.com\/histoire_du_socialisme_europeen_redigee_dapres_des_notes_de_cours_par_un_groupe_damis_et_deleves_delie_halevy_052768\" target=\"_blank\" rel=\"noopener noreferrer nofollow\">(la couverture) <\/a><span><\/span>.}<br \/>|{,<a href=\"https:\/\/booknode.com\/histoire_du_socialisme_francais_022758\" target=\"_blank\" rel=\"noopener noreferrer nofollow\">(la couverture) <\/a><span><\/span>.}<br \/>|{,<a href=\"https:\/\/fr.wikisource.org\/wiki\/Histoire_financi%C3%A8re_-_Le_budget_socialiste\" target=\"_blank\" rel=\"noopener noreferrer nofollow\">(la couverture) <\/a><span><\/span>. Disponible \u00e0 l\u2019achat sur les plateformes Amazon, Fnac, Cultura \u2026.}<br \/>|{,<a href=\"https:\/\/fr.wikisource.org\/wiki\/Histoire_g%C3%A9n%C3%A9rale_du_f%C3%A9minisme_(Abensour)\/Gr%C3%A8ce\" target=\"_blank\" rel=\"noopener noreferrer nofollow\">(la couverture) <\/a><span><\/span>. Disponible \u00e0 l\u2019achat sur les plateformes Amazon, Fnac, Cultura \u2026.}<br \/>|{,<a href=\"https:\/\/www.kobo.com\/fr\/fr\/ebook\/histoire-philosophique-et-politique-de-l-occulte-2\" target=\"_blank\" rel=\"noopener noreferrer nofollow\">(la couverture) <\/a><span><\/span>. Disponible \u00e0 l\u2019achat sur les plateformes Amazon, Fnac, Cultura \u2026.}<br \/>|{,<a href=\"https:\/\/www.kobo.com\/fr\/fr\/ebook\/histoire-politique-de-la-france-iiie-ive-ve-republiques-1870-a-nos-jours\" target=\"_blank\" rel=\"noopener noreferrer nofollow\">(la couverture) <\/a><span><\/span>.}<br \/>|{,<a href=\"https:\/\/www.kobo.com\/fr\/fr\/ebook\/histoire-politique-de-la-france-depuis-1945-11e-ed\" target=\"_blank\" rel=\"noopener noreferrer nofollow\">(la couverture) <\/a><span><\/span>. Disponible \u00e0 l\u2019achat sur les plateformes Amazon, Fnac, Cultura \u2026.}<br \/>|{,<a href=\"https:\/\/www.kobo.com\/fr\/fr\/ebook\/histoire-politique-de-la-monarchie-anglo-saxonne-449-1066-1\" target=\"_blank\" rel=\"noopener noreferrer nofollow\">(la couverture) <\/a><span><\/span>. Disponible \u00e0 l\u2019achat sur les plateformes Amazon, Fnac, Cultura \u2026.}<br \/>|{,<a href=\"https:\/\/www.kobo.com\/fr\/fr\/ebook\/histoire-politique-de-la-revolution-francaise\" target=\"_blank\" rel=\"noopener noreferrer nofollow\">(la couverture) <\/a><span><\/span>. Disponible \u00e0 l\u2019achat sur les plateformes Amazon, Fnac, Cultura \u2026.}<br \/>|{,<a href=\"https:\/\/www.kobo.com\/fr\/fr\/ebook\/histoire-politique-de-la-roue\" target=\"_blank\" rel=\"noopener noreferrer nofollow\">(la couverture) <\/a><span><\/span>. Disponible \u00e0 l\u2019achat sur les plateformes Amazon, Fnac, Cultura \u2026.}<br \/>|{,<a href=\"https:\/\/www.kobo.com\/fr\/fr\/ebook\/histoire-politique-de-la-ve-republique\" target=\"_blank\" rel=\"noopener noreferrer nofollow\">(la couverture) <\/a><span><\/span>.}<br \/>|{,<a href=\"https:\/\/www.kobo.com\/fr\/fr\/ebook\/histoire-politique-de-l-affaire-dreyfus\" target=\"_blank\" rel=\"noopener noreferrer nofollow\">(la couverture) <\/a><span><\/span>.}<br \/>|{,<a href=\"https:\/\/www.kobo.com\/fr\/fr\/ebook\/histoire-politique-de-l-italie-depuis-1945-1\" target=\"_blank\" rel=\"noopener noreferrer nofollow\">(la couverture) <\/a><span><\/span>. Disponible \u00e0 l\u2019achat sur les plateformes Amazon, Fnac, Cultura \u2026.}<br \/>|{,<a href=\"https:\/\/www.kobo.com\/fr\/fr\/ebook\/histoire-politique-de-l-italie-depuis-1945\" target=\"_blank\" rel=\"noopener noreferrer nofollow\">(la couverture) <\/a><span><\/span>.}<br \/>|{,<a href=\"https:\/\/fr.wikisource.org\/wiki\/Histoire_socialiste_de_la_France_contemporaine\/Tome_XII\/Conclusion\" target=\"_blank\" rel=\"noopener noreferrer nofollow\">(la couverture) <\/a><span><\/span>.}<br \/>|{,<a href=\"https:\/\/fr.wikisource.org\/wiki\/Histoire_socialiste_de_la_France_contemporaine\/Tome_XII\/Conclusion\" target=\"_blank\" rel=\"noopener noreferrer nofollow\">(la couverture) <\/a><span><\/span>.}<br \/>|{,<a href=\"https:\/\/fr.wikisource.org\/wiki\/Histoire_socialiste\/Introduction\" target=\"_blank\" rel=\"noopener noreferrer nofollow\">(la couverture) <\/a><span><\/span>. Disponible \u00e0 l\u2019achat sur les plateformes Amazon, Fnac, Cultura \u2026.}<br \/>|{,<a href=\"https:\/\/fr.wikisource.org\/wiki\/Histoire_socialiste\/Introduction\" target=\"_blank\" rel=\"noopener noreferrer nofollow\">(la couverture) <\/a><span><\/span>. Disponible \u00e0 l\u2019achat sur les plateformes Amazon, Fnac, Cultura \u2026.}<br \/>|{,<a href=\"https:\/\/fr.wikisource.org\/wiki\/Histoire_socialiste\/La_Constituante\/Les_%C3%89lections_et_les_cahiers\" target=\"_blank\" rel=\"noopener noreferrer nofollow\">(la couverture) <\/a><span><\/span>.}<br \/>|{,<a href=\"https:\/\/fr.wikisource.org\/wiki\/Histoire_socialiste\/La_Convention\/Les_id%C3%A9es_sociales_de_la_Convention\" target=\"_blank\" rel=\"noopener noreferrer nofollow\">(la couverture) <\/a><span><\/span>.}<br \/>|{,<a href=\"https:\/\/fr.wikisource.org\/wiki\/Histoire_socialiste\/La_R%C3%A9publique_de_1848\/P1-03\" target=\"_blank\" rel=\"noopener noreferrer nofollow\">(la couverture) <\/a><span><\/span>.}<br \/>|{,<a href=\"https:\/\/fr.wikisource.org\/wiki\/Histoire_socialiste\/La_R%C3%A9publique_de_1848\/P1-11\" target=\"_blank\" rel=\"noopener noreferrer nofollow\">(la couverture) <\/a><span><\/span>.}<br \/>|{,<a href=\"https:\/\/fr.wikisource.org\/wiki\/Histoire_socialiste\/La_R%C3%A9publique_de_1848\/P1-14\" target=\"_blank\" rel=\"noopener noreferrer nofollow\">(la couverture) <\/a><span><\/span>. Disponible \u00e0 l\u2019achat sur les plateformes Amazon, Fnac, Cultura \u2026.}<br \/>|{,<a href=\"https:\/\/fr.wikisource.org\/wiki\/Histoire_socialiste\/La_R%C3%A9publique_de_1848\/P2-02\" target=\"_blank\" rel=\"noopener noreferrer nofollow\">(la couverture) <\/a><span><\/span>. Disponible \u00e0 l\u2019achat sur les plateformes Amazon, Fnac, Cultura \u2026.}<br \/>|{,<a href=\"https:\/\/fr.wikisource.org\/wiki\/Histoire_socialiste\/La_R%C3%A9publique_de_1848\/P2-09\" target=\"_blank\" rel=\"noopener noreferrer nofollow\">(la couverture) <\/a><span><\/span>.}<br \/>|{,<a href=\"https:\/\/fr.wikisource.org\/wiki\/Histoire_socialiste\/La_Restauration\/19\" target=\"_blank\" rel=\"noopener noreferrer nofollow\">(la couverture) <\/a><span><\/span>.}<br \/>|{,<a href=\"https:\/\/fr.wikisource.org\/wiki\/Histoire_socialiste\/La_Troisi%C3%A8me_R%C3%A9publique\" target=\"_blank\" rel=\"noopener noreferrer nofollow\">(la couverture) <\/a><span><\/span>.}<br \/>|{,<a href=\"https:\/\/fr.wikisource.org\/wiki\/Histoire_socialiste\/La_Troisi%C3%A8me_R%C3%A9publique\/03\" target=\"_blank\" rel=\"noopener noreferrer nofollow\">(la couverture) <\/a><span><\/span>.}<br \/>|{,<a href=\"https:\/\/fr.wikisource.org\/wiki\/Histoire_socialiste\/La_Troisi%C3%A8me_R%C3%A9publique\/03\" target=\"_blank\" rel=\"noopener noreferrer nofollow\">(la couverture) <\/a><span><\/span>. Disponible \u00e0 l\u2019achat sur les plateformes Amazon, Fnac, Cultura \u2026.}<br \/>|{,<a href=\"https:\/\/fr.wikisource.org\/wiki\/Histoire_socialiste\/La_Troisi%C3%A8me_R%C3%A9publique\/05\" target=\"_blank\" rel=\"noopener noreferrer nofollow\">(la couverture) <\/a><span><\/span>.}<br \/>|{,<a href=\"https:\/\/fr.wikisource.org\/wiki\/Histoire_socialiste\/La_Troisi%C3%A8me_R%C3%A9publique\/Table\" target=\"_blank\" rel=\"noopener noreferrer nofollow\">(la couverture) <\/a><span><\/span>. Disponible \u00e0 l\u2019achat sur les plateformes Amazon, Fnac, Cultura \u2026.}<br \/>|{,<a href=\"https:\/\/fr.wikisource.org\/wiki\/Histoire_socialiste\/Le_r%C3%A8gne_de_Louis-Philippe\/P4-04\" target=\"_blank\" rel=\"noopener noreferrer nofollow\">(la couverture) <\/a><span><\/span>.}<br \/>|{,<a href=\"https:\/\/fr.wikisource.org\/wiki\/Histoire_socialiste\/Le_r%C3%A8gne_de_Louis-Philippe\/P4-05\" target=\"_blank\" rel=\"noopener noreferrer nofollow\">(la couverture) <\/a><span><\/span>.}<br \/>|{,<a href=\"https:\/\/fr.wikisource.org\/wiki\/Histoire_socialiste\/Le_r%C3%A8gne_de_Louis-Philippe\/P4-10\" target=\"_blank\" rel=\"noopener noreferrer nofollow\">(la couverture) <\/a><span><\/span>.}<br \/>|{,<a href=\"https:\/\/fr.wikisource.org\/wiki\/Histoire_socialiste\/Le_Second_Empire\/Pr%C3%A9face\" target=\"_blank\" rel=\"noopener noreferrer nofollow\">(la couverture) <\/a><span><\/span>. Disponible \u00e0 l\u2019achat sur les plateformes Amazon, Fnac, Cultura \u2026.}<br \/>|{,<a href=\"https:\/\/fr.wikisource.org\/wiki\/Histoire_socialiste\/Thermidor_et_Directoire\/01\" target=\"_blank\" rel=\"noopener noreferrer nofollow\">(la couverture) <\/a><span><\/span>.}<br \/>|{,<a href=\"https:\/\/fr.wikisource.org\/wiki\/Histoires,_l%C3%A9gendes,_destins\/08\" target=\"_blank\" rel=\"noopener noreferrer nofollow\">(la couverture) <\/a><span><\/span>.}<br \/>|{,<a href=\"https:\/\/booknode.com\/hitler_et_lordre_noir_histoire_secrete_du_national_socialisme_01384095\" target=\"_blank\" rel=\"noopener noreferrer nofollow\">(la couverture) <\/a><span><\/span>.}<br \/>|{,<a href=\"https:\/\/booknode.com\/how_we_survived_communism_and_even_laughed_02068973\" target=\"_blank\" rel=\"noopener noreferrer nofollow\">(la couverture) <\/a><span><\/span>.}<br \/>|{,<a href=\"https:\/\/fr.wikisource.org\/wiki\/Hymne_de_l%27Union_sovi%C3%A9tique\" target=\"_blank\" rel=\"noopener noreferrer nofollow\">(la couverture) <\/a><span><\/span>. Disponible \u00e0 l\u2019achat sur les plateformes Amazon, Fnac, Cultura \u2026.}<br \/>|{,<a href=\"https:\/\/fr.wikisource.org\/wiki\/Ich_bin_ein_Berliner\" target=\"_blank\" rel=\"noopener noreferrer nofollow\">(la couverture) <\/a><span><\/span>.}<br \/>|{,<a href=\"https:\/\/fr.wikisource.org\/wiki\/Id%C3%A9es_sur_l%E2%80%99organisation_sociale\" target=\"_blank\" rel=\"noopener noreferrer nofollow\">(la couverture) <\/a><span><\/span>.}<br \/>|{,<a href=\"https:\/\/www.kobo.com\/fr\/fr\/ebook\/infirmites-et-inadaptation-sociale-pour-une-etude-socio-politique-de-l-integration-des-handicapes-dans-la-societe-capitaliste\" target=\"_blank\" rel=\"noopener noreferrer nofollow\">(la couverture) <\/a><span><\/span>.}<br \/>|{,<a href=\"https:\/\/fr.wikisource.org\/wiki\/Interet_et_principal\/1R\" target=\"_blank\" rel=\"noopener noreferrer nofollow\">(la couverture) <\/a><span><\/span>. Disponible \u00e0 l\u2019achat sur les plateformes Amazon, Fnac, Cultura \u2026.}<br \/>|{,<a href=\"https:\/\/fr.wikisource.org\/wiki\/Interet_et_principal\/2L\" target=\"_blank\" rel=\"noopener noreferrer nofollow\">(la couverture) <\/a><span><\/span>.}<br \/>|{,<a href=\"https:\/\/fr.wikisource.org\/wiki\/Interet_et_principal\/2L\" target=\"_blank\" rel=\"noopener noreferrer nofollow\">(la couverture) <\/a><span><\/span>.}<br \/>|{,<a href=\"https:\/\/fr.wikisource.org\/wiki\/Interet_et_principal\/2R\" target=\"_blank\" rel=\"noopener noreferrer nofollow\">(la couverture) <\/a><span><\/span>. Disponible \u00e0 l\u2019achat sur les plateformes Amazon, Fnac, Cultura \u2026.}<br \/>|{,<a href=\"https:\/\/booknode.com\/je_ne_me_tairai_plus_plaidoyer_pour_un_socialisme_populaire_03358418\" target=\"_blank\" rel=\"noopener noreferrer nofollow\">(la couverture) <\/a><span><\/span>.}<br \/>|{,<a href=\"https:\/\/www.kobo.com\/fr\/fr\/ebook\/je-t-aime-1\" target=\"_blank\" rel=\"noopener noreferrer nofollow\">(la couverture) <\/a><span><\/span>.}<br \/>|{,<a href=\"https:\/\/booknode.com\/jean_jaures_et_la_religion_du_socialisme_033812\" target=\"_blank\" rel=\"noopener noreferrer nofollow\">(la couverture) <\/a><span><\/span>. Disponible \u00e0 l\u2019achat sur les plateformes Amazon, Fnac, Cultura \u2026.}<br \/>|{,<a href=\"https:\/\/www.kobo.com\/fr\/fr\/ebook\/john-mctiernan\" target=\"_blank\" rel=\"noopener noreferrer nofollow\">(la couverture) <\/a><span><\/span>.}<br \/>|{,<a href=\"https:\/\/www.kobo.com\/fr\/fr\/ebook\/johnsons-shits-1\" target=\"_blank\" rel=\"noopener noreferrer nofollow\">(la couverture) <\/a><span><\/span>.}<br \/>|{,<a href=\"https:\/\/fr.wikisource.org\/wiki\/Joseph_Chamberlain_et_le_socialisme_d%E2%80%99%C3%89tat\" target=\"_blank\" rel=\"noopener noreferrer nofollow\">(la couverture) <\/a><span><\/span>.}<br \/>|{,<a href=\"https:\/\/fr.wikisource.org\/wiki\/Journal_d%E2%80%99un_%C3%A9crivain\/1873\/Articles_sur_la_politique_%C3%A9trang%C3%A8re\" target=\"_blank\" rel=\"noopener noreferrer nofollow\">(la couverture) <\/a><span><\/span>.}<br \/>|{,<a href=\"https:\/\/fr.wikisource.org\/wiki\/Journal_d%E2%80%99un_%C3%A9crivain\/1876\/Mars,_II\" target=\"_blank\" rel=\"noopener noreferrer nofollow\">(la couverture) <\/a><span><\/span>. Disponible \u00e0 l\u2019achat sur les plateformes Amazon, Fnac, Cultura \u2026.}<br \/>|{,<a href=\"https:\/\/fr.wikisource.org\/wiki\/Journal_d%E2%80%99un_%C3%A9crivain\/1877\/Mai-juin,_VII\" target=\"_blank\" rel=\"noopener noreferrer nofollow\">(la couverture) <\/a><span><\/span>. Disponible \u00e0 l\u2019achat sur les plateformes Amazon, Fnac, Cultura \u2026.}<br \/>|{,<a href=\"https:\/\/fr.wikisource.org\/wiki\/Journal_des_d%C3%A9bats\/1883\/03\/25\" target=\"_blank\" rel=\"noopener noreferrer nofollow\">(la couverture) <\/a><span><\/span>. Disponible \u00e0 l\u2019achat sur les plateformes Amazon, Fnac, Cultura \u2026.}<br \/>|{,<a href=\"https:\/\/fr.wikisource.org\/wiki\/Journal_des_%C3%A9conomistes\/15_d%C3%A9cembre_1849\/Introduction\" target=\"_blank\" rel=\"noopener noreferrer nofollow\">(la couverture) <\/a><span><\/span>. Disponible \u00e0 l\u2019achat sur les plateformes Amazon, Fnac, Cultura \u2026.}<br \/>|{,<a href=\"https:\/\/fr.wikisource.org\/wiki\/Journal_des_%C3%A9conomistes\/15_juillet_1848\/Chronique\" target=\"_blank\" rel=\"noopener noreferrer nofollow\">(la couverture) <\/a><span><\/span>.}<br \/>|{,<a href=\"https:\/\/www.kobo.com\/fr\/fr\/ebook\/justinien-un-empereur-de-gauche\" target=\"_blank\" rel=\"noopener noreferrer nofollow\">(la couverture) <\/a><span><\/span>.}<br \/>|{,<a href=\"https:\/\/fr.wikisource.org\/wiki\/Karl_Marx_(B._Malon)\" target=\"_blank\" rel=\"noopener noreferrer nofollow\">(la couverture) <\/a><span><\/span>.}<br \/>|{,<a href=\"https:\/\/fr.wikisource.org\/wiki\/Karl_Marx_devant_les_jur%C3%A9s_de_Cologne\" target=\"_blank\" rel=\"noopener noreferrer nofollow\">(la couverture) <\/a><span><\/span>.}<br \/>|{,<a href=\"https:\/\/fr.wikisource.org\/wiki\/L%E2%80%99Allemagne_politique\/01\" target=\"_blank\" rel=\"noopener noreferrer nofollow\">(la couverture) <\/a><span><\/span>.}<br \/>|{,<a href=\"https:\/\/fr.wikisource.org\/wiki\/L%E2%80%99Allemagne_politique\/02\" target=\"_blank\" rel=\"noopener noreferrer nofollow\">(la couverture) <\/a><span><\/span>. Disponible \u00e0 l\u2019achat sur les plateformes Amazon, Fnac, Cultura \u2026.}<br \/>|{,<a href=\"https:\/\/fr.wikisource.org\/wiki\/L%E2%80%99Anarchie_dans_l%E2%80%99%C3%A9volution_socialiste\" target=\"_blank\" rel=\"noopener noreferrer nofollow\">(la couverture) <\/a><span><\/span>. Disponible \u00e0 l\u2019achat sur les plateformes Amazon, Fnac, Cultura \u2026.}<br \/>|{,<a href=\"https:\/\/fr.wikisource.org\/wiki\/L%E2%80%99Anarchie,_sa_philosophie,_son_id%C3%A9al\" target=\"_blank\" rel=\"noopener noreferrer nofollow\">(la couverture) <\/a><span><\/span>.}<br \/>|{,<a href=\"https:\/\/fr.wikisource.org\/wiki\/L%E2%80%99Anarchie,_son_but,_ses_moyens\/17\" target=\"_blank\" rel=\"noopener noreferrer nofollow\">(la couverture) <\/a><span><\/span>.}<br \/>|{,<a href=\"https:\/\/fr.wikisource.org\/wiki\/L%E2%80%99Anarchie,_son_but,_ses_moyens\/23\" target=\"_blank\" rel=\"noopener noreferrer nofollow\">(la couverture) <\/a><span><\/span>.}<br \/>|{,<a href=\"https:\/\/fr.wikisource.org\/wiki\/L%E2%80%99Anarchie,_son_but,_ses_moyens\/5\" target=\"_blank\" rel=\"noopener noreferrer nofollow\">(la couverture) <\/a><span><\/span>.}<br \/>|{,<a href=\"https:\/\/fr.wikisource.org\/wiki\/L%E2%80%99Anarchisme_chr%C3%A9tien\" target=\"_blank\" rel=\"noopener noreferrer nofollow\">(la couverture) <\/a><span><\/span>.}<br \/>|{,<a href=\"https:\/\/fr.wikisource.org\/wiki\/L%E2%80%99Antis%C3%A9mitisme_(Lazare)\/XII\" target=\"_blank\" rel=\"noopener noreferrer nofollow\">(la couverture) <\/a><span><\/span>.}<br \/>|{,<a href=\"https:\/\/fr.wikisource.org\/wiki\/L%E2%80%99Arm%C3%A9e_nouvelle\/Chapitre_1\" target=\"_blank\" rel=\"noopener noreferrer nofollow\">(la couverture) <\/a><span><\/span>.}<br \/>|{,<a href=\"https:\/\/fr.wikisource.org\/wiki\/L%E2%80%99Art_bouddhique\/Introduction\" target=\"_blank\" rel=\"noopener noreferrer nofollow\">(la couverture) <\/a><span><\/span>.}<br \/>}<\/p>\n<p>{{L\u2019Art bouddhique\/Introduction.,<a href=\"https:\/\/fr.wikisource.org\/wiki\/L%E2%80%99Art_bouddhique\/Introduction\" target=\"_blank\" rel=\"noopener noreferrer nofollow\">Le livre <\/a><span><\/span>.}<br \/>|{,<a href=\"https:\/\/fr.wikisource.org\/wiki\/L%E2%80%99Ath%C3%A9isme_allemand_et_le_socialisme_fran%C3%A7ais_-_M._Charles_Gr%C3%BCn_et_M._Proudhon\" target=\"_blank\" rel=\"noopener noreferrer nofollow\">Clicker Ici <\/a><span><\/span>.}<br \/>|{,<a href=\"https:\/\/fr.wikisource.org\/wiki\/L%E2%80%99%C3%89conomie_politique_et_la_justice\/Introduction\" target=\"_blank\" rel=\"noopener noreferrer nofollow\">A voir et \u00e0 lire. <\/a><span><\/span>.}<br \/>|{,<a href=\"https:\/\/fr.wikisource.org\/wiki\/L%E2%80%99%C3%89conomie_politique_et_le_Socialisme\" target=\"_blank\" rel=\"noopener noreferrer nofollow\">Ouvrage <\/a><span><\/span>. A emprunter en biblioth\u00e8que.}<br \/>|{,<a href=\"https:\/\/fr.wikisource.org\/wiki\/L%E2%80%99Effet_des_pers%C3%A9cutions\" target=\"_blank\" rel=\"noopener noreferrer nofollow\">Le livre <\/a><span><\/span>. Ouvrage de r\u00e9f\u00e9rence.}<br \/>|{,<a href=\"https:\/\/fr.wikisource.org\/wiki\/L%E2%80%99%C3%A9lite_chinoise\/VI\" target=\"_blank\" rel=\"noopener noreferrer nofollow\">(la couverture) <\/a><span><\/span>. Disponible \u00e0 l\u2019achat sur les plateformes Amazon, Fnac, Cultura \u2026.}<br \/>|{,<a href=\"https:\/\/fr.wikisource.org\/wiki\/L%E2%80%99%C3%A9mancipation_de_la_femme\/15\" target=\"_blank\" rel=\"noopener noreferrer nofollow\">Le livre <\/a><span><\/span>.}<br \/>|{,<a href=\"https:\/\/fr.wikisource.org\/wiki\/L%E2%80%99%C3%A9mancipation_de_la_femme\/18\" target=\"_blank\" rel=\"noopener noreferrer nofollow\">Clicker Ici <\/a><span><\/span>. Disponible dans toutes les bonnes biblioth\u00e8ques de votre d\u00e9partement.}<br \/>|{,<a href=\"https:\/\/fr.wikisource.org\/wiki\/L%E2%80%99Empereur_Soulouque_et_son_empire\" target=\"_blank\" rel=\"noopener noreferrer nofollow\">A voir et \u00e0 lire. <\/a><span><\/span>. Disponible sur internet.}<br \/>|{,<a href=\"https:\/\/fr.wikisource.org\/wiki\/L%E2%80%99Empire_des_tsars_et_les_Russes\/Tome_1\/Livre_8\/Chapitre_1\" target=\"_blank\" rel=\"noopener noreferrer nofollow\">Ouvrage <\/a><span><\/span>. A emprunter en biblioth\u00e8que.}<br \/>|{,<a href=\"https:\/\/fr.wikisource.org\/wiki\/L%E2%80%99Empire_des_tsars_et_les_Russes\/Tome_1\/Livre_8\/Chapitre_3\" target=\"_blank\" rel=\"noopener noreferrer nofollow\">Le livre <\/a><span><\/span>. Ouvrage de r\u00e9f\u00e9rence.}<br \/>|{,<a href=\"https:\/\/fr.wikisource.org\/wiki\/L%E2%80%99Empire_des_tsars_et_les_Russes\/Tome_1\/Livre_8\/Chapitre_7\" target=\"_blank\" rel=\"noopener noreferrer nofollow\">(la couverture) <\/a><span><\/span>.}<br \/>|{,<a href=\"https:\/\/fr.wikisource.org\/wiki\/L%E2%80%99Empire_des_tsars_et_les_Russes\/Tome_3\/Livre_3\/Chapitre_9\" target=\"_blank\" rel=\"noopener noreferrer nofollow\">(Disponible) <\/a><span><\/span>.}<br \/>|{,<a href=\"https:\/\/fr.wikisource.org\/wiki\/L%E2%80%99Esprit_continental\" target=\"_blank\" rel=\"noopener noreferrer nofollow\">Le livre <\/a><span><\/span>.}<br \/>|{,<a href=\"https:\/\/fr.wikisource.org\/wiki\/L%E2%80%99Europe_en_1848\" target=\"_blank\" rel=\"noopener noreferrer nofollow\">livre de r\u00e9f\u00e9rence <\/a><span><\/span>.}<br \/>|{,<a href=\"https:\/\/fr.wikisource.org\/wiki\/L%E2%80%99Exercice_du_pouvoir\/Partie_I\/21_avril_1936\" target=\"_blank\" rel=\"noopener noreferrer nofollow\">(la couverture) <\/a><span><\/span>. Disponible Sur AMAZON.}<br \/>|{,<a href=\"https:\/\/fr.wikisource.org\/wiki\/L%E2%80%99Exercice_du_pouvoir\/Partie_III\/15_novembre_1936\" target=\"_blank\" rel=\"noopener noreferrer nofollow\">(Disponible) <\/a><span><\/span>. Disponible chez votre libraire.}<br \/>|{,<a href=\"https:\/\/fr.wikisource.org\/wiki\/L%E2%80%99Exercice_du_pouvoir\/Partie_VII\/18_octobre_1936\" target=\"_blank\" rel=\"noopener noreferrer nofollow\">Le livre <\/a><span><\/span>.}<br \/>|{,<a href=\"https:\/\/fr.wikisource.org\/wiki\/L%E2%80%99Expropriateur\" target=\"_blank\" rel=\"noopener noreferrer nofollow\">A voir et \u00e0 lire. <\/a><span><\/span>.}<br \/>|{,<a href=\"https:\/\/fr.wikisource.org\/wiki\/L%E2%80%99Homme_de_1848\" target=\"_blank\" rel=\"noopener noreferrer nofollow\">Ouvrage <\/a><span><\/span>.}<br \/>|{,<a href=\"https:\/\/fr.wikisource.org\/wiki\/L%E2%80%99Homme_de_1848\/02\" target=\"_blank\" rel=\"noopener noreferrer nofollow\">Le livre <\/a><span><\/span>.}<br \/>|{,<a href=\"https:\/\/fr.wikisource.org\/wiki\/L%E2%80%99Homme_et_la_Terre\/III\" target=\"_blank\" rel=\"noopener noreferrer nofollow\">Clicker Ici <\/a><span><\/span>. Disponible dans toutes les bonnes biblioth\u00e8ques de votre d\u00e9partement.}<br \/>|{,<a href=\"https:\/\/fr.wikisource.org\/wiki\/L%E2%80%99Homme_et_la_Terre\/III\/01\" target=\"_blank\" rel=\"noopener noreferrer nofollow\">A voir et \u00e0 lire. <\/a><span><\/span>.}<br \/>|{,<a href=\"https:\/\/fr.wikisource.org\/wiki\/L%E2%80%99Homme_et_la_Terre\/III\/08\" target=\"_blank\" rel=\"noopener noreferrer nofollow\">Ouvrage <\/a><span><\/span>.}<br \/>|{,<a href=\"https:\/\/fr.wikisource.org\/wiki\/L%E2%80%99Homme_et_la_Terre\/III\/13\" target=\"_blank\" rel=\"noopener noreferrer nofollow\">Le livre <\/a><span><\/span>.}<br \/>|{,<a href=\"https:\/\/fr.wikisource.org\/wiki\/L%E2%80%99Homme_et_la_Terre\/III\/15\" target=\"_blank\" rel=\"noopener noreferrer nofollow\">(la couverture) <\/a><span><\/span>.}<br \/>|{,<a href=\"https:\/\/fr.wikisource.org\/wiki\/L%E2%80%99Homme_et_la_Terre\/III\/18\" target=\"_blank\" rel=\"noopener noreferrer nofollow\">Le livre <\/a><span><\/span>. Disponible dans toutes les bonnes librairies.}<br \/>|{,<a href=\"https:\/\/fr.wikisource.org\/wiki\/L%E2%80%99Humanisph%C3%A8re,_utopie_anarchique\/Partie_3\" target=\"_blank\" rel=\"noopener noreferrer nofollow\">Clicker Ici <\/a><span><\/span>. Disponible dans toutes les bonnes biblioth\u00e8ques de votre d\u00e9partement.}<br \/>|{,<a href=\"https:\/\/fr.wikisource.org\/wiki\/L%E2%80%99Humanit%C3%A9_nouvelle\" target=\"_blank\" rel=\"noopener noreferrer nofollow\">A voir et \u00e0 lire. <\/a><span><\/span>.}<br \/>|{,<a href=\"https:\/\/fr.wikisource.org\/wiki\/L%E2%80%99Imp%C3%B4t_progressif_sur_le_capital_et_le_revenu\/5\" target=\"_blank\" rel=\"noopener noreferrer nofollow\">Ouvrage <\/a><span><\/span>. A emprunter en biblioth\u00e8que.}<br \/>|{,<a href=\"https:\/\/fr.wikisource.org\/wiki\/L%E2%80%99Impunit%C3%A9_de_groupe\" target=\"_blank\" rel=\"noopener noreferrer nofollow\">Le livre <\/a><span><\/span>. Ouvrage de r\u00e9f\u00e9rence.}<br \/>|{,<a href=\"https:\/\/fr.wikisource.org\/wiki\/L%E2%80%99Individualisme\" target=\"_blank\" rel=\"noopener noreferrer nofollow\">(la couverture) <\/a><span><\/span>.}<br \/>|{,<a href=\"https:\/\/fr.wikisource.org\/wiki\/L%E2%80%99In%C3%A9vitable_Anarchie\" target=\"_blank\" rel=\"noopener noreferrer nofollow\">(Disponible) <\/a><span><\/span>.}<br \/>|{,<a href=\"https:\/\/fr.wikisource.org\/wiki\/L%E2%80%99Internationale_socialiste_au_congr%C3%A8s_de_Stuttgart\" target=\"_blank\" rel=\"noopener noreferrer nofollow\">Le livre <\/a><span><\/span>.}<br \/>|{,<a href=\"https:\/\/fr.wikisource.org\/wiki\/L%E2%80%99Internationale,_documents_et_souvenirs\/Tome_I\/I,13\" target=\"_blank\" rel=\"noopener noreferrer nofollow\">livre de r\u00e9f\u00e9rence <\/a><span><\/span>.}<br \/>|{,<a href=\"https:\/\/fr.wikisource.org\/wiki\/L%E2%80%99Internationale,_documents_et_souvenirs\/Tome_I\/I,9\" target=\"_blank\" rel=\"noopener noreferrer nofollow\">(la couverture) <\/a><span><\/span>. Disponible Sur AMAZON.}<br \/>|{,<a href=\"https:\/\/fr.wikisource.org\/wiki\/L%E2%80%99Internationale,_documents_et_souvenirs\/Tome_I\/II,13\" target=\"_blank\" rel=\"noopener noreferrer nofollow\">(Disponible) <\/a><span><\/span>.}<br \/>|{,<a href=\"https:\/\/fr.wikisource.org\/wiki\/L%E2%80%99Internationale,_documents_et_souvenirs\/Tome_I\/II,6\" target=\"_blank\" rel=\"noopener noreferrer nofollow\">Le livre <\/a><span><\/span>. Disponible dans toutes les bonnes librairies.}<br \/>|{,<a href=\"https:\/\/fr.wikisource.org\/wiki\/L%E2%80%99Internationale,_documents_et_souvenirs\/Tome_II\/III,5\" target=\"_blank\" rel=\"noopener noreferrer nofollow\">A voir et \u00e0 lire. <\/a><span><\/span>.}<br \/>|{,<a href=\"https:\/\/fr.wikisource.org\/wiki\/L%E2%80%99Internationale,_documents_et_souvenirs\/Tome_IV\/VI,2\" target=\"_blank\" rel=\"noopener noreferrer nofollow\">Ouvrage <\/a><span><\/span>. A emprunter en biblioth\u00e8que.}<br \/>|{,<a href=\"https:\/\/fr.wikisource.org\/wiki\/L%E2%80%99Invasion_chinoise_et_le_socialisme_aux_%C3%89tats-Unis\" target=\"_blank\" rel=\"noopener noreferrer nofollow\">Le livre <\/a><span><\/span>.}<br \/>|{,<a href=\"https:\/\/fr.wikisource.org\/wiki\/L%E2%80%99Offensive_de_l%E2%80%99Asie\" target=\"_blank\" rel=\"noopener noreferrer nofollow\">Clicker Ici <\/a><span><\/span>. Disponible dans toutes les bonnes biblioth\u00e8ques de votre d\u00e9partement.}<br \/>|{,<a href=\"https:\/\/fr.wikisource.org\/wiki\/L%E2%80%99Organisation_du_Travail_(Le_Play)\/9\" target=\"_blank\" rel=\"noopener noreferrer nofollow\">A voir et \u00e0 lire. <\/a><span><\/span>.}<br \/>|{,<a href=\"https:\/\/fr.wikisource.org\/wiki\/L%E2%80%99Unique_et_sa_propri%C3%A9t%C3%A9_(traduction_Reclaire)\/Premi%C3%A8re_partie_-_L%E2%80%99homme\/II\/Les_Affranchis\/%C2%A7_2._%E2%80%94_Le_Lib%C3%A9ralisme_social\" target=\"_blank\" rel=\"noopener noreferrer nofollow\">Ouvrage <\/a><span><\/span>.}<br \/>|{,<a href=\"https:\/\/fr.wikisource.org\/wiki\/La_Barri%C3%A8re_du_combat\" target=\"_blank\" rel=\"noopener noreferrer nofollow\">Le livre <\/a><span><\/span>. Ouvrage de r\u00e9f\u00e9rence.}<br \/>|{,<a href=\"https:\/\/fr.wikisource.org\/wiki\/La_Belgique_et_le_Congo_(Vandervelde)\" target=\"_blank\" rel=\"noopener noreferrer nofollow\">(la couverture) <\/a><span><\/span>.}<br \/>|{,<a href=\"https:\/\/fr.wikisource.org\/wiki\/La_Belle_France\/8\" target=\"_blank\" rel=\"noopener noreferrer nofollow\">Le livre <\/a><span><\/span>.}<br \/>|{,<a href=\"https:\/\/www.kobo.com\/fr\/fr\/ebook\/la-betise-de-gauche\" target=\"_blank\" rel=\"noopener noreferrer nofollow\">Clicker Ici <\/a><span><\/span>.}<br \/>|{,<a href=\"https:\/\/booknode.com\/la_chine_de_mao_lautre_communisme_03454546\" target=\"_blank\" rel=\"noopener noreferrer nofollow\">A voir et \u00e0 lire. <\/a><span><\/span>.}<br \/>|{,<a href=\"https:\/\/fr.wikisource.org\/wiki\/La_Chronique_de_France,_1900\/Chapitre_VI\" target=\"_blank\" rel=\"noopener noreferrer nofollow\">Ouvrage <\/a><span><\/span>.}<br \/>|{,<a href=\"https:\/\/fr.wikisource.org\/wiki\/La_Commune_(Michel)\/Appendice\" target=\"_blank\" rel=\"noopener noreferrer nofollow\">Le livre <\/a><span><\/span>. Ouvrage de r\u00e9f\u00e9rence.}<br \/>|{,<a href=\"https:\/\/fr.wikisource.org\/wiki\/La_Commune_de_1871\/Index\" target=\"_blank\" rel=\"noopener noreferrer nofollow\">(la couverture) <\/a><span><\/span>.}<br \/>|{,<a href=\"https:\/\/fr.wikisource.org\/wiki\/La_Commune_de_1871\/Son_nom\" target=\"_blank\" rel=\"noopener noreferrer nofollow\">(Disponible) <\/a><span><\/span>.}<br \/>|{,<a href=\"https:\/\/fr.wikisource.org\/wiki\/La_Commune_de_Malenpis\/Andr%C3%A9_L%C3%A9o\" target=\"_blank\" rel=\"noopener noreferrer nofollow\">Le livre <\/a><span><\/span>.}<br \/>|{,<a href=\"https:\/\/fr.wikisource.org\/wiki\/La_Commune_de_Paris_(Kropotkine,_1937)\" target=\"_blank\" rel=\"noopener noreferrer nofollow\">livre de r\u00e9f\u00e9rence <\/a><span><\/span>. Disponible \u00e0 la FNAC.}<br \/>|{,<a href=\"https:\/\/booknode.com\/la_complication_retour_sur_le_communisme_03361542\" target=\"_blank\" rel=\"noopener noreferrer nofollow\">(la couverture) <\/a><span><\/span>.}<br \/>|{,<a href=\"https:\/\/booknode.com\/la_complication_retour_sur_le_communisme_03361542\" target=\"_blank\" rel=\"noopener noreferrer nofollow\">(Disponible) <\/a><span><\/span>. Disponible chez votre libraire.}<br \/>|{,<a href=\"https:\/\/fr.wikisource.org\/wiki\/La_Conjuration_du_panslavisme_et_l%E2%80%99insurrection_polonaise\" target=\"_blank\" rel=\"noopener noreferrer nofollow\">Le livre <\/a><span><\/span>. Disponible dans toutes les bonnes librairies.}<br \/>|{,<a href=\"https:\/\/fr.wikisource.org\/wiki\/La_Conqu%C3%AAte_du_pain\" target=\"_blank\" rel=\"noopener noreferrer nofollow\">A voir et \u00e0 lire. <\/a><span><\/span>.}<br \/>|{,<a href=\"https:\/\/fr.wikisource.org\/wiki\/La_Conqu%C3%AAte_du_pain\/Consommation_et_production\" target=\"_blank\" rel=\"noopener noreferrer nofollow\">Ouvrage <\/a><span><\/span>.}<br \/>|{,<a href=\"https:\/\/fr.wikisource.org\/wiki\/La_Conqu%C3%AAte_du_pain\/Le_Communisme_anarchiste\" target=\"_blank\" rel=\"noopener noreferrer nofollow\">Le livre <\/a><span><\/span>. Disponible dans toutes les bonnes librairies.}<br \/>|{,<a href=\"https:\/\/fr.wikisource.org\/wiki\/La_Conqu%C3%AAte_du_pain\/Le_salariat_collectiviste\" target=\"_blank\" rel=\"noopener noreferrer nofollow\">Clicker Ici <\/a><span><\/span>.}<br \/>|{,<a href=\"https:\/\/fr.wikisource.org\/wiki\/La_Conqu%C3%AAte_du_pain\/Les_denr%C3%A9es\" target=\"_blank\" rel=\"noopener noreferrer nofollow\">A voir et \u00e0 lire. <\/a><span><\/span>. Disponible sur internet.}<br \/>|{,<a href=\"https:\/\/fr.wikisource.org\/wiki\/La_Conqu%C3%AAte_du_pain\/Objections\" target=\"_blank\" rel=\"noopener noreferrer nofollow\">Ouvrage <\/a><span><\/span>.}<br \/>|{,<a href=\"https:\/\/fr.wikisource.org\/wiki\/La_Conqu%C3%AAte_du_pain\/Pr%C3%A9face\" target=\"_blank\" rel=\"noopener noreferrer nofollow\">Le livre <\/a><span><\/span>.}<br \/>|{,<a href=\"https:\/\/fr.wikisource.org\/wiki\/La_Conspiration\/03\" target=\"_blank\" rel=\"noopener noreferrer nofollow\">(la couverture) <\/a><span><\/span>. Disponible \u00e0 l\u2019achat sur les plateformes Amazon, Fnac, Cultura \u2026.}<br \/>|{,<a href=\"https:\/\/fr.wikisource.org\/wiki\/La_Conspiration\/s17\" target=\"_blank\" rel=\"noopener noreferrer nofollow\">Le livre <\/a><span><\/span>.}<br \/>|{,<a href=\"https:\/\/fr.wikisource.org\/wiki\/La_Convention_(Jaur%C3%A8s)\/1465_-_1500\" target=\"_blank\" rel=\"noopener noreferrer nofollow\">Clicker Ici <\/a><span><\/span>. Disponible dans toutes les bonnes biblioth\u00e8ques de votre d\u00e9partement.}<br \/>|{,<a href=\"https:\/\/fr.wikisource.org\/wiki\/La_Convention_(Jaur%C3%A8s)\/1501_-_1550\" target=\"_blank\" rel=\"noopener noreferrer nofollow\">A voir et \u00e0 lire. <\/a><span><\/span>.}<br \/>|{,<a href=\"https:\/\/fr.wikisource.org\/wiki\/La_Convention_(Jaur%C3%A8s)\/1551_-_1600\" target=\"_blank\" rel=\"noopener noreferrer nofollow\">Ouvrage <\/a><span><\/span>.}<br \/>|{,<a href=\"https:\/\/fr.wikisource.org\/wiki\/La_Convention_(Jaur%C3%A8s)\/601_-_650\" target=\"_blank\" rel=\"noopener noreferrer nofollow\">Le livre <\/a><span><\/span>. Ouvrage de r\u00e9f\u00e9rence.}<br \/>|{,<a href=\"https:\/\/www.kobo.com\/fr\/fr\/ebook\/la-corse-et-la-republique-la-vie-politique-de-la-fin-du-second-empire-au-debut-du-xxie-siecle-2\" target=\"_blank\" rel=\"noopener noreferrer nofollow\">(la couverture) <\/a><span><\/span>.}<br \/>|{,<a href=\"https:\/\/www.kobo.com\/fr\/fr\/ebook\/la-crise-de-l-esprit-la-politique-de-l-esprit-le-bilan-de-l-intelligence\" target=\"_blank\" rel=\"noopener noreferrer nofollow\">(Disponible) <\/a><span><\/span>.}<br \/>|{,<a href=\"https:\/\/fr.wikisource.org\/wiki\/La_Crise_du_socialisme_et_la_fin_d%E2%80%99une_doctrine\" target=\"_blank\" rel=\"noopener noreferrer nofollow\">Le livre <\/a><span><\/span>.}<br \/>|{,<a href=\"https:\/\/fr.wikisource.org\/wiki\/La_crise_sociale_(Deherme)\" target=\"_blank\" rel=\"noopener noreferrer nofollow\">livre de r\u00e9f\u00e9rence <\/a><span><\/span>.}<br \/>|{,<a href=\"https:\/\/fr.wikisource.org\/wiki\/La_D%C3%A9claration_socialiste_des_droits\" target=\"_blank\" rel=\"noopener noreferrer nofollow\">(la couverture) <\/a><span><\/span>. Disponible Sur AMAZON.}<br \/>|{,<a href=\"https:\/\/fr.wikisource.org\/wiki\/La_D%C3%A9composition_de_l%E2%80%99arm%C3%A9e_et_du_pouvoir\/19\" target=\"_blank\" rel=\"noopener noreferrer nofollow\">(Disponible) <\/a><span><\/span>. Disponible chez votre libraire.}<br \/>|{,<a href=\"https:\/\/www.kobo.com\/fr\/fr\/ebook\/la-demeure-des-hommes\" target=\"_blank\" rel=\"noopener noreferrer nofollow\">Le livre <\/a><span><\/span>.}<br \/>|{,<a href=\"https:\/\/fr.wikisource.org\/wiki\/La_D%C3%A9mocratie_devant_la_science\/Livre_II,_chapitre_III\" target=\"_blank\" rel=\"noopener noreferrer nofollow\">A voir et \u00e0 lire. <\/a><span><\/span>.}<br \/>|{,<a href=\"https:\/\/fr.wikisource.org\/wiki\/La_D%C3%A9mocratie_devant_la_science\/Livre_III,_introduction\" target=\"_blank\" rel=\"noopener noreferrer nofollow\">Ouvrage <\/a><span><\/span>.}<br \/>|{,<a href=\"https:\/\/fr.wikisource.org\/wiki\/La_D%C3%A9tenue_de_Versailles_en_1871\" target=\"_blank\" rel=\"noopener noreferrer nofollow\">Le livre <\/a><span><\/span>.}<br \/>|{,<a href=\"https:\/\/www.kobo.com\/fr\/fr\/ebook\/la-dignite-ou-la-mort\" target=\"_blank\" rel=\"noopener noreferrer nofollow\">Clicker Ici <\/a><span><\/span>. Disponible dans toutes les bonnes biblioth\u00e8ques de votre d\u00e9partement.}<br \/>|{,<a href=\"https:\/\/fr.wikisource.org\/wiki\/La_Doctrine_du_fascisme\/14\" target=\"_blank\" rel=\"noopener noreferrer nofollow\">A voir et \u00e0 lire. <\/a><span><\/span>.}<br \/>|{,<a href=\"https:\/\/fr.wikisource.org\/wiki\/La_Doctrine_du_fascisme\/18\" target=\"_blank\" rel=\"noopener noreferrer nofollow\">Ouvrage <\/a><span><\/span>.}<br \/>|{,<a href=\"https:\/\/fr.wikisource.org\/wiki\/La_Doctrine_du_fascisme\/19\" target=\"_blank\" rel=\"noopener noreferrer nofollow\">Le livre <\/a><span><\/span>.}<br \/>|{,<a href=\"https:\/\/fr.wikisource.org\/wiki\/La_Doctrine_du_fascisme\/22\" target=\"_blank\" rel=\"noopener noreferrer nofollow\">(la couverture) <\/a><span><\/span>. Disponible \u00e0 l\u2019achat sur les plateformes Amazon, Fnac, Cultura \u2026.}<br \/>|{,<a href=\"https:\/\/fr.wikisource.org\/wiki\/La_Doctrine_du_fascisme\/8\" target=\"_blank\" rel=\"noopener noreferrer nofollow\">Le livre <\/a><span><\/span>. Disponible dans toutes les bonnes librairies.}<br \/>|{,<a href=\"https:\/\/www.kobo.com\/fr\/fr\/ebook\/la-faute-politique-de-jean-luc-melenchon\" target=\"_blank\" rel=\"noopener noreferrer nofollow\">Clicker Ici <\/a><span><\/span>.}<br \/>|{,<a href=\"https:\/\/booknode.com\/la_fin_des_democraties_populaires_les_chemins_du_post_communisme_036064\" target=\"_blank\" rel=\"noopener noreferrer nofollow\">A voir et \u00e0 lire. <\/a><span><\/span>.}<br \/>|{,<a href=\"https:\/\/booknode.com\/la_fin_des_democraties_populaires_les_chemins_du_post_communisme_036064\" target=\"_blank\" rel=\"noopener noreferrer nofollow\">Ouvrage <\/a><span><\/span>.}<br \/>|{,<a href=\"https:\/\/fr.wikisource.org\/wiki\/La_Foire_sur_la_place\/II\/10\" target=\"_blank\" rel=\"noopener noreferrer nofollow\">Le livre <\/a><span><\/span>.}<br \/>|{,<a href=\"https:\/\/www.kobo.com\/fr\/fr\/ebook\/la-france-dans-les-yeux-une-histoire-de-la-communication-politique-de-1930-a-aujourd-hui-1\" target=\"_blank\" rel=\"noopener noreferrer nofollow\">(la couverture) <\/a><span><\/span>.}<br \/>|{,<a href=\"https:\/\/fr.wikisource.org\/wiki\/La_France_Juive_(%C3%A9dition_populaire)\/Livre_1\/Chapitre_3\" target=\"_blank\" rel=\"noopener noreferrer nofollow\">(Disponible) <\/a><span><\/span>. Disponible chez votre libraire.}<br \/>|{,<a href=\"https:\/\/fr.wikisource.org\/wiki\/La_France_socialiste\" target=\"_blank\" rel=\"noopener noreferrer nofollow\">Le livre <\/a><span><\/span>. Disponible \u00e0 CULTURA.}<br \/>|{,<a href=\"https:\/\/fr.wikisource.org\/wiki\/La_France_socialiste\/I\" target=\"_blank\" rel=\"noopener noreferrer nofollow\">livre de r\u00e9f\u00e9rence <\/a><span><\/span>. Disponible \u00e0 la FNAC.}<br \/>|{,<a href=\"https:\/\/fr.wikisource.org\/wiki\/La_France_socialiste\/II\" target=\"_blank\" rel=\"noopener noreferrer nofollow\">(la couverture) <\/a><span><\/span>.}<br \/>|{,<a href=\"https:\/\/fr.wikisource.org\/wiki\/La_France_socialiste\/IX\" target=\"_blank\" rel=\"noopener noreferrer nofollow\">(Disponible) <\/a><span><\/span>. Disponible chez votre libraire.}<br \/>|{,<a href=\"https:\/\/fr.wikisource.org\/wiki\/La_France_socialiste\/VII\" target=\"_blank\" rel=\"noopener noreferrer nofollow\">Le livre <\/a><span><\/span>.}<br \/>|{,<a href=\"https:\/\/fr.wikisource.org\/wiki\/La_France_socialiste\/VII\" target=\"_blank\" rel=\"noopener noreferrer nofollow\">A voir et \u00e0 lire. <\/a><span><\/span>. Disponible sur internet.}<br \/>|{,<a href=\"https:\/\/fr.wikisource.org\/wiki\/La_France_socialiste\/VIII\" target=\"_blank\" rel=\"noopener noreferrer nofollow\">Ouvrage <\/a><span><\/span>. A emprunter en biblioth\u00e8que.}<br \/>|{,<a href=\"https:\/\/fr.wikisource.org\/wiki\/La_France_socialiste\/XIV\" target=\"_blank\" rel=\"noopener noreferrer nofollow\">Le livre <\/a><span><\/span>.}<br \/>|{,<a href=\"https:\/\/fr.wikisource.org\/wiki\/La_France_socialiste\/XIV\" target=\"_blank\" rel=\"noopener noreferrer nofollow\">Clicker Ici <\/a><span><\/span>. Disponible dans toutes les bonnes biblioth\u00e8ques de votre d\u00e9partement.}<br \/>|{,<a href=\"https:\/\/fr.wikisource.org\/wiki\/La_France_socialiste\/XIX\" target=\"_blank\" rel=\"noopener noreferrer nofollow\">A voir et \u00e0 lire. <\/a><span><\/span>.}<br \/>|{,<a href=\"https:\/\/fr.wikisource.org\/wiki\/La_France_socialiste\/XV\" target=\"_blank\" rel=\"noopener noreferrer nofollow\">Ouvrage <\/a><span><\/span>. A emprunter en biblioth\u00e8que.}<br \/>|{,<a href=\"https:\/\/fr.wikisource.org\/wiki\/La_Gar%C3%A7onne\/3\/03\" target=\"_blank\" rel=\"noopener noreferrer nofollow\">Le livre <\/a><span><\/span>. Ouvrage de r\u00e9f\u00e9rence.}<br \/>|{,<a href=\"https:\/\/www.kobo.com\/fr\/fr\/ebook\/la-gauche-devant-l-histoire-a-la-reconquete-d-une-conscience-politique-2\" target=\"_blank\" rel=\"noopener noreferrer nofollow\">(la couverture) <\/a><span><\/span>.}<br \/>|{,<a href=\"https:\/\/www.kobo.com\/fr\/fr\/ebook\/la-gauche-radicale-et-ses-tabous-pourquoi-le-front-de-gauche-echoue-face-au-front-national-2\" target=\"_blank\" rel=\"noopener noreferrer nofollow\">Le livre <\/a><span><\/span>.}<br \/>|{,<a href=\"https:\/\/fr.wikisource.org\/wiki\/La_Grande_encyclop%C3%A9die,_inventaire_raisonn%C3%A9_des_sciences,_des_lettres_et_des_arts\/MARX_(Karl)\" target=\"_blank\" rel=\"noopener noreferrer nofollow\">Clicker Ici <\/a><span><\/span>.}<br \/>|{,<a href=\"https:\/\/fr.wikisource.org\/wiki\/La_Grande_Gr%C3%A8ve\/2\/08\" target=\"_blank\" rel=\"noopener noreferrer nofollow\">A voir et \u00e0 lire. <\/a><span><\/span>.}<br \/>|{,<a href=\"https:\/\/fr.wikisource.org\/wiki\/La_Grande_R%C3%A9volution\/Conclusion\" target=\"_blank\" rel=\"noopener noreferrer nofollow\">Ouvrage <\/a><span><\/span>. A emprunter en biblioth\u00e8que.}<br \/>|{,<a href=\"https:\/\/fr.wikisource.org\/wiki\/La_Grande_R%C3%A9volution\/III\" target=\"_blank\" rel=\"noopener noreferrer nofollow\">Le livre <\/a><span><\/span>.}<br \/>|{,<a href=\"https:\/\/fr.wikisource.org\/wiki\/La_Grande_R%C3%A9volution\/III\" target=\"_blank\" rel=\"noopener noreferrer nofollow\">(la couverture) <\/a><span><\/span>. Disponible \u00e0 l\u2019achat sur les plateformes Amazon, Fnac, Cultura \u2026.}<br \/>|{,<a href=\"https:\/\/fr.wikisource.org\/wiki\/La_Grande_R%C3%A9volution\/LIII\" target=\"_blank\" rel=\"noopener noreferrer nofollow\">(la couverture) <\/a><span><\/span>.}<br \/>|{,<a href=\"https:\/\/fr.wikisource.org\/wiki\/La_Grande_R%C3%A9volution\/LVII\" target=\"_blank\" rel=\"noopener noreferrer nofollow\">(la couverture) <\/a><span><\/span>.}<br \/>|{,<a href=\"https:\/\/fr.wikisource.org\/wiki\/La_Grande_R%C3%A9volution\/LVIII\" target=\"_blank\" rel=\"noopener noreferrer nofollow\">(la couverture) <\/a><span><\/span>.}<br \/>|{,<a href=\"https:\/\/fr.wikisource.org\/wiki\/La_Grande_R%C3%A9volution\/LX\" target=\"_blank\" rel=\"noopener noreferrer nofollow\">(la couverture) <\/a><span><\/span>.}<br \/>|{,<a href=\"https:\/\/fr.wikisource.org\/wiki\/La_Grande_R%C3%A9volution\/XIV\" target=\"_blank\" rel=\"noopener noreferrer nofollow\">(la couverture) <\/a><span><\/span>. Disponible \u00e0 l\u2019achat sur les plateformes Amazon, Fnac, Cultura \u2026.}<br \/>|{,<a href=\"https:\/\/booknode.com\/la_guerre_civile_europeenne_national_socialisme_et_bolchevisme_1917_1945_090803\" target=\"_blank\" rel=\"noopener noreferrer nofollow\">(la couverture) <\/a><span><\/span>. Disponible \u00e0 l\u2019achat sur les plateformes Amazon, Fnac, Cultura \u2026.}<br \/>|{,<a href=\"https:\/\/www.kobo.com\/fr\/fr\/ebook\/la-guerre-civile-pour-une-theorie-politique-de-la-stasis-2\" target=\"_blank\" rel=\"noopener noreferrer nofollow\">(la couverture) <\/a><span><\/span>. Disponible \u00e0 l\u2019achat sur les plateformes Amazon, Fnac, Cultura \u2026.}<br \/>|{,<a href=\"https:\/\/fr.wikisource.org\/wiki\/La_Guerre_du_socialisme\" target=\"_blank\" rel=\"noopener noreferrer nofollow\">(la couverture) <\/a><span><\/span>. Disponible \u00e0 l\u2019achat sur les plateformes Amazon, Fnac, Cultura \u2026.}<br \/>|{,<a href=\"https:\/\/fr.wikisource.org\/wiki\/La_Guerre_du_socialisme\/01\" target=\"_blank\" rel=\"noopener noreferrer nofollow\">(la couverture) <\/a><span><\/span>.}<br \/>|{,<a href=\"https:\/\/fr.wikisource.org\/wiki\/La_Guerre_du_socialisme\/02\" target=\"_blank\" rel=\"noopener noreferrer nofollow\">(la couverture) <\/a><span><\/span>.}<br \/>|{,<a href=\"https:\/\/www.kobo.com\/fr\/fr\/ebook\/la-haine-de-la-religion\" target=\"_blank\" rel=\"noopener noreferrer nofollow\">(la couverture) <\/a><span><\/span>.}<br \/>|{,<a href=\"https:\/\/fr.wikisource.org\/wiki\/La_Jeune_Aventureuse_(Rosny-A%C3%AEn%C3%A9)\/%C3%89pilogue\" target=\"_blank\" rel=\"noopener noreferrer nofollow\">(la couverture) <\/a><span><\/span>. Disponible \u00e0 l\u2019achat sur les plateformes Amazon, Fnac, Cultura \u2026.}<br \/>|{,<a href=\"https:\/\/www.kobo.com\/fr\/fr\/ebook\/la-liberte-des-hommes\" target=\"_blank\" rel=\"noopener noreferrer nofollow\">(la couverture) <\/a><span><\/span>.}<br \/>|{,<a href=\"https:\/\/fr.wikisource.org\/wiki\/La_Libert%C3%A9_du_travail,_l%E2%80%99association_et_la_d%C3%A9mocratie\/3\" target=\"_blank\" rel=\"noopener noreferrer nofollow\">(la couverture) <\/a><span><\/span>.}<br \/>|{,<a href=\"https:\/\/fr.wikisource.org\/wiki\/La_Litt%C3%A9rature_des_ouvriers\" target=\"_blank\" rel=\"noopener noreferrer nofollow\">(la couverture) <\/a><span><\/span>.}<br \/>|{,<a href=\"https:\/\/booknode.com\/la_litterature_oubliee_du_socialisme_03361759\" target=\"_blank\" rel=\"noopener noreferrer nofollow\">(la couverture) <\/a><span><\/span>.}<br \/>|{,<a href=\"https:\/\/fr.wikisource.org\/wiki\/La_Loi_(Fr%C3%A9d%C3%A9ric_Bastiat)\" target=\"_blank\" rel=\"noopener noreferrer nofollow\">(la couverture) <\/a><span><\/span>.}<br \/>|{,<a href=\"https:\/\/fr.wikisource.org\/wiki\/La_Loi_(Fr%C3%A9d%C3%A9ric_Bastiat)\" target=\"_blank\" rel=\"noopener noreferrer nofollow\">(la couverture) <\/a><span><\/span>. Disponible \u00e0 l\u2019achat sur les plateformes Amazon, Fnac, Cultura \u2026.}<br \/>|{,<a href=\"https:\/\/www.kobo.com\/fr\/fr\/ebook\/la-loi-de-1905-n-aura-pas-lieu-histoire-politique-de-separations-des-eglises-1902-1908\" target=\"_blank\" rel=\"noopener noreferrer nofollow\">(la couverture) <\/a><span><\/span>.}<br \/>|{,<a href=\"https:\/\/fr.wikisource.org\/wiki\/La_Lutte_contre_le_socialisme_r%C3%A9volutionnaire\" target=\"_blank\" rel=\"noopener noreferrer nofollow\">(la couverture) <\/a><span><\/span>.}<br \/>|{,<a href=\"https:\/\/fr.wikisource.org\/wiki\/La_Lutte_des_classes_en_France_(1848-1850)\/3\" target=\"_blank\" rel=\"noopener noreferrer nofollow\">(la couverture) <\/a><span><\/span>.}<br \/>|{,<a href=\"https:\/\/www.kobo.com\/fr\/fr\/ebook\/la-lyre-et-la-pourpre\" target=\"_blank\" rel=\"noopener noreferrer nofollow\">(la couverture) <\/a><span><\/span>. Disponible \u00e0 l\u2019achat sur les plateformes Amazon, Fnac, Cultura \u2026.}<br \/>|{,<a href=\"https:\/\/fr.wikisource.org\/wiki\/La_Machine_%C3%A0_explorer_le_temps\/6\" target=\"_blank\" rel=\"noopener noreferrer nofollow\">(la couverture) <\/a><span><\/span>.}<br \/>|{,<a href=\"https:\/\/booknode.com\/la_maladie_infantile_du_communisme_le_gauchisme_063170\" target=\"_blank\" rel=\"noopener noreferrer nofollow\">(la couverture) <\/a><span><\/span>.}<br \/>|{,<a href=\"https:\/\/fr.wikisource.org\/wiki\/La_Mer_(Michelet)\/Livre_II\/III\" target=\"_blank\" rel=\"noopener noreferrer nofollow\">(la couverture) <\/a><span><\/span>.}<br \/>|{,<a href=\"https:\/\/fr.wikisource.org\/wiki\/La_Morale_socialiste\" target=\"_blank\" rel=\"noopener noreferrer nofollow\">(la couverture) <\/a><span><\/span>.}<br \/>|{,<a href=\"https:\/\/www.kobo.com\/fr\/fr\/ebook\/la-nation-qui-n-allait-pas-de-soi\" target=\"_blank\" rel=\"noopener noreferrer nofollow\">(la couverture) <\/a><span><\/span>.}<br \/>|{,<a href=\"https:\/\/www.kobo.com\/fr\/fr\/ebook\/la-nouvelle-amerique-latine-2\" target=\"_blank\" rel=\"noopener noreferrer nofollow\">(la couverture) <\/a><span><\/span>.}<br \/>|{,<a href=\"https:\/\/www.kobo.com\/fr\/fr\/ebook\/la-nouvelle-strategie-du-maroc-en-afrique\" target=\"_blank\" rel=\"noopener noreferrer nofollow\">(la couverture) <\/a><span><\/span>. Disponible \u00e0 l\u2019achat sur les plateformes Amazon, Fnac, Cultura \u2026.}<br \/>|{,<a href=\"https:\/\/booknode.com\/la_papaute_le_socialisme_et_la_democratie_06108\" target=\"_blank\" rel=\"noopener noreferrer nofollow\">(la couverture) <\/a><span><\/span>.}<br \/>|{,<a href=\"https:\/\/fr.wikisource.org\/wiki\/La_Papaut%C3%A9,_le_Socialisme_et_la_D%C3%A9mocratie\" target=\"_blank\" rel=\"noopener noreferrer nofollow\">(la couverture) <\/a><span><\/span>.}<br \/>|{,<a href=\"https:\/\/fr.wikisource.org\/wiki\/La_Papaut%C3%A9,_le_Socialisme_et_la_D%C3%A9mocratie\/01\" target=\"_blank\" rel=\"noopener noreferrer nofollow\">(la couverture) <\/a><span><\/span>.}<br \/>|{,<a href=\"https:\/\/fr.wikisource.org\/wiki\/La_Papaut%C3%A9,_le_Socialisme_et_la_D%C3%A9mocratie\/02\" target=\"_blank\" rel=\"noopener noreferrer nofollow\">(la couverture) <\/a><span><\/span>.}<br \/>|{,<a href=\"https:\/\/fr.wikisource.org\/wiki\/La_Papaut%C3%A9,_le_Socialisme_et_la_D%C3%A9mocratie\/03\" target=\"_blank\" rel=\"noopener noreferrer nofollow\">(la couverture) <\/a><span><\/span>.}<br \/>|{,<a href=\"https:\/\/fr.wikisource.org\/wiki\/La_Part_du_feu\" target=\"_blank\" rel=\"noopener noreferrer nofollow\">(la couverture) <\/a><span><\/span>.}<br \/>|{,<a href=\"https:\/\/www.kobo.com\/fr\/fr\/ebook\/la-pensee-logique-et-politique-de-m-marleau-ponty\" target=\"_blank\" rel=\"noopener noreferrer nofollow\">(la couverture) <\/a><span><\/span>.}<br \/>|{,<a href=\"https:\/\/www.kobo.com\/fr\/fr\/ebook\/la-pensee-politique-de-gramsci\" target=\"_blank\" rel=\"noopener noreferrer nofollow\">(la couverture) <\/a><span><\/span>.}<br \/>|{,<a href=\"https:\/\/www.kobo.com\/fr\/fr\/ebook\/la-pensee-politique-de-hannah-arendt\" target=\"_blank\" rel=\"noopener noreferrer nofollow\">(la couverture) <\/a><span><\/span>. Disponible \u00e0 l\u2019achat sur les plateformes Amazon, Fnac, Cultura \u2026.}<br \/>|{,<a href=\"https:\/\/www.kobo.com\/fr\/fr\/ebook\/la-pensee-politique-de-shakespeare\" target=\"_blank\" rel=\"noopener noreferrer nofollow\">(la couverture) <\/a><span><\/span>. Disponible \u00e0 l\u2019achat sur les plateformes Amazon, Fnac, Cultura \u2026.}<br \/>|{,<a href=\"https:\/\/fr.wikisource.org\/wiki\/La_Philosophie_sociale_de_Pierre_Lavroff\" target=\"_blank\" rel=\"noopener noreferrer nofollow\">(la couverture) <\/a><span><\/span>.}<br \/>|{,<a href=\"https:\/\/fr.wikisource.org\/wiki\/La_Philosophie_sociale_du_XVIIIe_si%C3%A8cle_et_la_R%C3%A9volution\" target=\"_blank\" rel=\"noopener noreferrer nofollow\">(la couverture) <\/a><span><\/span>. Disponible \u00e0 l\u2019achat sur les plateformes Amazon, Fnac, Cultura \u2026.}<br \/>|{,<a href=\"https:\/\/fr.wikisource.org\/wiki\/La_Philosophie_sociale_du_XVIIIe_si%C3%A8cle_et_la_R%C3%A9volution\/2\" target=\"_blank\" rel=\"noopener noreferrer nofollow\">(la couverture) <\/a><span><\/span>. Disponible \u00e0 l\u2019achat sur les plateformes Amazon, Fnac, Cultura \u2026.}<br \/>|{,<a href=\"https:\/\/fr.wikisource.org\/wiki\/La_Philosophie_sociale_du_XVIIIe_si%C3%A8cle_et_la_R%C3%A9volution\/3\" target=\"_blank\" rel=\"noopener noreferrer nofollow\">(la couverture) <\/a><span><\/span>.}<br \/>|{,<a href=\"https:\/\/www.kobo.com\/fr\/fr\/ebook\/la-politique-de-defense-du-japon\" target=\"_blank\" rel=\"noopener noreferrer nofollow\">(la couverture) <\/a><span><\/span>.}<br \/>|{,<a href=\"https:\/\/www.kobo.com\/fr\/fr\/ebook\/la-politique-de-defense-du-japon\" target=\"_blank\" rel=\"noopener noreferrer nofollow\">(la couverture) <\/a><span><\/span>.}<br \/>|{,<a href=\"https:\/\/www.kobo.com\/fr\/fr\/ebook\/la-politique-de-la-jeunesse\" target=\"_blank\" rel=\"noopener noreferrer nofollow\">(la couverture) <\/a><span><\/span>. Disponible \u00e0 l\u2019achat sur les plateformes Amazon, Fnac, Cultura \u2026.}<br \/>|{,<a href=\"https:\/\/www.kobo.com\/fr\/fr\/ebook\/la-politique-de-la-peur-2\" target=\"_blank\" rel=\"noopener noreferrer nofollow\">(la couverture) <\/a><span><\/span>.}<br \/>|{,<a href=\"https:\/\/www.kobo.com\/fr\/fr\/ebook\/la-politique-de-la-terreur\" target=\"_blank\" rel=\"noopener noreferrer nofollow\">(la couverture) <\/a><span><\/span>.}<br \/>|{,<a href=\"https:\/\/www.kobo.com\/fr\/fr\/ebook\/la-politique-de-la-vertu\" target=\"_blank\" rel=\"noopener noreferrer nofollow\">(la couverture) <\/a><span><\/span>.}<br \/>|{,<a href=\"https:\/\/www.kobo.com\/fr\/fr\/ebook\/la-politique-de-la-ville\" target=\"_blank\" rel=\"noopener noreferrer nofollow\">(la couverture) <\/a><span><\/span>. Disponible \u00e0 l\u2019achat sur les plateformes Amazon, Fnac, Cultura \u2026.}<br \/>|{,<a href=\"https:\/\/www.kobo.com\/fr\/fr\/ebook\/la-politique-de-l-autonomie-lutter-contre-la-pauvrete-ii-2\" target=\"_blank\" rel=\"noopener noreferrer nofollow\">(la couverture) <\/a><span><\/span>.}<br \/>|{,<a href=\"https:\/\/www.kobo.com\/fr\/fr\/ebook\/la-politique-de-l-eternel-1\" target=\"_blank\" rel=\"noopener noreferrer nofollow\">(la couverture) <\/a><span><\/span>. Disponible \u00e0 l\u2019achat sur les plateformes Amazon, Fnac, Cultura \u2026.}<br \/>|{,<a href=\"https:\/\/www.kobo.com\/fr\/fr\/ebook\/la-politique-de-l-oxymore\" target=\"_blank\" rel=\"noopener noreferrer nofollow\">(la couverture) <\/a><span><\/span>.}<br \/>|{,<a href=\"https:\/\/www.kobo.com\/fr\/fr\/ebook\/la-politique-de-sante-en-france-3\" target=\"_blank\" rel=\"noopener noreferrer nofollow\">(la couverture) <\/a><span><\/span>.}<br \/>|{,<a href=\"https:\/\/www.kobo.com\/fr\/fr\/ebook\/la-politique-de-sante-mentale-en-france\" target=\"_blank\" rel=\"noopener noreferrer nofollow\">(la couverture) <\/a><span><\/span>.}<br \/>|{,<a href=\"https:\/\/www.kobo.com\/fr\/fr\/ebook\/la-politique-en-questions\" target=\"_blank\" rel=\"noopener noreferrer nofollow\">(la couverture) <\/a><span><\/span>.}<br \/>|{,<a href=\"https:\/\/www.kobo.com\/fr\/fr\/ebook\/la-politique-etrangere-de-l-inde-envers-l-iran-entre-politique-de-responsabilite-et-autonomie-strategique-1993-2010\" target=\"_blank\" rel=\"noopener noreferrer nofollow\">(la couverture) <\/a><span><\/span>.}<br \/>|{,<a href=\"https:\/\/fr.wikisource.org\/wiki\/La_Pologne_martyr\/Kosciusko\" target=\"_blank\" rel=\"noopener noreferrer nofollow\">(la couverture) <\/a><span><\/span>.}<br \/>|{,<a href=\"https:\/\/fr.wikisource.org\/wiki\/La_Pornocratie,_ou_les_Femmes_dans_les_temps_modernes\/3\" target=\"_blank\" rel=\"noopener noreferrer nofollow\">(la couverture) <\/a><span><\/span>.}<br \/>|{,<a href=\"https:\/\/booknode.com\/la_poursuite_les_empreintes_du_communisme_01761345\" target=\"_blank\" rel=\"noopener noreferrer nofollow\">(la couverture) <\/a><span><\/span>.}<br \/>|{,<a href=\"https:\/\/booknode.com\/la_poursuite_les_empreintes_du_communisme_01761345\" target=\"_blank\" rel=\"noopener noreferrer nofollow\">(la couverture) <\/a><span><\/span>.}<br \/>|{,<a href=\"https:\/\/fr.wikisource.org\/wiki\/La_premi%C3%A8re_R%C3%A9publique_bolch%C3%A9viste\" target=\"_blank\" rel=\"noopener noreferrer nofollow\">(la couverture) <\/a><span><\/span>.}<br \/>|{,<a href=\"https:\/\/fr.wikisource.org\/wiki\/La_Propri%C3%A9t%C3%A9_litt%C3%A9raire_sous_le_r%C3%A9gime_du_domaine_public_payant\" target=\"_blank\" rel=\"noopener noreferrer nofollow\">(la couverture) <\/a><span><\/span>.}<br \/>|{,<a href=\"https:\/\/www.kobo.com\/fr\/fr\/ebook\/la-prosperite-sans-en-payer-le-prix\" target=\"_blank\" rel=\"noopener noreferrer nofollow\">(la couverture) <\/a><span><\/span>. Disponible \u00e0 l\u2019achat sur les plateformes Amazon, Fnac, Cultura \u2026.}<br \/>|{,<a href=\"https:\/\/fr.wikisource.org\/wiki\/La_question_de_l%E2%80%99h%C3%A9ritage\" target=\"_blank\" rel=\"noopener noreferrer nofollow\">(la couverture) <\/a><span><\/span>.}<br \/>|{,<a href=\"https:\/\/fr.wikisource.org\/wiki\/La_question_de_l%E2%80%99h%C3%A9ritage\/0\" target=\"_blank\" rel=\"noopener noreferrer nofollow\">(la couverture) <\/a><span><\/span>.}<br \/>|{,<a href=\"https:\/\/fr.wikisource.org\/wiki\/La_Question_du_Servage_en_Russie\" target=\"_blank\" rel=\"noopener noreferrer nofollow\">(la couverture) <\/a><span><\/span>. Disponible \u00e0 l\u2019achat sur les plateformes Amazon, Fnac, Cultura \u2026.}<br \/>|{,<a href=\"https:\/\/fr.wikisource.org\/wiki\/La_Question_du_Servage_en_Russie\/01\" target=\"_blank\" rel=\"noopener noreferrer nofollow\">(la couverture) <\/a><span><\/span>. Disponible \u00e0 l\u2019achat sur les plateformes Amazon, Fnac, Cultura \u2026.}<br \/>|{,<a href=\"https:\/\/fr.wikisource.org\/wiki\/La_Question_du_Servage_en_Russie\/02\" target=\"_blank\" rel=\"noopener noreferrer nofollow\">(la couverture) <\/a><span><\/span>.}<br \/>|{,<a href=\"https:\/\/fr.wikisource.org\/wiki\/La_Question_morale_est-elle_une_question_sociale_%3F\" target=\"_blank\" rel=\"noopener noreferrer nofollow\">(la couverture) <\/a><span><\/span>. Disponible \u00e0 l\u2019achat sur les plateformes Amazon, Fnac, Cultura \u2026.}<br \/>|{,<a href=\"https:\/\/booknode.com\/la_question_nazie_les_interpretations_du_national_socialisme_1922_1975_02869243\" target=\"_blank\" rel=\"noopener noreferrer nofollow\">(la couverture) <\/a><span><\/span>.}<br \/>|{,<a href=\"https:\/\/fr.wikisource.org\/wiki\/La_Question_ouvri%C3%A8re_au_XIXe_si%C3%A8cle\" target=\"_blank\" rel=\"noopener noreferrer nofollow\">(la couverture) <\/a><span><\/span>.}<br \/>|{,<a href=\"https:\/\/fr.wikisource.org\/wiki\/La_R%C3%A9forme_et_le_Socialisme_en_Angleterre\" target=\"_blank\" rel=\"noopener noreferrer nofollow\">(la couverture) <\/a><span><\/span>. Disponible \u00e0 l\u2019achat sur les plateformes Amazon, Fnac, Cultura \u2026.}<br \/>|{,<a href=\"https:\/\/booknode.com\/la_regle_verte_0762703\" target=\"_blank\" rel=\"noopener noreferrer nofollow\">(la couverture) <\/a><span><\/span>.}<br \/>|{,<a href=\"https:\/\/fr.wikisource.org\/wiki\/La_Religion_du_Capital\/1\" target=\"_blank\" rel=\"noopener noreferrer nofollow\">(la couverture) <\/a><span><\/span>. Disponible \u00e0 l\u2019achat sur les plateformes Amazon, Fnac, Cultura \u2026.}<br \/>|{,<a href=\"https:\/\/fr.wikisource.org\/wiki\/La_Religion_du_Capital\/1\" target=\"_blank\" rel=\"noopener noreferrer nofollow\">(la couverture) <\/a><span><\/span>.}<br \/>|{,<a href=\"https:\/\/www.kobo.com\/fr\/fr\/ebook\/la-republique-4\" target=\"_blank\" rel=\"noopener noreferrer nofollow\">(la couverture) <\/a><span><\/span>.}<br \/>|{,<a href=\"https:\/\/fr.wikisource.org\/wiki\/La_R%C3%A9publique_(trad._Chambry)\/Livre_III\" target=\"_blank\" rel=\"noopener noreferrer nofollow\">(la couverture) <\/a><span><\/span>.}<br \/>|{,<a href=\"https:\/\/fr.wikisource.org\/wiki\/La_R%C3%A9publique_(trad._Chambry)\/Livre_V\" target=\"_blank\" rel=\"noopener noreferrer nofollow\">(la couverture) <\/a><span><\/span>.}<br \/>|{,<a href=\"https:\/\/fr.wikisource.org\/wiki\/La_R%C3%A9publique_et_les_R%C3%A9publicains_(Girardin)\" target=\"_blank\" rel=\"noopener noreferrer nofollow\">(la couverture) <\/a><span><\/span>. Disponible \u00e0 l\u2019achat sur les plateformes Amazon, Fnac, Cultura \u2026.}<br \/>|{,<a href=\"https:\/\/fr.wikisource.org\/wiki\/La_r%C3%A9volution_prol%C3%A9tarienne_et_le_ren%C3%A9gat_Kautsky\/Obs%C3%A9quiosit%C3%A9_%C3%A0_l%E2%80%99%C3%A9gard_de_la_bourgeoisie_sous_pr%C3%A9texte_d%E2%80%99analyse_%C3%A9conomique\" target=\"_blank\" rel=\"noopener noreferrer nofollow\">(la couverture) <\/a><span><\/span>. Disponible \u00e0 l\u2019achat sur les plateformes Amazon, Fnac, Cultura \u2026.}<br \/>|{,<a href=\"https:\/\/fr.wikisource.org\/wiki\/La_r%C3%A9volution_prol%C3%A9tarienne_et_le_ren%C3%A9gat_Kautsky\/Qu%E2%80%99est-ce_que_l%E2%80%99internationalisme_%3F\" target=\"_blank\" rel=\"noopener noreferrer nofollow\">(la couverture) <\/a><span><\/span>. Disponible \u00e0 l\u2019achat sur les plateformes Amazon, Fnac, Cultura \u2026.}<br \/>|{,<a href=\"https:\/\/fr.wikisource.org\/wiki\/La_r%C3%A9volution_sera-t-elle_collectiviste_%3F\" target=\"_blank\" rel=\"noopener noreferrer nofollow\">(la couverture) <\/a><span><\/span>.}<br \/>|{,<a href=\"https:\/\/fr.wikisource.org\/wiki\/La_R%C3%A9volution_sociale_d%C3%A9montr%C3%A9e_par_le_coup_d%E2%80%99%C3%89tat_du_2_d%C3%A9cembre\/10\" target=\"_blank\" rel=\"noopener noreferrer nofollow\">(la couverture) <\/a><span><\/span>.}<br \/>|{,<a href=\"https:\/\/fr.wikisource.org\/wiki\/La_R%C3%A9volution_surr%C3%A9aliste\" target=\"_blank\" rel=\"noopener noreferrer nofollow\">(la couverture) <\/a><span><\/span>.}<br \/>|{,<a href=\"https:\/\/fr.wikisource.org\/wiki\/La_R%C3%A9volution_surr%C3%A9aliste\/num%C3%A9ro_9-10\/Revue_de_la_Presse\" target=\"_blank\" rel=\"noopener noreferrer nofollow\">(la couverture) <\/a><span><\/span>.}<br \/>|{,<a href=\"https:\/\/fr.wikisource.org\/wiki\/La_Revue_blanche\/Tome_26\" target=\"_blank\" rel=\"noopener noreferrer nofollow\">(la couverture) <\/a><span><\/span>.}<br \/>|{,<a href=\"https:\/\/fr.wikisource.org\/wiki\/La_Russie_et_les_Russes\" target=\"_blank\" rel=\"noopener noreferrer nofollow\">(la couverture) <\/a><span><\/span>.}<br \/>|{,<a href=\"https:\/\/fr.wikisource.org\/wiki\/La_Russie_et_les_Russes\/14\" target=\"_blank\" rel=\"noopener noreferrer nofollow\">(la couverture) <\/a><span><\/span>.}<br \/>|{,<a href=\"https:\/\/fr.wikisource.org\/wiki\/La_Russie_telle_que_je_viens_de_la_voir\/I\" target=\"_blank\" rel=\"noopener noreferrer nofollow\">(la couverture) <\/a><span><\/span>. Disponible \u00e0 l\u2019achat sur les plateformes Amazon, Fnac, Cultura \u2026.}<br \/>|{,<a href=\"https:\/\/fr.wikisource.org\/wiki\/La_Russie_telle_que_je_viens_de_la_voir\/II\" target=\"_blank\" rel=\"noopener noreferrer nofollow\">(la couverture) <\/a><span><\/span>.}<br \/>|{,<a href=\"https:\/\/fr.wikisource.org\/wiki\/La_Russie_telle_que_je_viens_de_la_voir\/Pr%C3%A9face\" target=\"_blank\" rel=\"noopener noreferrer nofollow\">(la couverture) <\/a><span><\/span>.}<br \/>|{,<a href=\"https:\/\/fr.wikisource.org\/wiki\/La_Russie_telle_que_je_viens_de_la_voir\/V\" target=\"_blank\" rel=\"noopener noreferrer nofollow\">(la couverture) <\/a><span><\/span>. Disponible \u00e0 l\u2019achat sur les plateformes Amazon, Fnac, Cultura \u2026.}<br \/>|{,<a href=\"https:\/\/fr.wikisource.org\/wiki\/La_Russie_telle_que_je_viens_de_la_voir\/VI\" target=\"_blank\" rel=\"noopener noreferrer nofollow\">(la couverture) <\/a><span><\/span>. Disponible \u00e0 l\u2019achat sur les plateformes Amazon, Fnac, Cultura \u2026.}<br \/>|{,<a href=\"https:\/\/booknode.com\/la_saga_mendelson_tome_2_les_insoumis_084694\" target=\"_blank\" rel=\"noopener noreferrer nofollow\">(la couverture) <\/a><span><\/span>. Disponible \u00e0 l\u2019achat sur les plateformes Amazon, Fnac, Cultura \u2026.}<br \/>|{,<a href=\"https:\/\/www.kobo.com\/fr\/fr\/ebook\/la-sainte-chapelle-et-la-politique-de-la-fin-des-temps\" target=\"_blank\" rel=\"noopener noreferrer nofollow\">(la couverture) <\/a><span><\/span>.}<br \/>|{,<a href=\"https:\/\/fr.wikisource.org\/wiki\/La_Science_dans_une_soci%C3%A9t%C3%A9_socialiste\" target=\"_blank\" rel=\"noopener noreferrer nofollow\">(la couverture) <\/a><span><\/span>.}<br \/>|{,<a href=\"https:\/\/fr.wikisource.org\/wiki\/La_Soci%C3%A9t%C3%A9_et_le_socialisme\" target=\"_blank\" rel=\"noopener noreferrer nofollow\">(la couverture) <\/a><span><\/span>. Disponible \u00e0 l\u2019achat sur les plateformes Amazon, Fnac, Cultura \u2026.}<br \/>|{,<a href=\"https:\/\/fr.wikisource.org\/wiki\/La_Soci%C3%A9t%C3%A9_future\" target=\"_blank\" rel=\"noopener noreferrer nofollow\">(la couverture) <\/a><span><\/span>.}<br \/>|{,<a href=\"https:\/\/fr.wikisource.org\/wiki\/La_Soci%C3%A9t%C3%A9_future\/Chapitre_12\" target=\"_blank\" rel=\"noopener noreferrer nofollow\">(la couverture) <\/a><span><\/span>.}<br \/>|{,<a href=\"https:\/\/fr.wikisource.org\/wiki\/La_Soci%C3%A9t%C3%A9_future\/Chapitre_20\" target=\"_blank\" rel=\"noopener noreferrer nofollow\">(la couverture) <\/a><span><\/span>. Disponible \u00e0 l\u2019achat sur les plateformes Amazon, Fnac, Cultura \u2026.}<br \/>|{,<a href=\"https:\/\/fr.wikisource.org\/wiki\/La_Sorci%C3%A8re\" target=\"_blank\" rel=\"noopener noreferrer nofollow\">(la couverture) <\/a><span><\/span>.}<br \/>|{,<a href=\"https:\/\/www.kobo.com\/fr\/fr\/ebook\/la-theologie-politique-de-rene-girard-et-la-gauche-chretienne\" target=\"_blank\" rel=\"noopener noreferrer nofollow\">(la couverture) <\/a><span><\/span>.}<br \/>|{,<a href=\"https:\/\/fr.wikisource.org\/wiki\/La_Th%C3%A9orie_du_salaire,_l%E2%80%99%C3%A9conomie_politique_et_le_socialisme\" target=\"_blank\" rel=\"noopener noreferrer nofollow\">(la couverture) <\/a><span><\/span>.}<br \/>|{,<a href=\"https:\/\/booknode.com\/la_tragedie_sovietique_histoire_du_socialisme_en_russie_1917_1991_034809\" target=\"_blank\" rel=\"noopener noreferrer nofollow\">(la couverture) <\/a><span><\/span>.}<br \/>|{,<a href=\"https:\/\/fr.wikisource.org\/wiki\/La_Tyrannie_socialiste\" target=\"_blank\" rel=\"noopener noreferrer nofollow\">(la couverture) <\/a><span><\/span>. Disponible \u00e0 l\u2019achat sur les plateformes Amazon, Fnac, Cultura \u2026.}<br \/>|{,<a href=\"https:\/\/fr.wikisource.org\/wiki\/La_Tyrannie_socialiste\" target=\"_blank\" rel=\"noopener noreferrer nofollow\">(la couverture) <\/a><span><\/span>.}<br \/>|{,<a href=\"https:\/\/fr.wikisource.org\/wiki\/La_Tyrannie_socialiste\/Conclusion\" target=\"_blank\" rel=\"noopener noreferrer nofollow\">(la couverture) <\/a><span><\/span>. Disponible \u00e0 l\u2019achat sur les plateformes Amazon, Fnac, Cultura \u2026.}<br \/>|{,<a href=\"https:\/\/fr.wikisource.org\/wiki\/La_Tyrannie_socialiste\/Livre_1\/Chapitre_1\" target=\"_blank\" rel=\"noopener noreferrer nofollow\">(la couverture) <\/a><span><\/span>.}<br \/>|{,<a href=\"https:\/\/fr.wikisource.org\/wiki\/La_Tyrannie_socialiste\/Livre_1\/Chapitre_2\" target=\"_blank\" rel=\"noopener noreferrer nofollow\">(la couverture) <\/a><span><\/span>.}<br \/>|{,<a href=\"https:\/\/fr.wikisource.org\/wiki\/La_Tyrannie_socialiste\/Livre_1\/Chapitre_3\" target=\"_blank\" rel=\"noopener noreferrer nofollow\">(la couverture) <\/a><span><\/span>.}<br \/>|{,<a href=\"https:\/\/fr.wikisource.org\/wiki\/La_Tyrannie_socialiste\/Livre_2\/Chapitre_13\" target=\"_blank\" rel=\"noopener noreferrer nofollow\">(la couverture) <\/a><span><\/span>.}<br \/>|{,<a href=\"https:\/\/fr.wikisource.org\/wiki\/La_Tyrannie_socialiste\/Livre_2\/Chapitre_2\" target=\"_blank\" rel=\"noopener noreferrer nofollow\">(la couverture) <\/a><span><\/span>.}<br \/>|{,<a href=\"https:\/\/fr.wikisource.org\/wiki\/La_Tyrannie_socialiste\/Livre_5\/Chapitre_4\" target=\"_blank\" rel=\"noopener noreferrer nofollow\">(la couverture) <\/a><span><\/span>. Disponible \u00e0 l\u2019achat sur les plateformes Amazon, Fnac, Cultura \u2026.}<br \/>|{,<a href=\"https:\/\/fr.wikisource.org\/wiki\/La_Tyrannie_socialiste\/Livre_6\/Chapitre_6\" target=\"_blank\" rel=\"noopener noreferrer nofollow\">(la couverture) <\/a><span><\/span>.}<br \/>|{,<a href=\"https:\/\/fr.wikisource.org\/wiki\/La_V%C3%A9rit%C3%A9_sur_l%E2%80%99Alg%C3%A9rie\/06\/13\" target=\"_blank\" rel=\"noopener noreferrer nofollow\">(la couverture) <\/a><span><\/span>.}<br \/>|{,<a href=\"https:\/\/booknode.com\/la_vie_quotidienne_en_roumanie_sous_le_communisme_03447149\" target=\"_blank\" rel=\"noopener noreferrer nofollow\">(la couverture) <\/a><span><\/span>.}<br \/>|{,<a href=\"https:\/\/booknode.com\/lahm_tome_2_les_insoumis_0101038\" target=\"_blank\" rel=\"noopener noreferrer nofollow\">(la couverture) <\/a><span><\/span>. Disponible \u00e0 l\u2019achat sur les plateformes Amazon, Fnac, Cultura \u2026.}<br \/>|{,<a href=\"https:\/\/www.kobo.com\/fr\/fr\/ebook\/l-ambivalence-politique-de-l-islam\" target=\"_blank\" rel=\"noopener noreferrer nofollow\">(la couverture) <\/a><span><\/span>.}<br \/>|{,<a href=\"https:\/\/booknode.com\/lame_de_lhomme_sous_le_socialisme_01211623\" target=\"_blank\" rel=\"noopener noreferrer nofollow\">(la couverture) <\/a><span><\/span>.}<br \/>|{,<a href=\"https:\/\/fr.wikisource.org\/wiki\/L%27Ap%C3%B4tre_de_la_destruction_universelle_-_Bakounine\" target=\"_blank\" rel=\"noopener noreferrer nofollow\">(la couverture) <\/a><span><\/span>.}<br \/>|{,<a href=\"https:\/\/www.kobo.com\/fr\/fr\/ebook\/l-assassinat-politique-de-francois-fillon\" target=\"_blank\" rel=\"noopener noreferrer nofollow\">(la couverture) <\/a><span><\/span>.}<br \/>|{,<a href=\"https:\/\/booknode.com\/lavenir_en_commun_02150864\" target=\"_blank\" rel=\"noopener noreferrer nofollow\">(la couverture) <\/a><span><\/span>.}<br \/>|{,<a href=\"https:\/\/booknode.com\/lavenir_en_commun_le_programme_pour_lunion_populaire_03419082\" target=\"_blank\" rel=\"noopener noreferrer nofollow\">(la couverture) <\/a><span><\/span>.}<br \/>|{,<a href=\"https:\/\/fr.wikisource.org\/wiki\/Le_%C2%AB_Chartisme_%C2%BB_socialisme_anglais_de_1830-1848\" target=\"_blank\" rel=\"noopener noreferrer nofollow\">(la couverture) <\/a><span><\/span>.}<br \/>|{,<a href=\"https:\/\/fr.wikisource.org\/wiki\/Le_Banquet_(trad._Robin)\/Notice\" target=\"_blank\" rel=\"noopener noreferrer nofollow\">(la couverture) <\/a><span><\/span>. Disponible \u00e0 l\u2019achat sur les plateformes Amazon, Fnac, Cultura \u2026.}<br \/>|{,<a href=\"https:\/\/www.kobo.com\/fr\/fr\/ebook\/le-califat\" target=\"_blank\" rel=\"noopener noreferrer nofollow\">(la couverture) <\/a><span><\/span>.}<br \/>|{,<a href=\"https:\/\/www.kobo.com\/fr\/fr\/ebook\/le-cardinal-dubois-le-genie-politique-de-la-regence-3\" target=\"_blank\" rel=\"noopener noreferrer nofollow\">(la couverture) <\/a><span><\/span>. Disponible \u00e0 l\u2019achat sur les plateformes Amazon, Fnac, Cultura \u2026.}<br \/>|{,<a href=\"https:\/\/booknode.com\/le_choix_de_linsoumission_02194383\" target=\"_blank\" rel=\"noopener noreferrer nofollow\">(la couverture) <\/a><span><\/span>.}<br \/>|{,<a href=\"https:\/\/booknode.com\/le_christ_contre_lavoir_ce_que_le_socialisme_doit_au_christianisme_des_origines_03427916\" target=\"_blank\" rel=\"noopener noreferrer nofollow\">(la couverture) <\/a><span><\/span>.}<br \/>|{,<a href=\"https:\/\/fr.wikisource.org\/wiki\/Le_Citoyen_contre_les_pouvoirs_(1926)\/09\" target=\"_blank\" rel=\"noopener noreferrer nofollow\">(la couverture) <\/a><span><\/span>. Disponible \u00e0 l\u2019achat sur les plateformes Amazon, Fnac, Cultura \u2026.}<br \/>|{,<a href=\"https:\/\/fr.wikisource.org\/wiki\/Le_Collectivisme,_Tome_I\/Chapitre_I\" target=\"_blank\" rel=\"noopener noreferrer nofollow\">(la couverture) <\/a><span><\/span>.}<br \/>|{,<a href=\"https:\/\/booknode.com\/le_communisme_01975333\" target=\"_blank\" rel=\"noopener noreferrer nofollow\">(la couverture) <\/a><span><\/span>.}<br \/>|{,<a href=\"https:\/\/booknode.com\/le_communisme_01487123\" target=\"_blank\" rel=\"noopener noreferrer nofollow\">(la couverture) <\/a><span><\/span>. Disponible \u00e0 l\u2019achat sur les plateformes Amazon, Fnac, Cultura \u2026.}<br \/>|{,<a href=\"https:\/\/booknode.com\/le_communisme_1917_2017_03361722\" target=\"_blank\" rel=\"noopener noreferrer nofollow\">(la couverture) <\/a><span><\/span>. Disponible \u00e0 l\u2019achat sur les plateformes Amazon, Fnac, Cultura \u2026.}<br \/>|{,<a href=\"https:\/\/booknode.com\/le_communisme_1917_2017_03361722\" target=\"_blank\" rel=\"noopener noreferrer nofollow\">(la couverture) <\/a><span><\/span>. Disponible \u00e0 l\u2019achat sur les plateformes Amazon, Fnac, Cultura \u2026.}<br \/>|{,<a href=\"https:\/\/fr.wikisource.org\/wiki\/Le_Communisme_en_Am%C3%A9rique\" target=\"_blank\" rel=\"noopener noreferrer nofollow\">(la couverture) <\/a><span><\/span>.}<br \/>|{,<a href=\"https:\/\/fr.wikisource.org\/wiki\/Le_Communisme_en_Am%C3%A9rique\/01\" target=\"_blank\" rel=\"noopener noreferrer nofollow\">(la couverture) <\/a><span><\/span>. Disponible \u00e0 l\u2019achat sur les plateformes Amazon, Fnac, Cultura \u2026.}<br \/>|{,<a href=\"https:\/\/fr.wikisource.org\/wiki\/Le_Communisme_en_Am%C3%A9rique\/02\" target=\"_blank\" rel=\"noopener noreferrer nofollow\">(la couverture) <\/a><span><\/span>. Disponible \u00e0 l\u2019achat sur les plateformes Amazon, Fnac, Cultura \u2026.}<br \/>|{,<a href=\"https:\/\/fr.wikisource.org\/wiki\/Le_Communisme_jug%C3%A9_par_l%E2%80%99histoire\" target=\"_blank\" rel=\"noopener noreferrer nofollow\">(la couverture) <\/a><span><\/span>. Disponible \u00e0 l\u2019achat sur les plateformes Amazon, Fnac, Cultura \u2026.}<br \/>|{,<a href=\"https:\/\/fr.wikisource.org\/wiki\/Le_Communisme_jug%C3%A9_par_l%E2%80%99histoire\" target=\"_blank\" rel=\"noopener noreferrer nofollow\">(la couverture) <\/a><span><\/span>.}<br \/>|{,<a href=\"https:\/\/fr.wikisource.org\/wiki\/Le_Communisme_jug%C3%A9_par_l%E2%80%99histoire\/Conclusion\" target=\"_blank\" rel=\"noopener noreferrer nofollow\">(la couverture) <\/a><span><\/span>. Disponible \u00e0 l\u2019achat sur les plateformes Amazon, Fnac, Cultura \u2026.}<br \/>|{,<a href=\"https:\/\/fr.wikisource.org\/wiki\/Le_Communisme_jug%C3%A9_par_l%E2%80%99histoire\/Du_communisme_avant_le_christianisme\" target=\"_blank\" rel=\"noopener noreferrer nofollow\">(la couverture) <\/a><span><\/span>. Disponible \u00e0 l\u2019achat sur les plateformes Amazon, Fnac, Cultura \u2026.}<br \/>|{,<a href=\"https:\/\/fr.wikisource.org\/wiki\/Le_Communisme_jug%C3%A9_par_l%E2%80%99histoire\/Du_communisme_philosophique\" target=\"_blank\" rel=\"noopener noreferrer nofollow\">(la couverture) <\/a><span><\/span>.}<br \/>|{,<a href=\"https:\/\/fr.wikisource.org\/wiki\/Le_Communisme_jug%C3%A9_par_l%E2%80%99histoire\/Du_communisme_r%C3%A9volutionnaire\" target=\"_blank\" rel=\"noopener noreferrer nofollow\">(la couverture) <\/a><span><\/span>. Disponible \u00e0 l\u2019achat sur les plateformes Amazon, Fnac, Cultura \u2026.}<br \/>|{,<a href=\"https:\/\/fr.wikisource.org\/wiki\/Le_Communisme_jug%C3%A9_par_l%E2%80%99histoire\/Du_communisme_sous_l%27influence_des_id%C3%A9es_chr%C3%A9tiennes\" target=\"_blank\" rel=\"noopener noreferrer nofollow\">(la couverture) <\/a><span><\/span>. Disponible \u00e0 l\u2019achat sur les plateformes Amazon, Fnac, Cultura \u2026.}<br \/>|{,<a href=\"https:\/\/fr.wikisource.org\/wiki\/Le_Communisme_jug%C3%A9_par_l%E2%80%99histoire\/Du_socialisme_et_du_communisme_en_g%C3%A9n%C3%A9ral\" target=\"_blank\" rel=\"noopener noreferrer nofollow\">(la couverture) <\/a><span><\/span>. Disponible \u00e0 l\u2019achat sur les plateformes Amazon, Fnac, Cultura \u2026.}<br \/>|{,<a href=\"https:\/\/fr.wikisource.org\/wiki\/Le_Communisme_jug%C3%A9_par_l%E2%80%99histoire\/Du_socialisme_et_du_communisme_en_g%C3%A9n%C3%A9ral\" target=\"_blank\" rel=\"noopener noreferrer nofollow\">(la couverture) <\/a><span><\/span>. Disponible \u00e0 l\u2019achat sur les plateformes Amazon, Fnac, Cultura \u2026.}<br \/>|{,<a href=\"https:\/\/fr.wikisource.org\/wiki\/Le_Communisme_jug%C3%A9_par_l%E2%80%99histoire\/Le_communisme_en_1871\" target=\"_blank\" rel=\"noopener noreferrer nofollow\">(la couverture) <\/a><span><\/span>.}<br \/>|{,<a href=\"https:\/\/fr.wikisource.org\/wiki\/Le_Communisme_jug%C3%A9_par_l%E2%80%99histoire\/Le_communisme_en_1871\" target=\"_blank\" rel=\"noopener noreferrer nofollow\">(la couverture) <\/a><span><\/span>. Disponible \u00e0 l\u2019achat sur les plateformes Amazon, Fnac, Cultura \u2026.}<br \/>|{,<a href=\"https:\/\/fr.wikisource.org\/wiki\/Le_Communisme_jug%C3%A9_par_l%E2%80%99histoire\/Texte_entier\" target=\"_blank\" rel=\"noopener noreferrer nofollow\">(la couverture) <\/a><span><\/span>.}<br \/>|{,<a href=\"https:\/\/booknode.com\/le_communisme_la_mutation_03411101\" target=\"_blank\" rel=\"noopener noreferrer nofollow\">(la couverture) <\/a><span><\/span>. Disponible \u00e0 l\u2019achat sur les plateformes Amazon, Fnac, Cultura \u2026.}<br \/>|{,<a href=\"https:\/\/booknode.com\/le_communisme_primitif_i_economie_et_ideologie_01664023\" target=\"_blank\" rel=\"noopener noreferrer nofollow\">(la couverture) <\/a><span><\/span>. Disponible \u00e0 l\u2019achat sur les plateformes Amazon, Fnac, Cultura \u2026.}<br \/>|{,<a href=\"https:\/\/booknode.com\/le_communisme_03361414\" target=\"_blank\" rel=\"noopener noreferrer nofollow\">(la couverture) <\/a><span><\/span>.}<br \/>|{,<a href=\"https:\/\/booknode.com\/le_communisme_03361414\" target=\"_blank\" rel=\"noopener noreferrer nofollow\">(la couverture) <\/a><span><\/span>.}<br \/>|{,<a href=\"https:\/\/fr.wikisource.org\/wiki\/Le_Communisme-anarchiste_comme_r%C3%A9alisation_pour_les_temps_actuels\" target=\"_blank\" rel=\"noopener noreferrer nofollow\">(la couverture) <\/a><span><\/span>.}<br \/>|{,<a href=\"https:\/\/booknode.com\/le_congres_de_tours_le_socialisme_a_la_croisee_des_chemins_1919_1920_03365324\" target=\"_blank\" rel=\"noopener noreferrer nofollow\">(la couverture) <\/a><span><\/span>. Disponible \u00e0 l\u2019achat sur les plateformes Amazon, Fnac, Cultura \u2026.}<br \/>|{,<a href=\"https:\/\/fr.wikisource.org\/wiki\/Le_Congr%C3%A8s_socialiste_international_-_Le_Socialisme_bourgeois\" target=\"_blank\" rel=\"noopener noreferrer nofollow\">(la couverture) <\/a><span><\/span>.}<br \/>|{,<a href=\"https:\/\/fr.wikisource.org\/wiki\/Le_Congr%C3%A8s_socialiste_international_de_Londres\" target=\"_blank\" rel=\"noopener noreferrer nofollow\">(la couverture) <\/a><span><\/span>.}<br \/>|{,<a href=\"https:\/\/fr.wikisource.org\/wiki\/Le_Constitutionnel\/1883\/03\/18\" target=\"_blank\" rel=\"noopener noreferrer nofollow\">(la couverture) <\/a><span><\/span>.}<br \/>|{,<a href=\"https:\/\/fr.wikisource.org\/wiki\/Le_Couteau_entre_les_dents\/Texte_entier\" target=\"_blank\" rel=\"noopener noreferrer nofollow\">(la couverture) <\/a><span><\/span>.}<br \/>|{,<a href=\"https:\/\/fr.wikisource.org\/wiki\/Le_Couteau_entre_les_dents\/V\" target=\"_blank\" rel=\"noopener noreferrer nofollow\">(la couverture) <\/a><span><\/span>.}<br \/>|{,<a href=\"https:\/\/fr.wikisource.org\/wiki\/Le_Couteau_entre_les_dents\/VI\" target=\"_blank\" rel=\"noopener noreferrer nofollow\">(la couverture) <\/a><span><\/span>.}<br \/>|{,<a href=\"https:\/\/fr.wikisource.org\/wiki\/Le_Couteau_entre_les_dents\/VII\" target=\"_blank\" rel=\"noopener noreferrer nofollow\">(la couverture) <\/a><span><\/span>. Disponible \u00e0 l\u2019achat sur les plateformes Amazon, Fnac, Cultura \u2026.}<br \/>|{,<a href=\"https:\/\/fr.wikisource.org\/wiki\/Le_Couteau_entre_les_dents\/VIII\" target=\"_blank\" rel=\"noopener noreferrer nofollow\">(la couverture) <\/a><span><\/span>.}<br \/>|{,<a href=\"https:\/\/booknode.com\/le_crepuscule_du_communisme_07106\" target=\"_blank\" rel=\"noopener noreferrer nofollow\">(la couverture) <\/a><span><\/span>.}<br \/>|{,<a href=\"https:\/\/fr.wikisource.org\/wiki\/Le_Croyant\" target=\"_blank\" rel=\"noopener noreferrer nofollow\">(la couverture) <\/a><span><\/span>.}<br \/>|{,<a href=\"https:\/\/fr.wikisource.org\/wiki\/Le_Croyant\/LIII\" target=\"_blank\" rel=\"noopener noreferrer nofollow\">(la couverture) <\/a><span><\/span>.}<br \/>|{,<a href=\"https:\/\/www.kobo.com\/fr\/fr\/ebook\/le-desenchantement-du-monde-une-histoire-politique-de-la-religion-1\" target=\"_blank\" rel=\"noopener noreferrer nofollow\">(la couverture) <\/a><span><\/span>. Disponible \u00e0 l\u2019achat sur les plateformes Amazon, Fnac, Cultura \u2026.}<br \/>|{,<a href=\"https:\/\/fr.wikisource.org\/wiki\/Le_f%C3%A9minisme_sous_le_r%C3%A8gne_de_Louis-Philippe_et_en_1848\/III\/2\" target=\"_blank\" rel=\"noopener noreferrer nofollow\">(la couverture) <\/a><span><\/span>.}<br \/>|{,<a href=\"https:\/\/www.kobo.com\/fr\/fr\/ebook\/le-fil-de-la-vie\" target=\"_blank\" rel=\"noopener noreferrer nofollow\">(la couverture) <\/a><span><\/span>.}<br \/>|{,<a href=\"https:\/\/www.kobo.com\/fr\/fr\/ebook\/le-fil-de-la-vie\" target=\"_blank\" rel=\"noopener noreferrer nofollow\">(la couverture) <\/a><span><\/span>. Disponible \u00e0 l\u2019achat sur les plateformes Amazon, Fnac, Cultura \u2026.}<br \/>|{,<a href=\"https:\/\/fr.wikisource.org\/wiki\/Le_Fondateur_du_socialisme_moderne_-_Saint-Simon\" target=\"_blank\" rel=\"noopener noreferrer nofollow\">(la couverture) <\/a><span><\/span>. Disponible \u00e0 l\u2019achat sur les plateformes Amazon, Fnac, Cultura \u2026.}<br \/>|{,<a href=\"https:\/\/fr.wikisource.org\/wiki\/Le_Front_Unique_et_le_Communisme_en_France\" target=\"_blank\" rel=\"noopener noreferrer nofollow\">(la couverture) <\/a><span><\/span>.}<br \/>|{,<a href=\"https:\/\/booknode.com\/le_gauchisme_remede_a_la_maladie_senile_du_communisme_0761123\" target=\"_blank\" rel=\"noopener noreferrer nofollow\">(la couverture) <\/a><span><\/span>.}<br \/>|{,<a href=\"https:\/\/fr.wikisource.org\/wiki\/Le_Gaulois\/1883\/03\/17\/Karl_Marx\" target=\"_blank\" rel=\"noopener noreferrer nofollow\">(la couverture) <\/a><span><\/span>. Disponible \u00e0 l\u2019achat sur les plateformes Amazon, Fnac, Cultura \u2026.}<br \/>|{,<a href=\"https:\/\/www.kobo.com\/fr\/fr\/ebook\/le-gouvernement-du-monde\" target=\"_blank\" rel=\"noopener noreferrer nofollow\">(la couverture) <\/a><span><\/span>.}<br \/>|{,<a href=\"https:\/\/fr.wikisource.org\/wiki\/Le_Grand_Malaise_des_soci%C3%A9t%C3%A9s_modernes_et_son_unique_rem%C3%A8de\/1\" target=\"_blank\" rel=\"noopener noreferrer nofollow\">(la couverture) <\/a><span><\/span>.}<br \/>|{,<a href=\"https:\/\/fr.wikisource.org\/wiki\/Le_Grand_Malaise_des_soci%C3%A9t%C3%A9s_modernes_et_son_unique_rem%C3%A8de\/9\" target=\"_blank\" rel=\"noopener noreferrer nofollow\">(la couverture) <\/a><span><\/span>. Disponible \u00e0 l\u2019achat sur les plateformes Amazon, Fnac, Cultura \u2026.}<br \/>|{,<a href=\"https:\/\/booknode.com\/le_hareng_de_bismarck_le_poison_allemand_01630143\" target=\"_blank\" rel=\"noopener noreferrer nofollow\">(la couverture) <\/a><span><\/span>.}<br \/>|{,<a href=\"https:\/\/fr.wikisource.org\/wiki\/Le_J%C3%A9suitisme_vaincu_et_an%C3%A9anti_par_le_socialisme\" target=\"_blank\" rel=\"noopener noreferrer nofollow\">(la couverture) <\/a><span><\/span>.}<br \/>|{,<a href=\"https:\/\/booknode.com\/le_kominform_le_communisme_de_guerre_froide_07118\" target=\"_blank\" rel=\"noopener noreferrer nofollow\">(la couverture) <\/a><span><\/span>.}<br \/>|{,<a href=\"https:\/\/fr.wikisource.org\/wiki\/Le_Lib%C3%A9ralisme\" target=\"_blank\" rel=\"noopener noreferrer nofollow\">(la couverture) <\/a><span><\/span>.}<br \/>|{,<a href=\"https:\/\/fr.wikisource.org\/wiki\/Le_Libre-%C3%A9change_et_autres_%C3%A9crits\" target=\"_blank\" rel=\"noopener noreferrer nofollow\">(la couverture) <\/a><span><\/span>.}<br \/>|{,<a href=\"https:\/\/fr.wikisource.org\/wiki\/Le_Libre-%C3%A9change_et_autres_%C3%A9crits\/Tome_2\/Texte_21\" target=\"_blank\" rel=\"noopener noreferrer nofollow\">(la couverture) <\/a><span><\/span>. Disponible \u00e0 l\u2019achat sur les plateformes Amazon, Fnac, Cultura \u2026.}<br \/>|{,<a href=\"https:\/\/fr.wikisource.org\/wiki\/Le_Libre-%C3%A9change_et_autres_%C3%A9crits\/Tome_2\/Texte_22\" target=\"_blank\" rel=\"noopener noreferrer nofollow\">(la couverture) <\/a><span><\/span>. Disponible \u00e0 l\u2019achat sur les plateformes Amazon, Fnac, Cultura \u2026.}<br \/>|{,<a href=\"https:\/\/fr.wikisource.org\/wiki\/Le_Libre-%C3%A9change_et_autres_%C3%A9crits\/Tome_2\/Texte_23\" target=\"_blank\" rel=\"noopener noreferrer nofollow\">(la couverture) <\/a><span><\/span>. Disponible \u00e0 l\u2019achat sur les plateformes Amazon, Fnac, Cultura \u2026.}<br \/>|{,<a href=\"https:\/\/fr.wikisource.org\/wiki\/Le_Libre-%C3%A9change_et_autres_%C3%A9crits\/Tome_7\/Texte_65\" target=\"_blank\" rel=\"noopener noreferrer nofollow\">(la couverture) <\/a><span><\/span>.}<br \/>|{,<a href=\"https:\/\/booknode.com\/le_livre_noir_du_communisme_crimes_terreur_repression_073789\" target=\"_blank\" rel=\"noopener noreferrer nofollow\">(la couverture) <\/a><span><\/span>. Disponible \u00e0 l\u2019achat sur les plateformes Amazon, Fnac, Cultura \u2026.}<br \/>|{,<a href=\"https:\/\/booknode.com\/le_malheur_du_siecle_communisme_nazisme_shoah_024104\" target=\"_blank\" rel=\"noopener noreferrer nofollow\">(la couverture) <\/a><span><\/span>.}<br \/>|{,<a href=\"https:\/\/fr.wikisource.org\/wiki\/Le_Manifeste_communiste\" target=\"_blank\" rel=\"noopener noreferrer nofollow\">(la couverture) <\/a><span><\/span>.}<br \/>|{,<a href=\"https:\/\/fr.wikisource.org\/wiki\/Le_Manifeste_communiste\/II\" target=\"_blank\" rel=\"noopener noreferrer nofollow\">(la couverture) <\/a><span><\/span>. Disponible \u00e0 l\u2019achat sur les plateformes Amazon, Fnac, Cultura \u2026.}<br \/>|{,<a href=\"https:\/\/fr.wikisource.org\/wiki\/Le_Manifeste_communiste\/II\" target=\"_blank\" rel=\"noopener noreferrer nofollow\">(la couverture) <\/a><span><\/span>.}<br \/>|{,<a href=\"https:\/\/fr.wikisource.org\/wiki\/Le_Mat%C3%A9rialisme_historique_et_le_principe_du_ph%C3%A9nom%C3%A8ne_social\" target=\"_blank\" rel=\"noopener noreferrer nofollow\">(la couverture) <\/a><span><\/span>. Disponible \u00e0 l\u2019achat sur les plateformes Amazon, Fnac, Cultura \u2026.}<br \/>|{,<a href=\"https:\/\/www.kobo.com\/fr\/fr\/ebook\/le-moment-politique-de-l-homosexualite\" target=\"_blank\" rel=\"noopener noreferrer nofollow\">(la couverture) <\/a><span><\/span>.}<br \/>|{,<a href=\"https:\/\/fr.wikisource.org\/wiki\/Le_Mouvement_libertaire_sous_la_IIIe_R%C3%A9publique\/Appendice\" target=\"_blank\" rel=\"noopener noreferrer nofollow\">(la couverture) <\/a><span><\/span>.}<br \/>|{,<a href=\"https:\/\/fr.wikisource.org\/wiki\/Le_Mouvement_socialiste_(Revue)\" target=\"_blank\" rel=\"noopener noreferrer nofollow\">(la couverture) <\/a><span><\/span>.}<br \/>|{,<a href=\"https:\/\/www.kobo.com\/fr\/fr\/ebook\/le-municipalisme-libertaire-2\" target=\"_blank\" rel=\"noopener noreferrer nofollow\">(la couverture) <\/a><span><\/span>.}<br \/>|{,<a href=\"https:\/\/fr.wikisource.org\/wiki\/Le_Mysticisme_d%C3%A9mocratique_dans_l%E2%80%99%C5%93uvre_de_George_Sand\" target=\"_blank\" rel=\"noopener noreferrer nofollow\">(la couverture) <\/a><span><\/span>.}<br \/>|{,<a href=\"https:\/\/booknode.com\/le_national_socialisme_et_lantiquite_039046\" target=\"_blank\" rel=\"noopener noreferrer nofollow\">(la couverture) <\/a><span><\/span>.}<br \/>|{,<a href=\"https:\/\/www.kobo.com\/fr\/fr\/ebook\/le-negationnisme-de-gauche\" target=\"_blank\" rel=\"noopener noreferrer nofollow\">(la couverture) <\/a><span><\/span>.}<br \/>|{,<a href=\"https:\/\/fr.wikisource.org\/wiki\/Le_Pacifique_et_la_rencontre_des_races\" target=\"_blank\" rel=\"noopener noreferrer nofollow\">(la couverture) <\/a><span><\/span>.}<br \/>|{,<a href=\"https:\/\/fr.wikisource.org\/wiki\/Le_Parti_de_la_d%C3%A9mocratie_sociale_en_Allemagne\/01\" target=\"_blank\" rel=\"noopener noreferrer nofollow\">(la couverture) <\/a><span><\/span>. Disponible \u00e0 l\u2019achat sur les plateformes Amazon, Fnac, Cultura \u2026.}<br \/>|{,<a href=\"https:\/\/fr.wikisource.org\/wiki\/Le_Parti_de_la_d%C3%A9mocratie_sociale_en_Allemagne\/02\" target=\"_blank\" rel=\"noopener noreferrer nofollow\">(la couverture) <\/a><span><\/span>. Disponible \u00e0 l\u2019achat sur les plateformes Amazon, Fnac, Cultura \u2026.}<br \/>|{,<a href=\"https:\/\/fr.wikisource.org\/wiki\/Le_Parti_socialiste_en_Allemagne\" target=\"_blank\" rel=\"noopener noreferrer nofollow\">(la couverture) <\/a><span><\/span>.}<br \/>|{,<a href=\"https:\/\/fr.wikisource.org\/wiki\/Le_Parti_socialiste\/Livre_III\/Chapitre_3\" target=\"_blank\" rel=\"noopener noreferrer nofollow\">(la couverture) <\/a><span><\/span>. Disponible \u00e0 l\u2019achat sur les plateformes Amazon, Fnac, Cultura \u2026.}<br \/>|{,<a href=\"https:\/\/fr.wikisource.org\/wiki\/Le_Parti_socialiste\/Livre_IV\/Chapitre_2\" target=\"_blank\" rel=\"noopener noreferrer nofollow\">(la couverture) <\/a><span><\/span>.}<br \/>|{,<a href=\"https:\/\/fr.wikisource.org\/wiki\/Le_P%C3%A9ch%C3%A9_de_Monsieur_Antoine\/Notice\" target=\"_blank\" rel=\"noopener noreferrer nofollow\">(la couverture) <\/a><span><\/span>. Disponible \u00e0 l\u2019achat sur les plateformes Amazon, Fnac, Cultura \u2026.}<br \/>|{,<a href=\"https:\/\/www.kobo.com\/fr\/fr\/ebook\/le-petit-livre-bleu-analyse-critique-et-politique-de-la-societe-des-schtroumpfs\" target=\"_blank\" rel=\"noopener noreferrer nofollow\">(la couverture) <\/a><span><\/span>.}<br \/>|{,<a href=\"https:\/\/fr.wikisource.org\/wiki\/Le_Peuple_mexicain_est_pr%C3%AAt_pour_le_communisme\" target=\"_blank\" rel=\"noopener noreferrer nofollow\">(la couverture) <\/a><span><\/span>. Disponible \u00e0 l\u2019achat sur les plateformes Amazon, Fnac, Cultura \u2026.}<br \/>|{,<a href=\"https:\/\/www.kobo.com\/fr\/fr\/ebook\/le-populisme-de-gauche\" target=\"_blank\" rel=\"noopener noreferrer nofollow\">(la couverture) <\/a><span><\/span>.}<br \/>|{,<a href=\"https:\/\/www.kobo.com\/fr\/fr\/ebook\/le-pouvoir-absolu-naissance-de-l-imaginaire-politique-de-la-royaute\" target=\"_blank\" rel=\"noopener noreferrer nofollow\">(la couverture) <\/a><span><\/span>.}<br \/>|{,<a href=\"https:\/\/www.kobo.com\/fr\/fr\/ebook\/le-recensement-des-intellos-de-gauche\" target=\"_blank\" rel=\"noopener noreferrer nofollow\">(la couverture) <\/a><span><\/span>.}<br \/>|{,<a href=\"https:\/\/fr.wikisource.org\/wiki\/Le_R%C3%A9veil_anarchiste\" target=\"_blank\" rel=\"noopener noreferrer nofollow\">(la couverture) <\/a><span><\/span>.}<br \/>|{,<a href=\"https:\/\/fr.wikisource.org\/wiki\/Le_R%C3%A9volt%C3%A9\" target=\"_blank\" rel=\"noopener noreferrer nofollow\">(la couverture) <\/a><span><\/span>.}<br \/>|{,<a href=\"https:\/\/www.kobo.com\/fr\/fr\/ebook\/le-role-politique-de-la-fonction-rh\" target=\"_blank\" rel=\"noopener noreferrer nofollow\">(la couverture) <\/a><span><\/span>.}<br \/>|{,<a href=\"https:\/\/fr.wikisource.org\/wiki\/Le_Socialisme_agraire_et_le_m%C3%A9tayage_en_Italie\" target=\"_blank\" rel=\"noopener noreferrer nofollow\">(la couverture) <\/a><span><\/span>.}<br \/>|{,<a href=\"https:\/\/fr.wikisource.org\/wiki\/Le_Socialisme_agraire_et_le_r%C3%A9gime_de_la_propri%C3%A9t%C3%A9_en_Europe\" target=\"_blank\" rel=\"noopener noreferrer nofollow\">(la couverture) <\/a><span><\/span>.}<br \/>|{,<a href=\"https:\/\/fr.wikisource.org\/wiki\/Le_Socialisme_anglo-saxon_et_son_nouveau_proph%C3%A8te\" target=\"_blank\" rel=\"noopener noreferrer nofollow\">(la couverture) <\/a><span><\/span>.}<br \/>|{,<a href=\"https:\/\/fr.wikisource.org\/wiki\/Le_Socialisme_au_XIXe_si%C3%A8cle_-_Charles_Fourier\" target=\"_blank\" rel=\"noopener noreferrer nofollow\">(la couverture) <\/a><span><\/span>.}<br \/>|{,<a href=\"https:\/\/fr.wikisource.org\/wiki\/Le_Socialisme_au_XVIe_si%C3%A8cle\" target=\"_blank\" rel=\"noopener noreferrer nofollow\">(la couverture) <\/a><span><\/span>.}<br \/>|{,<a href=\"https:\/\/fr.wikisource.org\/wiki\/Le_Socialisme_au_XVIe_si%C3%A8cle\/02\" target=\"_blank\" rel=\"noopener noreferrer nofollow\">(la couverture) <\/a><span><\/span>.}<br \/>|{,<a href=\"https:\/\/fr.wikisource.org\/wiki\/Le_Socialisme_au_XVIe_si%C3%A8cle\/03\" target=\"_blank\" rel=\"noopener noreferrer nofollow\">(la couverture) <\/a><span><\/span>.}<br \/>|{,<a href=\"https:\/\/fr.wikisource.org\/wiki\/Le_Socialisme_contemporain_en_Allemagne\" target=\"_blank\" rel=\"noopener noreferrer nofollow\">(la couverture) <\/a><span><\/span>.}<br \/>|{,<a href=\"https:\/\/fr.wikisource.org\/wiki\/Le_Socialisme_contemporain_en_Allemagne\/01\" target=\"_blank\" rel=\"noopener noreferrer nofollow\">(la couverture) <\/a><span><\/span>.}<br \/>|{,<a href=\"https:\/\/fr.wikisource.org\/wiki\/Le_Socialisme_contemporain_en_Allemagne\/02\" target=\"_blank\" rel=\"noopener noreferrer nofollow\">(la couverture) <\/a><span><\/span>. Disponible \u00e0 l\u2019achat sur les plateformes Amazon, Fnac, Cultura \u2026.}<br \/>|{,<a href=\"https:\/\/fr.wikisource.org\/wiki\/Le_Socialisme_contemporain_en_Allemagne\/03\" target=\"_blank\" rel=\"noopener noreferrer nofollow\">(la couverture) <\/a><span><\/span>.}<br \/>|{,<a href=\"https:\/\/fr.wikisource.org\/wiki\/Le_Socialisme_contemporain_en_Allemagne\/04\" target=\"_blank\" rel=\"noopener noreferrer nofollow\">(la couverture) <\/a><span><\/span>.}<br \/>|{,<a href=\"https:\/\/fr.wikisource.org\/wiki\/Le_Socialisme_d%E2%80%99%C3%A9tat_dans_l%E2%80%99empire_allemand\" target=\"_blank\" rel=\"noopener noreferrer nofollow\">(la couverture) <\/a><span><\/span>.}<br \/>|{,<a href=\"https:\/\/fr.wikisource.org\/wiki\/Le_Socialisme_d%E2%80%99%C3%A9tat_dans_l%E2%80%99empire_allemand\/01\" target=\"_blank\" rel=\"noopener noreferrer nofollow\">(la couverture) <\/a><span><\/span>.}<br \/>|{,<a href=\"https:\/\/fr.wikisource.org\/wiki\/Le_Socialisme_d%E2%80%99%C3%A9tat_dans_l%E2%80%99empire_allemand\/02\" target=\"_blank\" rel=\"noopener noreferrer nofollow\">(la couverture) <\/a><span><\/span>.}<br \/>|{,<a href=\"https:\/\/fr.wikisource.org\/wiki\/Le_Socialisme_d%E2%80%99%C3%A9tat_dans_l%E2%80%99empire_allemand\/03\" target=\"_blank\" rel=\"noopener noreferrer nofollow\">(la couverture) <\/a><span><\/span>.}<br \/>|{,<a href=\"https:\/\/fr.wikisource.org\/wiki\/Le_Socialisme_dans_l%E2%80%99Am%C3%A9rique_du_Sud\" target=\"_blank\" rel=\"noopener noreferrer nofollow\">(la couverture) <\/a><span><\/span>.}<br \/>|{,<a href=\"https:\/\/fr.wikisource.org\/wiki\/Le_Socialisme_de_M._de_Bismarck_et_le_nouveau_Reichstag\" target=\"_blank\" rel=\"noopener noreferrer nofollow\">(la couverture) <\/a><span><\/span>.}<br \/>|{,<a href=\"https:\/\/booknode.com\/le_socialisme_des_imbeciles_quand_lantisemitisme_redevient_de_gauche_050222\" target=\"_blank\" rel=\"noopener noreferrer nofollow\">(la couverture) <\/a><span><\/span>.}<br \/>|{,<a href=\"https:\/\/fr.wikisource.org\/wiki\/Le_Socialisme_en_Australie\" target=\"_blank\" rel=\"noopener noreferrer nofollow\">(la couverture) <\/a><span><\/span>.}<br \/>|{,<a href=\"https:\/\/fr.wikisource.org\/wiki\/Le_Socialisme_est-il_scientifique\" target=\"_blank\" rel=\"noopener noreferrer nofollow\">(la couverture) <\/a><span><\/span>.}<br \/>|{,<a href=\"https:\/\/fr.wikisource.org\/wiki\/Le_Socialisme_et_la_Libert%C3%A9\" target=\"_blank\" rel=\"noopener noreferrer nofollow\">(la couverture) <\/a><span><\/span>. Disponible \u00e0 l\u2019achat sur les plateformes Amazon, Fnac, Cultura \u2026.}<br \/>|{,<a href=\"https:\/\/fr.wikisource.org\/wiki\/Le_Socialisme_et_la_Libert%C3%A9\" target=\"_blank\" rel=\"noopener noreferrer nofollow\">(la couverture) <\/a><span><\/span>.}<br \/>|{,<a href=\"https:\/\/fr.wikisource.org\/wiki\/Le_Socialisme_et_la_litt%C3%A9rature_d%C3%A9mocratique_en_Angleterre\" target=\"_blank\" rel=\"noopener noreferrer nofollow\">(la couverture) <\/a><span><\/span>. Disponible \u00e0 l\u2019achat sur les plateformes Amazon, Fnac, Cultura \u2026.}<br \/>|{,<a href=\"https:\/\/fr.wikisource.org\/wiki\/Le_socialisme_et_la_science_sociale\" target=\"_blank\" rel=\"noopener noreferrer nofollow\">(la couverture) <\/a><span><\/span>.}<br \/>|{,<a href=\"https:\/\/fr.wikisource.org\/wiki\/Le_socialisme_et_la_science_sociale\" target=\"_blank\" rel=\"noopener noreferrer nofollow\">(la couverture) <\/a><span><\/span>. Disponible \u00e0 l\u2019achat sur les plateformes Amazon, Fnac, Cultura \u2026.}<br \/>|{,<a href=\"https:\/\/fr.wikisource.org\/wiki\/Le_Socialisme_et_les_socialistes_en_Province\" target=\"_blank\" rel=\"noopener noreferrer nofollow\">(la couverture) <\/a><span><\/span>.}<br \/>|{,<a href=\"https:\/\/fr.wikisource.org\/wiki\/Le_Socialisme_et_les_socialistes_en_Province\" target=\"_blank\" rel=\"noopener noreferrer nofollow\">(la couverture) <\/a><span><\/span>.}<br \/>|{,<a href=\"https:\/\/booknode.com\/le_socialisme_et_lhomme_0543422\" target=\"_blank\" rel=\"noopener noreferrer nofollow\">(la couverture) <\/a><span><\/span>.}<br \/>|{,<a href=\"https:\/\/booknode.com\/le_socialisme_libertaire_03013\" target=\"_blank\" rel=\"noopener noreferrer nofollow\">(la couverture) <\/a><span><\/span>. Disponible \u00e0 l\u2019achat sur les plateformes Amazon, Fnac, Cultura \u2026.}<br \/>|{,<a href=\"https:\/\/fr.wikisource.org\/wiki\/Le_Socialisme_moderne_-_L%E2%80%99%C3%A9cole_saint-simonienne_-_Bazard_et_Enfantin\" target=\"_blank\" rel=\"noopener noreferrer nofollow\">(la couverture) <\/a><span><\/span>. Disponible \u00e0 l\u2019achat sur les plateformes Amazon, Fnac, Cultura \u2026.}<br \/>|{,<a href=\"https:\/\/fr.wikisource.org\/wiki\/Le_Socialisme_moderne_-_L%E2%80%99%C3%A9cole_saint-simonienne_-_Bazard_et_Enfantin\" target=\"_blank\" rel=\"noopener noreferrer nofollow\">(la couverture) <\/a><span><\/span>.}<br \/>|{,<a href=\"https:\/\/fr.wikisource.org\/wiki\/Le_Socialisme_municipal_en_Angleterre\" target=\"_blank\" rel=\"noopener noreferrer nofollow\">(la couverture) <\/a><span><\/span>. Disponible \u00e0 l\u2019achat sur les plateformes Amazon, Fnac, Cultura \u2026.}<br \/>|{,<a href=\"https:\/\/booknode.com\/le_socialisme_neomoderne_ou_lavenir_de_la_liberte_049870\" target=\"_blank\" rel=\"noopener noreferrer nofollow\">(la couverture) <\/a><span><\/span>.}<br \/>|{,<a href=\"https:\/\/booknode.com\/le_socialisme_pour_les_nuls_01353674\" target=\"_blank\" rel=\"noopener noreferrer nofollow\">(la couverture) <\/a><span><\/span>. Disponible \u00e0 l\u2019achat sur les plateformes Amazon, Fnac, Cultura \u2026.}<br \/>|{,<a href=\"https:\/\/booknode.com\/le_socialisme_romantique_08581\" target=\"_blank\" rel=\"noopener noreferrer nofollow\">(la couverture) <\/a><span><\/span>. Disponible \u00e0 l\u2019achat sur les plateformes Amazon, Fnac, Cultura \u2026.}<br \/>|{,<a href=\"https:\/\/booknode.com\/le_socialisme_sauvage_essai_sur_lauto_organisation_et_la_democratie_directe_dans_les_luttes_de_1789_a_nos_jours_02647203\" target=\"_blank\" rel=\"noopener noreferrer nofollow\">(la couverture) <\/a><span><\/span>.}<br \/>|{,<a href=\"https:\/\/fr.wikisource.org\/wiki\/Le_Socialiste_municipal\" target=\"_blank\" rel=\"noopener noreferrer nofollow\">(la couverture) <\/a><span><\/span>. Disponible \u00e0 l\u2019achat sur les plateformes Amazon, Fnac, Cultura \u2026.}<br \/>|{,<a href=\"https:\/\/www.kobo.com\/fr\/fr\/ebook\/le-sociographe-n-30-le-travail-social-est-il-de-gauche\" target=\"_blank\" rel=\"noopener noreferrer nofollow\">(la couverture) <\/a><span><\/span>. Disponible \u00e0 l\u2019achat sur les plateformes Amazon, Fnac, Cultura \u2026.}<br \/>|{,<a href=\"https:\/\/fr.wikisource.org\/wiki\/Le_spectre_mena%C3%A7ant\/03\/16\" target=\"_blank\" rel=\"noopener noreferrer nofollow\">(la couverture) <\/a><span><\/span>.}<br \/>|{,<a href=\"https:\/\/www.kobo.com\/fr\/fr\/ebook\/le-systeme-politique-de-taiwan\" target=\"_blank\" rel=\"noopener noreferrer nofollow\">(la couverture) <\/a><span><\/span>.}<br \/>|{,<a href=\"https:\/\/www.kobo.com\/fr\/fr\/ebook\/le-tacite-l-humain\" target=\"_blank\" rel=\"noopener noreferrer nofollow\">(la couverture) <\/a><span><\/span>. Disponible \u00e0 l\u2019achat sur les plateformes Amazon, Fnac, Cultura \u2026.}<br \/>|{,<a href=\"https:\/\/fr.wikisource.org\/wiki\/Le_Talon_de_fer\/Avant-propos\" target=\"_blank\" rel=\"noopener noreferrer nofollow\">(la couverture) <\/a><span><\/span>.}<br \/>|{,<a href=\"https:\/\/fr.wikisource.org\/wiki\/Le_Talon_de_fer\/La_gr%C3%A8ve_g%C3%A9n%C3%A9rale\" target=\"_blank\" rel=\"noopener noreferrer nofollow\">(la couverture) <\/a><span><\/span>. Disponible \u00e0 l\u2019achat sur les plateformes Amazon, Fnac, Cultura \u2026.}<br \/>|{,<a href=\"https:\/\/booknode.com\/le_temps_de_la_guerre_froide_du_rideau_de_fer_a_leffondrement_du_communisme_082956\" target=\"_blank\" rel=\"noopener noreferrer nofollow\">(la couverture) <\/a><span><\/span>.}<br \/>|{,<a href=\"https:\/\/fr.wikisource.org\/wiki\/Le_Tour_du_L%C3%A9man\/48\" target=\"_blank\" rel=\"noopener noreferrer nofollow\">(la couverture) <\/a><span><\/span>. Disponible \u00e0 l\u2019achat sur les plateformes Amazon, Fnac, Cultura \u2026.}<br \/>|{,<a href=\"https:\/\/fr.wikisource.org\/wiki\/Le_Tour_du_monde\/Volume_ns10\" target=\"_blank\" rel=\"noopener noreferrer nofollow\">(la couverture) <\/a><span><\/span>. Disponible \u00e0 l\u2019achat sur les plateformes Amazon, Fnac, Cultura \u2026.}<br \/>|{,<a href=\"https:\/\/fr.wikisource.org\/wiki\/Le_Triomphe_de_l%E2%80%99Anarchie\" target=\"_blank\" rel=\"noopener noreferrer nofollow\">(la couverture) <\/a><span><\/span>. Disponible \u00e0 l\u2019achat sur les plateformes Amazon, Fnac, Cultura \u2026.}<br \/>|{,<a href=\"https:\/\/fr.wikisource.org\/wiki\/Le_Voleur_(Darien)\/11\" target=\"_blank\" rel=\"noopener noreferrer nofollow\">(la couverture) <\/a><span><\/span>.}<br \/>|{,<a href=\"https:\/\/www.kobo.com\/fr\/fr\/ebook\/le-vrai-malaise-des-intellectuels-de-gauche\" target=\"_blank\" rel=\"noopener noreferrer nofollow\">(la couverture) <\/a><span><\/span>.}<br \/>|{,<a href=\"https:\/\/www.kobo.com\/fr\/fr\/ebook\/lectures-d-economie-politique-de-johan-gustav-knut-wicksell\" target=\"_blank\" rel=\"noopener noreferrer nofollow\">(la couverture) <\/a><span><\/span>.}<br \/>|{,<a href=\"https:\/\/booknode.com\/leffroyable_verite_communisme_un_siecle_de_tragedies_et_de_complicites_03361719\" target=\"_blank\" rel=\"noopener noreferrer nofollow\">(la couverture) <\/a><span><\/span>. Disponible \u00e0 l\u2019achat sur les plateformes Amazon, Fnac, Cultura \u2026.}<br \/>|{,<a href=\"https:\/\/fr.wikisource.org\/wiki\/L%C3%A9gendes_d%C3%A9mocratiques_du_Nord\/Pologne_et_Russie\/Kosciuszko\/La_Russie_%C3%A9tait_inconnue_jusqu%E2%80%99en_1847._Elle_est_enti%C3%A8rement_communiste\" target=\"_blank\" rel=\"noopener noreferrer nofollow\">(la couverture) <\/a><span><\/span>.}<br \/>|{,<a href=\"https:\/\/www.kobo.com\/fr\/fr\/ebook\/l-enigme-et-le-paradoxe\" target=\"_blank\" rel=\"noopener noreferrer nofollow\">(la couverture) <\/a><span><\/span>.}<br \/>|{,<a href=\"https:\/\/fr.wikisource.org\/wiki\/L%C3%A9nine_marxiste\" target=\"_blank\" rel=\"noopener noreferrer nofollow\">(la couverture) <\/a><span><\/span>.}<br \/>|{,<a href=\"https:\/\/booknode.com\/leon_chautard_un_socialisme_en_amerique_1812_1890_03403598\" target=\"_blank\" rel=\"noopener noreferrer nofollow\">(la couverture) <\/a><span><\/span>. Disponible \u00e0 l\u2019achat sur les plateformes Amazon, Fnac, Cultura \u2026.}<br \/>|{,<a href=\"https:\/\/booknode.com\/lere_du_peuple_01464503\" target=\"_blank\" rel=\"noopener noreferrer nofollow\">(la couverture) <\/a><span><\/span>. Disponible \u00e0 l\u2019achat sur les plateformes Amazon, Fnac, Cultura \u2026.}<br \/>|{,<a href=\"https:\/\/fr.wikisource.org\/wiki\/Les_Apotres\/IX._Premi%C3%A8res_missions\" target=\"_blank\" rel=\"noopener noreferrer nofollow\">(la couverture) <\/a><span><\/span>. Disponible \u00e0 l\u2019achat sur les plateformes Amazon, Fnac, Cultura \u2026.}<br \/>|{,<a href=\"https:\/\/fr.wikisource.org\/wiki\/Les_Apotres\/VII._L%E2%80%99%C3%89glise_consid%C3%A9r%C3%A9e_comme_une_association_de_pauvres\" target=\"_blank\" rel=\"noopener noreferrer nofollow\">(la couverture) <\/a><span><\/span>. Disponible \u00e0 l\u2019achat sur les plateformes Amazon, Fnac, Cultura \u2026.}<br \/>|{,<a href=\"https:\/\/fr.wikisource.org\/wiki\/Les_Apotres\/XIII._Id%C3%A9e_d%E2%80%99un_apostolat_des_gentils\" target=\"_blank\" rel=\"noopener noreferrer nofollow\">(la couverture) <\/a><span><\/span>.}<br \/>|{,<a href=\"https:\/\/fr.wikisource.org\/wiki\/Les_armes_du_mensonge\/06\" target=\"_blank\" rel=\"noopener noreferrer nofollow\">(la couverture) <\/a><span><\/span>. Disponible \u00e0 l\u2019achat sur les plateformes Amazon, Fnac, Cultura \u2026.}<br \/>|{,<a href=\"https:\/\/fr.wikisource.org\/wiki\/Les_armes_du_mensonge\/07\" target=\"_blank\" rel=\"noopener noreferrer nofollow\">(la couverture) <\/a><span><\/span>. Disponible \u00e0 l\u2019achat sur les plateformes Amazon, Fnac, Cultura \u2026.}<br \/>|{,<a href=\"https:\/\/fr.wikisource.org\/wiki\/Les_Attentats_du_11_mai_et_du_2_juin_1878\" target=\"_blank\" rel=\"noopener noreferrer nofollow\">(la couverture) <\/a><span><\/span>.}<br \/>|{,<a href=\"https:\/\/www.kobo.com\/fr\/fr\/ebook\/les-blancs-les-juifs-et-nous\" target=\"_blank\" rel=\"noopener noreferrer nofollow\">(la couverture) <\/a><span><\/span>. Disponible \u00e0 l\u2019achat sur les plateformes Amazon, Fnac, Cultura \u2026.}<br \/>|{,<a href=\"https:\/\/booknode.com\/les_bonnes_raisons_de_voter_melenchon_03246863\" target=\"_blank\" rel=\"noopener noreferrer nofollow\">(la couverture) <\/a><span><\/span>.}<br \/>|{,<a href=\"https:\/\/booknode.com\/les_cahiers_de_lavenir_en_commun_tome_1_democratie_et_libertes_vite_la_6eme_republique_03399986\" target=\"_blank\" rel=\"noopener noreferrer nofollow\">(la couverture) <\/a><span><\/span>. Disponible \u00e0 l\u2019achat sur les plateformes Amazon, Fnac, Cultura \u2026.}<br \/>|{,<a href=\"https:\/\/booknode.com\/les_cahiers_de_lavenir_en_commun_tome_2_la_planification_ecologique_03399987\" target=\"_blank\" rel=\"noopener noreferrer nofollow\">(la couverture) <\/a><span><\/span>.}<br \/>|{,<a href=\"https:\/\/booknode.com\/les_cahiers_de_lavenir_en_commun_tome_3_le_progres_social_et_humain_03399985\" target=\"_blank\" rel=\"noopener noreferrer nofollow\">(la couverture) <\/a><span><\/span>.}<br \/>|{,<a href=\"https:\/\/fr.wikisource.org\/wiki\/Les_Chiens_de_garde\" target=\"_blank\" rel=\"noopener noreferrer nofollow\">(la couverture) <\/a><span><\/span>.}<br \/>|{,<a href=\"https:\/\/fr.wikisource.org\/wiki\/Les_Chinois_peints_par_eux-m%C3%AAmes\/L%E2%80%99%C3%A9ducation\" target=\"_blank\" rel=\"noopener noreferrer nofollow\">(la couverture) <\/a><span><\/span>. Disponible \u00e0 l\u2019achat sur les plateformes Amazon, Fnac, Cultura \u2026.}<br \/>|{,<a href=\"https:\/\/fr.wikisource.org\/wiki\/Les_Classes_sociales_au_point_de_vue_de_l%E2%80%99%C3%A9volution_zoologique\/III.\" target=\"_blank\" rel=\"noopener noreferrer nofollow\">(la couverture) <\/a><span><\/span>.}<br \/>|{,<a href=\"https:\/\/fr.wikisource.org\/wiki\/Les_Confessions_d%E2%80%99un_r%C3%A9volutionnaire\" target=\"_blank\" rel=\"noopener noreferrer nofollow\">(la couverture) <\/a><span><\/span>. Disponible \u00e0 l\u2019achat sur les plateformes Amazon, Fnac, Cultura \u2026.}<br \/>|{,<a href=\"https:\/\/fr.wikisource.org\/wiki\/Les_Confessions_d%E2%80%99un_r%C3%A9volutionnaire\/II\" target=\"_blank\" rel=\"noopener noreferrer nofollow\">(la couverture) <\/a><span><\/span>.}<br \/>|{,<a href=\"https:\/\/fr.wikisource.org\/wiki\/Les_Confessions_d%E2%80%99un_r%C3%A9volutionnaire\/III\" target=\"_blank\" rel=\"noopener noreferrer nofollow\">(la couverture) <\/a><span><\/span>.}<br \/>|{,<a href=\"https:\/\/fr.wikisource.org\/wiki\/Les_Confessions_d%E2%80%99un_r%C3%A9volutionnaire\/VIII\" target=\"_blank\" rel=\"noopener noreferrer nofollow\">(la couverture) <\/a><span><\/span>. Disponible \u00e0 l\u2019achat sur les plateformes Amazon, Fnac, Cultura \u2026.}<br \/>|{,<a href=\"https:\/\/fr.wikisource.org\/wiki\/Les_Confessions_d%E2%80%99un_r%C3%A9volutionnaire\/XII\" target=\"_blank\" rel=\"noopener noreferrer nofollow\">(la couverture) <\/a><span><\/span>. Disponible \u00e0 l\u2019achat sur les plateformes Amazon, Fnac, Cultura \u2026.}<br \/>|{,<a href=\"https:\/\/fr.wikisource.org\/wiki\/Les_Confessions_d%E2%80%99un_r%C3%A9volutionnaire\/XIII\" target=\"_blank\" rel=\"noopener noreferrer nofollow\">(la couverture) <\/a><span><\/span>.}<br \/>|{,<a href=\"https:\/\/fr.wikisource.org\/wiki\/Les_Confessions_d%E2%80%99un_r%C3%A9volutionnaire\/XV\" target=\"_blank\" rel=\"noopener noreferrer nofollow\">(la couverture) <\/a><span><\/span>.}<br \/>|{,<a href=\"https:\/\/fr.wikisource.org\/wiki\/Les_Confessions_d%E2%80%99un_r%C3%A9volutionnaire\/XVII\" target=\"_blank\" rel=\"noopener noreferrer nofollow\">(la couverture) <\/a><span><\/span>.}<br \/>|{,<a href=\"https:\/\/fr.wikisource.org\/wiki\/Les_Confessions_d%E2%80%99un_r%C3%A9volutionnaire\/XX\" target=\"_blank\" rel=\"noopener noreferrer nofollow\">(la couverture) <\/a><span><\/span>.}<br \/>|{,<a href=\"https:\/\/fr.wikisource.org\/wiki\/Les_Cor%C3%A9ens_:_Aper%C3%A7u_ethnographique_et_historique\/Index_analytique\" target=\"_blank\" rel=\"noopener noreferrer nofollow\">(la couverture) <\/a><span><\/span>.}<br \/>|{,<a href=\"https:\/\/fr.wikisource.org\/wiki\/Les_Dictateurs\/Conclusion\" target=\"_blank\" rel=\"noopener noreferrer nofollow\">(la couverture) <\/a><span><\/span>.}<br \/>|{,<a href=\"https:\/\/fr.wikisource.org\/wiki\/Les_Dictateurs\/Conclusion\" target=\"_blank\" rel=\"noopener noreferrer nofollow\">(la couverture) <\/a><span><\/span>.}<br \/>|{,<a href=\"https:\/\/fr.wikisource.org\/wiki\/Les_Dictateurs\/Introduction\" target=\"_blank\" rel=\"noopener noreferrer nofollow\">(la couverture) <\/a><span><\/span>. Disponible \u00e0 l\u2019achat sur les plateformes Amazon, Fnac, Cultura \u2026.}<br \/>|{,<a href=\"https:\/\/fr.wikisource.org\/wiki\/Les_Dictateurs\/P%C3%A9riode_contemporaine\/L%C3%A9nine_dictateur\" target=\"_blank\" rel=\"noopener noreferrer nofollow\">(la couverture) <\/a><span><\/span>.}<br \/>|{,<a href=\"https:\/\/fr.wikisource.org\/wiki\/Les_%C3%89crivains_politiques_et_le_mouvement_constitutionnel_en_Prusse\" target=\"_blank\" rel=\"noopener noreferrer nofollow\">(la couverture) <\/a><span><\/span>.}<br \/>|{,<a href=\"https:\/\/fr.wikisource.org\/wiki\/Les_%C3%89crivains\/Questions_sociales\" target=\"_blank\" rel=\"noopener noreferrer nofollow\">(la couverture) <\/a><span><\/span>. Disponible \u00e0 l\u2019achat sur les plateformes Amazon, Fnac, Cultura \u2026.}<br \/>|{,<a href=\"https:\/\/fr.wikisource.org\/wiki\/Les_Exp%C3%A9dients_%C3%A9conomiques\" target=\"_blank\" rel=\"noopener noreferrer nofollow\">(la couverture) <\/a><span><\/span>.}<br \/>|{,<a href=\"https:\/\/booknode.com\/les_fondements_historiques_du_national_socialisme_028132\" target=\"_blank\" rel=\"noopener noreferrer nofollow\">(la couverture) <\/a><span><\/span>.}<br \/>|{,<a href=\"https:\/\/fr.wikisource.org\/wiki\/Les_Formules_du_docteur_Gr%C3%A9goire\/C\" target=\"_blank\" rel=\"noopener noreferrer nofollow\">(la couverture) <\/a><span><\/span>. Disponible \u00e0 l\u2019achat sur les plateformes Amazon, Fnac, Cultura \u2026.}<br \/>|{,<a href=\"https:\/\/fr.wikisource.org\/wiki\/Les_Illusions_du_socialisme\" target=\"_blank\" rel=\"noopener noreferrer nofollow\">(la couverture) <\/a><span><\/span>.}<br \/>|{,<a href=\"https:\/\/booknode.com\/les_insoumis_0210892\" target=\"_blank\" rel=\"noopener noreferrer nofollow\">(la couverture) <\/a><span><\/span>. Disponible \u00e0 l\u2019achat sur les plateformes Amazon, Fnac, Cultura \u2026.}<br \/>|{,<a href=\"https:\/\/booknode.com\/les_insoumis_du_blizzard_02494644\" target=\"_blank\" rel=\"noopener noreferrer nofollow\">(la couverture) <\/a><span><\/span>. Disponible \u00e0 l\u2019achat sur les plateformes Amazon, Fnac, Cultura \u2026.}<br \/>|{,<a href=\"https:\/\/booknode.com\/les_insoumis_tome_1_demain_est_un_autre_monde_0118783\" target=\"_blank\" rel=\"noopener noreferrer nofollow\">(la couverture) <\/a><span><\/span>.}<br \/>|{,<a href=\"https:\/\/booknode.com\/les_insoumis_tome_1_le_chateau_des_ducs_0870103\" target=\"_blank\" rel=\"noopener noreferrer nofollow\">(la couverture) <\/a><span><\/span>.}<br \/>|{,<a href=\"https:\/\/booknode.com\/les_insoumis_tome_1_les_insoumis_01207263\" target=\"_blank\" rel=\"noopener noreferrer nofollow\">(la couverture) <\/a><span><\/span>.}<br \/>|{,<a href=\"https:\/\/booknode.com\/les_insoumis_tome_1_rebellion_0741883\" target=\"_blank\" rel=\"noopener noreferrer nofollow\">(la couverture) <\/a><span><\/span>. Disponible \u00e0 l\u2019achat sur les plateformes Amazon, Fnac, Cultura \u2026.}<br \/>|{,<a href=\"https:\/\/booknode.com\/les_insoumis_tome_16_liams_story_02967204\" target=\"_blank\" rel=\"noopener noreferrer nofollow\">(la couverture) <\/a><span><\/span>.}<br \/>|{,<a href=\"https:\/\/booknode.com\/les_insoumis_tome_15_in_time_01009223\" target=\"_blank\" rel=\"noopener noreferrer nofollow\">(la couverture) <\/a><span><\/span>.}<br \/>|{,<a href=\"https:\/\/booknode.com\/les_insoumis_tome_2_le_chemin_de_la_verite_0772492\" target=\"_blank\" rel=\"noopener noreferrer nofollow\">(la couverture) <\/a><span><\/span>.}<br \/>|{,<a href=\"https:\/\/booknode.com\/les_insoumis_tome_2_le_royaume_de_naples_0870192\" target=\"_blank\" rel=\"noopener noreferrer nofollow\">(la couverture) <\/a><span><\/span>.}<br \/>|{,<a href=\"https:\/\/booknode.com\/les_insoumis_tome_2_un_amour_indomptable_01229673\" target=\"_blank\" rel=\"noopener noreferrer nofollow\">(la couverture) <\/a><span><\/span>. Disponible \u00e0 l\u2019achat sur les plateformes Amazon, Fnac, Cultura \u2026.}<br \/>|{,<a href=\"https:\/\/booknode.com\/les_insoumis_tome_25_sparks_rise_01429085\" target=\"_blank\" rel=\"noopener noreferrer nofollow\">(la couverture) <\/a><span><\/span>. Disponible \u00e0 l\u2019achat sur les plateformes Amazon, Fnac, Cultura \u2026.}<br \/>|{,<a href=\"https:\/\/booknode.com\/les_insoumis_tome_3_denouement_01295593\" target=\"_blank\" rel=\"noopener noreferrer nofollow\">(la couverture) <\/a><span><\/span>.}<br \/>|{,<a href=\"https:\/\/booknode.com\/les_insoumis_tome_3_la_douce_indocile_01371814\" target=\"_blank\" rel=\"noopener noreferrer nofollow\">(la couverture) <\/a><span><\/span>. Disponible \u00e0 l\u2019achat sur les plateformes Amazon, Fnac, Cultura \u2026.}<br \/>|{,<a href=\"https:\/\/booknode.com\/les_insoumis_tome_4_heritage_02685753\" target=\"_blank\" rel=\"noopener noreferrer nofollow\">(la couverture) <\/a><span><\/span>.}<br \/>|{,<a href=\"https:\/\/www.kobo.com\/fr\/fr\/ebook\/les-juristes-face-au-politique\" target=\"_blank\" rel=\"noopener noreferrer nofollow\">(la couverture) <\/a><span><\/span>.}<br \/>|{,<a href=\"https:\/\/booknode.com\/les_livres_des_rai_kirah_tome_2_linsoumis_061098\" target=\"_blank\" rel=\"noopener noreferrer nofollow\">(la couverture) <\/a><span><\/span>. Disponible \u00e0 l\u2019achat sur les plateformes Amazon, Fnac, Cultura \u2026.}<br \/>|{,<a href=\"https:\/\/www.kobo.com\/fr\/fr\/ebook\/les-lois-5\" target=\"_blank\" rel=\"noopener noreferrer nofollow\">(la couverture) <\/a><span><\/span>.}<br \/>|{,<a href=\"https:\/\/fr.wikisource.org\/wiki\/Les_Mis%C3%A9rables\/Tome_4\/Livre_01\/04\" target=\"_blank\" rel=\"noopener noreferrer nofollow\">(la couverture) <\/a><span><\/span>.}<br \/>|{,<a href=\"https:\/\/www.kobo.com\/fr\/fr\/ebook\/les-nouvelles-frontieres-numeriques\" target=\"_blank\" rel=\"noopener noreferrer nofollow\">(la couverture) <\/a><span><\/span>. Disponible \u00e0 l\u2019achat sur les plateformes Amazon, Fnac, Cultura \u2026.}<br \/>|{,<a href=\"https:\/\/fr.wikisource.org\/wiki\/Les_Origines_du_socialisme_contemporain\" target=\"_blank\" rel=\"noopener noreferrer nofollow\">(la couverture) <\/a><span><\/span>.}<br \/>|{,<a href=\"https:\/\/fr.wikisource.org\/wiki\/Les_Origines_du_socialisme_contemporain\" target=\"_blank\" rel=\"noopener noreferrer nofollow\">(la couverture) <\/a><span><\/span>. Disponible \u00e0 l\u2019achat sur les plateformes Amazon, Fnac, Cultura \u2026.}<br \/>|{,<a href=\"https:\/\/fr.wikisource.org\/wiki\/Les_Origines_du_socialisme_contemporain\/01\" target=\"_blank\" rel=\"noopener noreferrer nofollow\">(la couverture) <\/a><span><\/span>. Disponible \u00e0 l\u2019achat sur les plateformes Amazon, Fnac, Cultura \u2026.}<br \/>|{,<a href=\"https:\/\/fr.wikisource.org\/wiki\/Les_Origines_du_socialisme_contemporain\/01\" target=\"_blank\" rel=\"noopener noreferrer nofollow\">(la couverture) <\/a><span><\/span>.}<br \/>|{,<a href=\"https:\/\/fr.wikisource.org\/wiki\/Les_Origines_du_socialisme_contemporain\/02\" target=\"_blank\" rel=\"noopener noreferrer nofollow\">(la couverture) <\/a><span><\/span>.}<br \/>|{,<a href=\"https:\/\/fr.wikisource.org\/wiki\/Les_Origines_du_socialisme_contemporain\/02\" target=\"_blank\" rel=\"noopener noreferrer nofollow\">(la couverture) <\/a><span><\/span>.}<br \/>|{,<a href=\"https:\/\/fr.wikisource.org\/wiki\/Les_Petits_Exp%C3%A9dients\" target=\"_blank\" rel=\"noopener noreferrer nofollow\">(la couverture) <\/a><span><\/span>. Disponible \u00e0 l\u2019achat sur les plateformes Amazon, Fnac, Cultura \u2026.}<br \/>|{,<a href=\"https:\/\/booknode.com\/les_pieds_dargile_le_communisme_mondial_au_present_07113\" target=\"_blank\" rel=\"noopener noreferrer nofollow\">(la couverture) <\/a><span><\/span>.}<br \/>|{,<a href=\"https:\/\/fr.wikisource.org\/wiki\/Les_Principes_de_89_et_le_Socialisme\" target=\"_blank\" rel=\"noopener noreferrer nofollow\">(la couverture) <\/a><span><\/span>.}<br \/>|{,<a href=\"https:\/\/fr.wikisource.org\/wiki\/Les_Principes_de_89_et_le_Socialisme\/Appendice_1\" target=\"_blank\" rel=\"noopener noreferrer nofollow\">(la couverture) <\/a><span><\/span>. Disponible \u00e0 l\u2019achat sur les plateformes Amazon, Fnac, Cultura \u2026.}<br \/>|{,<a href=\"https:\/\/fr.wikisource.org\/wiki\/Les_Principes_de_89_et_le_Socialisme\/Appendice_2\" target=\"_blank\" rel=\"noopener noreferrer nofollow\">(la couverture) <\/a><span><\/span>.}<br \/>|{,<a href=\"https:\/\/fr.wikisource.org\/wiki\/Les_Principes_de_89_et_le_Socialisme\/Livre_1\/Chapitre_1\" target=\"_blank\" rel=\"noopener noreferrer nofollow\">(la couverture) <\/a><span><\/span>.}<br \/>|{,<a href=\"https:\/\/fr.wikisource.org\/wiki\/Les_Principes_de_89_et_le_Socialisme\/Livre_1\/Chapitre_2\" target=\"_blank\" rel=\"noopener noreferrer nofollow\">(la couverture) <\/a><span><\/span>.}<br \/>|{,<a href=\"https:\/\/fr.wikisource.org\/wiki\/Les_Principes_de_89_et_le_Socialisme\/Livre_1\/Chapitre_3\" target=\"_blank\" rel=\"noopener noreferrer nofollow\">(la couverture) <\/a><span><\/span>. Disponible \u00e0 l\u2019achat sur les plateformes Amazon, Fnac, Cultura \u2026.}<br \/>|{,<a href=\"https:\/\/fr.wikisource.org\/wiki\/Les_Principes_de_89_et_le_Socialisme\/Livre_1\/Chapitre_4\" target=\"_blank\" rel=\"noopener noreferrer nofollow\">(la couverture) <\/a><span><\/span>. Disponible \u00e0 l\u2019achat sur les plateformes Amazon, Fnac, Cultura \u2026.}<br \/>|{,<a href=\"https:\/\/fr.wikisource.org\/wiki\/Les_Principes_de_89_et_le_Socialisme\/Livre_1\/Chapitre_5\" target=\"_blank\" rel=\"noopener noreferrer nofollow\">(la couverture) <\/a><span><\/span>.}<br \/>|{,<a href=\"https:\/\/fr.wikisource.org\/wiki\/Les_Principes_de_89_et_le_Socialisme\/Livre_1\/Chapitre_6\" target=\"_blank\" rel=\"noopener noreferrer nofollow\">(la couverture) <\/a><span><\/span>.}<br \/>|{,<a href=\"https:\/\/fr.wikisource.org\/wiki\/Les_Principes_de_89_et_le_Socialisme\/Livre_1\/Chapitre_7\" target=\"_blank\" rel=\"noopener noreferrer nofollow\">(la couverture) <\/a><span><\/span>. Disponible \u00e0 l\u2019achat sur les plateformes Amazon, Fnac, Cultura \u2026.}<br \/>|{,<a href=\"https:\/\/fr.wikisource.org\/wiki\/Les_Principes_de_89_et_le_Socialisme\/Livre_1\/Chapitre_8\" target=\"_blank\" rel=\"noopener noreferrer nofollow\">(la couverture) <\/a><span><\/span>.}<br \/>|{,<a href=\"https:\/\/fr.wikisource.org\/wiki\/Les_Principes_de_89_et_le_Socialisme\/Livre_1\/Chapitre_9\" target=\"_blank\" rel=\"noopener noreferrer nofollow\">(la couverture) <\/a><span><\/span>.}<br \/>|{,<a href=\"https:\/\/fr.wikisource.org\/wiki\/Les_Principes_de_89_et_le_Socialisme\/Livre_2\/Chapitre_1\" target=\"_blank\" rel=\"noopener noreferrer nofollow\">(la couverture) <\/a><span><\/span>.}<br \/>|{,<a href=\"https:\/\/fr.wikisource.org\/wiki\/Les_Principes_de_89_et_le_Socialisme\/Livre_2\/Chapitre_2\" target=\"_blank\" rel=\"noopener noreferrer nofollow\">(la couverture) <\/a><span><\/span>.}<br \/>|{,<a href=\"https:\/\/fr.wikisource.org\/wiki\/Les_Principes_de_89_et_le_Socialisme\/Livre_2\/Chapitre_3\" target=\"_blank\" rel=\"noopener noreferrer nofollow\">(la couverture) <\/a><span><\/span>.}<br \/>|{,<a href=\"https:\/\/fr.wikisource.org\/wiki\/Les_Principes_de_89_et_le_Socialisme\/Livre_2\/Chapitre_4\" target=\"_blank\" rel=\"noopener noreferrer nofollow\">(la couverture) <\/a><span><\/span>.}<br \/>|{,<a href=\"https:\/\/fr.wikisource.org\/wiki\/Les_Principes_de_89_et_le_Socialisme\/Livre_3\/Chapitre_1\" target=\"_blank\" rel=\"noopener noreferrer nofollow\">(la couverture) <\/a><span><\/span>. Disponible \u00e0 l\u2019achat sur les plateformes Amazon, Fnac, Cultura \u2026.}<br \/>|{,<a href=\"https:\/\/fr.wikisource.org\/wiki\/Les_Principes_de_89_et_le_Socialisme\/Livre_3\/Chapitre_10\" target=\"_blank\" rel=\"noopener noreferrer nofollow\">(la couverture) <\/a><span><\/span>.}<br \/>|{,<a href=\"https:\/\/fr.wikisource.org\/wiki\/Les_Principes_de_89_et_le_Socialisme\/Livre_3\/Chapitre_11\" target=\"_blank\" rel=\"noopener noreferrer nofollow\">(la couverture) <\/a><span><\/span>.}<br \/>|{,<a href=\"https:\/\/fr.wikisource.org\/wiki\/Les_Principes_de_89_et_le_Socialisme\/Livre_3\/Chapitre_12\" target=\"_blank\" rel=\"noopener noreferrer nofollow\">(la couverture) <\/a><span><\/span>.}<br \/>|{,<a href=\"https:\/\/fr.wikisource.org\/wiki\/Les_Principes_de_89_et_le_Socialisme\/Livre_3\/Chapitre_13\" target=\"_blank\" rel=\"noopener noreferrer nofollow\">(la couverture) <\/a><span><\/span>. Disponible \u00e0 l\u2019achat sur les plateformes Amazon, Fnac, Cultura \u2026.}<br \/>|{,<a href=\"https:\/\/fr.wikisource.org\/wiki\/Les_Principes_de_89_et_le_Socialisme\/Livre_3\/Chapitre_14\" target=\"_blank\" rel=\"noopener noreferrer nofollow\">(la couverture) <\/a><span><\/span>.}<br \/>|{,<a href=\"https:\/\/fr.wikisource.org\/wiki\/Les_Principes_de_89_et_le_Socialisme\/Livre_3\/Chapitre_15\" target=\"_blank\" rel=\"noopener noreferrer nofollow\">(la couverture) <\/a><span><\/span>.}<br \/>|{,<a href=\"https:\/\/fr.wikisource.org\/wiki\/Les_Principes_de_89_et_le_Socialisme\/Livre_3\/Chapitre_16\" target=\"_blank\" rel=\"noopener noreferrer nofollow\">(la couverture) <\/a><span><\/span>.}<br \/>|{,<a href=\"https:\/\/fr.wikisource.org\/wiki\/Les_Principes_de_89_et_le_Socialisme\/Livre_3\/Chapitre_17\" target=\"_blank\" rel=\"noopener noreferrer nofollow\">(la couverture) <\/a><span><\/span>.}<br \/>|{,<a href=\"https:\/\/fr.wikisource.org\/wiki\/Les_Principes_de_89_et_le_Socialisme\/Livre_3\/Chapitre_18\" target=\"_blank\" rel=\"noopener noreferrer nofollow\">(la couverture) <\/a><span><\/span>. Disponible \u00e0 l\u2019achat sur les plateformes Amazon, Fnac, Cultura \u2026.}<br \/>|{,<a href=\"https:\/\/fr.wikisource.org\/wiki\/Les_Principes_de_89_et_le_Socialisme\/Livre_3\/Chapitre_19\" target=\"_blank\" rel=\"noopener noreferrer nofollow\">(la couverture) <\/a><span><\/span>. Disponible \u00e0 l\u2019achat sur les plateformes Amazon, Fnac, Cultura \u2026.}<br \/>|{,<a href=\"https:\/\/fr.wikisource.org\/wiki\/Les_Principes_de_89_et_le_Socialisme\/Livre_3\/Chapitre_2\" target=\"_blank\" rel=\"noopener noreferrer nofollow\">(la couverture) <\/a><span><\/span>. Disponible \u00e0 l\u2019achat sur les plateformes Amazon, Fnac, Cultura \u2026.}<br \/>|{,<a href=\"https:\/\/fr.wikisource.org\/wiki\/Les_Principes_de_89_et_le_Socialisme\/Livre_3\/Chapitre_20\" target=\"_blank\" rel=\"noopener noreferrer nofollow\">(la couverture) <\/a><span><\/span>.}<br \/>|{,<a href=\"https:\/\/fr.wikisource.org\/wiki\/Les_Principes_de_89_et_le_Socialisme\/Livre_3\/Chapitre_21\" target=\"_blank\" rel=\"noopener noreferrer nofollow\">(la couverture) <\/a><span><\/span>.}<br \/>|{,<a href=\"https:\/\/fr.wikisource.org\/wiki\/Les_Principes_de_89_et_le_Socialisme\/Livre_3\/Chapitre_22\" target=\"_blank\" rel=\"noopener noreferrer nofollow\">(la couverture) <\/a><span><\/span>.}<br \/>|{,<a href=\"https:\/\/fr.wikisource.org\/wiki\/Les_Principes_de_89_et_le_Socialisme\/Livre_3\/Chapitre_23\" target=\"_blank\" rel=\"noopener noreferrer nofollow\">(la couverture) <\/a><span><\/span>. Disponible \u00e0 l\u2019achat sur les plateformes Amazon, Fnac, Cultura \u2026.}<br \/>|{,<a href=\"https:\/\/fr.wikisource.org\/wiki\/Les_Principes_de_89_et_le_Socialisme\/Livre_3\/Chapitre_24\" target=\"_blank\" rel=\"noopener noreferrer nofollow\">(la couverture) <\/a><span><\/span>. Disponible \u00e0 l\u2019achat sur les plateformes Amazon, Fnac, Cultura \u2026.}<br \/>|{,<a href=\"https:\/\/fr.wikisource.org\/wiki\/Les_Principes_de_89_et_le_Socialisme\/Livre_3\/Chapitre_25\" target=\"_blank\" rel=\"noopener noreferrer nofollow\">(la couverture) <\/a><span><\/span>.}<br \/>|{,<a href=\"https:\/\/fr.wikisource.org\/wiki\/Les_Principes_de_89_et_le_Socialisme\/Livre_3\/Chapitre_26\" target=\"_blank\" rel=\"noopener noreferrer nofollow\">(la couverture) <\/a><span><\/span>.}<br \/>|{,<a href=\"https:\/\/fr.wikisource.org\/wiki\/Les_Principes_de_89_et_le_Socialisme\/Livre_3\/Chapitre_27\" target=\"_blank\" rel=\"noopener noreferrer nofollow\">(la couverture) <\/a><span><\/span>.}<br \/>|{,<a href=\"https:\/\/fr.wikisource.org\/wiki\/Les_Principes_de_89_et_le_Socialisme\/Livre_3\/Chapitre_3\" target=\"_blank\" rel=\"noopener noreferrer nofollow\">(la couverture) <\/a><span><\/span>. Disponible \u00e0 l\u2019achat sur les plateformes Amazon, Fnac, Cultura \u2026.}<br \/>|{,<a href=\"https:\/\/fr.wikisource.org\/wiki\/Les_Principes_de_89_et_le_Socialisme\/Livre_3\/Chapitre_4\" target=\"_blank\" rel=\"noopener noreferrer nofollow\">(la couverture) <\/a><span><\/span>.}<br \/>|{,<a href=\"https:\/\/fr.wikisource.org\/wiki\/Les_Principes_de_89_et_le_Socialisme\/Livre_3\/Chapitre_5\" target=\"_blank\" rel=\"noopener noreferrer nofollow\">(la couverture) <\/a><span><\/span>.}<br \/>|{,<a href=\"https:\/\/fr.wikisource.org\/wiki\/Les_Principes_de_89_et_le_Socialisme\/Livre_3\/Chapitre_6\" target=\"_blank\" rel=\"noopener noreferrer nofollow\">(la couverture) <\/a><span><\/span>. Disponible \u00e0 l\u2019achat sur les plateformes Amazon, Fnac, Cultura \u2026.}<br \/>|{,<a href=\"https:\/\/fr.wikisource.org\/wiki\/Les_Principes_de_89_et_le_Socialisme\/Livre_3\/Chapitre_7\" target=\"_blank\" rel=\"noopener noreferrer nofollow\">(la couverture) <\/a><span><\/span>.}<br \/>|{,<a href=\"https:\/\/fr.wikisource.org\/wiki\/Les_Principes_de_89_et_le_Socialisme\/Livre_3\/Chapitre_8\" target=\"_blank\" rel=\"noopener noreferrer nofollow\">(la couverture) <\/a><span><\/span>. Disponible \u00e0 l\u2019achat sur les plateformes Amazon, Fnac, Cultura \u2026.}<br \/>|{,<a href=\"https:\/\/fr.wikisource.org\/wiki\/Les_Principes_de_89_et_le_Socialisme\/Livre_3\/Chapitre_9\" target=\"_blank\" rel=\"noopener noreferrer nofollow\">(la couverture) <\/a><span><\/span>.}<br \/>|{,<a href=\"https:\/\/fr.wikisource.org\/wiki\/Les_Principes_de_89_et_le_Socialisme\/Livre_4\/Chapitre_1\" target=\"_blank\" rel=\"noopener noreferrer nofollow\">(la couverture) <\/a><span><\/span>. Disponible \u00e0 l\u2019achat sur les plateformes Amazon, Fnac, Cultura \u2026.}<br \/>|{,<a href=\"https:\/\/fr.wikisource.org\/wiki\/Les_Principes_de_89_et_le_Socialisme\/Livre_4\/Chapitre_2\" target=\"_blank\" rel=\"noopener noreferrer nofollow\">(la couverture) <\/a><span><\/span>.}<br \/>|{,<a href=\"https:\/\/fr.wikisource.org\/wiki\/Les_Principes_de_89_et_le_Socialisme\/Livre_4\/Chapitre_3\" target=\"_blank\" rel=\"noopener noreferrer nofollow\">(la couverture) <\/a><span><\/span>.}<br \/>|{,<a href=\"https:\/\/fr.wikisource.org\/wiki\/Les_Principes_de_89_et_le_Socialisme\/Livre_4\/Chapitre_4\" target=\"_blank\" rel=\"noopener noreferrer nofollow\">(la couverture) <\/a><span><\/span>.}<br \/>|{,<a href=\"https:\/\/fr.wikisource.org\/wiki\/Les_Principes_de_89_et_le_Socialisme\/Livre_4\/Chapitre_4\" target=\"_blank\" rel=\"noopener noreferrer nofollow\">(la couverture) <\/a><span><\/span>.}<br \/>|{,<a href=\"https:\/\/fr.wikisource.org\/wiki\/Les_Principes_de_89_et_le_Socialisme\/Livre_4\/Chapitre_5\" target=\"_blank\" rel=\"noopener noreferrer nofollow\">(la couverture) <\/a><span><\/span>. Disponible \u00e0 l\u2019achat sur les plateformes Amazon, Fnac, Cultura \u2026.}<br \/>|{,<a href=\"https:\/\/fr.wikisource.org\/wiki\/Les_Principes_de_89_et_le_Socialisme\/Livre_4\/Chapitre_6\" target=\"_blank\" rel=\"noopener noreferrer nofollow\">(la couverture) <\/a><span><\/span>.}<br \/>|{,<a href=\"https:\/\/fr.wikisource.org\/wiki\/Les_Principes_de_89_et_le_Socialisme\/Pr%C3%A9face\" target=\"_blank\" rel=\"noopener noreferrer nofollow\">(la couverture) <\/a><span><\/span>.}<br \/>|{,<a href=\"https:\/\/fr.wikisource.org\/wiki\/Les_Principes_de_89_et_le_Socialisme\/Version_compl%C3%A8te\" target=\"_blank\" rel=\"noopener noreferrer nofollow\">(la couverture) <\/a><span><\/span>.}<br \/>|{,<a href=\"https:\/\/fr.wikisource.org\/wiki\/Les_Propos_d%E2%80%99Alain_(1920)\/Tome_1\/108\" target=\"_blank\" rel=\"noopener noreferrer nofollow\">(la couverture) <\/a><span><\/span>.}<br \/>}<\/p>\n<p>{{Les Propos d\u2019Alain (1920)\/Tome 2\/045.,<a href=\"https:\/\/fr.wikisource.org\/wiki\/Les_Propos_d%E2%80%99Alain_(1920)\/Tome_2\/045\" target=\"_blank\" rel=\"noopener noreferrer nofollow\">Le livre <\/a><span><\/span>.}<br \/>|{,<a href=\"https:\/\/fr.wikisource.org\/wiki\/Les_Propos_d%E2%80%99Alain_(1920)\/Tome_2\/090\" target=\"_blank\" rel=\"noopener noreferrer nofollow\">Clicker Ici <\/a><span><\/span>.}<br \/>|{,<a href=\"https:\/\/www.kobo.com\/fr\/fr\/ebook\/les-quatre-livres-de-philosophie-morale-et-politique-de-la-chine-3\" target=\"_blank\" rel=\"noopener noreferrer nofollow\">A voir et \u00e0 lire. <\/a><span><\/span>.}<br \/>|{,<a href=\"https:\/\/www.kobo.com\/fr\/fr\/ebook\/les-quatre-livres-de-philosophie-morale-et-politique-de-la-chine-1\" target=\"_blank\" rel=\"noopener noreferrer nofollow\">Ouvrage <\/a><span><\/span>.}<br \/>|{,<a href=\"https:\/\/fr.wikisource.org\/wiki\/Les_Questions_politiques_et_sociales\" target=\"_blank\" rel=\"noopener noreferrer nofollow\">Le livre <\/a><span><\/span>. Ouvrage de r\u00e9f\u00e9rence.}<br \/>|{,<a href=\"https:\/\/www.kobo.com\/fr\/fr\/ebook\/les-religions-face-a-l-intolerance\" target=\"_blank\" rel=\"noopener noreferrer nofollow\">(la couverture) <\/a><span><\/span>.}<br \/>|{,<a href=\"https:\/\/fr.wikisource.org\/wiki\/Les_R%C3%A9volutionnaires\" target=\"_blank\" rel=\"noopener noreferrer nofollow\">Le livre <\/a><span><\/span>.}<br \/>|{,<a href=\"https:\/\/fr.wikisource.org\/wiki\/Les_Socialistes_falsificateurs_de_Karl_Marx\" target=\"_blank\" rel=\"noopener noreferrer nofollow\">Clicker Ici <\/a><span><\/span>. Disponible dans toutes les bonnes biblioth\u00e8ques de votre d\u00e9partement.}<br \/>|{,<a href=\"https:\/\/fr.wikisource.org\/wiki\/Les_Soci%C3%A9t%C3%A9s_communistes_aux_%C3%89tats-Unis\" target=\"_blank\" rel=\"noopener noreferrer nofollow\">A voir et \u00e0 lire. <\/a><span><\/span>.}<br \/>|{,<a href=\"https:\/\/booknode.com\/les_soutiens_financiers_secrets_de_hitler_03399475\" target=\"_blank\" rel=\"noopener noreferrer nofollow\">Ouvrage <\/a><span><\/span>. A emprunter en biblioth\u00e8que.}<br \/>|{,<a href=\"https:\/\/fr.wikisource.org\/wiki\/Les_Temps_nouveaux\" target=\"_blank\" rel=\"noopener noreferrer nofollow\">Le livre <\/a><span><\/span>. Ouvrage de r\u00e9f\u00e9rence.}<br \/>|{,<a href=\"https:\/\/fr.wikisource.org\/wiki\/Les_Temps_nouveaux\" target=\"_blank\" rel=\"noopener noreferrer nofollow\">(la couverture) <\/a><span><\/span>.}<br \/>|{,<a href=\"https:\/\/fr.wikisource.org\/wiki\/Les_Tendances_nouvelles_de_l%E2%80%99%C3%A9conomie_politique_et_du_socialisme\" target=\"_blank\" rel=\"noopener noreferrer nofollow\">(Disponible) <\/a><span><\/span>.}<br \/>|{,<a href=\"https:\/\/fr.wikisource.org\/wiki\/Les_Violettes_et_les_Abeilles\" target=\"_blank\" rel=\"noopener noreferrer nofollow\">Le livre <\/a><span><\/span>.}<br \/>|{,<a href=\"https:\/\/www.kobo.com\/fr\/fr\/ebook\/l-espace-politique-de-la-sante\" target=\"_blank\" rel=\"noopener noreferrer nofollow\">livre de r\u00e9f\u00e9rence <\/a><span><\/span>. Disponible \u00e0 la FNAC.}<br \/>|{,<a href=\"https:\/\/booknode.com\/letat_monde_liberalisme_socialisme_et_communisme_a_lechelle_globale_refondation_du_marxisme_02073424\" target=\"_blank\" rel=\"noopener noreferrer nofollow\">(la couverture) <\/a><span><\/span>.}<br \/>|{,<a href=\"https:\/\/booknode.com\/letat_monde_liberalisme_socialisme_et_communisme_a_lechelle_globale_refondation_du_marxisme_02073424\" target=\"_blank\" rel=\"noopener noreferrer nofollow\">(Disponible) <\/a><span><\/span>.}<br \/>|{,<a href=\"https:\/\/booknode.com\/letat_monde_liberalisme_socialisme_et_communisme_a_lechelle_globale_refondation_du_marxisme_02073424\" target=\"_blank\" rel=\"noopener noreferrer nofollow\">Le livre <\/a><span><\/span>.}<br \/>|{,<a href=\"https:\/\/fr.wikisource.org\/wiki\/Lettre_des_dirigeants_de_Cronstadt_au_chef_blanc_Grimm\" target=\"_blank\" rel=\"noopener noreferrer nofollow\">A voir et \u00e0 lire. <\/a><span><\/span>.}<br \/>|{,<a href=\"https:\/\/www.kobo.com\/fr\/fr\/ebook\/lettre-ouverte-aux-hommes-de-gauche-1\" target=\"_blank\" rel=\"noopener noreferrer nofollow\">Ouvrage <\/a><span><\/span>.}<br \/>|{,<a href=\"https:\/\/www.kobo.com\/fr\/fr\/ebook\/lettre-ouverte-contre-l-instrumentalisation-politique-de-la-laicite\" target=\"_blank\" rel=\"noopener noreferrer nofollow\">Le livre <\/a><span><\/span>.}<br \/>|{,<a href=\"https:\/\/fr.wikisource.org\/wiki\/Lettres_%C3%A0_Herzen_et_Ogareff\/%C3%80_Herzen_(28-10-1869)\" target=\"_blank\" rel=\"noopener noreferrer nofollow\">Clicker Ici <\/a><span><\/span>. Disponible dans toutes les bonnes biblioth\u00e8ques de votre d\u00e9partement.}<br \/>|{,<a href=\"https:\/\/fr.wikisource.org\/wiki\/Lettres_%C3%A0_Herzen_et_Ogareff\/%C3%80_Herzen_et_%C3%A0_Ogareff_(23-03-1866)\" target=\"_blank\" rel=\"noopener noreferrer nofollow\">A voir et \u00e0 lire. <\/a><span><\/span>.}<br \/>|{,<a href=\"https:\/\/fr.wikisource.org\/wiki\/Lettres_%C3%A0_Herzen_et_Ogareff\/%C3%80_Ogareff_(31-08-1870)\" target=\"_blank\" rel=\"noopener noreferrer nofollow\">Ouvrage <\/a><span><\/span>.}<br \/>|{,<a href=\"https:\/\/fr.wikisource.org\/wiki\/Lettres_%C3%A0_M._Domenger\/Lettre_10\" target=\"_blank\" rel=\"noopener noreferrer nofollow\">Le livre <\/a><span><\/span>. Ouvrage de r\u00e9f\u00e9rence.}<br \/>|{,<a href=\"https:\/\/fr.wikisource.org\/wiki\/Lettres_%C3%A0_M._F%C3%A9lix_Coudroy\/Lettre_46\" target=\"_blank\" rel=\"noopener noreferrer nofollow\">(la couverture) <\/a><span><\/span>.}<br \/>|{,<a href=\"https:\/\/fr.wikisource.org\/wiki\/Lettres_%C3%A0_M._F%C3%A9lix_Coudroy\/Lettre_50\" target=\"_blank\" rel=\"noopener noreferrer nofollow\">Le livre <\/a><span><\/span>.}<br \/>|{,<a href=\"https:\/\/fr.wikisource.org\/wiki\/Lettres_%C3%A0_M._Horace_Say\/Lettre_3\" target=\"_blank\" rel=\"noopener noreferrer nofollow\">Clicker Ici <\/a><span><\/span>.}<br \/>|{,<a href=\"https:\/\/fr.wikisource.org\/wiki\/Lettres_%C3%A0_Richard_Cobden\/Lettre_14\" target=\"_blank\" rel=\"noopener noreferrer nofollow\">A voir et \u00e0 lire. <\/a><span><\/span>. Disponible sur internet.}<br \/>|{,<a href=\"https:\/\/fr.wikisource.org\/wiki\/Lettres_%C3%A0_Richard_Cobden\/Lettre_35\" target=\"_blank\" rel=\"noopener noreferrer nofollow\">Ouvrage <\/a><span><\/span>.}<br \/>|{,<a href=\"https:\/\/fr.wikisource.org\/wiki\/Lettres_%C3%A0_Richard_Cobden\/Lettre_40\" target=\"_blank\" rel=\"noopener noreferrer nofollow\">Le livre <\/a><span><\/span>.}<br \/>|{,<a href=\"https:\/\/fr.wikisource.org\/wiki\/Lettres_%C3%A0_Sergio_Solmi_sur_la_philosophie_de_Kant\" target=\"_blank\" rel=\"noopener noreferrer nofollow\">(la couverture) <\/a><span><\/span>. Disponible \u00e0 l\u2019achat sur les plateformes Amazon, Fnac, Cultura \u2026.}<br \/>|{,<a href=\"https:\/\/fr.wikisource.org\/wiki\/Lettres_%C3%A0_Sergio_Solmi_sur_la_philosophie_de_Kant\/Lettre_6\" target=\"_blank\" rel=\"noopener noreferrer nofollow\">(Disponible) <\/a><span><\/span>.}<br \/>|{,<a href=\"https:\/\/fr.wikisource.org\/wiki\/Lettres_d%E2%80%99un_habitant_des_Landes\/Lettre_15\" target=\"_blank\" rel=\"noopener noreferrer nofollow\">Le livre <\/a><span><\/span>.}<br \/>|{,<a href=\"https:\/\/fr.wikisource.org\/wiki\/Lettres_d%E2%80%99un_habitant_des_Landes\/Lettre_16\" target=\"_blank\" rel=\"noopener noreferrer nofollow\">livre de r\u00e9f\u00e9rence <\/a><span><\/span>.}<br \/>|{,<a href=\"https:\/\/fr.wikisource.org\/wiki\/Lettres_de_P%C3%A9trograd_-_Esquisses_de_la_vie_sovi%C3%A9tique\/02\" target=\"_blank\" rel=\"noopener noreferrer nofollow\">(la couverture) <\/a><span><\/span>.}<br \/>|{,<a href=\"https:\/\/fr.wikisource.org\/wiki\/Lettres_parisiennes\/Ann%C3%A9e_1848\/03\" target=\"_blank\" rel=\"noopener noreferrer nofollow\">(Disponible) <\/a><span><\/span>. Disponible chez votre libraire.}<br \/>|{,<a href=\"https:\/\/fr.wikisource.org\/wiki\/Lettres_r%C3%A9publicaines\" target=\"_blank\" rel=\"noopener noreferrer nofollow\">Le livre <\/a><span><\/span>. Disponible dans toutes les bonnes librairies.}<br \/>|{,<a href=\"https:\/\/fr.wikisource.org\/wiki\/Lettres_r%C3%A9publicaines\/Lettre_06\" target=\"_blank\" rel=\"noopener noreferrer nofollow\">A voir et \u00e0 lire. <\/a><span><\/span>.}<br \/>|{,<a href=\"https:\/\/fr.wikisource.org\/wiki\/Lettres_r%C3%A9publicaines\/Lettre_09\" target=\"_blank\" rel=\"noopener noreferrer nofollow\">Ouvrage <\/a><span><\/span>.}<br \/>|{,<a href=\"https:\/\/fr.wikisource.org\/wiki\/Lettres_r%C3%A9publicaines\/Lettre_12\" target=\"_blank\" rel=\"noopener noreferrer nofollow\">Le livre <\/a><span><\/span>.}<br \/>|{,<a href=\"https:\/\/fr.wikisource.org\/wiki\/Lettres_r%C3%A9publicaines\/Lettre_13\" target=\"_blank\" rel=\"noopener noreferrer nofollow\">Clicker Ici <\/a><span><\/span>.}<br \/>|{,<a href=\"https:\/\/fr.wikisource.org\/wiki\/Lettres_r%C3%A9publicaines\/Lettre_17\" target=\"_blank\" rel=\"noopener noreferrer nofollow\">A voir et \u00e0 lire. <\/a><span><\/span>. Disponible sur internet.}<br \/>|{,<a href=\"https:\/\/www.kobo.com\/fr\/fr\/ebook\/l-experience-politique-de-l-art\" target=\"_blank\" rel=\"noopener noreferrer nofollow\">Ouvrage <\/a><span><\/span>. A emprunter en biblioth\u00e8que.}<br \/>|{,<a href=\"https:\/\/www.kobo.com\/fr\/fr\/ebook\/l-habiter-un-impense-de-la-politique-de-la-ville\" target=\"_blank\" rel=\"noopener noreferrer nofollow\">Le livre <\/a><span><\/span>.}<br \/>|{,<a href=\"https:\/\/booknode.com\/lhistoire_du_communisme_racontee_aux_malades_mentaux_02634865\" target=\"_blank\" rel=\"noopener noreferrer nofollow\">(la couverture) <\/a><span><\/span>.}<br \/>|{,<a href=\"https:\/\/booknode.com\/lhumain_dabord_le_programme_du_front_de_gauche_0157532\" target=\"_blank\" rel=\"noopener noreferrer nofollow\">Le livre <\/a><span><\/span>.}<br \/>|{,<a href=\"https:\/\/fr.wikisource.org\/wiki\/Lib%C3%A9ralisme_socialiste_-_Les_%C3%A9crits_de_M._Proudhon\" target=\"_blank\" rel=\"noopener noreferrer nofollow\">Clicker Ici <\/a><span><\/span>.}<br \/>|{,<a href=\"https:\/\/booknode.com\/libre_echangisme_protectionnisme_et_socialisme_01665234\" target=\"_blank\" rel=\"noopener noreferrer nofollow\">A voir et \u00e0 lire. <\/a><span><\/span>.}<br \/>|{,<a href=\"https:\/\/www.kobo.com\/fr\/fr\/ebook\/l-imagination-theologico-politique-de-l-eglise-vers-une-ecclesiologie-narrative-avec-william-t-ca\" target=\"_blank\" rel=\"noopener noreferrer nofollow\">Ouvrage <\/a><span><\/span>.}<br \/>|{,<a href=\"https:\/\/fr.wikisource.orgURL\" target=\"_blank\" rel=\"noopener noreferrer nofollow\">Le livre <\/a><span><\/span>. Ouvrage de r\u00e9f\u00e9rence.}<br \/>|{,<a href=\"https:\/\/www.kobo.com\/fr\/fr\/ebook\/l-instabilite-politique-de-l-amerique-latine\" target=\"_blank\" rel=\"noopener noreferrer nofollow\">(la couverture) <\/a><span><\/span>. Disponible \u00e0 l\u2019achat sur les plateformes Amazon, Fnac, Cultura \u2026.}<br \/>|{,<a href=\"https:\/\/www.kobo.com\/fr\/fr\/ebook\/l-ontologie-politique-de-martin-heidegger\" target=\"_blank\" rel=\"noopener noreferrer nofollow\">(Disponible) <\/a><span><\/span>.}<br \/>|{,<a href=\"https:\/\/www.kobo.com\/fr\/fr\/ebook\/l-utopie-26\" target=\"_blank\" rel=\"noopener noreferrer nofollow\">Le livre <\/a><span><\/span>.}<br \/>|{,<a href=\"https:\/\/fr.wikisource.org\/wiki\/M._de_Bismarck_et_le_socialisme_allemand\" target=\"_blank\" rel=\"noopener noreferrer nofollow\">livre de r\u00e9f\u00e9rence <\/a><span><\/span>. Disponible \u00e0 la FNAC.}<br \/>|{,<a href=\"https:\/\/fr.wikisource.org\/wiki\/Manifeste_de_la_Socialist_League\" target=\"_blank\" rel=\"noopener noreferrer nofollow\">(la couverture) <\/a><span><\/span>. Disponible Sur AMAZON.}<br \/>|{,<a href=\"https:\/\/fr.wikisource.org\/wiki\/Manifeste_du_parti_communiste\" target=\"_blank\" rel=\"noopener noreferrer nofollow\">(Disponible) <\/a><span><\/span>.}<br \/>|{,<a href=\"https:\/\/fr.wikisource.org\/wiki\/Manifeste_du_parti_communiste\/Andler\" target=\"_blank\" rel=\"noopener noreferrer nofollow\">Le livre <\/a><span><\/span>. Disponible dans toutes les bonnes librairies.}<br \/>|{,<a href=\"https:\/\/fr.wikisource.org\/wiki\/Manifeste_du_parti_communiste\/Andler\" target=\"_blank\" rel=\"noopener noreferrer nofollow\">A voir et \u00e0 lire. <\/a><span><\/span>. Disponible sur internet.}<br \/>|{,<a href=\"https:\/\/fr.wikisource.org\/wiki\/Manifeste_du_parti_communiste\/Andler\/II\/Commentaire\" target=\"_blank\" rel=\"noopener noreferrer nofollow\">Ouvrage <\/a><span><\/span>.}<br \/>|{,<a href=\"https:\/\/fr.wikisource.org\/wiki\/Manifeste_du_parti_communiste\/Andler\/II\/Commentaire\/2\" target=\"_blank\" rel=\"noopener noreferrer nofollow\">Le livre <\/a><span><\/span>.}<br \/>|{,<a href=\"https:\/\/fr.wikisource.org\/wiki\/Manifeste_du_parti_communiste\/Andler\/II\/Commentaire\/3\" target=\"_blank\" rel=\"noopener noreferrer nofollow\">Clicker Ici <\/a><span><\/span>. Disponible dans toutes les bonnes biblioth\u00e8ques de votre d\u00e9partement.}<br \/>|{,<a href=\"https:\/\/fr.wikisource.org\/wiki\/Manifeste_du_parti_communiste\/Andler\/II\/Commentaire\/3\" target=\"_blank\" rel=\"noopener noreferrer nofollow\">A voir et \u00e0 lire. <\/a><span><\/span>.}<br \/>|{,<a href=\"https:\/\/fr.wikisource.org\/wiki\/Manifeste_du_parti_communiste\/Andler\/II\/Commentaire\/4\" target=\"_blank\" rel=\"noopener noreferrer nofollow\">Ouvrage <\/a><span><\/span>.}<br \/>|{,<a href=\"https:\/\/fr.wikisource.org\/wiki\/Manifeste_du_parti_communiste\/Andler\/Pr%C3%A9face\" target=\"_blank\" rel=\"noopener noreferrer nofollow\">Le livre <\/a><span><\/span>.}<br \/>|{,<a href=\"https:\/\/fr.wikisource.org\/wiki\/Manifeste_du_parti_communiste\/Lafargue\" target=\"_blank\" rel=\"noopener noreferrer nofollow\">(la couverture) <\/a><span><\/span>.}<br \/>|{,<a href=\"https:\/\/fr.wikisource.org\/wiki\/Manifeste_du_parti_communiste\/Lafargue\" target=\"_blank\" rel=\"noopener noreferrer nofollow\">Le livre <\/a><span><\/span>.}<br \/>|{,<a href=\"https:\/\/fr.wikisource.org\/wiki\/Manifeste_du_parti_communiste\/Lafargue\/Texte_entier\" target=\"_blank\" rel=\"noopener noreferrer nofollow\">Clicker Ici <\/a><span><\/span>.}<br \/>|{,<a href=\"https:\/\/fr.wikisource.org\/wiki\/Manifeste_du_parti_communiste\/Lafargue\/Texte_entier\" target=\"_blank\" rel=\"noopener noreferrer nofollow\">A voir et \u00e0 lire. <\/a><span><\/span>.}<br \/>|{,<a href=\"https:\/\/fr.wikisource.org\/wiki\/Manifeste_du_parti_communiste\/Mermeix\" target=\"_blank\" rel=\"noopener noreferrer nofollow\">Ouvrage <\/a><span><\/span>. A emprunter en biblioth\u00e8que.}<br \/>|{,<a href=\"https:\/\/fr.wikisource.org\/wiki\/Manifeste_du_parti_communiste\/Mermeix\" target=\"_blank\" rel=\"noopener noreferrer nofollow\">Le livre <\/a><span><\/span>.}<br \/>|{,<a href=\"https:\/\/fr.wikisource.org\/wiki\/Manuel_d%E2%80%99%C3%A9conomique\/2\/2\/1\" target=\"_blank\" rel=\"noopener noreferrer nofollow\">(la couverture) <\/a><span><\/span>. Disponible \u00e0 l\u2019achat sur les plateformes Amazon, Fnac, Cultura \u2026.}<br \/>|{,<a href=\"https:\/\/fr.wikisource.org\/wiki\/Mars_ou_la_Guerre_jug%C3%A9e_(1921)\/45\" target=\"_blank\" rel=\"noopener noreferrer nofollow\">(Disponible) <\/a><span><\/span>.}<br \/>|{,<a href=\"https:\/\/fr.wikisource.org\/wiki\/Mars_ou_la_Guerre_jug%C3%A9e_(1921)\/63\" target=\"_blank\" rel=\"noopener noreferrer nofollow\">Le livre <\/a><span><\/span>. Disponible \u00e0 CULTURA.}<br \/>|{,<a href=\"https:\/\/fr.wikisource.org\/wiki\/Marxisme_contre_dictature\/Masse_et_Chefs_(Espoirs_d%C3%A9%C3%A7us)\" target=\"_blank\" rel=\"noopener noreferrer nofollow\">livre de r\u00e9f\u00e9rence <\/a><span><\/span>.}<br \/>|{,<a href=\"https:\/\/fr.wikisource.org\/wiki\/Marxisme_contre_dictature\/Pr%C3%A9face_%C3%A0_l%E2%80%99%C3%A9dition_de_1934\" target=\"_blank\" rel=\"noopener noreferrer nofollow\">(la couverture) <\/a><span><\/span>.}<br \/>|{,<a href=\"https:\/\/fr.wikisource.org\/wiki\/Marxisme_contre_dictature\/Pr%C3%A9face_%C3%A0_la_deuxi%C3%A8me_%C3%A9dition\" target=\"_blank\" rel=\"noopener noreferrer nofollow\">(Disponible) <\/a><span><\/span>.}<br \/>|{,<a href=\"https:\/\/www.kobo.com\/fr\/fr\/ebook\/melancolie-de-gauche-1\" target=\"_blank\" rel=\"noopener noreferrer nofollow\">Le livre <\/a><span><\/span>.}<br \/>|{,<a href=\"https:\/\/fr.wikisource.org\/wiki\/M%C3%A9langes_(Ozanam)\" target=\"_blank\" rel=\"noopener noreferrer nofollow\">A voir et \u00e0 lire. <\/a><span><\/span>.}<br \/>|{,<a href=\"https:\/\/fr.wikisource.org\/wiki\/M%C3%A9langes\/Tome_I\/54\" target=\"_blank\" rel=\"noopener noreferrer nofollow\">Ouvrage <\/a><span><\/span>.}<br \/>|{,<a href=\"https:\/\/booknode.com\/melenchon_et_les_medias_03356229\" target=\"_blank\" rel=\"noopener noreferrer nofollow\">Le livre <\/a><span><\/span>.}<br \/>|{,<a href=\"https:\/\/booknode.com\/melenchon_le_plebeien_0340722\" target=\"_blank\" rel=\"noopener noreferrer nofollow\">Clicker Ici <\/a><span><\/span>.}<br \/>|{,<a href=\"https:\/\/fr.wikisource.org\/wiki\/M%C3%A9moires_d%E2%80%99outre-tombe\/Troisi%C3%A8me_partie\/Livre_XV\" target=\"_blank\" rel=\"noopener noreferrer nofollow\">A voir et \u00e0 lire. <\/a><span><\/span>.}<br \/>|{,<a href=\"https:\/\/fr.wikisource.org\/wiki\/M%C3%A9moires_d%E2%80%99un_r%C3%A9volutionnaire\/Biographie\" target=\"_blank\" rel=\"noopener noreferrer nofollow\">Ouvrage <\/a><span><\/span>.}<br \/>|{,<a href=\"https:\/\/fr.wikisource.org\/wiki\/M%C3%A9moires_d%E2%80%99un_r%C3%A9volutionnaire\/VI3\" target=\"_blank\" rel=\"noopener noreferrer nofollow\">Le livre <\/a><span><\/span>.}<br \/>|{,<a href=\"https:\/\/fr.wikisource.org\/wiki\/M%C3%A9moires_d%E2%80%99un_r%C3%A9volutionnaire\/VI6\" target=\"_blank\" rel=\"noopener noreferrer nofollow\">(la couverture) <\/a><span><\/span>.}<br \/>|{,<a href=\"https:\/\/fr.wikisource.org\/wiki\/Minerve_ou_De_la_sagesse\/Chapitre_LXVIII\" target=\"_blank\" rel=\"noopener noreferrer nofollow\">Le livre <\/a><span><\/span>.}<br \/>|{,<a href=\"https:\/\/fr.wikisource.org\/wiki\/Minerve_ou_De_la_sagesse\/Chapitre_LXXXIX\" target=\"_blank\" rel=\"noopener noreferrer nofollow\">Clicker Ici <\/a><span><\/span>.}<br \/>|{,<a href=\"https:\/\/fr.wikisource.org\/wiki\/Mis%C3%A8re_de_la_philosophie\/Pr%C3%A9face\" target=\"_blank\" rel=\"noopener noreferrer nofollow\">A voir et \u00e0 lire. <\/a><span><\/span>.}<br \/>|{,<a href=\"https:\/\/fr.wikisource.org\/wiki\/M%C5%93urs_et_coutumes_des_M%C3%A9lan%C3%A9siens\" target=\"_blank\" rel=\"noopener noreferrer nofollow\">Ouvrage <\/a><span><\/span>. A emprunter en biblioth\u00e8que.}<br \/>|{,<a href=\"https:\/\/www.kobo.com\/fr\/fr\/ebook\/moins-de-co2-pour-pas-trop-cher\" target=\"_blank\" rel=\"noopener noreferrer nofollow\">Le livre <\/a><span><\/span>.}<br \/>|{,<a href=\"https:\/\/www.kobo.com\/fr\/fr\/ebook\/mon-corps-ce-desir-cette-loi\" target=\"_blank\" rel=\"noopener noreferrer nofollow\">(la couverture) <\/a><span><\/span>.}<br \/>|{,<a href=\"https:\/\/fr.wikisource.org\/wiki\/Monde\/53\" target=\"_blank\" rel=\"noopener noreferrer nofollow\">(Disponible) <\/a><span><\/span>.}<br \/>|{,<a href=\"https:\/\/booknode.com\/naissance_et_fin_du_communisme_russe_de_lenine_a_gorbatchev_03361735\" target=\"_blank\" rel=\"noopener noreferrer nofollow\">Le livre <\/a><span><\/span>.}<br \/>|{,<a href=\"https:\/\/booknode.com\/naissance_et_fin_du_communisme_russe_de_lenine_a_gorbatchev_03361735\" target=\"_blank\" rel=\"noopener noreferrer nofollow\">livre de r\u00e9f\u00e9rence <\/a><span><\/span>.}<br \/>|{,<a href=\"https:\/\/fr.wikisource.org\/wiki\/Napol%C3%A9on_le_Petit\/2\/XI\" target=\"_blank\" rel=\"noopener noreferrer nofollow\">(la couverture) <\/a><span><\/span>. Disponible Sur AMAZON.}<br \/>|{,<a href=\"https:\/\/fr.wikisource.org\/wiki\/Nietzsche_et_l%E2%80%99immoralisme\" target=\"_blank\" rel=\"noopener noreferrer nofollow\">(Disponible) <\/a><span><\/span>. Disponible chez votre libraire.}<br \/>|{,<a href=\"https:\/\/www.kobo.com\/fr\/fr\/ebook\/noms-d-oiseaux\" target=\"_blank\" rel=\"noopener noreferrer nofollow\">Le livre <\/a><span><\/span>. Disponible dans toutes les bonnes librairies.}<br \/>|{,<a href=\"https:\/\/www.kobo.com\/fr\/fr\/ebook\/nos-enfants-ont-ils-droit-a-l-art-et-a-la-culture\" target=\"_blank\" rel=\"noopener noreferrer nofollow\">A voir et \u00e0 lire. <\/a><span><\/span>.}<br \/>|{,<a href=\"https:\/\/fr.wikisource.org\/wiki\/Notre_nouvelle_enqu%C3%AAte\" target=\"_blank\" rel=\"noopener noreferrer nofollow\">Ouvrage <\/a><span><\/span>.}<br \/>|{,<a href=\"https:\/\/booknode.com\/nous_on_peut_0124940\" target=\"_blank\" rel=\"noopener noreferrer nofollow\">Le livre <\/a><span><\/span>.}<br \/>|{,<a href=\"https:\/\/www.kobo.com\/fr\/fr\/ebook\/nouvelle-sociologie-politique-de-la-france\" target=\"_blank\" rel=\"noopener noreferrer nofollow\">Clicker Ici <\/a><span><\/span>.}<br \/>|{,<a href=\"https:\/\/fr.wikisource.org\/wiki\/Nouvelles_de_nulle_part\/Chapitre_14\" target=\"_blank\" rel=\"noopener noreferrer nofollow\">A voir et \u00e0 lire. <\/a><span><\/span>.}<br \/>|{,<a href=\"https:\/\/fr.wikisource.org\/wiki\/Nouvelles_de_nulle_part\/Chapitre_17\" target=\"_blank\" rel=\"noopener noreferrer nofollow\">Ouvrage <\/a><span><\/span>. A emprunter en biblioth\u00e8que.}<br \/>|{,<a href=\"https:\/\/fr.wikisource.org\/wiki\/Nouvelles_lettres_intimes_(Renan)\/37\" target=\"_blank\" rel=\"noopener noreferrer nofollow\">Le livre <\/a><span><\/span>.}<br \/>|{,<a href=\"https:\/\/fr.wikisource.org\/wiki\/%C5%92uvres_compl%C3%A8tes_d%E2%80%99Alexis_de_Tocqueville,_L%C3%A9vy\/Discours_%C3%A0_l%E2%80%99Assembl%C3%A9e_constituante_sur_la_question_du_droit_au_travail\" target=\"_blank\" rel=\"noopener noreferrer nofollow\">(la couverture) <\/a><span><\/span>.}<br \/>|{,<a href=\"https:\/\/fr.wikisource.org\/wiki\/%C5%92uvres_compl%C3%A8tes_de_Charles_P%C3%A9guy\/Tome_1\/Du_second_provincial\" target=\"_blank\" rel=\"noopener noreferrer nofollow\">Le livre <\/a><span><\/span>. Disponible dans toutes les bonnes librairies.}<br \/>|{,<a href=\"https:\/\/fr.wikisource.org\/wiki\/%C5%92uvres_compl%C3%A8tes_de_Fr%C3%A9d%C3%A9ric_Bastiat\/Lettres_%C3%A0_M._Horace_Say_(tome_7)\" target=\"_blank\" rel=\"noopener noreferrer nofollow\">Clicker Ici <\/a><span><\/span>. Disponible dans toutes les bonnes biblioth\u00e8ques de votre d\u00e9partement.}<br \/>|{,<a href=\"https:\/\/fr.wikisource.org\/wiki\/%C5%92uvres_compl%C3%A8tes_de_Fr%C3%A9d%C3%A9ric_Ozanam,_3e_%C3%A9dition\/Volume_07\" target=\"_blank\" rel=\"noopener noreferrer nofollow\">A voir et \u00e0 lire. <\/a><span><\/span>. Disponible sur internet.}<br \/>|{,<a href=\"https:\/\/fr.wikisource.org\/wiki\/%C5%92uvres_compl%C3%A8tes_de_Fr%C3%A9d%C3%A9ric_Ozanam,_3e_%C3%A9dition\/Volume_07\/Les_Origines_du_socialisme\" target=\"_blank\" rel=\"noopener noreferrer nofollow\">Ouvrage <\/a><span><\/span>. A emprunter en biblioth\u00e8que.}<br \/>|{,<a href=\"https:\/\/fr.wikisource.org\/wiki\/%C5%92uvres_compl%C3%A8tes_de_Fr%C3%A9d%C3%A9ric_Ozanam,_3e_%C3%A9dition\/Volume_11\/044\" target=\"_blank\" rel=\"noopener noreferrer nofollow\">Le livre <\/a><span><\/span>.}<br \/>|{,<a href=\"https:\/\/fr.wikisource.org\/wiki\/Opinions_sociales\/Conte_pour_commencer_gaiement_l%E2%80%99ann%C3%A9e\" target=\"_blank\" rel=\"noopener noreferrer nofollow\">(la couverture) <\/a><span><\/span>.}<br \/>|{,<a href=\"https:\/\/www.kobo.com\/fr\/fr\/ebook\/ou-est-passe-le-peuple-de-gauche\" target=\"_blank\" rel=\"noopener noreferrer nofollow\">(la couverture) <\/a><span><\/span>.}<br \/>|{,<a href=\"https:\/\/www.kobo.com\/fr\/fr\/ebook\/oui-des-gens-de-gauche-votent-fn\" target=\"_blank\" rel=\"noopener noreferrer nofollow\">(la couverture) <\/a><span><\/span>.}<br \/>|{,<a href=\"https:\/\/fr.wikisource.org\/wiki\/Pages_d%27histoire_socialiste,_I\/01\" target=\"_blank\" rel=\"noopener noreferrer nofollow\">(la couverture) <\/a><span><\/span>.}<br \/>|{,<a href=\"https:\/\/fr.wikisource.org\/wiki\/Pages_d%27histoire_socialiste,_I\/02\" target=\"_blank\" rel=\"noopener noreferrer nofollow\">(la couverture) <\/a><span><\/span>.}<br \/>|{,<a href=\"https:\/\/fr.wikisource.org\/wiki\/Pages_d%27histoire_socialiste,_I\/03\" target=\"_blank\" rel=\"noopener noreferrer nofollow\">(la couverture) <\/a><span><\/span>. Disponible \u00e0 l\u2019achat sur les plateformes Amazon, Fnac, Cultura \u2026.}<br \/>|{,<a href=\"https:\/\/fr.wikisource.org\/wiki\/Pages_d%27histoire_socialiste,_I\/04\" target=\"_blank\" rel=\"noopener noreferrer nofollow\">(la couverture) <\/a><span><\/span>.}<br \/>|{,<a href=\"https:\/\/fr.wikisource.org\/wiki\/Paris-%C3%89ros._Premi%C3%A8re_s%C3%A9rie,_Les_maquerelles_in%C3%A9dites\/10\" target=\"_blank\" rel=\"noopener noreferrer nofollow\">(la couverture) <\/a><span><\/span>. Disponible \u00e0 l\u2019achat sur les plateformes Amazon, Fnac, Cultura \u2026.}<br \/>|{,<a href=\"https:\/\/fr.wikisource.org\/wiki\/Paroles_d%E2%80%99un_r%C3%A9volt%C3%A9\/La_Commune_de_Paris\" target=\"_blank\" rel=\"noopener noreferrer nofollow\">(la couverture) <\/a><span><\/span>.}<br \/>|{,<a href=\"https:\/\/fr.wikisource.org\/wiki\/Paroles_d%E2%80%99un_r%C3%A9volt%C3%A9\/La_situation\" target=\"_blank\" rel=\"noopener noreferrer nofollow\">(la couverture) <\/a><span><\/span>. Disponible \u00e0 l\u2019achat sur les plateformes Amazon, Fnac, Cultura \u2026.}<br \/>|{,<a href=\"https:\/\/fr.wikisource.org\/wiki\/Paroles_d%E2%80%99un_r%C3%A9volt%C3%A9\/Les_minorit%C3%A9s_r%C3%A9volutionnaires\" target=\"_blank\" rel=\"noopener noreferrer nofollow\">(la couverture) <\/a><span><\/span>.}<br \/>|{,<a href=\"https:\/\/fr.wikisource.org\/wiki\/Paroles_d%E2%80%99un_r%C3%A9volt%C3%A9\/Th%C3%A9orie_et_pratique\" target=\"_blank\" rel=\"noopener noreferrer nofollow\">(la couverture) <\/a><span><\/span>. Disponible \u00e0 l\u2019achat sur les plateformes Amazon, Fnac, Cultura \u2026.}<br \/>|{,<a href=\"https:\/\/fr.wikisource.org\/wiki\/Paroles_d%E2%80%99un_r%C3%A9volt%C3%A9\/Tous_socialistes\" target=\"_blank\" rel=\"noopener noreferrer nofollow\">(la couverture) <\/a><span><\/span>. Disponible \u00e0 l\u2019achat sur les plateformes Amazon, Fnac, Cultura \u2026.}<br \/>|{,<a href=\"https:\/\/fr.wikisource.org\/wiki\/Paroles_d%E2%80%99un_r%C3%A9volt%C3%A9\/Tous_socialistes\" target=\"_blank\" rel=\"noopener noreferrer nofollow\">(la couverture) <\/a><span><\/span>.}<br \/>|{,<a href=\"https:\/\/fr.wikisource.org\/wiki\/Participation_minist%C3%A9rielle\" target=\"_blank\" rel=\"noopener noreferrer nofollow\">(la couverture) <\/a><span><\/span>.}<br \/>|{,<a href=\"https:\/\/www.kobo.com\/fr\/fr\/ebook\/paul-painleve\" target=\"_blank\" rel=\"noopener noreferrer nofollow\">(la couverture) <\/a><span><\/span>. Disponible \u00e0 l\u2019achat sur les plateformes Amazon, Fnac, Cultura \u2026.}<br \/>|{,<a href=\"https:\/\/fr.wikisource.org\/wiki\/Pendant_l%E2%80%99orage\/Un_am%C3%A9ricain_%C3%A9crit\" target=\"_blank\" rel=\"noopener noreferrer nofollow\">(la couverture) <\/a><span><\/span>.}<br \/>|{,<a href=\"https:\/\/fr.wikisource.org\/wiki\/Pens%C3%A9e_fran%C3%A7aise,_pages_choisies\/09\" target=\"_blank\" rel=\"noopener noreferrer nofollow\">(la couverture) <\/a><span><\/span>.}<br \/>|{,<a href=\"https:\/\/booknode.com\/penser_le_communisme_03436992\" target=\"_blank\" rel=\"noopener noreferrer nofollow\">(la couverture) <\/a><span><\/span>.}<br \/>|{,<a href=\"https:\/\/www.kobo.com\/fr\/fr\/ebook\/petit-manuel-de-survie-a-l-intention-d-un-socialiste-dans-un-diner-avec-des-gens-de-gauche\" target=\"_blank\" rel=\"noopener noreferrer nofollow\">(la couverture) <\/a><span><\/span>.}<br \/>|{,<a href=\"https:\/\/fr.wikisource.org\/wiki\/Philosophie_de_l%E2%80%99Anarchie\/Consid%C3%A9rations_g%C3%A9n%C3%A9rales\" target=\"_blank\" rel=\"noopener noreferrer nofollow\">(la couverture) <\/a><span><\/span>.}<br \/>|{,<a href=\"https:\/\/fr.wikisource.org\/wiki\/Philosophie_de_l%E2%80%99Anarchie\/D%C3%A9veloppement_de_l%E2%80%99humanit%C3%A9\" target=\"_blank\" rel=\"noopener noreferrer nofollow\">(la couverture) <\/a><span><\/span>. Disponible \u00e0 l\u2019achat sur les plateformes Amazon, Fnac, Cultura \u2026.}<br \/>|{,<a href=\"https:\/\/fr.wikisource.org\/wiki\/Philosophie_de_l%E2%80%99Anarchie\/Instruction_et_%C3%A9ducation\" target=\"_blank\" rel=\"noopener noreferrer nofollow\">(la couverture) <\/a><span><\/span>. Disponible \u00e0 l\u2019achat sur les plateformes Amazon, Fnac, Cultura \u2026.}<br \/>|{,<a href=\"https:\/\/fr.wikisource.org\/wiki\/Philosophie_de_l%E2%80%99Anarchie\/La_propri%C3%A9t%C3%A9\" target=\"_blank\" rel=\"noopener noreferrer nofollow\">(la couverture) <\/a><span><\/span>. Disponible \u00e0 l\u2019achat sur les plateformes Amazon, Fnac, Cultura \u2026.}<br \/>|{,<a href=\"https:\/\/fr.wikisource.org\/wiki\/Philosophie_de_l%E2%80%99Anarchie\/Production\" target=\"_blank\" rel=\"noopener noreferrer nofollow\">(la couverture) <\/a><span><\/span>.}<br \/>|{,<a href=\"https:\/\/fr.wikisource.org\/wiki\/Philosophie_de_l%E2%80%99Anarchie\/Religion_et_Patrie\" target=\"_blank\" rel=\"noopener noreferrer nofollow\">(la couverture) <\/a><span><\/span>.}<br \/>|{,<a href=\"https:\/\/fr.wikisource.org\/wiki\/Philosophie_de_l%E2%80%99Anarchie\/Texte_entier\" target=\"_blank\" rel=\"noopener noreferrer nofollow\">(la couverture) <\/a><span><\/span>. Disponible \u00e0 l\u2019achat sur les plateformes Amazon, Fnac, Cultura \u2026.}<br \/>|{,<a href=\"https:\/\/fr.wikisource.org\/wiki\/Philosophie_de_la_mis%C3%A8re\/Chapitre_01\" target=\"_blank\" rel=\"noopener noreferrer nofollow\">(la couverture) <\/a><span><\/span>. Disponible \u00e0 l\u2019achat sur les plateformes Amazon, Fnac, Cultura \u2026.}<br \/>|{,<a href=\"https:\/\/fr.wikisource.org\/wiki\/Pie_IX_au_Paradis\" target=\"_blank\" rel=\"noopener noreferrer nofollow\">(la couverture) <\/a><span><\/span>.}<br \/>|{,<a href=\"https:\/\/fr.wikisource.org\/wiki\/Pierre_Kropotkine,_Souvenirs_et_critiques_d%E2%80%99un_de_ses_vieux_amis\" target=\"_blank\" rel=\"noopener noreferrer nofollow\">(la couverture) <\/a><span><\/span>. Disponible \u00e0 l\u2019achat sur les plateformes Amazon, Fnac, Cultura \u2026.}<br \/>|{,<a href=\"https:\/\/www.kobo.com\/fr\/fr\/ebook\/politique-de-defense-et-securite-nationale-du-cameroun\" target=\"_blank\" rel=\"noopener noreferrer nofollow\">(la couverture) <\/a><span><\/span>.}<br \/>|{,<a href=\"https:\/\/www.kobo.com\/fr\/fr\/ebook\/politique-de-jeunesse-le-grand-malentendu\" target=\"_blank\" rel=\"noopener noreferrer nofollow\">(la couverture) <\/a><span><\/span>.}<br \/>|{,<a href=\"https:\/\/www.kobo.com\/fr\/fr\/ebook\/politique-de-la-decoincidence\" target=\"_blank\" rel=\"noopener noreferrer nofollow\">(la couverture) <\/a><span><\/span>.}<br \/>|{,<a href=\"https:\/\/www.kobo.com\/fr\/fr\/ebook\/politique-de-la-france-en-afrique\" target=\"_blank\" rel=\"noopener noreferrer nofollow\">(la couverture) <\/a><span><\/span>.}<br \/>|{,<a href=\"https:\/\/www.kobo.com\/fr\/fr\/ebook\/politique-de-la-tres-grande-entreprise\" target=\"_blank\" rel=\"noopener noreferrer nofollow\">(la couverture) <\/a><span><\/span>.}<br \/>|{,<a href=\"https:\/\/www.kobo.com\/fr\/fr\/ebook\/politique-de-la-tres-grande-entreprise\" target=\"_blank\" rel=\"noopener noreferrer nofollow\">(la couverture) <\/a><span><\/span>. Disponible \u00e0 l\u2019achat sur les plateformes Amazon, Fnac, Cultura \u2026.}<br \/>|{,<a href=\"https:\/\/www.kobo.com\/fr\/fr\/ebook\/politique-de-sante-reussir-le-changement\" target=\"_blank\" rel=\"noopener noreferrer nofollow\">(la couverture) <\/a><span><\/span>.}<br \/>|{,<a href=\"https:\/\/booknode.com\/pour_en_finir_avec_le_vieux_socialisme_et_etre_enfin_de_gauche_entretiens_avec_claude_askolovitch_042632\" target=\"_blank\" rel=\"noopener noreferrer nofollow\">(la couverture) <\/a><span><\/span>. Disponible \u00e0 l\u2019achat sur les plateformes Amazon, Fnac, Cultura \u2026.}<br \/>|{,<a href=\"https:\/\/fr.wikisource.org\/wiki\/Pour_%C3%AAtre_socialiste\" target=\"_blank\" rel=\"noopener noreferrer nofollow\">(la couverture) <\/a><span><\/span>.}<br \/>|{,<a href=\"https:\/\/www.kobo.com\/fr\/fr\/ebook\/pour-un-populisme-de-gauche\" target=\"_blank\" rel=\"noopener noreferrer nofollow\">(la couverture) <\/a><span><\/span>.}<br \/>|{,<a href=\"https:\/\/www.kobo.com\/fr\/fr\/audiobook\/pour-un-tocqueville-de-gauche\" target=\"_blank\" rel=\"noopener noreferrer nofollow\">(la couverture) <\/a><span><\/span>. Disponible \u00e0 l\u2019achat sur les plateformes Amazon, Fnac, Cultura \u2026.}<br \/>|{,<a href=\"https:\/\/booknode.com\/pour_une_france_independante_n4_03419080\" target=\"_blank\" rel=\"noopener noreferrer nofollow\">(la couverture) <\/a><span><\/span>.}<br \/>|{,<a href=\"https:\/\/www.kobo.com\/fr\/fr\/ebook\/pour-une-histoire-politique-de-la-politique-de-la-ville\" target=\"_blank\" rel=\"noopener noreferrer nofollow\">(la couverture) <\/a><span><\/span>.}<br \/>|{,<a href=\"https:\/\/www.kobo.com\/fr\/fr\/ebook\/pour-une-politique-de-la-jeunesse\" target=\"_blank\" rel=\"noopener noreferrer nofollow\">(la couverture) <\/a><span><\/span>.}<br \/>|{,<a href=\"https:\/\/fr.wikisource.org\/wiki\/Pr%C3%A9cis_de_sociologie\" target=\"_blank\" rel=\"noopener noreferrer nofollow\">(la couverture) <\/a><span><\/span>. Disponible \u00e0 l\u2019achat sur les plateformes Amazon, Fnac, Cultura \u2026.}<br \/>|{,<a href=\"https:\/\/fr.wikisource.org\/wiki\/Pr%C3%A9cis_de_sociologie\/III\/III\" target=\"_blank\" rel=\"noopener noreferrer nofollow\">(la couverture) <\/a><span><\/span>.}<br \/>|{,<a href=\"https:\/\/fr.wikisource.org\/wiki\/Pr%C3%A9cis_de_sociologie\/V\/I\" target=\"_blank\" rel=\"noopener noreferrer nofollow\">(la couverture) <\/a><span><\/span>. Disponible \u00e0 l\u2019achat sur les plateformes Amazon, Fnac, Cultura \u2026.}<br \/>|{,<a href=\"https:\/\/fr.wikisource.org\/wiki\/Pr%C3%A9cis_de_sociologie\/V\/III\" target=\"_blank\" rel=\"noopener noreferrer nofollow\">(la couverture) <\/a><span><\/span>.}<br \/>|{,<a href=\"https:\/\/fr.wikisource.org\/wiki\/Pr%C3%A9cis_de_sociologie\/V\/V\" target=\"_blank\" rel=\"noopener noreferrer nofollow\">(la couverture) <\/a><span><\/span>. Disponible \u00e0 l\u2019achat sur les plateformes Amazon, Fnac, Cultura \u2026.}<br \/>|{,<a href=\"https:\/\/fr.wikisource.org\/wiki\/Pr%C3%A9face_de_En_Garde_!_de_Jules_Guesde_par_Bracke\" target=\"_blank\" rel=\"noopener noreferrer nofollow\">(la couverture) <\/a><span><\/span>.}<br \/>|{,<a href=\"https:\/\/fr.wikisource.org\/wiki\/Principes_d%E2%80%99%C3%A9conomie_politique\" target=\"_blank\" rel=\"noopener noreferrer nofollow\">(la couverture) <\/a><span><\/span>.}<br \/>|{,<a href=\"https:\/\/fr.wikisource.org\/wiki\/Principes_d%E2%80%99%C3%A9conomie_politique\/0-VI\" target=\"_blank\" rel=\"noopener noreferrer nofollow\">(la couverture) <\/a><span><\/span>. Disponible \u00e0 l\u2019achat sur les plateformes Amazon, Fnac, Cultura \u2026.}<br \/>|{,<a href=\"https:\/\/fr.wikisource.org\/wiki\/Principes_d%E2%80%99%C3%A9conomie_politique\/IA\" target=\"_blank\" rel=\"noopener noreferrer nofollow\">(la couverture) <\/a><span><\/span>.}<br \/>|{,<a href=\"https:\/\/fr.wikisource.org\/wiki\/Principes_d%E2%80%99%C3%A9conomie_politique\/II-1-I-IV\" target=\"_blank\" rel=\"noopener noreferrer nofollow\">(la couverture) <\/a><span><\/span>.}<br \/>|{,<a href=\"https:\/\/fr.wikisource.org\/wiki\/Principes_d%E2%80%99%C3%A9conomie_politique\/III-I-II-I\" target=\"_blank\" rel=\"noopener noreferrer nofollow\">(la couverture) <\/a><span><\/span>. Disponible \u00e0 l\u2019achat sur les plateformes Amazon, Fnac, Cultura \u2026.}<br \/>|{,<a href=\"https:\/\/fr.wikisource.org\/wiki\/Principes_d%E2%80%99%C3%A9conomie_politique\/III-I-II-II\" target=\"_blank\" rel=\"noopener noreferrer nofollow\">(la couverture) <\/a><span><\/span>.}<br \/>|{,<a href=\"https:\/\/fr.wikisource.org\/wiki\/Principes_d%E2%80%99%C3%A9conomie_politique\/III-II-II-II\" target=\"_blank\" rel=\"noopener noreferrer nofollow\">(la couverture) <\/a><span><\/span>.}<br \/>|{,<a href=\"https:\/\/fr.wikisource.org\/wiki\/Principes_d%E2%80%99%C3%A9conomie_politique\/III-I-II-III\" target=\"_blank\" rel=\"noopener noreferrer nofollow\">(la couverture) <\/a><span><\/span>.}<br \/>|{,<a href=\"https:\/\/fr.wikisource.org\/wiki\/Principes_d%E2%80%99%C3%A9conomie_politique\/III-I-II-III\" target=\"_blank\" rel=\"noopener noreferrer nofollow\">(la couverture) <\/a><span><\/span>.}<br \/>|{,<a href=\"https:\/\/fr.wikisource.org\/wiki\/Principes_d%E2%80%99%C3%A9conomie_politique\/III-I-II-IV\" target=\"_blank\" rel=\"noopener noreferrer nofollow\">(la couverture) <\/a><span><\/span>.}<br \/>|{,<a href=\"https:\/\/fr.wikisource.org\/wiki\/Principes_d%E2%80%99%C3%A9conomie_politique\/TdM\" target=\"_blank\" rel=\"noopener noreferrer nofollow\">(la couverture) <\/a><span><\/span>.}<br \/>|{,<a href=\"https:\/\/booknode.com\/principes_du_communisme_01660624\" target=\"_blank\" rel=\"noopener noreferrer nofollow\">(la couverture) <\/a><span><\/span>.}<br \/>|{,<a href=\"https:\/\/booknode.com\/principes_du_socialisme_04196\" target=\"_blank\" rel=\"noopener noreferrer nofollow\">(la couverture) <\/a><span><\/span>.}<br \/>|{,<a href=\"https:\/\/fr.wikisource.org\/wiki\/Principes_du_socialisme_(Baju)\" target=\"_blank\" rel=\"noopener noreferrer nofollow\">(la couverture) <\/a><span><\/span>.}<br \/>|{,<a href=\"https:\/\/booknode.com\/principes_du_socialisme_manifeste_de_la_democratie_au_xixe_siecle_02496674\" target=\"_blank\" rel=\"noopener noreferrer nofollow\">(la couverture) <\/a><span><\/span>.}<br \/>|{,<a href=\"https:\/\/fr.wikisource.org\/wiki\/Profession_de_foi_%C3%A9lectorale_de_1849\" target=\"_blank\" rel=\"noopener noreferrer nofollow\">(la couverture) <\/a><span><\/span>.}<br \/>|{,<a href=\"https:\/\/fr.wikisource.org\/wiki\/Propri%C3%A9t%C3%A9_et_loi\" target=\"_blank\" rel=\"noopener noreferrer nofollow\">(la couverture) <\/a><span><\/span>.}<br \/>|{,<a href=\"https:\/\/fr.wikisource.org\/wiki\/Proses_philosophiques\/La_Question_sociale\" target=\"_blank\" rel=\"noopener noreferrer nofollow\">(la couverture) <\/a><span><\/span>.}<br \/>|{,<a href=\"https:\/\/fr.wikisource.org\/wiki\/Protectionisme_et_communisme\" target=\"_blank\" rel=\"noopener noreferrer nofollow\">(la couverture) <\/a><span><\/span>. Disponible \u00e0 l\u2019achat sur les plateformes Amazon, Fnac, Cultura \u2026.}<br \/>|{,<a href=\"https:\/\/fr.wikisource.org\/wiki\/Proudhon_-_De_la_Capacit%C3%A9_politique_des_classes_ouvri%C3%A8res\/II,3\" target=\"_blank\" rel=\"noopener noreferrer nofollow\">(la couverture) <\/a><span><\/span>.}<br \/>|{,<a href=\"https:\/\/fr.wikisource.org\/wiki\/Proudhon_-_De_la_Capacit%C3%A9_politique_des_classes_ouvri%C3%A8res\/L%E2%80%99auteur\" target=\"_blank\" rel=\"noopener noreferrer nofollow\">(la couverture) <\/a><span><\/span>.}<br \/>|{,<a href=\"https:\/\/fr.wikisource.org\/wiki\/Proudhon_-_Du_Principe_f%C3%A9d%C3%A9ratif\/I,2\" target=\"_blank\" rel=\"noopener noreferrer nofollow\">(la couverture) <\/a><span><\/span>.}<br \/>|{,<a href=\"https:\/\/fr.wikisource.org\/wiki\/Proudhon_-_Du_Principe_f%C3%A9d%C3%A9ratif\/I,3\" target=\"_blank\" rel=\"noopener noreferrer nofollow\">(la couverture) <\/a><span><\/span>. Disponible \u00e0 l\u2019achat sur les plateformes Amazon, Fnac, Cultura \u2026.}<br \/>|{,<a href=\"https:\/\/fr.wikisource.org\/wiki\/Proudhon_-_Du_Principe_f%C3%A9d%C3%A9ratif\/I,4\" target=\"_blank\" rel=\"noopener noreferrer nofollow\">(la couverture) <\/a><span><\/span>. Disponible \u00e0 l\u2019achat sur les plateformes Amazon, Fnac, Cultura \u2026.}<br \/>|{,<a href=\"https:\/\/fr.wikisource.org\/wiki\/Proudhon_-_Du_Principe_f%C3%A9d%C3%A9ratif\/II,2\" target=\"_blank\" rel=\"noopener noreferrer nofollow\">(la couverture) <\/a><span><\/span>.}<br \/>|{,<a href=\"https:\/\/fr.wikisource.org\/wiki\/Proudhon_-_Du_Principe_f%C3%A9d%C3%A9ratif\/II,3\" target=\"_blank\" rel=\"noopener noreferrer nofollow\">(la couverture) <\/a><span><\/span>.}<br \/>|{,<a href=\"https:\/\/fr.wikisource.org\/wiki\/Proudhon_-_Du_Principe_f%C3%A9d%C3%A9ratif\/II,3\" target=\"_blank\" rel=\"noopener noreferrer nofollow\">(la couverture) <\/a><span><\/span>.}<br \/>|{,<a href=\"https:\/\/fr.wikisource.org\/wiki\/Proudhon_-_Du_Principe_f%C3%A9d%C3%A9ratif\/III,3\" target=\"_blank\" rel=\"noopener noreferrer nofollow\">(la couverture) <\/a><span><\/span>.}<br \/>|{,<a href=\"https:\/\/fr.wikisource.org\/wiki\/Proudhon_jug%C3%A9_par_Karl_Marx\" target=\"_blank\" rel=\"noopener noreferrer nofollow\">(la couverture) <\/a><span><\/span>.}<br \/>|{,<a href=\"https:\/\/booknode.com\/psychologie_du_socialisme_02749273\" target=\"_blank\" rel=\"noopener noreferrer nofollow\">(la couverture) <\/a><span><\/span>. Disponible \u00e0 l\u2019achat sur les plateformes Amazon, Fnac, Cultura \u2026.}<br \/>|{,<a href=\"https:\/\/fr.wikisource.org\/wiki\/Psychologie_politique_et_d%C3%A9fense_sociale\/Livre_I\/Chapitre_III\" target=\"_blank\" rel=\"noopener noreferrer nofollow\">(la couverture) <\/a><span><\/span>. Disponible \u00e0 l\u2019achat sur les plateformes Amazon, Fnac, Cultura \u2026.}<br \/>|{,<a href=\"https:\/\/fr.wikisource.org\/wiki\/Psychologie_politique_et_d%C3%A9fense_sociale\/Livre_IV\/Chapitre_I\" target=\"_blank\" rel=\"noopener noreferrer nofollow\">(la couverture) <\/a><span><\/span>.}<br \/>|{,<a href=\"https:\/\/fr.wikisource.org\/wiki\/Publications_d%C3%A9mocratiques_et_communistes\" target=\"_blank\" rel=\"noopener noreferrer nofollow\">(la couverture) <\/a><span><\/span>. Disponible \u00e0 l\u2019achat sur les plateformes Amazon, Fnac, Cultura \u2026.}<br \/>|{,<a href=\"https:\/\/fr.wikisource.org\/wiki\/Qu%E2%80%99est-ce_que_le_bolch%C3%A9visme_%3F\" target=\"_blank\" rel=\"noopener noreferrer nofollow\">(la couverture) <\/a><span><\/span>.}<br \/>|{,<a href=\"https:\/\/booknode.com\/quel_communisme_01975335\" target=\"_blank\" rel=\"noopener noreferrer nofollow\">(la couverture) <\/a><span><\/span>.}<br \/>|{,<a href=\"https:\/\/booknode.com\/quest_ce_que_le_socialisme_03441415\" target=\"_blank\" rel=\"noopener noreferrer nofollow\">(la couverture) <\/a><span><\/span>. Disponible \u00e0 l\u2019achat sur les plateformes Amazon, Fnac, Cultura \u2026.}<br \/>|{,<a href=\"https:\/\/fr.wikisource.org\/wiki\/Questions_politiques_et_sociales\" target=\"_blank\" rel=\"noopener noreferrer nofollow\">(la couverture) <\/a><span><\/span>.}<br \/>|{,<a href=\"https:\/\/fr.wikisource.org\/wiki\/Questions_politiques_et_sociales\/16\" target=\"_blank\" rel=\"noopener noreferrer nofollow\">(la couverture) <\/a><span><\/span>. Disponible \u00e0 l\u2019achat sur les plateformes Amazon, Fnac, Cultura \u2026.}<br \/>|{,<a href=\"https:\/\/fr.wikisource.org\/wiki\/Questions_politiques_et_sociales\/20\" target=\"_blank\" rel=\"noopener noreferrer nofollow\">(la couverture) <\/a><span><\/span>.}<br \/>|{,<a href=\"https:\/\/fr.wikisource.org\/wiki\/Questions_politiques_et_sociales\/6\" target=\"_blank\" rel=\"noopener noreferrer nofollow\">(la couverture) <\/a><span><\/span>. Disponible \u00e0 l\u2019achat sur les plateformes Amazon, Fnac, Cultura \u2026.}<br \/>|{,<a href=\"https:\/\/fr.wikisource.org\/wiki\/Questions_politiques_et_sociales\/7\" target=\"_blank\" rel=\"noopener noreferrer nofollow\">(la couverture) <\/a><span><\/span>.}<br \/>|{,<a href=\"https:\/\/booknode.com\/quils_sen_aillent_tous_vite_la_revolution_citoyenne_076789\" target=\"_blank\" rel=\"noopener noreferrer nofollow\">(la couverture) <\/a><span><\/span>.}<br \/>|{,<a href=\"https:\/\/www.kobo.com\/fr\/fr\/ebook\/recits-d-un-homme-de-gauche\" target=\"_blank\" rel=\"noopener noreferrer nofollow\">(la couverture) <\/a><span><\/span>.}<br \/>|{,<a href=\"https:\/\/fr.wikisource.org\/wiki\/R%C3%A9flexions_sur_l%E2%80%99amendement_de_M._Mortimer-Ternaux\" target=\"_blank\" rel=\"noopener noreferrer nofollow\">(la couverture) <\/a><span><\/span>.}<br \/>|{,<a href=\"https:\/\/fr.wikisource.org\/wiki\/R%C3%A9flexions_sur_la_violence\/Avant-propos\" target=\"_blank\" rel=\"noopener noreferrer nofollow\">(la couverture) <\/a><span><\/span>.}<br \/>|{,<a href=\"https:\/\/fr.wikisource.org\/wiki\/R%C3%A9flexions_sur_la_violence\/I\" target=\"_blank\" rel=\"noopener noreferrer nofollow\">(la couverture) <\/a><span><\/span>.}<br \/>|{,<a href=\"https:\/\/fr.wikisource.org\/wiki\/R%C3%A9flexions_sur_la_violence\/II\" target=\"_blank\" rel=\"noopener noreferrer nofollow\">(la couverture) <\/a><span><\/span>.}<br \/>|{,<a href=\"https:\/\/fr.wikisource.org\/wiki\/R%C3%A9flexions_sur_la_violence\/IV\" target=\"_blank\" rel=\"noopener noreferrer nofollow\">(la couverture) <\/a><span><\/span>.}<br \/>|{,<a href=\"https:\/\/fr.wikisource.org\/wiki\/R%C3%A9flexions_sur_la_violence\/V\" target=\"_blank\" rel=\"noopener noreferrer nofollow\">(la couverture) <\/a><span><\/span>.}<br \/>|{,<a href=\"https:\/\/fr.wikisource.org\/wiki\/R%C3%A9v%C3%A9lations_sur_le_proc%C3%A8s_des_communistes_de_Cologne\" target=\"_blank\" rel=\"noopener noreferrer nofollow\">(la couverture) <\/a><span><\/span>.}<br \/>|{,<a href=\"https:\/\/fr.wikisource.org\/wiki\/R%C3%A9v%C3%A9lations_sur_le_proc%C3%A8s_des_communistes_de_Cologne\/Introduction\" target=\"_blank\" rel=\"noopener noreferrer nofollow\">(la couverture) <\/a><span><\/span>. Disponible \u00e0 l\u2019achat sur les plateformes Amazon, Fnac, Cultura \u2026.}<br \/>|{,<a href=\"https:\/\/fr.wikisource.org\/wiki\/R%C3%A9v%C3%A9lations_sur_le_proc%C3%A8s_des_communistes_de_Cologne\/VII\" target=\"_blank\" rel=\"noopener noreferrer nofollow\">(la couverture) <\/a><span><\/span>. Disponible \u00e0 l\u2019achat sur les plateformes Amazon, Fnac, Cultura \u2026.}<br \/>|{,<a href=\"https:\/\/www.kobo.com\/fr\/fr\/ebook\/reverie-de-gauche\" target=\"_blank\" rel=\"noopener noreferrer nofollow\">(la couverture) <\/a><span><\/span>. Disponible \u00e0 l\u2019achat sur les plateformes Amazon, Fnac, Cultura \u2026.}<br \/>|{,<a href=\"https:\/\/fr.wikisource.org\/wiki\/R%C3%A9volution_chr%C3%A9tienne_et_R%C3%A9volution_sociale\" target=\"_blank\" rel=\"noopener noreferrer nofollow\">(la couverture) <\/a><span><\/span>.}<br \/>|{,<a href=\"https:\/\/fr.wikisource.org\/wiki\/R%C3%A9volution_chr%C3%A9tienne_et_R%C3%A9volution_sociale\/Chapitre_II.\" target=\"_blank\" rel=\"noopener noreferrer nofollow\">(la couverture) <\/a><span><\/span>.}<br \/>|{,<a href=\"https:\/\/fr.wikisource.org\/wiki\/R%C3%A9volution_chr%C3%A9tienne_et_R%C3%A9volution_sociale\/Chapitre_VII.\" target=\"_blank\" rel=\"noopener noreferrer nofollow\">(la couverture) <\/a><span><\/span>. Disponible \u00e0 l\u2019achat sur les plateformes Amazon, Fnac, Cultura \u2026.}<br \/>|{,<a href=\"https:\/\/fr.wikisource.org\/wiki\/R%C3%A9volution_chr%C3%A9tienne_et_R%C3%A9volution_sociale\/Chapitre_VIII.\" target=\"_blank\" rel=\"noopener noreferrer nofollow\">(la couverture) <\/a><span><\/span>.}<br \/>|{,<a href=\"https:\/\/fr.wikisource.org\/wiki\/R%C3%A9volution_chr%C3%A9tienne_et_R%C3%A9volution_sociale\/Chapitre_X.\" target=\"_blank\" rel=\"noopener noreferrer nofollow\">(la couverture) <\/a><span><\/span>. Disponible \u00e0 l\u2019achat sur les plateformes Amazon, Fnac, Cultura \u2026.}<br \/>|{,<a href=\"https:\/\/fr.wikisource.org\/wiki\/R%C3%A9volution_chr%C3%A9tienne_et_R%C3%A9volution_sociale\/Chapitre_XI.\" target=\"_blank\" rel=\"noopener noreferrer nofollow\">(la couverture) <\/a><span><\/span>.}<br \/>|{,<a href=\"https:\/\/fr.wikisource.org\/wiki\/R%C3%A9volution_chr%C3%A9tienne_et_R%C3%A9volution_sociale\/Chapitre_XI.\" target=\"_blank\" rel=\"noopener noreferrer nofollow\">(la couverture) <\/a><span><\/span>.}<br \/>|{,<a href=\"https:\/\/fr.wikisource.org\/wiki\/R%C3%A9volution_chr%C3%A9tienne_et_R%C3%A9volution_sociale\/Chapitre_XII.\" target=\"_blank\" rel=\"noopener noreferrer nofollow\">(la couverture) <\/a><span><\/span>.}<br \/>|{,<a href=\"https:\/\/fr.wikisource.org\/wiki\/R%C3%A9volution_chr%C3%A9tienne_et_R%C3%A9volution_sociale\/Chapitre_XII.\" target=\"_blank\" rel=\"noopener noreferrer nofollow\">(la couverture) <\/a><span><\/span>.}<br \/>|{,<a href=\"https:\/\/fr.wikisource.org\/wiki\/R%C3%A9volution_et_contre-r%C3%A9volution_en_Allemagne_(trad._Lafargue)\/III\" target=\"_blank\" rel=\"noopener noreferrer nofollow\">(la couverture) <\/a><span><\/span>.}<br \/>|{,<a href=\"https:\/\/fr.wikisource.org\/wiki\/R%C3%A9volution_et_contre-r%C3%A9volution_en_Allemagne_(trad._Lafargue)\/VI\" target=\"_blank\" rel=\"noopener noreferrer nofollow\">(la couverture) <\/a><span><\/span>. Disponible \u00e0 l\u2019achat sur les plateformes Amazon, Fnac, Cultura \u2026.}<br \/>|{,<a href=\"https:\/\/fr.wikisource.org\/wiki\/R%C3%A9volution_et_contre-r%C3%A9volution_en_Allemagne\/R%C3%A9my\/VI\" target=\"_blank\" rel=\"noopener noreferrer nofollow\">(la couverture) <\/a><span><\/span>.}<br \/>|{,<a href=\"https:\/\/booknode.com\/revolution_et_socialisme_042429\" target=\"_blank\" rel=\"noopener noreferrer nofollow\">(la couverture) <\/a><span><\/span>.}<br \/>|{,<a href=\"https:\/\/fr.wikisource.org\/wiki\/Revue_d%E2%80%99%C3%A9conomie_politique\/1887\" target=\"_blank\" rel=\"noopener noreferrer nofollow\">(la couverture) <\/a><span><\/span>.}<br \/>|{,<a href=\"https:\/\/fr.wikisource.org\/wiki\/Revue_d%E2%80%99%C3%A9conomie_politique\/1888\" target=\"_blank\" rel=\"noopener noreferrer nofollow\">(la couverture) <\/a><span><\/span>. Disponible \u00e0 l\u2019achat sur les plateformes Amazon, Fnac, Cultura \u2026.}<br \/>|{,<a href=\"https:\/\/fr.wikisource.org\/wiki\/Revue_des_Deux_Mondes\/1849\" target=\"_blank\" rel=\"noopener noreferrer nofollow\">(la couverture) <\/a><span><\/span>.}<br \/>|{,<a href=\"https:\/\/fr.wikisource.org\/wiki\/Revue_des_Deux_Mondes\/1849-1855\" target=\"_blank\" rel=\"noopener noreferrer nofollow\">(la couverture) <\/a><span><\/span>.}<br \/>|{,<a href=\"https:\/\/fr.wikisource.org\/wiki\/Revue_des_Deux_Mondes\/1849-1855\" target=\"_blank\" rel=\"noopener noreferrer nofollow\">(la couverture) <\/a><span><\/span>.}<br \/>|{,<a href=\"https:\/\/fr.wikisource.org\/wiki\/Revue_des_Deux_Mondes\/1851\" target=\"_blank\" rel=\"noopener noreferrer nofollow\">(la couverture) <\/a><span><\/span>. Disponible \u00e0 l\u2019achat sur les plateformes Amazon, Fnac, Cultura \u2026.}<br \/>|{,<a href=\"https:\/\/fr.wikisource.org\/wiki\/Revue_des_Deux_Mondes\/1856-1873\" target=\"_blank\" rel=\"noopener noreferrer nofollow\">(la couverture) <\/a><span><\/span>.}<br \/>|{,<a href=\"https:\/\/fr.wikisource.org\/wiki\/Revue_des_Deux_Mondes\/1872\" target=\"_blank\" rel=\"noopener noreferrer nofollow\">(la couverture) <\/a><span><\/span>.}<br \/>|{,<a href=\"https:\/\/fr.wikisource.org\/wiki\/Revue_des_Deux_Mondes\/1874-1893\" target=\"_blank\" rel=\"noopener noreferrer nofollow\">(la couverture) <\/a><span><\/span>. Disponible \u00e0 l\u2019achat sur les plateformes Amazon, Fnac, Cultura \u2026.}<br \/>|{,<a href=\"https:\/\/fr.wikisource.org\/wiki\/Revue_des_Deux_Mondes\/1874-1893\" target=\"_blank\" rel=\"noopener noreferrer nofollow\">(la couverture) <\/a><span><\/span>.}<br \/>|{,<a href=\"https:\/\/fr.wikisource.org\/wiki\/Revue_des_Deux_Mondes\/1894-1900\" target=\"_blank\" rel=\"noopener noreferrer nofollow\">(la couverture) <\/a><span><\/span>. Disponible \u00e0 l\u2019achat sur les plateformes Amazon, Fnac, Cultura \u2026.}<br \/>|{,<a href=\"https:\/\/fr.wikisource.org\/wiki\/Revue_des_Deux_Mondes\/1897\" target=\"_blank\" rel=\"noopener noreferrer nofollow\">(la couverture) <\/a><span><\/span>.}<br \/>|{,<a href=\"https:\/\/fr.wikisource.org\/wiki\/Revue_des_Deux_Mondes\/1911-1920\" target=\"_blank\" rel=\"noopener noreferrer nofollow\">(la couverture) <\/a><span><\/span>.}<br \/>|{,<a href=\"https:\/\/fr.wikisource.org\/wiki\/Revue_du_Pays_de_Caux_N%C2%B01_janvier_1903\/I\" target=\"_blank\" rel=\"noopener noreferrer nofollow\">(la couverture) <\/a><span><\/span>.}<br \/>|{,<a href=\"https:\/\/fr.wikisource.org\/wiki\/Revue_du_Pays_de_Caux_N%C2%B04_Septembre_1902\" target=\"_blank\" rel=\"noopener noreferrer nofollow\">(la couverture) <\/a><span><\/span>.}<br \/>|{,<a href=\"https:\/\/fr.wikisource.org\/wiki\/Revue_du_Pays_de_Caux_N%C2%B04_septembre_1902\/III\" target=\"_blank\" rel=\"noopener noreferrer nofollow\">(la couverture) <\/a><span><\/span>.}<br \/>|{,<a href=\"https:\/\/fr.wikisource.org\/wiki\/Revue_du_Pays_de_Caux_N%C2%B04_Septembre_1902\/Texte_entier\" target=\"_blank\" rel=\"noopener noreferrer nofollow\">(la couverture) <\/a><span><\/span>.}<br \/>|{,<a href=\"https:\/\/www.kobo.com\/fr\/fr\/ebook\/revue-etudes-une-politique-energetique-pour-le-prochain-quinquennat-et-si-la-gauche-se-remettait-au-travail-les-chiffres-de-la-ciase-a-l-epreuve\" target=\"_blank\" rel=\"noopener noreferrer nofollow\">(la couverture) <\/a><span><\/span>. Disponible \u00e0 l\u2019achat sur les plateformes Amazon, Fnac, Cultura \u2026.}<br \/>|{,<a href=\"https:\/\/fr.wikisource.org\/wiki\/Revue_litt%C3%A9raire_-_14_mars_1849\" target=\"_blank\" rel=\"noopener noreferrer nofollow\">(la couverture) <\/a><span><\/span>. Disponible \u00e0 l\u2019achat sur les plateformes Amazon, Fnac, Cultura \u2026.}<br \/>|{,<a href=\"https:\/\/fr.wikisource.org\/wiki\/Revue_litt%C3%A9raire_-_31_mars_1849\" target=\"_blank\" rel=\"noopener noreferrer nofollow\">(la couverture) <\/a><span><\/span>.}<br \/>|{,<a href=\"https:\/\/fr.wikisource.org\/wiki\/Revue_pour_les_Fran%C3%A7ais_Juin_1907\/IV\" target=\"_blank\" rel=\"noopener noreferrer nofollow\">(la couverture) <\/a><span><\/span>. Disponible \u00e0 l\u2019achat sur les plateformes Amazon, Fnac, Cultura \u2026.}<br \/>|{,<a href=\"https:\/\/fr.wikisource.org\/wiki\/Revue_pour_les_Fran%C3%A7ais_Mars_1907\/III\" target=\"_blank\" rel=\"noopener noreferrer nofollow\">(la couverture) <\/a><span><\/span>. Disponible \u00e0 l\u2019achat sur les plateformes Amazon, Fnac, Cultura \u2026.}<br \/>|{,<a href=\"https:\/\/fr.wikisource.org\/wiki\/Revue_pour_les_Fran%C3%A7ais_Novembre_1906\" target=\"_blank\" rel=\"noopener noreferrer nofollow\">(la couverture) <\/a><span><\/span>.}<br \/>|{,<a href=\"https:\/\/www.kobo.com\/fr\/fr\/ebook\/robespierre-22\" target=\"_blank\" rel=\"noopener noreferrer nofollow\">(la couverture) <\/a><span><\/span>.}<br \/>|{,<a href=\"https:\/\/booknode.com\/rocard_le_rendez_vous_manque_063201\" target=\"_blank\" rel=\"noopener noreferrer nofollow\">(la couverture) <\/a><span><\/span>.}<br \/>|{,<a href=\"https:\/\/www.kobo.com\/fr\/fr\/ebook\/secrets-d-union-et-de-longevite-du-pouvoir-de-gauche-6-mai-2012-a-20xx\" target=\"_blank\" rel=\"noopener noreferrer nofollow\">(la couverture) <\/a><span><\/span>.}<br \/>|{,<a href=\"https:\/\/www.kobo.com\/fr\/fr\/ebook\/si-les-enfants-votaient\" target=\"_blank\" rel=\"noopener noreferrer nofollow\">(la couverture) <\/a><span><\/span>.}<br \/>|{,<a href=\"https:\/\/booknode.com\/socialism_a_very_short_introduction_03442355\" target=\"_blank\" rel=\"noopener noreferrer nofollow\">(la couverture) <\/a><span><\/span>.}<br \/>|{,<a href=\"https:\/\/booknode.com\/socialisme_la_voie_occidentale_01663364\" target=\"_blank\" rel=\"noopener noreferrer nofollow\">(la couverture) <\/a><span><\/span>.}<br \/>|{,<a href=\"https:\/\/booknode.com\/socialisme_un_combat_parmanent_02185835\" target=\"_blank\" rel=\"noopener noreferrer nofollow\">(la couverture) <\/a><span><\/span>. Disponible \u00e0 l\u2019achat sur les plateformes Amazon, Fnac, Cultura \u2026.}<br \/>|{,<a href=\"https:\/\/fr.wikisource.org\/wiki\/Socialisme_d%E2%80%99%C3%89tat_et_socialisme_chr%C3%A9tien\" target=\"_blank\" rel=\"noopener noreferrer nofollow\">(la couverture) <\/a><span><\/span>. Disponible \u00e0 l\u2019achat sur les plateformes Amazon, Fnac, Cultura \u2026.}<br \/>|{,<a href=\"https:\/\/booknode.com\/socialisme_et_anarchisme_saint_simon_proudhon_marx_07827\" target=\"_blank\" rel=\"noopener noreferrer nofollow\">(la couverture) <\/a><span><\/span>.}<br \/>|{,<a href=\"https:\/\/booknode.com\/socialisme_et_christianisme_01405275\" target=\"_blank\" rel=\"noopener noreferrer nofollow\">(la couverture) <\/a><span><\/span>.}<br \/>|{,<a href=\"https:\/\/booknode.com\/socialisme_et_sociologie_03379773\" target=\"_blank\" rel=\"noopener noreferrer nofollow\">(la couverture) <\/a><span><\/span>. Disponible \u00e0 l\u2019achat sur les plateformes Amazon, Fnac, Cultura \u2026.}<br \/>|{,<a href=\"https:\/\/booknode.com\/socialisme_liberal_014892\" target=\"_blank\" rel=\"noopener noreferrer nofollow\">(la couverture) <\/a><span><\/span>.}<br \/>|{,<a href=\"https:\/\/booknode.com\/socialisme_ou_barbarie_laventure_dun_groupe_1946_1969_03448759\" target=\"_blank\" rel=\"noopener noreferrer nofollow\">(la couverture) <\/a><span><\/span>.}<br \/>|{,<a href=\"https:\/\/booknode.com\/socialisme_utopique_et_socialisme_scientifique_0152492\" target=\"_blank\" rel=\"noopener noreferrer nofollow\">(la couverture) <\/a><span><\/span>.}<br \/>|{,<a href=\"https:\/\/fr.wikisource.org\/wiki\/Socialisme_utopique_et_socialisme_scientifique\" target=\"_blank\" rel=\"noopener noreferrer nofollow\">(la couverture) <\/a><span><\/span>.}<br \/>|{,<a href=\"https:\/\/booknode.com\/societe_alienee_et_societe_saine_du_capitalisme_au_socialisme_humaniste_psychanalyse_de_la_societe_contemporaine_01208815\" target=\"_blank\" rel=\"noopener noreferrer nofollow\">(la couverture) <\/a><span><\/span>.}<br \/>|{,<a href=\"https:\/\/www.kobo.com\/fr\/fr\/ebook\/sociologie-politique-de-la-menace-et-du-risque\" target=\"_blank\" rel=\"noopener noreferrer nofollow\">(la couverture) <\/a><span><\/span>. Disponible \u00e0 l\u2019achat sur les plateformes Amazon, Fnac, Cultura \u2026.}<br \/>|{,<a href=\"https:\/\/www.kobo.com\/fr\/fr\/ebook\/sociologie-politique-de-l-insecurite\" target=\"_blank\" rel=\"noopener noreferrer nofollow\">(la couverture) <\/a><span><\/span>.}<br \/>|{,<a href=\"https:\/\/fr.wikisource.org\/wiki\/Sophismes_%C3%A9conomiques\" target=\"_blank\" rel=\"noopener noreferrer nofollow\">(la couverture) <\/a><span><\/span>.}<br \/>|{,<a href=\"https:\/\/fr.wikisource.org\/wiki\/Sophismes_%C3%A9conomiques\/S%C3%A9rie_1\/Chapitre_12\" target=\"_blank\" rel=\"noopener noreferrer nofollow\">(la couverture) <\/a><span><\/span>. Disponible \u00e0 l\u2019achat sur les plateformes Amazon, Fnac, Cultura \u2026.}<br \/>|{,<a href=\"https:\/\/fr.wikisource.org\/wiki\/Sophismes_%C3%A9conomiques\/S%C3%A9rie_1\/Chapitre_14\" target=\"_blank\" rel=\"noopener noreferrer nofollow\">(la couverture) <\/a><span><\/span>. Disponible \u00e0 l\u2019achat sur les plateformes Amazon, Fnac, Cultura \u2026.}<br \/>|{,<a href=\"https:\/\/fr.wikisource.org\/wiki\/Sophismes_%C3%A9conomiques\/S%C3%A9rie_1\/Chapitre_4\" target=\"_blank\" rel=\"noopener noreferrer nofollow\">(la couverture) <\/a><span><\/span>. Disponible \u00e0 l\u2019achat sur les plateformes Amazon, Fnac, Cultura \u2026.}<br \/>|{,<a href=\"https:\/\/fr.wikisource.org\/wiki\/Sophismes_%C3%A9conomiques\/S%C3%A9rie_1\/Conclusion\" target=\"_blank\" rel=\"noopener noreferrer nofollow\">(la couverture) <\/a><span><\/span>.}<br \/>|{,<a href=\"https:\/\/booknode.com\/sortir_du_communisme_changer_depoque_03361733\" target=\"_blank\" rel=\"noopener noreferrer nofollow\">(la couverture) <\/a><span><\/span>.}<br \/>|{,<a href=\"https:\/\/fr.wikisource.org\/wiki\/Souvenirs_(Tocqueville)\/Avant-propos\" target=\"_blank\" rel=\"noopener noreferrer nofollow\">(la couverture) <\/a><span><\/span>. Disponible \u00e0 l\u2019achat sur les plateformes Amazon, Fnac, Cultura \u2026.}<br \/>|{,<a href=\"https:\/\/fr.wikisource.org\/wiki\/Souvenirs_d%E2%80%99enfance_(Kovalewsky)\/1\/8\" target=\"_blank\" rel=\"noopener noreferrer nofollow\">(la couverture) <\/a><span><\/span>.}<br \/>|{,<a href=\"https:\/\/fr.wikisource.org\/wiki\/Souvenirs_de_1848\" target=\"_blank\" rel=\"noopener noreferrer nofollow\">(la couverture) <\/a><span><\/span>.}<br \/>|{,<a href=\"https:\/\/fr.wikisource.org\/wiki\/Souvenirs_de_1848\/1\/10\" target=\"_blank\" rel=\"noopener noreferrer nofollow\">(la couverture) <\/a><span><\/span>.}<br \/>|{,<a href=\"https:\/\/fr.wikisource.org\/wiki\/Souvenirs_de_1848\/1\/12\" target=\"_blank\" rel=\"noopener noreferrer nofollow\">(la couverture) <\/a><span><\/span>. Disponible \u00e0 l\u2019achat sur les plateformes Amazon, Fnac, Cultura \u2026.}<br \/>|{,<a href=\"https:\/\/fr.wikisource.org\/wiki\/Souvenirs_de_1848\/1\/15\" target=\"_blank\" rel=\"noopener noreferrer nofollow\">(la couverture) <\/a><span><\/span>.}<br \/>|{,<a href=\"https:\/\/fr.wikisource.org\/wiki\/Souvenirs_de_1848\/1\/8\" target=\"_blank\" rel=\"noopener noreferrer nofollow\">(la couverture) <\/a><span><\/span>.}<br \/>|{,<a href=\"https:\/\/fr.wikisource.org\/wiki\/Souvenirs_et_Id%C3%A9es\/1848\/1\" target=\"_blank\" rel=\"noopener noreferrer nofollow\">(la couverture) <\/a><span><\/span>.}<br \/>|{,<a href=\"https:\/\/fr.wikisource.org\/wiki\/Souvenirs_et_Id%C3%A9es\/Sur_Mac-Mahon_et_Thiers\" target=\"_blank\" rel=\"noopener noreferrer nofollow\">(la couverture) <\/a><span><\/span>.}<br \/>|{,<a href=\"https:\/\/fr.wikisource.org\/wiki\/Spoliation_et_loi\" target=\"_blank\" rel=\"noopener noreferrer nofollow\">(la couverture) <\/a><span><\/span>.}<br \/>|{,<a href=\"https:\/\/fr.wikisource.org\/wiki\/Sunt_Lacrym%C3%A6_rerum\" target=\"_blank\" rel=\"noopener noreferrer nofollow\">(la couverture) <\/a><span><\/span>.}<br \/>|{,<a href=\"https:\/\/fr.wikisource.org\/wiki\/Sur_la_d%C3%A9fense_de_la_r%C3%A9volution\" target=\"_blank\" rel=\"noopener noreferrer nofollow\">(la couverture) <\/a><span><\/span>. Disponible \u00e0 l\u2019achat sur les plateformes Amazon, Fnac, Cultura \u2026.}<br \/>|{,<a href=\"https:\/\/fr.wikisource.org\/wiki\/Syst%C3%A8me_des_contradictions_%C3%A9conomiques_ou_Philosophie_de_la_mis%C3%A8re\/Chapitre_01\" target=\"_blank\" rel=\"noopener noreferrer nofollow\">(la couverture) <\/a><span><\/span>. Disponible \u00e0 l\u2019achat sur les plateformes Amazon, Fnac, Cultura \u2026.}<br \/>|{,<a href=\"https:\/\/fr.wikisource.org\/wiki\/Syst%C3%A8me_des_contradictions_%C3%A9conomiques_ou_Philosophie_de_la_mis%C3%A8re\/Chapitre_12\" target=\"_blank\" rel=\"noopener noreferrer nofollow\">(la couverture) <\/a><span><\/span>.}<br \/>|{,<a href=\"https:\/\/fr.wikisource.org\/wiki\/Syst%C3%A8me_des_contradictions_%C3%A9conomiques_ou_Philosophie_de_la_mis%C3%A8re\/Chapitre_12\" target=\"_blank\" rel=\"noopener noreferrer nofollow\">(la couverture) <\/a><span><\/span>. Disponible \u00e0 l\u2019achat sur les plateformes Amazon, Fnac, Cultura \u2026.}<br \/>|{,<a href=\"https:\/\/www.kobo.com\/fr\/fr\/ebook\/tempetes-microbiennes\" target=\"_blank\" rel=\"noopener noreferrer nofollow\">(la couverture) <\/a><span><\/span>. Disponible \u00e0 l\u2019achat sur les plateformes Amazon, Fnac, Cultura \u2026.}<br \/>|{,<a href=\"https:\/\/fr.wikisource.org\/wiki\/Terre_d%E2%80%99%C3%A9b%C3%A8ne\/Chapitre_III\" target=\"_blank\" rel=\"noopener noreferrer nofollow\">(la couverture) <\/a><span><\/span>.}<br \/>|{,<a href=\"https:\/\/booknode.com\/terrorisme_et_communisme_0119101\" target=\"_blank\" rel=\"noopener noreferrer nofollow\">(la couverture) <\/a><span><\/span>.}<br \/>|{,<a href=\"https:\/\/www.kobo.com\/fr\/fr\/ebook\/testament-politique-de-louis-mandrin\" target=\"_blank\" rel=\"noopener noreferrer nofollow\">(la couverture) <\/a><span><\/span>.}<br \/>|{,<a href=\"https:\/\/fr.wikisource.org\/wiki\/Th%C3%A9orie_de_la_propri%C3%A9t%C3%A9\/3\" target=\"_blank\" rel=\"noopener noreferrer nofollow\">(la couverture) <\/a><span><\/span>. Disponible \u00e0 l\u2019achat sur les plateformes Amazon, Fnac, Cultura \u2026.}<br \/>|{,<a href=\"https:\/\/fr.wikisource.org\/wiki\/Th%C3%A9orie_de_la_propri%C3%A9t%C3%A9\/5\" target=\"_blank\" rel=\"noopener noreferrer nofollow\">(la couverture) <\/a><span><\/span>. Disponible \u00e0 l\u2019achat sur les plateformes Amazon, Fnac, Cultura \u2026.}<br \/>|{,<a href=\"https:\/\/fr.wikisource.org\/wiki\/Th%C3%A9orie_de_la_propri%C3%A9t%C3%A9\/9\" target=\"_blank\" rel=\"noopener noreferrer nofollow\">(la couverture) <\/a><span><\/span>.}<br \/>|{,<a href=\"https:\/\/www.kobo.com\/fr\/fr\/ebook\/ton-aventure-peuple-de-gauche-1920-1979\" target=\"_blank\" rel=\"noopener noreferrer nofollow\">(la couverture) <\/a><span><\/span>.}<br \/>|{,<a href=\"https:\/\/fr.wikisource.org\/wiki\/Trait%C3%A9_de_documentation\/Le_Livre_et_le_Document\/Corr%C3%A9lations_entre_les_divers_%C3%A9l%C3%A9ments_du_Livre_et_du_Document\" target=\"_blank\" rel=\"noopener noreferrer nofollow\">(la couverture) <\/a><span><\/span>.}<br \/>|{,<a href=\"https:\/\/www.kobo.com\/fr\/fr\/ebook\/traite-d-economie-politique-de-jean-baptiste-say\" target=\"_blank\" rel=\"noopener noreferrer nofollow\">(la couverture) <\/a><span><\/span>.}<br \/>|{,<a href=\"https:\/\/www.kobo.com\/fr\/fr\/ebook\/traite-theologico-politique-de-spinoza\" target=\"_blank\" rel=\"noopener noreferrer nofollow\">(la couverture) <\/a><span><\/span>.}<br \/>|{,<a href=\"https:\/\/fr.wikisource.org\/wiki\/Trois_lettres_au_journal_%C2%AB_L%E2%80%99Homme_%C2%BB\" target=\"_blank\" rel=\"noopener noreferrer nofollow\">(la couverture) <\/a><span><\/span>. Disponible \u00e0 l\u2019achat sur les plateformes Amazon, Fnac, Cultura \u2026.}<br \/>|{,<a href=\"https:\/\/fr.wikisource.org\/wiki\/Trois_Lettres_in%C3%A9dites_(Rimbaud)_(NRF_8)\" target=\"_blank\" rel=\"noopener noreferrer nofollow\">(la couverture) <\/a><span><\/span>.}<br \/>|{,<a href=\"https:\/\/booknode.com\/troll_tome_1_les_insoumis_0326202\" target=\"_blank\" rel=\"noopener noreferrer nofollow\">(la couverture) <\/a><span><\/span>.}<br \/>|{,<a href=\"https:\/\/www.kobo.com\/fr\/fr\/ebook\/true-blood-politique-de-la-difference\" target=\"_blank\" rel=\"noopener noreferrer nofollow\">(la couverture) <\/a><span><\/span>. Disponible \u00e0 l\u2019achat sur les plateformes Amazon, Fnac, Cultura \u2026.}<br \/>|{,<a href=\"https:\/\/booknode.com\/un_communisme_insupportable_03361729\" target=\"_blank\" rel=\"noopener noreferrer nofollow\">(la couverture) <\/a><span><\/span>.}<br \/>|{,<a href=\"https:\/\/booknode.com\/un_communisme_insupportable_03361729\" target=\"_blank\" rel=\"noopener noreferrer nofollow\">(la couverture) <\/a><span><\/span>. Disponible \u00e0 l\u2019achat sur les plateformes Amazon, Fnac, Cultura \u2026.}<br \/>|{,<a href=\"https:\/\/www.kobo.com\/fr\/fr\/ebook\/un-prix-a-la-vie\" target=\"_blank\" rel=\"noopener noreferrer nofollow\">(la couverture) <\/a><span><\/span>.}<br \/>|{,<a href=\"https:\/\/fr.wikisource.org\/wiki\/Un_projet_d%E2%80%99organisation_anarchiste\" target=\"_blank\" rel=\"noopener noreferrer nofollow\">(la couverture) <\/a><span><\/span>. Disponible \u00e0 l\u2019achat sur les plateformes Amazon, Fnac, Cultura \u2026.}<br \/>|{,<a href=\"https:\/\/fr.wikisource.org\/wiki\/Un_Socialisme_chinois_au_XIe_si%C3%A8cle_-_Wang-ngan-Ch%C3%A9\" target=\"_blank\" rel=\"noopener noreferrer nofollow\">(la couverture) <\/a><span><\/span>.}<br \/>|{,<a href=\"https:\/\/fr.wikisource.org\/wiki\/Un_temps_d%E2%80%99arr%C3%AAt\" target=\"_blank\" rel=\"noopener noreferrer nofollow\">(la couverture) <\/a><span><\/span>.}<br \/>|{,<a href=\"https:\/\/fr.wikisource.org\/wiki\/Une_comparaison_entre_l%E2%80%99Am%C3%A9rique_et_l%E2%80%99Europe\" target=\"_blank\" rel=\"noopener noreferrer nofollow\">(la couverture) <\/a><span><\/span>.}<br \/>|{,<a href=\"https:\/\/booknode.com\/une_histoire_mondiale_du_communisme_tome_1_les_bourreaux_01730523\" target=\"_blank\" rel=\"noopener noreferrer nofollow\">(la couverture) <\/a><span><\/span>.}<br \/>|{,<a href=\"https:\/\/booknode.com\/une_histoire_mondiale_du_communisme_tome_2_les_victimes_01730525\" target=\"_blank\" rel=\"noopener noreferrer nofollow\">(la couverture) <\/a><span><\/span>.}<br \/>|{,<a href=\"https:\/\/booknode.com\/une_histoire_mondiale_du_communisme_tome_3_les_complices_03361763\" target=\"_blank\" rel=\"noopener noreferrer nofollow\">(la couverture) <\/a><span><\/span>.}<br \/>|{,<a href=\"https:\/\/www.kobo.com\/fr\/fr\/ebook\/une-histoire-politique-de-l-alimentation\" target=\"_blank\" rel=\"noopener noreferrer nofollow\">(la couverture) <\/a><span><\/span>.}<br \/>|{,<a href=\"https:\/\/www.kobo.com\/fr\/fr\/ebook\/une-histoire-politique-de-la-litterature-1\" target=\"_blank\" rel=\"noopener noreferrer nofollow\">(la couverture) <\/a><span><\/span>. Disponible \u00e0 l\u2019achat sur les plateformes Amazon, Fnac, Cultura \u2026.}<br \/>|{,<a href=\"https:\/\/www.kobo.com\/fr\/fr\/ebook\/une-politique-de-la-langue-la-revolution-francaise-et-les-patois-l-enquete-de-gregoire-1\" target=\"_blank\" rel=\"noopener noreferrer nofollow\">(la couverture) <\/a><span><\/span>.}<br \/>|{,<a href=\"https:\/\/booknode.com\/valls_macron_le_socialisme_de_lexcellence_a_la_francaise_pour_un_manifeste_feuillant_02072085\" target=\"_blank\" rel=\"noopener noreferrer nofollow\">(la couverture) <\/a><span><\/span>.}<br \/>|{,<a href=\"https:\/\/fr.wikisource.org\/wiki\/Vers_la_r%C3%A9publique_sociale\" target=\"_blank\" rel=\"noopener noreferrer nofollow\">(la couverture) <\/a><span><\/span>.}<br \/>|{,<a href=\"https:\/\/fr.wikisource.org\/wiki\/Vers_la_r%C3%A9publique_sociale\" target=\"_blank\" rel=\"noopener noreferrer nofollow\">(la couverture) <\/a><span><\/span>.}<br \/>|{,<a href=\"https:\/\/fr.wikisource.org\/wiki\/Vers_les_mirages\" target=\"_blank\" rel=\"noopener noreferrer nofollow\">(la couverture) <\/a><span><\/span>. Disponible \u00e0 l\u2019achat sur les plateformes Amazon, Fnac, Cultura \u2026.}<br \/>|{,<a href=\"https:\/\/www.kobo.com\/fr\/fr\/ebook\/vers-une-societe-du-care-epub\" target=\"_blank\" rel=\"noopener noreferrer nofollow\">(la couverture) <\/a><span><\/span>.}<br \/>|{,<a href=\"https:\/\/fr.wikisource.org\/wiki\/Vie_de_J%C3%A9sus_1867\/10\" target=\"_blank\" rel=\"noopener noreferrer nofollow\">(la couverture) <\/a><span><\/span>. Disponible \u00e0 l\u2019achat sur les plateformes Amazon, Fnac, Cultura \u2026.}<br \/>|{,<a href=\"https:\/\/fr.wikisource.org\/wiki\/Vie_du_pape_Pie-IX\/Le_Syllabus\" target=\"_blank\" rel=\"noopener noreferrer nofollow\">(la couverture) <\/a><span><\/span>.}<br \/>|{,<a href=\"https:\/\/www.kobo.com\/fr\/fr\/ebook\/visages-de-la-terreur\" target=\"_blank\" rel=\"noopener noreferrer nofollow\">(la couverture) <\/a><span><\/span>. Disponible \u00e0 l\u2019achat sur les plateformes Amazon, Fnac, Cultura \u2026.}<br \/>|{,<a href=\"https:\/\/fr.wikisource.org\/wiki\/Voisinage_(Mauri%C3%A8re)\" target=\"_blank\" rel=\"noopener noreferrer nofollow\">(la couverture) <\/a><span><\/span>.}<br \/>|{,<a href=\"https:\/\/fr.wikisource.org\/wiki\/Voyage_en_Orient_(Nerval)\/Les_Akkals_-_L%E2%80%99Antiliban\/IV\" target=\"_blank\" rel=\"noopener noreferrer nofollow\">(la couverture) <\/a><span><\/span>.}<br \/>|{,<a href=\"https:\/\/www.kobo.com\/fr\/fr\/ebook\/vue-generale-de-l-histoire-politique-de-l-europe-4\" target=\"_blank\" rel=\"noopener noreferrer nofollow\">(la couverture) <\/a><span><\/span>.}<br \/>|{,<a href=\"https:\/\/www.kobo.com\/fr\/fr\/ebook\/vue-generale-de-l-histoire-politique-de-l-europe-3\" target=\"_blank\" rel=\"noopener noreferrer nofollow\">(la couverture) <\/a><span><\/span>. Disponible \u00e0 l\u2019achat sur les plateformes Amazon, Fnac, Cultura \u2026.}<br \/>|{,<a href=\"https:\/\/www.kobo.com\/fr\/fr\/ebook\/vue-generale-de-l-histoire-politique-de-l-europe-2\" target=\"_blank\" rel=\"noopener noreferrer nofollow\">(la couverture) <\/a><span><\/span>.}<br \/>|{,<a href=\"https:\/\/www.kobo.com\/fr\/fr\/ebook\/walter-benjamin-8\" target=\"_blank\" rel=\"noopener noreferrer nofollow\">(la couverture) <\/a><span><\/span>.}<br \/>|{,<a href=\"https:\/\/www.kobo.com\/fr\/fr\/ebook\/walter-benjamin-8\" target=\"_blank\" rel=\"noopener noreferrer nofollow\">(la couverture) <\/a><span><\/span>. Disponible \u00e0 l\u2019achat sur les plateformes Amazon, Fnac, Cultura \u2026.}<br \/>|{,<a href=\"https:\/\/fr.wikisource.org\/wiki\/William_Shakespeare_(Victor_Hugo)\/II\/V\" target=\"_blank\" rel=\"noopener noreferrer nofollow\">(la couverture) <\/a><span><\/span>.}<br \/>|{,<a href=\"https:\/\/www.kobo.com\/fr\/fr\/ebook\/winter-is-coming-18\" target=\"_blank\" rel=\"noopener noreferrer nofollow\">(la couverture) <\/a><span><\/span>.}<br \/>}<\/p>\n","protected":false},"excerpt":{"rendered":"<p>Nouvelles Les militantes du JSO Phoebe Plummer et Anna Holland ont \u00e9t\u00e9 condamn\u00e9es \u00e0 la prison, violant ainsi l&rsquo;iconoclasme cr\u00e9atif de l&rsquo;histoire de l&rsquo;art. Par Charlie Kimber T\u00e9l\u00e9chargement du PDF. S&rsquo;il vous pla\u00eet, attendez\u2026 vendredi 27 septembre 2024 Probl\u00e8me Les manifestants se rassemblent devant le tribunal de la Couronne de Southwark pour soutenir les militants &hellip; <\/p>\n<p class=\"link-more\"><a href=\"https:\/\/www.accidentdutravail-idf.net\/blog\/politique-de-gauche-defendre-le-droit-de-manifester-alors-que-les-militants-du-jso-sont-emprisonnes\/\" class=\"more-link\">Continuer la lecture <span class=\"screen-reader-text\"> \u00ab\u00a0Politique de gauche: D\u00e9fendre le droit de manifester alors que les militants du JSO sont emprisonn\u00e9s\u00a0\u00bb<\/span><\/a><\/p>\n","protected":false},"author":3,"featured_media":845,"comment_status":"closed","ping_status":"closed","sticky":false,"template":"","format":"standard","meta":{"footnotes":""},"categories":[3],"tags":[],"class_list":["post-844","post","type-post","status-publish","format-standard","has-post-thumbnail","hentry","category-securite-du-travail-en-ile-de-france-communiques","entry"],"yoast_head":"<!-- This site is optimized with the Yoast SEO plugin v27.5 - https:\/\/yoast.com\/product\/yoast-seo-wordpress\/ -->\n<title>Politique de gauche: D\u00e9fendre le droit de manifester alors que les militants du JSO sont emprisonn\u00e9s - ACCIDENTDUTRAVAIL-IDF<\/title>\n<meta name=\"description\" content=\"Politique de gauche: D\u00e9fendre le droit de manifester alors que les militants du JSO sont emprisonn\u00e9s article de ACCIDENTDUTRAVAIL-IDF\" \/>\n<meta name=\"robots\" content=\"index, follow, max-snippet:-1, max-image-preview:large, max-video-preview:-1\" \/>\n<link rel=\"canonical\" href=\"https:\/\/www.accidentdutravail-idf.net\/blog\/politique-de-gauche-defendre-le-droit-de-manifester-alors-que-les-militants-du-jso-sont-emprisonnes\/\" \/>\n<meta property=\"og:locale\" content=\"fr_FR\" \/>\n<meta property=\"og:type\" content=\"article\" \/>\n<meta property=\"og:title\" content=\"Politique de gauche: D\u00e9fendre le droit de manifester alors que les militants du JSO sont emprisonn\u00e9s - ACCIDENTDUTRAVAIL-IDF\" \/>\n<meta property=\"og:description\" content=\"Politique de gauche: D\u00e9fendre le droit de manifester alors que les militants du JSO sont emprisonn\u00e9s article de ACCIDENTDUTRAVAIL-IDF\" \/>\n<meta property=\"og:url\" content=\"https:\/\/www.accidentdutravail-idf.net\/blog\/politique-de-gauche-defendre-le-droit-de-manifester-alors-que-les-militants-du-jso-sont-emprisonnes\/\" \/>\n<meta property=\"og:site_name\" content=\"ACCIDENTDUTRAVAIL-IDF\" \/>\n<meta property=\"article:published_time\" content=\"2024-09-27T17:37:16+00:00\" \/>\n<meta property=\"og:image\" content=\"https:\/\/www.accidentdutravail-idf.net\/blog\/wp-content\/uploads\/2024\/09\/politique-de-gauche-defendre-le-droit-de-manifester-alors-que-les-militants-du-jso-sont-emprisonnes.jpg\" \/>\n<meta name=\"author\" content=\"Roxane BARLER\" \/>\n<meta name=\"twitter:card\" content=\"summary_large_image\" \/>\n<meta name=\"twitter:label1\" content=\"\u00c9crit par\" \/>\n\t<meta name=\"twitter:data1\" content=\"Roxane BARLER\" \/>\n\t<meta name=\"twitter:label2\" content=\"Dur\u00e9e de lecture estim\u00e9e\" \/>\n\t<meta name=\"twitter:data2\" content=\"37 minutes\" \/>\n<script type=\"application\/ld+json\" class=\"yoast-schema-graph\">{\"@context\":\"https:\\\/\\\/schema.org\",\"@graph\":[{\"@type\":\"Article\",\"@id\":\"https:\\\/\\\/www.accidentdutravail-idf.net\\\/blog\\\/politique-de-gauche-defendre-le-droit-de-manifester-alors-que-les-militants-du-jso-sont-emprisonnes\\\/#article\",\"isPartOf\":{\"@id\":\"https:\\\/\\\/www.accidentdutravail-idf.net\\\/blog\\\/politique-de-gauche-defendre-le-droit-de-manifester-alors-que-les-militants-du-jso-sont-emprisonnes\\\/\"},\"author\":{\"name\":\"Roxane BARLER\",\"@id\":\"https:\\\/\\\/www.accidentdutravail-idf.net\\\/blog\\\/#\\\/schema\\\/person\\\/73aa09ba2db8f06bf1debf3a872bd6f9\"},\"headline\":\"Politique de gauche: D\u00e9fendre le droit de manifester alors que les militants du JSO sont emprisonn\u00e9s\",\"datePublished\":\"2024-09-27T17:37:16+00:00\",\"mainEntityOfPage\":{\"@id\":\"https:\\\/\\\/www.accidentdutravail-idf.net\\\/blog\\\/politique-de-gauche-defendre-le-droit-de-manifester-alors-que-les-militants-du-jso-sont-emprisonnes\\\/\"},\"wordCount\":7494,\"publisher\":{\"@id\":\"https:\\\/\\\/www.accidentdutravail-idf.net\\\/blog\\\/#organization\"},\"image\":{\"@id\":\"https:\\\/\\\/www.accidentdutravail-idf.net\\\/blog\\\/politique-de-gauche-defendre-le-droit-de-manifester-alors-que-les-militants-du-jso-sont-emprisonnes\\\/#primaryimage\"},\"thumbnailUrl\":\"https:\\\/\\\/www.accidentdutravail-idf.net\\\/blog\\\/wp-content\\\/uploads\\\/2024\\\/09\\\/politique-de-gauche-defendre-le-droit-de-manifester-alors-que-les-militants-du-jso-sont-emprisonnes.jpg\",\"articleSection\":[\"S\u00e9curit\u00e9 Du Travail En Ile-De-France Communiqu\u00e9s:\"],\"inLanguage\":\"fr-FR\"},{\"@type\":\"WebPage\",\"@id\":\"https:\\\/\\\/www.accidentdutravail-idf.net\\\/blog\\\/politique-de-gauche-defendre-le-droit-de-manifester-alors-que-les-militants-du-jso-sont-emprisonnes\\\/\",\"url\":\"https:\\\/\\\/www.accidentdutravail-idf.net\\\/blog\\\/politique-de-gauche-defendre-le-droit-de-manifester-alors-que-les-militants-du-jso-sont-emprisonnes\\\/\",\"name\":\"Politique de gauche: D\u00e9fendre le droit de manifester alors que les militants du JSO sont emprisonn\u00e9s - ACCIDENTDUTRAVAIL-IDF\",\"isPartOf\":{\"@id\":\"https:\\\/\\\/www.accidentdutravail-idf.net\\\/blog\\\/#website\"},\"primaryImageOfPage\":{\"@id\":\"https:\\\/\\\/www.accidentdutravail-idf.net\\\/blog\\\/politique-de-gauche-defendre-le-droit-de-manifester-alors-que-les-militants-du-jso-sont-emprisonnes\\\/#primaryimage\"},\"image\":{\"@id\":\"https:\\\/\\\/www.accidentdutravail-idf.net\\\/blog\\\/politique-de-gauche-defendre-le-droit-de-manifester-alors-que-les-militants-du-jso-sont-emprisonnes\\\/#primaryimage\"},\"thumbnailUrl\":\"https:\\\/\\\/www.accidentdutravail-idf.net\\\/blog\\\/wp-content\\\/uploads\\\/2024\\\/09\\\/politique-de-gauche-defendre-le-droit-de-manifester-alors-que-les-militants-du-jso-sont-emprisonnes.jpg\",\"datePublished\":\"2024-09-27T17:37:16+00:00\",\"description\":\"Politique de gauche: D\u00e9fendre le droit de manifester alors que les militants du JSO sont emprisonn\u00e9s article de ACCIDENTDUTRAVAIL-IDF\",\"breadcrumb\":{\"@id\":\"https:\\\/\\\/www.accidentdutravail-idf.net\\\/blog\\\/politique-de-gauche-defendre-le-droit-de-manifester-alors-que-les-militants-du-jso-sont-emprisonnes\\\/#breadcrumb\"},\"inLanguage\":\"fr-FR\",\"potentialAction\":[{\"@type\":\"ReadAction\",\"target\":[\"https:\\\/\\\/www.accidentdutravail-idf.net\\\/blog\\\/politique-de-gauche-defendre-le-droit-de-manifester-alors-que-les-militants-du-jso-sont-emprisonnes\\\/\"]}]},{\"@type\":\"ImageObject\",\"inLanguage\":\"fr-FR\",\"@id\":\"https:\\\/\\\/www.accidentdutravail-idf.net\\\/blog\\\/politique-de-gauche-defendre-le-droit-de-manifester-alors-que-les-militants-du-jso-sont-emprisonnes\\\/#primaryimage\",\"url\":\"https:\\\/\\\/www.accidentdutravail-idf.net\\\/blog\\\/wp-content\\\/uploads\\\/2024\\\/09\\\/politique-de-gauche-defendre-le-droit-de-manifester-alors-que-les-militants-du-jso-sont-emprisonnes.jpg\",\"contentUrl\":\"https:\\\/\\\/www.accidentdutravail-idf.net\\\/blog\\\/wp-content\\\/uploads\\\/2024\\\/09\\\/politique-de-gauche-defendre-le-droit-de-manifester-alors-que-les-militants-du-jso-sont-emprisonnes.jpg\",\"width\":760,\"height\":507,\"caption\":\"Politique de gauche: D\u00e9fendre le droit de manifester alors que les militants du JSO sont emprisonn\u00e9s\"},{\"@type\":\"BreadcrumbList\",\"@id\":\"https:\\\/\\\/www.accidentdutravail-idf.net\\\/blog\\\/politique-de-gauche-defendre-le-droit-de-manifester-alors-que-les-militants-du-jso-sont-emprisonnes\\\/#breadcrumb\",\"itemListElement\":[{\"@type\":\"ListItem\",\"position\":1,\"name\":\"Accueil\",\"item\":\"https:\\\/\\\/www.accidentdutravail-idf.net\\\/blog\\\/\"},{\"@type\":\"ListItem\",\"position\":2,\"name\":\"Politique de gauche: D\u00e9fendre le droit de manifester alors que les militants du JSO sont emprisonn\u00e9s\"}]},{\"@type\":\"WebSite\",\"@id\":\"https:\\\/\\\/www.accidentdutravail-idf.net\\\/blog\\\/#website\",\"url\":\"https:\\\/\\\/www.accidentdutravail-idf.net\\\/blog\\\/\",\"name\":\"ACCIDENTDUTRAVAIL-IDF\",\"description\":\"Portail accidents du travail-maladies professionnelles des entreprises d&#039;Ile-de-France\",\"publisher\":{\"@id\":\"https:\\\/\\\/www.accidentdutravail-idf.net\\\/blog\\\/#organization\"},\"potentialAction\":[{\"@type\":\"SearchAction\",\"target\":{\"@type\":\"EntryPoint\",\"urlTemplate\":\"https:\\\/\\\/www.accidentdutravail-idf.net\\\/blog\\\/?s={search_term_string}\"},\"query-input\":{\"@type\":\"PropertyValueSpecification\",\"valueRequired\":true,\"valueName\":\"search_term_string\"}}],\"inLanguage\":\"fr-FR\"},{\"@type\":\"Organization\",\"@id\":\"https:\\\/\\\/www.accidentdutravail-idf.net\\\/blog\\\/#organization\",\"name\":\"accidentdutravail-idf\",\"url\":\"https:\\\/\\\/www.accidentdutravail-idf.net\\\/blog\\\/\",\"logo\":{\"@type\":\"ImageObject\",\"inLanguage\":\"fr-FR\",\"@id\":\"https:\\\/\\\/www.accidentdutravail-idf.net\\\/blog\\\/#\\\/schema\\\/logo\\\/image\\\/\",\"url\":\"https:\\\/\\\/www.accidentdutravail-idf.net\\\/blog\\\/wp-content\\\/uploads\\\/2022\\\/09\\\/logo-2.png\",\"contentUrl\":\"https:\\\/\\\/www.accidentdutravail-idf.net\\\/blog\\\/wp-content\\\/uploads\\\/2022\\\/09\\\/logo-2.png\",\"width\":380,\"height\":291,\"caption\":\"accidentdutravail-idf\"},\"image\":{\"@id\":\"https:\\\/\\\/www.accidentdutravail-idf.net\\\/blog\\\/#\\\/schema\\\/logo\\\/image\\\/\"}},{\"@type\":\"Person\",\"@id\":\"https:\\\/\\\/www.accidentdutravail-idf.net\\\/blog\\\/#\\\/schema\\\/person\\\/73aa09ba2db8f06bf1debf3a872bd6f9\",\"name\":\"Roxane BARLER\",\"image\":{\"@type\":\"ImageObject\",\"inLanguage\":\"fr-FR\",\"@id\":\"https:\\\/\\\/secure.gravatar.com\\\/avatar\\\/0167a3f2fdd1b1378a9aef148e68e7656ab41c7534176836deba3d1e5d6dc5df?s=96&d=mm&r=g\",\"url\":\"https:\\\/\\\/secure.gravatar.com\\\/avatar\\\/0167a3f2fdd1b1378a9aef148e68e7656ab41c7534176836deba3d1e5d6dc5df?s=96&d=mm&r=g\",\"contentUrl\":\"https:\\\/\\\/secure.gravatar.com\\\/avatar\\\/0167a3f2fdd1b1378a9aef148e68e7656ab41c7534176836deba3d1e5d6dc5df?s=96&d=mm&r=g\",\"caption\":\"Roxane BARLER\"},\"url\":\"https:\\\/\\\/www.accidentdutravail-idf.net\\\/blog\\\/author\\\/idfroxane\\\/\"}]}<\/script>\n<!-- \/ Yoast SEO plugin. -->","yoast_head_json":{"title":"Politique de gauche: D\u00e9fendre le droit de manifester alors que les militants du JSO sont emprisonn\u00e9s - ACCIDENTDUTRAVAIL-IDF","description":"Politique de gauche: D\u00e9fendre le droit de manifester alors que les militants du JSO sont emprisonn\u00e9s article de ACCIDENTDUTRAVAIL-IDF","robots":{"index":"index","follow":"follow","max-snippet":"max-snippet:-1","max-image-preview":"max-image-preview:large","max-video-preview":"max-video-preview:-1"},"canonical":"https:\/\/www.accidentdutravail-idf.net\/blog\/politique-de-gauche-defendre-le-droit-de-manifester-alors-que-les-militants-du-jso-sont-emprisonnes\/","og_locale":"fr_FR","og_type":"article","og_title":"Politique de gauche: D\u00e9fendre le droit de manifester alors que les militants du JSO sont emprisonn\u00e9s - ACCIDENTDUTRAVAIL-IDF","og_description":"Politique de gauche: D\u00e9fendre le droit de manifester alors que les militants du JSO sont emprisonn\u00e9s article de ACCIDENTDUTRAVAIL-IDF","og_url":"https:\/\/www.accidentdutravail-idf.net\/blog\/politique-de-gauche-defendre-le-droit-de-manifester-alors-que-les-militants-du-jso-sont-emprisonnes\/","og_site_name":"ACCIDENTDUTRAVAIL-IDF","article_published_time":"2024-09-27T17:37:16+00:00","og_image":[{"url":"https:\/\/www.accidentdutravail-idf.net\/blog\/wp-content\/uploads\/2024\/09\/politique-de-gauche-defendre-le-droit-de-manifester-alors-que-les-militants-du-jso-sont-emprisonnes.jpg","type":"","width":"","height":""}],"author":"Roxane BARLER","twitter_card":"summary_large_image","twitter_misc":{"\u00c9crit par":"Roxane BARLER","Dur\u00e9e de lecture estim\u00e9e":"37 minutes"},"schema":{"@context":"https:\/\/schema.org","@graph":[{"@type":"Article","@id":"https:\/\/www.accidentdutravail-idf.net\/blog\/politique-de-gauche-defendre-le-droit-de-manifester-alors-que-les-militants-du-jso-sont-emprisonnes\/#article","isPartOf":{"@id":"https:\/\/www.accidentdutravail-idf.net\/blog\/politique-de-gauche-defendre-le-droit-de-manifester-alors-que-les-militants-du-jso-sont-emprisonnes\/"},"author":{"name":"Roxane BARLER","@id":"https:\/\/www.accidentdutravail-idf.net\/blog\/#\/schema\/person\/73aa09ba2db8f06bf1debf3a872bd6f9"},"headline":"Politique de gauche: D\u00e9fendre le droit de manifester alors que les militants du JSO sont emprisonn\u00e9s","datePublished":"2024-09-27T17:37:16+00:00","mainEntityOfPage":{"@id":"https:\/\/www.accidentdutravail-idf.net\/blog\/politique-de-gauche-defendre-le-droit-de-manifester-alors-que-les-militants-du-jso-sont-emprisonnes\/"},"wordCount":7494,"publisher":{"@id":"https:\/\/www.accidentdutravail-idf.net\/blog\/#organization"},"image":{"@id":"https:\/\/www.accidentdutravail-idf.net\/blog\/politique-de-gauche-defendre-le-droit-de-manifester-alors-que-les-militants-du-jso-sont-emprisonnes\/#primaryimage"},"thumbnailUrl":"https:\/\/www.accidentdutravail-idf.net\/blog\/wp-content\/uploads\/2024\/09\/politique-de-gauche-defendre-le-droit-de-manifester-alors-que-les-militants-du-jso-sont-emprisonnes.jpg","articleSection":["S\u00e9curit\u00e9 Du Travail En Ile-De-France Communiqu\u00e9s:"],"inLanguage":"fr-FR"},{"@type":"WebPage","@id":"https:\/\/www.accidentdutravail-idf.net\/blog\/politique-de-gauche-defendre-le-droit-de-manifester-alors-que-les-militants-du-jso-sont-emprisonnes\/","url":"https:\/\/www.accidentdutravail-idf.net\/blog\/politique-de-gauche-defendre-le-droit-de-manifester-alors-que-les-militants-du-jso-sont-emprisonnes\/","name":"Politique de gauche: D\u00e9fendre le droit de manifester alors que les militants du JSO sont emprisonn\u00e9s - ACCIDENTDUTRAVAIL-IDF","isPartOf":{"@id":"https:\/\/www.accidentdutravail-idf.net\/blog\/#website"},"primaryImageOfPage":{"@id":"https:\/\/www.accidentdutravail-idf.net\/blog\/politique-de-gauche-defendre-le-droit-de-manifester-alors-que-les-militants-du-jso-sont-emprisonnes\/#primaryimage"},"image":{"@id":"https:\/\/www.accidentdutravail-idf.net\/blog\/politique-de-gauche-defendre-le-droit-de-manifester-alors-que-les-militants-du-jso-sont-emprisonnes\/#primaryimage"},"thumbnailUrl":"https:\/\/www.accidentdutravail-idf.net\/blog\/wp-content\/uploads\/2024\/09\/politique-de-gauche-defendre-le-droit-de-manifester-alors-que-les-militants-du-jso-sont-emprisonnes.jpg","datePublished":"2024-09-27T17:37:16+00:00","description":"Politique de gauche: D\u00e9fendre le droit de manifester alors que les militants du JSO sont emprisonn\u00e9s article de ACCIDENTDUTRAVAIL-IDF","breadcrumb":{"@id":"https:\/\/www.accidentdutravail-idf.net\/blog\/politique-de-gauche-defendre-le-droit-de-manifester-alors-que-les-militants-du-jso-sont-emprisonnes\/#breadcrumb"},"inLanguage":"fr-FR","potentialAction":[{"@type":"ReadAction","target":["https:\/\/www.accidentdutravail-idf.net\/blog\/politique-de-gauche-defendre-le-droit-de-manifester-alors-que-les-militants-du-jso-sont-emprisonnes\/"]}]},{"@type":"ImageObject","inLanguage":"fr-FR","@id":"https:\/\/www.accidentdutravail-idf.net\/blog\/politique-de-gauche-defendre-le-droit-de-manifester-alors-que-les-militants-du-jso-sont-emprisonnes\/#primaryimage","url":"https:\/\/www.accidentdutravail-idf.net\/blog\/wp-content\/uploads\/2024\/09\/politique-de-gauche-defendre-le-droit-de-manifester-alors-que-les-militants-du-jso-sont-emprisonnes.jpg","contentUrl":"https:\/\/www.accidentdutravail-idf.net\/blog\/wp-content\/uploads\/2024\/09\/politique-de-gauche-defendre-le-droit-de-manifester-alors-que-les-militants-du-jso-sont-emprisonnes.jpg","width":760,"height":507,"caption":"Politique de gauche: D\u00e9fendre le droit de manifester alors que les militants du JSO sont emprisonn\u00e9s"},{"@type":"BreadcrumbList","@id":"https:\/\/www.accidentdutravail-idf.net\/blog\/politique-de-gauche-defendre-le-droit-de-manifester-alors-que-les-militants-du-jso-sont-emprisonnes\/#breadcrumb","itemListElement":[{"@type":"ListItem","position":1,"name":"Accueil","item":"https:\/\/www.accidentdutravail-idf.net\/blog\/"},{"@type":"ListItem","position":2,"name":"Politique de gauche: D\u00e9fendre le droit de manifester alors que les militants du JSO sont emprisonn\u00e9s"}]},{"@type":"WebSite","@id":"https:\/\/www.accidentdutravail-idf.net\/blog\/#website","url":"https:\/\/www.accidentdutravail-idf.net\/blog\/","name":"ACCIDENTDUTRAVAIL-IDF","description":"Portail accidents du travail-maladies professionnelles des entreprises d&#039;Ile-de-France","publisher":{"@id":"https:\/\/www.accidentdutravail-idf.net\/blog\/#organization"},"potentialAction":[{"@type":"SearchAction","target":{"@type":"EntryPoint","urlTemplate":"https:\/\/www.accidentdutravail-idf.net\/blog\/?s={search_term_string}"},"query-input":{"@type":"PropertyValueSpecification","valueRequired":true,"valueName":"search_term_string"}}],"inLanguage":"fr-FR"},{"@type":"Organization","@id":"https:\/\/www.accidentdutravail-idf.net\/blog\/#organization","name":"accidentdutravail-idf","url":"https:\/\/www.accidentdutravail-idf.net\/blog\/","logo":{"@type":"ImageObject","inLanguage":"fr-FR","@id":"https:\/\/www.accidentdutravail-idf.net\/blog\/#\/schema\/logo\/image\/","url":"https:\/\/www.accidentdutravail-idf.net\/blog\/wp-content\/uploads\/2022\/09\/logo-2.png","contentUrl":"https:\/\/www.accidentdutravail-idf.net\/blog\/wp-content\/uploads\/2022\/09\/logo-2.png","width":380,"height":291,"caption":"accidentdutravail-idf"},"image":{"@id":"https:\/\/www.accidentdutravail-idf.net\/blog\/#\/schema\/logo\/image\/"}},{"@type":"Person","@id":"https:\/\/www.accidentdutravail-idf.net\/blog\/#\/schema\/person\/73aa09ba2db8f06bf1debf3a872bd6f9","name":"Roxane BARLER","image":{"@type":"ImageObject","inLanguage":"fr-FR","@id":"https:\/\/secure.gravatar.com\/avatar\/0167a3f2fdd1b1378a9aef148e68e7656ab41c7534176836deba3d1e5d6dc5df?s=96&d=mm&r=g","url":"https:\/\/secure.gravatar.com\/avatar\/0167a3f2fdd1b1378a9aef148e68e7656ab41c7534176836deba3d1e5d6dc5df?s=96&d=mm&r=g","contentUrl":"https:\/\/secure.gravatar.com\/avatar\/0167a3f2fdd1b1378a9aef148e68e7656ab41c7534176836deba3d1e5d6dc5df?s=96&d=mm&r=g","caption":"Roxane BARLER"},"url":"https:\/\/www.accidentdutravail-idf.net\/blog\/author\/idfroxane\/"}]}},"_links":{"self":[{"href":"https:\/\/www.accidentdutravail-idf.net\/blog\/wp-json\/wp\/v2\/posts\/844","targetHints":{"allow":["GET"]}}],"collection":[{"href":"https:\/\/www.accidentdutravail-idf.net\/blog\/wp-json\/wp\/v2\/posts"}],"about":[{"href":"https:\/\/www.accidentdutravail-idf.net\/blog\/wp-json\/wp\/v2\/types\/post"}],"author":[{"embeddable":true,"href":"https:\/\/www.accidentdutravail-idf.net\/blog\/wp-json\/wp\/v2\/users\/3"}],"replies":[{"embeddable":true,"href":"https:\/\/www.accidentdutravail-idf.net\/blog\/wp-json\/wp\/v2\/comments?post=844"}],"version-history":[{"count":0,"href":"https:\/\/www.accidentdutravail-idf.net\/blog\/wp-json\/wp\/v2\/posts\/844\/revisions"}],"wp:featuredmedia":[{"embeddable":true,"href":"https:\/\/www.accidentdutravail-idf.net\/blog\/wp-json\/wp\/v2\/media\/845"}],"wp:attachment":[{"href":"https:\/\/www.accidentdutravail-idf.net\/blog\/wp-json\/wp\/v2\/media?parent=844"}],"wp:term":[{"taxonomy":"category","embeddable":true,"href":"https:\/\/www.accidentdutravail-idf.net\/blog\/wp-json\/wp\/v2\/categories?post=844"},{"taxonomy":"post_tag","embeddable":true,"href":"https:\/\/www.accidentdutravail-idf.net\/blog\/wp-json\/wp\/v2\/tags?post=844"}],"curies":[{"name":"wp","href":"https:\/\/api.w.org\/{rel}","templated":true}]}}