{"id":830,"date":"2024-09-26T00:00:00","date_gmt":"2024-09-25T22:00:00","guid":{"rendered":"https:\/\/www.accidentdutravail-idf.net\/blog\/a-cholet-cet-accidente-du-travail-depuis-trois-ans-se-desespere-dobtenir-une-reponse-judiciaire\/"},"modified":"2024-09-26T00:00:00","modified_gmt":"2024-09-25T22:00:00","slug":"a-cholet-cet-accidente-du-travail-depuis-trois-ans-se-desespere-dobtenir-une-reponse-judiciaire","status":"publish","type":"post","link":"https:\/\/www.accidentdutravail-idf.net\/blog\/a-cholet-cet-accidente-du-travail-depuis-trois-ans-se-desespere-dobtenir-une-reponse-judiciaire\/","title":{"rendered":"\u00c0 Cholet, cet accident\u00e9 du travail depuis trois ans se d\u00e9sesp\u00e8re d\u2019obtenir une r\u00e9ponse judiciaire"},"content":{"rendered":"<header class=\"su-article su-premium payant \">\n<div class=\"su-responsive\">\n<p> <span class=\"su-visually-hidden\">Article premium, <\/span> R\u00e9serv\u00e9 aux&nbsp;abonn\u00e9s <\/p>\n<\/p><\/div>\n<p class=\"su-standfirst chapeau\">Le 17&nbsp;juin 2021, Anthony B\u00fbcheron perdait un bras dans un accident du travail chez Bouyer Leroux, \u00e0 La S\u00e9guini\u00e8re, pr\u00e8s de Cholet (Maine-et-Loire). Plus de trois ans apr\u00e8s, ce p\u00e8re de famille de 43&nbsp;ans attend toujours un proc\u00e8s qui, s\u2019il ne lui \u00f4terait pas ses douleurs quotidiennes, l\u2019apaiserait un peu.<\/p>\n<div class=\"photo su-relative \">\n<figure>\n<div class=\"su-ratio-16-9 su-main-picture\"> <img decoding=\"async\" class=\"su-media\" src=\"https:\/\/www.accidentdutravail-idf.net\/blog\/wp-content\/uploads\/2024\/09\/a-cholet-cet-accidente-du-travail-depuis-trois-ans-se-desespere-dobtenir-une-reponse-judiciaire.jpg\" alt=\"Depuis un premier t\u00e9moignage dans \u00ab&nbsp;Ouest-France&nbsp;\u00bb en mars&nbsp;2023, Anthony B\u00fbcheron a vu sa sant\u00e9 s\u2019\u00e9tioler, son \u0153il droit ayant perdu une partie importante de son acuit\u00e9 et son corps n\u00e9cessitant de r\u00e9guli\u00e8res s\u00e9ances d\u2019ost\u00e9opathie pour corriger de mauvaises postures li\u00e9es \u00e0 son handicap.\"> <\/div><figcaption><span>Depuis un premier t\u00e9moignage dans \u00ab&nbsp;Ouest-France&nbsp;\u00bb en mars&nbsp;2023, Anthony B\u00fbcheron a vu sa sant\u00e9 s\u2019\u00e9tioler, son \u0153il droit ayant perdu une partie importante de son acuit\u00e9 et son corps n\u00e9cessitant de r\u00e9guli\u00e8res s\u00e9ances d\u2019ost\u00e9opathie pour corriger de mauvaises postures li\u00e9es \u00e0 son handicap. | <\/span>OUEST-FRANCE<\/figcaption><\/figure>\n<p> <button class=\"su-button-fullscreen\" data-oftriggerresize data-ofmodal=\"carrousel-plein-ecran\"> <span>Voir en plein \u00e9cran<\/span> <\/button> <\/div>\n<p>  <button class=\"btn btn-fermer\" title=\"Fermer le plein \u00e9cran\" data-ofmodal=\"carrousel-plein-ecran\"> <i class=\"su-icon ic-fermer\">fermer<\/i> <\/button> <\/p>\n<div class=\"carrousel snap-migrate\">\n<ul class=\"carrousel-conteneur su-not-list\" data-ofswipe=\"{&quot;rambo&quot;:2,&quot;sel&quot;:&quot;.photo&quot;, &quot;navSel&quot;:&quot;.carrousel-plein-ecran .carrousel-nav-bas .item&quot;}\">\n<li class=\"carrousel-contenu photo\" data-ofvwidth=\"{&quot;mobileOnly&quot;:false}\">\n<figure><img decoding=\"async\" data-ofmaxheight class=\"media lazyload\" alt=\"Depuis un premier t\u00e9moignage dans \u00ab&nbsp;Ouest-France&nbsp;\u00bb en mars&nbsp;2023, Anthony B\u00fbcheron a vu sa sant\u00e9 s\u2019\u00e9tioler, son \u0153il droit ayant perdu une partie importante de son acuit\u00e9 et son corps n\u00e9cessitant de r\u00e9guli\u00e8res s\u00e9ances d\u2019ost\u00e9opathie pour corriger de mauvaises postures li\u00e9es \u00e0 son handicap.\" src=\"https:\/\/www.accidentdutravail-idf.net\/blog\/wp-content\/uploads\/2024\/09\/a-cholet-cet-accidente-du-travail-depuis-trois-ans-se-desespere-dobtenir-une-reponse-judiciaire.png\" data-oflazyload=\"{&quot;srcset&quot;:&quot;https:\/\/media.ouest-france.fr\/v1\/pictures\/MjAyNDA5YmVkZmQzNzBkNWY0YjJjODI5NWRjZGFkZDI0OGZkZTM?width=320&amp;focuspoint=50%2C25&amp;cropresize=1&amp;client_id=bpeditorial&amp;sign=0b16a7768ef1fb3cf449d3eabdba4be0d47ab0ec3772163506c6289169b053d7 320w,https:\/\/media.ouest-france.fr\/v1\/pictures\/MjAyNDA5YmVkZmQzNzBkNWY0YjJjODI5NWRjZGFkZDI0OGZkZTM?width=375&amp;focuspoint=50%2C25&amp;cropresize=1&amp;client_id=bpeditorial&amp;sign=589e00f68f3b8454896b77a273d8824602c564567618eca2b76659bf2e797e71 360w,https:\/\/media.ouest-france.fr\/v1\/pictures\/MjAyNDA5YmVkZmQzNzBkNWY0YjJjODI5NWRjZGFkZDI0OGZkZTM?width=480&amp;focuspoint=50%2C25&amp;cropresize=1&amp;client_id=bpeditorial&amp;sign=32865c8b9c7ed2e1874f6128662e1b0d58b80326130fbb639a4706b4052b27df 480w,https:\/\/media.ouest-france.fr\/v1\/pictures\/MjAyNDA5YmVkZmQzNzBkNWY0YjJjODI5NWRjZGFkZDI0OGZkZTM?width=630&amp;focuspoint=50%2C25&amp;cropresize=1&amp;client_id=bpeditorial&amp;sign=6152ef1159df3ca7394fef2da352d10a3f17a7201f9ae8e6b43cc95db23be97f 630w,https:\/\/media.ouest-france.fr\/v1\/pictures\/MjAyNDA5YmVkZmQzNzBkNWY0YjJjODI5NWRjZGFkZDI0OGZkZTM?width=940&amp;focuspoint=50%2C25&amp;cropresize=1&amp;client_id=bpeditorial&amp;sign=c824daa9b0cbe8322a58022f81e4af326f922fd12e671a38e97368e156ecbe49 940w,https:\/\/media.ouest-france.fr\/v1\/pictures\/MjAyNDA5YmVkZmQzNzBkNWY0YjJjODI5NWRjZGFkZDI0OGZkZTM?width=1260&amp;focuspoint=50%2C25&amp;cropresize=1&amp;client_id=bpeditorial&amp;sign=ce34f1124020bd44938cdbfd66b68f6d00511a75dca2cf87993894d575669296 1260w&quot;}\"><figcaption><span>Depuis un premier t\u00e9moignage dans \u00ab&nbsp;Ouest-France&nbsp;\u00bb en mars&nbsp;2023, Anthony B\u00fbcheron a vu sa sant\u00e9 s\u2019\u00e9tioler, son \u0153il droit ayant perdu une partie importante de son acuit\u00e9 et son corps n\u00e9cessitant de r\u00e9guli\u00e8res s\u00e9ances d\u2019ost\u00e9opathie pour corriger de mauvaises postures li\u00e9es \u00e0 son handicap. | <\/span>OUEST-FRANCE<\/figcaption><\/figure>\n<\/li>\n<\/ul><\/div>\n<\/header>\n<div class=\"col-gauche\">\n<header class=\"metadata\"> <span class=\"dates\"> <span class=\"date su-date \">Publi\u00e9 le 26\/09\/2024 <span class=\"heure\"> \u00e0 09h00<\/span><\/span> <\/span> <\/header>\n<aside class=\"contenu-secondaire\" data-nosnippet>\n<p> <button class=\"action meta-readlater\"> <span data-trk-menuarticle=\"Lire plus tard\" role=\"button\" class=\"icon-signet\" title=\"Lire plus tard\" data-ofreadlater-id=\"32cc08e8-7a6d-11ef-a25e-ad5d3544d350\" data-ofreadlater-url=\"https:\/\/www.ouest-france.fr\/pays-de-la-loire\/cholet-49300\/a-cholet-cet-accidente-du-travail-depuis-trois-ans-se-desespere-dobtenir-une-reponse-judiciaire-32cc08e8-7a6d-11ef-a25e-ad5d3544d350\" data-ofreadlater-title=\"\u00c0 Cholet, cet accident\u00e9 du travail depuis trois ans se d\u00e9sesp\u00e8re d\u2019obtenir une r\u00e9ponse judiciaire\"><\/span> <span>Lire plus tard<\/span> <\/button> <\/p>\n<div class=\"su-visible-xl item su-clearfix\"> <button class=\"action su-row meta-btn su-vertical-center su-visible-xl\" data-sutoggleclass=\"[{&quot;sel&quot;:&quot;#partage-col-gauche&quot;,&quot;klass&quot;:&quot;su-hidden&quot;}]\"> <span data-trk-menuarticle=\"Partager\" class=\"icon icon-partage\"><\/span> <span class=\"su-text-left\">Partager<\/span> <\/button> <\/p>\n<ul id=\"partage-col-gauche\" class=\"reseaux-sociaux-list avec-noms pastilles su-not-list su-hidden\">\n<li class=\"item facebook\"><button data-trksocialnetwork=\"Facebook\" data-ofshare-open=\"{&quot;target&quot;: &quot;facebook&quot;, &quot;url&quot;: &quot;https:\/\/www.ouest-france.fr\/pays-de-la-loire\/cholet-49300\/a-cholet-cet-accidente-du-travail-depuis-trois-ans-se-desespere-dobtenir-une-reponse-judiciaire-32cc08e8-7a6d-11ef-a25e-ad5d3544d350&quot;, &quot;source&quot;: &quot;ouestfrance&quot;}\" title=\"Partager sur Facebook\"><i class=\"icon icon-facebook\" data-trk-nav-bottom-sticky=\"Facebook\"><\/i><\/button><\/li>\n<li class=\"item twitter x\"><button data-trksocialnetwork=\"X\" data-ofshare-open=\"{&quot;target&quot;: &quot;twitter&quot;, &quot;url&quot;: &quot;https:\/\/www.ouest-france.fr\/pays-de-la-loire\/cholet-49300\/a-cholet-cet-accidente-du-travail-depuis-trois-ans-se-desespere-dobtenir-une-reponse-judiciaire-32cc08e8-7a6d-11ef-a25e-ad5d3544d350&quot;, &quot;source&quot;: &quot;ouestfrance&quot;}\" title=\"Partager sur X\"><i class=\"icon\" data-trk-nav-bottom-sticky=\"X\"><img data-oflazyload=\"{&quot;src&quot;:&quot;https:\/\/media.ouest-france.fr\/v1\/fonts\/561e3fe971440ef51d73173055cd9263-twitter-blanc.svg&quot;}\"><\/i><\/button><\/li>\n<li class=\"item flipboard\"><button data-trksocialnetwork=\"Flipboard\" data-ofshare-open=\"{&quot;target&quot;: &quot;Flipboard&quot;, &quot;url&quot;: &quot;https:\/\/www.ouest-france.fr\/pays-de-la-loire\/cholet-49300\/a-cholet-cet-accidente-du-travail-depuis-trois-ans-se-desespere-dobtenir-une-reponse-judiciaire-32cc08e8-7a6d-11ef-a25e-ad5d3544d350&quot;, &quot;source&quot;: &quot;ouestfrance&quot;}\" title=\"Partager sur Flipboard\"><i class=\"icon icon-flipboard\" data-trk-nav-bottom-sticky=\"Flipboard\"><\/i><\/button><\/li>\n<li class=\"item linkedin\"><button data-trksocialnetwork=\"LinkedIn\" data-ofshare-open=\"{&quot;target&quot;: &quot;LinkedIn&quot;, &quot;url&quot;: &quot;https:\/\/www.ouest-france.fr\/pays-de-la-loire\/cholet-49300\/a-cholet-cet-accidente-du-travail-depuis-trois-ans-se-desespere-dobtenir-une-reponse-judiciaire-32cc08e8-7a6d-11ef-a25e-ad5d3544d350&quot;, &quot;source&quot;: &quot;ouestfrance&quot;}\" title=\"Partager sur LinkedIn\"><i class=\"icon icon-linkedin\" data-trk-nav-bottom-sticky=\"LinkedIn\"><\/i><\/button><\/li>\n<\/ul><\/div>\n<div data-trk=\"[{&amp;quot;n&amp;quot;:&amp;quot;platform-newsletters&amp;quot;,&amp;quot;o&amp;quot;:&amp;quot;Platform BP Newsletters&amp;quot;,&amp;quot;v&amp;quot;:&amp;quot;3.11.2&amp;quot;}]\" id=\"bloc_3quarts_1__parentOf__inscription_newsletter\" class=\"_b item\">\n<section id=\"newsletter-col-gauche\" class=\"su-negative bp-newsletters nl-e2001a bloc-newsletter newsletter-gauche su-visible-xl su-margin-bottom-xl\"> <label for=\"subscription-mail\" title=\"S'inscrire \u00e0 la Newsletter\" class=\"toggle-nl-col-gauche\" data-sutoggleclass=\"[{&quot;sel&quot;:&quot;.bloc-newsletter.newsletter-gauche .texte-rgpd.su-hidden&quot;,&quot;klass&quot;:&quot;su-hidden&quot;},{&quot;klass&quot;:&quot;su-hidden&quot;}]\"><\/label> <\/p>\n<p class=\"su-h3 su-margin-bottom-xs titre-bloc\">Newsletter Cholet<\/p>\n<p>Chaque matin, recevez toute l\u2019information de Cholet et de ses environs avec <strong>Ouest-France<\/strong><\/p>\n<p class=\"su-text-xsmall texte-rgpd su-hidden\">Votre e-mail, avec votre consentement, est utilis\u00e9 par Ouest-France pour recevoir notre newsletter. <a class=\"su-link-light\" href=\"https:\/\/www.ouest-france.fr\/politique-de-protection-des-donnees-personnelles\/\" target=\"_blank\" rel=\"nofollow\">En&nbsp;savoir&nbsp;plus<\/a>.<\/p>\n<\/section>\n<\/div>\n<\/aside><\/div>\n<div id=\"article-detail\" class=\"contenu-principal p402_premium cache\">\n<div class=\"su-article\">\n<p>Plus de trois ans apr\u00e8s <a href=\"https:\/\/www.ouest-france.fr\/pays-de-la-loire\/cholet-49300\/pres-de-cholet-son-bras-happe-dans-une-machine-en-intervenant-chez-bouyer-leroux-41f33e14-d35d-11eb-8863-a35b84ea1d2a?utm_source=troove&amp;utm_medium=site\" target=\"_blank\" rel=\"noopener nofollow\">un accident du travail chez Bouyer Leroux<\/a>, sp\u00e9cialiste de la brique en terre cuite bas\u00e9 \u00e0 La S\u00e9guini\u00e8re, pr\u00e8s de Cholet, Anthony B\u00fbcheron attend toujours que justice soit faite. Le 20&nbsp;mars 2023, pour <em>Ouest-France<\/em>, <a href=\"https:\/\/www.ouest-france.fr\/pays-de-la-loire\/cholet-49300\/temoignage-largent-je-men-tape-ca-ne-ramenera-pas-mon-bras-il-essaye-de-se-reconstruire-apres-un-accident-du-travail-42ddacae-c732-11ed-9efd-2329e650cde9?utm_source=troove&amp;utm_medium=site\" target=\"_blank\" rel=\"noopener nofollow\">il t\u00e9moignait de cette attente d\u00e9j\u00e0 interminable<\/a>, lui, qui, le 17&nbsp;juin 2021, se voyait happer le bras droit jusqu\u2019\u00e0 l\u2019\u00e9paule par le rouleau d\u2019une machine s\u2019\u00e9tant, selon lui, remise seule en route de mani\u00e8re inopin\u00e9e&#8230;.<\/p>\n<\/p><\/div>\n<div class=\"mur\">\n<div class=\"compte\">\n<div data-trk=\"[{&amp;quot;n&amp;quot;:&amp;quot;platform-pied-article-moteur-marques-configurable&amp;quot;,&amp;quot;o&amp;quot;:&amp;quot;ouestfrance platform moteurs marques&amp;quot;,&amp;quot;v&amp;quot;:&amp;quot;3.12.0&amp;quot;}]\" id=\"bloc_3quarts_1__parentOf__mur_payant_configurable\" class=\"_b\">\n<div id=\"paywall-configurable\" class=\"su-relative mur-payant\" data-paywall>\n<div class=\"fallback\">\n<div class=\"su-bloc-loader su-hidden\">\n<p> <span class=\"su-visually-hidden\">Chargement en cours\u2026<\/span> <\/p>\n<\/p><\/div>\n<section data-btnfixed-href=\"https:\/\/abonnement.ouest-france.fr\/tunnel\/pack-essentiel-article\/124098124100?int_medium=lien&amp;int_content=page-article-payant_boutonjaune-paywall&amp;marquesource=OF&amp;rt=https:\/\/www.ouest-france.fr\/pays-de-la-loire\/cholet-49300\/a-cholet-cet-accidente-du-travail-depuis-trois-ans-se-desespere-dobtenir-une-reponse-judiciaire-32cc08e8-7a6d-11ef-a25e-ad5d3544d350\" data-btnfixed-libelle=\"S'abonner pour lire la suite\" data-btnfixed-class=\"su-subscription\">\n<p class=\"layus\">Il vous reste 80% de cet article \u00e0 lire.<\/p>\n<p> <span class=\"picto\"> <title>cadenas-ouvert<\/title>  &nbsp;<\/span> <span class=\"su-h2\"><span>Pour d&amp;eacutebloquer l&rsquo;article, <span>abonnez-vous<\/span><\/span><\/span> <\/p>\n<div class=\"pied-article spreadsheet\">\n<div class=\"inscription\">\n<div class=\"su-margin-bottom-s\">\n<div class=\"su-margin-bottom-s\">\n<p><strong>1<sup>\u00e8re<\/sup>&nbsp;semaine offerte puis 1<sup>\u20ac50<\/sup> \/ semaine<\/strong><\/p>\n<\/div>\n<p>Annulable \u00e0 tout moment<\/p><\/div>\n<\/p><\/div>\n<\/p><\/div>\n<\/section><\/div>\n<\/div>\n<\/div><\/div>\n<div data-trk=\"[{&amp;quot;n&amp;quot;:&amp;quot;platform-pied-article-moteur-marques-configurable&amp;quot;,&amp;quot;o&amp;quot;:&amp;quot;ouestfrance platform moteurs marques&amp;quot;,&amp;quot;v&amp;quot;:&amp;quot;3.12.0&amp;quot;}]\" id=\"bloc_3quarts_1__parentOf__cta_pied_article_anonyme_sticky\" class=\"_b with-barre-navigation-sticky\"> <a data-ida data-trkartmonet=\"Tunnel OF+\" class=\"su-button su-subscription lien-sticky-paywall btn-fixed su-hidden-lg su-hidden-xl\"> .mur&quot;,&quot;bottom&quot;:true,&quot;klass&quot;:&quot;su-hidden&quot;,&quot;inverted&quot;: true}\u00a0\u00bb data-trk-bloc=\u00a0\u00bbsticky\u00a0\u00bb href=\u00a0\u00bbhttps:\/\/abonnement.ouest-france.fr\/tunnel\/pack-essentiel-article\/124098124100?int_medium=lien&amp;int_content=page-article-payant_boutonjaune-paywall&amp;marquesource=OF&amp;rt=https:\/\/www.ouest-france.fr\/pays-de-la-loire\/cholet-49300\/a-cholet-cet-accidente-du-travail-depuis-trois-ans-se-desespere-dobtenir-une-reponse-judiciaire-32cc08e8-7a6d-11ef-a25e-ad5d3544d350&Prime;&gt;<strong>S&rsquo;abonner pour lire la suite<\/strong><\/a> <\/div>\n<\/p><\/div>\n<\/p><\/div>\n<p> accidentdutravail-idf.net vous a pr\u00e9par\u00e9 ce post qui informe du sujet \u00ab\u00a0Association Sportive Huisson-Longueville Essonne\u00a0\u00bb. La chronique se veut g\u00e9n\u00e9r\u00e9e du mieux possible. Vous pouvez utiliser les coordonn\u00e9es indiqu\u00e9es sur le site dans le but d\u2019apporter des explications sur ce post qui parle du th\u00e8me \u00ab\u00a0Association Sportive Huisson-Longueville Essonne\u00a0\u00bb. Le site accidentdutravail-idf.net a pour but de fournir diverses publications sur la th\u00e9matique Association Sportive Huisson-Longueville Essonne diffus\u00e9es sur le net. Il y aura plusieurs articles autour du sujet \u00ab\u00a0Association Sportive Huisson-Longueville Essonne\u00a0\u00bb dans quelques jours, nous vous invitons \u00e0 naviguer sur notre site web \u00e0 plusieurs reprises.<\/p>\n","protected":false},"excerpt":{"rendered":"<p>Article premium, R\u00e9serv\u00e9 aux&nbsp;abonn\u00e9s Le 17&nbsp;juin 2021, Anthony B\u00fbcheron perdait un bras dans un accident du travail chez Bouyer Leroux, \u00e0 La S\u00e9guini\u00e8re, pr\u00e8s de Cholet (Maine-et-Loire). Plus de trois ans apr\u00e8s, ce p\u00e8re de famille de 43&nbsp;ans attend toujours un proc\u00e8s qui, s\u2019il ne lui \u00f4terait pas ses douleurs quotidiennes, l\u2019apaiserait un peu. Depuis &hellip; <\/p>\n<p class=\"link-more\"><a href=\"https:\/\/www.accidentdutravail-idf.net\/blog\/a-cholet-cet-accidente-du-travail-depuis-trois-ans-se-desespere-dobtenir-une-reponse-judiciaire\/\" class=\"more-link\">Continuer la lecture <span class=\"screen-reader-text\"> \u00ab\u00a0\u00c0 Cholet, cet accident\u00e9 du travail depuis trois ans se d\u00e9sesp\u00e8re d\u2019obtenir une r\u00e9ponse judiciaire\u00a0\u00bb<\/span><\/a><\/p>\n","protected":false},"author":2,"featured_media":0,"comment_status":"closed","ping_status":"closed","sticky":false,"template":"","format":"standard","meta":{"footnotes":""},"categories":[5],"tags":[],"class_list":["post-830","post","type-post","status-publish","format-standard","hentry","category-securite-du-travail-en-ile-de-france-et-divers","entry"],"yoast_head":"<!-- This site is optimized with the Yoast SEO plugin v27.5 - https:\/\/yoast.com\/product\/yoast-seo-wordpress\/ -->\n<title>\u00c0 Cholet, cet accident\u00e9 du travail depuis trois ans se d\u00e9sesp\u00e8re d\u2019obtenir une r\u00e9ponse judiciaire - ACCIDENTDUTRAVAIL-IDF<\/title>\n<meta name=\"description\" content=\"\u00c0 Cholet, cet accident\u00e9 du travail depuis trois ans se d\u00e9sesp\u00e8re d\u2019obtenir une r\u00e9ponse judiciaire article de ACCIDENTDUTRAVAIL-IDF\" \/>\n<meta name=\"robots\" content=\"index, follow, max-snippet:-1, max-image-preview:large, max-video-preview:-1\" \/>\n<link rel=\"canonical\" href=\"https:\/\/www.accidentdutravail-idf.net\/blog\/a-cholet-cet-accidente-du-travail-depuis-trois-ans-se-desespere-dobtenir-une-reponse-judiciaire\/\" \/>\n<meta property=\"og:locale\" content=\"fr_FR\" \/>\n<meta property=\"og:type\" content=\"article\" \/>\n<meta property=\"og:title\" content=\"\u00c0 Cholet, cet accident\u00e9 du travail depuis trois ans se d\u00e9sesp\u00e8re d\u2019obtenir une r\u00e9ponse judiciaire - ACCIDENTDUTRAVAIL-IDF\" \/>\n<meta property=\"og:description\" content=\"\u00c0 Cholet, cet accident\u00e9 du travail depuis trois ans se d\u00e9sesp\u00e8re d\u2019obtenir une r\u00e9ponse judiciaire article de ACCIDENTDUTRAVAIL-IDF\" \/>\n<meta property=\"og:url\" content=\"https:\/\/www.accidentdutravail-idf.net\/blog\/a-cholet-cet-accidente-du-travail-depuis-trois-ans-se-desespere-dobtenir-une-reponse-judiciaire\/\" \/>\n<meta property=\"og:site_name\" content=\"ACCIDENTDUTRAVAIL-IDF\" \/>\n<meta property=\"article:published_time\" content=\"2024-09-25T22:00:00+00:00\" \/>\n<meta property=\"og:image\" content=\"https:\/\/www.accidentdutravail-idf.net\/blog\/wp-content\/uploads\/2024\/09\/a-cholet-cet-accidente-du-travail-depuis-trois-ans-se-desespere-dobtenir-une-reponse-judiciaire.jpg\" \/>\n<meta name=\"author\" content=\"Carlos Poulain\" \/>\n<meta name=\"twitter:card\" content=\"summary_large_image\" \/>\n<meta name=\"twitter:label1\" content=\"\u00c9crit par\" \/>\n\t<meta name=\"twitter:data1\" content=\"Carlos Poulain\" \/>\n\t<meta name=\"twitter:label2\" content=\"Dur\u00e9e de lecture estim\u00e9e\" \/>\n\t<meta name=\"twitter:data2\" content=\"3 minutes\" \/>\n<script type=\"application\/ld+json\" class=\"yoast-schema-graph\">{\"@context\":\"https:\\\/\\\/schema.org\",\"@graph\":[{\"@type\":\"Article\",\"@id\":\"https:\\\/\\\/www.accidentdutravail-idf.net\\\/blog\\\/a-cholet-cet-accidente-du-travail-depuis-trois-ans-se-desespere-dobtenir-une-reponse-judiciaire\\\/#article\",\"isPartOf\":{\"@id\":\"https:\\\/\\\/www.accidentdutravail-idf.net\\\/blog\\\/a-cholet-cet-accidente-du-travail-depuis-trois-ans-se-desespere-dobtenir-une-reponse-judiciaire\\\/\"},\"author\":{\"name\":\"Carlos Poulain\",\"@id\":\"https:\\\/\\\/www.accidentdutravail-idf.net\\\/blog\\\/#\\\/schema\\\/person\\\/3255d2f970de45e64bd9201f38e7b947\"},\"headline\":\"\u00c0 Cholet, cet accident\u00e9 du travail depuis trois ans se d\u00e9sesp\u00e8re d\u2019obtenir une r\u00e9ponse judiciaire\",\"datePublished\":\"2024-09-25T22:00:00+00:00\",\"mainEntityOfPage\":{\"@id\":\"https:\\\/\\\/www.accidentdutravail-idf.net\\\/blog\\\/a-cholet-cet-accidente-du-travail-depuis-trois-ans-se-desespere-dobtenir-une-reponse-judiciaire\\\/\"},\"wordCount\":522,\"publisher\":{\"@id\":\"https:\\\/\\\/www.accidentdutravail-idf.net\\\/blog\\\/#organization\"},\"image\":{\"@id\":\"https:\\\/\\\/www.accidentdutravail-idf.net\\\/blog\\\/a-cholet-cet-accidente-du-travail-depuis-trois-ans-se-desespere-dobtenir-une-reponse-judiciaire\\\/#primaryimage\"},\"thumbnailUrl\":\"https:\\\/\\\/www.accidentdutravail-idf.net\\\/blog\\\/wp-content\\\/uploads\\\/2024\\\/09\\\/a-cholet-cet-accidente-du-travail-depuis-trois-ans-se-desespere-dobtenir-une-reponse-judiciaire.jpg\",\"articleSection\":[\"S\u00e9curit\u00e9 Du Travail En Ile-De-France Et Divers:\"],\"inLanguage\":\"fr-FR\"},{\"@type\":\"WebPage\",\"@id\":\"https:\\\/\\\/www.accidentdutravail-idf.net\\\/blog\\\/a-cholet-cet-accidente-du-travail-depuis-trois-ans-se-desespere-dobtenir-une-reponse-judiciaire\\\/\",\"url\":\"https:\\\/\\\/www.accidentdutravail-idf.net\\\/blog\\\/a-cholet-cet-accidente-du-travail-depuis-trois-ans-se-desespere-dobtenir-une-reponse-judiciaire\\\/\",\"name\":\"\u00c0 Cholet, cet accident\u00e9 du travail depuis trois ans se d\u00e9sesp\u00e8re d\u2019obtenir une r\u00e9ponse judiciaire - ACCIDENTDUTRAVAIL-IDF\",\"isPartOf\":{\"@id\":\"https:\\\/\\\/www.accidentdutravail-idf.net\\\/blog\\\/#website\"},\"primaryImageOfPage\":{\"@id\":\"https:\\\/\\\/www.accidentdutravail-idf.net\\\/blog\\\/a-cholet-cet-accidente-du-travail-depuis-trois-ans-se-desespere-dobtenir-une-reponse-judiciaire\\\/#primaryimage\"},\"image\":{\"@id\":\"https:\\\/\\\/www.accidentdutravail-idf.net\\\/blog\\\/a-cholet-cet-accidente-du-travail-depuis-trois-ans-se-desespere-dobtenir-une-reponse-judiciaire\\\/#primaryimage\"},\"thumbnailUrl\":\"https:\\\/\\\/www.accidentdutravail-idf.net\\\/blog\\\/wp-content\\\/uploads\\\/2024\\\/09\\\/a-cholet-cet-accidente-du-travail-depuis-trois-ans-se-desespere-dobtenir-une-reponse-judiciaire.jpg\",\"datePublished\":\"2024-09-25T22:00:00+00:00\",\"description\":\"\u00c0 Cholet, cet accident\u00e9 du travail depuis trois ans se d\u00e9sesp\u00e8re d\u2019obtenir une r\u00e9ponse judiciaire article de ACCIDENTDUTRAVAIL-IDF\",\"breadcrumb\":{\"@id\":\"https:\\\/\\\/www.accidentdutravail-idf.net\\\/blog\\\/a-cholet-cet-accidente-du-travail-depuis-trois-ans-se-desespere-dobtenir-une-reponse-judiciaire\\\/#breadcrumb\"},\"inLanguage\":\"fr-FR\",\"potentialAction\":[{\"@type\":\"ReadAction\",\"target\":[\"https:\\\/\\\/www.accidentdutravail-idf.net\\\/blog\\\/a-cholet-cet-accidente-du-travail-depuis-trois-ans-se-desespere-dobtenir-une-reponse-judiciaire\\\/\"]}]},{\"@type\":\"ImageObject\",\"inLanguage\":\"fr-FR\",\"@id\":\"https:\\\/\\\/www.accidentdutravail-idf.net\\\/blog\\\/a-cholet-cet-accidente-du-travail-depuis-trois-ans-se-desespere-dobtenir-une-reponse-judiciaire\\\/#primaryimage\",\"url\":\"https:\\\/\\\/www.accidentdutravail-idf.net\\\/blog\\\/wp-content\\\/uploads\\\/2024\\\/09\\\/a-cholet-cet-accidente-du-travail-depuis-trois-ans-se-desespere-dobtenir-une-reponse-judiciaire.jpg\",\"contentUrl\":\"https:\\\/\\\/www.accidentdutravail-idf.net\\\/blog\\\/wp-content\\\/uploads\\\/2024\\\/09\\\/a-cholet-cet-accidente-du-travail-depuis-trois-ans-se-desespere-dobtenir-une-reponse-judiciaire.jpg\"},{\"@type\":\"BreadcrumbList\",\"@id\":\"https:\\\/\\\/www.accidentdutravail-idf.net\\\/blog\\\/a-cholet-cet-accidente-du-travail-depuis-trois-ans-se-desespere-dobtenir-une-reponse-judiciaire\\\/#breadcrumb\",\"itemListElement\":[{\"@type\":\"ListItem\",\"position\":1,\"name\":\"Accueil\",\"item\":\"https:\\\/\\\/www.accidentdutravail-idf.net\\\/blog\\\/\"},{\"@type\":\"ListItem\",\"position\":2,\"name\":\"\u00c0 Cholet, cet accident\u00e9 du travail depuis trois ans se d\u00e9sesp\u00e8re d\u2019obtenir une r\u00e9ponse judiciaire\"}]},{\"@type\":\"WebSite\",\"@id\":\"https:\\\/\\\/www.accidentdutravail-idf.net\\\/blog\\\/#website\",\"url\":\"https:\\\/\\\/www.accidentdutravail-idf.net\\\/blog\\\/\",\"name\":\"ACCIDENTDUTRAVAIL-IDF\",\"description\":\"Portail accidents du travail-maladies professionnelles des entreprises d&#039;Ile-de-France\",\"publisher\":{\"@id\":\"https:\\\/\\\/www.accidentdutravail-idf.net\\\/blog\\\/#organization\"},\"potentialAction\":[{\"@type\":\"SearchAction\",\"target\":{\"@type\":\"EntryPoint\",\"urlTemplate\":\"https:\\\/\\\/www.accidentdutravail-idf.net\\\/blog\\\/?s={search_term_string}\"},\"query-input\":{\"@type\":\"PropertyValueSpecification\",\"valueRequired\":true,\"valueName\":\"search_term_string\"}}],\"inLanguage\":\"fr-FR\"},{\"@type\":\"Organization\",\"@id\":\"https:\\\/\\\/www.accidentdutravail-idf.net\\\/blog\\\/#organization\",\"name\":\"accidentdutravail-idf\",\"url\":\"https:\\\/\\\/www.accidentdutravail-idf.net\\\/blog\\\/\",\"logo\":{\"@type\":\"ImageObject\",\"inLanguage\":\"fr-FR\",\"@id\":\"https:\\\/\\\/www.accidentdutravail-idf.net\\\/blog\\\/#\\\/schema\\\/logo\\\/image\\\/\",\"url\":\"https:\\\/\\\/www.accidentdutravail-idf.net\\\/blog\\\/wp-content\\\/uploads\\\/2022\\\/09\\\/logo-2.png\",\"contentUrl\":\"https:\\\/\\\/www.accidentdutravail-idf.net\\\/blog\\\/wp-content\\\/uploads\\\/2022\\\/09\\\/logo-2.png\",\"width\":380,\"height\":291,\"caption\":\"accidentdutravail-idf\"},\"image\":{\"@id\":\"https:\\\/\\\/www.accidentdutravail-idf.net\\\/blog\\\/#\\\/schema\\\/logo\\\/image\\\/\"}},{\"@type\":\"Person\",\"@id\":\"https:\\\/\\\/www.accidentdutravail-idf.net\\\/blog\\\/#\\\/schema\\\/person\\\/3255d2f970de45e64bd9201f38e7b947\",\"name\":\"Carlos Poulain\",\"image\":{\"@type\":\"ImageObject\",\"inLanguage\":\"fr-FR\",\"@id\":\"https:\\\/\\\/secure.gravatar.com\\\/avatar\\\/b1c2f9d3588e34e91adb093635df64ef4b2381991216be7576466cfcdca4baf3?s=96&d=mm&r=g\",\"url\":\"https:\\\/\\\/secure.gravatar.com\\\/avatar\\\/b1c2f9d3588e34e91adb093635df64ef4b2381991216be7576466cfcdca4baf3?s=96&d=mm&r=g\",\"contentUrl\":\"https:\\\/\\\/secure.gravatar.com\\\/avatar\\\/b1c2f9d3588e34e91adb093635df64ef4b2381991216be7576466cfcdca4baf3?s=96&d=mm&r=g\",\"caption\":\"Carlos Poulain\"},\"url\":\"https:\\\/\\\/www.accidentdutravail-idf.net\\\/blog\\\/author\\\/idfcarlos\\\/\"}]}<\/script>\n<!-- \/ Yoast SEO plugin. -->","yoast_head_json":{"title":"\u00c0 Cholet, cet accident\u00e9 du travail depuis trois ans se d\u00e9sesp\u00e8re d\u2019obtenir une r\u00e9ponse judiciaire - ACCIDENTDUTRAVAIL-IDF","description":"\u00c0 Cholet, cet accident\u00e9 du travail depuis trois ans se d\u00e9sesp\u00e8re d\u2019obtenir une r\u00e9ponse judiciaire article de ACCIDENTDUTRAVAIL-IDF","robots":{"index":"index","follow":"follow","max-snippet":"max-snippet:-1","max-image-preview":"max-image-preview:large","max-video-preview":"max-video-preview:-1"},"canonical":"https:\/\/www.accidentdutravail-idf.net\/blog\/a-cholet-cet-accidente-du-travail-depuis-trois-ans-se-desespere-dobtenir-une-reponse-judiciaire\/","og_locale":"fr_FR","og_type":"article","og_title":"\u00c0 Cholet, cet accident\u00e9 du travail depuis trois ans se d\u00e9sesp\u00e8re d\u2019obtenir une r\u00e9ponse judiciaire - ACCIDENTDUTRAVAIL-IDF","og_description":"\u00c0 Cholet, cet accident\u00e9 du travail depuis trois ans se d\u00e9sesp\u00e8re d\u2019obtenir une r\u00e9ponse judiciaire article de ACCIDENTDUTRAVAIL-IDF","og_url":"https:\/\/www.accidentdutravail-idf.net\/blog\/a-cholet-cet-accidente-du-travail-depuis-trois-ans-se-desespere-dobtenir-une-reponse-judiciaire\/","og_site_name":"ACCIDENTDUTRAVAIL-IDF","article_published_time":"2024-09-25T22:00:00+00:00","og_image":[{"url":"https:\/\/www.accidentdutravail-idf.net\/blog\/wp-content\/uploads\/2024\/09\/a-cholet-cet-accidente-du-travail-depuis-trois-ans-se-desespere-dobtenir-une-reponse-judiciaire.jpg","type":"","width":"","height":""}],"author":"Carlos Poulain","twitter_card":"summary_large_image","twitter_misc":{"\u00c9crit par":"Carlos Poulain","Dur\u00e9e de lecture estim\u00e9e":"3 minutes"},"schema":{"@context":"https:\/\/schema.org","@graph":[{"@type":"Article","@id":"https:\/\/www.accidentdutravail-idf.net\/blog\/a-cholet-cet-accidente-du-travail-depuis-trois-ans-se-desespere-dobtenir-une-reponse-judiciaire\/#article","isPartOf":{"@id":"https:\/\/www.accidentdutravail-idf.net\/blog\/a-cholet-cet-accidente-du-travail-depuis-trois-ans-se-desespere-dobtenir-une-reponse-judiciaire\/"},"author":{"name":"Carlos Poulain","@id":"https:\/\/www.accidentdutravail-idf.net\/blog\/#\/schema\/person\/3255d2f970de45e64bd9201f38e7b947"},"headline":"\u00c0 Cholet, cet accident\u00e9 du travail depuis trois ans se d\u00e9sesp\u00e8re d\u2019obtenir une r\u00e9ponse judiciaire","datePublished":"2024-09-25T22:00:00+00:00","mainEntityOfPage":{"@id":"https:\/\/www.accidentdutravail-idf.net\/blog\/a-cholet-cet-accidente-du-travail-depuis-trois-ans-se-desespere-dobtenir-une-reponse-judiciaire\/"},"wordCount":522,"publisher":{"@id":"https:\/\/www.accidentdutravail-idf.net\/blog\/#organization"},"image":{"@id":"https:\/\/www.accidentdutravail-idf.net\/blog\/a-cholet-cet-accidente-du-travail-depuis-trois-ans-se-desespere-dobtenir-une-reponse-judiciaire\/#primaryimage"},"thumbnailUrl":"https:\/\/www.accidentdutravail-idf.net\/blog\/wp-content\/uploads\/2024\/09\/a-cholet-cet-accidente-du-travail-depuis-trois-ans-se-desespere-dobtenir-une-reponse-judiciaire.jpg","articleSection":["S\u00e9curit\u00e9 Du Travail En Ile-De-France Et Divers:"],"inLanguage":"fr-FR"},{"@type":"WebPage","@id":"https:\/\/www.accidentdutravail-idf.net\/blog\/a-cholet-cet-accidente-du-travail-depuis-trois-ans-se-desespere-dobtenir-une-reponse-judiciaire\/","url":"https:\/\/www.accidentdutravail-idf.net\/blog\/a-cholet-cet-accidente-du-travail-depuis-trois-ans-se-desespere-dobtenir-une-reponse-judiciaire\/","name":"\u00c0 Cholet, cet accident\u00e9 du travail depuis trois ans se d\u00e9sesp\u00e8re d\u2019obtenir une r\u00e9ponse judiciaire - ACCIDENTDUTRAVAIL-IDF","isPartOf":{"@id":"https:\/\/www.accidentdutravail-idf.net\/blog\/#website"},"primaryImageOfPage":{"@id":"https:\/\/www.accidentdutravail-idf.net\/blog\/a-cholet-cet-accidente-du-travail-depuis-trois-ans-se-desespere-dobtenir-une-reponse-judiciaire\/#primaryimage"},"image":{"@id":"https:\/\/www.accidentdutravail-idf.net\/blog\/a-cholet-cet-accidente-du-travail-depuis-trois-ans-se-desespere-dobtenir-une-reponse-judiciaire\/#primaryimage"},"thumbnailUrl":"https:\/\/www.accidentdutravail-idf.net\/blog\/wp-content\/uploads\/2024\/09\/a-cholet-cet-accidente-du-travail-depuis-trois-ans-se-desespere-dobtenir-une-reponse-judiciaire.jpg","datePublished":"2024-09-25T22:00:00+00:00","description":"\u00c0 Cholet, cet accident\u00e9 du travail depuis trois ans se d\u00e9sesp\u00e8re d\u2019obtenir une r\u00e9ponse judiciaire article de ACCIDENTDUTRAVAIL-IDF","breadcrumb":{"@id":"https:\/\/www.accidentdutravail-idf.net\/blog\/a-cholet-cet-accidente-du-travail-depuis-trois-ans-se-desespere-dobtenir-une-reponse-judiciaire\/#breadcrumb"},"inLanguage":"fr-FR","potentialAction":[{"@type":"ReadAction","target":["https:\/\/www.accidentdutravail-idf.net\/blog\/a-cholet-cet-accidente-du-travail-depuis-trois-ans-se-desespere-dobtenir-une-reponse-judiciaire\/"]}]},{"@type":"ImageObject","inLanguage":"fr-FR","@id":"https:\/\/www.accidentdutravail-idf.net\/blog\/a-cholet-cet-accidente-du-travail-depuis-trois-ans-se-desespere-dobtenir-une-reponse-judiciaire\/#primaryimage","url":"https:\/\/www.accidentdutravail-idf.net\/blog\/wp-content\/uploads\/2024\/09\/a-cholet-cet-accidente-du-travail-depuis-trois-ans-se-desespere-dobtenir-une-reponse-judiciaire.jpg","contentUrl":"https:\/\/www.accidentdutravail-idf.net\/blog\/wp-content\/uploads\/2024\/09\/a-cholet-cet-accidente-du-travail-depuis-trois-ans-se-desespere-dobtenir-une-reponse-judiciaire.jpg"},{"@type":"BreadcrumbList","@id":"https:\/\/www.accidentdutravail-idf.net\/blog\/a-cholet-cet-accidente-du-travail-depuis-trois-ans-se-desespere-dobtenir-une-reponse-judiciaire\/#breadcrumb","itemListElement":[{"@type":"ListItem","position":1,"name":"Accueil","item":"https:\/\/www.accidentdutravail-idf.net\/blog\/"},{"@type":"ListItem","position":2,"name":"\u00c0 Cholet, cet accident\u00e9 du travail depuis trois ans se d\u00e9sesp\u00e8re d\u2019obtenir une r\u00e9ponse judiciaire"}]},{"@type":"WebSite","@id":"https:\/\/www.accidentdutravail-idf.net\/blog\/#website","url":"https:\/\/www.accidentdutravail-idf.net\/blog\/","name":"ACCIDENTDUTRAVAIL-IDF","description":"Portail accidents du travail-maladies professionnelles des entreprises d&#039;Ile-de-France","publisher":{"@id":"https:\/\/www.accidentdutravail-idf.net\/blog\/#organization"},"potentialAction":[{"@type":"SearchAction","target":{"@type":"EntryPoint","urlTemplate":"https:\/\/www.accidentdutravail-idf.net\/blog\/?s={search_term_string}"},"query-input":{"@type":"PropertyValueSpecification","valueRequired":true,"valueName":"search_term_string"}}],"inLanguage":"fr-FR"},{"@type":"Organization","@id":"https:\/\/www.accidentdutravail-idf.net\/blog\/#organization","name":"accidentdutravail-idf","url":"https:\/\/www.accidentdutravail-idf.net\/blog\/","logo":{"@type":"ImageObject","inLanguage":"fr-FR","@id":"https:\/\/www.accidentdutravail-idf.net\/blog\/#\/schema\/logo\/image\/","url":"https:\/\/www.accidentdutravail-idf.net\/blog\/wp-content\/uploads\/2022\/09\/logo-2.png","contentUrl":"https:\/\/www.accidentdutravail-idf.net\/blog\/wp-content\/uploads\/2022\/09\/logo-2.png","width":380,"height":291,"caption":"accidentdutravail-idf"},"image":{"@id":"https:\/\/www.accidentdutravail-idf.net\/blog\/#\/schema\/logo\/image\/"}},{"@type":"Person","@id":"https:\/\/www.accidentdutravail-idf.net\/blog\/#\/schema\/person\/3255d2f970de45e64bd9201f38e7b947","name":"Carlos Poulain","image":{"@type":"ImageObject","inLanguage":"fr-FR","@id":"https:\/\/secure.gravatar.com\/avatar\/b1c2f9d3588e34e91adb093635df64ef4b2381991216be7576466cfcdca4baf3?s=96&d=mm&r=g","url":"https:\/\/secure.gravatar.com\/avatar\/b1c2f9d3588e34e91adb093635df64ef4b2381991216be7576466cfcdca4baf3?s=96&d=mm&r=g","contentUrl":"https:\/\/secure.gravatar.com\/avatar\/b1c2f9d3588e34e91adb093635df64ef4b2381991216be7576466cfcdca4baf3?s=96&d=mm&r=g","caption":"Carlos Poulain"},"url":"https:\/\/www.accidentdutravail-idf.net\/blog\/author\/idfcarlos\/"}]}},"_links":{"self":[{"href":"https:\/\/www.accidentdutravail-idf.net\/blog\/wp-json\/wp\/v2\/posts\/830","targetHints":{"allow":["GET"]}}],"collection":[{"href":"https:\/\/www.accidentdutravail-idf.net\/blog\/wp-json\/wp\/v2\/posts"}],"about":[{"href":"https:\/\/www.accidentdutravail-idf.net\/blog\/wp-json\/wp\/v2\/types\/post"}],"author":[{"embeddable":true,"href":"https:\/\/www.accidentdutravail-idf.net\/blog\/wp-json\/wp\/v2\/users\/2"}],"replies":[{"embeddable":true,"href":"https:\/\/www.accidentdutravail-idf.net\/blog\/wp-json\/wp\/v2\/comments?post=830"}],"version-history":[{"count":0,"href":"https:\/\/www.accidentdutravail-idf.net\/blog\/wp-json\/wp\/v2\/posts\/830\/revisions"}],"wp:attachment":[{"href":"https:\/\/www.accidentdutravail-idf.net\/blog\/wp-json\/wp\/v2\/media?parent=830"}],"wp:term":[{"taxonomy":"category","embeddable":true,"href":"https:\/\/www.accidentdutravail-idf.net\/blog\/wp-json\/wp\/v2\/categories?post=830"},{"taxonomy":"post_tag","embeddable":true,"href":"https:\/\/www.accidentdutravail-idf.net\/blog\/wp-json\/wp\/v2\/tags?post=830"}],"curies":[{"name":"wp","href":"https:\/\/api.w.org\/{rel}","templated":true}]}}