{"id":829,"date":"2024-09-25T12:01:00","date_gmt":"2024-09-25T10:01:00","guid":{"rendered":"https:\/\/www.accidentdutravail-idf.net\/blog\/accident-du-travail-un-homme-dune-vingtaine-dannees-meurt-ecrase-par-le-grappin-dun-engin-de-chantier-a-vulaines\/"},"modified":"2024-09-25T12:01:00","modified_gmt":"2024-09-25T10:01:00","slug":"accident-du-travail-un-homme-dune-vingtaine-dannees-meurt-ecrase-par-le-grappin-dun-engin-de-chantier-a-vulaines","status":"publish","type":"post","link":"https:\/\/www.accidentdutravail-idf.net\/blog\/accident-du-travail-un-homme-dune-vingtaine-dannees-meurt-ecrase-par-le-grappin-dun-engin-de-chantier-a-vulaines\/","title":{"rendered":"Accident du travail : un homme d\u2019une vingtaine d\u2019ann\u00e9es meurt \u00e9cras\u00e9 par le grappin d\u2019un engin de chantier \u00e0 Vulaines"},"content":{"rendered":"<div><img decoding=\"async\" src=\"https:\/\/www.accidentdutravail-idf.net\/blog\/wp-content\/uploads\/2024\/09\/accident-du-travail-un-homme-dune-vingtaine-dannees-meurt-ecrase-par-le-grappin-dun-engin-de-chantier-a-vulaines.jpg\" class=\"ff-og-image-inserted\"><\/div>\n<p>Un jeune homme d\u2019une vingtaine d\u2019ann\u00e9es, salari\u00e9 d\u2019une entreprise d\u2019\u00e9lagage, a perdu la vie, ce mercredi, \u00e0 la suite d\u2019un accident du travail.<\/p>\n<p><!-- \/\/ builder=DFPTagBuilder, site=REMENG, pageType=node, context=\/Sections\/L\\'Est-\u00e9clair\/Aube\/Pays d\\'Othe et d\\'Armance, position=article_article, edition=, domain=www.lest-eclair.fr --> <!-- \/\/ builder=DFPTagBuilder, site=REMENG, pageType=node, context=\/Sections\/L\\'Est-\u00e9clair\/Aube\/Pays d\\'Othe et d\\'Armance, position=article_article, edition=, domain=www.lest-eclair.fr --> <!-- END scald=14619104 --><\/p>\n<p>Le drame s\u2019est d\u00e9roul\u00e9 vers 16 h, sur la commune de <a href=\"https:\/\/www.lest-eclair.fr\/22989\/locations\/vulaines-aube\" target=\"_blank\" rel=\"noopener nofollow\">Vulaines<\/a>. Le conducteur d\u2019un engin de chantier qui \u00e9tait en train de ramasser des grumes de bois pour les broyer n\u2019a pas vu que son jeune coll\u00e8gue tron\u00e7onnait \u00e0 cet endroit. Ce dernier a \u00e9t\u00e9 \u00e9cras\u00e9 par la pince qui servait \u00e0 attraper les grumes.<\/p>\n<p><!-- \/\/ builder=DFPTagBuilder, site=REMENG, pageType=node, context=\/Sections\/L\\'Est-\u00e9clair\/Aube\/Pays d\\'Othe et d\\'Armance, position=article_article, edition=, domain=www.lest-eclair.fr --> <\/p>\n<h2 class=\"sub-head\">Les secours nombreux sur place<\/h2>\n<p>Les pompiers se sont rendus sur place avec une ambulance, un chef de groupe de Troyes. Le CPI de la commune \u00e9tait \u00e9galement sur place ainsi que le Smur. Il n\u2019a pas \u00e9t\u00e9 possible de sauver le jeune homme. Les gendarmes d\u2019Estissac ont ouvert une enqu\u00eate pour d\u00e9terminer les causes de la mort. L<a href=\"https:\/\/www.lest-eclair.fr\/id596029\/article\/2024-05-02\/accident-du-travail-les-deux-chevilles-fracturees-apres-une-chute-de-3-metres\" target=\"_blank\" rel=\"noopener nofollow\">\u2019inspection du travail<\/a> a \u00e9t\u00e9 pr\u00e9venue.<\/p>\n<p>accidentdutravail-idf.net vous a pr\u00e9par\u00e9 ce post qui informe du sujet \u00ab\u00a0Association Sportive Huisson-Longueville Essonne\u00a0\u00bb. La chronique se veut g\u00e9n\u00e9r\u00e9e du mieux possible. Vous pouvez utiliser les coordonn\u00e9es indiqu\u00e9es sur le site dans le but d\u2019apporter des explications sur ce post qui parle du th\u00e8me \u00ab\u00a0Association Sportive Huisson-Longueville Essonne\u00a0\u00bb. Le site accidentdutravail-idf.net a pour but de fournir diverses publications sur la th\u00e9matique Association Sportive Huisson-Longueville Essonne diffus\u00e9es sur le net. Il y aura plusieurs articles autour du sujet \u00ab\u00a0Association Sportive Huisson-Longueville Essonne\u00a0\u00bb dans quelques jours, nous vous invitons \u00e0 naviguer sur notre site web \u00e0 plusieurs reprises.<\/p>\n","protected":false},"excerpt":{"rendered":"<p>Un jeune homme d\u2019une vingtaine d\u2019ann\u00e9es, salari\u00e9 d\u2019une entreprise d\u2019\u00e9lagage, a perdu la vie, ce mercredi, \u00e0 la suite d\u2019un accident du travail. Le drame s\u2019est d\u00e9roul\u00e9 vers 16 h, sur la commune de Vulaines. Le conducteur d\u2019un engin de chantier qui \u00e9tait en train de ramasser des grumes de bois pour les broyer n\u2019a &hellip; <\/p>\n<p class=\"link-more\"><a href=\"https:\/\/www.accidentdutravail-idf.net\/blog\/accident-du-travail-un-homme-dune-vingtaine-dannees-meurt-ecrase-par-le-grappin-dun-engin-de-chantier-a-vulaines\/\" class=\"more-link\">Continuer la lecture <span class=\"screen-reader-text\"> \u00ab\u00a0Accident du travail : un homme d\u2019une vingtaine d\u2019ann\u00e9es meurt \u00e9cras\u00e9 par le grappin d\u2019un engin de chantier \u00e0 Vulaines\u00a0\u00bb<\/span><\/a><\/p>\n","protected":false},"author":2,"featured_media":0,"comment_status":"closed","ping_status":"closed","sticky":false,"template":"","format":"standard","meta":{"footnotes":""},"categories":[5],"tags":[],"class_list":["post-829","post","type-post","status-publish","format-standard","hentry","category-securite-du-travail-en-ile-de-france-et-divers","entry"],"yoast_head":"<!-- This site is optimized with the Yoast SEO plugin v27.5 - https:\/\/yoast.com\/product\/yoast-seo-wordpress\/ -->\n<title>Accident du travail : un homme d\u2019une vingtaine d\u2019ann\u00e9es meurt \u00e9cras\u00e9 par le grappin d\u2019un engin de chantier \u00e0 Vulaines - ACCIDENTDUTRAVAIL-IDF<\/title>\n<meta name=\"description\" content=\"Accident du travail : un homme d\u2019une vingtaine d\u2019ann\u00e9es meurt \u00e9cras\u00e9 par le grappin d\u2019un engin de chantier \u00e0 Vulaines article de ACCIDENTDUTRAVAIL-IDF\" \/>\n<meta name=\"robots\" content=\"index, follow, max-snippet:-1, max-image-preview:large, max-video-preview:-1\" \/>\n<link rel=\"canonical\" href=\"https:\/\/www.accidentdutravail-idf.net\/blog\/accident-du-travail-un-homme-dune-vingtaine-dannees-meurt-ecrase-par-le-grappin-dun-engin-de-chantier-a-vulaines\/\" \/>\n<meta property=\"og:locale\" content=\"fr_FR\" \/>\n<meta property=\"og:type\" content=\"article\" \/>\n<meta property=\"og:title\" content=\"Accident du travail : un homme d\u2019une vingtaine d\u2019ann\u00e9es meurt \u00e9cras\u00e9 par le grappin d\u2019un engin de chantier \u00e0 Vulaines - ACCIDENTDUTRAVAIL-IDF\" \/>\n<meta property=\"og:description\" content=\"Accident du travail : un homme d\u2019une vingtaine d\u2019ann\u00e9es meurt \u00e9cras\u00e9 par le grappin d\u2019un engin de chantier \u00e0 Vulaines article de ACCIDENTDUTRAVAIL-IDF\" \/>\n<meta property=\"og:url\" content=\"https:\/\/www.accidentdutravail-idf.net\/blog\/accident-du-travail-un-homme-dune-vingtaine-dannees-meurt-ecrase-par-le-grappin-dun-engin-de-chantier-a-vulaines\/\" \/>\n<meta property=\"og:site_name\" content=\"ACCIDENTDUTRAVAIL-IDF\" \/>\n<meta property=\"article:published_time\" content=\"2024-09-25T10:01:00+00:00\" \/>\n<meta property=\"og:image\" content=\"https:\/\/www.accidentdutravail-idf.net\/blog\/wp-content\/uploads\/2024\/09\/accident-du-travail-un-homme-dune-vingtaine-dannees-meurt-ecrase-par-le-grappin-dun-engin-de-chantier-a-vulaines.jpg\" \/>\n<meta name=\"author\" content=\"Carlos Poulain\" \/>\n<meta name=\"twitter:card\" content=\"summary_large_image\" \/>\n<meta name=\"twitter:label1\" content=\"\u00c9crit par\" \/>\n\t<meta name=\"twitter:data1\" content=\"Carlos Poulain\" \/>\n\t<meta name=\"twitter:label2\" content=\"Dur\u00e9e de lecture estim\u00e9e\" \/>\n\t<meta name=\"twitter:data2\" content=\"1 minute\" \/>\n<script type=\"application\/ld+json\" class=\"yoast-schema-graph\">{\"@context\":\"https:\\\/\\\/schema.org\",\"@graph\":[{\"@type\":\"Article\",\"@id\":\"https:\\\/\\\/www.accidentdutravail-idf.net\\\/blog\\\/accident-du-travail-un-homme-dune-vingtaine-dannees-meurt-ecrase-par-le-grappin-dun-engin-de-chantier-a-vulaines\\\/#article\",\"isPartOf\":{\"@id\":\"https:\\\/\\\/www.accidentdutravail-idf.net\\\/blog\\\/accident-du-travail-un-homme-dune-vingtaine-dannees-meurt-ecrase-par-le-grappin-dun-engin-de-chantier-a-vulaines\\\/\"},\"author\":{\"name\":\"Carlos Poulain\",\"@id\":\"https:\\\/\\\/www.accidentdutravail-idf.net\\\/blog\\\/#\\\/schema\\\/person\\\/3255d2f970de45e64bd9201f38e7b947\"},\"headline\":\"Accident du travail : un homme d\u2019une vingtaine d\u2019ann\u00e9es meurt \u00e9cras\u00e9 par le grappin d\u2019un engin de chantier \u00e0 Vulaines\",\"datePublished\":\"2024-09-25T10:01:00+00:00\",\"mainEntityOfPage\":{\"@id\":\"https:\\\/\\\/www.accidentdutravail-idf.net\\\/blog\\\/accident-du-travail-un-homme-dune-vingtaine-dannees-meurt-ecrase-par-le-grappin-dun-engin-de-chantier-a-vulaines\\\/\"},\"wordCount\":285,\"publisher\":{\"@id\":\"https:\\\/\\\/www.accidentdutravail-idf.net\\\/blog\\\/#organization\"},\"image\":{\"@id\":\"https:\\\/\\\/www.accidentdutravail-idf.net\\\/blog\\\/accident-du-travail-un-homme-dune-vingtaine-dannees-meurt-ecrase-par-le-grappin-dun-engin-de-chantier-a-vulaines\\\/#primaryimage\"},\"thumbnailUrl\":\"https:\\\/\\\/www.accidentdutravail-idf.net\\\/blog\\\/wp-content\\\/uploads\\\/2024\\\/09\\\/accident-du-travail-un-homme-dune-vingtaine-dannees-meurt-ecrase-par-le-grappin-dun-engin-de-chantier-a-vulaines.jpg\",\"articleSection\":[\"S\u00e9curit\u00e9 Du Travail En Ile-De-France Et Divers:\"],\"inLanguage\":\"fr-FR\"},{\"@type\":\"WebPage\",\"@id\":\"https:\\\/\\\/www.accidentdutravail-idf.net\\\/blog\\\/accident-du-travail-un-homme-dune-vingtaine-dannees-meurt-ecrase-par-le-grappin-dun-engin-de-chantier-a-vulaines\\\/\",\"url\":\"https:\\\/\\\/www.accidentdutravail-idf.net\\\/blog\\\/accident-du-travail-un-homme-dune-vingtaine-dannees-meurt-ecrase-par-le-grappin-dun-engin-de-chantier-a-vulaines\\\/\",\"name\":\"Accident du travail : un homme d\u2019une vingtaine d\u2019ann\u00e9es meurt \u00e9cras\u00e9 par le grappin d\u2019un engin de chantier \u00e0 Vulaines - ACCIDENTDUTRAVAIL-IDF\",\"isPartOf\":{\"@id\":\"https:\\\/\\\/www.accidentdutravail-idf.net\\\/blog\\\/#website\"},\"primaryImageOfPage\":{\"@id\":\"https:\\\/\\\/www.accidentdutravail-idf.net\\\/blog\\\/accident-du-travail-un-homme-dune-vingtaine-dannees-meurt-ecrase-par-le-grappin-dun-engin-de-chantier-a-vulaines\\\/#primaryimage\"},\"image\":{\"@id\":\"https:\\\/\\\/www.accidentdutravail-idf.net\\\/blog\\\/accident-du-travail-un-homme-dune-vingtaine-dannees-meurt-ecrase-par-le-grappin-dun-engin-de-chantier-a-vulaines\\\/#primaryimage\"},\"thumbnailUrl\":\"https:\\\/\\\/www.accidentdutravail-idf.net\\\/blog\\\/wp-content\\\/uploads\\\/2024\\\/09\\\/accident-du-travail-un-homme-dune-vingtaine-dannees-meurt-ecrase-par-le-grappin-dun-engin-de-chantier-a-vulaines.jpg\",\"datePublished\":\"2024-09-25T10:01:00+00:00\",\"description\":\"Accident du travail : un homme d\u2019une vingtaine d\u2019ann\u00e9es meurt \u00e9cras\u00e9 par le grappin d\u2019un engin de chantier \u00e0 Vulaines article de ACCIDENTDUTRAVAIL-IDF\",\"breadcrumb\":{\"@id\":\"https:\\\/\\\/www.accidentdutravail-idf.net\\\/blog\\\/accident-du-travail-un-homme-dune-vingtaine-dannees-meurt-ecrase-par-le-grappin-dun-engin-de-chantier-a-vulaines\\\/#breadcrumb\"},\"inLanguage\":\"fr-FR\",\"potentialAction\":[{\"@type\":\"ReadAction\",\"target\":[\"https:\\\/\\\/www.accidentdutravail-idf.net\\\/blog\\\/accident-du-travail-un-homme-dune-vingtaine-dannees-meurt-ecrase-par-le-grappin-dun-engin-de-chantier-a-vulaines\\\/\"]}]},{\"@type\":\"ImageObject\",\"inLanguage\":\"fr-FR\",\"@id\":\"https:\\\/\\\/www.accidentdutravail-idf.net\\\/blog\\\/accident-du-travail-un-homme-dune-vingtaine-dannees-meurt-ecrase-par-le-grappin-dun-engin-de-chantier-a-vulaines\\\/#primaryimage\",\"url\":\"https:\\\/\\\/www.accidentdutravail-idf.net\\\/blog\\\/wp-content\\\/uploads\\\/2024\\\/09\\\/accident-du-travail-un-homme-dune-vingtaine-dannees-meurt-ecrase-par-le-grappin-dun-engin-de-chantier-a-vulaines.jpg\",\"contentUrl\":\"https:\\\/\\\/www.accidentdutravail-idf.net\\\/blog\\\/wp-content\\\/uploads\\\/2024\\\/09\\\/accident-du-travail-un-homme-dune-vingtaine-dannees-meurt-ecrase-par-le-grappin-dun-engin-de-chantier-a-vulaines.jpg\"},{\"@type\":\"BreadcrumbList\",\"@id\":\"https:\\\/\\\/www.accidentdutravail-idf.net\\\/blog\\\/accident-du-travail-un-homme-dune-vingtaine-dannees-meurt-ecrase-par-le-grappin-dun-engin-de-chantier-a-vulaines\\\/#breadcrumb\",\"itemListElement\":[{\"@type\":\"ListItem\",\"position\":1,\"name\":\"Accueil\",\"item\":\"https:\\\/\\\/www.accidentdutravail-idf.net\\\/blog\\\/\"},{\"@type\":\"ListItem\",\"position\":2,\"name\":\"Accident du travail : un homme d\u2019une vingtaine d\u2019ann\u00e9es meurt \u00e9cras\u00e9 par le grappin d\u2019un engin de chantier \u00e0 Vulaines\"}]},{\"@type\":\"WebSite\",\"@id\":\"https:\\\/\\\/www.accidentdutravail-idf.net\\\/blog\\\/#website\",\"url\":\"https:\\\/\\\/www.accidentdutravail-idf.net\\\/blog\\\/\",\"name\":\"ACCIDENTDUTRAVAIL-IDF\",\"description\":\"Portail accidents du travail-maladies professionnelles des entreprises d&#039;Ile-de-France\",\"publisher\":{\"@id\":\"https:\\\/\\\/www.accidentdutravail-idf.net\\\/blog\\\/#organization\"},\"potentialAction\":[{\"@type\":\"SearchAction\",\"target\":{\"@type\":\"EntryPoint\",\"urlTemplate\":\"https:\\\/\\\/www.accidentdutravail-idf.net\\\/blog\\\/?s={search_term_string}\"},\"query-input\":{\"@type\":\"PropertyValueSpecification\",\"valueRequired\":true,\"valueName\":\"search_term_string\"}}],\"inLanguage\":\"fr-FR\"},{\"@type\":\"Organization\",\"@id\":\"https:\\\/\\\/www.accidentdutravail-idf.net\\\/blog\\\/#organization\",\"name\":\"accidentdutravail-idf\",\"url\":\"https:\\\/\\\/www.accidentdutravail-idf.net\\\/blog\\\/\",\"logo\":{\"@type\":\"ImageObject\",\"inLanguage\":\"fr-FR\",\"@id\":\"https:\\\/\\\/www.accidentdutravail-idf.net\\\/blog\\\/#\\\/schema\\\/logo\\\/image\\\/\",\"url\":\"https:\\\/\\\/www.accidentdutravail-idf.net\\\/blog\\\/wp-content\\\/uploads\\\/2022\\\/09\\\/logo-2.png\",\"contentUrl\":\"https:\\\/\\\/www.accidentdutravail-idf.net\\\/blog\\\/wp-content\\\/uploads\\\/2022\\\/09\\\/logo-2.png\",\"width\":380,\"height\":291,\"caption\":\"accidentdutravail-idf\"},\"image\":{\"@id\":\"https:\\\/\\\/www.accidentdutravail-idf.net\\\/blog\\\/#\\\/schema\\\/logo\\\/image\\\/\"}},{\"@type\":\"Person\",\"@id\":\"https:\\\/\\\/www.accidentdutravail-idf.net\\\/blog\\\/#\\\/schema\\\/person\\\/3255d2f970de45e64bd9201f38e7b947\",\"name\":\"Carlos Poulain\",\"image\":{\"@type\":\"ImageObject\",\"inLanguage\":\"fr-FR\",\"@id\":\"https:\\\/\\\/secure.gravatar.com\\\/avatar\\\/b1c2f9d3588e34e91adb093635df64ef4b2381991216be7576466cfcdca4baf3?s=96&d=mm&r=g\",\"url\":\"https:\\\/\\\/secure.gravatar.com\\\/avatar\\\/b1c2f9d3588e34e91adb093635df64ef4b2381991216be7576466cfcdca4baf3?s=96&d=mm&r=g\",\"contentUrl\":\"https:\\\/\\\/secure.gravatar.com\\\/avatar\\\/b1c2f9d3588e34e91adb093635df64ef4b2381991216be7576466cfcdca4baf3?s=96&d=mm&r=g\",\"caption\":\"Carlos Poulain\"},\"url\":\"https:\\\/\\\/www.accidentdutravail-idf.net\\\/blog\\\/author\\\/idfcarlos\\\/\"}]}<\/script>\n<!-- \/ Yoast SEO plugin. -->","yoast_head_json":{"title":"Accident du travail : un homme d\u2019une vingtaine d\u2019ann\u00e9es meurt \u00e9cras\u00e9 par le grappin d\u2019un engin de chantier \u00e0 Vulaines - ACCIDENTDUTRAVAIL-IDF","description":"Accident du travail : un homme d\u2019une vingtaine d\u2019ann\u00e9es meurt \u00e9cras\u00e9 par le grappin d\u2019un engin de chantier \u00e0 Vulaines article de ACCIDENTDUTRAVAIL-IDF","robots":{"index":"index","follow":"follow","max-snippet":"max-snippet:-1","max-image-preview":"max-image-preview:large","max-video-preview":"max-video-preview:-1"},"canonical":"https:\/\/www.accidentdutravail-idf.net\/blog\/accident-du-travail-un-homme-dune-vingtaine-dannees-meurt-ecrase-par-le-grappin-dun-engin-de-chantier-a-vulaines\/","og_locale":"fr_FR","og_type":"article","og_title":"Accident du travail : un homme d\u2019une vingtaine d\u2019ann\u00e9es meurt \u00e9cras\u00e9 par le grappin d\u2019un engin de chantier \u00e0 Vulaines - ACCIDENTDUTRAVAIL-IDF","og_description":"Accident du travail : un homme d\u2019une vingtaine d\u2019ann\u00e9es meurt \u00e9cras\u00e9 par le grappin d\u2019un engin de chantier \u00e0 Vulaines article de ACCIDENTDUTRAVAIL-IDF","og_url":"https:\/\/www.accidentdutravail-idf.net\/blog\/accident-du-travail-un-homme-dune-vingtaine-dannees-meurt-ecrase-par-le-grappin-dun-engin-de-chantier-a-vulaines\/","og_site_name":"ACCIDENTDUTRAVAIL-IDF","article_published_time":"2024-09-25T10:01:00+00:00","og_image":[{"url":"https:\/\/www.accidentdutravail-idf.net\/blog\/wp-content\/uploads\/2024\/09\/accident-du-travail-un-homme-dune-vingtaine-dannees-meurt-ecrase-par-le-grappin-dun-engin-de-chantier-a-vulaines.jpg","type":"","width":"","height":""}],"author":"Carlos Poulain","twitter_card":"summary_large_image","twitter_misc":{"\u00c9crit par":"Carlos Poulain","Dur\u00e9e de lecture estim\u00e9e":"1 minute"},"schema":{"@context":"https:\/\/schema.org","@graph":[{"@type":"Article","@id":"https:\/\/www.accidentdutravail-idf.net\/blog\/accident-du-travail-un-homme-dune-vingtaine-dannees-meurt-ecrase-par-le-grappin-dun-engin-de-chantier-a-vulaines\/#article","isPartOf":{"@id":"https:\/\/www.accidentdutravail-idf.net\/blog\/accident-du-travail-un-homme-dune-vingtaine-dannees-meurt-ecrase-par-le-grappin-dun-engin-de-chantier-a-vulaines\/"},"author":{"name":"Carlos Poulain","@id":"https:\/\/www.accidentdutravail-idf.net\/blog\/#\/schema\/person\/3255d2f970de45e64bd9201f38e7b947"},"headline":"Accident du travail : un homme d\u2019une vingtaine d\u2019ann\u00e9es meurt \u00e9cras\u00e9 par le grappin d\u2019un engin de chantier \u00e0 Vulaines","datePublished":"2024-09-25T10:01:00+00:00","mainEntityOfPage":{"@id":"https:\/\/www.accidentdutravail-idf.net\/blog\/accident-du-travail-un-homme-dune-vingtaine-dannees-meurt-ecrase-par-le-grappin-dun-engin-de-chantier-a-vulaines\/"},"wordCount":285,"publisher":{"@id":"https:\/\/www.accidentdutravail-idf.net\/blog\/#organization"},"image":{"@id":"https:\/\/www.accidentdutravail-idf.net\/blog\/accident-du-travail-un-homme-dune-vingtaine-dannees-meurt-ecrase-par-le-grappin-dun-engin-de-chantier-a-vulaines\/#primaryimage"},"thumbnailUrl":"https:\/\/www.accidentdutravail-idf.net\/blog\/wp-content\/uploads\/2024\/09\/accident-du-travail-un-homme-dune-vingtaine-dannees-meurt-ecrase-par-le-grappin-dun-engin-de-chantier-a-vulaines.jpg","articleSection":["S\u00e9curit\u00e9 Du Travail En Ile-De-France Et Divers:"],"inLanguage":"fr-FR"},{"@type":"WebPage","@id":"https:\/\/www.accidentdutravail-idf.net\/blog\/accident-du-travail-un-homme-dune-vingtaine-dannees-meurt-ecrase-par-le-grappin-dun-engin-de-chantier-a-vulaines\/","url":"https:\/\/www.accidentdutravail-idf.net\/blog\/accident-du-travail-un-homme-dune-vingtaine-dannees-meurt-ecrase-par-le-grappin-dun-engin-de-chantier-a-vulaines\/","name":"Accident du travail : un homme d\u2019une vingtaine d\u2019ann\u00e9es meurt \u00e9cras\u00e9 par le grappin d\u2019un engin de chantier \u00e0 Vulaines - ACCIDENTDUTRAVAIL-IDF","isPartOf":{"@id":"https:\/\/www.accidentdutravail-idf.net\/blog\/#website"},"primaryImageOfPage":{"@id":"https:\/\/www.accidentdutravail-idf.net\/blog\/accident-du-travail-un-homme-dune-vingtaine-dannees-meurt-ecrase-par-le-grappin-dun-engin-de-chantier-a-vulaines\/#primaryimage"},"image":{"@id":"https:\/\/www.accidentdutravail-idf.net\/blog\/accident-du-travail-un-homme-dune-vingtaine-dannees-meurt-ecrase-par-le-grappin-dun-engin-de-chantier-a-vulaines\/#primaryimage"},"thumbnailUrl":"https:\/\/www.accidentdutravail-idf.net\/blog\/wp-content\/uploads\/2024\/09\/accident-du-travail-un-homme-dune-vingtaine-dannees-meurt-ecrase-par-le-grappin-dun-engin-de-chantier-a-vulaines.jpg","datePublished":"2024-09-25T10:01:00+00:00","description":"Accident du travail : un homme d\u2019une vingtaine d\u2019ann\u00e9es meurt \u00e9cras\u00e9 par le grappin d\u2019un engin de chantier \u00e0 Vulaines article de ACCIDENTDUTRAVAIL-IDF","breadcrumb":{"@id":"https:\/\/www.accidentdutravail-idf.net\/blog\/accident-du-travail-un-homme-dune-vingtaine-dannees-meurt-ecrase-par-le-grappin-dun-engin-de-chantier-a-vulaines\/#breadcrumb"},"inLanguage":"fr-FR","potentialAction":[{"@type":"ReadAction","target":["https:\/\/www.accidentdutravail-idf.net\/blog\/accident-du-travail-un-homme-dune-vingtaine-dannees-meurt-ecrase-par-le-grappin-dun-engin-de-chantier-a-vulaines\/"]}]},{"@type":"ImageObject","inLanguage":"fr-FR","@id":"https:\/\/www.accidentdutravail-idf.net\/blog\/accident-du-travail-un-homme-dune-vingtaine-dannees-meurt-ecrase-par-le-grappin-dun-engin-de-chantier-a-vulaines\/#primaryimage","url":"https:\/\/www.accidentdutravail-idf.net\/blog\/wp-content\/uploads\/2024\/09\/accident-du-travail-un-homme-dune-vingtaine-dannees-meurt-ecrase-par-le-grappin-dun-engin-de-chantier-a-vulaines.jpg","contentUrl":"https:\/\/www.accidentdutravail-idf.net\/blog\/wp-content\/uploads\/2024\/09\/accident-du-travail-un-homme-dune-vingtaine-dannees-meurt-ecrase-par-le-grappin-dun-engin-de-chantier-a-vulaines.jpg"},{"@type":"BreadcrumbList","@id":"https:\/\/www.accidentdutravail-idf.net\/blog\/accident-du-travail-un-homme-dune-vingtaine-dannees-meurt-ecrase-par-le-grappin-dun-engin-de-chantier-a-vulaines\/#breadcrumb","itemListElement":[{"@type":"ListItem","position":1,"name":"Accueil","item":"https:\/\/www.accidentdutravail-idf.net\/blog\/"},{"@type":"ListItem","position":2,"name":"Accident du travail : un homme d\u2019une vingtaine d\u2019ann\u00e9es meurt \u00e9cras\u00e9 par le grappin d\u2019un engin de chantier \u00e0 Vulaines"}]},{"@type":"WebSite","@id":"https:\/\/www.accidentdutravail-idf.net\/blog\/#website","url":"https:\/\/www.accidentdutravail-idf.net\/blog\/","name":"ACCIDENTDUTRAVAIL-IDF","description":"Portail accidents du travail-maladies professionnelles des entreprises d&#039;Ile-de-France","publisher":{"@id":"https:\/\/www.accidentdutravail-idf.net\/blog\/#organization"},"potentialAction":[{"@type":"SearchAction","target":{"@type":"EntryPoint","urlTemplate":"https:\/\/www.accidentdutravail-idf.net\/blog\/?s={search_term_string}"},"query-input":{"@type":"PropertyValueSpecification","valueRequired":true,"valueName":"search_term_string"}}],"inLanguage":"fr-FR"},{"@type":"Organization","@id":"https:\/\/www.accidentdutravail-idf.net\/blog\/#organization","name":"accidentdutravail-idf","url":"https:\/\/www.accidentdutravail-idf.net\/blog\/","logo":{"@type":"ImageObject","inLanguage":"fr-FR","@id":"https:\/\/www.accidentdutravail-idf.net\/blog\/#\/schema\/logo\/image\/","url":"https:\/\/www.accidentdutravail-idf.net\/blog\/wp-content\/uploads\/2022\/09\/logo-2.png","contentUrl":"https:\/\/www.accidentdutravail-idf.net\/blog\/wp-content\/uploads\/2022\/09\/logo-2.png","width":380,"height":291,"caption":"accidentdutravail-idf"},"image":{"@id":"https:\/\/www.accidentdutravail-idf.net\/blog\/#\/schema\/logo\/image\/"}},{"@type":"Person","@id":"https:\/\/www.accidentdutravail-idf.net\/blog\/#\/schema\/person\/3255d2f970de45e64bd9201f38e7b947","name":"Carlos Poulain","image":{"@type":"ImageObject","inLanguage":"fr-FR","@id":"https:\/\/secure.gravatar.com\/avatar\/b1c2f9d3588e34e91adb093635df64ef4b2381991216be7576466cfcdca4baf3?s=96&d=mm&r=g","url":"https:\/\/secure.gravatar.com\/avatar\/b1c2f9d3588e34e91adb093635df64ef4b2381991216be7576466cfcdca4baf3?s=96&d=mm&r=g","contentUrl":"https:\/\/secure.gravatar.com\/avatar\/b1c2f9d3588e34e91adb093635df64ef4b2381991216be7576466cfcdca4baf3?s=96&d=mm&r=g","caption":"Carlos Poulain"},"url":"https:\/\/www.accidentdutravail-idf.net\/blog\/author\/idfcarlos\/"}]}},"_links":{"self":[{"href":"https:\/\/www.accidentdutravail-idf.net\/blog\/wp-json\/wp\/v2\/posts\/829","targetHints":{"allow":["GET"]}}],"collection":[{"href":"https:\/\/www.accidentdutravail-idf.net\/blog\/wp-json\/wp\/v2\/posts"}],"about":[{"href":"https:\/\/www.accidentdutravail-idf.net\/blog\/wp-json\/wp\/v2\/types\/post"}],"author":[{"embeddable":true,"href":"https:\/\/www.accidentdutravail-idf.net\/blog\/wp-json\/wp\/v2\/users\/2"}],"replies":[{"embeddable":true,"href":"https:\/\/www.accidentdutravail-idf.net\/blog\/wp-json\/wp\/v2\/comments?post=829"}],"version-history":[{"count":0,"href":"https:\/\/www.accidentdutravail-idf.net\/blog\/wp-json\/wp\/v2\/posts\/829\/revisions"}],"wp:attachment":[{"href":"https:\/\/www.accidentdutravail-idf.net\/blog\/wp-json\/wp\/v2\/media?parent=829"}],"wp:term":[{"taxonomy":"category","embeddable":true,"href":"https:\/\/www.accidentdutravail-idf.net\/blog\/wp-json\/wp\/v2\/categories?post=829"},{"taxonomy":"post_tag","embeddable":true,"href":"https:\/\/www.accidentdutravail-idf.net\/blog\/wp-json\/wp\/v2\/tags?post=829"}],"curies":[{"name":"wp","href":"https:\/\/api.w.org\/{rel}","templated":true}]}}