{"id":82,"date":"2022-09-12T07:47:57","date_gmt":"2022-09-12T05:47:57","guid":{"rendered":"https:\/\/www.site.cdcl.xyz\/2022\/09\/12\/gauche-france-certains-paient-le-prix-de-la-crise-dautres-en-nupes-gauche-ffe_ps\/"},"modified":"2022-09-12T07:47:57","modified_gmt":"2022-09-12T05:47:57","slug":"gauche-france-certains-paient-le-prix-de-la-crise-dautres-en-nupes-gauche-ffe_ps","status":"publish","type":"post","link":"https:\/\/www.accidentdutravail-idf.net\/blog\/gauche-france-certains-paient-le-prix-de-la-crise-dautres-en-nupes-gauche-ffe_ps\/","title":{"rendered":"Gauche France: Certains paient le prix de la crise, d\u2019autres en \u2026 #nupes #gauche @FFE_PS"},"content":{"rendered":"<p>Ce bref tweet circule sur les derniers tweets publi\u00e9s, nous avons voulu vous le livrer dans cette publication.<\/p>\n<p>Sachez que le profil tweeter est annonc\u00e9 sous le nom Socialistes Fran\u00e7ais\u2022es \u00e0 l\u2019\u00e9tranger. Il<br \/>est connu sous le pseudonyme @FFE_PS.<\/p>\n<p>Pour rappel voil\u00e0 sa description:Bienvenue sur le compte Twitter officiel de la F\u00e9d\u00e9ration des Fran\u00e7ais\u2022es \u00e0 l\u2019\u00e9tranger du @partisocialiste \u270a\ud83c\udffb\ud83c\udf39\ud83c\udf0d<\/p>\n<p>Revoici pareillement le lien sur sa page:<br \/>https:\/\/t.co\/NxDcYCaEsU<\/p>\n<p>La date et l\u2019heure de parution est 2022-09-12 07:47:57.<\/p>\n<p>L\u2019article source dont il s\u2019agit : <\/p>\n<p>\ud83d\udd34 Certains paient le prix de la crise, d\u2019autres en profitent. Il est temps que ceux qui font des #superprofits contribuent \u00e0 la solidarit\u00e9 nationale ! #r\u00e9f\u00e9rendum<\/p>\n<p>\u27a1\ufe0f Rejoignez l\u2019appel et interpellez votre d\u00e9put\u00e9 sur <a rel=\"nofollow noopener\" target=\"_blank\" href=\"https:\/\/t.co\/D3u7TWLAfV\">https:\/\/t.co\/D3u7TWLAfV<\/a><\/p>\n<p>\ud83e\udef5 On a besoin de vous !<\/p>\n<p>A l\u2019heure o\u00f9 nous fournissons l\u2019info, ce tweet a \u00e9t\u00e9 lik\u00e9 3 fois et a \u00e9t\u00e9 retwett\u00e9 2 fois.<\/p>\n<p>Voir le tweet:https:\/\/www.referendum-superprofits.fr\/<\/p>\n<p>Ce objet vous a int\u00e9ress\u00e9 vous appr\u00e9cierez tout autant ces publications :<\/p>\n<p>Mars ou la Guerre jug\u00e9e (1921)\/63.,<a href=\"https:\/\/fr.wikisource.org\/wiki\/Mars_ou_la_Guerre_jug%C3%A9e_(1921)\/63\" target=\"_blank\" rel=\"noopener noreferrer nofollow\">Clicker Ici <\/a><span><\/span>. Disponible dans toutes les bonnes biblioth\u00e8ques de votre d\u00e9partement.<\/p>\n<p>Le populisme de gauche.,<a href=\"https:\/\/www.kobo.com\/fr\/fr\/ebook\/le-populisme-de-gauche\" target=\"_blank\" rel=\"noopener noreferrer nofollow\">Fiche de l\u2019\u00e9diteur<\/a><span><\/span>.<\/p>\n<p>Fascisme et communisme.,<a href=\"https:\/\/booknode.com\/fascisme_et_communisme_034227\" target=\"_blank\" rel=\"noopener noreferrer nofollow\">R\u00e9f\u00e9rence lit\u00e9raire de ce livre<\/a><span><\/span>.<\/p>\n","protected":false},"excerpt":{"rendered":"<p>Ce bref tweet circule sur les derniers tweets publi\u00e9s, nous avons voulu vous le livrer dans cette publication. Sachez que le profil tweeter est annonc\u00e9 sous le nom Socialistes Fran\u00e7ais\u2022es \u00e0 l\u2019\u00e9tranger. Ilest connu sous le pseudonyme @FFE_PS. Pour rappel voil\u00e0 sa description:Bienvenue sur le compte Twitter officiel de la F\u00e9d\u00e9ration des Fran\u00e7ais\u2022es \u00e0 l\u2019\u00e9tranger &hellip; <\/p>\n<p class=\"link-more\"><a href=\"https:\/\/www.accidentdutravail-idf.net\/blog\/gauche-france-certains-paient-le-prix-de-la-crise-dautres-en-nupes-gauche-ffe_ps\/\" class=\"more-link\">Continuer la lecture <span class=\"screen-reader-text\"> \u00ab\u00a0Gauche France: Certains paient le prix de la crise, d\u2019autres en \u2026 #nupes #gauche @FFE_PS\u00a0\u00bb<\/span><\/a><\/p>\n","protected":false},"author":3,"featured_media":83,"comment_status":"closed","ping_status":"closed","sticky":false,"template":"","format":"standard","meta":{"footnotes":""},"categories":[3],"tags":[],"class_list":["post-82","post","type-post","status-publish","format-standard","has-post-thumbnail","hentry","category-securite-du-travail-en-ile-de-france-communiques","entry"],"yoast_head":"<!-- This site is optimized with the Yoast SEO plugin v27.5 - https:\/\/yoast.com\/product\/yoast-seo-wordpress\/ -->\n<title>Gauche France: Certains paient le prix de la crise, d\u2019autres en \u2026 #nupes #gauche @FFE_PS - ACCIDENTDUTRAVAIL-IDF<\/title>\n<meta name=\"description\" content=\"Gauche France: Certains paient le prix de la crise, d\u2019autres en \u2026 #nupes #gauche @FFE_PS article de ACCIDENTDUTRAVAIL-IDF\" \/>\n<meta name=\"robots\" content=\"index, follow, max-snippet:-1, max-image-preview:large, max-video-preview:-1\" \/>\n<link rel=\"canonical\" href=\"https:\/\/www.accidentdutravail-idf.net\/blog\/gauche-france-certains-paient-le-prix-de-la-crise-dautres-en-nupes-gauche-ffe_ps\/\" \/>\n<meta property=\"og:locale\" content=\"fr_FR\" \/>\n<meta property=\"og:type\" content=\"article\" \/>\n<meta property=\"og:title\" content=\"Gauche France: Certains paient le prix de la crise, d\u2019autres en \u2026 #nupes #gauche @FFE_PS - ACCIDENTDUTRAVAIL-IDF\" \/>\n<meta property=\"og:description\" content=\"Gauche France: Certains paient le prix de la crise, d\u2019autres en \u2026 #nupes #gauche @FFE_PS article de ACCIDENTDUTRAVAIL-IDF\" \/>\n<meta property=\"og:url\" content=\"https:\/\/www.accidentdutravail-idf.net\/blog\/gauche-france-certains-paient-le-prix-de-la-crise-dautres-en-nupes-gauche-ffe_ps\/\" \/>\n<meta property=\"og:site_name\" content=\"ACCIDENTDUTRAVAIL-IDF\" \/>\n<meta property=\"article:published_time\" content=\"2022-09-12T05:47:57+00:00\" \/>\n<meta name=\"author\" content=\"Roxane BARLER\" \/>\n<meta name=\"twitter:card\" content=\"summary_large_image\" \/>\n<meta name=\"twitter:label1\" content=\"\u00c9crit par\" \/>\n\t<meta name=\"twitter:data1\" content=\"Roxane BARLER\" \/>\n\t<meta name=\"twitter:label2\" content=\"Dur\u00e9e de lecture estim\u00e9e\" \/>\n\t<meta name=\"twitter:data2\" content=\"1 minute\" \/>\n<script type=\"application\/ld+json\" class=\"yoast-schema-graph\">{\"@context\":\"https:\\\/\\\/schema.org\",\"@graph\":[{\"@type\":\"Article\",\"@id\":\"https:\\\/\\\/www.accidentdutravail-idf.net\\\/blog\\\/gauche-france-certains-paient-le-prix-de-la-crise-dautres-en-nupes-gauche-ffe_ps\\\/#article\",\"isPartOf\":{\"@id\":\"https:\\\/\\\/www.accidentdutravail-idf.net\\\/blog\\\/gauche-france-certains-paient-le-prix-de-la-crise-dautres-en-nupes-gauche-ffe_ps\\\/\"},\"author\":{\"name\":\"Roxane BARLER\",\"@id\":\"https:\\\/\\\/www.accidentdutravail-idf.net\\\/blog\\\/#\\\/schema\\\/person\\\/73aa09ba2db8f06bf1debf3a872bd6f9\"},\"headline\":\"Gauche France: Certains paient le prix de la crise, d\u2019autres en \u2026 #nupes #gauche @FFE_PS\",\"datePublished\":\"2022-09-12T05:47:57+00:00\",\"mainEntityOfPage\":{\"@id\":\"https:\\\/\\\/www.accidentdutravail-idf.net\\\/blog\\\/gauche-france-certains-paient-le-prix-de-la-crise-dautres-en-nupes-gauche-ffe_ps\\\/\"},\"wordCount\":234,\"publisher\":{\"@id\":\"https:\\\/\\\/www.accidentdutravail-idf.net\\\/blog\\\/#organization\"},\"image\":{\"@id\":\"https:\\\/\\\/www.accidentdutravail-idf.net\\\/blog\\\/gauche-france-certains-paient-le-prix-de-la-crise-dautres-en-nupes-gauche-ffe_ps\\\/#primaryimage\"},\"thumbnailUrl\":\"https:\\\/\\\/www.accidentdutravail-idf.net\\\/blog\\\/wp-content\\\/uploads\\\/2022\\\/10\\\/gauche-france-certains-paient-le-prix-de-la-crise-dautres-en-nupes-gauche-ffe_ps.jpg\",\"articleSection\":[\"S\u00e9curit\u00e9 Du Travail En Ile-De-France Communiqu\u00e9s:\"],\"inLanguage\":\"fr-FR\"},{\"@type\":\"WebPage\",\"@id\":\"https:\\\/\\\/www.accidentdutravail-idf.net\\\/blog\\\/gauche-france-certains-paient-le-prix-de-la-crise-dautres-en-nupes-gauche-ffe_ps\\\/\",\"url\":\"https:\\\/\\\/www.accidentdutravail-idf.net\\\/blog\\\/gauche-france-certains-paient-le-prix-de-la-crise-dautres-en-nupes-gauche-ffe_ps\\\/\",\"name\":\"Gauche France: Certains paient le prix de la crise, d\u2019autres en \u2026 #nupes #gauche @FFE_PS - ACCIDENTDUTRAVAIL-IDF\",\"isPartOf\":{\"@id\":\"https:\\\/\\\/www.accidentdutravail-idf.net\\\/blog\\\/#website\"},\"primaryImageOfPage\":{\"@id\":\"https:\\\/\\\/www.accidentdutravail-idf.net\\\/blog\\\/gauche-france-certains-paient-le-prix-de-la-crise-dautres-en-nupes-gauche-ffe_ps\\\/#primaryimage\"},\"image\":{\"@id\":\"https:\\\/\\\/www.accidentdutravail-idf.net\\\/blog\\\/gauche-france-certains-paient-le-prix-de-la-crise-dautres-en-nupes-gauche-ffe_ps\\\/#primaryimage\"},\"thumbnailUrl\":\"https:\\\/\\\/www.accidentdutravail-idf.net\\\/blog\\\/wp-content\\\/uploads\\\/2022\\\/10\\\/gauche-france-certains-paient-le-prix-de-la-crise-dautres-en-nupes-gauche-ffe_ps.jpg\",\"datePublished\":\"2022-09-12T05:47:57+00:00\",\"description\":\"Gauche France: Certains paient le prix de la crise, d\u2019autres en \u2026 #nupes #gauche @FFE_PS article de ACCIDENTDUTRAVAIL-IDF\",\"breadcrumb\":{\"@id\":\"https:\\\/\\\/www.accidentdutravail-idf.net\\\/blog\\\/gauche-france-certains-paient-le-prix-de-la-crise-dautres-en-nupes-gauche-ffe_ps\\\/#breadcrumb\"},\"inLanguage\":\"fr-FR\",\"potentialAction\":[{\"@type\":\"ReadAction\",\"target\":[\"https:\\\/\\\/www.accidentdutravail-idf.net\\\/blog\\\/gauche-france-certains-paient-le-prix-de-la-crise-dautres-en-nupes-gauche-ffe_ps\\\/\"]}]},{\"@type\":\"ImageObject\",\"inLanguage\":\"fr-FR\",\"@id\":\"https:\\\/\\\/www.accidentdutravail-idf.net\\\/blog\\\/gauche-france-certains-paient-le-prix-de-la-crise-dautres-en-nupes-gauche-ffe_ps\\\/#primaryimage\",\"url\":\"https:\\\/\\\/www.accidentdutravail-idf.net\\\/blog\\\/wp-content\\\/uploads\\\/2022\\\/10\\\/gauche-france-certains-paient-le-prix-de-la-crise-dautres-en-nupes-gauche-ffe_ps.jpg\",\"contentUrl\":\"https:\\\/\\\/www.accidentdutravail-idf.net\\\/blog\\\/wp-content\\\/uploads\\\/2022\\\/10\\\/gauche-france-certains-paient-le-prix-de-la-crise-dautres-en-nupes-gauche-ffe_ps.jpg\",\"width\":800,\"height\":533,\"caption\":\"gauche france certains paient le prix de la crise dautres en nupes gauche ffe ps\"},{\"@type\":\"BreadcrumbList\",\"@id\":\"https:\\\/\\\/www.accidentdutravail-idf.net\\\/blog\\\/gauche-france-certains-paient-le-prix-de-la-crise-dautres-en-nupes-gauche-ffe_ps\\\/#breadcrumb\",\"itemListElement\":[{\"@type\":\"ListItem\",\"position\":1,\"name\":\"Accueil\",\"item\":\"https:\\\/\\\/www.accidentdutravail-idf.net\\\/blog\\\/\"},{\"@type\":\"ListItem\",\"position\":2,\"name\":\"Gauche France: Certains paient le prix de la crise, d\u2019autres en \u2026 #nupes #gauche @FFE_PS\"}]},{\"@type\":\"WebSite\",\"@id\":\"https:\\\/\\\/www.accidentdutravail-idf.net\\\/blog\\\/#website\",\"url\":\"https:\\\/\\\/www.accidentdutravail-idf.net\\\/blog\\\/\",\"name\":\"ACCIDENTDUTRAVAIL-IDF\",\"description\":\"Portail accidents du travail-maladies professionnelles des entreprises d&#039;Ile-de-France\",\"publisher\":{\"@id\":\"https:\\\/\\\/www.accidentdutravail-idf.net\\\/blog\\\/#organization\"},\"potentialAction\":[{\"@type\":\"SearchAction\",\"target\":{\"@type\":\"EntryPoint\",\"urlTemplate\":\"https:\\\/\\\/www.accidentdutravail-idf.net\\\/blog\\\/?s={search_term_string}\"},\"query-input\":{\"@type\":\"PropertyValueSpecification\",\"valueRequired\":true,\"valueName\":\"search_term_string\"}}],\"inLanguage\":\"fr-FR\"},{\"@type\":\"Organization\",\"@id\":\"https:\\\/\\\/www.accidentdutravail-idf.net\\\/blog\\\/#organization\",\"name\":\"accidentdutravail-idf\",\"url\":\"https:\\\/\\\/www.accidentdutravail-idf.net\\\/blog\\\/\",\"logo\":{\"@type\":\"ImageObject\",\"inLanguage\":\"fr-FR\",\"@id\":\"https:\\\/\\\/www.accidentdutravail-idf.net\\\/blog\\\/#\\\/schema\\\/logo\\\/image\\\/\",\"url\":\"https:\\\/\\\/www.accidentdutravail-idf.net\\\/blog\\\/wp-content\\\/uploads\\\/2022\\\/09\\\/logo-2.png\",\"contentUrl\":\"https:\\\/\\\/www.accidentdutravail-idf.net\\\/blog\\\/wp-content\\\/uploads\\\/2022\\\/09\\\/logo-2.png\",\"width\":380,\"height\":291,\"caption\":\"accidentdutravail-idf\"},\"image\":{\"@id\":\"https:\\\/\\\/www.accidentdutravail-idf.net\\\/blog\\\/#\\\/schema\\\/logo\\\/image\\\/\"}},{\"@type\":\"Person\",\"@id\":\"https:\\\/\\\/www.accidentdutravail-idf.net\\\/blog\\\/#\\\/schema\\\/person\\\/73aa09ba2db8f06bf1debf3a872bd6f9\",\"name\":\"Roxane BARLER\",\"image\":{\"@type\":\"ImageObject\",\"inLanguage\":\"fr-FR\",\"@id\":\"https:\\\/\\\/secure.gravatar.com\\\/avatar\\\/0167a3f2fdd1b1378a9aef148e68e7656ab41c7534176836deba3d1e5d6dc5df?s=96&d=mm&r=g\",\"url\":\"https:\\\/\\\/secure.gravatar.com\\\/avatar\\\/0167a3f2fdd1b1378a9aef148e68e7656ab41c7534176836deba3d1e5d6dc5df?s=96&d=mm&r=g\",\"contentUrl\":\"https:\\\/\\\/secure.gravatar.com\\\/avatar\\\/0167a3f2fdd1b1378a9aef148e68e7656ab41c7534176836deba3d1e5d6dc5df?s=96&d=mm&r=g\",\"caption\":\"Roxane BARLER\"},\"url\":\"https:\\\/\\\/www.accidentdutravail-idf.net\\\/blog\\\/author\\\/idfroxane\\\/\"}]}<\/script>\n<!-- \/ Yoast SEO plugin. -->","yoast_head_json":{"title":"Gauche France: Certains paient le prix de la crise, d\u2019autres en \u2026 #nupes #gauche @FFE_PS - ACCIDENTDUTRAVAIL-IDF","description":"Gauche France: Certains paient le prix de la crise, d\u2019autres en \u2026 #nupes #gauche @FFE_PS article de ACCIDENTDUTRAVAIL-IDF","robots":{"index":"index","follow":"follow","max-snippet":"max-snippet:-1","max-image-preview":"max-image-preview:large","max-video-preview":"max-video-preview:-1"},"canonical":"https:\/\/www.accidentdutravail-idf.net\/blog\/gauche-france-certains-paient-le-prix-de-la-crise-dautres-en-nupes-gauche-ffe_ps\/","og_locale":"fr_FR","og_type":"article","og_title":"Gauche France: Certains paient le prix de la crise, d\u2019autres en \u2026 #nupes #gauche @FFE_PS - ACCIDENTDUTRAVAIL-IDF","og_description":"Gauche France: Certains paient le prix de la crise, d\u2019autres en \u2026 #nupes #gauche @FFE_PS article de ACCIDENTDUTRAVAIL-IDF","og_url":"https:\/\/www.accidentdutravail-idf.net\/blog\/gauche-france-certains-paient-le-prix-de-la-crise-dautres-en-nupes-gauche-ffe_ps\/","og_site_name":"ACCIDENTDUTRAVAIL-IDF","article_published_time":"2022-09-12T05:47:57+00:00","author":"Roxane BARLER","twitter_card":"summary_large_image","twitter_misc":{"\u00c9crit par":"Roxane BARLER","Dur\u00e9e de lecture estim\u00e9e":"1 minute"},"schema":{"@context":"https:\/\/schema.org","@graph":[{"@type":"Article","@id":"https:\/\/www.accidentdutravail-idf.net\/blog\/gauche-france-certains-paient-le-prix-de-la-crise-dautres-en-nupes-gauche-ffe_ps\/#article","isPartOf":{"@id":"https:\/\/www.accidentdutravail-idf.net\/blog\/gauche-france-certains-paient-le-prix-de-la-crise-dautres-en-nupes-gauche-ffe_ps\/"},"author":{"name":"Roxane BARLER","@id":"https:\/\/www.accidentdutravail-idf.net\/blog\/#\/schema\/person\/73aa09ba2db8f06bf1debf3a872bd6f9"},"headline":"Gauche France: Certains paient le prix de la crise, d\u2019autres en \u2026 #nupes #gauche @FFE_PS","datePublished":"2022-09-12T05:47:57+00:00","mainEntityOfPage":{"@id":"https:\/\/www.accidentdutravail-idf.net\/blog\/gauche-france-certains-paient-le-prix-de-la-crise-dautres-en-nupes-gauche-ffe_ps\/"},"wordCount":234,"publisher":{"@id":"https:\/\/www.accidentdutravail-idf.net\/blog\/#organization"},"image":{"@id":"https:\/\/www.accidentdutravail-idf.net\/blog\/gauche-france-certains-paient-le-prix-de-la-crise-dautres-en-nupes-gauche-ffe_ps\/#primaryimage"},"thumbnailUrl":"https:\/\/www.accidentdutravail-idf.net\/blog\/wp-content\/uploads\/2022\/10\/gauche-france-certains-paient-le-prix-de-la-crise-dautres-en-nupes-gauche-ffe_ps.jpg","articleSection":["S\u00e9curit\u00e9 Du Travail En Ile-De-France Communiqu\u00e9s:"],"inLanguage":"fr-FR"},{"@type":"WebPage","@id":"https:\/\/www.accidentdutravail-idf.net\/blog\/gauche-france-certains-paient-le-prix-de-la-crise-dautres-en-nupes-gauche-ffe_ps\/","url":"https:\/\/www.accidentdutravail-idf.net\/blog\/gauche-france-certains-paient-le-prix-de-la-crise-dautres-en-nupes-gauche-ffe_ps\/","name":"Gauche France: Certains paient le prix de la crise, d\u2019autres en \u2026 #nupes #gauche @FFE_PS - ACCIDENTDUTRAVAIL-IDF","isPartOf":{"@id":"https:\/\/www.accidentdutravail-idf.net\/blog\/#website"},"primaryImageOfPage":{"@id":"https:\/\/www.accidentdutravail-idf.net\/blog\/gauche-france-certains-paient-le-prix-de-la-crise-dautres-en-nupes-gauche-ffe_ps\/#primaryimage"},"image":{"@id":"https:\/\/www.accidentdutravail-idf.net\/blog\/gauche-france-certains-paient-le-prix-de-la-crise-dautres-en-nupes-gauche-ffe_ps\/#primaryimage"},"thumbnailUrl":"https:\/\/www.accidentdutravail-idf.net\/blog\/wp-content\/uploads\/2022\/10\/gauche-france-certains-paient-le-prix-de-la-crise-dautres-en-nupes-gauche-ffe_ps.jpg","datePublished":"2022-09-12T05:47:57+00:00","description":"Gauche France: Certains paient le prix de la crise, d\u2019autres en \u2026 #nupes #gauche @FFE_PS article de ACCIDENTDUTRAVAIL-IDF","breadcrumb":{"@id":"https:\/\/www.accidentdutravail-idf.net\/blog\/gauche-france-certains-paient-le-prix-de-la-crise-dautres-en-nupes-gauche-ffe_ps\/#breadcrumb"},"inLanguage":"fr-FR","potentialAction":[{"@type":"ReadAction","target":["https:\/\/www.accidentdutravail-idf.net\/blog\/gauche-france-certains-paient-le-prix-de-la-crise-dautres-en-nupes-gauche-ffe_ps\/"]}]},{"@type":"ImageObject","inLanguage":"fr-FR","@id":"https:\/\/www.accidentdutravail-idf.net\/blog\/gauche-france-certains-paient-le-prix-de-la-crise-dautres-en-nupes-gauche-ffe_ps\/#primaryimage","url":"https:\/\/www.accidentdutravail-idf.net\/blog\/wp-content\/uploads\/2022\/10\/gauche-france-certains-paient-le-prix-de-la-crise-dautres-en-nupes-gauche-ffe_ps.jpg","contentUrl":"https:\/\/www.accidentdutravail-idf.net\/blog\/wp-content\/uploads\/2022\/10\/gauche-france-certains-paient-le-prix-de-la-crise-dautres-en-nupes-gauche-ffe_ps.jpg","width":800,"height":533,"caption":"gauche france certains paient le prix de la crise dautres en nupes gauche ffe ps"},{"@type":"BreadcrumbList","@id":"https:\/\/www.accidentdutravail-idf.net\/blog\/gauche-france-certains-paient-le-prix-de-la-crise-dautres-en-nupes-gauche-ffe_ps\/#breadcrumb","itemListElement":[{"@type":"ListItem","position":1,"name":"Accueil","item":"https:\/\/www.accidentdutravail-idf.net\/blog\/"},{"@type":"ListItem","position":2,"name":"Gauche France: Certains paient le prix de la crise, d\u2019autres en \u2026 #nupes #gauche @FFE_PS"}]},{"@type":"WebSite","@id":"https:\/\/www.accidentdutravail-idf.net\/blog\/#website","url":"https:\/\/www.accidentdutravail-idf.net\/blog\/","name":"ACCIDENTDUTRAVAIL-IDF","description":"Portail accidents du travail-maladies professionnelles des entreprises d&#039;Ile-de-France","publisher":{"@id":"https:\/\/www.accidentdutravail-idf.net\/blog\/#organization"},"potentialAction":[{"@type":"SearchAction","target":{"@type":"EntryPoint","urlTemplate":"https:\/\/www.accidentdutravail-idf.net\/blog\/?s={search_term_string}"},"query-input":{"@type":"PropertyValueSpecification","valueRequired":true,"valueName":"search_term_string"}}],"inLanguage":"fr-FR"},{"@type":"Organization","@id":"https:\/\/www.accidentdutravail-idf.net\/blog\/#organization","name":"accidentdutravail-idf","url":"https:\/\/www.accidentdutravail-idf.net\/blog\/","logo":{"@type":"ImageObject","inLanguage":"fr-FR","@id":"https:\/\/www.accidentdutravail-idf.net\/blog\/#\/schema\/logo\/image\/","url":"https:\/\/www.accidentdutravail-idf.net\/blog\/wp-content\/uploads\/2022\/09\/logo-2.png","contentUrl":"https:\/\/www.accidentdutravail-idf.net\/blog\/wp-content\/uploads\/2022\/09\/logo-2.png","width":380,"height":291,"caption":"accidentdutravail-idf"},"image":{"@id":"https:\/\/www.accidentdutravail-idf.net\/blog\/#\/schema\/logo\/image\/"}},{"@type":"Person","@id":"https:\/\/www.accidentdutravail-idf.net\/blog\/#\/schema\/person\/73aa09ba2db8f06bf1debf3a872bd6f9","name":"Roxane BARLER","image":{"@type":"ImageObject","inLanguage":"fr-FR","@id":"https:\/\/secure.gravatar.com\/avatar\/0167a3f2fdd1b1378a9aef148e68e7656ab41c7534176836deba3d1e5d6dc5df?s=96&d=mm&r=g","url":"https:\/\/secure.gravatar.com\/avatar\/0167a3f2fdd1b1378a9aef148e68e7656ab41c7534176836deba3d1e5d6dc5df?s=96&d=mm&r=g","contentUrl":"https:\/\/secure.gravatar.com\/avatar\/0167a3f2fdd1b1378a9aef148e68e7656ab41c7534176836deba3d1e5d6dc5df?s=96&d=mm&r=g","caption":"Roxane BARLER"},"url":"https:\/\/www.accidentdutravail-idf.net\/blog\/author\/idfroxane\/"}]}},"_links":{"self":[{"href":"https:\/\/www.accidentdutravail-idf.net\/blog\/wp-json\/wp\/v2\/posts\/82","targetHints":{"allow":["GET"]}}],"collection":[{"href":"https:\/\/www.accidentdutravail-idf.net\/blog\/wp-json\/wp\/v2\/posts"}],"about":[{"href":"https:\/\/www.accidentdutravail-idf.net\/blog\/wp-json\/wp\/v2\/types\/post"}],"author":[{"embeddable":true,"href":"https:\/\/www.accidentdutravail-idf.net\/blog\/wp-json\/wp\/v2\/users\/3"}],"replies":[{"embeddable":true,"href":"https:\/\/www.accidentdutravail-idf.net\/blog\/wp-json\/wp\/v2\/comments?post=82"}],"version-history":[{"count":0,"href":"https:\/\/www.accidentdutravail-idf.net\/blog\/wp-json\/wp\/v2\/posts\/82\/revisions"}],"wp:featuredmedia":[{"embeddable":true,"href":"https:\/\/www.accidentdutravail-idf.net\/blog\/wp-json\/wp\/v2\/media\/83"}],"wp:attachment":[{"href":"https:\/\/www.accidentdutravail-idf.net\/blog\/wp-json\/wp\/v2\/media?parent=82"}],"wp:term":[{"taxonomy":"category","embeddable":true,"href":"https:\/\/www.accidentdutravail-idf.net\/blog\/wp-json\/wp\/v2\/categories?post=82"},{"taxonomy":"post_tag","embeddable":true,"href":"https:\/\/www.accidentdutravail-idf.net\/blog\/wp-json\/wp\/v2\/tags?post=82"}],"curies":[{"name":"wp","href":"https:\/\/api.w.org\/{rel}","templated":true}]}}