{"id":814,"date":"2024-09-22T12:01:00","date_gmt":"2024-09-22T10:01:00","guid":{"rendered":"https:\/\/www.accidentdutravail-idf.net\/blog\/un-motard-blesse-et-medicalise-par-les-secours-apres-un-accident-dans-une-zone-de-travaux-pres-de-toulouse\/"},"modified":"2024-09-22T12:01:00","modified_gmt":"2024-09-22T10:01:00","slug":"un-motard-blesse-et-medicalise-par-les-secours-apres-un-accident-dans-une-zone-de-travaux-pres-de-toulouse","status":"publish","type":"post","link":"https:\/\/www.accidentdutravail-idf.net\/blog\/un-motard-blesse-et-medicalise-par-les-secours-apres-un-accident-dans-une-zone-de-travaux-pres-de-toulouse\/","title":{"rendered":"Un motard bless\u00e9 et m\u00e9dicalis\u00e9 par les secours apr\u00e8s un accident dans une zone de travaux pr\u00e8s de Toulouse"},"content":{"rendered":"<div><img decoding=\"async\" src=\"https:\/\/www.accidentdutravail-idf.net\/blog\/wp-content\/uploads\/2024\/09\/un-motard-blesse-et-medicalise-par-les-secours-apres-un-accident-dans-une-zone-de-travaux-pres-de-toulouse.jpg\" class=\"ff-og-image-inserted\"><\/div>\n<div class=\"ac-article-date\"> Par <strong> <a href=\"https:\/\/actu.fr\/auteur\/paul-2\" title=\"Consulter tous les articles de Paul Halbedel\" target=\"_blank\" rel=\"nofollow\">Paul Halbedel<\/a> <\/strong> <span> Publi\u00e9 le  22 sept. 2024 \u00e0 19h01  <\/span>\n<\/div>\n<p> <span class=\"ac-article-follow__link\" data-trk=\"{&quot;cta&quot;:{&quot;action&quot;:&quot;https:\\\/\\\/actu.fr\\\/mon-actu&quot;,&quot;category&quot;:&quot;mon compte&quot;,&quot;from&quot;:&quot;article header&quot;,&quot;name&quot;:&quot;Voir mon actu&quot;,&quot;type&quot;:&quot;cta&quot;}}\">Voir mon actu<\/span> <button type=\"button\" class=\"ac-btn ac-btn--mini ac-btn--blue ac-icon--star-empty\" data-follow=\"Suivre Voix du Midi Lauragais\" data-unfollow=\"Retirer\">Suivre Voix du Midi Lauragais<\/button>\n<\/p>\n<p>Les pompiers ont \u00e9t\u00e9 alert\u00e9s vers minuit par des t\u00e9moins de l\u2019accident. Dans la nuit du samedi 21 au dimanche 22 septembre, <strong>le conducteur d\u2019une moto a chut\u00e9 sur la chauss\u00e9e<\/strong> alors qu\u2019il circulait sur la <strong>D16<\/strong> \u00e0 hauteur de la commune d\u2019<a href=\"https:\/\/actu.fr\/occitanie\/escalquens_31169\/\" target=\"_blank\" rel=\"nofollow\">Escalquens<\/a>, au sud-est de Toulouse.<\/p>\n<p>Les faits ont eu lieu \u00e0 proximit\u00e9 du <strong>carrefour de la Cousquille<\/strong>. Cette portion de route d\u00e9partementale est actuellement en travaux, avec une circulation provisoirement en sens unique et un balisage du chantier \u00e0 l\u2019aide de plusieurs panneaux et barri\u00e8res le long de la chauss\u00e9e.<\/p>\n<div class=\"ac-article-to-read\">\n<p>\u00c0 lire aussi<\/p>\n<\/div>\n<h2>Une suspicion de fracture ouverte<\/h2>\n<p>\u00c0 leur arriv\u00e9e sur les lieux, les secours ont pris en charge ce motard \u00e2g\u00e9 de<strong> 25&nbsp;ans<\/strong>. La gendarmerie \u00e9tait aussi pr\u00e9sente sur place pour r\u00e9guler la circulation et effectuer les premi\u00e8res constatations.<\/p>\n<p>Apr\u00e8s examen de la victime, une <strong>fracture ouverte de la jambe<\/strong> a \u00e9t\u00e9 suspect\u00e9e. D\u00e9ploy\u00e9e sur les lieux de l\u2019accident, c\u2019est la <strong>Structure mobile d\u2019urgence et de r\u00e9animation (SMUR)<\/strong> qui a assur\u00e9 la m\u00e9dicalisation du jeune homme, pr\u00e9cise le Service d\u00e9partemental d\u2019incendie et de secours de Haute-Garonne \u00e0 <a href=\"https:\/\/actu.fr\/voix-du-midi-lauragais\/\" target=\"_blank\" rel=\"nofollow\"><em>Voix du Midi Lauragais<\/em><\/a>.<\/p>\n<p><i>Suivez toute l\u2019actualit\u00e9 de vos villes et m\u00e9dias favoris en vous inscrivant \u00e0 <a href=\"https:\/\/moncompte.actu.fr\" title=\"D\u00e9couvez Mon Actu\" rel=\"nofollow\" data-trk=\"{&quot;cta&quot;:{&quot;action&quot;:&quot;https:\\\/\\\/moncompte.actu.fr&quot;,&quot;category&quot;:&quot;mon compte&quot;,&quot;from&quot;:&quot;article footer&quot;,&quot;name&quot;:&quot;Mon actu&quot;,&quot;type&quot;:&quot;cta&quot;}}\" target=\"_blank\">Mon Actu<\/a>.<\/i><\/p>\n<p> accidentdutravail-idf.net vous a pr\u00e9par\u00e9 ce post qui informe du sujet \u00ab\u00a0Association Sportive Huisson-Longueville Essonne\u00a0\u00bb. La chronique se veut g\u00e9n\u00e9r\u00e9e du mieux possible. Vous pouvez utiliser les coordonn\u00e9es indiqu\u00e9es sur le site dans le but d\u2019apporter des explications sur ce post qui parle du th\u00e8me \u00ab\u00a0Association Sportive Huisson-Longueville Essonne\u00a0\u00bb. Le site accidentdutravail-idf.net a pour but de fournir diverses publications sur la th\u00e9matique Association Sportive Huisson-Longueville Essonne diffus\u00e9es sur le net. Il y aura plusieurs articles autour du sujet \u00ab\u00a0Association Sportive Huisson-Longueville Essonne\u00a0\u00bb dans quelques jours, nous vous invitons \u00e0 naviguer sur notre site web \u00e0 plusieurs reprises.<\/p>\n","protected":false},"excerpt":{"rendered":"<p>Par Paul Halbedel Publi\u00e9 le 22 sept. 2024 \u00e0 19h01 Voir mon actu Suivre Voix du Midi Lauragais Les pompiers ont \u00e9t\u00e9 alert\u00e9s vers minuit par des t\u00e9moins de l\u2019accident. Dans la nuit du samedi 21 au dimanche 22 septembre, le conducteur d\u2019une moto a chut\u00e9 sur la chauss\u00e9e alors qu\u2019il circulait sur la D16 &hellip; <\/p>\n<p class=\"link-more\"><a href=\"https:\/\/www.accidentdutravail-idf.net\/blog\/un-motard-blesse-et-medicalise-par-les-secours-apres-un-accident-dans-une-zone-de-travaux-pres-de-toulouse\/\" class=\"more-link\">Continuer la lecture <span class=\"screen-reader-text\"> \u00ab\u00a0Un motard bless\u00e9 et m\u00e9dicalis\u00e9 par les secours apr\u00e8s un accident dans une zone de travaux pr\u00e8s de Toulouse\u00a0\u00bb<\/span><\/a><\/p>\n","protected":false},"author":2,"featured_media":0,"comment_status":"closed","ping_status":"closed","sticky":false,"template":"","format":"standard","meta":{"footnotes":""},"categories":[5],"tags":[],"class_list":["post-814","post","type-post","status-publish","format-standard","hentry","category-securite-du-travail-en-ile-de-france-et-divers","entry"],"yoast_head":"<!-- This site is optimized with the Yoast SEO plugin v27.5 - https:\/\/yoast.com\/product\/yoast-seo-wordpress\/ -->\n<title>Un motard bless\u00e9 et m\u00e9dicalis\u00e9 par les secours apr\u00e8s un accident dans une zone de travaux pr\u00e8s de Toulouse - ACCIDENTDUTRAVAIL-IDF<\/title>\n<meta name=\"description\" content=\"Un motard bless\u00e9 et m\u00e9dicalis\u00e9 par les secours apr\u00e8s un accident dans une zone de travaux pr\u00e8s de Toulouse article de ACCIDENTDUTRAVAIL-IDF\" \/>\n<meta name=\"robots\" content=\"index, follow, max-snippet:-1, max-image-preview:large, max-video-preview:-1\" \/>\n<link rel=\"canonical\" href=\"https:\/\/www.accidentdutravail-idf.net\/blog\/un-motard-blesse-et-medicalise-par-les-secours-apres-un-accident-dans-une-zone-de-travaux-pres-de-toulouse\/\" \/>\n<meta property=\"og:locale\" content=\"fr_FR\" \/>\n<meta property=\"og:type\" content=\"article\" \/>\n<meta property=\"og:title\" content=\"Un motard bless\u00e9 et m\u00e9dicalis\u00e9 par les secours apr\u00e8s un accident dans une zone de travaux pr\u00e8s de Toulouse - ACCIDENTDUTRAVAIL-IDF\" \/>\n<meta property=\"og:description\" content=\"Un motard bless\u00e9 et m\u00e9dicalis\u00e9 par les secours apr\u00e8s un accident dans une zone de travaux pr\u00e8s de Toulouse article de ACCIDENTDUTRAVAIL-IDF\" \/>\n<meta property=\"og:url\" content=\"https:\/\/www.accidentdutravail-idf.net\/blog\/un-motard-blesse-et-medicalise-par-les-secours-apres-un-accident-dans-une-zone-de-travaux-pres-de-toulouse\/\" \/>\n<meta property=\"og:site_name\" content=\"ACCIDENTDUTRAVAIL-IDF\" \/>\n<meta property=\"article:published_time\" content=\"2024-09-22T10:01:00+00:00\" \/>\n<meta property=\"og:image\" content=\"https:\/\/www.accidentdutravail-idf.net\/blog\/wp-content\/uploads\/2024\/09\/un-motard-blesse-et-medicalise-par-les-secours-apres-un-accident-dans-une-zone-de-travaux-pres-de-toulouse.jpg\" \/>\n<meta name=\"author\" content=\"Carlos Poulain\" \/>\n<meta name=\"twitter:card\" content=\"summary_large_image\" \/>\n<meta name=\"twitter:label1\" content=\"\u00c9crit par\" \/>\n\t<meta name=\"twitter:data1\" content=\"Carlos Poulain\" \/>\n\t<meta name=\"twitter:label2\" content=\"Dur\u00e9e de lecture estim\u00e9e\" \/>\n\t<meta name=\"twitter:data2\" content=\"2 minutes\" \/>\n<script type=\"application\/ld+json\" class=\"yoast-schema-graph\">{\"@context\":\"https:\\\/\\\/schema.org\",\"@graph\":[{\"@type\":\"Article\",\"@id\":\"https:\\\/\\\/www.accidentdutravail-idf.net\\\/blog\\\/un-motard-blesse-et-medicalise-par-les-secours-apres-un-accident-dans-une-zone-de-travaux-pres-de-toulouse\\\/#article\",\"isPartOf\":{\"@id\":\"https:\\\/\\\/www.accidentdutravail-idf.net\\\/blog\\\/un-motard-blesse-et-medicalise-par-les-secours-apres-un-accident-dans-une-zone-de-travaux-pres-de-toulouse\\\/\"},\"author\":{\"name\":\"Carlos Poulain\",\"@id\":\"https:\\\/\\\/www.accidentdutravail-idf.net\\\/blog\\\/#\\\/schema\\\/person\\\/3255d2f970de45e64bd9201f38e7b947\"},\"headline\":\"Un motard bless\u00e9 et m\u00e9dicalis\u00e9 par les secours apr\u00e8s un accident dans une zone de travaux pr\u00e8s de Toulouse\",\"datePublished\":\"2024-09-22T10:01:00+00:00\",\"mainEntityOfPage\":{\"@id\":\"https:\\\/\\\/www.accidentdutravail-idf.net\\\/blog\\\/un-motard-blesse-et-medicalise-par-les-secours-apres-un-accident-dans-une-zone-de-travaux-pres-de-toulouse\\\/\"},\"wordCount\":364,\"publisher\":{\"@id\":\"https:\\\/\\\/www.accidentdutravail-idf.net\\\/blog\\\/#organization\"},\"image\":{\"@id\":\"https:\\\/\\\/www.accidentdutravail-idf.net\\\/blog\\\/un-motard-blesse-et-medicalise-par-les-secours-apres-un-accident-dans-une-zone-de-travaux-pres-de-toulouse\\\/#primaryimage\"},\"thumbnailUrl\":\"https:\\\/\\\/www.accidentdutravail-idf.net\\\/blog\\\/wp-content\\\/uploads\\\/2024\\\/09\\\/un-motard-blesse-et-medicalise-par-les-secours-apres-un-accident-dans-une-zone-de-travaux-pres-de-toulouse.jpg\",\"articleSection\":[\"S\u00e9curit\u00e9 Du Travail En Ile-De-France Et Divers:\"],\"inLanguage\":\"fr-FR\"},{\"@type\":\"WebPage\",\"@id\":\"https:\\\/\\\/www.accidentdutravail-idf.net\\\/blog\\\/un-motard-blesse-et-medicalise-par-les-secours-apres-un-accident-dans-une-zone-de-travaux-pres-de-toulouse\\\/\",\"url\":\"https:\\\/\\\/www.accidentdutravail-idf.net\\\/blog\\\/un-motard-blesse-et-medicalise-par-les-secours-apres-un-accident-dans-une-zone-de-travaux-pres-de-toulouse\\\/\",\"name\":\"Un motard bless\u00e9 et m\u00e9dicalis\u00e9 par les secours apr\u00e8s un accident dans une zone de travaux pr\u00e8s de Toulouse - ACCIDENTDUTRAVAIL-IDF\",\"isPartOf\":{\"@id\":\"https:\\\/\\\/www.accidentdutravail-idf.net\\\/blog\\\/#website\"},\"primaryImageOfPage\":{\"@id\":\"https:\\\/\\\/www.accidentdutravail-idf.net\\\/blog\\\/un-motard-blesse-et-medicalise-par-les-secours-apres-un-accident-dans-une-zone-de-travaux-pres-de-toulouse\\\/#primaryimage\"},\"image\":{\"@id\":\"https:\\\/\\\/www.accidentdutravail-idf.net\\\/blog\\\/un-motard-blesse-et-medicalise-par-les-secours-apres-un-accident-dans-une-zone-de-travaux-pres-de-toulouse\\\/#primaryimage\"},\"thumbnailUrl\":\"https:\\\/\\\/www.accidentdutravail-idf.net\\\/blog\\\/wp-content\\\/uploads\\\/2024\\\/09\\\/un-motard-blesse-et-medicalise-par-les-secours-apres-un-accident-dans-une-zone-de-travaux-pres-de-toulouse.jpg\",\"datePublished\":\"2024-09-22T10:01:00+00:00\",\"description\":\"Un motard bless\u00e9 et m\u00e9dicalis\u00e9 par les secours apr\u00e8s un accident dans une zone de travaux pr\u00e8s de Toulouse article de ACCIDENTDUTRAVAIL-IDF\",\"breadcrumb\":{\"@id\":\"https:\\\/\\\/www.accidentdutravail-idf.net\\\/blog\\\/un-motard-blesse-et-medicalise-par-les-secours-apres-un-accident-dans-une-zone-de-travaux-pres-de-toulouse\\\/#breadcrumb\"},\"inLanguage\":\"fr-FR\",\"potentialAction\":[{\"@type\":\"ReadAction\",\"target\":[\"https:\\\/\\\/www.accidentdutravail-idf.net\\\/blog\\\/un-motard-blesse-et-medicalise-par-les-secours-apres-un-accident-dans-une-zone-de-travaux-pres-de-toulouse\\\/\"]}]},{\"@type\":\"ImageObject\",\"inLanguage\":\"fr-FR\",\"@id\":\"https:\\\/\\\/www.accidentdutravail-idf.net\\\/blog\\\/un-motard-blesse-et-medicalise-par-les-secours-apres-un-accident-dans-une-zone-de-travaux-pres-de-toulouse\\\/#primaryimage\",\"url\":\"https:\\\/\\\/www.accidentdutravail-idf.net\\\/blog\\\/wp-content\\\/uploads\\\/2024\\\/09\\\/un-motard-blesse-et-medicalise-par-les-secours-apres-un-accident-dans-une-zone-de-travaux-pres-de-toulouse.jpg\",\"contentUrl\":\"https:\\\/\\\/www.accidentdutravail-idf.net\\\/blog\\\/wp-content\\\/uploads\\\/2024\\\/09\\\/un-motard-blesse-et-medicalise-par-les-secours-apres-un-accident-dans-une-zone-de-travaux-pres-de-toulouse.jpg\"},{\"@type\":\"BreadcrumbList\",\"@id\":\"https:\\\/\\\/www.accidentdutravail-idf.net\\\/blog\\\/un-motard-blesse-et-medicalise-par-les-secours-apres-un-accident-dans-une-zone-de-travaux-pres-de-toulouse\\\/#breadcrumb\",\"itemListElement\":[{\"@type\":\"ListItem\",\"position\":1,\"name\":\"Accueil\",\"item\":\"https:\\\/\\\/www.accidentdutravail-idf.net\\\/blog\\\/\"},{\"@type\":\"ListItem\",\"position\":2,\"name\":\"Un motard bless\u00e9 et m\u00e9dicalis\u00e9 par les secours apr\u00e8s un accident dans une zone de travaux pr\u00e8s de Toulouse\"}]},{\"@type\":\"WebSite\",\"@id\":\"https:\\\/\\\/www.accidentdutravail-idf.net\\\/blog\\\/#website\",\"url\":\"https:\\\/\\\/www.accidentdutravail-idf.net\\\/blog\\\/\",\"name\":\"ACCIDENTDUTRAVAIL-IDF\",\"description\":\"Portail accidents du travail-maladies professionnelles des entreprises d&#039;Ile-de-France\",\"publisher\":{\"@id\":\"https:\\\/\\\/www.accidentdutravail-idf.net\\\/blog\\\/#organization\"},\"potentialAction\":[{\"@type\":\"SearchAction\",\"target\":{\"@type\":\"EntryPoint\",\"urlTemplate\":\"https:\\\/\\\/www.accidentdutravail-idf.net\\\/blog\\\/?s={search_term_string}\"},\"query-input\":{\"@type\":\"PropertyValueSpecification\",\"valueRequired\":true,\"valueName\":\"search_term_string\"}}],\"inLanguage\":\"fr-FR\"},{\"@type\":\"Organization\",\"@id\":\"https:\\\/\\\/www.accidentdutravail-idf.net\\\/blog\\\/#organization\",\"name\":\"accidentdutravail-idf\",\"url\":\"https:\\\/\\\/www.accidentdutravail-idf.net\\\/blog\\\/\",\"logo\":{\"@type\":\"ImageObject\",\"inLanguage\":\"fr-FR\",\"@id\":\"https:\\\/\\\/www.accidentdutravail-idf.net\\\/blog\\\/#\\\/schema\\\/logo\\\/image\\\/\",\"url\":\"https:\\\/\\\/www.accidentdutravail-idf.net\\\/blog\\\/wp-content\\\/uploads\\\/2022\\\/09\\\/logo-2.png\",\"contentUrl\":\"https:\\\/\\\/www.accidentdutravail-idf.net\\\/blog\\\/wp-content\\\/uploads\\\/2022\\\/09\\\/logo-2.png\",\"width\":380,\"height\":291,\"caption\":\"accidentdutravail-idf\"},\"image\":{\"@id\":\"https:\\\/\\\/www.accidentdutravail-idf.net\\\/blog\\\/#\\\/schema\\\/logo\\\/image\\\/\"}},{\"@type\":\"Person\",\"@id\":\"https:\\\/\\\/www.accidentdutravail-idf.net\\\/blog\\\/#\\\/schema\\\/person\\\/3255d2f970de45e64bd9201f38e7b947\",\"name\":\"Carlos Poulain\",\"image\":{\"@type\":\"ImageObject\",\"inLanguage\":\"fr-FR\",\"@id\":\"https:\\\/\\\/secure.gravatar.com\\\/avatar\\\/b1c2f9d3588e34e91adb093635df64ef4b2381991216be7576466cfcdca4baf3?s=96&d=mm&r=g\",\"url\":\"https:\\\/\\\/secure.gravatar.com\\\/avatar\\\/b1c2f9d3588e34e91adb093635df64ef4b2381991216be7576466cfcdca4baf3?s=96&d=mm&r=g\",\"contentUrl\":\"https:\\\/\\\/secure.gravatar.com\\\/avatar\\\/b1c2f9d3588e34e91adb093635df64ef4b2381991216be7576466cfcdca4baf3?s=96&d=mm&r=g\",\"caption\":\"Carlos Poulain\"},\"url\":\"https:\\\/\\\/www.accidentdutravail-idf.net\\\/blog\\\/author\\\/idfcarlos\\\/\"}]}<\/script>\n<!-- \/ Yoast SEO plugin. -->","yoast_head_json":{"title":"Un motard bless\u00e9 et m\u00e9dicalis\u00e9 par les secours apr\u00e8s un accident dans une zone de travaux pr\u00e8s de Toulouse - ACCIDENTDUTRAVAIL-IDF","description":"Un motard bless\u00e9 et m\u00e9dicalis\u00e9 par les secours apr\u00e8s un accident dans une zone de travaux pr\u00e8s de Toulouse article de ACCIDENTDUTRAVAIL-IDF","robots":{"index":"index","follow":"follow","max-snippet":"max-snippet:-1","max-image-preview":"max-image-preview:large","max-video-preview":"max-video-preview:-1"},"canonical":"https:\/\/www.accidentdutravail-idf.net\/blog\/un-motard-blesse-et-medicalise-par-les-secours-apres-un-accident-dans-une-zone-de-travaux-pres-de-toulouse\/","og_locale":"fr_FR","og_type":"article","og_title":"Un motard bless\u00e9 et m\u00e9dicalis\u00e9 par les secours apr\u00e8s un accident dans une zone de travaux pr\u00e8s de Toulouse - ACCIDENTDUTRAVAIL-IDF","og_description":"Un motard bless\u00e9 et m\u00e9dicalis\u00e9 par les secours apr\u00e8s un accident dans une zone de travaux pr\u00e8s de Toulouse article de ACCIDENTDUTRAVAIL-IDF","og_url":"https:\/\/www.accidentdutravail-idf.net\/blog\/un-motard-blesse-et-medicalise-par-les-secours-apres-un-accident-dans-une-zone-de-travaux-pres-de-toulouse\/","og_site_name":"ACCIDENTDUTRAVAIL-IDF","article_published_time":"2024-09-22T10:01:00+00:00","og_image":[{"url":"https:\/\/www.accidentdutravail-idf.net\/blog\/wp-content\/uploads\/2024\/09\/un-motard-blesse-et-medicalise-par-les-secours-apres-un-accident-dans-une-zone-de-travaux-pres-de-toulouse.jpg","type":"","width":"","height":""}],"author":"Carlos Poulain","twitter_card":"summary_large_image","twitter_misc":{"\u00c9crit par":"Carlos Poulain","Dur\u00e9e de lecture estim\u00e9e":"2 minutes"},"schema":{"@context":"https:\/\/schema.org","@graph":[{"@type":"Article","@id":"https:\/\/www.accidentdutravail-idf.net\/blog\/un-motard-blesse-et-medicalise-par-les-secours-apres-un-accident-dans-une-zone-de-travaux-pres-de-toulouse\/#article","isPartOf":{"@id":"https:\/\/www.accidentdutravail-idf.net\/blog\/un-motard-blesse-et-medicalise-par-les-secours-apres-un-accident-dans-une-zone-de-travaux-pres-de-toulouse\/"},"author":{"name":"Carlos Poulain","@id":"https:\/\/www.accidentdutravail-idf.net\/blog\/#\/schema\/person\/3255d2f970de45e64bd9201f38e7b947"},"headline":"Un motard bless\u00e9 et m\u00e9dicalis\u00e9 par les secours apr\u00e8s un accident dans une zone de travaux pr\u00e8s de Toulouse","datePublished":"2024-09-22T10:01:00+00:00","mainEntityOfPage":{"@id":"https:\/\/www.accidentdutravail-idf.net\/blog\/un-motard-blesse-et-medicalise-par-les-secours-apres-un-accident-dans-une-zone-de-travaux-pres-de-toulouse\/"},"wordCount":364,"publisher":{"@id":"https:\/\/www.accidentdutravail-idf.net\/blog\/#organization"},"image":{"@id":"https:\/\/www.accidentdutravail-idf.net\/blog\/un-motard-blesse-et-medicalise-par-les-secours-apres-un-accident-dans-une-zone-de-travaux-pres-de-toulouse\/#primaryimage"},"thumbnailUrl":"https:\/\/www.accidentdutravail-idf.net\/blog\/wp-content\/uploads\/2024\/09\/un-motard-blesse-et-medicalise-par-les-secours-apres-un-accident-dans-une-zone-de-travaux-pres-de-toulouse.jpg","articleSection":["S\u00e9curit\u00e9 Du Travail En Ile-De-France Et Divers:"],"inLanguage":"fr-FR"},{"@type":"WebPage","@id":"https:\/\/www.accidentdutravail-idf.net\/blog\/un-motard-blesse-et-medicalise-par-les-secours-apres-un-accident-dans-une-zone-de-travaux-pres-de-toulouse\/","url":"https:\/\/www.accidentdutravail-idf.net\/blog\/un-motard-blesse-et-medicalise-par-les-secours-apres-un-accident-dans-une-zone-de-travaux-pres-de-toulouse\/","name":"Un motard bless\u00e9 et m\u00e9dicalis\u00e9 par les secours apr\u00e8s un accident dans une zone de travaux pr\u00e8s de Toulouse - ACCIDENTDUTRAVAIL-IDF","isPartOf":{"@id":"https:\/\/www.accidentdutravail-idf.net\/blog\/#website"},"primaryImageOfPage":{"@id":"https:\/\/www.accidentdutravail-idf.net\/blog\/un-motard-blesse-et-medicalise-par-les-secours-apres-un-accident-dans-une-zone-de-travaux-pres-de-toulouse\/#primaryimage"},"image":{"@id":"https:\/\/www.accidentdutravail-idf.net\/blog\/un-motard-blesse-et-medicalise-par-les-secours-apres-un-accident-dans-une-zone-de-travaux-pres-de-toulouse\/#primaryimage"},"thumbnailUrl":"https:\/\/www.accidentdutravail-idf.net\/blog\/wp-content\/uploads\/2024\/09\/un-motard-blesse-et-medicalise-par-les-secours-apres-un-accident-dans-une-zone-de-travaux-pres-de-toulouse.jpg","datePublished":"2024-09-22T10:01:00+00:00","description":"Un motard bless\u00e9 et m\u00e9dicalis\u00e9 par les secours apr\u00e8s un accident dans une zone de travaux pr\u00e8s de Toulouse article de ACCIDENTDUTRAVAIL-IDF","breadcrumb":{"@id":"https:\/\/www.accidentdutravail-idf.net\/blog\/un-motard-blesse-et-medicalise-par-les-secours-apres-un-accident-dans-une-zone-de-travaux-pres-de-toulouse\/#breadcrumb"},"inLanguage":"fr-FR","potentialAction":[{"@type":"ReadAction","target":["https:\/\/www.accidentdutravail-idf.net\/blog\/un-motard-blesse-et-medicalise-par-les-secours-apres-un-accident-dans-une-zone-de-travaux-pres-de-toulouse\/"]}]},{"@type":"ImageObject","inLanguage":"fr-FR","@id":"https:\/\/www.accidentdutravail-idf.net\/blog\/un-motard-blesse-et-medicalise-par-les-secours-apres-un-accident-dans-une-zone-de-travaux-pres-de-toulouse\/#primaryimage","url":"https:\/\/www.accidentdutravail-idf.net\/blog\/wp-content\/uploads\/2024\/09\/un-motard-blesse-et-medicalise-par-les-secours-apres-un-accident-dans-une-zone-de-travaux-pres-de-toulouse.jpg","contentUrl":"https:\/\/www.accidentdutravail-idf.net\/blog\/wp-content\/uploads\/2024\/09\/un-motard-blesse-et-medicalise-par-les-secours-apres-un-accident-dans-une-zone-de-travaux-pres-de-toulouse.jpg"},{"@type":"BreadcrumbList","@id":"https:\/\/www.accidentdutravail-idf.net\/blog\/un-motard-blesse-et-medicalise-par-les-secours-apres-un-accident-dans-une-zone-de-travaux-pres-de-toulouse\/#breadcrumb","itemListElement":[{"@type":"ListItem","position":1,"name":"Accueil","item":"https:\/\/www.accidentdutravail-idf.net\/blog\/"},{"@type":"ListItem","position":2,"name":"Un motard bless\u00e9 et m\u00e9dicalis\u00e9 par les secours apr\u00e8s un accident dans une zone de travaux pr\u00e8s de Toulouse"}]},{"@type":"WebSite","@id":"https:\/\/www.accidentdutravail-idf.net\/blog\/#website","url":"https:\/\/www.accidentdutravail-idf.net\/blog\/","name":"ACCIDENTDUTRAVAIL-IDF","description":"Portail accidents du travail-maladies professionnelles des entreprises d&#039;Ile-de-France","publisher":{"@id":"https:\/\/www.accidentdutravail-idf.net\/blog\/#organization"},"potentialAction":[{"@type":"SearchAction","target":{"@type":"EntryPoint","urlTemplate":"https:\/\/www.accidentdutravail-idf.net\/blog\/?s={search_term_string}"},"query-input":{"@type":"PropertyValueSpecification","valueRequired":true,"valueName":"search_term_string"}}],"inLanguage":"fr-FR"},{"@type":"Organization","@id":"https:\/\/www.accidentdutravail-idf.net\/blog\/#organization","name":"accidentdutravail-idf","url":"https:\/\/www.accidentdutravail-idf.net\/blog\/","logo":{"@type":"ImageObject","inLanguage":"fr-FR","@id":"https:\/\/www.accidentdutravail-idf.net\/blog\/#\/schema\/logo\/image\/","url":"https:\/\/www.accidentdutravail-idf.net\/blog\/wp-content\/uploads\/2022\/09\/logo-2.png","contentUrl":"https:\/\/www.accidentdutravail-idf.net\/blog\/wp-content\/uploads\/2022\/09\/logo-2.png","width":380,"height":291,"caption":"accidentdutravail-idf"},"image":{"@id":"https:\/\/www.accidentdutravail-idf.net\/blog\/#\/schema\/logo\/image\/"}},{"@type":"Person","@id":"https:\/\/www.accidentdutravail-idf.net\/blog\/#\/schema\/person\/3255d2f970de45e64bd9201f38e7b947","name":"Carlos Poulain","image":{"@type":"ImageObject","inLanguage":"fr-FR","@id":"https:\/\/secure.gravatar.com\/avatar\/b1c2f9d3588e34e91adb093635df64ef4b2381991216be7576466cfcdca4baf3?s=96&d=mm&r=g","url":"https:\/\/secure.gravatar.com\/avatar\/b1c2f9d3588e34e91adb093635df64ef4b2381991216be7576466cfcdca4baf3?s=96&d=mm&r=g","contentUrl":"https:\/\/secure.gravatar.com\/avatar\/b1c2f9d3588e34e91adb093635df64ef4b2381991216be7576466cfcdca4baf3?s=96&d=mm&r=g","caption":"Carlos Poulain"},"url":"https:\/\/www.accidentdutravail-idf.net\/blog\/author\/idfcarlos\/"}]}},"_links":{"self":[{"href":"https:\/\/www.accidentdutravail-idf.net\/blog\/wp-json\/wp\/v2\/posts\/814","targetHints":{"allow":["GET"]}}],"collection":[{"href":"https:\/\/www.accidentdutravail-idf.net\/blog\/wp-json\/wp\/v2\/posts"}],"about":[{"href":"https:\/\/www.accidentdutravail-idf.net\/blog\/wp-json\/wp\/v2\/types\/post"}],"author":[{"embeddable":true,"href":"https:\/\/www.accidentdutravail-idf.net\/blog\/wp-json\/wp\/v2\/users\/2"}],"replies":[{"embeddable":true,"href":"https:\/\/www.accidentdutravail-idf.net\/blog\/wp-json\/wp\/v2\/comments?post=814"}],"version-history":[{"count":0,"href":"https:\/\/www.accidentdutravail-idf.net\/blog\/wp-json\/wp\/v2\/posts\/814\/revisions"}],"wp:attachment":[{"href":"https:\/\/www.accidentdutravail-idf.net\/blog\/wp-json\/wp\/v2\/media?parent=814"}],"wp:term":[{"taxonomy":"category","embeddable":true,"href":"https:\/\/www.accidentdutravail-idf.net\/blog\/wp-json\/wp\/v2\/categories?post=814"},{"taxonomy":"post_tag","embeddable":true,"href":"https:\/\/www.accidentdutravail-idf.net\/blog\/wp-json\/wp\/v2\/tags?post=814"}],"curies":[{"name":"wp","href":"https:\/\/api.w.org\/{rel}","templated":true}]}}