{"id":803,"date":"2024-09-18T12:33:00","date_gmt":"2024-09-18T10:33:00","guid":{"rendered":"https:\/\/www.accidentdutravail-idf.net\/blog\/incendie-criminel-a-toulon-laccuse-plaide-laccident\/"},"modified":"2024-09-18T12:33:00","modified_gmt":"2024-09-18T10:33:00","slug":"incendie-criminel-a-toulon-laccuse-plaide-laccident","status":"publish","type":"post","link":"https:\/\/www.accidentdutravail-idf.net\/blog\/incendie-criminel-a-toulon-laccuse-plaide-laccident\/","title":{"rendered":"Incendie criminel \u00e0 Toulon: l\u2019accus\u00e9 plaide l\u2019accident"},"content":{"rendered":"<div><img decoding=\"async\" src=\"https:\/\/www.accidentdutravail-idf.net\/blog\/wp-content\/uploads\/2024\/09\/incendie-criminel-a-toulon-laccuse-plaide-laccident.jpg\" class=\"ff-og-image-inserted\"><\/div>\n<p>\u00c0 l\u2019\u00e9poque, le ballet des sapeurs-pompiers n\u2019\u00e9tait pas pass\u00e9 inaper\u00e7u. Une cinquantaine de soldats du feu avaient \u00e9t\u00e9 d\u00e9ploy\u00e9s le 28 juillet 2021 au matin rue Marquetas \u00e0 Toulon, \u00e0 proximit\u00e9 imm\u00e9diate du stade Mayol, pour combattre <strong><a href=\"https:\/\/www.varmatin.com\/faits-divers\/incendie-dans-un-immeuble-a-toulon-la-piste-criminelle-envisagee-704869\" target=\"_blank\" rel=\"nofollow\">un incendie \u00ab\u00a0virulent\u00a0\u00bb<\/a><\/strong> parti du 4e \u00e9tage de l\u2019immeuble Le Palais du Port Marchand.<\/p>\n<h2 class=\"title9\"><strong><em>\u00ab\u00a0Rouleaux de flammes\u00a0\u00bb<\/em><\/strong><\/h2>\n<p>Malgr\u00e9 des \u00ab\u00a0rouleaux de flammes\u00a0\u00bb sortant d\u2019une fen\u00eatre, un appartement enti\u00e8rement d\u00e9truit, deux fortement impact\u00e9s et des d\u00e9g\u00e2ts estim\u00e9s \u00e0 plus de 220.000 euros, aucune victime n\u2019\u00e9tait \u00e0 d\u00e9plorer. Vingt-huit habitants avaient n\u00e9anmoins \u00e9t\u00e9 \u00e9vacu\u00e9s, certains \u00e0 l\u2019aide de la grande \u00e9chelle. Six d\u2019entre eux, dont des enfants, intoxiqu\u00e9s par les fum\u00e9es avaient fini \u00e0 l\u2019h\u00f4pital. Deux interruptions temporaires de travail, de 2 et 10 jours, avaient \u00e9t\u00e9 prononc\u00e9es \u00e0 l\u2019issue par les m\u00e9decins.<\/p>\n<p>Subtilit\u00e9 du droit p\u00e9nal, ces ITT entra\u00eenent, de facto, le renvoi de Seif-Eddine Satouh cette semaine devant la cour criminelle du Var, \u00e0 Draguignan. Poursuivi pour avoir<em> \u00ab\u00a0volontairement d\u00e9grad\u00e9 un bien immobilier par l\u2019effet d\u2019une substance explosive, d\u2019un incendie ou de tout autre moyen de nature \u00e0 cr\u00e9er un danger pour les personnes\u00a0\u00bb, <\/em>il encourt 20 ans de r\u00e9clusion criminelle.<\/p>\n<p>Car m\u00eame si le jeune homme, \u00e2g\u00e9 aujourd\u2019hui de 24 ans, nie avoir mis volontairement le feu au studio de son ex-petite amie L\u00e9a (le pr\u00e9nom a \u00e9t\u00e9 chang\u00e9), l\u2019enqu\u00eate polici\u00e8re a mis en lumi\u00e8re plusieurs incoh\u00e9rences dans son r\u00e9cit.<\/p>\n<p>\u00ab\u00a0<em>C\u2019est un accident<\/em>, r\u00e9p\u00e8te aujourd\u2019hui encore Seif-Eddine Satouh. <em>Tout \u00e7a, c\u2019est involontaire. Je me suis endormi sur le canap\u00e9 avec une cigarette, et le feu a pris. Si j\u2019ai fui, c\u2019est parce que je savais qu\u2019il y avait un mandat d\u2019arr\u00eat \u00e9mis \u00e0 mon encontre<\/em>.\u00a0\u00bb<\/p>\n<h2 class=\"title9\"><strong>Un t\u00e9l\u00e9phone sans batterie bien actif<\/strong><\/h2>\n<p><em>S\u2019il n\u2019a pas appel\u00e9 les secours? \u00ab\u00a0C\u2019est parce que mon t\u00e9l\u00e9phone n\u2019avait plus de batterie. J\u2019ai juste r\u00e9ussi \u00e0 le rallumer pour appeler L\u00e9a, afin de la pr\u00e9venir. Et j\u2019ai dit \u00e0 une personne d\u2019appeler les pompiers.\u00a0\u00bb<\/em><\/p>\n<p>L\u2019accus\u00e9 affirme s\u2019\u00eatre rendu ce 28 juillet chez L\u00e9a, avec laquelle la relation amoureuse battait de l\u2019aile, afin d\u2019avoir une simple discussion.<\/p>\n<p>Mais la jeune fille, <em>\u00ab\u00a0harcel\u00e9e\u00a0\u00bb <\/em>selon sa grand-m\u00e8re, ne vivait plus l\u00e0 depuis quelques jours. Elle pr\u00e9parait activement son d\u00e9m\u00e9nagement. Seif-Eddine, apr\u00e8s \u00eatre entr\u00e9 \u00ab\u00a0car la porte n\u2019\u00e9tait pas ferm\u00e9e\u00a0\u00bb, l\u2019aurait attendue un temps.<\/p>\n<p>Puis, <em>\u00ab\u00a0fatigu\u00e9\u00a0\u00bb, <\/em>aura sommeill\u00e9 quelques minutes. Il \u00e9tait r\u00e9veill\u00e9 par la chaleur des flammes qui d\u00e9voraient le canap\u00e9 sur lequel il se trouvait&#8230; Le jeune homme aurait alors, selon une de ses versions, tent\u00e9 d\u2019\u00e9teindre le feu avec une couverture, puis en jetant un seau d\u2019eau. Avant de partir, laissant le chat de L\u00e9a prisonnier des flammes.<\/p>\n<p><em>\u00ab\u00a0De fuir\u00a0\u00bb<\/em> rectifie un t\u00e9moin, plombier de profession, qui intervenait dans l\u2019immeuble ce matin-l\u00e0. Ce dernier avait vu Seif-Eddine prendre les escaliers trottinette \u00e9lectrique \u00e0 la main apr\u00e8s avoir ferm\u00e9 la porte. Cinq \u00e0 sept minutes plus tard, le t\u00e9moin entendait quelqu\u2019un crier au feu.<\/p>\n<h2 class=\"title9\"><strong><em>Un feu couvant?<\/em><\/strong><\/h2>\n<p>L\u2019enqu\u00eate avait permis de constater que, contrairement aux dires de l\u2019accus\u00e9, son t\u00e9l\u00e9phone avait \u00e9t\u00e9 utilis\u00e9 \u00e0 plus de vingt reprises entre 7h55 et 9 heures. Selon le plombier et l\u2019examen de la vid\u00e9osurveillance, il serait rentr\u00e9 dans l\u2019immeuble \u00e0 8h20 pour en sortir \u00e0 8h44.<em> <\/em><\/p>\n<p><em>\u00ab\u00a0En sachant que vous avez pass\u00e9 un appel \u00e0 8h27, vous auriez pu vous endormir, vous r\u00e9veiller et constater le d\u00e9but d\u2019incendie dans un laps de temps de 17 minutes\u00a0\u00bb<\/em> interroge le pr\u00e9sident Patrick V\u00e9ron. &#8211;<em> \u00ab\u00a0Je me souviens m\u2019\u00eatre endormi, pas plus de cinq minutes\u00a0\u00bb<\/em> persiste l\u2019accus\u00e9.<\/p>\n<p>Ce gros quart d\u2019heure ne suffit pas, aux yeux de l\u2019expert en incendie de la police judiciaire, \u00e0 expliquer la virulence de l\u2019incendie.<\/p>\n<p>\u00ab\u00a0<em>Sauf \u00e0 utiliser un combustible. Mais avec un feu couvant, comme c\u2019est le cas avec des d\u00e9parts caus\u00e9s par des cigarettes, il faut une bonne demi-heure avant de voir des flammes. Avant \u00e7a, il aurait pu \u00e9teindre les braises avec sa main ou en jetant de l\u2019eau.\u00a0\u00bb<\/em><\/p>\n<p>Il aura fallu l\u2019intervention d\u2019une vingtaine d\u2019engins et de plus de cinquante sapeurs-pompiers pour venir \u00e0 bout du brasier.<\/p>\n<p> accidentdutravail-idf.net vous a pr\u00e9par\u00e9 ce post qui informe du sujet \u00ab\u00a0Association Sportive Huisson-Longueville Essonne\u00a0\u00bb. La chronique se veut g\u00e9n\u00e9r\u00e9e du mieux possible. Vous pouvez utiliser les coordonn\u00e9es indiqu\u00e9es sur le site dans le but d\u2019apporter des explications sur ce post qui parle du th\u00e8me \u00ab\u00a0Association Sportive Huisson-Longueville Essonne\u00a0\u00bb. Le site accidentdutravail-idf.net a pour but de fournir diverses publications sur la th\u00e9matique Association Sportive Huisson-Longueville Essonne diffus\u00e9es sur le net. Il y aura plusieurs articles autour du sujet \u00ab\u00a0Association Sportive Huisson-Longueville Essonne\u00a0\u00bb dans quelques jours, nous vous invitons \u00e0 naviguer sur notre site web \u00e0 plusieurs reprises.<\/p>\n","protected":false},"excerpt":{"rendered":"<p>\u00c0 l\u2019\u00e9poque, le ballet des sapeurs-pompiers n\u2019\u00e9tait pas pass\u00e9 inaper\u00e7u. Une cinquantaine de soldats du feu avaient \u00e9t\u00e9 d\u00e9ploy\u00e9s le 28 juillet 2021 au matin rue Marquetas \u00e0 Toulon, \u00e0 proximit\u00e9 imm\u00e9diate du stade Mayol, pour combattre un incendie \u00ab\u00a0virulent\u00a0\u00bb parti du 4e \u00e9tage de l\u2019immeuble Le Palais du Port Marchand. \u00ab\u00a0Rouleaux de flammes\u00a0\u00bb Malgr\u00e9 &hellip; <\/p>\n<p class=\"link-more\"><a href=\"https:\/\/www.accidentdutravail-idf.net\/blog\/incendie-criminel-a-toulon-laccuse-plaide-laccident\/\" class=\"more-link\">Continuer la lecture <span class=\"screen-reader-text\"> \u00ab\u00a0Incendie criminel \u00e0 Toulon: l\u2019accus\u00e9 plaide l\u2019accident\u00a0\u00bb<\/span><\/a><\/p>\n","protected":false},"author":2,"featured_media":0,"comment_status":"closed","ping_status":"closed","sticky":false,"template":"","format":"standard","meta":{"footnotes":""},"categories":[5],"tags":[],"class_list":["post-803","post","type-post","status-publish","format-standard","hentry","category-securite-du-travail-en-ile-de-france-et-divers","entry"],"yoast_head":"<!-- This site is optimized with the Yoast SEO plugin v27.5 - https:\/\/yoast.com\/product\/yoast-seo-wordpress\/ -->\n<title>Incendie criminel \u00e0 Toulon: l\u2019accus\u00e9 plaide l\u2019accident - ACCIDENTDUTRAVAIL-IDF<\/title>\n<meta name=\"description\" content=\"Incendie criminel \u00e0 Toulon: l\u2019accus\u00e9 plaide l\u2019accident article de ACCIDENTDUTRAVAIL-IDF\" \/>\n<meta name=\"robots\" content=\"index, follow, max-snippet:-1, max-image-preview:large, max-video-preview:-1\" \/>\n<link rel=\"canonical\" href=\"https:\/\/www.accidentdutravail-idf.net\/blog\/incendie-criminel-a-toulon-laccuse-plaide-laccident\/\" \/>\n<meta property=\"og:locale\" content=\"fr_FR\" \/>\n<meta property=\"og:type\" content=\"article\" \/>\n<meta property=\"og:title\" content=\"Incendie criminel \u00e0 Toulon: l\u2019accus\u00e9 plaide l\u2019accident - ACCIDENTDUTRAVAIL-IDF\" \/>\n<meta property=\"og:description\" content=\"Incendie criminel \u00e0 Toulon: l\u2019accus\u00e9 plaide l\u2019accident article de ACCIDENTDUTRAVAIL-IDF\" \/>\n<meta property=\"og:url\" content=\"https:\/\/www.accidentdutravail-idf.net\/blog\/incendie-criminel-a-toulon-laccuse-plaide-laccident\/\" \/>\n<meta property=\"og:site_name\" content=\"ACCIDENTDUTRAVAIL-IDF\" \/>\n<meta property=\"article:published_time\" content=\"2024-09-18T10:33:00+00:00\" \/>\n<meta property=\"og:image\" content=\"https:\/\/www.accidentdutravail-idf.net\/blog\/wp-content\/uploads\/2024\/09\/incendie-criminel-a-toulon-laccuse-plaide-laccident.jpg\" \/>\n<meta name=\"author\" content=\"Carlos Poulain\" \/>\n<meta name=\"twitter:card\" content=\"summary_large_image\" \/>\n<meta name=\"twitter:label1\" content=\"\u00c9crit par\" \/>\n\t<meta name=\"twitter:data1\" content=\"Carlos Poulain\" \/>\n\t<meta name=\"twitter:label2\" content=\"Dur\u00e9e de lecture estim\u00e9e\" \/>\n\t<meta name=\"twitter:data2\" content=\"4 minutes\" \/>\n<script type=\"application\/ld+json\" class=\"yoast-schema-graph\">{\"@context\":\"https:\\\/\\\/schema.org\",\"@graph\":[{\"@type\":\"Article\",\"@id\":\"https:\\\/\\\/www.accidentdutravail-idf.net\\\/blog\\\/incendie-criminel-a-toulon-laccuse-plaide-laccident\\\/#article\",\"isPartOf\":{\"@id\":\"https:\\\/\\\/www.accidentdutravail-idf.net\\\/blog\\\/incendie-criminel-a-toulon-laccuse-plaide-laccident\\\/\"},\"author\":{\"name\":\"Carlos Poulain\",\"@id\":\"https:\\\/\\\/www.accidentdutravail-idf.net\\\/blog\\\/#\\\/schema\\\/person\\\/3255d2f970de45e64bd9201f38e7b947\"},\"headline\":\"Incendie criminel \u00e0 Toulon: l\u2019accus\u00e9 plaide l\u2019accident\",\"datePublished\":\"2024-09-18T10:33:00+00:00\",\"mainEntityOfPage\":{\"@id\":\"https:\\\/\\\/www.accidentdutravail-idf.net\\\/blog\\\/incendie-criminel-a-toulon-laccuse-plaide-laccident\\\/\"},\"wordCount\":861,\"publisher\":{\"@id\":\"https:\\\/\\\/www.accidentdutravail-idf.net\\\/blog\\\/#organization\"},\"image\":{\"@id\":\"https:\\\/\\\/www.accidentdutravail-idf.net\\\/blog\\\/incendie-criminel-a-toulon-laccuse-plaide-laccident\\\/#primaryimage\"},\"thumbnailUrl\":\"https:\\\/\\\/www.accidentdutravail-idf.net\\\/blog\\\/wp-content\\\/uploads\\\/2024\\\/09\\\/incendie-criminel-a-toulon-laccuse-plaide-laccident.jpg\",\"articleSection\":[\"S\u00e9curit\u00e9 Du Travail En Ile-De-France Et Divers:\"],\"inLanguage\":\"fr-FR\"},{\"@type\":\"WebPage\",\"@id\":\"https:\\\/\\\/www.accidentdutravail-idf.net\\\/blog\\\/incendie-criminel-a-toulon-laccuse-plaide-laccident\\\/\",\"url\":\"https:\\\/\\\/www.accidentdutravail-idf.net\\\/blog\\\/incendie-criminel-a-toulon-laccuse-plaide-laccident\\\/\",\"name\":\"Incendie criminel \u00e0 Toulon: l\u2019accus\u00e9 plaide l\u2019accident - ACCIDENTDUTRAVAIL-IDF\",\"isPartOf\":{\"@id\":\"https:\\\/\\\/www.accidentdutravail-idf.net\\\/blog\\\/#website\"},\"primaryImageOfPage\":{\"@id\":\"https:\\\/\\\/www.accidentdutravail-idf.net\\\/blog\\\/incendie-criminel-a-toulon-laccuse-plaide-laccident\\\/#primaryimage\"},\"image\":{\"@id\":\"https:\\\/\\\/www.accidentdutravail-idf.net\\\/blog\\\/incendie-criminel-a-toulon-laccuse-plaide-laccident\\\/#primaryimage\"},\"thumbnailUrl\":\"https:\\\/\\\/www.accidentdutravail-idf.net\\\/blog\\\/wp-content\\\/uploads\\\/2024\\\/09\\\/incendie-criminel-a-toulon-laccuse-plaide-laccident.jpg\",\"datePublished\":\"2024-09-18T10:33:00+00:00\",\"description\":\"Incendie criminel \u00e0 Toulon: l\u2019accus\u00e9 plaide l\u2019accident article de ACCIDENTDUTRAVAIL-IDF\",\"breadcrumb\":{\"@id\":\"https:\\\/\\\/www.accidentdutravail-idf.net\\\/blog\\\/incendie-criminel-a-toulon-laccuse-plaide-laccident\\\/#breadcrumb\"},\"inLanguage\":\"fr-FR\",\"potentialAction\":[{\"@type\":\"ReadAction\",\"target\":[\"https:\\\/\\\/www.accidentdutravail-idf.net\\\/blog\\\/incendie-criminel-a-toulon-laccuse-plaide-laccident\\\/\"]}]},{\"@type\":\"ImageObject\",\"inLanguage\":\"fr-FR\",\"@id\":\"https:\\\/\\\/www.accidentdutravail-idf.net\\\/blog\\\/incendie-criminel-a-toulon-laccuse-plaide-laccident\\\/#primaryimage\",\"url\":\"https:\\\/\\\/www.accidentdutravail-idf.net\\\/blog\\\/wp-content\\\/uploads\\\/2024\\\/09\\\/incendie-criminel-a-toulon-laccuse-plaide-laccident.jpg\",\"contentUrl\":\"https:\\\/\\\/www.accidentdutravail-idf.net\\\/blog\\\/wp-content\\\/uploads\\\/2024\\\/09\\\/incendie-criminel-a-toulon-laccuse-plaide-laccident.jpg\"},{\"@type\":\"BreadcrumbList\",\"@id\":\"https:\\\/\\\/www.accidentdutravail-idf.net\\\/blog\\\/incendie-criminel-a-toulon-laccuse-plaide-laccident\\\/#breadcrumb\",\"itemListElement\":[{\"@type\":\"ListItem\",\"position\":1,\"name\":\"Accueil\",\"item\":\"https:\\\/\\\/www.accidentdutravail-idf.net\\\/blog\\\/\"},{\"@type\":\"ListItem\",\"position\":2,\"name\":\"Incendie criminel \u00e0 Toulon: l\u2019accus\u00e9 plaide l\u2019accident\"}]},{\"@type\":\"WebSite\",\"@id\":\"https:\\\/\\\/www.accidentdutravail-idf.net\\\/blog\\\/#website\",\"url\":\"https:\\\/\\\/www.accidentdutravail-idf.net\\\/blog\\\/\",\"name\":\"ACCIDENTDUTRAVAIL-IDF\",\"description\":\"Portail accidents du travail-maladies professionnelles des entreprises d&#039;Ile-de-France\",\"publisher\":{\"@id\":\"https:\\\/\\\/www.accidentdutravail-idf.net\\\/blog\\\/#organization\"},\"potentialAction\":[{\"@type\":\"SearchAction\",\"target\":{\"@type\":\"EntryPoint\",\"urlTemplate\":\"https:\\\/\\\/www.accidentdutravail-idf.net\\\/blog\\\/?s={search_term_string}\"},\"query-input\":{\"@type\":\"PropertyValueSpecification\",\"valueRequired\":true,\"valueName\":\"search_term_string\"}}],\"inLanguage\":\"fr-FR\"},{\"@type\":\"Organization\",\"@id\":\"https:\\\/\\\/www.accidentdutravail-idf.net\\\/blog\\\/#organization\",\"name\":\"accidentdutravail-idf\",\"url\":\"https:\\\/\\\/www.accidentdutravail-idf.net\\\/blog\\\/\",\"logo\":{\"@type\":\"ImageObject\",\"inLanguage\":\"fr-FR\",\"@id\":\"https:\\\/\\\/www.accidentdutravail-idf.net\\\/blog\\\/#\\\/schema\\\/logo\\\/image\\\/\",\"url\":\"https:\\\/\\\/www.accidentdutravail-idf.net\\\/blog\\\/wp-content\\\/uploads\\\/2022\\\/09\\\/logo-2.png\",\"contentUrl\":\"https:\\\/\\\/www.accidentdutravail-idf.net\\\/blog\\\/wp-content\\\/uploads\\\/2022\\\/09\\\/logo-2.png\",\"width\":380,\"height\":291,\"caption\":\"accidentdutravail-idf\"},\"image\":{\"@id\":\"https:\\\/\\\/www.accidentdutravail-idf.net\\\/blog\\\/#\\\/schema\\\/logo\\\/image\\\/\"}},{\"@type\":\"Person\",\"@id\":\"https:\\\/\\\/www.accidentdutravail-idf.net\\\/blog\\\/#\\\/schema\\\/person\\\/3255d2f970de45e64bd9201f38e7b947\",\"name\":\"Carlos Poulain\",\"image\":{\"@type\":\"ImageObject\",\"inLanguage\":\"fr-FR\",\"@id\":\"https:\\\/\\\/secure.gravatar.com\\\/avatar\\\/b1c2f9d3588e34e91adb093635df64ef4b2381991216be7576466cfcdca4baf3?s=96&d=mm&r=g\",\"url\":\"https:\\\/\\\/secure.gravatar.com\\\/avatar\\\/b1c2f9d3588e34e91adb093635df64ef4b2381991216be7576466cfcdca4baf3?s=96&d=mm&r=g\",\"contentUrl\":\"https:\\\/\\\/secure.gravatar.com\\\/avatar\\\/b1c2f9d3588e34e91adb093635df64ef4b2381991216be7576466cfcdca4baf3?s=96&d=mm&r=g\",\"caption\":\"Carlos Poulain\"},\"url\":\"https:\\\/\\\/www.accidentdutravail-idf.net\\\/blog\\\/author\\\/idfcarlos\\\/\"}]}<\/script>\n<!-- \/ Yoast SEO plugin. -->","yoast_head_json":{"title":"Incendie criminel \u00e0 Toulon: l\u2019accus\u00e9 plaide l\u2019accident - ACCIDENTDUTRAVAIL-IDF","description":"Incendie criminel \u00e0 Toulon: l\u2019accus\u00e9 plaide l\u2019accident article de ACCIDENTDUTRAVAIL-IDF","robots":{"index":"index","follow":"follow","max-snippet":"max-snippet:-1","max-image-preview":"max-image-preview:large","max-video-preview":"max-video-preview:-1"},"canonical":"https:\/\/www.accidentdutravail-idf.net\/blog\/incendie-criminel-a-toulon-laccuse-plaide-laccident\/","og_locale":"fr_FR","og_type":"article","og_title":"Incendie criminel \u00e0 Toulon: l\u2019accus\u00e9 plaide l\u2019accident - ACCIDENTDUTRAVAIL-IDF","og_description":"Incendie criminel \u00e0 Toulon: l\u2019accus\u00e9 plaide l\u2019accident article de ACCIDENTDUTRAVAIL-IDF","og_url":"https:\/\/www.accidentdutravail-idf.net\/blog\/incendie-criminel-a-toulon-laccuse-plaide-laccident\/","og_site_name":"ACCIDENTDUTRAVAIL-IDF","article_published_time":"2024-09-18T10:33:00+00:00","og_image":[{"url":"https:\/\/www.accidentdutravail-idf.net\/blog\/wp-content\/uploads\/2024\/09\/incendie-criminel-a-toulon-laccuse-plaide-laccident.jpg","type":"","width":"","height":""}],"author":"Carlos Poulain","twitter_card":"summary_large_image","twitter_misc":{"\u00c9crit par":"Carlos Poulain","Dur\u00e9e de lecture estim\u00e9e":"4 minutes"},"schema":{"@context":"https:\/\/schema.org","@graph":[{"@type":"Article","@id":"https:\/\/www.accidentdutravail-idf.net\/blog\/incendie-criminel-a-toulon-laccuse-plaide-laccident\/#article","isPartOf":{"@id":"https:\/\/www.accidentdutravail-idf.net\/blog\/incendie-criminel-a-toulon-laccuse-plaide-laccident\/"},"author":{"name":"Carlos Poulain","@id":"https:\/\/www.accidentdutravail-idf.net\/blog\/#\/schema\/person\/3255d2f970de45e64bd9201f38e7b947"},"headline":"Incendie criminel \u00e0 Toulon: l\u2019accus\u00e9 plaide l\u2019accident","datePublished":"2024-09-18T10:33:00+00:00","mainEntityOfPage":{"@id":"https:\/\/www.accidentdutravail-idf.net\/blog\/incendie-criminel-a-toulon-laccuse-plaide-laccident\/"},"wordCount":861,"publisher":{"@id":"https:\/\/www.accidentdutravail-idf.net\/blog\/#organization"},"image":{"@id":"https:\/\/www.accidentdutravail-idf.net\/blog\/incendie-criminel-a-toulon-laccuse-plaide-laccident\/#primaryimage"},"thumbnailUrl":"https:\/\/www.accidentdutravail-idf.net\/blog\/wp-content\/uploads\/2024\/09\/incendie-criminel-a-toulon-laccuse-plaide-laccident.jpg","articleSection":["S\u00e9curit\u00e9 Du Travail En Ile-De-France Et Divers:"],"inLanguage":"fr-FR"},{"@type":"WebPage","@id":"https:\/\/www.accidentdutravail-idf.net\/blog\/incendie-criminel-a-toulon-laccuse-plaide-laccident\/","url":"https:\/\/www.accidentdutravail-idf.net\/blog\/incendie-criminel-a-toulon-laccuse-plaide-laccident\/","name":"Incendie criminel \u00e0 Toulon: l\u2019accus\u00e9 plaide l\u2019accident - ACCIDENTDUTRAVAIL-IDF","isPartOf":{"@id":"https:\/\/www.accidentdutravail-idf.net\/blog\/#website"},"primaryImageOfPage":{"@id":"https:\/\/www.accidentdutravail-idf.net\/blog\/incendie-criminel-a-toulon-laccuse-plaide-laccident\/#primaryimage"},"image":{"@id":"https:\/\/www.accidentdutravail-idf.net\/blog\/incendie-criminel-a-toulon-laccuse-plaide-laccident\/#primaryimage"},"thumbnailUrl":"https:\/\/www.accidentdutravail-idf.net\/blog\/wp-content\/uploads\/2024\/09\/incendie-criminel-a-toulon-laccuse-plaide-laccident.jpg","datePublished":"2024-09-18T10:33:00+00:00","description":"Incendie criminel \u00e0 Toulon: l\u2019accus\u00e9 plaide l\u2019accident article de ACCIDENTDUTRAVAIL-IDF","breadcrumb":{"@id":"https:\/\/www.accidentdutravail-idf.net\/blog\/incendie-criminel-a-toulon-laccuse-plaide-laccident\/#breadcrumb"},"inLanguage":"fr-FR","potentialAction":[{"@type":"ReadAction","target":["https:\/\/www.accidentdutravail-idf.net\/blog\/incendie-criminel-a-toulon-laccuse-plaide-laccident\/"]}]},{"@type":"ImageObject","inLanguage":"fr-FR","@id":"https:\/\/www.accidentdutravail-idf.net\/blog\/incendie-criminel-a-toulon-laccuse-plaide-laccident\/#primaryimage","url":"https:\/\/www.accidentdutravail-idf.net\/blog\/wp-content\/uploads\/2024\/09\/incendie-criminel-a-toulon-laccuse-plaide-laccident.jpg","contentUrl":"https:\/\/www.accidentdutravail-idf.net\/blog\/wp-content\/uploads\/2024\/09\/incendie-criminel-a-toulon-laccuse-plaide-laccident.jpg"},{"@type":"BreadcrumbList","@id":"https:\/\/www.accidentdutravail-idf.net\/blog\/incendie-criminel-a-toulon-laccuse-plaide-laccident\/#breadcrumb","itemListElement":[{"@type":"ListItem","position":1,"name":"Accueil","item":"https:\/\/www.accidentdutravail-idf.net\/blog\/"},{"@type":"ListItem","position":2,"name":"Incendie criminel \u00e0 Toulon: l\u2019accus\u00e9 plaide l\u2019accident"}]},{"@type":"WebSite","@id":"https:\/\/www.accidentdutravail-idf.net\/blog\/#website","url":"https:\/\/www.accidentdutravail-idf.net\/blog\/","name":"ACCIDENTDUTRAVAIL-IDF","description":"Portail accidents du travail-maladies professionnelles des entreprises d&#039;Ile-de-France","publisher":{"@id":"https:\/\/www.accidentdutravail-idf.net\/blog\/#organization"},"potentialAction":[{"@type":"SearchAction","target":{"@type":"EntryPoint","urlTemplate":"https:\/\/www.accidentdutravail-idf.net\/blog\/?s={search_term_string}"},"query-input":{"@type":"PropertyValueSpecification","valueRequired":true,"valueName":"search_term_string"}}],"inLanguage":"fr-FR"},{"@type":"Organization","@id":"https:\/\/www.accidentdutravail-idf.net\/blog\/#organization","name":"accidentdutravail-idf","url":"https:\/\/www.accidentdutravail-idf.net\/blog\/","logo":{"@type":"ImageObject","inLanguage":"fr-FR","@id":"https:\/\/www.accidentdutravail-idf.net\/blog\/#\/schema\/logo\/image\/","url":"https:\/\/www.accidentdutravail-idf.net\/blog\/wp-content\/uploads\/2022\/09\/logo-2.png","contentUrl":"https:\/\/www.accidentdutravail-idf.net\/blog\/wp-content\/uploads\/2022\/09\/logo-2.png","width":380,"height":291,"caption":"accidentdutravail-idf"},"image":{"@id":"https:\/\/www.accidentdutravail-idf.net\/blog\/#\/schema\/logo\/image\/"}},{"@type":"Person","@id":"https:\/\/www.accidentdutravail-idf.net\/blog\/#\/schema\/person\/3255d2f970de45e64bd9201f38e7b947","name":"Carlos Poulain","image":{"@type":"ImageObject","inLanguage":"fr-FR","@id":"https:\/\/secure.gravatar.com\/avatar\/b1c2f9d3588e34e91adb093635df64ef4b2381991216be7576466cfcdca4baf3?s=96&d=mm&r=g","url":"https:\/\/secure.gravatar.com\/avatar\/b1c2f9d3588e34e91adb093635df64ef4b2381991216be7576466cfcdca4baf3?s=96&d=mm&r=g","contentUrl":"https:\/\/secure.gravatar.com\/avatar\/b1c2f9d3588e34e91adb093635df64ef4b2381991216be7576466cfcdca4baf3?s=96&d=mm&r=g","caption":"Carlos Poulain"},"url":"https:\/\/www.accidentdutravail-idf.net\/blog\/author\/idfcarlos\/"}]}},"_links":{"self":[{"href":"https:\/\/www.accidentdutravail-idf.net\/blog\/wp-json\/wp\/v2\/posts\/803","targetHints":{"allow":["GET"]}}],"collection":[{"href":"https:\/\/www.accidentdutravail-idf.net\/blog\/wp-json\/wp\/v2\/posts"}],"about":[{"href":"https:\/\/www.accidentdutravail-idf.net\/blog\/wp-json\/wp\/v2\/types\/post"}],"author":[{"embeddable":true,"href":"https:\/\/www.accidentdutravail-idf.net\/blog\/wp-json\/wp\/v2\/users\/2"}],"replies":[{"embeddable":true,"href":"https:\/\/www.accidentdutravail-idf.net\/blog\/wp-json\/wp\/v2\/comments?post=803"}],"version-history":[{"count":0,"href":"https:\/\/www.accidentdutravail-idf.net\/blog\/wp-json\/wp\/v2\/posts\/803\/revisions"}],"wp:attachment":[{"href":"https:\/\/www.accidentdutravail-idf.net\/blog\/wp-json\/wp\/v2\/media?parent=803"}],"wp:term":[{"taxonomy":"category","embeddable":true,"href":"https:\/\/www.accidentdutravail-idf.net\/blog\/wp-json\/wp\/v2\/categories?post=803"},{"taxonomy":"post_tag","embeddable":true,"href":"https:\/\/www.accidentdutravail-idf.net\/blog\/wp-json\/wp\/v2\/tags?post=803"}],"curies":[{"name":"wp","href":"https:\/\/api.w.org\/{rel}","templated":true}]}}