{"id":797,"date":"2024-09-16T11:14:00","date_gmt":"2024-09-16T09:14:00","guid":{"rendered":"https:\/\/www.accidentdutravail-idf.net\/blog\/une-jeune-femme-blessee-dans-un-accident-du-travail-dans-le-puy-de-dome\/"},"modified":"2024-09-16T11:14:00","modified_gmt":"2024-09-16T09:14:00","slug":"une-jeune-femme-blessee-dans-un-accident-du-travail-dans-le-puy-de-dome","status":"publish","type":"post","link":"https:\/\/www.accidentdutravail-idf.net\/blog\/une-jeune-femme-blessee-dans-un-accident-du-travail-dans-le-puy-de-dome\/","title":{"rendered":"Une jeune femme bless\u00e9e dans un accident du travail dans le Puy-de-D\u00f4me"},"content":{"rendered":"<div><img decoding=\"async\" src=\"https:\/\/www.accidentdutravail-idf.net\/blog\/wp-content\/uploads\/2024\/09\/une-jeune-femme-blessee-dans-un-accident-du-travail-dans-le-puy-de-dome.webp\" class=\"ff-og-image-inserted\"><\/div>\n<p> Une femme \u00e2g\u00e9e de 36 ans a \u00e9t\u00e9 gri\u00e8vement bless\u00e9e \u00e0 un doigt sur une machine, dans l\u2019entreprise Joubert, \u00e0 Ambert (Puy-de-D\u00f4me), lundi 16 septembre peu apr\u00e8s 9 heures. <\/p>\n<div>\n<p>Prise en charge par les sapeurs-pompiers d\u2019Ambert, elle a \u00e9t\u00e9 conduite \u00e0 la clinique de la Ch\u00e2taigneraie, \u00e0 Beaumont, sp\u00e9cialiste de la chirurgie de la main.<\/p>\n<p class=\"c-lireaussi\"><a href=\"https:\/\/www.lamontagne.fr\/clermont-ferrand-63000\/actualites\/la-clinique-de-la-chataigneraie-de-clermont-ferrand-nous-ouvre-ses-portes_14260464\/\" target=\"_blank\" rel=\"nofollow\">La clinique de La Ch\u00e2taigneraie de Clermont-Ferrand nous ouvre ses portes<\/a><\/p>\n<p>Les gendarmes de la communaut\u00e9 de brigades d\u2019Ambert sont en charge de l\u2019enqu\u00eate visant \u00e0 d\u00e9terminer les circonstances de l\u2019accident.<\/p>\n<p><em><strong>Alice Chevrier<\/strong><\/em><\/p>\n<\/p><\/div>\n<p>accidentdutravail-idf.net vous a pr\u00e9par\u00e9 ce post qui informe du sujet \u00ab\u00a0Association Sportive Huisson-Longueville Essonne\u00a0\u00bb. La chronique se veut g\u00e9n\u00e9r\u00e9e du mieux possible. Vous pouvez utiliser les coordonn\u00e9es indiqu\u00e9es sur le site dans le but d\u2019apporter des explications sur ce post qui parle du th\u00e8me \u00ab\u00a0Association Sportive Huisson-Longueville Essonne\u00a0\u00bb. Le site accidentdutravail-idf.net a pour but de fournir diverses publications sur la th\u00e9matique Association Sportive Huisson-Longueville Essonne diffus\u00e9es sur le net. Il y aura plusieurs articles autour du sujet \u00ab\u00a0Association Sportive Huisson-Longueville Essonne\u00a0\u00bb dans quelques jours, nous vous invitons \u00e0 naviguer sur notre site web \u00e0 plusieurs reprises.<\/p>\n","protected":false},"excerpt":{"rendered":"<p>Une femme \u00e2g\u00e9e de 36 ans a \u00e9t\u00e9 gri\u00e8vement bless\u00e9e \u00e0 un doigt sur une machine, dans l\u2019entreprise Joubert, \u00e0 Ambert (Puy-de-D\u00f4me), lundi 16 septembre peu apr\u00e8s 9 heures. Prise en charge par les sapeurs-pompiers d\u2019Ambert, elle a \u00e9t\u00e9 conduite \u00e0 la clinique de la Ch\u00e2taigneraie, \u00e0 Beaumont, sp\u00e9cialiste de la chirurgie de la main. &hellip; <\/p>\n<p class=\"link-more\"><a href=\"https:\/\/www.accidentdutravail-idf.net\/blog\/une-jeune-femme-blessee-dans-un-accident-du-travail-dans-le-puy-de-dome\/\" class=\"more-link\">Continuer la lecture <span class=\"screen-reader-text\"> \u00ab\u00a0Une jeune femme bless\u00e9e dans un accident du travail dans le Puy-de-D\u00f4me\u00a0\u00bb<\/span><\/a><\/p>\n","protected":false},"author":2,"featured_media":0,"comment_status":"closed","ping_status":"closed","sticky":false,"template":"","format":"standard","meta":{"footnotes":""},"categories":[5],"tags":[],"class_list":["post-797","post","type-post","status-publish","format-standard","hentry","category-securite-du-travail-en-ile-de-france-et-divers","entry"],"yoast_head":"<!-- This site is optimized with the Yoast SEO plugin v27.5 - https:\/\/yoast.com\/product\/yoast-seo-wordpress\/ -->\n<title>Une jeune femme bless\u00e9e dans un accident du travail dans le Puy-de-D\u00f4me - ACCIDENTDUTRAVAIL-IDF<\/title>\n<meta name=\"description\" content=\"Une jeune femme bless\u00e9e dans un accident du travail dans le Puy-de-D\u00f4me article de ACCIDENTDUTRAVAIL-IDF\" \/>\n<meta name=\"robots\" content=\"index, follow, max-snippet:-1, max-image-preview:large, max-video-preview:-1\" \/>\n<link rel=\"canonical\" href=\"https:\/\/www.accidentdutravail-idf.net\/blog\/une-jeune-femme-blessee-dans-un-accident-du-travail-dans-le-puy-de-dome\/\" \/>\n<meta property=\"og:locale\" content=\"fr_FR\" \/>\n<meta property=\"og:type\" content=\"article\" \/>\n<meta property=\"og:title\" content=\"Une jeune femme bless\u00e9e dans un accident du travail dans le Puy-de-D\u00f4me - ACCIDENTDUTRAVAIL-IDF\" \/>\n<meta property=\"og:description\" content=\"Une jeune femme bless\u00e9e dans un accident du travail dans le Puy-de-D\u00f4me article de ACCIDENTDUTRAVAIL-IDF\" \/>\n<meta property=\"og:url\" content=\"https:\/\/www.accidentdutravail-idf.net\/blog\/une-jeune-femme-blessee-dans-un-accident-du-travail-dans-le-puy-de-dome\/\" \/>\n<meta property=\"og:site_name\" content=\"ACCIDENTDUTRAVAIL-IDF\" \/>\n<meta property=\"article:published_time\" content=\"2024-09-16T09:14:00+00:00\" \/>\n<meta property=\"og:image\" content=\"https:\/\/www.accidentdutravail-idf.net\/blog\/wp-content\/uploads\/2024\/09\/une-jeune-femme-blessee-dans-un-accident-du-travail-dans-le-puy-de-dome.webp\" \/>\n<meta name=\"author\" content=\"Carlos Poulain\" \/>\n<meta name=\"twitter:card\" content=\"summary_large_image\" \/>\n<meta name=\"twitter:label1\" content=\"\u00c9crit par\" \/>\n\t<meta name=\"twitter:data1\" content=\"Carlos Poulain\" \/>\n\t<meta name=\"twitter:label2\" content=\"Dur\u00e9e de lecture estim\u00e9e\" \/>\n\t<meta name=\"twitter:data2\" content=\"1 minute\" \/>\n<script type=\"application\/ld+json\" class=\"yoast-schema-graph\">{\"@context\":\"https:\\\/\\\/schema.org\",\"@graph\":[{\"@type\":\"Article\",\"@id\":\"https:\\\/\\\/www.accidentdutravail-idf.net\\\/blog\\\/une-jeune-femme-blessee-dans-un-accident-du-travail-dans-le-puy-de-dome\\\/#article\",\"isPartOf\":{\"@id\":\"https:\\\/\\\/www.accidentdutravail-idf.net\\\/blog\\\/une-jeune-femme-blessee-dans-un-accident-du-travail-dans-le-puy-de-dome\\\/\"},\"author\":{\"name\":\"Carlos Poulain\",\"@id\":\"https:\\\/\\\/www.accidentdutravail-idf.net\\\/blog\\\/#\\\/schema\\\/person\\\/3255d2f970de45e64bd9201f38e7b947\"},\"headline\":\"Une jeune femme bless\u00e9e dans un accident du travail dans le Puy-de-D\u00f4me\",\"datePublished\":\"2024-09-16T09:14:00+00:00\",\"mainEntityOfPage\":{\"@id\":\"https:\\\/\\\/www.accidentdutravail-idf.net\\\/blog\\\/une-jeune-femme-blessee-dans-un-accident-du-travail-dans-le-puy-de-dome\\\/\"},\"wordCount\":215,\"publisher\":{\"@id\":\"https:\\\/\\\/www.accidentdutravail-idf.net\\\/blog\\\/#organization\"},\"image\":{\"@id\":\"https:\\\/\\\/www.accidentdutravail-idf.net\\\/blog\\\/une-jeune-femme-blessee-dans-un-accident-du-travail-dans-le-puy-de-dome\\\/#primaryimage\"},\"thumbnailUrl\":\"https:\\\/\\\/www.accidentdutravail-idf.net\\\/blog\\\/wp-content\\\/uploads\\\/2024\\\/09\\\/une-jeune-femme-blessee-dans-un-accident-du-travail-dans-le-puy-de-dome.webp\",\"articleSection\":[\"S\u00e9curit\u00e9 Du Travail En Ile-De-France Et Divers:\"],\"inLanguage\":\"fr-FR\"},{\"@type\":\"WebPage\",\"@id\":\"https:\\\/\\\/www.accidentdutravail-idf.net\\\/blog\\\/une-jeune-femme-blessee-dans-un-accident-du-travail-dans-le-puy-de-dome\\\/\",\"url\":\"https:\\\/\\\/www.accidentdutravail-idf.net\\\/blog\\\/une-jeune-femme-blessee-dans-un-accident-du-travail-dans-le-puy-de-dome\\\/\",\"name\":\"Une jeune femme bless\u00e9e dans un accident du travail dans le Puy-de-D\u00f4me - ACCIDENTDUTRAVAIL-IDF\",\"isPartOf\":{\"@id\":\"https:\\\/\\\/www.accidentdutravail-idf.net\\\/blog\\\/#website\"},\"primaryImageOfPage\":{\"@id\":\"https:\\\/\\\/www.accidentdutravail-idf.net\\\/blog\\\/une-jeune-femme-blessee-dans-un-accident-du-travail-dans-le-puy-de-dome\\\/#primaryimage\"},\"image\":{\"@id\":\"https:\\\/\\\/www.accidentdutravail-idf.net\\\/blog\\\/une-jeune-femme-blessee-dans-un-accident-du-travail-dans-le-puy-de-dome\\\/#primaryimage\"},\"thumbnailUrl\":\"https:\\\/\\\/www.accidentdutravail-idf.net\\\/blog\\\/wp-content\\\/uploads\\\/2024\\\/09\\\/une-jeune-femme-blessee-dans-un-accident-du-travail-dans-le-puy-de-dome.webp\",\"datePublished\":\"2024-09-16T09:14:00+00:00\",\"description\":\"Une jeune femme bless\u00e9e dans un accident du travail dans le Puy-de-D\u00f4me article de ACCIDENTDUTRAVAIL-IDF\",\"breadcrumb\":{\"@id\":\"https:\\\/\\\/www.accidentdutravail-idf.net\\\/blog\\\/une-jeune-femme-blessee-dans-un-accident-du-travail-dans-le-puy-de-dome\\\/#breadcrumb\"},\"inLanguage\":\"fr-FR\",\"potentialAction\":[{\"@type\":\"ReadAction\",\"target\":[\"https:\\\/\\\/www.accidentdutravail-idf.net\\\/blog\\\/une-jeune-femme-blessee-dans-un-accident-du-travail-dans-le-puy-de-dome\\\/\"]}]},{\"@type\":\"ImageObject\",\"inLanguage\":\"fr-FR\",\"@id\":\"https:\\\/\\\/www.accidentdutravail-idf.net\\\/blog\\\/une-jeune-femme-blessee-dans-un-accident-du-travail-dans-le-puy-de-dome\\\/#primaryimage\",\"url\":\"https:\\\/\\\/www.accidentdutravail-idf.net\\\/blog\\\/wp-content\\\/uploads\\\/2024\\\/09\\\/une-jeune-femme-blessee-dans-un-accident-du-travail-dans-le-puy-de-dome.webp\",\"contentUrl\":\"https:\\\/\\\/www.accidentdutravail-idf.net\\\/blog\\\/wp-content\\\/uploads\\\/2024\\\/09\\\/une-jeune-femme-blessee-dans-un-accident-du-travail-dans-le-puy-de-dome.webp\"},{\"@type\":\"BreadcrumbList\",\"@id\":\"https:\\\/\\\/www.accidentdutravail-idf.net\\\/blog\\\/une-jeune-femme-blessee-dans-un-accident-du-travail-dans-le-puy-de-dome\\\/#breadcrumb\",\"itemListElement\":[{\"@type\":\"ListItem\",\"position\":1,\"name\":\"Accueil\",\"item\":\"https:\\\/\\\/www.accidentdutravail-idf.net\\\/blog\\\/\"},{\"@type\":\"ListItem\",\"position\":2,\"name\":\"Une jeune femme bless\u00e9e dans un accident du travail dans le Puy-de-D\u00f4me\"}]},{\"@type\":\"WebSite\",\"@id\":\"https:\\\/\\\/www.accidentdutravail-idf.net\\\/blog\\\/#website\",\"url\":\"https:\\\/\\\/www.accidentdutravail-idf.net\\\/blog\\\/\",\"name\":\"ACCIDENTDUTRAVAIL-IDF\",\"description\":\"Portail accidents du travail-maladies professionnelles des entreprises d&#039;Ile-de-France\",\"publisher\":{\"@id\":\"https:\\\/\\\/www.accidentdutravail-idf.net\\\/blog\\\/#organization\"},\"potentialAction\":[{\"@type\":\"SearchAction\",\"target\":{\"@type\":\"EntryPoint\",\"urlTemplate\":\"https:\\\/\\\/www.accidentdutravail-idf.net\\\/blog\\\/?s={search_term_string}\"},\"query-input\":{\"@type\":\"PropertyValueSpecification\",\"valueRequired\":true,\"valueName\":\"search_term_string\"}}],\"inLanguage\":\"fr-FR\"},{\"@type\":\"Organization\",\"@id\":\"https:\\\/\\\/www.accidentdutravail-idf.net\\\/blog\\\/#organization\",\"name\":\"accidentdutravail-idf\",\"url\":\"https:\\\/\\\/www.accidentdutravail-idf.net\\\/blog\\\/\",\"logo\":{\"@type\":\"ImageObject\",\"inLanguage\":\"fr-FR\",\"@id\":\"https:\\\/\\\/www.accidentdutravail-idf.net\\\/blog\\\/#\\\/schema\\\/logo\\\/image\\\/\",\"url\":\"https:\\\/\\\/www.accidentdutravail-idf.net\\\/blog\\\/wp-content\\\/uploads\\\/2022\\\/09\\\/logo-2.png\",\"contentUrl\":\"https:\\\/\\\/www.accidentdutravail-idf.net\\\/blog\\\/wp-content\\\/uploads\\\/2022\\\/09\\\/logo-2.png\",\"width\":380,\"height\":291,\"caption\":\"accidentdutravail-idf\"},\"image\":{\"@id\":\"https:\\\/\\\/www.accidentdutravail-idf.net\\\/blog\\\/#\\\/schema\\\/logo\\\/image\\\/\"}},{\"@type\":\"Person\",\"@id\":\"https:\\\/\\\/www.accidentdutravail-idf.net\\\/blog\\\/#\\\/schema\\\/person\\\/3255d2f970de45e64bd9201f38e7b947\",\"name\":\"Carlos Poulain\",\"image\":{\"@type\":\"ImageObject\",\"inLanguage\":\"fr-FR\",\"@id\":\"https:\\\/\\\/secure.gravatar.com\\\/avatar\\\/b1c2f9d3588e34e91adb093635df64ef4b2381991216be7576466cfcdca4baf3?s=96&d=mm&r=g\",\"url\":\"https:\\\/\\\/secure.gravatar.com\\\/avatar\\\/b1c2f9d3588e34e91adb093635df64ef4b2381991216be7576466cfcdca4baf3?s=96&d=mm&r=g\",\"contentUrl\":\"https:\\\/\\\/secure.gravatar.com\\\/avatar\\\/b1c2f9d3588e34e91adb093635df64ef4b2381991216be7576466cfcdca4baf3?s=96&d=mm&r=g\",\"caption\":\"Carlos Poulain\"},\"url\":\"https:\\\/\\\/www.accidentdutravail-idf.net\\\/blog\\\/author\\\/idfcarlos\\\/\"}]}<\/script>\n<!-- \/ Yoast SEO plugin. -->","yoast_head_json":{"title":"Une jeune femme bless\u00e9e dans un accident du travail dans le Puy-de-D\u00f4me - ACCIDENTDUTRAVAIL-IDF","description":"Une jeune femme bless\u00e9e dans un accident du travail dans le Puy-de-D\u00f4me article de ACCIDENTDUTRAVAIL-IDF","robots":{"index":"index","follow":"follow","max-snippet":"max-snippet:-1","max-image-preview":"max-image-preview:large","max-video-preview":"max-video-preview:-1"},"canonical":"https:\/\/www.accidentdutravail-idf.net\/blog\/une-jeune-femme-blessee-dans-un-accident-du-travail-dans-le-puy-de-dome\/","og_locale":"fr_FR","og_type":"article","og_title":"Une jeune femme bless\u00e9e dans un accident du travail dans le Puy-de-D\u00f4me - ACCIDENTDUTRAVAIL-IDF","og_description":"Une jeune femme bless\u00e9e dans un accident du travail dans le Puy-de-D\u00f4me article de ACCIDENTDUTRAVAIL-IDF","og_url":"https:\/\/www.accidentdutravail-idf.net\/blog\/une-jeune-femme-blessee-dans-un-accident-du-travail-dans-le-puy-de-dome\/","og_site_name":"ACCIDENTDUTRAVAIL-IDF","article_published_time":"2024-09-16T09:14:00+00:00","og_image":[{"url":"https:\/\/www.accidentdutravail-idf.net\/blog\/wp-content\/uploads\/2024\/09\/une-jeune-femme-blessee-dans-un-accident-du-travail-dans-le-puy-de-dome.webp","type":"","width":"","height":""}],"author":"Carlos Poulain","twitter_card":"summary_large_image","twitter_misc":{"\u00c9crit par":"Carlos Poulain","Dur\u00e9e de lecture estim\u00e9e":"1 minute"},"schema":{"@context":"https:\/\/schema.org","@graph":[{"@type":"Article","@id":"https:\/\/www.accidentdutravail-idf.net\/blog\/une-jeune-femme-blessee-dans-un-accident-du-travail-dans-le-puy-de-dome\/#article","isPartOf":{"@id":"https:\/\/www.accidentdutravail-idf.net\/blog\/une-jeune-femme-blessee-dans-un-accident-du-travail-dans-le-puy-de-dome\/"},"author":{"name":"Carlos Poulain","@id":"https:\/\/www.accidentdutravail-idf.net\/blog\/#\/schema\/person\/3255d2f970de45e64bd9201f38e7b947"},"headline":"Une jeune femme bless\u00e9e dans un accident du travail dans le Puy-de-D\u00f4me","datePublished":"2024-09-16T09:14:00+00:00","mainEntityOfPage":{"@id":"https:\/\/www.accidentdutravail-idf.net\/blog\/une-jeune-femme-blessee-dans-un-accident-du-travail-dans-le-puy-de-dome\/"},"wordCount":215,"publisher":{"@id":"https:\/\/www.accidentdutravail-idf.net\/blog\/#organization"},"image":{"@id":"https:\/\/www.accidentdutravail-idf.net\/blog\/une-jeune-femme-blessee-dans-un-accident-du-travail-dans-le-puy-de-dome\/#primaryimage"},"thumbnailUrl":"https:\/\/www.accidentdutravail-idf.net\/blog\/wp-content\/uploads\/2024\/09\/une-jeune-femme-blessee-dans-un-accident-du-travail-dans-le-puy-de-dome.webp","articleSection":["S\u00e9curit\u00e9 Du Travail En Ile-De-France Et Divers:"],"inLanguage":"fr-FR"},{"@type":"WebPage","@id":"https:\/\/www.accidentdutravail-idf.net\/blog\/une-jeune-femme-blessee-dans-un-accident-du-travail-dans-le-puy-de-dome\/","url":"https:\/\/www.accidentdutravail-idf.net\/blog\/une-jeune-femme-blessee-dans-un-accident-du-travail-dans-le-puy-de-dome\/","name":"Une jeune femme bless\u00e9e dans un accident du travail dans le Puy-de-D\u00f4me - ACCIDENTDUTRAVAIL-IDF","isPartOf":{"@id":"https:\/\/www.accidentdutravail-idf.net\/blog\/#website"},"primaryImageOfPage":{"@id":"https:\/\/www.accidentdutravail-idf.net\/blog\/une-jeune-femme-blessee-dans-un-accident-du-travail-dans-le-puy-de-dome\/#primaryimage"},"image":{"@id":"https:\/\/www.accidentdutravail-idf.net\/blog\/une-jeune-femme-blessee-dans-un-accident-du-travail-dans-le-puy-de-dome\/#primaryimage"},"thumbnailUrl":"https:\/\/www.accidentdutravail-idf.net\/blog\/wp-content\/uploads\/2024\/09\/une-jeune-femme-blessee-dans-un-accident-du-travail-dans-le-puy-de-dome.webp","datePublished":"2024-09-16T09:14:00+00:00","description":"Une jeune femme bless\u00e9e dans un accident du travail dans le Puy-de-D\u00f4me article de ACCIDENTDUTRAVAIL-IDF","breadcrumb":{"@id":"https:\/\/www.accidentdutravail-idf.net\/blog\/une-jeune-femme-blessee-dans-un-accident-du-travail-dans-le-puy-de-dome\/#breadcrumb"},"inLanguage":"fr-FR","potentialAction":[{"@type":"ReadAction","target":["https:\/\/www.accidentdutravail-idf.net\/blog\/une-jeune-femme-blessee-dans-un-accident-du-travail-dans-le-puy-de-dome\/"]}]},{"@type":"ImageObject","inLanguage":"fr-FR","@id":"https:\/\/www.accidentdutravail-idf.net\/blog\/une-jeune-femme-blessee-dans-un-accident-du-travail-dans-le-puy-de-dome\/#primaryimage","url":"https:\/\/www.accidentdutravail-idf.net\/blog\/wp-content\/uploads\/2024\/09\/une-jeune-femme-blessee-dans-un-accident-du-travail-dans-le-puy-de-dome.webp","contentUrl":"https:\/\/www.accidentdutravail-idf.net\/blog\/wp-content\/uploads\/2024\/09\/une-jeune-femme-blessee-dans-un-accident-du-travail-dans-le-puy-de-dome.webp"},{"@type":"BreadcrumbList","@id":"https:\/\/www.accidentdutravail-idf.net\/blog\/une-jeune-femme-blessee-dans-un-accident-du-travail-dans-le-puy-de-dome\/#breadcrumb","itemListElement":[{"@type":"ListItem","position":1,"name":"Accueil","item":"https:\/\/www.accidentdutravail-idf.net\/blog\/"},{"@type":"ListItem","position":2,"name":"Une jeune femme bless\u00e9e dans un accident du travail dans le Puy-de-D\u00f4me"}]},{"@type":"WebSite","@id":"https:\/\/www.accidentdutravail-idf.net\/blog\/#website","url":"https:\/\/www.accidentdutravail-idf.net\/blog\/","name":"ACCIDENTDUTRAVAIL-IDF","description":"Portail accidents du travail-maladies professionnelles des entreprises d&#039;Ile-de-France","publisher":{"@id":"https:\/\/www.accidentdutravail-idf.net\/blog\/#organization"},"potentialAction":[{"@type":"SearchAction","target":{"@type":"EntryPoint","urlTemplate":"https:\/\/www.accidentdutravail-idf.net\/blog\/?s={search_term_string}"},"query-input":{"@type":"PropertyValueSpecification","valueRequired":true,"valueName":"search_term_string"}}],"inLanguage":"fr-FR"},{"@type":"Organization","@id":"https:\/\/www.accidentdutravail-idf.net\/blog\/#organization","name":"accidentdutravail-idf","url":"https:\/\/www.accidentdutravail-idf.net\/blog\/","logo":{"@type":"ImageObject","inLanguage":"fr-FR","@id":"https:\/\/www.accidentdutravail-idf.net\/blog\/#\/schema\/logo\/image\/","url":"https:\/\/www.accidentdutravail-idf.net\/blog\/wp-content\/uploads\/2022\/09\/logo-2.png","contentUrl":"https:\/\/www.accidentdutravail-idf.net\/blog\/wp-content\/uploads\/2022\/09\/logo-2.png","width":380,"height":291,"caption":"accidentdutravail-idf"},"image":{"@id":"https:\/\/www.accidentdutravail-idf.net\/blog\/#\/schema\/logo\/image\/"}},{"@type":"Person","@id":"https:\/\/www.accidentdutravail-idf.net\/blog\/#\/schema\/person\/3255d2f970de45e64bd9201f38e7b947","name":"Carlos Poulain","image":{"@type":"ImageObject","inLanguage":"fr-FR","@id":"https:\/\/secure.gravatar.com\/avatar\/b1c2f9d3588e34e91adb093635df64ef4b2381991216be7576466cfcdca4baf3?s=96&d=mm&r=g","url":"https:\/\/secure.gravatar.com\/avatar\/b1c2f9d3588e34e91adb093635df64ef4b2381991216be7576466cfcdca4baf3?s=96&d=mm&r=g","contentUrl":"https:\/\/secure.gravatar.com\/avatar\/b1c2f9d3588e34e91adb093635df64ef4b2381991216be7576466cfcdca4baf3?s=96&d=mm&r=g","caption":"Carlos Poulain"},"url":"https:\/\/www.accidentdutravail-idf.net\/blog\/author\/idfcarlos\/"}]}},"_links":{"self":[{"href":"https:\/\/www.accidentdutravail-idf.net\/blog\/wp-json\/wp\/v2\/posts\/797","targetHints":{"allow":["GET"]}}],"collection":[{"href":"https:\/\/www.accidentdutravail-idf.net\/blog\/wp-json\/wp\/v2\/posts"}],"about":[{"href":"https:\/\/www.accidentdutravail-idf.net\/blog\/wp-json\/wp\/v2\/types\/post"}],"author":[{"embeddable":true,"href":"https:\/\/www.accidentdutravail-idf.net\/blog\/wp-json\/wp\/v2\/users\/2"}],"replies":[{"embeddable":true,"href":"https:\/\/www.accidentdutravail-idf.net\/blog\/wp-json\/wp\/v2\/comments?post=797"}],"version-history":[{"count":0,"href":"https:\/\/www.accidentdutravail-idf.net\/blog\/wp-json\/wp\/v2\/posts\/797\/revisions"}],"wp:attachment":[{"href":"https:\/\/www.accidentdutravail-idf.net\/blog\/wp-json\/wp\/v2\/media?parent=797"}],"wp:term":[{"taxonomy":"category","embeddable":true,"href":"https:\/\/www.accidentdutravail-idf.net\/blog\/wp-json\/wp\/v2\/categories?post=797"},{"taxonomy":"post_tag","embeddable":true,"href":"https:\/\/www.accidentdutravail-idf.net\/blog\/wp-json\/wp\/v2\/tags?post=797"}],"curies":[{"name":"wp","href":"https:\/\/api.w.org\/{rel}","templated":true}]}}