{"id":795,"date":"2024-09-13T09:46:00","date_gmt":"2024-09-13T07:46:00","guid":{"rendered":"https:\/\/www.accidentdutravail-idf.net\/blog\/accident-du-travail-happe-par-une-machine-un-salarie-tue-dans-une-entreprise-du-maine-et-loire\/"},"modified":"2024-09-13T09:46:00","modified_gmt":"2024-09-13T07:46:00","slug":"accident-du-travail-happe-par-une-machine-un-salarie-tue-dans-une-entreprise-du-maine-et-loire","status":"publish","type":"post","link":"https:\/\/www.accidentdutravail-idf.net\/blog\/accident-du-travail-happe-par-une-machine-un-salarie-tue-dans-une-entreprise-du-maine-et-loire\/","title":{"rendered":"Accident du travail : happ\u00e9 par une machine, un salari\u00e9 tu\u00e9 dans une entreprise du Maine-et-Loire"},"content":{"rendered":"<header class=\"su-article su-premium payant \">\n<div class=\"su-responsive\">\n<p> <span class=\"su-visually-hidden\">Article premium, <\/span> R\u00e9serv\u00e9 aux&nbsp;abonn\u00e9s <\/p>\n<\/p><\/div>\n<p class=\"su-standfirst chapeau\">L\u2019accident s\u2019est produit jeudi 12&nbsp;septembre en soir\u00e9e, dans les locaux d\u2019Angers Nickel chrome, une entreprise install\u00e9e \u00e0 Avrill\u00e9. La victime, un homme de 34&nbsp;ans, a \u00e9t\u00e9 \u00e9cras\u00e9e par une machine. Une enqu\u00eate a \u00e9t\u00e9 ouverte et confi\u00e9e \u00e0 la police et l\u2019inspection du travail.<\/p>\n<div class=\"photo su-relative \">\n<figure>\n<div class=\"su-ratio-16-9 su-main-picture\"> <img decoding=\"async\" class=\"su-media\" src=\"https:\/\/www.accidentdutravail-idf.net\/blog\/wp-content\/uploads\/2024\/09\/accident-du-travail-happe-par-une-machine-un-salarie-tue-dans-une-entreprise-du-maine-et-loire.jpg\" alt=\"L\u2019accident mortel du travail a eu lieu dans l\u2019entreprise Angers Nickel chrome, \u00e0 Avrill\u00e9, dans la soir\u00e9e du jeudi 13&nbsp;septembre.\"> <\/div><figcaption><span>L\u2019accident mortel du travail a eu lieu dans l\u2019entreprise Angers Nickel chrome, \u00e0 Avrill\u00e9, dans la soir\u00e9e du jeudi 13&nbsp;septembre. | <\/span>CO<\/figcaption><\/figure>\n<p> <button class=\"su-button-fullscreen\" data-oftriggerresize data-ofmodal=\"carrousel-plein-ecran\"> <span>Voir en plein \u00e9cran<\/span> <\/button> <\/div>\n<p>  <button class=\"btn btn-fermer\" title=\"Fermer le plein \u00e9cran\" data-ofmodal=\"carrousel-plein-ecran\"> <i class=\"su-icon ic-fermer\">fermer<\/i> <\/button> <\/p>\n<div class=\"carrousel snap-migrate\">\n<ul class=\"carrousel-conteneur su-not-list\" data-ofswipe=\"{&quot;rambo&quot;:2,&quot;sel&quot;:&quot;.photo&quot;, &quot;navSel&quot;:&quot;.carrousel-plein-ecran .carrousel-nav-bas .item&quot;}\">\n<li class=\"carrousel-contenu photo\" data-ofvwidth=\"{&quot;mobileOnly&quot;:false}\">\n<figure><img decoding=\"async\" data-ofmaxheight class=\"media lazyload\" alt=\"L\u2019accident mortel du travail a eu lieu dans l\u2019entreprise Angers Nickel chrome, \u00e0 Avrill\u00e9, dans la soir\u00e9e du jeudi 13&nbsp;septembre.\" src=\"https:\/\/www.accidentdutravail-idf.net\/blog\/wp-content\/uploads\/2024\/09\/accident-du-travail-happe-par-une-machine-un-salarie-tue-dans-une-entreprise-du-maine-et-loire.png\" data-oflazyload=\"{&quot;srcset&quot;:&quot;https:\/\/media.ouest-france.fr\/v1\/pictures\/MjAyNDA5ZTI5MGFjMTQ2NjZlMDY0YzdhY2MzNjViMjU2NzQwNzM?width=320&amp;focuspoint=50%2C25&amp;cropresize=1&amp;client_id=bpeditorial&amp;sign=7e447f8fd2808a1d3db7a116368c08d78b43c2e3c1136d04a1baf240ce02320a 320w,https:\/\/media.ouest-france.fr\/v1\/pictures\/MjAyNDA5ZTI5MGFjMTQ2NjZlMDY0YzdhY2MzNjViMjU2NzQwNzM?width=375&amp;focuspoint=50%2C25&amp;cropresize=1&amp;client_id=bpeditorial&amp;sign=cc70530c8183e0f7166d8c59f61696e71309a58dc6b4282e130b2ed966be6dd3 360w,https:\/\/media.ouest-france.fr\/v1\/pictures\/MjAyNDA5ZTI5MGFjMTQ2NjZlMDY0YzdhY2MzNjViMjU2NzQwNzM?width=480&amp;focuspoint=50%2C25&amp;cropresize=1&amp;client_id=bpeditorial&amp;sign=59a5ec745c312651d60cf232fc612e637c6fa2f7b3aed42b90809afbd3bebbdb 480w,https:\/\/media.ouest-france.fr\/v1\/pictures\/MjAyNDA5ZTI5MGFjMTQ2NjZlMDY0YzdhY2MzNjViMjU2NzQwNzM?width=630&amp;focuspoint=50%2C25&amp;cropresize=1&amp;client_id=bpeditorial&amp;sign=a1fce6d2f8a1520be2bebe5e5b4b49cdf2aa70f0f6fb7ed7e2224460b389e8ab 630w,https:\/\/media.ouest-france.fr\/v1\/pictures\/MjAyNDA5ZTI5MGFjMTQ2NjZlMDY0YzdhY2MzNjViMjU2NzQwNzM?width=940&amp;focuspoint=50%2C25&amp;cropresize=1&amp;client_id=bpeditorial&amp;sign=410bbc69eeca1f123bdbffd59c5cb00728e3bf44ab4f3761e8e2e462f1988e38 940w,https:\/\/media.ouest-france.fr\/v1\/pictures\/MjAyNDA5ZTI5MGFjMTQ2NjZlMDY0YzdhY2MzNjViMjU2NzQwNzM?width=1260&amp;focuspoint=50%2C25&amp;cropresize=1&amp;client_id=bpeditorial&amp;sign=57c2161afb64d483a7ba38a19ec0c4391191035cbcb01809290f01dbc4499282 1260w&quot;}\"><figcaption><span>L\u2019accident mortel du travail a eu lieu dans l\u2019entreprise Angers Nickel chrome, \u00e0 Avrill\u00e9, dans la soir\u00e9e du jeudi 13&nbsp;septembre. | <\/span>CO<\/figcaption><\/figure>\n<\/li>\n<\/ul><\/div>\n<\/header>\n<div class=\"col-gauche\">\n<header class=\"metadata\"> <span class=\"auteur\"> <span class=\"su-source source-lien su-cockade-co\"><a href=\"https:\/\/www.ouest-france.fr\/le-courrier-de-l-ouest\/\" target=\"_blank\" rel=\"nofollow\">Le Courrier de l&rsquo;Ouest<\/a><\/span> <span class=\"su-author\"> <a href=\"https:\/\/www.ouest-france.fr\/redaction\/cyprien-mercier\/\" class=\"su-link\" title=\"Suivre les publications de Cyprien MERCIER\" target=\"_blank\" rel=\"nofollow\">Cyprien MERCIER<\/a> <\/span> <\/span> <span class=\"dates\"> <span class=\"date su-date \">Publi\u00e9 le 13\/09\/2024 <span class=\"heure\"> \u00e0 18h46<\/span><\/span> <\/span> <\/header>\n<aside class=\"contenu-secondaire\" data-nosnippet>\n<p> <button class=\"action meta-readlater\"> <span data-trk-menuarticle=\"Lire plus tard\" role=\"button\" class=\"icon-signet\" title=\"Lire plus tard\" data-ofreadlater-id=\"f532813e-71e7-11ef-85ef-f14e8299cf17\" data-ofreadlater-url=\"https:\/\/www.ouest-france.fr\/pays-de-la-loire\/avrille-49240\/accident-du-travail-happe-par-une-machine-un-salarie-tue-dans-une-entreprise-du-maine-et-loire-f532813e-71e7-11ef-85ef-f14e8299cf17\" data-ofreadlater-title=\"Accident du travail&nbsp;: happ\u00e9 par une machine, un salari\u00e9 tu\u00e9 dans une entreprise du Maine-et-Loire\"><\/span> <span>Lire plus tard<\/span> <\/button> <\/p>\n<div class=\"su-visible-xl item su-clearfix\"> <button class=\"action su-row meta-btn su-vertical-center su-visible-xl\" data-sutoggleclass=\"[{&quot;sel&quot;:&quot;#partage-col-gauche&quot;,&quot;klass&quot;:&quot;su-hidden&quot;}]\"> <span data-trk-menuarticle=\"Partager\" class=\"icon icon-partage\"><\/span> <span class=\"su-text-left\">Partager<\/span> <\/button> <\/p>\n<ul id=\"partage-col-gauche\" class=\"reseaux-sociaux-list avec-noms pastilles su-not-list su-hidden\">\n<li class=\"item facebook\"><button data-trksocialnetwork=\"Facebook\" data-ofshare-open=\"{&quot;target&quot;: &quot;facebook&quot;, &quot;url&quot;: &quot;https:\/\/www.ouest-france.fr\/pays-de-la-loire\/avrille-49240\/accident-du-travail-happe-par-une-machine-un-salarie-tue-dans-une-entreprise-du-maine-et-loire-f532813e-71e7-11ef-85ef-f14e8299cf17&quot;, &quot;source&quot;: &quot;courrierouest&quot;}\" title=\"Partager sur Facebook\"><i class=\"icon icon-facebook\" data-trk-nav-bottom-sticky=\"Facebook\"><\/i><\/button><\/li>\n<li class=\"item twitter x\"><button data-trksocialnetwork=\"X\" data-ofshare-open=\"{&quot;target&quot;: &quot;twitter&quot;, &quot;url&quot;: &quot;https:\/\/www.ouest-france.fr\/pays-de-la-loire\/avrille-49240\/accident-du-travail-happe-par-une-machine-un-salarie-tue-dans-une-entreprise-du-maine-et-loire-f532813e-71e7-11ef-85ef-f14e8299cf17&quot;, &quot;source&quot;: &quot;courrierouest&quot;}\" title=\"Partager sur X\"><i class=\"icon\" data-trk-nav-bottom-sticky=\"X\"><img data-oflazyload=\"{&quot;src&quot;:&quot;https:\/\/media.ouest-france.fr\/v1\/fonts\/561e3fe971440ef51d73173055cd9263-twitter-blanc.svg&quot;}\"><\/i><\/button><\/li>\n<li class=\"item flipboard\"><button data-trksocialnetwork=\"Flipboard\" data-ofshare-open=\"{&quot;target&quot;: &quot;Flipboard&quot;, &quot;url&quot;: &quot;https:\/\/www.ouest-france.fr\/pays-de-la-loire\/avrille-49240\/accident-du-travail-happe-par-une-machine-un-salarie-tue-dans-une-entreprise-du-maine-et-loire-f532813e-71e7-11ef-85ef-f14e8299cf17&quot;, &quot;source&quot;: &quot;courrierouest&quot;}\" title=\"Partager sur Flipboard\"><i class=\"icon icon-flipboard\" data-trk-nav-bottom-sticky=\"Flipboard\"><\/i><\/button><\/li>\n<li class=\"item linkedin\"><button data-trksocialnetwork=\"LinkedIn\" data-ofshare-open=\"{&quot;target&quot;: &quot;LinkedIn&quot;, &quot;url&quot;: &quot;https:\/\/www.ouest-france.fr\/pays-de-la-loire\/avrille-49240\/accident-du-travail-happe-par-une-machine-un-salarie-tue-dans-une-entreprise-du-maine-et-loire-f532813e-71e7-11ef-85ef-f14e8299cf17&quot;, &quot;source&quot;: &quot;courrierouest&quot;}\" title=\"Partager sur LinkedIn\"><i class=\"icon icon-linkedin\" data-trk-nav-bottom-sticky=\"LinkedIn\"><\/i><\/button><\/li>\n<\/ul><\/div>\n<div data-trk=\"[{&amp;quot;n&amp;quot;:&amp;quot;platform-newsletters&amp;quot;,&amp;quot;o&amp;quot;:&amp;quot;Platform BP Newsletters&amp;quot;,&amp;quot;v&amp;quot;:&amp;quot;3.11.2&amp;quot;}]\" id=\"bloc_3quarts_1__parentOf__inscription_newsletter\" class=\"_b item\">\n<section id=\"newsletter-col-gauche\" class=\"su-negative bp-newsletters nl-e2001a bloc-newsletter newsletter-gauche su-visible-xl su-margin-bottom-xl\"> <label for=\"subscription-mail\" title=\"S'inscrire \u00e0 la Newsletter\" class=\"toggle-nl-col-gauche\" data-sutoggleclass=\"[{&quot;sel&quot;:&quot;.bloc-newsletter.newsletter-gauche .texte-rgpd.su-hidden&quot;,&quot;klass&quot;:&quot;su-hidden&quot;},{&quot;klass&quot;:&quot;su-hidden&quot;}]\"><\/label> <\/p>\n<p class=\"su-h3 su-margin-bottom-xs titre-bloc\">Newsletter Angers<\/p>\n<p>Chaque matin, recevez toute l\u2019information d&rsquo;Angers et de ses environs avec <strong>Le Courrier de l&rsquo;Ouest<\/strong><\/p>\n<p class=\"su-text-xsmall texte-rgpd su-hidden\">Votre e-mail, avec votre consentement, est utilis\u00e9 par Ouest-France pour recevoir notre newsletter. <a class=\"su-link-light\" href=\"https:\/\/www.ouest-france.fr\/politique-de-protection-des-donnees-personnelles\/\" target=\"_blank\" rel=\"nofollow\">En&nbsp;savoir&nbsp;plus<\/a>.<\/p>\n<\/section>\n<\/div>\n<\/aside><\/div>\n<div id=\"article-detail\" class=\"contenu-principal p402_premium cache\">\n<div class=\"su-article\">\n<p>C\u2019\u00e9tait la fin de leur service. Deux employ\u00e9s de l\u2019entreprise Angers Nickel chrome, implant\u00e9e \u00e0 Avrill\u00e9, s\u2019appr\u00eataient \u00e0 quitter les lieux, jeudi 12&nbsp;septembre vers 21&nbsp;heures. L\u2019un d\u2019eux, ne voyant pas son coll\u00e8gue le rejoindre, a fait demi-tour pour aller le chercher. Il l\u2019a trouv\u00e9 coinc\u00e9 et inconscient, \u00e9cras\u00e9 au niveau du thorax par une machine de cette soci\u00e9t\u00e9 sp\u00e9cialis\u00e9e dans le traitement des m\u00e9taux par voie \u00e9lectrolytique. <q>&nbsp;Il se trouvait dans une&#8230;<\/q><\/p>\n<\/p><\/div>\n<div class=\"mur\">\n<div class=\"compte\">\n<div data-trk=\"[{&amp;quot;n&amp;quot;:&amp;quot;platform-pied-article-moteur-marques-configurable&amp;quot;,&amp;quot;o&amp;quot;:&amp;quot;ouestfrance platform moteurs marques&amp;quot;,&amp;quot;v&amp;quot;:&amp;quot;3.12.0&amp;quot;}]\" id=\"bloc_3quarts_1__parentOf__mur_payant_configurable\" class=\"_b\">\n<div id=\"paywall-configurable\" class=\"su-relative mur-payant\" data-paywall>\n<div class=\"fallback\">\n<div class=\"su-bloc-loader su-hidden\">\n<p> <span class=\"su-visually-hidden\">Chargement en cours\u2026<\/span> <\/p>\n<\/p><\/div>\n<section data-btnfixed-href=\"https:\/\/abonnement.ouest-france.fr\/tunnel\/pack-essentiel-article\/124098124100?int_medium=lien&amp;int_content=page-article-payant_boutonjaune-paywall&amp;marquesource=OF&amp;rt=https:\/\/www.ouest-france.fr\/pays-de-la-loire\/avrille-49240\/accident-du-travail-happe-par-une-machine-un-salarie-tue-dans-une-entreprise-du-maine-et-loire-f532813e-71e7-11ef-85ef-f14e8299cf17\" data-btnfixed-libelle=\"S'abonner pour lire la suite\" data-btnfixed-class=\"su-subscription\">\n<p class=\"layus\">Il vous reste 80% de cet article \u00e0 lire.<\/p>\n<p> <span class=\"picto\"> <title>cadenas-ouvert<\/title>  &nbsp;<\/span> <span class=\"su-h2\"><span>Pour d&amp;eacutebloquer l&rsquo;article, <span>abonnez-vous<\/span><\/span><\/span> <\/p>\n<div class=\"pied-article spreadsheet\">\n<div class=\"inscription\">\n<div class=\"su-margin-bottom-s\">\n<div class=\"su-margin-bottom-s\">\n<p><strong>1<sup>\u00e8re<\/sup>&nbsp;semaine offerte puis 1<sup>\u20ac50<\/sup> \/ semaine<\/strong><\/p>\n<\/div>\n<p>Annulable \u00e0 tout moment<\/p><\/div>\n<\/p><\/div>\n<\/p><\/div>\n<\/section><\/div>\n<\/div>\n<\/div><\/div>\n<div data-trk=\"[{&amp;quot;n&amp;quot;:&amp;quot;platform-pied-article-moteur-marques-configurable&amp;quot;,&amp;quot;o&amp;quot;:&amp;quot;ouestfrance platform moteurs marques&amp;quot;,&amp;quot;v&amp;quot;:&amp;quot;3.12.0&amp;quot;}]\" id=\"bloc_3quarts_1__parentOf__cta_pied_article_anonyme_sticky\" class=\"_b with-barre-navigation-sticky\"> <a data-ida data-trkartmonet=\"Tunnel OF+\" class=\"su-button su-subscription lien-sticky-paywall btn-fixed su-hidden-lg su-hidden-xl\"> .mur&quot;,&quot;bottom&quot;:true,&quot;klass&quot;:&quot;su-hidden&quot;,&quot;inverted&quot;: true}\u00a0\u00bb data-trk-bloc=\u00a0\u00bbsticky\u00a0\u00bb href=\u00a0\u00bbhttps:\/\/abonnement.ouest-france.fr\/tunnel\/pack-essentiel-article\/124098124100?int_medium=lien&amp;int_content=page-article-payant_boutonjaune-paywall&amp;marquesource=OF&amp;rt=https:\/\/www.ouest-france.fr\/pays-de-la-loire\/avrille-49240\/accident-du-travail-happe-par-une-machine-un-salarie-tue-dans-une-entreprise-du-maine-et-loire-f532813e-71e7-11ef-85ef-f14e8299cf17&Prime;&gt;<strong>S&rsquo;abonner pour lire la suite<\/strong><\/a> <\/div>\n<\/p><\/div>\n<\/p><\/div>\n<p> accidentdutravail-idf.net vous a pr\u00e9par\u00e9 ce post qui informe du sujet \u00ab\u00a0Association Sportive Huisson-Longueville Essonne\u00a0\u00bb. La chronique se veut g\u00e9n\u00e9r\u00e9e du mieux possible. Vous pouvez utiliser les coordonn\u00e9es indiqu\u00e9es sur le site dans le but d\u2019apporter des explications sur ce post qui parle du th\u00e8me \u00ab\u00a0Association Sportive Huisson-Longueville Essonne\u00a0\u00bb. Le site accidentdutravail-idf.net a pour but de fournir diverses publications sur la th\u00e9matique Association Sportive Huisson-Longueville Essonne diffus\u00e9es sur le net. Il y aura plusieurs articles autour du sujet \u00ab\u00a0Association Sportive Huisson-Longueville Essonne\u00a0\u00bb dans quelques jours, nous vous invitons \u00e0 naviguer sur notre site web \u00e0 plusieurs reprises.<\/p>\n","protected":false},"excerpt":{"rendered":"<p>Article premium, R\u00e9serv\u00e9 aux&nbsp;abonn\u00e9s L\u2019accident s\u2019est produit jeudi 12&nbsp;septembre en soir\u00e9e, dans les locaux d\u2019Angers Nickel chrome, une entreprise install\u00e9e \u00e0 Avrill\u00e9. La victime, un homme de 34&nbsp;ans, a \u00e9t\u00e9 \u00e9cras\u00e9e par une machine. Une enqu\u00eate a \u00e9t\u00e9 ouverte et confi\u00e9e \u00e0 la police et l\u2019inspection du travail. L\u2019accident mortel du travail a eu lieu &hellip; <\/p>\n<p class=\"link-more\"><a href=\"https:\/\/www.accidentdutravail-idf.net\/blog\/accident-du-travail-happe-par-une-machine-un-salarie-tue-dans-une-entreprise-du-maine-et-loire\/\" class=\"more-link\">Continuer la lecture <span class=\"screen-reader-text\"> \u00ab\u00a0Accident du travail : happ\u00e9 par une machine, un salari\u00e9 tu\u00e9 dans une entreprise du Maine-et-Loire\u00a0\u00bb<\/span><\/a><\/p>\n","protected":false},"author":2,"featured_media":0,"comment_status":"closed","ping_status":"closed","sticky":false,"template":"","format":"standard","meta":{"footnotes":""},"categories":[5],"tags":[],"class_list":["post-795","post","type-post","status-publish","format-standard","hentry","category-securite-du-travail-en-ile-de-france-et-divers","entry"],"yoast_head":"<!-- This site is optimized with the Yoast SEO plugin v27.5 - https:\/\/yoast.com\/product\/yoast-seo-wordpress\/ -->\n<title>Accident du travail : happ\u00e9 par une machine, un salari\u00e9 tu\u00e9 dans une entreprise du Maine-et-Loire - ACCIDENTDUTRAVAIL-IDF<\/title>\n<meta name=\"description\" content=\"Accident du travail : happ\u00e9 par une machine, un salari\u00e9 tu\u00e9 dans une entreprise du Maine-et-Loire article de ACCIDENTDUTRAVAIL-IDF\" \/>\n<meta name=\"robots\" content=\"index, follow, max-snippet:-1, max-image-preview:large, max-video-preview:-1\" \/>\n<link rel=\"canonical\" href=\"https:\/\/www.accidentdutravail-idf.net\/blog\/accident-du-travail-happe-par-une-machine-un-salarie-tue-dans-une-entreprise-du-maine-et-loire\/\" \/>\n<meta property=\"og:locale\" content=\"fr_FR\" \/>\n<meta property=\"og:type\" content=\"article\" \/>\n<meta property=\"og:title\" content=\"Accident du travail : happ\u00e9 par une machine, un salari\u00e9 tu\u00e9 dans une entreprise du Maine-et-Loire - ACCIDENTDUTRAVAIL-IDF\" \/>\n<meta property=\"og:description\" content=\"Accident du travail : happ\u00e9 par une machine, un salari\u00e9 tu\u00e9 dans une entreprise du Maine-et-Loire article de ACCIDENTDUTRAVAIL-IDF\" \/>\n<meta property=\"og:url\" content=\"https:\/\/www.accidentdutravail-idf.net\/blog\/accident-du-travail-happe-par-une-machine-un-salarie-tue-dans-une-entreprise-du-maine-et-loire\/\" \/>\n<meta property=\"og:site_name\" content=\"ACCIDENTDUTRAVAIL-IDF\" \/>\n<meta property=\"article:published_time\" content=\"2024-09-13T07:46:00+00:00\" \/>\n<meta property=\"og:image\" content=\"https:\/\/www.accidentdutravail-idf.net\/blog\/wp-content\/uploads\/2024\/09\/accident-du-travail-happe-par-une-machine-un-salarie-tue-dans-une-entreprise-du-maine-et-loire.jpg\" \/>\n<meta name=\"author\" content=\"Carlos Poulain\" \/>\n<meta name=\"twitter:card\" content=\"summary_large_image\" \/>\n<meta name=\"twitter:label1\" content=\"\u00c9crit par\" \/>\n\t<meta name=\"twitter:data1\" content=\"Carlos Poulain\" \/>\n\t<meta name=\"twitter:label2\" content=\"Dur\u00e9e de lecture estim\u00e9e\" \/>\n\t<meta name=\"twitter:data2\" content=\"2 minutes\" \/>\n<script type=\"application\/ld+json\" class=\"yoast-schema-graph\">{\"@context\":\"https:\\\/\\\/schema.org\",\"@graph\":[{\"@type\":\"Article\",\"@id\":\"https:\\\/\\\/www.accidentdutravail-idf.net\\\/blog\\\/accident-du-travail-happe-par-une-machine-un-salarie-tue-dans-une-entreprise-du-maine-et-loire\\\/#article\",\"isPartOf\":{\"@id\":\"https:\\\/\\\/www.accidentdutravail-idf.net\\\/blog\\\/accident-du-travail-happe-par-une-machine-un-salarie-tue-dans-une-entreprise-du-maine-et-loire\\\/\"},\"author\":{\"name\":\"Carlos Poulain\",\"@id\":\"https:\\\/\\\/www.accidentdutravail-idf.net\\\/blog\\\/#\\\/schema\\\/person\\\/3255d2f970de45e64bd9201f38e7b947\"},\"headline\":\"Accident du travail : happ\u00e9 par une machine, un salari\u00e9 tu\u00e9 dans une entreprise du Maine-et-Loire\",\"datePublished\":\"2024-09-13T07:46:00+00:00\",\"mainEntityOfPage\":{\"@id\":\"https:\\\/\\\/www.accidentdutravail-idf.net\\\/blog\\\/accident-du-travail-happe-par-une-machine-un-salarie-tue-dans-une-entreprise-du-maine-et-loire\\\/\"},\"wordCount\":456,\"publisher\":{\"@id\":\"https:\\\/\\\/www.accidentdutravail-idf.net\\\/blog\\\/#organization\"},\"image\":{\"@id\":\"https:\\\/\\\/www.accidentdutravail-idf.net\\\/blog\\\/accident-du-travail-happe-par-une-machine-un-salarie-tue-dans-une-entreprise-du-maine-et-loire\\\/#primaryimage\"},\"thumbnailUrl\":\"https:\\\/\\\/www.accidentdutravail-idf.net\\\/blog\\\/wp-content\\\/uploads\\\/2024\\\/09\\\/accident-du-travail-happe-par-une-machine-un-salarie-tue-dans-une-entreprise-du-maine-et-loire.jpg\",\"articleSection\":[\"S\u00e9curit\u00e9 Du Travail En Ile-De-France Et Divers:\"],\"inLanguage\":\"fr-FR\"},{\"@type\":\"WebPage\",\"@id\":\"https:\\\/\\\/www.accidentdutravail-idf.net\\\/blog\\\/accident-du-travail-happe-par-une-machine-un-salarie-tue-dans-une-entreprise-du-maine-et-loire\\\/\",\"url\":\"https:\\\/\\\/www.accidentdutravail-idf.net\\\/blog\\\/accident-du-travail-happe-par-une-machine-un-salarie-tue-dans-une-entreprise-du-maine-et-loire\\\/\",\"name\":\"Accident du travail : happ\u00e9 par une machine, un salari\u00e9 tu\u00e9 dans une entreprise du Maine-et-Loire - ACCIDENTDUTRAVAIL-IDF\",\"isPartOf\":{\"@id\":\"https:\\\/\\\/www.accidentdutravail-idf.net\\\/blog\\\/#website\"},\"primaryImageOfPage\":{\"@id\":\"https:\\\/\\\/www.accidentdutravail-idf.net\\\/blog\\\/accident-du-travail-happe-par-une-machine-un-salarie-tue-dans-une-entreprise-du-maine-et-loire\\\/#primaryimage\"},\"image\":{\"@id\":\"https:\\\/\\\/www.accidentdutravail-idf.net\\\/blog\\\/accident-du-travail-happe-par-une-machine-un-salarie-tue-dans-une-entreprise-du-maine-et-loire\\\/#primaryimage\"},\"thumbnailUrl\":\"https:\\\/\\\/www.accidentdutravail-idf.net\\\/blog\\\/wp-content\\\/uploads\\\/2024\\\/09\\\/accident-du-travail-happe-par-une-machine-un-salarie-tue-dans-une-entreprise-du-maine-et-loire.jpg\",\"datePublished\":\"2024-09-13T07:46:00+00:00\",\"description\":\"Accident du travail : happ\u00e9 par une machine, un salari\u00e9 tu\u00e9 dans une entreprise du Maine-et-Loire article de ACCIDENTDUTRAVAIL-IDF\",\"breadcrumb\":{\"@id\":\"https:\\\/\\\/www.accidentdutravail-idf.net\\\/blog\\\/accident-du-travail-happe-par-une-machine-un-salarie-tue-dans-une-entreprise-du-maine-et-loire\\\/#breadcrumb\"},\"inLanguage\":\"fr-FR\",\"potentialAction\":[{\"@type\":\"ReadAction\",\"target\":[\"https:\\\/\\\/www.accidentdutravail-idf.net\\\/blog\\\/accident-du-travail-happe-par-une-machine-un-salarie-tue-dans-une-entreprise-du-maine-et-loire\\\/\"]}]},{\"@type\":\"ImageObject\",\"inLanguage\":\"fr-FR\",\"@id\":\"https:\\\/\\\/www.accidentdutravail-idf.net\\\/blog\\\/accident-du-travail-happe-par-une-machine-un-salarie-tue-dans-une-entreprise-du-maine-et-loire\\\/#primaryimage\",\"url\":\"https:\\\/\\\/www.accidentdutravail-idf.net\\\/blog\\\/wp-content\\\/uploads\\\/2024\\\/09\\\/accident-du-travail-happe-par-une-machine-un-salarie-tue-dans-une-entreprise-du-maine-et-loire.jpg\",\"contentUrl\":\"https:\\\/\\\/www.accidentdutravail-idf.net\\\/blog\\\/wp-content\\\/uploads\\\/2024\\\/09\\\/accident-du-travail-happe-par-une-machine-un-salarie-tue-dans-une-entreprise-du-maine-et-loire.jpg\"},{\"@type\":\"BreadcrumbList\",\"@id\":\"https:\\\/\\\/www.accidentdutravail-idf.net\\\/blog\\\/accident-du-travail-happe-par-une-machine-un-salarie-tue-dans-une-entreprise-du-maine-et-loire\\\/#breadcrumb\",\"itemListElement\":[{\"@type\":\"ListItem\",\"position\":1,\"name\":\"Accueil\",\"item\":\"https:\\\/\\\/www.accidentdutravail-idf.net\\\/blog\\\/\"},{\"@type\":\"ListItem\",\"position\":2,\"name\":\"Accident du travail : happ\u00e9 par une machine, un salari\u00e9 tu\u00e9 dans une entreprise du Maine-et-Loire\"}]},{\"@type\":\"WebSite\",\"@id\":\"https:\\\/\\\/www.accidentdutravail-idf.net\\\/blog\\\/#website\",\"url\":\"https:\\\/\\\/www.accidentdutravail-idf.net\\\/blog\\\/\",\"name\":\"ACCIDENTDUTRAVAIL-IDF\",\"description\":\"Portail accidents du travail-maladies professionnelles des entreprises d&#039;Ile-de-France\",\"publisher\":{\"@id\":\"https:\\\/\\\/www.accidentdutravail-idf.net\\\/blog\\\/#organization\"},\"potentialAction\":[{\"@type\":\"SearchAction\",\"target\":{\"@type\":\"EntryPoint\",\"urlTemplate\":\"https:\\\/\\\/www.accidentdutravail-idf.net\\\/blog\\\/?s={search_term_string}\"},\"query-input\":{\"@type\":\"PropertyValueSpecification\",\"valueRequired\":true,\"valueName\":\"search_term_string\"}}],\"inLanguage\":\"fr-FR\"},{\"@type\":\"Organization\",\"@id\":\"https:\\\/\\\/www.accidentdutravail-idf.net\\\/blog\\\/#organization\",\"name\":\"accidentdutravail-idf\",\"url\":\"https:\\\/\\\/www.accidentdutravail-idf.net\\\/blog\\\/\",\"logo\":{\"@type\":\"ImageObject\",\"inLanguage\":\"fr-FR\",\"@id\":\"https:\\\/\\\/www.accidentdutravail-idf.net\\\/blog\\\/#\\\/schema\\\/logo\\\/image\\\/\",\"url\":\"https:\\\/\\\/www.accidentdutravail-idf.net\\\/blog\\\/wp-content\\\/uploads\\\/2022\\\/09\\\/logo-2.png\",\"contentUrl\":\"https:\\\/\\\/www.accidentdutravail-idf.net\\\/blog\\\/wp-content\\\/uploads\\\/2022\\\/09\\\/logo-2.png\",\"width\":380,\"height\":291,\"caption\":\"accidentdutravail-idf\"},\"image\":{\"@id\":\"https:\\\/\\\/www.accidentdutravail-idf.net\\\/blog\\\/#\\\/schema\\\/logo\\\/image\\\/\"}},{\"@type\":\"Person\",\"@id\":\"https:\\\/\\\/www.accidentdutravail-idf.net\\\/blog\\\/#\\\/schema\\\/person\\\/3255d2f970de45e64bd9201f38e7b947\",\"name\":\"Carlos Poulain\",\"image\":{\"@type\":\"ImageObject\",\"inLanguage\":\"fr-FR\",\"@id\":\"https:\\\/\\\/secure.gravatar.com\\\/avatar\\\/b1c2f9d3588e34e91adb093635df64ef4b2381991216be7576466cfcdca4baf3?s=96&d=mm&r=g\",\"url\":\"https:\\\/\\\/secure.gravatar.com\\\/avatar\\\/b1c2f9d3588e34e91adb093635df64ef4b2381991216be7576466cfcdca4baf3?s=96&d=mm&r=g\",\"contentUrl\":\"https:\\\/\\\/secure.gravatar.com\\\/avatar\\\/b1c2f9d3588e34e91adb093635df64ef4b2381991216be7576466cfcdca4baf3?s=96&d=mm&r=g\",\"caption\":\"Carlos Poulain\"},\"url\":\"https:\\\/\\\/www.accidentdutravail-idf.net\\\/blog\\\/author\\\/idfcarlos\\\/\"}]}<\/script>\n<!-- \/ Yoast SEO plugin. -->","yoast_head_json":{"title":"Accident du travail : happ\u00e9 par une machine, un salari\u00e9 tu\u00e9 dans une entreprise du Maine-et-Loire - ACCIDENTDUTRAVAIL-IDF","description":"Accident du travail : happ\u00e9 par une machine, un salari\u00e9 tu\u00e9 dans une entreprise du Maine-et-Loire article de ACCIDENTDUTRAVAIL-IDF","robots":{"index":"index","follow":"follow","max-snippet":"max-snippet:-1","max-image-preview":"max-image-preview:large","max-video-preview":"max-video-preview:-1"},"canonical":"https:\/\/www.accidentdutravail-idf.net\/blog\/accident-du-travail-happe-par-une-machine-un-salarie-tue-dans-une-entreprise-du-maine-et-loire\/","og_locale":"fr_FR","og_type":"article","og_title":"Accident du travail : happ\u00e9 par une machine, un salari\u00e9 tu\u00e9 dans une entreprise du Maine-et-Loire - ACCIDENTDUTRAVAIL-IDF","og_description":"Accident du travail : happ\u00e9 par une machine, un salari\u00e9 tu\u00e9 dans une entreprise du Maine-et-Loire article de ACCIDENTDUTRAVAIL-IDF","og_url":"https:\/\/www.accidentdutravail-idf.net\/blog\/accident-du-travail-happe-par-une-machine-un-salarie-tue-dans-une-entreprise-du-maine-et-loire\/","og_site_name":"ACCIDENTDUTRAVAIL-IDF","article_published_time":"2024-09-13T07:46:00+00:00","og_image":[{"url":"https:\/\/www.accidentdutravail-idf.net\/blog\/wp-content\/uploads\/2024\/09\/accident-du-travail-happe-par-une-machine-un-salarie-tue-dans-une-entreprise-du-maine-et-loire.jpg","type":"","width":"","height":""}],"author":"Carlos Poulain","twitter_card":"summary_large_image","twitter_misc":{"\u00c9crit par":"Carlos Poulain","Dur\u00e9e de lecture estim\u00e9e":"2 minutes"},"schema":{"@context":"https:\/\/schema.org","@graph":[{"@type":"Article","@id":"https:\/\/www.accidentdutravail-idf.net\/blog\/accident-du-travail-happe-par-une-machine-un-salarie-tue-dans-une-entreprise-du-maine-et-loire\/#article","isPartOf":{"@id":"https:\/\/www.accidentdutravail-idf.net\/blog\/accident-du-travail-happe-par-une-machine-un-salarie-tue-dans-une-entreprise-du-maine-et-loire\/"},"author":{"name":"Carlos Poulain","@id":"https:\/\/www.accidentdutravail-idf.net\/blog\/#\/schema\/person\/3255d2f970de45e64bd9201f38e7b947"},"headline":"Accident du travail : happ\u00e9 par une machine, un salari\u00e9 tu\u00e9 dans une entreprise du Maine-et-Loire","datePublished":"2024-09-13T07:46:00+00:00","mainEntityOfPage":{"@id":"https:\/\/www.accidentdutravail-idf.net\/blog\/accident-du-travail-happe-par-une-machine-un-salarie-tue-dans-une-entreprise-du-maine-et-loire\/"},"wordCount":456,"publisher":{"@id":"https:\/\/www.accidentdutravail-idf.net\/blog\/#organization"},"image":{"@id":"https:\/\/www.accidentdutravail-idf.net\/blog\/accident-du-travail-happe-par-une-machine-un-salarie-tue-dans-une-entreprise-du-maine-et-loire\/#primaryimage"},"thumbnailUrl":"https:\/\/www.accidentdutravail-idf.net\/blog\/wp-content\/uploads\/2024\/09\/accident-du-travail-happe-par-une-machine-un-salarie-tue-dans-une-entreprise-du-maine-et-loire.jpg","articleSection":["S\u00e9curit\u00e9 Du Travail En Ile-De-France Et Divers:"],"inLanguage":"fr-FR"},{"@type":"WebPage","@id":"https:\/\/www.accidentdutravail-idf.net\/blog\/accident-du-travail-happe-par-une-machine-un-salarie-tue-dans-une-entreprise-du-maine-et-loire\/","url":"https:\/\/www.accidentdutravail-idf.net\/blog\/accident-du-travail-happe-par-une-machine-un-salarie-tue-dans-une-entreprise-du-maine-et-loire\/","name":"Accident du travail : happ\u00e9 par une machine, un salari\u00e9 tu\u00e9 dans une entreprise du Maine-et-Loire - ACCIDENTDUTRAVAIL-IDF","isPartOf":{"@id":"https:\/\/www.accidentdutravail-idf.net\/blog\/#website"},"primaryImageOfPage":{"@id":"https:\/\/www.accidentdutravail-idf.net\/blog\/accident-du-travail-happe-par-une-machine-un-salarie-tue-dans-une-entreprise-du-maine-et-loire\/#primaryimage"},"image":{"@id":"https:\/\/www.accidentdutravail-idf.net\/blog\/accident-du-travail-happe-par-une-machine-un-salarie-tue-dans-une-entreprise-du-maine-et-loire\/#primaryimage"},"thumbnailUrl":"https:\/\/www.accidentdutravail-idf.net\/blog\/wp-content\/uploads\/2024\/09\/accident-du-travail-happe-par-une-machine-un-salarie-tue-dans-une-entreprise-du-maine-et-loire.jpg","datePublished":"2024-09-13T07:46:00+00:00","description":"Accident du travail : happ\u00e9 par une machine, un salari\u00e9 tu\u00e9 dans une entreprise du Maine-et-Loire article de ACCIDENTDUTRAVAIL-IDF","breadcrumb":{"@id":"https:\/\/www.accidentdutravail-idf.net\/blog\/accident-du-travail-happe-par-une-machine-un-salarie-tue-dans-une-entreprise-du-maine-et-loire\/#breadcrumb"},"inLanguage":"fr-FR","potentialAction":[{"@type":"ReadAction","target":["https:\/\/www.accidentdutravail-idf.net\/blog\/accident-du-travail-happe-par-une-machine-un-salarie-tue-dans-une-entreprise-du-maine-et-loire\/"]}]},{"@type":"ImageObject","inLanguage":"fr-FR","@id":"https:\/\/www.accidentdutravail-idf.net\/blog\/accident-du-travail-happe-par-une-machine-un-salarie-tue-dans-une-entreprise-du-maine-et-loire\/#primaryimage","url":"https:\/\/www.accidentdutravail-idf.net\/blog\/wp-content\/uploads\/2024\/09\/accident-du-travail-happe-par-une-machine-un-salarie-tue-dans-une-entreprise-du-maine-et-loire.jpg","contentUrl":"https:\/\/www.accidentdutravail-idf.net\/blog\/wp-content\/uploads\/2024\/09\/accident-du-travail-happe-par-une-machine-un-salarie-tue-dans-une-entreprise-du-maine-et-loire.jpg"},{"@type":"BreadcrumbList","@id":"https:\/\/www.accidentdutravail-idf.net\/blog\/accident-du-travail-happe-par-une-machine-un-salarie-tue-dans-une-entreprise-du-maine-et-loire\/#breadcrumb","itemListElement":[{"@type":"ListItem","position":1,"name":"Accueil","item":"https:\/\/www.accidentdutravail-idf.net\/blog\/"},{"@type":"ListItem","position":2,"name":"Accident du travail : happ\u00e9 par une machine, un salari\u00e9 tu\u00e9 dans une entreprise du Maine-et-Loire"}]},{"@type":"WebSite","@id":"https:\/\/www.accidentdutravail-idf.net\/blog\/#website","url":"https:\/\/www.accidentdutravail-idf.net\/blog\/","name":"ACCIDENTDUTRAVAIL-IDF","description":"Portail accidents du travail-maladies professionnelles des entreprises d&#039;Ile-de-France","publisher":{"@id":"https:\/\/www.accidentdutravail-idf.net\/blog\/#organization"},"potentialAction":[{"@type":"SearchAction","target":{"@type":"EntryPoint","urlTemplate":"https:\/\/www.accidentdutravail-idf.net\/blog\/?s={search_term_string}"},"query-input":{"@type":"PropertyValueSpecification","valueRequired":true,"valueName":"search_term_string"}}],"inLanguage":"fr-FR"},{"@type":"Organization","@id":"https:\/\/www.accidentdutravail-idf.net\/blog\/#organization","name":"accidentdutravail-idf","url":"https:\/\/www.accidentdutravail-idf.net\/blog\/","logo":{"@type":"ImageObject","inLanguage":"fr-FR","@id":"https:\/\/www.accidentdutravail-idf.net\/blog\/#\/schema\/logo\/image\/","url":"https:\/\/www.accidentdutravail-idf.net\/blog\/wp-content\/uploads\/2022\/09\/logo-2.png","contentUrl":"https:\/\/www.accidentdutravail-idf.net\/blog\/wp-content\/uploads\/2022\/09\/logo-2.png","width":380,"height":291,"caption":"accidentdutravail-idf"},"image":{"@id":"https:\/\/www.accidentdutravail-idf.net\/blog\/#\/schema\/logo\/image\/"}},{"@type":"Person","@id":"https:\/\/www.accidentdutravail-idf.net\/blog\/#\/schema\/person\/3255d2f970de45e64bd9201f38e7b947","name":"Carlos Poulain","image":{"@type":"ImageObject","inLanguage":"fr-FR","@id":"https:\/\/secure.gravatar.com\/avatar\/b1c2f9d3588e34e91adb093635df64ef4b2381991216be7576466cfcdca4baf3?s=96&d=mm&r=g","url":"https:\/\/secure.gravatar.com\/avatar\/b1c2f9d3588e34e91adb093635df64ef4b2381991216be7576466cfcdca4baf3?s=96&d=mm&r=g","contentUrl":"https:\/\/secure.gravatar.com\/avatar\/b1c2f9d3588e34e91adb093635df64ef4b2381991216be7576466cfcdca4baf3?s=96&d=mm&r=g","caption":"Carlos Poulain"},"url":"https:\/\/www.accidentdutravail-idf.net\/blog\/author\/idfcarlos\/"}]}},"_links":{"self":[{"href":"https:\/\/www.accidentdutravail-idf.net\/blog\/wp-json\/wp\/v2\/posts\/795","targetHints":{"allow":["GET"]}}],"collection":[{"href":"https:\/\/www.accidentdutravail-idf.net\/blog\/wp-json\/wp\/v2\/posts"}],"about":[{"href":"https:\/\/www.accidentdutravail-idf.net\/blog\/wp-json\/wp\/v2\/types\/post"}],"author":[{"embeddable":true,"href":"https:\/\/www.accidentdutravail-idf.net\/blog\/wp-json\/wp\/v2\/users\/2"}],"replies":[{"embeddable":true,"href":"https:\/\/www.accidentdutravail-idf.net\/blog\/wp-json\/wp\/v2\/comments?post=795"}],"version-history":[{"count":0,"href":"https:\/\/www.accidentdutravail-idf.net\/blog\/wp-json\/wp\/v2\/posts\/795\/revisions"}],"wp:attachment":[{"href":"https:\/\/www.accidentdutravail-idf.net\/blog\/wp-json\/wp\/v2\/media?parent=795"}],"wp:term":[{"taxonomy":"category","embeddable":true,"href":"https:\/\/www.accidentdutravail-idf.net\/blog\/wp-json\/wp\/v2\/categories?post=795"},{"taxonomy":"post_tag","embeddable":true,"href":"https:\/\/www.accidentdutravail-idf.net\/blog\/wp-json\/wp\/v2\/tags?post=795"}],"curies":[{"name":"wp","href":"https:\/\/api.w.org\/{rel}","templated":true}]}}