{"id":791,"date":"2024-09-16T19:00:00","date_gmt":"2024-09-16T17:00:00","guid":{"rendered":"https:\/\/www.accidentdutravail-idf.net\/blog\/le-rappeur-americain-p-diddy-arrete-soiree-ligue-des-champions-la-presentation-du-budget-decalee-lactu-de-ce-mardi\/"},"modified":"2024-09-16T19:00:00","modified_gmt":"2024-09-16T17:00:00","slug":"le-rappeur-americain-p-diddy-arrete-soiree-ligue-des-champions-la-presentation-du-budget-decalee-lactu-de-ce-mardi","status":"publish","type":"post","link":"https:\/\/www.accidentdutravail-idf.net\/blog\/le-rappeur-americain-p-diddy-arrete-soiree-ligue-des-champions-la-presentation-du-budget-decalee-lactu-de-ce-mardi\/","title":{"rendered":"Le rappeur am\u00e9ricain P. Diddy arr\u00eat\u00e9, soir\u00e9e Ligue des champions, la pr\u00e9sentation du budget d\u00e9cal\u00e9e&#8230; L&rsquo;actu de ce mardi"},"content":{"rendered":"<div><img decoding=\"async\" src=\"https:\/\/www.accidentdutravail-idf.net\/blog\/wp-content\/uploads\/2024\/09\/le-rappeur-americain-p-diddy-arrete-soiree-ligue-des-champions-la-presentation-du-budget-decalee-lactu-de-ce-mardi.jpg\" class=\"ff-og-image-inserted\"><\/div>\n<p> Chaque jour, on vous propose de balayer, en un coup d&rsquo;\u0153il, les temps forts de l&rsquo;actualit\u00e9 en Auvergne et dans le Limousin, mais aussi en France et dans le monde. <\/p>\n<div>\n<h3>Auvergne et Limousin<\/h3>\n<p><strong>Une jeune femme bless\u00e9e dans un accident du travail dans le Puy-de-D\u00f4me<\/strong><\/p>\n<p>Une femme \u00e2g\u00e9e de 36 ans a \u00e9t\u00e9 gri\u00e8vement bless\u00e9e \u00e0 un doigt sur une machine, dans l\u2019entreprise Joubert, \u00e0 Ambert (Puy-de-D\u00f4me), lundi 16 septembre peu apr\u00e8s 9 heures. <a href=\"https:\/\/www.lamontagne.fr\/ambert-63600\/actualites\/une-jeune-femme-blessee-dans-un-accident-du-travail-dans-le-puy-de-dome_14563944\/?tbref=hp\" target=\"_blank\" rel=\"nofollow\">Notre article<\/a>.<\/p>\n<p><strong>Projet de TGV Paris-Orl\u00e9ans-Clermont-Lyon : \u00ab\u00a0Il faudra l&rsquo;envisager\u00a0\u00bb, estime un ancien secr\u00e9taire d&rsquo;\u00c9tat aux Transports<\/strong><br \/>La petite phrase ne relancera pas \u00e0 elle seule le projet, mais elle rouvre, un peu, le d\u00e9bat : l&rsquo;ancien secr\u00e9taire d&rsquo;\u00c9tat aux Transports Dominique Bussereau estime qu&rsquo;il \u00ab\u00a0faudra un jour envisager une nouvelle ligne de TGV\u00a0\u00bb entre Paris, Clermont-Ferrand et Lyon. <a href=\"https:\/\/www.lamontagne.fr\/clermont-ferrand-63000\/actualites\/projet-de-tgv-paris-orleans-clermont-lyon-il-faudra-l-envisager-estime-un-ancien-secretaire-d-etat-aux-transports_14563797\/\" target=\"_blank\" rel=\"nofollow\">Notre article.<\/a><\/p>\n<p><strong>Deux morts apr\u00e8s un accident sur l&rsquo;autoroute A79, dans l&rsquo;Allier<\/strong><\/p>\n<p>Un accident s&rsquo;est produit ce lundi 16 septembre sur l&rsquo;autoroute A79, \u00e0 hauteur de Diou, dans l&rsquo;Allier. Deux personnes sont d\u00e9c\u00e9d\u00e9es dans le choc. <a href=\"https:\/\/www.lamontagne.fr\/diou-03290\/actualites\/accident-mortel-sur-l-autoroute-a79-dans-l-allier_14563819\/\" target=\"_blank\" rel=\"nofollow\">Notre article.<\/a><\/p>\n<p><strong>La fermeture des Grandes Tables \u00e0 Clermont-Ferrand inqui\u00e8te dans les rangs du Court m\u00e9trage<\/strong><\/p>\n<p>\u00ab Oui, il y a de l\u2019inqui\u00e9tude. \u00bb Ces mots sont ceux d\u2019\u00c9ric Roux, pr\u00e9sident de Sauve qui peut, l\u2019association organisatrice du Festival du court m\u00e9trage \u00e0 Clermont-Ferrand. En effet, pr\u00e9vu du 31 janvier au 8 f\u00e9vrier, cet \u00e9v\u00e9nement qui met en lumi\u00e8re le territoire \u00e0 l\u2019\u00e9chelle nationale est encore entour\u00e9 d\u2019incertitudes \u00e0 quelques mois de son ouverture.<\/p>\n<p>Avec la fermeture d\u00e9finitive de la brasserie Les Grandes Tables de la Com\u00e9die, sur le boulevard Mitterrand, le Court se voit amput\u00e9 de son point de chute principal. Jouxtant la Maison de la Culture, cet \u00e9tablissement, qui a d\u00e9pos\u00e9 le bilan mi-juillet, \u00e9tait un lieu incontournable des festivaliers. Cependant, le reste de l\u2019ann\u00e9e, il n\u2019a jamais trouv\u00e9 son public&#8230; <a href=\"https:\/\/www.lamontagne.fr\/clermont-ferrand-63000\/loisirs\/la-fermeture-des-grandes-tables-a-clermont-ferrand-inquiete-dans-les-rangs-du-court-metrage_14563422\/\" target=\"_blank\" rel=\"nofollow\">D\u00e9cryptage<\/a>.<\/p>\n<h3>France et monde<\/h3>\n<p><strong>Le rappeur am\u00e9ricain P. Diddy a \u00e9t\u00e9 arr\u00eat\u00e9 \u00e0 New York<\/strong><\/p>\n<p>Le rappeur am\u00e9ricain Sean \u00ab\u00a0Diddy\u00a0\u00bb&nbsp;Combs a \u00e9t\u00e9 arr\u00eat\u00e9 tard lundi par la police \u00e0 Manhattan, a annonc\u00e9 la justice new-yorkaise, apr\u00e8s le d\u00e9p\u00f4t de plusieurs plaintes contre lui notamment pour agression sexuelle. Les d\u00e9tails sur les charges retenues devraient \u00eatre r\u00e9v\u00e9l\u00e9s ce mardi matin.<\/p>\n<p><strong>Viols de Mazan : Dominique Pelicot en principe de retour \u00e0 son proc\u00e8s mardi<\/strong><\/p>\n<p>Dominique Pelicot, principal accus\u00e9 du proc\u00e8s des viols de Mazan, sera en principe pr\u00e9sent \u00e0 l\u2019audience mardi apr\u00e8s une absence de plus d\u2019une semaine en raison de son \u00e9tat de sant\u00e9, d&rsquo;apr\u00e8s son avocate. L&rsquo;homme de 71 ans&nbsp;est&nbsp;accus\u00e9 d\u2019avoir pendant 10 ans drogu\u00e9 son \u00e9pouse pour la violer et la faire violer par des dizaines d&rsquo;inconnus recrut\u00e9s sur Internet.<\/p>\n<p><strong>Pour la premi\u00e8re fois, la pr\u00e9sentation du budget pourrait \u00eatre d\u00e9cal\u00e9e<\/strong><\/p>\n<p>Pour la premi\u00e8re fois sous la Ve R\u00e9publique, le gouvernement pourrait ne pas respecter les d\u00e9lais l\u00e9gaux pr\u00e9vus pour l\u2019examen du budget de l\u2019Etat par le Parlement, rapport <em><a href=\"https:\/\/www.lemonde.fr\/politique\/article\/2024\/09\/17\/vers-une-presentation-du-budget-decalee-de-huit-jours-une-premiere-sous-la-v-republique_6320856_823448.html\" target=\"_blank\" rel=\"nofollow\">Le Monde<\/a><\/em>. Selon le quotidien du soir, le Premier ministre estime&nbsp;impossible \u00ab\u00a0d\u2019imprimer sa marque sur le projet de budget pour 2025 dans le calendrier fix\u00e9 par la loi\u00a0\u00bb. Michel Barnier aurait donc d\u00e9cid\u00e9 de se donner du temps. L&rsquo;id\u00e9e serait de transmettre le projet de loi de finances \u00e0 l\u2019Assembl\u00e9e nationale le 9 octobre, alors que la date limite est fix\u00e9e au&nbsp;1er octobre.<\/p>\n<p><strong>Wejdene, la chanteuse et compagne du rappeur Koba LaD, sort du silence<\/strong><\/p>\n<p>Wejdene est sortie du silence. La chanteuse et compagne de Koba LaD a post\u00e9 une story sur Instagram, ce lundi 16 septembre, apr\u00e8s l&rsquo;accident mortel dans lequel est impliqu\u00e9 le rappeur.&nbsp;<\/p>\n<p>\u00ab\u00a0Le cauchemar dans lequel je suis plong\u00e9e depuis mardi soir ne veut pas s\u2019arr\u00eater\u00a0\u00bb, \u00e9crit-elle. Sur le r\u00e9seau social, la jeune femme a rendu hommage \u00e0 la victime de l&rsquo;accident, William Dogbey, collaborateur de Koba LaD. \u00ab\u00a0Mon ami, mon grand fr\u00e8re, je n&rsquo;arrive toujours pas \u00e0 r\u00e9aliser que tu n&rsquo;es plus l\u00e0\u00a0\u00bb, explique Wejdene. <a href=\"https:\/\/www.lamontagne.fr\/creteil-94000\/actualites\/accident-mortel-avec-koba-lad-cauchemar-atrocites-wejdene-la-chanteuse-et-compagne-du-rappeur-sort-du-silence_14563997\/?tbref=hp\" target=\"_blank\" rel=\"nofollow\">A lire ici<\/a>.<\/p>\n<h3>Sport<\/h3>\n<p><strong>Retour de la Ligue des champions : un premier choc Monaco-Bar\u00e7a, deux affiches entre anciens vainqueurs&#8230;<\/strong><\/p>\n<p>Les 36 clubs engag\u00e9s disputent la premi\u00e8re journ\u00e9e de la nouvelle version de la Ligue des champions, du 17 au 19 septembre.&nbsp;La version&nbsp;2024-2025 d\u00e9marre ce mardi 17 septembre. Cette&nbsp;journ\u00e9e \u00e0 18 matchs est \u00e9tal\u00e9e sur trois jours jusqu&rsquo;\u00e0 jeudi. Quatre clubs fran\u00e7ais sont en lice.&nbsp;Les Lillois sont les premiers engag\u00e9s ce mardi, avec un d\u00e9placement sur la pelouse du Sporting \u00e0 Lisbonne (\u00e0 21 heures sur Canal+).<\/p>\n<p><strong>L&rsquo;ASM Clermont manque-t-elle de talents dans ses lignes arri\u00e8res ? (podcast)<\/strong><\/p>\n<p>L&rsquo;ASM Clermont s&rsquo;est inclin\u00e9e lors de la deuxi\u00e8me journ\u00e9e du Top 14 sur le terrain du Racing 92 (33-20). Clermont a craqu\u00e9 \u00e0 trois reprises en moins de 7 minutes et n&rsquo;a pas su concr\u00e9tiser une possession du ballon largement \u00e0 son avantage. L&rsquo;ASM Clermont manque-t-elle de talents dans ses lignes arri\u00e8res ? <a href=\"https:\/\/www.lamontagne.fr\/clermont-ferrand-63000\/sports\/l-asm-clermont-manque-t-elle-de-talents-dans-ses-lignes-arrieres-podcast_14563770\/\" target=\"_blank\" rel=\"nofollow\">A lire et \u00e9couter ici<\/a>.<\/p>\n<p><strong>Un Puyd\u00f4mois retenu avec l&rsquo;\u00e9quipe de France pour disputer les championnats du monde U19<\/strong><\/p>\n<p>L&rsquo;Issoirien, Louis Chaleil, a \u00e9t\u00e9 retenu avec l&rsquo;\u00e9quipe de France U19 pour participer aux championnats du monde de cyclisme. \u00c0 Zurich (21-29 septembre), il portera le maillot tricolore sur le contre-la-montre et l&rsquo;\u00e9preuve en ligne. <a href=\"https:\/\/www.lamontagne.fr\/issoire-63500\/sports\/un-puydomois-retenu-avec-l-equipe-de-france-pour-disputer-les-championnats-du-monde-u19_14563863\/\" target=\"_blank\" rel=\"nofollow\">A lire ici<\/a>.<\/p>\n<\/p><\/div>\n<p>accidentdutravail-idf.net vous a pr\u00e9par\u00e9 ce post qui informe du sujet \u00ab\u00a0Association Sportive Huisson-Longueville Essonne\u00a0\u00bb. La chronique se veut g\u00e9n\u00e9r\u00e9e du mieux possible. Vous pouvez utiliser les coordonn\u00e9es indiqu\u00e9es sur le site dans le but d\u2019apporter des explications sur ce post qui parle du th\u00e8me \u00ab\u00a0Association Sportive Huisson-Longueville Essonne\u00a0\u00bb. Le site accidentdutravail-idf.net a pour but de fournir diverses publications sur la th\u00e9matique Association Sportive Huisson-Longueville Essonne diffus\u00e9es sur le net. Il y aura plusieurs articles autour du sujet \u00ab\u00a0Association Sportive Huisson-Longueville Essonne\u00a0\u00bb dans quelques jours, nous vous invitons \u00e0 naviguer sur notre site web \u00e0 plusieurs reprises.<\/p>\n","protected":false},"excerpt":{"rendered":"<p>Chaque jour, on vous propose de balayer, en un coup d&rsquo;\u0153il, les temps forts de l&rsquo;actualit\u00e9 en Auvergne et dans le Limousin, mais aussi en France et dans le monde. Auvergne et Limousin Une jeune femme bless\u00e9e dans un accident du travail dans le Puy-de-D\u00f4me Une femme \u00e2g\u00e9e de 36 ans a \u00e9t\u00e9 gri\u00e8vement bless\u00e9e &hellip; <\/p>\n<p class=\"link-more\"><a href=\"https:\/\/www.accidentdutravail-idf.net\/blog\/le-rappeur-americain-p-diddy-arrete-soiree-ligue-des-champions-la-presentation-du-budget-decalee-lactu-de-ce-mardi\/\" class=\"more-link\">Continuer la lecture <span class=\"screen-reader-text\"> \u00ab\u00a0Le rappeur am\u00e9ricain P. Diddy arr\u00eat\u00e9, soir\u00e9e Ligue des champions, la pr\u00e9sentation du budget d\u00e9cal\u00e9e&#8230; L&rsquo;actu de ce mardi\u00a0\u00bb<\/span><\/a><\/p>\n","protected":false},"author":2,"featured_media":0,"comment_status":"closed","ping_status":"closed","sticky":false,"template":"","format":"standard","meta":{"footnotes":""},"categories":[5],"tags":[],"class_list":["post-791","post","type-post","status-publish","format-standard","hentry","category-securite-du-travail-en-ile-de-france-et-divers","entry"],"yoast_head":"<!-- This site is optimized with the Yoast SEO plugin v27.5 - https:\/\/yoast.com\/product\/yoast-seo-wordpress\/ -->\n<title>Le rappeur am\u00e9ricain P. Diddy arr\u00eat\u00e9, soir\u00e9e Ligue des champions, la pr\u00e9sentation du budget d\u00e9cal\u00e9e... L&#039;actu de ce mardi - ACCIDENTDUTRAVAIL-IDF<\/title>\n<meta name=\"description\" content=\"Le rappeur am\u00e9ricain P. Diddy arr\u00eat\u00e9, soir\u00e9e Ligue des champions, la pr\u00e9sentation du budget d\u00e9cal\u00e9e... L&#039;actu de ce mardi article de ACCIDENTDUTRAVAIL-IDF\" \/>\n<meta name=\"robots\" content=\"index, follow, max-snippet:-1, max-image-preview:large, max-video-preview:-1\" \/>\n<link rel=\"canonical\" href=\"https:\/\/www.accidentdutravail-idf.net\/blog\/le-rappeur-americain-p-diddy-arrete-soiree-ligue-des-champions-la-presentation-du-budget-decalee-lactu-de-ce-mardi\/\" \/>\n<meta property=\"og:locale\" content=\"fr_FR\" \/>\n<meta property=\"og:type\" content=\"article\" \/>\n<meta property=\"og:title\" content=\"Le rappeur am\u00e9ricain P. Diddy arr\u00eat\u00e9, soir\u00e9e Ligue des champions, la pr\u00e9sentation du budget d\u00e9cal\u00e9e... L&#039;actu de ce mardi - ACCIDENTDUTRAVAIL-IDF\" \/>\n<meta property=\"og:description\" content=\"Le rappeur am\u00e9ricain P. Diddy arr\u00eat\u00e9, soir\u00e9e Ligue des champions, la pr\u00e9sentation du budget d\u00e9cal\u00e9e... L&#039;actu de ce mardi article de ACCIDENTDUTRAVAIL-IDF\" \/>\n<meta property=\"og:url\" content=\"https:\/\/www.accidentdutravail-idf.net\/blog\/le-rappeur-americain-p-diddy-arrete-soiree-ligue-des-champions-la-presentation-du-budget-decalee-lactu-de-ce-mardi\/\" \/>\n<meta property=\"og:site_name\" content=\"ACCIDENTDUTRAVAIL-IDF\" \/>\n<meta property=\"article:published_time\" content=\"2024-09-16T17:00:00+00:00\" \/>\n<meta property=\"og:image\" content=\"https:\/\/www.accidentdutravail-idf.net\/blog\/wp-content\/uploads\/2024\/09\/le-rappeur-americain-p-diddy-arrete-soiree-ligue-des-champions-la-presentation-du-budget-decalee-lactu-de-ce-mardi.jpg\" \/>\n<meta name=\"author\" content=\"Carlos Poulain\" \/>\n<meta name=\"twitter:card\" content=\"summary_large_image\" \/>\n<meta name=\"twitter:label1\" content=\"\u00c9crit par\" \/>\n\t<meta name=\"twitter:data1\" content=\"Carlos Poulain\" \/>\n\t<meta name=\"twitter:label2\" content=\"Dur\u00e9e de lecture estim\u00e9e\" \/>\n\t<meta name=\"twitter:data2\" content=\"5 minutes\" \/>\n<script type=\"application\/ld+json\" class=\"yoast-schema-graph\">{\"@context\":\"https:\\\/\\\/schema.org\",\"@graph\":[{\"@type\":\"Article\",\"@id\":\"https:\\\/\\\/www.accidentdutravail-idf.net\\\/blog\\\/le-rappeur-americain-p-diddy-arrete-soiree-ligue-des-champions-la-presentation-du-budget-decalee-lactu-de-ce-mardi\\\/#article\",\"isPartOf\":{\"@id\":\"https:\\\/\\\/www.accidentdutravail-idf.net\\\/blog\\\/le-rappeur-americain-p-diddy-arrete-soiree-ligue-des-champions-la-presentation-du-budget-decalee-lactu-de-ce-mardi\\\/\"},\"author\":{\"name\":\"Carlos Poulain\",\"@id\":\"https:\\\/\\\/www.accidentdutravail-idf.net\\\/blog\\\/#\\\/schema\\\/person\\\/3255d2f970de45e64bd9201f38e7b947\"},\"headline\":\"Le rappeur am\u00e9ricain P. Diddy arr\u00eat\u00e9, soir\u00e9e Ligue des champions, la pr\u00e9sentation du budget d\u00e9cal\u00e9e&#8230; L&rsquo;actu de ce mardi\",\"datePublished\":\"2024-09-16T17:00:00+00:00\",\"mainEntityOfPage\":{\"@id\":\"https:\\\/\\\/www.accidentdutravail-idf.net\\\/blog\\\/le-rappeur-americain-p-diddy-arrete-soiree-ligue-des-champions-la-presentation-du-budget-decalee-lactu-de-ce-mardi\\\/\"},\"wordCount\":1046,\"publisher\":{\"@id\":\"https:\\\/\\\/www.accidentdutravail-idf.net\\\/blog\\\/#organization\"},\"image\":{\"@id\":\"https:\\\/\\\/www.accidentdutravail-idf.net\\\/blog\\\/le-rappeur-americain-p-diddy-arrete-soiree-ligue-des-champions-la-presentation-du-budget-decalee-lactu-de-ce-mardi\\\/#primaryimage\"},\"thumbnailUrl\":\"https:\\\/\\\/www.accidentdutravail-idf.net\\\/blog\\\/wp-content\\\/uploads\\\/2024\\\/09\\\/le-rappeur-americain-p-diddy-arrete-soiree-ligue-des-champions-la-presentation-du-budget-decalee-lactu-de-ce-mardi.jpg\",\"articleSection\":[\"S\u00e9curit\u00e9 Du Travail En Ile-De-France Et Divers:\"],\"inLanguage\":\"fr-FR\"},{\"@type\":\"WebPage\",\"@id\":\"https:\\\/\\\/www.accidentdutravail-idf.net\\\/blog\\\/le-rappeur-americain-p-diddy-arrete-soiree-ligue-des-champions-la-presentation-du-budget-decalee-lactu-de-ce-mardi\\\/\",\"url\":\"https:\\\/\\\/www.accidentdutravail-idf.net\\\/blog\\\/le-rappeur-americain-p-diddy-arrete-soiree-ligue-des-champions-la-presentation-du-budget-decalee-lactu-de-ce-mardi\\\/\",\"name\":\"Le rappeur am\u00e9ricain P. Diddy arr\u00eat\u00e9, soir\u00e9e Ligue des champions, la pr\u00e9sentation du budget d\u00e9cal\u00e9e... L'actu de ce mardi - ACCIDENTDUTRAVAIL-IDF\",\"isPartOf\":{\"@id\":\"https:\\\/\\\/www.accidentdutravail-idf.net\\\/blog\\\/#website\"},\"primaryImageOfPage\":{\"@id\":\"https:\\\/\\\/www.accidentdutravail-idf.net\\\/blog\\\/le-rappeur-americain-p-diddy-arrete-soiree-ligue-des-champions-la-presentation-du-budget-decalee-lactu-de-ce-mardi\\\/#primaryimage\"},\"image\":{\"@id\":\"https:\\\/\\\/www.accidentdutravail-idf.net\\\/blog\\\/le-rappeur-americain-p-diddy-arrete-soiree-ligue-des-champions-la-presentation-du-budget-decalee-lactu-de-ce-mardi\\\/#primaryimage\"},\"thumbnailUrl\":\"https:\\\/\\\/www.accidentdutravail-idf.net\\\/blog\\\/wp-content\\\/uploads\\\/2024\\\/09\\\/le-rappeur-americain-p-diddy-arrete-soiree-ligue-des-champions-la-presentation-du-budget-decalee-lactu-de-ce-mardi.jpg\",\"datePublished\":\"2024-09-16T17:00:00+00:00\",\"description\":\"Le rappeur am\u00e9ricain P. Diddy arr\u00eat\u00e9, soir\u00e9e Ligue des champions, la pr\u00e9sentation du budget d\u00e9cal\u00e9e... L'actu de ce mardi article de ACCIDENTDUTRAVAIL-IDF\",\"breadcrumb\":{\"@id\":\"https:\\\/\\\/www.accidentdutravail-idf.net\\\/blog\\\/le-rappeur-americain-p-diddy-arrete-soiree-ligue-des-champions-la-presentation-du-budget-decalee-lactu-de-ce-mardi\\\/#breadcrumb\"},\"inLanguage\":\"fr-FR\",\"potentialAction\":[{\"@type\":\"ReadAction\",\"target\":[\"https:\\\/\\\/www.accidentdutravail-idf.net\\\/blog\\\/le-rappeur-americain-p-diddy-arrete-soiree-ligue-des-champions-la-presentation-du-budget-decalee-lactu-de-ce-mardi\\\/\"]}]},{\"@type\":\"ImageObject\",\"inLanguage\":\"fr-FR\",\"@id\":\"https:\\\/\\\/www.accidentdutravail-idf.net\\\/blog\\\/le-rappeur-americain-p-diddy-arrete-soiree-ligue-des-champions-la-presentation-du-budget-decalee-lactu-de-ce-mardi\\\/#primaryimage\",\"url\":\"https:\\\/\\\/www.accidentdutravail-idf.net\\\/blog\\\/wp-content\\\/uploads\\\/2024\\\/09\\\/le-rappeur-americain-p-diddy-arrete-soiree-ligue-des-champions-la-presentation-du-budget-decalee-lactu-de-ce-mardi.jpg\",\"contentUrl\":\"https:\\\/\\\/www.accidentdutravail-idf.net\\\/blog\\\/wp-content\\\/uploads\\\/2024\\\/09\\\/le-rappeur-americain-p-diddy-arrete-soiree-ligue-des-champions-la-presentation-du-budget-decalee-lactu-de-ce-mardi.jpg\"},{\"@type\":\"BreadcrumbList\",\"@id\":\"https:\\\/\\\/www.accidentdutravail-idf.net\\\/blog\\\/le-rappeur-americain-p-diddy-arrete-soiree-ligue-des-champions-la-presentation-du-budget-decalee-lactu-de-ce-mardi\\\/#breadcrumb\",\"itemListElement\":[{\"@type\":\"ListItem\",\"position\":1,\"name\":\"Accueil\",\"item\":\"https:\\\/\\\/www.accidentdutravail-idf.net\\\/blog\\\/\"},{\"@type\":\"ListItem\",\"position\":2,\"name\":\"Le rappeur am\u00e9ricain P. Diddy arr\u00eat\u00e9, soir\u00e9e Ligue des champions, la pr\u00e9sentation du budget d\u00e9cal\u00e9e&#8230; L&rsquo;actu de ce mardi\"}]},{\"@type\":\"WebSite\",\"@id\":\"https:\\\/\\\/www.accidentdutravail-idf.net\\\/blog\\\/#website\",\"url\":\"https:\\\/\\\/www.accidentdutravail-idf.net\\\/blog\\\/\",\"name\":\"ACCIDENTDUTRAVAIL-IDF\",\"description\":\"Portail accidents du travail-maladies professionnelles des entreprises d&#039;Ile-de-France\",\"publisher\":{\"@id\":\"https:\\\/\\\/www.accidentdutravail-idf.net\\\/blog\\\/#organization\"},\"potentialAction\":[{\"@type\":\"SearchAction\",\"target\":{\"@type\":\"EntryPoint\",\"urlTemplate\":\"https:\\\/\\\/www.accidentdutravail-idf.net\\\/blog\\\/?s={search_term_string}\"},\"query-input\":{\"@type\":\"PropertyValueSpecification\",\"valueRequired\":true,\"valueName\":\"search_term_string\"}}],\"inLanguage\":\"fr-FR\"},{\"@type\":\"Organization\",\"@id\":\"https:\\\/\\\/www.accidentdutravail-idf.net\\\/blog\\\/#organization\",\"name\":\"accidentdutravail-idf\",\"url\":\"https:\\\/\\\/www.accidentdutravail-idf.net\\\/blog\\\/\",\"logo\":{\"@type\":\"ImageObject\",\"inLanguage\":\"fr-FR\",\"@id\":\"https:\\\/\\\/www.accidentdutravail-idf.net\\\/blog\\\/#\\\/schema\\\/logo\\\/image\\\/\",\"url\":\"https:\\\/\\\/www.accidentdutravail-idf.net\\\/blog\\\/wp-content\\\/uploads\\\/2022\\\/09\\\/logo-2.png\",\"contentUrl\":\"https:\\\/\\\/www.accidentdutravail-idf.net\\\/blog\\\/wp-content\\\/uploads\\\/2022\\\/09\\\/logo-2.png\",\"width\":380,\"height\":291,\"caption\":\"accidentdutravail-idf\"},\"image\":{\"@id\":\"https:\\\/\\\/www.accidentdutravail-idf.net\\\/blog\\\/#\\\/schema\\\/logo\\\/image\\\/\"}},{\"@type\":\"Person\",\"@id\":\"https:\\\/\\\/www.accidentdutravail-idf.net\\\/blog\\\/#\\\/schema\\\/person\\\/3255d2f970de45e64bd9201f38e7b947\",\"name\":\"Carlos Poulain\",\"image\":{\"@type\":\"ImageObject\",\"inLanguage\":\"fr-FR\",\"@id\":\"https:\\\/\\\/secure.gravatar.com\\\/avatar\\\/b1c2f9d3588e34e91adb093635df64ef4b2381991216be7576466cfcdca4baf3?s=96&d=mm&r=g\",\"url\":\"https:\\\/\\\/secure.gravatar.com\\\/avatar\\\/b1c2f9d3588e34e91adb093635df64ef4b2381991216be7576466cfcdca4baf3?s=96&d=mm&r=g\",\"contentUrl\":\"https:\\\/\\\/secure.gravatar.com\\\/avatar\\\/b1c2f9d3588e34e91adb093635df64ef4b2381991216be7576466cfcdca4baf3?s=96&d=mm&r=g\",\"caption\":\"Carlos Poulain\"},\"url\":\"https:\\\/\\\/www.accidentdutravail-idf.net\\\/blog\\\/author\\\/idfcarlos\\\/\"}]}<\/script>\n<!-- \/ Yoast SEO plugin. -->","yoast_head_json":{"title":"Le rappeur am\u00e9ricain P. Diddy arr\u00eat\u00e9, soir\u00e9e Ligue des champions, la pr\u00e9sentation du budget d\u00e9cal\u00e9e... L'actu de ce mardi - ACCIDENTDUTRAVAIL-IDF","description":"Le rappeur am\u00e9ricain P. Diddy arr\u00eat\u00e9, soir\u00e9e Ligue des champions, la pr\u00e9sentation du budget d\u00e9cal\u00e9e... L'actu de ce mardi article de ACCIDENTDUTRAVAIL-IDF","robots":{"index":"index","follow":"follow","max-snippet":"max-snippet:-1","max-image-preview":"max-image-preview:large","max-video-preview":"max-video-preview:-1"},"canonical":"https:\/\/www.accidentdutravail-idf.net\/blog\/le-rappeur-americain-p-diddy-arrete-soiree-ligue-des-champions-la-presentation-du-budget-decalee-lactu-de-ce-mardi\/","og_locale":"fr_FR","og_type":"article","og_title":"Le rappeur am\u00e9ricain P. Diddy arr\u00eat\u00e9, soir\u00e9e Ligue des champions, la pr\u00e9sentation du budget d\u00e9cal\u00e9e... L'actu de ce mardi - ACCIDENTDUTRAVAIL-IDF","og_description":"Le rappeur am\u00e9ricain P. Diddy arr\u00eat\u00e9, soir\u00e9e Ligue des champions, la pr\u00e9sentation du budget d\u00e9cal\u00e9e... L'actu de ce mardi article de ACCIDENTDUTRAVAIL-IDF","og_url":"https:\/\/www.accidentdutravail-idf.net\/blog\/le-rappeur-americain-p-diddy-arrete-soiree-ligue-des-champions-la-presentation-du-budget-decalee-lactu-de-ce-mardi\/","og_site_name":"ACCIDENTDUTRAVAIL-IDF","article_published_time":"2024-09-16T17:00:00+00:00","og_image":[{"url":"https:\/\/www.accidentdutravail-idf.net\/blog\/wp-content\/uploads\/2024\/09\/le-rappeur-americain-p-diddy-arrete-soiree-ligue-des-champions-la-presentation-du-budget-decalee-lactu-de-ce-mardi.jpg","type":"","width":"","height":""}],"author":"Carlos Poulain","twitter_card":"summary_large_image","twitter_misc":{"\u00c9crit par":"Carlos Poulain","Dur\u00e9e de lecture estim\u00e9e":"5 minutes"},"schema":{"@context":"https:\/\/schema.org","@graph":[{"@type":"Article","@id":"https:\/\/www.accidentdutravail-idf.net\/blog\/le-rappeur-americain-p-diddy-arrete-soiree-ligue-des-champions-la-presentation-du-budget-decalee-lactu-de-ce-mardi\/#article","isPartOf":{"@id":"https:\/\/www.accidentdutravail-idf.net\/blog\/le-rappeur-americain-p-diddy-arrete-soiree-ligue-des-champions-la-presentation-du-budget-decalee-lactu-de-ce-mardi\/"},"author":{"name":"Carlos Poulain","@id":"https:\/\/www.accidentdutravail-idf.net\/blog\/#\/schema\/person\/3255d2f970de45e64bd9201f38e7b947"},"headline":"Le rappeur am\u00e9ricain P. Diddy arr\u00eat\u00e9, soir\u00e9e Ligue des champions, la pr\u00e9sentation du budget d\u00e9cal\u00e9e&#8230; L&rsquo;actu de ce mardi","datePublished":"2024-09-16T17:00:00+00:00","mainEntityOfPage":{"@id":"https:\/\/www.accidentdutravail-idf.net\/blog\/le-rappeur-americain-p-diddy-arrete-soiree-ligue-des-champions-la-presentation-du-budget-decalee-lactu-de-ce-mardi\/"},"wordCount":1046,"publisher":{"@id":"https:\/\/www.accidentdutravail-idf.net\/blog\/#organization"},"image":{"@id":"https:\/\/www.accidentdutravail-idf.net\/blog\/le-rappeur-americain-p-diddy-arrete-soiree-ligue-des-champions-la-presentation-du-budget-decalee-lactu-de-ce-mardi\/#primaryimage"},"thumbnailUrl":"https:\/\/www.accidentdutravail-idf.net\/blog\/wp-content\/uploads\/2024\/09\/le-rappeur-americain-p-diddy-arrete-soiree-ligue-des-champions-la-presentation-du-budget-decalee-lactu-de-ce-mardi.jpg","articleSection":["S\u00e9curit\u00e9 Du Travail En Ile-De-France Et Divers:"],"inLanguage":"fr-FR"},{"@type":"WebPage","@id":"https:\/\/www.accidentdutravail-idf.net\/blog\/le-rappeur-americain-p-diddy-arrete-soiree-ligue-des-champions-la-presentation-du-budget-decalee-lactu-de-ce-mardi\/","url":"https:\/\/www.accidentdutravail-idf.net\/blog\/le-rappeur-americain-p-diddy-arrete-soiree-ligue-des-champions-la-presentation-du-budget-decalee-lactu-de-ce-mardi\/","name":"Le rappeur am\u00e9ricain P. Diddy arr\u00eat\u00e9, soir\u00e9e Ligue des champions, la pr\u00e9sentation du budget d\u00e9cal\u00e9e... L'actu de ce mardi - ACCIDENTDUTRAVAIL-IDF","isPartOf":{"@id":"https:\/\/www.accidentdutravail-idf.net\/blog\/#website"},"primaryImageOfPage":{"@id":"https:\/\/www.accidentdutravail-idf.net\/blog\/le-rappeur-americain-p-diddy-arrete-soiree-ligue-des-champions-la-presentation-du-budget-decalee-lactu-de-ce-mardi\/#primaryimage"},"image":{"@id":"https:\/\/www.accidentdutravail-idf.net\/blog\/le-rappeur-americain-p-diddy-arrete-soiree-ligue-des-champions-la-presentation-du-budget-decalee-lactu-de-ce-mardi\/#primaryimage"},"thumbnailUrl":"https:\/\/www.accidentdutravail-idf.net\/blog\/wp-content\/uploads\/2024\/09\/le-rappeur-americain-p-diddy-arrete-soiree-ligue-des-champions-la-presentation-du-budget-decalee-lactu-de-ce-mardi.jpg","datePublished":"2024-09-16T17:00:00+00:00","description":"Le rappeur am\u00e9ricain P. Diddy arr\u00eat\u00e9, soir\u00e9e Ligue des champions, la pr\u00e9sentation du budget d\u00e9cal\u00e9e... L'actu de ce mardi article de ACCIDENTDUTRAVAIL-IDF","breadcrumb":{"@id":"https:\/\/www.accidentdutravail-idf.net\/blog\/le-rappeur-americain-p-diddy-arrete-soiree-ligue-des-champions-la-presentation-du-budget-decalee-lactu-de-ce-mardi\/#breadcrumb"},"inLanguage":"fr-FR","potentialAction":[{"@type":"ReadAction","target":["https:\/\/www.accidentdutravail-idf.net\/blog\/le-rappeur-americain-p-diddy-arrete-soiree-ligue-des-champions-la-presentation-du-budget-decalee-lactu-de-ce-mardi\/"]}]},{"@type":"ImageObject","inLanguage":"fr-FR","@id":"https:\/\/www.accidentdutravail-idf.net\/blog\/le-rappeur-americain-p-diddy-arrete-soiree-ligue-des-champions-la-presentation-du-budget-decalee-lactu-de-ce-mardi\/#primaryimage","url":"https:\/\/www.accidentdutravail-idf.net\/blog\/wp-content\/uploads\/2024\/09\/le-rappeur-americain-p-diddy-arrete-soiree-ligue-des-champions-la-presentation-du-budget-decalee-lactu-de-ce-mardi.jpg","contentUrl":"https:\/\/www.accidentdutravail-idf.net\/blog\/wp-content\/uploads\/2024\/09\/le-rappeur-americain-p-diddy-arrete-soiree-ligue-des-champions-la-presentation-du-budget-decalee-lactu-de-ce-mardi.jpg"},{"@type":"BreadcrumbList","@id":"https:\/\/www.accidentdutravail-idf.net\/blog\/le-rappeur-americain-p-diddy-arrete-soiree-ligue-des-champions-la-presentation-du-budget-decalee-lactu-de-ce-mardi\/#breadcrumb","itemListElement":[{"@type":"ListItem","position":1,"name":"Accueil","item":"https:\/\/www.accidentdutravail-idf.net\/blog\/"},{"@type":"ListItem","position":2,"name":"Le rappeur am\u00e9ricain P. Diddy arr\u00eat\u00e9, soir\u00e9e Ligue des champions, la pr\u00e9sentation du budget d\u00e9cal\u00e9e&#8230; L&rsquo;actu de ce mardi"}]},{"@type":"WebSite","@id":"https:\/\/www.accidentdutravail-idf.net\/blog\/#website","url":"https:\/\/www.accidentdutravail-idf.net\/blog\/","name":"ACCIDENTDUTRAVAIL-IDF","description":"Portail accidents du travail-maladies professionnelles des entreprises d&#039;Ile-de-France","publisher":{"@id":"https:\/\/www.accidentdutravail-idf.net\/blog\/#organization"},"potentialAction":[{"@type":"SearchAction","target":{"@type":"EntryPoint","urlTemplate":"https:\/\/www.accidentdutravail-idf.net\/blog\/?s={search_term_string}"},"query-input":{"@type":"PropertyValueSpecification","valueRequired":true,"valueName":"search_term_string"}}],"inLanguage":"fr-FR"},{"@type":"Organization","@id":"https:\/\/www.accidentdutravail-idf.net\/blog\/#organization","name":"accidentdutravail-idf","url":"https:\/\/www.accidentdutravail-idf.net\/blog\/","logo":{"@type":"ImageObject","inLanguage":"fr-FR","@id":"https:\/\/www.accidentdutravail-idf.net\/blog\/#\/schema\/logo\/image\/","url":"https:\/\/www.accidentdutravail-idf.net\/blog\/wp-content\/uploads\/2022\/09\/logo-2.png","contentUrl":"https:\/\/www.accidentdutravail-idf.net\/blog\/wp-content\/uploads\/2022\/09\/logo-2.png","width":380,"height":291,"caption":"accidentdutravail-idf"},"image":{"@id":"https:\/\/www.accidentdutravail-idf.net\/blog\/#\/schema\/logo\/image\/"}},{"@type":"Person","@id":"https:\/\/www.accidentdutravail-idf.net\/blog\/#\/schema\/person\/3255d2f970de45e64bd9201f38e7b947","name":"Carlos Poulain","image":{"@type":"ImageObject","inLanguage":"fr-FR","@id":"https:\/\/secure.gravatar.com\/avatar\/b1c2f9d3588e34e91adb093635df64ef4b2381991216be7576466cfcdca4baf3?s=96&d=mm&r=g","url":"https:\/\/secure.gravatar.com\/avatar\/b1c2f9d3588e34e91adb093635df64ef4b2381991216be7576466cfcdca4baf3?s=96&d=mm&r=g","contentUrl":"https:\/\/secure.gravatar.com\/avatar\/b1c2f9d3588e34e91adb093635df64ef4b2381991216be7576466cfcdca4baf3?s=96&d=mm&r=g","caption":"Carlos Poulain"},"url":"https:\/\/www.accidentdutravail-idf.net\/blog\/author\/idfcarlos\/"}]}},"_links":{"self":[{"href":"https:\/\/www.accidentdutravail-idf.net\/blog\/wp-json\/wp\/v2\/posts\/791","targetHints":{"allow":["GET"]}}],"collection":[{"href":"https:\/\/www.accidentdutravail-idf.net\/blog\/wp-json\/wp\/v2\/posts"}],"about":[{"href":"https:\/\/www.accidentdutravail-idf.net\/blog\/wp-json\/wp\/v2\/types\/post"}],"author":[{"embeddable":true,"href":"https:\/\/www.accidentdutravail-idf.net\/blog\/wp-json\/wp\/v2\/users\/2"}],"replies":[{"embeddable":true,"href":"https:\/\/www.accidentdutravail-idf.net\/blog\/wp-json\/wp\/v2\/comments?post=791"}],"version-history":[{"count":0,"href":"https:\/\/www.accidentdutravail-idf.net\/blog\/wp-json\/wp\/v2\/posts\/791\/revisions"}],"wp:attachment":[{"href":"https:\/\/www.accidentdutravail-idf.net\/blog\/wp-json\/wp\/v2\/media?parent=791"}],"wp:term":[{"taxonomy":"category","embeddable":true,"href":"https:\/\/www.accidentdutravail-idf.net\/blog\/wp-json\/wp\/v2\/categories?post=791"},{"taxonomy":"post_tag","embeddable":true,"href":"https:\/\/www.accidentdutravail-idf.net\/blog\/wp-json\/wp\/v2\/tags?post=791"}],"curies":[{"name":"wp","href":"https:\/\/api.w.org\/{rel}","templated":true}]}}