{"id":780,"date":"2024-09-10T05:24:00","date_gmt":"2024-09-10T03:24:00","guid":{"rendered":"https:\/\/www.accidentdutravail-idf.net\/blog\/accident-du-travail-en-teletravail-et-pause-dejeuner\/"},"modified":"2024-09-10T05:24:00","modified_gmt":"2024-09-10T03:24:00","slug":"accident-du-travail-en-teletravail-et-pause-dejeuner","status":"publish","type":"post","link":"https:\/\/www.accidentdutravail-idf.net\/blog\/accident-du-travail-en-teletravail-et-pause-dejeuner\/","title":{"rendered":"Accident du travail en t\u00e9l\u00e9travail et pause d\u00e9jeuner"},"content":{"rendered":"<div class=\"editoCardType22\">\n<p>\nJurisprudence<\/p>\n<div class=\"editoCardType22__line\">\n<p>\n<span class=\"editoCardType22__textType2\">Date de d\u00e9cision : *****<\/span><br \/>\n<span class=\"editoCardType22__textType2\"><br \/>\nNum\u00e9ro de pourvoi :<br \/>\n*****<\/span><\/p>\n<\/div>\n<\/div>\n<div data-poool=\"100\">\n<p>\n<strong>Faits :<\/strong> Alors qu&rsquo;elle exer\u00e7ait son activit\u00e9 en <strong>t\u00e9l\u00e9travail<\/strong>, une salari\u00e9e chute dans les escaliers de son domicile et se blesse. Apr\u00e8s enqu\u00eate, la caisse primaire d&rsquo;assurance maladie refuse de prendre en charge l&rsquo;accident au titre de la l\u00e9gislation sur les risques professionnels. La salari\u00e9e saisit un tribunal. Les juges de premi\u00e8re instance reconnaissent que l&rsquo;accident dont la salari\u00e9e a \u00e9t\u00e9 victime est un <strong>accident du travail <\/strong>devant \u00eatre pris en charge. Condamn\u00e9e, la caisse interjette appel.<\/p>\n<p>\n<strong>D\u00e9cision :<\/strong> La caisse fait valoir qu&rsquo;en mati\u00e8re de t\u00e9l\u00e9travail, la pr\u00e9somption d&rsquo;imputabilit\u00e9 de l&rsquo;article L. 411-1 du code de la s\u00e9curit\u00e9 sociale a vocation \u00e0 s&rsquo;appliquer uniquement pendant l&rsquo;exercice de l&rsquo;activit\u00e9 professionnelle et que le t\u00e9l\u00e9travailleur ne b\u00e9n\u00e9ficie pas de la notion extensive du temps et lieu de travail retenue par la jurisprudence de la Cour de cassation. Selon elle, le salari\u00e9 travaillant \u00e0 domicile \u00e9chappe \u00e0 la subordination de son employeur en dehors de l&rsquo;exercice de l&rsquo;activit\u00e9 salari\u00e9e : la salari\u00e9e a chut\u00e9 durant sa pause d\u00e9jeuner (12h30), alors que ses horaires de travail \u00e9taient 9H-12H le matin et 13H-17H l&rsquo;apr\u00e8s-midi.<\/p>\n<p>\n<strong>Commentaire : <\/strong>La cour d&rsquo;appel condamne la caisse. Les juges du second degr\u00e9 rappellent qu&rsquo;au sens de l&rsquo;article L 411-1 du code de la s\u00e9curit\u00e9 sociale, l&rsquo;accident survenu sur le lieu o\u00f9 est exerc\u00e9 le t\u00e9l\u00e9travail pendant l&rsquo;exercice de l&rsquo;activit\u00e9 professionnelle du t\u00e9l\u00e9travailleur est pr\u00e9sum\u00e9 \u00eatre un accident du travail. Ils ajoutent qu&rsquo;en l&rsquo;esp\u00e8ce, l&rsquo;accident est survenu pendant le temps du travail, la pause d\u00e9jeuner \u00e9tant pr\u00e9vue par l&#8217;employeur comme une plage horaire variable (11h30 \u00e0 14h) laquelle est assimilable au temps de travail. La salari\u00e9e n&rsquo;avait pas interrompu son travail pour un motif personnel, de sorte qu&rsquo;elle b\u00e9n\u00e9ficiait de la pr\u00e9somption d&rsquo;imputabilit\u00e9 lors de la chute intervenue pendant cette plage de temps. <em>\u00ab Les premiers juges ont ainsi justement retenu que si l&rsquo;\u00e9v\u00e8nement \u00e9tait survenu pendant la pause m\u00e9ridienne, il n&rsquo;en demeurait pas moins que cette p\u00e9riode constituait une interruption de courte dur\u00e9e du travail, l\u00e9galement pr\u00e9vue, assimilable au temps de l&rsquo;exercice de l&rsquo;activit\u00e9 professionnelle tel que pr\u00e9vu par le dernier alin\u00e9a de l&rsquo;article L. 1222-9 du code du travail \u00bb<\/em>.<\/p>\n<\/div>\n<div class=\"articleContent__absolute\">\n<section class=\"is-marginBottom-20\" data-xiti-promotion-adid=\"3\" data-xiti-promotion-format=\"sous-article\" data-xiti-promotion-variant=\"standard\">\n<div class=\"editoCardType21\">\n<div data-xiti-chapter2=\"sous-article-meme-rubrique\">\n<p class=\"editoTitleType1 editoTitleType1--lagoon is-uppercase\">S\u00e9lectionn\u00e9 <b>pour vous<\/b><\/p>\n<section class=\"editoCardType21__content editoCardType21__content--first\">\n<a class=\"editoCardType21__link editoCardType21__containerImage\" href=\"https:\/\/www.argusdelassurance.com\/juriscope\/les-superviseurs-europeens-alertent-sur-les-risques-de-l-inflation-pour-l-assurance.232725\" data-xiti-name=\"232725\" target=\"_blank\" rel=\"nofollow\"><\/p>\n<figure class=\"is-margin-0\">\n<img decoding=\"async\" src=\"https:\/\/www.accidentdutravail-idf.net\/blog\/wp-content\/uploads\/2024\/09\/accident-du-travail-en-teletravail-et-pause-dejeuner.jpg\" data-original=\"\/mediatheque\/2\/6\/5\/000062562_256x170_c.png\" alt=\"Les superviseurs europ\u00e9ens alertent sur les risques de l\u2019inflation pour l\u2019assurance\"><\/figure>\n<p><\/a><\/section>\n<section class=\"editoCardType21__content \"><\/section>\n<section class=\"editoCardType21__content \"><\/section>\n<\/div>\n<\/div>\n<\/section>\n<\/div>\n<p>accidentdutravail-idf.net vous a pr\u00e9par\u00e9 ce post qui informe du sujet \u00ab\u00a0Association Sportive Huisson-Longueville Essonne\u00a0\u00bb. La chronique se veut g\u00e9n\u00e9r\u00e9e du mieux possible. Vous pouvez utiliser les coordonn\u00e9es indiqu\u00e9es sur le site dans le but d\u2019apporter des explications sur ce post qui parle du th\u00e8me \u00ab\u00a0Association Sportive Huisson-Longueville Essonne\u00a0\u00bb. Le site accidentdutravail-idf.net a pour but de fournir diverses publications sur la th\u00e9matique Association Sportive Huisson-Longueville Essonne diffus\u00e9es sur le net. Il y aura plusieurs articles autour du sujet \u00ab\u00a0Association Sportive Huisson-Longueville Essonne\u00a0\u00bb dans quelques jours, nous vous invitons \u00e0 naviguer sur notre site web \u00e0 plusieurs reprises.<\/p>\n","protected":false},"excerpt":{"rendered":"<p>Jurisprudence Date de d\u00e9cision : ***** Num\u00e9ro de pourvoi : ***** Faits : Alors qu&rsquo;elle exer\u00e7ait son activit\u00e9 en t\u00e9l\u00e9travail, une salari\u00e9e chute dans les escaliers de son domicile et se blesse. Apr\u00e8s enqu\u00eate, la caisse primaire d&rsquo;assurance maladie refuse de prendre en charge l&rsquo;accident au titre de la l\u00e9gislation sur les risques professionnels. La &hellip; <\/p>\n<p class=\"link-more\"><a href=\"https:\/\/www.accidentdutravail-idf.net\/blog\/accident-du-travail-en-teletravail-et-pause-dejeuner\/\" class=\"more-link\">Continuer la lecture <span class=\"screen-reader-text\"> \u00ab\u00a0Accident du travail en t\u00e9l\u00e9travail et pause d\u00e9jeuner\u00a0\u00bb<\/span><\/a><\/p>\n","protected":false},"author":2,"featured_media":0,"comment_status":"closed","ping_status":"closed","sticky":false,"template":"","format":"standard","meta":{"footnotes":""},"categories":[5],"tags":[],"class_list":["post-780","post","type-post","status-publish","format-standard","hentry","category-securite-du-travail-en-ile-de-france-et-divers","entry"],"yoast_head":"<!-- This site is optimized with the Yoast SEO plugin v27.5 - https:\/\/yoast.com\/product\/yoast-seo-wordpress\/ -->\n<title>Accident du travail en t\u00e9l\u00e9travail et pause d\u00e9jeuner - ACCIDENTDUTRAVAIL-IDF<\/title>\n<meta name=\"description\" content=\"Accident du travail en t\u00e9l\u00e9travail et pause d\u00e9jeuner article de ACCIDENTDUTRAVAIL-IDF\" \/>\n<meta name=\"robots\" content=\"index, follow, max-snippet:-1, max-image-preview:large, max-video-preview:-1\" \/>\n<link rel=\"canonical\" href=\"https:\/\/www.accidentdutravail-idf.net\/blog\/accident-du-travail-en-teletravail-et-pause-dejeuner\/\" \/>\n<meta property=\"og:locale\" content=\"fr_FR\" \/>\n<meta property=\"og:type\" content=\"article\" \/>\n<meta property=\"og:title\" content=\"Accident du travail en t\u00e9l\u00e9travail et pause d\u00e9jeuner - ACCIDENTDUTRAVAIL-IDF\" \/>\n<meta property=\"og:description\" content=\"Accident du travail en t\u00e9l\u00e9travail et pause d\u00e9jeuner article de ACCIDENTDUTRAVAIL-IDF\" \/>\n<meta property=\"og:url\" content=\"https:\/\/www.accidentdutravail-idf.net\/blog\/accident-du-travail-en-teletravail-et-pause-dejeuner\/\" \/>\n<meta property=\"og:site_name\" content=\"ACCIDENTDUTRAVAIL-IDF\" \/>\n<meta property=\"article:published_time\" content=\"2024-09-10T03:24:00+00:00\" \/>\n<meta property=\"og:image\" content=\"https:\/\/www.accidentdutravail-idf.net\/blog\/wp-content\/uploads\/2024\/09\/accident-du-travail-en-teletravail-et-pause-dejeuner.jpg\" \/>\n<meta name=\"author\" content=\"Carlos Poulain\" \/>\n<meta name=\"twitter:card\" content=\"summary_large_image\" \/>\n<meta name=\"twitter:label1\" content=\"\u00c9crit par\" \/>\n\t<meta name=\"twitter:data1\" content=\"Carlos Poulain\" \/>\n\t<meta name=\"twitter:label2\" content=\"Dur\u00e9e de lecture estim\u00e9e\" \/>\n\t<meta name=\"twitter:data2\" content=\"3 minutes\" \/>\n<script type=\"application\/ld+json\" class=\"yoast-schema-graph\">{\"@context\":\"https:\\\/\\\/schema.org\",\"@graph\":[{\"@type\":\"Article\",\"@id\":\"https:\\\/\\\/www.accidentdutravail-idf.net\\\/blog\\\/accident-du-travail-en-teletravail-et-pause-dejeuner\\\/#article\",\"isPartOf\":{\"@id\":\"https:\\\/\\\/www.accidentdutravail-idf.net\\\/blog\\\/accident-du-travail-en-teletravail-et-pause-dejeuner\\\/\"},\"author\":{\"name\":\"Carlos Poulain\",\"@id\":\"https:\\\/\\\/www.accidentdutravail-idf.net\\\/blog\\\/#\\\/schema\\\/person\\\/3255d2f970de45e64bd9201f38e7b947\"},\"headline\":\"Accident du travail en t\u00e9l\u00e9travail et pause d\u00e9jeuner\",\"datePublished\":\"2024-09-10T03:24:00+00:00\",\"mainEntityOfPage\":{\"@id\":\"https:\\\/\\\/www.accidentdutravail-idf.net\\\/blog\\\/accident-du-travail-en-teletravail-et-pause-dejeuner\\\/\"},\"wordCount\":521,\"publisher\":{\"@id\":\"https:\\\/\\\/www.accidentdutravail-idf.net\\\/blog\\\/#organization\"},\"image\":{\"@id\":\"https:\\\/\\\/www.accidentdutravail-idf.net\\\/blog\\\/accident-du-travail-en-teletravail-et-pause-dejeuner\\\/#primaryimage\"},\"thumbnailUrl\":\"https:\\\/\\\/www.accidentdutravail-idf.net\\\/blog\\\/wp-content\\\/uploads\\\/2024\\\/09\\\/accident-du-travail-en-teletravail-et-pause-dejeuner.jpg\",\"articleSection\":[\"S\u00e9curit\u00e9 Du Travail En Ile-De-France Et Divers:\"],\"inLanguage\":\"fr-FR\"},{\"@type\":\"WebPage\",\"@id\":\"https:\\\/\\\/www.accidentdutravail-idf.net\\\/blog\\\/accident-du-travail-en-teletravail-et-pause-dejeuner\\\/\",\"url\":\"https:\\\/\\\/www.accidentdutravail-idf.net\\\/blog\\\/accident-du-travail-en-teletravail-et-pause-dejeuner\\\/\",\"name\":\"Accident du travail en t\u00e9l\u00e9travail et pause d\u00e9jeuner - ACCIDENTDUTRAVAIL-IDF\",\"isPartOf\":{\"@id\":\"https:\\\/\\\/www.accidentdutravail-idf.net\\\/blog\\\/#website\"},\"primaryImageOfPage\":{\"@id\":\"https:\\\/\\\/www.accidentdutravail-idf.net\\\/blog\\\/accident-du-travail-en-teletravail-et-pause-dejeuner\\\/#primaryimage\"},\"image\":{\"@id\":\"https:\\\/\\\/www.accidentdutravail-idf.net\\\/blog\\\/accident-du-travail-en-teletravail-et-pause-dejeuner\\\/#primaryimage\"},\"thumbnailUrl\":\"https:\\\/\\\/www.accidentdutravail-idf.net\\\/blog\\\/wp-content\\\/uploads\\\/2024\\\/09\\\/accident-du-travail-en-teletravail-et-pause-dejeuner.jpg\",\"datePublished\":\"2024-09-10T03:24:00+00:00\",\"description\":\"Accident du travail en t\u00e9l\u00e9travail et pause d\u00e9jeuner article de ACCIDENTDUTRAVAIL-IDF\",\"breadcrumb\":{\"@id\":\"https:\\\/\\\/www.accidentdutravail-idf.net\\\/blog\\\/accident-du-travail-en-teletravail-et-pause-dejeuner\\\/#breadcrumb\"},\"inLanguage\":\"fr-FR\",\"potentialAction\":[{\"@type\":\"ReadAction\",\"target\":[\"https:\\\/\\\/www.accidentdutravail-idf.net\\\/blog\\\/accident-du-travail-en-teletravail-et-pause-dejeuner\\\/\"]}]},{\"@type\":\"ImageObject\",\"inLanguage\":\"fr-FR\",\"@id\":\"https:\\\/\\\/www.accidentdutravail-idf.net\\\/blog\\\/accident-du-travail-en-teletravail-et-pause-dejeuner\\\/#primaryimage\",\"url\":\"https:\\\/\\\/www.accidentdutravail-idf.net\\\/blog\\\/wp-content\\\/uploads\\\/2024\\\/09\\\/accident-du-travail-en-teletravail-et-pause-dejeuner.jpg\",\"contentUrl\":\"https:\\\/\\\/www.accidentdutravail-idf.net\\\/blog\\\/wp-content\\\/uploads\\\/2024\\\/09\\\/accident-du-travail-en-teletravail-et-pause-dejeuner.jpg\"},{\"@type\":\"BreadcrumbList\",\"@id\":\"https:\\\/\\\/www.accidentdutravail-idf.net\\\/blog\\\/accident-du-travail-en-teletravail-et-pause-dejeuner\\\/#breadcrumb\",\"itemListElement\":[{\"@type\":\"ListItem\",\"position\":1,\"name\":\"Accueil\",\"item\":\"https:\\\/\\\/www.accidentdutravail-idf.net\\\/blog\\\/\"},{\"@type\":\"ListItem\",\"position\":2,\"name\":\"Accident du travail en t\u00e9l\u00e9travail et pause d\u00e9jeuner\"}]},{\"@type\":\"WebSite\",\"@id\":\"https:\\\/\\\/www.accidentdutravail-idf.net\\\/blog\\\/#website\",\"url\":\"https:\\\/\\\/www.accidentdutravail-idf.net\\\/blog\\\/\",\"name\":\"ACCIDENTDUTRAVAIL-IDF\",\"description\":\"Portail accidents du travail-maladies professionnelles des entreprises d&#039;Ile-de-France\",\"publisher\":{\"@id\":\"https:\\\/\\\/www.accidentdutravail-idf.net\\\/blog\\\/#organization\"},\"potentialAction\":[{\"@type\":\"SearchAction\",\"target\":{\"@type\":\"EntryPoint\",\"urlTemplate\":\"https:\\\/\\\/www.accidentdutravail-idf.net\\\/blog\\\/?s={search_term_string}\"},\"query-input\":{\"@type\":\"PropertyValueSpecification\",\"valueRequired\":true,\"valueName\":\"search_term_string\"}}],\"inLanguage\":\"fr-FR\"},{\"@type\":\"Organization\",\"@id\":\"https:\\\/\\\/www.accidentdutravail-idf.net\\\/blog\\\/#organization\",\"name\":\"accidentdutravail-idf\",\"url\":\"https:\\\/\\\/www.accidentdutravail-idf.net\\\/blog\\\/\",\"logo\":{\"@type\":\"ImageObject\",\"inLanguage\":\"fr-FR\",\"@id\":\"https:\\\/\\\/www.accidentdutravail-idf.net\\\/blog\\\/#\\\/schema\\\/logo\\\/image\\\/\",\"url\":\"https:\\\/\\\/www.accidentdutravail-idf.net\\\/blog\\\/wp-content\\\/uploads\\\/2022\\\/09\\\/logo-2.png\",\"contentUrl\":\"https:\\\/\\\/www.accidentdutravail-idf.net\\\/blog\\\/wp-content\\\/uploads\\\/2022\\\/09\\\/logo-2.png\",\"width\":380,\"height\":291,\"caption\":\"accidentdutravail-idf\"},\"image\":{\"@id\":\"https:\\\/\\\/www.accidentdutravail-idf.net\\\/blog\\\/#\\\/schema\\\/logo\\\/image\\\/\"}},{\"@type\":\"Person\",\"@id\":\"https:\\\/\\\/www.accidentdutravail-idf.net\\\/blog\\\/#\\\/schema\\\/person\\\/3255d2f970de45e64bd9201f38e7b947\",\"name\":\"Carlos Poulain\",\"image\":{\"@type\":\"ImageObject\",\"inLanguage\":\"fr-FR\",\"@id\":\"https:\\\/\\\/secure.gravatar.com\\\/avatar\\\/b1c2f9d3588e34e91adb093635df64ef4b2381991216be7576466cfcdca4baf3?s=96&d=mm&r=g\",\"url\":\"https:\\\/\\\/secure.gravatar.com\\\/avatar\\\/b1c2f9d3588e34e91adb093635df64ef4b2381991216be7576466cfcdca4baf3?s=96&d=mm&r=g\",\"contentUrl\":\"https:\\\/\\\/secure.gravatar.com\\\/avatar\\\/b1c2f9d3588e34e91adb093635df64ef4b2381991216be7576466cfcdca4baf3?s=96&d=mm&r=g\",\"caption\":\"Carlos Poulain\"},\"url\":\"https:\\\/\\\/www.accidentdutravail-idf.net\\\/blog\\\/author\\\/idfcarlos\\\/\"}]}<\/script>\n<!-- \/ Yoast SEO plugin. -->","yoast_head_json":{"title":"Accident du travail en t\u00e9l\u00e9travail et pause d\u00e9jeuner - ACCIDENTDUTRAVAIL-IDF","description":"Accident du travail en t\u00e9l\u00e9travail et pause d\u00e9jeuner article de ACCIDENTDUTRAVAIL-IDF","robots":{"index":"index","follow":"follow","max-snippet":"max-snippet:-1","max-image-preview":"max-image-preview:large","max-video-preview":"max-video-preview:-1"},"canonical":"https:\/\/www.accidentdutravail-idf.net\/blog\/accident-du-travail-en-teletravail-et-pause-dejeuner\/","og_locale":"fr_FR","og_type":"article","og_title":"Accident du travail en t\u00e9l\u00e9travail et pause d\u00e9jeuner - ACCIDENTDUTRAVAIL-IDF","og_description":"Accident du travail en t\u00e9l\u00e9travail et pause d\u00e9jeuner article de ACCIDENTDUTRAVAIL-IDF","og_url":"https:\/\/www.accidentdutravail-idf.net\/blog\/accident-du-travail-en-teletravail-et-pause-dejeuner\/","og_site_name":"ACCIDENTDUTRAVAIL-IDF","article_published_time":"2024-09-10T03:24:00+00:00","og_image":[{"url":"https:\/\/www.accidentdutravail-idf.net\/blog\/wp-content\/uploads\/2024\/09\/accident-du-travail-en-teletravail-et-pause-dejeuner.jpg","type":"","width":"","height":""}],"author":"Carlos Poulain","twitter_card":"summary_large_image","twitter_misc":{"\u00c9crit par":"Carlos Poulain","Dur\u00e9e de lecture estim\u00e9e":"3 minutes"},"schema":{"@context":"https:\/\/schema.org","@graph":[{"@type":"Article","@id":"https:\/\/www.accidentdutravail-idf.net\/blog\/accident-du-travail-en-teletravail-et-pause-dejeuner\/#article","isPartOf":{"@id":"https:\/\/www.accidentdutravail-idf.net\/blog\/accident-du-travail-en-teletravail-et-pause-dejeuner\/"},"author":{"name":"Carlos Poulain","@id":"https:\/\/www.accidentdutravail-idf.net\/blog\/#\/schema\/person\/3255d2f970de45e64bd9201f38e7b947"},"headline":"Accident du travail en t\u00e9l\u00e9travail et pause d\u00e9jeuner","datePublished":"2024-09-10T03:24:00+00:00","mainEntityOfPage":{"@id":"https:\/\/www.accidentdutravail-idf.net\/blog\/accident-du-travail-en-teletravail-et-pause-dejeuner\/"},"wordCount":521,"publisher":{"@id":"https:\/\/www.accidentdutravail-idf.net\/blog\/#organization"},"image":{"@id":"https:\/\/www.accidentdutravail-idf.net\/blog\/accident-du-travail-en-teletravail-et-pause-dejeuner\/#primaryimage"},"thumbnailUrl":"https:\/\/www.accidentdutravail-idf.net\/blog\/wp-content\/uploads\/2024\/09\/accident-du-travail-en-teletravail-et-pause-dejeuner.jpg","articleSection":["S\u00e9curit\u00e9 Du Travail En Ile-De-France Et Divers:"],"inLanguage":"fr-FR"},{"@type":"WebPage","@id":"https:\/\/www.accidentdutravail-idf.net\/blog\/accident-du-travail-en-teletravail-et-pause-dejeuner\/","url":"https:\/\/www.accidentdutravail-idf.net\/blog\/accident-du-travail-en-teletravail-et-pause-dejeuner\/","name":"Accident du travail en t\u00e9l\u00e9travail et pause d\u00e9jeuner - ACCIDENTDUTRAVAIL-IDF","isPartOf":{"@id":"https:\/\/www.accidentdutravail-idf.net\/blog\/#website"},"primaryImageOfPage":{"@id":"https:\/\/www.accidentdutravail-idf.net\/blog\/accident-du-travail-en-teletravail-et-pause-dejeuner\/#primaryimage"},"image":{"@id":"https:\/\/www.accidentdutravail-idf.net\/blog\/accident-du-travail-en-teletravail-et-pause-dejeuner\/#primaryimage"},"thumbnailUrl":"https:\/\/www.accidentdutravail-idf.net\/blog\/wp-content\/uploads\/2024\/09\/accident-du-travail-en-teletravail-et-pause-dejeuner.jpg","datePublished":"2024-09-10T03:24:00+00:00","description":"Accident du travail en t\u00e9l\u00e9travail et pause d\u00e9jeuner article de ACCIDENTDUTRAVAIL-IDF","breadcrumb":{"@id":"https:\/\/www.accidentdutravail-idf.net\/blog\/accident-du-travail-en-teletravail-et-pause-dejeuner\/#breadcrumb"},"inLanguage":"fr-FR","potentialAction":[{"@type":"ReadAction","target":["https:\/\/www.accidentdutravail-idf.net\/blog\/accident-du-travail-en-teletravail-et-pause-dejeuner\/"]}]},{"@type":"ImageObject","inLanguage":"fr-FR","@id":"https:\/\/www.accidentdutravail-idf.net\/blog\/accident-du-travail-en-teletravail-et-pause-dejeuner\/#primaryimage","url":"https:\/\/www.accidentdutravail-idf.net\/blog\/wp-content\/uploads\/2024\/09\/accident-du-travail-en-teletravail-et-pause-dejeuner.jpg","contentUrl":"https:\/\/www.accidentdutravail-idf.net\/blog\/wp-content\/uploads\/2024\/09\/accident-du-travail-en-teletravail-et-pause-dejeuner.jpg"},{"@type":"BreadcrumbList","@id":"https:\/\/www.accidentdutravail-idf.net\/blog\/accident-du-travail-en-teletravail-et-pause-dejeuner\/#breadcrumb","itemListElement":[{"@type":"ListItem","position":1,"name":"Accueil","item":"https:\/\/www.accidentdutravail-idf.net\/blog\/"},{"@type":"ListItem","position":2,"name":"Accident du travail en t\u00e9l\u00e9travail et pause d\u00e9jeuner"}]},{"@type":"WebSite","@id":"https:\/\/www.accidentdutravail-idf.net\/blog\/#website","url":"https:\/\/www.accidentdutravail-idf.net\/blog\/","name":"ACCIDENTDUTRAVAIL-IDF","description":"Portail accidents du travail-maladies professionnelles des entreprises d&#039;Ile-de-France","publisher":{"@id":"https:\/\/www.accidentdutravail-idf.net\/blog\/#organization"},"potentialAction":[{"@type":"SearchAction","target":{"@type":"EntryPoint","urlTemplate":"https:\/\/www.accidentdutravail-idf.net\/blog\/?s={search_term_string}"},"query-input":{"@type":"PropertyValueSpecification","valueRequired":true,"valueName":"search_term_string"}}],"inLanguage":"fr-FR"},{"@type":"Organization","@id":"https:\/\/www.accidentdutravail-idf.net\/blog\/#organization","name":"accidentdutravail-idf","url":"https:\/\/www.accidentdutravail-idf.net\/blog\/","logo":{"@type":"ImageObject","inLanguage":"fr-FR","@id":"https:\/\/www.accidentdutravail-idf.net\/blog\/#\/schema\/logo\/image\/","url":"https:\/\/www.accidentdutravail-idf.net\/blog\/wp-content\/uploads\/2022\/09\/logo-2.png","contentUrl":"https:\/\/www.accidentdutravail-idf.net\/blog\/wp-content\/uploads\/2022\/09\/logo-2.png","width":380,"height":291,"caption":"accidentdutravail-idf"},"image":{"@id":"https:\/\/www.accidentdutravail-idf.net\/blog\/#\/schema\/logo\/image\/"}},{"@type":"Person","@id":"https:\/\/www.accidentdutravail-idf.net\/blog\/#\/schema\/person\/3255d2f970de45e64bd9201f38e7b947","name":"Carlos Poulain","image":{"@type":"ImageObject","inLanguage":"fr-FR","@id":"https:\/\/secure.gravatar.com\/avatar\/b1c2f9d3588e34e91adb093635df64ef4b2381991216be7576466cfcdca4baf3?s=96&d=mm&r=g","url":"https:\/\/secure.gravatar.com\/avatar\/b1c2f9d3588e34e91adb093635df64ef4b2381991216be7576466cfcdca4baf3?s=96&d=mm&r=g","contentUrl":"https:\/\/secure.gravatar.com\/avatar\/b1c2f9d3588e34e91adb093635df64ef4b2381991216be7576466cfcdca4baf3?s=96&d=mm&r=g","caption":"Carlos Poulain"},"url":"https:\/\/www.accidentdutravail-idf.net\/blog\/author\/idfcarlos\/"}]}},"_links":{"self":[{"href":"https:\/\/www.accidentdutravail-idf.net\/blog\/wp-json\/wp\/v2\/posts\/780","targetHints":{"allow":["GET"]}}],"collection":[{"href":"https:\/\/www.accidentdutravail-idf.net\/blog\/wp-json\/wp\/v2\/posts"}],"about":[{"href":"https:\/\/www.accidentdutravail-idf.net\/blog\/wp-json\/wp\/v2\/types\/post"}],"author":[{"embeddable":true,"href":"https:\/\/www.accidentdutravail-idf.net\/blog\/wp-json\/wp\/v2\/users\/2"}],"replies":[{"embeddable":true,"href":"https:\/\/www.accidentdutravail-idf.net\/blog\/wp-json\/wp\/v2\/comments?post=780"}],"version-history":[{"count":0,"href":"https:\/\/www.accidentdutravail-idf.net\/blog\/wp-json\/wp\/v2\/posts\/780\/revisions"}],"wp:attachment":[{"href":"https:\/\/www.accidentdutravail-idf.net\/blog\/wp-json\/wp\/v2\/media?parent=780"}],"wp:term":[{"taxonomy":"category","embeddable":true,"href":"https:\/\/www.accidentdutravail-idf.net\/blog\/wp-json\/wp\/v2\/categories?post=780"},{"taxonomy":"post_tag","embeddable":true,"href":"https:\/\/www.accidentdutravail-idf.net\/blog\/wp-json\/wp\/v2\/tags?post=780"}],"curies":[{"name":"wp","href":"https:\/\/api.w.org\/{rel}","templated":true}]}}