{"id":778,"date":"2024-09-10T08:28:00","date_gmt":"2024-09-10T06:28:00","guid":{"rendered":"https:\/\/www.accidentdutravail-idf.net\/blog\/yvelines-un-employe-municipal-fait-une-chute-mortelle-depuis-le-toit-du-centre-de-loisirs\/"},"modified":"2024-09-10T08:28:00","modified_gmt":"2024-09-10T06:28:00","slug":"yvelines-un-employe-municipal-fait-une-chute-mortelle-depuis-le-toit-du-centre-de-loisirs","status":"publish","type":"post","link":"https:\/\/www.accidentdutravail-idf.net\/blog\/yvelines-un-employe-municipal-fait-une-chute-mortelle-depuis-le-toit-du-centre-de-loisirs\/","title":{"rendered":"Yvelines. Un employ\u00e9 municipal fait une chute mortelle depuis le toit du centre de loisirs"},"content":{"rendered":"<header class=\"clearfix marg20B\">\n<table cellspacing=\"0\" cellpadding=\"0\" border=\"0\" width=\"100%\">\n<tr>\n<td valign=\"middle\" align=\"center\" class=\"col-logo\"> <img decoding=\"async\" src=\"https:\/\/www.accidentdutravail-idf.net\/blog\/wp-content\/uploads\/2024\/09\/yvelines-un-employe-municipal-fait-une-chute-mortelle-depuis-le-toit-du-centre-de-loisirs.gif\" alt=\"logo Ouest-France\" height=\"66\"> <\/td>\n<td class=\"col-titre\"> Mardi 10 septembre 2024 15:28 <a class=\"icon-bulle sizeL count\" href=\"https:\/\/angers.maville.com\/actu\/actudet_-yvelines.-un-employe-municipal-fait-une-chute-mortelle-depuis-le-toit-du-centre-de-loisirs-_54135-6454847_actu.Htm#ancreAvis\" target=\"_blank\" rel=\"nofollow\"> <span class=\"elmt-num\">&#8230;<\/span><br \/>\n<\/a><\/td>\n<\/tr>\n<\/table>\n<p><!--TAG-CHP rubrique00--><!--TAG-CHP separator00--> <!--TAG-CHP titre00--> <\/header>\n<figure class=\"bloc reseaux-top\"> &lt;a class=&quot;mavillebox2 elmt-photo&quot; href=&quot;https:\/\/maville.com\/photosmvi\/2024\/09\/10\/P34583345D6454847G.jpg&quot; title=&quot; Un employ\u00e9 de la mairie de M\u00e9zi\u00e8res-sur-Seine (Yvelines) est d\u00e9c\u00e9d\u00e9 samedi 7&nbsp;septembre 2024 des suites d\u2019un accident du travail. Photo d\u2019illustration. \u00a9 BEATRICE LEGRAND \/ ARCHIVES OUEST-FRANCE <!--TAG-BLC credit-->\u00a0\u00bb rel=\u00a0\u00bbgalerie_actu\u00a0\u00bb&gt; <img decoding=\"async\" src=\"https:\/\/www.accidentdutravail-idf.net\/blog\/wp-content\/uploads\/2024\/09\/yvelines-un-employe-municipal-fait-une-chute-mortelle-depuis-le-toit-du-centre-de-loisirs.jpg\" alt=\"photo un employ\u00e9 de la mairie de m\u00e9zi\u00e8res-sur-seine (yvelines) est d\u00e9c\u00e9d\u00e9 samedi 7&nbsp;septembre 2024 des suites d\u2019un accident du travail. photo d\u2019illustration. \u00a9 beatrice legrand \/ archives ouest-france \"> <span class=\"zoom-photo\"><span class=\"mavillefont icon-loupe\"><\/span><small>1<\/small><\/span><br \/>\n<\/a><\/p>\n<p class=\"elmt-legende\"> Un employ\u00e9 de la mairie de M\u00e9zi\u00e8res-sur-Seine (Yvelines) est d\u00e9c\u00e9d\u00e9 samedi 7&nbsp;septembre 2024 des suites d\u2019un accident du travail. Photo d\u2019illustration. \u00a9 BEATRICE LEGRAND \/ ARCHIVES OUEST-FRANCE <span class=\"credit\"><!--TAG-BLC credit--><\/span><\/p>\n<\/figure>\n<section class=\"clearB bloc\">\n<h2 class=\"elmt-text\">Un homme de 58&nbsp;ans est d\u00e9c\u00e9d\u00e9 des suites d\u2019une chute depuis le toit du centre de loisirs&nbsp;de&nbsp;M\u00e9zi\u00e8res-sur-Seine (Yvelines), le 4&nbsp;septembre 2024. Hospitalis\u00e9 dans un \u00e9tat grave, cet employ\u00e9 communal a succomb\u00e9 quelques jours plus tard. Une enqu\u00eate a \u00e9t\u00e9 ouverte apr\u00e8s cet accident du travail, indiquent nos confr\u00e8res de \u00ab&nbsp;78&nbsp;Actu&nbsp;\u00bb.<\/h2>\n<div class=\"elmt-text p402_premium\">\n<p>Un employ\u00e9 de la commune de&nbsp;<a href=\"https:\/\/paris.maville.com\/\/\" target=\"_self\" rel=\"noopener nofollow\">M\u00e9zi\u00e8res-sur-Seine<\/a> (Yvelines) a succomb\u00e9 \u00e0 ses blessures samedi 7&nbsp;septembre 2024, apr\u00e8s avoir \u00e9t\u00e9 victime d\u2019un accident du travail quelques jours plus t\u00f4t. Cet homme de 58&nbsp;ans avait chut\u00e9 du toit du centre de loisirs le 4&nbsp;septembre, alors qu\u2019il nettoyait les lieux, rapporte <a href=\"https:\/\/actu.fr\/ile-de-france\/mezieres-sur-seine_78402\/mezieres-sur-seine-lagent-municipal-tombe-du-toit-du-centre-de-loisirs-est-decede_61583668.html\" target=\"_blank\" rel=\"noopener nofollow\"> <em>78&nbsp;Actu<\/em> <\/a>.&nbsp;<\/p>\n<p>Le quinquag\u00e9naire, dont la t\u00eate avait heurt\u00e9 le sol, avait \u00e9t\u00e9 pris en charge par un pompier volontaire avant d\u2019\u00eatre \u00e9vacu\u00e9 par les secours vers l\u2019h\u00f4pital. Il \u00e9tait alors plac\u00e9 en coma artificiel apr\u00e8s avoir fait un arr\u00eat cardiaque. Il a finalement succomb\u00e9&nbsp;\u00e0 l\u2019h\u00f4pital Beaujon de Clichy (Hauts-de-Seine).<\/p>\n<p>Il aurait chut\u00e9 en arrachant une mauvaise herbe<\/p>\n<p>Une enqu\u00eate a \u00e9t\u00e9 ouverte pour d\u00e9terminer les circonstances exactes de ce drame. Selon le maire de la ville, Franck Fontaine, l\u2019employ\u00e9 aurait bascul\u00e9 dans le vide en tentant d\u2019arracher une mauvaise herbe. Pour le reste, l\u2019\u00e9lu indique \u00e0 nos confr\u00e8res qu\u2019il ne fera <strong>\u00ab aucun commentaire suppl\u00e9mentaire. La justice rendra ses conclusions \u00bb<\/strong>.<\/p>\n<p>En France, deux salari\u00e9s meurent chaque jour \u00e0 cause du travail. En 2019, 783 600 accidents du travail ont \u00e9t\u00e9 recens\u00e9s dont 780 mortels, selon une \u00e9tude de la Dares, faisant de la France <a href=\"https:\/\/rennes.maville.com\/actu\/actudet_-783-600-accidents-du-travail-en-2019-dont-780-mortels-quels-metiers-sont-les-plus-touches-_54135-5488015_actu.Htm\" target=\"_self\" rel=\"noopener nofollow\">le plus mauvais pays en Europe sur les accidents au travail<\/a>.<\/p>\n<\/p><\/div>\n<\/section>\n<p> <cite class=\"elmt-auteur bloc\"> avec NG &nbsp;&nbsp; Ouest-France&nbsp;&nbsp; <\/cite> <!--TAG-BLC tags--> <\/p>\n<footer class=\"bloc clearfix\"> <\/footer>\n<p> <!--MVITAG-BLC C2--> <a name=\"formulaireSA\" id=\"formulaireSA\"><\/a><\/p>\n<section id=\"bloc_saisie_assiste\" class=\"bloc clearfix clearB\">\n<header>\n<h2 id=\"titreSA\" class=\"titre-bloc-xl\"><\/h2>\n<\/header>\n<div id=\"lstChamp\" class=\"clearfix\">\n<ul>\n<li id=\"zoneBeforeAvisSA\">\n<div id=\"zoneBeforeAvisActuSA\" class=\"zoneBeforeNiveau2\"> <label for=\"AvisActuNom\" class=\"first\">Titre de l&rsquo;info <em>*<\/em><\/label> <\/p>\n<div id=\"AvisActuNomError\" class=\"errorMessage\">merci d&rsquo;indiquer un titre&rsquo;<\/div>\n<\/p><\/div>\n<p> &lt;!&#8211; <\/p>\n<div id=\"zoneBeforeAvisSportSA\" class=\"zoneBeforeNiveau2\"> <label for=\"AvisSportNom\" class=\"first\">Titre de l&rsquo;info sportive <em>*<\/em><\/label> <\/p>\n<div class=\"elmt-champ\"><\/div>\n<div id=\"AvisSportNomError\" class=\"errorMessage\">merci d&rsquo;indiquer un titre &lsquo;<\/div>\n<\/p><\/div>\n<p> &#8211;&gt; <\/p>\n<div id=\"zoneBeforeAvisRestoSA\" class=\"zoneBeforeNiveau2\"> <label for=\"AvisRestoNom\" class=\"first\">Nom du restaurant <em>*<\/em><\/label> <\/p>\n<ul id=\"zoneSuggestionNomResto\" class=\"resultRechercheAjax displayNone\">\n<li>Choisir un resto :<\/li>\n<li id=\"SARestoUnknownLink\" class=\"AjaxRechercheItem\">Cet \u00e9tablissement est nouveau sur maville.com<\/li>\n<p> <!-- Liste de proposition Ajax des etablissements --> <\/ul>\n<div id=\"AvisRestoNomError\" class=\"errorMessage\">merci d&rsquo;indiquer un nom de restaurant<\/div>\n<hr>\n<div id=\"zoneBeforeAvisRestoUnknownSA\" class=\"displayNone\"> <label for=\"AvisRestoAdresse\">Adresse du restaurant <em>*<\/em><\/label> <\/p>\n<div id=\"AvisRestoAdresseError\" class=\"errorMessage\">merci de saisir l&rsquo;adresse du restaurant<\/div>\n<p> <label for=\"AvisRestoVilleChampRech\">Ville du restaurant <em>*<\/em><\/label> <\/p>\n<div id=\"AvisRestoVilleCpError\" class=\"errorMessage\">merci de saisir la ville du restaurant<\/div>\n<p> <label>T\u00e9l\u00e9chargez votre photo (2 Mo max)<\/label> <\/p>\n<hr><\/div>\n<\/p><\/div>\n<div id=\"zoneBeforeAvisBarSA\" class=\"zoneBeforeNiveau2\"> <label for=\"AvisBarNom\" class=\"first\">Nom du bar <em>*<\/em><\/label> <\/p>\n<ul id=\"zoneSuggestionNomBar\" class=\"resultRechercheAjax displayNone\">\n<li>Choisir un bar :<\/li>\n<li id=\"SABarUnknownLink\" class=\"AjaxRechercheItem\">Cet \u00e9tablissement est nouveau sur maville.com<\/li>\n<p> <!-- Liste de proposition Ajax des etablissements --> <\/ul>\n<div id=\"AvisBarNomError\" class=\"errorMessage\">merci d&rsquo;indiquer un nom de bar<\/div>\n<hr>\n<div id=\"zoneBeforeAvisBarUnknownSA\" class=\"displayNone\"> <label for=\"AvisBarAdresse\">Adresse du bar <em>*<\/em><\/label> <\/p>\n<div id=\"AvisBarAdresseError\" class=\"errorMessage\">merci de saisir l&rsquo;adresse du bar<\/div>\n<p> <label for=\"AvisBarVilleChampRech\">Ville du bar <em>*<\/em><\/label> <\/p>\n<div id=\"AvisBarVilleCpError\" class=\"errorMessage\">merci de saisir la ville du bar<\/div>\n<hr><\/div>\n<\/p><\/div>\n<div id=\"AvisTitreError\" class=\"errorMessage\">merci d&rsquo;indiquer un titre \u00e0 votre avis<\/div>\n<\/li>\n<li id=\"zoneTexteSA\" class=\"element\"> <\/li>\n<li id=\"zoneAfterAvisSA\">\n<div id=\"zoneAfterAvisBASA\" class=\"zoneAfterNiveau2\"> <label>Donnez nous vos impressions : <em>*<\/em><\/label> <\/p>\n<hr>\n<hr><\/div>\n<\/li>\n<li id=\"zoneIdentificationSA\"> &lt;!&#8211;<label for=\"email\" id=\"titreEmail\">Pour publier votre info, merci de vous identifier<\/label>&#8211;&gt; <\/li>\n<li id=\"zoneCgupdpError\" class=\"element\"> <\/li>\n<li id=\"zoneBoutonSimpleSA\" class=\"floatR\">\n<div class=\"clearfix\"><em> Vos donn\u00e9es personnelles font l\u2019objet d\u2019un traitement informatique par la soci\u00e9t\u00e9 Additi Multimedia, sur le fondement de l&rsquo;ex\u00e9cution d&rsquo;un contrat et sont utilis\u00e9es notamment pour prendre en compte, mod\u00e9rer et r\u00e9pondre \u00e0 vos commentaires sur les contenus mis en ligne sur le site. Elles seront conserv\u00e9es conform\u00e9ment \u00e0 notre politique de donn\u00e9es personnelles, sauf dispositions l\u00e9gales particuli\u00e8res. Vous disposez d\u2019un droit d\u2019acc\u00e8s, de rectification, d\u2019opposition, de limitation et de portabilit\u00e9, en vous adressant directement \u00e0 <a href=\"mailto:pdp@sipa.ouest-france.fr\" target=\"_blank\" rel=\"nofollow\">pdp@sipa.ouest-france.fr<\/a> ou par courrier \u00e0 \u00ab\u00a0D\u00e9l\u00e9gu\u00e9 \u00e0 la Protection des Donn\u00e9es Personnelles SIPA Additi Multimedia &#8211; ZI Rennes Sud-Est,\u2013 10 rue du Breil \u2013 35051 Rennes cedex 9\u00a0\u00bb. Vous avez \u00e9galement le droit d\u2019introduire une r\u00e9clamation aupr\u00e8s de la CNIL. <a href=\"https:\/\/angers.maville.com\/mentions_vieprive.php\" target=\"_blank\" rel=\"nofollow\">En savoir plus<\/a> <\/em><\/div>\n<\/li>\n<li id=\"zoneBoutonSA\"> <\/li>\n<\/ul><\/div>\n<\/section>\n<div id=\"saisieAssisteeLaunch\"> <\/div>\n<p> <!--MVITAG-BLC C4--> <a name=\"ancreAvis\"><\/a> <\/p>\n<section class=\"elmt-liste-avis avis-article clearfix clearB bloc\" id=\"AvisBloc\"> <!--TAG-CHP AvisAspFileDepot00--><br \/>\n<\/section>\n<div class=\"col2x\"> <!--MVITAG-BLC dossier01--> <\/p>\n<section class=\"elmt-news bloc\">\n<div class=\"titre-bloc-xl\">Newsletter maville<\/div>\n<h2 class=\"sous-titre-bloc marg10B\">Abonnez-vous \u00e0 la newsletter &#8211; Angers<\/h2>\n<div class=\"clearfix disclaimerNL\"><em> Votre e-mail, avec votre consentement, est utilis\u00e9 par la soci\u00e9t\u00e9 Additi Multimedia pour recevoir les newsletters s\u00e9lectionn\u00e9es. <a href=\"https:\/\/angers.maville.com\/mentions_vieprive.php\" target=\"_blank\" rel=\"nofollow\">En savoir plus<\/a><br \/>\n<\/em><\/div>\n<\/section>\n<p> <!--MVITAG-BLC PUBposition2--> <a href=\"https:\/\/angers.maville.com\/actu\/actudet_-debat-michel-barnier-sera-t-il-un-bon-premier-ministre-_fil-6452980_actu.Htm\" title=\"Exprimez-vous !\" target=\"_blank\" rel=\"nofollow\"> <\/p>\n<section class=\"bloc-debat\" id=\"mvi_actu_debat_semaine\">\n<h2 class=\"elmt-titre\">Exprimez-vous !<\/h2>\n<p> <span class=\"elmt-libelle\"><strong>D\u00e9bat : Michel Barnier sera-t-il un bon Premier ministre ?<\/strong><span class=\"icon-bulle sizeS count\"> <span class=\"elmt-num\">13<\/span><br \/>\n<\/span><\/span> <span class=\"sprite-pictos icon-flech-go\"><\/span> <\/section>\n<p><\/a> <!--MVITAG-BLC PUBx50--> <!--MVITAG-BLC dossier05--> <\/p>\n<section class=\"elmt-liste-ligne date bloc-cadre\">\n<header class=\"floatL\">\n<h2 class=\"titre-bloc\">L&rsquo;info en continu<\/h2>\n<\/header>\n<p> <!--TAG-BLC bandeau00--> <\/p>\n<footer> <a href=\"https:\/\/angers.maville.com\/info\/info-en-continu\/\" title=\"Toute l'info en continu\" class=\"elmt-plus padd10T\" target=\"_blank\" rel=\"nofollow\"> <span class=\"sprite-pictos icon-plus\">&nbsp;<\/span> Toute l&rsquo;info en continu <\/a><br \/>\n<\/footer>\n<\/section>\n<p> <!-- TABOOLA - actu_coldroite (deb) --> <!-- TABOOLA - actu_coldroite (fin) --> <!--MVITAG-BLC dossier10--> <!--MVITAG-BLC dossier11--> <!--MVITAG-BLC PUBposition3--> <\/p>\n<section class=\"block-onglets demi clearfix\" id=\"topConsultArt\">\n<nav class=\"info\"> <\/nav>\n<\/section>\n<p> <!--MVITAG-BLC dossier13--> <!--MVITAG-BLC dossier14--> <\/p>\n<section class=\"bloc-cadre liste2 fond-degrade\"><!-- id=\"mvi_actu_liste_filinfo_une\" --> <\/p>\n<header class=\"clearfix\">\n<h2 class=\"titre-bloc-xl\">Quiz et jeux<\/h2>\n<\/header>\n<section class=\"elmt-liste-bloc\"> <\/section>\n<section class=\"elmt-liste-bloc\"> <\/section>\n<footer> <a href=\"https:\/\/angers.maville.com\/info\/mavillequiz.php\" title=\"Tous les quiz\" class=\"elmt-plus\" target=\"_blank\" rel=\"nofollow\"> <span class=\"sprite-pictos icon-plus\">&nbsp;<\/span> Tous les quiz <\/a> <\/footer>\n<\/section>\n<p> <!--MVITAG-BLC dossier16--> <!--MVITAG-BLC dossier17--> <!--MVITAG-BLC dossier18--> <!--MVITAG-BLC dossier19--> <!--MVITAG-BLC dossier20--> <!--MVITAG-BLC PUBx32--> <!--MVITAG-BLC g01--> <!--MVITAG-BLC g02--> <!--MVITAG-BLC g03--> <!--MVITAG-BLC g04--> <!--MVITAG-BLC g05--> <!--MVITAG-BLC g06--> <!--MVITAG-BLC g07--> <!--MVITAG-BLC g08--> <!--MVITAG-BLC g09--> <!--MVITAG-BLC g10--> <!--MVITAG-BLC g11--> <!--MVITAG-BLC g12--> <!--MVITAG-BLC g13--> <!--MVITAG-BLC g14--> <!--MVITAG-BLC g15--> <!--MVITAG-BLC g16--> <!--MVITAG-BLC g17--> <!--MVITAG-BLC g18--> <!--MVITAG-BLC g19--> <!-- TABOOLA - actu_bottom (deb) --> <!-- TABOOLA - actu_bottom (fin) --> <\/div>\n<p> <!--MVITAG-BLC PUBbottom1--> <a href=\"https:\/\/angers.maville.com\/actu\/actudet_-yvelines.-un-employe-municipal-fait-une-chute-mortelle-depuis-le-toit-du-centre-de-loisirs-_54135-6454847_actu.Htm#top\" id=\"back-top\" class=\"sprite-pictos backTop\" target=\"_blank\" rel=\"nofollow\">Retour en haut<\/a> <\/p>\n<footer id=\"piedDePage\" class=\"pied-page\">\n<div class=\"pied-page__liens marg40B\">\n<nav class=\"pied-page__bloc\">\n<h3>Rubriques site maville<\/h3>\n<\/nav>\n<nav class=\"pied-page__bloc\">\n<h3>Sites Ouest-France<\/h3>\n<\/nav><\/div>\n<p class=\"pied-page__applis marg40B\"><a href=\"https:\/\/www.ouest-france.fr\/services\/nos-applis-mobiles\/\" target=\"_blank\" rel=\"noopener nofollow\"><i class=\"tetiere-icon icon-mobile-tablette\"><\/i>Les applications mobiles <strong>Ouest-France<\/strong> disponibles en t\u00e9l\u00e9chargement<\/a><\/p>\n<div class=\"pied-page__footer\"> <a href=\"https:\/\/angers.maville.com\/\" target=\"_blank\" rel=\"nofollow\"><img decoding=\"async\" src=\"https:\/\/maville.com\/design\/images\/tetiere\/logo_maville.svg\" alt=\"maville.com\" width=\"190\"><\/a> <span>par<\/span> <a href=\"https:\/\/www.ouest-france.fr\" target=\"_blank\" rel=\"noopener nofollow\"><i class=\"tetiere-icon icon-logo-of\"><\/i><\/a> <span><span>\u00a9 Copyright maville.\u00adcom<\/span> | <a href=\"http:\/\/www.presse-regionale.fr\/\" target=\"_blank\" title=\"Presse R\u00e9gionale\" rel=\"noopener nofollow\">WEB66<\/a>&nbsp; <a href=\"https:\/\/www.acpm.fr\/?utm_source=mvi&amp;utm_medium=lien&amp;utm_campaign=ojd&amp;utm_content=lien-footer\" target=\"_blank\" title=\"Presse R\u00e9gionale\" rel=\"noopener nofollow\"><img decoding=\"async\" src=\"https:\/\/maville.com\/design\/images\/tetiere\/acpm-ojd.svg\" alt=\"ACPM OJD\" width=\"33\" class=\"pied-page__footer-img\"><\/a> <\/span><\/div>\n<div id=\"accesSiteMobile\" class=\"acces-mob\"><span>Acc\u00e8s au site Mobile<\/span><\/div>\n<\/footer>\n<p> <!-- comptabilisation de la presence de AddBlock --> <!--[if IE]&gt;-->   window.onload = function() { H5F.setup(jQuery(&lsquo;.elmt-liste-form&rsquo;)); H5F.setup(jQuery(&lsquo;#recherche&rsquo;)); H5F.setup(jQuery(&lsquo;.elmt-news form&rsquo;)); };<br \/>\n accidentdutravail-idf.net vous a pr\u00e9par\u00e9 ce post qui informe du sujet \u00ab\u00a0Association Sportive Huisson-Longueville Essonne\u00a0\u00bb. La chronique se veut g\u00e9n\u00e9r\u00e9e du mieux possible. Vous pouvez utiliser les coordonn\u00e9es indiqu\u00e9es sur le site dans le but d\u2019apporter des explications sur ce post qui parle du th\u00e8me \u00ab\u00a0Association Sportive Huisson-Longueville Essonne\u00a0\u00bb. Le site accidentdutravail-idf.net a pour but de fournir diverses publications sur la th\u00e9matique Association Sportive Huisson-Longueville Essonne diffus\u00e9es sur le net. Il y aura plusieurs articles autour du sujet \u00ab\u00a0Association Sportive Huisson-Longueville Essonne\u00a0\u00bb dans quelques jours, nous vous invitons \u00e0 naviguer sur notre site web \u00e0 plusieurs reprises.<\/p>\n","protected":false},"excerpt":{"rendered":"<p>Mardi 10 septembre 2024 15:28 &#8230; &lt;a class=&quot;mavillebox2 elmt-photo&quot; href=&quot;https:\/\/maville.com\/photosmvi\/2024\/09\/10\/P34583345D6454847G.jpg&quot; title=&quot; Un employ\u00e9 de la mairie de M\u00e9zi\u00e8res-sur-Seine (Yvelines) est d\u00e9c\u00e9d\u00e9 samedi 7&nbsp;septembre 2024 des suites d\u2019un accident du travail. Photo d\u2019illustration. \u00a9 BEATRICE LEGRAND \/ ARCHIVES OUEST-FRANCE \u00a0\u00bb rel=\u00a0\u00bbgalerie_actu\u00a0\u00bb&gt; 1 Un employ\u00e9 de la mairie de M\u00e9zi\u00e8res-sur-Seine (Yvelines) est d\u00e9c\u00e9d\u00e9 samedi 7&nbsp;septembre 2024 des &hellip; <\/p>\n<p class=\"link-more\"><a href=\"https:\/\/www.accidentdutravail-idf.net\/blog\/yvelines-un-employe-municipal-fait-une-chute-mortelle-depuis-le-toit-du-centre-de-loisirs\/\" class=\"more-link\">Continuer la lecture <span class=\"screen-reader-text\"> \u00ab\u00a0Yvelines. Un employ\u00e9 municipal fait une chute mortelle depuis le toit du centre de loisirs\u00a0\u00bb<\/span><\/a><\/p>\n","protected":false},"author":2,"featured_media":0,"comment_status":"closed","ping_status":"closed","sticky":false,"template":"","format":"standard","meta":{"footnotes":""},"categories":[5],"tags":[],"class_list":["post-778","post","type-post","status-publish","format-standard","hentry","category-securite-du-travail-en-ile-de-france-et-divers","entry"],"yoast_head":"<!-- This site is optimized with the Yoast SEO plugin v27.5 - https:\/\/yoast.com\/product\/yoast-seo-wordpress\/ -->\n<title>Yvelines. Un employ\u00e9 municipal fait une chute mortelle depuis le toit du centre de loisirs - ACCIDENTDUTRAVAIL-IDF<\/title>\n<meta name=\"description\" content=\"Yvelines. Un employ\u00e9 municipal fait une chute mortelle depuis le toit du centre de loisirs article de ACCIDENTDUTRAVAIL-IDF\" \/>\n<meta name=\"robots\" content=\"index, follow, max-snippet:-1, max-image-preview:large, max-video-preview:-1\" \/>\n<link rel=\"canonical\" href=\"https:\/\/www.accidentdutravail-idf.net\/blog\/yvelines-un-employe-municipal-fait-une-chute-mortelle-depuis-le-toit-du-centre-de-loisirs\/\" \/>\n<meta property=\"og:locale\" content=\"fr_FR\" \/>\n<meta property=\"og:type\" content=\"article\" \/>\n<meta property=\"og:title\" content=\"Yvelines. Un employ\u00e9 municipal fait une chute mortelle depuis le toit du centre de loisirs - ACCIDENTDUTRAVAIL-IDF\" \/>\n<meta property=\"og:description\" content=\"Yvelines. Un employ\u00e9 municipal fait une chute mortelle depuis le toit du centre de loisirs article de ACCIDENTDUTRAVAIL-IDF\" \/>\n<meta property=\"og:url\" content=\"https:\/\/www.accidentdutravail-idf.net\/blog\/yvelines-un-employe-municipal-fait-une-chute-mortelle-depuis-le-toit-du-centre-de-loisirs\/\" \/>\n<meta property=\"og:site_name\" content=\"ACCIDENTDUTRAVAIL-IDF\" \/>\n<meta property=\"article:published_time\" content=\"2024-09-10T06:28:00+00:00\" \/>\n<meta property=\"og:image\" content=\"https:\/\/www.accidentdutravail-idf.net\/blog\/wp-content\/uploads\/2024\/09\/yvelines-un-employe-municipal-fait-une-chute-mortelle-depuis-le-toit-du-centre-de-loisirs.gif\" \/>\n<meta name=\"author\" content=\"Carlos Poulain\" \/>\n<meta name=\"twitter:card\" content=\"summary_large_image\" \/>\n<meta name=\"twitter:label1\" content=\"\u00c9crit par\" \/>\n\t<meta name=\"twitter:data1\" content=\"Carlos Poulain\" \/>\n\t<meta name=\"twitter:label2\" content=\"Dur\u00e9e de lecture estim\u00e9e\" \/>\n\t<meta name=\"twitter:data2\" content=\"4 minutes\" \/>\n<script type=\"application\/ld+json\" class=\"yoast-schema-graph\">{\"@context\":\"https:\\\/\\\/schema.org\",\"@graph\":[{\"@type\":\"Article\",\"@id\":\"https:\\\/\\\/www.accidentdutravail-idf.net\\\/blog\\\/yvelines-un-employe-municipal-fait-une-chute-mortelle-depuis-le-toit-du-centre-de-loisirs\\\/#article\",\"isPartOf\":{\"@id\":\"https:\\\/\\\/www.accidentdutravail-idf.net\\\/blog\\\/yvelines-un-employe-municipal-fait-une-chute-mortelle-depuis-le-toit-du-centre-de-loisirs\\\/\"},\"author\":{\"name\":\"Carlos Poulain\",\"@id\":\"https:\\\/\\\/www.accidentdutravail-idf.net\\\/blog\\\/#\\\/schema\\\/person\\\/3255d2f970de45e64bd9201f38e7b947\"},\"headline\":\"Yvelines. Un employ\u00e9 municipal fait une chute mortelle depuis le toit du centre de loisirs\",\"datePublished\":\"2024-09-10T06:28:00+00:00\",\"mainEntityOfPage\":{\"@id\":\"https:\\\/\\\/www.accidentdutravail-idf.net\\\/blog\\\/yvelines-un-employe-municipal-fait-une-chute-mortelle-depuis-le-toit-du-centre-de-loisirs\\\/\"},\"wordCount\":871,\"publisher\":{\"@id\":\"https:\\\/\\\/www.accidentdutravail-idf.net\\\/blog\\\/#organization\"},\"image\":{\"@id\":\"https:\\\/\\\/www.accidentdutravail-idf.net\\\/blog\\\/yvelines-un-employe-municipal-fait-une-chute-mortelle-depuis-le-toit-du-centre-de-loisirs\\\/#primaryimage\"},\"thumbnailUrl\":\"https:\\\/\\\/www.accidentdutravail-idf.net\\\/blog\\\/wp-content\\\/uploads\\\/2024\\\/09\\\/yvelines-un-employe-municipal-fait-une-chute-mortelle-depuis-le-toit-du-centre-de-loisirs.gif\",\"articleSection\":[\"S\u00e9curit\u00e9 Du Travail En Ile-De-France Et Divers:\"],\"inLanguage\":\"fr-FR\"},{\"@type\":\"WebPage\",\"@id\":\"https:\\\/\\\/www.accidentdutravail-idf.net\\\/blog\\\/yvelines-un-employe-municipal-fait-une-chute-mortelle-depuis-le-toit-du-centre-de-loisirs\\\/\",\"url\":\"https:\\\/\\\/www.accidentdutravail-idf.net\\\/blog\\\/yvelines-un-employe-municipal-fait-une-chute-mortelle-depuis-le-toit-du-centre-de-loisirs\\\/\",\"name\":\"Yvelines. Un employ\u00e9 municipal fait une chute mortelle depuis le toit du centre de loisirs - ACCIDENTDUTRAVAIL-IDF\",\"isPartOf\":{\"@id\":\"https:\\\/\\\/www.accidentdutravail-idf.net\\\/blog\\\/#website\"},\"primaryImageOfPage\":{\"@id\":\"https:\\\/\\\/www.accidentdutravail-idf.net\\\/blog\\\/yvelines-un-employe-municipal-fait-une-chute-mortelle-depuis-le-toit-du-centre-de-loisirs\\\/#primaryimage\"},\"image\":{\"@id\":\"https:\\\/\\\/www.accidentdutravail-idf.net\\\/blog\\\/yvelines-un-employe-municipal-fait-une-chute-mortelle-depuis-le-toit-du-centre-de-loisirs\\\/#primaryimage\"},\"thumbnailUrl\":\"https:\\\/\\\/www.accidentdutravail-idf.net\\\/blog\\\/wp-content\\\/uploads\\\/2024\\\/09\\\/yvelines-un-employe-municipal-fait-une-chute-mortelle-depuis-le-toit-du-centre-de-loisirs.gif\",\"datePublished\":\"2024-09-10T06:28:00+00:00\",\"description\":\"Yvelines. Un employ\u00e9 municipal fait une chute mortelle depuis le toit du centre de loisirs article de ACCIDENTDUTRAVAIL-IDF\",\"breadcrumb\":{\"@id\":\"https:\\\/\\\/www.accidentdutravail-idf.net\\\/blog\\\/yvelines-un-employe-municipal-fait-une-chute-mortelle-depuis-le-toit-du-centre-de-loisirs\\\/#breadcrumb\"},\"inLanguage\":\"fr-FR\",\"potentialAction\":[{\"@type\":\"ReadAction\",\"target\":[\"https:\\\/\\\/www.accidentdutravail-idf.net\\\/blog\\\/yvelines-un-employe-municipal-fait-une-chute-mortelle-depuis-le-toit-du-centre-de-loisirs\\\/\"]}]},{\"@type\":\"ImageObject\",\"inLanguage\":\"fr-FR\",\"@id\":\"https:\\\/\\\/www.accidentdutravail-idf.net\\\/blog\\\/yvelines-un-employe-municipal-fait-une-chute-mortelle-depuis-le-toit-du-centre-de-loisirs\\\/#primaryimage\",\"url\":\"https:\\\/\\\/www.accidentdutravail-idf.net\\\/blog\\\/wp-content\\\/uploads\\\/2024\\\/09\\\/yvelines-un-employe-municipal-fait-une-chute-mortelle-depuis-le-toit-du-centre-de-loisirs.gif\",\"contentUrl\":\"https:\\\/\\\/www.accidentdutravail-idf.net\\\/blog\\\/wp-content\\\/uploads\\\/2024\\\/09\\\/yvelines-un-employe-municipal-fait-une-chute-mortelle-depuis-le-toit-du-centre-de-loisirs.gif\"},{\"@type\":\"BreadcrumbList\",\"@id\":\"https:\\\/\\\/www.accidentdutravail-idf.net\\\/blog\\\/yvelines-un-employe-municipal-fait-une-chute-mortelle-depuis-le-toit-du-centre-de-loisirs\\\/#breadcrumb\",\"itemListElement\":[{\"@type\":\"ListItem\",\"position\":1,\"name\":\"Accueil\",\"item\":\"https:\\\/\\\/www.accidentdutravail-idf.net\\\/blog\\\/\"},{\"@type\":\"ListItem\",\"position\":2,\"name\":\"Yvelines. Un employ\u00e9 municipal fait une chute mortelle depuis le toit du centre de loisirs\"}]},{\"@type\":\"WebSite\",\"@id\":\"https:\\\/\\\/www.accidentdutravail-idf.net\\\/blog\\\/#website\",\"url\":\"https:\\\/\\\/www.accidentdutravail-idf.net\\\/blog\\\/\",\"name\":\"ACCIDENTDUTRAVAIL-IDF\",\"description\":\"Portail accidents du travail-maladies professionnelles des entreprises d&#039;Ile-de-France\",\"publisher\":{\"@id\":\"https:\\\/\\\/www.accidentdutravail-idf.net\\\/blog\\\/#organization\"},\"potentialAction\":[{\"@type\":\"SearchAction\",\"target\":{\"@type\":\"EntryPoint\",\"urlTemplate\":\"https:\\\/\\\/www.accidentdutravail-idf.net\\\/blog\\\/?s={search_term_string}\"},\"query-input\":{\"@type\":\"PropertyValueSpecification\",\"valueRequired\":true,\"valueName\":\"search_term_string\"}}],\"inLanguage\":\"fr-FR\"},{\"@type\":\"Organization\",\"@id\":\"https:\\\/\\\/www.accidentdutravail-idf.net\\\/blog\\\/#organization\",\"name\":\"accidentdutravail-idf\",\"url\":\"https:\\\/\\\/www.accidentdutravail-idf.net\\\/blog\\\/\",\"logo\":{\"@type\":\"ImageObject\",\"inLanguage\":\"fr-FR\",\"@id\":\"https:\\\/\\\/www.accidentdutravail-idf.net\\\/blog\\\/#\\\/schema\\\/logo\\\/image\\\/\",\"url\":\"https:\\\/\\\/www.accidentdutravail-idf.net\\\/blog\\\/wp-content\\\/uploads\\\/2022\\\/09\\\/logo-2.png\",\"contentUrl\":\"https:\\\/\\\/www.accidentdutravail-idf.net\\\/blog\\\/wp-content\\\/uploads\\\/2022\\\/09\\\/logo-2.png\",\"width\":380,\"height\":291,\"caption\":\"accidentdutravail-idf\"},\"image\":{\"@id\":\"https:\\\/\\\/www.accidentdutravail-idf.net\\\/blog\\\/#\\\/schema\\\/logo\\\/image\\\/\"}},{\"@type\":\"Person\",\"@id\":\"https:\\\/\\\/www.accidentdutravail-idf.net\\\/blog\\\/#\\\/schema\\\/person\\\/3255d2f970de45e64bd9201f38e7b947\",\"name\":\"Carlos Poulain\",\"image\":{\"@type\":\"ImageObject\",\"inLanguage\":\"fr-FR\",\"@id\":\"https:\\\/\\\/secure.gravatar.com\\\/avatar\\\/b1c2f9d3588e34e91adb093635df64ef4b2381991216be7576466cfcdca4baf3?s=96&d=mm&r=g\",\"url\":\"https:\\\/\\\/secure.gravatar.com\\\/avatar\\\/b1c2f9d3588e34e91adb093635df64ef4b2381991216be7576466cfcdca4baf3?s=96&d=mm&r=g\",\"contentUrl\":\"https:\\\/\\\/secure.gravatar.com\\\/avatar\\\/b1c2f9d3588e34e91adb093635df64ef4b2381991216be7576466cfcdca4baf3?s=96&d=mm&r=g\",\"caption\":\"Carlos Poulain\"},\"url\":\"https:\\\/\\\/www.accidentdutravail-idf.net\\\/blog\\\/author\\\/idfcarlos\\\/\"}]}<\/script>\n<!-- \/ Yoast SEO plugin. -->","yoast_head_json":{"title":"Yvelines. Un employ\u00e9 municipal fait une chute mortelle depuis le toit du centre de loisirs - ACCIDENTDUTRAVAIL-IDF","description":"Yvelines. Un employ\u00e9 municipal fait une chute mortelle depuis le toit du centre de loisirs article de ACCIDENTDUTRAVAIL-IDF","robots":{"index":"index","follow":"follow","max-snippet":"max-snippet:-1","max-image-preview":"max-image-preview:large","max-video-preview":"max-video-preview:-1"},"canonical":"https:\/\/www.accidentdutravail-idf.net\/blog\/yvelines-un-employe-municipal-fait-une-chute-mortelle-depuis-le-toit-du-centre-de-loisirs\/","og_locale":"fr_FR","og_type":"article","og_title":"Yvelines. Un employ\u00e9 municipal fait une chute mortelle depuis le toit du centre de loisirs - ACCIDENTDUTRAVAIL-IDF","og_description":"Yvelines. Un employ\u00e9 municipal fait une chute mortelle depuis le toit du centre de loisirs article de ACCIDENTDUTRAVAIL-IDF","og_url":"https:\/\/www.accidentdutravail-idf.net\/blog\/yvelines-un-employe-municipal-fait-une-chute-mortelle-depuis-le-toit-du-centre-de-loisirs\/","og_site_name":"ACCIDENTDUTRAVAIL-IDF","article_published_time":"2024-09-10T06:28:00+00:00","og_image":[{"url":"https:\/\/www.accidentdutravail-idf.net\/blog\/wp-content\/uploads\/2024\/09\/yvelines-un-employe-municipal-fait-une-chute-mortelle-depuis-le-toit-du-centre-de-loisirs.gif","type":"","width":"","height":""}],"author":"Carlos Poulain","twitter_card":"summary_large_image","twitter_misc":{"\u00c9crit par":"Carlos Poulain","Dur\u00e9e de lecture estim\u00e9e":"4 minutes"},"schema":{"@context":"https:\/\/schema.org","@graph":[{"@type":"Article","@id":"https:\/\/www.accidentdutravail-idf.net\/blog\/yvelines-un-employe-municipal-fait-une-chute-mortelle-depuis-le-toit-du-centre-de-loisirs\/#article","isPartOf":{"@id":"https:\/\/www.accidentdutravail-idf.net\/blog\/yvelines-un-employe-municipal-fait-une-chute-mortelle-depuis-le-toit-du-centre-de-loisirs\/"},"author":{"name":"Carlos Poulain","@id":"https:\/\/www.accidentdutravail-idf.net\/blog\/#\/schema\/person\/3255d2f970de45e64bd9201f38e7b947"},"headline":"Yvelines. Un employ\u00e9 municipal fait une chute mortelle depuis le toit du centre de loisirs","datePublished":"2024-09-10T06:28:00+00:00","mainEntityOfPage":{"@id":"https:\/\/www.accidentdutravail-idf.net\/blog\/yvelines-un-employe-municipal-fait-une-chute-mortelle-depuis-le-toit-du-centre-de-loisirs\/"},"wordCount":871,"publisher":{"@id":"https:\/\/www.accidentdutravail-idf.net\/blog\/#organization"},"image":{"@id":"https:\/\/www.accidentdutravail-idf.net\/blog\/yvelines-un-employe-municipal-fait-une-chute-mortelle-depuis-le-toit-du-centre-de-loisirs\/#primaryimage"},"thumbnailUrl":"https:\/\/www.accidentdutravail-idf.net\/blog\/wp-content\/uploads\/2024\/09\/yvelines-un-employe-municipal-fait-une-chute-mortelle-depuis-le-toit-du-centre-de-loisirs.gif","articleSection":["S\u00e9curit\u00e9 Du Travail En Ile-De-France Et Divers:"],"inLanguage":"fr-FR"},{"@type":"WebPage","@id":"https:\/\/www.accidentdutravail-idf.net\/blog\/yvelines-un-employe-municipal-fait-une-chute-mortelle-depuis-le-toit-du-centre-de-loisirs\/","url":"https:\/\/www.accidentdutravail-idf.net\/blog\/yvelines-un-employe-municipal-fait-une-chute-mortelle-depuis-le-toit-du-centre-de-loisirs\/","name":"Yvelines. Un employ\u00e9 municipal fait une chute mortelle depuis le toit du centre de loisirs - ACCIDENTDUTRAVAIL-IDF","isPartOf":{"@id":"https:\/\/www.accidentdutravail-idf.net\/blog\/#website"},"primaryImageOfPage":{"@id":"https:\/\/www.accidentdutravail-idf.net\/blog\/yvelines-un-employe-municipal-fait-une-chute-mortelle-depuis-le-toit-du-centre-de-loisirs\/#primaryimage"},"image":{"@id":"https:\/\/www.accidentdutravail-idf.net\/blog\/yvelines-un-employe-municipal-fait-une-chute-mortelle-depuis-le-toit-du-centre-de-loisirs\/#primaryimage"},"thumbnailUrl":"https:\/\/www.accidentdutravail-idf.net\/blog\/wp-content\/uploads\/2024\/09\/yvelines-un-employe-municipal-fait-une-chute-mortelle-depuis-le-toit-du-centre-de-loisirs.gif","datePublished":"2024-09-10T06:28:00+00:00","description":"Yvelines. Un employ\u00e9 municipal fait une chute mortelle depuis le toit du centre de loisirs article de ACCIDENTDUTRAVAIL-IDF","breadcrumb":{"@id":"https:\/\/www.accidentdutravail-idf.net\/blog\/yvelines-un-employe-municipal-fait-une-chute-mortelle-depuis-le-toit-du-centre-de-loisirs\/#breadcrumb"},"inLanguage":"fr-FR","potentialAction":[{"@type":"ReadAction","target":["https:\/\/www.accidentdutravail-idf.net\/blog\/yvelines-un-employe-municipal-fait-une-chute-mortelle-depuis-le-toit-du-centre-de-loisirs\/"]}]},{"@type":"ImageObject","inLanguage":"fr-FR","@id":"https:\/\/www.accidentdutravail-idf.net\/blog\/yvelines-un-employe-municipal-fait-une-chute-mortelle-depuis-le-toit-du-centre-de-loisirs\/#primaryimage","url":"https:\/\/www.accidentdutravail-idf.net\/blog\/wp-content\/uploads\/2024\/09\/yvelines-un-employe-municipal-fait-une-chute-mortelle-depuis-le-toit-du-centre-de-loisirs.gif","contentUrl":"https:\/\/www.accidentdutravail-idf.net\/blog\/wp-content\/uploads\/2024\/09\/yvelines-un-employe-municipal-fait-une-chute-mortelle-depuis-le-toit-du-centre-de-loisirs.gif"},{"@type":"BreadcrumbList","@id":"https:\/\/www.accidentdutravail-idf.net\/blog\/yvelines-un-employe-municipal-fait-une-chute-mortelle-depuis-le-toit-du-centre-de-loisirs\/#breadcrumb","itemListElement":[{"@type":"ListItem","position":1,"name":"Accueil","item":"https:\/\/www.accidentdutravail-idf.net\/blog\/"},{"@type":"ListItem","position":2,"name":"Yvelines. Un employ\u00e9 municipal fait une chute mortelle depuis le toit du centre de loisirs"}]},{"@type":"WebSite","@id":"https:\/\/www.accidentdutravail-idf.net\/blog\/#website","url":"https:\/\/www.accidentdutravail-idf.net\/blog\/","name":"ACCIDENTDUTRAVAIL-IDF","description":"Portail accidents du travail-maladies professionnelles des entreprises d&#039;Ile-de-France","publisher":{"@id":"https:\/\/www.accidentdutravail-idf.net\/blog\/#organization"},"potentialAction":[{"@type":"SearchAction","target":{"@type":"EntryPoint","urlTemplate":"https:\/\/www.accidentdutravail-idf.net\/blog\/?s={search_term_string}"},"query-input":{"@type":"PropertyValueSpecification","valueRequired":true,"valueName":"search_term_string"}}],"inLanguage":"fr-FR"},{"@type":"Organization","@id":"https:\/\/www.accidentdutravail-idf.net\/blog\/#organization","name":"accidentdutravail-idf","url":"https:\/\/www.accidentdutravail-idf.net\/blog\/","logo":{"@type":"ImageObject","inLanguage":"fr-FR","@id":"https:\/\/www.accidentdutravail-idf.net\/blog\/#\/schema\/logo\/image\/","url":"https:\/\/www.accidentdutravail-idf.net\/blog\/wp-content\/uploads\/2022\/09\/logo-2.png","contentUrl":"https:\/\/www.accidentdutravail-idf.net\/blog\/wp-content\/uploads\/2022\/09\/logo-2.png","width":380,"height":291,"caption":"accidentdutravail-idf"},"image":{"@id":"https:\/\/www.accidentdutravail-idf.net\/blog\/#\/schema\/logo\/image\/"}},{"@type":"Person","@id":"https:\/\/www.accidentdutravail-idf.net\/blog\/#\/schema\/person\/3255d2f970de45e64bd9201f38e7b947","name":"Carlos Poulain","image":{"@type":"ImageObject","inLanguage":"fr-FR","@id":"https:\/\/secure.gravatar.com\/avatar\/b1c2f9d3588e34e91adb093635df64ef4b2381991216be7576466cfcdca4baf3?s=96&d=mm&r=g","url":"https:\/\/secure.gravatar.com\/avatar\/b1c2f9d3588e34e91adb093635df64ef4b2381991216be7576466cfcdca4baf3?s=96&d=mm&r=g","contentUrl":"https:\/\/secure.gravatar.com\/avatar\/b1c2f9d3588e34e91adb093635df64ef4b2381991216be7576466cfcdca4baf3?s=96&d=mm&r=g","caption":"Carlos Poulain"},"url":"https:\/\/www.accidentdutravail-idf.net\/blog\/author\/idfcarlos\/"}]}},"_links":{"self":[{"href":"https:\/\/www.accidentdutravail-idf.net\/blog\/wp-json\/wp\/v2\/posts\/778","targetHints":{"allow":["GET"]}}],"collection":[{"href":"https:\/\/www.accidentdutravail-idf.net\/blog\/wp-json\/wp\/v2\/posts"}],"about":[{"href":"https:\/\/www.accidentdutravail-idf.net\/blog\/wp-json\/wp\/v2\/types\/post"}],"author":[{"embeddable":true,"href":"https:\/\/www.accidentdutravail-idf.net\/blog\/wp-json\/wp\/v2\/users\/2"}],"replies":[{"embeddable":true,"href":"https:\/\/www.accidentdutravail-idf.net\/blog\/wp-json\/wp\/v2\/comments?post=778"}],"version-history":[{"count":0,"href":"https:\/\/www.accidentdutravail-idf.net\/blog\/wp-json\/wp\/v2\/posts\/778\/revisions"}],"wp:attachment":[{"href":"https:\/\/www.accidentdutravail-idf.net\/blog\/wp-json\/wp\/v2\/media?parent=778"}],"wp:term":[{"taxonomy":"category","embeddable":true,"href":"https:\/\/www.accidentdutravail-idf.net\/blog\/wp-json\/wp\/v2\/categories?post=778"},{"taxonomy":"post_tag","embeddable":true,"href":"https:\/\/www.accidentdutravail-idf.net\/blog\/wp-json\/wp\/v2\/tags?post=778"}],"curies":[{"name":"wp","href":"https:\/\/api.w.org\/{rel}","templated":true}]}}