{"id":770,"date":"2024-09-08T00:54:00","date_gmt":"2024-09-07T22:54:00","guid":{"rendered":"https:\/\/www.accidentdutravail-idf.net\/blog\/medecin-du-travail-h-f\/"},"modified":"2024-09-08T00:54:00","modified_gmt":"2024-09-07T22:54:00","slug":"medecin-du-travail-h-f","status":"publish","type":"post","link":"https:\/\/www.accidentdutravail-idf.net\/blog\/medecin-du-travail-h-f\/","title":{"rendered":"M\u00e9decin du Travail (h\/f)"},"content":{"rendered":"<div data-v-d77aba20>\n<p><h2 class=\"section-heading\" data-v-13616b5b data-v-78b86706> Descriptif du poste<br \/>\n<\/h2>\n<p> <span data-v-78b86706>Notre cabinet de recrutement recherche pour l&rsquo;un de nos clients un(e) M\u00e9decin du Travail pour rejoindre le service de sant\u00e9 au travail d&rsquo;un centre hospitalier de renom. Cet \u00e9tablissement, reconnu pour son excellence m\u00e9dicale et son engagement envers la qualit\u00e9 des soins, souhaite renforcer son \u00e9quipe de sant\u00e9 au travail afin de garantir le bien-\u00eatre de ses collaborateurs.<\/span> <\/p>\n<p><h2 class=\"section-heading\" data-v-13616b5b data-v-78b86706> Profil recherch\u00e9<br \/>\n<\/h2>\n<p> <span data-v-78b86706>Dipl\u00f4me en m\u00e9decine du travail<br \/>\nInscription \u00e0 l\u2019Ordre des M\u00e9decins<br \/>\nExp\u00e9rience pr\u00e9alable dans un service de sant\u00e9 au travail<br \/>\nComp\u00e9tences en gestion des risques professionnels et en am\u00e9lioration des conditions de travail<br \/>\nExcellentes comp\u00e9tences en communication et en organisation Type de contrat : CDI, Forfait jour<br \/>\nTemps de travail : Temps plein (\u00e0 partir de 60% possible)<br \/>\nRattachement hi\u00e9rarchique : Direction des Ressources Humaines du Groupement Hospitalier de Territoire (GHT)<br \/>\nLieu de travail : Centre hospitalier&nbsp; En tant que M\u00e9decin du Travail, dans le cadre d\u2019un travail pluridisciplinaire et en collaboration avec 2 m\u00e9decins du travail, 3 infirmi\u00e8res, 1 psychologue et 1 secr\u00e9taire, vous serez responsable de :- Suivi m\u00e9dical des agents hospitaliers : R\u00e9aliser les visites d\u2019embauche ou de reprise, \u00e9valuer les inaptitudes, les invalidit\u00e9s et les handicaps, ainsi que le suivi et la pr\u00e9vention des accidents du travail et des maladies professionnelles.<br \/>\n&#8211; Conseil, sensibilisation et pr\u00e9vention : Mener des missions de conseil, de sensibilisation et de pr\u00e9vention des risques professionnels aupr\u00e8s du personnel et de la direction.<br \/>\n&#8211; Adaptation des postes de travail : Suivre et adapter les postes de travail de l\u2019h\u00f4pital pour assurer un environnement s\u00fbr et sain.<br \/>\n&#8211; Participation au CHSCT : Participer activement au Comit\u00e9 d&rsquo;Hygi\u00e8ne, de S\u00e9curit\u00e9 et des Conditions de Travail (CHSCT) en tant que membre. Composition de l\u2019\u00e9quipe pluridisciplinaire :- 3 Infirmiers en sant\u00e9 au travail \u00e0 temps plein, avec un objectif d\u2019augmenter l\u2019effectif \u00e0 4 infirmiers. L&rsquo;\u00e9quipe b\u00e9n\u00e9ficie de protocoles de d\u00e9l\u00e9gation et de formations r\u00e9guli\u00e8res.<br \/>\n&#8211; 1 Psychologue du travail \u00e0 100%, avec un bureau accessible par une entr\u00e9e ind\u00e9pendante et une grande collaboration avec les m\u00e9decins du travail.<br \/>\n&#8211; 1 Ergonome rattach\u00e9 \u00e0 la DRH<br \/>\n&#8211; 1 IPRP en cours de recrutement Population \u00e0 suivre :<br \/>\n&#8211; Nombre de salari\u00e9s\/agents suivis : Environ 3000 personnes<br \/>\n&#8211; Type de population : Personnel m\u00e9dical, param\u00e9dical, maintenance du site, administratif et support Risques rencontr\u00e9s :- Risques psychosociaux (RPS)<br \/>\n&#8211; Troubles musculosquelettiques (TMS)<br \/>\n&#8211; Risques biologiques (Bio) Avantages salariaux&nbsp;: Accompagnement \u00e0 la prise de poste Accompagnement personnalis\u00e9 de vos projets d\u2019\u00e9volution professionnelle&nbsp; Places de stationnement gratuites Proximit\u00e9 imm\u00e9diate des transports \u2013 Bus, Tram (T7) et M\u00e9tro : ligne 7 et 15 Acc\u00e8s \u00e0 la cr\u00e8che de l&rsquo;h\u00f4pital (100 berceaux) Repas \u00e0 tarif pr\u00e9f\u00e9rentiel ou cuisine dans le service ( 4,7\u20ac\/repas , un self du personnel sur chaque site)<\/span> <\/p>\n<div class=\"section job--main--content--section\" data-v-78b86706 data-v-d77aba20>\n<h2 class=\"section-heading\" data-v-13616b5b data-v-78b86706> \u00c0 propos de LHH Recruitment Solutions<br \/>\n<\/h2>\n<p> <span data-v-78b86706>LHH Recruitment Solutions, cabinet de conseil en recrutement et \u00e9valuation d&rsquo;experts, cadres et dirigeants, vous accompagne tout au long de votre carri\u00e8re et s&rsquo;assure que vous soyez Ready For Next .A votre \u00e9coute, nos experts en recrutement vous guident pour aller de l&rsquo;avant et faire \u00e9voluer votre carri\u00e8re vers la prochaine \u00e9tape.<\/span> <\/p>\n<div class=\"job--main--content__about-company\" data-v-78b86706 data-v-d77aba20><a href=\"https:\/\/emploi.lefigaro.fr\/entreprises\/150260942368961979\" data-v-d77aba20 target=\"_blank\" rel=\"nofollow\"> D\u00e9couvrir LHH Recruitment Solutions <\/a><\/div>\n<\/p><\/div>\n<p> <!--&gt; --><\/div>\n<div data-v-d77aba20>\n<div class=\"apply-card job--main--apply--sticky\" data-v-a5a6f784 data-v-d77aba20>\n<p data-v-a5a6f784>D\u00e9posez votre candidature sur le site du recruteur<\/p>\n<p><button type=\"button\" class=\"btn btn-info\" data-v-079f082b> Postuler sur le site du recruteur <\/button><\/p>\n<\/div>\n<div class=\"alert-card job--main--alert--sticky\" data-v-3fff8064 data-v-d77aba20>\n<div class=\"alert-card-wrapper\" data-v-3fff8064>\n<h2 class=\"alert-card-wrapper--title\" data-v-3fff8064>Cr\u00e9ez une alerte emploi<\/h2>\n<div class=\"alert-card-wrapper--infos\" data-v-3fff8064>\n<p class=\"alert-card-wrapper--text\" data-v-3fff8064> Recevez les offres similaires \u00e0 cette annonce : <\/p>\n<p class=\"alert-card-wrapper--recap\" data-v-3fff8064><span class=\"alert-card-wrapper--imp\" data-v-3fff8064>M\u00e9decin du travail<\/span> &#8211; <span class=\"alert-card-wrapper--imp\" data-v-3fff8064>Val-de-Marne<\/span> en <span class=\"alert-card-wrapper--imp\" data-v-3fff8064>CDI<\/span><\/p>\n<p> <button type=\"button\" disabled=\"disabled\" class=\"v-btn v-btn--disabled v-btn--loading v-btn--outlined theme--light v-size--default\" data-v-3fff8064><span class=\"v-btn__content\"> Activer l\u2019alerte <\/span><span class=\"v-btn__loader\"><\/span><\/button><\/div>\n<\/div>\n<\/div>\n<p> <!--&gt;<\/div>\n\naccidentdutravail-idf.net vous a pr\u00e9par\u00e9 ce post qui informe du sujet \"Association Sportive Huisson-Longueville Essonne\". La chronique se veut g\u00e9n\u00e9r\u00e9e du mieux possible. Vous pouvez utiliser les coordonn\u00e9es indiqu\u00e9es sur le site dans le but d\u2019apporter des explications sur ce post qui parle du th\u00e8me \"Association Sportive Huisson-Longueville Essonne\". Le site accidentdutravail-idf.net a pour but de fournir diverses publications sur la th\u00e9matique Association Sportive Huisson-Longueville Essonne diffus\u00e9es sur le net. Il y aura plusieurs articles autour du sujet \"Association Sportive Huisson-Longueville Essonne\" dans quelques jours, nous vous invitons \u00e0 naviguer sur notre site web \u00e0 plusieurs reprises.--><\/p>\n","protected":false},"excerpt":{"rendered":"<p>Descriptif du poste Notre cabinet de recrutement recherche pour l&rsquo;un de nos clients un(e) M\u00e9decin du Travail pour rejoindre le service de sant\u00e9 au travail d&rsquo;un centre hospitalier de renom. Cet \u00e9tablissement, reconnu pour son excellence m\u00e9dicale et son engagement envers la qualit\u00e9 des soins, souhaite renforcer son \u00e9quipe de sant\u00e9 au travail afin de &hellip; <\/p>\n<p class=\"link-more\"><a href=\"https:\/\/www.accidentdutravail-idf.net\/blog\/medecin-du-travail-h-f\/\" class=\"more-link\">Continuer la lecture <span class=\"screen-reader-text\"> \u00ab\u00a0M\u00e9decin du Travail (h\/f)\u00a0\u00bb<\/span><\/a><\/p>\n","protected":false},"author":2,"featured_media":0,"comment_status":"closed","ping_status":"closed","sticky":false,"template":"","format":"standard","meta":{"footnotes":""},"categories":[5],"tags":[],"class_list":["post-770","post","type-post","status-publish","format-standard","hentry","category-securite-du-travail-en-ile-de-france-et-divers","entry"],"yoast_head":"<!-- This site is optimized with the Yoast SEO plugin v27.5 - https:\/\/yoast.com\/product\/yoast-seo-wordpress\/ -->\n<title>M\u00e9decin du Travail (h\/f) - ACCIDENTDUTRAVAIL-IDF<\/title>\n<meta name=\"description\" content=\"M\u00e9decin du Travail (h\/f) article de ACCIDENTDUTRAVAIL-IDF\" \/>\n<meta name=\"robots\" content=\"index, follow, max-snippet:-1, max-image-preview:large, max-video-preview:-1\" \/>\n<link rel=\"canonical\" href=\"https:\/\/www.accidentdutravail-idf.net\/blog\/medecin-du-travail-h-f\/\" \/>\n<meta property=\"og:locale\" content=\"fr_FR\" \/>\n<meta property=\"og:type\" content=\"article\" \/>\n<meta property=\"og:title\" content=\"M\u00e9decin du Travail (h\/f) - ACCIDENTDUTRAVAIL-IDF\" \/>\n<meta property=\"og:description\" content=\"M\u00e9decin du Travail (h\/f) article de ACCIDENTDUTRAVAIL-IDF\" \/>\n<meta property=\"og:url\" content=\"https:\/\/www.accidentdutravail-idf.net\/blog\/medecin-du-travail-h-f\/\" \/>\n<meta property=\"og:site_name\" content=\"ACCIDENTDUTRAVAIL-IDF\" \/>\n<meta property=\"article:published_time\" content=\"2024-09-07T22:54:00+00:00\" \/>\n<meta name=\"author\" content=\"Carlos Poulain\" \/>\n<meta name=\"twitter:card\" content=\"summary_large_image\" \/>\n<meta name=\"twitter:label1\" content=\"\u00c9crit par\" \/>\n\t<meta name=\"twitter:data1\" content=\"Carlos Poulain\" \/>\n\t<meta name=\"twitter:label2\" content=\"Dur\u00e9e de lecture estim\u00e9e\" \/>\n\t<meta name=\"twitter:data2\" content=\"3 minutes\" \/>\n<script type=\"application\/ld+json\" class=\"yoast-schema-graph\">{\"@context\":\"https:\\\/\\\/schema.org\",\"@graph\":[{\"@type\":\"Article\",\"@id\":\"https:\\\/\\\/www.accidentdutravail-idf.net\\\/blog\\\/medecin-du-travail-h-f\\\/#article\",\"isPartOf\":{\"@id\":\"https:\\\/\\\/www.accidentdutravail-idf.net\\\/blog\\\/medecin-du-travail-h-f\\\/\"},\"author\":{\"name\":\"Carlos Poulain\",\"@id\":\"https:\\\/\\\/www.accidentdutravail-idf.net\\\/blog\\\/#\\\/schema\\\/person\\\/3255d2f970de45e64bd9201f38e7b947\"},\"headline\":\"M\u00e9decin du Travail (h\\\/f)\",\"datePublished\":\"2024-09-07T22:54:00+00:00\",\"mainEntityOfPage\":{\"@id\":\"https:\\\/\\\/www.accidentdutravail-idf.net\\\/blog\\\/medecin-du-travail-h-f\\\/\"},\"wordCount\":578,\"publisher\":{\"@id\":\"https:\\\/\\\/www.accidentdutravail-idf.net\\\/blog\\\/#organization\"},\"articleSection\":[\"S\u00e9curit\u00e9 Du Travail En Ile-De-France Et Divers:\"],\"inLanguage\":\"fr-FR\"},{\"@type\":\"WebPage\",\"@id\":\"https:\\\/\\\/www.accidentdutravail-idf.net\\\/blog\\\/medecin-du-travail-h-f\\\/\",\"url\":\"https:\\\/\\\/www.accidentdutravail-idf.net\\\/blog\\\/medecin-du-travail-h-f\\\/\",\"name\":\"M\u00e9decin du Travail (h\\\/f) - ACCIDENTDUTRAVAIL-IDF\",\"isPartOf\":{\"@id\":\"https:\\\/\\\/www.accidentdutravail-idf.net\\\/blog\\\/#website\"},\"datePublished\":\"2024-09-07T22:54:00+00:00\",\"description\":\"M\u00e9decin du Travail (h\\\/f) article de ACCIDENTDUTRAVAIL-IDF\",\"breadcrumb\":{\"@id\":\"https:\\\/\\\/www.accidentdutravail-idf.net\\\/blog\\\/medecin-du-travail-h-f\\\/#breadcrumb\"},\"inLanguage\":\"fr-FR\",\"potentialAction\":[{\"@type\":\"ReadAction\",\"target\":[\"https:\\\/\\\/www.accidentdutravail-idf.net\\\/blog\\\/medecin-du-travail-h-f\\\/\"]}]},{\"@type\":\"BreadcrumbList\",\"@id\":\"https:\\\/\\\/www.accidentdutravail-idf.net\\\/blog\\\/medecin-du-travail-h-f\\\/#breadcrumb\",\"itemListElement\":[{\"@type\":\"ListItem\",\"position\":1,\"name\":\"Accueil\",\"item\":\"https:\\\/\\\/www.accidentdutravail-idf.net\\\/blog\\\/\"},{\"@type\":\"ListItem\",\"position\":2,\"name\":\"M\u00e9decin du Travail (h\\\/f)\"}]},{\"@type\":\"WebSite\",\"@id\":\"https:\\\/\\\/www.accidentdutravail-idf.net\\\/blog\\\/#website\",\"url\":\"https:\\\/\\\/www.accidentdutravail-idf.net\\\/blog\\\/\",\"name\":\"ACCIDENTDUTRAVAIL-IDF\",\"description\":\"Portail accidents du travail-maladies professionnelles des entreprises d&#039;Ile-de-France\",\"publisher\":{\"@id\":\"https:\\\/\\\/www.accidentdutravail-idf.net\\\/blog\\\/#organization\"},\"potentialAction\":[{\"@type\":\"SearchAction\",\"target\":{\"@type\":\"EntryPoint\",\"urlTemplate\":\"https:\\\/\\\/www.accidentdutravail-idf.net\\\/blog\\\/?s={search_term_string}\"},\"query-input\":{\"@type\":\"PropertyValueSpecification\",\"valueRequired\":true,\"valueName\":\"search_term_string\"}}],\"inLanguage\":\"fr-FR\"},{\"@type\":\"Organization\",\"@id\":\"https:\\\/\\\/www.accidentdutravail-idf.net\\\/blog\\\/#organization\",\"name\":\"accidentdutravail-idf\",\"url\":\"https:\\\/\\\/www.accidentdutravail-idf.net\\\/blog\\\/\",\"logo\":{\"@type\":\"ImageObject\",\"inLanguage\":\"fr-FR\",\"@id\":\"https:\\\/\\\/www.accidentdutravail-idf.net\\\/blog\\\/#\\\/schema\\\/logo\\\/image\\\/\",\"url\":\"https:\\\/\\\/www.accidentdutravail-idf.net\\\/blog\\\/wp-content\\\/uploads\\\/2022\\\/09\\\/logo-2.png\",\"contentUrl\":\"https:\\\/\\\/www.accidentdutravail-idf.net\\\/blog\\\/wp-content\\\/uploads\\\/2022\\\/09\\\/logo-2.png\",\"width\":380,\"height\":291,\"caption\":\"accidentdutravail-idf\"},\"image\":{\"@id\":\"https:\\\/\\\/www.accidentdutravail-idf.net\\\/blog\\\/#\\\/schema\\\/logo\\\/image\\\/\"}},{\"@type\":\"Person\",\"@id\":\"https:\\\/\\\/www.accidentdutravail-idf.net\\\/blog\\\/#\\\/schema\\\/person\\\/3255d2f970de45e64bd9201f38e7b947\",\"name\":\"Carlos Poulain\",\"image\":{\"@type\":\"ImageObject\",\"inLanguage\":\"fr-FR\",\"@id\":\"https:\\\/\\\/secure.gravatar.com\\\/avatar\\\/b1c2f9d3588e34e91adb093635df64ef4b2381991216be7576466cfcdca4baf3?s=96&d=mm&r=g\",\"url\":\"https:\\\/\\\/secure.gravatar.com\\\/avatar\\\/b1c2f9d3588e34e91adb093635df64ef4b2381991216be7576466cfcdca4baf3?s=96&d=mm&r=g\",\"contentUrl\":\"https:\\\/\\\/secure.gravatar.com\\\/avatar\\\/b1c2f9d3588e34e91adb093635df64ef4b2381991216be7576466cfcdca4baf3?s=96&d=mm&r=g\",\"caption\":\"Carlos Poulain\"},\"url\":\"https:\\\/\\\/www.accidentdutravail-idf.net\\\/blog\\\/author\\\/idfcarlos\\\/\"}]}<\/script>\n<!-- \/ Yoast SEO plugin. -->","yoast_head_json":{"title":"M\u00e9decin du Travail (h\/f) - ACCIDENTDUTRAVAIL-IDF","description":"M\u00e9decin du Travail (h\/f) article de ACCIDENTDUTRAVAIL-IDF","robots":{"index":"index","follow":"follow","max-snippet":"max-snippet:-1","max-image-preview":"max-image-preview:large","max-video-preview":"max-video-preview:-1"},"canonical":"https:\/\/www.accidentdutravail-idf.net\/blog\/medecin-du-travail-h-f\/","og_locale":"fr_FR","og_type":"article","og_title":"M\u00e9decin du Travail (h\/f) - ACCIDENTDUTRAVAIL-IDF","og_description":"M\u00e9decin du Travail (h\/f) article de ACCIDENTDUTRAVAIL-IDF","og_url":"https:\/\/www.accidentdutravail-idf.net\/blog\/medecin-du-travail-h-f\/","og_site_name":"ACCIDENTDUTRAVAIL-IDF","article_published_time":"2024-09-07T22:54:00+00:00","author":"Carlos Poulain","twitter_card":"summary_large_image","twitter_misc":{"\u00c9crit par":"Carlos Poulain","Dur\u00e9e de lecture estim\u00e9e":"3 minutes"},"schema":{"@context":"https:\/\/schema.org","@graph":[{"@type":"Article","@id":"https:\/\/www.accidentdutravail-idf.net\/blog\/medecin-du-travail-h-f\/#article","isPartOf":{"@id":"https:\/\/www.accidentdutravail-idf.net\/blog\/medecin-du-travail-h-f\/"},"author":{"name":"Carlos Poulain","@id":"https:\/\/www.accidentdutravail-idf.net\/blog\/#\/schema\/person\/3255d2f970de45e64bd9201f38e7b947"},"headline":"M\u00e9decin du Travail (h\/f)","datePublished":"2024-09-07T22:54:00+00:00","mainEntityOfPage":{"@id":"https:\/\/www.accidentdutravail-idf.net\/blog\/medecin-du-travail-h-f\/"},"wordCount":578,"publisher":{"@id":"https:\/\/www.accidentdutravail-idf.net\/blog\/#organization"},"articleSection":["S\u00e9curit\u00e9 Du Travail En Ile-De-France Et Divers:"],"inLanguage":"fr-FR"},{"@type":"WebPage","@id":"https:\/\/www.accidentdutravail-idf.net\/blog\/medecin-du-travail-h-f\/","url":"https:\/\/www.accidentdutravail-idf.net\/blog\/medecin-du-travail-h-f\/","name":"M\u00e9decin du Travail (h\/f) - ACCIDENTDUTRAVAIL-IDF","isPartOf":{"@id":"https:\/\/www.accidentdutravail-idf.net\/blog\/#website"},"datePublished":"2024-09-07T22:54:00+00:00","description":"M\u00e9decin du Travail (h\/f) article de ACCIDENTDUTRAVAIL-IDF","breadcrumb":{"@id":"https:\/\/www.accidentdutravail-idf.net\/blog\/medecin-du-travail-h-f\/#breadcrumb"},"inLanguage":"fr-FR","potentialAction":[{"@type":"ReadAction","target":["https:\/\/www.accidentdutravail-idf.net\/blog\/medecin-du-travail-h-f\/"]}]},{"@type":"BreadcrumbList","@id":"https:\/\/www.accidentdutravail-idf.net\/blog\/medecin-du-travail-h-f\/#breadcrumb","itemListElement":[{"@type":"ListItem","position":1,"name":"Accueil","item":"https:\/\/www.accidentdutravail-idf.net\/blog\/"},{"@type":"ListItem","position":2,"name":"M\u00e9decin du Travail (h\/f)"}]},{"@type":"WebSite","@id":"https:\/\/www.accidentdutravail-idf.net\/blog\/#website","url":"https:\/\/www.accidentdutravail-idf.net\/blog\/","name":"ACCIDENTDUTRAVAIL-IDF","description":"Portail accidents du travail-maladies professionnelles des entreprises d&#039;Ile-de-France","publisher":{"@id":"https:\/\/www.accidentdutravail-idf.net\/blog\/#organization"},"potentialAction":[{"@type":"SearchAction","target":{"@type":"EntryPoint","urlTemplate":"https:\/\/www.accidentdutravail-idf.net\/blog\/?s={search_term_string}"},"query-input":{"@type":"PropertyValueSpecification","valueRequired":true,"valueName":"search_term_string"}}],"inLanguage":"fr-FR"},{"@type":"Organization","@id":"https:\/\/www.accidentdutravail-idf.net\/blog\/#organization","name":"accidentdutravail-idf","url":"https:\/\/www.accidentdutravail-idf.net\/blog\/","logo":{"@type":"ImageObject","inLanguage":"fr-FR","@id":"https:\/\/www.accidentdutravail-idf.net\/blog\/#\/schema\/logo\/image\/","url":"https:\/\/www.accidentdutravail-idf.net\/blog\/wp-content\/uploads\/2022\/09\/logo-2.png","contentUrl":"https:\/\/www.accidentdutravail-idf.net\/blog\/wp-content\/uploads\/2022\/09\/logo-2.png","width":380,"height":291,"caption":"accidentdutravail-idf"},"image":{"@id":"https:\/\/www.accidentdutravail-idf.net\/blog\/#\/schema\/logo\/image\/"}},{"@type":"Person","@id":"https:\/\/www.accidentdutravail-idf.net\/blog\/#\/schema\/person\/3255d2f970de45e64bd9201f38e7b947","name":"Carlos Poulain","image":{"@type":"ImageObject","inLanguage":"fr-FR","@id":"https:\/\/secure.gravatar.com\/avatar\/b1c2f9d3588e34e91adb093635df64ef4b2381991216be7576466cfcdca4baf3?s=96&d=mm&r=g","url":"https:\/\/secure.gravatar.com\/avatar\/b1c2f9d3588e34e91adb093635df64ef4b2381991216be7576466cfcdca4baf3?s=96&d=mm&r=g","contentUrl":"https:\/\/secure.gravatar.com\/avatar\/b1c2f9d3588e34e91adb093635df64ef4b2381991216be7576466cfcdca4baf3?s=96&d=mm&r=g","caption":"Carlos Poulain"},"url":"https:\/\/www.accidentdutravail-idf.net\/blog\/author\/idfcarlos\/"}]}},"_links":{"self":[{"href":"https:\/\/www.accidentdutravail-idf.net\/blog\/wp-json\/wp\/v2\/posts\/770","targetHints":{"allow":["GET"]}}],"collection":[{"href":"https:\/\/www.accidentdutravail-idf.net\/blog\/wp-json\/wp\/v2\/posts"}],"about":[{"href":"https:\/\/www.accidentdutravail-idf.net\/blog\/wp-json\/wp\/v2\/types\/post"}],"author":[{"embeddable":true,"href":"https:\/\/www.accidentdutravail-idf.net\/blog\/wp-json\/wp\/v2\/users\/2"}],"replies":[{"embeddable":true,"href":"https:\/\/www.accidentdutravail-idf.net\/blog\/wp-json\/wp\/v2\/comments?post=770"}],"version-history":[{"count":0,"href":"https:\/\/www.accidentdutravail-idf.net\/blog\/wp-json\/wp\/v2\/posts\/770\/revisions"}],"wp:attachment":[{"href":"https:\/\/www.accidentdutravail-idf.net\/blog\/wp-json\/wp\/v2\/media?parent=770"}],"wp:term":[{"taxonomy":"category","embeddable":true,"href":"https:\/\/www.accidentdutravail-idf.net\/blog\/wp-json\/wp\/v2\/categories?post=770"},{"taxonomy":"post_tag","embeddable":true,"href":"https:\/\/www.accidentdutravail-idf.net\/blog\/wp-json\/wp\/v2\/tags?post=770"}],"curies":[{"name":"wp","href":"https:\/\/api.w.org\/{rel}","templated":true}]}}