{"id":769,"date":"2024-09-07T01:02:00","date_gmt":"2024-09-06T23:02:00","guid":{"rendered":"https:\/\/www.accidentdutravail-idf.net\/blog\/un-travailleur-a-perdu-la-main-suite-a-un-accident-du-travail-dans-la-region-de-turin\/"},"modified":"2024-09-07T01:02:00","modified_gmt":"2024-09-06T23:02:00","slug":"un-travailleur-a-perdu-la-main-suite-a-un-accident-du-travail-dans-la-region-de-turin","status":"publish","type":"post","link":"https:\/\/www.accidentdutravail-idf.net\/blog\/un-travailleur-a-perdu-la-main-suite-a-un-accident-du-travail-dans-la-region-de-turin\/","title":{"rendered":"Un travailleur a perdu la main suite \u00e0 un accident du travail dans la r\u00e9gion de Turin."},"content":{"rendered":"\n<p><!-- Google Tag Manager for WordPress by gtm4wp.com --> <!-- End Google Tag Manager for WordPress by gtm4wp.com --> <!-- This site is optimized with the Yoast SEO plugin v20.10 - https:\/\/yoast.com\/wordpress\/plugins\/seo\/ --> <title>Un travailleur a perdu la main suite \u00e0 un accident du travail dans la r\u00e9gion de Turin.<\/title>               <!-- \/ Yoast SEO plugin. --><br \/>\n   <!-- Google Tag Manager for WordPress by gtm4wp.com --><br \/>\n<!-- GTM Container placement set to off --> <!-- End Google Tag Manager for WordPress by gtm4wp.com -->   <!-- ADOUT gtag setup-head.all --><!-- Google Tag Manager --> <!-- End Google Tag Manager --><!-- ADEND --><br \/>\n<!-- ADOUT Client js --> <!-- ADEND --> <!-- ADOUT evo setup.all --><!-- ADEND --><!-- ADOUT seedtag setup.all --><!-- ADEND --> <!-- ADOUT comscoretag setup.all --><br \/>\n<!-- Begin comScore Tag --> <!-- End comScore Tag --><!-- ADEND --> <!-- ADOUT facebook pixel.all --><!-- Facebook Pixel Code --> <!-- End Facebook Pixel Code --><!-- ADEND --> <!-- ADOUT marfeel tracking.all --><br \/>\n<!-- ADEND --> <!-- ADOUT getresponse analytics.all --><!-- GetResponse Analytics --> <!-- End GetResponse Analytics --><!-- ADEND -->  <!-- ADOUT comscoretag setup-noscript.all --><!-- Begin comScore Tag NoScript --><br \/>\n <img decoding=\"async\" src=\"https:\/\/www.accidentdutravail-idf.net\/blog\/wp-content\/uploads\/2024\/09\/un-travailleur-a-perdu-la-main-suite-a-un-accident-du-travail-dans-la-region-de-turin.gif\" alt=\"Comscore pixel\"><\/p>\n<p><!-- End comScore Tag NoScript --><!-- ADEND --> <!-- ADOUT facebook pixel-noscript.all --><!-- Facebook Pixel Code NoScript --><\/p>\n<p><img decoding=\"async\" height=\"1\" width=\"1\" src=\"https:\/\/www.facebook.com\/tr?id=562525812357741&amp;ev=PageView&amp;noscript=1\" alt=\"Facebook pixel\"><\/p>\n<p><!-- End Facebook Pixel Code NoScript --><!-- ADEND --> <!-- ADOUT gtag setup-body.all --><!-- Google Tag Manager (noscript) --><\/p>\n<p><!-- End Google Tag Manager (noscript) --><!-- ADEND --><br \/>\n<!-- GTM Container placement set to off --><br \/>\n<!-- Google Tag Manager (noscript) --><br \/>\n<!-- End Google Tag Manager (noscript) --> <\/p>\n<div class=\"g1-body-inner\">\n<div id=\"page\">\n<div class=\"g1-row g1-row-layout-page g1-hb-row g1-hb-row-normal g1-hb-row-b g1-hb-row-2 g1-hb-boxed g1-hb-sticky-off g1-hb-shadow-off\">\n<div class=\"g1-row-inner\">\n<div class=\"g1-column g1-dropable\">\n<div class=\"g1-bin-1 g1-bin-grow-off\">\n<div class=\"g1-bin g1-bin-align-left\">\n<div class=\"g1-id g1-id-desktop\">\n<div class=\"g1-mega g1-mega-1st site-title\"> <a class=\"g1-logo-wrapper\" href=\"https:\/\/www.notizie.it\/fr\/\" rel=\"home nofollow\" target=\"_blank\">   <img decoding=\"async\" src=\"https:\/\/www.accidentdutravail-idf.net\/blog\/wp-content\/uploads\/2024\/09\/un-travailleur-a-perdu-la-main-suite-a-un-accident-du-travail-dans-la-region-de-turin.webp\" width=\"347\" height=\"74\" alt=\"News.it\">  <\/a> <\/p>\n<p> <strong id=\"datePlace\">&nbsp;<\/strong>, mis \u00e0 jour \u00e0 <span id=\"hourPlace\">&nbsp;<\/span> <\/p>\n<\/p><\/div>\n<\/p><\/div>\n<\/p><\/div>\n<\/p><\/div>\n<\/p><\/div>\n<\/p><\/div>\n<\/p><\/div>\n<div class=\"g1-row g1-row-layout-page g1-hb-row g1-hb-row-mobile g1-hb-row-b g1-hb-row-2 g1-hb-boxed g1-hb-sticky-off g1-hb-shadow-off\">\n<div class=\"g1-row-inner\">\n<div class=\"g1-column g1-dropable\">\n<div class=\"g1-bin-2 g1-bin-grow-on\">\n<div class=\"g1-bin g1-bin-align-center\">\n<div class=\"g1-id g1-id-mobile\">\n<p class=\"g1-mega g1-mega-1st site-title\"> <a class=\"g1-logo-wrapper\" href=\"https:\/\/www.notizie.it\/fr\/\" rel=\"home nofollow\" target=\"_blank\">  <img decoding=\"async\" src=\"https:\/\/www.accidentdutravail-idf.net\/blog\/wp-content\/uploads\/2024\/09\/un-travailleur-a-perdu-la-main-suite-a-un-accident-du-travail-dans-la-region-de-turin.webp\" width=\"347\" height=\"74\" alt=\"News.it\"> <\/a> <\/p>\n<\/p><\/div>\n<\/p><\/div>\n<\/p><\/div>\n<\/p><\/div>\n<\/p><\/div>\n<\/p><\/div>\n<p> <!-- ADOUT evo masthead.all --><!-- ADEND --> <!-- .g1-prefooter --><br \/>\n<!-- .g1-row --> <a href=\"https:\/\/www.notizie.it\/fr\/un-travailleur-a-perdu-la-main-suite-%C3%A0-un-accident-du-travail-dans-la-r%C3%A9gion-de-Turin\/#page\" class=\"g1-back-to-top\" target=\"_blank\" rel=\"nofollow\">Retour au sommet<\/a> <\/div>\n<p><!-- #page --> <\/div>\n<p><!-- .g1-body-inner --> <!-- AD_IS_DESKTOP --> &lt;!&#8212;-&gt; <!-- ADOUT zeta pixel.all --><!-- Code for Action: NEWS --><br \/>\n<!-- Code for Pixel: NEWS --><br \/>\n<!-- Begin DSP Conversion Action Tracking Code Version 9 --><br \/>\n<!-- End DSP Conversion Action Tracking Code Version 9 --><!-- ADEND --> <!-- ADOUT evo onesignal.all --><!-- ADEND --> <!-- ADOUT audioboost setup.all --><!-- ADEND --> <!-- ADOUT ads-loader setup.all --><!-- ADEND --> <!--\nPerformance optimized by Redis Object Cache. Learn more: https:\/\/wprediscache.com Retrieved 8313 objects (1 MB) from Redis using PhpRedis (v5.3.4).\n-->accidentdutravail-idf.net vous a pr\u00e9par\u00e9 ce post qui informe du sujet \u00ab\u00a0Association Sportive Huisson-Longueville Essonne\u00a0\u00bb. La chronique se veut g\u00e9n\u00e9r\u00e9e du mieux possible. Vous pouvez utiliser les coordonn\u00e9es indiqu\u00e9es sur le site dans le but d\u2019apporter des explications sur ce post qui parle du th\u00e8me \u00ab\u00a0Association Sportive Huisson-Longueville Essonne\u00a0\u00bb. Le site accidentdutravail-idf.net a pour but de fournir diverses publications sur la th\u00e9matique Association Sportive Huisson-Longueville Essonne diffus\u00e9es sur le net. Il y aura plusieurs articles autour du sujet \u00ab\u00a0Association Sportive Huisson-Longueville Essonne\u00a0\u00bb dans quelques jours, nous vous invitons \u00e0 naviguer sur notre site web \u00e0 plusieurs reprises.<\/p>\n","protected":false},"excerpt":{"rendered":"<p>Un travailleur a perdu la main suite \u00e0 un accident du travail dans la r\u00e9gion de Turin. &nbsp;, mis \u00e0 jour \u00e0 &nbsp; Retour au sommet &lt;!&#8212;-&gt; accidentdutravail-idf.net vous a pr\u00e9par\u00e9 ce post qui informe du sujet \u00ab\u00a0Association Sportive Huisson-Longueville Essonne\u00a0\u00bb. La chronique se veut g\u00e9n\u00e9r\u00e9e du mieux possible. Vous pouvez utiliser les coordonn\u00e9es indiqu\u00e9es &hellip; <\/p>\n<p class=\"link-more\"><a href=\"https:\/\/www.accidentdutravail-idf.net\/blog\/un-travailleur-a-perdu-la-main-suite-a-un-accident-du-travail-dans-la-region-de-turin\/\" class=\"more-link\">Continuer la lecture <span class=\"screen-reader-text\"> \u00ab\u00a0Un travailleur a perdu la main suite \u00e0 un accident du travail dans la r\u00e9gion de Turin.\u00a0\u00bb<\/span><\/a><\/p>\n","protected":false},"author":2,"featured_media":0,"comment_status":"closed","ping_status":"closed","sticky":false,"template":"","format":"standard","meta":{"footnotes":""},"categories":[5],"tags":[],"class_list":["post-769","post","type-post","status-publish","format-standard","hentry","category-securite-du-travail-en-ile-de-france-et-divers","entry"],"yoast_head":"<!-- This site is optimized with the Yoast SEO plugin v27.5 - https:\/\/yoast.com\/product\/yoast-seo-wordpress\/ -->\n<title>Un travailleur a perdu la main suite \u00e0 un accident du travail dans la r\u00e9gion de Turin. - ACCIDENTDUTRAVAIL-IDF<\/title>\n<meta name=\"description\" content=\"Un travailleur a perdu la main suite \u00e0 un accident du travail dans la r\u00e9gion de Turin. article de ACCIDENTDUTRAVAIL-IDF\" \/>\n<meta name=\"robots\" content=\"index, follow, max-snippet:-1, max-image-preview:large, max-video-preview:-1\" \/>\n<link rel=\"canonical\" href=\"https:\/\/www.accidentdutravail-idf.net\/blog\/un-travailleur-a-perdu-la-main-suite-a-un-accident-du-travail-dans-la-region-de-turin\/\" \/>\n<meta property=\"og:locale\" content=\"fr_FR\" \/>\n<meta property=\"og:type\" content=\"article\" \/>\n<meta property=\"og:title\" content=\"Un travailleur a perdu la main suite \u00e0 un accident du travail dans la r\u00e9gion de Turin. - ACCIDENTDUTRAVAIL-IDF\" \/>\n<meta property=\"og:description\" content=\"Un travailleur a perdu la main suite \u00e0 un accident du travail dans la r\u00e9gion de Turin. article de ACCIDENTDUTRAVAIL-IDF\" \/>\n<meta property=\"og:url\" content=\"https:\/\/www.accidentdutravail-idf.net\/blog\/un-travailleur-a-perdu-la-main-suite-a-un-accident-du-travail-dans-la-region-de-turin\/\" \/>\n<meta property=\"og:site_name\" content=\"ACCIDENTDUTRAVAIL-IDF\" \/>\n<meta property=\"article:published_time\" content=\"2024-09-06T23:02:00+00:00\" \/>\n<meta property=\"og:image\" content=\"https:\/\/www.accidentdutravail-idf.net\/blog\/wp-content\/uploads\/2024\/09\/un-travailleur-a-perdu-la-main-suite-a-un-accident-du-travail-dans-la-region-de-turin.gif\" \/>\n<meta name=\"author\" content=\"Carlos Poulain\" \/>\n<meta name=\"twitter:card\" content=\"summary_large_image\" \/>\n<meta name=\"twitter:label1\" content=\"\u00c9crit par\" \/>\n\t<meta name=\"twitter:data1\" content=\"Carlos Poulain\" \/>\n\t<meta name=\"twitter:label2\" content=\"Dur\u00e9e de lecture estim\u00e9e\" \/>\n\t<meta name=\"twitter:data2\" content=\"1 minute\" \/>\n<script type=\"application\/ld+json\" class=\"yoast-schema-graph\">{\"@context\":\"https:\\\/\\\/schema.org\",\"@graph\":[{\"@type\":\"Article\",\"@id\":\"https:\\\/\\\/www.accidentdutravail-idf.net\\\/blog\\\/un-travailleur-a-perdu-la-main-suite-a-un-accident-du-travail-dans-la-region-de-turin\\\/#article\",\"isPartOf\":{\"@id\":\"https:\\\/\\\/www.accidentdutravail-idf.net\\\/blog\\\/un-travailleur-a-perdu-la-main-suite-a-un-accident-du-travail-dans-la-region-de-turin\\\/\"},\"author\":{\"name\":\"Carlos Poulain\",\"@id\":\"https:\\\/\\\/www.accidentdutravail-idf.net\\\/blog\\\/#\\\/schema\\\/person\\\/3255d2f970de45e64bd9201f38e7b947\"},\"headline\":\"Un travailleur a perdu la main suite \u00e0 un accident du travail dans la r\u00e9gion de Turin.\",\"datePublished\":\"2024-09-06T23:02:00+00:00\",\"mainEntityOfPage\":{\"@id\":\"https:\\\/\\\/www.accidentdutravail-idf.net\\\/blog\\\/un-travailleur-a-perdu-la-main-suite-a-un-accident-du-travail-dans-la-region-de-turin\\\/\"},\"wordCount\":150,\"publisher\":{\"@id\":\"https:\\\/\\\/www.accidentdutravail-idf.net\\\/blog\\\/#organization\"},\"image\":{\"@id\":\"https:\\\/\\\/www.accidentdutravail-idf.net\\\/blog\\\/un-travailleur-a-perdu-la-main-suite-a-un-accident-du-travail-dans-la-region-de-turin\\\/#primaryimage\"},\"thumbnailUrl\":\"https:\\\/\\\/www.accidentdutravail-idf.net\\\/blog\\\/wp-content\\\/uploads\\\/2024\\\/09\\\/un-travailleur-a-perdu-la-main-suite-a-un-accident-du-travail-dans-la-region-de-turin.gif\",\"articleSection\":[\"S\u00e9curit\u00e9 Du Travail En Ile-De-France Et Divers:\"],\"inLanguage\":\"fr-FR\"},{\"@type\":\"WebPage\",\"@id\":\"https:\\\/\\\/www.accidentdutravail-idf.net\\\/blog\\\/un-travailleur-a-perdu-la-main-suite-a-un-accident-du-travail-dans-la-region-de-turin\\\/\",\"url\":\"https:\\\/\\\/www.accidentdutravail-idf.net\\\/blog\\\/un-travailleur-a-perdu-la-main-suite-a-un-accident-du-travail-dans-la-region-de-turin\\\/\",\"name\":\"Un travailleur a perdu la main suite \u00e0 un accident du travail dans la r\u00e9gion de Turin. - ACCIDENTDUTRAVAIL-IDF\",\"isPartOf\":{\"@id\":\"https:\\\/\\\/www.accidentdutravail-idf.net\\\/blog\\\/#website\"},\"primaryImageOfPage\":{\"@id\":\"https:\\\/\\\/www.accidentdutravail-idf.net\\\/blog\\\/un-travailleur-a-perdu-la-main-suite-a-un-accident-du-travail-dans-la-region-de-turin\\\/#primaryimage\"},\"image\":{\"@id\":\"https:\\\/\\\/www.accidentdutravail-idf.net\\\/blog\\\/un-travailleur-a-perdu-la-main-suite-a-un-accident-du-travail-dans-la-region-de-turin\\\/#primaryimage\"},\"thumbnailUrl\":\"https:\\\/\\\/www.accidentdutravail-idf.net\\\/blog\\\/wp-content\\\/uploads\\\/2024\\\/09\\\/un-travailleur-a-perdu-la-main-suite-a-un-accident-du-travail-dans-la-region-de-turin.gif\",\"datePublished\":\"2024-09-06T23:02:00+00:00\",\"description\":\"Un travailleur a perdu la main suite \u00e0 un accident du travail dans la r\u00e9gion de Turin. article de ACCIDENTDUTRAVAIL-IDF\",\"breadcrumb\":{\"@id\":\"https:\\\/\\\/www.accidentdutravail-idf.net\\\/blog\\\/un-travailleur-a-perdu-la-main-suite-a-un-accident-du-travail-dans-la-region-de-turin\\\/#breadcrumb\"},\"inLanguage\":\"fr-FR\",\"potentialAction\":[{\"@type\":\"ReadAction\",\"target\":[\"https:\\\/\\\/www.accidentdutravail-idf.net\\\/blog\\\/un-travailleur-a-perdu-la-main-suite-a-un-accident-du-travail-dans-la-region-de-turin\\\/\"]}]},{\"@type\":\"ImageObject\",\"inLanguage\":\"fr-FR\",\"@id\":\"https:\\\/\\\/www.accidentdutravail-idf.net\\\/blog\\\/un-travailleur-a-perdu-la-main-suite-a-un-accident-du-travail-dans-la-region-de-turin\\\/#primaryimage\",\"url\":\"https:\\\/\\\/www.accidentdutravail-idf.net\\\/blog\\\/wp-content\\\/uploads\\\/2024\\\/09\\\/un-travailleur-a-perdu-la-main-suite-a-un-accident-du-travail-dans-la-region-de-turin.gif\",\"contentUrl\":\"https:\\\/\\\/www.accidentdutravail-idf.net\\\/blog\\\/wp-content\\\/uploads\\\/2024\\\/09\\\/un-travailleur-a-perdu-la-main-suite-a-un-accident-du-travail-dans-la-region-de-turin.gif\"},{\"@type\":\"BreadcrumbList\",\"@id\":\"https:\\\/\\\/www.accidentdutravail-idf.net\\\/blog\\\/un-travailleur-a-perdu-la-main-suite-a-un-accident-du-travail-dans-la-region-de-turin\\\/#breadcrumb\",\"itemListElement\":[{\"@type\":\"ListItem\",\"position\":1,\"name\":\"Accueil\",\"item\":\"https:\\\/\\\/www.accidentdutravail-idf.net\\\/blog\\\/\"},{\"@type\":\"ListItem\",\"position\":2,\"name\":\"Un travailleur a perdu la main suite \u00e0 un accident du travail dans la r\u00e9gion de Turin.\"}]},{\"@type\":\"WebSite\",\"@id\":\"https:\\\/\\\/www.accidentdutravail-idf.net\\\/blog\\\/#website\",\"url\":\"https:\\\/\\\/www.accidentdutravail-idf.net\\\/blog\\\/\",\"name\":\"ACCIDENTDUTRAVAIL-IDF\",\"description\":\"Portail accidents du travail-maladies professionnelles des entreprises d&#039;Ile-de-France\",\"publisher\":{\"@id\":\"https:\\\/\\\/www.accidentdutravail-idf.net\\\/blog\\\/#organization\"},\"potentialAction\":[{\"@type\":\"SearchAction\",\"target\":{\"@type\":\"EntryPoint\",\"urlTemplate\":\"https:\\\/\\\/www.accidentdutravail-idf.net\\\/blog\\\/?s={search_term_string}\"},\"query-input\":{\"@type\":\"PropertyValueSpecification\",\"valueRequired\":true,\"valueName\":\"search_term_string\"}}],\"inLanguage\":\"fr-FR\"},{\"@type\":\"Organization\",\"@id\":\"https:\\\/\\\/www.accidentdutravail-idf.net\\\/blog\\\/#organization\",\"name\":\"accidentdutravail-idf\",\"url\":\"https:\\\/\\\/www.accidentdutravail-idf.net\\\/blog\\\/\",\"logo\":{\"@type\":\"ImageObject\",\"inLanguage\":\"fr-FR\",\"@id\":\"https:\\\/\\\/www.accidentdutravail-idf.net\\\/blog\\\/#\\\/schema\\\/logo\\\/image\\\/\",\"url\":\"https:\\\/\\\/www.accidentdutravail-idf.net\\\/blog\\\/wp-content\\\/uploads\\\/2022\\\/09\\\/logo-2.png\",\"contentUrl\":\"https:\\\/\\\/www.accidentdutravail-idf.net\\\/blog\\\/wp-content\\\/uploads\\\/2022\\\/09\\\/logo-2.png\",\"width\":380,\"height\":291,\"caption\":\"accidentdutravail-idf\"},\"image\":{\"@id\":\"https:\\\/\\\/www.accidentdutravail-idf.net\\\/blog\\\/#\\\/schema\\\/logo\\\/image\\\/\"}},{\"@type\":\"Person\",\"@id\":\"https:\\\/\\\/www.accidentdutravail-idf.net\\\/blog\\\/#\\\/schema\\\/person\\\/3255d2f970de45e64bd9201f38e7b947\",\"name\":\"Carlos Poulain\",\"image\":{\"@type\":\"ImageObject\",\"inLanguage\":\"fr-FR\",\"@id\":\"https:\\\/\\\/secure.gravatar.com\\\/avatar\\\/b1c2f9d3588e34e91adb093635df64ef4b2381991216be7576466cfcdca4baf3?s=96&d=mm&r=g\",\"url\":\"https:\\\/\\\/secure.gravatar.com\\\/avatar\\\/b1c2f9d3588e34e91adb093635df64ef4b2381991216be7576466cfcdca4baf3?s=96&d=mm&r=g\",\"contentUrl\":\"https:\\\/\\\/secure.gravatar.com\\\/avatar\\\/b1c2f9d3588e34e91adb093635df64ef4b2381991216be7576466cfcdca4baf3?s=96&d=mm&r=g\",\"caption\":\"Carlos Poulain\"},\"url\":\"https:\\\/\\\/www.accidentdutravail-idf.net\\\/blog\\\/author\\\/idfcarlos\\\/\"}]}<\/script>\n<!-- \/ Yoast SEO plugin. -->","yoast_head_json":{"title":"Un travailleur a perdu la main suite \u00e0 un accident du travail dans la r\u00e9gion de Turin. - ACCIDENTDUTRAVAIL-IDF","description":"Un travailleur a perdu la main suite \u00e0 un accident du travail dans la r\u00e9gion de Turin. article de ACCIDENTDUTRAVAIL-IDF","robots":{"index":"index","follow":"follow","max-snippet":"max-snippet:-1","max-image-preview":"max-image-preview:large","max-video-preview":"max-video-preview:-1"},"canonical":"https:\/\/www.accidentdutravail-idf.net\/blog\/un-travailleur-a-perdu-la-main-suite-a-un-accident-du-travail-dans-la-region-de-turin\/","og_locale":"fr_FR","og_type":"article","og_title":"Un travailleur a perdu la main suite \u00e0 un accident du travail dans la r\u00e9gion de Turin. - ACCIDENTDUTRAVAIL-IDF","og_description":"Un travailleur a perdu la main suite \u00e0 un accident du travail dans la r\u00e9gion de Turin. article de ACCIDENTDUTRAVAIL-IDF","og_url":"https:\/\/www.accidentdutravail-idf.net\/blog\/un-travailleur-a-perdu-la-main-suite-a-un-accident-du-travail-dans-la-region-de-turin\/","og_site_name":"ACCIDENTDUTRAVAIL-IDF","article_published_time":"2024-09-06T23:02:00+00:00","og_image":[{"url":"https:\/\/www.accidentdutravail-idf.net\/blog\/wp-content\/uploads\/2024\/09\/un-travailleur-a-perdu-la-main-suite-a-un-accident-du-travail-dans-la-region-de-turin.gif","type":"","width":"","height":""}],"author":"Carlos Poulain","twitter_card":"summary_large_image","twitter_misc":{"\u00c9crit par":"Carlos Poulain","Dur\u00e9e de lecture estim\u00e9e":"1 minute"},"schema":{"@context":"https:\/\/schema.org","@graph":[{"@type":"Article","@id":"https:\/\/www.accidentdutravail-idf.net\/blog\/un-travailleur-a-perdu-la-main-suite-a-un-accident-du-travail-dans-la-region-de-turin\/#article","isPartOf":{"@id":"https:\/\/www.accidentdutravail-idf.net\/blog\/un-travailleur-a-perdu-la-main-suite-a-un-accident-du-travail-dans-la-region-de-turin\/"},"author":{"name":"Carlos Poulain","@id":"https:\/\/www.accidentdutravail-idf.net\/blog\/#\/schema\/person\/3255d2f970de45e64bd9201f38e7b947"},"headline":"Un travailleur a perdu la main suite \u00e0 un accident du travail dans la r\u00e9gion de Turin.","datePublished":"2024-09-06T23:02:00+00:00","mainEntityOfPage":{"@id":"https:\/\/www.accidentdutravail-idf.net\/blog\/un-travailleur-a-perdu-la-main-suite-a-un-accident-du-travail-dans-la-region-de-turin\/"},"wordCount":150,"publisher":{"@id":"https:\/\/www.accidentdutravail-idf.net\/blog\/#organization"},"image":{"@id":"https:\/\/www.accidentdutravail-idf.net\/blog\/un-travailleur-a-perdu-la-main-suite-a-un-accident-du-travail-dans-la-region-de-turin\/#primaryimage"},"thumbnailUrl":"https:\/\/www.accidentdutravail-idf.net\/blog\/wp-content\/uploads\/2024\/09\/un-travailleur-a-perdu-la-main-suite-a-un-accident-du-travail-dans-la-region-de-turin.gif","articleSection":["S\u00e9curit\u00e9 Du Travail En Ile-De-France Et Divers:"],"inLanguage":"fr-FR"},{"@type":"WebPage","@id":"https:\/\/www.accidentdutravail-idf.net\/blog\/un-travailleur-a-perdu-la-main-suite-a-un-accident-du-travail-dans-la-region-de-turin\/","url":"https:\/\/www.accidentdutravail-idf.net\/blog\/un-travailleur-a-perdu-la-main-suite-a-un-accident-du-travail-dans-la-region-de-turin\/","name":"Un travailleur a perdu la main suite \u00e0 un accident du travail dans la r\u00e9gion de Turin. - ACCIDENTDUTRAVAIL-IDF","isPartOf":{"@id":"https:\/\/www.accidentdutravail-idf.net\/blog\/#website"},"primaryImageOfPage":{"@id":"https:\/\/www.accidentdutravail-idf.net\/blog\/un-travailleur-a-perdu-la-main-suite-a-un-accident-du-travail-dans-la-region-de-turin\/#primaryimage"},"image":{"@id":"https:\/\/www.accidentdutravail-idf.net\/blog\/un-travailleur-a-perdu-la-main-suite-a-un-accident-du-travail-dans-la-region-de-turin\/#primaryimage"},"thumbnailUrl":"https:\/\/www.accidentdutravail-idf.net\/blog\/wp-content\/uploads\/2024\/09\/un-travailleur-a-perdu-la-main-suite-a-un-accident-du-travail-dans-la-region-de-turin.gif","datePublished":"2024-09-06T23:02:00+00:00","description":"Un travailleur a perdu la main suite \u00e0 un accident du travail dans la r\u00e9gion de Turin. article de ACCIDENTDUTRAVAIL-IDF","breadcrumb":{"@id":"https:\/\/www.accidentdutravail-idf.net\/blog\/un-travailleur-a-perdu-la-main-suite-a-un-accident-du-travail-dans-la-region-de-turin\/#breadcrumb"},"inLanguage":"fr-FR","potentialAction":[{"@type":"ReadAction","target":["https:\/\/www.accidentdutravail-idf.net\/blog\/un-travailleur-a-perdu-la-main-suite-a-un-accident-du-travail-dans-la-region-de-turin\/"]}]},{"@type":"ImageObject","inLanguage":"fr-FR","@id":"https:\/\/www.accidentdutravail-idf.net\/blog\/un-travailleur-a-perdu-la-main-suite-a-un-accident-du-travail-dans-la-region-de-turin\/#primaryimage","url":"https:\/\/www.accidentdutravail-idf.net\/blog\/wp-content\/uploads\/2024\/09\/un-travailleur-a-perdu-la-main-suite-a-un-accident-du-travail-dans-la-region-de-turin.gif","contentUrl":"https:\/\/www.accidentdutravail-idf.net\/blog\/wp-content\/uploads\/2024\/09\/un-travailleur-a-perdu-la-main-suite-a-un-accident-du-travail-dans-la-region-de-turin.gif"},{"@type":"BreadcrumbList","@id":"https:\/\/www.accidentdutravail-idf.net\/blog\/un-travailleur-a-perdu-la-main-suite-a-un-accident-du-travail-dans-la-region-de-turin\/#breadcrumb","itemListElement":[{"@type":"ListItem","position":1,"name":"Accueil","item":"https:\/\/www.accidentdutravail-idf.net\/blog\/"},{"@type":"ListItem","position":2,"name":"Un travailleur a perdu la main suite \u00e0 un accident du travail dans la r\u00e9gion de Turin."}]},{"@type":"WebSite","@id":"https:\/\/www.accidentdutravail-idf.net\/blog\/#website","url":"https:\/\/www.accidentdutravail-idf.net\/blog\/","name":"ACCIDENTDUTRAVAIL-IDF","description":"Portail accidents du travail-maladies professionnelles des entreprises d&#039;Ile-de-France","publisher":{"@id":"https:\/\/www.accidentdutravail-idf.net\/blog\/#organization"},"potentialAction":[{"@type":"SearchAction","target":{"@type":"EntryPoint","urlTemplate":"https:\/\/www.accidentdutravail-idf.net\/blog\/?s={search_term_string}"},"query-input":{"@type":"PropertyValueSpecification","valueRequired":true,"valueName":"search_term_string"}}],"inLanguage":"fr-FR"},{"@type":"Organization","@id":"https:\/\/www.accidentdutravail-idf.net\/blog\/#organization","name":"accidentdutravail-idf","url":"https:\/\/www.accidentdutravail-idf.net\/blog\/","logo":{"@type":"ImageObject","inLanguage":"fr-FR","@id":"https:\/\/www.accidentdutravail-idf.net\/blog\/#\/schema\/logo\/image\/","url":"https:\/\/www.accidentdutravail-idf.net\/blog\/wp-content\/uploads\/2022\/09\/logo-2.png","contentUrl":"https:\/\/www.accidentdutravail-idf.net\/blog\/wp-content\/uploads\/2022\/09\/logo-2.png","width":380,"height":291,"caption":"accidentdutravail-idf"},"image":{"@id":"https:\/\/www.accidentdutravail-idf.net\/blog\/#\/schema\/logo\/image\/"}},{"@type":"Person","@id":"https:\/\/www.accidentdutravail-idf.net\/blog\/#\/schema\/person\/3255d2f970de45e64bd9201f38e7b947","name":"Carlos Poulain","image":{"@type":"ImageObject","inLanguage":"fr-FR","@id":"https:\/\/secure.gravatar.com\/avatar\/b1c2f9d3588e34e91adb093635df64ef4b2381991216be7576466cfcdca4baf3?s=96&d=mm&r=g","url":"https:\/\/secure.gravatar.com\/avatar\/b1c2f9d3588e34e91adb093635df64ef4b2381991216be7576466cfcdca4baf3?s=96&d=mm&r=g","contentUrl":"https:\/\/secure.gravatar.com\/avatar\/b1c2f9d3588e34e91adb093635df64ef4b2381991216be7576466cfcdca4baf3?s=96&d=mm&r=g","caption":"Carlos Poulain"},"url":"https:\/\/www.accidentdutravail-idf.net\/blog\/author\/idfcarlos\/"}]}},"_links":{"self":[{"href":"https:\/\/www.accidentdutravail-idf.net\/blog\/wp-json\/wp\/v2\/posts\/769","targetHints":{"allow":["GET"]}}],"collection":[{"href":"https:\/\/www.accidentdutravail-idf.net\/blog\/wp-json\/wp\/v2\/posts"}],"about":[{"href":"https:\/\/www.accidentdutravail-idf.net\/blog\/wp-json\/wp\/v2\/types\/post"}],"author":[{"embeddable":true,"href":"https:\/\/www.accidentdutravail-idf.net\/blog\/wp-json\/wp\/v2\/users\/2"}],"replies":[{"embeddable":true,"href":"https:\/\/www.accidentdutravail-idf.net\/blog\/wp-json\/wp\/v2\/comments?post=769"}],"version-history":[{"count":0,"href":"https:\/\/www.accidentdutravail-idf.net\/blog\/wp-json\/wp\/v2\/posts\/769\/revisions"}],"wp:attachment":[{"href":"https:\/\/www.accidentdutravail-idf.net\/blog\/wp-json\/wp\/v2\/media?parent=769"}],"wp:term":[{"taxonomy":"category","embeddable":true,"href":"https:\/\/www.accidentdutravail-idf.net\/blog\/wp-json\/wp\/v2\/categories?post=769"},{"taxonomy":"post_tag","embeddable":true,"href":"https:\/\/www.accidentdutravail-idf.net\/blog\/wp-json\/wp\/v2\/tags?post=769"}],"curies":[{"name":"wp","href":"https:\/\/api.w.org\/{rel}","templated":true}]}}