{"id":757,"date":"2024-09-04T10:52:00","date_gmt":"2024-09-04T08:52:00","guid":{"rendered":"https:\/\/www.accidentdutravail-idf.net\/blog\/accident-mortel-sur-un-chantier-de-construction-a-pochet-du-courval-a-guimerville\/"},"modified":"2024-09-04T10:52:00","modified_gmt":"2024-09-04T08:52:00","slug":"accident-mortel-sur-un-chantier-de-construction-a-pochet-du-courval-a-guimerville","status":"publish","type":"post","link":"https:\/\/www.accidentdutravail-idf.net\/blog\/accident-mortel-sur-un-chantier-de-construction-a-pochet-du-courval-a-guimerville\/","title":{"rendered":"Accident mortel sur un chantier de construction \u00e0 Pochet du Courval, \u00e0 Guimerville"},"content":{"rendered":"<div><img decoding=\"async\" src=\"https:\/\/www.accidentdutravail-idf.net\/blog\/wp-content\/uploads\/2024\/09\/accident-mortel-sur-un-chantier-de-construction-a-pochet-du-courval-a-guimerville.jpg\" class=\"ff-og-image-inserted\"><\/div>\n<p><span class=\"drop-cap r-lettrine\">U<\/span>n accident du travail a co\u00fbt\u00e9 la vie d\u2019un homme de 50 ans sur le site de la verrerie <a href=\"https:\/\/www.courrier-picard.fr\/id509420\/article\/2024-04-02\/la-verrerie-pochet-du-courval-guimerville-privee-delectricite-pendant-quelques\" target=\"_blank\" rel=\"noopener nofollow\">Pochet du Courval, \u00e0 Guimerville<\/a>, hameau d\u2019Hodeng-au-Bosc, entre Blangy-sur-Bresle et Aumale (Seine-Maritime). Selon la direction, le drame s\u2019est produit ce mercredi 4 septembre, entre 9 h 15 et 9 h 30. La victime, employ\u00e9e par une soci\u00e9t\u00e9 ext\u00e9rieure, intervenait sur le <a href=\"https:\/\/www.courrier-picard.fr\/id306220\/article\/2022-05-13\/guimerville-pochet-du-courval-veut-mettre-son-verre-au-vert\" target=\"_blank\" rel=\"noopener nofollow\">chantier de construction du nouveau four \u00e9lectrique<\/a>. Alors qu\u2019une grue \u00e9tait d\u00e9mont\u00e9e, un \u00e9l\u00e9ment de cet engin \u00ab<em>&nbsp;aurait heurt\u00e9 l\u2019intervenant, provoquant son d\u00e9c\u00e8s<\/em>&nbsp;\u00bb, indique la direction. Le service d\u00e9partemental d\u2019incendie et de secours (Sdis) de Seine-Maritime pr\u00e9cise qu\u2019\u00e0 l\u2019arriv\u00e9e des pompiers, le quinquag\u00e9naire se trouvait \u00ab<em>&nbsp;en arr\u00eat cardio-respiratoire, coinc\u00e9 sous une grue dont la fl\u00e8che, en cours de d\u00e9montage, a chut\u00e9<\/em>&nbsp;\u00bb.<\/p>\n<p><!-- \/\/ builder=DFPTagBuilder, site=ENGPRM, pageType=node, context=\/Sections\/Le Courrier Picard abonn\u00e9\/Picardie\/Villes Soeurs et Bresle, position=article_article, edition=, domain=www.courrier-picard.fr --> <!-- \/\/ builder=DFPTagBuilder, site=ENGPRM, pageType=node, context=\/Sections\/Le Courrier Picard abonn\u00e9\/Picardie\/Villes Soeurs et Bresle, position=article_article, edition=, domain=www.courrier-picard.fr --> <!-- END scald=45005697 --><\/p>\n<h2 class=\"sub-head\">Secours mobilis\u00e9s<\/h2>\n<p>Plus d\u2019une vingtaine de pompiers ont \u00e9t\u00e9 mobilis\u00e9s sur les lieux, dont une \u00e9quipe sp\u00e9cialis\u00e9e&nbsp;: une unit\u00e9 de sauvetage appui et recherche (USAR). La victime a \u00e9t\u00e9 d\u00e9clar\u00e9e d\u00e9c\u00e9d\u00e9e par le m\u00e9decin du Samu. Toujours selon le Sdis, les secours ont \u00e9galement pris en charge \u00ab<em>&nbsp;32 employ\u00e9s potentiellement choqu\u00e9s<\/em>&nbsp;\u00bb. Ils ont \u00e9t\u00e9 vus par une cellule psychologique mais sont tous rest\u00e9s sur place.<\/p>\n<p><!-- \/\/ builder=DFPTagBuilder, site=ENGPRM, pageType=node, context=\/Sections\/Le Courrier Picard abonn\u00e9\/Picardie\/Villes Soeurs et Bresle, position=article_article, edition=, domain=www.courrier-picard.fr --> <\/p>\n<p>Les gendarmes se sont eux aussi rendus sur les lieux, ainsi que l\u2019inspection du travail. L\u2019activit\u00e9 de l\u2019usine se poursuit mais le chantier a \u00e9t\u00e9 imm\u00e9diatement suspendu. Les travaux ont d\u00e9but\u00e9 en juin 2024 et doivent se poursuivre jusqu\u2019\u00e0 la fin de l\u2019ann\u00e9e.<\/p>\n<p>accidentdutravail-idf.net vous a pr\u00e9par\u00e9 ce post qui informe du sujet \u00ab\u00a0Association Sportive Huisson-Longueville Essonne\u00a0\u00bb. La chronique se veut g\u00e9n\u00e9r\u00e9e du mieux possible. Vous pouvez utiliser les coordonn\u00e9es indiqu\u00e9es sur le site dans le but d\u2019apporter des explications sur ce post qui parle du th\u00e8me \u00ab\u00a0Association Sportive Huisson-Longueville Essonne\u00a0\u00bb. Le site accidentdutravail-idf.net a pour but de fournir diverses publications sur la th\u00e9matique Association Sportive Huisson-Longueville Essonne diffus\u00e9es sur le net. Il y aura plusieurs articles autour du sujet \u00ab\u00a0Association Sportive Huisson-Longueville Essonne\u00a0\u00bb dans quelques jours, nous vous invitons \u00e0 naviguer sur notre site web \u00e0 plusieurs reprises.<\/p>\n","protected":false},"excerpt":{"rendered":"<p>Un accident du travail a co\u00fbt\u00e9 la vie d\u2019un homme de 50 ans sur le site de la verrerie Pochet du Courval, \u00e0 Guimerville, hameau d\u2019Hodeng-au-Bosc, entre Blangy-sur-Bresle et Aumale (Seine-Maritime). Selon la direction, le drame s\u2019est produit ce mercredi 4 septembre, entre 9 h 15 et 9 h 30. La victime, employ\u00e9e par une &hellip; <\/p>\n<p class=\"link-more\"><a href=\"https:\/\/www.accidentdutravail-idf.net\/blog\/accident-mortel-sur-un-chantier-de-construction-a-pochet-du-courval-a-guimerville\/\" class=\"more-link\">Continuer la lecture <span class=\"screen-reader-text\"> \u00ab\u00a0Accident mortel sur un chantier de construction \u00e0 Pochet du Courval, \u00e0 Guimerville\u00a0\u00bb<\/span><\/a><\/p>\n","protected":false},"author":2,"featured_media":0,"comment_status":"closed","ping_status":"closed","sticky":false,"template":"","format":"standard","meta":{"footnotes":""},"categories":[5],"tags":[],"class_list":["post-757","post","type-post","status-publish","format-standard","hentry","category-securite-du-travail-en-ile-de-france-et-divers","entry"],"yoast_head":"<!-- This site is optimized with the Yoast SEO plugin v27.5 - https:\/\/yoast.com\/product\/yoast-seo-wordpress\/ -->\n<title>Accident mortel sur un chantier de construction \u00e0 Pochet du Courval, \u00e0 Guimerville - ACCIDENTDUTRAVAIL-IDF<\/title>\n<meta name=\"description\" content=\"Accident mortel sur un chantier de construction \u00e0 Pochet du Courval, \u00e0 Guimerville article de ACCIDENTDUTRAVAIL-IDF\" \/>\n<meta name=\"robots\" content=\"index, follow, max-snippet:-1, max-image-preview:large, max-video-preview:-1\" \/>\n<link rel=\"canonical\" href=\"https:\/\/www.accidentdutravail-idf.net\/blog\/accident-mortel-sur-un-chantier-de-construction-a-pochet-du-courval-a-guimerville\/\" \/>\n<meta property=\"og:locale\" content=\"fr_FR\" \/>\n<meta property=\"og:type\" content=\"article\" \/>\n<meta property=\"og:title\" content=\"Accident mortel sur un chantier de construction \u00e0 Pochet du Courval, \u00e0 Guimerville - ACCIDENTDUTRAVAIL-IDF\" \/>\n<meta property=\"og:description\" content=\"Accident mortel sur un chantier de construction \u00e0 Pochet du Courval, \u00e0 Guimerville article de ACCIDENTDUTRAVAIL-IDF\" \/>\n<meta property=\"og:url\" content=\"https:\/\/www.accidentdutravail-idf.net\/blog\/accident-mortel-sur-un-chantier-de-construction-a-pochet-du-courval-a-guimerville\/\" \/>\n<meta property=\"og:site_name\" content=\"ACCIDENTDUTRAVAIL-IDF\" \/>\n<meta property=\"article:published_time\" content=\"2024-09-04T08:52:00+00:00\" \/>\n<meta property=\"og:image\" content=\"https:\/\/www.accidentdutravail-idf.net\/blog\/wp-content\/uploads\/2024\/09\/accident-mortel-sur-un-chantier-de-construction-a-pochet-du-courval-a-guimerville.jpg\" \/>\n<meta name=\"author\" content=\"Carlos Poulain\" \/>\n<meta name=\"twitter:card\" content=\"summary_large_image\" \/>\n<meta name=\"twitter:label1\" content=\"\u00c9crit par\" \/>\n\t<meta name=\"twitter:data1\" content=\"Carlos Poulain\" \/>\n\t<meta name=\"twitter:label2\" content=\"Dur\u00e9e de lecture estim\u00e9e\" \/>\n\t<meta name=\"twitter:data2\" content=\"2 minutes\" \/>\n<script type=\"application\/ld+json\" class=\"yoast-schema-graph\">{\"@context\":\"https:\\\/\\\/schema.org\",\"@graph\":[{\"@type\":\"Article\",\"@id\":\"https:\\\/\\\/www.accidentdutravail-idf.net\\\/blog\\\/accident-mortel-sur-un-chantier-de-construction-a-pochet-du-courval-a-guimerville\\\/#article\",\"isPartOf\":{\"@id\":\"https:\\\/\\\/www.accidentdutravail-idf.net\\\/blog\\\/accident-mortel-sur-un-chantier-de-construction-a-pochet-du-courval-a-guimerville\\\/\"},\"author\":{\"name\":\"Carlos Poulain\",\"@id\":\"https:\\\/\\\/www.accidentdutravail-idf.net\\\/blog\\\/#\\\/schema\\\/person\\\/3255d2f970de45e64bd9201f38e7b947\"},\"headline\":\"Accident mortel sur un chantier de construction \u00e0 Pochet du Courval, \u00e0 Guimerville\",\"datePublished\":\"2024-09-04T08:52:00+00:00\",\"mainEntityOfPage\":{\"@id\":\"https:\\\/\\\/www.accidentdutravail-idf.net\\\/blog\\\/accident-mortel-sur-un-chantier-de-construction-a-pochet-du-courval-a-guimerville\\\/\"},\"wordCount\":388,\"publisher\":{\"@id\":\"https:\\\/\\\/www.accidentdutravail-idf.net\\\/blog\\\/#organization\"},\"image\":{\"@id\":\"https:\\\/\\\/www.accidentdutravail-idf.net\\\/blog\\\/accident-mortel-sur-un-chantier-de-construction-a-pochet-du-courval-a-guimerville\\\/#primaryimage\"},\"thumbnailUrl\":\"https:\\\/\\\/www.accidentdutravail-idf.net\\\/blog\\\/wp-content\\\/uploads\\\/2024\\\/09\\\/accident-mortel-sur-un-chantier-de-construction-a-pochet-du-courval-a-guimerville.jpg\",\"articleSection\":[\"S\u00e9curit\u00e9 Du Travail En Ile-De-France Et Divers:\"],\"inLanguage\":\"fr-FR\"},{\"@type\":\"WebPage\",\"@id\":\"https:\\\/\\\/www.accidentdutravail-idf.net\\\/blog\\\/accident-mortel-sur-un-chantier-de-construction-a-pochet-du-courval-a-guimerville\\\/\",\"url\":\"https:\\\/\\\/www.accidentdutravail-idf.net\\\/blog\\\/accident-mortel-sur-un-chantier-de-construction-a-pochet-du-courval-a-guimerville\\\/\",\"name\":\"Accident mortel sur un chantier de construction \u00e0 Pochet du Courval, \u00e0 Guimerville - ACCIDENTDUTRAVAIL-IDF\",\"isPartOf\":{\"@id\":\"https:\\\/\\\/www.accidentdutravail-idf.net\\\/blog\\\/#website\"},\"primaryImageOfPage\":{\"@id\":\"https:\\\/\\\/www.accidentdutravail-idf.net\\\/blog\\\/accident-mortel-sur-un-chantier-de-construction-a-pochet-du-courval-a-guimerville\\\/#primaryimage\"},\"image\":{\"@id\":\"https:\\\/\\\/www.accidentdutravail-idf.net\\\/blog\\\/accident-mortel-sur-un-chantier-de-construction-a-pochet-du-courval-a-guimerville\\\/#primaryimage\"},\"thumbnailUrl\":\"https:\\\/\\\/www.accidentdutravail-idf.net\\\/blog\\\/wp-content\\\/uploads\\\/2024\\\/09\\\/accident-mortel-sur-un-chantier-de-construction-a-pochet-du-courval-a-guimerville.jpg\",\"datePublished\":\"2024-09-04T08:52:00+00:00\",\"description\":\"Accident mortel sur un chantier de construction \u00e0 Pochet du Courval, \u00e0 Guimerville article de ACCIDENTDUTRAVAIL-IDF\",\"breadcrumb\":{\"@id\":\"https:\\\/\\\/www.accidentdutravail-idf.net\\\/blog\\\/accident-mortel-sur-un-chantier-de-construction-a-pochet-du-courval-a-guimerville\\\/#breadcrumb\"},\"inLanguage\":\"fr-FR\",\"potentialAction\":[{\"@type\":\"ReadAction\",\"target\":[\"https:\\\/\\\/www.accidentdutravail-idf.net\\\/blog\\\/accident-mortel-sur-un-chantier-de-construction-a-pochet-du-courval-a-guimerville\\\/\"]}]},{\"@type\":\"ImageObject\",\"inLanguage\":\"fr-FR\",\"@id\":\"https:\\\/\\\/www.accidentdutravail-idf.net\\\/blog\\\/accident-mortel-sur-un-chantier-de-construction-a-pochet-du-courval-a-guimerville\\\/#primaryimage\",\"url\":\"https:\\\/\\\/www.accidentdutravail-idf.net\\\/blog\\\/wp-content\\\/uploads\\\/2024\\\/09\\\/accident-mortel-sur-un-chantier-de-construction-a-pochet-du-courval-a-guimerville.jpg\",\"contentUrl\":\"https:\\\/\\\/www.accidentdutravail-idf.net\\\/blog\\\/wp-content\\\/uploads\\\/2024\\\/09\\\/accident-mortel-sur-un-chantier-de-construction-a-pochet-du-courval-a-guimerville.jpg\"},{\"@type\":\"BreadcrumbList\",\"@id\":\"https:\\\/\\\/www.accidentdutravail-idf.net\\\/blog\\\/accident-mortel-sur-un-chantier-de-construction-a-pochet-du-courval-a-guimerville\\\/#breadcrumb\",\"itemListElement\":[{\"@type\":\"ListItem\",\"position\":1,\"name\":\"Accueil\",\"item\":\"https:\\\/\\\/www.accidentdutravail-idf.net\\\/blog\\\/\"},{\"@type\":\"ListItem\",\"position\":2,\"name\":\"Accident mortel sur un chantier de construction \u00e0 Pochet du Courval, \u00e0 Guimerville\"}]},{\"@type\":\"WebSite\",\"@id\":\"https:\\\/\\\/www.accidentdutravail-idf.net\\\/blog\\\/#website\",\"url\":\"https:\\\/\\\/www.accidentdutravail-idf.net\\\/blog\\\/\",\"name\":\"ACCIDENTDUTRAVAIL-IDF\",\"description\":\"Portail accidents du travail-maladies professionnelles des entreprises d&#039;Ile-de-France\",\"publisher\":{\"@id\":\"https:\\\/\\\/www.accidentdutravail-idf.net\\\/blog\\\/#organization\"},\"potentialAction\":[{\"@type\":\"SearchAction\",\"target\":{\"@type\":\"EntryPoint\",\"urlTemplate\":\"https:\\\/\\\/www.accidentdutravail-idf.net\\\/blog\\\/?s={search_term_string}\"},\"query-input\":{\"@type\":\"PropertyValueSpecification\",\"valueRequired\":true,\"valueName\":\"search_term_string\"}}],\"inLanguage\":\"fr-FR\"},{\"@type\":\"Organization\",\"@id\":\"https:\\\/\\\/www.accidentdutravail-idf.net\\\/blog\\\/#organization\",\"name\":\"accidentdutravail-idf\",\"url\":\"https:\\\/\\\/www.accidentdutravail-idf.net\\\/blog\\\/\",\"logo\":{\"@type\":\"ImageObject\",\"inLanguage\":\"fr-FR\",\"@id\":\"https:\\\/\\\/www.accidentdutravail-idf.net\\\/blog\\\/#\\\/schema\\\/logo\\\/image\\\/\",\"url\":\"https:\\\/\\\/www.accidentdutravail-idf.net\\\/blog\\\/wp-content\\\/uploads\\\/2022\\\/09\\\/logo-2.png\",\"contentUrl\":\"https:\\\/\\\/www.accidentdutravail-idf.net\\\/blog\\\/wp-content\\\/uploads\\\/2022\\\/09\\\/logo-2.png\",\"width\":380,\"height\":291,\"caption\":\"accidentdutravail-idf\"},\"image\":{\"@id\":\"https:\\\/\\\/www.accidentdutravail-idf.net\\\/blog\\\/#\\\/schema\\\/logo\\\/image\\\/\"}},{\"@type\":\"Person\",\"@id\":\"https:\\\/\\\/www.accidentdutravail-idf.net\\\/blog\\\/#\\\/schema\\\/person\\\/3255d2f970de45e64bd9201f38e7b947\",\"name\":\"Carlos Poulain\",\"image\":{\"@type\":\"ImageObject\",\"inLanguage\":\"fr-FR\",\"@id\":\"https:\\\/\\\/secure.gravatar.com\\\/avatar\\\/b1c2f9d3588e34e91adb093635df64ef4b2381991216be7576466cfcdca4baf3?s=96&d=mm&r=g\",\"url\":\"https:\\\/\\\/secure.gravatar.com\\\/avatar\\\/b1c2f9d3588e34e91adb093635df64ef4b2381991216be7576466cfcdca4baf3?s=96&d=mm&r=g\",\"contentUrl\":\"https:\\\/\\\/secure.gravatar.com\\\/avatar\\\/b1c2f9d3588e34e91adb093635df64ef4b2381991216be7576466cfcdca4baf3?s=96&d=mm&r=g\",\"caption\":\"Carlos Poulain\"},\"url\":\"https:\\\/\\\/www.accidentdutravail-idf.net\\\/blog\\\/author\\\/idfcarlos\\\/\"}]}<\/script>\n<!-- \/ Yoast SEO plugin. -->","yoast_head_json":{"title":"Accident mortel sur un chantier de construction \u00e0 Pochet du Courval, \u00e0 Guimerville - ACCIDENTDUTRAVAIL-IDF","description":"Accident mortel sur un chantier de construction \u00e0 Pochet du Courval, \u00e0 Guimerville article de ACCIDENTDUTRAVAIL-IDF","robots":{"index":"index","follow":"follow","max-snippet":"max-snippet:-1","max-image-preview":"max-image-preview:large","max-video-preview":"max-video-preview:-1"},"canonical":"https:\/\/www.accidentdutravail-idf.net\/blog\/accident-mortel-sur-un-chantier-de-construction-a-pochet-du-courval-a-guimerville\/","og_locale":"fr_FR","og_type":"article","og_title":"Accident mortel sur un chantier de construction \u00e0 Pochet du Courval, \u00e0 Guimerville - ACCIDENTDUTRAVAIL-IDF","og_description":"Accident mortel sur un chantier de construction \u00e0 Pochet du Courval, \u00e0 Guimerville article de ACCIDENTDUTRAVAIL-IDF","og_url":"https:\/\/www.accidentdutravail-idf.net\/blog\/accident-mortel-sur-un-chantier-de-construction-a-pochet-du-courval-a-guimerville\/","og_site_name":"ACCIDENTDUTRAVAIL-IDF","article_published_time":"2024-09-04T08:52:00+00:00","og_image":[{"url":"https:\/\/www.accidentdutravail-idf.net\/blog\/wp-content\/uploads\/2024\/09\/accident-mortel-sur-un-chantier-de-construction-a-pochet-du-courval-a-guimerville.jpg","type":"","width":"","height":""}],"author":"Carlos Poulain","twitter_card":"summary_large_image","twitter_misc":{"\u00c9crit par":"Carlos Poulain","Dur\u00e9e de lecture estim\u00e9e":"2 minutes"},"schema":{"@context":"https:\/\/schema.org","@graph":[{"@type":"Article","@id":"https:\/\/www.accidentdutravail-idf.net\/blog\/accident-mortel-sur-un-chantier-de-construction-a-pochet-du-courval-a-guimerville\/#article","isPartOf":{"@id":"https:\/\/www.accidentdutravail-idf.net\/blog\/accident-mortel-sur-un-chantier-de-construction-a-pochet-du-courval-a-guimerville\/"},"author":{"name":"Carlos Poulain","@id":"https:\/\/www.accidentdutravail-idf.net\/blog\/#\/schema\/person\/3255d2f970de45e64bd9201f38e7b947"},"headline":"Accident mortel sur un chantier de construction \u00e0 Pochet du Courval, \u00e0 Guimerville","datePublished":"2024-09-04T08:52:00+00:00","mainEntityOfPage":{"@id":"https:\/\/www.accidentdutravail-idf.net\/blog\/accident-mortel-sur-un-chantier-de-construction-a-pochet-du-courval-a-guimerville\/"},"wordCount":388,"publisher":{"@id":"https:\/\/www.accidentdutravail-idf.net\/blog\/#organization"},"image":{"@id":"https:\/\/www.accidentdutravail-idf.net\/blog\/accident-mortel-sur-un-chantier-de-construction-a-pochet-du-courval-a-guimerville\/#primaryimage"},"thumbnailUrl":"https:\/\/www.accidentdutravail-idf.net\/blog\/wp-content\/uploads\/2024\/09\/accident-mortel-sur-un-chantier-de-construction-a-pochet-du-courval-a-guimerville.jpg","articleSection":["S\u00e9curit\u00e9 Du Travail En Ile-De-France Et Divers:"],"inLanguage":"fr-FR"},{"@type":"WebPage","@id":"https:\/\/www.accidentdutravail-idf.net\/blog\/accident-mortel-sur-un-chantier-de-construction-a-pochet-du-courval-a-guimerville\/","url":"https:\/\/www.accidentdutravail-idf.net\/blog\/accident-mortel-sur-un-chantier-de-construction-a-pochet-du-courval-a-guimerville\/","name":"Accident mortel sur un chantier de construction \u00e0 Pochet du Courval, \u00e0 Guimerville - ACCIDENTDUTRAVAIL-IDF","isPartOf":{"@id":"https:\/\/www.accidentdutravail-idf.net\/blog\/#website"},"primaryImageOfPage":{"@id":"https:\/\/www.accidentdutravail-idf.net\/blog\/accident-mortel-sur-un-chantier-de-construction-a-pochet-du-courval-a-guimerville\/#primaryimage"},"image":{"@id":"https:\/\/www.accidentdutravail-idf.net\/blog\/accident-mortel-sur-un-chantier-de-construction-a-pochet-du-courval-a-guimerville\/#primaryimage"},"thumbnailUrl":"https:\/\/www.accidentdutravail-idf.net\/blog\/wp-content\/uploads\/2024\/09\/accident-mortel-sur-un-chantier-de-construction-a-pochet-du-courval-a-guimerville.jpg","datePublished":"2024-09-04T08:52:00+00:00","description":"Accident mortel sur un chantier de construction \u00e0 Pochet du Courval, \u00e0 Guimerville article de ACCIDENTDUTRAVAIL-IDF","breadcrumb":{"@id":"https:\/\/www.accidentdutravail-idf.net\/blog\/accident-mortel-sur-un-chantier-de-construction-a-pochet-du-courval-a-guimerville\/#breadcrumb"},"inLanguage":"fr-FR","potentialAction":[{"@type":"ReadAction","target":["https:\/\/www.accidentdutravail-idf.net\/blog\/accident-mortel-sur-un-chantier-de-construction-a-pochet-du-courval-a-guimerville\/"]}]},{"@type":"ImageObject","inLanguage":"fr-FR","@id":"https:\/\/www.accidentdutravail-idf.net\/blog\/accident-mortel-sur-un-chantier-de-construction-a-pochet-du-courval-a-guimerville\/#primaryimage","url":"https:\/\/www.accidentdutravail-idf.net\/blog\/wp-content\/uploads\/2024\/09\/accident-mortel-sur-un-chantier-de-construction-a-pochet-du-courval-a-guimerville.jpg","contentUrl":"https:\/\/www.accidentdutravail-idf.net\/blog\/wp-content\/uploads\/2024\/09\/accident-mortel-sur-un-chantier-de-construction-a-pochet-du-courval-a-guimerville.jpg"},{"@type":"BreadcrumbList","@id":"https:\/\/www.accidentdutravail-idf.net\/blog\/accident-mortel-sur-un-chantier-de-construction-a-pochet-du-courval-a-guimerville\/#breadcrumb","itemListElement":[{"@type":"ListItem","position":1,"name":"Accueil","item":"https:\/\/www.accidentdutravail-idf.net\/blog\/"},{"@type":"ListItem","position":2,"name":"Accident mortel sur un chantier de construction \u00e0 Pochet du Courval, \u00e0 Guimerville"}]},{"@type":"WebSite","@id":"https:\/\/www.accidentdutravail-idf.net\/blog\/#website","url":"https:\/\/www.accidentdutravail-idf.net\/blog\/","name":"ACCIDENTDUTRAVAIL-IDF","description":"Portail accidents du travail-maladies professionnelles des entreprises d&#039;Ile-de-France","publisher":{"@id":"https:\/\/www.accidentdutravail-idf.net\/blog\/#organization"},"potentialAction":[{"@type":"SearchAction","target":{"@type":"EntryPoint","urlTemplate":"https:\/\/www.accidentdutravail-idf.net\/blog\/?s={search_term_string}"},"query-input":{"@type":"PropertyValueSpecification","valueRequired":true,"valueName":"search_term_string"}}],"inLanguage":"fr-FR"},{"@type":"Organization","@id":"https:\/\/www.accidentdutravail-idf.net\/blog\/#organization","name":"accidentdutravail-idf","url":"https:\/\/www.accidentdutravail-idf.net\/blog\/","logo":{"@type":"ImageObject","inLanguage":"fr-FR","@id":"https:\/\/www.accidentdutravail-idf.net\/blog\/#\/schema\/logo\/image\/","url":"https:\/\/www.accidentdutravail-idf.net\/blog\/wp-content\/uploads\/2022\/09\/logo-2.png","contentUrl":"https:\/\/www.accidentdutravail-idf.net\/blog\/wp-content\/uploads\/2022\/09\/logo-2.png","width":380,"height":291,"caption":"accidentdutravail-idf"},"image":{"@id":"https:\/\/www.accidentdutravail-idf.net\/blog\/#\/schema\/logo\/image\/"}},{"@type":"Person","@id":"https:\/\/www.accidentdutravail-idf.net\/blog\/#\/schema\/person\/3255d2f970de45e64bd9201f38e7b947","name":"Carlos Poulain","image":{"@type":"ImageObject","inLanguage":"fr-FR","@id":"https:\/\/secure.gravatar.com\/avatar\/b1c2f9d3588e34e91adb093635df64ef4b2381991216be7576466cfcdca4baf3?s=96&d=mm&r=g","url":"https:\/\/secure.gravatar.com\/avatar\/b1c2f9d3588e34e91adb093635df64ef4b2381991216be7576466cfcdca4baf3?s=96&d=mm&r=g","contentUrl":"https:\/\/secure.gravatar.com\/avatar\/b1c2f9d3588e34e91adb093635df64ef4b2381991216be7576466cfcdca4baf3?s=96&d=mm&r=g","caption":"Carlos Poulain"},"url":"https:\/\/www.accidentdutravail-idf.net\/blog\/author\/idfcarlos\/"}]}},"_links":{"self":[{"href":"https:\/\/www.accidentdutravail-idf.net\/blog\/wp-json\/wp\/v2\/posts\/757","targetHints":{"allow":["GET"]}}],"collection":[{"href":"https:\/\/www.accidentdutravail-idf.net\/blog\/wp-json\/wp\/v2\/posts"}],"about":[{"href":"https:\/\/www.accidentdutravail-idf.net\/blog\/wp-json\/wp\/v2\/types\/post"}],"author":[{"embeddable":true,"href":"https:\/\/www.accidentdutravail-idf.net\/blog\/wp-json\/wp\/v2\/users\/2"}],"replies":[{"embeddable":true,"href":"https:\/\/www.accidentdutravail-idf.net\/blog\/wp-json\/wp\/v2\/comments?post=757"}],"version-history":[{"count":0,"href":"https:\/\/www.accidentdutravail-idf.net\/blog\/wp-json\/wp\/v2\/posts\/757\/revisions"}],"wp:attachment":[{"href":"https:\/\/www.accidentdutravail-idf.net\/blog\/wp-json\/wp\/v2\/media?parent=757"}],"wp:term":[{"taxonomy":"category","embeddable":true,"href":"https:\/\/www.accidentdutravail-idf.net\/blog\/wp-json\/wp\/v2\/categories?post=757"},{"taxonomy":"post_tag","embeddable":true,"href":"https:\/\/www.accidentdutravail-idf.net\/blog\/wp-json\/wp\/v2\/tags?post=757"}],"curies":[{"name":"wp","href":"https:\/\/api.w.org\/{rel}","templated":true}]}}