{"id":756,"date":"2024-09-04T07:26:00","date_gmt":"2024-09-04T05:26:00","guid":{"rendered":"https:\/\/www.accidentdutravail-idf.net\/blog\/un-homme-perd-la-vie-dans-un-accident-de-travail-a-thurso\/"},"modified":"2024-09-04T07:26:00","modified_gmt":"2024-09-04T05:26:00","slug":"un-homme-perd-la-vie-dans-un-accident-de-travail-a-thurso","status":"publish","type":"post","link":"https:\/\/www.accidentdutravail-idf.net\/blog\/un-homme-perd-la-vie-dans-un-accident-de-travail-a-thurso\/","title":{"rendered":"Un homme perd la vie dans un accident de travail \u00e0 Thurso"},"content":{"rendered":"<p class=\"sc-jbo7hw-7 bmRUOl\">Un accident de travail a fait une victime, mardi, au sein de l&rsquo;entreprise Les granites de la montagne, un commerce de la rue Galipeau \u00e0&nbsp;Thurso. <\/p>\n<p class=\"sc-jbo7hw-7 bmRUOl\">La S\u00fbret\u00e9 du Qu\u00e9bec (SQ) a mentionn\u00e9 que les secours ont \u00e9t\u00e9 appel\u00e9s vers midi. Selon leurs informations, l\u2019homme aurait re\u00e7u des plaques de granite sur l\u2019abdomen.<\/p>\n<p class=\"sc-jbo7hw-7 bmRUOl\">Les premiers r\u00e9pondants sont intervenus et la victime a \u00e9t\u00e9 conduite dans un centre hospitalier o\u00f9 sa mort a \u00e9t\u00e9 constat\u00e9e.<\/p>\n<p class=\"sc-jbo7hw-7 bmRUOl\">La <span aria-hidden=\"false\" class=\"sc-ajkoh9-3 gEJYmn\"><span class=\"sc-ajkoh9-4 eZAaHU\"><abbr title=\"S\u00fbret\u00e9 du Qu\u00e9bec\">SQ<\/abbr><\/span><\/span> a confirm\u00e9 qu\u2019une enqu\u00eate est en cours pour faire la lumi\u00e8re sur cet accident.<\/p>\n<div class=\"sc-jbo7hw-0 dQmOIK\">\n<div class=\"relative w-full\"><img decoding=\"async\" alt=\"Une capture d'\u00e9cran prise sur Google Maps.\" class=\"sc-1tkrlyq-1 DUIWm transition-opacity ease-out\" loading=\"lazy\" src=\"https:\/\/www.accidentdutravail-idf.net\/blog\/wp-content\/uploads\/2024\/09\/un-homme-perd-la-vie-dans-un-accident-de-travail-a-thurso.jpg\"><\/p>\n<p><button class=\"sc-1tkrlyq-2 eYsoPS focus-visible:border-blue600 light:focus-visible:border-blue600 dark:focus-visible:border-blue400 rounded focus:outline-none focus-visible:border-4 focus-visible:border-solid\" title=\"Ouvrir en mode plein \u00e9cran\"><span class=\"sc-1f1cagl-0 hvyKh\">Ouvrir en mode plein \u00e9cran<\/span><span class=\"sc-191r78r-0 sc-191r78r-1 sc-1tkrlyq-3 bwLcci ekyLoE gifWYW\"><\/span><\/button><\/p>\n<\/div>\n<div class=\"sc-jbo7hw-3 jCEbHl\"><figcaption class=\"sc-ic6be9-0 eZGuin\">\n<p class=\"sc-ic6be9-2 ASXTr\">L&rsquo;accident est survenu dans un commerce de la rue Galipeau.<\/p>\n<p class=\"sc-ic6be9-1 kRAbBs text-gray600 light:text-gray600 dark:text-gray400\">Photo : Capture d&rsquo;\u00e9cran\/Google Maps<\/p>\n<\/figcaption><\/div>\n<\/div>\n<aside class=\"print:hidden\">\n<div>\n<div class=\"my-10 relative w-full xs:min-h-70 sm:min-h-75 md:min-h-30\"><span class=\"absolute left-1\/2 top-1\/2 -translate-x-1\/2 -translate-y-1\/2\"><span class=\"sr-only\">Chargement en cours<\/span><\/span><\/div>\n<\/div>\n<div>\n<div class=\"my-10 relative w-full xs:min-h-70 sm:min-h-75 md:min-h-30\"><span class=\"absolute left-1\/2 top-1\/2 -translate-x-1\/2 -translate-y-1\/2\"><span class=\"sr-only\">Chargement en cours<\/span><\/span><\/div>\n<\/div>\n<\/aside>\n<p class=\"sc-jbo7hw-7 bmRUOl\">Pour l\u2019instant, aucun d\u00e9tail entourant l\u2019\u00e2ge et l\u2019identit\u00e9 de la victime n\u2019a \u00e9t\u00e9 r\u00e9v\u00e9l\u00e9.<\/p>\n<div class=\"sc-jbo7hw-4 gPWroG\">\n<div class=\"sc-7qo9rl-0 sc-7qo9rl-2 sc-7qo9rl-3 beIuXE ewufyZ kIlXvT bg-gray100\/50 light:bg-gray100\/50 dark:bg-gray999\/50\">\n<div class=\"sc-7qo9rl-4 ifXqpR\"><span aria-hidden=\"true\" class=\"sc-7qo9rl-1 kmDgOH text-gray700 light:text-gray700 dark:text-gray200\">Publicit\u00e9<\/span><\/div>\n<\/div>\n<\/div>\n<p class=\"sc-jbo7hw-7 bmRUOl\">Dans une d\u00e9claration envoy\u00e9e \u00e0 Radio-Canada, la Commission des normes, de l\u2019\u00e9quit\u00e9, de la sant\u00e9 et de la s\u00e9curit\u00e9 du travail (CNESST) a mentionn\u00e9 que deux inspecteurs se sont rendus sur les lieux de l&rsquo;entreprise Les granites de la montagne afin de <q><span lang=\"fr\" title=\"Fran\u00e7ais\">s\u00e9curiser les lieux, examiner la sc\u00e8ne et recueillir de l\u2019information en vue de conna\u00eetre les circonstances entourant l\u2019accident<\/span><\/q>.<\/p>\n<p class=\"sc-jbo7hw-7 bmRUOl\">Les inspecteurs sont toujours sur les lieux, mercredi, car la <span aria-hidden=\"false\" class=\"sc-ajkoh9-3 gEJYmn\"><span class=\"sc-ajkoh9-4 eZAaHU\"><abbr title=\"Commission des normes, de l'\u00e9quit\u00e9, de la sant\u00e9 et de la s\u00e9curit\u00e9 du travail\">CNESST<\/abbr><\/span><\/span> va aussi mener une enqu\u00eate.<\/p>\n<p class=\"sc-jbo7hw-7 bmRUOl\"><q><span lang=\"fr\" title=\"Fran\u00e7ais\">Le processus d\u2019enqu\u00eate de la <span aria-hidden=\"false\" class=\"sc-ajkoh9-3 gEJYmn\"><span class=\"sc-ajkoh9-4 eZAaHU\"><abbr title=\"Commission des normes, de l'\u00e9quit\u00e9, de la sant\u00e9 et de la s\u00e9curit\u00e9 du travail\">CNESST<\/abbr><\/span><\/span> est rigoureux. La d\u00e9marche utilis\u00e9e exige que les inspecteurs recueillent, v\u00e9rifient et analysent les faits afin d\u2019en arriver \u00e0 bien cerner les causes de l\u2019accident et ainsi faire des recommandations pour \u00e9viter qu\u2019un tel accident ne se reproduise<\/span><\/q>, a ajout\u00e9 la porte-parole.<\/p>\n<p class=\"sc-jbo7hw-7 bmRUOl\"><em>Avec les informations de Benjamin Vachet<\/em><\/p>\n<p>accidentdutravail-idf.net vous a pr\u00e9par\u00e9 ce post qui informe du sujet \u00ab\u00a0Association Sportive Huisson-Longueville Essonne\u00a0\u00bb. La chronique se veut g\u00e9n\u00e9r\u00e9e du mieux possible. Vous pouvez utiliser les coordonn\u00e9es indiqu\u00e9es sur le site dans le but d\u2019apporter des explications sur ce post qui parle du th\u00e8me \u00ab\u00a0Association Sportive Huisson-Longueville Essonne\u00a0\u00bb. Le site accidentdutravail-idf.net a pour but de fournir diverses publications sur la th\u00e9matique Association Sportive Huisson-Longueville Essonne diffus\u00e9es sur le net. Il y aura plusieurs articles autour du sujet \u00ab\u00a0Association Sportive Huisson-Longueville Essonne\u00a0\u00bb dans quelques jours, nous vous invitons \u00e0 naviguer sur notre site web \u00e0 plusieurs reprises.<\/p>\n","protected":false},"excerpt":{"rendered":"<p>Un accident de travail a fait une victime, mardi, au sein de l&rsquo;entreprise Les granites de la montagne, un commerce de la rue Galipeau \u00e0&nbsp;Thurso. La S\u00fbret\u00e9 du Qu\u00e9bec (SQ) a mentionn\u00e9 que les secours ont \u00e9t\u00e9 appel\u00e9s vers midi. Selon leurs informations, l\u2019homme aurait re\u00e7u des plaques de granite sur l\u2019abdomen. Les premiers r\u00e9pondants &hellip; <\/p>\n<p class=\"link-more\"><a href=\"https:\/\/www.accidentdutravail-idf.net\/blog\/un-homme-perd-la-vie-dans-un-accident-de-travail-a-thurso\/\" class=\"more-link\">Continuer la lecture <span class=\"screen-reader-text\"> \u00ab\u00a0Un homme perd la vie dans un accident de travail \u00e0 Thurso\u00a0\u00bb<\/span><\/a><\/p>\n","protected":false},"author":2,"featured_media":0,"comment_status":"closed","ping_status":"closed","sticky":false,"template":"","format":"standard","meta":{"footnotes":""},"categories":[5],"tags":[],"class_list":["post-756","post","type-post","status-publish","format-standard","hentry","category-securite-du-travail-en-ile-de-france-et-divers","entry"],"yoast_head":"<!-- This site is optimized with the Yoast SEO plugin v27.5 - https:\/\/yoast.com\/product\/yoast-seo-wordpress\/ -->\n<title>Un homme perd la vie dans un accident de travail \u00e0 Thurso - ACCIDENTDUTRAVAIL-IDF<\/title>\n<meta name=\"description\" content=\"Un homme perd la vie dans un accident de travail \u00e0 Thurso article de ACCIDENTDUTRAVAIL-IDF\" \/>\n<meta name=\"robots\" content=\"index, follow, max-snippet:-1, max-image-preview:large, max-video-preview:-1\" \/>\n<link rel=\"canonical\" href=\"https:\/\/www.accidentdutravail-idf.net\/blog\/un-homme-perd-la-vie-dans-un-accident-de-travail-a-thurso\/\" \/>\n<meta property=\"og:locale\" content=\"fr_FR\" \/>\n<meta property=\"og:type\" content=\"article\" \/>\n<meta property=\"og:title\" content=\"Un homme perd la vie dans un accident de travail \u00e0 Thurso - ACCIDENTDUTRAVAIL-IDF\" \/>\n<meta property=\"og:description\" content=\"Un homme perd la vie dans un accident de travail \u00e0 Thurso article de ACCIDENTDUTRAVAIL-IDF\" \/>\n<meta property=\"og:url\" content=\"https:\/\/www.accidentdutravail-idf.net\/blog\/un-homme-perd-la-vie-dans-un-accident-de-travail-a-thurso\/\" \/>\n<meta property=\"og:site_name\" content=\"ACCIDENTDUTRAVAIL-IDF\" \/>\n<meta property=\"article:published_time\" content=\"2024-09-04T05:26:00+00:00\" \/>\n<meta property=\"og:image\" content=\"https:\/\/www.accidentdutravail-idf.net\/blog\/wp-content\/uploads\/2024\/09\/un-homme-perd-la-vie-dans-un-accident-de-travail-a-thurso.jpg\" \/>\n<meta name=\"author\" content=\"Carlos Poulain\" \/>\n<meta name=\"twitter:card\" content=\"summary_large_image\" \/>\n<meta name=\"twitter:label1\" content=\"\u00c9crit par\" \/>\n\t<meta name=\"twitter:data1\" content=\"Carlos Poulain\" \/>\n\t<meta name=\"twitter:label2\" content=\"Dur\u00e9e de lecture estim\u00e9e\" \/>\n\t<meta name=\"twitter:data2\" content=\"2 minutes\" \/>\n<script type=\"application\/ld+json\" class=\"yoast-schema-graph\">{\"@context\":\"https:\\\/\\\/schema.org\",\"@graph\":[{\"@type\":\"Article\",\"@id\":\"https:\\\/\\\/www.accidentdutravail-idf.net\\\/blog\\\/un-homme-perd-la-vie-dans-un-accident-de-travail-a-thurso\\\/#article\",\"isPartOf\":{\"@id\":\"https:\\\/\\\/www.accidentdutravail-idf.net\\\/blog\\\/un-homme-perd-la-vie-dans-un-accident-de-travail-a-thurso\\\/\"},\"author\":{\"name\":\"Carlos Poulain\",\"@id\":\"https:\\\/\\\/www.accidentdutravail-idf.net\\\/blog\\\/#\\\/schema\\\/person\\\/3255d2f970de45e64bd9201f38e7b947\"},\"headline\":\"Un homme perd la vie dans un accident de travail \u00e0 Thurso\",\"datePublished\":\"2024-09-04T05:26:00+00:00\",\"mainEntityOfPage\":{\"@id\":\"https:\\\/\\\/www.accidentdutravail-idf.net\\\/blog\\\/un-homme-perd-la-vie-dans-un-accident-de-travail-a-thurso\\\/\"},\"wordCount\":413,\"publisher\":{\"@id\":\"https:\\\/\\\/www.accidentdutravail-idf.net\\\/blog\\\/#organization\"},\"image\":{\"@id\":\"https:\\\/\\\/www.accidentdutravail-idf.net\\\/blog\\\/un-homme-perd-la-vie-dans-un-accident-de-travail-a-thurso\\\/#primaryimage\"},\"thumbnailUrl\":\"https:\\\/\\\/www.accidentdutravail-idf.net\\\/blog\\\/wp-content\\\/uploads\\\/2024\\\/09\\\/un-homme-perd-la-vie-dans-un-accident-de-travail-a-thurso.jpg\",\"articleSection\":[\"S\u00e9curit\u00e9 Du Travail En Ile-De-France Et Divers:\"],\"inLanguage\":\"fr-FR\"},{\"@type\":\"WebPage\",\"@id\":\"https:\\\/\\\/www.accidentdutravail-idf.net\\\/blog\\\/un-homme-perd-la-vie-dans-un-accident-de-travail-a-thurso\\\/\",\"url\":\"https:\\\/\\\/www.accidentdutravail-idf.net\\\/blog\\\/un-homme-perd-la-vie-dans-un-accident-de-travail-a-thurso\\\/\",\"name\":\"Un homme perd la vie dans un accident de travail \u00e0 Thurso - ACCIDENTDUTRAVAIL-IDF\",\"isPartOf\":{\"@id\":\"https:\\\/\\\/www.accidentdutravail-idf.net\\\/blog\\\/#website\"},\"primaryImageOfPage\":{\"@id\":\"https:\\\/\\\/www.accidentdutravail-idf.net\\\/blog\\\/un-homme-perd-la-vie-dans-un-accident-de-travail-a-thurso\\\/#primaryimage\"},\"image\":{\"@id\":\"https:\\\/\\\/www.accidentdutravail-idf.net\\\/blog\\\/un-homme-perd-la-vie-dans-un-accident-de-travail-a-thurso\\\/#primaryimage\"},\"thumbnailUrl\":\"https:\\\/\\\/www.accidentdutravail-idf.net\\\/blog\\\/wp-content\\\/uploads\\\/2024\\\/09\\\/un-homme-perd-la-vie-dans-un-accident-de-travail-a-thurso.jpg\",\"datePublished\":\"2024-09-04T05:26:00+00:00\",\"description\":\"Un homme perd la vie dans un accident de travail \u00e0 Thurso article de ACCIDENTDUTRAVAIL-IDF\",\"breadcrumb\":{\"@id\":\"https:\\\/\\\/www.accidentdutravail-idf.net\\\/blog\\\/un-homme-perd-la-vie-dans-un-accident-de-travail-a-thurso\\\/#breadcrumb\"},\"inLanguage\":\"fr-FR\",\"potentialAction\":[{\"@type\":\"ReadAction\",\"target\":[\"https:\\\/\\\/www.accidentdutravail-idf.net\\\/blog\\\/un-homme-perd-la-vie-dans-un-accident-de-travail-a-thurso\\\/\"]}]},{\"@type\":\"ImageObject\",\"inLanguage\":\"fr-FR\",\"@id\":\"https:\\\/\\\/www.accidentdutravail-idf.net\\\/blog\\\/un-homme-perd-la-vie-dans-un-accident-de-travail-a-thurso\\\/#primaryimage\",\"url\":\"https:\\\/\\\/www.accidentdutravail-idf.net\\\/blog\\\/wp-content\\\/uploads\\\/2024\\\/09\\\/un-homme-perd-la-vie-dans-un-accident-de-travail-a-thurso.jpg\",\"contentUrl\":\"https:\\\/\\\/www.accidentdutravail-idf.net\\\/blog\\\/wp-content\\\/uploads\\\/2024\\\/09\\\/un-homme-perd-la-vie-dans-un-accident-de-travail-a-thurso.jpg\"},{\"@type\":\"BreadcrumbList\",\"@id\":\"https:\\\/\\\/www.accidentdutravail-idf.net\\\/blog\\\/un-homme-perd-la-vie-dans-un-accident-de-travail-a-thurso\\\/#breadcrumb\",\"itemListElement\":[{\"@type\":\"ListItem\",\"position\":1,\"name\":\"Accueil\",\"item\":\"https:\\\/\\\/www.accidentdutravail-idf.net\\\/blog\\\/\"},{\"@type\":\"ListItem\",\"position\":2,\"name\":\"Un homme perd la vie dans un accident de travail \u00e0 Thurso\"}]},{\"@type\":\"WebSite\",\"@id\":\"https:\\\/\\\/www.accidentdutravail-idf.net\\\/blog\\\/#website\",\"url\":\"https:\\\/\\\/www.accidentdutravail-idf.net\\\/blog\\\/\",\"name\":\"ACCIDENTDUTRAVAIL-IDF\",\"description\":\"Portail accidents du travail-maladies professionnelles des entreprises d&#039;Ile-de-France\",\"publisher\":{\"@id\":\"https:\\\/\\\/www.accidentdutravail-idf.net\\\/blog\\\/#organization\"},\"potentialAction\":[{\"@type\":\"SearchAction\",\"target\":{\"@type\":\"EntryPoint\",\"urlTemplate\":\"https:\\\/\\\/www.accidentdutravail-idf.net\\\/blog\\\/?s={search_term_string}\"},\"query-input\":{\"@type\":\"PropertyValueSpecification\",\"valueRequired\":true,\"valueName\":\"search_term_string\"}}],\"inLanguage\":\"fr-FR\"},{\"@type\":\"Organization\",\"@id\":\"https:\\\/\\\/www.accidentdutravail-idf.net\\\/blog\\\/#organization\",\"name\":\"accidentdutravail-idf\",\"url\":\"https:\\\/\\\/www.accidentdutravail-idf.net\\\/blog\\\/\",\"logo\":{\"@type\":\"ImageObject\",\"inLanguage\":\"fr-FR\",\"@id\":\"https:\\\/\\\/www.accidentdutravail-idf.net\\\/blog\\\/#\\\/schema\\\/logo\\\/image\\\/\",\"url\":\"https:\\\/\\\/www.accidentdutravail-idf.net\\\/blog\\\/wp-content\\\/uploads\\\/2022\\\/09\\\/logo-2.png\",\"contentUrl\":\"https:\\\/\\\/www.accidentdutravail-idf.net\\\/blog\\\/wp-content\\\/uploads\\\/2022\\\/09\\\/logo-2.png\",\"width\":380,\"height\":291,\"caption\":\"accidentdutravail-idf\"},\"image\":{\"@id\":\"https:\\\/\\\/www.accidentdutravail-idf.net\\\/blog\\\/#\\\/schema\\\/logo\\\/image\\\/\"}},{\"@type\":\"Person\",\"@id\":\"https:\\\/\\\/www.accidentdutravail-idf.net\\\/blog\\\/#\\\/schema\\\/person\\\/3255d2f970de45e64bd9201f38e7b947\",\"name\":\"Carlos Poulain\",\"image\":{\"@type\":\"ImageObject\",\"inLanguage\":\"fr-FR\",\"@id\":\"https:\\\/\\\/secure.gravatar.com\\\/avatar\\\/b1c2f9d3588e34e91adb093635df64ef4b2381991216be7576466cfcdca4baf3?s=96&d=mm&r=g\",\"url\":\"https:\\\/\\\/secure.gravatar.com\\\/avatar\\\/b1c2f9d3588e34e91adb093635df64ef4b2381991216be7576466cfcdca4baf3?s=96&d=mm&r=g\",\"contentUrl\":\"https:\\\/\\\/secure.gravatar.com\\\/avatar\\\/b1c2f9d3588e34e91adb093635df64ef4b2381991216be7576466cfcdca4baf3?s=96&d=mm&r=g\",\"caption\":\"Carlos Poulain\"},\"url\":\"https:\\\/\\\/www.accidentdutravail-idf.net\\\/blog\\\/author\\\/idfcarlos\\\/\"}]}<\/script>\n<!-- \/ Yoast SEO plugin. -->","yoast_head_json":{"title":"Un homme perd la vie dans un accident de travail \u00e0 Thurso - ACCIDENTDUTRAVAIL-IDF","description":"Un homme perd la vie dans un accident de travail \u00e0 Thurso article de ACCIDENTDUTRAVAIL-IDF","robots":{"index":"index","follow":"follow","max-snippet":"max-snippet:-1","max-image-preview":"max-image-preview:large","max-video-preview":"max-video-preview:-1"},"canonical":"https:\/\/www.accidentdutravail-idf.net\/blog\/un-homme-perd-la-vie-dans-un-accident-de-travail-a-thurso\/","og_locale":"fr_FR","og_type":"article","og_title":"Un homme perd la vie dans un accident de travail \u00e0 Thurso - ACCIDENTDUTRAVAIL-IDF","og_description":"Un homme perd la vie dans un accident de travail \u00e0 Thurso article de ACCIDENTDUTRAVAIL-IDF","og_url":"https:\/\/www.accidentdutravail-idf.net\/blog\/un-homme-perd-la-vie-dans-un-accident-de-travail-a-thurso\/","og_site_name":"ACCIDENTDUTRAVAIL-IDF","article_published_time":"2024-09-04T05:26:00+00:00","og_image":[{"url":"https:\/\/www.accidentdutravail-idf.net\/blog\/wp-content\/uploads\/2024\/09\/un-homme-perd-la-vie-dans-un-accident-de-travail-a-thurso.jpg","type":"","width":"","height":""}],"author":"Carlos Poulain","twitter_card":"summary_large_image","twitter_misc":{"\u00c9crit par":"Carlos Poulain","Dur\u00e9e de lecture estim\u00e9e":"2 minutes"},"schema":{"@context":"https:\/\/schema.org","@graph":[{"@type":"Article","@id":"https:\/\/www.accidentdutravail-idf.net\/blog\/un-homme-perd-la-vie-dans-un-accident-de-travail-a-thurso\/#article","isPartOf":{"@id":"https:\/\/www.accidentdutravail-idf.net\/blog\/un-homme-perd-la-vie-dans-un-accident-de-travail-a-thurso\/"},"author":{"name":"Carlos Poulain","@id":"https:\/\/www.accidentdutravail-idf.net\/blog\/#\/schema\/person\/3255d2f970de45e64bd9201f38e7b947"},"headline":"Un homme perd la vie dans un accident de travail \u00e0 Thurso","datePublished":"2024-09-04T05:26:00+00:00","mainEntityOfPage":{"@id":"https:\/\/www.accidentdutravail-idf.net\/blog\/un-homme-perd-la-vie-dans-un-accident-de-travail-a-thurso\/"},"wordCount":413,"publisher":{"@id":"https:\/\/www.accidentdutravail-idf.net\/blog\/#organization"},"image":{"@id":"https:\/\/www.accidentdutravail-idf.net\/blog\/un-homme-perd-la-vie-dans-un-accident-de-travail-a-thurso\/#primaryimage"},"thumbnailUrl":"https:\/\/www.accidentdutravail-idf.net\/blog\/wp-content\/uploads\/2024\/09\/un-homme-perd-la-vie-dans-un-accident-de-travail-a-thurso.jpg","articleSection":["S\u00e9curit\u00e9 Du Travail En Ile-De-France Et Divers:"],"inLanguage":"fr-FR"},{"@type":"WebPage","@id":"https:\/\/www.accidentdutravail-idf.net\/blog\/un-homme-perd-la-vie-dans-un-accident-de-travail-a-thurso\/","url":"https:\/\/www.accidentdutravail-idf.net\/blog\/un-homme-perd-la-vie-dans-un-accident-de-travail-a-thurso\/","name":"Un homme perd la vie dans un accident de travail \u00e0 Thurso - ACCIDENTDUTRAVAIL-IDF","isPartOf":{"@id":"https:\/\/www.accidentdutravail-idf.net\/blog\/#website"},"primaryImageOfPage":{"@id":"https:\/\/www.accidentdutravail-idf.net\/blog\/un-homme-perd-la-vie-dans-un-accident-de-travail-a-thurso\/#primaryimage"},"image":{"@id":"https:\/\/www.accidentdutravail-idf.net\/blog\/un-homme-perd-la-vie-dans-un-accident-de-travail-a-thurso\/#primaryimage"},"thumbnailUrl":"https:\/\/www.accidentdutravail-idf.net\/blog\/wp-content\/uploads\/2024\/09\/un-homme-perd-la-vie-dans-un-accident-de-travail-a-thurso.jpg","datePublished":"2024-09-04T05:26:00+00:00","description":"Un homme perd la vie dans un accident de travail \u00e0 Thurso article de ACCIDENTDUTRAVAIL-IDF","breadcrumb":{"@id":"https:\/\/www.accidentdutravail-idf.net\/blog\/un-homme-perd-la-vie-dans-un-accident-de-travail-a-thurso\/#breadcrumb"},"inLanguage":"fr-FR","potentialAction":[{"@type":"ReadAction","target":["https:\/\/www.accidentdutravail-idf.net\/blog\/un-homme-perd-la-vie-dans-un-accident-de-travail-a-thurso\/"]}]},{"@type":"ImageObject","inLanguage":"fr-FR","@id":"https:\/\/www.accidentdutravail-idf.net\/blog\/un-homme-perd-la-vie-dans-un-accident-de-travail-a-thurso\/#primaryimage","url":"https:\/\/www.accidentdutravail-idf.net\/blog\/wp-content\/uploads\/2024\/09\/un-homme-perd-la-vie-dans-un-accident-de-travail-a-thurso.jpg","contentUrl":"https:\/\/www.accidentdutravail-idf.net\/blog\/wp-content\/uploads\/2024\/09\/un-homme-perd-la-vie-dans-un-accident-de-travail-a-thurso.jpg"},{"@type":"BreadcrumbList","@id":"https:\/\/www.accidentdutravail-idf.net\/blog\/un-homme-perd-la-vie-dans-un-accident-de-travail-a-thurso\/#breadcrumb","itemListElement":[{"@type":"ListItem","position":1,"name":"Accueil","item":"https:\/\/www.accidentdutravail-idf.net\/blog\/"},{"@type":"ListItem","position":2,"name":"Un homme perd la vie dans un accident de travail \u00e0 Thurso"}]},{"@type":"WebSite","@id":"https:\/\/www.accidentdutravail-idf.net\/blog\/#website","url":"https:\/\/www.accidentdutravail-idf.net\/blog\/","name":"ACCIDENTDUTRAVAIL-IDF","description":"Portail accidents du travail-maladies professionnelles des entreprises d&#039;Ile-de-France","publisher":{"@id":"https:\/\/www.accidentdutravail-idf.net\/blog\/#organization"},"potentialAction":[{"@type":"SearchAction","target":{"@type":"EntryPoint","urlTemplate":"https:\/\/www.accidentdutravail-idf.net\/blog\/?s={search_term_string}"},"query-input":{"@type":"PropertyValueSpecification","valueRequired":true,"valueName":"search_term_string"}}],"inLanguage":"fr-FR"},{"@type":"Organization","@id":"https:\/\/www.accidentdutravail-idf.net\/blog\/#organization","name":"accidentdutravail-idf","url":"https:\/\/www.accidentdutravail-idf.net\/blog\/","logo":{"@type":"ImageObject","inLanguage":"fr-FR","@id":"https:\/\/www.accidentdutravail-idf.net\/blog\/#\/schema\/logo\/image\/","url":"https:\/\/www.accidentdutravail-idf.net\/blog\/wp-content\/uploads\/2022\/09\/logo-2.png","contentUrl":"https:\/\/www.accidentdutravail-idf.net\/blog\/wp-content\/uploads\/2022\/09\/logo-2.png","width":380,"height":291,"caption":"accidentdutravail-idf"},"image":{"@id":"https:\/\/www.accidentdutravail-idf.net\/blog\/#\/schema\/logo\/image\/"}},{"@type":"Person","@id":"https:\/\/www.accidentdutravail-idf.net\/blog\/#\/schema\/person\/3255d2f970de45e64bd9201f38e7b947","name":"Carlos Poulain","image":{"@type":"ImageObject","inLanguage":"fr-FR","@id":"https:\/\/secure.gravatar.com\/avatar\/b1c2f9d3588e34e91adb093635df64ef4b2381991216be7576466cfcdca4baf3?s=96&d=mm&r=g","url":"https:\/\/secure.gravatar.com\/avatar\/b1c2f9d3588e34e91adb093635df64ef4b2381991216be7576466cfcdca4baf3?s=96&d=mm&r=g","contentUrl":"https:\/\/secure.gravatar.com\/avatar\/b1c2f9d3588e34e91adb093635df64ef4b2381991216be7576466cfcdca4baf3?s=96&d=mm&r=g","caption":"Carlos Poulain"},"url":"https:\/\/www.accidentdutravail-idf.net\/blog\/author\/idfcarlos\/"}]}},"_links":{"self":[{"href":"https:\/\/www.accidentdutravail-idf.net\/blog\/wp-json\/wp\/v2\/posts\/756","targetHints":{"allow":["GET"]}}],"collection":[{"href":"https:\/\/www.accidentdutravail-idf.net\/blog\/wp-json\/wp\/v2\/posts"}],"about":[{"href":"https:\/\/www.accidentdutravail-idf.net\/blog\/wp-json\/wp\/v2\/types\/post"}],"author":[{"embeddable":true,"href":"https:\/\/www.accidentdutravail-idf.net\/blog\/wp-json\/wp\/v2\/users\/2"}],"replies":[{"embeddable":true,"href":"https:\/\/www.accidentdutravail-idf.net\/blog\/wp-json\/wp\/v2\/comments?post=756"}],"version-history":[{"count":0,"href":"https:\/\/www.accidentdutravail-idf.net\/blog\/wp-json\/wp\/v2\/posts\/756\/revisions"}],"wp:attachment":[{"href":"https:\/\/www.accidentdutravail-idf.net\/blog\/wp-json\/wp\/v2\/media?parent=756"}],"wp:term":[{"taxonomy":"category","embeddable":true,"href":"https:\/\/www.accidentdutravail-idf.net\/blog\/wp-json\/wp\/v2\/categories?post=756"},{"taxonomy":"post_tag","embeddable":true,"href":"https:\/\/www.accidentdutravail-idf.net\/blog\/wp-json\/wp\/v2\/tags?post=756"}],"curies":[{"name":"wp","href":"https:\/\/api.w.org\/{rel}","templated":true}]}}