{"id":754,"date":"2024-09-04T07:57:00","date_gmt":"2024-09-04T05:57:00","guid":{"rendered":"https:\/\/www.accidentdutravail-idf.net\/blog\/un-ouvrier-tue-apres-un-accident-sur-le-site-de-pochet-du-courval-pres-de-blangy-sur-bresle\/"},"modified":"2024-09-04T07:57:00","modified_gmt":"2024-09-04T05:57:00","slug":"un-ouvrier-tue-apres-un-accident-sur-le-site-de-pochet-du-courval-pres-de-blangy-sur-bresle","status":"publish","type":"post","link":"https:\/\/www.accidentdutravail-idf.net\/blog\/un-ouvrier-tue-apres-un-accident-sur-le-site-de-pochet-du-courval-pres-de-blangy-sur-bresle\/","title":{"rendered":"Un ouvrier tu\u00e9 apr\u00e8s un accident sur le site de Pochet du Courval, pr\u00e8s de Blangy-sur-Bresle"},"content":{"rendered":"<div><img decoding=\"async\" src=\"https:\/\/www.accidentdutravail-idf.net\/blog\/wp-content\/uploads\/2024\/09\/un-ouvrier-tue-apres-un-accident-sur-le-site-de-pochet-du-courval-pres-de-blangy-sur-bresle.jpg\" class=\"ff-og-image-inserted\"><\/div>\n<p><span class=\"drop-cap r-lettrine\">U<\/span>n accident du travail a co\u00fbt\u00e9 la vie \u00e0 un ouvrier sur le site de la verrerie <a href=\"https:\/\/www.paris-normandie.fr\/id509538\/article\/2024-04-03\/pres-de-blangy-sur-bresle-la-verrerie-pochet-du-courval-privee-delectricite\" target=\"_blank\" rel=\"noopener nofollow\">Pochet du Courval<\/a>, \u00e0 Guimerville, entre Blangy-sur-Bresle et Aumale (Seine-Maritime). Selon la direction, le drame s\u2019est produit ce mercredi 4 septembre, entre 9 h 15 et 9 h 30. L\u2019homme, employ\u00e9 par une soci\u00e9t\u00e9 ext\u00e9rieure, intervenait sur le chantier de construction du nouveau four \u00e9lectrique. Alors qu\u2019une grue \u00e9tait en cours de d\u00e9montage, un \u00e9l\u00e9ment de cet engin \u00ab<em>&nbsp;aurait heurt\u00e9 l\u2019intervenant, provoquant son d\u00e9c\u00e8s<\/em>&nbsp;\u00bb, indique la direction.<\/p>\n<p><!-- \/\/ builder=DFPTagBuilder, site=ENGPRM, pageType=node, context=\/Sections\/Paris Normandie\/R\u00e9gion\/Dieppe, position=article_article, edition=, domain=www.paris-normandie.fr --> <!-- \/\/ builder=DFPTagBuilder, site=ENGPRM, pageType=node, context=\/Sections\/Paris Normandie\/R\u00e9gion\/Dieppe, position=article_article, edition=, domain=www.paris-normandie.fr --> <!-- END scald=45006134 --><\/p>\n<h2 class=\"sub-head\">Le chantier suspendu<\/h2>\n<p>Les pompiers et les gendarmes se sont rendus sur les lieux, ainsi que l\u2019inspection du travail. L\u2019activit\u00e9 de l\u2019usine se poursuit mais le chantier a \u00e9t\u00e9 imm\u00e9diatement suspendu. Les travaux ont d\u00e9but\u00e9 en juin 2024 et doivent se poursuivre jusqu\u2019\u00e0 la fin de l\u2019ann\u00e9e.<\/p>\n<p><!-- \/\/ builder=DFPTagBuilder, site=ENGPRM, pageType=node, context=\/Sections\/Paris Normandie\/R\u00e9gion\/Dieppe, position=article_article, edition=, domain=www.paris-normandie.fr --> <\/p>\n<h2 class=\"sub-head\">Une enqu\u00eate ouverte<\/h2>\n<p>La direction annonce l\u2019ouverture d\u2019une enqu\u00eate \u00ab<em>&nbsp;pour d\u00e9terminer les circonstances pr\u00e9cises de cet accident.<\/em>&nbsp;\u00bb Et ajoute&nbsp;: \u00ab<em>&nbsp;Nous collaborons \u00e9troitement avec les autorit\u00e9s comp\u00e9tentes afin de faire toute la lumi\u00e8re sur cet \u00e9v\u00e9nement et de comprendre ce qui a conduit \u00e0 ce drame.<\/em>&nbsp;\u00bb<\/p>\n<p>accidentdutravail-idf.net vous a pr\u00e9par\u00e9 ce post qui informe du sujet \u00ab\u00a0Association Sportive Huisson-Longueville Essonne\u00a0\u00bb. La chronique se veut g\u00e9n\u00e9r\u00e9e du mieux possible. Vous pouvez utiliser les coordonn\u00e9es indiqu\u00e9es sur le site dans le but d\u2019apporter des explications sur ce post qui parle du th\u00e8me \u00ab\u00a0Association Sportive Huisson-Longueville Essonne\u00a0\u00bb. Le site accidentdutravail-idf.net a pour but de fournir diverses publications sur la th\u00e9matique Association Sportive Huisson-Longueville Essonne diffus\u00e9es sur le net. Il y aura plusieurs articles autour du sujet \u00ab\u00a0Association Sportive Huisson-Longueville Essonne\u00a0\u00bb dans quelques jours, nous vous invitons \u00e0 naviguer sur notre site web \u00e0 plusieurs reprises.<\/p>\n","protected":false},"excerpt":{"rendered":"<p>Un accident du travail a co\u00fbt\u00e9 la vie \u00e0 un ouvrier sur le site de la verrerie Pochet du Courval, \u00e0 Guimerville, entre Blangy-sur-Bresle et Aumale (Seine-Maritime). Selon la direction, le drame s\u2019est produit ce mercredi 4 septembre, entre 9 h 15 et 9 h 30. L\u2019homme, employ\u00e9 par une soci\u00e9t\u00e9 ext\u00e9rieure, intervenait sur le &hellip; <\/p>\n<p class=\"link-more\"><a href=\"https:\/\/www.accidentdutravail-idf.net\/blog\/un-ouvrier-tue-apres-un-accident-sur-le-site-de-pochet-du-courval-pres-de-blangy-sur-bresle\/\" class=\"more-link\">Continuer la lecture <span class=\"screen-reader-text\"> \u00ab\u00a0Un ouvrier tu\u00e9 apr\u00e8s un accident sur le site de Pochet du Courval, pr\u00e8s de Blangy-sur-Bresle\u00a0\u00bb<\/span><\/a><\/p>\n","protected":false},"author":2,"featured_media":0,"comment_status":"closed","ping_status":"closed","sticky":false,"template":"","format":"standard","meta":{"footnotes":""},"categories":[5],"tags":[],"class_list":["post-754","post","type-post","status-publish","format-standard","hentry","category-securite-du-travail-en-ile-de-france-et-divers","entry"],"yoast_head":"<!-- This site is optimized with the Yoast SEO plugin v27.5 - https:\/\/yoast.com\/product\/yoast-seo-wordpress\/ -->\n<title>Un ouvrier tu\u00e9 apr\u00e8s un accident sur le site de Pochet du Courval, pr\u00e8s de Blangy-sur-Bresle - ACCIDENTDUTRAVAIL-IDF<\/title>\n<meta name=\"description\" content=\"Un ouvrier tu\u00e9 apr\u00e8s un accident sur le site de Pochet du Courval, pr\u00e8s de Blangy-sur-Bresle article de ACCIDENTDUTRAVAIL-IDF\" \/>\n<meta name=\"robots\" content=\"index, follow, max-snippet:-1, max-image-preview:large, max-video-preview:-1\" \/>\n<link rel=\"canonical\" href=\"https:\/\/www.accidentdutravail-idf.net\/blog\/un-ouvrier-tue-apres-un-accident-sur-le-site-de-pochet-du-courval-pres-de-blangy-sur-bresle\/\" \/>\n<meta property=\"og:locale\" content=\"fr_FR\" \/>\n<meta property=\"og:type\" content=\"article\" \/>\n<meta property=\"og:title\" content=\"Un ouvrier tu\u00e9 apr\u00e8s un accident sur le site de Pochet du Courval, pr\u00e8s de Blangy-sur-Bresle - ACCIDENTDUTRAVAIL-IDF\" \/>\n<meta property=\"og:description\" content=\"Un ouvrier tu\u00e9 apr\u00e8s un accident sur le site de Pochet du Courval, pr\u00e8s de Blangy-sur-Bresle article de ACCIDENTDUTRAVAIL-IDF\" \/>\n<meta property=\"og:url\" content=\"https:\/\/www.accidentdutravail-idf.net\/blog\/un-ouvrier-tue-apres-un-accident-sur-le-site-de-pochet-du-courval-pres-de-blangy-sur-bresle\/\" \/>\n<meta property=\"og:site_name\" content=\"ACCIDENTDUTRAVAIL-IDF\" \/>\n<meta property=\"article:published_time\" content=\"2024-09-04T05:57:00+00:00\" \/>\n<meta property=\"og:image\" content=\"https:\/\/www.accidentdutravail-idf.net\/blog\/wp-content\/uploads\/2024\/09\/un-ouvrier-tue-apres-un-accident-sur-le-site-de-pochet-du-courval-pres-de-blangy-sur-bresle.jpg\" \/>\n<meta name=\"author\" content=\"Carlos Poulain\" \/>\n<meta name=\"twitter:card\" content=\"summary_large_image\" \/>\n<meta name=\"twitter:label1\" content=\"\u00c9crit par\" \/>\n\t<meta name=\"twitter:data1\" content=\"Carlos Poulain\" \/>\n\t<meta name=\"twitter:label2\" content=\"Dur\u00e9e de lecture estim\u00e9e\" \/>\n\t<meta name=\"twitter:data2\" content=\"2 minutes\" \/>\n<script type=\"application\/ld+json\" class=\"yoast-schema-graph\">{\"@context\":\"https:\\\/\\\/schema.org\",\"@graph\":[{\"@type\":\"Article\",\"@id\":\"https:\\\/\\\/www.accidentdutravail-idf.net\\\/blog\\\/un-ouvrier-tue-apres-un-accident-sur-le-site-de-pochet-du-courval-pres-de-blangy-sur-bresle\\\/#article\",\"isPartOf\":{\"@id\":\"https:\\\/\\\/www.accidentdutravail-idf.net\\\/blog\\\/un-ouvrier-tue-apres-un-accident-sur-le-site-de-pochet-du-courval-pres-de-blangy-sur-bresle\\\/\"},\"author\":{\"name\":\"Carlos Poulain\",\"@id\":\"https:\\\/\\\/www.accidentdutravail-idf.net\\\/blog\\\/#\\\/schema\\\/person\\\/3255d2f970de45e64bd9201f38e7b947\"},\"headline\":\"Un ouvrier tu\u00e9 apr\u00e8s un accident sur le site de Pochet du Courval, pr\u00e8s de Blangy-sur-Bresle\",\"datePublished\":\"2024-09-04T05:57:00+00:00\",\"mainEntityOfPage\":{\"@id\":\"https:\\\/\\\/www.accidentdutravail-idf.net\\\/blog\\\/un-ouvrier-tue-apres-un-accident-sur-le-site-de-pochet-du-courval-pres-de-blangy-sur-bresle\\\/\"},\"wordCount\":326,\"publisher\":{\"@id\":\"https:\\\/\\\/www.accidentdutravail-idf.net\\\/blog\\\/#organization\"},\"image\":{\"@id\":\"https:\\\/\\\/www.accidentdutravail-idf.net\\\/blog\\\/un-ouvrier-tue-apres-un-accident-sur-le-site-de-pochet-du-courval-pres-de-blangy-sur-bresle\\\/#primaryimage\"},\"thumbnailUrl\":\"https:\\\/\\\/www.accidentdutravail-idf.net\\\/blog\\\/wp-content\\\/uploads\\\/2024\\\/09\\\/un-ouvrier-tue-apres-un-accident-sur-le-site-de-pochet-du-courval-pres-de-blangy-sur-bresle.jpg\",\"articleSection\":[\"S\u00e9curit\u00e9 Du Travail En Ile-De-France Et Divers:\"],\"inLanguage\":\"fr-FR\"},{\"@type\":\"WebPage\",\"@id\":\"https:\\\/\\\/www.accidentdutravail-idf.net\\\/blog\\\/un-ouvrier-tue-apres-un-accident-sur-le-site-de-pochet-du-courval-pres-de-blangy-sur-bresle\\\/\",\"url\":\"https:\\\/\\\/www.accidentdutravail-idf.net\\\/blog\\\/un-ouvrier-tue-apres-un-accident-sur-le-site-de-pochet-du-courval-pres-de-blangy-sur-bresle\\\/\",\"name\":\"Un ouvrier tu\u00e9 apr\u00e8s un accident sur le site de Pochet du Courval, pr\u00e8s de Blangy-sur-Bresle - ACCIDENTDUTRAVAIL-IDF\",\"isPartOf\":{\"@id\":\"https:\\\/\\\/www.accidentdutravail-idf.net\\\/blog\\\/#website\"},\"primaryImageOfPage\":{\"@id\":\"https:\\\/\\\/www.accidentdutravail-idf.net\\\/blog\\\/un-ouvrier-tue-apres-un-accident-sur-le-site-de-pochet-du-courval-pres-de-blangy-sur-bresle\\\/#primaryimage\"},\"image\":{\"@id\":\"https:\\\/\\\/www.accidentdutravail-idf.net\\\/blog\\\/un-ouvrier-tue-apres-un-accident-sur-le-site-de-pochet-du-courval-pres-de-blangy-sur-bresle\\\/#primaryimage\"},\"thumbnailUrl\":\"https:\\\/\\\/www.accidentdutravail-idf.net\\\/blog\\\/wp-content\\\/uploads\\\/2024\\\/09\\\/un-ouvrier-tue-apres-un-accident-sur-le-site-de-pochet-du-courval-pres-de-blangy-sur-bresle.jpg\",\"datePublished\":\"2024-09-04T05:57:00+00:00\",\"description\":\"Un ouvrier tu\u00e9 apr\u00e8s un accident sur le site de Pochet du Courval, pr\u00e8s de Blangy-sur-Bresle article de ACCIDENTDUTRAVAIL-IDF\",\"breadcrumb\":{\"@id\":\"https:\\\/\\\/www.accidentdutravail-idf.net\\\/blog\\\/un-ouvrier-tue-apres-un-accident-sur-le-site-de-pochet-du-courval-pres-de-blangy-sur-bresle\\\/#breadcrumb\"},\"inLanguage\":\"fr-FR\",\"potentialAction\":[{\"@type\":\"ReadAction\",\"target\":[\"https:\\\/\\\/www.accidentdutravail-idf.net\\\/blog\\\/un-ouvrier-tue-apres-un-accident-sur-le-site-de-pochet-du-courval-pres-de-blangy-sur-bresle\\\/\"]}]},{\"@type\":\"ImageObject\",\"inLanguage\":\"fr-FR\",\"@id\":\"https:\\\/\\\/www.accidentdutravail-idf.net\\\/blog\\\/un-ouvrier-tue-apres-un-accident-sur-le-site-de-pochet-du-courval-pres-de-blangy-sur-bresle\\\/#primaryimage\",\"url\":\"https:\\\/\\\/www.accidentdutravail-idf.net\\\/blog\\\/wp-content\\\/uploads\\\/2024\\\/09\\\/un-ouvrier-tue-apres-un-accident-sur-le-site-de-pochet-du-courval-pres-de-blangy-sur-bresle.jpg\",\"contentUrl\":\"https:\\\/\\\/www.accidentdutravail-idf.net\\\/blog\\\/wp-content\\\/uploads\\\/2024\\\/09\\\/un-ouvrier-tue-apres-un-accident-sur-le-site-de-pochet-du-courval-pres-de-blangy-sur-bresle.jpg\"},{\"@type\":\"BreadcrumbList\",\"@id\":\"https:\\\/\\\/www.accidentdutravail-idf.net\\\/blog\\\/un-ouvrier-tue-apres-un-accident-sur-le-site-de-pochet-du-courval-pres-de-blangy-sur-bresle\\\/#breadcrumb\",\"itemListElement\":[{\"@type\":\"ListItem\",\"position\":1,\"name\":\"Accueil\",\"item\":\"https:\\\/\\\/www.accidentdutravail-idf.net\\\/blog\\\/\"},{\"@type\":\"ListItem\",\"position\":2,\"name\":\"Un ouvrier tu\u00e9 apr\u00e8s un accident sur le site de Pochet du Courval, pr\u00e8s de Blangy-sur-Bresle\"}]},{\"@type\":\"WebSite\",\"@id\":\"https:\\\/\\\/www.accidentdutravail-idf.net\\\/blog\\\/#website\",\"url\":\"https:\\\/\\\/www.accidentdutravail-idf.net\\\/blog\\\/\",\"name\":\"ACCIDENTDUTRAVAIL-IDF\",\"description\":\"Portail accidents du travail-maladies professionnelles des entreprises d&#039;Ile-de-France\",\"publisher\":{\"@id\":\"https:\\\/\\\/www.accidentdutravail-idf.net\\\/blog\\\/#organization\"},\"potentialAction\":[{\"@type\":\"SearchAction\",\"target\":{\"@type\":\"EntryPoint\",\"urlTemplate\":\"https:\\\/\\\/www.accidentdutravail-idf.net\\\/blog\\\/?s={search_term_string}\"},\"query-input\":{\"@type\":\"PropertyValueSpecification\",\"valueRequired\":true,\"valueName\":\"search_term_string\"}}],\"inLanguage\":\"fr-FR\"},{\"@type\":\"Organization\",\"@id\":\"https:\\\/\\\/www.accidentdutravail-idf.net\\\/blog\\\/#organization\",\"name\":\"accidentdutravail-idf\",\"url\":\"https:\\\/\\\/www.accidentdutravail-idf.net\\\/blog\\\/\",\"logo\":{\"@type\":\"ImageObject\",\"inLanguage\":\"fr-FR\",\"@id\":\"https:\\\/\\\/www.accidentdutravail-idf.net\\\/blog\\\/#\\\/schema\\\/logo\\\/image\\\/\",\"url\":\"https:\\\/\\\/www.accidentdutravail-idf.net\\\/blog\\\/wp-content\\\/uploads\\\/2022\\\/09\\\/logo-2.png\",\"contentUrl\":\"https:\\\/\\\/www.accidentdutravail-idf.net\\\/blog\\\/wp-content\\\/uploads\\\/2022\\\/09\\\/logo-2.png\",\"width\":380,\"height\":291,\"caption\":\"accidentdutravail-idf\"},\"image\":{\"@id\":\"https:\\\/\\\/www.accidentdutravail-idf.net\\\/blog\\\/#\\\/schema\\\/logo\\\/image\\\/\"}},{\"@type\":\"Person\",\"@id\":\"https:\\\/\\\/www.accidentdutravail-idf.net\\\/blog\\\/#\\\/schema\\\/person\\\/3255d2f970de45e64bd9201f38e7b947\",\"name\":\"Carlos Poulain\",\"image\":{\"@type\":\"ImageObject\",\"inLanguage\":\"fr-FR\",\"@id\":\"https:\\\/\\\/secure.gravatar.com\\\/avatar\\\/b1c2f9d3588e34e91adb093635df64ef4b2381991216be7576466cfcdca4baf3?s=96&d=mm&r=g\",\"url\":\"https:\\\/\\\/secure.gravatar.com\\\/avatar\\\/b1c2f9d3588e34e91adb093635df64ef4b2381991216be7576466cfcdca4baf3?s=96&d=mm&r=g\",\"contentUrl\":\"https:\\\/\\\/secure.gravatar.com\\\/avatar\\\/b1c2f9d3588e34e91adb093635df64ef4b2381991216be7576466cfcdca4baf3?s=96&d=mm&r=g\",\"caption\":\"Carlos Poulain\"},\"url\":\"https:\\\/\\\/www.accidentdutravail-idf.net\\\/blog\\\/author\\\/idfcarlos\\\/\"}]}<\/script>\n<!-- \/ Yoast SEO plugin. -->","yoast_head_json":{"title":"Un ouvrier tu\u00e9 apr\u00e8s un accident sur le site de Pochet du Courval, pr\u00e8s de Blangy-sur-Bresle - ACCIDENTDUTRAVAIL-IDF","description":"Un ouvrier tu\u00e9 apr\u00e8s un accident sur le site de Pochet du Courval, pr\u00e8s de Blangy-sur-Bresle article de ACCIDENTDUTRAVAIL-IDF","robots":{"index":"index","follow":"follow","max-snippet":"max-snippet:-1","max-image-preview":"max-image-preview:large","max-video-preview":"max-video-preview:-1"},"canonical":"https:\/\/www.accidentdutravail-idf.net\/blog\/un-ouvrier-tue-apres-un-accident-sur-le-site-de-pochet-du-courval-pres-de-blangy-sur-bresle\/","og_locale":"fr_FR","og_type":"article","og_title":"Un ouvrier tu\u00e9 apr\u00e8s un accident sur le site de Pochet du Courval, pr\u00e8s de Blangy-sur-Bresle - ACCIDENTDUTRAVAIL-IDF","og_description":"Un ouvrier tu\u00e9 apr\u00e8s un accident sur le site de Pochet du Courval, pr\u00e8s de Blangy-sur-Bresle article de ACCIDENTDUTRAVAIL-IDF","og_url":"https:\/\/www.accidentdutravail-idf.net\/blog\/un-ouvrier-tue-apres-un-accident-sur-le-site-de-pochet-du-courval-pres-de-blangy-sur-bresle\/","og_site_name":"ACCIDENTDUTRAVAIL-IDF","article_published_time":"2024-09-04T05:57:00+00:00","og_image":[{"url":"https:\/\/www.accidentdutravail-idf.net\/blog\/wp-content\/uploads\/2024\/09\/un-ouvrier-tue-apres-un-accident-sur-le-site-de-pochet-du-courval-pres-de-blangy-sur-bresle.jpg","type":"","width":"","height":""}],"author":"Carlos Poulain","twitter_card":"summary_large_image","twitter_misc":{"\u00c9crit par":"Carlos Poulain","Dur\u00e9e de lecture estim\u00e9e":"2 minutes"},"schema":{"@context":"https:\/\/schema.org","@graph":[{"@type":"Article","@id":"https:\/\/www.accidentdutravail-idf.net\/blog\/un-ouvrier-tue-apres-un-accident-sur-le-site-de-pochet-du-courval-pres-de-blangy-sur-bresle\/#article","isPartOf":{"@id":"https:\/\/www.accidentdutravail-idf.net\/blog\/un-ouvrier-tue-apres-un-accident-sur-le-site-de-pochet-du-courval-pres-de-blangy-sur-bresle\/"},"author":{"name":"Carlos Poulain","@id":"https:\/\/www.accidentdutravail-idf.net\/blog\/#\/schema\/person\/3255d2f970de45e64bd9201f38e7b947"},"headline":"Un ouvrier tu\u00e9 apr\u00e8s un accident sur le site de Pochet du Courval, pr\u00e8s de Blangy-sur-Bresle","datePublished":"2024-09-04T05:57:00+00:00","mainEntityOfPage":{"@id":"https:\/\/www.accidentdutravail-idf.net\/blog\/un-ouvrier-tue-apres-un-accident-sur-le-site-de-pochet-du-courval-pres-de-blangy-sur-bresle\/"},"wordCount":326,"publisher":{"@id":"https:\/\/www.accidentdutravail-idf.net\/blog\/#organization"},"image":{"@id":"https:\/\/www.accidentdutravail-idf.net\/blog\/un-ouvrier-tue-apres-un-accident-sur-le-site-de-pochet-du-courval-pres-de-blangy-sur-bresle\/#primaryimage"},"thumbnailUrl":"https:\/\/www.accidentdutravail-idf.net\/blog\/wp-content\/uploads\/2024\/09\/un-ouvrier-tue-apres-un-accident-sur-le-site-de-pochet-du-courval-pres-de-blangy-sur-bresle.jpg","articleSection":["S\u00e9curit\u00e9 Du Travail En Ile-De-France Et Divers:"],"inLanguage":"fr-FR"},{"@type":"WebPage","@id":"https:\/\/www.accidentdutravail-idf.net\/blog\/un-ouvrier-tue-apres-un-accident-sur-le-site-de-pochet-du-courval-pres-de-blangy-sur-bresle\/","url":"https:\/\/www.accidentdutravail-idf.net\/blog\/un-ouvrier-tue-apres-un-accident-sur-le-site-de-pochet-du-courval-pres-de-blangy-sur-bresle\/","name":"Un ouvrier tu\u00e9 apr\u00e8s un accident sur le site de Pochet du Courval, pr\u00e8s de Blangy-sur-Bresle - ACCIDENTDUTRAVAIL-IDF","isPartOf":{"@id":"https:\/\/www.accidentdutravail-idf.net\/blog\/#website"},"primaryImageOfPage":{"@id":"https:\/\/www.accidentdutravail-idf.net\/blog\/un-ouvrier-tue-apres-un-accident-sur-le-site-de-pochet-du-courval-pres-de-blangy-sur-bresle\/#primaryimage"},"image":{"@id":"https:\/\/www.accidentdutravail-idf.net\/blog\/un-ouvrier-tue-apres-un-accident-sur-le-site-de-pochet-du-courval-pres-de-blangy-sur-bresle\/#primaryimage"},"thumbnailUrl":"https:\/\/www.accidentdutravail-idf.net\/blog\/wp-content\/uploads\/2024\/09\/un-ouvrier-tue-apres-un-accident-sur-le-site-de-pochet-du-courval-pres-de-blangy-sur-bresle.jpg","datePublished":"2024-09-04T05:57:00+00:00","description":"Un ouvrier tu\u00e9 apr\u00e8s un accident sur le site de Pochet du Courval, pr\u00e8s de Blangy-sur-Bresle article de ACCIDENTDUTRAVAIL-IDF","breadcrumb":{"@id":"https:\/\/www.accidentdutravail-idf.net\/blog\/un-ouvrier-tue-apres-un-accident-sur-le-site-de-pochet-du-courval-pres-de-blangy-sur-bresle\/#breadcrumb"},"inLanguage":"fr-FR","potentialAction":[{"@type":"ReadAction","target":["https:\/\/www.accidentdutravail-idf.net\/blog\/un-ouvrier-tue-apres-un-accident-sur-le-site-de-pochet-du-courval-pres-de-blangy-sur-bresle\/"]}]},{"@type":"ImageObject","inLanguage":"fr-FR","@id":"https:\/\/www.accidentdutravail-idf.net\/blog\/un-ouvrier-tue-apres-un-accident-sur-le-site-de-pochet-du-courval-pres-de-blangy-sur-bresle\/#primaryimage","url":"https:\/\/www.accidentdutravail-idf.net\/blog\/wp-content\/uploads\/2024\/09\/un-ouvrier-tue-apres-un-accident-sur-le-site-de-pochet-du-courval-pres-de-blangy-sur-bresle.jpg","contentUrl":"https:\/\/www.accidentdutravail-idf.net\/blog\/wp-content\/uploads\/2024\/09\/un-ouvrier-tue-apres-un-accident-sur-le-site-de-pochet-du-courval-pres-de-blangy-sur-bresle.jpg"},{"@type":"BreadcrumbList","@id":"https:\/\/www.accidentdutravail-idf.net\/blog\/un-ouvrier-tue-apres-un-accident-sur-le-site-de-pochet-du-courval-pres-de-blangy-sur-bresle\/#breadcrumb","itemListElement":[{"@type":"ListItem","position":1,"name":"Accueil","item":"https:\/\/www.accidentdutravail-idf.net\/blog\/"},{"@type":"ListItem","position":2,"name":"Un ouvrier tu\u00e9 apr\u00e8s un accident sur le site de Pochet du Courval, pr\u00e8s de Blangy-sur-Bresle"}]},{"@type":"WebSite","@id":"https:\/\/www.accidentdutravail-idf.net\/blog\/#website","url":"https:\/\/www.accidentdutravail-idf.net\/blog\/","name":"ACCIDENTDUTRAVAIL-IDF","description":"Portail accidents du travail-maladies professionnelles des entreprises d&#039;Ile-de-France","publisher":{"@id":"https:\/\/www.accidentdutravail-idf.net\/blog\/#organization"},"potentialAction":[{"@type":"SearchAction","target":{"@type":"EntryPoint","urlTemplate":"https:\/\/www.accidentdutravail-idf.net\/blog\/?s={search_term_string}"},"query-input":{"@type":"PropertyValueSpecification","valueRequired":true,"valueName":"search_term_string"}}],"inLanguage":"fr-FR"},{"@type":"Organization","@id":"https:\/\/www.accidentdutravail-idf.net\/blog\/#organization","name":"accidentdutravail-idf","url":"https:\/\/www.accidentdutravail-idf.net\/blog\/","logo":{"@type":"ImageObject","inLanguage":"fr-FR","@id":"https:\/\/www.accidentdutravail-idf.net\/blog\/#\/schema\/logo\/image\/","url":"https:\/\/www.accidentdutravail-idf.net\/blog\/wp-content\/uploads\/2022\/09\/logo-2.png","contentUrl":"https:\/\/www.accidentdutravail-idf.net\/blog\/wp-content\/uploads\/2022\/09\/logo-2.png","width":380,"height":291,"caption":"accidentdutravail-idf"},"image":{"@id":"https:\/\/www.accidentdutravail-idf.net\/blog\/#\/schema\/logo\/image\/"}},{"@type":"Person","@id":"https:\/\/www.accidentdutravail-idf.net\/blog\/#\/schema\/person\/3255d2f970de45e64bd9201f38e7b947","name":"Carlos Poulain","image":{"@type":"ImageObject","inLanguage":"fr-FR","@id":"https:\/\/secure.gravatar.com\/avatar\/b1c2f9d3588e34e91adb093635df64ef4b2381991216be7576466cfcdca4baf3?s=96&d=mm&r=g","url":"https:\/\/secure.gravatar.com\/avatar\/b1c2f9d3588e34e91adb093635df64ef4b2381991216be7576466cfcdca4baf3?s=96&d=mm&r=g","contentUrl":"https:\/\/secure.gravatar.com\/avatar\/b1c2f9d3588e34e91adb093635df64ef4b2381991216be7576466cfcdca4baf3?s=96&d=mm&r=g","caption":"Carlos Poulain"},"url":"https:\/\/www.accidentdutravail-idf.net\/blog\/author\/idfcarlos\/"}]}},"_links":{"self":[{"href":"https:\/\/www.accidentdutravail-idf.net\/blog\/wp-json\/wp\/v2\/posts\/754","targetHints":{"allow":["GET"]}}],"collection":[{"href":"https:\/\/www.accidentdutravail-idf.net\/blog\/wp-json\/wp\/v2\/posts"}],"about":[{"href":"https:\/\/www.accidentdutravail-idf.net\/blog\/wp-json\/wp\/v2\/types\/post"}],"author":[{"embeddable":true,"href":"https:\/\/www.accidentdutravail-idf.net\/blog\/wp-json\/wp\/v2\/users\/2"}],"replies":[{"embeddable":true,"href":"https:\/\/www.accidentdutravail-idf.net\/blog\/wp-json\/wp\/v2\/comments?post=754"}],"version-history":[{"count":0,"href":"https:\/\/www.accidentdutravail-idf.net\/blog\/wp-json\/wp\/v2\/posts\/754\/revisions"}],"wp:attachment":[{"href":"https:\/\/www.accidentdutravail-idf.net\/blog\/wp-json\/wp\/v2\/media?parent=754"}],"wp:term":[{"taxonomy":"category","embeddable":true,"href":"https:\/\/www.accidentdutravail-idf.net\/blog\/wp-json\/wp\/v2\/categories?post=754"},{"taxonomy":"post_tag","embeddable":true,"href":"https:\/\/www.accidentdutravail-idf.net\/blog\/wp-json\/wp\/v2\/tags?post=754"}],"curies":[{"name":"wp","href":"https:\/\/api.w.org\/{rel}","templated":true}]}}