{"id":741,"date":"2024-09-02T12:52:00","date_gmt":"2024-09-02T10:52:00","guid":{"rendered":"https:\/\/www.accidentdutravail-idf.net\/blog\/alexis-hanquinquant-le-clinquant-revivez-la-journee-animee-du-triathlon-francais-aux-jeux-paralympiques-de-paris\/"},"modified":"2024-09-02T12:52:00","modified_gmt":"2024-09-02T10:52:00","slug":"alexis-hanquinquant-le-clinquant-revivez-la-journee-animee-du-triathlon-francais-aux-jeux-paralympiques-de-paris","status":"publish","type":"post","link":"https:\/\/www.accidentdutravail-idf.net\/blog\/alexis-hanquinquant-le-clinquant-revivez-la-journee-animee-du-triathlon-francais-aux-jeux-paralympiques-de-paris\/","title":{"rendered":"Alexis Hanquinquant le clinquant : revivez la journ\u00e9e anim\u00e9e du triathlon fran\u00e7ais aux Jeux Paralympiques de Paris"},"content":{"rendered":"<div><img decoding=\"async\" src=\"https:\/\/www.accidentdutravail-idf.net\/blog\/wp-content\/uploads\/2024\/09\/alexis-hanquinquant-le-clinquant-revivez-la-journee-animee-du-triathlon-francais-aux-jeux-paralympiques-de-paris.jpg\" class=\"ff-og-image-inserted\"><\/div>\n<p> L\u2019\u00e9quipe de France de triathlon, emmen\u00e9e par son porte-drapeau Alexis Hanquinquant, a ajout\u00e9 quatre m\u00e9dailles, dont deux d\u2019or, \u00e0 la d\u00e9l\u00e9gation tricolore ce lundi 2&nbsp;septembre. <\/p>\n<div> <!-- Pub DFP Position [outstream] --> <\/p>\n<p>Le pont Alexandre III, un splendide \u00e9difice construit en 1900. Un nom choisi en hommage \u00e0 l\u2019amiti\u00e9 franco-russe \u00e0 cette \u00e9poque, d\u2019o\u00f9 le choix d\u2019Alexandre III, dernier empereur mort sur son tr\u00f4ne. \u00c9tant donn\u00e9 le contexte, voici une proposition&nbsp;: pourquoi pas le renommer pont du Triathlon fran\u00e7ais&nbsp;? \u00c7a sonne bien, c\u2019est d\u2019actualit\u00e9, ce n\u2019est pas clivant, c\u2019est cocorico\u2026 Et c\u2019est surtout criant de sens.<\/p>\n<p>Cet \u00e9t\u00e9, le c\u00e9l\u00e8bre pont parisien s\u2019est transform\u00e9 en th\u00e9\u00e2tre de gloire du triathlon tricolore. Cassandre Beaugrand et L\u00e9o Berg\u00e8re, respectivement en or et en bronze il y a un mois, ont d\u00e9croch\u00e9 les premi\u00e8res breloques pour le triathlon bleu aux JO. Aux \u201cParas\u201d, ce lundi, les traditionnels d\u00e9luges de la rentr\u00e9e parisienne ont \u00e9t\u00e9 remplac\u00e9s par une pluie de m\u00e9taux venue arroser le tableau des m\u00e9dailles fran\u00e7ais. Et un torrent d\u2019\u00e9motions pour ces athl\u00e8tes apr\u00e8s des ann\u00e9es de travail acharn\u00e9.<\/p>\n<p><!-- Pub DFP Position [article] --> <\/p>\n<h2 class=\"txt-int\">\u00ab\u00a0Je d\u00e9die ma vie \u00e0 ces Jeux\u00a0\u00bb<\/h2>\n<p>Difficile de rester insensible aux larmes de Jules Ribstein, au sommet de l\u2019Olympe apr\u00e8s de longues p\u00e9riodes de doutes. <em>\u00ab\u00a0\u00c7a fait quatre ans que je d\u00e9die ma vie \u00e0 ces Jeux. Je n\u2019\u00e9tais pas s\u00fbr de moi. Je suis quelqu\u2019un d\u2019hyper stress\u00e9, hyper\u00e9motif, j\u2019avais peur que \u00e7a me joue des tours. \u00c7a fait une semaine que je prends du Stilnox pour dormir, la pression \u00e9tait \u00e0 son paroxysme. L\u00e0, je vais pouvoir arr\u00eater les somnif\u00e8res\u00a0\u00bb<\/em>, assurait, yeux humides, le Strasbourgeois de 37 ans.<\/p>\n<p>Une anxi\u00e9t\u00e9 paradoxale pour celui qui est quadruple champion du monde, grand favori de la cat\u00e9gorie PTS2, r\u00e9serv\u00e9e aux handicaps physiques s\u00e9v\u00e8res. Son accident de moto survenu en 2008, l\u2019obligeant \u00e0 se faire amputer de la jambe gauche au niveau du f\u00e9mur, l\u2019a boulevers\u00e9. Mais l\u2019a propuls\u00e9 sur la plus haute marche d\u2019un podium paralympique.<\/p>\n<h2 class=\"txt-int\">Alexis II sur Alexandre III<\/h2>\n<p>Ribstein \u00e9tait le premier p\u00e9tard du feu d\u2019artifice \u00e0 venir, dans une matin\u00e9e o\u00f9 les spectateurs, \u00e0 d\u00e9faut de comprendre tout ce qui se passait vu le nombre de cat\u00e9gories engag\u00e9es, en ont eu plein les yeux. Dans sa foul\u00e9e, les Fran\u00e7ais engag\u00e9s en PTVI, r\u00e9serv\u00e9e aux mal et non-voyants, ont cartonn\u00e9. Derri\u00e8re l\u2019intouchable Britannique Dave Ellis, Thibaut Rigaudeau et Antoine P\u00e9rel sont all\u00e9s chercher le podium (voir par ailleurs). L\u2019entente avec leur guide, \u00e0 l\u2019instar de toutes les \u00e9preuves ouvertes aux d\u00e9ficients visuels, est le coup de c\u0153ur de ces Paralympiques.<\/p>\n<p>Puis le coup de ma\u00eetre est venu conclure une matin\u00e9e au top pour la d\u00e9l\u00e9gation tricolore, m\u00eame si quelques m\u00e9dailles suppl\u00e9mentaires \u00e9taient esp\u00e9r\u00e9es. Alexis Hanquinquant a boucl\u00e9 le tout avec insolence tant sa domination est grande chez les PTS4. Invaincu depuis le 17&nbsp;ao\u00fbt 2019, 27 courses gagn\u00e9es cons\u00e9cutivement, six titres de champion du monde et d\u2019Europe, le porte-drapeau fran\u00e7ais est d\u00e9sormais double champion paralympique.<\/p>\n<p>Un parcours extraordinaire pour ce Parisien de 38 ans. Champion de France de boxe full-contact en 2010, il a d\u00fb ranger ses gants apr\u00e8s un accident du travail quelques mois plus tard. R\u00e9sultat&nbsp;: amputation du bas de sa jambe droite. Le r\u00eave paralympique est vite devenu une \u00e9vidence. Il a \u00e9t\u00e9 atteint. Deux fois. Le roi Hanquinquant II s\u2019est fait sacrer empereur du para-triathlon sur le pont Alexandre III. Euh, pardon, sur le pont du Triathlon fran\u00e7ais.<\/p>\n<div class=\"std-frame\">\n<h2 class=\"encart_titre\">A chaud<\/h2>\n<div class=\"encart_texte\">\n<p>\u00ab\u00a0J\u2019avais dit qu\u2019une seconde ou une minute d\u2019avance sur les adversaires, ce n\u2019\u00e9tait pas important. L\u2019important \u00e9tait de gagner. Et en fait, je me suis surpris \u00e0 v\u00e9lo, \u00e0 creuser les \u00e9carts. Je pense que j\u2019\u00e9tais sur un petit nuage aujourd\u2019hui et \u00e7a a vol\u00e9 de A \u00e0 Z.<\/p>\n<p>C\u2019\u00e9tait une course tr\u00e8s attendue. On a beaucoup travaill\u00e9 avec Nico, mon coach (Nicolas Pouleau, ndlr) sur la vid\u00e9o. La vid\u00e9o de ce parcours, du stress climatique, du stress psychologique. Et voil\u00e0, aujourd\u2019hui, \u00e7a a roul\u00e9, tout simplement.<\/p>\n<p>Pour l\u2019instant, je ne me vois pas arr\u00eater comme \u00e7a. Ce serait dommage. Je pense que je prouve que je suis comp\u00e9titif. Donc j\u2019ai encore les crocs.\u00a0\u00bb<\/p>\n<\/div>\n<\/div><\/div>\n<p>accidentdutravail-idf.net vous a pr\u00e9par\u00e9 ce post qui informe du sujet \u00ab\u00a0Association Sportive Huisson-Longueville Essonne\u00a0\u00bb. La chronique se veut g\u00e9n\u00e9r\u00e9e du mieux possible. Vous pouvez utiliser les coordonn\u00e9es indiqu\u00e9es sur le site dans le but d\u2019apporter des explications sur ce post qui parle du th\u00e8me \u00ab\u00a0Association Sportive Huisson-Longueville Essonne\u00a0\u00bb. Le site accidentdutravail-idf.net a pour but de fournir diverses publications sur la th\u00e9matique Association Sportive Huisson-Longueville Essonne diffus\u00e9es sur le net. Il y aura plusieurs articles autour du sujet \u00ab\u00a0Association Sportive Huisson-Longueville Essonne\u00a0\u00bb dans quelques jours, nous vous invitons \u00e0 naviguer sur notre site web \u00e0 plusieurs reprises.<\/p>\n","protected":false},"excerpt":{"rendered":"<p>L\u2019\u00e9quipe de France de triathlon, emmen\u00e9e par son porte-drapeau Alexis Hanquinquant, a ajout\u00e9 quatre m\u00e9dailles, dont deux d\u2019or, \u00e0 la d\u00e9l\u00e9gation tricolore ce lundi 2&nbsp;septembre. Le pont Alexandre III, un splendide \u00e9difice construit en 1900. Un nom choisi en hommage \u00e0 l\u2019amiti\u00e9 franco-russe \u00e0 cette \u00e9poque, d\u2019o\u00f9 le choix d\u2019Alexandre III, dernier empereur mort sur &hellip; <\/p>\n<p class=\"link-more\"><a href=\"https:\/\/www.accidentdutravail-idf.net\/blog\/alexis-hanquinquant-le-clinquant-revivez-la-journee-animee-du-triathlon-francais-aux-jeux-paralympiques-de-paris\/\" class=\"more-link\">Continuer la lecture <span class=\"screen-reader-text\"> \u00ab\u00a0Alexis Hanquinquant le clinquant : revivez la journ\u00e9e anim\u00e9e du triathlon fran\u00e7ais aux Jeux Paralympiques de Paris\u00a0\u00bb<\/span><\/a><\/p>\n","protected":false},"author":2,"featured_media":0,"comment_status":"closed","ping_status":"closed","sticky":false,"template":"","format":"standard","meta":{"footnotes":""},"categories":[5],"tags":[],"class_list":["post-741","post","type-post","status-publish","format-standard","hentry","category-securite-du-travail-en-ile-de-france-et-divers","entry"],"yoast_head":"<!-- This site is optimized with the Yoast SEO plugin v27.5 - https:\/\/yoast.com\/product\/yoast-seo-wordpress\/ -->\n<title>Alexis Hanquinquant le clinquant : revivez la journ\u00e9e anim\u00e9e du triathlon fran\u00e7ais aux Jeux Paralympiques de Paris - ACCIDENTDUTRAVAIL-IDF<\/title>\n<meta name=\"description\" content=\"Alexis Hanquinquant le clinquant : revivez la journ\u00e9e anim\u00e9e du triathlon fran\u00e7ais aux Jeux Paralympiques de Paris article de ACCIDENTDUTRAVAIL-IDF\" \/>\n<meta name=\"robots\" content=\"index, follow, max-snippet:-1, max-image-preview:large, max-video-preview:-1\" \/>\n<link rel=\"canonical\" href=\"https:\/\/www.accidentdutravail-idf.net\/blog\/alexis-hanquinquant-le-clinquant-revivez-la-journee-animee-du-triathlon-francais-aux-jeux-paralympiques-de-paris\/\" \/>\n<meta property=\"og:locale\" content=\"fr_FR\" \/>\n<meta property=\"og:type\" content=\"article\" \/>\n<meta property=\"og:title\" content=\"Alexis Hanquinquant le clinquant : revivez la journ\u00e9e anim\u00e9e du triathlon fran\u00e7ais aux Jeux Paralympiques de Paris - ACCIDENTDUTRAVAIL-IDF\" \/>\n<meta property=\"og:description\" content=\"Alexis Hanquinquant le clinquant : revivez la journ\u00e9e anim\u00e9e du triathlon fran\u00e7ais aux Jeux Paralympiques de Paris article de ACCIDENTDUTRAVAIL-IDF\" \/>\n<meta property=\"og:url\" content=\"https:\/\/www.accidentdutravail-idf.net\/blog\/alexis-hanquinquant-le-clinquant-revivez-la-journee-animee-du-triathlon-francais-aux-jeux-paralympiques-de-paris\/\" \/>\n<meta property=\"og:site_name\" content=\"ACCIDENTDUTRAVAIL-IDF\" \/>\n<meta property=\"article:published_time\" content=\"2024-09-02T10:52:00+00:00\" \/>\n<meta property=\"og:image\" content=\"https:\/\/www.accidentdutravail-idf.net\/blog\/wp-content\/uploads\/2024\/09\/alexis-hanquinquant-le-clinquant-revivez-la-journee-animee-du-triathlon-francais-aux-jeux-paralympiques-de-paris.jpg\" \/>\n<meta name=\"author\" content=\"Carlos Poulain\" \/>\n<meta name=\"twitter:card\" content=\"summary_large_image\" \/>\n<meta name=\"twitter:label1\" content=\"\u00c9crit par\" \/>\n\t<meta name=\"twitter:data1\" content=\"Carlos Poulain\" \/>\n\t<meta name=\"twitter:label2\" content=\"Dur\u00e9e de lecture estim\u00e9e\" \/>\n\t<meta name=\"twitter:data2\" content=\"4 minutes\" \/>\n<script type=\"application\/ld+json\" class=\"yoast-schema-graph\">{\"@context\":\"https:\\\/\\\/schema.org\",\"@graph\":[{\"@type\":\"Article\",\"@id\":\"https:\\\/\\\/www.accidentdutravail-idf.net\\\/blog\\\/alexis-hanquinquant-le-clinquant-revivez-la-journee-animee-du-triathlon-francais-aux-jeux-paralympiques-de-paris\\\/#article\",\"isPartOf\":{\"@id\":\"https:\\\/\\\/www.accidentdutravail-idf.net\\\/blog\\\/alexis-hanquinquant-le-clinquant-revivez-la-journee-animee-du-triathlon-francais-aux-jeux-paralympiques-de-paris\\\/\"},\"author\":{\"name\":\"Carlos Poulain\",\"@id\":\"https:\\\/\\\/www.accidentdutravail-idf.net\\\/blog\\\/#\\\/schema\\\/person\\\/3255d2f970de45e64bd9201f38e7b947\"},\"headline\":\"Alexis Hanquinquant le clinquant : revivez la journ\u00e9e anim\u00e9e du triathlon fran\u00e7ais aux Jeux Paralympiques de Paris\",\"datePublished\":\"2024-09-02T10:52:00+00:00\",\"mainEntityOfPage\":{\"@id\":\"https:\\\/\\\/www.accidentdutravail-idf.net\\\/blog\\\/alexis-hanquinquant-le-clinquant-revivez-la-journee-animee-du-triathlon-francais-aux-jeux-paralympiques-de-paris\\\/\"},\"wordCount\":893,\"publisher\":{\"@id\":\"https:\\\/\\\/www.accidentdutravail-idf.net\\\/blog\\\/#organization\"},\"image\":{\"@id\":\"https:\\\/\\\/www.accidentdutravail-idf.net\\\/blog\\\/alexis-hanquinquant-le-clinquant-revivez-la-journee-animee-du-triathlon-francais-aux-jeux-paralympiques-de-paris\\\/#primaryimage\"},\"thumbnailUrl\":\"https:\\\/\\\/www.accidentdutravail-idf.net\\\/blog\\\/wp-content\\\/uploads\\\/2024\\\/09\\\/alexis-hanquinquant-le-clinquant-revivez-la-journee-animee-du-triathlon-francais-aux-jeux-paralympiques-de-paris.jpg\",\"articleSection\":[\"S\u00e9curit\u00e9 Du Travail En Ile-De-France Et Divers:\"],\"inLanguage\":\"fr-FR\"},{\"@type\":\"WebPage\",\"@id\":\"https:\\\/\\\/www.accidentdutravail-idf.net\\\/blog\\\/alexis-hanquinquant-le-clinquant-revivez-la-journee-animee-du-triathlon-francais-aux-jeux-paralympiques-de-paris\\\/\",\"url\":\"https:\\\/\\\/www.accidentdutravail-idf.net\\\/blog\\\/alexis-hanquinquant-le-clinquant-revivez-la-journee-animee-du-triathlon-francais-aux-jeux-paralympiques-de-paris\\\/\",\"name\":\"Alexis Hanquinquant le clinquant : revivez la journ\u00e9e anim\u00e9e du triathlon fran\u00e7ais aux Jeux Paralympiques de Paris - ACCIDENTDUTRAVAIL-IDF\",\"isPartOf\":{\"@id\":\"https:\\\/\\\/www.accidentdutravail-idf.net\\\/blog\\\/#website\"},\"primaryImageOfPage\":{\"@id\":\"https:\\\/\\\/www.accidentdutravail-idf.net\\\/blog\\\/alexis-hanquinquant-le-clinquant-revivez-la-journee-animee-du-triathlon-francais-aux-jeux-paralympiques-de-paris\\\/#primaryimage\"},\"image\":{\"@id\":\"https:\\\/\\\/www.accidentdutravail-idf.net\\\/blog\\\/alexis-hanquinquant-le-clinquant-revivez-la-journee-animee-du-triathlon-francais-aux-jeux-paralympiques-de-paris\\\/#primaryimage\"},\"thumbnailUrl\":\"https:\\\/\\\/www.accidentdutravail-idf.net\\\/blog\\\/wp-content\\\/uploads\\\/2024\\\/09\\\/alexis-hanquinquant-le-clinquant-revivez-la-journee-animee-du-triathlon-francais-aux-jeux-paralympiques-de-paris.jpg\",\"datePublished\":\"2024-09-02T10:52:00+00:00\",\"description\":\"Alexis Hanquinquant le clinquant : revivez la journ\u00e9e anim\u00e9e du triathlon fran\u00e7ais aux Jeux Paralympiques de Paris article de ACCIDENTDUTRAVAIL-IDF\",\"breadcrumb\":{\"@id\":\"https:\\\/\\\/www.accidentdutravail-idf.net\\\/blog\\\/alexis-hanquinquant-le-clinquant-revivez-la-journee-animee-du-triathlon-francais-aux-jeux-paralympiques-de-paris\\\/#breadcrumb\"},\"inLanguage\":\"fr-FR\",\"potentialAction\":[{\"@type\":\"ReadAction\",\"target\":[\"https:\\\/\\\/www.accidentdutravail-idf.net\\\/blog\\\/alexis-hanquinquant-le-clinquant-revivez-la-journee-animee-du-triathlon-francais-aux-jeux-paralympiques-de-paris\\\/\"]}]},{\"@type\":\"ImageObject\",\"inLanguage\":\"fr-FR\",\"@id\":\"https:\\\/\\\/www.accidentdutravail-idf.net\\\/blog\\\/alexis-hanquinquant-le-clinquant-revivez-la-journee-animee-du-triathlon-francais-aux-jeux-paralympiques-de-paris\\\/#primaryimage\",\"url\":\"https:\\\/\\\/www.accidentdutravail-idf.net\\\/blog\\\/wp-content\\\/uploads\\\/2024\\\/09\\\/alexis-hanquinquant-le-clinquant-revivez-la-journee-animee-du-triathlon-francais-aux-jeux-paralympiques-de-paris.jpg\",\"contentUrl\":\"https:\\\/\\\/www.accidentdutravail-idf.net\\\/blog\\\/wp-content\\\/uploads\\\/2024\\\/09\\\/alexis-hanquinquant-le-clinquant-revivez-la-journee-animee-du-triathlon-francais-aux-jeux-paralympiques-de-paris.jpg\"},{\"@type\":\"BreadcrumbList\",\"@id\":\"https:\\\/\\\/www.accidentdutravail-idf.net\\\/blog\\\/alexis-hanquinquant-le-clinquant-revivez-la-journee-animee-du-triathlon-francais-aux-jeux-paralympiques-de-paris\\\/#breadcrumb\",\"itemListElement\":[{\"@type\":\"ListItem\",\"position\":1,\"name\":\"Accueil\",\"item\":\"https:\\\/\\\/www.accidentdutravail-idf.net\\\/blog\\\/\"},{\"@type\":\"ListItem\",\"position\":2,\"name\":\"Alexis Hanquinquant le clinquant : revivez la journ\u00e9e anim\u00e9e du triathlon fran\u00e7ais aux Jeux Paralympiques de Paris\"}]},{\"@type\":\"WebSite\",\"@id\":\"https:\\\/\\\/www.accidentdutravail-idf.net\\\/blog\\\/#website\",\"url\":\"https:\\\/\\\/www.accidentdutravail-idf.net\\\/blog\\\/\",\"name\":\"ACCIDENTDUTRAVAIL-IDF\",\"description\":\"Portail accidents du travail-maladies professionnelles des entreprises d&#039;Ile-de-France\",\"publisher\":{\"@id\":\"https:\\\/\\\/www.accidentdutravail-idf.net\\\/blog\\\/#organization\"},\"potentialAction\":[{\"@type\":\"SearchAction\",\"target\":{\"@type\":\"EntryPoint\",\"urlTemplate\":\"https:\\\/\\\/www.accidentdutravail-idf.net\\\/blog\\\/?s={search_term_string}\"},\"query-input\":{\"@type\":\"PropertyValueSpecification\",\"valueRequired\":true,\"valueName\":\"search_term_string\"}}],\"inLanguage\":\"fr-FR\"},{\"@type\":\"Organization\",\"@id\":\"https:\\\/\\\/www.accidentdutravail-idf.net\\\/blog\\\/#organization\",\"name\":\"accidentdutravail-idf\",\"url\":\"https:\\\/\\\/www.accidentdutravail-idf.net\\\/blog\\\/\",\"logo\":{\"@type\":\"ImageObject\",\"inLanguage\":\"fr-FR\",\"@id\":\"https:\\\/\\\/www.accidentdutravail-idf.net\\\/blog\\\/#\\\/schema\\\/logo\\\/image\\\/\",\"url\":\"https:\\\/\\\/www.accidentdutravail-idf.net\\\/blog\\\/wp-content\\\/uploads\\\/2022\\\/09\\\/logo-2.png\",\"contentUrl\":\"https:\\\/\\\/www.accidentdutravail-idf.net\\\/blog\\\/wp-content\\\/uploads\\\/2022\\\/09\\\/logo-2.png\",\"width\":380,\"height\":291,\"caption\":\"accidentdutravail-idf\"},\"image\":{\"@id\":\"https:\\\/\\\/www.accidentdutravail-idf.net\\\/blog\\\/#\\\/schema\\\/logo\\\/image\\\/\"}},{\"@type\":\"Person\",\"@id\":\"https:\\\/\\\/www.accidentdutravail-idf.net\\\/blog\\\/#\\\/schema\\\/person\\\/3255d2f970de45e64bd9201f38e7b947\",\"name\":\"Carlos Poulain\",\"image\":{\"@type\":\"ImageObject\",\"inLanguage\":\"fr-FR\",\"@id\":\"https:\\\/\\\/secure.gravatar.com\\\/avatar\\\/b1c2f9d3588e34e91adb093635df64ef4b2381991216be7576466cfcdca4baf3?s=96&d=mm&r=g\",\"url\":\"https:\\\/\\\/secure.gravatar.com\\\/avatar\\\/b1c2f9d3588e34e91adb093635df64ef4b2381991216be7576466cfcdca4baf3?s=96&d=mm&r=g\",\"contentUrl\":\"https:\\\/\\\/secure.gravatar.com\\\/avatar\\\/b1c2f9d3588e34e91adb093635df64ef4b2381991216be7576466cfcdca4baf3?s=96&d=mm&r=g\",\"caption\":\"Carlos Poulain\"},\"url\":\"https:\\\/\\\/www.accidentdutravail-idf.net\\\/blog\\\/author\\\/idfcarlos\\\/\"}]}<\/script>\n<!-- \/ Yoast SEO plugin. -->","yoast_head_json":{"title":"Alexis Hanquinquant le clinquant : revivez la journ\u00e9e anim\u00e9e du triathlon fran\u00e7ais aux Jeux Paralympiques de Paris - ACCIDENTDUTRAVAIL-IDF","description":"Alexis Hanquinquant le clinquant : revivez la journ\u00e9e anim\u00e9e du triathlon fran\u00e7ais aux Jeux Paralympiques de Paris article de ACCIDENTDUTRAVAIL-IDF","robots":{"index":"index","follow":"follow","max-snippet":"max-snippet:-1","max-image-preview":"max-image-preview:large","max-video-preview":"max-video-preview:-1"},"canonical":"https:\/\/www.accidentdutravail-idf.net\/blog\/alexis-hanquinquant-le-clinquant-revivez-la-journee-animee-du-triathlon-francais-aux-jeux-paralympiques-de-paris\/","og_locale":"fr_FR","og_type":"article","og_title":"Alexis Hanquinquant le clinquant : revivez la journ\u00e9e anim\u00e9e du triathlon fran\u00e7ais aux Jeux Paralympiques de Paris - ACCIDENTDUTRAVAIL-IDF","og_description":"Alexis Hanquinquant le clinquant : revivez la journ\u00e9e anim\u00e9e du triathlon fran\u00e7ais aux Jeux Paralympiques de Paris article de ACCIDENTDUTRAVAIL-IDF","og_url":"https:\/\/www.accidentdutravail-idf.net\/blog\/alexis-hanquinquant-le-clinquant-revivez-la-journee-animee-du-triathlon-francais-aux-jeux-paralympiques-de-paris\/","og_site_name":"ACCIDENTDUTRAVAIL-IDF","article_published_time":"2024-09-02T10:52:00+00:00","og_image":[{"url":"https:\/\/www.accidentdutravail-idf.net\/blog\/wp-content\/uploads\/2024\/09\/alexis-hanquinquant-le-clinquant-revivez-la-journee-animee-du-triathlon-francais-aux-jeux-paralympiques-de-paris.jpg","type":"","width":"","height":""}],"author":"Carlos Poulain","twitter_card":"summary_large_image","twitter_misc":{"\u00c9crit par":"Carlos Poulain","Dur\u00e9e de lecture estim\u00e9e":"4 minutes"},"schema":{"@context":"https:\/\/schema.org","@graph":[{"@type":"Article","@id":"https:\/\/www.accidentdutravail-idf.net\/blog\/alexis-hanquinquant-le-clinquant-revivez-la-journee-animee-du-triathlon-francais-aux-jeux-paralympiques-de-paris\/#article","isPartOf":{"@id":"https:\/\/www.accidentdutravail-idf.net\/blog\/alexis-hanquinquant-le-clinquant-revivez-la-journee-animee-du-triathlon-francais-aux-jeux-paralympiques-de-paris\/"},"author":{"name":"Carlos Poulain","@id":"https:\/\/www.accidentdutravail-idf.net\/blog\/#\/schema\/person\/3255d2f970de45e64bd9201f38e7b947"},"headline":"Alexis Hanquinquant le clinquant : revivez la journ\u00e9e anim\u00e9e du triathlon fran\u00e7ais aux Jeux Paralympiques de Paris","datePublished":"2024-09-02T10:52:00+00:00","mainEntityOfPage":{"@id":"https:\/\/www.accidentdutravail-idf.net\/blog\/alexis-hanquinquant-le-clinquant-revivez-la-journee-animee-du-triathlon-francais-aux-jeux-paralympiques-de-paris\/"},"wordCount":893,"publisher":{"@id":"https:\/\/www.accidentdutravail-idf.net\/blog\/#organization"},"image":{"@id":"https:\/\/www.accidentdutravail-idf.net\/blog\/alexis-hanquinquant-le-clinquant-revivez-la-journee-animee-du-triathlon-francais-aux-jeux-paralympiques-de-paris\/#primaryimage"},"thumbnailUrl":"https:\/\/www.accidentdutravail-idf.net\/blog\/wp-content\/uploads\/2024\/09\/alexis-hanquinquant-le-clinquant-revivez-la-journee-animee-du-triathlon-francais-aux-jeux-paralympiques-de-paris.jpg","articleSection":["S\u00e9curit\u00e9 Du Travail En Ile-De-France Et Divers:"],"inLanguage":"fr-FR"},{"@type":"WebPage","@id":"https:\/\/www.accidentdutravail-idf.net\/blog\/alexis-hanquinquant-le-clinquant-revivez-la-journee-animee-du-triathlon-francais-aux-jeux-paralympiques-de-paris\/","url":"https:\/\/www.accidentdutravail-idf.net\/blog\/alexis-hanquinquant-le-clinquant-revivez-la-journee-animee-du-triathlon-francais-aux-jeux-paralympiques-de-paris\/","name":"Alexis Hanquinquant le clinquant : revivez la journ\u00e9e anim\u00e9e du triathlon fran\u00e7ais aux Jeux Paralympiques de Paris - ACCIDENTDUTRAVAIL-IDF","isPartOf":{"@id":"https:\/\/www.accidentdutravail-idf.net\/blog\/#website"},"primaryImageOfPage":{"@id":"https:\/\/www.accidentdutravail-idf.net\/blog\/alexis-hanquinquant-le-clinquant-revivez-la-journee-animee-du-triathlon-francais-aux-jeux-paralympiques-de-paris\/#primaryimage"},"image":{"@id":"https:\/\/www.accidentdutravail-idf.net\/blog\/alexis-hanquinquant-le-clinquant-revivez-la-journee-animee-du-triathlon-francais-aux-jeux-paralympiques-de-paris\/#primaryimage"},"thumbnailUrl":"https:\/\/www.accidentdutravail-idf.net\/blog\/wp-content\/uploads\/2024\/09\/alexis-hanquinquant-le-clinquant-revivez-la-journee-animee-du-triathlon-francais-aux-jeux-paralympiques-de-paris.jpg","datePublished":"2024-09-02T10:52:00+00:00","description":"Alexis Hanquinquant le clinquant : revivez la journ\u00e9e anim\u00e9e du triathlon fran\u00e7ais aux Jeux Paralympiques de Paris article de ACCIDENTDUTRAVAIL-IDF","breadcrumb":{"@id":"https:\/\/www.accidentdutravail-idf.net\/blog\/alexis-hanquinquant-le-clinquant-revivez-la-journee-animee-du-triathlon-francais-aux-jeux-paralympiques-de-paris\/#breadcrumb"},"inLanguage":"fr-FR","potentialAction":[{"@type":"ReadAction","target":["https:\/\/www.accidentdutravail-idf.net\/blog\/alexis-hanquinquant-le-clinquant-revivez-la-journee-animee-du-triathlon-francais-aux-jeux-paralympiques-de-paris\/"]}]},{"@type":"ImageObject","inLanguage":"fr-FR","@id":"https:\/\/www.accidentdutravail-idf.net\/blog\/alexis-hanquinquant-le-clinquant-revivez-la-journee-animee-du-triathlon-francais-aux-jeux-paralympiques-de-paris\/#primaryimage","url":"https:\/\/www.accidentdutravail-idf.net\/blog\/wp-content\/uploads\/2024\/09\/alexis-hanquinquant-le-clinquant-revivez-la-journee-animee-du-triathlon-francais-aux-jeux-paralympiques-de-paris.jpg","contentUrl":"https:\/\/www.accidentdutravail-idf.net\/blog\/wp-content\/uploads\/2024\/09\/alexis-hanquinquant-le-clinquant-revivez-la-journee-animee-du-triathlon-francais-aux-jeux-paralympiques-de-paris.jpg"},{"@type":"BreadcrumbList","@id":"https:\/\/www.accidentdutravail-idf.net\/blog\/alexis-hanquinquant-le-clinquant-revivez-la-journee-animee-du-triathlon-francais-aux-jeux-paralympiques-de-paris\/#breadcrumb","itemListElement":[{"@type":"ListItem","position":1,"name":"Accueil","item":"https:\/\/www.accidentdutravail-idf.net\/blog\/"},{"@type":"ListItem","position":2,"name":"Alexis Hanquinquant le clinquant : revivez la journ\u00e9e anim\u00e9e du triathlon fran\u00e7ais aux Jeux Paralympiques de Paris"}]},{"@type":"WebSite","@id":"https:\/\/www.accidentdutravail-idf.net\/blog\/#website","url":"https:\/\/www.accidentdutravail-idf.net\/blog\/","name":"ACCIDENTDUTRAVAIL-IDF","description":"Portail accidents du travail-maladies professionnelles des entreprises d&#039;Ile-de-France","publisher":{"@id":"https:\/\/www.accidentdutravail-idf.net\/blog\/#organization"},"potentialAction":[{"@type":"SearchAction","target":{"@type":"EntryPoint","urlTemplate":"https:\/\/www.accidentdutravail-idf.net\/blog\/?s={search_term_string}"},"query-input":{"@type":"PropertyValueSpecification","valueRequired":true,"valueName":"search_term_string"}}],"inLanguage":"fr-FR"},{"@type":"Organization","@id":"https:\/\/www.accidentdutravail-idf.net\/blog\/#organization","name":"accidentdutravail-idf","url":"https:\/\/www.accidentdutravail-idf.net\/blog\/","logo":{"@type":"ImageObject","inLanguage":"fr-FR","@id":"https:\/\/www.accidentdutravail-idf.net\/blog\/#\/schema\/logo\/image\/","url":"https:\/\/www.accidentdutravail-idf.net\/blog\/wp-content\/uploads\/2022\/09\/logo-2.png","contentUrl":"https:\/\/www.accidentdutravail-idf.net\/blog\/wp-content\/uploads\/2022\/09\/logo-2.png","width":380,"height":291,"caption":"accidentdutravail-idf"},"image":{"@id":"https:\/\/www.accidentdutravail-idf.net\/blog\/#\/schema\/logo\/image\/"}},{"@type":"Person","@id":"https:\/\/www.accidentdutravail-idf.net\/blog\/#\/schema\/person\/3255d2f970de45e64bd9201f38e7b947","name":"Carlos Poulain","image":{"@type":"ImageObject","inLanguage":"fr-FR","@id":"https:\/\/secure.gravatar.com\/avatar\/b1c2f9d3588e34e91adb093635df64ef4b2381991216be7576466cfcdca4baf3?s=96&d=mm&r=g","url":"https:\/\/secure.gravatar.com\/avatar\/b1c2f9d3588e34e91adb093635df64ef4b2381991216be7576466cfcdca4baf3?s=96&d=mm&r=g","contentUrl":"https:\/\/secure.gravatar.com\/avatar\/b1c2f9d3588e34e91adb093635df64ef4b2381991216be7576466cfcdca4baf3?s=96&d=mm&r=g","caption":"Carlos Poulain"},"url":"https:\/\/www.accidentdutravail-idf.net\/blog\/author\/idfcarlos\/"}]}},"_links":{"self":[{"href":"https:\/\/www.accidentdutravail-idf.net\/blog\/wp-json\/wp\/v2\/posts\/741","targetHints":{"allow":["GET"]}}],"collection":[{"href":"https:\/\/www.accidentdutravail-idf.net\/blog\/wp-json\/wp\/v2\/posts"}],"about":[{"href":"https:\/\/www.accidentdutravail-idf.net\/blog\/wp-json\/wp\/v2\/types\/post"}],"author":[{"embeddable":true,"href":"https:\/\/www.accidentdutravail-idf.net\/blog\/wp-json\/wp\/v2\/users\/2"}],"replies":[{"embeddable":true,"href":"https:\/\/www.accidentdutravail-idf.net\/blog\/wp-json\/wp\/v2\/comments?post=741"}],"version-history":[{"count":0,"href":"https:\/\/www.accidentdutravail-idf.net\/blog\/wp-json\/wp\/v2\/posts\/741\/revisions"}],"wp:attachment":[{"href":"https:\/\/www.accidentdutravail-idf.net\/blog\/wp-json\/wp\/v2\/media?parent=741"}],"wp:term":[{"taxonomy":"category","embeddable":true,"href":"https:\/\/www.accidentdutravail-idf.net\/blog\/wp-json\/wp\/v2\/categories?post=741"},{"taxonomy":"post_tag","embeddable":true,"href":"https:\/\/www.accidentdutravail-idf.net\/blog\/wp-json\/wp\/v2\/tags?post=741"}],"curies":[{"name":"wp","href":"https:\/\/api.w.org\/{rel}","templated":true}]}}