{"id":740,"date":"2024-09-01T19:00:00","date_gmt":"2024-09-01T17:00:00","guid":{"rendered":"https:\/\/www.accidentdutravail-idf.net\/blog\/jeux-paralympiques-2024-avec-les-triomphes-dalexis-hanquinquant-et-jules-ribstein-le-reve-eveille-du-triathlon-francais\/"},"modified":"2024-09-01T19:00:00","modified_gmt":"2024-09-01T17:00:00","slug":"jeux-paralympiques-2024-avec-les-triomphes-dalexis-hanquinquant-et-jules-ribstein-le-reve-eveille-du-triathlon-francais","status":"publish","type":"post","link":"https:\/\/www.accidentdutravail-idf.net\/blog\/jeux-paralympiques-2024-avec-les-triomphes-dalexis-hanquinquant-et-jules-ribstein-le-reve-eveille-du-triathlon-francais\/","title":{"rendered":"Jeux paralympiques 2024 : avec les triomphes d\u2019Alexis Hanquinquant et Jules Ribstein, le r\u00eave \u00e9veill\u00e9 du triathlon fran\u00e7ais"},"content":{"rendered":"<figure class=\"article__media\">   <img decoding=\"async\" src=\"https:\/\/www.accidentdutravail-idf.net\/blog\/wp-content\/uploads\/2024\/09\/jeux-paralympiques-2024-avec-les-triomphes-dalexis-hanquinquant-et-jules-ribstein-le-reve-eveille-du-triathlon-francais.jpg\" alt=\"Le triathl\u00e8te Alexis Hanquinquant remporte son deuxi\u00e8me titre paralympique, \u00e0 Paris, le 2&nbsp;septembre 2024.\" width=\"664\" height=\"443\">   <img decoding=\"async\" src=\"https:\/\/www.accidentdutravail-idf.net\/blog\/wp-content\/uploads\/2024\/09\/jeux-paralympiques-2024-avec-les-triomphes-dalexis-hanquinquant-et-jules-ribstein-le-reve-eveille-du-triathlon-francais.jpg\" alt=\"Le triathl\u00e8te Alexis Hanquinquant remporte son deuxi\u00e8me titre paralympique, \u00e0 Paris, le 2&nbsp;septembre 2024.\"><figcaption class=\"article__legend\" aria-hidden=\"true\">Le triathl\u00e8te Alexis Hanquinquant remporte son deuxi\u00e8me titre paralympique, \u00e0 Paris, le 2&nbsp;septembre 2024. <span class=\"article__credit\" aria-hidden=\"true\">MATHIAS BENGUIGUI POUR \u00ab&nbsp;LE MONDE&nbsp;\u00bb<\/span> <\/figcaption><\/figure>\n<p class=\"article__paragraph \"><em>\u00ab&nbsp;Dans mon r\u00eave, c\u2019est grandiose, noir de monde, \u00e7a crie, \u00e7a chante et enfin je r\u00e9alise cet objectif compl\u00e8tement dingue. J\u2019esp\u00e8re qu\u2019il deviendra r\u00e9alit\u00e9, mais comme je suis un grand r\u00eaveur, je m\u2019autorise tout.&nbsp;\u00bb <\/em>Lundi 2&nbsp;septembre, Alexis Hanquinquant a concr\u00e9tis\u00e9 le songe d\u2019une nuit d\u2019\u00e9t\u00e9, cette sc\u00e8ne qu\u2019il avait tant de fois visualis\u00e9e, hant\u00e9 depuis trois ans par les Jeux paralympiques de Paris. Drapeau bleu, blanc, rouge \u00e0 bout de bras, le triathl\u00e8te de 38&nbsp;ans a savour\u00e9 son moment, seul au monde en franchissant le pont Alexandre-III, la tour Eiffel \u00e0 sa gauche et au fond de ce d\u00e9cor majestueux, les feuilles d\u2019or du d\u00f4me des Invalides.<\/p>\n<p class=\"article__paragraph \">D\u00e9j\u00e0 sacr\u00e9 \u00e0 Tokyo en&nbsp;2021, le d\u00e9sormais double champion paralympique a v\u00e9cu le <em>\u00ab&nbsp;sc\u00e9nario parfait. J\u2019\u00e9tais sur un petit nuage aujourd\u2019hui et \u00e7a a vol\u00e9 de A \u00e0 Z&nbsp;\u00bb<\/em>,<em> <\/em>a-t-il imag\u00e9, apr\u00e8s ses 58&nbsp;min&nbsp;01&nbsp;s&nbsp;d\u2019effort \u2013 le meilleur temps, toutes cat\u00e9gories confondues. Sorti de la Seine en t\u00eate apr\u00e8s 750&nbsp;m de crawl, le Normand a creus\u00e9 l\u2019\u00e9cart lors des 20&nbsp;km \u00e0 v\u00e9lo sur les redoutables pav\u00e9s parisiens pour finalement couper le ruban au terme des 5&nbsp;km \u00e0 pied avec plus de deux minutes d\u2019avance sur l\u2019Am\u00e9ricain Carson Clough et plus de trois sur l\u2019Espagnol Nil Riudavets Victory.<\/p>\n<p class=\"article__paragraph \">Invaincu depuis 2019, le sextuple champion du monde \u00e9tait le grandissime favori \u00e0 sa propre succession en PTS4 (cat\u00e9gorie debout, handicap mod\u00e9r\u00e9). Mais le porte-drapeau de la d\u00e9l\u00e9gation fran\u00e7aise r\u00e9cuse l\u2019id\u00e9e que les Jeux \u00e9taient faits. <em>\u00ab&nbsp;Ce n\u2019\u00e9tait pas gagn\u00e9 d\u2019avance,<\/em> insiste l\u2019ancien ma\u00e7on, amput\u00e9 de la jambe droite apr\u00e8s un accident du travail.<em> A chaque course, tous mes adversaires veulent me d\u00e9tr\u00f4ner, c\u2019est un travail de longue haleine. Tous les jours il faut se remettre en question et aller au charbon.&nbsp;\u00bb<\/em><\/p>\n<section class=\"catcher catcher--favoris\">\n<div class=\"catcher__content\"><span class=\"catcher__title catcher__title--hide\">Lire aussi l\u2019entretien |<\/span><span class=\"catcher__desc\"> <span class=\"icon__premium\"><span class=\"sr-only\">Article r\u00e9serv\u00e9 \u00e0 nos abonn\u00e9s<\/span><\/span> <a href=\"https:\/\/www.lemonde.fr\/sport\/article\/2024\/08\/28\/jeux-paralympiques-2024-pour-le-triathlete-alexis-hanquinquant-on-est-tous-handicapes-de-quelque-chose_6297525_3242.html\" class=\"js-article-read-also catcher--favoris__link\" data-premium=\"1\" target=\"_blank\" rel=\"nofollow\">Jeux paralympiques&nbsp;2024&nbsp;: pour le triathl\u00e8te Alexis Hanquinquant, \u00ab&nbsp;on est tous handicap\u00e9s de quelque chose&nbsp;\u00bb<\/a> <\/span> <\/div>\n<p> <button class=\"lmd-btn-icon lmd-btn-icon--primary lmd-btn-icon--m js-trigger-favorite js-lmd-dropdown-favorite-toggler\" aria-expanded=\"false\" aria-controls=\"lmd-dropdown-favorite\" aria-label=\"Ajouter \u00e0 vos s\u00e9lections\" data-article-id=\"3385906\" data-position=\"lire aussi\" data-url=\"https:\/\/www.lemonde.fr\/sport\/article\/2024\/08\/28\/jeux-paralympiques-2024-pour-le-triathlete-alexis-hanquinquant-on-est-tous-handicapes-de-quelque-chose_6297525_3242.html\" data-status> <span class=\"icon__favorites\"><\/span> <span class=\"js-btn-icon-tooltip\" aria-hidden=\"true\">Ajouter \u00e0 vos s\u00e9lections<\/span> <\/button> <\/p>\n<\/section>\n<p class=\"article__paragraph \">Ces derni\u00e8res semaines, il a pouss\u00e9 le perfectionnisme jusqu\u2019\u00e0 se confronter au stress climatique (sous \u00ab&nbsp;thermo room&nbsp;\u00bb, une salle reproduisant la chaleur et l\u2019humidit\u00e9) et psychologique \u00e0 l\u2019entra\u00eenement. Le but&nbsp;?<em> \u00ab&nbsp;Qu\u2019il se dise&nbsp;: il ne peut rien m\u2019arriver le jour J&nbsp;\u00bb, <\/em>raconte Nicolas Pouleau, son coach. Ainsi, sur son home-trainer, Alexis Hanquinquant a d\u00fb p\u00e9daler en visionnant la vid\u00e9o de l\u2019\u00e9preuve test \u00e0 l\u2019\u00e9t\u00e9 2023&nbsp;tout en comptant, au milieu des cris du public, le nombre de gilets jaune sur le parcours ou de lampadaires sur le pont.<strong> <\/strong><em>\u00ab&nbsp;J\u2019avais \u00e0 c\u0153ur de montrer l\u2019exemple en tant que porte-drapeau, \u00e7a aurait \u00e9t\u00e9 un peu b\u00eate de ne pas ramener de m\u00e9daille. C\u2019est chose faite&nbsp;\u00bb, <\/em>a conclu le chef de file de l\u2019armada bleue du triathlon (17&nbsp;athl\u00e8tes et 4&nbsp;guides).<\/p>\n<p><strong>Il vous reste 58.23% de cet article \u00e0 lire. La suite est r\u00e9serv\u00e9e aux abonn\u00e9s.<\/strong><\/p>\n<p> accidentdutravail-idf.net vous a pr\u00e9par\u00e9 ce post qui informe du sujet \u00ab\u00a0Association Sportive Huisson-Longueville Essonne\u00a0\u00bb. La chronique se veut g\u00e9n\u00e9r\u00e9e du mieux possible. Vous pouvez utiliser les coordonn\u00e9es indiqu\u00e9es sur le site dans le but d\u2019apporter des explications sur ce post qui parle du th\u00e8me \u00ab\u00a0Association Sportive Huisson-Longueville Essonne\u00a0\u00bb. Le site accidentdutravail-idf.net a pour but de fournir diverses publications sur la th\u00e9matique Association Sportive Huisson-Longueville Essonne diffus\u00e9es sur le net. Il y aura plusieurs articles autour du sujet \u00ab\u00a0Association Sportive Huisson-Longueville Essonne\u00a0\u00bb dans quelques jours, nous vous invitons \u00e0 naviguer sur notre site web \u00e0 plusieurs reprises.<\/p>\n","protected":false},"excerpt":{"rendered":"<p>Le triathl\u00e8te Alexis Hanquinquant remporte son deuxi\u00e8me titre paralympique, \u00e0 Paris, le 2&nbsp;septembre 2024. MATHIAS BENGUIGUI POUR \u00ab&nbsp;LE MONDE&nbsp;\u00bb \u00ab&nbsp;Dans mon r\u00eave, c\u2019est grandiose, noir de monde, \u00e7a crie, \u00e7a chante et enfin je r\u00e9alise cet objectif compl\u00e8tement dingue. J\u2019esp\u00e8re qu\u2019il deviendra r\u00e9alit\u00e9, mais comme je suis un grand r\u00eaveur, je m\u2019autorise tout.&nbsp;\u00bb Lundi 2&nbsp;septembre, &hellip; <\/p>\n<p class=\"link-more\"><a href=\"https:\/\/www.accidentdutravail-idf.net\/blog\/jeux-paralympiques-2024-avec-les-triomphes-dalexis-hanquinquant-et-jules-ribstein-le-reve-eveille-du-triathlon-francais\/\" class=\"more-link\">Continuer la lecture <span class=\"screen-reader-text\"> \u00ab\u00a0Jeux paralympiques 2024 : avec les triomphes d\u2019Alexis Hanquinquant et Jules Ribstein, le r\u00eave \u00e9veill\u00e9 du triathlon fran\u00e7ais\u00a0\u00bb<\/span><\/a><\/p>\n","protected":false},"author":2,"featured_media":0,"comment_status":"closed","ping_status":"closed","sticky":false,"template":"","format":"standard","meta":{"footnotes":""},"categories":[5],"tags":[],"class_list":["post-740","post","type-post","status-publish","format-standard","hentry","category-securite-du-travail-en-ile-de-france-et-divers","entry"],"yoast_head":"<!-- This site is optimized with the Yoast SEO plugin v27.5 - https:\/\/yoast.com\/product\/yoast-seo-wordpress\/ -->\n<title>Jeux paralympiques 2024 : avec les triomphes d\u2019Alexis Hanquinquant et Jules Ribstein, le r\u00eave \u00e9veill\u00e9 du triathlon fran\u00e7ais - ACCIDENTDUTRAVAIL-IDF<\/title>\n<meta name=\"description\" content=\"Jeux paralympiques 2024 : avec les triomphes d\u2019Alexis Hanquinquant et Jules Ribstein, le r\u00eave \u00e9veill\u00e9 du triathlon fran\u00e7ais article de ACCIDENTDUTRAVAIL-IDF\" \/>\n<meta name=\"robots\" content=\"index, follow, max-snippet:-1, max-image-preview:large, max-video-preview:-1\" \/>\n<link rel=\"canonical\" href=\"https:\/\/www.accidentdutravail-idf.net\/blog\/jeux-paralympiques-2024-avec-les-triomphes-dalexis-hanquinquant-et-jules-ribstein-le-reve-eveille-du-triathlon-francais\/\" \/>\n<meta property=\"og:locale\" content=\"fr_FR\" \/>\n<meta property=\"og:type\" content=\"article\" \/>\n<meta property=\"og:title\" content=\"Jeux paralympiques 2024 : avec les triomphes d\u2019Alexis Hanquinquant et Jules Ribstein, le r\u00eave \u00e9veill\u00e9 du triathlon fran\u00e7ais - ACCIDENTDUTRAVAIL-IDF\" \/>\n<meta property=\"og:description\" content=\"Jeux paralympiques 2024 : avec les triomphes d\u2019Alexis Hanquinquant et Jules Ribstein, le r\u00eave \u00e9veill\u00e9 du triathlon fran\u00e7ais article de ACCIDENTDUTRAVAIL-IDF\" \/>\n<meta property=\"og:url\" content=\"https:\/\/www.accidentdutravail-idf.net\/blog\/jeux-paralympiques-2024-avec-les-triomphes-dalexis-hanquinquant-et-jules-ribstein-le-reve-eveille-du-triathlon-francais\/\" \/>\n<meta property=\"og:site_name\" content=\"ACCIDENTDUTRAVAIL-IDF\" \/>\n<meta property=\"article:published_time\" content=\"2024-09-01T17:00:00+00:00\" \/>\n<meta property=\"og:image\" content=\"https:\/\/www.accidentdutravail-idf.net\/blog\/wp-content\/uploads\/2024\/09\/jeux-paralympiques-2024-avec-les-triomphes-dalexis-hanquinquant-et-jules-ribstein-le-reve-eveille-du-triathlon-francais.jpg\" \/>\n<meta name=\"author\" content=\"Carlos Poulain\" \/>\n<meta name=\"twitter:card\" content=\"summary_large_image\" \/>\n<meta name=\"twitter:label1\" content=\"\u00c9crit par\" \/>\n\t<meta name=\"twitter:data1\" content=\"Carlos Poulain\" \/>\n\t<meta name=\"twitter:label2\" content=\"Dur\u00e9e de lecture estim\u00e9e\" \/>\n\t<meta name=\"twitter:data2\" content=\"3 minutes\" \/>\n<script type=\"application\/ld+json\" class=\"yoast-schema-graph\">{\"@context\":\"https:\\\/\\\/schema.org\",\"@graph\":[{\"@type\":\"Article\",\"@id\":\"https:\\\/\\\/www.accidentdutravail-idf.net\\\/blog\\\/jeux-paralympiques-2024-avec-les-triomphes-dalexis-hanquinquant-et-jules-ribstein-le-reve-eveille-du-triathlon-francais\\\/#article\",\"isPartOf\":{\"@id\":\"https:\\\/\\\/www.accidentdutravail-idf.net\\\/blog\\\/jeux-paralympiques-2024-avec-les-triomphes-dalexis-hanquinquant-et-jules-ribstein-le-reve-eveille-du-triathlon-francais\\\/\"},\"author\":{\"name\":\"Carlos Poulain\",\"@id\":\"https:\\\/\\\/www.accidentdutravail-idf.net\\\/blog\\\/#\\\/schema\\\/person\\\/3255d2f970de45e64bd9201f38e7b947\"},\"headline\":\"Jeux paralympiques 2024 : avec les triomphes d\u2019Alexis Hanquinquant et Jules Ribstein, le r\u00eave \u00e9veill\u00e9 du triathlon fran\u00e7ais\",\"datePublished\":\"2024-09-01T17:00:00+00:00\",\"mainEntityOfPage\":{\"@id\":\"https:\\\/\\\/www.accidentdutravail-idf.net\\\/blog\\\/jeux-paralympiques-2024-avec-les-triomphes-dalexis-hanquinquant-et-jules-ribstein-le-reve-eveille-du-triathlon-francais\\\/\"},\"wordCount\":697,\"publisher\":{\"@id\":\"https:\\\/\\\/www.accidentdutravail-idf.net\\\/blog\\\/#organization\"},\"image\":{\"@id\":\"https:\\\/\\\/www.accidentdutravail-idf.net\\\/blog\\\/jeux-paralympiques-2024-avec-les-triomphes-dalexis-hanquinquant-et-jules-ribstein-le-reve-eveille-du-triathlon-francais\\\/#primaryimage\"},\"thumbnailUrl\":\"https:\\\/\\\/www.accidentdutravail-idf.net\\\/blog\\\/wp-content\\\/uploads\\\/2024\\\/09\\\/jeux-paralympiques-2024-avec-les-triomphes-dalexis-hanquinquant-et-jules-ribstein-le-reve-eveille-du-triathlon-francais.jpg\",\"articleSection\":[\"S\u00e9curit\u00e9 Du Travail En Ile-De-France Et Divers:\"],\"inLanguage\":\"fr-FR\"},{\"@type\":\"WebPage\",\"@id\":\"https:\\\/\\\/www.accidentdutravail-idf.net\\\/blog\\\/jeux-paralympiques-2024-avec-les-triomphes-dalexis-hanquinquant-et-jules-ribstein-le-reve-eveille-du-triathlon-francais\\\/\",\"url\":\"https:\\\/\\\/www.accidentdutravail-idf.net\\\/blog\\\/jeux-paralympiques-2024-avec-les-triomphes-dalexis-hanquinquant-et-jules-ribstein-le-reve-eveille-du-triathlon-francais\\\/\",\"name\":\"Jeux paralympiques 2024 : avec les triomphes d\u2019Alexis Hanquinquant et Jules Ribstein, le r\u00eave \u00e9veill\u00e9 du triathlon fran\u00e7ais - ACCIDENTDUTRAVAIL-IDF\",\"isPartOf\":{\"@id\":\"https:\\\/\\\/www.accidentdutravail-idf.net\\\/blog\\\/#website\"},\"primaryImageOfPage\":{\"@id\":\"https:\\\/\\\/www.accidentdutravail-idf.net\\\/blog\\\/jeux-paralympiques-2024-avec-les-triomphes-dalexis-hanquinquant-et-jules-ribstein-le-reve-eveille-du-triathlon-francais\\\/#primaryimage\"},\"image\":{\"@id\":\"https:\\\/\\\/www.accidentdutravail-idf.net\\\/blog\\\/jeux-paralympiques-2024-avec-les-triomphes-dalexis-hanquinquant-et-jules-ribstein-le-reve-eveille-du-triathlon-francais\\\/#primaryimage\"},\"thumbnailUrl\":\"https:\\\/\\\/www.accidentdutravail-idf.net\\\/blog\\\/wp-content\\\/uploads\\\/2024\\\/09\\\/jeux-paralympiques-2024-avec-les-triomphes-dalexis-hanquinquant-et-jules-ribstein-le-reve-eveille-du-triathlon-francais.jpg\",\"datePublished\":\"2024-09-01T17:00:00+00:00\",\"description\":\"Jeux paralympiques 2024 : avec les triomphes d\u2019Alexis Hanquinquant et Jules Ribstein, le r\u00eave \u00e9veill\u00e9 du triathlon fran\u00e7ais article de ACCIDENTDUTRAVAIL-IDF\",\"breadcrumb\":{\"@id\":\"https:\\\/\\\/www.accidentdutravail-idf.net\\\/blog\\\/jeux-paralympiques-2024-avec-les-triomphes-dalexis-hanquinquant-et-jules-ribstein-le-reve-eveille-du-triathlon-francais\\\/#breadcrumb\"},\"inLanguage\":\"fr-FR\",\"potentialAction\":[{\"@type\":\"ReadAction\",\"target\":[\"https:\\\/\\\/www.accidentdutravail-idf.net\\\/blog\\\/jeux-paralympiques-2024-avec-les-triomphes-dalexis-hanquinquant-et-jules-ribstein-le-reve-eveille-du-triathlon-francais\\\/\"]}]},{\"@type\":\"ImageObject\",\"inLanguage\":\"fr-FR\",\"@id\":\"https:\\\/\\\/www.accidentdutravail-idf.net\\\/blog\\\/jeux-paralympiques-2024-avec-les-triomphes-dalexis-hanquinquant-et-jules-ribstein-le-reve-eveille-du-triathlon-francais\\\/#primaryimage\",\"url\":\"https:\\\/\\\/www.accidentdutravail-idf.net\\\/blog\\\/wp-content\\\/uploads\\\/2024\\\/09\\\/jeux-paralympiques-2024-avec-les-triomphes-dalexis-hanquinquant-et-jules-ribstein-le-reve-eveille-du-triathlon-francais.jpg\",\"contentUrl\":\"https:\\\/\\\/www.accidentdutravail-idf.net\\\/blog\\\/wp-content\\\/uploads\\\/2024\\\/09\\\/jeux-paralympiques-2024-avec-les-triomphes-dalexis-hanquinquant-et-jules-ribstein-le-reve-eveille-du-triathlon-francais.jpg\"},{\"@type\":\"BreadcrumbList\",\"@id\":\"https:\\\/\\\/www.accidentdutravail-idf.net\\\/blog\\\/jeux-paralympiques-2024-avec-les-triomphes-dalexis-hanquinquant-et-jules-ribstein-le-reve-eveille-du-triathlon-francais\\\/#breadcrumb\",\"itemListElement\":[{\"@type\":\"ListItem\",\"position\":1,\"name\":\"Accueil\",\"item\":\"https:\\\/\\\/www.accidentdutravail-idf.net\\\/blog\\\/\"},{\"@type\":\"ListItem\",\"position\":2,\"name\":\"Jeux paralympiques 2024 : avec les triomphes d\u2019Alexis Hanquinquant et Jules Ribstein, le r\u00eave \u00e9veill\u00e9 du triathlon fran\u00e7ais\"}]},{\"@type\":\"WebSite\",\"@id\":\"https:\\\/\\\/www.accidentdutravail-idf.net\\\/blog\\\/#website\",\"url\":\"https:\\\/\\\/www.accidentdutravail-idf.net\\\/blog\\\/\",\"name\":\"ACCIDENTDUTRAVAIL-IDF\",\"description\":\"Portail accidents du travail-maladies professionnelles des entreprises d&#039;Ile-de-France\",\"publisher\":{\"@id\":\"https:\\\/\\\/www.accidentdutravail-idf.net\\\/blog\\\/#organization\"},\"potentialAction\":[{\"@type\":\"SearchAction\",\"target\":{\"@type\":\"EntryPoint\",\"urlTemplate\":\"https:\\\/\\\/www.accidentdutravail-idf.net\\\/blog\\\/?s={search_term_string}\"},\"query-input\":{\"@type\":\"PropertyValueSpecification\",\"valueRequired\":true,\"valueName\":\"search_term_string\"}}],\"inLanguage\":\"fr-FR\"},{\"@type\":\"Organization\",\"@id\":\"https:\\\/\\\/www.accidentdutravail-idf.net\\\/blog\\\/#organization\",\"name\":\"accidentdutravail-idf\",\"url\":\"https:\\\/\\\/www.accidentdutravail-idf.net\\\/blog\\\/\",\"logo\":{\"@type\":\"ImageObject\",\"inLanguage\":\"fr-FR\",\"@id\":\"https:\\\/\\\/www.accidentdutravail-idf.net\\\/blog\\\/#\\\/schema\\\/logo\\\/image\\\/\",\"url\":\"https:\\\/\\\/www.accidentdutravail-idf.net\\\/blog\\\/wp-content\\\/uploads\\\/2022\\\/09\\\/logo-2.png\",\"contentUrl\":\"https:\\\/\\\/www.accidentdutravail-idf.net\\\/blog\\\/wp-content\\\/uploads\\\/2022\\\/09\\\/logo-2.png\",\"width\":380,\"height\":291,\"caption\":\"accidentdutravail-idf\"},\"image\":{\"@id\":\"https:\\\/\\\/www.accidentdutravail-idf.net\\\/blog\\\/#\\\/schema\\\/logo\\\/image\\\/\"}},{\"@type\":\"Person\",\"@id\":\"https:\\\/\\\/www.accidentdutravail-idf.net\\\/blog\\\/#\\\/schema\\\/person\\\/3255d2f970de45e64bd9201f38e7b947\",\"name\":\"Carlos Poulain\",\"image\":{\"@type\":\"ImageObject\",\"inLanguage\":\"fr-FR\",\"@id\":\"https:\\\/\\\/secure.gravatar.com\\\/avatar\\\/b1c2f9d3588e34e91adb093635df64ef4b2381991216be7576466cfcdca4baf3?s=96&d=mm&r=g\",\"url\":\"https:\\\/\\\/secure.gravatar.com\\\/avatar\\\/b1c2f9d3588e34e91adb093635df64ef4b2381991216be7576466cfcdca4baf3?s=96&d=mm&r=g\",\"contentUrl\":\"https:\\\/\\\/secure.gravatar.com\\\/avatar\\\/b1c2f9d3588e34e91adb093635df64ef4b2381991216be7576466cfcdca4baf3?s=96&d=mm&r=g\",\"caption\":\"Carlos Poulain\"},\"url\":\"https:\\\/\\\/www.accidentdutravail-idf.net\\\/blog\\\/author\\\/idfcarlos\\\/\"}]}<\/script>\n<!-- \/ Yoast SEO plugin. -->","yoast_head_json":{"title":"Jeux paralympiques 2024 : avec les triomphes d\u2019Alexis Hanquinquant et Jules Ribstein, le r\u00eave \u00e9veill\u00e9 du triathlon fran\u00e7ais - ACCIDENTDUTRAVAIL-IDF","description":"Jeux paralympiques 2024 : avec les triomphes d\u2019Alexis Hanquinquant et Jules Ribstein, le r\u00eave \u00e9veill\u00e9 du triathlon fran\u00e7ais article de ACCIDENTDUTRAVAIL-IDF","robots":{"index":"index","follow":"follow","max-snippet":"max-snippet:-1","max-image-preview":"max-image-preview:large","max-video-preview":"max-video-preview:-1"},"canonical":"https:\/\/www.accidentdutravail-idf.net\/blog\/jeux-paralympiques-2024-avec-les-triomphes-dalexis-hanquinquant-et-jules-ribstein-le-reve-eveille-du-triathlon-francais\/","og_locale":"fr_FR","og_type":"article","og_title":"Jeux paralympiques 2024 : avec les triomphes d\u2019Alexis Hanquinquant et Jules Ribstein, le r\u00eave \u00e9veill\u00e9 du triathlon fran\u00e7ais - ACCIDENTDUTRAVAIL-IDF","og_description":"Jeux paralympiques 2024 : avec les triomphes d\u2019Alexis Hanquinquant et Jules Ribstein, le r\u00eave \u00e9veill\u00e9 du triathlon fran\u00e7ais article de ACCIDENTDUTRAVAIL-IDF","og_url":"https:\/\/www.accidentdutravail-idf.net\/blog\/jeux-paralympiques-2024-avec-les-triomphes-dalexis-hanquinquant-et-jules-ribstein-le-reve-eveille-du-triathlon-francais\/","og_site_name":"ACCIDENTDUTRAVAIL-IDF","article_published_time":"2024-09-01T17:00:00+00:00","og_image":[{"url":"https:\/\/www.accidentdutravail-idf.net\/blog\/wp-content\/uploads\/2024\/09\/jeux-paralympiques-2024-avec-les-triomphes-dalexis-hanquinquant-et-jules-ribstein-le-reve-eveille-du-triathlon-francais.jpg","type":"","width":"","height":""}],"author":"Carlos Poulain","twitter_card":"summary_large_image","twitter_misc":{"\u00c9crit par":"Carlos Poulain","Dur\u00e9e de lecture estim\u00e9e":"3 minutes"},"schema":{"@context":"https:\/\/schema.org","@graph":[{"@type":"Article","@id":"https:\/\/www.accidentdutravail-idf.net\/blog\/jeux-paralympiques-2024-avec-les-triomphes-dalexis-hanquinquant-et-jules-ribstein-le-reve-eveille-du-triathlon-francais\/#article","isPartOf":{"@id":"https:\/\/www.accidentdutravail-idf.net\/blog\/jeux-paralympiques-2024-avec-les-triomphes-dalexis-hanquinquant-et-jules-ribstein-le-reve-eveille-du-triathlon-francais\/"},"author":{"name":"Carlos Poulain","@id":"https:\/\/www.accidentdutravail-idf.net\/blog\/#\/schema\/person\/3255d2f970de45e64bd9201f38e7b947"},"headline":"Jeux paralympiques 2024 : avec les triomphes d\u2019Alexis Hanquinquant et Jules Ribstein, le r\u00eave \u00e9veill\u00e9 du triathlon fran\u00e7ais","datePublished":"2024-09-01T17:00:00+00:00","mainEntityOfPage":{"@id":"https:\/\/www.accidentdutravail-idf.net\/blog\/jeux-paralympiques-2024-avec-les-triomphes-dalexis-hanquinquant-et-jules-ribstein-le-reve-eveille-du-triathlon-francais\/"},"wordCount":697,"publisher":{"@id":"https:\/\/www.accidentdutravail-idf.net\/blog\/#organization"},"image":{"@id":"https:\/\/www.accidentdutravail-idf.net\/blog\/jeux-paralympiques-2024-avec-les-triomphes-dalexis-hanquinquant-et-jules-ribstein-le-reve-eveille-du-triathlon-francais\/#primaryimage"},"thumbnailUrl":"https:\/\/www.accidentdutravail-idf.net\/blog\/wp-content\/uploads\/2024\/09\/jeux-paralympiques-2024-avec-les-triomphes-dalexis-hanquinquant-et-jules-ribstein-le-reve-eveille-du-triathlon-francais.jpg","articleSection":["S\u00e9curit\u00e9 Du Travail En Ile-De-France Et Divers:"],"inLanguage":"fr-FR"},{"@type":"WebPage","@id":"https:\/\/www.accidentdutravail-idf.net\/blog\/jeux-paralympiques-2024-avec-les-triomphes-dalexis-hanquinquant-et-jules-ribstein-le-reve-eveille-du-triathlon-francais\/","url":"https:\/\/www.accidentdutravail-idf.net\/blog\/jeux-paralympiques-2024-avec-les-triomphes-dalexis-hanquinquant-et-jules-ribstein-le-reve-eveille-du-triathlon-francais\/","name":"Jeux paralympiques 2024 : avec les triomphes d\u2019Alexis Hanquinquant et Jules Ribstein, le r\u00eave \u00e9veill\u00e9 du triathlon fran\u00e7ais - ACCIDENTDUTRAVAIL-IDF","isPartOf":{"@id":"https:\/\/www.accidentdutravail-idf.net\/blog\/#website"},"primaryImageOfPage":{"@id":"https:\/\/www.accidentdutravail-idf.net\/blog\/jeux-paralympiques-2024-avec-les-triomphes-dalexis-hanquinquant-et-jules-ribstein-le-reve-eveille-du-triathlon-francais\/#primaryimage"},"image":{"@id":"https:\/\/www.accidentdutravail-idf.net\/blog\/jeux-paralympiques-2024-avec-les-triomphes-dalexis-hanquinquant-et-jules-ribstein-le-reve-eveille-du-triathlon-francais\/#primaryimage"},"thumbnailUrl":"https:\/\/www.accidentdutravail-idf.net\/blog\/wp-content\/uploads\/2024\/09\/jeux-paralympiques-2024-avec-les-triomphes-dalexis-hanquinquant-et-jules-ribstein-le-reve-eveille-du-triathlon-francais.jpg","datePublished":"2024-09-01T17:00:00+00:00","description":"Jeux paralympiques 2024 : avec les triomphes d\u2019Alexis Hanquinquant et Jules Ribstein, le r\u00eave \u00e9veill\u00e9 du triathlon fran\u00e7ais article de ACCIDENTDUTRAVAIL-IDF","breadcrumb":{"@id":"https:\/\/www.accidentdutravail-idf.net\/blog\/jeux-paralympiques-2024-avec-les-triomphes-dalexis-hanquinquant-et-jules-ribstein-le-reve-eveille-du-triathlon-francais\/#breadcrumb"},"inLanguage":"fr-FR","potentialAction":[{"@type":"ReadAction","target":["https:\/\/www.accidentdutravail-idf.net\/blog\/jeux-paralympiques-2024-avec-les-triomphes-dalexis-hanquinquant-et-jules-ribstein-le-reve-eveille-du-triathlon-francais\/"]}]},{"@type":"ImageObject","inLanguage":"fr-FR","@id":"https:\/\/www.accidentdutravail-idf.net\/blog\/jeux-paralympiques-2024-avec-les-triomphes-dalexis-hanquinquant-et-jules-ribstein-le-reve-eveille-du-triathlon-francais\/#primaryimage","url":"https:\/\/www.accidentdutravail-idf.net\/blog\/wp-content\/uploads\/2024\/09\/jeux-paralympiques-2024-avec-les-triomphes-dalexis-hanquinquant-et-jules-ribstein-le-reve-eveille-du-triathlon-francais.jpg","contentUrl":"https:\/\/www.accidentdutravail-idf.net\/blog\/wp-content\/uploads\/2024\/09\/jeux-paralympiques-2024-avec-les-triomphes-dalexis-hanquinquant-et-jules-ribstein-le-reve-eveille-du-triathlon-francais.jpg"},{"@type":"BreadcrumbList","@id":"https:\/\/www.accidentdutravail-idf.net\/blog\/jeux-paralympiques-2024-avec-les-triomphes-dalexis-hanquinquant-et-jules-ribstein-le-reve-eveille-du-triathlon-francais\/#breadcrumb","itemListElement":[{"@type":"ListItem","position":1,"name":"Accueil","item":"https:\/\/www.accidentdutravail-idf.net\/blog\/"},{"@type":"ListItem","position":2,"name":"Jeux paralympiques 2024 : avec les triomphes d\u2019Alexis Hanquinquant et Jules Ribstein, le r\u00eave \u00e9veill\u00e9 du triathlon fran\u00e7ais"}]},{"@type":"WebSite","@id":"https:\/\/www.accidentdutravail-idf.net\/blog\/#website","url":"https:\/\/www.accidentdutravail-idf.net\/blog\/","name":"ACCIDENTDUTRAVAIL-IDF","description":"Portail accidents du travail-maladies professionnelles des entreprises d&#039;Ile-de-France","publisher":{"@id":"https:\/\/www.accidentdutravail-idf.net\/blog\/#organization"},"potentialAction":[{"@type":"SearchAction","target":{"@type":"EntryPoint","urlTemplate":"https:\/\/www.accidentdutravail-idf.net\/blog\/?s={search_term_string}"},"query-input":{"@type":"PropertyValueSpecification","valueRequired":true,"valueName":"search_term_string"}}],"inLanguage":"fr-FR"},{"@type":"Organization","@id":"https:\/\/www.accidentdutravail-idf.net\/blog\/#organization","name":"accidentdutravail-idf","url":"https:\/\/www.accidentdutravail-idf.net\/blog\/","logo":{"@type":"ImageObject","inLanguage":"fr-FR","@id":"https:\/\/www.accidentdutravail-idf.net\/blog\/#\/schema\/logo\/image\/","url":"https:\/\/www.accidentdutravail-idf.net\/blog\/wp-content\/uploads\/2022\/09\/logo-2.png","contentUrl":"https:\/\/www.accidentdutravail-idf.net\/blog\/wp-content\/uploads\/2022\/09\/logo-2.png","width":380,"height":291,"caption":"accidentdutravail-idf"},"image":{"@id":"https:\/\/www.accidentdutravail-idf.net\/blog\/#\/schema\/logo\/image\/"}},{"@type":"Person","@id":"https:\/\/www.accidentdutravail-idf.net\/blog\/#\/schema\/person\/3255d2f970de45e64bd9201f38e7b947","name":"Carlos Poulain","image":{"@type":"ImageObject","inLanguage":"fr-FR","@id":"https:\/\/secure.gravatar.com\/avatar\/b1c2f9d3588e34e91adb093635df64ef4b2381991216be7576466cfcdca4baf3?s=96&d=mm&r=g","url":"https:\/\/secure.gravatar.com\/avatar\/b1c2f9d3588e34e91adb093635df64ef4b2381991216be7576466cfcdca4baf3?s=96&d=mm&r=g","contentUrl":"https:\/\/secure.gravatar.com\/avatar\/b1c2f9d3588e34e91adb093635df64ef4b2381991216be7576466cfcdca4baf3?s=96&d=mm&r=g","caption":"Carlos Poulain"},"url":"https:\/\/www.accidentdutravail-idf.net\/blog\/author\/idfcarlos\/"}]}},"_links":{"self":[{"href":"https:\/\/www.accidentdutravail-idf.net\/blog\/wp-json\/wp\/v2\/posts\/740","targetHints":{"allow":["GET"]}}],"collection":[{"href":"https:\/\/www.accidentdutravail-idf.net\/blog\/wp-json\/wp\/v2\/posts"}],"about":[{"href":"https:\/\/www.accidentdutravail-idf.net\/blog\/wp-json\/wp\/v2\/types\/post"}],"author":[{"embeddable":true,"href":"https:\/\/www.accidentdutravail-idf.net\/blog\/wp-json\/wp\/v2\/users\/2"}],"replies":[{"embeddable":true,"href":"https:\/\/www.accidentdutravail-idf.net\/blog\/wp-json\/wp\/v2\/comments?post=740"}],"version-history":[{"count":0,"href":"https:\/\/www.accidentdutravail-idf.net\/blog\/wp-json\/wp\/v2\/posts\/740\/revisions"}],"wp:attachment":[{"href":"https:\/\/www.accidentdutravail-idf.net\/blog\/wp-json\/wp\/v2\/media?parent=740"}],"wp:term":[{"taxonomy":"category","embeddable":true,"href":"https:\/\/www.accidentdutravail-idf.net\/blog\/wp-json\/wp\/v2\/categories?post=740"},{"taxonomy":"post_tag","embeddable":true,"href":"https:\/\/www.accidentdutravail-idf.net\/blog\/wp-json\/wp\/v2\/tags?post=740"}],"curies":[{"name":"wp","href":"https:\/\/api.w.org\/{rel}","templated":true}]}}