{"id":738,"date":"2024-09-02T11:25:00","date_gmt":"2024-09-02T09:25:00","guid":{"rendered":"https:\/\/www.accidentdutravail-idf.net\/blog\/accident-du-travail-sur-un-site-airbus-pres-de-toulouse-un-homme-chute-de-10-m-de-haut\/"},"modified":"2024-09-02T11:25:00","modified_gmt":"2024-09-02T09:25:00","slug":"accident-du-travail-sur-un-site-airbus-pres-de-toulouse-un-homme-chute-de-10-m-de-haut","status":"publish","type":"post","link":"https:\/\/www.accidentdutravail-idf.net\/blog\/accident-du-travail-sur-un-site-airbus-pres-de-toulouse-un-homme-chute-de-10-m-de-haut\/","title":{"rendered":"Accident du travail sur un site Airbus pr\u00e8s de Toulouse : un homme chute de 10 m de haut"},"content":{"rendered":"<div><img decoding=\"async\" src=\"https:\/\/www.accidentdutravail-idf.net\/blog\/wp-content\/uploads\/2024\/09\/accident-du-travail-sur-un-site-airbus-pres-de-toulouse-un-homme-chute-de-10-m-de-haut.jpg\" class=\"ff-og-image-inserted\"><\/div>\n<div class=\"ac-article-date\"> Par <strong> <a href=\"https:\/\/actu.fr\/auteur\/lucie-2\" title=\"Consulter tous les articles de Lucie Fraisse\" target=\"_blank\" rel=\"nofollow\">Lucie Fraisse<\/a> <\/strong> <span> Publi\u00e9 le  2 sept. 2024 \u00e0 18h25  <\/span>\n<\/div>\n<div class=\"ac-article-follow\"> <a href=\"https:\/\/actu.fr\/mon-actu\" class=\"ac-article-follow__link\" rel=\"nofollow\" data-trk=\"{&quot;cta&quot;:{&quot;action&quot;:&quot;https:\\\/\\\/actu.fr\\\/mon-actu&quot;,&quot;category&quot;:&quot;mon compte&quot;,&quot;from&quot;:&quot;article header&quot;,&quot;name&quot;:&quot;Voir mon actu&quot;,&quot;type&quot;:&quot;cta&quot;}}\" target=\"_blank\">Voir mon actu<\/a> <button type=\"button\" class=\"ac-btn ac-btn--mini ac-btn--blue ac-icon--star-empty\" data-follow=\"Suivre Actu Toulouse\" data-unfollow=\"Retirer\">Suivre Actu Toulouse<\/button>\n<\/div>\n<p>L\u2019accident a eu lieu au milieu de la journ\u00e9e ce lundi 2 septembre 2024. Un homme a fait une chute de 10 m de hauteur sur un chantier men\u00e9 \u00e0 l\u2019usine Airbus <strong>Jean-Luc Lagard\u00e8re,<\/strong>&nbsp;\u00e0 <strong>Blagnac<\/strong> (Haute-Garonne), pr\u00e8s de <a href=\"https:\/\/actu.fr\/toulouse\/\" target=\"_blank\" rel=\"nofollow\">Toulouse<\/a>.<\/p>\n<figure class=\"ac-embed ac-embed--google\" data-provider=\"google\" data-cmp-purpose=\"embedInfographie\">\n<\/figure>\n<h2>Employ\u00e9 par une soci\u00e9t\u00e9 ext\u00e9rieure<\/h2>\n<p>Dans un communiqu\u00e9, l\u2019avionneur europ\u00e9en bas\u00e9 \u00e0 <strong>Toulouse<\/strong> pr\u00e9cise que la personne n\u2019est pas employ\u00e9e par Airbus, mais par une entreprise ext\u00e9rieure. Selon nos informations, l\u2019homme<strong> a \u00e9t\u00e9 transport\u00e9 \u00e0 Purpan<\/strong>, et son pronostic vital n\u2019\u00e9tait pas engag\u00e9.<\/p>\n<p>Pompiers et police se sont rendus sur place. Une enqu\u00eate a \u00e9t\u00e9 ouverte pour d\u00e9terminer les circonstances exactes de l\u2019accident.&nbsp;<\/p>\n<p><i>Suivez toute l\u2019actualit\u00e9 de vos villes et m\u00e9dias favoris en vous inscrivant \u00e0 <a href=\"https:\/\/moncompte.actu.fr\" title=\"D\u00e9couvez Mon Actu\" rel=\"nofollow\" data-trk=\"{&quot;cta&quot;:{&quot;action&quot;:&quot;https:\\\/\\\/moncompte.actu.fr&quot;,&quot;category&quot;:&quot;mon compte&quot;,&quot;from&quot;:&quot;article footer&quot;,&quot;name&quot;:&quot;Mon actu&quot;,&quot;type&quot;:&quot;cta&quot;}}\" target=\"_blank\">Mon Actu<\/a>.<\/i><\/p>\n<p> accidentdutravail-idf.net vous a pr\u00e9par\u00e9 ce post qui informe du sujet \u00ab\u00a0Association Sportive Huisson-Longueville Essonne\u00a0\u00bb. La chronique se veut g\u00e9n\u00e9r\u00e9e du mieux possible. Vous pouvez utiliser les coordonn\u00e9es indiqu\u00e9es sur le site dans le but d\u2019apporter des explications sur ce post qui parle du th\u00e8me \u00ab\u00a0Association Sportive Huisson-Longueville Essonne\u00a0\u00bb. Le site accidentdutravail-idf.net a pour but de fournir diverses publications sur la th\u00e9matique Association Sportive Huisson-Longueville Essonne diffus\u00e9es sur le net. Il y aura plusieurs articles autour du sujet \u00ab\u00a0Association Sportive Huisson-Longueville Essonne\u00a0\u00bb dans quelques jours, nous vous invitons \u00e0 naviguer sur notre site web \u00e0 plusieurs reprises.<\/p>\n","protected":false},"excerpt":{"rendered":"<p>Par Lucie Fraisse Publi\u00e9 le 2 sept. 2024 \u00e0 18h25 Voir mon actu Suivre Actu Toulouse L\u2019accident a eu lieu au milieu de la journ\u00e9e ce lundi 2 septembre 2024. Un homme a fait une chute de 10 m de hauteur sur un chantier men\u00e9 \u00e0 l\u2019usine Airbus Jean-Luc Lagard\u00e8re,&nbsp;\u00e0 Blagnac (Haute-Garonne), pr\u00e8s de Toulouse. &hellip; <\/p>\n<p class=\"link-more\"><a href=\"https:\/\/www.accidentdutravail-idf.net\/blog\/accident-du-travail-sur-un-site-airbus-pres-de-toulouse-un-homme-chute-de-10-m-de-haut\/\" class=\"more-link\">Continuer la lecture <span class=\"screen-reader-text\"> \u00ab\u00a0Accident du travail sur un site Airbus pr\u00e8s de Toulouse : un homme chute de 10 m de haut\u00a0\u00bb<\/span><\/a><\/p>\n","protected":false},"author":2,"featured_media":0,"comment_status":"closed","ping_status":"closed","sticky":false,"template":"","format":"standard","meta":{"footnotes":""},"categories":[5],"tags":[],"class_list":["post-738","post","type-post","status-publish","format-standard","hentry","category-securite-du-travail-en-ile-de-france-et-divers","entry"],"yoast_head":"<!-- This site is optimized with the Yoast SEO plugin v27.5 - https:\/\/yoast.com\/product\/yoast-seo-wordpress\/ -->\n<title>Accident du travail sur un site Airbus pr\u00e8s de Toulouse : un homme chute de 10 m de haut - ACCIDENTDUTRAVAIL-IDF<\/title>\n<meta name=\"description\" content=\"Accident du travail sur un site Airbus pr\u00e8s de Toulouse : un homme chute de 10 m de haut article de ACCIDENTDUTRAVAIL-IDF\" \/>\n<meta name=\"robots\" content=\"index, follow, max-snippet:-1, max-image-preview:large, max-video-preview:-1\" \/>\n<link rel=\"canonical\" href=\"https:\/\/www.accidentdutravail-idf.net\/blog\/accident-du-travail-sur-un-site-airbus-pres-de-toulouse-un-homme-chute-de-10-m-de-haut\/\" \/>\n<meta property=\"og:locale\" content=\"fr_FR\" \/>\n<meta property=\"og:type\" content=\"article\" \/>\n<meta property=\"og:title\" content=\"Accident du travail sur un site Airbus pr\u00e8s de Toulouse : un homme chute de 10 m de haut - ACCIDENTDUTRAVAIL-IDF\" \/>\n<meta property=\"og:description\" content=\"Accident du travail sur un site Airbus pr\u00e8s de Toulouse : un homme chute de 10 m de haut article de ACCIDENTDUTRAVAIL-IDF\" \/>\n<meta property=\"og:url\" content=\"https:\/\/www.accidentdutravail-idf.net\/blog\/accident-du-travail-sur-un-site-airbus-pres-de-toulouse-un-homme-chute-de-10-m-de-haut\/\" \/>\n<meta property=\"og:site_name\" content=\"ACCIDENTDUTRAVAIL-IDF\" \/>\n<meta property=\"article:published_time\" content=\"2024-09-02T09:25:00+00:00\" \/>\n<meta property=\"og:image\" content=\"https:\/\/www.accidentdutravail-idf.net\/blog\/wp-content\/uploads\/2024\/09\/accident-du-travail-sur-un-site-airbus-pres-de-toulouse-un-homme-chute-de-10-m-de-haut.jpg\" \/>\n<meta name=\"author\" content=\"Carlos Poulain\" \/>\n<meta name=\"twitter:card\" content=\"summary_large_image\" \/>\n<meta name=\"twitter:label1\" content=\"\u00c9crit par\" \/>\n\t<meta name=\"twitter:data1\" content=\"Carlos Poulain\" \/>\n\t<meta name=\"twitter:label2\" content=\"Dur\u00e9e de lecture estim\u00e9e\" \/>\n\t<meta name=\"twitter:data2\" content=\"1 minute\" \/>\n<script type=\"application\/ld+json\" class=\"yoast-schema-graph\">{\"@context\":\"https:\\\/\\\/schema.org\",\"@graph\":[{\"@type\":\"Article\",\"@id\":\"https:\\\/\\\/www.accidentdutravail-idf.net\\\/blog\\\/accident-du-travail-sur-un-site-airbus-pres-de-toulouse-un-homme-chute-de-10-m-de-haut\\\/#article\",\"isPartOf\":{\"@id\":\"https:\\\/\\\/www.accidentdutravail-idf.net\\\/blog\\\/accident-du-travail-sur-un-site-airbus-pres-de-toulouse-un-homme-chute-de-10-m-de-haut\\\/\"},\"author\":{\"name\":\"Carlos Poulain\",\"@id\":\"https:\\\/\\\/www.accidentdutravail-idf.net\\\/blog\\\/#\\\/schema\\\/person\\\/3255d2f970de45e64bd9201f38e7b947\"},\"headline\":\"Accident du travail sur un site Airbus pr\u00e8s de Toulouse : un homme chute de 10 m de haut\",\"datePublished\":\"2024-09-02T09:25:00+00:00\",\"mainEntityOfPage\":{\"@id\":\"https:\\\/\\\/www.accidentdutravail-idf.net\\\/blog\\\/accident-du-travail-sur-un-site-airbus-pres-de-toulouse-un-homme-chute-de-10-m-de-haut\\\/\"},\"wordCount\":269,\"publisher\":{\"@id\":\"https:\\\/\\\/www.accidentdutravail-idf.net\\\/blog\\\/#organization\"},\"image\":{\"@id\":\"https:\\\/\\\/www.accidentdutravail-idf.net\\\/blog\\\/accident-du-travail-sur-un-site-airbus-pres-de-toulouse-un-homme-chute-de-10-m-de-haut\\\/#primaryimage\"},\"thumbnailUrl\":\"https:\\\/\\\/www.accidentdutravail-idf.net\\\/blog\\\/wp-content\\\/uploads\\\/2024\\\/09\\\/accident-du-travail-sur-un-site-airbus-pres-de-toulouse-un-homme-chute-de-10-m-de-haut.jpg\",\"articleSection\":[\"S\u00e9curit\u00e9 Du Travail En Ile-De-France Et Divers:\"],\"inLanguage\":\"fr-FR\"},{\"@type\":\"WebPage\",\"@id\":\"https:\\\/\\\/www.accidentdutravail-idf.net\\\/blog\\\/accident-du-travail-sur-un-site-airbus-pres-de-toulouse-un-homme-chute-de-10-m-de-haut\\\/\",\"url\":\"https:\\\/\\\/www.accidentdutravail-idf.net\\\/blog\\\/accident-du-travail-sur-un-site-airbus-pres-de-toulouse-un-homme-chute-de-10-m-de-haut\\\/\",\"name\":\"Accident du travail sur un site Airbus pr\u00e8s de Toulouse : un homme chute de 10 m de haut - ACCIDENTDUTRAVAIL-IDF\",\"isPartOf\":{\"@id\":\"https:\\\/\\\/www.accidentdutravail-idf.net\\\/blog\\\/#website\"},\"primaryImageOfPage\":{\"@id\":\"https:\\\/\\\/www.accidentdutravail-idf.net\\\/blog\\\/accident-du-travail-sur-un-site-airbus-pres-de-toulouse-un-homme-chute-de-10-m-de-haut\\\/#primaryimage\"},\"image\":{\"@id\":\"https:\\\/\\\/www.accidentdutravail-idf.net\\\/blog\\\/accident-du-travail-sur-un-site-airbus-pres-de-toulouse-un-homme-chute-de-10-m-de-haut\\\/#primaryimage\"},\"thumbnailUrl\":\"https:\\\/\\\/www.accidentdutravail-idf.net\\\/blog\\\/wp-content\\\/uploads\\\/2024\\\/09\\\/accident-du-travail-sur-un-site-airbus-pres-de-toulouse-un-homme-chute-de-10-m-de-haut.jpg\",\"datePublished\":\"2024-09-02T09:25:00+00:00\",\"description\":\"Accident du travail sur un site Airbus pr\u00e8s de Toulouse : un homme chute de 10 m de haut article de ACCIDENTDUTRAVAIL-IDF\",\"breadcrumb\":{\"@id\":\"https:\\\/\\\/www.accidentdutravail-idf.net\\\/blog\\\/accident-du-travail-sur-un-site-airbus-pres-de-toulouse-un-homme-chute-de-10-m-de-haut\\\/#breadcrumb\"},\"inLanguage\":\"fr-FR\",\"potentialAction\":[{\"@type\":\"ReadAction\",\"target\":[\"https:\\\/\\\/www.accidentdutravail-idf.net\\\/blog\\\/accident-du-travail-sur-un-site-airbus-pres-de-toulouse-un-homme-chute-de-10-m-de-haut\\\/\"]}]},{\"@type\":\"ImageObject\",\"inLanguage\":\"fr-FR\",\"@id\":\"https:\\\/\\\/www.accidentdutravail-idf.net\\\/blog\\\/accident-du-travail-sur-un-site-airbus-pres-de-toulouse-un-homme-chute-de-10-m-de-haut\\\/#primaryimage\",\"url\":\"https:\\\/\\\/www.accidentdutravail-idf.net\\\/blog\\\/wp-content\\\/uploads\\\/2024\\\/09\\\/accident-du-travail-sur-un-site-airbus-pres-de-toulouse-un-homme-chute-de-10-m-de-haut.jpg\",\"contentUrl\":\"https:\\\/\\\/www.accidentdutravail-idf.net\\\/blog\\\/wp-content\\\/uploads\\\/2024\\\/09\\\/accident-du-travail-sur-un-site-airbus-pres-de-toulouse-un-homme-chute-de-10-m-de-haut.jpg\"},{\"@type\":\"BreadcrumbList\",\"@id\":\"https:\\\/\\\/www.accidentdutravail-idf.net\\\/blog\\\/accident-du-travail-sur-un-site-airbus-pres-de-toulouse-un-homme-chute-de-10-m-de-haut\\\/#breadcrumb\",\"itemListElement\":[{\"@type\":\"ListItem\",\"position\":1,\"name\":\"Accueil\",\"item\":\"https:\\\/\\\/www.accidentdutravail-idf.net\\\/blog\\\/\"},{\"@type\":\"ListItem\",\"position\":2,\"name\":\"Accident du travail sur un site Airbus pr\u00e8s de Toulouse : un homme chute de 10 m de haut\"}]},{\"@type\":\"WebSite\",\"@id\":\"https:\\\/\\\/www.accidentdutravail-idf.net\\\/blog\\\/#website\",\"url\":\"https:\\\/\\\/www.accidentdutravail-idf.net\\\/blog\\\/\",\"name\":\"ACCIDENTDUTRAVAIL-IDF\",\"description\":\"Portail accidents du travail-maladies professionnelles des entreprises d&#039;Ile-de-France\",\"publisher\":{\"@id\":\"https:\\\/\\\/www.accidentdutravail-idf.net\\\/blog\\\/#organization\"},\"potentialAction\":[{\"@type\":\"SearchAction\",\"target\":{\"@type\":\"EntryPoint\",\"urlTemplate\":\"https:\\\/\\\/www.accidentdutravail-idf.net\\\/blog\\\/?s={search_term_string}\"},\"query-input\":{\"@type\":\"PropertyValueSpecification\",\"valueRequired\":true,\"valueName\":\"search_term_string\"}}],\"inLanguage\":\"fr-FR\"},{\"@type\":\"Organization\",\"@id\":\"https:\\\/\\\/www.accidentdutravail-idf.net\\\/blog\\\/#organization\",\"name\":\"accidentdutravail-idf\",\"url\":\"https:\\\/\\\/www.accidentdutravail-idf.net\\\/blog\\\/\",\"logo\":{\"@type\":\"ImageObject\",\"inLanguage\":\"fr-FR\",\"@id\":\"https:\\\/\\\/www.accidentdutravail-idf.net\\\/blog\\\/#\\\/schema\\\/logo\\\/image\\\/\",\"url\":\"https:\\\/\\\/www.accidentdutravail-idf.net\\\/blog\\\/wp-content\\\/uploads\\\/2022\\\/09\\\/logo-2.png\",\"contentUrl\":\"https:\\\/\\\/www.accidentdutravail-idf.net\\\/blog\\\/wp-content\\\/uploads\\\/2022\\\/09\\\/logo-2.png\",\"width\":380,\"height\":291,\"caption\":\"accidentdutravail-idf\"},\"image\":{\"@id\":\"https:\\\/\\\/www.accidentdutravail-idf.net\\\/blog\\\/#\\\/schema\\\/logo\\\/image\\\/\"}},{\"@type\":\"Person\",\"@id\":\"https:\\\/\\\/www.accidentdutravail-idf.net\\\/blog\\\/#\\\/schema\\\/person\\\/3255d2f970de45e64bd9201f38e7b947\",\"name\":\"Carlos Poulain\",\"image\":{\"@type\":\"ImageObject\",\"inLanguage\":\"fr-FR\",\"@id\":\"https:\\\/\\\/secure.gravatar.com\\\/avatar\\\/b1c2f9d3588e34e91adb093635df64ef4b2381991216be7576466cfcdca4baf3?s=96&d=mm&r=g\",\"url\":\"https:\\\/\\\/secure.gravatar.com\\\/avatar\\\/b1c2f9d3588e34e91adb093635df64ef4b2381991216be7576466cfcdca4baf3?s=96&d=mm&r=g\",\"contentUrl\":\"https:\\\/\\\/secure.gravatar.com\\\/avatar\\\/b1c2f9d3588e34e91adb093635df64ef4b2381991216be7576466cfcdca4baf3?s=96&d=mm&r=g\",\"caption\":\"Carlos Poulain\"},\"url\":\"https:\\\/\\\/www.accidentdutravail-idf.net\\\/blog\\\/author\\\/idfcarlos\\\/\"}]}<\/script>\n<!-- \/ Yoast SEO plugin. -->","yoast_head_json":{"title":"Accident du travail sur un site Airbus pr\u00e8s de Toulouse : un homme chute de 10 m de haut - ACCIDENTDUTRAVAIL-IDF","description":"Accident du travail sur un site Airbus pr\u00e8s de Toulouse : un homme chute de 10 m de haut article de ACCIDENTDUTRAVAIL-IDF","robots":{"index":"index","follow":"follow","max-snippet":"max-snippet:-1","max-image-preview":"max-image-preview:large","max-video-preview":"max-video-preview:-1"},"canonical":"https:\/\/www.accidentdutravail-idf.net\/blog\/accident-du-travail-sur-un-site-airbus-pres-de-toulouse-un-homme-chute-de-10-m-de-haut\/","og_locale":"fr_FR","og_type":"article","og_title":"Accident du travail sur un site Airbus pr\u00e8s de Toulouse : un homme chute de 10 m de haut - ACCIDENTDUTRAVAIL-IDF","og_description":"Accident du travail sur un site Airbus pr\u00e8s de Toulouse : un homme chute de 10 m de haut article de ACCIDENTDUTRAVAIL-IDF","og_url":"https:\/\/www.accidentdutravail-idf.net\/blog\/accident-du-travail-sur-un-site-airbus-pres-de-toulouse-un-homme-chute-de-10-m-de-haut\/","og_site_name":"ACCIDENTDUTRAVAIL-IDF","article_published_time":"2024-09-02T09:25:00+00:00","og_image":[{"url":"https:\/\/www.accidentdutravail-idf.net\/blog\/wp-content\/uploads\/2024\/09\/accident-du-travail-sur-un-site-airbus-pres-de-toulouse-un-homme-chute-de-10-m-de-haut.jpg","type":"","width":"","height":""}],"author":"Carlos Poulain","twitter_card":"summary_large_image","twitter_misc":{"\u00c9crit par":"Carlos Poulain","Dur\u00e9e de lecture estim\u00e9e":"1 minute"},"schema":{"@context":"https:\/\/schema.org","@graph":[{"@type":"Article","@id":"https:\/\/www.accidentdutravail-idf.net\/blog\/accident-du-travail-sur-un-site-airbus-pres-de-toulouse-un-homme-chute-de-10-m-de-haut\/#article","isPartOf":{"@id":"https:\/\/www.accidentdutravail-idf.net\/blog\/accident-du-travail-sur-un-site-airbus-pres-de-toulouse-un-homme-chute-de-10-m-de-haut\/"},"author":{"name":"Carlos Poulain","@id":"https:\/\/www.accidentdutravail-idf.net\/blog\/#\/schema\/person\/3255d2f970de45e64bd9201f38e7b947"},"headline":"Accident du travail sur un site Airbus pr\u00e8s de Toulouse : un homme chute de 10 m de haut","datePublished":"2024-09-02T09:25:00+00:00","mainEntityOfPage":{"@id":"https:\/\/www.accidentdutravail-idf.net\/blog\/accident-du-travail-sur-un-site-airbus-pres-de-toulouse-un-homme-chute-de-10-m-de-haut\/"},"wordCount":269,"publisher":{"@id":"https:\/\/www.accidentdutravail-idf.net\/blog\/#organization"},"image":{"@id":"https:\/\/www.accidentdutravail-idf.net\/blog\/accident-du-travail-sur-un-site-airbus-pres-de-toulouse-un-homme-chute-de-10-m-de-haut\/#primaryimage"},"thumbnailUrl":"https:\/\/www.accidentdutravail-idf.net\/blog\/wp-content\/uploads\/2024\/09\/accident-du-travail-sur-un-site-airbus-pres-de-toulouse-un-homme-chute-de-10-m-de-haut.jpg","articleSection":["S\u00e9curit\u00e9 Du Travail En Ile-De-France Et Divers:"],"inLanguage":"fr-FR"},{"@type":"WebPage","@id":"https:\/\/www.accidentdutravail-idf.net\/blog\/accident-du-travail-sur-un-site-airbus-pres-de-toulouse-un-homme-chute-de-10-m-de-haut\/","url":"https:\/\/www.accidentdutravail-idf.net\/blog\/accident-du-travail-sur-un-site-airbus-pres-de-toulouse-un-homme-chute-de-10-m-de-haut\/","name":"Accident du travail sur un site Airbus pr\u00e8s de Toulouse : un homme chute de 10 m de haut - ACCIDENTDUTRAVAIL-IDF","isPartOf":{"@id":"https:\/\/www.accidentdutravail-idf.net\/blog\/#website"},"primaryImageOfPage":{"@id":"https:\/\/www.accidentdutravail-idf.net\/blog\/accident-du-travail-sur-un-site-airbus-pres-de-toulouse-un-homme-chute-de-10-m-de-haut\/#primaryimage"},"image":{"@id":"https:\/\/www.accidentdutravail-idf.net\/blog\/accident-du-travail-sur-un-site-airbus-pres-de-toulouse-un-homme-chute-de-10-m-de-haut\/#primaryimage"},"thumbnailUrl":"https:\/\/www.accidentdutravail-idf.net\/blog\/wp-content\/uploads\/2024\/09\/accident-du-travail-sur-un-site-airbus-pres-de-toulouse-un-homme-chute-de-10-m-de-haut.jpg","datePublished":"2024-09-02T09:25:00+00:00","description":"Accident du travail sur un site Airbus pr\u00e8s de Toulouse : un homme chute de 10 m de haut article de ACCIDENTDUTRAVAIL-IDF","breadcrumb":{"@id":"https:\/\/www.accidentdutravail-idf.net\/blog\/accident-du-travail-sur-un-site-airbus-pres-de-toulouse-un-homme-chute-de-10-m-de-haut\/#breadcrumb"},"inLanguage":"fr-FR","potentialAction":[{"@type":"ReadAction","target":["https:\/\/www.accidentdutravail-idf.net\/blog\/accident-du-travail-sur-un-site-airbus-pres-de-toulouse-un-homme-chute-de-10-m-de-haut\/"]}]},{"@type":"ImageObject","inLanguage":"fr-FR","@id":"https:\/\/www.accidentdutravail-idf.net\/blog\/accident-du-travail-sur-un-site-airbus-pres-de-toulouse-un-homme-chute-de-10-m-de-haut\/#primaryimage","url":"https:\/\/www.accidentdutravail-idf.net\/blog\/wp-content\/uploads\/2024\/09\/accident-du-travail-sur-un-site-airbus-pres-de-toulouse-un-homme-chute-de-10-m-de-haut.jpg","contentUrl":"https:\/\/www.accidentdutravail-idf.net\/blog\/wp-content\/uploads\/2024\/09\/accident-du-travail-sur-un-site-airbus-pres-de-toulouse-un-homme-chute-de-10-m-de-haut.jpg"},{"@type":"BreadcrumbList","@id":"https:\/\/www.accidentdutravail-idf.net\/blog\/accident-du-travail-sur-un-site-airbus-pres-de-toulouse-un-homme-chute-de-10-m-de-haut\/#breadcrumb","itemListElement":[{"@type":"ListItem","position":1,"name":"Accueil","item":"https:\/\/www.accidentdutravail-idf.net\/blog\/"},{"@type":"ListItem","position":2,"name":"Accident du travail sur un site Airbus pr\u00e8s de Toulouse : un homme chute de 10 m de haut"}]},{"@type":"WebSite","@id":"https:\/\/www.accidentdutravail-idf.net\/blog\/#website","url":"https:\/\/www.accidentdutravail-idf.net\/blog\/","name":"ACCIDENTDUTRAVAIL-IDF","description":"Portail accidents du travail-maladies professionnelles des entreprises d&#039;Ile-de-France","publisher":{"@id":"https:\/\/www.accidentdutravail-idf.net\/blog\/#organization"},"potentialAction":[{"@type":"SearchAction","target":{"@type":"EntryPoint","urlTemplate":"https:\/\/www.accidentdutravail-idf.net\/blog\/?s={search_term_string}"},"query-input":{"@type":"PropertyValueSpecification","valueRequired":true,"valueName":"search_term_string"}}],"inLanguage":"fr-FR"},{"@type":"Organization","@id":"https:\/\/www.accidentdutravail-idf.net\/blog\/#organization","name":"accidentdutravail-idf","url":"https:\/\/www.accidentdutravail-idf.net\/blog\/","logo":{"@type":"ImageObject","inLanguage":"fr-FR","@id":"https:\/\/www.accidentdutravail-idf.net\/blog\/#\/schema\/logo\/image\/","url":"https:\/\/www.accidentdutravail-idf.net\/blog\/wp-content\/uploads\/2022\/09\/logo-2.png","contentUrl":"https:\/\/www.accidentdutravail-idf.net\/blog\/wp-content\/uploads\/2022\/09\/logo-2.png","width":380,"height":291,"caption":"accidentdutravail-idf"},"image":{"@id":"https:\/\/www.accidentdutravail-idf.net\/blog\/#\/schema\/logo\/image\/"}},{"@type":"Person","@id":"https:\/\/www.accidentdutravail-idf.net\/blog\/#\/schema\/person\/3255d2f970de45e64bd9201f38e7b947","name":"Carlos Poulain","image":{"@type":"ImageObject","inLanguage":"fr-FR","@id":"https:\/\/secure.gravatar.com\/avatar\/b1c2f9d3588e34e91adb093635df64ef4b2381991216be7576466cfcdca4baf3?s=96&d=mm&r=g","url":"https:\/\/secure.gravatar.com\/avatar\/b1c2f9d3588e34e91adb093635df64ef4b2381991216be7576466cfcdca4baf3?s=96&d=mm&r=g","contentUrl":"https:\/\/secure.gravatar.com\/avatar\/b1c2f9d3588e34e91adb093635df64ef4b2381991216be7576466cfcdca4baf3?s=96&d=mm&r=g","caption":"Carlos Poulain"},"url":"https:\/\/www.accidentdutravail-idf.net\/blog\/author\/idfcarlos\/"}]}},"_links":{"self":[{"href":"https:\/\/www.accidentdutravail-idf.net\/blog\/wp-json\/wp\/v2\/posts\/738","targetHints":{"allow":["GET"]}}],"collection":[{"href":"https:\/\/www.accidentdutravail-idf.net\/blog\/wp-json\/wp\/v2\/posts"}],"about":[{"href":"https:\/\/www.accidentdutravail-idf.net\/blog\/wp-json\/wp\/v2\/types\/post"}],"author":[{"embeddable":true,"href":"https:\/\/www.accidentdutravail-idf.net\/blog\/wp-json\/wp\/v2\/users\/2"}],"replies":[{"embeddable":true,"href":"https:\/\/www.accidentdutravail-idf.net\/blog\/wp-json\/wp\/v2\/comments?post=738"}],"version-history":[{"count":0,"href":"https:\/\/www.accidentdutravail-idf.net\/blog\/wp-json\/wp\/v2\/posts\/738\/revisions"}],"wp:attachment":[{"href":"https:\/\/www.accidentdutravail-idf.net\/blog\/wp-json\/wp\/v2\/media?parent=738"}],"wp:term":[{"taxonomy":"category","embeddable":true,"href":"https:\/\/www.accidentdutravail-idf.net\/blog\/wp-json\/wp\/v2\/categories?post=738"},{"taxonomy":"post_tag","embeddable":true,"href":"https:\/\/www.accidentdutravail-idf.net\/blog\/wp-json\/wp\/v2\/tags?post=738"}],"curies":[{"name":"wp","href":"https:\/\/api.w.org\/{rel}","templated":true}]}}