{"id":733,"date":"2024-09-01T14:51:00","date_gmt":"2024-09-01T12:51:00","guid":{"rendered":"https:\/\/www.accidentdutravail-idf.net\/blog\/rdc-adoption-du-projet-de-decret-modifiant-et-completant-le-decret-portant-creation-organisation-et-fonctionnement-de-la-cnssap\/"},"modified":"2024-09-01T14:51:00","modified_gmt":"2024-09-01T12:51:00","slug":"rdc-adoption-du-projet-de-decret-modifiant-et-completant-le-decret-portant-creation-organisation-et-fonctionnement-de-la-cnssap","status":"publish","type":"post","link":"https:\/\/www.accidentdutravail-idf.net\/blog\/rdc-adoption-du-projet-de-decret-modifiant-et-completant-le-decret-portant-creation-organisation-et-fonctionnement-de-la-cnssap\/","title":{"rendered":"RDC : Adoption du projet de d\u00e9cret modifiant et compl\u00e9tant le d\u00e9cret portant cr\u00e9ation, organisation et fonctionnement de la CNSSAP"},"content":{"rendered":"<div><img decoding=\"async\" src=\"https:\/\/www.accidentdutravail-idf.net\/blog\/wp-content\/uploads\/2024\/09\/rdc-adoption-du-projet-de-decret-modifiant-et-completant-le-decret-portant-creation-organisation-et-fonctionnement-de-la-cnssap.jpg\" class=\"ff-og-image-inserted\"><\/div>\n<p>Le projet de d\u00e9cret modifiant et compl\u00e9tant le D\u00e9cret n\u00b015\/031 du 14 d\u00e9cembre 2015, portant cr\u00e9ation, organisation et fonctionnement de la Caisse Nationale de S\u00e9curit\u00e9 Sociale des Agents Publics de l\u2019\u00c9tat (CNSSAP), a \u00e9t\u00e9 adopt\u00e9 par le gouvernement lors de la onzi\u00e8me r\u00e9union du Conseil des ministres. Ce texte a \u00e9t\u00e9 pr\u00e9sent\u00e9 et d\u00e9fendu le vendredi 30 ao\u00fbt 2024 par Jean-Pierre Lihau, Vice-Premier Ministre, Ministre de la Fonction Publique, de la Modernisation de l\u2019Administration et de l\u2019Innovation du Service Public.<\/p>\n<blockquote>\n<p>\u00ab\u00a0Apr\u00e8s l\u2019extension du r\u00e9gime contributif \u00e0 la quasi-totalit\u00e9 des agents publics, il fallait se conformer aux normes internationales relatives aux caisses de s\u00e9curit\u00e9 sociale. En effet, l&rsquo;article 5 de la Loi n\u00b022\/031 du 15 juillet 2022, portant r\u00e9gime sp\u00e9cial de s\u00e9curit\u00e9 sociale des agents publics de l\u2019\u00c9tat, a, par d\u00e9rogation \u00e0 la loi relative aux \u00e9tablissements publics, institu\u00e9 un format exceptionnel de Conseil d&rsquo;Administration pour la CNSSAP, dont le nombre de membres est pass\u00e9 \u00e0 quatorze (14) avec un mandat de trois (3) ans\u00a0\u00bb, a-t-il expliqu\u00e9 dans le compte rendu de la r\u00e9union lu par le porte-parole du gouvernement.<\/p>\n<\/blockquote>\n<p>Pour ce faire, a-t-il poursuivi, ce projet de d\u00e9cret int\u00e8gre, dans la structure de la CNSSAP, un Conseil d&rsquo;Administration de quatorze (14) membres, comprenant sept (7) repr\u00e9sentants de l&rsquo;\u00c9tat-employeur et sept (7) repr\u00e9sentants des agents assujettis.<\/p>\n<p>Apr\u00e8s son adoption au Parlement et sa promulgation par le Chef de l&rsquo;\u00c9tat, F\u00e9lix-Antoine Tshisekedi Tshilombo, la loi n\u00b022\/031 promulgu\u00e9e en juillet 2022 \u00e9tend la couverture sociale l\u00e9gale \u00e0 tous les autres agents publics de l\u2019\u00c9tat, autrefois exclus. Conform\u00e9ment \u00e0 la convention concernant la s\u00e9curit\u00e9 sociale de l\u2019Organisation Internationale du Travail, cette loi \u00e9tend de mani\u00e8re verticale les prestations sociales des assur\u00e9s. On note (i) la branche des pensions avec les prestations de vieillesse, d\u2019invalidit\u00e9 et de survivants ; (ii) la branche des risques professionnels avec les prestations en cas d\u2019accident de travail et de maladie professionnelle ; et (iii) la branche des prestations aux familles.<\/p>\n<p>Avant la promulgation de la loi pr\u00e9cit\u00e9e, seuls les agents de carri\u00e8re des services publics de l\u2019\u00c9tat, r\u00e9gis par la Loi n\u00b0 16\/013 du 15 juillet 2016, portant statut des agents de carri\u00e8re des services publics de l\u2019\u00c9tat, \u00e9taient assujettis \u00e0 la Caisse Nationale de S\u00e9curit\u00e9 Sociale des Agents Publics de l\u2019\u00c9tat. Les autres agents publics de l\u2019\u00c9tat relevant de r\u00e9gimes sp\u00e9cifiques, tels que les enseignants, les m\u00e9decins, les policiers, les militaires et les magistrats, n\u2019avaient pas encore droit \u00e0 une retraite digne, assur\u00e9e par la CNSSAP (Caisse Nationale de S\u00e9curit\u00e9 Sociale des Agents Publics de l\u2019\u00c9tat).<\/p>\n<p>La CNSSAP est un \u00e9tablissement public cr\u00e9\u00e9 par le D\u00e9cret n\u00b015\/031 du 14 d\u00e9cembre 2015, portant cr\u00e9ation, organisation et fonctionnement d\u2019un \u00e9tablissement public d\u00e9nomm\u00e9 Caisse Nationale de S\u00e9curit\u00e9 Sociale des Agents Publics de l\u2019\u00c9tat, \u00ab CNSSAP \u00bb.&nbsp;<\/p>\n<p>Elle a pour mission d\u2019organiser et de g\u00e9rer les prestations de s\u00e9curit\u00e9 sociale qui couvrent trois principales branches : la branche des pensions pour les prestations d\u2019invalidit\u00e9, de vieillesse et de survivants ; la branche des risques professionnels pour les prestations en cas d\u2019accidents du travail et de maladies professionnelles ; et la branche des prestations aux familles pour les allocations familiales, pr\u00e9natales et de maternit\u00e9.<\/p>\n<p>Pour concr\u00e9tiser sa mission, la CNSSAP s\u2019assure de la r\u00e9alisation effective de son activit\u00e9, qui comprend les \u00e9tapes suivantes : l\u2019immatriculation des agents publics ; le recouvrement des cotisations sociales aupr\u00e8s desdits agents ainsi que de l\u2019\u00c9tat employeur ; et enfin, la gestion des prestations ou de la s\u00e9curit\u00e9 sociale. Les agents de carri\u00e8re des services publics de l\u2019\u00c9tat, les militaires et policiers, les enseignants, les fonctionnaires contractuels de l\u2019\u00c9tat, ainsi que les stagiaires et les apprentis li\u00e9s par un contrat d\u2019apprentissage qui int\u00e8grent l\u2019administration publique, sont tous assujettis aux prestations sociales organis\u00e9es par la CNSSAP.<\/p>\n<p><strong>Cl\u00e9ment MUAMBA<\/strong><\/p>\n<p>accidentdutravail-idf.net vous a pr\u00e9par\u00e9 ce post qui informe du sujet \u00ab\u00a0Association Sportive Huisson-Longueville Essonne\u00a0\u00bb. La chronique se veut g\u00e9n\u00e9r\u00e9e du mieux possible. Vous pouvez utiliser les coordonn\u00e9es indiqu\u00e9es sur le site dans le but d\u2019apporter des explications sur ce post qui parle du th\u00e8me \u00ab\u00a0Association Sportive Huisson-Longueville Essonne\u00a0\u00bb. Le site accidentdutravail-idf.net a pour but de fournir diverses publications sur la th\u00e9matique Association Sportive Huisson-Longueville Essonne diffus\u00e9es sur le net. Il y aura plusieurs articles autour du sujet \u00ab\u00a0Association Sportive Huisson-Longueville Essonne\u00a0\u00bb dans quelques jours, nous vous invitons \u00e0 naviguer sur notre site web \u00e0 plusieurs reprises.<\/p>\n","protected":false},"excerpt":{"rendered":"<p>Le projet de d\u00e9cret modifiant et compl\u00e9tant le D\u00e9cret n\u00b015\/031 du 14 d\u00e9cembre 2015, portant cr\u00e9ation, organisation et fonctionnement de la Caisse Nationale de S\u00e9curit\u00e9 Sociale des Agents Publics de l\u2019\u00c9tat (CNSSAP), a \u00e9t\u00e9 adopt\u00e9 par le gouvernement lors de la onzi\u00e8me r\u00e9union du Conseil des ministres. Ce texte a \u00e9t\u00e9 pr\u00e9sent\u00e9 et d\u00e9fendu le &hellip; <\/p>\n<p class=\"link-more\"><a href=\"https:\/\/www.accidentdutravail-idf.net\/blog\/rdc-adoption-du-projet-de-decret-modifiant-et-completant-le-decret-portant-creation-organisation-et-fonctionnement-de-la-cnssap\/\" class=\"more-link\">Continuer la lecture <span class=\"screen-reader-text\"> \u00ab\u00a0RDC : Adoption du projet de d\u00e9cret modifiant et compl\u00e9tant le d\u00e9cret portant cr\u00e9ation, organisation et fonctionnement de la CNSSAP\u00a0\u00bb<\/span><\/a><\/p>\n","protected":false},"author":2,"featured_media":0,"comment_status":"closed","ping_status":"closed","sticky":false,"template":"","format":"standard","meta":{"footnotes":""},"categories":[5],"tags":[],"class_list":["post-733","post","type-post","status-publish","format-standard","hentry","category-securite-du-travail-en-ile-de-france-et-divers","entry"],"yoast_head":"<!-- This site is optimized with the Yoast SEO plugin v27.5 - https:\/\/yoast.com\/product\/yoast-seo-wordpress\/ -->\n<title>RDC : Adoption du projet de d\u00e9cret modifiant et compl\u00e9tant le d\u00e9cret portant cr\u00e9ation, organisation et fonctionnement de la CNSSAP - ACCIDENTDUTRAVAIL-IDF<\/title>\n<meta name=\"description\" content=\"RDC : Adoption du projet de d\u00e9cret modifiant et compl\u00e9tant le d\u00e9cret portant cr\u00e9ation, organisation et fonctionnement de la CNSSAP article de ACCIDENTDUTRAVAIL-IDF\" \/>\n<meta name=\"robots\" content=\"index, follow, max-snippet:-1, max-image-preview:large, max-video-preview:-1\" \/>\n<link rel=\"canonical\" href=\"https:\/\/www.accidentdutravail-idf.net\/blog\/rdc-adoption-du-projet-de-decret-modifiant-et-completant-le-decret-portant-creation-organisation-et-fonctionnement-de-la-cnssap\/\" \/>\n<meta property=\"og:locale\" content=\"fr_FR\" \/>\n<meta property=\"og:type\" content=\"article\" \/>\n<meta property=\"og:title\" content=\"RDC : Adoption du projet de d\u00e9cret modifiant et compl\u00e9tant le d\u00e9cret portant cr\u00e9ation, organisation et fonctionnement de la CNSSAP - ACCIDENTDUTRAVAIL-IDF\" \/>\n<meta property=\"og:description\" content=\"RDC : Adoption du projet de d\u00e9cret modifiant et compl\u00e9tant le d\u00e9cret portant cr\u00e9ation, organisation et fonctionnement de la CNSSAP article de ACCIDENTDUTRAVAIL-IDF\" \/>\n<meta property=\"og:url\" content=\"https:\/\/www.accidentdutravail-idf.net\/blog\/rdc-adoption-du-projet-de-decret-modifiant-et-completant-le-decret-portant-creation-organisation-et-fonctionnement-de-la-cnssap\/\" \/>\n<meta property=\"og:site_name\" content=\"ACCIDENTDUTRAVAIL-IDF\" \/>\n<meta property=\"article:published_time\" content=\"2024-09-01T12:51:00+00:00\" \/>\n<meta property=\"og:image\" content=\"https:\/\/www.accidentdutravail-idf.net\/blog\/wp-content\/uploads\/2024\/09\/rdc-adoption-du-projet-de-decret-modifiant-et-completant-le-decret-portant-creation-organisation-et-fonctionnement-de-la-cnssap.jpg\" \/>\n<meta name=\"author\" content=\"Carlos Poulain\" \/>\n<meta name=\"twitter:card\" content=\"summary_large_image\" \/>\n<meta name=\"twitter:label1\" content=\"\u00c9crit par\" \/>\n\t<meta name=\"twitter:data1\" content=\"Carlos Poulain\" \/>\n\t<meta name=\"twitter:label2\" content=\"Dur\u00e9e de lecture estim\u00e9e\" \/>\n\t<meta name=\"twitter:data2\" content=\"4 minutes\" \/>\n<script type=\"application\/ld+json\" class=\"yoast-schema-graph\">{\"@context\":\"https:\\\/\\\/schema.org\",\"@graph\":[{\"@type\":\"Article\",\"@id\":\"https:\\\/\\\/www.accidentdutravail-idf.net\\\/blog\\\/rdc-adoption-du-projet-de-decret-modifiant-et-completant-le-decret-portant-creation-organisation-et-fonctionnement-de-la-cnssap\\\/#article\",\"isPartOf\":{\"@id\":\"https:\\\/\\\/www.accidentdutravail-idf.net\\\/blog\\\/rdc-adoption-du-projet-de-decret-modifiant-et-completant-le-decret-portant-creation-organisation-et-fonctionnement-de-la-cnssap\\\/\"},\"author\":{\"name\":\"Carlos Poulain\",\"@id\":\"https:\\\/\\\/www.accidentdutravail-idf.net\\\/blog\\\/#\\\/schema\\\/person\\\/3255d2f970de45e64bd9201f38e7b947\"},\"headline\":\"RDC : Adoption du projet de d\u00e9cret modifiant et compl\u00e9tant le d\u00e9cret portant cr\u00e9ation, organisation et fonctionnement de la CNSSAP\",\"datePublished\":\"2024-09-01T12:51:00+00:00\",\"mainEntityOfPage\":{\"@id\":\"https:\\\/\\\/www.accidentdutravail-idf.net\\\/blog\\\/rdc-adoption-du-projet-de-decret-modifiant-et-completant-le-decret-portant-creation-organisation-et-fonctionnement-de-la-cnssap\\\/\"},\"wordCount\":802,\"publisher\":{\"@id\":\"https:\\\/\\\/www.accidentdutravail-idf.net\\\/blog\\\/#organization\"},\"image\":{\"@id\":\"https:\\\/\\\/www.accidentdutravail-idf.net\\\/blog\\\/rdc-adoption-du-projet-de-decret-modifiant-et-completant-le-decret-portant-creation-organisation-et-fonctionnement-de-la-cnssap\\\/#primaryimage\"},\"thumbnailUrl\":\"https:\\\/\\\/www.accidentdutravail-idf.net\\\/blog\\\/wp-content\\\/uploads\\\/2024\\\/09\\\/rdc-adoption-du-projet-de-decret-modifiant-et-completant-le-decret-portant-creation-organisation-et-fonctionnement-de-la-cnssap.jpg\",\"articleSection\":[\"S\u00e9curit\u00e9 Du Travail En Ile-De-France Et Divers:\"],\"inLanguage\":\"fr-FR\"},{\"@type\":\"WebPage\",\"@id\":\"https:\\\/\\\/www.accidentdutravail-idf.net\\\/blog\\\/rdc-adoption-du-projet-de-decret-modifiant-et-completant-le-decret-portant-creation-organisation-et-fonctionnement-de-la-cnssap\\\/\",\"url\":\"https:\\\/\\\/www.accidentdutravail-idf.net\\\/blog\\\/rdc-adoption-du-projet-de-decret-modifiant-et-completant-le-decret-portant-creation-organisation-et-fonctionnement-de-la-cnssap\\\/\",\"name\":\"RDC : Adoption du projet de d\u00e9cret modifiant et compl\u00e9tant le d\u00e9cret portant cr\u00e9ation, organisation et fonctionnement de la CNSSAP - ACCIDENTDUTRAVAIL-IDF\",\"isPartOf\":{\"@id\":\"https:\\\/\\\/www.accidentdutravail-idf.net\\\/blog\\\/#website\"},\"primaryImageOfPage\":{\"@id\":\"https:\\\/\\\/www.accidentdutravail-idf.net\\\/blog\\\/rdc-adoption-du-projet-de-decret-modifiant-et-completant-le-decret-portant-creation-organisation-et-fonctionnement-de-la-cnssap\\\/#primaryimage\"},\"image\":{\"@id\":\"https:\\\/\\\/www.accidentdutravail-idf.net\\\/blog\\\/rdc-adoption-du-projet-de-decret-modifiant-et-completant-le-decret-portant-creation-organisation-et-fonctionnement-de-la-cnssap\\\/#primaryimage\"},\"thumbnailUrl\":\"https:\\\/\\\/www.accidentdutravail-idf.net\\\/blog\\\/wp-content\\\/uploads\\\/2024\\\/09\\\/rdc-adoption-du-projet-de-decret-modifiant-et-completant-le-decret-portant-creation-organisation-et-fonctionnement-de-la-cnssap.jpg\",\"datePublished\":\"2024-09-01T12:51:00+00:00\",\"description\":\"RDC : Adoption du projet de d\u00e9cret modifiant et compl\u00e9tant le d\u00e9cret portant cr\u00e9ation, organisation et fonctionnement de la CNSSAP article de ACCIDENTDUTRAVAIL-IDF\",\"breadcrumb\":{\"@id\":\"https:\\\/\\\/www.accidentdutravail-idf.net\\\/blog\\\/rdc-adoption-du-projet-de-decret-modifiant-et-completant-le-decret-portant-creation-organisation-et-fonctionnement-de-la-cnssap\\\/#breadcrumb\"},\"inLanguage\":\"fr-FR\",\"potentialAction\":[{\"@type\":\"ReadAction\",\"target\":[\"https:\\\/\\\/www.accidentdutravail-idf.net\\\/blog\\\/rdc-adoption-du-projet-de-decret-modifiant-et-completant-le-decret-portant-creation-organisation-et-fonctionnement-de-la-cnssap\\\/\"]}]},{\"@type\":\"ImageObject\",\"inLanguage\":\"fr-FR\",\"@id\":\"https:\\\/\\\/www.accidentdutravail-idf.net\\\/blog\\\/rdc-adoption-du-projet-de-decret-modifiant-et-completant-le-decret-portant-creation-organisation-et-fonctionnement-de-la-cnssap\\\/#primaryimage\",\"url\":\"https:\\\/\\\/www.accidentdutravail-idf.net\\\/blog\\\/wp-content\\\/uploads\\\/2024\\\/09\\\/rdc-adoption-du-projet-de-decret-modifiant-et-completant-le-decret-portant-creation-organisation-et-fonctionnement-de-la-cnssap.jpg\",\"contentUrl\":\"https:\\\/\\\/www.accidentdutravail-idf.net\\\/blog\\\/wp-content\\\/uploads\\\/2024\\\/09\\\/rdc-adoption-du-projet-de-decret-modifiant-et-completant-le-decret-portant-creation-organisation-et-fonctionnement-de-la-cnssap.jpg\"},{\"@type\":\"BreadcrumbList\",\"@id\":\"https:\\\/\\\/www.accidentdutravail-idf.net\\\/blog\\\/rdc-adoption-du-projet-de-decret-modifiant-et-completant-le-decret-portant-creation-organisation-et-fonctionnement-de-la-cnssap\\\/#breadcrumb\",\"itemListElement\":[{\"@type\":\"ListItem\",\"position\":1,\"name\":\"Accueil\",\"item\":\"https:\\\/\\\/www.accidentdutravail-idf.net\\\/blog\\\/\"},{\"@type\":\"ListItem\",\"position\":2,\"name\":\"RDC : Adoption du projet de d\u00e9cret modifiant et compl\u00e9tant le d\u00e9cret portant cr\u00e9ation, organisation et fonctionnement de la CNSSAP\"}]},{\"@type\":\"WebSite\",\"@id\":\"https:\\\/\\\/www.accidentdutravail-idf.net\\\/blog\\\/#website\",\"url\":\"https:\\\/\\\/www.accidentdutravail-idf.net\\\/blog\\\/\",\"name\":\"ACCIDENTDUTRAVAIL-IDF\",\"description\":\"Portail accidents du travail-maladies professionnelles des entreprises d&#039;Ile-de-France\",\"publisher\":{\"@id\":\"https:\\\/\\\/www.accidentdutravail-idf.net\\\/blog\\\/#organization\"},\"potentialAction\":[{\"@type\":\"SearchAction\",\"target\":{\"@type\":\"EntryPoint\",\"urlTemplate\":\"https:\\\/\\\/www.accidentdutravail-idf.net\\\/blog\\\/?s={search_term_string}\"},\"query-input\":{\"@type\":\"PropertyValueSpecification\",\"valueRequired\":true,\"valueName\":\"search_term_string\"}}],\"inLanguage\":\"fr-FR\"},{\"@type\":\"Organization\",\"@id\":\"https:\\\/\\\/www.accidentdutravail-idf.net\\\/blog\\\/#organization\",\"name\":\"accidentdutravail-idf\",\"url\":\"https:\\\/\\\/www.accidentdutravail-idf.net\\\/blog\\\/\",\"logo\":{\"@type\":\"ImageObject\",\"inLanguage\":\"fr-FR\",\"@id\":\"https:\\\/\\\/www.accidentdutravail-idf.net\\\/blog\\\/#\\\/schema\\\/logo\\\/image\\\/\",\"url\":\"https:\\\/\\\/www.accidentdutravail-idf.net\\\/blog\\\/wp-content\\\/uploads\\\/2022\\\/09\\\/logo-2.png\",\"contentUrl\":\"https:\\\/\\\/www.accidentdutravail-idf.net\\\/blog\\\/wp-content\\\/uploads\\\/2022\\\/09\\\/logo-2.png\",\"width\":380,\"height\":291,\"caption\":\"accidentdutravail-idf\"},\"image\":{\"@id\":\"https:\\\/\\\/www.accidentdutravail-idf.net\\\/blog\\\/#\\\/schema\\\/logo\\\/image\\\/\"}},{\"@type\":\"Person\",\"@id\":\"https:\\\/\\\/www.accidentdutravail-idf.net\\\/blog\\\/#\\\/schema\\\/person\\\/3255d2f970de45e64bd9201f38e7b947\",\"name\":\"Carlos Poulain\",\"image\":{\"@type\":\"ImageObject\",\"inLanguage\":\"fr-FR\",\"@id\":\"https:\\\/\\\/secure.gravatar.com\\\/avatar\\\/b1c2f9d3588e34e91adb093635df64ef4b2381991216be7576466cfcdca4baf3?s=96&d=mm&r=g\",\"url\":\"https:\\\/\\\/secure.gravatar.com\\\/avatar\\\/b1c2f9d3588e34e91adb093635df64ef4b2381991216be7576466cfcdca4baf3?s=96&d=mm&r=g\",\"contentUrl\":\"https:\\\/\\\/secure.gravatar.com\\\/avatar\\\/b1c2f9d3588e34e91adb093635df64ef4b2381991216be7576466cfcdca4baf3?s=96&d=mm&r=g\",\"caption\":\"Carlos Poulain\"},\"url\":\"https:\\\/\\\/www.accidentdutravail-idf.net\\\/blog\\\/author\\\/idfcarlos\\\/\"}]}<\/script>\n<!-- \/ Yoast SEO plugin. -->","yoast_head_json":{"title":"RDC : Adoption du projet de d\u00e9cret modifiant et compl\u00e9tant le d\u00e9cret portant cr\u00e9ation, organisation et fonctionnement de la CNSSAP - ACCIDENTDUTRAVAIL-IDF","description":"RDC : Adoption du projet de d\u00e9cret modifiant et compl\u00e9tant le d\u00e9cret portant cr\u00e9ation, organisation et fonctionnement de la CNSSAP article de ACCIDENTDUTRAVAIL-IDF","robots":{"index":"index","follow":"follow","max-snippet":"max-snippet:-1","max-image-preview":"max-image-preview:large","max-video-preview":"max-video-preview:-1"},"canonical":"https:\/\/www.accidentdutravail-idf.net\/blog\/rdc-adoption-du-projet-de-decret-modifiant-et-completant-le-decret-portant-creation-organisation-et-fonctionnement-de-la-cnssap\/","og_locale":"fr_FR","og_type":"article","og_title":"RDC : Adoption du projet de d\u00e9cret modifiant et compl\u00e9tant le d\u00e9cret portant cr\u00e9ation, organisation et fonctionnement de la CNSSAP - ACCIDENTDUTRAVAIL-IDF","og_description":"RDC : Adoption du projet de d\u00e9cret modifiant et compl\u00e9tant le d\u00e9cret portant cr\u00e9ation, organisation et fonctionnement de la CNSSAP article de ACCIDENTDUTRAVAIL-IDF","og_url":"https:\/\/www.accidentdutravail-idf.net\/blog\/rdc-adoption-du-projet-de-decret-modifiant-et-completant-le-decret-portant-creation-organisation-et-fonctionnement-de-la-cnssap\/","og_site_name":"ACCIDENTDUTRAVAIL-IDF","article_published_time":"2024-09-01T12:51:00+00:00","og_image":[{"url":"https:\/\/www.accidentdutravail-idf.net\/blog\/wp-content\/uploads\/2024\/09\/rdc-adoption-du-projet-de-decret-modifiant-et-completant-le-decret-portant-creation-organisation-et-fonctionnement-de-la-cnssap.jpg","type":"","width":"","height":""}],"author":"Carlos Poulain","twitter_card":"summary_large_image","twitter_misc":{"\u00c9crit par":"Carlos Poulain","Dur\u00e9e de lecture estim\u00e9e":"4 minutes"},"schema":{"@context":"https:\/\/schema.org","@graph":[{"@type":"Article","@id":"https:\/\/www.accidentdutravail-idf.net\/blog\/rdc-adoption-du-projet-de-decret-modifiant-et-completant-le-decret-portant-creation-organisation-et-fonctionnement-de-la-cnssap\/#article","isPartOf":{"@id":"https:\/\/www.accidentdutravail-idf.net\/blog\/rdc-adoption-du-projet-de-decret-modifiant-et-completant-le-decret-portant-creation-organisation-et-fonctionnement-de-la-cnssap\/"},"author":{"name":"Carlos Poulain","@id":"https:\/\/www.accidentdutravail-idf.net\/blog\/#\/schema\/person\/3255d2f970de45e64bd9201f38e7b947"},"headline":"RDC : Adoption du projet de d\u00e9cret modifiant et compl\u00e9tant le d\u00e9cret portant cr\u00e9ation, organisation et fonctionnement de la CNSSAP","datePublished":"2024-09-01T12:51:00+00:00","mainEntityOfPage":{"@id":"https:\/\/www.accidentdutravail-idf.net\/blog\/rdc-adoption-du-projet-de-decret-modifiant-et-completant-le-decret-portant-creation-organisation-et-fonctionnement-de-la-cnssap\/"},"wordCount":802,"publisher":{"@id":"https:\/\/www.accidentdutravail-idf.net\/blog\/#organization"},"image":{"@id":"https:\/\/www.accidentdutravail-idf.net\/blog\/rdc-adoption-du-projet-de-decret-modifiant-et-completant-le-decret-portant-creation-organisation-et-fonctionnement-de-la-cnssap\/#primaryimage"},"thumbnailUrl":"https:\/\/www.accidentdutravail-idf.net\/blog\/wp-content\/uploads\/2024\/09\/rdc-adoption-du-projet-de-decret-modifiant-et-completant-le-decret-portant-creation-organisation-et-fonctionnement-de-la-cnssap.jpg","articleSection":["S\u00e9curit\u00e9 Du Travail En Ile-De-France Et Divers:"],"inLanguage":"fr-FR"},{"@type":"WebPage","@id":"https:\/\/www.accidentdutravail-idf.net\/blog\/rdc-adoption-du-projet-de-decret-modifiant-et-completant-le-decret-portant-creation-organisation-et-fonctionnement-de-la-cnssap\/","url":"https:\/\/www.accidentdutravail-idf.net\/blog\/rdc-adoption-du-projet-de-decret-modifiant-et-completant-le-decret-portant-creation-organisation-et-fonctionnement-de-la-cnssap\/","name":"RDC : Adoption du projet de d\u00e9cret modifiant et compl\u00e9tant le d\u00e9cret portant cr\u00e9ation, organisation et fonctionnement de la CNSSAP - ACCIDENTDUTRAVAIL-IDF","isPartOf":{"@id":"https:\/\/www.accidentdutravail-idf.net\/blog\/#website"},"primaryImageOfPage":{"@id":"https:\/\/www.accidentdutravail-idf.net\/blog\/rdc-adoption-du-projet-de-decret-modifiant-et-completant-le-decret-portant-creation-organisation-et-fonctionnement-de-la-cnssap\/#primaryimage"},"image":{"@id":"https:\/\/www.accidentdutravail-idf.net\/blog\/rdc-adoption-du-projet-de-decret-modifiant-et-completant-le-decret-portant-creation-organisation-et-fonctionnement-de-la-cnssap\/#primaryimage"},"thumbnailUrl":"https:\/\/www.accidentdutravail-idf.net\/blog\/wp-content\/uploads\/2024\/09\/rdc-adoption-du-projet-de-decret-modifiant-et-completant-le-decret-portant-creation-organisation-et-fonctionnement-de-la-cnssap.jpg","datePublished":"2024-09-01T12:51:00+00:00","description":"RDC : Adoption du projet de d\u00e9cret modifiant et compl\u00e9tant le d\u00e9cret portant cr\u00e9ation, organisation et fonctionnement de la CNSSAP article de ACCIDENTDUTRAVAIL-IDF","breadcrumb":{"@id":"https:\/\/www.accidentdutravail-idf.net\/blog\/rdc-adoption-du-projet-de-decret-modifiant-et-completant-le-decret-portant-creation-organisation-et-fonctionnement-de-la-cnssap\/#breadcrumb"},"inLanguage":"fr-FR","potentialAction":[{"@type":"ReadAction","target":["https:\/\/www.accidentdutravail-idf.net\/blog\/rdc-adoption-du-projet-de-decret-modifiant-et-completant-le-decret-portant-creation-organisation-et-fonctionnement-de-la-cnssap\/"]}]},{"@type":"ImageObject","inLanguage":"fr-FR","@id":"https:\/\/www.accidentdutravail-idf.net\/blog\/rdc-adoption-du-projet-de-decret-modifiant-et-completant-le-decret-portant-creation-organisation-et-fonctionnement-de-la-cnssap\/#primaryimage","url":"https:\/\/www.accidentdutravail-idf.net\/blog\/wp-content\/uploads\/2024\/09\/rdc-adoption-du-projet-de-decret-modifiant-et-completant-le-decret-portant-creation-organisation-et-fonctionnement-de-la-cnssap.jpg","contentUrl":"https:\/\/www.accidentdutravail-idf.net\/blog\/wp-content\/uploads\/2024\/09\/rdc-adoption-du-projet-de-decret-modifiant-et-completant-le-decret-portant-creation-organisation-et-fonctionnement-de-la-cnssap.jpg"},{"@type":"BreadcrumbList","@id":"https:\/\/www.accidentdutravail-idf.net\/blog\/rdc-adoption-du-projet-de-decret-modifiant-et-completant-le-decret-portant-creation-organisation-et-fonctionnement-de-la-cnssap\/#breadcrumb","itemListElement":[{"@type":"ListItem","position":1,"name":"Accueil","item":"https:\/\/www.accidentdutravail-idf.net\/blog\/"},{"@type":"ListItem","position":2,"name":"RDC : Adoption du projet de d\u00e9cret modifiant et compl\u00e9tant le d\u00e9cret portant cr\u00e9ation, organisation et fonctionnement de la CNSSAP"}]},{"@type":"WebSite","@id":"https:\/\/www.accidentdutravail-idf.net\/blog\/#website","url":"https:\/\/www.accidentdutravail-idf.net\/blog\/","name":"ACCIDENTDUTRAVAIL-IDF","description":"Portail accidents du travail-maladies professionnelles des entreprises d&#039;Ile-de-France","publisher":{"@id":"https:\/\/www.accidentdutravail-idf.net\/blog\/#organization"},"potentialAction":[{"@type":"SearchAction","target":{"@type":"EntryPoint","urlTemplate":"https:\/\/www.accidentdutravail-idf.net\/blog\/?s={search_term_string}"},"query-input":{"@type":"PropertyValueSpecification","valueRequired":true,"valueName":"search_term_string"}}],"inLanguage":"fr-FR"},{"@type":"Organization","@id":"https:\/\/www.accidentdutravail-idf.net\/blog\/#organization","name":"accidentdutravail-idf","url":"https:\/\/www.accidentdutravail-idf.net\/blog\/","logo":{"@type":"ImageObject","inLanguage":"fr-FR","@id":"https:\/\/www.accidentdutravail-idf.net\/blog\/#\/schema\/logo\/image\/","url":"https:\/\/www.accidentdutravail-idf.net\/blog\/wp-content\/uploads\/2022\/09\/logo-2.png","contentUrl":"https:\/\/www.accidentdutravail-idf.net\/blog\/wp-content\/uploads\/2022\/09\/logo-2.png","width":380,"height":291,"caption":"accidentdutravail-idf"},"image":{"@id":"https:\/\/www.accidentdutravail-idf.net\/blog\/#\/schema\/logo\/image\/"}},{"@type":"Person","@id":"https:\/\/www.accidentdutravail-idf.net\/blog\/#\/schema\/person\/3255d2f970de45e64bd9201f38e7b947","name":"Carlos Poulain","image":{"@type":"ImageObject","inLanguage":"fr-FR","@id":"https:\/\/secure.gravatar.com\/avatar\/b1c2f9d3588e34e91adb093635df64ef4b2381991216be7576466cfcdca4baf3?s=96&d=mm&r=g","url":"https:\/\/secure.gravatar.com\/avatar\/b1c2f9d3588e34e91adb093635df64ef4b2381991216be7576466cfcdca4baf3?s=96&d=mm&r=g","contentUrl":"https:\/\/secure.gravatar.com\/avatar\/b1c2f9d3588e34e91adb093635df64ef4b2381991216be7576466cfcdca4baf3?s=96&d=mm&r=g","caption":"Carlos Poulain"},"url":"https:\/\/www.accidentdutravail-idf.net\/blog\/author\/idfcarlos\/"}]}},"_links":{"self":[{"href":"https:\/\/www.accidentdutravail-idf.net\/blog\/wp-json\/wp\/v2\/posts\/733","targetHints":{"allow":["GET"]}}],"collection":[{"href":"https:\/\/www.accidentdutravail-idf.net\/blog\/wp-json\/wp\/v2\/posts"}],"about":[{"href":"https:\/\/www.accidentdutravail-idf.net\/blog\/wp-json\/wp\/v2\/types\/post"}],"author":[{"embeddable":true,"href":"https:\/\/www.accidentdutravail-idf.net\/blog\/wp-json\/wp\/v2\/users\/2"}],"replies":[{"embeddable":true,"href":"https:\/\/www.accidentdutravail-idf.net\/blog\/wp-json\/wp\/v2\/comments?post=733"}],"version-history":[{"count":0,"href":"https:\/\/www.accidentdutravail-idf.net\/blog\/wp-json\/wp\/v2\/posts\/733\/revisions"}],"wp:attachment":[{"href":"https:\/\/www.accidentdutravail-idf.net\/blog\/wp-json\/wp\/v2\/media?parent=733"}],"wp:term":[{"taxonomy":"category","embeddable":true,"href":"https:\/\/www.accidentdutravail-idf.net\/blog\/wp-json\/wp\/v2\/categories?post=733"},{"taxonomy":"post_tag","embeddable":true,"href":"https:\/\/www.accidentdutravail-idf.net\/blog\/wp-json\/wp\/v2\/tags?post=733"}],"curies":[{"name":"wp","href":"https:\/\/api.w.org\/{rel}","templated":true}]}}