{"id":732,"date":"2024-09-01T01:00:00","date_gmt":"2024-08-31T23:00:00","guid":{"rendered":"https:\/\/www.accidentdutravail-idf.net\/blog\/emploi-au-luxembourg-litm-sest-adaptee-pour-traiter-les-accidents-du-travail\/"},"modified":"2024-09-01T01:00:00","modified_gmt":"2024-08-31T23:00:00","slug":"emploi-au-luxembourg-litm-sest-adaptee-pour-traiter-les-accidents-du-travail","status":"publish","type":"post","link":"https:\/\/www.accidentdutravail-idf.net\/blog\/emploi-au-luxembourg-litm-sest-adaptee-pour-traiter-les-accidents-du-travail\/","title":{"rendered":"Emploi au Luxembourg: L\u2019ITM s\u2019est \u00abadapt\u00e9e\u00bb pour traiter les accidents du travail"},"content":{"rendered":"<div><img decoding=\"async\" src=\"https:\/\/image.lessentiel.lu\/2024\/08\/29\/b489edc4-107e-422f-9900-6da45f9659d3.jpeg?auto=format%2Ccompress%2Cenhance&amp;fit=crop&amp;w=1200&amp;h=675&amp;rect=0%2C0%2C1028%2C1200&amp;crop=faces&amp;s=29c9626a71c816febec184752a96d1fd\" class=\"ff-og-image-inserted\"><\/div>\n<div>\n<p>Le nombre de d\u00e9clarations d\u2019accidents du travail est \u00aben croissance constante depuis 2020\u00bb, constate l\u2019Inspection du travail et des mines (ITM). L\u2019ann\u00e9e derni\u00e8re, 2 606 accidents ont \u00e9t\u00e9 signal\u00e9s aux autorit\u00e9s, comme l\u2019impose le Code du travail, contre 562 en 2020. Ensuite, charge \u00e0 l\u2019ITM de mener son enqu\u00eate et d\u2019imposer \u00e9ventuellement certaines mesures.<\/p>\n<\/div>\n<div>\n<p>Or, le 1<sup>er<\/sup> janvier dernier, 806 dossiers restaient ouverts, dont plus de la moiti\u00e9 (452) concernaient les ann\u00e9es 2020, 2021 et 2022, indique le dernier rapport annuel. Mais \u00abentre-temps, le nombre de dossiers concernant les ann\u00e9es 2020 \u00e0 2022 s\u2019est r\u00e9duit \u00e0 178\u00bb, assurait l\u2019ITM cette semaine \u00e0 \u00abL&rsquo;essentiel\u00bb. Car l\u2019institution assure avoir \u00abadapt\u00e9 les ressources\u00bb du service Contr\u00f4les, chantiers et accidents (CCA), dans le but de \u00abfaire face \u00e0 l\u2019accroissement de la charge de travail\u00bb.<\/p>\n<\/div>\n<div>\n<p>L\u2019ann\u00e9e derni\u00e8re, les agents de ce service ont contr\u00f4l\u00e9 939 sites ou chantiers, appartenant \u00e0 760 entreprises. Cela repr\u00e9sentait 1 907 contr\u00f4les, soit un bond de 4,8% en l&rsquo;espace d&rsquo;un an. L\u2019ITM \u00e9voque \u00abune \u00e9volution\u00bb du monde du travail ces derni\u00e8res ann\u00e9es, qui l\u2019oblige \u00e0 s\u2019adapter. L&rsquo;Inspection du travail et des mines comptait 232 collaborateurs l\u2019an dernier. Parmi eux figurent 130 inspecteurs du travail, dont 99 sont d\u00e9ploy\u00e9s sur le terrain.<\/p>\n<\/div>\n<p>accidentdutravail-idf.net vous a pr\u00e9par\u00e9 ce post qui informe du sujet \u00ab\u00a0Association Sportive Huisson-Longueville Essonne\u00a0\u00bb. La chronique se veut g\u00e9n\u00e9r\u00e9e du mieux possible. Vous pouvez utiliser les coordonn\u00e9es indiqu\u00e9es sur le site dans le but d\u2019apporter des explications sur ce post qui parle du th\u00e8me \u00ab\u00a0Association Sportive Huisson-Longueville Essonne\u00a0\u00bb. Le site accidentdutravail-idf.net a pour but de fournir diverses publications sur la th\u00e9matique Association Sportive Huisson-Longueville Essonne diffus\u00e9es sur le net. Il y aura plusieurs articles autour du sujet \u00ab\u00a0Association Sportive Huisson-Longueville Essonne\u00a0\u00bb dans quelques jours, nous vous invitons \u00e0 naviguer sur notre site web \u00e0 plusieurs reprises.<\/p>\n","protected":false},"excerpt":{"rendered":"<p>Le nombre de d\u00e9clarations d\u2019accidents du travail est \u00aben croissance constante depuis 2020\u00bb, constate l\u2019Inspection du travail et des mines (ITM). L\u2019ann\u00e9e derni\u00e8re, 2 606 accidents ont \u00e9t\u00e9 signal\u00e9s aux autorit\u00e9s, comme l\u2019impose le Code du travail, contre 562 en 2020. Ensuite, charge \u00e0 l\u2019ITM de mener son enqu\u00eate et d\u2019imposer \u00e9ventuellement certaines mesures. Or, &hellip; <\/p>\n<p class=\"link-more\"><a href=\"https:\/\/www.accidentdutravail-idf.net\/blog\/emploi-au-luxembourg-litm-sest-adaptee-pour-traiter-les-accidents-du-travail\/\" class=\"more-link\">Continuer la lecture <span class=\"screen-reader-text\"> \u00ab\u00a0Emploi au Luxembourg: L\u2019ITM s\u2019est \u00abadapt\u00e9e\u00bb pour traiter les accidents du travail\u00a0\u00bb<\/span><\/a><\/p>\n","protected":false},"author":2,"featured_media":0,"comment_status":"closed","ping_status":"closed","sticky":false,"template":"","format":"standard","meta":{"footnotes":""},"categories":[5],"tags":[],"class_list":["post-732","post","type-post","status-publish","format-standard","hentry","category-securite-du-travail-en-ile-de-france-et-divers","entry"],"yoast_head":"<!-- This site is optimized with the Yoast SEO plugin v27.5 - https:\/\/yoast.com\/product\/yoast-seo-wordpress\/ -->\n<title>Emploi au Luxembourg: L\u2019ITM s\u2019est \u00abadapt\u00e9e\u00bb pour traiter les accidents du travail - ACCIDENTDUTRAVAIL-IDF<\/title>\n<meta name=\"description\" content=\"Emploi au Luxembourg: L\u2019ITM s\u2019est \u00abadapt\u00e9e\u00bb pour traiter les accidents du travail article de ACCIDENTDUTRAVAIL-IDF\" \/>\n<meta name=\"robots\" content=\"index, follow, max-snippet:-1, max-image-preview:large, max-video-preview:-1\" \/>\n<link rel=\"canonical\" href=\"https:\/\/www.accidentdutravail-idf.net\/blog\/emploi-au-luxembourg-litm-sest-adaptee-pour-traiter-les-accidents-du-travail\/\" \/>\n<meta property=\"og:locale\" content=\"fr_FR\" \/>\n<meta property=\"og:type\" content=\"article\" \/>\n<meta property=\"og:title\" content=\"Emploi au Luxembourg: L\u2019ITM s\u2019est \u00abadapt\u00e9e\u00bb pour traiter les accidents du travail - ACCIDENTDUTRAVAIL-IDF\" \/>\n<meta property=\"og:description\" content=\"Emploi au Luxembourg: L\u2019ITM s\u2019est \u00abadapt\u00e9e\u00bb pour traiter les accidents du travail article de ACCIDENTDUTRAVAIL-IDF\" \/>\n<meta property=\"og:url\" content=\"https:\/\/www.accidentdutravail-idf.net\/blog\/emploi-au-luxembourg-litm-sest-adaptee-pour-traiter-les-accidents-du-travail\/\" \/>\n<meta property=\"og:site_name\" content=\"ACCIDENTDUTRAVAIL-IDF\" \/>\n<meta property=\"article:published_time\" content=\"2024-08-31T23:00:00+00:00\" \/>\n<meta property=\"og:image\" content=\"https:\/\/image.lessentiel.lu\/2024\/08\/29\/b489edc4-107e-422f-9900-6da45f9659d3.jpeg?auto=format%2Ccompress%2Cenhance&amp;fit=crop&amp;w=1200&amp;h=675&amp;rect=0%2C0%2C1028%2C1200&amp;crop=faces&amp;s=29c9626a71c816febec184752a96d1fd\" \/>\n<meta name=\"author\" content=\"Carlos Poulain\" \/>\n<meta name=\"twitter:card\" content=\"summary_large_image\" \/>\n<meta name=\"twitter:label1\" content=\"\u00c9crit par\" \/>\n\t<meta name=\"twitter:data1\" content=\"Carlos Poulain\" \/>\n\t<meta name=\"twitter:label2\" content=\"Dur\u00e9e de lecture estim\u00e9e\" \/>\n\t<meta name=\"twitter:data2\" content=\"2 minutes\" \/>\n<script type=\"application\/ld+json\" class=\"yoast-schema-graph\">{\"@context\":\"https:\\\/\\\/schema.org\",\"@graph\":[{\"@type\":\"Article\",\"@id\":\"https:\\\/\\\/www.accidentdutravail-idf.net\\\/blog\\\/emploi-au-luxembourg-litm-sest-adaptee-pour-traiter-les-accidents-du-travail\\\/#article\",\"isPartOf\":{\"@id\":\"https:\\\/\\\/www.accidentdutravail-idf.net\\\/blog\\\/emploi-au-luxembourg-litm-sest-adaptee-pour-traiter-les-accidents-du-travail\\\/\"},\"author\":{\"name\":\"Carlos Poulain\",\"@id\":\"https:\\\/\\\/www.accidentdutravail-idf.net\\\/blog\\\/#\\\/schema\\\/person\\\/3255d2f970de45e64bd9201f38e7b947\"},\"headline\":\"Emploi au Luxembourg: L\u2019ITM s\u2019est \u00abadapt\u00e9e\u00bb pour traiter les accidents du travail\",\"datePublished\":\"2024-08-31T23:00:00+00:00\",\"mainEntityOfPage\":{\"@id\":\"https:\\\/\\\/www.accidentdutravail-idf.net\\\/blog\\\/emploi-au-luxembourg-litm-sest-adaptee-pour-traiter-les-accidents-du-travail\\\/\"},\"wordCount\":328,\"publisher\":{\"@id\":\"https:\\\/\\\/www.accidentdutravail-idf.net\\\/blog\\\/#organization\"},\"image\":{\"@id\":\"https:\\\/\\\/www.accidentdutravail-idf.net\\\/blog\\\/emploi-au-luxembourg-litm-sest-adaptee-pour-traiter-les-accidents-du-travail\\\/#primaryimage\"},\"thumbnailUrl\":\"https:\\\/\\\/image.lessentiel.lu\\\/2024\\\/08\\\/29\\\/b489edc4-107e-422f-9900-6da45f9659d3.jpeg?auto=format%2Ccompress%2Cenhance&amp;fit=crop&amp;w=1200&amp;h=675&amp;rect=0%2C0%2C1028%2C1200&amp;crop=faces&amp;s=29c9626a71c816febec184752a96d1fd\",\"articleSection\":[\"S\u00e9curit\u00e9 Du Travail En Ile-De-France Et Divers:\"],\"inLanguage\":\"fr-FR\"},{\"@type\":\"WebPage\",\"@id\":\"https:\\\/\\\/www.accidentdutravail-idf.net\\\/blog\\\/emploi-au-luxembourg-litm-sest-adaptee-pour-traiter-les-accidents-du-travail\\\/\",\"url\":\"https:\\\/\\\/www.accidentdutravail-idf.net\\\/blog\\\/emploi-au-luxembourg-litm-sest-adaptee-pour-traiter-les-accidents-du-travail\\\/\",\"name\":\"Emploi au Luxembourg: L\u2019ITM s\u2019est \u00abadapt\u00e9e\u00bb pour traiter les accidents du travail - ACCIDENTDUTRAVAIL-IDF\",\"isPartOf\":{\"@id\":\"https:\\\/\\\/www.accidentdutravail-idf.net\\\/blog\\\/#website\"},\"primaryImageOfPage\":{\"@id\":\"https:\\\/\\\/www.accidentdutravail-idf.net\\\/blog\\\/emploi-au-luxembourg-litm-sest-adaptee-pour-traiter-les-accidents-du-travail\\\/#primaryimage\"},\"image\":{\"@id\":\"https:\\\/\\\/www.accidentdutravail-idf.net\\\/blog\\\/emploi-au-luxembourg-litm-sest-adaptee-pour-traiter-les-accidents-du-travail\\\/#primaryimage\"},\"thumbnailUrl\":\"https:\\\/\\\/image.lessentiel.lu\\\/2024\\\/08\\\/29\\\/b489edc4-107e-422f-9900-6da45f9659d3.jpeg?auto=format%2Ccompress%2Cenhance&amp;fit=crop&amp;w=1200&amp;h=675&amp;rect=0%2C0%2C1028%2C1200&amp;crop=faces&amp;s=29c9626a71c816febec184752a96d1fd\",\"datePublished\":\"2024-08-31T23:00:00+00:00\",\"description\":\"Emploi au Luxembourg: L\u2019ITM s\u2019est \u00abadapt\u00e9e\u00bb pour traiter les accidents du travail article de ACCIDENTDUTRAVAIL-IDF\",\"breadcrumb\":{\"@id\":\"https:\\\/\\\/www.accidentdutravail-idf.net\\\/blog\\\/emploi-au-luxembourg-litm-sest-adaptee-pour-traiter-les-accidents-du-travail\\\/#breadcrumb\"},\"inLanguage\":\"fr-FR\",\"potentialAction\":[{\"@type\":\"ReadAction\",\"target\":[\"https:\\\/\\\/www.accidentdutravail-idf.net\\\/blog\\\/emploi-au-luxembourg-litm-sest-adaptee-pour-traiter-les-accidents-du-travail\\\/\"]}]},{\"@type\":\"ImageObject\",\"inLanguage\":\"fr-FR\",\"@id\":\"https:\\\/\\\/www.accidentdutravail-idf.net\\\/blog\\\/emploi-au-luxembourg-litm-sest-adaptee-pour-traiter-les-accidents-du-travail\\\/#primaryimage\",\"url\":\"https:\\\/\\\/image.lessentiel.lu\\\/2024\\\/08\\\/29\\\/b489edc4-107e-422f-9900-6da45f9659d3.jpeg?auto=format%2Ccompress%2Cenhance&amp;fit=crop&amp;w=1200&amp;h=675&amp;rect=0%2C0%2C1028%2C1200&amp;crop=faces&amp;s=29c9626a71c816febec184752a96d1fd\",\"contentUrl\":\"https:\\\/\\\/image.lessentiel.lu\\\/2024\\\/08\\\/29\\\/b489edc4-107e-422f-9900-6da45f9659d3.jpeg?auto=format%2Ccompress%2Cenhance&amp;fit=crop&amp;w=1200&amp;h=675&amp;rect=0%2C0%2C1028%2C1200&amp;crop=faces&amp;s=29c9626a71c816febec184752a96d1fd\"},{\"@type\":\"BreadcrumbList\",\"@id\":\"https:\\\/\\\/www.accidentdutravail-idf.net\\\/blog\\\/emploi-au-luxembourg-litm-sest-adaptee-pour-traiter-les-accidents-du-travail\\\/#breadcrumb\",\"itemListElement\":[{\"@type\":\"ListItem\",\"position\":1,\"name\":\"Accueil\",\"item\":\"https:\\\/\\\/www.accidentdutravail-idf.net\\\/blog\\\/\"},{\"@type\":\"ListItem\",\"position\":2,\"name\":\"Emploi au Luxembourg: L\u2019ITM s\u2019est \u00abadapt\u00e9e\u00bb pour traiter les accidents du travail\"}]},{\"@type\":\"WebSite\",\"@id\":\"https:\\\/\\\/www.accidentdutravail-idf.net\\\/blog\\\/#website\",\"url\":\"https:\\\/\\\/www.accidentdutravail-idf.net\\\/blog\\\/\",\"name\":\"ACCIDENTDUTRAVAIL-IDF\",\"description\":\"Portail accidents du travail-maladies professionnelles des entreprises d&#039;Ile-de-France\",\"publisher\":{\"@id\":\"https:\\\/\\\/www.accidentdutravail-idf.net\\\/blog\\\/#organization\"},\"potentialAction\":[{\"@type\":\"SearchAction\",\"target\":{\"@type\":\"EntryPoint\",\"urlTemplate\":\"https:\\\/\\\/www.accidentdutravail-idf.net\\\/blog\\\/?s={search_term_string}\"},\"query-input\":{\"@type\":\"PropertyValueSpecification\",\"valueRequired\":true,\"valueName\":\"search_term_string\"}}],\"inLanguage\":\"fr-FR\"},{\"@type\":\"Organization\",\"@id\":\"https:\\\/\\\/www.accidentdutravail-idf.net\\\/blog\\\/#organization\",\"name\":\"accidentdutravail-idf\",\"url\":\"https:\\\/\\\/www.accidentdutravail-idf.net\\\/blog\\\/\",\"logo\":{\"@type\":\"ImageObject\",\"inLanguage\":\"fr-FR\",\"@id\":\"https:\\\/\\\/www.accidentdutravail-idf.net\\\/blog\\\/#\\\/schema\\\/logo\\\/image\\\/\",\"url\":\"https:\\\/\\\/www.accidentdutravail-idf.net\\\/blog\\\/wp-content\\\/uploads\\\/2022\\\/09\\\/logo-2.png\",\"contentUrl\":\"https:\\\/\\\/www.accidentdutravail-idf.net\\\/blog\\\/wp-content\\\/uploads\\\/2022\\\/09\\\/logo-2.png\",\"width\":380,\"height\":291,\"caption\":\"accidentdutravail-idf\"},\"image\":{\"@id\":\"https:\\\/\\\/www.accidentdutravail-idf.net\\\/blog\\\/#\\\/schema\\\/logo\\\/image\\\/\"}},{\"@type\":\"Person\",\"@id\":\"https:\\\/\\\/www.accidentdutravail-idf.net\\\/blog\\\/#\\\/schema\\\/person\\\/3255d2f970de45e64bd9201f38e7b947\",\"name\":\"Carlos Poulain\",\"image\":{\"@type\":\"ImageObject\",\"inLanguage\":\"fr-FR\",\"@id\":\"https:\\\/\\\/secure.gravatar.com\\\/avatar\\\/b1c2f9d3588e34e91adb093635df64ef4b2381991216be7576466cfcdca4baf3?s=96&d=mm&r=g\",\"url\":\"https:\\\/\\\/secure.gravatar.com\\\/avatar\\\/b1c2f9d3588e34e91adb093635df64ef4b2381991216be7576466cfcdca4baf3?s=96&d=mm&r=g\",\"contentUrl\":\"https:\\\/\\\/secure.gravatar.com\\\/avatar\\\/b1c2f9d3588e34e91adb093635df64ef4b2381991216be7576466cfcdca4baf3?s=96&d=mm&r=g\",\"caption\":\"Carlos Poulain\"},\"url\":\"https:\\\/\\\/www.accidentdutravail-idf.net\\\/blog\\\/author\\\/idfcarlos\\\/\"}]}<\/script>\n<!-- \/ Yoast SEO plugin. -->","yoast_head_json":{"title":"Emploi au Luxembourg: L\u2019ITM s\u2019est \u00abadapt\u00e9e\u00bb pour traiter les accidents du travail - ACCIDENTDUTRAVAIL-IDF","description":"Emploi au Luxembourg: L\u2019ITM s\u2019est \u00abadapt\u00e9e\u00bb pour traiter les accidents du travail article de ACCIDENTDUTRAVAIL-IDF","robots":{"index":"index","follow":"follow","max-snippet":"max-snippet:-1","max-image-preview":"max-image-preview:large","max-video-preview":"max-video-preview:-1"},"canonical":"https:\/\/www.accidentdutravail-idf.net\/blog\/emploi-au-luxembourg-litm-sest-adaptee-pour-traiter-les-accidents-du-travail\/","og_locale":"fr_FR","og_type":"article","og_title":"Emploi au Luxembourg: L\u2019ITM s\u2019est \u00abadapt\u00e9e\u00bb pour traiter les accidents du travail - ACCIDENTDUTRAVAIL-IDF","og_description":"Emploi au Luxembourg: L\u2019ITM s\u2019est \u00abadapt\u00e9e\u00bb pour traiter les accidents du travail article de ACCIDENTDUTRAVAIL-IDF","og_url":"https:\/\/www.accidentdutravail-idf.net\/blog\/emploi-au-luxembourg-litm-sest-adaptee-pour-traiter-les-accidents-du-travail\/","og_site_name":"ACCIDENTDUTRAVAIL-IDF","article_published_time":"2024-08-31T23:00:00+00:00","og_image":[{"url":"https:\/\/image.lessentiel.lu\/2024\/08\/29\/b489edc4-107e-422f-9900-6da45f9659d3.jpeg?auto=format%2Ccompress%2Cenhance&amp;fit=crop&amp;w=1200&amp;h=675&amp;rect=0%2C0%2C1028%2C1200&amp;crop=faces&amp;s=29c9626a71c816febec184752a96d1fd","type":"","width":"","height":""}],"author":"Carlos Poulain","twitter_card":"summary_large_image","twitter_misc":{"\u00c9crit par":"Carlos Poulain","Dur\u00e9e de lecture estim\u00e9e":"2 minutes"},"schema":{"@context":"https:\/\/schema.org","@graph":[{"@type":"Article","@id":"https:\/\/www.accidentdutravail-idf.net\/blog\/emploi-au-luxembourg-litm-sest-adaptee-pour-traiter-les-accidents-du-travail\/#article","isPartOf":{"@id":"https:\/\/www.accidentdutravail-idf.net\/blog\/emploi-au-luxembourg-litm-sest-adaptee-pour-traiter-les-accidents-du-travail\/"},"author":{"name":"Carlos Poulain","@id":"https:\/\/www.accidentdutravail-idf.net\/blog\/#\/schema\/person\/3255d2f970de45e64bd9201f38e7b947"},"headline":"Emploi au Luxembourg: L\u2019ITM s\u2019est \u00abadapt\u00e9e\u00bb pour traiter les accidents du travail","datePublished":"2024-08-31T23:00:00+00:00","mainEntityOfPage":{"@id":"https:\/\/www.accidentdutravail-idf.net\/blog\/emploi-au-luxembourg-litm-sest-adaptee-pour-traiter-les-accidents-du-travail\/"},"wordCount":328,"publisher":{"@id":"https:\/\/www.accidentdutravail-idf.net\/blog\/#organization"},"image":{"@id":"https:\/\/www.accidentdutravail-idf.net\/blog\/emploi-au-luxembourg-litm-sest-adaptee-pour-traiter-les-accidents-du-travail\/#primaryimage"},"thumbnailUrl":"https:\/\/image.lessentiel.lu\/2024\/08\/29\/b489edc4-107e-422f-9900-6da45f9659d3.jpeg?auto=format%2Ccompress%2Cenhance&amp;fit=crop&amp;w=1200&amp;h=675&amp;rect=0%2C0%2C1028%2C1200&amp;crop=faces&amp;s=29c9626a71c816febec184752a96d1fd","articleSection":["S\u00e9curit\u00e9 Du Travail En Ile-De-France Et Divers:"],"inLanguage":"fr-FR"},{"@type":"WebPage","@id":"https:\/\/www.accidentdutravail-idf.net\/blog\/emploi-au-luxembourg-litm-sest-adaptee-pour-traiter-les-accidents-du-travail\/","url":"https:\/\/www.accidentdutravail-idf.net\/blog\/emploi-au-luxembourg-litm-sest-adaptee-pour-traiter-les-accidents-du-travail\/","name":"Emploi au Luxembourg: L\u2019ITM s\u2019est \u00abadapt\u00e9e\u00bb pour traiter les accidents du travail - ACCIDENTDUTRAVAIL-IDF","isPartOf":{"@id":"https:\/\/www.accidentdutravail-idf.net\/blog\/#website"},"primaryImageOfPage":{"@id":"https:\/\/www.accidentdutravail-idf.net\/blog\/emploi-au-luxembourg-litm-sest-adaptee-pour-traiter-les-accidents-du-travail\/#primaryimage"},"image":{"@id":"https:\/\/www.accidentdutravail-idf.net\/blog\/emploi-au-luxembourg-litm-sest-adaptee-pour-traiter-les-accidents-du-travail\/#primaryimage"},"thumbnailUrl":"https:\/\/image.lessentiel.lu\/2024\/08\/29\/b489edc4-107e-422f-9900-6da45f9659d3.jpeg?auto=format%2Ccompress%2Cenhance&amp;fit=crop&amp;w=1200&amp;h=675&amp;rect=0%2C0%2C1028%2C1200&amp;crop=faces&amp;s=29c9626a71c816febec184752a96d1fd","datePublished":"2024-08-31T23:00:00+00:00","description":"Emploi au Luxembourg: L\u2019ITM s\u2019est \u00abadapt\u00e9e\u00bb pour traiter les accidents du travail article de ACCIDENTDUTRAVAIL-IDF","breadcrumb":{"@id":"https:\/\/www.accidentdutravail-idf.net\/blog\/emploi-au-luxembourg-litm-sest-adaptee-pour-traiter-les-accidents-du-travail\/#breadcrumb"},"inLanguage":"fr-FR","potentialAction":[{"@type":"ReadAction","target":["https:\/\/www.accidentdutravail-idf.net\/blog\/emploi-au-luxembourg-litm-sest-adaptee-pour-traiter-les-accidents-du-travail\/"]}]},{"@type":"ImageObject","inLanguage":"fr-FR","@id":"https:\/\/www.accidentdutravail-idf.net\/blog\/emploi-au-luxembourg-litm-sest-adaptee-pour-traiter-les-accidents-du-travail\/#primaryimage","url":"https:\/\/image.lessentiel.lu\/2024\/08\/29\/b489edc4-107e-422f-9900-6da45f9659d3.jpeg?auto=format%2Ccompress%2Cenhance&amp;fit=crop&amp;w=1200&amp;h=675&amp;rect=0%2C0%2C1028%2C1200&amp;crop=faces&amp;s=29c9626a71c816febec184752a96d1fd","contentUrl":"https:\/\/image.lessentiel.lu\/2024\/08\/29\/b489edc4-107e-422f-9900-6da45f9659d3.jpeg?auto=format%2Ccompress%2Cenhance&amp;fit=crop&amp;w=1200&amp;h=675&amp;rect=0%2C0%2C1028%2C1200&amp;crop=faces&amp;s=29c9626a71c816febec184752a96d1fd"},{"@type":"BreadcrumbList","@id":"https:\/\/www.accidentdutravail-idf.net\/blog\/emploi-au-luxembourg-litm-sest-adaptee-pour-traiter-les-accidents-du-travail\/#breadcrumb","itemListElement":[{"@type":"ListItem","position":1,"name":"Accueil","item":"https:\/\/www.accidentdutravail-idf.net\/blog\/"},{"@type":"ListItem","position":2,"name":"Emploi au Luxembourg: L\u2019ITM s\u2019est \u00abadapt\u00e9e\u00bb pour traiter les accidents du travail"}]},{"@type":"WebSite","@id":"https:\/\/www.accidentdutravail-idf.net\/blog\/#website","url":"https:\/\/www.accidentdutravail-idf.net\/blog\/","name":"ACCIDENTDUTRAVAIL-IDF","description":"Portail accidents du travail-maladies professionnelles des entreprises d&#039;Ile-de-France","publisher":{"@id":"https:\/\/www.accidentdutravail-idf.net\/blog\/#organization"},"potentialAction":[{"@type":"SearchAction","target":{"@type":"EntryPoint","urlTemplate":"https:\/\/www.accidentdutravail-idf.net\/blog\/?s={search_term_string}"},"query-input":{"@type":"PropertyValueSpecification","valueRequired":true,"valueName":"search_term_string"}}],"inLanguage":"fr-FR"},{"@type":"Organization","@id":"https:\/\/www.accidentdutravail-idf.net\/blog\/#organization","name":"accidentdutravail-idf","url":"https:\/\/www.accidentdutravail-idf.net\/blog\/","logo":{"@type":"ImageObject","inLanguage":"fr-FR","@id":"https:\/\/www.accidentdutravail-idf.net\/blog\/#\/schema\/logo\/image\/","url":"https:\/\/www.accidentdutravail-idf.net\/blog\/wp-content\/uploads\/2022\/09\/logo-2.png","contentUrl":"https:\/\/www.accidentdutravail-idf.net\/blog\/wp-content\/uploads\/2022\/09\/logo-2.png","width":380,"height":291,"caption":"accidentdutravail-idf"},"image":{"@id":"https:\/\/www.accidentdutravail-idf.net\/blog\/#\/schema\/logo\/image\/"}},{"@type":"Person","@id":"https:\/\/www.accidentdutravail-idf.net\/blog\/#\/schema\/person\/3255d2f970de45e64bd9201f38e7b947","name":"Carlos Poulain","image":{"@type":"ImageObject","inLanguage":"fr-FR","@id":"https:\/\/secure.gravatar.com\/avatar\/b1c2f9d3588e34e91adb093635df64ef4b2381991216be7576466cfcdca4baf3?s=96&d=mm&r=g","url":"https:\/\/secure.gravatar.com\/avatar\/b1c2f9d3588e34e91adb093635df64ef4b2381991216be7576466cfcdca4baf3?s=96&d=mm&r=g","contentUrl":"https:\/\/secure.gravatar.com\/avatar\/b1c2f9d3588e34e91adb093635df64ef4b2381991216be7576466cfcdca4baf3?s=96&d=mm&r=g","caption":"Carlos Poulain"},"url":"https:\/\/www.accidentdutravail-idf.net\/blog\/author\/idfcarlos\/"}]}},"_links":{"self":[{"href":"https:\/\/www.accidentdutravail-idf.net\/blog\/wp-json\/wp\/v2\/posts\/732","targetHints":{"allow":["GET"]}}],"collection":[{"href":"https:\/\/www.accidentdutravail-idf.net\/blog\/wp-json\/wp\/v2\/posts"}],"about":[{"href":"https:\/\/www.accidentdutravail-idf.net\/blog\/wp-json\/wp\/v2\/types\/post"}],"author":[{"embeddable":true,"href":"https:\/\/www.accidentdutravail-idf.net\/blog\/wp-json\/wp\/v2\/users\/2"}],"replies":[{"embeddable":true,"href":"https:\/\/www.accidentdutravail-idf.net\/blog\/wp-json\/wp\/v2\/comments?post=732"}],"version-history":[{"count":0,"href":"https:\/\/www.accidentdutravail-idf.net\/blog\/wp-json\/wp\/v2\/posts\/732\/revisions"}],"wp:attachment":[{"href":"https:\/\/www.accidentdutravail-idf.net\/blog\/wp-json\/wp\/v2\/media?parent=732"}],"wp:term":[{"taxonomy":"category","embeddable":true,"href":"https:\/\/www.accidentdutravail-idf.net\/blog\/wp-json\/wp\/v2\/categories?post=732"},{"taxonomy":"post_tag","embeddable":true,"href":"https:\/\/www.accidentdutravail-idf.net\/blog\/wp-json\/wp\/v2\/tags?post=732"}],"curies":[{"name":"wp","href":"https:\/\/api.w.org\/{rel}","templated":true}]}}