{"id":729,"date":"2024-08-30T09:43:00","date_gmt":"2024-08-30T07:43:00","guid":{"rendered":"https:\/\/www.accidentdutravail-idf.net\/blog\/un-marin-de-61-ans-perd-la-vie-lors-dun-accident-de-travail-dans-le-port-de-bruxelles\/"},"modified":"2024-08-30T09:43:00","modified_gmt":"2024-08-30T07:43:00","slug":"un-marin-de-61-ans-perd-la-vie-lors-dun-accident-de-travail-dans-le-port-de-bruxelles","status":"publish","type":"post","link":"https:\/\/www.accidentdutravail-idf.net\/blog\/un-marin-de-61-ans-perd-la-vie-lors-dun-accident-de-travail-dans-le-port-de-bruxelles\/","title":{"rendered":"Un marin de 61 ans perd la vie lors d&rsquo;un accident de travail dans le port de Bruxelles"},"content":{"rendered":"<p>\u00ab\u00a0},\u00a0\u00bbdisplayProperties\u00a0\u00bb:{},\u00a0\u00bblocalEdits\u00a0\u00bb:{},\u00a0\u00bbvariants\u00a0\u00bb:{}}},{\u00ab\u00a0collection\u00a0\u00bb:\u00a0\u00bbchains\u00a0\u00bb,\u00a0\u00bbtype\u00a0\u00bb:\u00a0\u00bbfull-width\u00a0\u00bb,\u00a0\u00bbprops\u00a0\u00bb:{\u00ab\u00a0collection\u00a0\u00bb:\u00a0\u00bbchains\u00a0\u00bb,\u00a0\u00bbtype\u00a0\u00bb:\u00a0\u00bbfull-width\u00a0\u00bb,\u00a0\u00bbid\u00a0\u00bb:\u00a0\u00bbc0fR4Y1aYLEn1km\u00a0\u00bb,\u00a0\u00bbcustomFields\u00a0\u00bb:{\u00ab\u00a0count\u00a0\u00bb:1,\u00a0\u00bbshowSubsections\u00a0\u00bb:true,\u00a0\u00bbstickyCol\u00a0\u00bb:1,\u00a0\u00bbtitle\u00a0\u00bb:\u00a0\u00bb\u00c9lections 2024 : les priorit\u00e9s des pr\u00e9sidents de parti\u00a0\u00bb,\u00a0\u00bbtype\u00a0\u00bb:\u00a0\u00bbsection\u00a0\u00bb,\u00a0\u00bbcustomStyle\u00a0\u00bb:\u00a0\u00bb.prio-parti {\\n background: rgb(252,223,167);\\nbackground: linear-gradient(-39deg, rgba(252,223,167,1) 0%, rgba(254,220,69,1) 100%); \\n}\\n.prio-parti h2 {\\ncolor: #50aa50\\n}\\n.prio-parti .ap-Box-content {\\nbackground-color: rgba(255,255,255,0.8)\\n}\u00a0\u00bb,\u00a0\u00bbcustomClassName\u00a0\u00bb:\u00a0\u00bbprio-parti\u00a0\u00bb,\u00a0\u00bbplusText\u00a0\u00bb:\u00a0\u00bbVers notre s\u00e9rie\u00a0\u00bb,\u00a0\u00bbplusURL\u00a0\u00bb:\u00a0\u00bb\/dossier\/elections\/2024\/05\/27\/elections-2024-en-belgique-les-priorites-des-presidents-de-parti-KONX263QJRECDLICU3D65KZ24U\/\u00a0\u00bb,\u00a0\u00bbenabledSections\u00a0\u00bb:[\u00ab\u00a0\/elections\u00a0\u00bb],\u00a0\u00bbcountMobile\u00a0\u00bb:null},\u00a0\u00bbdisplayProperties\u00a0\u00bb:{}},\u00a0\u00bbchildren\u00a0\u00bb:[{\u00ab\u00a0collection\u00a0\u00bb:\u00a0\u00bbfeatures\u00a0\u00bb,\u00a0\u00bbtype\u00a0\u00bb:\u00a0\u00bbstory-list\/carousel\u00a0\u00bb,\u00a0\u00bbprops\u00a0\u00bb:{\u00ab\u00a0collection\u00a0\u00bb:\u00a0\u00bbfeatures\u00a0\u00bb,\u00a0\u00bbtype\u00a0\u00bb:\u00a0\u00bbstory-list\/carousel\u00a0\u00bb,\u00a0\u00bbid\u00a0\u00bb:\u00a0\u00bbf0fqSdcMTRXC1l1&Prime;,\u00a0\u00bbcontentConfig\u00a0\u00bb:{\u00ab\u00a0contentService\u00a0\u00bb:\u00a0\u00bb\u00a0\u00bb,\u00a0\u00bbcontentConfigValues\u00a0\u00bb:{},\u00a0\u00bbinherit\u00a0\u00bb:true},\u00a0\u00bbcustomFields\u00a0\u00bb:{\u00ab\u00a0visibility\u00a0\u00bb:\u00a0\u00bbVisible\u00a0\u00bb,\u00a0\u00bbdisplayTags\u00a0\u00bb:true,\u00a0\u00bbformat\u00a0\u00bb:\u00a0\u00bbLandscape\u00a0\u00bb,\u00a0\u00bborderBy\u00a0\u00bb:\u00a0\u00bbdisplay_date:desc\u00a0\u00bb,\u00a0\u00bbcount\u00a0\u00bb:10,\u00a0\u00bbaddUTM\u00a0\u00bb:true,\u00a0\u00bbnavigationButtons\u00a0\u00bb:true,\u00a0\u00bbslidesToShow\u00a0\u00bb:3,\u00a0\u00bbslidesToShowMobile\u00a0\u00bb:1,\u00a0\u00bbtypes\u00a0\u00bb:\u00a0\u00bbDefault\u00a0\u00bb,\u00a0\u00bbsource\u00a0\u00bb:\u00a0\u00bbcollection-feed\u00a0\u00bb,\u00a0\u00bbcollectionId\u00a0\u00bb:\u00a0\u00bb6LKRIZDJ5NGTNC7DFCI53MCJKQ\u00a0\u00bb},\u00a0\u00bbdisplayProperties\u00a0\u00bb:{},\u00a0\u00bblocalEdits\u00a0\u00bb:{},\u00a0\u00bbvariants\u00a0\u00bb:{}}}]},{\u00ab\u00a0collection\u00a0\u00bb:\u00a0\u00bbchains\u00a0\u00bb,\u00a0\u00bbtype\u00a0\u00bb:\u00a0\u00bbfull-width\u00a0\u00bb,\u00a0\u00bbprops\u00a0\u00bb:{\u00ab\u00a0collection\u00a0\u00bb:\u00a0\u00bbchains\u00a0\u00bb,\u00a0\u00bbtype\u00a0\u00bb:\u00a0\u00bbfull-width\u00a0\u00bb,\u00a0\u00bbid\u00a0\u00bb:\u00a0\u00bbc0f9p2OpJMKi1UR\u00a0\u00bb,\u00a0\u00bbcustomFields\u00a0\u00bb:{\u00ab\u00a0count\u00a0\u00bb:1,\u00a0\u00bbshowSubsections\u00a0\u00bb:true,\u00a0\u00bbstickyCol\u00a0\u00bb:1,\u00a0\u00bbtitle\u00a0\u00bb:\u00a0\u00bbMode d\u2019emploi des \u00e9lections: les infos pratiques avant de voter\u00a0\u00bb,\u00a0\u00bbtype\u00a0\u00bb:\u00a0\u00bbsection\u00a0\u00bb,\u00a0\u00bbcustomStyle\u00a0\u00bb:\u00a0\u00bb.mode-emploi-elec {\\n background: rgb(252,223,167);\\nbackground: linear-gradient(-39deg, #261968 0%, #3659b4 100%); \\n}\\n.mode-emploi-elec h2 {\\ncolor: #50aa50\\n}\\n.mode-emploi-elec .ap-Box-content {\\nbackground-color: rgba(255,255,255,0.8)\\n}\\n.mode-emploi-elec .ap-PlusLink-text {\\ncolor: #fff;\\n}\\n.mode-emploi-elec .ap-PlusLink svg {\\ncolor: white;\\n}\u00a0\u00bb,\u00a0\u00bbcustomClassName\u00a0\u00bb:\u00a0\u00bbmode-emploi-elec\u00a0\u00bb,\u00a0\u00bbplusText\u00a0\u00bb:\u00a0\u00bbVers notre s\u00e9rie\u00a0\u00bb,\u00a0\u00bbplusURL\u00a0\u00bb:\u00a0\u00bb\/dossier\/elections\/2024\/04\/25\/mode-demploi-des-elections-les-infos-pratiques-avant-de-voter-XLLGFHY2YZFHBCE4SST7PDPG4Y\/\u00a0\u00bb,\u00a0\u00bbenabledSections\u00a0\u00bb:[\u00ab\u00a0\/elections\u00a0\u00bb],\u00a0\u00bbcountMobile\u00a0\u00bb:1,\u00a0\u00bbpbInternal_cloneId\u00a0\u00bb:\u00a0\u00bbc0f9p2OpJMKi1UR\u00a0\u00bb},\u00a0\u00bbdisplayProperties\u00a0\u00bb:{}},\u00a0\u00bbchildren\u00a0\u00bb:[{\u00ab\u00a0collection\u00a0\u00bb:\u00a0\u00bbfeatures\u00a0\u00bb,\u00a0\u00bbtype\u00a0\u00bb:\u00a0\u00bbstory-list\/carousel\u00a0\u00bb,\u00a0\u00bbprops\u00a0\u00bb:{\u00ab\u00a0collection\u00a0\u00bb:\u00a0\u00bbfeatures\u00a0\u00bb,\u00a0\u00bbtype\u00a0\u00bb:\u00a0\u00bbstory-list\/carousel\u00a0\u00bb,\u00a0\u00bbid\u00a0\u00bb:\u00a0\u00bbf0fyIjLaJMKi1F5&Prime;,\u00a0\u00bbcontentConfig\u00a0\u00bb:{\u00ab\u00a0contentService\u00a0\u00bb:\u00a0\u00bb\u00a0\u00bb,\u00a0\u00bbcontentConfigValues\u00a0\u00bb:{},\u00a0\u00bbinherit\u00a0\u00bb:true},\u00a0\u00bbcustomFields\u00a0\u00bb:{\u00ab\u00a0visibility\u00a0\u00bb:\u00a0\u00bbVisible\u00a0\u00bb,\u00a0\u00bbdisplayTags\u00a0\u00bb:true,\u00a0\u00bbformat\u00a0\u00bb:\u00a0\u00bbLandscape\u00a0\u00bb,\u00a0\u00bborderBy\u00a0\u00bb:\u00a0\u00bbdisplay_date:desc\u00a0\u00bb,\u00a0\u00bbcount\u00a0\u00bb:10,\u00a0\u00bbaddUTM\u00a0\u00bb:true,\u00a0\u00bbnavigationButtons\u00a0\u00bb:true,\u00a0\u00bbslidesToShow\u00a0\u00bb:3,\u00a0\u00bbslidesToShowMobile\u00a0\u00bb:1,\u00a0\u00bbtypes\u00a0\u00bb:\u00a0\u00bbDefault\u00a0\u00bb,\u00a0\u00bbsource\u00a0\u00bb:\u00a0\u00bbcollection-feed\u00a0\u00bb,\u00a0\u00bbcollectionId\u00a0\u00bb:\u00a0\u00bbMAABVKROX5HZ5KOG5QDW4KUGU4&Prime;},\u00a0\u00bbdisplayProperties\u00a0\u00bb:{},\u00a0\u00bblocalEdits\u00a0\u00bb:{},\u00a0\u00bbvariants\u00a0\u00bb:{}}}]},{\u00ab\u00a0collection\u00a0\u00bb:\u00a0\u00bbchains\u00a0\u00bb,\u00a0\u00bbtype\u00a0\u00bb:\u00a0\u00bbsidebar\u00a0\u00bb,\u00a0\u00bbprops\u00a0\u00bb:{\u00ab\u00a0collection\u00a0\u00bb:\u00a0\u00bbchains\u00a0\u00bb,\u00a0\u00bbtype\u00a0\u00bb:\u00a0\u00bbsidebar\u00a0\u00bb,\u00a0\u00bbid\u00a0\u00bb:\u00a0\u00bbc0fz1gdCNQu629T\u00a0\u00bb,\u00a0\u00bbcustomFields\u00a0\u00bb:{\u00ab\u00a0count\u00a0\u00bb:1,\u00a0\u00bbcountMobile\u00a0\u00bb:1,\u00a0\u00bbshowSubsections\u00a0\u00bb:true,\u00a0\u00bbstickyCol\u00a0\u00bb:1,\u00a0\u00bbenabledSections\u00a0\u00bb:[\u00ab\u00a0\/elections\u00a0\u00bb],\u00a0\u00bbtype\u00a0\u00bb:\u00a0\u00bbsection\u00a0\u00bb},\u00a0\u00bbdisplayProperties\u00a0\u00bb:{}},\u00a0\u00bbchildren\u00a0\u00bb:[{\u00ab\u00a0collection\u00a0\u00bb:\u00a0\u00bbfeatures\u00a0\u00bb,\u00a0\u00bbtype\u00a0\u00bb:\u00a0\u00bbcustom-html\/default\u00a0\u00bb,\u00a0\u00bbprops\u00a0\u00bb:{\u00ab\u00a0collection\u00a0\u00bb:\u00a0\u00bbfeatures\u00a0\u00bb,\u00a0\u00bbtype\u00a0\u00bb:\u00a0\u00bbcustom-html\/default\u00a0\u00bb,\u00a0\u00bbid\u00a0\u00bb:\u00a0\u00bbf0fUp1EPOAqhJz\u00a0\u00bb,\u00a0\u00bbcontentConfig\u00a0\u00bb:{\u00ab\u00a0contentService\u00a0\u00bb:\u00a0\u00bb\u00a0\u00bb,\u00a0\u00bbcontentConfigValues\u00a0\u00bb:{},\u00a0\u00bbinherit\u00a0\u00bb:true},\u00a0\u00bbcustomFields\u00a0\u00bb:{\u00ab\u00a0visibility\u00a0\u00bb:\u00a0\u00bbVisible\u00a0\u00bb,\u00a0\u00bbdisplayTags\u00a0\u00bb:true,\u00a0\u00bbresponsive\u00a0\u00bb:false,\u00a0\u00bbcentering\u00a0\u00bb:true,\u00a0\u00bblazyLoad\u00a0\u00bb:true,\u00a0\u00bbcontent\u00a0\u00bb:\u00a0\u00bb\\n&lt;!&#8211;\\n<a href=\"https:\/\/www.lavenir.net\/elections\/\" target=\"_blank\" rel=\"nofollow\"><img decoding=\"async\" src=\"https:\/\/www.lavenir.net\/resizer\/SfaEua5Lyuw7LknXyI3PPLFQy6E=\/arc-photo-ipmgroup\/eu-central-1-prod\/public\/ELUSVEJL7BAZXG66G6FSHHJSK4.gif\" alt=\"Toutes les infos sur les \u00e9lections\" style=\"margin: auto;margin-bottom: 20px\" \/><\/a>\\n\\n\\n&#8211;&gt;\u00a0\u00bb},\u00a0\u00bbdisplayProperties\u00a0\u00bb:{},\u00a0\u00bblocalEdits\u00a0\u00bb:{},\u00a0\u00bbvariants\u00a0\u00bb:{}}},{\u00ab\u00a0collection\u00a0\u00bb:\u00a0\u00bbfeatures\u00a0\u00bb,\u00a0\u00bbtype\u00a0\u00bb:\u00a0\u00bbcustom-html\/default\u00a0\u00bb,\u00a0\u00bbprops\u00a0\u00bb:{\u00ab\u00a0collection\u00a0\u00bb:\u00a0\u00bbfeatures\u00a0\u00bb,\u00a0\u00bbtype\u00a0\u00bb:\u00a0\u00bbcustom-html\/default\u00a0\u00bb,\u00a0\u00bbid\u00a0\u00bb:\u00a0\u00bbf0feUXHzBo363QM\u00a0\u00bb,\u00a0\u00bbcontentConfig\u00a0\u00bb:{\u00ab\u00a0contentService\u00a0\u00bb:\u00a0\u00bb\u00a0\u00bb,\u00a0\u00bbcontentConfigValues\u00a0\u00bb:{},\u00a0\u00bbinherit\u00a0\u00bb:true},\u00a0\u00bbcustomFields\u00a0\u00bb:{\u00ab\u00a0visibility\u00a0\u00bb:\u00a0\u00bbVisible\u00a0\u00bb,\u00a0\u00bbdisplayTags\u00a0\u00bb:true,\u00a0\u00bbresponsive\u00a0\u00bb:false,\u00a0\u00bbcentering\u00a0\u00bb:true,\u00a0\u00bblazyLoad\u00a0\u00bb:true,\u00a0\u00bbcontent\u00a0\u00bb:\u00a0\u00bb<a href=\"\/\/www.lavenir.net\/test-electoral\/\\&quot;\" target=\"_blank\" rel=\"nofollow\"><img decoding=\"async\" src=\"\/\/www.lavenir.net\/resizer\/LA0dtBrtNJ5z9boBUskkBLmOBdY=\/arc-photo-ipmgroup\/eu-central-1-prod\/public\/AU7R742WYVFKJKDYKRI5SCENVI.png\\&quot;\" alt=\"\\&quot;Test\"><\/a>\u00ab\u00a0,\u00a0\u00bbpbInternal_cloneId\u00a0\u00bb:\u00a0\u00bbf0feUXHzBo363QM\u00a0\u00bb},\u00a0\u00bbdisplayProperties\u00a0\u00bb:{},\u00a0\u00bblocalEdits\u00a0\u00bb:{},\u00a0\u00bbvariants\u00a0\u00bb:{}}}]},{\u00ab\u00a0collection\u00a0\u00bb:\u00a0\u00bbchains\u00a0\u00bb,\u00a0\u00bbtype\u00a0\u00bb:\u00a0\u00bbfull-width\u00a0\u00bb,\u00a0\u00bbprops\u00a0\u00bb:{\u00ab\u00a0collection\u00a0\u00bb:\u00a0\u00bbchains\u00a0\u00bb,\u00a0\u00bbtype\u00a0\u00bb:\u00a0\u00bbfull-width\u00a0\u00bb,\u00a0\u00bbid\u00a0\u00bb:\u00a0\u00bbc0fkieSvMBbC5aX\u00a0\u00bb,\u00a0\u00bbcustomFields\u00a0\u00bb:{\u00ab\u00a0count\u00a0\u00bb:1,\u00a0\u00bbcountMobile\u00a0\u00bb:1,\u00a0\u00bbshowSubsections\u00a0\u00bb:true,\u00a0\u00bbstickyCol\u00a0\u00bb:1,\u00a0\u00bbenabledSections\u00a0\u00bb:[\u00ab\u00a0\/quelle-meteo-chez-vous-farid-vous-repond\u00a0\u00bb],\u00a0\u00bbpbInternal_cloneId\u00a0\u00bb:\u00a0\u00bbc0fkieSvMBbC5aX\u00a0\u00bb,\u00a0\u00bbcontent\u00a0\u00bb:\u00a0\u00bb<a href=\"https:\/\/www.lavenir.net\/regions\/bruxelles\/2024\/08\/30\/un-marin-de-61-ans-perd-la-vie-lors-dun-accident-de-travail-dans-le-port-de-bruxelles-XT6YCW5S55BVVMF4L3KKTPOKBE\/\" target=\"\\&quot;_blank\\&quot;\" rel=\"noopener nofollow\" target=\"_blank\">Envoyez votre question \u00e0 Farid <\/a><br \/>\\n<a href=\"\/\/redaction.lavenir.net\/farid\\&quot;\" target=\"_blank\" rel=\"nofollow\">La m\u00e9t\u00e9o compl\u00e8te de Farid en vid\u00e9o<\/a>\u00ab\u00a0},\u00a0\u00bbdisplayProperties\u00a0\u00bb:{}},\u00a0\u00bbchildren\u00a0\u00bb:[{\u00ab\u00a0collection\u00a0\u00bb:\u00a0\u00bbfeatures\u00a0\u00bb,\u00a0\u00bbtype\u00a0\u00bb:\u00a0\u00bbcustom-html\/default\u00a0\u00bb,\u00a0\u00bbprops\u00a0\u00bb:{\u00ab\u00a0collection\u00a0\u00bb:\u00a0\u00bbfeatures\u00a0\u00bb,\u00a0\u00bbtype\u00a0\u00bb:\u00a0\u00bbcustom-html\/default\u00a0\u00bb,\u00a0\u00bbid\u00a0\u00bb:\u00a0\u00bbf0fcd3egMBbC5HX\u00a0\u00bb,\u00a0\u00bbcontentConfig\u00a0\u00bb:{\u00ab\u00a0contentService\u00a0\u00bb:\u00a0\u00bb\u00a0\u00bb,\u00a0\u00bbcontentConfigValues\u00a0\u00bb:{},\u00a0\u00bbinherit\u00a0\u00bb:true},\u00a0\u00bbcustomFields\u00a0\u00bb:{\u00ab\u00a0visibility\u00a0\u00bb:\u00a0\u00bbVisible\u00a0\u00bb,\u00a0\u00bbdisplayTags\u00a0\u00bb:true,\u00a0\u00bbresponsive\u00a0\u00bb:false,\u00a0\u00bbcentering\u00a0\u00bb:true,\u00a0\u00bblazyLoad\u00a0\u00bb:true,\u00a0\u00bbcontent\u00a0\u00bb:\u00a0\u00bb<a href=\"https:\/\/www.lavenir.net\/regions\/bruxelles\/2024\/08\/30\/un-marin-de-61-ans-perd-la-vie-lors-dun-accident-de-travail-dans-le-port-de-bruxelles-XT6YCW5S55BVVMF4L3KKTPOKBE\/\" target=\"_blank\" rel=\"nofollow\">Envoyez votre question \u00e0 Farid \u26c5<\/a> &#8211; <a href=\"\/\/redaction.lavenir.net\/farid\\&quot;\" target=\"_blank\" rel=\"nofollow\">La m\u00e9t\u00e9o compl\u00e8te de Farid en vid\u00e9o \ud83c\udfac<\/a>\u00ab\u00a0,\u00a0\u00bbstyle\u00a0\u00bb:\u00a0\u00bb\u00a0\u00bb},\u00a0\u00bbdisplayProperties\u00a0\u00bb:{},\u00a0\u00bblocalEdits\u00a0\u00bb:{},\u00a0\u00bbvariants\u00a0\u00bb:{}}}]},{\u00ab\u00a0collection\u00a0\u00bb:\u00a0\u00bbchains\u00a0\u00bb,\u00a0\u00bbtype\u00a0\u00bb:\u00a0\u00bbsidebar\u00a0\u00bb,\u00a0\u00bbprops\u00a0\u00bb:{\u00ab\u00a0collection\u00a0\u00bb:\u00a0\u00bbchains\u00a0\u00bb,\u00a0\u00bbtype\u00a0\u00bb:\u00a0\u00bbsidebar\u00a0\u00bb,\u00a0\u00bbid\u00a0\u00bb:\u00a0\u00bbc0f45CNV1ROu1eA\u00a0\u00bb,\u00a0\u00bbname\u00a0\u00bb:\u00a0\u00bbbloc-lavenir-repond\u00a0\u00bb,\u00a0\u00bbcustomFields\u00a0\u00bb:{\u00ab\u00a0count\u00a0\u00bb:1,\u00a0\u00bbcountMobile\u00a0\u00bb:1,\u00a0\u00bbshowSubsections\u00a0\u00bb:true,\u00a0\u00bbstickyCol\u00a0\u00bb:1,\u00a0\u00bbenabledSections\u00a0\u00bb:[\u00ab\u00a0\/lavenir-vous-repond\u00a0\u00bb],\u00a0\u00bbpbInternal_cloneId\u00a0\u00bb:\u00a0\u00bbc0f45CNV1ROu1eA\u00a0\u00bb,\u00a0\u00bbcontent\u00a0\u00bb:\u00a0\u00bb\\n\\n\\n<\/p>\n<p>Si vous avez une question au sujet de votre abonnement, consultez <a href=\"\/\/www.lavenir.net\/page\/faq\/\\&quot;\" target=\"_blank\" rel=\"nofollow\">notre FAQ<\/a> ou contactez-nous via <a href=\"https:\/\/www.lavenir.net\/regions\/bruxelles\/2024\/08\/30\/un-marin-de-61-ans-perd-la-vie-lors-dun-accident-de-travail-dans-le-port-de-bruxelles-XT6YCW5S55BVVMF4L3KKTPOKBE\/\" target=\"_blank\" rel=\"nofollow\">abonnes@lavenir.net<\/a><\/p>\n<p>\u00ab\u00a0,\u00a0\u00bbscripts\u00a0\u00bb:\u00a0\u00bbaccidentdutravail-idf.net vous a pr\u00e9par\u00e9 ce post qui informe du sujet \u00ab\u00a0Association Sportive Huisson-Longueville Essonne\u00a0\u00bb. La chronique se veut g\u00e9n\u00e9r\u00e9e du mieux possible. Vous pouvez utiliser les coordonn\u00e9es indiqu\u00e9es sur le site dans le but d\u2019apporter des explications sur ce post qui parle du th\u00e8me \u00ab\u00a0Association Sportive Huisson-Longueville Essonne\u00a0\u00bb. Le site accidentdutravail-idf.net a pour but de fournir diverses publications sur la th\u00e9matique Association Sportive Huisson-Longueville Essonne diffus\u00e9es sur le net. Il y aura plusieurs articles autour du sujet \u00ab\u00a0Association Sportive Huisson-Longueville Essonne\u00a0\u00bb dans quelques jours, nous vous invitons \u00e0 naviguer sur notre site web \u00e0 plusieurs reprises.<\/p>\n","protected":false},"excerpt":{"rendered":"<p>\u00ab\u00a0},\u00a0\u00bbdisplayProperties\u00a0\u00bb:{},\u00a0\u00bblocalEdits\u00a0\u00bb:{},\u00a0\u00bbvariants\u00a0\u00bb:{}}},{\u00ab\u00a0collection\u00a0\u00bb:\u00a0\u00bbchains\u00a0\u00bb,\u00a0\u00bbtype\u00a0\u00bb:\u00a0\u00bbfull-width\u00a0\u00bb,\u00a0\u00bbprops\u00a0\u00bb:{\u00ab\u00a0collection\u00a0\u00bb:\u00a0\u00bbchains\u00a0\u00bb,\u00a0\u00bbtype\u00a0\u00bb:\u00a0\u00bbfull-width\u00a0\u00bb,\u00a0\u00bbid\u00a0\u00bb:\u00a0\u00bbc0fR4Y1aYLEn1km\u00a0\u00bb,\u00a0\u00bbcustomFields\u00a0\u00bb:{\u00ab\u00a0count\u00a0\u00bb:1,\u00a0\u00bbshowSubsections\u00a0\u00bb:true,\u00a0\u00bbstickyCol\u00a0\u00bb:1,\u00a0\u00bbtitle\u00a0\u00bb:\u00a0\u00bb\u00c9lections 2024 : les priorit\u00e9s des pr\u00e9sidents de parti\u00a0\u00bb,\u00a0\u00bbtype\u00a0\u00bb:\u00a0\u00bbsection\u00a0\u00bb,\u00a0\u00bbcustomStyle\u00a0\u00bb:\u00a0\u00bb.prio-parti {\\n background: rgb(252,223,167);\\nbackground: linear-gradient(-39deg, rgba(252,223,167,1) 0%, rgba(254,220,69,1) 100%); \\n}\\n.prio-parti h2 {\\ncolor: #50aa50\\n}\\n.prio-parti .ap-Box-content {\\nbackground-color: rgba(255,255,255,0.8)\\n}\u00a0\u00bb,\u00a0\u00bbcustomClassName\u00a0\u00bb:\u00a0\u00bbprio-parti\u00a0\u00bb,\u00a0\u00bbplusText\u00a0\u00bb:\u00a0\u00bbVers notre s\u00e9rie\u00a0\u00bb,\u00a0\u00bbplusURL\u00a0\u00bb:\u00a0\u00bb\/dossier\/elections\/2024\/05\/27\/elections-2024-en-belgique-les-priorites-des-presidents-de-parti-KONX263QJRECDLICU3D65KZ24U\/\u00a0\u00bb,\u00a0\u00bbenabledSections\u00a0\u00bb:[\u00ab\u00a0\/elections\u00a0\u00bb],\u00a0\u00bbcountMobile\u00a0\u00bb:null},\u00a0\u00bbdisplayProperties\u00a0\u00bb:{}},\u00a0\u00bbchildren\u00a0\u00bb:[{\u00ab\u00a0collection\u00a0\u00bb:\u00a0\u00bbfeatures\u00a0\u00bb,\u00a0\u00bbtype\u00a0\u00bb:\u00a0\u00bbstory-list\/carousel\u00a0\u00bb,\u00a0\u00bbprops\u00a0\u00bb:{\u00ab\u00a0collection\u00a0\u00bb:\u00a0\u00bbfeatures\u00a0\u00bb,\u00a0\u00bbtype\u00a0\u00bb:\u00a0\u00bbstory-list\/carousel\u00a0\u00bb,\u00a0\u00bbid\u00a0\u00bb:\u00a0\u00bbf0fqSdcMTRXC1l1&Prime;,\u00a0\u00bbcontentConfig\u00a0\u00bb:{\u00ab\u00a0contentService\u00a0\u00bb:\u00a0\u00bb\u00a0\u00bb,\u00a0\u00bbcontentConfigValues\u00a0\u00bb:{},\u00a0\u00bbinherit\u00a0\u00bb:true},\u00a0\u00bbcustomFields\u00a0\u00bb:{\u00ab\u00a0visibility\u00a0\u00bb:\u00a0\u00bbVisible\u00a0\u00bb,\u00a0\u00bbdisplayTags\u00a0\u00bb:true,\u00a0\u00bbformat\u00a0\u00bb:\u00a0\u00bbLandscape\u00a0\u00bb,\u00a0\u00bborderBy\u00a0\u00bb:\u00a0\u00bbdisplay_date:desc\u00a0\u00bb,\u00a0\u00bbcount\u00a0\u00bb:10,\u00a0\u00bbaddUTM\u00a0\u00bb:true,\u00a0\u00bbnavigationButtons\u00a0\u00bb:true,\u00a0\u00bbslidesToShow\u00a0\u00bb:3,\u00a0\u00bbslidesToShowMobile\u00a0\u00bb:1,\u00a0\u00bbtypes\u00a0\u00bb:\u00a0\u00bbDefault\u00a0\u00bb,\u00a0\u00bbsource\u00a0\u00bb:\u00a0\u00bbcollection-feed\u00a0\u00bb,\u00a0\u00bbcollectionId\u00a0\u00bb:\u00a0\u00bb6LKRIZDJ5NGTNC7DFCI53MCJKQ\u00a0\u00bb},\u00a0\u00bbdisplayProperties\u00a0\u00bb:{},\u00a0\u00bblocalEdits\u00a0\u00bb:{},\u00a0\u00bbvariants\u00a0\u00bb:{}}}]},{\u00ab\u00a0collection\u00a0\u00bb:\u00a0\u00bbchains\u00a0\u00bb,\u00a0\u00bbtype\u00a0\u00bb:\u00a0\u00bbfull-width\u00a0\u00bb,\u00a0\u00bbprops\u00a0\u00bb:{\u00ab\u00a0collection\u00a0\u00bb:\u00a0\u00bbchains\u00a0\u00bb,\u00a0\u00bbtype\u00a0\u00bb:\u00a0\u00bbfull-width\u00a0\u00bb,\u00a0\u00bbid\u00a0\u00bb:\u00a0\u00bbc0f9p2OpJMKi1UR\u00a0\u00bb,\u00a0\u00bbcustomFields\u00a0\u00bb:{\u00ab\u00a0count\u00a0\u00bb:1,\u00a0\u00bbshowSubsections\u00a0\u00bb:true,\u00a0\u00bbstickyCol\u00a0\u00bb:1,\u00a0\u00bbtitle\u00a0\u00bb:\u00a0\u00bbMode d\u2019emploi des \u00e9lections: les infos pratiques avant de voter\u00a0\u00bb,\u00a0\u00bbtype\u00a0\u00bb:\u00a0\u00bbsection\u00a0\u00bb,\u00a0\u00bbcustomStyle\u00a0\u00bb:\u00a0\u00bb.mode-emploi-elec {\\n background: rgb(252,223,167);\\nbackground: linear-gradient(-39deg, #261968 0%, #3659b4 100%); \\n}\\n.mode-emploi-elec h2 {\\ncolor: #50aa50\\n}\\n.mode-emploi-elec .ap-Box-content {\\nbackground-color: rgba(255,255,255,0.8)\\n}\\n.mode-emploi-elec .ap-PlusLink-text {\\ncolor: #fff;\\n}\\n.mode-emploi-elec .ap-PlusLink svg &hellip; <\/p>\n<p class=\"link-more\"><a href=\"https:\/\/www.accidentdutravail-idf.net\/blog\/un-marin-de-61-ans-perd-la-vie-lors-dun-accident-de-travail-dans-le-port-de-bruxelles\/\" class=\"more-link\">Continuer la lecture <span class=\"screen-reader-text\"> \u00ab\u00a0Un marin de 61 ans perd la vie lors d&rsquo;un accident de travail dans le port de Bruxelles\u00a0\u00bb<\/span><\/a><\/p>\n","protected":false},"author":2,"featured_media":0,"comment_status":"closed","ping_status":"closed","sticky":false,"template":"","format":"standard","meta":{"footnotes":""},"categories":[5],"tags":[],"class_list":["post-729","post","type-post","status-publish","format-standard","hentry","category-securite-du-travail-en-ile-de-france-et-divers","entry"],"yoast_head":"<!-- This site is optimized with the Yoast SEO plugin v27.5 - https:\/\/yoast.com\/product\/yoast-seo-wordpress\/ -->\n<title>Un marin de 61 ans perd la vie lors d&#039;un accident de travail dans le port de Bruxelles - ACCIDENTDUTRAVAIL-IDF<\/title>\n<meta name=\"description\" content=\"Un marin de 61 ans perd la vie lors d&#039;un accident de travail dans le port de Bruxelles article de ACCIDENTDUTRAVAIL-IDF\" \/>\n<meta name=\"robots\" content=\"index, follow, max-snippet:-1, max-image-preview:large, max-video-preview:-1\" \/>\n<link rel=\"canonical\" href=\"https:\/\/www.accidentdutravail-idf.net\/blog\/un-marin-de-61-ans-perd-la-vie-lors-dun-accident-de-travail-dans-le-port-de-bruxelles\/\" \/>\n<meta property=\"og:locale\" content=\"fr_FR\" \/>\n<meta property=\"og:type\" content=\"article\" \/>\n<meta property=\"og:title\" content=\"Un marin de 61 ans perd la vie lors d&#039;un accident de travail dans le port de Bruxelles - ACCIDENTDUTRAVAIL-IDF\" \/>\n<meta property=\"og:description\" content=\"Un marin de 61 ans perd la vie lors d&#039;un accident de travail dans le port de Bruxelles article de ACCIDENTDUTRAVAIL-IDF\" \/>\n<meta property=\"og:url\" content=\"https:\/\/www.accidentdutravail-idf.net\/blog\/un-marin-de-61-ans-perd-la-vie-lors-dun-accident-de-travail-dans-le-port-de-bruxelles\/\" \/>\n<meta property=\"og:site_name\" content=\"ACCIDENTDUTRAVAIL-IDF\" \/>\n<meta property=\"article:published_time\" content=\"2024-08-30T07:43:00+00:00\" \/>\n<meta property=\"og:image\" content=\"https:\/\/www.lavenir.net\/resizer\/SfaEua5Lyuw7LknXyI3PPLFQy6E=\/arc-photo-ipmgroup\/eu-central-1-prod\/public\/ELUSVEJL7BAZXG66G6FSHHJSK4.gif\" \/>\n<meta name=\"author\" content=\"Carlos Poulain\" \/>\n<meta name=\"twitter:card\" content=\"summary_large_image\" \/>\n<meta name=\"twitter:label1\" content=\"\u00c9crit par\" \/>\n\t<meta name=\"twitter:data1\" content=\"Carlos Poulain\" \/>\n\t<meta name=\"twitter:label2\" content=\"Dur\u00e9e de lecture estim\u00e9e\" \/>\n\t<meta name=\"twitter:data2\" content=\"3 minutes\" \/>\n<script type=\"application\/ld+json\" class=\"yoast-schema-graph\">{\"@context\":\"https:\\\/\\\/schema.org\",\"@graph\":[{\"@type\":\"Article\",\"@id\":\"https:\\\/\\\/www.accidentdutravail-idf.net\\\/blog\\\/un-marin-de-61-ans-perd-la-vie-lors-dun-accident-de-travail-dans-le-port-de-bruxelles\\\/#article\",\"isPartOf\":{\"@id\":\"https:\\\/\\\/www.accidentdutravail-idf.net\\\/blog\\\/un-marin-de-61-ans-perd-la-vie-lors-dun-accident-de-travail-dans-le-port-de-bruxelles\\\/\"},\"author\":{\"name\":\"Carlos Poulain\",\"@id\":\"https:\\\/\\\/www.accidentdutravail-idf.net\\\/blog\\\/#\\\/schema\\\/person\\\/3255d2f970de45e64bd9201f38e7b947\"},\"headline\":\"Un marin de 61 ans perd la vie lors d&rsquo;un accident de travail dans le port de Bruxelles\",\"datePublished\":\"2024-08-30T07:43:00+00:00\",\"mainEntityOfPage\":{\"@id\":\"https:\\\/\\\/www.accidentdutravail-idf.net\\\/blog\\\/un-marin-de-61-ans-perd-la-vie-lors-dun-accident-de-travail-dans-le-port-de-bruxelles\\\/\"},\"wordCount\":663,\"publisher\":{\"@id\":\"https:\\\/\\\/www.accidentdutravail-idf.net\\\/blog\\\/#organization\"},\"image\":{\"@id\":\"https:\\\/\\\/www.accidentdutravail-idf.net\\\/blog\\\/un-marin-de-61-ans-perd-la-vie-lors-dun-accident-de-travail-dans-le-port-de-bruxelles\\\/#primaryimage\"},\"thumbnailUrl\":\"https:\\\/\\\/www.lavenir.net\\\/resizer\\\/SfaEua5Lyuw7LknXyI3PPLFQy6E=\\\/arc-photo-ipmgroup\\\/eu-central-1-prod\\\/public\\\/ELUSVEJL7BAZXG66G6FSHHJSK4.gif\",\"articleSection\":[\"S\u00e9curit\u00e9 Du Travail En Ile-De-France Et Divers:\"],\"inLanguage\":\"fr-FR\"},{\"@type\":\"WebPage\",\"@id\":\"https:\\\/\\\/www.accidentdutravail-idf.net\\\/blog\\\/un-marin-de-61-ans-perd-la-vie-lors-dun-accident-de-travail-dans-le-port-de-bruxelles\\\/\",\"url\":\"https:\\\/\\\/www.accidentdutravail-idf.net\\\/blog\\\/un-marin-de-61-ans-perd-la-vie-lors-dun-accident-de-travail-dans-le-port-de-bruxelles\\\/\",\"name\":\"Un marin de 61 ans perd la vie lors d'un accident de travail dans le port de Bruxelles - ACCIDENTDUTRAVAIL-IDF\",\"isPartOf\":{\"@id\":\"https:\\\/\\\/www.accidentdutravail-idf.net\\\/blog\\\/#website\"},\"primaryImageOfPage\":{\"@id\":\"https:\\\/\\\/www.accidentdutravail-idf.net\\\/blog\\\/un-marin-de-61-ans-perd-la-vie-lors-dun-accident-de-travail-dans-le-port-de-bruxelles\\\/#primaryimage\"},\"image\":{\"@id\":\"https:\\\/\\\/www.accidentdutravail-idf.net\\\/blog\\\/un-marin-de-61-ans-perd-la-vie-lors-dun-accident-de-travail-dans-le-port-de-bruxelles\\\/#primaryimage\"},\"thumbnailUrl\":\"https:\\\/\\\/www.lavenir.net\\\/resizer\\\/SfaEua5Lyuw7LknXyI3PPLFQy6E=\\\/arc-photo-ipmgroup\\\/eu-central-1-prod\\\/public\\\/ELUSVEJL7BAZXG66G6FSHHJSK4.gif\",\"datePublished\":\"2024-08-30T07:43:00+00:00\",\"description\":\"Un marin de 61 ans perd la vie lors d'un accident de travail dans le port de Bruxelles article de ACCIDENTDUTRAVAIL-IDF\",\"breadcrumb\":{\"@id\":\"https:\\\/\\\/www.accidentdutravail-idf.net\\\/blog\\\/un-marin-de-61-ans-perd-la-vie-lors-dun-accident-de-travail-dans-le-port-de-bruxelles\\\/#breadcrumb\"},\"inLanguage\":\"fr-FR\",\"potentialAction\":[{\"@type\":\"ReadAction\",\"target\":[\"https:\\\/\\\/www.accidentdutravail-idf.net\\\/blog\\\/un-marin-de-61-ans-perd-la-vie-lors-dun-accident-de-travail-dans-le-port-de-bruxelles\\\/\"]}]},{\"@type\":\"ImageObject\",\"inLanguage\":\"fr-FR\",\"@id\":\"https:\\\/\\\/www.accidentdutravail-idf.net\\\/blog\\\/un-marin-de-61-ans-perd-la-vie-lors-dun-accident-de-travail-dans-le-port-de-bruxelles\\\/#primaryimage\",\"url\":\"https:\\\/\\\/www.lavenir.net\\\/resizer\\\/SfaEua5Lyuw7LknXyI3PPLFQy6E=\\\/arc-photo-ipmgroup\\\/eu-central-1-prod\\\/public\\\/ELUSVEJL7BAZXG66G6FSHHJSK4.gif\",\"contentUrl\":\"https:\\\/\\\/www.lavenir.net\\\/resizer\\\/SfaEua5Lyuw7LknXyI3PPLFQy6E=\\\/arc-photo-ipmgroup\\\/eu-central-1-prod\\\/public\\\/ELUSVEJL7BAZXG66G6FSHHJSK4.gif\"},{\"@type\":\"BreadcrumbList\",\"@id\":\"https:\\\/\\\/www.accidentdutravail-idf.net\\\/blog\\\/un-marin-de-61-ans-perd-la-vie-lors-dun-accident-de-travail-dans-le-port-de-bruxelles\\\/#breadcrumb\",\"itemListElement\":[{\"@type\":\"ListItem\",\"position\":1,\"name\":\"Accueil\",\"item\":\"https:\\\/\\\/www.accidentdutravail-idf.net\\\/blog\\\/\"},{\"@type\":\"ListItem\",\"position\":2,\"name\":\"Un marin de 61 ans perd la vie lors d&rsquo;un accident de travail dans le port de Bruxelles\"}]},{\"@type\":\"WebSite\",\"@id\":\"https:\\\/\\\/www.accidentdutravail-idf.net\\\/blog\\\/#website\",\"url\":\"https:\\\/\\\/www.accidentdutravail-idf.net\\\/blog\\\/\",\"name\":\"ACCIDENTDUTRAVAIL-IDF\",\"description\":\"Portail accidents du travail-maladies professionnelles des entreprises d&#039;Ile-de-France\",\"publisher\":{\"@id\":\"https:\\\/\\\/www.accidentdutravail-idf.net\\\/blog\\\/#organization\"},\"potentialAction\":[{\"@type\":\"SearchAction\",\"target\":{\"@type\":\"EntryPoint\",\"urlTemplate\":\"https:\\\/\\\/www.accidentdutravail-idf.net\\\/blog\\\/?s={search_term_string}\"},\"query-input\":{\"@type\":\"PropertyValueSpecification\",\"valueRequired\":true,\"valueName\":\"search_term_string\"}}],\"inLanguage\":\"fr-FR\"},{\"@type\":\"Organization\",\"@id\":\"https:\\\/\\\/www.accidentdutravail-idf.net\\\/blog\\\/#organization\",\"name\":\"accidentdutravail-idf\",\"url\":\"https:\\\/\\\/www.accidentdutravail-idf.net\\\/blog\\\/\",\"logo\":{\"@type\":\"ImageObject\",\"inLanguage\":\"fr-FR\",\"@id\":\"https:\\\/\\\/www.accidentdutravail-idf.net\\\/blog\\\/#\\\/schema\\\/logo\\\/image\\\/\",\"url\":\"https:\\\/\\\/www.accidentdutravail-idf.net\\\/blog\\\/wp-content\\\/uploads\\\/2022\\\/09\\\/logo-2.png\",\"contentUrl\":\"https:\\\/\\\/www.accidentdutravail-idf.net\\\/blog\\\/wp-content\\\/uploads\\\/2022\\\/09\\\/logo-2.png\",\"width\":380,\"height\":291,\"caption\":\"accidentdutravail-idf\"},\"image\":{\"@id\":\"https:\\\/\\\/www.accidentdutravail-idf.net\\\/blog\\\/#\\\/schema\\\/logo\\\/image\\\/\"}},{\"@type\":\"Person\",\"@id\":\"https:\\\/\\\/www.accidentdutravail-idf.net\\\/blog\\\/#\\\/schema\\\/person\\\/3255d2f970de45e64bd9201f38e7b947\",\"name\":\"Carlos Poulain\",\"image\":{\"@type\":\"ImageObject\",\"inLanguage\":\"fr-FR\",\"@id\":\"https:\\\/\\\/secure.gravatar.com\\\/avatar\\\/b1c2f9d3588e34e91adb093635df64ef4b2381991216be7576466cfcdca4baf3?s=96&d=mm&r=g\",\"url\":\"https:\\\/\\\/secure.gravatar.com\\\/avatar\\\/b1c2f9d3588e34e91adb093635df64ef4b2381991216be7576466cfcdca4baf3?s=96&d=mm&r=g\",\"contentUrl\":\"https:\\\/\\\/secure.gravatar.com\\\/avatar\\\/b1c2f9d3588e34e91adb093635df64ef4b2381991216be7576466cfcdca4baf3?s=96&d=mm&r=g\",\"caption\":\"Carlos Poulain\"},\"url\":\"https:\\\/\\\/www.accidentdutravail-idf.net\\\/blog\\\/author\\\/idfcarlos\\\/\"}]}<\/script>\n<!-- \/ Yoast SEO plugin. -->","yoast_head_json":{"title":"Un marin de 61 ans perd la vie lors d'un accident de travail dans le port de Bruxelles - ACCIDENTDUTRAVAIL-IDF","description":"Un marin de 61 ans perd la vie lors d'un accident de travail dans le port de Bruxelles article de ACCIDENTDUTRAVAIL-IDF","robots":{"index":"index","follow":"follow","max-snippet":"max-snippet:-1","max-image-preview":"max-image-preview:large","max-video-preview":"max-video-preview:-1"},"canonical":"https:\/\/www.accidentdutravail-idf.net\/blog\/un-marin-de-61-ans-perd-la-vie-lors-dun-accident-de-travail-dans-le-port-de-bruxelles\/","og_locale":"fr_FR","og_type":"article","og_title":"Un marin de 61 ans perd la vie lors d'un accident de travail dans le port de Bruxelles - ACCIDENTDUTRAVAIL-IDF","og_description":"Un marin de 61 ans perd la vie lors d'un accident de travail dans le port de Bruxelles article de ACCIDENTDUTRAVAIL-IDF","og_url":"https:\/\/www.accidentdutravail-idf.net\/blog\/un-marin-de-61-ans-perd-la-vie-lors-dun-accident-de-travail-dans-le-port-de-bruxelles\/","og_site_name":"ACCIDENTDUTRAVAIL-IDF","article_published_time":"2024-08-30T07:43:00+00:00","og_image":[{"url":"https:\/\/www.lavenir.net\/resizer\/SfaEua5Lyuw7LknXyI3PPLFQy6E=\/arc-photo-ipmgroup\/eu-central-1-prod\/public\/ELUSVEJL7BAZXG66G6FSHHJSK4.gif","type":"","width":"","height":""}],"author":"Carlos Poulain","twitter_card":"summary_large_image","twitter_misc":{"\u00c9crit par":"Carlos Poulain","Dur\u00e9e de lecture estim\u00e9e":"3 minutes"},"schema":{"@context":"https:\/\/schema.org","@graph":[{"@type":"Article","@id":"https:\/\/www.accidentdutravail-idf.net\/blog\/un-marin-de-61-ans-perd-la-vie-lors-dun-accident-de-travail-dans-le-port-de-bruxelles\/#article","isPartOf":{"@id":"https:\/\/www.accidentdutravail-idf.net\/blog\/un-marin-de-61-ans-perd-la-vie-lors-dun-accident-de-travail-dans-le-port-de-bruxelles\/"},"author":{"name":"Carlos Poulain","@id":"https:\/\/www.accidentdutravail-idf.net\/blog\/#\/schema\/person\/3255d2f970de45e64bd9201f38e7b947"},"headline":"Un marin de 61 ans perd la vie lors d&rsquo;un accident de travail dans le port de Bruxelles","datePublished":"2024-08-30T07:43:00+00:00","mainEntityOfPage":{"@id":"https:\/\/www.accidentdutravail-idf.net\/blog\/un-marin-de-61-ans-perd-la-vie-lors-dun-accident-de-travail-dans-le-port-de-bruxelles\/"},"wordCount":663,"publisher":{"@id":"https:\/\/www.accidentdutravail-idf.net\/blog\/#organization"},"image":{"@id":"https:\/\/www.accidentdutravail-idf.net\/blog\/un-marin-de-61-ans-perd-la-vie-lors-dun-accident-de-travail-dans-le-port-de-bruxelles\/#primaryimage"},"thumbnailUrl":"https:\/\/www.lavenir.net\/resizer\/SfaEua5Lyuw7LknXyI3PPLFQy6E=\/arc-photo-ipmgroup\/eu-central-1-prod\/public\/ELUSVEJL7BAZXG66G6FSHHJSK4.gif","articleSection":["S\u00e9curit\u00e9 Du Travail En Ile-De-France Et Divers:"],"inLanguage":"fr-FR"},{"@type":"WebPage","@id":"https:\/\/www.accidentdutravail-idf.net\/blog\/un-marin-de-61-ans-perd-la-vie-lors-dun-accident-de-travail-dans-le-port-de-bruxelles\/","url":"https:\/\/www.accidentdutravail-idf.net\/blog\/un-marin-de-61-ans-perd-la-vie-lors-dun-accident-de-travail-dans-le-port-de-bruxelles\/","name":"Un marin de 61 ans perd la vie lors d'un accident de travail dans le port de Bruxelles - ACCIDENTDUTRAVAIL-IDF","isPartOf":{"@id":"https:\/\/www.accidentdutravail-idf.net\/blog\/#website"},"primaryImageOfPage":{"@id":"https:\/\/www.accidentdutravail-idf.net\/blog\/un-marin-de-61-ans-perd-la-vie-lors-dun-accident-de-travail-dans-le-port-de-bruxelles\/#primaryimage"},"image":{"@id":"https:\/\/www.accidentdutravail-idf.net\/blog\/un-marin-de-61-ans-perd-la-vie-lors-dun-accident-de-travail-dans-le-port-de-bruxelles\/#primaryimage"},"thumbnailUrl":"https:\/\/www.lavenir.net\/resizer\/SfaEua5Lyuw7LknXyI3PPLFQy6E=\/arc-photo-ipmgroup\/eu-central-1-prod\/public\/ELUSVEJL7BAZXG66G6FSHHJSK4.gif","datePublished":"2024-08-30T07:43:00+00:00","description":"Un marin de 61 ans perd la vie lors d'un accident de travail dans le port de Bruxelles article de ACCIDENTDUTRAVAIL-IDF","breadcrumb":{"@id":"https:\/\/www.accidentdutravail-idf.net\/blog\/un-marin-de-61-ans-perd-la-vie-lors-dun-accident-de-travail-dans-le-port-de-bruxelles\/#breadcrumb"},"inLanguage":"fr-FR","potentialAction":[{"@type":"ReadAction","target":["https:\/\/www.accidentdutravail-idf.net\/blog\/un-marin-de-61-ans-perd-la-vie-lors-dun-accident-de-travail-dans-le-port-de-bruxelles\/"]}]},{"@type":"ImageObject","inLanguage":"fr-FR","@id":"https:\/\/www.accidentdutravail-idf.net\/blog\/un-marin-de-61-ans-perd-la-vie-lors-dun-accident-de-travail-dans-le-port-de-bruxelles\/#primaryimage","url":"https:\/\/www.lavenir.net\/resizer\/SfaEua5Lyuw7LknXyI3PPLFQy6E=\/arc-photo-ipmgroup\/eu-central-1-prod\/public\/ELUSVEJL7BAZXG66G6FSHHJSK4.gif","contentUrl":"https:\/\/www.lavenir.net\/resizer\/SfaEua5Lyuw7LknXyI3PPLFQy6E=\/arc-photo-ipmgroup\/eu-central-1-prod\/public\/ELUSVEJL7BAZXG66G6FSHHJSK4.gif"},{"@type":"BreadcrumbList","@id":"https:\/\/www.accidentdutravail-idf.net\/blog\/un-marin-de-61-ans-perd-la-vie-lors-dun-accident-de-travail-dans-le-port-de-bruxelles\/#breadcrumb","itemListElement":[{"@type":"ListItem","position":1,"name":"Accueil","item":"https:\/\/www.accidentdutravail-idf.net\/blog\/"},{"@type":"ListItem","position":2,"name":"Un marin de 61 ans perd la vie lors d&rsquo;un accident de travail dans le port de Bruxelles"}]},{"@type":"WebSite","@id":"https:\/\/www.accidentdutravail-idf.net\/blog\/#website","url":"https:\/\/www.accidentdutravail-idf.net\/blog\/","name":"ACCIDENTDUTRAVAIL-IDF","description":"Portail accidents du travail-maladies professionnelles des entreprises d&#039;Ile-de-France","publisher":{"@id":"https:\/\/www.accidentdutravail-idf.net\/blog\/#organization"},"potentialAction":[{"@type":"SearchAction","target":{"@type":"EntryPoint","urlTemplate":"https:\/\/www.accidentdutravail-idf.net\/blog\/?s={search_term_string}"},"query-input":{"@type":"PropertyValueSpecification","valueRequired":true,"valueName":"search_term_string"}}],"inLanguage":"fr-FR"},{"@type":"Organization","@id":"https:\/\/www.accidentdutravail-idf.net\/blog\/#organization","name":"accidentdutravail-idf","url":"https:\/\/www.accidentdutravail-idf.net\/blog\/","logo":{"@type":"ImageObject","inLanguage":"fr-FR","@id":"https:\/\/www.accidentdutravail-idf.net\/blog\/#\/schema\/logo\/image\/","url":"https:\/\/www.accidentdutravail-idf.net\/blog\/wp-content\/uploads\/2022\/09\/logo-2.png","contentUrl":"https:\/\/www.accidentdutravail-idf.net\/blog\/wp-content\/uploads\/2022\/09\/logo-2.png","width":380,"height":291,"caption":"accidentdutravail-idf"},"image":{"@id":"https:\/\/www.accidentdutravail-idf.net\/blog\/#\/schema\/logo\/image\/"}},{"@type":"Person","@id":"https:\/\/www.accidentdutravail-idf.net\/blog\/#\/schema\/person\/3255d2f970de45e64bd9201f38e7b947","name":"Carlos Poulain","image":{"@type":"ImageObject","inLanguage":"fr-FR","@id":"https:\/\/secure.gravatar.com\/avatar\/b1c2f9d3588e34e91adb093635df64ef4b2381991216be7576466cfcdca4baf3?s=96&d=mm&r=g","url":"https:\/\/secure.gravatar.com\/avatar\/b1c2f9d3588e34e91adb093635df64ef4b2381991216be7576466cfcdca4baf3?s=96&d=mm&r=g","contentUrl":"https:\/\/secure.gravatar.com\/avatar\/b1c2f9d3588e34e91adb093635df64ef4b2381991216be7576466cfcdca4baf3?s=96&d=mm&r=g","caption":"Carlos Poulain"},"url":"https:\/\/www.accidentdutravail-idf.net\/blog\/author\/idfcarlos\/"}]}},"_links":{"self":[{"href":"https:\/\/www.accidentdutravail-idf.net\/blog\/wp-json\/wp\/v2\/posts\/729","targetHints":{"allow":["GET"]}}],"collection":[{"href":"https:\/\/www.accidentdutravail-idf.net\/blog\/wp-json\/wp\/v2\/posts"}],"about":[{"href":"https:\/\/www.accidentdutravail-idf.net\/blog\/wp-json\/wp\/v2\/types\/post"}],"author":[{"embeddable":true,"href":"https:\/\/www.accidentdutravail-idf.net\/blog\/wp-json\/wp\/v2\/users\/2"}],"replies":[{"embeddable":true,"href":"https:\/\/www.accidentdutravail-idf.net\/blog\/wp-json\/wp\/v2\/comments?post=729"}],"version-history":[{"count":0,"href":"https:\/\/www.accidentdutravail-idf.net\/blog\/wp-json\/wp\/v2\/posts\/729\/revisions"}],"wp:attachment":[{"href":"https:\/\/www.accidentdutravail-idf.net\/blog\/wp-json\/wp\/v2\/media?parent=729"}],"wp:term":[{"taxonomy":"category","embeddable":true,"href":"https:\/\/www.accidentdutravail-idf.net\/blog\/wp-json\/wp\/v2\/categories?post=729"},{"taxonomy":"post_tag","embeddable":true,"href":"https:\/\/www.accidentdutravail-idf.net\/blog\/wp-json\/wp\/v2\/tags?post=729"}],"curies":[{"name":"wp","href":"https:\/\/api.w.org\/{rel}","templated":true}]}}