{"id":727,"date":"2024-08-30T04:28:00","date_gmt":"2024-08-30T02:28:00","guid":{"rendered":"https:\/\/www.accidentdutravail-idf.net\/blog\/morts-au-travail-il-est-temps-dagir\/"},"modified":"2024-08-30T04:28:00","modified_gmt":"2024-08-30T02:28:00","slug":"morts-au-travail-il-est-temps-dagir","status":"publish","type":"post","link":"https:\/\/www.accidentdutravail-idf.net\/blog\/morts-au-travail-il-est-temps-dagir\/","title":{"rendered":"Morts au travail : il est temps d\u2019agir"},"content":{"rendered":"<div><img decoding=\"async\" src=\"https:\/\/www.accidentdutravail-idf.net\/blog\/wp-content\/uploads\/2024\/08\/morts-au-travail-il-est-temps-dagir.png\" class=\"ff-og-image-inserted\"><\/div>\n<p>Il n\u2019y a <a href=\"https:\/\/www.humanite.fr\/social-et-economie\/accidents-du-travail\/mort-au-travail-lhumanite-lance-une-vigie-pour-documenter-lhecatombe\" target=\"_blank\" rel=\"nofollow\">aucune tr\u00eave estivale pour la mort au travail. Depuis le d\u00e9but de l\u2019\u00e9t\u00e9 au moins 45 personnes ont perdu la vie en travaillant<\/a>.&nbsp;&nbsp;<\/p>\n<p>Ils \u00e9taient agriculteurs, ouvriers, employ\u00e9s, agents de nettoyage, ambulanciers, chauffeurs ou p\u00eacheurs. Les plus jeunes, apprentis agricoles, avaient \u00e0 peine 16 et 17 ans, les plus \u00e2g\u00e9s plus de 67 ans, ils ont tous \u00e9t\u00e9 victimes d\u2019un accident du travail cet \u00e9t\u00e9. Des hommes et des femmes qui sont partis travailler le matin et ne sont jamais revenus.&nbsp;&nbsp;<\/p>\n<p>Ces drames brisent des vies et laissent des familles endeuill\u00e9es. Ils sont trop souvent invisibilis\u00e9s et relay\u00e9s \u00e0 de simples \u00ab\u202ffaits divers\u202f\u00bb. Mais il n\u2019y a aucune fatalit\u00e9 pour ces morts au travail, ils sont la cons\u00e9quence directe de choix politiques qui ne garantissent pas \u00e0 chacun et chacune un environnement de travail sain et s\u00fbr. Pourtant la sant\u00e9 et s\u00e9curit\u00e9 au travail a \u00e9t\u00e9 consacr\u00e9e par l\u2019Organisation internationale du travail comme <a href=\"https:\/\/www.ilo.org\/fr\/themes-0\/securite-et-sante-au-travail\/un-milieu-de-travail-sur-et-salubre-est-un-principe-et-un-droit-fondamental\" target=\"_blank\" rel=\"noreferrer noopener nofollow\">un principe et un droit fondamental<\/a> car elle constitue un \u00e9l\u00e9ment d\u00e9terminant du travail d\u00e9cent.&nbsp; Une politique rigoureuse de pr\u00e9vention des risques, des contr\u00f4les r\u00e9guliers et des sanctions dissuasives est donc indispensable pour garantir ce droit.&nbsp;&nbsp;<\/p>\n<p>Nous avons vu durant ces derni\u00e8res ann\u00e9es les cons\u00e9quences d\u00e9sastreuses de la suppression des comit\u00e9s d\u2019hygi\u00e8ne, de s\u00e9curit\u00e9 et des conditions de travail (CHSCT) et des coupes budg\u00e9taires qui ont affaibli nos services d\u2019inspection du travail. Ces choix illustrent une politique du travail brutale et mortif\u00e8re qui ne prot\u00e8gent pas les travailleurs expos\u00e9s aux risques.&nbsp;&nbsp;<\/p>\n<p>Alors qu\u2019en 2021, la Commission europ\u00e9enne pr\u00e9sentait <a href=\"https:\/\/eur-lex.europa.eu\/legal-content\/FR\/TXT\/HTML\/?uri=CELEX:52021DC0323&amp;from=EN\" target=\"_blank\" rel=\"noreferrer noopener nofollow\">une \u00ab\u202fvision z\u00e9ro\u202f\u00bb \u00e0 l\u2019\u00e9gard des d\u00e9c\u00e8s li\u00e9s au travail,<\/a> l\u2019h\u00e9catombe se poursuit partout en Europe. La Conf\u00e9d\u00e9ration europ\u00e9enne des syndicats alertait m\u00eame, <a href=\"https:\/\/www.etuc.org\/fr\/pressrelease\/hausse-du-nombre-de-morts-au-travail-dans-12-pays-de-lue\" target=\"_blank\" rel=\"noreferrer noopener nofollow\">lors du dernier recensement en 2022<\/a>, sur une hausse des morts au travail dans 12 pays de l\u2019UE. Une tendance qui se confirme jusqu\u2019en 2024 en France.&nbsp;<\/p>\n<p>Il est temps d\u2019agir. Nous devons commencer en France le mouvement en restaurant les CHSCT, en organisant une conf\u00e9rence nationale sur le travail et la p\u00e9nibilit\u00e9, en r\u00e9duisant la dur\u00e9e de travail \u00e0 32 heures pour les m\u00e9tiers p\u00e9nibles et nocturnes, et en embauchant plus d\u2019inspecteurs et m\u00e9decins du travail. Au niveau europ\u00e9en, il est urgent de mettre en place une v\u00e9ritable politique de sant\u00e9 et de s\u00e9curit\u00e9 au travail, avec une directive europ\u00e9enne garantissant z\u00e9ro mort au travail et un plan d\u2019action.&nbsp;&nbsp;<\/p>\n<p>L\u2019impunit\u00e9 doit cesser. Personne ne doit perdre la vie en essayant de la gagner. La protection des travailleurs et travailleuses est un combat essentiel et vital.&nbsp;&nbsp;<\/p>\n<div id=\"form_don\" class=\"wp-block-group\">\n<div class=\"wp-block-group__inner-container is-layout-constrained wp-block-group-is-layout-constrained\">\n<h2 class=\"wp-block-heading\">Avant de partir, une derni\u00e8re chose\u2026<\/h2>\n<p>Contrairement \u00e0 90% des m\u00e9dias fran\u00e7ais aujourd\u2019hui, <strong>l\u2019Humanit\u00e9 ne d\u00e9pend ni de grands groupes ni de milliardaires<\/strong>. Cela signifie que : <\/p>\n<ul class=\"wp-block-list\">\n<li>nous vous apportons des <span>informations impartiales, sans compromis<\/span>. Mais aussi que <\/li>\n<li>nous n\u2019avons <span>pas les moyens financiers dont b\u00e9n\u00e9ficient les autres m\u00e9dias<\/span>.<\/li>\n<\/ul>\n<p><strong>L\u2019information ind\u00e9pendante et de qualit\u00e9 a un co\u00fbt<\/strong>. Payez-le.<br \/><a href=\"https:\/\/www.humanite.fr\/lhumanite-cest-vous\" data-type=\"link\" data-id=\"https:\/\/www.humanite.fr\/lhumanite-cest-vous\" target=\"_blank\" rel=\"nofollow\">Je veux en savoir plus<\/a><\/p>\n<\/p><\/div>\n<\/div>\n<p> accidentdutravail-idf.net vous a pr\u00e9par\u00e9 ce post qui informe du sujet \u00ab\u00a0Association Sportive Huisson-Longueville Essonne\u00a0\u00bb. La chronique se veut g\u00e9n\u00e9r\u00e9e du mieux possible. Vous pouvez utiliser les coordonn\u00e9es indiqu\u00e9es sur le site dans le but d\u2019apporter des explications sur ce post qui parle du th\u00e8me \u00ab\u00a0Association Sportive Huisson-Longueville Essonne\u00a0\u00bb. Le site accidentdutravail-idf.net a pour but de fournir diverses publications sur la th\u00e9matique Association Sportive Huisson-Longueville Essonne diffus\u00e9es sur le net. Il y aura plusieurs articles autour du sujet \u00ab\u00a0Association Sportive Huisson-Longueville Essonne\u00a0\u00bb dans quelques jours, nous vous invitons \u00e0 naviguer sur notre site web \u00e0 plusieurs reprises.<\/p>\n","protected":false},"excerpt":{"rendered":"<p>Il n\u2019y a aucune tr\u00eave estivale pour la mort au travail. Depuis le d\u00e9but de l\u2019\u00e9t\u00e9 au moins 45 personnes ont perdu la vie en travaillant.&nbsp;&nbsp; Ils \u00e9taient agriculteurs, ouvriers, employ\u00e9s, agents de nettoyage, ambulanciers, chauffeurs ou p\u00eacheurs. Les plus jeunes, apprentis agricoles, avaient \u00e0 peine 16 et 17 ans, les plus \u00e2g\u00e9s plus de &hellip; <\/p>\n<p class=\"link-more\"><a href=\"https:\/\/www.accidentdutravail-idf.net\/blog\/morts-au-travail-il-est-temps-dagir\/\" class=\"more-link\">Continuer la lecture <span class=\"screen-reader-text\"> \u00ab\u00a0Morts au travail : il est temps d\u2019agir\u00a0\u00bb<\/span><\/a><\/p>\n","protected":false},"author":2,"featured_media":0,"comment_status":"closed","ping_status":"closed","sticky":false,"template":"","format":"standard","meta":{"footnotes":""},"categories":[5],"tags":[],"class_list":["post-727","post","type-post","status-publish","format-standard","hentry","category-securite-du-travail-en-ile-de-france-et-divers","entry"],"yoast_head":"<!-- This site is optimized with the Yoast SEO plugin v27.5 - https:\/\/yoast.com\/product\/yoast-seo-wordpress\/ -->\n<title>Morts au travail : il est temps d\u2019agir - ACCIDENTDUTRAVAIL-IDF<\/title>\n<meta name=\"description\" content=\"Morts au travail : il est temps d\u2019agir article de ACCIDENTDUTRAVAIL-IDF\" \/>\n<meta name=\"robots\" content=\"index, follow, max-snippet:-1, max-image-preview:large, max-video-preview:-1\" \/>\n<link rel=\"canonical\" href=\"https:\/\/www.accidentdutravail-idf.net\/blog\/morts-au-travail-il-est-temps-dagir\/\" \/>\n<meta property=\"og:locale\" content=\"fr_FR\" \/>\n<meta property=\"og:type\" content=\"article\" \/>\n<meta property=\"og:title\" content=\"Morts au travail : il est temps d\u2019agir - ACCIDENTDUTRAVAIL-IDF\" \/>\n<meta property=\"og:description\" content=\"Morts au travail : il est temps d\u2019agir article de ACCIDENTDUTRAVAIL-IDF\" \/>\n<meta property=\"og:url\" content=\"https:\/\/www.accidentdutravail-idf.net\/blog\/morts-au-travail-il-est-temps-dagir\/\" \/>\n<meta property=\"og:site_name\" content=\"ACCIDENTDUTRAVAIL-IDF\" \/>\n<meta property=\"article:published_time\" content=\"2024-08-30T02:28:00+00:00\" \/>\n<meta property=\"og:image\" content=\"https:\/\/www.accidentdutravail-idf.net\/blog\/wp-content\/uploads\/2024\/08\/morts-au-travail-il-est-temps-dagir.png\" \/>\n<meta name=\"author\" content=\"Carlos Poulain\" \/>\n<meta name=\"twitter:card\" content=\"summary_large_image\" \/>\n<meta name=\"twitter:label1\" content=\"\u00c9crit par\" \/>\n\t<meta name=\"twitter:data1\" content=\"Carlos Poulain\" \/>\n\t<meta name=\"twitter:label2\" content=\"Dur\u00e9e de lecture estim\u00e9e\" \/>\n\t<meta name=\"twitter:data2\" content=\"3 minutes\" \/>\n<script type=\"application\/ld+json\" class=\"yoast-schema-graph\">{\"@context\":\"https:\\\/\\\/schema.org\",\"@graph\":[{\"@type\":\"Article\",\"@id\":\"https:\\\/\\\/www.accidentdutravail-idf.net\\\/blog\\\/morts-au-travail-il-est-temps-dagir\\\/#article\",\"isPartOf\":{\"@id\":\"https:\\\/\\\/www.accidentdutravail-idf.net\\\/blog\\\/morts-au-travail-il-est-temps-dagir\\\/\"},\"author\":{\"name\":\"Carlos Poulain\",\"@id\":\"https:\\\/\\\/www.accidentdutravail-idf.net\\\/blog\\\/#\\\/schema\\\/person\\\/3255d2f970de45e64bd9201f38e7b947\"},\"headline\":\"Morts au travail : il est temps d\u2019agir\",\"datePublished\":\"2024-08-30T02:28:00+00:00\",\"mainEntityOfPage\":{\"@id\":\"https:\\\/\\\/www.accidentdutravail-idf.net\\\/blog\\\/morts-au-travail-il-est-temps-dagir\\\/\"},\"wordCount\":668,\"publisher\":{\"@id\":\"https:\\\/\\\/www.accidentdutravail-idf.net\\\/blog\\\/#organization\"},\"image\":{\"@id\":\"https:\\\/\\\/www.accidentdutravail-idf.net\\\/blog\\\/morts-au-travail-il-est-temps-dagir\\\/#primaryimage\"},\"thumbnailUrl\":\"https:\\\/\\\/www.accidentdutravail-idf.net\\\/blog\\\/wp-content\\\/uploads\\\/2024\\\/08\\\/morts-au-travail-il-est-temps-dagir.png\",\"articleSection\":[\"S\u00e9curit\u00e9 Du Travail En Ile-De-France Et Divers:\"],\"inLanguage\":\"fr-FR\"},{\"@type\":\"WebPage\",\"@id\":\"https:\\\/\\\/www.accidentdutravail-idf.net\\\/blog\\\/morts-au-travail-il-est-temps-dagir\\\/\",\"url\":\"https:\\\/\\\/www.accidentdutravail-idf.net\\\/blog\\\/morts-au-travail-il-est-temps-dagir\\\/\",\"name\":\"Morts au travail : il est temps d\u2019agir - ACCIDENTDUTRAVAIL-IDF\",\"isPartOf\":{\"@id\":\"https:\\\/\\\/www.accidentdutravail-idf.net\\\/blog\\\/#website\"},\"primaryImageOfPage\":{\"@id\":\"https:\\\/\\\/www.accidentdutravail-idf.net\\\/blog\\\/morts-au-travail-il-est-temps-dagir\\\/#primaryimage\"},\"image\":{\"@id\":\"https:\\\/\\\/www.accidentdutravail-idf.net\\\/blog\\\/morts-au-travail-il-est-temps-dagir\\\/#primaryimage\"},\"thumbnailUrl\":\"https:\\\/\\\/www.accidentdutravail-idf.net\\\/blog\\\/wp-content\\\/uploads\\\/2024\\\/08\\\/morts-au-travail-il-est-temps-dagir.png\",\"datePublished\":\"2024-08-30T02:28:00+00:00\",\"description\":\"Morts au travail : il est temps d\u2019agir article de ACCIDENTDUTRAVAIL-IDF\",\"breadcrumb\":{\"@id\":\"https:\\\/\\\/www.accidentdutravail-idf.net\\\/blog\\\/morts-au-travail-il-est-temps-dagir\\\/#breadcrumb\"},\"inLanguage\":\"fr-FR\",\"potentialAction\":[{\"@type\":\"ReadAction\",\"target\":[\"https:\\\/\\\/www.accidentdutravail-idf.net\\\/blog\\\/morts-au-travail-il-est-temps-dagir\\\/\"]}]},{\"@type\":\"ImageObject\",\"inLanguage\":\"fr-FR\",\"@id\":\"https:\\\/\\\/www.accidentdutravail-idf.net\\\/blog\\\/morts-au-travail-il-est-temps-dagir\\\/#primaryimage\",\"url\":\"https:\\\/\\\/www.accidentdutravail-idf.net\\\/blog\\\/wp-content\\\/uploads\\\/2024\\\/08\\\/morts-au-travail-il-est-temps-dagir.png\",\"contentUrl\":\"https:\\\/\\\/www.accidentdutravail-idf.net\\\/blog\\\/wp-content\\\/uploads\\\/2024\\\/08\\\/morts-au-travail-il-est-temps-dagir.png\"},{\"@type\":\"BreadcrumbList\",\"@id\":\"https:\\\/\\\/www.accidentdutravail-idf.net\\\/blog\\\/morts-au-travail-il-est-temps-dagir\\\/#breadcrumb\",\"itemListElement\":[{\"@type\":\"ListItem\",\"position\":1,\"name\":\"Accueil\",\"item\":\"https:\\\/\\\/www.accidentdutravail-idf.net\\\/blog\\\/\"},{\"@type\":\"ListItem\",\"position\":2,\"name\":\"Morts au travail : il est temps d\u2019agir\"}]},{\"@type\":\"WebSite\",\"@id\":\"https:\\\/\\\/www.accidentdutravail-idf.net\\\/blog\\\/#website\",\"url\":\"https:\\\/\\\/www.accidentdutravail-idf.net\\\/blog\\\/\",\"name\":\"ACCIDENTDUTRAVAIL-IDF\",\"description\":\"Portail accidents du travail-maladies professionnelles des entreprises d&#039;Ile-de-France\",\"publisher\":{\"@id\":\"https:\\\/\\\/www.accidentdutravail-idf.net\\\/blog\\\/#organization\"},\"potentialAction\":[{\"@type\":\"SearchAction\",\"target\":{\"@type\":\"EntryPoint\",\"urlTemplate\":\"https:\\\/\\\/www.accidentdutravail-idf.net\\\/blog\\\/?s={search_term_string}\"},\"query-input\":{\"@type\":\"PropertyValueSpecification\",\"valueRequired\":true,\"valueName\":\"search_term_string\"}}],\"inLanguage\":\"fr-FR\"},{\"@type\":\"Organization\",\"@id\":\"https:\\\/\\\/www.accidentdutravail-idf.net\\\/blog\\\/#organization\",\"name\":\"accidentdutravail-idf\",\"url\":\"https:\\\/\\\/www.accidentdutravail-idf.net\\\/blog\\\/\",\"logo\":{\"@type\":\"ImageObject\",\"inLanguage\":\"fr-FR\",\"@id\":\"https:\\\/\\\/www.accidentdutravail-idf.net\\\/blog\\\/#\\\/schema\\\/logo\\\/image\\\/\",\"url\":\"https:\\\/\\\/www.accidentdutravail-idf.net\\\/blog\\\/wp-content\\\/uploads\\\/2022\\\/09\\\/logo-2.png\",\"contentUrl\":\"https:\\\/\\\/www.accidentdutravail-idf.net\\\/blog\\\/wp-content\\\/uploads\\\/2022\\\/09\\\/logo-2.png\",\"width\":380,\"height\":291,\"caption\":\"accidentdutravail-idf\"},\"image\":{\"@id\":\"https:\\\/\\\/www.accidentdutravail-idf.net\\\/blog\\\/#\\\/schema\\\/logo\\\/image\\\/\"}},{\"@type\":\"Person\",\"@id\":\"https:\\\/\\\/www.accidentdutravail-idf.net\\\/blog\\\/#\\\/schema\\\/person\\\/3255d2f970de45e64bd9201f38e7b947\",\"name\":\"Carlos Poulain\",\"image\":{\"@type\":\"ImageObject\",\"inLanguage\":\"fr-FR\",\"@id\":\"https:\\\/\\\/secure.gravatar.com\\\/avatar\\\/b1c2f9d3588e34e91adb093635df64ef4b2381991216be7576466cfcdca4baf3?s=96&d=mm&r=g\",\"url\":\"https:\\\/\\\/secure.gravatar.com\\\/avatar\\\/b1c2f9d3588e34e91adb093635df64ef4b2381991216be7576466cfcdca4baf3?s=96&d=mm&r=g\",\"contentUrl\":\"https:\\\/\\\/secure.gravatar.com\\\/avatar\\\/b1c2f9d3588e34e91adb093635df64ef4b2381991216be7576466cfcdca4baf3?s=96&d=mm&r=g\",\"caption\":\"Carlos Poulain\"},\"url\":\"https:\\\/\\\/www.accidentdutravail-idf.net\\\/blog\\\/author\\\/idfcarlos\\\/\"}]}<\/script>\n<!-- \/ Yoast SEO plugin. -->","yoast_head_json":{"title":"Morts au travail : il est temps d\u2019agir - ACCIDENTDUTRAVAIL-IDF","description":"Morts au travail : il est temps d\u2019agir article de ACCIDENTDUTRAVAIL-IDF","robots":{"index":"index","follow":"follow","max-snippet":"max-snippet:-1","max-image-preview":"max-image-preview:large","max-video-preview":"max-video-preview:-1"},"canonical":"https:\/\/www.accidentdutravail-idf.net\/blog\/morts-au-travail-il-est-temps-dagir\/","og_locale":"fr_FR","og_type":"article","og_title":"Morts au travail : il est temps d\u2019agir - ACCIDENTDUTRAVAIL-IDF","og_description":"Morts au travail : il est temps d\u2019agir article de ACCIDENTDUTRAVAIL-IDF","og_url":"https:\/\/www.accidentdutravail-idf.net\/blog\/morts-au-travail-il-est-temps-dagir\/","og_site_name":"ACCIDENTDUTRAVAIL-IDF","article_published_time":"2024-08-30T02:28:00+00:00","og_image":[{"url":"https:\/\/www.accidentdutravail-idf.net\/blog\/wp-content\/uploads\/2024\/08\/morts-au-travail-il-est-temps-dagir.png","type":"","width":"","height":""}],"author":"Carlos Poulain","twitter_card":"summary_large_image","twitter_misc":{"\u00c9crit par":"Carlos Poulain","Dur\u00e9e de lecture estim\u00e9e":"3 minutes"},"schema":{"@context":"https:\/\/schema.org","@graph":[{"@type":"Article","@id":"https:\/\/www.accidentdutravail-idf.net\/blog\/morts-au-travail-il-est-temps-dagir\/#article","isPartOf":{"@id":"https:\/\/www.accidentdutravail-idf.net\/blog\/morts-au-travail-il-est-temps-dagir\/"},"author":{"name":"Carlos Poulain","@id":"https:\/\/www.accidentdutravail-idf.net\/blog\/#\/schema\/person\/3255d2f970de45e64bd9201f38e7b947"},"headline":"Morts au travail : il est temps d\u2019agir","datePublished":"2024-08-30T02:28:00+00:00","mainEntityOfPage":{"@id":"https:\/\/www.accidentdutravail-idf.net\/blog\/morts-au-travail-il-est-temps-dagir\/"},"wordCount":668,"publisher":{"@id":"https:\/\/www.accidentdutravail-idf.net\/blog\/#organization"},"image":{"@id":"https:\/\/www.accidentdutravail-idf.net\/blog\/morts-au-travail-il-est-temps-dagir\/#primaryimage"},"thumbnailUrl":"https:\/\/www.accidentdutravail-idf.net\/blog\/wp-content\/uploads\/2024\/08\/morts-au-travail-il-est-temps-dagir.png","articleSection":["S\u00e9curit\u00e9 Du Travail En Ile-De-France Et Divers:"],"inLanguage":"fr-FR"},{"@type":"WebPage","@id":"https:\/\/www.accidentdutravail-idf.net\/blog\/morts-au-travail-il-est-temps-dagir\/","url":"https:\/\/www.accidentdutravail-idf.net\/blog\/morts-au-travail-il-est-temps-dagir\/","name":"Morts au travail : il est temps d\u2019agir - ACCIDENTDUTRAVAIL-IDF","isPartOf":{"@id":"https:\/\/www.accidentdutravail-idf.net\/blog\/#website"},"primaryImageOfPage":{"@id":"https:\/\/www.accidentdutravail-idf.net\/blog\/morts-au-travail-il-est-temps-dagir\/#primaryimage"},"image":{"@id":"https:\/\/www.accidentdutravail-idf.net\/blog\/morts-au-travail-il-est-temps-dagir\/#primaryimage"},"thumbnailUrl":"https:\/\/www.accidentdutravail-idf.net\/blog\/wp-content\/uploads\/2024\/08\/morts-au-travail-il-est-temps-dagir.png","datePublished":"2024-08-30T02:28:00+00:00","description":"Morts au travail : il est temps d\u2019agir article de ACCIDENTDUTRAVAIL-IDF","breadcrumb":{"@id":"https:\/\/www.accidentdutravail-idf.net\/blog\/morts-au-travail-il-est-temps-dagir\/#breadcrumb"},"inLanguage":"fr-FR","potentialAction":[{"@type":"ReadAction","target":["https:\/\/www.accidentdutravail-idf.net\/blog\/morts-au-travail-il-est-temps-dagir\/"]}]},{"@type":"ImageObject","inLanguage":"fr-FR","@id":"https:\/\/www.accidentdutravail-idf.net\/blog\/morts-au-travail-il-est-temps-dagir\/#primaryimage","url":"https:\/\/www.accidentdutravail-idf.net\/blog\/wp-content\/uploads\/2024\/08\/morts-au-travail-il-est-temps-dagir.png","contentUrl":"https:\/\/www.accidentdutravail-idf.net\/blog\/wp-content\/uploads\/2024\/08\/morts-au-travail-il-est-temps-dagir.png"},{"@type":"BreadcrumbList","@id":"https:\/\/www.accidentdutravail-idf.net\/blog\/morts-au-travail-il-est-temps-dagir\/#breadcrumb","itemListElement":[{"@type":"ListItem","position":1,"name":"Accueil","item":"https:\/\/www.accidentdutravail-idf.net\/blog\/"},{"@type":"ListItem","position":2,"name":"Morts au travail : il est temps d\u2019agir"}]},{"@type":"WebSite","@id":"https:\/\/www.accidentdutravail-idf.net\/blog\/#website","url":"https:\/\/www.accidentdutravail-idf.net\/blog\/","name":"ACCIDENTDUTRAVAIL-IDF","description":"Portail accidents du travail-maladies professionnelles des entreprises d&#039;Ile-de-France","publisher":{"@id":"https:\/\/www.accidentdutravail-idf.net\/blog\/#organization"},"potentialAction":[{"@type":"SearchAction","target":{"@type":"EntryPoint","urlTemplate":"https:\/\/www.accidentdutravail-idf.net\/blog\/?s={search_term_string}"},"query-input":{"@type":"PropertyValueSpecification","valueRequired":true,"valueName":"search_term_string"}}],"inLanguage":"fr-FR"},{"@type":"Organization","@id":"https:\/\/www.accidentdutravail-idf.net\/blog\/#organization","name":"accidentdutravail-idf","url":"https:\/\/www.accidentdutravail-idf.net\/blog\/","logo":{"@type":"ImageObject","inLanguage":"fr-FR","@id":"https:\/\/www.accidentdutravail-idf.net\/blog\/#\/schema\/logo\/image\/","url":"https:\/\/www.accidentdutravail-idf.net\/blog\/wp-content\/uploads\/2022\/09\/logo-2.png","contentUrl":"https:\/\/www.accidentdutravail-idf.net\/blog\/wp-content\/uploads\/2022\/09\/logo-2.png","width":380,"height":291,"caption":"accidentdutravail-idf"},"image":{"@id":"https:\/\/www.accidentdutravail-idf.net\/blog\/#\/schema\/logo\/image\/"}},{"@type":"Person","@id":"https:\/\/www.accidentdutravail-idf.net\/blog\/#\/schema\/person\/3255d2f970de45e64bd9201f38e7b947","name":"Carlos Poulain","image":{"@type":"ImageObject","inLanguage":"fr-FR","@id":"https:\/\/secure.gravatar.com\/avatar\/b1c2f9d3588e34e91adb093635df64ef4b2381991216be7576466cfcdca4baf3?s=96&d=mm&r=g","url":"https:\/\/secure.gravatar.com\/avatar\/b1c2f9d3588e34e91adb093635df64ef4b2381991216be7576466cfcdca4baf3?s=96&d=mm&r=g","contentUrl":"https:\/\/secure.gravatar.com\/avatar\/b1c2f9d3588e34e91adb093635df64ef4b2381991216be7576466cfcdca4baf3?s=96&d=mm&r=g","caption":"Carlos Poulain"},"url":"https:\/\/www.accidentdutravail-idf.net\/blog\/author\/idfcarlos\/"}]}},"_links":{"self":[{"href":"https:\/\/www.accidentdutravail-idf.net\/blog\/wp-json\/wp\/v2\/posts\/727","targetHints":{"allow":["GET"]}}],"collection":[{"href":"https:\/\/www.accidentdutravail-idf.net\/blog\/wp-json\/wp\/v2\/posts"}],"about":[{"href":"https:\/\/www.accidentdutravail-idf.net\/blog\/wp-json\/wp\/v2\/types\/post"}],"author":[{"embeddable":true,"href":"https:\/\/www.accidentdutravail-idf.net\/blog\/wp-json\/wp\/v2\/users\/2"}],"replies":[{"embeddable":true,"href":"https:\/\/www.accidentdutravail-idf.net\/blog\/wp-json\/wp\/v2\/comments?post=727"}],"version-history":[{"count":0,"href":"https:\/\/www.accidentdutravail-idf.net\/blog\/wp-json\/wp\/v2\/posts\/727\/revisions"}],"wp:attachment":[{"href":"https:\/\/www.accidentdutravail-idf.net\/blog\/wp-json\/wp\/v2\/media?parent=727"}],"wp:term":[{"taxonomy":"category","embeddable":true,"href":"https:\/\/www.accidentdutravail-idf.net\/blog\/wp-json\/wp\/v2\/categories?post=727"},{"taxonomy":"post_tag","embeddable":true,"href":"https:\/\/www.accidentdutravail-idf.net\/blog\/wp-json\/wp\/v2\/tags?post=727"}],"curies":[{"name":"wp","href":"https:\/\/api.w.org\/{rel}","templated":true}]}}