{"id":723,"date":"2024-08-29T12:59:00","date_gmt":"2024-08-29T10:59:00","guid":{"rendered":"https:\/\/www.accidentdutravail-idf.net\/blog\/accident-de-travail-mortel-a-lambdon\/"},"modified":"2024-08-29T12:59:00","modified_gmt":"2024-08-29T10:59:00","slug":"accident-de-travail-mortel-a-lambdon","status":"publish","type":"post","link":"https:\/\/www.accidentdutravail-idf.net\/blog\/accident-de-travail-mortel-a-lambdon\/","title":{"rendered":"Accident de travail mortel \u00e0 Lambdon"},"content":{"rendered":"<div><img decoding=\"async\" src=\"https:\/\/lescoopsdelinformation-latribune-prod.web.arc-cdn.net\/resizer\/v2\/5W5T26AAEBEANHSPH3LFHUEEXM.jpg?smart=true&amp;auth=0d22a852c7f1ff5cff53d4be1e8ac1c5cde83bc3cb72d67cbf87449fbf05dc2b&amp;width=657&amp;height=436\" class=\"ff-og-image-inserted\"><\/div>\n<p class=\"article-bodystyled__StyledText-sc-19uhgql-0 kBIukV body-paragraph\">\u00abSes coll\u00e8gues l\u2019ont extirp\u00e9 de la cabine pour lui prodiguer des soins et commencer les massages cardiaques. \u00c0 l\u2019arriv\u00e9e de nos premiers r\u00e9pondants, ces derniers ont continu\u00e9 les man\u0153uvres en attente des param\u00e9dics et une \u00e9quipe de trois pompiers avec l\u2019autopompe a \u00e9t\u00e9 approch\u00e9e en support\u00bb, confirme le Service Incendie de Lambton dans un statut publi\u00e9 sur Facebook.<\/p>\n<p class=\"article-bodystyled__StyledText-sc-19uhgql-0 kBIukV body-paragraph\">Le d\u00e9c\u00e8s du camionneur \u00e2g\u00e9 de la cinquantaine a \u00e9t\u00e9 constat\u00e9 \u00e0 l\u2019h\u00f4pital de Lac-M\u00e9gantic.<\/p>\n<p class=\"article-bodystyled__StyledText-sc-19uhgql-0 kBIukV body-paragraph\">La S\u00fbret\u00e9 du Qu\u00e9bec ne connait pas la raison de l\u2019embard\u00e9e du v\u00e9hicule lourd. Des enqu\u00eateurs du corps de police et de la CNESST ainsi que des reconstitutionnistes se sont rendus sur place pour faire la lumi\u00e8re sur les \u00e9v\u00e9nements. Des expertises pourraient \u00e9galement \u00eatre demand\u00e9es pour savoir s\u2019il y avait un bris sur le v\u00e9hicule au moment de l\u2019incident.<\/p>\n<p>accidentdutravail-idf.net vous a pr\u00e9par\u00e9 ce post qui informe du sujet \u00ab\u00a0Association Sportive Huisson-Longueville Essonne\u00a0\u00bb. La chronique se veut g\u00e9n\u00e9r\u00e9e du mieux possible. Vous pouvez utiliser les coordonn\u00e9es indiqu\u00e9es sur le site dans le but d\u2019apporter des explications sur ce post qui parle du th\u00e8me \u00ab\u00a0Association Sportive Huisson-Longueville Essonne\u00a0\u00bb. Le site accidentdutravail-idf.net a pour but de fournir diverses publications sur la th\u00e9matique Association Sportive Huisson-Longueville Essonne diffus\u00e9es sur le net. Il y aura plusieurs articles autour du sujet \u00ab\u00a0Association Sportive Huisson-Longueville Essonne\u00a0\u00bb dans quelques jours, nous vous invitons \u00e0 naviguer sur notre site web \u00e0 plusieurs reprises.<\/p>\n","protected":false},"excerpt":{"rendered":"<p>\u00abSes coll\u00e8gues l\u2019ont extirp\u00e9 de la cabine pour lui prodiguer des soins et commencer les massages cardiaques. \u00c0 l\u2019arriv\u00e9e de nos premiers r\u00e9pondants, ces derniers ont continu\u00e9 les man\u0153uvres en attente des param\u00e9dics et une \u00e9quipe de trois pompiers avec l\u2019autopompe a \u00e9t\u00e9 approch\u00e9e en support\u00bb, confirme le Service Incendie de Lambton dans un statut &hellip; <\/p>\n<p class=\"link-more\"><a href=\"https:\/\/www.accidentdutravail-idf.net\/blog\/accident-de-travail-mortel-a-lambdon\/\" class=\"more-link\">Continuer la lecture <span class=\"screen-reader-text\"> \u00ab\u00a0Accident de travail mortel \u00e0 Lambdon\u00a0\u00bb<\/span><\/a><\/p>\n","protected":false},"author":2,"featured_media":0,"comment_status":"closed","ping_status":"closed","sticky":false,"template":"","format":"standard","meta":{"footnotes":""},"categories":[5],"tags":[],"class_list":["post-723","post","type-post","status-publish","format-standard","hentry","category-securite-du-travail-en-ile-de-france-et-divers","entry"],"yoast_head":"<!-- This site is optimized with the Yoast SEO plugin v27.5 - https:\/\/yoast.com\/product\/yoast-seo-wordpress\/ -->\n<title>Accident de travail mortel \u00e0 Lambdon - ACCIDENTDUTRAVAIL-IDF<\/title>\n<meta name=\"description\" content=\"Accident de travail mortel \u00e0 Lambdon article de ACCIDENTDUTRAVAIL-IDF\" \/>\n<meta name=\"robots\" content=\"index, follow, max-snippet:-1, max-image-preview:large, max-video-preview:-1\" \/>\n<link rel=\"canonical\" href=\"https:\/\/www.accidentdutravail-idf.net\/blog\/accident-de-travail-mortel-a-lambdon\/\" \/>\n<meta property=\"og:locale\" content=\"fr_FR\" \/>\n<meta property=\"og:type\" content=\"article\" \/>\n<meta property=\"og:title\" content=\"Accident de travail mortel \u00e0 Lambdon - ACCIDENTDUTRAVAIL-IDF\" \/>\n<meta property=\"og:description\" content=\"Accident de travail mortel \u00e0 Lambdon article de ACCIDENTDUTRAVAIL-IDF\" \/>\n<meta property=\"og:url\" content=\"https:\/\/www.accidentdutravail-idf.net\/blog\/accident-de-travail-mortel-a-lambdon\/\" \/>\n<meta property=\"og:site_name\" content=\"ACCIDENTDUTRAVAIL-IDF\" \/>\n<meta property=\"article:published_time\" content=\"2024-08-29T10:59:00+00:00\" \/>\n<meta property=\"og:image\" content=\"https:\/\/lescoopsdelinformation-latribune-prod.web.arc-cdn.net\/resizer\/v2\/5W5T26AAEBEANHSPH3LFHUEEXM.jpg?smart=true&amp;auth=0d22a852c7f1ff5cff53d4be1e8ac1c5cde83bc3cb72d67cbf87449fbf05dc2b&amp;width=657&amp;height=436\" \/>\n<meta name=\"author\" content=\"Carlos Poulain\" \/>\n<meta name=\"twitter:card\" content=\"summary_large_image\" \/>\n<meta name=\"twitter:label1\" content=\"\u00c9crit par\" \/>\n\t<meta name=\"twitter:data1\" content=\"Carlos Poulain\" \/>\n\t<meta name=\"twitter:label2\" content=\"Dur\u00e9e de lecture estim\u00e9e\" \/>\n\t<meta name=\"twitter:data2\" content=\"1 minute\" \/>\n<script type=\"application\/ld+json\" class=\"yoast-schema-graph\">{\"@context\":\"https:\\\/\\\/schema.org\",\"@graph\":[{\"@type\":\"Article\",\"@id\":\"https:\\\/\\\/www.accidentdutravail-idf.net\\\/blog\\\/accident-de-travail-mortel-a-lambdon\\\/#article\",\"isPartOf\":{\"@id\":\"https:\\\/\\\/www.accidentdutravail-idf.net\\\/blog\\\/accident-de-travail-mortel-a-lambdon\\\/\"},\"author\":{\"name\":\"Carlos Poulain\",\"@id\":\"https:\\\/\\\/www.accidentdutravail-idf.net\\\/blog\\\/#\\\/schema\\\/person\\\/3255d2f970de45e64bd9201f38e7b947\"},\"headline\":\"Accident de travail mortel \u00e0 Lambdon\",\"datePublished\":\"2024-08-29T10:59:00+00:00\",\"mainEntityOfPage\":{\"@id\":\"https:\\\/\\\/www.accidentdutravail-idf.net\\\/blog\\\/accident-de-travail-mortel-a-lambdon\\\/\"},\"wordCount\":268,\"publisher\":{\"@id\":\"https:\\\/\\\/www.accidentdutravail-idf.net\\\/blog\\\/#organization\"},\"image\":{\"@id\":\"https:\\\/\\\/www.accidentdutravail-idf.net\\\/blog\\\/accident-de-travail-mortel-a-lambdon\\\/#primaryimage\"},\"thumbnailUrl\":\"https:\\\/\\\/lescoopsdelinformation-latribune-prod.web.arc-cdn.net\\\/resizer\\\/v2\\\/5W5T26AAEBEANHSPH3LFHUEEXM.jpg?smart=true&amp;auth=0d22a852c7f1ff5cff53d4be1e8ac1c5cde83bc3cb72d67cbf87449fbf05dc2b&amp;width=657&amp;height=436\",\"articleSection\":[\"S\u00e9curit\u00e9 Du Travail En Ile-De-France Et Divers:\"],\"inLanguage\":\"fr-FR\"},{\"@type\":\"WebPage\",\"@id\":\"https:\\\/\\\/www.accidentdutravail-idf.net\\\/blog\\\/accident-de-travail-mortel-a-lambdon\\\/\",\"url\":\"https:\\\/\\\/www.accidentdutravail-idf.net\\\/blog\\\/accident-de-travail-mortel-a-lambdon\\\/\",\"name\":\"Accident de travail mortel \u00e0 Lambdon - ACCIDENTDUTRAVAIL-IDF\",\"isPartOf\":{\"@id\":\"https:\\\/\\\/www.accidentdutravail-idf.net\\\/blog\\\/#website\"},\"primaryImageOfPage\":{\"@id\":\"https:\\\/\\\/www.accidentdutravail-idf.net\\\/blog\\\/accident-de-travail-mortel-a-lambdon\\\/#primaryimage\"},\"image\":{\"@id\":\"https:\\\/\\\/www.accidentdutravail-idf.net\\\/blog\\\/accident-de-travail-mortel-a-lambdon\\\/#primaryimage\"},\"thumbnailUrl\":\"https:\\\/\\\/lescoopsdelinformation-latribune-prod.web.arc-cdn.net\\\/resizer\\\/v2\\\/5W5T26AAEBEANHSPH3LFHUEEXM.jpg?smart=true&amp;auth=0d22a852c7f1ff5cff53d4be1e8ac1c5cde83bc3cb72d67cbf87449fbf05dc2b&amp;width=657&amp;height=436\",\"datePublished\":\"2024-08-29T10:59:00+00:00\",\"description\":\"Accident de travail mortel \u00e0 Lambdon article de ACCIDENTDUTRAVAIL-IDF\",\"breadcrumb\":{\"@id\":\"https:\\\/\\\/www.accidentdutravail-idf.net\\\/blog\\\/accident-de-travail-mortel-a-lambdon\\\/#breadcrumb\"},\"inLanguage\":\"fr-FR\",\"potentialAction\":[{\"@type\":\"ReadAction\",\"target\":[\"https:\\\/\\\/www.accidentdutravail-idf.net\\\/blog\\\/accident-de-travail-mortel-a-lambdon\\\/\"]}]},{\"@type\":\"ImageObject\",\"inLanguage\":\"fr-FR\",\"@id\":\"https:\\\/\\\/www.accidentdutravail-idf.net\\\/blog\\\/accident-de-travail-mortel-a-lambdon\\\/#primaryimage\",\"url\":\"https:\\\/\\\/lescoopsdelinformation-latribune-prod.web.arc-cdn.net\\\/resizer\\\/v2\\\/5W5T26AAEBEANHSPH3LFHUEEXM.jpg?smart=true&amp;auth=0d22a852c7f1ff5cff53d4be1e8ac1c5cde83bc3cb72d67cbf87449fbf05dc2b&amp;width=657&amp;height=436\",\"contentUrl\":\"https:\\\/\\\/lescoopsdelinformation-latribune-prod.web.arc-cdn.net\\\/resizer\\\/v2\\\/5W5T26AAEBEANHSPH3LFHUEEXM.jpg?smart=true&amp;auth=0d22a852c7f1ff5cff53d4be1e8ac1c5cde83bc3cb72d67cbf87449fbf05dc2b&amp;width=657&amp;height=436\"},{\"@type\":\"BreadcrumbList\",\"@id\":\"https:\\\/\\\/www.accidentdutravail-idf.net\\\/blog\\\/accident-de-travail-mortel-a-lambdon\\\/#breadcrumb\",\"itemListElement\":[{\"@type\":\"ListItem\",\"position\":1,\"name\":\"Accueil\",\"item\":\"https:\\\/\\\/www.accidentdutravail-idf.net\\\/blog\\\/\"},{\"@type\":\"ListItem\",\"position\":2,\"name\":\"Accident de travail mortel \u00e0 Lambdon\"}]},{\"@type\":\"WebSite\",\"@id\":\"https:\\\/\\\/www.accidentdutravail-idf.net\\\/blog\\\/#website\",\"url\":\"https:\\\/\\\/www.accidentdutravail-idf.net\\\/blog\\\/\",\"name\":\"ACCIDENTDUTRAVAIL-IDF\",\"description\":\"Portail accidents du travail-maladies professionnelles des entreprises d&#039;Ile-de-France\",\"publisher\":{\"@id\":\"https:\\\/\\\/www.accidentdutravail-idf.net\\\/blog\\\/#organization\"},\"potentialAction\":[{\"@type\":\"SearchAction\",\"target\":{\"@type\":\"EntryPoint\",\"urlTemplate\":\"https:\\\/\\\/www.accidentdutravail-idf.net\\\/blog\\\/?s={search_term_string}\"},\"query-input\":{\"@type\":\"PropertyValueSpecification\",\"valueRequired\":true,\"valueName\":\"search_term_string\"}}],\"inLanguage\":\"fr-FR\"},{\"@type\":\"Organization\",\"@id\":\"https:\\\/\\\/www.accidentdutravail-idf.net\\\/blog\\\/#organization\",\"name\":\"accidentdutravail-idf\",\"url\":\"https:\\\/\\\/www.accidentdutravail-idf.net\\\/blog\\\/\",\"logo\":{\"@type\":\"ImageObject\",\"inLanguage\":\"fr-FR\",\"@id\":\"https:\\\/\\\/www.accidentdutravail-idf.net\\\/blog\\\/#\\\/schema\\\/logo\\\/image\\\/\",\"url\":\"https:\\\/\\\/www.accidentdutravail-idf.net\\\/blog\\\/wp-content\\\/uploads\\\/2022\\\/09\\\/logo-2.png\",\"contentUrl\":\"https:\\\/\\\/www.accidentdutravail-idf.net\\\/blog\\\/wp-content\\\/uploads\\\/2022\\\/09\\\/logo-2.png\",\"width\":380,\"height\":291,\"caption\":\"accidentdutravail-idf\"},\"image\":{\"@id\":\"https:\\\/\\\/www.accidentdutravail-idf.net\\\/blog\\\/#\\\/schema\\\/logo\\\/image\\\/\"}},{\"@type\":\"Person\",\"@id\":\"https:\\\/\\\/www.accidentdutravail-idf.net\\\/blog\\\/#\\\/schema\\\/person\\\/3255d2f970de45e64bd9201f38e7b947\",\"name\":\"Carlos Poulain\",\"image\":{\"@type\":\"ImageObject\",\"inLanguage\":\"fr-FR\",\"@id\":\"https:\\\/\\\/secure.gravatar.com\\\/avatar\\\/b1c2f9d3588e34e91adb093635df64ef4b2381991216be7576466cfcdca4baf3?s=96&d=mm&r=g\",\"url\":\"https:\\\/\\\/secure.gravatar.com\\\/avatar\\\/b1c2f9d3588e34e91adb093635df64ef4b2381991216be7576466cfcdca4baf3?s=96&d=mm&r=g\",\"contentUrl\":\"https:\\\/\\\/secure.gravatar.com\\\/avatar\\\/b1c2f9d3588e34e91adb093635df64ef4b2381991216be7576466cfcdca4baf3?s=96&d=mm&r=g\",\"caption\":\"Carlos Poulain\"},\"url\":\"https:\\\/\\\/www.accidentdutravail-idf.net\\\/blog\\\/author\\\/idfcarlos\\\/\"}]}<\/script>\n<!-- \/ Yoast SEO plugin. -->","yoast_head_json":{"title":"Accident de travail mortel \u00e0 Lambdon - ACCIDENTDUTRAVAIL-IDF","description":"Accident de travail mortel \u00e0 Lambdon article de ACCIDENTDUTRAVAIL-IDF","robots":{"index":"index","follow":"follow","max-snippet":"max-snippet:-1","max-image-preview":"max-image-preview:large","max-video-preview":"max-video-preview:-1"},"canonical":"https:\/\/www.accidentdutravail-idf.net\/blog\/accident-de-travail-mortel-a-lambdon\/","og_locale":"fr_FR","og_type":"article","og_title":"Accident de travail mortel \u00e0 Lambdon - ACCIDENTDUTRAVAIL-IDF","og_description":"Accident de travail mortel \u00e0 Lambdon article de ACCIDENTDUTRAVAIL-IDF","og_url":"https:\/\/www.accidentdutravail-idf.net\/blog\/accident-de-travail-mortel-a-lambdon\/","og_site_name":"ACCIDENTDUTRAVAIL-IDF","article_published_time":"2024-08-29T10:59:00+00:00","og_image":[{"url":"https:\/\/lescoopsdelinformation-latribune-prod.web.arc-cdn.net\/resizer\/v2\/5W5T26AAEBEANHSPH3LFHUEEXM.jpg?smart=true&amp;auth=0d22a852c7f1ff5cff53d4be1e8ac1c5cde83bc3cb72d67cbf87449fbf05dc2b&amp;width=657&amp;height=436","type":"","width":"","height":""}],"author":"Carlos Poulain","twitter_card":"summary_large_image","twitter_misc":{"\u00c9crit par":"Carlos Poulain","Dur\u00e9e de lecture estim\u00e9e":"1 minute"},"schema":{"@context":"https:\/\/schema.org","@graph":[{"@type":"Article","@id":"https:\/\/www.accidentdutravail-idf.net\/blog\/accident-de-travail-mortel-a-lambdon\/#article","isPartOf":{"@id":"https:\/\/www.accidentdutravail-idf.net\/blog\/accident-de-travail-mortel-a-lambdon\/"},"author":{"name":"Carlos Poulain","@id":"https:\/\/www.accidentdutravail-idf.net\/blog\/#\/schema\/person\/3255d2f970de45e64bd9201f38e7b947"},"headline":"Accident de travail mortel \u00e0 Lambdon","datePublished":"2024-08-29T10:59:00+00:00","mainEntityOfPage":{"@id":"https:\/\/www.accidentdutravail-idf.net\/blog\/accident-de-travail-mortel-a-lambdon\/"},"wordCount":268,"publisher":{"@id":"https:\/\/www.accidentdutravail-idf.net\/blog\/#organization"},"image":{"@id":"https:\/\/www.accidentdutravail-idf.net\/blog\/accident-de-travail-mortel-a-lambdon\/#primaryimage"},"thumbnailUrl":"https:\/\/lescoopsdelinformation-latribune-prod.web.arc-cdn.net\/resizer\/v2\/5W5T26AAEBEANHSPH3LFHUEEXM.jpg?smart=true&amp;auth=0d22a852c7f1ff5cff53d4be1e8ac1c5cde83bc3cb72d67cbf87449fbf05dc2b&amp;width=657&amp;height=436","articleSection":["S\u00e9curit\u00e9 Du Travail En Ile-De-France Et Divers:"],"inLanguage":"fr-FR"},{"@type":"WebPage","@id":"https:\/\/www.accidentdutravail-idf.net\/blog\/accident-de-travail-mortel-a-lambdon\/","url":"https:\/\/www.accidentdutravail-idf.net\/blog\/accident-de-travail-mortel-a-lambdon\/","name":"Accident de travail mortel \u00e0 Lambdon - ACCIDENTDUTRAVAIL-IDF","isPartOf":{"@id":"https:\/\/www.accidentdutravail-idf.net\/blog\/#website"},"primaryImageOfPage":{"@id":"https:\/\/www.accidentdutravail-idf.net\/blog\/accident-de-travail-mortel-a-lambdon\/#primaryimage"},"image":{"@id":"https:\/\/www.accidentdutravail-idf.net\/blog\/accident-de-travail-mortel-a-lambdon\/#primaryimage"},"thumbnailUrl":"https:\/\/lescoopsdelinformation-latribune-prod.web.arc-cdn.net\/resizer\/v2\/5W5T26AAEBEANHSPH3LFHUEEXM.jpg?smart=true&amp;auth=0d22a852c7f1ff5cff53d4be1e8ac1c5cde83bc3cb72d67cbf87449fbf05dc2b&amp;width=657&amp;height=436","datePublished":"2024-08-29T10:59:00+00:00","description":"Accident de travail mortel \u00e0 Lambdon article de ACCIDENTDUTRAVAIL-IDF","breadcrumb":{"@id":"https:\/\/www.accidentdutravail-idf.net\/blog\/accident-de-travail-mortel-a-lambdon\/#breadcrumb"},"inLanguage":"fr-FR","potentialAction":[{"@type":"ReadAction","target":["https:\/\/www.accidentdutravail-idf.net\/blog\/accident-de-travail-mortel-a-lambdon\/"]}]},{"@type":"ImageObject","inLanguage":"fr-FR","@id":"https:\/\/www.accidentdutravail-idf.net\/blog\/accident-de-travail-mortel-a-lambdon\/#primaryimage","url":"https:\/\/lescoopsdelinformation-latribune-prod.web.arc-cdn.net\/resizer\/v2\/5W5T26AAEBEANHSPH3LFHUEEXM.jpg?smart=true&amp;auth=0d22a852c7f1ff5cff53d4be1e8ac1c5cde83bc3cb72d67cbf87449fbf05dc2b&amp;width=657&amp;height=436","contentUrl":"https:\/\/lescoopsdelinformation-latribune-prod.web.arc-cdn.net\/resizer\/v2\/5W5T26AAEBEANHSPH3LFHUEEXM.jpg?smart=true&amp;auth=0d22a852c7f1ff5cff53d4be1e8ac1c5cde83bc3cb72d67cbf87449fbf05dc2b&amp;width=657&amp;height=436"},{"@type":"BreadcrumbList","@id":"https:\/\/www.accidentdutravail-idf.net\/blog\/accident-de-travail-mortel-a-lambdon\/#breadcrumb","itemListElement":[{"@type":"ListItem","position":1,"name":"Accueil","item":"https:\/\/www.accidentdutravail-idf.net\/blog\/"},{"@type":"ListItem","position":2,"name":"Accident de travail mortel \u00e0 Lambdon"}]},{"@type":"WebSite","@id":"https:\/\/www.accidentdutravail-idf.net\/blog\/#website","url":"https:\/\/www.accidentdutravail-idf.net\/blog\/","name":"ACCIDENTDUTRAVAIL-IDF","description":"Portail accidents du travail-maladies professionnelles des entreprises d&#039;Ile-de-France","publisher":{"@id":"https:\/\/www.accidentdutravail-idf.net\/blog\/#organization"},"potentialAction":[{"@type":"SearchAction","target":{"@type":"EntryPoint","urlTemplate":"https:\/\/www.accidentdutravail-idf.net\/blog\/?s={search_term_string}"},"query-input":{"@type":"PropertyValueSpecification","valueRequired":true,"valueName":"search_term_string"}}],"inLanguage":"fr-FR"},{"@type":"Organization","@id":"https:\/\/www.accidentdutravail-idf.net\/blog\/#organization","name":"accidentdutravail-idf","url":"https:\/\/www.accidentdutravail-idf.net\/blog\/","logo":{"@type":"ImageObject","inLanguage":"fr-FR","@id":"https:\/\/www.accidentdutravail-idf.net\/blog\/#\/schema\/logo\/image\/","url":"https:\/\/www.accidentdutravail-idf.net\/blog\/wp-content\/uploads\/2022\/09\/logo-2.png","contentUrl":"https:\/\/www.accidentdutravail-idf.net\/blog\/wp-content\/uploads\/2022\/09\/logo-2.png","width":380,"height":291,"caption":"accidentdutravail-idf"},"image":{"@id":"https:\/\/www.accidentdutravail-idf.net\/blog\/#\/schema\/logo\/image\/"}},{"@type":"Person","@id":"https:\/\/www.accidentdutravail-idf.net\/blog\/#\/schema\/person\/3255d2f970de45e64bd9201f38e7b947","name":"Carlos Poulain","image":{"@type":"ImageObject","inLanguage":"fr-FR","@id":"https:\/\/secure.gravatar.com\/avatar\/b1c2f9d3588e34e91adb093635df64ef4b2381991216be7576466cfcdca4baf3?s=96&d=mm&r=g","url":"https:\/\/secure.gravatar.com\/avatar\/b1c2f9d3588e34e91adb093635df64ef4b2381991216be7576466cfcdca4baf3?s=96&d=mm&r=g","contentUrl":"https:\/\/secure.gravatar.com\/avatar\/b1c2f9d3588e34e91adb093635df64ef4b2381991216be7576466cfcdca4baf3?s=96&d=mm&r=g","caption":"Carlos Poulain"},"url":"https:\/\/www.accidentdutravail-idf.net\/blog\/author\/idfcarlos\/"}]}},"_links":{"self":[{"href":"https:\/\/www.accidentdutravail-idf.net\/blog\/wp-json\/wp\/v2\/posts\/723","targetHints":{"allow":["GET"]}}],"collection":[{"href":"https:\/\/www.accidentdutravail-idf.net\/blog\/wp-json\/wp\/v2\/posts"}],"about":[{"href":"https:\/\/www.accidentdutravail-idf.net\/blog\/wp-json\/wp\/v2\/types\/post"}],"author":[{"embeddable":true,"href":"https:\/\/www.accidentdutravail-idf.net\/blog\/wp-json\/wp\/v2\/users\/2"}],"replies":[{"embeddable":true,"href":"https:\/\/www.accidentdutravail-idf.net\/blog\/wp-json\/wp\/v2\/comments?post=723"}],"version-history":[{"count":0,"href":"https:\/\/www.accidentdutravail-idf.net\/blog\/wp-json\/wp\/v2\/posts\/723\/revisions"}],"wp:attachment":[{"href":"https:\/\/www.accidentdutravail-idf.net\/blog\/wp-json\/wp\/v2\/media?parent=723"}],"wp:term":[{"taxonomy":"category","embeddable":true,"href":"https:\/\/www.accidentdutravail-idf.net\/blog\/wp-json\/wp\/v2\/categories?post=723"},{"taxonomy":"post_tag","embeddable":true,"href":"https:\/\/www.accidentdutravail-idf.net\/blog\/wp-json\/wp\/v2\/tags?post=723"}],"curies":[{"name":"wp","href":"https:\/\/api.w.org\/{rel}","templated":true}]}}