{"id":722,"date":"2024-08-29T13:22:00","date_gmt":"2024-08-29T11:22:00","guid":{"rendered":"https:\/\/www.accidentdutravail-idf.net\/blog\/la-cnesst-suspend-des-travaux-chez-groupe-nordique-apres-un-accident-de-travail\/"},"modified":"2024-08-29T13:22:00","modified_gmt":"2024-08-29T11:22:00","slug":"la-cnesst-suspend-des-travaux-chez-groupe-nordique-apres-un-accident-de-travail","status":"publish","type":"post","link":"https:\/\/www.accidentdutravail-idf.net\/blog\/la-cnesst-suspend-des-travaux-chez-groupe-nordique-apres-un-accident-de-travail\/","title":{"rendered":"La CNESST suspend des travaux chez Groupe Nordique apr\u00e8s un accident de travail"},"content":{"rendered":"<div><img decoding=\"async\" src=\"https:\/\/www.accidentdutravail-idf.net\/blog\/wp-content\/uploads\/2024\/08\/la-cnesst-suspend-des-travaux-chez-groupe-nordique-apres-un-accident-de-travail.jpg\" class=\"ff-og-image-inserted\"><\/div>\n<p class=\"sc-jbo7hw-7 bmRUOl\">Un travailleur de l\u2019entreprise Groupe Nordique a subi des blessures graves dans un accident de travail au cours de la nuit du&nbsp;9 au 10&nbsp;ao\u00fbt.<\/p>\n<p class=\"sc-jbo7hw-7 bmRUOl\">Comme r\u00e9v\u00e9l\u00e9 dans le journal <em>Le Nord-C\u00f4tier<\/em>, le travailleur a \u00e9t\u00e9 bless\u00e9 lors du d\u00e9placement d&rsquo;une chargeuse. <\/p>\n<p class=\"sc-jbo7hw-7 bmRUOl\"><q><span lang=\"fr\" title=\"Fran\u00e7ais\">Un travailleur devait installer une chargeuse \u00e0 roues sur un fardier. Il devait ensuite retirer les roues \u00e0 l\u2019aide de v\u00e9rins, commun\u00e9ment appel\u00e9s <em>jacks<\/em>. L\u2019un des v\u00e9rins a c\u00e9d\u00e9, la chargeuse a gliss\u00e9 et est tomb\u00e9e sur le travailleur<\/span><\/q>, explique la responsable aux communications de la <span aria-hidden=\"false\" class=\"sc-ajkoh9-3 gEJYmn\"><span class=\"sc-ajkoh9-4 eZAaHU\"><abbr title=\"Commission des normes, de l'\u00e9quit\u00e9, de la sant\u00e9 et de la s\u00e9curit\u00e9 du travail\">CNESST,<\/abbr><\/span><\/span> Isabelle Raymond.<\/p>\n<p class=\"sc-jbo7hw-7 bmRUOl\">Elle affirme que le travailleur a \u00e9t\u00e9 transport\u00e9 \u00e0 l\u2019h\u00f4pital et qu&rsquo;on ne craint plus pour sa vie, malgr\u00e9 ses blessures.<\/p>\n<p class=\"sc-jbo7hw-7 bmRUOl\"><q><span lang=\"fr\" title=\"Fran\u00e7ais\">L\u2019inspecteur de la <span aria-hidden=\"false\" class=\"sc-ajkoh9-3 gEJYmn\"><span class=\"sc-ajkoh9-4 eZAaHU\"><abbr title=\"Commission des normes, de l'\u00e9quit\u00e9, de la sant\u00e9 et de la s\u00e9curit\u00e9 du travail\">CNESST<\/abbr><\/span><\/span> s\u2019est pr\u00e9sent\u00e9 pour s\u2019assurer qu\u2019un tel accident ne se reproduirait pas<\/span><\/q>, continue Isabelle Raymond.<\/p>\n<aside class=\"print:hidden\">\n<div>\n<div class=\"my-10 relative w-full xs:min-h-70 sm:min-h-75 md:min-h-30\"><span class=\"absolute left-1\/2 top-1\/2 -translate-x-1\/2 -translate-y-1\/2\"><span class=\"sr-only\">Chargement en cours<\/span><\/span><\/div>\n<\/div>\n<div>\n<div class=\"my-10 relative w-full xs:min-h-70 sm:min-h-75 md:min-h-30\"><span class=\"absolute left-1\/2 top-1\/2 -translate-x-1\/2 -translate-y-1\/2\"><span class=\"sr-only\">Chargement en cours<\/span><\/span><\/div>\n<\/div>\n<\/aside>\n<p class=\"sc-jbo7hw-7 bmRUOl\">La <span aria-hidden=\"false\" class=\"sc-ajkoh9-3 gEJYmn\"><span class=\"sc-ajkoh9-4 eZAaHU\"><abbr title=\"Commission des normes, de l'\u00e9quit\u00e9, de la sant\u00e9 et de la s\u00e9curit\u00e9 du travail\">CNESST<\/abbr><\/span><\/span> a ordonn\u00e9 la suspension des travaux de chargement et de d\u00e9chargement d\u2019\u00e9quipement roulant. <q><span lang=\"fr\" title=\"Fran\u00e7ais\">[L&#8217;employeur] ne peut pas reprendre les travaux tant que les correctifs n&rsquo;auront pas \u00e9t\u00e9 apport\u00e9s.<\/span><\/q><\/p>\n<div class=\"sc-jbo7hw-4 gPWroG\">\n<div class=\"sc-7qo9rl-0 sc-7qo9rl-2 sc-7qo9rl-3 beIuXE ewufyZ kIlXvT bg-gray100\/50 light:bg-gray100\/50 dark:bg-gray999\/50\">\n<div class=\"sc-7qo9rl-4 ifXqpR\"><span aria-hidden=\"true\" class=\"sc-7qo9rl-1 kmDgOH text-gray700 light:text-gray700 dark:text-gray200\">Publicit\u00e9<\/span><\/div>\n<\/div>\n<\/div>\n<p class=\"sc-jbo7hw-7 bmRUOl\">Groupe Nordique assure collaborer avec la <span aria-hidden=\"false\" class=\"sc-ajkoh9-3 gEJYmn\"><span class=\"sc-ajkoh9-4 eZAaHU\"><abbr title=\"Commission des normes, de l'\u00e9quit\u00e9, de la sant\u00e9 et de la s\u00e9curit\u00e9 du travail\">CNESST<\/abbr><\/span><\/span>. <q><span lang=\"fr\" title=\"Fran\u00e7ais\">S\u2019il y a de meilleures pratiques \u00e0 appliquer, nous allons les mettre en place<\/span><\/q>, r\u00e9pond le directeur adjoint Jean-Christophe Legoux.<\/p>\n<p class=\"sc-jbo7hw-7 bmRUOl\">La porte-parole soul\u00e8ve par ailleurs qu\u2019aucun accident mortel n\u2019a \u00e9t\u00e9 relev\u00e9 cet \u00e9t\u00e9 dans la r\u00e9gion.<\/p>\n<p class=\"sc-jbo7hw-7 bmRUOl\"><em>D&rsquo;apr\u00e8s les informations de Paul Fontaine<\/em><\/p>\n<div class=\"framed\">\n<h2 class=\"sc-jbo7hw-5 ixA-DQR !font-display text-5 leading-5 font-bold\">\u00c0 lire aussi&nbsp;:<\/h2>\n<\/div>\n<p>accidentdutravail-idf.net vous a pr\u00e9par\u00e9 ce post qui informe du sujet \u00ab\u00a0Association Sportive Huisson-Longueville Essonne\u00a0\u00bb. La chronique se veut g\u00e9n\u00e9r\u00e9e du mieux possible. Vous pouvez utiliser les coordonn\u00e9es indiqu\u00e9es sur le site dans le but d\u2019apporter des explications sur ce post qui parle du th\u00e8me \u00ab\u00a0Association Sportive Huisson-Longueville Essonne\u00a0\u00bb. Le site accidentdutravail-idf.net a pour but de fournir diverses publications sur la th\u00e9matique Association Sportive Huisson-Longueville Essonne diffus\u00e9es sur le net. Il y aura plusieurs articles autour du sujet \u00ab\u00a0Association Sportive Huisson-Longueville Essonne\u00a0\u00bb dans quelques jours, nous vous invitons \u00e0 naviguer sur notre site web \u00e0 plusieurs reprises.<\/p>\n","protected":false},"excerpt":{"rendered":"<p>Un travailleur de l\u2019entreprise Groupe Nordique a subi des blessures graves dans un accident de travail au cours de la nuit du&nbsp;9 au 10&nbsp;ao\u00fbt. Comme r\u00e9v\u00e9l\u00e9 dans le journal Le Nord-C\u00f4tier, le travailleur a \u00e9t\u00e9 bless\u00e9 lors du d\u00e9placement d&rsquo;une chargeuse. Un travailleur devait installer une chargeuse \u00e0 roues sur un fardier. Il devait ensuite &hellip; <\/p>\n<p class=\"link-more\"><a href=\"https:\/\/www.accidentdutravail-idf.net\/blog\/la-cnesst-suspend-des-travaux-chez-groupe-nordique-apres-un-accident-de-travail\/\" class=\"more-link\">Continuer la lecture <span class=\"screen-reader-text\"> \u00ab\u00a0La CNESST suspend des travaux chez Groupe Nordique apr\u00e8s un accident de travail\u00a0\u00bb<\/span><\/a><\/p>\n","protected":false},"author":2,"featured_media":0,"comment_status":"closed","ping_status":"closed","sticky":false,"template":"","format":"standard","meta":{"footnotes":""},"categories":[5],"tags":[],"class_list":["post-722","post","type-post","status-publish","format-standard","hentry","category-securite-du-travail-en-ile-de-france-et-divers","entry"],"yoast_head":"<!-- This site is optimized with the Yoast SEO plugin v27.5 - https:\/\/yoast.com\/product\/yoast-seo-wordpress\/ -->\n<title>La CNESST suspend des travaux chez Groupe Nordique apr\u00e8s un accident de travail - ACCIDENTDUTRAVAIL-IDF<\/title>\n<meta name=\"description\" content=\"La CNESST suspend des travaux chez Groupe Nordique apr\u00e8s un accident de travail article de ACCIDENTDUTRAVAIL-IDF\" \/>\n<meta name=\"robots\" content=\"index, follow, max-snippet:-1, max-image-preview:large, max-video-preview:-1\" \/>\n<link rel=\"canonical\" href=\"https:\/\/www.accidentdutravail-idf.net\/blog\/la-cnesst-suspend-des-travaux-chez-groupe-nordique-apres-un-accident-de-travail\/\" \/>\n<meta property=\"og:locale\" content=\"fr_FR\" \/>\n<meta property=\"og:type\" content=\"article\" \/>\n<meta property=\"og:title\" content=\"La CNESST suspend des travaux chez Groupe Nordique apr\u00e8s un accident de travail - ACCIDENTDUTRAVAIL-IDF\" \/>\n<meta property=\"og:description\" content=\"La CNESST suspend des travaux chez Groupe Nordique apr\u00e8s un accident de travail article de ACCIDENTDUTRAVAIL-IDF\" \/>\n<meta property=\"og:url\" content=\"https:\/\/www.accidentdutravail-idf.net\/blog\/la-cnesst-suspend-des-travaux-chez-groupe-nordique-apres-un-accident-de-travail\/\" \/>\n<meta property=\"og:site_name\" content=\"ACCIDENTDUTRAVAIL-IDF\" \/>\n<meta property=\"article:published_time\" content=\"2024-08-29T11:22:00+00:00\" \/>\n<meta property=\"og:image\" content=\"https:\/\/www.accidentdutravail-idf.net\/blog\/wp-content\/uploads\/2024\/08\/la-cnesst-suspend-des-travaux-chez-groupe-nordique-apres-un-accident-de-travail.jpg\" \/>\n<meta name=\"author\" content=\"Carlos Poulain\" \/>\n<meta name=\"twitter:card\" content=\"summary_large_image\" \/>\n<meta name=\"twitter:label1\" content=\"\u00c9crit par\" \/>\n\t<meta name=\"twitter:data1\" content=\"Carlos Poulain\" \/>\n\t<meta name=\"twitter:label2\" content=\"Dur\u00e9e de lecture estim\u00e9e\" \/>\n\t<meta name=\"twitter:data2\" content=\"2 minutes\" \/>\n<script type=\"application\/ld+json\" class=\"yoast-schema-graph\">{\"@context\":\"https:\\\/\\\/schema.org\",\"@graph\":[{\"@type\":\"Article\",\"@id\":\"https:\\\/\\\/www.accidentdutravail-idf.net\\\/blog\\\/la-cnesst-suspend-des-travaux-chez-groupe-nordique-apres-un-accident-de-travail\\\/#article\",\"isPartOf\":{\"@id\":\"https:\\\/\\\/www.accidentdutravail-idf.net\\\/blog\\\/la-cnesst-suspend-des-travaux-chez-groupe-nordique-apres-un-accident-de-travail\\\/\"},\"author\":{\"name\":\"Carlos Poulain\",\"@id\":\"https:\\\/\\\/www.accidentdutravail-idf.net\\\/blog\\\/#\\\/schema\\\/person\\\/3255d2f970de45e64bd9201f38e7b947\"},\"headline\":\"La CNESST suspend des travaux chez Groupe Nordique apr\u00e8s un accident de travail\",\"datePublished\":\"2024-08-29T11:22:00+00:00\",\"mainEntityOfPage\":{\"@id\":\"https:\\\/\\\/www.accidentdutravail-idf.net\\\/blog\\\/la-cnesst-suspend-des-travaux-chez-groupe-nordique-apres-un-accident-de-travail\\\/\"},\"wordCount\":367,\"publisher\":{\"@id\":\"https:\\\/\\\/www.accidentdutravail-idf.net\\\/blog\\\/#organization\"},\"image\":{\"@id\":\"https:\\\/\\\/www.accidentdutravail-idf.net\\\/blog\\\/la-cnesst-suspend-des-travaux-chez-groupe-nordique-apres-un-accident-de-travail\\\/#primaryimage\"},\"thumbnailUrl\":\"https:\\\/\\\/www.accidentdutravail-idf.net\\\/blog\\\/wp-content\\\/uploads\\\/2024\\\/08\\\/la-cnesst-suspend-des-travaux-chez-groupe-nordique-apres-un-accident-de-travail.jpg\",\"articleSection\":[\"S\u00e9curit\u00e9 Du Travail En Ile-De-France Et Divers:\"],\"inLanguage\":\"fr-FR\"},{\"@type\":\"WebPage\",\"@id\":\"https:\\\/\\\/www.accidentdutravail-idf.net\\\/blog\\\/la-cnesst-suspend-des-travaux-chez-groupe-nordique-apres-un-accident-de-travail\\\/\",\"url\":\"https:\\\/\\\/www.accidentdutravail-idf.net\\\/blog\\\/la-cnesst-suspend-des-travaux-chez-groupe-nordique-apres-un-accident-de-travail\\\/\",\"name\":\"La CNESST suspend des travaux chez Groupe Nordique apr\u00e8s un accident de travail - ACCIDENTDUTRAVAIL-IDF\",\"isPartOf\":{\"@id\":\"https:\\\/\\\/www.accidentdutravail-idf.net\\\/blog\\\/#website\"},\"primaryImageOfPage\":{\"@id\":\"https:\\\/\\\/www.accidentdutravail-idf.net\\\/blog\\\/la-cnesst-suspend-des-travaux-chez-groupe-nordique-apres-un-accident-de-travail\\\/#primaryimage\"},\"image\":{\"@id\":\"https:\\\/\\\/www.accidentdutravail-idf.net\\\/blog\\\/la-cnesst-suspend-des-travaux-chez-groupe-nordique-apres-un-accident-de-travail\\\/#primaryimage\"},\"thumbnailUrl\":\"https:\\\/\\\/www.accidentdutravail-idf.net\\\/blog\\\/wp-content\\\/uploads\\\/2024\\\/08\\\/la-cnesst-suspend-des-travaux-chez-groupe-nordique-apres-un-accident-de-travail.jpg\",\"datePublished\":\"2024-08-29T11:22:00+00:00\",\"description\":\"La CNESST suspend des travaux chez Groupe Nordique apr\u00e8s un accident de travail article de ACCIDENTDUTRAVAIL-IDF\",\"breadcrumb\":{\"@id\":\"https:\\\/\\\/www.accidentdutravail-idf.net\\\/blog\\\/la-cnesst-suspend-des-travaux-chez-groupe-nordique-apres-un-accident-de-travail\\\/#breadcrumb\"},\"inLanguage\":\"fr-FR\",\"potentialAction\":[{\"@type\":\"ReadAction\",\"target\":[\"https:\\\/\\\/www.accidentdutravail-idf.net\\\/blog\\\/la-cnesst-suspend-des-travaux-chez-groupe-nordique-apres-un-accident-de-travail\\\/\"]}]},{\"@type\":\"ImageObject\",\"inLanguage\":\"fr-FR\",\"@id\":\"https:\\\/\\\/www.accidentdutravail-idf.net\\\/blog\\\/la-cnesst-suspend-des-travaux-chez-groupe-nordique-apres-un-accident-de-travail\\\/#primaryimage\",\"url\":\"https:\\\/\\\/www.accidentdutravail-idf.net\\\/blog\\\/wp-content\\\/uploads\\\/2024\\\/08\\\/la-cnesst-suspend-des-travaux-chez-groupe-nordique-apres-un-accident-de-travail.jpg\",\"contentUrl\":\"https:\\\/\\\/www.accidentdutravail-idf.net\\\/blog\\\/wp-content\\\/uploads\\\/2024\\\/08\\\/la-cnesst-suspend-des-travaux-chez-groupe-nordique-apres-un-accident-de-travail.jpg\"},{\"@type\":\"BreadcrumbList\",\"@id\":\"https:\\\/\\\/www.accidentdutravail-idf.net\\\/blog\\\/la-cnesst-suspend-des-travaux-chez-groupe-nordique-apres-un-accident-de-travail\\\/#breadcrumb\",\"itemListElement\":[{\"@type\":\"ListItem\",\"position\":1,\"name\":\"Accueil\",\"item\":\"https:\\\/\\\/www.accidentdutravail-idf.net\\\/blog\\\/\"},{\"@type\":\"ListItem\",\"position\":2,\"name\":\"La CNESST suspend des travaux chez Groupe Nordique apr\u00e8s un accident de travail\"}]},{\"@type\":\"WebSite\",\"@id\":\"https:\\\/\\\/www.accidentdutravail-idf.net\\\/blog\\\/#website\",\"url\":\"https:\\\/\\\/www.accidentdutravail-idf.net\\\/blog\\\/\",\"name\":\"ACCIDENTDUTRAVAIL-IDF\",\"description\":\"Portail accidents du travail-maladies professionnelles des entreprises d&#039;Ile-de-France\",\"publisher\":{\"@id\":\"https:\\\/\\\/www.accidentdutravail-idf.net\\\/blog\\\/#organization\"},\"potentialAction\":[{\"@type\":\"SearchAction\",\"target\":{\"@type\":\"EntryPoint\",\"urlTemplate\":\"https:\\\/\\\/www.accidentdutravail-idf.net\\\/blog\\\/?s={search_term_string}\"},\"query-input\":{\"@type\":\"PropertyValueSpecification\",\"valueRequired\":true,\"valueName\":\"search_term_string\"}}],\"inLanguage\":\"fr-FR\"},{\"@type\":\"Organization\",\"@id\":\"https:\\\/\\\/www.accidentdutravail-idf.net\\\/blog\\\/#organization\",\"name\":\"accidentdutravail-idf\",\"url\":\"https:\\\/\\\/www.accidentdutravail-idf.net\\\/blog\\\/\",\"logo\":{\"@type\":\"ImageObject\",\"inLanguage\":\"fr-FR\",\"@id\":\"https:\\\/\\\/www.accidentdutravail-idf.net\\\/blog\\\/#\\\/schema\\\/logo\\\/image\\\/\",\"url\":\"https:\\\/\\\/www.accidentdutravail-idf.net\\\/blog\\\/wp-content\\\/uploads\\\/2022\\\/09\\\/logo-2.png\",\"contentUrl\":\"https:\\\/\\\/www.accidentdutravail-idf.net\\\/blog\\\/wp-content\\\/uploads\\\/2022\\\/09\\\/logo-2.png\",\"width\":380,\"height\":291,\"caption\":\"accidentdutravail-idf\"},\"image\":{\"@id\":\"https:\\\/\\\/www.accidentdutravail-idf.net\\\/blog\\\/#\\\/schema\\\/logo\\\/image\\\/\"}},{\"@type\":\"Person\",\"@id\":\"https:\\\/\\\/www.accidentdutravail-idf.net\\\/blog\\\/#\\\/schema\\\/person\\\/3255d2f970de45e64bd9201f38e7b947\",\"name\":\"Carlos Poulain\",\"image\":{\"@type\":\"ImageObject\",\"inLanguage\":\"fr-FR\",\"@id\":\"https:\\\/\\\/secure.gravatar.com\\\/avatar\\\/b1c2f9d3588e34e91adb093635df64ef4b2381991216be7576466cfcdca4baf3?s=96&d=mm&r=g\",\"url\":\"https:\\\/\\\/secure.gravatar.com\\\/avatar\\\/b1c2f9d3588e34e91adb093635df64ef4b2381991216be7576466cfcdca4baf3?s=96&d=mm&r=g\",\"contentUrl\":\"https:\\\/\\\/secure.gravatar.com\\\/avatar\\\/b1c2f9d3588e34e91adb093635df64ef4b2381991216be7576466cfcdca4baf3?s=96&d=mm&r=g\",\"caption\":\"Carlos Poulain\"},\"url\":\"https:\\\/\\\/www.accidentdutravail-idf.net\\\/blog\\\/author\\\/idfcarlos\\\/\"}]}<\/script>\n<!-- \/ Yoast SEO plugin. -->","yoast_head_json":{"title":"La CNESST suspend des travaux chez Groupe Nordique apr\u00e8s un accident de travail - ACCIDENTDUTRAVAIL-IDF","description":"La CNESST suspend des travaux chez Groupe Nordique apr\u00e8s un accident de travail article de ACCIDENTDUTRAVAIL-IDF","robots":{"index":"index","follow":"follow","max-snippet":"max-snippet:-1","max-image-preview":"max-image-preview:large","max-video-preview":"max-video-preview:-1"},"canonical":"https:\/\/www.accidentdutravail-idf.net\/blog\/la-cnesst-suspend-des-travaux-chez-groupe-nordique-apres-un-accident-de-travail\/","og_locale":"fr_FR","og_type":"article","og_title":"La CNESST suspend des travaux chez Groupe Nordique apr\u00e8s un accident de travail - ACCIDENTDUTRAVAIL-IDF","og_description":"La CNESST suspend des travaux chez Groupe Nordique apr\u00e8s un accident de travail article de ACCIDENTDUTRAVAIL-IDF","og_url":"https:\/\/www.accidentdutravail-idf.net\/blog\/la-cnesst-suspend-des-travaux-chez-groupe-nordique-apres-un-accident-de-travail\/","og_site_name":"ACCIDENTDUTRAVAIL-IDF","article_published_time":"2024-08-29T11:22:00+00:00","og_image":[{"url":"https:\/\/www.accidentdutravail-idf.net\/blog\/wp-content\/uploads\/2024\/08\/la-cnesst-suspend-des-travaux-chez-groupe-nordique-apres-un-accident-de-travail.jpg","type":"","width":"","height":""}],"author":"Carlos Poulain","twitter_card":"summary_large_image","twitter_misc":{"\u00c9crit par":"Carlos Poulain","Dur\u00e9e de lecture estim\u00e9e":"2 minutes"},"schema":{"@context":"https:\/\/schema.org","@graph":[{"@type":"Article","@id":"https:\/\/www.accidentdutravail-idf.net\/blog\/la-cnesst-suspend-des-travaux-chez-groupe-nordique-apres-un-accident-de-travail\/#article","isPartOf":{"@id":"https:\/\/www.accidentdutravail-idf.net\/blog\/la-cnesst-suspend-des-travaux-chez-groupe-nordique-apres-un-accident-de-travail\/"},"author":{"name":"Carlos Poulain","@id":"https:\/\/www.accidentdutravail-idf.net\/blog\/#\/schema\/person\/3255d2f970de45e64bd9201f38e7b947"},"headline":"La CNESST suspend des travaux chez Groupe Nordique apr\u00e8s un accident de travail","datePublished":"2024-08-29T11:22:00+00:00","mainEntityOfPage":{"@id":"https:\/\/www.accidentdutravail-idf.net\/blog\/la-cnesst-suspend-des-travaux-chez-groupe-nordique-apres-un-accident-de-travail\/"},"wordCount":367,"publisher":{"@id":"https:\/\/www.accidentdutravail-idf.net\/blog\/#organization"},"image":{"@id":"https:\/\/www.accidentdutravail-idf.net\/blog\/la-cnesst-suspend-des-travaux-chez-groupe-nordique-apres-un-accident-de-travail\/#primaryimage"},"thumbnailUrl":"https:\/\/www.accidentdutravail-idf.net\/blog\/wp-content\/uploads\/2024\/08\/la-cnesst-suspend-des-travaux-chez-groupe-nordique-apres-un-accident-de-travail.jpg","articleSection":["S\u00e9curit\u00e9 Du Travail En Ile-De-France Et Divers:"],"inLanguage":"fr-FR"},{"@type":"WebPage","@id":"https:\/\/www.accidentdutravail-idf.net\/blog\/la-cnesst-suspend-des-travaux-chez-groupe-nordique-apres-un-accident-de-travail\/","url":"https:\/\/www.accidentdutravail-idf.net\/blog\/la-cnesst-suspend-des-travaux-chez-groupe-nordique-apres-un-accident-de-travail\/","name":"La CNESST suspend des travaux chez Groupe Nordique apr\u00e8s un accident de travail - ACCIDENTDUTRAVAIL-IDF","isPartOf":{"@id":"https:\/\/www.accidentdutravail-idf.net\/blog\/#website"},"primaryImageOfPage":{"@id":"https:\/\/www.accidentdutravail-idf.net\/blog\/la-cnesst-suspend-des-travaux-chez-groupe-nordique-apres-un-accident-de-travail\/#primaryimage"},"image":{"@id":"https:\/\/www.accidentdutravail-idf.net\/blog\/la-cnesst-suspend-des-travaux-chez-groupe-nordique-apres-un-accident-de-travail\/#primaryimage"},"thumbnailUrl":"https:\/\/www.accidentdutravail-idf.net\/blog\/wp-content\/uploads\/2024\/08\/la-cnesst-suspend-des-travaux-chez-groupe-nordique-apres-un-accident-de-travail.jpg","datePublished":"2024-08-29T11:22:00+00:00","description":"La CNESST suspend des travaux chez Groupe Nordique apr\u00e8s un accident de travail article de ACCIDENTDUTRAVAIL-IDF","breadcrumb":{"@id":"https:\/\/www.accidentdutravail-idf.net\/blog\/la-cnesst-suspend-des-travaux-chez-groupe-nordique-apres-un-accident-de-travail\/#breadcrumb"},"inLanguage":"fr-FR","potentialAction":[{"@type":"ReadAction","target":["https:\/\/www.accidentdutravail-idf.net\/blog\/la-cnesst-suspend-des-travaux-chez-groupe-nordique-apres-un-accident-de-travail\/"]}]},{"@type":"ImageObject","inLanguage":"fr-FR","@id":"https:\/\/www.accidentdutravail-idf.net\/blog\/la-cnesst-suspend-des-travaux-chez-groupe-nordique-apres-un-accident-de-travail\/#primaryimage","url":"https:\/\/www.accidentdutravail-idf.net\/blog\/wp-content\/uploads\/2024\/08\/la-cnesst-suspend-des-travaux-chez-groupe-nordique-apres-un-accident-de-travail.jpg","contentUrl":"https:\/\/www.accidentdutravail-idf.net\/blog\/wp-content\/uploads\/2024\/08\/la-cnesst-suspend-des-travaux-chez-groupe-nordique-apres-un-accident-de-travail.jpg"},{"@type":"BreadcrumbList","@id":"https:\/\/www.accidentdutravail-idf.net\/blog\/la-cnesst-suspend-des-travaux-chez-groupe-nordique-apres-un-accident-de-travail\/#breadcrumb","itemListElement":[{"@type":"ListItem","position":1,"name":"Accueil","item":"https:\/\/www.accidentdutravail-idf.net\/blog\/"},{"@type":"ListItem","position":2,"name":"La CNESST suspend des travaux chez Groupe Nordique apr\u00e8s un accident de travail"}]},{"@type":"WebSite","@id":"https:\/\/www.accidentdutravail-idf.net\/blog\/#website","url":"https:\/\/www.accidentdutravail-idf.net\/blog\/","name":"ACCIDENTDUTRAVAIL-IDF","description":"Portail accidents du travail-maladies professionnelles des entreprises d&#039;Ile-de-France","publisher":{"@id":"https:\/\/www.accidentdutravail-idf.net\/blog\/#organization"},"potentialAction":[{"@type":"SearchAction","target":{"@type":"EntryPoint","urlTemplate":"https:\/\/www.accidentdutravail-idf.net\/blog\/?s={search_term_string}"},"query-input":{"@type":"PropertyValueSpecification","valueRequired":true,"valueName":"search_term_string"}}],"inLanguage":"fr-FR"},{"@type":"Organization","@id":"https:\/\/www.accidentdutravail-idf.net\/blog\/#organization","name":"accidentdutravail-idf","url":"https:\/\/www.accidentdutravail-idf.net\/blog\/","logo":{"@type":"ImageObject","inLanguage":"fr-FR","@id":"https:\/\/www.accidentdutravail-idf.net\/blog\/#\/schema\/logo\/image\/","url":"https:\/\/www.accidentdutravail-idf.net\/blog\/wp-content\/uploads\/2022\/09\/logo-2.png","contentUrl":"https:\/\/www.accidentdutravail-idf.net\/blog\/wp-content\/uploads\/2022\/09\/logo-2.png","width":380,"height":291,"caption":"accidentdutravail-idf"},"image":{"@id":"https:\/\/www.accidentdutravail-idf.net\/blog\/#\/schema\/logo\/image\/"}},{"@type":"Person","@id":"https:\/\/www.accidentdutravail-idf.net\/blog\/#\/schema\/person\/3255d2f970de45e64bd9201f38e7b947","name":"Carlos Poulain","image":{"@type":"ImageObject","inLanguage":"fr-FR","@id":"https:\/\/secure.gravatar.com\/avatar\/b1c2f9d3588e34e91adb093635df64ef4b2381991216be7576466cfcdca4baf3?s=96&d=mm&r=g","url":"https:\/\/secure.gravatar.com\/avatar\/b1c2f9d3588e34e91adb093635df64ef4b2381991216be7576466cfcdca4baf3?s=96&d=mm&r=g","contentUrl":"https:\/\/secure.gravatar.com\/avatar\/b1c2f9d3588e34e91adb093635df64ef4b2381991216be7576466cfcdca4baf3?s=96&d=mm&r=g","caption":"Carlos Poulain"},"url":"https:\/\/www.accidentdutravail-idf.net\/blog\/author\/idfcarlos\/"}]}},"_links":{"self":[{"href":"https:\/\/www.accidentdutravail-idf.net\/blog\/wp-json\/wp\/v2\/posts\/722","targetHints":{"allow":["GET"]}}],"collection":[{"href":"https:\/\/www.accidentdutravail-idf.net\/blog\/wp-json\/wp\/v2\/posts"}],"about":[{"href":"https:\/\/www.accidentdutravail-idf.net\/blog\/wp-json\/wp\/v2\/types\/post"}],"author":[{"embeddable":true,"href":"https:\/\/www.accidentdutravail-idf.net\/blog\/wp-json\/wp\/v2\/users\/2"}],"replies":[{"embeddable":true,"href":"https:\/\/www.accidentdutravail-idf.net\/blog\/wp-json\/wp\/v2\/comments?post=722"}],"version-history":[{"count":0,"href":"https:\/\/www.accidentdutravail-idf.net\/blog\/wp-json\/wp\/v2\/posts\/722\/revisions"}],"wp:attachment":[{"href":"https:\/\/www.accidentdutravail-idf.net\/blog\/wp-json\/wp\/v2\/media?parent=722"}],"wp:term":[{"taxonomy":"category","embeddable":true,"href":"https:\/\/www.accidentdutravail-idf.net\/blog\/wp-json\/wp\/v2\/categories?post=722"},{"taxonomy":"post_tag","embeddable":true,"href":"https:\/\/www.accidentdutravail-idf.net\/blog\/wp-json\/wp\/v2\/tags?post=722"}],"curies":[{"name":"wp","href":"https:\/\/api.w.org\/{rel}","templated":true}]}}