{"id":715,"date":"2024-08-29T09:23:00","date_gmt":"2024-08-29T07:23:00","guid":{"rendered":"https:\/\/www.accidentdutravail-idf.net\/blog\/gendarme-tue-a-mougins-lhumanite-deplore-un-mort-au-travail-et-fait-scandale\/"},"modified":"2024-08-29T09:23:00","modified_gmt":"2024-08-29T07:23:00","slug":"gendarme-tue-a-mougins-lhumanite-deplore-un-mort-au-travail-et-fait-scandale","status":"publish","type":"post","link":"https:\/\/www.accidentdutravail-idf.net\/blog\/gendarme-tue-a-mougins-lhumanite-deplore-un-mort-au-travail-et-fait-scandale\/","title":{"rendered":"Gendarme tu\u00e9 \u00e0 Mougins : L\u2019Humanit\u00e9 d\u00e9plore \u00ab un mort au travail \u00bb et fait scandale"},"content":{"rendered":"<p>   <title>Gendarme tu\u00e9 \u00e0 Mougins : L&rsquo;Humanit\u00e9 d\u00e9plore \u00ab un mort au travail \u00bb et fait scandale &#8211; Valeurs actuelles<\/title>            <!-- Google Tag Manager --> <!-- End Google Tag Manager --> <\/p>\n<p> <!-- This site is optimized with the Yoast SEO Premium plugin v18.9 (Yoast SEO v22.3) - https:\/\/yoast.com\/wordpress\/plugins\/seo\/ -->                       <!-- \/ Yoast SEO Premium plugin. -->  <\/p>\n<p> <!-- HEAD esi --><br \/>\n<!-- Page cache id ESI HEADER 66d094e00699a --><!-- \/HEAD esi --> <!-- Meta Pixel Code --> &lt;!&#8211;  !function(f,b,e,v,n,t,s) {if(f.fbq)return;n=f.fbq=function(){n.callMethod? n.callMethod.apply(n,arguments):n.queue.push(arguments)}; if(!f._fbq)f._fbq=n;n.push=n;n.loaded=!0;n.version=&rsquo;2.0&prime;; n.queue=[];}(window, document,&rsquo;script&rsquo;, &lsquo;https:\/\/connect.facebook.net\/en_US\/fbevents.js&rsquo;); fbq(&lsquo;init&rsquo;, &lsquo;6421915851270668&rsquo;); fbq(&lsquo;track&rsquo;, &lsquo;PageView&rsquo;);  &#8211;&gt; <!-- End Meta Pixel Code --> <!-- Below is a recommended list of pre-connections, which allow the network to establish each connection quicker, speeding up response times and improving ad performance. -->        <!-- Below is a link to a CSS file that accounts for Cumulative Layout Shift, a new Core Web Vitals subset that Google uses to help rank your site in search --> <!-- The file is intended to eliminate the layout shifts that are seen when ads load into the page. If you don't want to use this, simply remove this file --> <!-- To find out more about CLS, visit https:\/\/web.dev\/vitals\/ -->   <!-- Tag ID: valeursactuelles_incontent_articles --> <main class=\"main-post \"> <\/p>\n<nav class=\"breadcrumb\" aria-label=\"Breadcrumb\">\n<div class=\"grid\"><span><span><a href=\"https:\/\/www.valeursactuelles.com\/\" target=\"_blank\" rel=\"nofollow\">Accueil<\/a><\/span> \u00bb <span><a href=\"https:\/\/www.valeursactuelles.com\/societe\" target=\"_blank\" rel=\"nofollow\">Soci\u00e9t\u00e9<\/a><\/span> \u00bb <span class=\"breadcrumb_last\" aria-current=\"page\">Gendarme tu\u00e9 \u00e0 Mougins : L\u2019Humanit\u00e9 d\u00e9plore \u00ab un mort au travail \u00bb et fait scandale<\/span><\/span><\/div>\n<\/nav>\n<section class=\"content\"> <\/section>\n<p> <!-- Composite Start --> <!-- Composite End --> <!-- BLOC STORE --> <\/p>\n<section class=\"b-store\">\n<div class=\"grid\">\n<h2 class=\"b-store__title\">la boutique <img decoding=\"async\" class=\"lazy\" src=\"https:\/\/www.valeursactuelles.com\/assets\/themes\/krea-theme\/images\/valeurs-actuelles-yellow.svg\" title=\"Valeurs actuelles\"><\/h2>\n<div class=\"b-store__carousel storeCarousel\">\n<article class=\"card-product stretched-link\">\n<div class=\"card-product__thumbnail\"> <img decoding=\"async\" class=\"lazy\" src=\"https:\/\/www.accidentdutravail-idf.net\/blog\/wp-content\/uploads\/2024\/08\/gendarme-tue-a-mougins-lhumanite-deplore-un-mort-au-travail-et-fait-scandale.jpg\"> <\/div>\n<p> <span class=\"card-product__btn btn btn--yellow\">Voir le produit<\/span> <\/article>\n<article class=\"card-product stretched-link\">\n<div class=\"card-product__thumbnail\"> <img decoding=\"async\" class=\"lazy\" src=\"https:\/\/www.accidentdutravail-idf.net\/blog\/wp-content\/uploads\/2024\/08\/gendarme-tue-a-mougins-lhumanite-deplore-un-mort-au-travail-et-fait-scandale-1.jpg\"> <\/div>\n<p> <span class=\"card-product__btn btn btn--yellow\">Voir le produit<\/span> <\/article>\n<article class=\"card-product stretched-link\">\n<div class=\"card-product__thumbnail\"> <img decoding=\"async\" class=\"lazy\" src=\"https:\/\/www.accidentdutravail-idf.net\/blog\/wp-content\/uploads\/2024\/08\/gendarme-tue-a-mougins-lhumanite-deplore-un-mort-au-travail-et-fait-scandale-2.jpg\"> <\/div>\n<p> <span class=\"card-product__btn btn btn--yellow\">Voir le produit<\/span> <\/article>\n<\/p><\/div>\n<\/p><\/div>\n<\/section>\n<p> <\/main> <!-- FOOTER esi --> <!-- Page cache id ESI FOOTER 66d094e185cf3 --><!-- \/FOOTER esi --> <!-- Page cache id 66d094f1b711d -->  <!--\nPerformance optimized by W3 Total Cache. Learn more: https:\/\/www.boldgrid.com\/w3-total-cache\/ Mise en cache objet de 176\/199 objets utilisant redis\nLazy Loading\nMise en cache de base de donn\u00e9es 24\/32 requ\u00eates dans 0.060 secondes utilisant redis\nDatabase cluster enabled Served from: www.valeursactuelles.com @ 2024-08-29 17:34:09 by W3 Total Cache\n-->accidentdutravail-idf.net vous a pr\u00e9par\u00e9 ce post qui informe du sujet \u00ab\u00a0Association Sportive Huisson-Longueville Essonne\u00a0\u00bb. La chronique se veut g\u00e9n\u00e9r\u00e9e du mieux possible. Vous pouvez utiliser les coordonn\u00e9es indiqu\u00e9es sur le site dans le but d\u2019apporter des explications sur ce post qui parle du th\u00e8me \u00ab\u00a0Association Sportive Huisson-Longueville Essonne\u00a0\u00bb. Le site accidentdutravail-idf.net a pour but de fournir diverses publications sur la th\u00e9matique Association Sportive Huisson-Longueville Essonne diffus\u00e9es sur le net. Il y aura plusieurs articles autour du sujet \u00ab\u00a0Association Sportive Huisson-Longueville Essonne\u00a0\u00bb dans quelques jours, nous vous invitons \u00e0 naviguer sur notre site web \u00e0 plusieurs reprises.<\/p>\n","protected":false},"excerpt":{"rendered":"<p>Gendarme tu\u00e9 \u00e0 Mougins : L&rsquo;Humanit\u00e9 d\u00e9plore \u00ab un mort au travail \u00bb et fait scandale &#8211; Valeurs actuelles &lt;!&#8211; !function(f,b,e,v,n,t,s) {if(f.fbq)return;n=f.fbq=function(){n.callMethod? n.callMethod.apply(n,arguments):n.queue.push(arguments)}; if(!f._fbq)f._fbq=n;n.push=n;n.loaded=!0;n.version=&rsquo;2.0&prime;; n.queue=[];}(window, document,&rsquo;script&rsquo;, &lsquo;https:\/\/connect.facebook.net\/en_US\/fbevents.js&rsquo;); fbq(&lsquo;init&rsquo;, &lsquo;6421915851270668&rsquo;); fbq(&lsquo;track&rsquo;, &lsquo;PageView&rsquo;); &#8211;&gt; Accueil \u00bb Soci\u00e9t\u00e9 \u00bb Gendarme tu\u00e9 \u00e0 Mougins : L\u2019Humanit\u00e9 d\u00e9plore \u00ab un mort au travail \u00bb et fait scandale la boutique Voir &hellip; <\/p>\n<p class=\"link-more\"><a href=\"https:\/\/www.accidentdutravail-idf.net\/blog\/gendarme-tue-a-mougins-lhumanite-deplore-un-mort-au-travail-et-fait-scandale\/\" class=\"more-link\">Continuer la lecture <span class=\"screen-reader-text\"> \u00ab\u00a0Gendarme tu\u00e9 \u00e0 Mougins : L\u2019Humanit\u00e9 d\u00e9plore \u00ab un mort au travail \u00bb et fait scandale\u00a0\u00bb<\/span><\/a><\/p>\n","protected":false},"author":2,"featured_media":0,"comment_status":"closed","ping_status":"closed","sticky":false,"template":"","format":"standard","meta":{"footnotes":""},"categories":[5],"tags":[],"class_list":["post-715","post","type-post","status-publish","format-standard","hentry","category-securite-du-travail-en-ile-de-france-et-divers","entry"],"yoast_head":"<!-- This site is optimized with the Yoast SEO plugin v27.5 - https:\/\/yoast.com\/product\/yoast-seo-wordpress\/ -->\n<title>Gendarme tu\u00e9 \u00e0 Mougins : L\u2019Humanit\u00e9 d\u00e9plore \u00ab un mort au travail \u00bb et fait scandale - ACCIDENTDUTRAVAIL-IDF<\/title>\n<meta name=\"description\" content=\"Gendarme tu\u00e9 \u00e0 Mougins : L\u2019Humanit\u00e9 d\u00e9plore \u00ab un mort au travail \u00bb et fait scandale article de ACCIDENTDUTRAVAIL-IDF\" \/>\n<meta name=\"robots\" content=\"index, follow, max-snippet:-1, max-image-preview:large, max-video-preview:-1\" \/>\n<link rel=\"canonical\" href=\"https:\/\/www.accidentdutravail-idf.net\/blog\/gendarme-tue-a-mougins-lhumanite-deplore-un-mort-au-travail-et-fait-scandale\/\" \/>\n<meta property=\"og:locale\" content=\"fr_FR\" \/>\n<meta property=\"og:type\" content=\"article\" \/>\n<meta property=\"og:title\" content=\"Gendarme tu\u00e9 \u00e0 Mougins : L\u2019Humanit\u00e9 d\u00e9plore \u00ab un mort au travail \u00bb et fait scandale - ACCIDENTDUTRAVAIL-IDF\" \/>\n<meta property=\"og:description\" content=\"Gendarme tu\u00e9 \u00e0 Mougins : L\u2019Humanit\u00e9 d\u00e9plore \u00ab un mort au travail \u00bb et fait scandale article de ACCIDENTDUTRAVAIL-IDF\" \/>\n<meta property=\"og:url\" content=\"https:\/\/www.accidentdutravail-idf.net\/blog\/gendarme-tue-a-mougins-lhumanite-deplore-un-mort-au-travail-et-fait-scandale\/\" \/>\n<meta property=\"og:site_name\" content=\"ACCIDENTDUTRAVAIL-IDF\" \/>\n<meta property=\"article:published_time\" content=\"2024-08-29T07:23:00+00:00\" \/>\n<meta property=\"og:image\" content=\"https:\/\/www.valeursactuelles.com\/assets\/themes\/krea-theme\/images\/valeurs-actuelles-yellow.svg\" \/>\n<meta name=\"author\" content=\"Carlos Poulain\" \/>\n<meta name=\"twitter:card\" content=\"summary_large_image\" \/>\n<meta name=\"twitter:label1\" content=\"\u00c9crit par\" \/>\n\t<meta name=\"twitter:data1\" content=\"Carlos Poulain\" \/>\n\t<meta name=\"twitter:label2\" content=\"Dur\u00e9e de lecture estim\u00e9e\" \/>\n\t<meta name=\"twitter:data2\" content=\"1 minute\" \/>\n<script type=\"application\/ld+json\" class=\"yoast-schema-graph\">{\"@context\":\"https:\\\/\\\/schema.org\",\"@graph\":[{\"@type\":\"Article\",\"@id\":\"https:\\\/\\\/www.accidentdutravail-idf.net\\\/blog\\\/gendarme-tue-a-mougins-lhumanite-deplore-un-mort-au-travail-et-fait-scandale\\\/#article\",\"isPartOf\":{\"@id\":\"https:\\\/\\\/www.accidentdutravail-idf.net\\\/blog\\\/gendarme-tue-a-mougins-lhumanite-deplore-un-mort-au-travail-et-fait-scandale\\\/\"},\"author\":{\"name\":\"Carlos Poulain\",\"@id\":\"https:\\\/\\\/www.accidentdutravail-idf.net\\\/blog\\\/#\\\/schema\\\/person\\\/3255d2f970de45e64bd9201f38e7b947\"},\"headline\":\"Gendarme tu\u00e9 \u00e0 Mougins : L\u2019Humanit\u00e9 d\u00e9plore \u00ab un mort au travail \u00bb et fait scandale\",\"datePublished\":\"2024-08-29T07:23:00+00:00\",\"mainEntityOfPage\":{\"@id\":\"https:\\\/\\\/www.accidentdutravail-idf.net\\\/blog\\\/gendarme-tue-a-mougins-lhumanite-deplore-un-mort-au-travail-et-fait-scandale\\\/\"},\"wordCount\":230,\"publisher\":{\"@id\":\"https:\\\/\\\/www.accidentdutravail-idf.net\\\/blog\\\/#organization\"},\"image\":{\"@id\":\"https:\\\/\\\/www.accidentdutravail-idf.net\\\/blog\\\/gendarme-tue-a-mougins-lhumanite-deplore-un-mort-au-travail-et-fait-scandale\\\/#primaryimage\"},\"thumbnailUrl\":\"https:\\\/\\\/www.valeursactuelles.com\\\/assets\\\/themes\\\/krea-theme\\\/images\\\/valeurs-actuelles-yellow.svg\",\"articleSection\":[\"S\u00e9curit\u00e9 Du Travail En Ile-De-France Et Divers:\"],\"inLanguage\":\"fr-FR\"},{\"@type\":\"WebPage\",\"@id\":\"https:\\\/\\\/www.accidentdutravail-idf.net\\\/blog\\\/gendarme-tue-a-mougins-lhumanite-deplore-un-mort-au-travail-et-fait-scandale\\\/\",\"url\":\"https:\\\/\\\/www.accidentdutravail-idf.net\\\/blog\\\/gendarme-tue-a-mougins-lhumanite-deplore-un-mort-au-travail-et-fait-scandale\\\/\",\"name\":\"Gendarme tu\u00e9 \u00e0 Mougins : L\u2019Humanit\u00e9 d\u00e9plore \u00ab un mort au travail \u00bb et fait scandale - ACCIDENTDUTRAVAIL-IDF\",\"isPartOf\":{\"@id\":\"https:\\\/\\\/www.accidentdutravail-idf.net\\\/blog\\\/#website\"},\"primaryImageOfPage\":{\"@id\":\"https:\\\/\\\/www.accidentdutravail-idf.net\\\/blog\\\/gendarme-tue-a-mougins-lhumanite-deplore-un-mort-au-travail-et-fait-scandale\\\/#primaryimage\"},\"image\":{\"@id\":\"https:\\\/\\\/www.accidentdutravail-idf.net\\\/blog\\\/gendarme-tue-a-mougins-lhumanite-deplore-un-mort-au-travail-et-fait-scandale\\\/#primaryimage\"},\"thumbnailUrl\":\"https:\\\/\\\/www.valeursactuelles.com\\\/assets\\\/themes\\\/krea-theme\\\/images\\\/valeurs-actuelles-yellow.svg\",\"datePublished\":\"2024-08-29T07:23:00+00:00\",\"description\":\"Gendarme tu\u00e9 \u00e0 Mougins : L\u2019Humanit\u00e9 d\u00e9plore \u00ab un mort au travail \u00bb et fait scandale article de ACCIDENTDUTRAVAIL-IDF\",\"breadcrumb\":{\"@id\":\"https:\\\/\\\/www.accidentdutravail-idf.net\\\/blog\\\/gendarme-tue-a-mougins-lhumanite-deplore-un-mort-au-travail-et-fait-scandale\\\/#breadcrumb\"},\"inLanguage\":\"fr-FR\",\"potentialAction\":[{\"@type\":\"ReadAction\",\"target\":[\"https:\\\/\\\/www.accidentdutravail-idf.net\\\/blog\\\/gendarme-tue-a-mougins-lhumanite-deplore-un-mort-au-travail-et-fait-scandale\\\/\"]}]},{\"@type\":\"ImageObject\",\"inLanguage\":\"fr-FR\",\"@id\":\"https:\\\/\\\/www.accidentdutravail-idf.net\\\/blog\\\/gendarme-tue-a-mougins-lhumanite-deplore-un-mort-au-travail-et-fait-scandale\\\/#primaryimage\",\"url\":\"https:\\\/\\\/www.valeursactuelles.com\\\/assets\\\/themes\\\/krea-theme\\\/images\\\/valeurs-actuelles-yellow.svg\",\"contentUrl\":\"https:\\\/\\\/www.valeursactuelles.com\\\/assets\\\/themes\\\/krea-theme\\\/images\\\/valeurs-actuelles-yellow.svg\"},{\"@type\":\"BreadcrumbList\",\"@id\":\"https:\\\/\\\/www.accidentdutravail-idf.net\\\/blog\\\/gendarme-tue-a-mougins-lhumanite-deplore-un-mort-au-travail-et-fait-scandale\\\/#breadcrumb\",\"itemListElement\":[{\"@type\":\"ListItem\",\"position\":1,\"name\":\"Accueil\",\"item\":\"https:\\\/\\\/www.accidentdutravail-idf.net\\\/blog\\\/\"},{\"@type\":\"ListItem\",\"position\":2,\"name\":\"Gendarme tu\u00e9 \u00e0 Mougins : L\u2019Humanit\u00e9 d\u00e9plore \u00ab un mort au travail \u00bb et fait scandale\"}]},{\"@type\":\"WebSite\",\"@id\":\"https:\\\/\\\/www.accidentdutravail-idf.net\\\/blog\\\/#website\",\"url\":\"https:\\\/\\\/www.accidentdutravail-idf.net\\\/blog\\\/\",\"name\":\"ACCIDENTDUTRAVAIL-IDF\",\"description\":\"Portail accidents du travail-maladies professionnelles des entreprises d&#039;Ile-de-France\",\"publisher\":{\"@id\":\"https:\\\/\\\/www.accidentdutravail-idf.net\\\/blog\\\/#organization\"},\"potentialAction\":[{\"@type\":\"SearchAction\",\"target\":{\"@type\":\"EntryPoint\",\"urlTemplate\":\"https:\\\/\\\/www.accidentdutravail-idf.net\\\/blog\\\/?s={search_term_string}\"},\"query-input\":{\"@type\":\"PropertyValueSpecification\",\"valueRequired\":true,\"valueName\":\"search_term_string\"}}],\"inLanguage\":\"fr-FR\"},{\"@type\":\"Organization\",\"@id\":\"https:\\\/\\\/www.accidentdutravail-idf.net\\\/blog\\\/#organization\",\"name\":\"accidentdutravail-idf\",\"url\":\"https:\\\/\\\/www.accidentdutravail-idf.net\\\/blog\\\/\",\"logo\":{\"@type\":\"ImageObject\",\"inLanguage\":\"fr-FR\",\"@id\":\"https:\\\/\\\/www.accidentdutravail-idf.net\\\/blog\\\/#\\\/schema\\\/logo\\\/image\\\/\",\"url\":\"https:\\\/\\\/www.accidentdutravail-idf.net\\\/blog\\\/wp-content\\\/uploads\\\/2022\\\/09\\\/logo-2.png\",\"contentUrl\":\"https:\\\/\\\/www.accidentdutravail-idf.net\\\/blog\\\/wp-content\\\/uploads\\\/2022\\\/09\\\/logo-2.png\",\"width\":380,\"height\":291,\"caption\":\"accidentdutravail-idf\"},\"image\":{\"@id\":\"https:\\\/\\\/www.accidentdutravail-idf.net\\\/blog\\\/#\\\/schema\\\/logo\\\/image\\\/\"}},{\"@type\":\"Person\",\"@id\":\"https:\\\/\\\/www.accidentdutravail-idf.net\\\/blog\\\/#\\\/schema\\\/person\\\/3255d2f970de45e64bd9201f38e7b947\",\"name\":\"Carlos Poulain\",\"image\":{\"@type\":\"ImageObject\",\"inLanguage\":\"fr-FR\",\"@id\":\"https:\\\/\\\/secure.gravatar.com\\\/avatar\\\/b1c2f9d3588e34e91adb093635df64ef4b2381991216be7576466cfcdca4baf3?s=96&d=mm&r=g\",\"url\":\"https:\\\/\\\/secure.gravatar.com\\\/avatar\\\/b1c2f9d3588e34e91adb093635df64ef4b2381991216be7576466cfcdca4baf3?s=96&d=mm&r=g\",\"contentUrl\":\"https:\\\/\\\/secure.gravatar.com\\\/avatar\\\/b1c2f9d3588e34e91adb093635df64ef4b2381991216be7576466cfcdca4baf3?s=96&d=mm&r=g\",\"caption\":\"Carlos Poulain\"},\"url\":\"https:\\\/\\\/www.accidentdutravail-idf.net\\\/blog\\\/author\\\/idfcarlos\\\/\"}]}<\/script>\n<!-- \/ Yoast SEO plugin. -->","yoast_head_json":{"title":"Gendarme tu\u00e9 \u00e0 Mougins : L\u2019Humanit\u00e9 d\u00e9plore \u00ab un mort au travail \u00bb et fait scandale - ACCIDENTDUTRAVAIL-IDF","description":"Gendarme tu\u00e9 \u00e0 Mougins : L\u2019Humanit\u00e9 d\u00e9plore \u00ab un mort au travail \u00bb et fait scandale article de ACCIDENTDUTRAVAIL-IDF","robots":{"index":"index","follow":"follow","max-snippet":"max-snippet:-1","max-image-preview":"max-image-preview:large","max-video-preview":"max-video-preview:-1"},"canonical":"https:\/\/www.accidentdutravail-idf.net\/blog\/gendarme-tue-a-mougins-lhumanite-deplore-un-mort-au-travail-et-fait-scandale\/","og_locale":"fr_FR","og_type":"article","og_title":"Gendarme tu\u00e9 \u00e0 Mougins : L\u2019Humanit\u00e9 d\u00e9plore \u00ab un mort au travail \u00bb et fait scandale - ACCIDENTDUTRAVAIL-IDF","og_description":"Gendarme tu\u00e9 \u00e0 Mougins : L\u2019Humanit\u00e9 d\u00e9plore \u00ab un mort au travail \u00bb et fait scandale article de ACCIDENTDUTRAVAIL-IDF","og_url":"https:\/\/www.accidentdutravail-idf.net\/blog\/gendarme-tue-a-mougins-lhumanite-deplore-un-mort-au-travail-et-fait-scandale\/","og_site_name":"ACCIDENTDUTRAVAIL-IDF","article_published_time":"2024-08-29T07:23:00+00:00","og_image":[{"url":"https:\/\/www.valeursactuelles.com\/assets\/themes\/krea-theme\/images\/valeurs-actuelles-yellow.svg","type":"","width":"","height":""}],"author":"Carlos Poulain","twitter_card":"summary_large_image","twitter_misc":{"\u00c9crit par":"Carlos Poulain","Dur\u00e9e de lecture estim\u00e9e":"1 minute"},"schema":{"@context":"https:\/\/schema.org","@graph":[{"@type":"Article","@id":"https:\/\/www.accidentdutravail-idf.net\/blog\/gendarme-tue-a-mougins-lhumanite-deplore-un-mort-au-travail-et-fait-scandale\/#article","isPartOf":{"@id":"https:\/\/www.accidentdutravail-idf.net\/blog\/gendarme-tue-a-mougins-lhumanite-deplore-un-mort-au-travail-et-fait-scandale\/"},"author":{"name":"Carlos Poulain","@id":"https:\/\/www.accidentdutravail-idf.net\/blog\/#\/schema\/person\/3255d2f970de45e64bd9201f38e7b947"},"headline":"Gendarme tu\u00e9 \u00e0 Mougins : L\u2019Humanit\u00e9 d\u00e9plore \u00ab un mort au travail \u00bb et fait scandale","datePublished":"2024-08-29T07:23:00+00:00","mainEntityOfPage":{"@id":"https:\/\/www.accidentdutravail-idf.net\/blog\/gendarme-tue-a-mougins-lhumanite-deplore-un-mort-au-travail-et-fait-scandale\/"},"wordCount":230,"publisher":{"@id":"https:\/\/www.accidentdutravail-idf.net\/blog\/#organization"},"image":{"@id":"https:\/\/www.accidentdutravail-idf.net\/blog\/gendarme-tue-a-mougins-lhumanite-deplore-un-mort-au-travail-et-fait-scandale\/#primaryimage"},"thumbnailUrl":"https:\/\/www.valeursactuelles.com\/assets\/themes\/krea-theme\/images\/valeurs-actuelles-yellow.svg","articleSection":["S\u00e9curit\u00e9 Du Travail En Ile-De-France Et Divers:"],"inLanguage":"fr-FR"},{"@type":"WebPage","@id":"https:\/\/www.accidentdutravail-idf.net\/blog\/gendarme-tue-a-mougins-lhumanite-deplore-un-mort-au-travail-et-fait-scandale\/","url":"https:\/\/www.accidentdutravail-idf.net\/blog\/gendarme-tue-a-mougins-lhumanite-deplore-un-mort-au-travail-et-fait-scandale\/","name":"Gendarme tu\u00e9 \u00e0 Mougins : L\u2019Humanit\u00e9 d\u00e9plore \u00ab un mort au travail \u00bb et fait scandale - ACCIDENTDUTRAVAIL-IDF","isPartOf":{"@id":"https:\/\/www.accidentdutravail-idf.net\/blog\/#website"},"primaryImageOfPage":{"@id":"https:\/\/www.accidentdutravail-idf.net\/blog\/gendarme-tue-a-mougins-lhumanite-deplore-un-mort-au-travail-et-fait-scandale\/#primaryimage"},"image":{"@id":"https:\/\/www.accidentdutravail-idf.net\/blog\/gendarme-tue-a-mougins-lhumanite-deplore-un-mort-au-travail-et-fait-scandale\/#primaryimage"},"thumbnailUrl":"https:\/\/www.valeursactuelles.com\/assets\/themes\/krea-theme\/images\/valeurs-actuelles-yellow.svg","datePublished":"2024-08-29T07:23:00+00:00","description":"Gendarme tu\u00e9 \u00e0 Mougins : L\u2019Humanit\u00e9 d\u00e9plore \u00ab un mort au travail \u00bb et fait scandale article de ACCIDENTDUTRAVAIL-IDF","breadcrumb":{"@id":"https:\/\/www.accidentdutravail-idf.net\/blog\/gendarme-tue-a-mougins-lhumanite-deplore-un-mort-au-travail-et-fait-scandale\/#breadcrumb"},"inLanguage":"fr-FR","potentialAction":[{"@type":"ReadAction","target":["https:\/\/www.accidentdutravail-idf.net\/blog\/gendarme-tue-a-mougins-lhumanite-deplore-un-mort-au-travail-et-fait-scandale\/"]}]},{"@type":"ImageObject","inLanguage":"fr-FR","@id":"https:\/\/www.accidentdutravail-idf.net\/blog\/gendarme-tue-a-mougins-lhumanite-deplore-un-mort-au-travail-et-fait-scandale\/#primaryimage","url":"https:\/\/www.valeursactuelles.com\/assets\/themes\/krea-theme\/images\/valeurs-actuelles-yellow.svg","contentUrl":"https:\/\/www.valeursactuelles.com\/assets\/themes\/krea-theme\/images\/valeurs-actuelles-yellow.svg"},{"@type":"BreadcrumbList","@id":"https:\/\/www.accidentdutravail-idf.net\/blog\/gendarme-tue-a-mougins-lhumanite-deplore-un-mort-au-travail-et-fait-scandale\/#breadcrumb","itemListElement":[{"@type":"ListItem","position":1,"name":"Accueil","item":"https:\/\/www.accidentdutravail-idf.net\/blog\/"},{"@type":"ListItem","position":2,"name":"Gendarme tu\u00e9 \u00e0 Mougins : L\u2019Humanit\u00e9 d\u00e9plore \u00ab un mort au travail \u00bb et fait scandale"}]},{"@type":"WebSite","@id":"https:\/\/www.accidentdutravail-idf.net\/blog\/#website","url":"https:\/\/www.accidentdutravail-idf.net\/blog\/","name":"ACCIDENTDUTRAVAIL-IDF","description":"Portail accidents du travail-maladies professionnelles des entreprises d&#039;Ile-de-France","publisher":{"@id":"https:\/\/www.accidentdutravail-idf.net\/blog\/#organization"},"potentialAction":[{"@type":"SearchAction","target":{"@type":"EntryPoint","urlTemplate":"https:\/\/www.accidentdutravail-idf.net\/blog\/?s={search_term_string}"},"query-input":{"@type":"PropertyValueSpecification","valueRequired":true,"valueName":"search_term_string"}}],"inLanguage":"fr-FR"},{"@type":"Organization","@id":"https:\/\/www.accidentdutravail-idf.net\/blog\/#organization","name":"accidentdutravail-idf","url":"https:\/\/www.accidentdutravail-idf.net\/blog\/","logo":{"@type":"ImageObject","inLanguage":"fr-FR","@id":"https:\/\/www.accidentdutravail-idf.net\/blog\/#\/schema\/logo\/image\/","url":"https:\/\/www.accidentdutravail-idf.net\/blog\/wp-content\/uploads\/2022\/09\/logo-2.png","contentUrl":"https:\/\/www.accidentdutravail-idf.net\/blog\/wp-content\/uploads\/2022\/09\/logo-2.png","width":380,"height":291,"caption":"accidentdutravail-idf"},"image":{"@id":"https:\/\/www.accidentdutravail-idf.net\/blog\/#\/schema\/logo\/image\/"}},{"@type":"Person","@id":"https:\/\/www.accidentdutravail-idf.net\/blog\/#\/schema\/person\/3255d2f970de45e64bd9201f38e7b947","name":"Carlos Poulain","image":{"@type":"ImageObject","inLanguage":"fr-FR","@id":"https:\/\/secure.gravatar.com\/avatar\/b1c2f9d3588e34e91adb093635df64ef4b2381991216be7576466cfcdca4baf3?s=96&d=mm&r=g","url":"https:\/\/secure.gravatar.com\/avatar\/b1c2f9d3588e34e91adb093635df64ef4b2381991216be7576466cfcdca4baf3?s=96&d=mm&r=g","contentUrl":"https:\/\/secure.gravatar.com\/avatar\/b1c2f9d3588e34e91adb093635df64ef4b2381991216be7576466cfcdca4baf3?s=96&d=mm&r=g","caption":"Carlos Poulain"},"url":"https:\/\/www.accidentdutravail-idf.net\/blog\/author\/idfcarlos\/"}]}},"_links":{"self":[{"href":"https:\/\/www.accidentdutravail-idf.net\/blog\/wp-json\/wp\/v2\/posts\/715","targetHints":{"allow":["GET"]}}],"collection":[{"href":"https:\/\/www.accidentdutravail-idf.net\/blog\/wp-json\/wp\/v2\/posts"}],"about":[{"href":"https:\/\/www.accidentdutravail-idf.net\/blog\/wp-json\/wp\/v2\/types\/post"}],"author":[{"embeddable":true,"href":"https:\/\/www.accidentdutravail-idf.net\/blog\/wp-json\/wp\/v2\/users\/2"}],"replies":[{"embeddable":true,"href":"https:\/\/www.accidentdutravail-idf.net\/blog\/wp-json\/wp\/v2\/comments?post=715"}],"version-history":[{"count":0,"href":"https:\/\/www.accidentdutravail-idf.net\/blog\/wp-json\/wp\/v2\/posts\/715\/revisions"}],"wp:attachment":[{"href":"https:\/\/www.accidentdutravail-idf.net\/blog\/wp-json\/wp\/v2\/media?parent=715"}],"wp:term":[{"taxonomy":"category","embeddable":true,"href":"https:\/\/www.accidentdutravail-idf.net\/blog\/wp-json\/wp\/v2\/categories?post=715"},{"taxonomy":"post_tag","embeddable":true,"href":"https:\/\/www.accidentdutravail-idf.net\/blog\/wp-json\/wp\/v2\/tags?post=715"}],"curies":[{"name":"wp","href":"https:\/\/api.w.org\/{rel}","templated":true}]}}